{"id":9625,"date":"2013-11-28T11:37:04","date_gmt":"2013-11-28T10:37:04","guid":{"rendered":"http:\/\/www.interflora.fr\/blog\/?p=9625"},"modified":"2013-11-28T11:37:04","modified_gmt":"2013-11-28T10:37:04","slug":"labeille-de-a-a-z","status":"publish","type":"post","link":"https:\/\/www.interflora.fr\/blog\/labeille-de-a-a-z\/","title":{"rendered":"Madame l\u2019abeille&#8230; de A \u00e0 Z !"},"content":{"rendered":"<p><strong>De la pollinisation \u00e0 la production de miel, la vie de l\u2019abeille s\u2019organise au sein de la ruche. Une colonie avec ses castes, \u00e0 l\u2019image de la soci\u00e9t\u00e9 des hommes. Les deux ont un destin commun, d\u00e9pendants de leur environnement. Si l\u2019abeille est pr\u00e9sente sur Terre depuis des dizaines de millions d\u2019ann\u00e9es, elle pourrait aujourd\u2019hui dispara\u00eetre en quelques d\u00e9cennies seulement. L\u2019homme \u00ab moderne \u00bb en porte l\u2019enti\u00e8re responsabilit\u00e9. Mais qu\u2019il ne se d\u00e9trompe pas, la disparition de l\u2019abeille pourrait bien l\u2019entra\u00eener inexorablement dans sa chute !<\/strong><\/p>\n<p><a href=\"\/\/www.interflora.fr\/blog\/wp-content\/uploads\/2013\/11\/11.jpg\"><img loading=\"lazy\" decoding=\"async\" src=\"\/\/www.interflora.fr\/blog\/wp-content\/uploads\/2013\/11\/11.jpg\" alt=\"Fonds Interflora\" title=\"Fonds Interflora\" width=\"854\" height=\"500\" class=\"alignnone size-full wp-image-9626\" \/><\/a><br \/>\n&nbsp;<br \/>\n<a href=\"\/\/www.interflora.fr\/blog\/wp-content\/uploads\/2013\/11\/21.jpg\"><img loading=\"lazy\" decoding=\"async\" src=\"\/\/www.interflora.fr\/blog\/wp-content\/uploads\/2013\/11\/21-300x222.jpg\" alt=\"Fonds Interflora\" title=\"Fonds Interflora\" width=\"300\" height=\"222\" class=\"alignright size-medium wp-image-9628\" \/><\/a><\/p>\n<h2>L&rsquo;abeille de A \u00e0 Z<\/h2>\n<p><strong>A comme Apiculture<\/strong><br \/>\nC\u2019est l&rsquo;\u00e9levage des abeilles domestiques dans des ruches, structures artificielles construites par les apiculteurs.<br \/>\n&nbsp;<br \/>\n<strong>B comme Bourdon<\/strong><br \/>\nComme l\u2019abeille, c\u2019est un insecte social et grand pollinisateur. Il ne pique que lorsqu\u2019il se sent menac\u00e9.<br \/>\n&nbsp;<br \/>\n<strong>C comme Colonie<\/strong><br \/>\nLes abeilles productrices de miel vivent en soci\u00e9t\u00e9. Chaque colonie se compose de trois castes : la reine, les m\u00e2les et les ouvri\u00e8res.<br \/>\n&nbsp;<br \/>\n<strong>D comme Dard<\/strong><br \/>\nInoffensive, l\u2019abeille l\u2019utilise seulement lorsqu\u2019elle est menac\u00e9e, \u00e0 la grande diff\u00e9rence des gu\u00eapes ou des frelons.<br \/>\n&nbsp;<br \/>\n<strong>E comme Essaim<\/strong><br \/>\nC\u2019est un regroupement d&rsquo;abeilles de la m\u00eame famille. Lorsque celui-ci devient trop important, il se divise en plusieurs colonies : l\u2019essaimage.<br \/>\n<a href=\"\/\/www.interflora.fr\/blog\/wp-content\/uploads\/2013\/11\/31.jpg\"><img loading=\"lazy\" decoding=\"async\" src=\"\/\/www.interflora.fr\/blog\/wp-content\/uploads\/2013\/11\/31-200x300.jpg\" alt=\"Fonds Interflora\" title=\"Fonds Interflora\" width=\"200\" height=\"300\" class=\"alignleft size-medium wp-image-9635\" \/><\/a><br \/>\n<strong>F comme Faux-bourdons<\/strong><br \/>\nCe sont les m\u00e2les de la colonie. Ils assurent la f\u00e9condation des futures reines mais meurent apr\u00e8s l&rsquo;accouplement.<br \/>\n&nbsp;<br \/>\n<strong>G comme Gel\u00e9e royale<\/strong><br \/>\nOn consid\u00e8re cette substance blanch\u00e2tre comme le produit de luxe de la ruche. Difficile \u00e0 extraire, elle poss\u00e8de des vertus nutritionnelles et m\u00e9dicinales pour l\u2019homme.<br \/>\n&nbsp;<br \/>\n<strong>H comme Histoire<\/strong><br \/>\nL\u2019abeille est aujourd\u2019hui menac\u00e9e par le comportement humain alors que les scientifiques estiment qu\u2019elle est pr\u00e9sente sur Terre depuis au moins 60 millions d\u2019ann\u00e9es.<br \/>\n&nbsp;<br \/>\n<strong>I comme Intoxication<\/strong><br \/>\nC\u2019est la premi\u00e8re cause de mortalit\u00e9 des abeilles en France. On l\u2019attribue \u00e0 l\u2019utilisation intempestive d\u2019engrais et autres substances phytosanitaires dans l\u2019agriculture intensive.<br \/>\n&nbsp;<br \/>\n<strong>J comme Jardin<\/strong><br \/>\nFace \u00e0 la menace qui p\u00e8se sur les abeilles, de nombreuses entreprises et particuliers fran\u00e7ais font aujourd\u2019hui installer des ruches sur les toits des immeubles ou dans leurs jardins priv\u00e9s.<br \/>\n&nbsp;<br \/>\n<strong>L comme Look<\/strong><br \/>\nLa combinaison de s\u00e9curit\u00e9 port\u00e9e par l\u2019apiculteur est g\u00e9n\u00e9ralement int\u00e9grale, avec des gants et une coiffe grillag\u00e9e, de couleur claire pour \u00e9viter d\u2019exciter les abeilles.<br \/>\n&nbsp;<br \/>\n<strong>M comme Miel<\/strong><br \/>\nLes abeilles le produisent \u00e0 partir de nectar ou de miellat et le stocke dans la ruche. Les Fran\u00e7ais en consomment environ 40 000 tonnes par an.<br \/>\n<a href=\"\/\/www.interflora.fr\/blog\/wp-content\/uploads\/2013\/11\/41.jpg\"><img loading=\"lazy\" decoding=\"async\" src=\"\/\/www.interflora.fr\/blog\/wp-content\/uploads\/2013\/11\/41-199x300.jpg\" alt=\"Fonds Interflora\" title=\"Fonds Interflora\" width=\"199\" height=\"300\" class=\"alignright size-medium wp-image-9641\" \/><\/a><br \/>\n<strong>N comme Nectar<\/strong><br \/>\nSecr\u00e9t\u00e9 par les plantes mellif\u00e8res, les abeilles en raffolent ! Mati\u00e8re premi\u00e8re du miel, il est aussi \u00e0 la base de la pollinisation.<br \/>\n&nbsp;<br \/>\n<strong>O comme Ouvri\u00e8res<\/strong><br \/>\nCe sont les nombreuses femelles st\u00e9riles qui assurent le bon fonctionnement de la colonie. Elles ne vivent que quelques semaines, voire quelques mois.<br \/>\n&nbsp;<br \/>\n<strong>P comme Pollinisation<\/strong><br \/>\nL\u2019abeille assure le transport du pollen, \u00e9l\u00e9ment f\u00e9condateur m\u00e2le d\u2019une fleur, vers le pistil femelle d\u2019une autre fleur.<br \/>\n&nbsp;<br \/>\n<strong>Q comme Qualit\u00e9<\/strong><br \/>\nLes abeilles ont besoin d\u2019une excellente biodiversit\u00e9 pour produire un miel de qualit\u00e9. C\u2019est pourquoi l\u2019utilisation de pesticides est nuisible et les ruchers souvent d\u00e9plac\u00e9s.<br \/>\n&nbsp;<br \/>\n<strong>R Comme Reine<\/strong><br \/>\nElle est la seule femelle fertile de la colonie et peut vivre jusqu\u2019\u00e0 quatre ans.<br \/>\n&nbsp;<br \/>\n<strong>S comme Saisons<\/strong><br \/>\nLes abeilles sont plus productives du printemps jusqu\u2019au milieu de l\u2019\u00e9t\u00e9, ainsi qu\u2019au d\u00e9but de l\u2019automne. L\u2019hiver, elles restent au chaud dans la ruche et consomment le miel.<br \/>\n<a href=\"\/\/www.interflora.fr\/blog\/wp-content\/uploads\/2013\/11\/5.jpg\"><img loading=\"lazy\" decoding=\"async\" src=\"\/\/www.interflora.fr\/blog\/wp-content\/uploads\/2013\/11\/5-200x300.jpg\" alt=\"Fonds Interflora\" title=\"Fonds Interflora\" width=\"200\" height=\"300\" class=\"alignleft size-medium wp-image-9642\" \/><\/a><br \/>\n<strong>T comme Tueur<\/strong><br \/>\nImport\u00e9 de Chine dans les ann\u00e9es 2000, le frelon asiatique est un v\u00e9ritable tueur d\u2019abeilles, qu\u2019il d\u00e9cime par colonies enti\u00e8res.<br \/>\n&nbsp;<br \/>\n<strong>U comme Utile<\/strong><br \/>\nDe la sous-alimentation \u00e0 des perturbations environnementales, la disparition de l\u2019abeille aurait de graves cons\u00e9quences \u00e9conomiques, sociales et \u00e9cologiques pour l\u2019homme.<br \/>\n&nbsp;<br \/>\n<strong>V comme Varroa<\/strong><br \/>\nVenu d\u2019Asie, cet acarien parasite provoque d\u2019importants d\u00e9g\u00e2ts dans les ruchers fran\u00e7ais et europ\u00e9ens depuis les ann\u00e9es 1980.<br \/>\n&nbsp;<br \/>\n<strong>X comme XXIe si\u00e8cle<\/strong><br \/>\nLe syndrome d&rsquo;effondrement des colonies d&rsquo;abeilles s\u2019est gravement acc\u00e9l\u00e9r\u00e9 au d\u00e9but du si\u00e8cle et provoque aujourd\u2019hui des inqui\u00e9tudes au niveau mondial.<br \/>\n&nbsp;<br \/>\n<strong>Y comme Yeux<\/strong><br \/>\nL\u2019abeille n\u2019en a rien que cinq : deux gros de chaque c\u00f4t\u00e9 de la t\u00eate et trois petits sur le sommet du cr\u00e2ne ! Ce qui ne l\u2019emp\u00eache pas d\u2019\u00eatre perdue dans l\u2019obscurit\u00e9\u2026<br \/>\n&nbsp;<br \/>\n<strong>Z comme Zen<\/strong><br \/>\nC\u2019est l\u2019un des pouvoirs conf\u00e9r\u00e9s au miel par l\u2019apith\u00e9rapie, parmi de nombreuses autres vertus b\u00e9n\u00e9fiques pour le corps humain.<br \/>\n&nbsp;<br \/>\n<a href=\"\/\/www.interflora.fr\/blog\/wp-content\/uploads\/2013\/11\/6.jpg\"><img loading=\"lazy\" decoding=\"async\" src=\"\/\/www.interflora.fr\/blog\/wp-content\/uploads\/2013\/11\/6.jpg\" alt=\"Fonds Interflora\" title=\"Fonds Interflora\" width=\"767\" height=\"455\" class=\"alignnone size-full wp-image-9643\" \/><\/a><\/p>\n","protected":false},"excerpt":{"rendered":"<p>De la pollinisation \u00e0 la production de miel, la vie de l\u2019abeille s\u2019organise au sein de la ruche. Une colonie [&hellip;]<\/p>\n","protected":false},"author":1,"featured_media":9628,"comment_status":"open","ping_status":"closed","sticky":false,"template":"","format":"standard","meta":{"_uag_custom_page_level_css":"","site-sidebar-layout":"default","site-content-layout":"","ast-site-content-layout":"default","site-content-style":"default","site-sidebar-style":"default","ast-global-header-display":"","ast-banner-title-visibility":"","ast-main-header-display":"","ast-hfb-above-header-display":"","ast-hfb-below-header-display":"","ast-hfb-mobile-header-display":"","site-post-title":"","ast-breadcrumbs-content":"","ast-featured-img":"","footer-sml-layout":"","ast-disable-related-posts":"","theme-transparent-header-meta":"","adv-header-id-meta":"","stick-header-meta":"","header-above-stick-meta":"","header-main-stick-meta":"","header-below-stick-meta":"","astra-migrate-meta-layouts":"default","ast-page-background-enabled":"default","ast-page-background-meta":{"desktop":{"background-color":"var(--ast-global-color-5)","background-image":"","background-repeat":"repeat","background-position":"center center","background-size":"auto","background-attachment":"scroll","background-type":"","background-media":"","overlay-type":"","overlay-color":"","overlay-opacity":"","overlay-gradient":""},"tablet":{"background-color":"","background-image":"","background-repeat":"repeat","background-position":"center center","background-size":"auto","background-attachment":"scroll","background-type":"","background-media":"","overlay-type":"","overlay-color":"","overlay-opacity":"","overlay-gradient":""},"mobile":{"background-color":"","background-image":"","background-repeat":"repeat","background-position":"center center","background-size":"auto","background-attachment":"scroll","background-type":"","background-media":"","overlay-type":"","overlay-color":"","overlay-opacity":"","overlay-gradient":""}},"ast-content-background-meta":{"desktop":{"background-color":"var(--ast-global-color-4)","background-image":"","background-repeat":"repeat","background-position":"center center","background-size":"auto","background-attachment":"scroll","background-type":"","background-media":"","overlay-type":"","overlay-color":"","overlay-opacity":"","overlay-gradient":""},"tablet":{"background-color":"var(--ast-global-color-4)","background-image":"","background-repeat":"repeat","background-position":"center center","background-size":"auto","background-attachment":"scroll","background-type":"","background-media":"","overlay-type":"","overlay-color":"","overlay-opacity":"","overlay-gradient":""},"mobile":{"background-color":"var(--ast-global-color-4)","background-image":"","background-repeat":"repeat","background-position":"center center","background-size":"auto","background-attachment":"scroll","background-type":"","background-media":"","overlay-type":"","overlay-color":"","overlay-opacity":"","overlay-gradient":""}},"footnotes":""},"categories":[209],"tags":[210],"class_list":["post-9625","post","type-post","status-publish","format-standard","has-post-thumbnail","hentry","category-insectes-jardin","tag-ruche"],"uagb_featured_image_src":{"full":false,"thumbnail":false,"medium":false,"medium_large":false,"large":false,"1536x1536":false,"2048x2048":false},"uagb_author_info":{"display_name":"admin","author_link":"https:\/\/www.interflora.fr\/blog\/author\/admin\/"},"uagb_comment_info":0,"uagb_excerpt":"De la pollinisation \u00e0 la production de miel, la vie de l\u2019abeille s\u2019organise au sein de la ruche. Une colonie [&hellip;]","yoast_meta":{"title":"","description":"De la pollinisation \u00e0 la production de miel, l\u2019abeille s\u2019organise au sein de la ruche. Une colonie avec ses castes, \u00e0 l\u2019image de la soci\u00e9t\u00e9 des hommes."},"_links":{"self":[{"href":"https:\/\/www.interflora.fr\/blog\/wp-json\/wp\/v2\/posts\/9625","targetHints":{"allow":["GET"]}}],"collection":[{"href":"https:\/\/www.interflora.fr\/blog\/wp-json\/wp\/v2\/posts"}],"about":[{"href":"https:\/\/www.interflora.fr\/blog\/wp-json\/wp\/v2\/types\/post"}],"author":[{"embeddable":true,"href":"https:\/\/www.interflora.fr\/blog\/wp-json\/wp\/v2\/users\/1"}],"replies":[{"embeddable":true,"href":"https:\/\/www.interflora.fr\/blog\/wp-json\/wp\/v2\/comments?post=9625"}],"version-history":[{"count":0,"href":"https:\/\/www.interflora.fr\/blog\/wp-json\/wp\/v2\/posts\/9625\/revisions"}],"wp:featuredmedia":[{"embeddable":true,"href":"https:\/\/www.interflora.fr\/blog\/wp-json\/"}],"wp:attachment":[{"href":"https:\/\/www.interflora.fr\/blog\/wp-json\/wp\/v2\/media?parent=9625"}],"wp:term":[{"taxonomy":"category","embeddable":true,"href":"https:\/\/www.interflora.fr\/blog\/wp-json\/wp\/v2\/categories?post=9625"},{"taxonomy":"post_tag","embeddable":true,"href":"https:\/\/www.interflora.fr\/blog\/wp-json\/wp\/v2\/tags?post=9625"}],"curies":[{"name":"wp","href":"https:\/\/api.w.org\/{rel}","templated":true}]}}