{"id":8299,"date":"2015-06-28T16:54:05","date_gmt":"2015-06-28T14:54:05","guid":{"rendered":"http:\/\/www.interflora.fr\/blog\/?p=8299"},"modified":"2026-04-03T16:39:34","modified_gmt":"2026-04-03T14:39:34","slug":"les-jardins-du-manoir-deyrignac","status":"publish","type":"post","link":"https:\/\/www.interflora.fr\/blog\/les-jardins-du-manoir-deyrignac\/","title":{"rendered":"Les Jardins du Manoir d&rsquo;Eyrignac"},"content":{"rendered":"<p><strong>D\u00e9couvrez <a title=\"Site Les Jardins du Manoir d'Eyrignac\" href=\"http:\/\/www.eyrignac.com\/\">les Jardins du Manoir d\u2019Eyrignac<\/a>, nich\u00e9s au c\u0153ur du P\u00e9rigord Noir en Dordogne, pr\u00e8s de Sarlat. Sept jardins labellis\u00e9s \u00ab Jardin Remarquable \u00bb vous attendent pour une balade h\u00e9t\u00e9roclite o\u00f9 se succ\u00e8dent art topiaire, jardins \u00e0 la fran\u00e7aise et promenades bucoliques. La grande richesse du domaine ? Ses sept sources. C\u2019est pourquoi \u00e0 l\u2019occasion de l\u2019ann\u00e9e Le N\u00f4tre, un nouveau jardin a fait son apparition autour du th\u00e8me de l\u2019eau : le Jardin des Sources. Une sortie florale id\u00e9ale pour les beaux jours d&rsquo;\u00e9t\u00e9 !<\/strong><\/p>\n<figure id=\"attachment_8339\" aria-describedby=\"caption-attachment-8339\" style=\"width: 700px\" class=\"wp-caption alignnone\"><img loading=\"lazy\" decoding=\"async\" class=\"size-full wp-image-8339\" title=\"jardins-eyrignac-olivier-anger\" src=\"\/\/www.interflora.fr\/blog\/wp-content\/uploads\/2013\/06\/jardins-eyrignac-olivier-anger.jpg\" alt=\"\" width=\"700\" height=\"448\" \/><figcaption id=\"caption-attachment-8339\" class=\"wp-caption-text\">Les Jardins du Manoir d&rsquo;Eyrignac en Dordogne (\u00a9 Olivier Anger)<\/figcaption><\/figure>\n<h2>Eyrignac : un riche pass\u00e9<\/h2>\n<p><strong>Eyrignac, c&rsquo;est avant tout une histoire de famille<\/strong> : transmis en h\u00e9ritage, le site a vu se succ\u00e9der pas moins de 22 g\u00e9n\u00e9rations depuis la construction du premier \u00ab castel \u00bb ! Le magnifique Manoir d\u2019Artaban, b\u00e2ti un si\u00e8cle plus t\u00f4t, prend place au c\u0153ur des jardins. <strong>Antoine de Costes de la Calpren\u00e8de (1605-1689)<\/strong>, \u00e9difia le manoir en 1653 sur les ruines de l\u2019ancien ch\u00e2teau. Cet homme illustre fut conseiller au Pr\u00e9sidial de Sarlat, nomm\u00e9 Premier Consul et d\u00e9fenseur de la ville lors des assauts qui oppos\u00e8rent les troupes du Grand Cond\u00e9 au pouvoir royal. Son cousin<strong> Gauthier<\/strong> (1610-1663) s&rsquo;illustra quant \u00e0 lui en tant qu&rsquo;\u00e9crivain. Il est notamment connu pour \u00eatre \u00e0 l\u2019origine de l\u2019expression <strong>\u00ab Fier comme Artaban \u00bb<\/strong>, faisant r\u00e9f\u00e9rence au personnage central de son roman <em>Cl\u00e9op\u00e2tre<\/em>, &#8211; Artaban &#8211; c\u00e9l\u00e8bre pour son arrogance\u00a0!<\/p>\n<p>C&rsquo;est en 1960 que <strong>Gilles Sermadiras<\/strong> d\u00e9cida de r\u00e9habiliter les jardins du domaine, \u00e0 l&rsquo;image de ce qu&rsquo;ils \u00e9taient au XVIIIe si\u00e8cle. <strong>Son fils Patrick<\/strong>, l&rsquo;actuel propri\u00e9taire, h\u00e9rita des lieux en 1974 et d\u00e9cida notamment d&rsquo;ouvrir le site au public. Il s&rsquo;attela \u00e0 poursuivre avec respect l&rsquo;oeuvre de son <a title=\"F\u00eate des p\u00e8res : nos id\u00e9es cadeaux\" href=\"https:\/\/www.interflora.fr\/guide-savoir-fete-des-peres\">p\u00e8re<\/a> pour que ces jardins comptent parmi les plus beaux de France, tout en pr\u00e9servant le travail \u00e0 l&rsquo;ancienne.<\/p>\n<figure id=\"attachment_8364\" aria-describedby=\"caption-attachment-8364\" style=\"width: 300px\" class=\"wp-caption alignright\"><img loading=\"lazy\" decoding=\"async\" class=\"size-full wp-image-8364\" style=\"margin-top: 70px;\" title=\"sculptures-vegetales-eric-sander\" src=\"\/\/www.interflora.fr\/blog\/wp-content\/uploads\/2013\/06\/sculptures-vegetales-eric-sander.jpg\" alt=\"\" width=\"300\" height=\"267\" \/><figcaption id=\"caption-attachment-8364\" class=\"wp-caption-text\">Sculptures v\u00e9g\u00e9tales (\u00a9 Eric Sander)<\/figcaption><\/figure>\n<h2>Sept jardins, sept sources<\/h2>\n<p><strong>L\u2019eau est le fil conducteur de la balade au c\u0153ur des sept jardins : le domaine compte en effet sept sources pr\u00e9cieuses.<\/strong> Une partie int\u00e9grante du lieu, au point qu&rsquo;il en tire m\u00eame son nom : en occitan, <em>eyrignac<\/em> signifie \u00ab l\u00e0 o\u00f9 l\u2019eau coule \u00bb.<\/p>\n<h3>Les sculptures v\u00e9g\u00e9tales<\/h3>\n<p>D\u00e9couvrez une <strong>collection unique d\u2019art topiaire<\/strong> r\u00e9alis\u00e9e dans le pur respect du travail manuel \u00e0 l\u2019ancienne. D\u00e8s l\u2019entr\u00e9e des jardins, l\u2019imposante <strong>All\u00e9e des Charmes<\/strong> impressionne par l\u2019agencement parfait des charmes et des ifs, travaill\u00e9s \u00e0 la cisaille \u00e0 la main, au cordeau, fil \u00e0 plomb et gabarit. Les sculptures v\u00e9g\u00e9tales se succ\u00e8dent ensuite dans <strong>l\u2019All\u00e9e des Vases<\/strong> puis dans <strong>la Chambre de Verdure<\/strong> influenc\u00e9e par le romantisme italien, o\u00f9 la nature s\u2019offre aux yeux du visiteur au travers de fen\u00eatre cisel\u00e9es dans les charmes.<\/p>\n<h3>La Pagode chinoise et le bois de buis<\/h3>\n<p>Changement d\u2019atmosph\u00e8re : entour\u00e9e de <strong>buis centenaires<\/strong>, ombrag\u00e9e par de <strong>v\u00e9n\u00e9rables ch\u00eanes<\/strong>, la Pagode chinoise invite \u00e0 la m\u00e9ditation et au repos. La lumi\u00e8re diffuse et tamis\u00e9e baigne ce lieu intimiste, o\u00f9 les visiteurs trouveront la <strong>fra\u00eecheur<\/strong> et la <strong>tranquillit\u00e9<\/strong> lors des belles journ\u00e9es estivales.<\/p>\n<figure id=\"attachment_8375\" aria-describedby=\"caption-attachment-8375\" style=\"width: 300px\" class=\"wp-caption alignleft\"><img loading=\"lazy\" decoding=\"async\" class=\"size-full wp-image-8375\" style=\"margin-top: 30px;\" title=\"le-miroir-eric-sander\" src=\"\/\/www.interflora.fr\/blog\/wp-content\/uploads\/2013\/06\/le-miroir-eric-sander.jpg\" alt=\"\" width=\"300\" height=\"200\" \/><figcaption id=\"caption-attachment-8375\" class=\"wp-caption-text\">Le Miroir (\u00a9 Eric SANDER)<\/figcaption><\/figure>\n<h3>Le Manoir d\u2019Artaban, le Miroir et les Portes en if<\/h3>\n<p>Datant du <strong>XVIIe si\u00e8cle<\/strong>, cette charmante b\u00e2tisse de pierres blondes typiques du P\u00e9rigord Noir est le c\u0153ur m\u00eame du domaine d\u2019Eyrignac. De part et d\u2019autre, on peut admirer le grandiose <strong>Pigeonnier<\/strong>, <a title=\"Offrir des roses : couleur, nombre, symbole\" href=\"https:\/\/www.interflora.fr\/langage-des-fleurs-le-guide\">symbole<\/a> de la richesse du seigneur, et la <strong>chapelle romane<\/strong>, o\u00f9 ont \u00e9t\u00e9 baptis\u00e9s tous les membres de la famille. Entre eux prend place l\u2019une des sept fameuses sources du domaine. L\u2019architecture de la demeure t\u00e9moigne d\u2019une p\u00e9riode plus calme et civilis\u00e9e au terme de la Fronde des Princes, o\u00f9 les d\u00e9fenses visibles deviennent alors inutiles. Depuis la cour couleur sable, on profite d\u2019un magnifique point de vue sur les jardins alentours.<\/p>\n<figure id=\"attachment_8366\" aria-describedby=\"caption-attachment-8366\" style=\"width: 300px\" class=\"wp-caption alignright\"><img loading=\"lazy\" decoding=\"async\" class=\"size-full wp-image-8366\" style=\"margin-top: 40px;\" title=\"jardin-fleuriste-eyrignac\" src=\"\/\/www.interflora.fr\/blog\/wp-content\/uploads\/2013\/06\/jardin-fleuriste-eyrignac.jpg\" alt=\"\" width=\"300\" height=\"225\" \/><figcaption id=\"caption-attachment-8366\" class=\"wp-caption-text\">Le Jardin fleuriste.<\/figcaption><\/figure>\n<h3>Le Jardin fran\u00e7ais<\/h3>\n<p>Situ\u00e9 face au Manoir, il \u00e9tonne par sa <strong>g\u00e9om\u00e9trie impeccable<\/strong> faite de buis, \u00e9gay\u00e9s par des touches fleuries de jaune, de blanc et de bleu p\u00e2le. Une perspective parfaite avec en point de fuite des ifs pyramidaux, des cypr\u00e8s et des murs de charmes, qui offre une vue majestueuse depuis l\u2019entr\u00e9e du Manoir.<\/p>\n<h3>Le Jardin potager et le Jardin fleuriste<\/h3>\n<p>Davantage ouvert sur les environs, ces deux r\u00e9cents jardins champ\u00eatres apportent une dimension <strong>po\u00e9tique<\/strong> \u00e0 l\u2019ensemble du domaine. S\u00e9par\u00e9s entre eux par une all\u00e9e de c\u00e8dres pleureurs, ils refl\u00e8tent la personnalit\u00e9 de Capucine Sermadiras, propri\u00e9taire des lieux, qui souhaitait <strong>faire entrer le jardin dans la maison<\/strong> avec un joli bouquet de <a title=\"Les plus belles fleurs de l\u2019amour\" href=\"https:\/\/www.interflora.fr\/\">fleurs<\/a> ou un panier de l\u00e9gumes du <a title=\"Les jardins \u00e0 la fran\u00e7aise de Villandry\" href=\"https:\/\/www.interflora.fr\/c\/compositions-florales\">jardin<\/a>.<\/p>\n<div class=\"clear\"><\/div>\n<figure id=\"attachment_8372\" aria-describedby=\"caption-attachment-8372\" style=\"width: 300px\" class=\"wp-caption alignleft\"><img loading=\"lazy\" decoding=\"async\" class=\"size-full wp-image-8372\" style=\"margin-top: 30px;\" title=\"jardin-blanc-JB-LEROUX\" src=\"\/\/www.interflora.fr\/blog\/wp-content\/uploads\/2013\/06\/jardin-blanc-JB-LEROUX.jpg\" alt=\"\" width=\"300\" height=\"199\" \/><figcaption id=\"caption-attachment-8372\" class=\"wp-caption-text\">Le Jardin blanc (\u00a9 JB LEROUX).<\/figcaption><\/figure>\n<h3>Le Jardin des Sources et les Pr\u00e9s fleuris<\/h3>\n<p>Ambiance bucolique avec le Jardin des Sources, nouveaut\u00e9 2013. Une invitation au calme, guid\u00e9e par trois sources du domaine. La balade se poursuit par un <strong>festival de couleurs et d\u2019arbres fruitiers<\/strong>, o\u00f9 l\u2019on peut apercevoir lapins et \u00e9cureuils. Un retour \u00e0 la nature, avec un magnifique point de vue sur les collines environnantes.<\/p>\n<h3>Le Jardin blanc<\/h3>\n<p>Place aux <a title=\"Les fleurs de la tendresse\" href=\"https:\/\/www.interflora.fr\/blog\/signification-rose-blanche\/\">fleurs<\/a> avec le Jardin Blanc ! Vous d\u00e9couvrirez ici une splendide collection de <strong>roses blanches<\/strong> et d\u2019<strong>annuelles<\/strong> mises en valeur par des parterres de buis et un fabuleux jeu de fontaines. Un jardin tout en l\u00e9g\u00e8ret\u00e9 et en finesse.<\/p>\n<div class=\"clear\"><\/div>\n<p><img loading=\"lazy\" decoding=\"async\" class=\"alignright size-full wp-image-8387\" style=\"margin-top: 80px;\" title=\"pique-niques-blancs-eyrignac\" src=\"\/\/www.interflora.fr\/blog\/wp-content\/uploads\/2013\/06\/pique-niques-blancs-eyrignac.jpg\" alt=\"\" width=\"300\" height=\"201\" \/><\/p>\n<h2>Les animations de l&rsquo;\u00e9t\u00e9<\/h2>\n<h3>Les Pique-niques blancs<\/h3>\n<p><em>Tous les lundis soir du 15 juillet au 19 ao\u00fbt \u2013 De 19h jusqu\u2019\u00e0 la tomb\u00e9e de la nuit<\/em><br \/>\nVenez en famille, en amoureux ou entre amis pour les pique-niques blancs ! Le principe ? Chaque lundi soir, habill\u00e9 de blanc, venez d\u00e9guster votre repas dans les jardins d\u2019Eyrignac et profiter de splendides couchers de soleil estivaux. Nouveau cette ann\u00e9e : un DJ vous fera danser jusqu&rsquo;\u00e0 la tomb\u00e9e de la nuit sur des airs lounge, des standards fran\u00e7ais et \u00e9trangers&#8230; (Possibilit\u00e9 d\u2019apporter son propre pique-nique ou de l\u2019acheter sur place.)<\/p>\n<h3>Concert Ferenc Vizi &amp; l&rsquo;ensemble Cifra<\/h3>\n<p><em>Mercredi 7 ao\u00fbt \u00e0 21h<\/em><br \/>\nVenez vivre un moment privil\u00e9gi\u00e9 dans la cour du Manoir d&rsquo;Eyrignac en assistant au concert de Ferenc Vizi. D\u00e9couvrez toutes les richesses de la musique tzigane et son influence sur l&rsquo;oeuvre de Liszt&#8230;<br \/>\nRenseignements et r\u00e9servations : 05 53 51 61 61<\/p>\n<div class=\"encadre\">\n<div>\n<h2>Informations pratique<\/h2>\n<p><a title=\"Site Les Jardins du Manoir d'Eyrignac\" href=\"http:\/\/www.eyrignac.com\/\">Les Jardins du Manoir d&rsquo;Eyrignac<\/a><br \/>\n24590 Salignac-Eyvigues<br \/>\nOuverts tous les jours de l&rsquo;ann\u00e9e.<br \/>\nTarifs : Adulte : 12\u20ac \/ Enfant (de 5 \u00e0 12 ans) : 6\u20ac \/ Adolescent (de 13 \u00e0 18 ans) : 8,50\u20ac (Gratuit pour les moins de 5 ans).<\/p>\n<\/div>\n<\/div>\n","protected":false},"excerpt":{"rendered":"<p>D\u00e9couvrez  les Jardins du Manoir d\u2019Eyrignac, nich\u00e9s au c\u0153ur du P\u00e9rigord Noir en Dordogne. Sept jardins vous attendent pour une balade h\u00e9t\u00e9roclite&#8230;<\/p>\n","protected":false},"author":1,"featured_media":17069,"comment_status":"open","ping_status":"closed","sticky":false,"template":"","format":"standard","meta":{"_uag_custom_page_level_css":"","site-sidebar-layout":"default","site-content-layout":"","ast-site-content-layout":"default","site-content-style":"default","site-sidebar-style":"default","ast-global-header-display":"","ast-banner-title-visibility":"","ast-main-header-display":"","ast-hfb-above-header-display":"","ast-hfb-below-header-display":"","ast-hfb-mobile-header-display":"","site-post-title":"","ast-breadcrumbs-content":"","ast-featured-img":"","footer-sml-layout":"","ast-disable-related-posts":"","theme-transparent-header-meta":"","adv-header-id-meta":"","stick-header-meta":"","header-above-stick-meta":"","header-main-stick-meta":"","header-below-stick-meta":"","astra-migrate-meta-layouts":"default","ast-page-background-enabled":"default","ast-page-background-meta":{"desktop":{"background-color":"var(--ast-global-color-5)","background-image":"","background-repeat":"repeat","background-position":"center center","background-size":"auto","background-attachment":"scroll","background-type":"","background-media":"","overlay-type":"","overlay-color":"","overlay-opacity":"","overlay-gradient":""},"tablet":{"background-color":"","background-image":"","background-repeat":"repeat","background-position":"center center","background-size":"auto","background-attachment":"scroll","background-type":"","background-media":"","overlay-type":"","overlay-color":"","overlay-opacity":"","overlay-gradient":""},"mobile":{"background-color":"","background-image":"","background-repeat":"repeat","background-position":"center center","background-size":"auto","background-attachment":"scroll","background-type":"","background-media":"","overlay-type":"","overlay-color":"","overlay-opacity":"","overlay-gradient":""}},"ast-content-background-meta":{"desktop":{"background-color":"var(--ast-global-color-4)","background-image":"","background-repeat":"repeat","background-position":"center center","background-size":"auto","background-attachment":"scroll","background-type":"","background-media":"","overlay-type":"","overlay-color":"","overlay-opacity":"","overlay-gradient":""},"tablet":{"background-color":"var(--ast-global-color-4)","background-image":"","background-repeat":"repeat","background-position":"center center","background-size":"auto","background-attachment":"scroll","background-type":"","background-media":"","overlay-type":"","overlay-color":"","overlay-opacity":"","overlay-gradient":""},"mobile":{"background-color":"var(--ast-global-color-4)","background-image":"","background-repeat":"repeat","background-position":"center center","background-size":"auto","background-attachment":"scroll","background-type":"","background-media":"","overlay-type":"","overlay-color":"","overlay-opacity":"","overlay-gradient":""}},"footnotes":""},"categories":[194],"tags":[195],"class_list":["post-8299","post","type-post","status-publish","format-standard","has-post-thumbnail","hentry","category-fleurs-et-culture","tag-histoire"],"uagb_featured_image_src":{"full":false,"thumbnail":false,"medium":false,"medium_large":false,"large":false,"1536x1536":false,"2048x2048":false},"uagb_author_info":{"display_name":"admin","author_link":"https:\/\/www.interflora.fr\/blog\/author\/admin\/"},"uagb_comment_info":2,"uagb_excerpt":"D\u00e9couvrez les Jardins du Manoir d\u2019Eyrignac, nich\u00e9s au c\u0153ur du P\u00e9rigord Noir en Dordogne. Sept jardins vous attendent pour une balade h\u00e9t\u00e9roclite...","yoast_meta":{"title":"","description":"D\u00e9couvrez les Jardins du Manoir d\u2019Eyrignac, nich\u00e9s au c\u0153ur du P\u00e9rigord Noir en Dordogne, pr\u00e8s de Sarlat. Sept jardins labellis\u00e9s \u00ab Jardin Remarquable \u00bb."},"_links":{"self":[{"href":"https:\/\/www.interflora.fr\/blog\/wp-json\/wp\/v2\/posts\/8299","targetHints":{"allow":["GET"]}}],"collection":[{"href":"https:\/\/www.interflora.fr\/blog\/wp-json\/wp\/v2\/posts"}],"about":[{"href":"https:\/\/www.interflora.fr\/blog\/wp-json\/wp\/v2\/types\/post"}],"author":[{"embeddable":true,"href":"https:\/\/www.interflora.fr\/blog\/wp-json\/wp\/v2\/users\/1"}],"replies":[{"embeddable":true,"href":"https:\/\/www.interflora.fr\/blog\/wp-json\/wp\/v2\/comments?post=8299"}],"version-history":[{"count":3,"href":"https:\/\/www.interflora.fr\/blog\/wp-json\/wp\/v2\/posts\/8299\/revisions"}],"predecessor-version":[{"id":58627,"href":"https:\/\/www.interflora.fr\/blog\/wp-json\/wp\/v2\/posts\/8299\/revisions\/58627"}],"wp:featuredmedia":[{"embeddable":true,"href":"https:\/\/www.interflora.fr\/blog\/wp-json\/"}],"wp:attachment":[{"href":"https:\/\/www.interflora.fr\/blog\/wp-json\/wp\/v2\/media?parent=8299"}],"wp:term":[{"taxonomy":"category","embeddable":true,"href":"https:\/\/www.interflora.fr\/blog\/wp-json\/wp\/v2\/categories?post=8299"},{"taxonomy":"post_tag","embeddable":true,"href":"https:\/\/www.interflora.fr\/blog\/wp-json\/wp\/v2\/tags?post=8299"}],"curies":[{"name":"wp","href":"https:\/\/api.w.org\/{rel}","templated":true}]}}