{"id":68,"date":"2015-06-25T10:19:33","date_gmt":"2015-06-25T08:19:33","guid":{"rendered":"http:\/\/www.interflora.fr\/blog\/?p=68"},"modified":"2026-02-25T10:23:46","modified_gmt":"2026-02-25T09:23:46","slug":"offrir-des-fleurs-aux-maries","status":"publish","type":"post","link":"https:\/\/www.interflora.fr\/blog\/offrir-des-fleurs-aux-maries\/","title":{"rendered":"L&rsquo;art floral s&rsquo;invite au mariage"},"content":{"rendered":"<p><strong>Traditionnellement associ\u00e9e aux grands \u00e9v\u00e9nements de la vie, la fleur est un \u00e9l\u00e9ment essentiel des <a title=\"La d\u00e9coration florale de votre mariage\" href=\"https:\/\/www.interflora.fr\/blog\/decoration-fleurie-salle-de-mariage\/\">c\u00e9r\u00e9monies de mariage<\/a>. Sensibles aux us comme aux coutumes, les compositions florales ont \u00e9volu\u00e9 au fil des \u00e9poques. Tel un bijou ou un parfum, c\u2019est un accessoire de mode sans cesse r\u00e9invent\u00e9 entre les mains expertes des artisans les plus prim\u00e9s du pays.<\/strong><\/p>\n<p><img loading=\"lazy\" decoding=\"async\" class=\"alignleft size-medium wp-image-1807\" title=\"mariage\" src=\"\/\/www.interflora.fr\/blog\/wp-content\/uploads\/2012\/03\/mariage-2-206x300.jpg\" alt=\"mariage\" width=\"186\" height=\"280\" \/><br \/>\nC\u2019est le cas d\u2019Isabelle Minini, fleuriste r\u00e9put\u00e9e de Dijon, Meilleur Ouvrier de France et membre du Groupe d\u2019Art Floral Interflora.<br \/>\n<em>\u00ab Un mariage sans fleur, c\u2019est triste. Sans v\u00e9g\u00e9tal, il manque une \u00e2me aux v\u0153ux exprim\u00e9s \u00bb<\/em>, d\u00e9clare-t-elle. Etroitement li\u00e9es \u00e0 l\u2019affect mais aussi \u00e0 l\u2019environnement, les fleurs sont en accord avec notre temps, se d\u00e9clinant sous des formes et des couleurs qui participent aux \u00e9motions des jeunes mari\u00e9s et de leurs invit\u00e9s, en ce jour unique. Un accessoire indispensable qui se veut raffin\u00e9 et surtout naturel !<br \/>\n<em>\u00ab Les gens se laissent influencer par les revues, les listes d\u00e9pos\u00e9es en magasin, l\u2019aspect mat\u00e9riel. La recherche de l\u2019originalit\u00e9 et du grandiose conna\u00eet une perte de vitesse, alors qu\u2019aujourd\u2019hui tout se fait ! On sort du traditionnel blanc et vert pour apporter plus de couleurs, tout en restant dans le domaine romantique avec des bouquets vaporeux et des fleurs de jardin \u00bb<\/em>, explique Isabelle Minini.<br \/>\nAvant de choisir votre composition, il est donc utile de vous rapprocher de votre artisan fleuriste afin de d\u00e9couvrir les derni\u00e8res tendances en la mati\u00e8re. <em>\u00ab Dans une f\u00eate ou une c\u00e9r\u00e9monie, nous offrons de la vie, de la beaut\u00e9, de l\u2019imagination \u00bb<\/em>, ajoute cette artiste de la d\u00e9coration florale, <em>\u00ab\u00a0notre m\u00e9tier est celui de l\u2019\u00e9motion \u00bb ! <\/em><\/p>\n<div class=\"encadre\">\n<div><img loading=\"lazy\" decoding=\"async\" class=\"alignright size-medium wp-image-1808\" title=\"mariage\" src=\"\/\/www.interflora.fr\/blog\/wp-content\/uploads\/2012\/03\/mariage-3-300x228.jpg\" alt=\"mariage\" width=\"300\" height=\"228\" \/><\/p>\n<h2>Le jour \u00ab J \u00bb<\/h2>\n<p>Respectant vos go\u00fbts propres, votre composition florale se voudra en accord avec la personnalit\u00e9 des jeunes mari\u00e9s et le th\u00e8me qu\u2019ils ont retenu pour le jour \u00ab J \u00bb. Ce dernier, cependant, n\u2019est pas toujours le plus appropri\u00e9 pour envisager votre livraison. <em>\u00ab Le jour J, j\u2019ai vu trop souvent des <a title=\"Fleurs d\u2019amour : dites-le avec le c\u0153ur !\" href=\"https:\/\/www.interflora.fr\/c\/bouquet-de-fleurs\">fleurs<\/a> mises en tas les unes aux c\u00f4t\u00e9s des autres \u00bb<\/em>, raconte Isabelle Minini, qui rappelle que l\u00e0 encore, les options sont aussi originales que nombreuses :<\/p>\n<ul>\n<li>Pr\u00e9voir une livraison un ou deux jours avant, chez les mari\u00e9s ou chez leurs parents, avec un bouquet appropri\u00e9, pour une meilleure conservation.<\/li>\n<li>Participer \u00e0 la d\u00e9coration florale de la c\u00e9r\u00e9monie (mairie, \u00e9glise, v\u00e9hicule) ou du lieu de r\u00e9ception (restaurant, salle, jardin).<\/li>\n<li>Faire livrer des fleurs sur les lieux du voyage de noce (croisi\u00e8re, h\u00f4tel).<\/li>\n<li>Cr\u00e9er la surprise avec un bouquet livr\u00e9 au retour de la lune de miel.<\/li>\n<li>Offrir un abonnement floral sur une courte p\u00e9riode apr\u00e8s le mariage.<\/li>\n<\/ul>\n<\/div>\n<\/div>\n<div class=\"encadre\">\n<div style=\"padding-bottom: 15px;\"><img loading=\"lazy\" decoding=\"async\" class=\"alignright size-medium wp-image-1805\" style=\"margin-top: 10px;\" title=\"Isabelle Minini\" src=\"\/\/www.interflora.fr\/blog\/wp-content\/uploads\/2012\/03\/minini1-230x300.jpg\" alt=\"Isabelle Minini\" width=\"180\" height=\"250\" \/><\/p>\n<h2>Des fleurs et des m\u00e9dailles<\/h2>\n<p>Isabelle Minini voue une passion pour les fleurs depuis son enfance et s\u2019oriente donc tr\u00e8s rapidement vers une carri\u00e8re de fleuriste.<br \/>\nAlors qu\u2019elle entreprend de rejoindre la capitale, ses parents l\u2019aident \u00e0 trouver un petit magasin \u00e0 Fontaine-l\u00e8s-Dijon ou elle apprend, seule, la duret\u00e9 de ce travail. Au cours des stages de perfectionnement, elle rencontre les ma\u00eetres en <a title=\"Art Floral\" href=\"https:\/\/www.interflora.fr\/c\/compositions-florales\">art floral<\/a> de l\u2019\u00e9poque. C\u2019est le d\u00e9but d\u2019une longue s\u00e9rie de concours nationaux et de comp\u00e9titions internationales qui se solde, au milieu des ann\u00e9es 90, par de prestigieuses r\u00e9compenses, dont la m\u00e9daille de Meilleur Ouvrier de France.<br \/>\nAujourd\u2019hui, Isabelle Minini est l\u2019une des femmes les plus titr\u00e9es dans cette discipline. Membre du prestigieux Groupe d\u2019Art Floral Interflora, elle poss\u00e8de deux boutiques tr\u00e8s fr\u00e9quent\u00e9es au c\u0153ur de la ville de Dijon.<\/p>\n<\/div>\n<\/div>\n<p><em>-&gt; D\u00e9couvrir la collection de <a href=\"https:\/\/www.interflora.fr\/c\/fleurs-mariage?utm_source=texte&amp;utm_medium=magdeflora&amp;utm_campaign=offrir-fleurs-aux-maries\" target=\"_blank\" rel=\"noopener\">bouquets Mariage Interflora<\/a>.<\/em><\/p>\n","protected":false},"excerpt":{"rendered":"<p>Traditionnellement associ\u00e9e aux grands \u00e9v\u00e9nements de la vie, la fleur est un \u00e9l\u00e9ment essentiel des c\u00e9r\u00e9monies de mariage. Sensibles aux us&#8230;<\/p>\n","protected":false},"author":1,"featured_media":35890,"comment_status":"open","ping_status":"closed","sticky":false,"template":"","format":"standard","meta":{"_uag_custom_page_level_css":"","site-sidebar-layout":"default","site-content-layout":"","ast-site-content-layout":"default","site-content-style":"default","site-sidebar-style":"default","ast-global-header-display":"","ast-banner-title-visibility":"","ast-main-header-display":"","ast-hfb-above-header-display":"","ast-hfb-below-header-display":"","ast-hfb-mobile-header-display":"","site-post-title":"","ast-breadcrumbs-content":"","ast-featured-img":"","footer-sml-layout":"","ast-disable-related-posts":"","theme-transparent-header-meta":"","adv-header-id-meta":"","stick-header-meta":"","header-above-stick-meta":"","header-main-stick-meta":"","header-below-stick-meta":"","astra-migrate-meta-layouts":"default","ast-page-background-enabled":"default","ast-page-background-meta":{"desktop":{"background-color":"var(--ast-global-color-5)","background-image":"","background-repeat":"repeat","background-position":"center center","background-size":"auto","background-attachment":"scroll","background-type":"","background-media":"","overlay-type":"","overlay-color":"","overlay-opacity":"","overlay-gradient":""},"tablet":{"background-color":"","background-image":"","background-repeat":"repeat","background-position":"center center","background-size":"auto","background-attachment":"scroll","background-type":"","background-media":"","overlay-type":"","overlay-color":"","overlay-opacity":"","overlay-gradient":""},"mobile":{"background-color":"","background-image":"","background-repeat":"repeat","background-position":"center center","background-size":"auto","background-attachment":"scroll","background-type":"","background-media":"","overlay-type":"","overlay-color":"","overlay-opacity":"","overlay-gradient":""}},"ast-content-background-meta":{"desktop":{"background-color":"var(--ast-global-color-4)","background-image":"","background-repeat":"repeat","background-position":"center center","background-size":"auto","background-attachment":"scroll","background-type":"","background-media":"","overlay-type":"","overlay-color":"","overlay-opacity":"","overlay-gradient":""},"tablet":{"background-color":"var(--ast-global-color-4)","background-image":"","background-repeat":"repeat","background-position":"center center","background-size":"auto","background-attachment":"scroll","background-type":"","background-media":"","overlay-type":"","overlay-color":"","overlay-opacity":"","overlay-gradient":""},"mobile":{"background-color":"var(--ast-global-color-4)","background-image":"","background-repeat":"repeat","background-position":"center center","background-size":"auto","background-attachment":"scroll","background-type":"","background-media":"","overlay-type":"","overlay-color":"","overlay-opacity":"","overlay-gradient":""}},"footnotes":""},"categories":[231],"tags":[232],"class_list":["post-68","post","type-post","status-publish","format-standard","has-post-thumbnail","hentry","category-mariage","tag-mariage"],"uagb_featured_image_src":{"full":false,"thumbnail":false,"medium":false,"medium_large":false,"large":false,"1536x1536":false,"2048x2048":false},"uagb_author_info":{"display_name":"admin","author_link":"https:\/\/www.interflora.fr\/blog\/author\/admin\/"},"uagb_comment_info":4,"uagb_excerpt":"Traditionnellement associ\u00e9e aux grands \u00e9v\u00e9nements de la vie, la fleur est un \u00e9l\u00e9ment essentiel des c\u00e9r\u00e9monies de mariage. Sensibles aux us...","yoast_meta":{"title":"","description":"Traditionnellement associ\u00e9e aux grands \u00e9v\u00e9nements de la vie, la fleur est un \u00e9l\u00e9ment essentiel des c\u00e9r\u00e9monies de mariage."},"_links":{"self":[{"href":"https:\/\/www.interflora.fr\/blog\/wp-json\/wp\/v2\/posts\/68","targetHints":{"allow":["GET"]}}],"collection":[{"href":"https:\/\/www.interflora.fr\/blog\/wp-json\/wp\/v2\/posts"}],"about":[{"href":"https:\/\/www.interflora.fr\/blog\/wp-json\/wp\/v2\/types\/post"}],"author":[{"embeddable":true,"href":"https:\/\/www.interflora.fr\/blog\/wp-json\/wp\/v2\/users\/1"}],"replies":[{"embeddable":true,"href":"https:\/\/www.interflora.fr\/blog\/wp-json\/wp\/v2\/comments?post=68"}],"version-history":[{"count":2,"href":"https:\/\/www.interflora.fr\/blog\/wp-json\/wp\/v2\/posts\/68\/revisions"}],"predecessor-version":[{"id":58078,"href":"https:\/\/www.interflora.fr\/blog\/wp-json\/wp\/v2\/posts\/68\/revisions\/58078"}],"wp:featuredmedia":[{"embeddable":true,"href":"https:\/\/www.interflora.fr\/blog\/wp-json\/"}],"wp:attachment":[{"href":"https:\/\/www.interflora.fr\/blog\/wp-json\/wp\/v2\/media?parent=68"}],"wp:term":[{"taxonomy":"category","embeddable":true,"href":"https:\/\/www.interflora.fr\/blog\/wp-json\/wp\/v2\/categories?post=68"},{"taxonomy":"post_tag","embeddable":true,"href":"https:\/\/www.interflora.fr\/blog\/wp-json\/wp\/v2\/tags?post=68"}],"curies":[{"name":"wp","href":"https:\/\/api.w.org\/{rel}","templated":true}]}}