{"id":58848,"date":"2026-04-28T15:59:42","date_gmt":"2026-04-28T13:59:42","guid":{"rendered":"https:\/\/www.interflora.fr\/blog\/?p=58848"},"modified":"2026-04-28T11:45:32","modified_gmt":"2026-04-28T09:45:32","slug":"roses-fete-des-meres","status":"publish","type":"post","link":"https:\/\/www.interflora.fr\/blog\/roses-fete-des-meres\/","title":{"rendered":"Offrir des roses pour la f\u00eate des m\u00e8res : couleur, nombre et message"},"content":{"rendered":"\n<p>Pour la <strong>f\u00eate des M\u00e8res, les roses<\/strong> ont la c\u00f4te&nbsp;! Et elles m\u00e9ritent bien leur place sur le podium des fleurs les plus offertes aux mamans. <strong>Offrir des roses \u00e0 la f\u00eate des M\u00e8res<\/strong>, c\u2019est choisir un langage universel, capable d\u2019exprimer en un geste tout ce que les mots peinent parfois \u00e0 dire. Remercier, honorer\u2026 la reine des fleurs a bien des messages subtils \u00e0 faire passer \u00e0 condition de bien la choisir. Quelle couleur de <strong>rose pour la f\u00eate des M\u00e8res<\/strong>&nbsp;? Combien de fleurs dans le bouquet&nbsp;? Autant de questions essentielles pour cr\u00e9er une attention sur mesure, \u00e0 l\u2019image de celle qui la recevra.<\/p>\n\n\n<div class=\"lp-produits-grid\"><div class=\"lp-produit\"><div class=\"lp-thumbnail-wrapper\"><img loading=\"lazy\" decoding=\"async\" width=\"300\" height=\"300\" src=\"https:\/\/www.interflora.fr\/blog\/wp-content\/uploads\/2025\/05\/1AFO-800Wx800H-0-1-25-300x300.jpg\" class=\"attachment-medium size-medium wp-post-image\" alt=\"\" srcset=\"https:\/\/www.interflora.fr\/blog\/wp-content\/uploads\/2025\/05\/1AFO-800Wx800H-0-1-25-300x300.jpg 300w, https:\/\/www.interflora.fr\/blog\/wp-content\/uploads\/2025\/05\/1AFO-800Wx800H-0-1-25-150x150.jpg 150w, https:\/\/www.interflora.fr\/blog\/wp-content\/uploads\/2025\/05\/1AFO-800Wx800H-0-1-25-768x768.jpg 768w, https:\/\/www.interflora.fr\/blog\/wp-content\/uploads\/2025\/05\/1AFO-800Wx800H-0-1-25.jpg 800w\" sizes=\"auto, (max-width: 300px) 100vw, 300px\" \/><img decoding=\"async\" class=\"lp-badge\" src=\"https:\/\/www.interflora.fr\/blog\/wp-content\/uploads\/2025\/06\/logo-circle.png\" alt=\"Livraison rapide Interflora\"><\/div><span>Grandes roses sur-mesure<\/span><p>59.95 \u20ac<\/p><span class=\"obf-link lp-cta\" role=\"link\" tabindex=\"0\" data-b64=\"aHR0cHM6Ly93d3cuaW50ZXJmbG9yYS5mci9wL3Jvc2VzLWEtbGEtZm9saWUvNi9GUj91dG1fbWVkaXVtPW9yZ2FuaWMmdXRtX3NvdXJjZT1ibG9nX3Byb2R1Y3RzJnV0bV9jYW1wYWlnbj0xQUZP\" data-target=\"_blank\"><svg xmlns=\"http:\/\/www.w3.org\/2000\/svg\" width=\"16\" height=\"16\" fill=\"currentColor\" class=\"bi bi-bag\" viewBox=\"0 0 16 16\"><path d=\"M8 1a2 2 0 0 1 2 2v1h2.5A1.5 1.5 0 0 1 14 5.5v8A1.5 1.5 0 0 1 12.5 15h-9A1.5 1.5 0 0 1 2 13.5v-8A1.5 1.5 0 0 1 3.5 3H6V2a2 2 0 0 1 2-1zm1 3V3a1 1 0 0 0-2 0v1h2z\"\/><\/svg>Voir le produit<\/span><p class=\"rapido\">Fleurs fra\u00eeches<\/p><\/div><div class=\"lp-produit\"><div class=\"lp-thumbnail-wrapper\"><img loading=\"lazy\" decoding=\"async\" width=\"300\" height=\"300\" src=\"https:\/\/www.interflora.fr\/blog\/wp-content\/uploads\/2026\/04\/3RER-800Wx800H-0-1-300x300.jpg\" class=\"attachment-medium size-medium wp-post-image\" alt=\"\" srcset=\"https:\/\/www.interflora.fr\/blog\/wp-content\/uploads\/2026\/04\/3RER-800Wx800H-0-1-300x300.jpg 300w, https:\/\/www.interflora.fr\/blog\/wp-content\/uploads\/2026\/04\/3RER-800Wx800H-0-1-150x150.jpg 150w, https:\/\/www.interflora.fr\/blog\/wp-content\/uploads\/2026\/04\/3RER-800Wx800H-0-1-768x768.jpg 768w, https:\/\/www.interflora.fr\/blog\/wp-content\/uploads\/2026\/04\/3RER-800Wx800H-0-1.jpg 800w\" sizes=\"auto, (max-width: 300px) 100vw, 300px\" \/><img decoding=\"async\" class=\"lp-badge\" src=\"https:\/\/www.interflora.fr\/blog\/wp-content\/uploads\/2025\/06\/logo-circle.png\" alt=\"Livraison rapide Interflora\"><\/div><span>Composition rose \u00e9ternelle rouge<\/span><p>36.95 \u20ac<\/p><span class=\"obf-link lp-cta\" role=\"link\" tabindex=\"0\" data-b64=\"aHR0cHM6Ly93d3cuaW50ZXJmbG9yYS5mci9wL2NvbXBvc2l0aW9uLXJvc2UtZXRlcm5lbGxlLXJvdWdlLzAvRlI\/dXRtX21lZGl1bT1vcmdhbmljJnV0bV9zb3VyY2U9YmxvZ19wcm9kdWN0cyZ1dG1fY2FtcGFpZ249M1JFUg==\" data-target=\"_blank\"><svg xmlns=\"http:\/\/www.w3.org\/2000\/svg\" width=\"16\" height=\"16\" fill=\"currentColor\" class=\"bi bi-bag\" viewBox=\"0 0 16 16\"><path d=\"M8 1a2 2 0 0 1 2 2v1h2.5A1.5 1.5 0 0 1 14 5.5v8A1.5 1.5 0 0 1 12.5 15h-9A1.5 1.5 0 0 1 2 13.5v-8A1.5 1.5 0 0 1 3.5 3H6V2a2 2 0 0 1 2-1zm1 3V3a1 1 0 0 0-2 0v1h2z\"\/><\/svg>Voir le produit<\/span><p class=\"rapido\">Livraison rapide<\/p><\/div><div class=\"lp-produit\"><div class=\"lp-thumbnail-wrapper\"><img loading=\"lazy\" decoding=\"async\" width=\"300\" height=\"300\" src=\"https:\/\/www.interflora.fr\/blog\/wp-content\/uploads\/2025\/05\/3ER-800Wx800H-0-1-25-300x300.jpg\" class=\"attachment-medium size-medium wp-post-image\" alt=\"\" srcset=\"https:\/\/www.interflora.fr\/blog\/wp-content\/uploads\/2025\/05\/3ER-800Wx800H-0-1-25-300x300.jpg 300w, https:\/\/www.interflora.fr\/blog\/wp-content\/uploads\/2025\/05\/3ER-800Wx800H-0-1-25-150x150.jpg 150w, https:\/\/www.interflora.fr\/blog\/wp-content\/uploads\/2025\/05\/3ER-800Wx800H-0-1-25-768x768.jpg 768w, https:\/\/www.interflora.fr\/blog\/wp-content\/uploads\/2025\/05\/3ER-800Wx800H-0-1-25.jpg 800w\" sizes=\"auto, (max-width: 300px) 100vw, 300px\" \/><img decoding=\"async\" class=\"lp-badge\" src=\"https:\/\/www.interflora.fr\/blog\/wp-content\/uploads\/2025\/06\/logo-circle.png\" alt=\"Livraison rapide Interflora\"><\/div><span>Ecrin de roses<\/span><p>42.95 \u20ac<\/p><span class=\"obf-link lp-cta\" role=\"link\" tabindex=\"0\" data-b64=\"aHR0cHM6Ly93d3cuaW50ZXJmbG9yYS5mci9wL2VjcmluLWRlLXJvc2VzLzEvRlI\/dXRtX21lZGl1bT1vcmdhbmljJnV0bV9zb3VyY2U9YmxvZ19wcm9kdWN0cyZ1dG1fY2FtcGFpZ249M0VS\" data-target=\"_blank\"><svg xmlns=\"http:\/\/www.w3.org\/2000\/svg\" width=\"16\" height=\"16\" fill=\"currentColor\" class=\"bi bi-bag\" viewBox=\"0 0 16 16\"><path d=\"M8 1a2 2 0 0 1 2 2v1h2.5A1.5 1.5 0 0 1 14 5.5v8A1.5 1.5 0 0 1 12.5 15h-9A1.5 1.5 0 0 1 2 13.5v-8A1.5 1.5 0 0 1 3.5 3H6V2a2 2 0 0 1 2-1zm1 3V3a1 1 0 0 0-2 0v1h2z\"\/><\/svg>Voir le produit<\/span><p class=\"rapido\">Top produit<\/p><\/div><div class=\"lp-produit\"><div class=\"lp-thumbnail-wrapper\"><img loading=\"lazy\" decoding=\"async\" width=\"300\" height=\"300\" src=\"https:\/\/www.interflora.fr\/blog\/wp-content\/uploads\/2026\/02\/BEP25LGR-800Wx800H-0-1-300x300.jpg\" class=\"attachment-medium size-medium wp-post-image\" alt=\"\" srcset=\"https:\/\/www.interflora.fr\/blog\/wp-content\/uploads\/2026\/02\/BEP25LGR-800Wx800H-0-1-300x300.jpg 300w, https:\/\/www.interflora.fr\/blog\/wp-content\/uploads\/2026\/02\/BEP25LGR-800Wx800H-0-1-150x150.jpg 150w, https:\/\/www.interflora.fr\/blog\/wp-content\/uploads\/2026\/02\/BEP25LGR-800Wx800H-0-1-768x768.jpg 768w, https:\/\/www.interflora.fr\/blog\/wp-content\/uploads\/2026\/02\/BEP25LGR-800Wx800H-0-1.jpg 800w\" sizes=\"auto, (max-width: 300px) 100vw, 300px\" \/><img decoding=\"async\" class=\"lp-badge\" src=\"https:\/\/www.interflora.fr\/blog\/wp-content\/uploads\/2025\/06\/logo-circle.png\" alt=\"Livraison rapide Interflora\"><\/div><span>Roses signature LEGO\u00ae<\/span><p>87.95 \u20ac<\/p><span class=\"obf-link lp-cta\" role=\"link\" tabindex=\"0\" data-b64=\"aHR0cHM6Ly93d3cuaW50ZXJmbG9yYS5mci9wL3Jvc2VzLXNpZ25hdHVyZS1sZWdvLzEvRlI\/dXRtX21lZGl1bT1vcmdhbmljJnV0bV9zb3VyY2U9YmxvZ19wcm9kdWN0cyZ1dG1fY2FtcGFpZ249QkVQMjVMR1I=\" data-target=\"_blank\"><svg xmlns=\"http:\/\/www.w3.org\/2000\/svg\" width=\"16\" height=\"16\" fill=\"currentColor\" class=\"bi bi-bag\" viewBox=\"0 0 16 16\"><path d=\"M8 1a2 2 0 0 1 2 2v1h2.5A1.5 1.5 0 0 1 14 5.5v8A1.5 1.5 0 0 1 12.5 15h-9A1.5 1.5 0 0 1 2 13.5v-8A1.5 1.5 0 0 1 3.5 3H6V2a2 2 0 0 1 2-1zm1 3V3a1 1 0 0 0-2 0v1h2z\"\/><\/svg>Voir le produit<\/span><p class=\"rapido\">Fleurs fra\u00eeches<\/p><\/div><\/div>\n\n\n\n<h2 class=\"wp-block-heading\">Pourquoi offrir une rose pour la f\u00eate des M\u00e8res\u200b&nbsp;?<\/h2>\n\n\n\n<p>Parmi toutes les fleurs, la rose s\u2019impose comme une \u00e9vidence pour c\u00e9l\u00e9brer le jour de celle qui nous a donn\u00e9 la vie. Intemporelle, \u00e9l\u00e9gante et profond\u00e9ment symbolique, la reine des fleurs traverse les ann\u00e9es sans jamais perdre de son attrait.<\/p>\n\n\n\n<p>Bien s\u00fbr, ce n\u2019est pas la seule <a href=\"https:\/\/www.interflora.fr\/blog\/symboles-de-l-amour-maternel\/\">fleur symbolisant les mamans<\/a>, mais elle a ce petit suppl\u00e9ment d\u2019\u00e2me sp\u00e9cial qui touche instantan\u00e9ment le c\u0153ur.<\/p>\n\n\n\n<p>Pour une maman, <strong>les roses symbolisent l\u2019amour pur<\/strong>&nbsp;: celui de ses enfants, mais aussi de son conjoint&nbsp;:<\/p>\n\n\n\n<ul class=\"wp-block-list\">\n<li>Offertes par son enfant, elles semblent murmurer \u00e0 son oreille&nbsp;: \u00ab&nbsp;Merci d\u2019\u00eatre toi&nbsp;\u00bb. Elles c\u00e9l\u00e8brent les souvenirs partag\u00e9s et honorent ce lien unique si pr\u00e9cieux.<\/li>\n\n\n\n<li>Offert par son conjoint, un bouquet de roses est le t\u00e9moignage d\u2019une admiration envers celle qui a \u00e9lev\u00e9 ses enfants, la preuve d\u2019un amour sinc\u00e8re, rempli de gratitude.<\/li>\n<\/ul>\n\n\n\n<p>Bien s\u00fbr, il existe \u00e9galement d&rsquo;<a href=\"https:\/\/www.interflora.fr\/c\/fleurs-fete-des-meres\">autres fleurs pour f\u00eater les mamans<\/a>, que ce soit pour accompagner les roses dans un bouquet de fleurs vari\u00e9s ou pour se substituer \u00e0 la traditionnelle rose.<\/p>\n\n\n\n<h2 class=\"wp-block-heading\">De quelle couleur doivent \u00eatre les roses pour la f\u00eate des M\u00e8res&nbsp;?<\/h2>\n\n\n\n<p>La rose ne se pare pas que d&rsquo;une seule couleur&nbsp;; elle nous offre diverses teintes, toutes plus belles les unes que les autres. Voici les <strong>diff\u00e9rentes couleurs de roses pour la f\u00eate des M\u00e8res<\/strong> en fonction du message que vous souhaitez transmettre.<\/p>\n\n\n\n<h3 class=\"wp-block-heading\">Roses<\/h3>\n\n\n\n<div class=\"wp-block-columns are-vertically-aligned-center is-layout-flex wp-container-core-columns-is-layout-28f84493 wp-block-columns-is-layout-flex\">\n<div class=\"wp-block-column is-vertically-aligned-center is-layout-flow wp-block-column-is-layout-flow\" style=\"flex-basis:33.33%\">\n<figure class=\"wp-block-image size-full\"><img loading=\"lazy\" decoding=\"async\" width=\"400\" height=\"400\" src=\"https:\/\/www.interflora.fr\/blog\/wp-content\/uploads\/2026\/04\/rose-associee-fete-meres.jpg\" alt=\"Roses roses\" class=\"wp-image-58844\" srcset=\"https:\/\/www.interflora.fr\/blog\/wp-content\/uploads\/2026\/04\/rose-associee-fete-meres.jpg 400w, https:\/\/www.interflora.fr\/blog\/wp-content\/uploads\/2026\/04\/rose-associee-fete-meres-300x300.jpg 300w, https:\/\/www.interflora.fr\/blog\/wp-content\/uploads\/2026\/04\/rose-associee-fete-meres-150x150.jpg 150w\" sizes=\"auto, (max-width: 400px) 100vw, 400px\" \/><\/figure>\n<\/div>\n\n\n\n<div class=\"wp-block-column is-vertically-aligned-center is-layout-flow wp-block-column-is-layout-flow\" style=\"flex-basis:66.66%\">\n<p><strong>Le choix le plus classique pour une maman<\/strong>&nbsp;: la rose rose. \u00c9voquant la tendresse, la gratitude et l\u2019affection sinc\u00e8re, un bouquet de roses roses saura exprimer tout l\u2019amour que vous lui portez sans m\u00eame prononcer un mot.<\/p>\n\n\n\n<p>Si apr\u00e8s avoir lu nos conseils, vous ne savez toujours pas quelle rose choisir pour la f\u00eate des M\u00e8res, optez pour un bouquet de roses roses&nbsp;: en faisant ce choix, vous ne pouvez pas vous tromper&nbsp;!<\/p>\n<\/div>\n<\/div>\n\n\n\n<h3 class=\"wp-block-heading\">Blanches<\/h3>\n\n\n\n<div class=\"wp-block-columns are-vertically-aligned-center is-layout-flex wp-container-core-columns-is-layout-28f84493 wp-block-columns-is-layout-flex\">\n<div class=\"wp-block-column is-vertically-aligned-center is-layout-flow wp-block-column-is-layout-flow\" style=\"flex-basis:66.66%\">\n<p>En choisissant des roses blanches, vous faites passer un message d\u2019amour pur, inconditionnel, tout en \u00e9l\u00e9gance. La rose blanche convient particuli\u00e8rement aux <strong>mamans discr\u00e8tes, douces et raffin\u00e9es<\/strong>.<\/p>\n<\/div>\n\n\n\n<div class=\"wp-block-column is-vertically-aligned-center is-layout-flow wp-block-column-is-layout-flow\" style=\"flex-basis:33.33%\">\n<figure class=\"wp-block-image size-full\"><img loading=\"lazy\" decoding=\"async\" width=\"400\" height=\"400\" src=\"https:\/\/www.interflora.fr\/blog\/wp-content\/uploads\/2026\/04\/quelle-couleur-rose-fete-meres.jpg\" alt=\"Bouquet de roses blanches\" class=\"wp-image-58843\" srcset=\"https:\/\/www.interflora.fr\/blog\/wp-content\/uploads\/2026\/04\/quelle-couleur-rose-fete-meres.jpg 400w, https:\/\/www.interflora.fr\/blog\/wp-content\/uploads\/2026\/04\/quelle-couleur-rose-fete-meres-300x300.jpg 300w, https:\/\/www.interflora.fr\/blog\/wp-content\/uploads\/2026\/04\/quelle-couleur-rose-fete-meres-150x150.jpg 150w\" sizes=\"auto, (max-width: 400px) 100vw, 400px\" \/><\/figure>\n<\/div>\n<\/div>\n\n\n\n<h3 class=\"wp-block-heading\">Rouges<\/h3>\n\n\n\n<div class=\"wp-block-columns are-vertically-aligned-center is-layout-flex wp-container-core-columns-is-layout-28f84493 wp-block-columns-is-layout-flex\">\n<div class=\"wp-block-column is-vertically-aligned-center is-layout-flow wp-block-column-is-layout-flow\" style=\"flex-basis:33.33%\">\n<figure class=\"wp-block-image size-full\"><img loading=\"lazy\" decoding=\"async\" width=\"400\" height=\"400\" src=\"https:\/\/www.interflora.fr\/blog\/wp-content\/uploads\/2026\/04\/roses-pour-fete-meres.jpg\" alt=\"3 roses rouges\" class=\"wp-image-58841\" srcset=\"https:\/\/www.interflora.fr\/blog\/wp-content\/uploads\/2026\/04\/roses-pour-fete-meres.jpg 400w, https:\/\/www.interflora.fr\/blog\/wp-content\/uploads\/2026\/04\/roses-pour-fete-meres-300x300.jpg 300w, https:\/\/www.interflora.fr\/blog\/wp-content\/uploads\/2026\/04\/roses-pour-fete-meres-150x150.jpg 150w\" sizes=\"auto, (max-width: 400px) 100vw, 400px\" \/><\/figure>\n<\/div>\n\n\n\n<div class=\"wp-block-column is-vertically-aligned-center is-layout-flow wp-block-column-is-layout-flow\" style=\"flex-basis:66.66%\">\n<p>Les roses rouges sont souvent associ\u00e9es \u00e0 l\u2019amour passionnel. Toutefois, elles ne sont pas uniquement r\u00e9serv\u00e9es \u00e0 un pr\u00e9sent entre amoureux. En petite quantit\u00e9, elles symbolisent un <strong>amour v\u00e9ritable, profond et respectueux<\/strong> de la part de son enfant.<\/p>\n\n\n\n<p>\u00c0 l\u2019occasion de la f\u00eate des M\u00e8res, les conjoints pourront sans h\u00e9sitation offrir \u00e0 leur femme un bouquet de roses rouges.<\/p>\n<\/div>\n<\/div>\n\n\n\n<h3 class=\"wp-block-heading\">Jaunes<\/h3>\n\n\n\n<div class=\"wp-block-columns are-vertically-aligned-center is-layout-flex wp-container-core-columns-is-layout-28f84493 wp-block-columns-is-layout-flex\">\n<div class=\"wp-block-column is-vertically-aligned-center is-layout-flow wp-block-column-is-layout-flow\" style=\"flex-basis:66.66%\">\n<p>Lumineuses comme un rayon de soleil, les roses jaunes et dans les tons orang\u00e9s symbolisent la joie et l\u2019\u00e9nergie. Parfaites pour une <strong>maman p\u00e9tillante et dynamique<\/strong> avec qui on partage une forte complicit\u00e9.<\/p>\n<\/div>\n\n\n\n<div class=\"wp-block-column is-vertically-aligned-center is-layout-flow wp-block-column-is-layout-flow\" style=\"flex-basis:33.33%\">\n<figure class=\"wp-block-image size-full\"><img loading=\"lazy\" decoding=\"async\" width=\"400\" height=\"400\" src=\"https:\/\/www.interflora.fr\/blog\/wp-content\/uploads\/2026\/04\/bouquet-roses-fete-meres.jpg\" alt=\"Bouquet de roses jaunes\" class=\"wp-image-58842\" srcset=\"https:\/\/www.interflora.fr\/blog\/wp-content\/uploads\/2026\/04\/bouquet-roses-fete-meres.jpg 400w, https:\/\/www.interflora.fr\/blog\/wp-content\/uploads\/2026\/04\/bouquet-roses-fete-meres-300x300.jpg 300w, https:\/\/www.interflora.fr\/blog\/wp-content\/uploads\/2026\/04\/bouquet-roses-fete-meres-150x150.jpg 150w\" sizes=\"auto, (max-width: 400px) 100vw, 400px\" \/><\/figure>\n<\/div>\n<\/div>\n\n\n\n<h3 class=\"wp-block-heading\">Bouquet de roses multicolore<\/h3>\n\n\n\n<div class=\"wp-block-columns are-vertically-aligned-center is-layout-flex wp-container-core-columns-is-layout-28f84493 wp-block-columns-is-layout-flex\">\n<div class=\"wp-block-column is-vertically-aligned-center is-layout-flow wp-block-column-is-layout-flow\" style=\"flex-basis:33.33%\">\n<figure class=\"wp-block-image size-full\"><img loading=\"lazy\" decoding=\"async\" width=\"400\" height=\"400\" src=\"https:\/\/www.interflora.fr\/blog\/wp-content\/uploads\/2026\/04\/rose-pour-fete-meres.jpg\" alt=\"Bouquet de roses multicolore\" class=\"wp-image-58845\" srcset=\"https:\/\/www.interflora.fr\/blog\/wp-content\/uploads\/2026\/04\/rose-pour-fete-meres.jpg 400w, https:\/\/www.interflora.fr\/blog\/wp-content\/uploads\/2026\/04\/rose-pour-fete-meres-300x300.jpg 300w, https:\/\/www.interflora.fr\/blog\/wp-content\/uploads\/2026\/04\/rose-pour-fete-meres-150x150.jpg 150w\" sizes=\"auto, (max-width: 400px) 100vw, 400px\" \/><\/figure>\n<\/div>\n\n\n\n<div class=\"wp-block-column is-vertically-aligned-center is-layout-flow wp-block-column-is-layout-flow\" style=\"flex-basis:66.66%\">\n<p>Entre toutes ces couleurs, votre c\u0153ur balance&nbsp;? Un bouquet de roses m\u00ealant diff\u00e9rentes teintes se veut original et permet d\u2019exprimer une <strong>palette riche en \u00e9motions<\/strong>&nbsp;: amour, gratitude, joie et admiration.<\/p>\n<\/div>\n<\/div>\n\n\n\n<h2 class=\"wp-block-heading\">Quel nombre de roses pour la f\u00eate des M\u00e8res&nbsp;?<\/h2>\n\n\n\n<p>Au-del\u00e0 de la couleur, le nombre de roses joue un r\u00f4le dans la signification du bouquet et peut renforcer le message que vous souhaitez faire passer.<\/p>\n\n\n\n<p><strong>Combien de roses offrir \u00e0 une maman&nbsp;?<\/strong> Voici quelques rep\u00e8res pour vous guider.<\/p>\n\n\n\n<h3 class=\"wp-block-heading\">Offrir une seule rose<\/h3>\n\n\n\n<p>Une rose unique peut sembler simple, mais elle est loin d\u2019\u00eatre anodine. Elle symbolise un <strong>amour pur et sinc\u00e8re<\/strong>. C\u2019est un geste minimaliste, mais tr\u00e8s fort.<\/p>\n\n\n\n<p>Une rose unique peut aussi \u00eatre une excellente option si vous souhaitez <a href=\"https:\/\/www.interflora.fr\/c\/rose-eternelle-fete-des-meres\">offrir une rose \u00e9ternelle pour la f\u00eate des M\u00e8res<\/a>, un cadeau qui traverse le temps sans faner et montre \u00e0 votre maman combien elle est pr\u00e9cieuse.<\/p>\n\n\n\n<h3 class=\"wp-block-heading\">5 roses<\/h3>\n\n\n\n<p>Un bouquet de cinq roses t\u00e9moigne d\u2019un <strong>profond respect teint\u00e9 d\u2019admiration<\/strong>. Un message plein de sens \u00e0 transmettre \u00e0 celle qui vous a donn\u00e9 la vie et a toujours \u00e9t\u00e9 pr\u00e9sente \u00e0 vos c\u00f4t\u00e9s, pour les bons moments, comme les plus difficiles.<\/p>\n\n\n\n<h3 class=\"wp-block-heading\">7 ou 9 roses<\/h3>\n\n\n\n<p>Pour exprimer un attachement profond \u00e0 votre m\u00e8re, un bouquet compos\u00e9 de sept ou neuf roses est id\u00e9al. Ces nombres symbolisent la durabilit\u00e9 des sentiments et la <strong>solidit\u00e9 du lien qui vous unit<\/strong>.<\/p>\n\n\n\n<h3 class=\"wp-block-heading\">12 roses<\/h3>\n\n\n\n<p>Au-del\u00e0 de dix roses, il est de convenance d\u2019offrir les roses par douzaine (12, 24, 36\u2026). Pour remercier sa maman pour sa pr\u00e9sence, sa gentillesse et son amour, offrez-lui un bouquet de douze roses. C\u2019est souvent le <strong>choix privil\u00e9gi\u00e9 \u00e0 l\u2019occasion de la f\u00eate des M\u00e8res<\/strong>, car il allie \u00e9l\u00e9gance et g\u00e9n\u00e9rosit\u00e9.<\/p>\n\n\n\n<h3 class=\"wp-block-heading\">20 roses et plus<\/h3>\n\n\n\n<p>En d\u00e9passant les vingt roses, on entre dans le registre du grand geste. Ces bouquets plus g\u00e9n\u00e9reux sont parfaits pour <strong>c\u00e9l\u00e9brer une maman de mani\u00e8re exceptionnelle<\/strong>. Ils expriment une abondance d\u2019amour et une volont\u00e9 de marquer les esprits.<\/p>\n\n\n\n<h2 class=\"wp-block-heading\">Trouvez votre bouquet de roses f\u00eate des M\u00e8res\u200b<\/h2>\n\n\n\n<p>Quelle rose pour la f\u00eate des M\u00e8res\u200b&nbsp;? <strong>Le choix final d\u00e9pend avant tout de votre maman<\/strong>&nbsp;: sa personnalit\u00e9, ses go\u00fbts, votre relation\u2026 Le bouquet (couleur, nombre de roses) \u00e0 choisir est celui qui lui ressemble.<\/p>\n\n\n\n<p>Plut\u00f4t classique avec des tons roses&nbsp;? Lumineuse avec des couleurs vives&nbsp;? Ou originale avec une composition multicolore&nbsp;? Chaque bouquet a son charme et saura \u00e9merveiller celle qui le re\u00e7oit.<\/p>\n\n\n\n<p>Explorez notre <a href=\"https:\/\/www.interflora.fr\/c\/roses\">s\u00e9lection de roses<\/a> et laissez-vous guider par vos \u00e9motions.<\/p>\n\n\n<div class=\"lp-produits-grid\"><div class=\"lp-produit\"><div class=\"lp-thumbnail-wrapper\"><img loading=\"lazy\" decoding=\"async\" width=\"300\" height=\"300\" src=\"https:\/\/www.interflora.fr\/blog\/wp-content\/uploads\/2026\/01\/1AA-800Wx800H-0-1-300x300.jpg\" class=\"attachment-medium size-medium wp-post-image\" alt=\"\" srcset=\"https:\/\/www.interflora.fr\/blog\/wp-content\/uploads\/2026\/01\/1AA-800Wx800H-0-1-300x300.jpg 300w, https:\/\/www.interflora.fr\/blog\/wp-content\/uploads\/2026\/01\/1AA-800Wx800H-0-1-150x150.jpg 150w, https:\/\/www.interflora.fr\/blog\/wp-content\/uploads\/2026\/01\/1AA-800Wx800H-0-1-768x768.jpg 768w, https:\/\/www.interflora.fr\/blog\/wp-content\/uploads\/2026\/01\/1AA-800Wx800H-0-1.jpg 800w\" sizes=\"auto, (max-width: 300px) 100vw, 300px\" \/><img decoding=\"async\" class=\"lp-badge\" src=\"https:\/\/www.interflora.fr\/blog\/wp-content\/uploads\/2025\/06\/logo-circle.png\" alt=\"Livraison rapide Interflora\"><\/div><span>Amour exceptionnel<\/span><p>169 \u20ac<\/p><span class=\"obf-link lp-cta\" role=\"link\" tabindex=\"0\" data-b64=\"aHR0cHM6Ly93d3cuaW50ZXJmbG9yYS5mci9wL2JvdXF1ZXQtYW1vdXItZXhjZXB0aW9ubmVsLzEvRlI\/dXRtX21lZGl1bT1vcmdhbmljJnV0bV9zb3VyY2U9YmxvZ19wcm9kdWN0cyZ1dG1fY2FtcGFpZ249MUFB\" data-target=\"_blank\"><svg xmlns=\"http:\/\/www.w3.org\/2000\/svg\" width=\"16\" height=\"16\" fill=\"currentColor\" class=\"bi bi-bag\" viewBox=\"0 0 16 16\"><path d=\"M8 1a2 2 0 0 1 2 2v1h2.5A1.5 1.5 0 0 1 14 5.5v8A1.5 1.5 0 0 1 12.5 15h-9A1.5 1.5 0 0 1 2 13.5v-8A1.5 1.5 0 0 1 3.5 3H6V2a2 2 0 0 1 2-1zm1 3V3a1 1 0 0 0-2 0v1h2z\"\/><\/svg>Voir le produit<\/span><p class=\"rapido\">Top produit<\/p><\/div><div class=\"lp-produit\"><div class=\"lp-thumbnail-wrapper\"><img loading=\"lazy\" decoding=\"async\" width=\"300\" height=\"300\" src=\"https:\/\/www.interflora.fr\/blog\/wp-content\/uploads\/2025\/05\/1TEN-800Wx800H-0-1-25-300x300.jpg\" class=\"attachment-medium size-medium wp-post-image\" alt=\"\" srcset=\"https:\/\/www.interflora.fr\/blog\/wp-content\/uploads\/2025\/05\/1TEN-800Wx800H-0-1-25-300x300.jpg 300w, https:\/\/www.interflora.fr\/blog\/wp-content\/uploads\/2025\/05\/1TEN-800Wx800H-0-1-25-150x150.jpg 150w, https:\/\/www.interflora.fr\/blog\/wp-content\/uploads\/2025\/05\/1TEN-800Wx800H-0-1-25-768x768.jpg 768w, https:\/\/www.interflora.fr\/blog\/wp-content\/uploads\/2025\/05\/1TEN-800Wx800H-0-1-25.jpg 800w\" sizes=\"auto, (max-width: 300px) 100vw, 300px\" \/><img decoding=\"async\" class=\"lp-badge\" src=\"https:\/\/www.interflora.fr\/blog\/wp-content\/uploads\/2025\/06\/logo-circle.png\" alt=\"Livraison rapide Interflora\"><\/div><span>Tendresse<\/span><p>29.95 \u20ac<\/p><span class=\"obf-link lp-cta\" role=\"link\" tabindex=\"0\" data-b64=\"aHR0cHM6Ly93d3cuaW50ZXJmbG9yYS5mci9wL3RlbmRyZXNzZS8xL0ZSP3V0bV9tZWRpdW09b3JnYW5pYyZ1dG1fc291cmNlPWJsb2dfcHJvZHVjdHMmdXRtX2NhbXBhaWduPTFURU4=\" data-target=\"_blank\"><svg xmlns=\"http:\/\/www.w3.org\/2000\/svg\" width=\"16\" height=\"16\" fill=\"currentColor\" class=\"bi bi-bag\" viewBox=\"0 0 16 16\"><path d=\"M8 1a2 2 0 0 1 2 2v1h2.5A1.5 1.5 0 0 1 14 5.5v8A1.5 1.5 0 0 1 12.5 15h-9A1.5 1.5 0 0 1 2 13.5v-8A1.5 1.5 0 0 1 3.5 3H6V2a2 2 0 0 1 2-1zm1 3V3a1 1 0 0 0-2 0v1h2z\"\/><\/svg>Voir le produit<\/span><p class=\"rapido\">Top produit<\/p><\/div><div class=\"lp-produit\"><div class=\"lp-thumbnail-wrapper\"><img loading=\"lazy\" decoding=\"async\" width=\"300\" height=\"300\" src=\"https:\/\/www.interflora.fr\/blog\/wp-content\/uploads\/2025\/05\/1AFO-800Wx800H-0-1-25-300x300.jpg\" class=\"attachment-medium size-medium wp-post-image\" alt=\"\" srcset=\"https:\/\/www.interflora.fr\/blog\/wp-content\/uploads\/2025\/05\/1AFO-800Wx800H-0-1-25-300x300.jpg 300w, https:\/\/www.interflora.fr\/blog\/wp-content\/uploads\/2025\/05\/1AFO-800Wx800H-0-1-25-150x150.jpg 150w, https:\/\/www.interflora.fr\/blog\/wp-content\/uploads\/2025\/05\/1AFO-800Wx800H-0-1-25-768x768.jpg 768w, https:\/\/www.interflora.fr\/blog\/wp-content\/uploads\/2025\/05\/1AFO-800Wx800H-0-1-25.jpg 800w\" sizes=\"auto, (max-width: 300px) 100vw, 300px\" \/><img decoding=\"async\" class=\"lp-badge\" src=\"https:\/\/www.interflora.fr\/blog\/wp-content\/uploads\/2025\/06\/logo-circle.png\" alt=\"Livraison rapide Interflora\"><\/div><span>Grandes roses sur-mesure<\/span><p>59.95 \u20ac<\/p><span class=\"obf-link lp-cta\" role=\"link\" tabindex=\"0\" data-b64=\"aHR0cHM6Ly93d3cuaW50ZXJmbG9yYS5mci9wL3Jvc2VzLWEtbGEtZm9saWUvNi9GUj91dG1fbWVkaXVtPW9yZ2FuaWMmdXRtX3NvdXJjZT1ibG9nX3Byb2R1Y3RzJnV0bV9jYW1wYWlnbj0xQUZP\" data-target=\"_blank\"><svg xmlns=\"http:\/\/www.w3.org\/2000\/svg\" width=\"16\" height=\"16\" fill=\"currentColor\" class=\"bi bi-bag\" viewBox=\"0 0 16 16\"><path d=\"M8 1a2 2 0 0 1 2 2v1h2.5A1.5 1.5 0 0 1 14 5.5v8A1.5 1.5 0 0 1 12.5 15h-9A1.5 1.5 0 0 1 2 13.5v-8A1.5 1.5 0 0 1 3.5 3H6V2a2 2 0 0 1 2-1zm1 3V3a1 1 0 0 0-2 0v1h2z\"\/><\/svg>Voir le produit<\/span><p class=\"rapido\">Fleurs fra\u00eeches<\/p><\/div><div class=\"lp-produit\"><div class=\"lp-thumbnail-wrapper\"><img loading=\"lazy\" decoding=\"async\" width=\"300\" height=\"300\" src=\"https:\/\/www.interflora.fr\/blog\/wp-content\/uploads\/2025\/05\/3ER-800Wx800H-0-1-25-300x300.jpg\" class=\"attachment-medium size-medium wp-post-image\" alt=\"\" srcset=\"https:\/\/www.interflora.fr\/blog\/wp-content\/uploads\/2025\/05\/3ER-800Wx800H-0-1-25-300x300.jpg 300w, https:\/\/www.interflora.fr\/blog\/wp-content\/uploads\/2025\/05\/3ER-800Wx800H-0-1-25-150x150.jpg 150w, https:\/\/www.interflora.fr\/blog\/wp-content\/uploads\/2025\/05\/3ER-800Wx800H-0-1-25-768x768.jpg 768w, https:\/\/www.interflora.fr\/blog\/wp-content\/uploads\/2025\/05\/3ER-800Wx800H-0-1-25.jpg 800w\" sizes=\"auto, (max-width: 300px) 100vw, 300px\" \/><img decoding=\"async\" class=\"lp-badge\" src=\"https:\/\/www.interflora.fr\/blog\/wp-content\/uploads\/2025\/06\/logo-circle.png\" alt=\"Livraison rapide Interflora\"><\/div><span>Ecrin de roses<\/span><p>42.95 \u20ac<\/p><span class=\"obf-link lp-cta\" role=\"link\" tabindex=\"0\" data-b64=\"aHR0cHM6Ly93d3cuaW50ZXJmbG9yYS5mci9wL2VjcmluLWRlLXJvc2VzLzEvRlI\/dXRtX21lZGl1bT1vcmdhbmljJnV0bV9zb3VyY2U9YmxvZ19wcm9kdWN0cyZ1dG1fY2FtcGFpZ249M0VS\" data-target=\"_blank\"><svg xmlns=\"http:\/\/www.w3.org\/2000\/svg\" width=\"16\" height=\"16\" fill=\"currentColor\" class=\"bi bi-bag\" viewBox=\"0 0 16 16\"><path d=\"M8 1a2 2 0 0 1 2 2v1h2.5A1.5 1.5 0 0 1 14 5.5v8A1.5 1.5 0 0 1 12.5 15h-9A1.5 1.5 0 0 1 2 13.5v-8A1.5 1.5 0 0 1 3.5 3H6V2a2 2 0 0 1 2-1zm1 3V3a1 1 0 0 0-2 0v1h2z\"\/><\/svg>Voir le produit<\/span><p class=\"rapido\">Fleurs fra\u00eeches<\/p><\/div><\/div>\n\n\n\n<h2 class=\"wp-block-heading\">G\u00e2tez votre maman avec des roses et d\u2019autres surprises\u2026<\/h2>\n\n\n\n<p>Vous aimeriez compl\u00e9ter votre bouquet de fleurs avec un autre cadeau&nbsp;? Nous vous proposons des <strong>offres cadeaux pour la f\u00eate des M\u00e8res<\/strong>&nbsp;:<\/p>\n\n\n\n<ul class=\"wp-block-list\">\n<li>Duo roses + roses LEGO pour un cadeau original \u00e0 la fois d\u00e9coratif et durable.<\/li>\n\n\n\n<li>Coffret rose et gourmandise, parce que la combinaison fleurs-chocolats fait toujours sensation.<\/li>\n\n\n\n<li>Bouquet de roses et coffret de macarons Ladur\u00e9e pour une attention raffin\u00e9e et gourmande, digne des plus belles occasions.<\/li>\n<\/ul>\n\n\n\n<figure class=\"wp-block-image aligncenter size-full\"><img loading=\"lazy\" decoding=\"async\" width=\"800\" height=\"800\" src=\"https:\/\/www.interflora.fr\/blog\/wp-content\/uploads\/2026\/04\/bouquet-roses-fete-des-meres.png\" alt=\"Bouquet de roses et coffret de macarons Ladur\u00e9e\" class=\"wp-image-58846\" srcset=\"https:\/\/www.interflora.fr\/blog\/wp-content\/uploads\/2026\/04\/bouquet-roses-fete-des-meres.png 800w, https:\/\/www.interflora.fr\/blog\/wp-content\/uploads\/2026\/04\/bouquet-roses-fete-des-meres-300x300.png 300w, https:\/\/www.interflora.fr\/blog\/wp-content\/uploads\/2026\/04\/bouquet-roses-fete-des-meres-150x150.png 150w, https:\/\/www.interflora.fr\/blog\/wp-content\/uploads\/2026\/04\/bouquet-roses-fete-des-meres-768x768.png 768w\" sizes=\"auto, (max-width: 800px) 100vw, 800px\" \/><\/figure>\n","protected":false},"excerpt":{"rendered":"<p>Pour la f\u00eate des M\u00e8res, les roses ont la c\u00f4te&nbsp;! Et elles m\u00e9ritent bien leur place sur le podium des [&hellip;]<\/p>\n","protected":false},"author":9,"featured_media":58847,"comment_status":"open","ping_status":"open","sticky":false,"template":"","format":"standard","meta":{"_uag_custom_page_level_css":"","site-sidebar-layout":"default","site-content-layout":"","ast-site-content-layout":"default","site-content-style":"default","site-sidebar-style":"default","ast-global-header-display":"","ast-banner-title-visibility":"","ast-main-header-display":"","ast-hfb-above-header-display":"","ast-hfb-below-header-display":"","ast-hfb-mobile-header-display":"","site-post-title":"","ast-breadcrumbs-content":"","ast-featured-img":"","footer-sml-layout":"","ast-disable-related-posts":"","theme-transparent-header-meta":"","adv-header-id-meta":"","stick-header-meta":"","header-above-stick-meta":"","header-main-stick-meta":"","header-below-stick-meta":"","astra-migrate-meta-layouts":"default","ast-page-background-enabled":"default","ast-page-background-meta":{"desktop":{"background-color":"var(--ast-global-color-5)","background-image":"","background-repeat":"repeat","background-position":"center center","background-size":"auto","background-attachment":"scroll","background-type":"","background-media":"","overlay-type":"","overlay-color":"","overlay-opacity":"","overlay-gradient":""},"tablet":{"background-color":"","background-image":"","background-repeat":"repeat","background-position":"center center","background-size":"auto","background-attachment":"scroll","background-type":"","background-media":"","overlay-type":"","overlay-color":"","overlay-opacity":"","overlay-gradient":""},"mobile":{"background-color":"","background-image":"","background-repeat":"repeat","background-position":"center center","background-size":"auto","background-attachment":"scroll","background-type":"","background-media":"","overlay-type":"","overlay-color":"","overlay-opacity":"","overlay-gradient":""}},"ast-content-background-meta":{"desktop":{"background-color":"var(--ast-global-color-4)","background-image":"","background-repeat":"repeat","background-position":"center center","background-size":"auto","background-attachment":"scroll","background-type":"","background-media":"","overlay-type":"","overlay-color":"","overlay-opacity":"","overlay-gradient":""},"tablet":{"background-color":"var(--ast-global-color-4)","background-image":"","background-repeat":"repeat","background-position":"center center","background-size":"auto","background-attachment":"scroll","background-type":"","background-media":"","overlay-type":"","overlay-color":"","overlay-opacity":"","overlay-gradient":""},"mobile":{"background-color":"var(--ast-global-color-4)","background-image":"","background-repeat":"repeat","background-position":"center center","background-size":"auto","background-attachment":"scroll","background-type":"","background-media":"","overlay-type":"","overlay-color":"","overlay-opacity":"","overlay-gradient":""}},"footnotes":""},"categories":[177],"tags":[178],"class_list":["post-58848","post","type-post","status-publish","format-standard","has-post-thumbnail","hentry","category-fete-des-meres","tag-fete-des-meres"],"uagb_featured_image_src":{"full":["https:\/\/www.interflora.fr\/blog\/wp-content\/uploads\/2026\/04\/rose-fete-des-meres.jpg",1200,904,false],"thumbnail":["https:\/\/www.interflora.fr\/blog\/wp-content\/uploads\/2026\/04\/rose-fete-des-meres-150x150.jpg",150,150,true],"medium":["https:\/\/www.interflora.fr\/blog\/wp-content\/uploads\/2026\/04\/rose-fete-des-meres-300x226.jpg",300,226,true],"medium_large":["https:\/\/www.interflora.fr\/blog\/wp-content\/uploads\/2026\/04\/rose-fete-des-meres-768x579.jpg",768,579,true],"large":["https:\/\/www.interflora.fr\/blog\/wp-content\/uploads\/2026\/04\/rose-fete-des-meres-1024x771.jpg",1024,771,true],"1536x1536":["https:\/\/www.interflora.fr\/blog\/wp-content\/uploads\/2026\/04\/rose-fete-des-meres.jpg",1200,904,false],"2048x2048":["https:\/\/www.interflora.fr\/blog\/wp-content\/uploads\/2026\/04\/rose-fete-des-meres.jpg",1200,904,false]},"uagb_author_info":{"display_name":"Flora","author_link":"https:\/\/www.interflora.fr\/blog\/author\/fleurdeprovence\/"},"uagb_comment_info":0,"uagb_excerpt":"Pour la f\u00eate des M\u00e8res, les roses ont la c\u00f4te&nbsp;! Et elles m\u00e9ritent bien leur place sur le podium des [&hellip;]","yoast_meta":{"title":"Quelle Rose pour la F\u00eate des M\u00e8res ? Conseils pour bien choisir","description":"Offrir des roses \u00e0 la f\u00eate des M\u00e8res : tr\u00e8s bonne id\u00e9e ! D\u00e9couvrez les couleurs \u00e0 privil\u00e9gier et le nombre de roses \u00e0 choisir dans un bouquet."},"_links":{"self":[{"href":"https:\/\/www.interflora.fr\/blog\/wp-json\/wp\/v2\/posts\/58848","targetHints":{"allow":["GET"]}}],"collection":[{"href":"https:\/\/www.interflora.fr\/blog\/wp-json\/wp\/v2\/posts"}],"about":[{"href":"https:\/\/www.interflora.fr\/blog\/wp-json\/wp\/v2\/types\/post"}],"author":[{"embeddable":true,"href":"https:\/\/www.interflora.fr\/blog\/wp-json\/wp\/v2\/users\/9"}],"replies":[{"embeddable":true,"href":"https:\/\/www.interflora.fr\/blog\/wp-json\/wp\/v2\/comments?post=58848"}],"version-history":[{"count":4,"href":"https:\/\/www.interflora.fr\/blog\/wp-json\/wp\/v2\/posts\/58848\/revisions"}],"predecessor-version":[{"id":58871,"href":"https:\/\/www.interflora.fr\/blog\/wp-json\/wp\/v2\/posts\/58848\/revisions\/58871"}],"wp:featuredmedia":[{"embeddable":true,"href":"https:\/\/www.interflora.fr\/blog\/wp-json\/wp\/v2\/media\/58847"}],"wp:attachment":[{"href":"https:\/\/www.interflora.fr\/blog\/wp-json\/wp\/v2\/media?parent=58848"}],"wp:term":[{"taxonomy":"category","embeddable":true,"href":"https:\/\/www.interflora.fr\/blog\/wp-json\/wp\/v2\/categories?post=58848"},{"taxonomy":"post_tag","embeddable":true,"href":"https:\/\/www.interflora.fr\/blog\/wp-json\/wp\/v2\/tags?post=58848"}],"curies":[{"name":"wp","href":"https:\/\/api.w.org\/{rel}","templated":true}]}}