{"id":58830,"date":"2026-04-27T15:38:08","date_gmt":"2026-04-27T13:38:08","guid":{"rendered":"https:\/\/www.interflora.fr\/blog\/?p=58830"},"modified":"2026-04-25T15:38:27","modified_gmt":"2026-04-25T13:38:27","slug":"fleurs-fete-des-meres-fleuristes","status":"publish","type":"post","link":"https:\/\/www.interflora.fr\/blog\/fleurs-fete-des-meres-fleuristes\/","title":{"rendered":"Les fleurs incontournables chez le fleuriste pour la f\u00eate des m\u00e8res"},"content":{"rendered":"\n<p>Pour la <strong>f\u00eate des M\u00e8res<\/strong>, le <strong>fleuriste <\/strong>devient le complice id\u00e9al des plus belles attentions. Esth\u00e9tiques, au parfum subtil et \u00e0 la symbolique profond\u00e9ment touchante, les <strong>fleurs <\/strong>font partie de ces cadeaux incontournables et intemporels que l\u2019on offre pour faire plaisir, remercier, mais aussi honorer la personne qui les re\u00e7oit. Pour <strong>f\u00eater les mamans<\/strong>, d\u00e9couvrez les <strong>bouquets<\/strong>, <strong>compositions florales<\/strong> et <strong>plantes fleuries<\/strong> que nos <strong>artisans fleuristes<\/strong> r\u00e9alisent avec passion et savoir-faire.<\/p>\n\n\n\n<h2 class=\"wp-block-heading\">Choisir les fleurs parfaites pour la f\u00eate des M\u00e8res chez un fleuriste<\/h2>\n\n\n\n<p>Certaines fleurs envoient un message teint\u00e9 de douceur et de gratitude, parfait pour c\u00e9l\u00e9brer les mamans. D\u00e9couvrez les <a href=\"https:\/\/www.interflora.fr\/blog\/fete-des-meres-quelles-fleurs-leur-offrir\/\">fleurs incontournables \u00e0 offrir pour la f\u00eate des M\u00e8res<\/a>.<\/p>\n\n\n\n<h3 class=\"wp-block-heading\">La pivoine&nbsp;: star de la f\u00eate des M\u00e8res<\/h3>\n\n\n\n<p>Grande vedette de la saison, impossible de passer \u00e0 c\u00f4t\u00e9 de la pivoine sur les \u00e9tals des fleuristes pour la f\u00eate des M\u00e8res. Avec ses g\u00e9n\u00e9reux p\u00e9tales et ses couleurs tendres, <strong>la pivoine incarne la f\u00e9minit\u00e9, la douceur et l\u2019amour sinc\u00e8re<\/strong>. Offerte en brass\u00e9e ou en bouquet mixte, elle sera tr\u00e8s appr\u00e9ci\u00e9e par les mamans.<\/p>\n\n\n\n<h3 class=\"wp-block-heading\">La rose rose&nbsp;: tendresse et gratitude<\/h3>\n\n\n\n<p>Une valeur s\u00fbre que vous retrouverez forc\u00e9ment pour la f\u00eate des M\u00e8res chez votre fleuriste&nbsp;: <a href=\"https:\/\/www.interflora.fr\/blog\/roses-fete-des-meres\">la rose<\/a> (de couleur rose de pr\u00e9f\u00e9rence) pour transmettre un <strong>message de tendresse et de reconnaissance<\/strong>. En bouquet monofleur ou m\u00e9lang\u00e9es \u00e0 d\u2019autres fleurs aux teintes pastels, les roses roses restent une attention intemporelle.<\/p>\n\n\n\n<h3 class=\"wp-block-heading\">L\u2019orchid\u00e9e&nbsp;: l\u2019\u00e9l\u00e9gance qui dure<\/h3>\n\n\n\n<p>Pour les mamans qui pr\u00e9f\u00e8rent les cadeaux durables, l\u2019orchid\u00e9e en pot se conserve de nombreuses ann\u00e9es. Sa silhouette \u00e9lanc\u00e9e et ses fleurs au c\u0153ur papillon insufflent une <strong>sensation de s\u00e9r\u00e9nit\u00e9<\/strong> tout en apportant une <strong>touche d\u2019\u00e9l\u00e9gance<\/strong>.<\/p>\n\n\n\n<h3 class=\"wp-block-heading\">L\u2019alstr\u0153meria&nbsp;: d\u00e9licatesse et complicit\u00e9<\/h3>\n\n\n\n<p>Souvent m\u00e9connu, l\u2019alstr\u0153meria m\u00e9rite pourtant une place de choix comme fleur \u00e0 offrir \u00e0 l\u2019occasion de la f\u00eate des M\u00e8res. Ses p\u00e9tales alternant couleur unie et stries, semblent exprimer <strong>la richesse et la beaut\u00e9 de la relation m\u00e8re-enfant<\/strong>.<\/p>\n\n\n\n<h3 class=\"wp-block-heading\">Le germini&nbsp;: la fleur de la bonne humeur<\/h3>\n\n\n\n<p>Avec ses couleurs \u00e9clatantes, le germini diffuse une <strong>\u00e9nergie joyeuse<\/strong>. Rose, corail, orang\u00e9 ou fuchsia, il illumine imm\u00e9diatement un bouquet. C\u2019est la fleur parfaite pour une maman p\u00e9tillante, spontan\u00e9e, toujours de bonne humeur.<\/p>\n\n\n\n<h3 class=\"wp-block-heading\">Le lisianthus&nbsp;: symbole de respect<\/h3>\n\n\n\n<p>\u00c9l\u00e9gant et po\u00e9tique, le lisianthus symbolise <strong>le respect et la gratitude<\/strong>&nbsp;: tout ce que l\u2019on souhaite exprimer \u00e0 une m\u00e8re avec subtilit\u00e9.<\/p>\n\n\n\n<h3 class=\"wp-block-heading\">L\u2019azal\u00e9e&nbsp;: la douceur durable<\/h3>\n\n\n\n<p>Avec <a href=\"https:\/\/www.interflora.fr\/c\/azalee\">l\u2019azal\u00e9e<\/a>, on retrouve cette id\u00e9e de g\u00e9n\u00e9rosit\u00e9 florale qui dure au-del\u00e0 de quelques jours. Cette fleur porte une <strong>symbolique reli\u00e9e \u00e0 la famille et au foyer<\/strong>, le plaisir de prendre soin des personnes qui nous sont ch\u00e8res. Cette signification et sa floraison abondante en font une plante parfaite \u00e0 offrir pour la journ\u00e9e des mamans.<\/p>\n\n\n<div class=\"lp-produits-grid\"><div class=\"lp-produit\"><div class=\"lp-thumbnail-wrapper\"><img loading=\"lazy\" decoding=\"async\" width=\"300\" height=\"300\" src=\"https:\/\/www.interflora.fr\/blog\/wp-content\/uploads\/2025\/05\/B6DIV02-800Wx800H-0-1-4-300x300.jpg\" class=\"attachment-medium size-medium wp-post-image\" alt=\"\" srcset=\"https:\/\/www.interflora.fr\/blog\/wp-content\/uploads\/2025\/05\/B6DIV02-800Wx800H-0-1-4-300x300.jpg 300w, https:\/\/www.interflora.fr\/blog\/wp-content\/uploads\/2025\/05\/B6DIV02-800Wx800H-0-1-4-150x150.jpg 150w, https:\/\/www.interflora.fr\/blog\/wp-content\/uploads\/2025\/05\/B6DIV02-800Wx800H-0-1-4-768x768.jpg 768w, https:\/\/www.interflora.fr\/blog\/wp-content\/uploads\/2025\/05\/B6DIV02-800Wx800H-0-1-4.jpg 800w\" sizes=\"auto, (max-width: 300px) 100vw, 300px\" \/><img decoding=\"async\" class=\"lp-badge\" src=\"https:\/\/www.interflora.fr\/blog\/wp-content\/uploads\/2025\/06\/logo-circle.png\" alt=\"Livraison rapide Interflora\"><\/div><span>Coffret Joyeux anniversaire<\/span><p>45.95 \u20ac<\/p><span class=\"obf-link lp-cta\" role=\"link\" tabindex=\"0\" data-b64=\"aHR0cHM6Ly93d3cuaW50ZXJmbG9yYS5mci9wL2wtZWxlZ2FudC8wL0ZSP3V0bV9tZWRpdW09b3JnYW5pYyZ1dG1fc291cmNlPWJsb2dfcHJvZHVjdHMmdXRtX2NhbXBhaWduPUI2RElWMDI=\" data-target=\"_blank\"><svg xmlns=\"http:\/\/www.w3.org\/2000\/svg\" width=\"16\" height=\"16\" fill=\"currentColor\" class=\"bi bi-bag\" viewBox=\"0 0 16 16\"><path d=\"M8 1a2 2 0 0 1 2 2v1h2.5A1.5 1.5 0 0 1 14 5.5v8A1.5 1.5 0 0 1 12.5 15h-9A1.5 1.5 0 0 1 2 13.5v-8A1.5 1.5 0 0 1 3.5 3H6V2a2 2 0 0 1 2-1zm1 3V3a1 1 0 0 0-2 0v1h2z\"\/><\/svg>Voir le produit<\/span><p class=\"rapido\">Livraison rapide<\/p><\/div><div class=\"lp-produit\"><div class=\"lp-thumbnail-wrapper\"><img loading=\"lazy\" decoding=\"async\" width=\"300\" height=\"300\" src=\"https:\/\/www.interflora.fr\/blog\/wp-content\/uploads\/2025\/05\/B2CH-800Wx800H-0-1-7-300x300.jpg\" class=\"attachment-medium size-medium wp-post-image\" alt=\"\" srcset=\"https:\/\/www.interflora.fr\/blog\/wp-content\/uploads\/2025\/05\/B2CH-800Wx800H-0-1-7-300x300.jpg 300w, https:\/\/www.interflora.fr\/blog\/wp-content\/uploads\/2025\/05\/B2CH-800Wx800H-0-1-7-150x150.jpg 150w, https:\/\/www.interflora.fr\/blog\/wp-content\/uploads\/2025\/05\/B2CH-800Wx800H-0-1-7-768x768.jpg 768w, https:\/\/www.interflora.fr\/blog\/wp-content\/uploads\/2025\/05\/B2CH-800Wx800H-0-1-7.jpg 800w\" sizes=\"auto, (max-width: 300px) 100vw, 300px\" \/><img decoding=\"async\" class=\"lp-badge\" src=\"https:\/\/www.interflora.fr\/blog\/wp-content\/uploads\/2025\/06\/logo-circle.png\" alt=\"Livraison rapide Interflora\"><\/div><span>Bouquet de chocolats<\/span><p>39.95 \u20ac<\/p><span class=\"obf-link lp-cta\" role=\"link\" tabindex=\"0\" data-b64=\"aHR0cHM6Ly93d3cuaW50ZXJmbG9yYS5mci9wL2NhZGVhdS1ib3VxdWV0LWNob2NvbGF0LzAvRlI\/dXRtX21lZGl1bT1vcmdhbmljJnV0bV9zb3VyY2U9YmxvZ19wcm9kdWN0cyZ1dG1fY2FtcGFpZ249QjJDSA==\" data-target=\"_blank\"><svg xmlns=\"http:\/\/www.w3.org\/2000\/svg\" width=\"16\" height=\"16\" fill=\"currentColor\" class=\"bi bi-bag\" viewBox=\"0 0 16 16\"><path d=\"M8 1a2 2 0 0 1 2 2v1h2.5A1.5 1.5 0 0 1 14 5.5v8A1.5 1.5 0 0 1 12.5 15h-9A1.5 1.5 0 0 1 2 13.5v-8A1.5 1.5 0 0 1 3.5 3H6V2a2 2 0 0 1 2-1zm1 3V3a1 1 0 0 0-2 0v1h2z\"\/><\/svg>Voir le produit<\/span><p class=\"rapido\">Top produit<\/p><\/div><div class=\"lp-produit\"><div class=\"lp-thumbnail-wrapper\"><img loading=\"lazy\" decoding=\"async\" width=\"300\" height=\"300\" src=\"https:\/\/www.interflora.fr\/blog\/wp-content\/uploads\/2026\/02\/BEP09BL-800Wx800H-0-1-300x300.jpg\" class=\"attachment-medium size-medium wp-post-image\" alt=\"\" srcset=\"https:\/\/www.interflora.fr\/blog\/wp-content\/uploads\/2026\/02\/BEP09BL-800Wx800H-0-1-300x300.jpg 300w, https:\/\/www.interflora.fr\/blog\/wp-content\/uploads\/2026\/02\/BEP09BL-800Wx800H-0-1-150x150.jpg 150w, https:\/\/www.interflora.fr\/blog\/wp-content\/uploads\/2026\/02\/BEP09BL-800Wx800H-0-1-768x768.jpg 768w, https:\/\/www.interflora.fr\/blog\/wp-content\/uploads\/2026\/02\/BEP09BL-800Wx800H-0-1.jpg 800w\" sizes=\"auto, (max-width: 300px) 100vw, 300px\" \/><img decoding=\"async\" class=\"lp-badge\" src=\"https:\/\/www.interflora.fr\/blog\/wp-content\/uploads\/2025\/06\/logo-circle.png\" alt=\"Livraison rapide Interflora\"><\/div><span>Coffret LEGO\u00ae Bucolique<\/span><p>64.95 \u20ac<\/p><span class=\"obf-link lp-cta\" role=\"link\" tabindex=\"0\" data-b64=\"aHR0cHM6Ly93d3cuaW50ZXJmbG9yYS5mci9wL2NvZmZyZXQtbGVnby1idWNvbGlxdWUvMS9GUj91dG1fbWVkaXVtPW9yZ2FuaWMmdXRtX3NvdXJjZT1ibG9nX3Byb2R1Y3RzJnV0bV9jYW1wYWlnbj1CRVAwOUJM\" data-target=\"_blank\"><svg xmlns=\"http:\/\/www.w3.org\/2000\/svg\" width=\"16\" height=\"16\" fill=\"currentColor\" class=\"bi bi-bag\" viewBox=\"0 0 16 16\"><path d=\"M8 1a2 2 0 0 1 2 2v1h2.5A1.5 1.5 0 0 1 14 5.5v8A1.5 1.5 0 0 1 12.5 15h-9A1.5 1.5 0 0 1 2 13.5v-8A1.5 1.5 0 0 1 3.5 3H6V2a2 2 0 0 1 2-1zm1 3V3a1 1 0 0 0-2 0v1h2z\"\/><\/svg>Voir le produit<\/span><p class=\"rapido\">Livraison rapide<\/p><\/div><div class=\"lp-produit\"><div class=\"lp-thumbnail-wrapper\"><img decoding=\"async\" class=\"lp-badge\" src=\"https:\/\/www.interflora.fr\/blog\/wp-content\/uploads\/2025\/06\/logo-circle.png\" alt=\"Livraison rapide Interflora\"><\/div><span>LEGO &#8211; Marguerites<\/span><p>0 \u20ac<\/p><span class=\"obf-link lp-cta\" role=\"link\" tabindex=\"0\" data-b64=\"P3V0bV9tZWRpdW09b3JnYW5pYyZ1dG1fc291cmNlPWJsb2dfcHJvZHVjdHMmdXRtX2NhbXBhaWduPUFJVEYyMjg=\" data-target=\"_blank\"><svg xmlns=\"http:\/\/www.w3.org\/2000\/svg\" width=\"16\" height=\"16\" fill=\"currentColor\" class=\"bi bi-bag\" viewBox=\"0 0 16 16\"><path d=\"M8 1a2 2 0 0 1 2 2v1h2.5A1.5 1.5 0 0 1 14 5.5v8A1.5 1.5 0 0 1 12.5 15h-9A1.5 1.5 0 0 1 2 13.5v-8A1.5 1.5 0 0 1 3.5 3H6V2a2 2 0 0 1 2-1zm1 3V3a1 1 0 0 0-2 0v1h2z\"\/><\/svg>Voir le produit<\/span><p class=\"rapido\">Fleurs fra\u00eeches<\/p><\/div><\/div>\n\n\n\n<h2 class=\"wp-block-heading\">Les bouquets de fleurs de fleuristes \u00e0 offrir pour la f\u00eate des M\u00e8res<\/h2>\n\n\n\n<p>Le bouquet reste le grand classique des cadeaux pour une maman. Vous en trouverez de diff\u00e9rents styles chez votre fleuriste pour la f\u00eate des M\u00e8res\u200b. Voici les bouquets Interflora que nous vous conseillons pour ce jour sp\u00e9cial&nbsp;:<\/p>\n\n\n\n<ul class=\"wp-block-list\">\n<li><strong><em>Petite r\u00eaverie<\/em><\/strong>&nbsp;: m\u00ealant lisianthus, \u0153illets, chrysanth\u00e8mes et feuillages l\u00e9gers, ce bouquet rose et blanc d\u00e9gage beaucoup de douceur et cr\u00e9e une atmosph\u00e8re apaisante.<\/li>\n\n\n\n<li><strong><em>Instant complice<\/em><\/strong>&nbsp;: le germini et la rose s\u2019harmonisent avec le lys et l\u2019alstr\u0153meria pour un bouquet haut en couleur c\u00e9l\u00e9brant les mamans avec festivit\u00e9.<\/li>\n\n\n\n<li><strong><em>Nuage de tendresse<\/em><\/strong>&nbsp;: le contraste entre les fleurs opulentes, comme les pivoines et les germinis, et les plus discr\u00e8tes, comme les lisianthus et les alstr\u0153merias, font de ce bouquet un cadeau doux et r\u00e9confortant pour les mamans.<\/li>\n\n\n\n<li><a href=\"https:\/\/www.interflora.fr\/c\/bouquet-pivoines\"><strong>Nos bouquets de pivoine<\/strong><\/a>&nbsp;: en toute simplicit\u00e9, mais tellement g\u00e9n\u00e9reux, une brass\u00e9e de pivoines rose poudr\u00e9 fait toujours sensation.<\/li>\n<\/ul>\n\n\n\n<p>Et n\u2019oubliez pas, pour la f\u00eate des M\u00e8res, le fleuriste est votre meilleur alli\u00e9. Si vous h\u00e9sitez sur les fleurs \u00e0 offrir \u00e0 votre maman, faites confiance \u00e0 son expertise en choisissant <strong>le bouquet du fleuriste<\/strong>, une cr\u00e9ation unique pens\u00e9e pour les m\u00e8res et r\u00e9alis\u00e9e avec les plus belles fleurs de saison.<\/p>\n\n\n\n<h2 class=\"wp-block-heading\">Id\u00e9es de compositions pour la f\u00eate des M\u00e8res<\/h2>\n\n\n\n<p>En plus des bouquets, pour la f\u00eate des M\u00e8res, nos fleuristes vous proposent un large choix de compositions pour les go\u00fbts de toutes les mamans. Par exemple&nbsp;:<\/p>\n\n\n\n<ul class=\"wp-block-list\">\n<li><strong><em>Maman ch\u00e9rie<\/em> et son vase offert<\/strong>&nbsp;: offrez un peu de douceur pour la f\u00eate des M\u00e8res avec cette composition florale aux notes pastel qui sera mise en valeur dans son vase transparent.<\/li>\n\n\n\n<li><strong><em>\u00c9crin de douceur<\/em><\/strong>&nbsp;: compos\u00e9e de pivoines, roses et germinis, cette composition a du peps. Ses couleurs aux tons roses et p\u00eache allient fra\u00eecheur du printemps et vitalit\u00e9 de l\u2019\u00e9t\u00e9. De quoi faire fondre le c\u0153ur de votre maman en la laissant bouche b\u00e9e.<\/li>\n\n\n\n<li><strong>La rose \u00e9ternelle sous cloche<\/strong>&nbsp;: un bouton de rose dont la beaut\u00e9 ne s\u2019efface pas. Nos fleuristes l\u2019accompagnent de feuillages discrets venant rehausser sa beaut\u00e9 sans lui voler la vedette.<\/li>\n<\/ul>\n\n\n\n<figure class=\"wp-block-gallery has-nested-images columns-default is-cropped wp-block-gallery-1 is-layout-flex wp-block-gallery-is-layout-flex\">\n<figure class=\"wp-block-image size-large\"><img loading=\"lazy\" decoding=\"async\" width=\"800\" height=\"800\" data-id=\"58835\" src=\"https:\/\/www.interflora.fr\/blog\/wp-content\/uploads\/2026\/04\/fleuriste-livraison-fete-meres.jpg\" alt=\"Bouquet de fleurs maman ch\u00e9rie dans son vase transparent\" class=\"wp-image-58835\" srcset=\"https:\/\/www.interflora.fr\/blog\/wp-content\/uploads\/2026\/04\/fleuriste-livraison-fete-meres.jpg 800w, https:\/\/www.interflora.fr\/blog\/wp-content\/uploads\/2026\/04\/fleuriste-livraison-fete-meres-300x300.jpg 300w, https:\/\/www.interflora.fr\/blog\/wp-content\/uploads\/2026\/04\/fleuriste-livraison-fete-meres-150x150.jpg 150w, https:\/\/www.interflora.fr\/blog\/wp-content\/uploads\/2026\/04\/fleuriste-livraison-fete-meres-768x768.jpg 768w\" sizes=\"auto, (max-width: 800px) 100vw, 800px\" \/><\/figure>\n\n\n\n<figure class=\"wp-block-image size-large\"><img loading=\"lazy\" decoding=\"async\" width=\"800\" height=\"800\" data-id=\"58836\" src=\"https:\/\/www.interflora.fr\/blog\/wp-content\/uploads\/2026\/04\/bouquet-fleurs-fete-meres-fleuriste.jpg\" alt=\"Composition de fleurs \u00c9crin de douceur\" class=\"wp-image-58836\" srcset=\"https:\/\/www.interflora.fr\/blog\/wp-content\/uploads\/2026\/04\/bouquet-fleurs-fete-meres-fleuriste.jpg 800w, https:\/\/www.interflora.fr\/blog\/wp-content\/uploads\/2026\/04\/bouquet-fleurs-fete-meres-fleuriste-300x300.jpg 300w, https:\/\/www.interflora.fr\/blog\/wp-content\/uploads\/2026\/04\/bouquet-fleurs-fete-meres-fleuriste-150x150.jpg 150w, https:\/\/www.interflora.fr\/blog\/wp-content\/uploads\/2026\/04\/bouquet-fleurs-fete-meres-fleuriste-768x768.jpg 768w\" sizes=\"auto, (max-width: 800px) 100vw, 800px\" \/><\/figure>\n\n\n\n<figure class=\"wp-block-image size-large\"><img loading=\"lazy\" decoding=\"async\" width=\"800\" height=\"800\" data-id=\"58837\" src=\"https:\/\/www.interflora.fr\/blog\/wp-content\/uploads\/2026\/04\/composition-fete-meres-fleuriste.jpg\" alt=\"Rose \u00e9ternelle sous cloche dans les mains d'une femme\" class=\"wp-image-58837\" srcset=\"https:\/\/www.interflora.fr\/blog\/wp-content\/uploads\/2026\/04\/composition-fete-meres-fleuriste.jpg 800w, https:\/\/www.interflora.fr\/blog\/wp-content\/uploads\/2026\/04\/composition-fete-meres-fleuriste-300x300.jpg 300w, https:\/\/www.interflora.fr\/blog\/wp-content\/uploads\/2026\/04\/composition-fete-meres-fleuriste-150x150.jpg 150w, https:\/\/www.interflora.fr\/blog\/wp-content\/uploads\/2026\/04\/composition-fete-meres-fleuriste-768x768.jpg 768w\" sizes=\"auto, (max-width: 800px) 100vw, 800px\" \/><\/figure>\n<\/figure>\n\n\n\n<h2 class=\"wp-block-heading\">Les plantes fleuries \u00e0 offrir pour c\u00e9l\u00e9brer les mamans<\/h2>\n\n\n\n<p>Pour changer du bouquet traditionnel tout en gardant l\u2019esth\u00e9tique des fleurs, pensez aux plantes fleuries.<\/p>\n\n\n\n<p>Les <strong>azal\u00e9es en pot<\/strong> s\u00e9duisent par leur floraison g\u00e9n\u00e9reuse et leurs merveilleuses couleurs. Elles habillent un salon, une entr\u00e9e ou une v\u00e9randa d\u2019une touche color\u00e9e pleine de douceur. C\u2019est le choix parfait pour une maman qui aime prendre soin de ses plantes et profiter de son cadeau encore et encore.<\/p>\n\n\n\n<p>Un autre incontournable&nbsp;: le <strong>rosier<\/strong>. \u00c9l\u00e9gant et intemporel, il r\u00e9unit toute la symbolique de la rose avec le plaisir d\u2019un cadeau qui dure. Les mamans disposant un jardin pourront, si elles le souhaitent, le planter en pleine terre.<\/p>\n\n\n\n<p>L\u2019<strong>hortensia en pot<\/strong> s\u00e9duit par son volume g\u00e9n\u00e9reux et ses couleurs douces. Tr\u00e8s appr\u00e9ci\u00e9 pour ses fleurs abondantes en forme de boules, il habille une pi\u00e8ce de vie ou une terrasse \u00e0 la perfection. Il pla\u00eet particuli\u00e8rement \u00e0 celles qui aiment les plantes d\u00e9coratives faciles \u00e0 mettre en valeur, avec un rendu \u00e0 la fois chic et chaleureux.<\/p>\n\n\n\n<p>Une autre plante fleurie que vous trouverez chez votre fleuriste pour la f\u00eate des M\u00e8res&nbsp;: le <strong>diplad\u00e9nia<\/strong>. Avec ses fleurs color\u00e9es et son port de t\u00eate, il trouve facilement sa place sur un balcon, une terrasse ou pr\u00e8s d\u2019une fen\u00eatre baign\u00e9e de lumi\u00e8re.<\/p>\n\n\n\n<h2 class=\"wp-block-heading\">Trouver un fleuriste ouvert le dimanche de la f\u00eate des M\u00e8res<\/h2>\n\n\n\n<p>Il n\u2019est pas rare d\u2019attendre la derni\u00e8re minute pour choisir des <a href=\"https:\/\/www.interflora.fr\/c\/fleurs-fete-des-meres\">fleurs pour la f\u00eate des M\u00e8res<\/a>. Mais cette journ\u00e9e tombant un dimanche, on peut vite se retrouver au d\u00e9pourvu.<\/p>\n\n\n\n<p>Heureusement, avec Interflora il est toujours possible de trouver un <strong>fleuriste ouvert pour la f\u00eate des M\u00e8res<\/strong>\u200b, avec un large choix de bouquets et de compositions sp\u00e9cialement pens\u00e9s pour l\u2019occasion.<\/p>\n\n\n\n<p>Et pour celles et ceux qui sont \u00e9loign\u00e9s de leur maman ce jour-l\u00e0, nos fleuristes assurent la <strong>livraison le jour de la f\u00eate des M\u00e8res<\/strong>\u200b&nbsp;! Accompagn\u00e9e d\u2019un message personnel, la surprise n\u2019en sera que plus exceptionnelle.<\/p>\n\n\n\n<p>Peu importe sur quelles fleurs votre choix se portera&nbsp;: le plus beau bouquet sera toujours celui qui est offert avec le c\u0153ur. Doux, lumineux, g\u00e9n\u00e9reux ou po\u00e9tique, il portera un message simple et universel&nbsp;: merci pour tout, maman.<\/p>\n\n\n\n<figure class=\"wp-block-image aligncenter size-full\"><img loading=\"lazy\" decoding=\"async\" width=\"800\" height=\"533\" src=\"https:\/\/www.interflora.fr\/blog\/wp-content\/uploads\/2026\/04\/fleuriste-ouvert-dimanche-fete-meres.jpg\" alt=\"Fleurs de fleuriste en gros plan\" class=\"wp-image-58839\" srcset=\"https:\/\/www.interflora.fr\/blog\/wp-content\/uploads\/2026\/04\/fleuriste-ouvert-dimanche-fete-meres.jpg 800w, https:\/\/www.interflora.fr\/blog\/wp-content\/uploads\/2026\/04\/fleuriste-ouvert-dimanche-fete-meres-300x200.jpg 300w, https:\/\/www.interflora.fr\/blog\/wp-content\/uploads\/2026\/04\/fleuriste-ouvert-dimanche-fete-meres-768x512.jpg 768w\" sizes=\"auto, (max-width: 800px) 100vw, 800px\" \/><\/figure>\n","protected":false},"excerpt":{"rendered":"<p>Pour la f\u00eate des M\u00e8res, le fleuriste devient le complice id\u00e9al des plus belles attentions. Esth\u00e9tiques, au parfum subtil et [&hellip;]<\/p>\n","protected":false},"author":9,"featured_media":58829,"comment_status":"open","ping_status":"open","sticky":false,"template":"","format":"standard","meta":{"_uag_custom_page_level_css":"","site-sidebar-layout":"default","site-content-layout":"","ast-site-content-layout":"default","site-content-style":"default","site-sidebar-style":"default","ast-global-header-display":"","ast-banner-title-visibility":"","ast-main-header-display":"","ast-hfb-above-header-display":"","ast-hfb-below-header-display":"","ast-hfb-mobile-header-display":"","site-post-title":"","ast-breadcrumbs-content":"","ast-featured-img":"","footer-sml-layout":"","ast-disable-related-posts":"","theme-transparent-header-meta":"","adv-header-id-meta":"","stick-header-meta":"","header-above-stick-meta":"","header-main-stick-meta":"","header-below-stick-meta":"","astra-migrate-meta-layouts":"default","ast-page-background-enabled":"default","ast-page-background-meta":{"desktop":{"background-color":"var(--ast-global-color-5)","background-image":"","background-repeat":"repeat","background-position":"center center","background-size":"auto","background-attachment":"scroll","background-type":"","background-media":"","overlay-type":"","overlay-color":"","overlay-opacity":"","overlay-gradient":""},"tablet":{"background-color":"","background-image":"","background-repeat":"repeat","background-position":"center center","background-size":"auto","background-attachment":"scroll","background-type":"","background-media":"","overlay-type":"","overlay-color":"","overlay-opacity":"","overlay-gradient":""},"mobile":{"background-color":"","background-image":"","background-repeat":"repeat","background-position":"center center","background-size":"auto","background-attachment":"scroll","background-type":"","background-media":"","overlay-type":"","overlay-color":"","overlay-opacity":"","overlay-gradient":""}},"ast-content-background-meta":{"desktop":{"background-color":"var(--ast-global-color-4)","background-image":"","background-repeat":"repeat","background-position":"center center","background-size":"auto","background-attachment":"scroll","background-type":"","background-media":"","overlay-type":"","overlay-color":"","overlay-opacity":"","overlay-gradient":""},"tablet":{"background-color":"var(--ast-global-color-4)","background-image":"","background-repeat":"repeat","background-position":"center center","background-size":"auto","background-attachment":"scroll","background-type":"","background-media":"","overlay-type":"","overlay-color":"","overlay-opacity":"","overlay-gradient":""},"mobile":{"background-color":"var(--ast-global-color-4)","background-image":"","background-repeat":"repeat","background-position":"center center","background-size":"auto","background-attachment":"scroll","background-type":"","background-media":"","overlay-type":"","overlay-color":"","overlay-opacity":"","overlay-gradient":""}},"footnotes":""},"categories":[177],"tags":[178],"class_list":["post-58830","post","type-post","status-publish","format-standard","has-post-thumbnail","hentry","category-fete-des-meres","tag-fete-des-meres"],"uagb_featured_image_src":{"full":["https:\/\/www.interflora.fr\/blog\/wp-content\/uploads\/2026\/04\/fete-des-meres-fleuriste.jpg",800,800,false],"thumbnail":["https:\/\/www.interflora.fr\/blog\/wp-content\/uploads\/2026\/04\/fete-des-meres-fleuriste-150x150.jpg",150,150,true],"medium":["https:\/\/www.interflora.fr\/blog\/wp-content\/uploads\/2026\/04\/fete-des-meres-fleuriste-300x300.jpg",300,300,true],"medium_large":["https:\/\/www.interflora.fr\/blog\/wp-content\/uploads\/2026\/04\/fete-des-meres-fleuriste-768x768.jpg",768,768,true],"large":["https:\/\/www.interflora.fr\/blog\/wp-content\/uploads\/2026\/04\/fete-des-meres-fleuriste.jpg",800,800,false],"1536x1536":["https:\/\/www.interflora.fr\/blog\/wp-content\/uploads\/2026\/04\/fete-des-meres-fleuriste.jpg",800,800,false],"2048x2048":["https:\/\/www.interflora.fr\/blog\/wp-content\/uploads\/2026\/04\/fete-des-meres-fleuriste.jpg",800,800,false]},"uagb_author_info":{"display_name":"Flora","author_link":"https:\/\/www.interflora.fr\/blog\/author\/fleurdeprovence\/"},"uagb_comment_info":0,"uagb_excerpt":"Pour la f\u00eate des M\u00e8res, le fleuriste devient le complice id\u00e9al des plus belles attentions. Esth\u00e9tiques, au parfum subtil et [&hellip;]","yoast_meta":{"title":"F\u00eate des M\u00e8res : les fleurs stars du Fleuriste","description":"Pour la f\u00eate des M\u00e8res, le fleuriste est votre alli\u00e9 ! Roses, pivoines, hortensias et plus encore, d\u00e9couvrez quelles fleurs offrir \u00e0 votre maman."},"_links":{"self":[{"href":"https:\/\/www.interflora.fr\/blog\/wp-json\/wp\/v2\/posts\/58830","targetHints":{"allow":["GET"]}}],"collection":[{"href":"https:\/\/www.interflora.fr\/blog\/wp-json\/wp\/v2\/posts"}],"about":[{"href":"https:\/\/www.interflora.fr\/blog\/wp-json\/wp\/v2\/types\/post"}],"author":[{"embeddable":true,"href":"https:\/\/www.interflora.fr\/blog\/wp-json\/wp\/v2\/users\/9"}],"replies":[{"embeddable":true,"href":"https:\/\/www.interflora.fr\/blog\/wp-json\/wp\/v2\/comments?post=58830"}],"version-history":[{"count":5,"href":"https:\/\/www.interflora.fr\/blog\/wp-json\/wp\/v2\/posts\/58830\/revisions"}],"predecessor-version":[{"id":58840,"href":"https:\/\/www.interflora.fr\/blog\/wp-json\/wp\/v2\/posts\/58830\/revisions\/58840"}],"wp:featuredmedia":[{"embeddable":true,"href":"https:\/\/www.interflora.fr\/blog\/wp-json\/wp\/v2\/media\/58829"}],"wp:attachment":[{"href":"https:\/\/www.interflora.fr\/blog\/wp-json\/wp\/v2\/media?parent=58830"}],"wp:term":[{"taxonomy":"category","embeddable":true,"href":"https:\/\/www.interflora.fr\/blog\/wp-json\/wp\/v2\/categories?post=58830"},{"taxonomy":"post_tag","embeddable":true,"href":"https:\/\/www.interflora.fr\/blog\/wp-json\/wp\/v2\/tags?post=58830"}],"curies":[{"name":"wp","href":"https:\/\/api.w.org\/{rel}","templated":true}]}}