{"id":58826,"date":"2026-04-26T15:11:50","date_gmt":"2026-04-26T13:11:50","guid":{"rendered":"https:\/\/www.interflora.fr\/blog\/?p=58826"},"modified":"2026-04-25T15:17:31","modified_gmt":"2026-04-25T13:17:31","slug":"cadeaux-premiere-fete-des-meres","status":"publish","type":"post","link":"https:\/\/www.interflora.fr\/blog\/cadeaux-premiere-fete-des-meres\/","title":{"rendered":"Premi\u00e8re f\u00eate des m\u00e8res : id\u00e9es cadeaux pour une jeune maman"},"content":{"rendered":"\n<p>La <strong>premi\u00e8re f\u00eate des M\u00e8res<\/strong> est un peu sp\u00e9ciale. Elle a ce go\u00fbt si particulier des grandes premi\u00e8res&nbsp;: celui des \u00e9motions nouvelles, des habitudes qui se cr\u00e9ent et des souvenirs qui commencent \u00e0 s\u2019\u00e9crire. Cette journ\u00e9e arrive dans une p\u00e9riode de vie souvent intense, rythm\u00e9e entre \u00e9merveillement, fatigue, premiers sourires et premiers rep\u00e8res \u00e0 trouver. Bien choisir son <strong>cadeau pour la premi\u00e8re f\u00eate des M\u00e8res<\/strong> permet de souligner la beaut\u00e9 du lien qui grandit chaque jour entre la maman et son b\u00e9b\u00e9. C\u2019est aussi l\u2019occasion de cr\u00e9er un souvenir que la jeune maman gardera longtemps. Mais alors, <strong>quel cadeau pour une premi\u00e8re f\u00eate des M\u00e8res<\/strong> m\u00e9morable<strong>\u200b<\/strong>&nbsp;?<\/p>\n\n\n\n<h2 class=\"wp-block-heading\">Cadeau pour une premi\u00e8re f\u00eate des M\u00e8res\u200b&nbsp;: lien m\u00e8re-enfant \u00e0 l\u2019honneur<\/h2>\n\n\n\n<p>Quand on cherche une <strong>id\u00e9e cadeau pour la premi\u00e8re f\u00eate des M\u00e8res<\/strong>, le plus beau choix est incontestablement le cadeau qui raconte une histoire, qui \u00e9meut. Cette journ\u00e9e c\u00e9l\u00e8bre les mamans, mais elle met aussi \u00e0 l\u2019honneur ce lien si pr\u00e9cieux qui existe entre une m\u00e8re et son enfant. La premi\u00e8re f\u00eate des M\u00e8res devient alors l\u2019occasion parfaite d\u2019offrir un cadeau qui marque cette relation naissante.<\/p>\n\n\n\n<h3 class=\"wp-block-heading\">Un bijou grav\u00e9<\/h3>\n\n\n\n<p>Un bijou grav\u00e9 avec la date de naissance de l\u2019enfant, ses initiales ou m\u00eame simplement son pr\u00e9nom reste une valeur s\u00fbre. Un bracelet grav\u00e9 accompagn\u00e9 d\u2019un beau bouquet de pivoines, se transforme alors en <strong>t\u00e9moin discret, mais \u00e9ternel, de ce nouveau chapitre de vie qui commence<\/strong>.<\/p>\n\n\n\n<p>Pour une touche encore plus symbolique, certains choisissent une pierre associ\u00e9e au mois de naissance du b\u00e9b\u00e9.<\/p>\n\n\n\n<p>Ce bijou pourrait bien devenir un symbole du <a href=\"https:\/\/www.interflora.fr\/blog\/fleur-lien-mere-fille\">lien m\u00e8re-fille<\/a> \u00e0 transmettre \u00e0 votre fille lorsqu\u2019elle sera adulte.<\/p>\n\n\n\n<figure class=\"wp-block-image aligncenter size-full\"><img loading=\"lazy\" decoding=\"async\" width=\"800\" height=\"800\" src=\"https:\/\/www.interflora.fr\/blog\/wp-content\/uploads\/2026\/04\/quel-cadeau-pour-premiere-fete-meres.jpg\" alt=\"bracelet Merci Maman avec inscription &quot;Maman&quot;\" class=\"wp-image-58823\" srcset=\"https:\/\/www.interflora.fr\/blog\/wp-content\/uploads\/2026\/04\/quel-cadeau-pour-premiere-fete-meres.jpg 800w, https:\/\/www.interflora.fr\/blog\/wp-content\/uploads\/2026\/04\/quel-cadeau-pour-premiere-fete-meres-300x300.jpg 300w, https:\/\/www.interflora.fr\/blog\/wp-content\/uploads\/2026\/04\/quel-cadeau-pour-premiere-fete-meres-150x150.jpg 150w, https:\/\/www.interflora.fr\/blog\/wp-content\/uploads\/2026\/04\/quel-cadeau-pour-premiere-fete-meres-768x768.jpg 768w\" sizes=\"auto, (max-width: 800px) 100vw, 800px\" \/><\/figure>\n\n\n\n<h3 class=\"wp-block-heading\">Un album photo<\/h3>\n\n\n\n<p>Un livre photo des premiers instants est une autre <strong>id\u00e9e cadeau pleine de sens pour une premi\u00e8re f\u00eate des M\u00e8res<\/strong>. Les premiers regards, les premi\u00e8res grimaces, le retour \u00e0 la maison, les siestes blotties l\u2019un contre l\u2019autre\u2026 R\u00e9unir ces souvenirs dans un bel objet permet de revivre l\u2019\u00e9motion des premiers mois encore et encore.<\/p>\n\n\n\n<p>Et n\u2019ayez pas peur de laisser des pages blanches&nbsp;: maman se fera un plaisir de les compl\u00e9ter au fil des ans avec les clich\u00e9s les plus adorables, les premi\u00e8res fois, les anniversaires et tous ces petits moments du quotidien qui construisent une histoire de famille.<\/p>\n\n\n\n<h2 class=\"wp-block-heading\">Id\u00e9es cadeau pour jeune maman\u200b&nbsp;: de l\u2019utile \u00e0 l\u2019agr\u00e9able<\/h2>\n\n\n\n<p>Pour une jeune maman, les cadeaux qui font mouche sont souvent ceux qui m\u00ealent douceur, praticit\u00e9 et \u00e9motion.<\/p>\n\n\n\n<h3 class=\"wp-block-heading\">Une s\u00e9ance photo<\/h3>\n\n\n\n<p>Si vous vous demandez \u00ab&nbsp;que puis-je offrir pour la premi\u00e8re f\u00eate des M\u00e8res&nbsp;?&nbsp;\u00bb, la <strong>s\u00e9ance photo maman-b\u00e9b\u00e9<\/strong> est une id\u00e9e cadeau incontournable. Les premiers mois passent \u00e0 une vitesse folle, et immortaliser cette p\u00e9riode permet de conserver ces souvenirs si pr\u00e9cieux.<\/p>\n\n\n\n<p>Selon le caract\u00e8re de la jeune maman et l\u2019\u00e2ge de l\u2019enfant, la s\u00e9ance photo pourra \u00eatre&nbsp;:<\/p>\n\n\n\n<ul class=\"wp-block-list\">\n<li>une s\u00e9ance lifestyle \u00e0 la maison, spontan\u00e9e et naturelle, pour capturer l\u2019authenticit\u00e9 du quotidien\u00a0: un regard \u00e9chang\u00e9, un fou rire pendant le bain, une sieste lov\u00e9e contre maman.<\/li>\n\n\n\n<li>un shooting en ext\u00e9rieur, dans un parc, au bord de mer ou un lieu cher \u00e0 la famille, pour profiter d\u2019une lumi\u00e8re naturelle et capturer les d\u00e9buts de cette nouvelle aventure familiale.<\/li>\n<\/ul>\n\n\n\n<p>B\u00e9b\u00e9 est encore bien au chaud dans le ventre de maman&nbsp;? La s\u00e9ance photo de grossesse est aussi une <a href=\"https:\/\/www.interflora.fr\/blog\/cadeaux-future-maman\/\">id\u00e9e cadeau m\u00e9morable pour une future maman<\/a>.<\/p>\n\n\n\n<h3 class=\"wp-block-heading\">Un coffret bien-\u00eatre<\/h3>\n\n\n\n<p>Toutes les mamans le savent bien\u2026 Les premi\u00e8res semaines de b\u00e9b\u00e9 ne sont pas de tout repos&nbsp;: le post-partum, les nuits \u00e9court\u00e9es, le nouveau rythme de vie \u00e0 trouver\u2026 Alors pourquoi ne pas lui offrir un moment rien que pour elle&nbsp;?<\/p>\n\n\n\n<p>Avec un coffret bien-\u00eatre, la nouvelle maman pourra choisir <strong>ce qui lui fait le plus plaisir pour se d\u00e9tendre<\/strong>&nbsp;: massage, soin en institut, spa, bougie parfum\u00e9e ou rituel cocooning \u00e0 la maison. Un peu de temps pour elle est souvent l\u2019un des plus beaux cadeaux que l\u2019on puisse faire.<\/p>\n\n\n\n<p>Accompagnez votre coffret de produits self-care avec une belle brass\u00e9e de pivoines en optant pour notre bundle Interflora-Rituals.<\/p>\n\n\n\n<figure class=\"wp-block-image aligncenter size-full\"><img loading=\"lazy\" decoding=\"async\" width=\"800\" height=\"600\" src=\"https:\/\/www.interflora.fr\/blog\/wp-content\/uploads\/2026\/04\/cadeau-pour-premiere-fete-meres.jpg\" alt=\"Coffret cadeau Rituals dispos\u00e9 sur une table basse\" class=\"wp-image-58825\" srcset=\"https:\/\/www.interflora.fr\/blog\/wp-content\/uploads\/2026\/04\/cadeau-pour-premiere-fete-meres.jpg 800w, https:\/\/www.interflora.fr\/blog\/wp-content\/uploads\/2026\/04\/cadeau-pour-premiere-fete-meres-300x225.jpg 300w, https:\/\/www.interflora.fr\/blog\/wp-content\/uploads\/2026\/04\/cadeau-pour-premiere-fete-meres-768x576.jpg 768w\" sizes=\"auto, (max-width: 800px) 100vw, 800px\" \/><\/figure>\n\n\n\n<h3 class=\"wp-block-heading\">Une plante<\/h3>\n\n\n\n<p>Pour une note po\u00e9tique et durable, une jolie <strong>plante qui grandira en m\u00eame temps que b\u00e9b\u00e9<\/strong> est une excellente id\u00e9e.<\/p>\n\n\n\n<p>Un petit olivier, une plante grimpante fleurie, une orchid\u00e9e ou un rosier miniature symbolisent la croissance du lien m\u00e8re-enfant. Jour apr\u00e8s jour, il \u00e9volue, s\u2019\u00e9panouit et rappelle la magie qu\u2019est la vie.<\/p>\n\n\n\n<p>D\u00e9couvrez nos <a href=\"https:\/\/www.interflora.fr\/c\/fleurs-fete-des-meres\">fleurs pour f\u00eater les mamans<\/a>&nbsp;!<\/p>\n\n\n\n<h2 class=\"wp-block-heading\">Faire offrir un cadeau pour la f\u00eate des M\u00e8res par b\u00e9b\u00e9&nbsp;: l\u2019\u00e9motion au rendez-vous<\/h2>\n\n\n\n<p>M\u00eame s\u2019il n\u2019est pas encore en mesure de donner lui-m\u00eame un cadeau \u00e0 sa ch\u00e8re maman, b\u00e9b\u00e9 peut sembler offrir lui-m\u00eame une attention pleine de tendresse. Effet garanti&nbsp;! Un <strong>cadeau pour la premi\u00e8re f\u00eate des M\u00e8res offert par b\u00e9b\u00e9<\/strong> \u00e9meut \u00e0 chaque fois&nbsp;!<\/p>\n\n\n\n<h3 class=\"wp-block-heading\">Son arbre g\u00e9n\u00e9alogique<\/h3>\n\n\n\n<p>Que vous soyez le papa, le co-parent ou les grands-parents de b\u00e9b\u00e9, r\u00e9aliser un arbre g\u00e9n\u00e9alogique illustr\u00e9 est une id\u00e9e cadeau originale pour cette premi\u00e8re f\u00eate des M\u00e8res.<\/p>\n\n\n\n<p>Pr\u00e9sent\u00e9 dans un cadre ou sous forme d\u2019affiche, c\u2019est un <strong>cadeau d\u00e9coratif, symbolique et profond\u00e9ment touchant<\/strong>, qui rappelle que cette premi\u00e8re f\u00eate des M\u00e8res marque aussi le d\u00e9but d\u2019une nouvelle branche dans l\u2019arbre familial.<\/p>\n\n\n\n<h3 class=\"wp-block-heading\">Une bo\u00eete \u00e0 tr\u00e9sors pour maman<\/h3>\n\n\n\n<p>La bo\u00eete \u00e0 tr\u00e9sors sp\u00e9ciale maman est une id\u00e9e aussi tendre qu\u2019intemporelle. \u00c0 l\u2019int\u00e9rieur, on peut glisser le bracelet de naissance de b\u00e9b\u00e9, son premier body, une m\u00e8che de cheveux, quelques photos ou encore un petit mot \u00e9crit au nom de l\u2019enfant.<\/p>\n\n\n\n<p>Laissez parler votre imagination, chaque histoire est unique&nbsp;! Cette bo\u00eete deviendra rapidement un <strong>refuge \u00e0 souvenirs<\/strong>, que la maman prendra plaisir \u00e0 rouvrir des ann\u00e9es plus tard.<\/p>\n\n\n\n<h3 class=\"wp-block-heading\">Les empreintes de b\u00e9b\u00e9<\/h3>\n\n\n\n<p>Impossible de passer \u00e0 c\u00f4t\u00e9 des empreintes de b\u00e9b\u00e9, grand classique des id\u00e9es cadeaux de la premi\u00e8re f\u00eate des M\u00e8res. En effet, quoi de plus mignon qu\u2019une empreinte de pied ou de main moul\u00e9e dans l\u2019argile \u00e0 conserver toute la vie&nbsp;?<\/p>\n\n\n\n<p>Simple \u00e0 r\u00e9aliser, ce <strong>cadeau offert par b\u00e9b\u00e9<\/strong> poss\u00e8de une valeur sentimentale immense pour la maman.<\/p>\n\n\n\n<p>Qu\u2019il s\u2019agisse d\u2019une premi\u00e8re, deuxi\u00e8me ou dixi\u00e8me f\u00eate des M\u00e8res, ne restez plus sans id\u00e9es et retrouvez d\u2019autres <a href=\"https:\/\/www.interflora.fr\/blog\/fete-des-meres-nos-idees-cadeaux\/\">cadeaux sp\u00e9cial f\u00eate des M\u00e8res<\/a>.<\/p>\n\n\n\n<figure class=\"wp-block-image aligncenter size-full\"><img loading=\"lazy\" decoding=\"async\" width=\"800\" height=\"655\" src=\"https:\/\/www.interflora.fr\/blog\/wp-content\/uploads\/2026\/04\/quoi-offrir-a-jeune-maman.jpg\" alt=\"Femme souriante, avec un tournesol devant son visage\" class=\"wp-image-58822\" srcset=\"https:\/\/www.interflora.fr\/blog\/wp-content\/uploads\/2026\/04\/quoi-offrir-a-jeune-maman.jpg 800w, https:\/\/www.interflora.fr\/blog\/wp-content\/uploads\/2026\/04\/quoi-offrir-a-jeune-maman-300x246.jpg 300w, https:\/\/www.interflora.fr\/blog\/wp-content\/uploads\/2026\/04\/quoi-offrir-a-jeune-maman-768x629.jpg 768w\" sizes=\"auto, (max-width: 800px) 100vw, 800px\" \/><\/figure>\n","protected":false},"excerpt":{"rendered":"<p>La premi\u00e8re f\u00eate des M\u00e8res est un peu sp\u00e9ciale. Elle a ce go\u00fbt si particulier des grandes premi\u00e8res&nbsp;: celui des [&hellip;]<\/p>\n","protected":false},"author":9,"featured_media":58824,"comment_status":"open","ping_status":"open","sticky":false,"template":"","format":"standard","meta":{"_uag_custom_page_level_css":"","site-sidebar-layout":"default","site-content-layout":"","ast-site-content-layout":"default","site-content-style":"default","site-sidebar-style":"default","ast-global-header-display":"","ast-banner-title-visibility":"","ast-main-header-display":"","ast-hfb-above-header-display":"","ast-hfb-below-header-display":"","ast-hfb-mobile-header-display":"","site-post-title":"","ast-breadcrumbs-content":"","ast-featured-img":"","footer-sml-layout":"","ast-disable-related-posts":"","theme-transparent-header-meta":"","adv-header-id-meta":"","stick-header-meta":"","header-above-stick-meta":"","header-main-stick-meta":"","header-below-stick-meta":"","astra-migrate-meta-layouts":"default","ast-page-background-enabled":"default","ast-page-background-meta":{"desktop":{"background-color":"var(--ast-global-color-5)","background-image":"","background-repeat":"repeat","background-position":"center center","background-size":"auto","background-attachment":"scroll","background-type":"","background-media":"","overlay-type":"","overlay-color":"","overlay-opacity":"","overlay-gradient":""},"tablet":{"background-color":"","background-image":"","background-repeat":"repeat","background-position":"center center","background-size":"auto","background-attachment":"scroll","background-type":"","background-media":"","overlay-type":"","overlay-color":"","overlay-opacity":"","overlay-gradient":""},"mobile":{"background-color":"","background-image":"","background-repeat":"repeat","background-position":"center center","background-size":"auto","background-attachment":"scroll","background-type":"","background-media":"","overlay-type":"","overlay-color":"","overlay-opacity":"","overlay-gradient":""}},"ast-content-background-meta":{"desktop":{"background-color":"var(--ast-global-color-4)","background-image":"","background-repeat":"repeat","background-position":"center center","background-size":"auto","background-attachment":"scroll","background-type":"","background-media":"","overlay-type":"","overlay-color":"","overlay-opacity":"","overlay-gradient":""},"tablet":{"background-color":"var(--ast-global-color-4)","background-image":"","background-repeat":"repeat","background-position":"center center","background-size":"auto","background-attachment":"scroll","background-type":"","background-media":"","overlay-type":"","overlay-color":"","overlay-opacity":"","overlay-gradient":""},"mobile":{"background-color":"var(--ast-global-color-4)","background-image":"","background-repeat":"repeat","background-position":"center center","background-size":"auto","background-attachment":"scroll","background-type":"","background-media":"","overlay-type":"","overlay-color":"","overlay-opacity":"","overlay-gradient":""}},"footnotes":""},"categories":[177,360],"tags":[190,178],"class_list":["post-58826","post","type-post","status-publish","format-standard","has-post-thumbnail","hentry","category-fete-des-meres","category-idees-cadeaux","tag-cadeaux","tag-fete-des-meres"],"uagb_featured_image_src":{"full":["https:\/\/www.interflora.fr\/blog\/wp-content\/uploads\/2026\/04\/premiere-fete-des-meres-cadeau.jpg",1200,1200,false],"thumbnail":["https:\/\/www.interflora.fr\/blog\/wp-content\/uploads\/2026\/04\/premiere-fete-des-meres-cadeau-150x150.jpg",150,150,true],"medium":["https:\/\/www.interflora.fr\/blog\/wp-content\/uploads\/2026\/04\/premiere-fete-des-meres-cadeau-300x300.jpg",300,300,true],"medium_large":["https:\/\/www.interflora.fr\/blog\/wp-content\/uploads\/2026\/04\/premiere-fete-des-meres-cadeau-768x768.jpg",768,768,true],"large":["https:\/\/www.interflora.fr\/blog\/wp-content\/uploads\/2026\/04\/premiere-fete-des-meres-cadeau-1024x1024.jpg",1024,1024,true],"1536x1536":["https:\/\/www.interflora.fr\/blog\/wp-content\/uploads\/2026\/04\/premiere-fete-des-meres-cadeau.jpg",1200,1200,false],"2048x2048":["https:\/\/www.interflora.fr\/blog\/wp-content\/uploads\/2026\/04\/premiere-fete-des-meres-cadeau.jpg",1200,1200,false]},"uagb_author_info":{"display_name":"Flora","author_link":"https:\/\/www.interflora.fr\/blog\/author\/fleurdeprovence\/"},"uagb_comment_info":0,"uagb_excerpt":"La premi\u00e8re f\u00eate des M\u00e8res est un peu sp\u00e9ciale. Elle a ce go\u00fbt si particulier des grandes premi\u00e8res&nbsp;: celui des [&hellip;]","yoast_meta":{"title":"Premi\u00e8re F\u00eate des M\u00e8res : le cadeau parfait pour une maman","description":"Faites de sa premi\u00e8re f\u00eate des M\u00e8res une journ\u00e9e m\u00e9morable avec un cadeau touchant et original. D\u00e9couvrez nos id\u00e9es cadeaux !"},"_links":{"self":[{"href":"https:\/\/www.interflora.fr\/blog\/wp-json\/wp\/v2\/posts\/58826","targetHints":{"allow":["GET"]}}],"collection":[{"href":"https:\/\/www.interflora.fr\/blog\/wp-json\/wp\/v2\/posts"}],"about":[{"href":"https:\/\/www.interflora.fr\/blog\/wp-json\/wp\/v2\/types\/post"}],"author":[{"embeddable":true,"href":"https:\/\/www.interflora.fr\/blog\/wp-json\/wp\/v2\/users\/9"}],"replies":[{"embeddable":true,"href":"https:\/\/www.interflora.fr\/blog\/wp-json\/wp\/v2\/comments?post=58826"}],"version-history":[{"count":2,"href":"https:\/\/www.interflora.fr\/blog\/wp-json\/wp\/v2\/posts\/58826\/revisions"}],"predecessor-version":[{"id":58828,"href":"https:\/\/www.interflora.fr\/blog\/wp-json\/wp\/v2\/posts\/58826\/revisions\/58828"}],"wp:featuredmedia":[{"embeddable":true,"href":"https:\/\/www.interflora.fr\/blog\/wp-json\/wp\/v2\/media\/58824"}],"wp:attachment":[{"href":"https:\/\/www.interflora.fr\/blog\/wp-json\/wp\/v2\/media?parent=58826"}],"wp:term":[{"taxonomy":"category","embeddable":true,"href":"https:\/\/www.interflora.fr\/blog\/wp-json\/wp\/v2\/categories?post=58826"},{"taxonomy":"post_tag","embeddable":true,"href":"https:\/\/www.interflora.fr\/blog\/wp-json\/wp\/v2\/tags?post=58826"}],"curies":[{"name":"wp","href":"https:\/\/api.w.org\/{rel}","templated":true}]}}