{"id":58818,"date":"2026-04-25T15:00:15","date_gmt":"2026-04-25T13:00:15","guid":{"rendered":"https:\/\/www.interflora.fr\/blog\/?p=58818"},"modified":"2026-04-25T15:00:16","modified_gmt":"2026-04-25T13:00:16","slug":"citations-mamans","status":"publish","type":"post","link":"https:\/\/www.interflora.fr\/blog\/citations-mamans\/","title":{"rendered":"Citations sur les mamans pour la f\u00eate des m\u00e8res : touchantes, dr\u00f4les et po\u00e9tiques"},"content":{"rendered":"\n<p>La f\u00eate des M\u00e8res approche\u2026 \u00c0 cette occasion, vous cherchez une <strong>citation pour votre maman<\/strong> \u00e0 \u00e9crire sur une carte ou dans un message&nbsp;? Pour faire plus original qu\u2019un simple \u00ab&nbsp;<strong>Bonne f\u00eate maman<\/strong>&nbsp;\u00bb cette ann\u00e9e, nous vous avons concoct\u00e9 des mots simples, mais qui viennent du c\u0153ur. Qu\u2019elles soient tendres, po\u00e9tiques, dr\u00f4les ou inspir\u00e9es de grands auteurs, ces <strong>citations sur les mamans<\/strong> sont parfaites pour lui rappeler combien sa pr\u00e9sence dans votre vie vous est pr\u00e9cieuse. Piochez-y des id\u00e9es, recopiez-les ou inspirez-vous-en pour cr\u00e9er les v\u00f4tres&nbsp;!<\/p>\n\n\n\n<h2 class=\"wp-block-heading\">Manifester son amour pour sa maman avec une citation<\/h2>\n\n\n\n<p>Une maman, c\u2019est sacr\u00e9. De sang ou de c\u0153ur, elle rassure, encourage, console et c\u00e9l\u00e8bre chacune de nos victoires comme si elles \u00e9taient les siennes. Lui offrir une jolie phrase \u00e0 l\u2019occasion de la f\u00eate des M\u00e8res, c\u2019est faire honneur \u00e0 sa d\u00e9votion, \u00e0 sa gentillesse et \u00e0 son amour inconditionnel.<\/p>\n\n\n\n<p>Soyez s\u00fbr qu\u2019une citation pour votre maman sera tr\u00e8s appr\u00e9ci\u00e9e, que ce soit en message envoy\u00e9 au petit matin pour qu\u2019elle se r\u00e9veille avec le sourire ou pour accompagner un <a href=\"https:\/\/www.interflora.fr\/c\/fleurs-fete-des-meres\">joli bouquet de fleurs<\/a> livr\u00e9 ou donn\u00e9 en main propre.<\/p>\n\n\n\n<p>Certaines m\u00e8res pr\u00e9f\u00e8rent les mots simples, d\u2019autres sont sensibles \u00e0 une touche plus po\u00e9tique. L\u2019essentiel est de <strong>choisir une citation qui ressemble \u00e0 votre relation<\/strong>&nbsp;: complice, tendre ou pleine d\u2019humour. \u00c0 vous de choisir&nbsp;!<\/p>\n\n\n\n<figure class=\"wp-block-image aligncenter size-full\"><img loading=\"lazy\" decoding=\"async\" width=\"800\" height=\"533\" src=\"https:\/\/www.interflora.fr\/blog\/wp-content\/uploads\/2026\/04\/amour-maman-citation.jpg\" alt=\"Une femme devant une table d'\u00e9t\u00e9 dans un jardin\" class=\"wp-image-58817\" srcset=\"https:\/\/www.interflora.fr\/blog\/wp-content\/uploads\/2026\/04\/amour-maman-citation.jpg 800w, https:\/\/www.interflora.fr\/blog\/wp-content\/uploads\/2026\/04\/amour-maman-citation-300x200.jpg 300w, https:\/\/www.interflora.fr\/blog\/wp-content\/uploads\/2026\/04\/amour-maman-citation-768x512.jpg 768w\" sizes=\"auto, (max-width: 800px) 100vw, 800px\" \/><\/figure>\n\n\n\n<h2 class=\"wp-block-heading\">Belles citations pour sa maman<\/h2>\n\n\n\n<p>Les plus belles citations sur les mamans sont souvent celles qui disent l\u2019\u00e9vidence avec douceur&nbsp;:<\/p>\n\n\n\n<ul class=\"wp-block-list\">\n<li>\u00ab\u00a0Le c\u0153ur d\u2019une maman est le premier refuge et le plus doux des foyers.\u00a0\u00bb<\/li>\n\n\n\n<li>\u00ab\u00a0L\u2019amour d\u2019une m\u00e8re ne se mesure pas, il se ressent \u00e0 chaque instant.\u00a0\u00bb<\/li>\n\n\n\n<li>\u00ab\u00a0Dans les bras d\u2019une m\u00e8re, m\u00eame les jours gris prennent la couleur du bonheur.\u00a0\u00bb<\/li>\n\n\n\n<li>\u00ab\u00a0Maman, ton amour a cette magie rare\u00a0: il r\u00e9pare les jours fatigu\u00e9s et embellit les jours heureux.\u00a0\u00bb<\/li>\n<\/ul>\n\n\n\n<h2 class=\"wp-block-heading\">Citations courtes pour sa maman<\/h2>\n\n\n\n<p>Quelques citations avec tr\u00e8s peu de mots, parfaites pour celles et ceux qui n\u2019aiment pas les longs discours&nbsp;:<\/p>\n\n\n\n<ul class=\"wp-block-list\">\n<li>\u00ab\u00a0Maman, tu es la boussole de ma vie.\u00a0\u00bb<\/li>\n\n\n\n<li>\u00ab\u00a0Une maman, c\u2019est de l\u2019amour \u00e0 l\u2019\u00e9tat pur.\u00a0\u00bb<\/li>\n\n\n\n<li>\u00ab\u00a0\u00c0 tes c\u00f4t\u00e9s, tout devient plus doux.\u00a0\u00bb<\/li>\n\n\n\n<li>\u00ab\u00a0Ton amour reste mon plus beau refuge.\u00a0\u00bb<\/li>\n<\/ul>\n\n\n\n<p>Pour les plus r\u00e9serv\u00e9s pour qui les mots sont difficiles \u00e0 \u00e9crire ou \u00e0 prononcer, d\u00e9couvrez une autre fa\u00e7on de <a href=\"https:\/\/www.interflora.fr\/blog\/dire-je-t-aime-maman\/\">dire je t\u2019aime \u00e0 votre maman<\/a>.<\/p>\n\n\n\n<h2 class=\"wp-block-heading\">Citations pour une maman forte<\/h2>\n\n\n\n<p>Souvent associ\u00e9es \u00e0 la douceur, les m\u00e8res sont pourtant de v\u00e9ritables lionnes lorsqu\u2019il s\u2019agit de leurs enfants. Voici quelques citations pour mettre \u00e0 l\u2019honneur cette force parfois cach\u00e9e&nbsp;:<\/p>\n\n\n\n<ul class=\"wp-block-list\">\n<li>\u00ab\u00a0Derri\u00e8re chacun de mes pas se cache la force que tu m\u2019as transmise.\u00a0\u00bb<\/li>\n\n\n\n<li>\u00ab\u00a0Ta force a construit la confiance que je porte en moi chaque jour.\u00a0\u00bb<\/li>\n\n\n\n<li>\u00ab\u00a0Ta force est aussi discr\u00e8te que la ros\u00e9e du matin, mais aussi efficace que la lumi\u00e8re du soleil.\u00a0\u00bb<\/li>\n\n\n\n<li>\u00ab\u00a0Une m\u00e8re est le pilier d\u2019une famille.\u00a0\u00bb<\/li>\n<\/ul>\n\n\n\n<h2 class=\"wp-block-heading\">Citations sur \u00eatre maman<\/h2>\n\n\n\n<p>La maternit\u00e9 transforme un \u00eatre humain pour la vie. Voici quelques phrases qui d\u00e9finissent bien ce qu\u2019est une m\u00e8re, m\u00eame si celle-ci n\u2019en a pas toujours conscience&nbsp;:<\/p>\n\n\n\n<div class=\"wp-block-columns are-vertically-aligned-center is-layout-flex wp-container-core-columns-is-layout-28f84493 wp-block-columns-is-layout-flex\">\n<div class=\"wp-block-column is-vertically-aligned-center is-layout-flow wp-block-column-is-layout-flow\" style=\"flex-basis:33.33%\">\n<figure class=\"wp-block-image size-full\"><img loading=\"lazy\" decoding=\"async\" width=\"533\" height=\"800\" src=\"https:\/\/www.interflora.fr\/blog\/wp-content\/uploads\/2026\/04\/citations-mamans.jpg\" alt=\"Une bouquet de fleurs dans un sac et en fond une maman et sa fille\" class=\"wp-image-58814\" srcset=\"https:\/\/www.interflora.fr\/blog\/wp-content\/uploads\/2026\/04\/citations-mamans.jpg 533w, https:\/\/www.interflora.fr\/blog\/wp-content\/uploads\/2026\/04\/citations-mamans-200x300.jpg 200w\" sizes=\"auto, (max-width: 533px) 100vw, 533px\" \/><\/figure>\n<\/div>\n\n\n\n<div class=\"wp-block-column is-vertically-aligned-center is-layout-flow wp-block-column-is-layout-flow\" style=\"flex-basis:66.66%\">\n<p>\u00ab&nbsp;\u00catre maman, c\u2019est aimer avant m\u00eame de conna\u00eetre, comprendre avant m\u00eame d\u2019entendre.&nbsp;\u00bb<\/p>\n\n\n\n<p>\u00ab&nbsp;\u00catre maman, c\u2019est transformer les gestes du quotidien en preuves d\u2019amour silencieuses.&nbsp;\u00bb<\/p>\n\n\n\n<p>\u00ab&nbsp;\u00catre maman, c\u2019est faire de son mieux chaque jour en se demandant comment on aurait pu mieux faire.&nbsp;\u00bb<\/p>\n\n\n\n<p>\u00ab&nbsp;\u00catre maman, c\u2019est porter son c\u0153ur en dehors de soi pour le reste de sa vie.&nbsp;\u00bb<\/p>\n<\/div>\n<\/div>\n\n\n\n<h2 class=\"wp-block-heading\">Citations po\u00e9tiques pour sa m\u00e8re<\/h2>\n\n\n\n<p>Quelques mots teint\u00e9s de po\u00e9sie pour les m\u00e8res sensibles aux jolies tournures de phrase&nbsp;:<\/p>\n\n\n\n<ul class=\"wp-block-list\">\n<li>\u00ab\u00a0Maman, ta voix a la douceur des souvenirs qui rassurent et le parfum des jours heureux.\u00a0\u00bb<\/li>\n\n\n\n<li>\u00ab\u00a0Le sourire d\u2019une m\u00e8re est un soleil qui ne se couche jamais.\u00a0\u00bb<\/li>\n\n\n\n<li>\u00ab\u00a0Tu es comme une \u00e9toile\u00a0: m\u00eame quand je ne te vois pas, je sais que tu veilles sur moi.\u00a0\u00bb<\/li>\n<\/ul>\n\n\n\n<p>Vous voulez lui envoyer un po\u00e8me&nbsp;? D\u00e9couvrez notre s\u00e9lection de <a href=\"https:\/\/www.interflora.fr\/blog\/poemes-fete-des-meres\/\">po\u00e8mes \u00e0 imprimer pour la f\u00eate des M\u00e8res<\/a>.<\/p>\n\n\n\n<h2 class=\"wp-block-heading\">Les plus belles citations maman fille<\/h2>\n\n\n\n<p>Le lien unique entre une m\u00e8re et sa fille m\u00e9rite des mots \u00e0 la hauteur de cette belle complicit\u00e9&nbsp;:<\/p>\n\n\n\n<ul class=\"wp-block-list\">\n<li>\u00ab\u00a0 Entre une m\u00e8re et sa fille, il existe un fil invisible cousu d\u2019amour, de confiance et de complicit\u00e9.\u00a0\u00bb<\/li>\n\n\n\n<li>\u00ab\u00a0Maman, tu es mon mod\u00e8le, ma confidente et celle sur qui je peux toujours compter.\u00a0\u00bb<\/li>\n\n\n\n<li>\u00ab\u00a0Il para\u00eet qu\u2019on peut savoir \u00e0 quoi ressemblera une fille en regardant sa m\u00e8re. J\u2019esp\u00e8re que c\u2019est vrai.\u00a0\u00bb<\/li>\n<\/ul>\n\n\n\n<h2 class=\"wp-block-heading\">Citations dr\u00f4les pour la f\u00eate des M\u00e8res<\/h2>\n\n\n\n<p>Une touche d\u2019humour dans une citation n\u2019a jamais fait de mal pour faire sourire et \u00e9mouvoir sa ch\u00e8re maman&nbsp;:<\/p>\n\n\n\n<ul class=\"wp-block-list\">\n<li>\u00ab\u00a0Maman, merci pour tout ton amour\u2026 et pour avoir surv\u00e9cu \u00e0 mon adolescence.\u00a0\u00bb<\/li>\n\n\n\n<li>\u00ab\u00a0Merci maman pour tes pr\u00e9cieux conseils\u2026 que je comprends enfin dix ans plus tard. Mieux vaut tard que jamais\u00a0!\u00a0\u00bb<\/li>\n\n\n\n<li>\u00ab\u00a0Tu es la meilleure maman du monde. Attention, ce message s\u2019auto-d\u00e9truira dans cinq secondes (et je nierai l\u2019avoir \u00e9crit).\u00a0\u00bb<\/li>\n<\/ul>\n\n\n\n<h2 class=\"wp-block-heading\">Citations c\u00e9l\u00e8bres sur les mamans<\/h2>\n\n\n\n<p>Po\u00e8tes, auteurs ou personnages c\u00e9l\u00e8bres, certaines de leurs citations sauront conqu\u00e9rir le c\u0153ur de votre maman&nbsp;:<\/p>\n\n\n\n<div class=\"wp-block-columns are-vertically-aligned-center is-layout-flex wp-container-core-columns-is-layout-28f84493 wp-block-columns-is-layout-flex\">\n<div class=\"wp-block-column is-vertically-aligned-center is-layout-flow wp-block-column-is-layout-flow\">\n<p>\u00ab&nbsp;L\u2019amour d\u2019une m\u00e8re pour son enfant ne conna\u00eet ni loi, ni piti\u00e9, ni limite. Il pourrait an\u00e9antir impitoyablement tout ce qui se trouve en travers de son chemin.&nbsp;\u00bb \u2014 Agatha Christie<\/p>\n\n\n\n<p>\u00ab&nbsp;Tous les c\u0153urs des mamans sont des horloges sentimentales. Leurs tic-tacs sont nos premi\u00e8res berceuses.&nbsp;\u00bb \u2014 Nabil Alami<\/p>\n\n\n\n<p>\u00ab&nbsp;Le c\u0153ur d\u2019une m\u00e8re est le chef-d\u2019\u0153uvre de la nature.&nbsp;\u00bb \u2014 Andr\u00e9 Gr\u00e9try<\/p>\n\n\n\n<p>\u00ab&nbsp;Les bras d\u2019une m\u00e8re sont faits de tendresse.&nbsp;\u00bb \u2014 Victor Hugo<\/p>\n\n\n\n<p>\u00ab&nbsp;Le c\u0153ur d\u2019une m\u00e8re est un ab\u00eeme au fond duquel se trouve toujours un pardon.&nbsp;\u00bb \u2014 Honor\u00e9 de Balzac<\/p>\n<\/div>\n\n\n\n<div class=\"wp-block-column is-vertically-aligned-center is-layout-flow wp-block-column-is-layout-flow\">\n<figure class=\"wp-block-image size-full\"><img loading=\"lazy\" decoding=\"async\" width=\"533\" height=\"800\" src=\"https:\/\/www.interflora.fr\/blog\/wp-content\/uploads\/2026\/04\/citation-maman-fille.jpg\" alt=\"Une maman et sa fille riant allong\u00e9es sur un plaid, des fleurs \u00e0 la main\" class=\"wp-image-58815\" srcset=\"https:\/\/www.interflora.fr\/blog\/wp-content\/uploads\/2026\/04\/citation-maman-fille.jpg 533w, https:\/\/www.interflora.fr\/blog\/wp-content\/uploads\/2026\/04\/citation-maman-fille-200x300.jpg 200w\" sizes=\"auto, (max-width: 533px) 100vw, 533px\" \/><\/figure>\n<\/div>\n<\/div>\n\n\n\n<h2 class=\"wp-block-heading\">Comment personnaliser une citation&nbsp;?<\/h2>\n\n\n\n<p>Toutes ces <strong>citations pour maman<\/strong> peuvent \u00eatre \u00e9crites sans modifications. Toutefois, n\u2019h\u00e9sitez pas \u00e0 vous en inspirer pour cr\u00e9er les v\u00f4tres et personnaliser encore davantage votre message.<\/p>\n\n\n\n<p>Voici quelques astuces pour rendre une citation unique et personnelle&nbsp;:<\/p>\n\n\n\n<ul class=\"wp-block-list\">\n<li>ajoutez un souvenir commun\u00a0;<\/li>\n\n\n\n<li>\u00e9voquez une phrase que votre maman r\u00e9p\u00e9tait souvent\u00a0;<\/li>\n\n\n\n<li>mentionnez une qualit\u00e9 que vous admirez chez elle\u00a0;<\/li>\n\n\n\n<li>faites r\u00e9f\u00e9rence \u00e0 une petite habitude mignonne ou rigolote de votre m\u00e8re.<\/li>\n<\/ul>\n\n\n\n<p>Cette personnalisation ajoute une vraie \u00e2me \u00e0 votre message et touchera encore plus le c\u0153ur de votre m\u00e8re.Vous n\u2019avez pas trouv\u00e9 votre bonheur&nbsp;? Retrouvez des <a href=\"https:\/\/www.interflora.fr\/blog\/messages-fete-des-meres\/\">id\u00e9es de messages \u00e0 envoyer \u00e0 votre ch\u00e8re maman<\/a>.<\/p>\n","protected":false},"excerpt":{"rendered":"<p>La f\u00eate des M\u00e8res approche\u2026 \u00c0 cette occasion, vous cherchez une citation pour votre maman \u00e0 \u00e9crire sur une carte [&hellip;]<\/p>\n","protected":false},"author":9,"featured_media":58816,"comment_status":"open","ping_status":"open","sticky":false,"template":"","format":"standard","meta":{"_uag_custom_page_level_css":"","site-sidebar-layout":"default","site-content-layout":"","ast-site-content-layout":"default","site-content-style":"default","site-sidebar-style":"default","ast-global-header-display":"","ast-banner-title-visibility":"","ast-main-header-display":"","ast-hfb-above-header-display":"","ast-hfb-below-header-display":"","ast-hfb-mobile-header-display":"","site-post-title":"","ast-breadcrumbs-content":"","ast-featured-img":"","footer-sml-layout":"","ast-disable-related-posts":"","theme-transparent-header-meta":"","adv-header-id-meta":"","stick-header-meta":"","header-above-stick-meta":"","header-main-stick-meta":"","header-below-stick-meta":"","astra-migrate-meta-layouts":"default","ast-page-background-enabled":"default","ast-page-background-meta":{"desktop":{"background-color":"var(--ast-global-color-5)","background-image":"","background-repeat":"repeat","background-position":"center center","background-size":"auto","background-attachment":"scroll","background-type":"","background-media":"","overlay-type":"","overlay-color":"","overlay-opacity":"","overlay-gradient":""},"tablet":{"background-color":"","background-image":"","background-repeat":"repeat","background-position":"center center","background-size":"auto","background-attachment":"scroll","background-type":"","background-media":"","overlay-type":"","overlay-color":"","overlay-opacity":"","overlay-gradient":""},"mobile":{"background-color":"","background-image":"","background-repeat":"repeat","background-position":"center center","background-size":"auto","background-attachment":"scroll","background-type":"","background-media":"","overlay-type":"","overlay-color":"","overlay-opacity":"","overlay-gradient":""}},"ast-content-background-meta":{"desktop":{"background-color":"var(--ast-global-color-4)","background-image":"","background-repeat":"repeat","background-position":"center center","background-size":"auto","background-attachment":"scroll","background-type":"","background-media":"","overlay-type":"","overlay-color":"","overlay-opacity":"","overlay-gradient":""},"tablet":{"background-color":"var(--ast-global-color-4)","background-image":"","background-repeat":"repeat","background-position":"center center","background-size":"auto","background-attachment":"scroll","background-type":"","background-media":"","overlay-type":"","overlay-color":"","overlay-opacity":"","overlay-gradient":""},"mobile":{"background-color":"var(--ast-global-color-4)","background-image":"","background-repeat":"repeat","background-position":"center center","background-size":"auto","background-attachment":"scroll","background-type":"","background-media":"","overlay-type":"","overlay-color":"","overlay-opacity":"","overlay-gradient":""}},"footnotes":""},"categories":[177,1],"tags":[178,340],"class_list":["post-58818","post","type-post","status-publish","format-standard","has-post-thumbnail","hentry","category-fete-des-meres","category-non-classe","tag-fete-des-meres","tag-messages"],"uagb_featured_image_src":{"full":["https:\/\/www.interflora.fr\/blog\/wp-content\/uploads\/2026\/04\/citation-maman.jpg",1000,357,false],"thumbnail":["https:\/\/www.interflora.fr\/blog\/wp-content\/uploads\/2026\/04\/citation-maman-150x150.jpg",150,150,true],"medium":["https:\/\/www.interflora.fr\/blog\/wp-content\/uploads\/2026\/04\/citation-maman-300x107.jpg",300,107,true],"medium_large":["https:\/\/www.interflora.fr\/blog\/wp-content\/uploads\/2026\/04\/citation-maman-768x274.jpg",768,274,true],"large":["https:\/\/www.interflora.fr\/blog\/wp-content\/uploads\/2026\/04\/citation-maman.jpg",1000,357,false],"1536x1536":["https:\/\/www.interflora.fr\/blog\/wp-content\/uploads\/2026\/04\/citation-maman.jpg",1000,357,false],"2048x2048":["https:\/\/www.interflora.fr\/blog\/wp-content\/uploads\/2026\/04\/citation-maman.jpg",1000,357,false]},"uagb_author_info":{"display_name":"Flora","author_link":"https:\/\/www.interflora.fr\/blog\/author\/fleurdeprovence\/"},"uagb_comment_info":0,"uagb_excerpt":"La f\u00eate des M\u00e8res approche\u2026 \u00c0 cette occasion, vous cherchez une citation pour votre maman \u00e0 \u00e9crire sur une carte [&hellip;]","yoast_meta":{"title":"Citation pour une Maman : 30 citations pour la f\u00eate des M\u00e8res","description":"Trouvez les mots justes pour la f\u00eate des M\u00e8res et faites fondre son c\u0153ur de bonheur. La citation pour votre maman se trouve ici."},"_links":{"self":[{"href":"https:\/\/www.interflora.fr\/blog\/wp-json\/wp\/v2\/posts\/58818","targetHints":{"allow":["GET"]}}],"collection":[{"href":"https:\/\/www.interflora.fr\/blog\/wp-json\/wp\/v2\/posts"}],"about":[{"href":"https:\/\/www.interflora.fr\/blog\/wp-json\/wp\/v2\/types\/post"}],"author":[{"embeddable":true,"href":"https:\/\/www.interflora.fr\/blog\/wp-json\/wp\/v2\/users\/9"}],"replies":[{"embeddable":true,"href":"https:\/\/www.interflora.fr\/blog\/wp-json\/wp\/v2\/comments?post=58818"}],"version-history":[{"count":2,"href":"https:\/\/www.interflora.fr\/blog\/wp-json\/wp\/v2\/posts\/58818\/revisions"}],"predecessor-version":[{"id":58820,"href":"https:\/\/www.interflora.fr\/blog\/wp-json\/wp\/v2\/posts\/58818\/revisions\/58820"}],"wp:featuredmedia":[{"embeddable":true,"href":"https:\/\/www.interflora.fr\/blog\/wp-json\/wp\/v2\/media\/58816"}],"wp:attachment":[{"href":"https:\/\/www.interflora.fr\/blog\/wp-json\/wp\/v2\/media?parent=58818"}],"wp:term":[{"taxonomy":"category","embeddable":true,"href":"https:\/\/www.interflora.fr\/blog\/wp-json\/wp\/v2\/categories?post=58818"},{"taxonomy":"post_tag","embeddable":true,"href":"https:\/\/www.interflora.fr\/blog\/wp-json\/wp\/v2\/tags?post=58818"}],"curies":[{"name":"wp","href":"https:\/\/api.w.org\/{rel}","templated":true}]}}