{"id":58786,"date":"2026-04-21T09:10:17","date_gmt":"2026-04-21T07:10:17","guid":{"rendered":"https:\/\/www.interflora.fr\/blog\/?p=58786"},"modified":"2026-04-23T11:19:00","modified_gmt":"2026-04-23T09:19:00","slug":"comment-creer-un-faire-part-original-pour-vos-fetes","status":"publish","type":"post","link":"https:\/\/www.interflora.fr\/blog\/comment-creer-un-faire-part-original-pour-vos-fetes\/","title":{"rendered":"Comment cr\u00e9er un faire-part original pour vos f\u00eates"},"content":{"rendered":"\n<p>Contrairement aux id\u00e9es re\u00e7ues, l&rsquo;annonce d&rsquo;un \u00e9v\u00e9nement ne commence pas par la lecture du texte mais par l&rsquo;\u00e9motion visuelle suscit\u00e9e d\u00e8s l&rsquo;ouverture de l&rsquo;enveloppe du faire-part ! D\u00e9couvrez comment cr\u00e9er un faire-part original pour surprendre vos proches et refl\u00e9ter parfaitement votre personnalit\u00e9 lors de vos plus belles c\u00e9l\u00e9brations.&nbsp;<\/p>\n\n\n\n<figure class=\"wp-block-image aligncenter size-full\"><img loading=\"lazy\" decoding=\"async\" width=\"800\" height=\"533\" src=\"https:\/\/www.interflora.fr\/blog\/wp-content\/uploads\/2026\/04\/faire-part-mariage.jpg\" alt=\"Faire part mariage\" class=\"wp-image-58787\" srcset=\"https:\/\/www.interflora.fr\/blog\/wp-content\/uploads\/2026\/04\/faire-part-mariage.jpg 800w, https:\/\/www.interflora.fr\/blog\/wp-content\/uploads\/2026\/04\/faire-part-mariage-300x200.jpg 300w, https:\/\/www.interflora.fr\/blog\/wp-content\/uploads\/2026\/04\/faire-part-mariage-768x512.jpg 768w\" sizes=\"auto, (max-width: 800px) 100vw, 800px\" \/><\/figure>\n\n\n\n<h2 class=\"wp-block-heading\"><strong>Opter pour un faire-part personnalis\u00e9<\/strong>&nbsp;<\/h2>\n\n\n\n<p>Choisir un <strong>faire-part personnalis\u00e9<\/strong>, c&rsquo;est offrir \u00e0 vos invit\u00e9s un avant-go\u00fbt unique de votre union. Une forme en arche ou une pochette cr\u00e9e un impact visuel imm\u00e9diat : ces structures audacieuses cassent les codes classiques et marquent durablement les esprits d\u00e8s l&rsquo;ouverture.&nbsp;<\/p>\n\n\n\n<p>Nous aimons particuli\u00e8rement l&rsquo;usage du calque pour apporter relief \u00e9l\u00e9gant et myst\u00e8re. Ce jeu de transparence sublime <a href=\"https:\/\/maisonjune.fr\/pages\/faire-part\">la personnalisation des faire-part avec Maison June<\/a>. L&rsquo;effet de superposition est tout simplement envo\u00fbtant !&nbsp;<\/p>\n\n\n\n<h2 class=\"wp-block-heading\"><strong>C\u00e9l\u00e9brer l&rsquo;arriv\u00e9e de b\u00e9b\u00e9 avec tendresse<\/strong>&nbsp;<\/h2>\n\n\n\n<p>Nous adorons l&rsquo;id\u00e9e des cartes \u00e9tapes pour raconter l&rsquo;\u00e9volution de votre petit tr\u00e9sor. Ce format narratif traverse les mois avec une tendresse infinie. C&rsquo;est <strong>un souvenir qui dure vraiment<\/strong>.&nbsp;<\/p>\n\n\n\n<p>Privil\u00e9giez des <strong>photos minimalistes pour un style \u00e9pur\u00e9<\/strong>. Souvent, la simplicit\u00e9 sublime l&rsquo;\u00e9motion brute. Moins de fioritures permettent de focaliser l&rsquo;attention sur ce nouveau visage.&nbsp;<\/p>\n\n\n\n<p>Les <strong>univers f\u00e9eriques et animaliers s&rsquo;imposent<\/strong> comme une valeur s\u00fbre. Nous vous conseillons de piocher parmi ces \u00e9l\u00e9ments graphiques tr\u00e8s tendance :&nbsp;<\/p>\n\n\n\n<ul class=\"wp-block-list\">\n<li><strong>Illustrations aquarelles<\/strong>\u00a0<\/li>\n\n\n\n<li><strong>Motifs savane<\/strong>\u00a0<\/li>\n\n\n\n<li><strong>Typographies manuscrites<\/strong>\u00a0<\/li>\n<\/ul>\n\n\n\n<p>Les <strong>designs jungle et champ\u00eatre sont actuellement incontournables<\/strong> pour illuminer cette c\u00e9r\u00e9monie. Ces th\u00e9matiques apportent une fra\u00eecheur naturelle et une atmosph\u00e8re bois\u00e9e tr\u00e8s apaisante \u00e0 votre projet de papeterie.&nbsp;<\/p>\n\n\n\n<figure class=\"wp-block-image aligncenter size-full\"><img loading=\"lazy\" decoding=\"async\" width=\"800\" height=\"533\" src=\"https:\/\/www.interflora.fr\/blog\/wp-content\/uploads\/2026\/04\/faire-part-naissance.jpg\" alt=\"Faire part naissance\" class=\"wp-image-58788\" srcset=\"https:\/\/www.interflora.fr\/blog\/wp-content\/uploads\/2026\/04\/faire-part-naissance.jpg 800w, https:\/\/www.interflora.fr\/blog\/wp-content\/uploads\/2026\/04\/faire-part-naissance-300x200.jpg 300w, https:\/\/www.interflora.fr\/blog\/wp-content\/uploads\/2026\/04\/faire-part-naissance-768x512.jpg 768w\" sizes=\"auto, (max-width: 800px) 100vw, 800px\" \/><\/figure>\n\n\n\n<h2 class=\"wp-block-heading\"><strong>Marquer les esprits pour chaque anniversaire<\/strong>&nbsp;<\/h2>\n\n\n\n<p>Nous adorons l&rsquo;effet de surprise provoqu\u00e9 par les cartes pop-up ludiques. Ce volume ing\u00e9nieux cr\u00e9e imm\u00e9diatement <strong>un souvenir m\u00e9morable<\/strong>. C&rsquo;est une attention qui marque les esprits d\u00e8s l&rsquo;ouverture.&nbsp;<\/p>\n\n\n\n<p>Vous pouvez aussi oser le <strong>format parchemin enroul\u00e9<\/strong> pour une invitation atypique. Ce style est parfait pour un th\u00e8me explorateur.&nbsp;<\/p>\n\n\n\n<p><strong>Adaptez enfin le graphisme selon l&rsquo;\u00e2ge<\/strong> pour une coh\u00e9rence parfaite. Nous vous sugg\u00e9rons de piocher parmi ces options :&nbsp;<\/p>\n\n\n\n<ul class=\"wp-block-list\">\n<li><strong>Couleurs vives pour enfants<\/strong>\u00a0<\/li>\n\n\n\n<li><strong>Dorure pour les 50 ans<\/strong>\u00a0<\/li>\n\n\n\n<li><strong>Minimalisme pour les adolescents<\/strong>\u00a0<\/li>\n<\/ul>\n\n\n\n<h2 class=\"wp-block-heading\"><strong>Les petits + qui font la diff\u00e9rence<\/strong>&nbsp;<\/h2>\n\n\n\n<h3 class=\"wp-block-heading\"><strong>Comment peaufiner vos textes de faire-part ?<\/strong>&nbsp;<\/h3>\n\n\n\n<p>Nous vous sugg\u00e9rons des <strong>tournures de phrases authentiques et chaleureuses<\/strong> pour vos invit\u00e9s. Privil\u00e9giez l&rsquo;\u00e9motion pure au ton trop formel. Laissez parler votre c\u0153ur pour g\u00e2ter vos lecteurs. Consultez notre page d\u00e9di\u00e9e pour d\u00e9nicher des <a href=\"https:\/\/www.interflora.fr\/blog\/textes-faire-part-mariage\/\">textes de faire-part<\/a> parfaitement adapt\u00e9s \u00e0 votre union.&nbsp;<\/p>\n\n\n\n<p>L&rsquo;accord entre votre message et le design choisi est incontournable. Le texte devient alors le prolongement visuel de votre annonce. Cette <strong>harmonie garantit un souvenir inoubliable<\/strong> pour chacun. &nbsp;<\/p>\n\n\n\n<h3 class=\"wp-block-heading\"><strong>Comment sublimer vos envois avec des accessoires ?<\/strong>&nbsp;<\/h3>\n\n\n\n<p>Utilisez des cachets de cire pour apporter un aspect vintage et artisanal \u00e0 vos courriers. C&rsquo;est le d\u00e9tail qui change tout. Vos proches seront s\u00e9duits par cette <strong>touche de noblesse imm\u00e9diate<\/strong>.&nbsp;<\/p>\n\n\n\n<p>Ajoutez des brins de fleurs s\u00e9ch\u00e9es pour renforcer le c\u00f4t\u00e9 boh\u00e8me. Cela apporte une dimension olfactive in\u00e9dite.&nbsp;<\/p>\n\n\n\n<p>En personnalisant vos formats arches ou vos accessoires en cire, vous cr\u00e9ez <strong>une annonce m\u00e9morable qui vous ressemble<\/strong>. Optez d\u00e8s maintenant votre faire part original pour sublimer vos futurs souvenirs et toucher le c\u0153ur de vos proches.<\/p>\n","protected":false},"excerpt":{"rendered":"<p>Contrairement aux id\u00e9es re\u00e7ues, l&rsquo;annonce d&rsquo;un \u00e9v\u00e9nement ne commence pas par la lecture du texte mais par l&rsquo;\u00e9motion visuelle suscit\u00e9e [&hellip;]<\/p>\n","protected":false},"author":11,"featured_media":58787,"comment_status":"open","ping_status":"open","sticky":false,"template":"","format":"standard","meta":{"_uag_custom_page_level_css":"","site-sidebar-layout":"default","site-content-layout":"","ast-site-content-layout":"default","site-content-style":"default","site-sidebar-style":"default","ast-global-header-display":"","ast-banner-title-visibility":"","ast-main-header-display":"","ast-hfb-above-header-display":"","ast-hfb-below-header-display":"","ast-hfb-mobile-header-display":"","site-post-title":"","ast-breadcrumbs-content":"","ast-featured-img":"","footer-sml-layout":"","ast-disable-related-posts":"","theme-transparent-header-meta":"","adv-header-id-meta":"","stick-header-meta":"","header-above-stick-meta":"","header-main-stick-meta":"","header-below-stick-meta":"","astra-migrate-meta-layouts":"default","ast-page-background-enabled":"default","ast-page-background-meta":{"desktop":{"background-color":"var(--ast-global-color-5)","background-image":"","background-repeat":"repeat","background-position":"center center","background-size":"auto","background-attachment":"scroll","background-type":"","background-media":"","overlay-type":"","overlay-color":"","overlay-opacity":"","overlay-gradient":""},"tablet":{"background-color":"","background-image":"","background-repeat":"repeat","background-position":"center center","background-size":"auto","background-attachment":"scroll","background-type":"","background-media":"","overlay-type":"","overlay-color":"","overlay-opacity":"","overlay-gradient":""},"mobile":{"background-color":"","background-image":"","background-repeat":"repeat","background-position":"center center","background-size":"auto","background-attachment":"scroll","background-type":"","background-media":"","overlay-type":"","overlay-color":"","overlay-opacity":"","overlay-gradient":""}},"ast-content-background-meta":{"desktop":{"background-color":"var(--ast-global-color-4)","background-image":"","background-repeat":"repeat","background-position":"center center","background-size":"auto","background-attachment":"scroll","background-type":"","background-media":"","overlay-type":"","overlay-color":"","overlay-opacity":"","overlay-gradient":""},"tablet":{"background-color":"var(--ast-global-color-4)","background-image":"","background-repeat":"repeat","background-position":"center center","background-size":"auto","background-attachment":"scroll","background-type":"","background-media":"","overlay-type":"","overlay-color":"","overlay-opacity":"","overlay-gradient":""},"mobile":{"background-color":"var(--ast-global-color-4)","background-image":"","background-repeat":"repeat","background-position":"center center","background-size":"auto","background-attachment":"scroll","background-type":"","background-media":"","overlay-type":"","overlay-color":"","overlay-opacity":"","overlay-gradient":""}},"footnotes":""},"categories":[231],"tags":[232,491],"class_list":["post-58786","post","type-post","status-publish","format-standard","has-post-thumbnail","hentry","category-mariage","tag-mariage","tag-sponso"],"uagb_featured_image_src":{"full":["https:\/\/www.interflora.fr\/blog\/wp-content\/uploads\/2026\/04\/faire-part-mariage.jpg",800,533,false],"thumbnail":["https:\/\/www.interflora.fr\/blog\/wp-content\/uploads\/2026\/04\/faire-part-mariage-150x150.jpg",150,150,true],"medium":["https:\/\/www.interflora.fr\/blog\/wp-content\/uploads\/2026\/04\/faire-part-mariage-300x200.jpg",300,200,true],"medium_large":["https:\/\/www.interflora.fr\/blog\/wp-content\/uploads\/2026\/04\/faire-part-mariage-768x512.jpg",768,512,true],"large":["https:\/\/www.interflora.fr\/blog\/wp-content\/uploads\/2026\/04\/faire-part-mariage.jpg",800,533,false],"1536x1536":["https:\/\/www.interflora.fr\/blog\/wp-content\/uploads\/2026\/04\/faire-part-mariage.jpg",800,533,false],"2048x2048":["https:\/\/www.interflora.fr\/blog\/wp-content\/uploads\/2026\/04\/faire-part-mariage.jpg",800,533,false]},"uagb_author_info":{"display_name":"Interflora","author_link":"https:\/\/www.interflora.fr\/blog\/author\/lisa\/"},"uagb_comment_info":23,"uagb_excerpt":"Contrairement aux id\u00e9es re\u00e7ues, l&rsquo;annonce d&rsquo;un \u00e9v\u00e9nement ne commence pas par la lecture du texte mais par l&rsquo;\u00e9motion visuelle suscit\u00e9e [&hellip;]","yoast_meta":{"title":"","description":""},"_links":{"self":[{"href":"https:\/\/www.interflora.fr\/blog\/wp-json\/wp\/v2\/posts\/58786","targetHints":{"allow":["GET"]}}],"collection":[{"href":"https:\/\/www.interflora.fr\/blog\/wp-json\/wp\/v2\/posts"}],"about":[{"href":"https:\/\/www.interflora.fr\/blog\/wp-json\/wp\/v2\/types\/post"}],"author":[{"embeddable":true,"href":"https:\/\/www.interflora.fr\/blog\/wp-json\/wp\/v2\/users\/11"}],"replies":[{"embeddable":true,"href":"https:\/\/www.interflora.fr\/blog\/wp-json\/wp\/v2\/comments?post=58786"}],"version-history":[{"count":1,"href":"https:\/\/www.interflora.fr\/blog\/wp-json\/wp\/v2\/posts\/58786\/revisions"}],"predecessor-version":[{"id":58789,"href":"https:\/\/www.interflora.fr\/blog\/wp-json\/wp\/v2\/posts\/58786\/revisions\/58789"}],"wp:featuredmedia":[{"embeddable":true,"href":"https:\/\/www.interflora.fr\/blog\/wp-json\/wp\/v2\/media\/58787"}],"wp:attachment":[{"href":"https:\/\/www.interflora.fr\/blog\/wp-json\/wp\/v2\/media?parent=58786"}],"wp:term":[{"taxonomy":"category","embeddable":true,"href":"https:\/\/www.interflora.fr\/blog\/wp-json\/wp\/v2\/categories?post=58786"},{"taxonomy":"post_tag","embeddable":true,"href":"https:\/\/www.interflora.fr\/blog\/wp-json\/wp\/v2\/tags?post=58786"}],"curies":[{"name":"wp","href":"https:\/\/api.w.org\/{rel}","templated":true}]}}