{"id":58777,"date":"2026-04-20T09:46:53","date_gmt":"2026-04-20T07:46:53","guid":{"rendered":"https:\/\/www.interflora.fr\/blog\/?p=58777"},"modified":"2026-04-23T11:19:08","modified_gmt":"2026-04-23T09:19:08","slug":"preparer-son-exterieur-pour-le-printemps","status":"publish","type":"post","link":"https:\/\/www.interflora.fr\/blog\/preparer-son-exterieur-pour-le-printemps\/","title":{"rendered":"Pr\u00e9parer son ext\u00e9rieur pour le printemps avec succ\u00e8s"},"content":{"rendered":"\n<p>Vous r\u00eavez d\u00e9j\u00e0 de savourer votre caf\u00e9 en terrasse entour\u00e9s de couleurs vibrantes et d&rsquo;un mobilier accueillant. Nous vous accompagnons pour <strong>pr\u00e9parer votre ext\u00e9rieur pour le printemps<\/strong> en nettoyant vos massifs, en s\u00e9lectionnant les meilleures vari\u00e9t\u00e9s h\u00e2tives et en am\u00e9nageant un espace de vie convivial. D\u00e9couvrez nos astuces pour revitaliser votre sol avec du paillis et transformer chaque recoin en un v\u00e9ritable havre de paix v\u00e9g\u00e9talis\u00e9.&nbsp;<\/p>\n\n\n\n<div class=\"wp-block-uagb-image aligncenter uagb-block-86e1698b wp-block-uagb-image--layout-default wp-block-uagb-image--effect-static wp-block-uagb-image--align-center\"><figure class=\"wp-block-uagb-image__figure\"><img decoding=\"async\" srcset=\"https:\/\/www.interflora.fr\/blog\/wp-content\/uploads\/2026\/04\/jardinage.jpg ,https:\/\/www.interflora.fr\/blog\/wp-content\/uploads\/2026\/04\/jardinage.jpg 780w, https:\/\/www.interflora.fr\/blog\/wp-content\/uploads\/2026\/04\/jardinage.jpg 360w\" sizes=\"auto, (max-width: 480px) 150px\" src=\"https:\/\/www.interflora.fr\/blog\/wp-content\/uploads\/2026\/04\/jardinage.jpg\" alt=\"Jardinage\" class=\"uag-image-58782\" width=\"800\" height=\"533\" title=\"jardinage\" loading=\"lazy\" role=\"img\"\/><\/figure><\/div>\n\n\n\n<h2 class=\"wp-block-heading\"><strong>Nettoyer et pr\u00e9parer la terre pour le r\u00e9veil du jardin<\/strong>&nbsp;<\/h2>\n\n\n\n<h3 class=\"wp-block-heading\"><strong>Comment r\u00e9ussir le grand m\u00e9nage de vos massifs ?<\/strong>&nbsp;<\/h3>\n\n\n\n<p>Nous devons d&rsquo;abord <strong>lib\u00e9rer le sol en retirant les feuilles mortes et les branches cass\u00e9es<\/strong>. C&rsquo;est aussi le moment id\u00e9al pour d\u00e9sherber manuellement les toutes premi\u00e8res pousses ind\u00e9sirables avant leur propagation.&nbsp;<\/p>\n\n\n\n<p>Ensuite, occupez-vous de la <strong>taille des arbustes \u00e0 floraison estivale<\/strong> pour stimuler la mont\u00e9e de s\u00e8ve. Nettoyez vos vivaces en supprimant les parties s\u00e8ches. Utilisez toujours un s\u00e9cateur bien aff\u00fbt\u00e9 et parfaitement propre.&nbsp;<\/p>\n\n\n\n<p>Un terrain d\u00e9gag\u00e9 vous permet de mieux visualiser la structure globale du jardin. Cette clart\u00e9 facilite grandement l&rsquo;<strong>organisation de vos futures plantations printani\u00e8res<\/strong> d\u00e8s que le gel s&rsquo;\u00e9loigne.&nbsp;<\/p>\n\n\n\n<p>Cet entretien minutieux est indispensable pour profiter d&rsquo;une <a href=\"https:\/\/www.interflora.fr\/blog\/terrasse-fleurie\/\"><strong>terrasse bien arbor\u00e9e<\/strong><\/a> d\u00e8s le mois de mars. Un nettoyage rigoureux garantit un r\u00e9sultat visuel impeccable pour toute la saison.&nbsp;<\/p>\n\n\n\n<h3 class=\"wp-block-heading\"><strong>Pourquoi miser sur le paillage contre les gel\u00e9es ?<\/strong>&nbsp;<\/h3>\n\n\n\n<p>Le paillage agit comme un v\u00e9ritable <strong>bouclier thermique pour vos plantes<\/strong>. Nous conseillons le bois ram\u00e9al fragment\u00e9 pour isoler les racines sensibles. Les gel\u00e9es tardives ne pardonneront pas sans cette protection.&nbsp;<\/p>\n\n\n\n<p>Pensez aussi \u00e0 amender votre sol avec un compost bien m\u00fbr. Cette \u00e9tape <strong>nourrit la terre en profondeur<\/strong> avant l&rsquo;effort de croissance printanier. M\u00e9langez-le simplement \u00e0 la surface sans retourner tout le sol.&nbsp;<\/p>\n\n\n\n<p>Voici les <strong>b\u00e9n\u00e9fices concrets<\/strong> de cette m\u00e9thode pour vos massifs :&nbsp;<\/p>\n\n\n\n<ul class=\"wp-block-list\">\n<li><strong>Maintien d&rsquo;une humidit\u00e9 constante<\/strong> dans le sol.&nbsp;<\/li>\n\n\n\n<li><strong>Limitation naturelle<\/strong> de la pousse des mauvaises herbes.&nbsp;<\/li>\n\n\n\n<li><strong>Enrichissement organique progressif<\/strong> de votre terre.&nbsp;<\/li>\n<\/ul>\n\n\n\n<p>Cette pr\u00e9paration rigoureuse assure la survie de vos jeunes pousses les plus fragiles. Un sol bien nourri reste la cl\u00e9 absolue pour <strong>une saison de jardinage r\u00e9ussie<\/strong>.&nbsp;<\/p>\n\n\n\n<div class=\"wp-block-uagb-image aligncenter uagb-block-8ab89f9e wp-block-uagb-image--layout-default wp-block-uagb-image--effect-static wp-block-uagb-image--align-center\"><figure class=\"wp-block-uagb-image__figure\"><img decoding=\"async\" srcset=\"https:\/\/www.interflora.fr\/blog\/wp-content\/uploads\/2026\/04\/paillage-jardin.jpg ,https:\/\/www.interflora.fr\/blog\/wp-content\/uploads\/2026\/04\/paillage-jardin.jpg 780w, https:\/\/www.interflora.fr\/blog\/wp-content\/uploads\/2026\/04\/paillage-jardin.jpg 360w\" sizes=\"auto, (max-width: 480px) 150px\" src=\"https:\/\/www.interflora.fr\/blog\/wp-content\/uploads\/2026\/04\/paillage-jardin.jpg\" alt=\"\" class=\"uag-image-58783\" width=\"800\" height=\"533\" title=\"paillage-jardin\" loading=\"lazy\" role=\"img\"\/><\/figure><\/div>\n\n\n\n<h2 class=\"wp-block-heading\"><strong>Choisir les bons v\u00e9g\u00e9taux pour une explosion de couleurs printani\u00e8res<\/strong>&nbsp;<\/h2>\n\n\n\n<h3 class=\"wp-block-heading\"><strong>Quelles plantes privil\u00e9gier pour une floraison imm\u00e9diate ?<\/strong>&nbsp;<\/h3>\n\n\n\n<p>Nous vous sugg\u00e9rons d&rsquo;installer des bergenias ou des spir\u00e9es pour leur incroyable pr\u00e9cocit\u00e9. Ces vari\u00e9t\u00e9s robustes <strong>colorent vos massifs d\u00e8s la fin de l&rsquo;hiver<\/strong>. Elles demandent tr\u00e8s peu de soins complexes.&nbsp;<\/p>\n\n\n\n<p>Il est indispensable d&rsquo;<strong>adapter vos v\u00e9g\u00e9taux selon l&rsquo;exposition<\/strong> de votre terrasse. Le plein soleil exige des esp\u00e8ces r\u00e9sistantes \u00e0 la s\u00e9cheresse. \u00c0 l&rsquo;ombre, nous privil\u00e9gions des plantes qui appr\u00e9cient la fra\u00eecheur constante.&nbsp;<\/p>\n\n\n\n<p>Vous pourriez aussi installer <a href=\"https:\/\/www.sweeek.fr\/mobilier-jardin\/salon-jardin\">un <strong>salon de jardin design et confortable<\/strong><\/a> pour admirer cette vue. L&rsquo;am\u00e9nagement v\u00e9g\u00e9tal et le mobilier doivent s&rsquo;accorder avec une grande harmonie.&nbsp;<\/p>\n\n\n\n<p>N&rsquo;oubliez pas les bulbes comme les tulipes ou les jonquilles. Ils <strong>compl\u00e8tent \u00e0 merveille vos arbustes printaniers<\/strong>.&nbsp;<\/p>\n\n\n\n<figure class=\"wp-block-image aligncenter size-full\"><img loading=\"lazy\" decoding=\"async\" width=\"800\" height=\"534\" src=\"https:\/\/www.interflora.fr\/blog\/wp-content\/uploads\/2026\/04\/terrasse-plantes.jpg\" alt=\"Plantes terrasse\" class=\"wp-image-58784\" srcset=\"https:\/\/www.interflora.fr\/blog\/wp-content\/uploads\/2026\/04\/terrasse-plantes.jpg 800w, https:\/\/www.interflora.fr\/blog\/wp-content\/uploads\/2026\/04\/terrasse-plantes-300x200.jpg 300w, https:\/\/www.interflora.fr\/blog\/wp-content\/uploads\/2026\/04\/terrasse-plantes-768x513.jpg 768w\" sizes=\"auto, (max-width: 800px) 100vw, 800px\" \/><\/figure>\n\n\n\n<h2 class=\"wp-block-heading\"><strong>Tout pour am\u00e9nager un espace de vie ext\u00e9rieur convivial et styl\u00e9<\/strong>\u00a0<\/h2>\n\n\n\n<p>Nous vous encourageons vivement \u00e0 tester le recyclage cr\u00e9atif avec des palettes en bois. Vous pouvez <strong>fabriquer des banquettes ou des tables basses uniques<\/strong>. C&rsquo;est \u00e9conomique et apporte un cachet fou.&nbsp;<\/p>\n\n\n\n<p>Structurer vos zones avec des bordures ou des jardini\u00e8res rafra\u00eechit l&rsquo;allure g\u00e9n\u00e9rale. Pour les balcons, la verticalit\u00e9 est votre meilleure alli\u00e9e. Utilisez des \u00e9chelles ou des pots suspendus pour <strong>gagner de la place avec un salon de jardin design et confortable<\/strong>.&nbsp;<\/p>\n\n\n\n<p>Voici quelques id\u00e9es parfaites pour <strong>personnaliser votre terrasse bien arbor\u00e9e<\/strong> et vous faire plaisir :&nbsp;<\/p>\n\n\n\n<ul class=\"wp-block-list\">\n<li>Pots de fleurs peints aux couleurs printani\u00e8res.&nbsp;<\/li>\n\n\n\n<li>Guirlandes de fanions pour une touche festive.&nbsp;<\/li>\n\n\n\n<li>Coussins d&rsquo;ext\u00e9rieur faits maison avec des tissus recycl\u00e9s.&nbsp;<\/li>\n<\/ul>\n\n\n\n<p>D\u00e9tournez aussi des objets anciens comme des arrosoirs en zinc. Cela cr\u00e9e un <strong>style vintage charmant<\/strong>.\u00a0<\/p>\n","protected":false},"excerpt":{"rendered":"<p>Vous r\u00eavez d\u00e9j\u00e0 de savourer votre caf\u00e9 en terrasse entour\u00e9s de couleurs vibrantes et d&rsquo;un mobilier accueillant. Nous vous accompagnons [&hellip;]<\/p>\n","protected":false},"author":11,"featured_media":54191,"comment_status":"open","ping_status":"open","sticky":false,"template":"","format":"standard","meta":{"_uag_custom_page_level_css":"","site-sidebar-layout":"default","site-content-layout":"","ast-site-content-layout":"default","site-content-style":"default","site-sidebar-style":"default","ast-global-header-display":"","ast-banner-title-visibility":"","ast-main-header-display":"","ast-hfb-above-header-display":"","ast-hfb-below-header-display":"","ast-hfb-mobile-header-display":"","site-post-title":"","ast-breadcrumbs-content":"","ast-featured-img":"","footer-sml-layout":"","ast-disable-related-posts":"","theme-transparent-header-meta":"","adv-header-id-meta":"","stick-header-meta":"","header-above-stick-meta":"","header-main-stick-meta":"","header-below-stick-meta":"","astra-migrate-meta-layouts":"default","ast-page-background-enabled":"default","ast-page-background-meta":{"desktop":{"background-color":"var(--ast-global-color-5)","background-image":"","background-repeat":"repeat","background-position":"center center","background-size":"auto","background-attachment":"scroll","background-type":"","background-media":"","overlay-type":"","overlay-color":"","overlay-opacity":"","overlay-gradient":""},"tablet":{"background-color":"","background-image":"","background-repeat":"repeat","background-position":"center center","background-size":"auto","background-attachment":"scroll","background-type":"","background-media":"","overlay-type":"","overlay-color":"","overlay-opacity":"","overlay-gradient":""},"mobile":{"background-color":"","background-image":"","background-repeat":"repeat","background-position":"center center","background-size":"auto","background-attachment":"scroll","background-type":"","background-media":"","overlay-type":"","overlay-color":"","overlay-opacity":"","overlay-gradient":""}},"ast-content-background-meta":{"desktop":{"background-color":"var(--ast-global-color-4)","background-image":"","background-repeat":"repeat","background-position":"center center","background-size":"auto","background-attachment":"scroll","background-type":"","background-media":"","overlay-type":"","overlay-color":"","overlay-opacity":"","overlay-gradient":""},"tablet":{"background-color":"var(--ast-global-color-4)","background-image":"","background-repeat":"repeat","background-position":"center center","background-size":"auto","background-attachment":"scroll","background-type":"","background-media":"","overlay-type":"","overlay-color":"","overlay-opacity":"","overlay-gradient":""},"mobile":{"background-color":"var(--ast-global-color-4)","background-image":"","background-repeat":"repeat","background-position":"center center","background-size":"auto","background-attachment":"scroll","background-type":"","background-media":"","overlay-type":"","overlay-color":"","overlay-opacity":"","overlay-gradient":""}},"footnotes":""},"categories":[217,215,189],"tags":[241,491],"class_list":["post-58777","post","type-post","status-publish","format-standard","has-post-thumbnail","hentry","category-conseils-jardin","category-deco-amenagement","category-jardinage","tag-jardin","tag-sponso"],"uagb_featured_image_src":{"full":["https:\/\/www.interflora.fr\/blog\/wp-content\/uploads\/2025\/10\/fleur-automne-jardiniere-ensoleillee-gaillardes.jpeg",600,450,false],"thumbnail":["https:\/\/www.interflora.fr\/blog\/wp-content\/uploads\/2025\/10\/fleur-automne-jardiniere-ensoleillee-gaillardes-150x150.jpeg",150,150,true],"medium":["https:\/\/www.interflora.fr\/blog\/wp-content\/uploads\/2025\/10\/fleur-automne-jardiniere-ensoleillee-gaillardes-300x225.jpeg",300,225,true],"medium_large":["https:\/\/www.interflora.fr\/blog\/wp-content\/uploads\/2025\/10\/fleur-automne-jardiniere-ensoleillee-gaillardes.jpeg",600,450,false],"large":["https:\/\/www.interflora.fr\/blog\/wp-content\/uploads\/2025\/10\/fleur-automne-jardiniere-ensoleillee-gaillardes.jpeg",600,450,false],"1536x1536":["https:\/\/www.interflora.fr\/blog\/wp-content\/uploads\/2025\/10\/fleur-automne-jardiniere-ensoleillee-gaillardes.jpeg",600,450,false],"2048x2048":["https:\/\/www.interflora.fr\/blog\/wp-content\/uploads\/2025\/10\/fleur-automne-jardiniere-ensoleillee-gaillardes.jpeg",600,450,false]},"uagb_author_info":{"display_name":"Interflora","author_link":"https:\/\/www.interflora.fr\/blog\/author\/lisa\/"},"uagb_comment_info":0,"uagb_excerpt":"Vous r\u00eavez d\u00e9j\u00e0 de savourer votre caf\u00e9 en terrasse entour\u00e9s de couleurs vibrantes et d&rsquo;un mobilier accueillant. Nous vous accompagnons [&hellip;]","yoast_meta":{"title":"Pr\u00e9parer son ext\u00e9rieur pour le printemps | Interflora","description":"Pr\u00e9parez votre ext\u00e9rieur pour le printemps avec nos conseils ! Nettoyez le sol, installez du paillis et choisissez les plus beaux v\u00e9g\u00e9taux pour fleurir."},"_links":{"self":[{"href":"https:\/\/www.interflora.fr\/blog\/wp-json\/wp\/v2\/posts\/58777","targetHints":{"allow":["GET"]}}],"collection":[{"href":"https:\/\/www.interflora.fr\/blog\/wp-json\/wp\/v2\/posts"}],"about":[{"href":"https:\/\/www.interflora.fr\/blog\/wp-json\/wp\/v2\/types\/post"}],"author":[{"embeddable":true,"href":"https:\/\/www.interflora.fr\/blog\/wp-json\/wp\/v2\/users\/11"}],"replies":[{"embeddable":true,"href":"https:\/\/www.interflora.fr\/blog\/wp-json\/wp\/v2\/comments?post=58777"}],"version-history":[{"count":2,"href":"https:\/\/www.interflora.fr\/blog\/wp-json\/wp\/v2\/posts\/58777\/revisions"}],"predecessor-version":[{"id":58785,"href":"https:\/\/www.interflora.fr\/blog\/wp-json\/wp\/v2\/posts\/58777\/revisions\/58785"}],"wp:featuredmedia":[{"embeddable":true,"href":"https:\/\/www.interflora.fr\/blog\/wp-json\/wp\/v2\/media\/54191"}],"wp:attachment":[{"href":"https:\/\/www.interflora.fr\/blog\/wp-json\/wp\/v2\/media?parent=58777"}],"wp:term":[{"taxonomy":"category","embeddable":true,"href":"https:\/\/www.interflora.fr\/blog\/wp-json\/wp\/v2\/categories?post=58777"},{"taxonomy":"post_tag","embeddable":true,"href":"https:\/\/www.interflora.fr\/blog\/wp-json\/wp\/v2\/tags?post=58777"}],"curies":[{"name":"wp","href":"https:\/\/api.w.org\/{rel}","templated":true}]}}