{"id":57167,"date":"2026-01-03T10:41:27","date_gmt":"2026-01-03T09:41:27","guid":{"rendered":"https:\/\/www.interflora.fr\/blog\/?p=57167"},"modified":"2026-01-15T16:37:20","modified_gmt":"2026-01-15T15:37:20","slug":"duree-roses-eternelles-et-entretien","status":"publish","type":"post","link":"https:\/\/www.interflora.fr\/blog\/duree-roses-eternelles-et-entretien\/","title":{"rendered":"Combien de temps durent les roses \u00e9ternelles et comment les entretenir ?"},"content":{"rendered":"\n<pre class=\"wp-block-verse\"><strong>En r\u00e9sum\u00e9<\/strong>&nbsp;<br>Les roses \u00e9ternelles durent entre <strong>1 et 5 ans selon leur qualit\u00e9 et les conditions de conservation<\/strong>. Leur secret r\u00e9side dans un <strong>proc\u00e9d\u00e9 de stabilisation<\/strong> qui remplace la s\u00e8ve naturelle par une solution \u00e0 base de glyc\u00e9rine, pr\u00e9servant ainsi leur \u00e9clat et leur souplesse. Pour maximiser leur long\u00e9vit\u00e9, il suffit de les prot\u00e9ger de la lumi\u00e8re directe du soleil, de l'humidit\u00e9 et de la poussi\u00e8re. Contrairement aux fleurs fra\u00eeches, elles <strong>ne n\u00e9cessitent ni eau ni entretien quotidien<\/strong>, ce qui en fait un cadeau durable et symbolique.&nbsp;<\/pre>\n\n\n\n<hr class=\"wp-block-separator has-alpha-channel-opacity\"\/>\n\n\n\n<p>Vous r\u00eavez d&rsquo;offrir des fleurs qui traversent le temps ? <strong>Les roses \u00e9ternelles repr\u00e9sentent la solution id\u00e9ale<\/strong> pour ceux qui souhaitent marquer un moment pr\u00e9cieux d&rsquo;un geste durable. Mais combien de temps durent-elles r\u00e9ellement et comment en prendre soin ? Nous vous d\u00e9voilons tout ce qu&rsquo;il faut savoir pour profiter de leur beaut\u00e9 pendant des ann\u00e9es.&nbsp;<\/p>\n\n\n<div class=\"lp-produits-grid\"><div class=\"lp-produit\"><div class=\"lp-thumbnail-wrapper\"><img loading=\"lazy\" decoding=\"async\" width=\"300\" height=\"300\" src=\"https:\/\/www.interflora.fr\/blog\/wp-content\/uploads\/2026\/04\/3REP-800Wx800H-0-1-300x300.jpg\" class=\"attachment-medium size-medium wp-post-image\" alt=\"\" srcset=\"https:\/\/www.interflora.fr\/blog\/wp-content\/uploads\/2026\/04\/3REP-800Wx800H-0-1-300x300.jpg 300w, https:\/\/www.interflora.fr\/blog\/wp-content\/uploads\/2026\/04\/3REP-800Wx800H-0-1-150x150.jpg 150w, https:\/\/www.interflora.fr\/blog\/wp-content\/uploads\/2026\/04\/3REP-800Wx800H-0-1-768x768.jpg 768w, https:\/\/www.interflora.fr\/blog\/wp-content\/uploads\/2026\/04\/3REP-800Wx800H-0-1.jpg 800w\" sizes=\"auto, (max-width: 300px) 100vw, 300px\" \/><img decoding=\"async\" class=\"lp-badge\" src=\"https:\/\/www.interflora.fr\/blog\/wp-content\/uploads\/2025\/06\/logo-circle.png\" alt=\"Livraison rapide Interflora\"><\/div><span>Composition rose \u00e9ternelle rose<\/span><p>36.95 \u20ac<\/p><span class=\"obf-link lp-cta\" role=\"link\" tabindex=\"0\" data-b64=\"aHR0cHM6Ly93d3cuaW50ZXJmbG9yYS5mci9wL2NvbXBvc2l0aW9uLXJvc2UtZXRlcm5lbGxlLXJvc2UvMC9GUj91dG1fbWVkaXVtPW9yZ2FuaWMmdXRtX3NvdXJjZT1ibG9nX3Byb2R1Y3RzJnV0bV9jYW1wYWlnbj0zUkVQ\" data-target=\"_blank\"><svg xmlns=\"http:\/\/www.w3.org\/2000\/svg\" width=\"16\" height=\"16\" fill=\"currentColor\" class=\"bi bi-bag\" viewBox=\"0 0 16 16\"><path d=\"M8 1a2 2 0 0 1 2 2v1h2.5A1.5 1.5 0 0 1 14 5.5v8A1.5 1.5 0 0 1 12.5 15h-9A1.5 1.5 0 0 1 2 13.5v-8A1.5 1.5 0 0 1 3.5 3H6V2a2 2 0 0 1 2-1zm1 3V3a1 1 0 0 0-2 0v1h2z\"\/><\/svg>Voir le produit<\/span><p class=\"rapido\">Top produit<\/p><\/div><div class=\"lp-produit\"><div class=\"lp-thumbnail-wrapper\"><img loading=\"lazy\" decoding=\"async\" width=\"300\" height=\"300\" src=\"https:\/\/www.interflora.fr\/blog\/wp-content\/uploads\/2026\/04\/3RER-800Wx800H-0-1-300x300.jpg\" class=\"attachment-medium size-medium wp-post-image\" alt=\"\" srcset=\"https:\/\/www.interflora.fr\/blog\/wp-content\/uploads\/2026\/04\/3RER-800Wx800H-0-1-300x300.jpg 300w, https:\/\/www.interflora.fr\/blog\/wp-content\/uploads\/2026\/04\/3RER-800Wx800H-0-1-150x150.jpg 150w, https:\/\/www.interflora.fr\/blog\/wp-content\/uploads\/2026\/04\/3RER-800Wx800H-0-1-768x768.jpg 768w, https:\/\/www.interflora.fr\/blog\/wp-content\/uploads\/2026\/04\/3RER-800Wx800H-0-1.jpg 800w\" sizes=\"auto, (max-width: 300px) 100vw, 300px\" \/><img decoding=\"async\" class=\"lp-badge\" src=\"https:\/\/www.interflora.fr\/blog\/wp-content\/uploads\/2025\/06\/logo-circle.png\" alt=\"Livraison rapide Interflora\"><\/div><span>Composition rose \u00e9ternelle rouge<\/span><p>36.95 \u20ac<\/p><span class=\"obf-link lp-cta\" role=\"link\" tabindex=\"0\" data-b64=\"aHR0cHM6Ly93d3cuaW50ZXJmbG9yYS5mci9wL2NvbXBvc2l0aW9uLXJvc2UtZXRlcm5lbGxlLXJvdWdlLzAvRlI\/dXRtX21lZGl1bT1vcmdhbmljJnV0bV9zb3VyY2U9YmxvZ19wcm9kdWN0cyZ1dG1fY2FtcGFpZ249M1JFUg==\" data-target=\"_blank\"><svg xmlns=\"http:\/\/www.w3.org\/2000\/svg\" width=\"16\" height=\"16\" fill=\"currentColor\" class=\"bi bi-bag\" viewBox=\"0 0 16 16\"><path d=\"M8 1a2 2 0 0 1 2 2v1h2.5A1.5 1.5 0 0 1 14 5.5v8A1.5 1.5 0 0 1 12.5 15h-9A1.5 1.5 0 0 1 2 13.5v-8A1.5 1.5 0 0 1 3.5 3H6V2a2 2 0 0 1 2-1zm1 3V3a1 1 0 0 0-2 0v1h2z\"\/><\/svg>Voir le produit<\/span><p class=\"rapido\">Fleurs fra\u00eeches<\/p><\/div><div class=\"lp-produit\"><div class=\"lp-thumbnail-wrapper\"><img loading=\"lazy\" decoding=\"async\" width=\"300\" height=\"300\" src=\"https:\/\/www.interflora.fr\/blog\/wp-content\/uploads\/2026\/01\/1AA-800Wx800H-0-1-300x300.jpg\" class=\"attachment-medium size-medium wp-post-image\" alt=\"\" srcset=\"https:\/\/www.interflora.fr\/blog\/wp-content\/uploads\/2026\/01\/1AA-800Wx800H-0-1-300x300.jpg 300w, https:\/\/www.interflora.fr\/blog\/wp-content\/uploads\/2026\/01\/1AA-800Wx800H-0-1-150x150.jpg 150w, https:\/\/www.interflora.fr\/blog\/wp-content\/uploads\/2026\/01\/1AA-800Wx800H-0-1-768x768.jpg 768w, https:\/\/www.interflora.fr\/blog\/wp-content\/uploads\/2026\/01\/1AA-800Wx800H-0-1.jpg 800w\" sizes=\"auto, (max-width: 300px) 100vw, 300px\" \/><img decoding=\"async\" class=\"lp-badge\" src=\"https:\/\/www.interflora.fr\/blog\/wp-content\/uploads\/2025\/06\/logo-circle.png\" alt=\"Livraison rapide Interflora\"><\/div><span>Amour exceptionnel<\/span><p>169 \u20ac<\/p><span class=\"obf-link lp-cta\" role=\"link\" tabindex=\"0\" data-b64=\"aHR0cHM6Ly93d3cuaW50ZXJmbG9yYS5mci9wL2JvdXF1ZXQtYW1vdXItZXhjZXB0aW9ubmVsLzEvRlI\/dXRtX21lZGl1bT1vcmdhbmljJnV0bV9zb3VyY2U9YmxvZ19wcm9kdWN0cyZ1dG1fY2FtcGFpZ249MUFB\" data-target=\"_blank\"><svg xmlns=\"http:\/\/www.w3.org\/2000\/svg\" width=\"16\" height=\"16\" fill=\"currentColor\" class=\"bi bi-bag\" viewBox=\"0 0 16 16\"><path d=\"M8 1a2 2 0 0 1 2 2v1h2.5A1.5 1.5 0 0 1 14 5.5v8A1.5 1.5 0 0 1 12.5 15h-9A1.5 1.5 0 0 1 2 13.5v-8A1.5 1.5 0 0 1 3.5 3H6V2a2 2 0 0 1 2-1zm1 3V3a1 1 0 0 0-2 0v1h2z\"\/><\/svg>Voir le produit<\/span><p class=\"rapido\">Livraison rapide<\/p><\/div><div class=\"lp-produit\"><div class=\"lp-thumbnail-wrapper\"><img loading=\"lazy\" decoding=\"async\" width=\"300\" height=\"300\" src=\"https:\/\/www.interflora.fr\/blog\/wp-content\/uploads\/2026\/02\/BEP25LGR-800Wx800H-0-1-300x300.jpg\" class=\"attachment-medium size-medium wp-post-image\" alt=\"\" srcset=\"https:\/\/www.interflora.fr\/blog\/wp-content\/uploads\/2026\/02\/BEP25LGR-800Wx800H-0-1-300x300.jpg 300w, https:\/\/www.interflora.fr\/blog\/wp-content\/uploads\/2026\/02\/BEP25LGR-800Wx800H-0-1-150x150.jpg 150w, https:\/\/www.interflora.fr\/blog\/wp-content\/uploads\/2026\/02\/BEP25LGR-800Wx800H-0-1-768x768.jpg 768w, https:\/\/www.interflora.fr\/blog\/wp-content\/uploads\/2026\/02\/BEP25LGR-800Wx800H-0-1.jpg 800w\" sizes=\"auto, (max-width: 300px) 100vw, 300px\" \/><img decoding=\"async\" class=\"lp-badge\" src=\"https:\/\/www.interflora.fr\/blog\/wp-content\/uploads\/2025\/06\/logo-circle.png\" alt=\"Livraison rapide Interflora\"><\/div><span>Roses signature LEGO\u00ae<\/span><p>87.95 \u20ac<\/p><span class=\"obf-link lp-cta\" role=\"link\" tabindex=\"0\" data-b64=\"aHR0cHM6Ly93d3cuaW50ZXJmbG9yYS5mci9wL3Jvc2VzLXNpZ25hdHVyZS1sZWdvLzEvRlI\/dXRtX21lZGl1bT1vcmdhbmljJnV0bV9zb3VyY2U9YmxvZ19wcm9kdWN0cyZ1dG1fY2FtcGFpZ249QkVQMjVMR1I=\" data-target=\"_blank\"><svg xmlns=\"http:\/\/www.w3.org\/2000\/svg\" width=\"16\" height=\"16\" fill=\"currentColor\" class=\"bi bi-bag\" viewBox=\"0 0 16 16\"><path d=\"M8 1a2 2 0 0 1 2 2v1h2.5A1.5 1.5 0 0 1 14 5.5v8A1.5 1.5 0 0 1 12.5 15h-9A1.5 1.5 0 0 1 2 13.5v-8A1.5 1.5 0 0 1 3.5 3H6V2a2 2 0 0 1 2-1zm1 3V3a1 1 0 0 0-2 0v1h2z\"\/><\/svg>Voir le produit<\/span><p class=\"rapido\">Fleurs fra\u00eeches<\/p><\/div><\/div>\n\n\n\n<h2 class=\"wp-block-heading\"><strong>Qu&rsquo;est-ce qu&rsquo;une rose \u00e9ternelle ?<\/strong>&nbsp;<\/h2>\n\n\n\n<p>Une rose \u00e9ternelle est une <strong>v\u00e9ritable rose naturelle<\/strong> qui a subi un traitement de stabilisation. Ce proc\u00e9d\u00e9 consiste \u00e0 remplacer la s\u00e8ve de la fleur par une solution \u00e0 base de glyc\u00e9rine v\u00e9g\u00e9tale et de pigments naturels. Le r\u00e9sultat ? Une rose qui conserve sa texture soyeuse, ses couleurs \u00e9clatantes et sa forme parfaite, sans n\u00e9cessiter d&rsquo;eau ni de lumi\u00e8re.&nbsp;<\/p>\n\n\n\n<p>Contrairement aux fleurs artificielles en tissu ou en plastique, la <a href=\"https:\/\/www.interflora.fr\/blog\/rose-stabilisee\/\">rose stabilis\u00e9e<\/a> reste une cr\u00e9ation 100 % naturelle. Elle garde cette authenticit\u00e9 qui fait tout le charme d&rsquo;un bouquet fra\u00eechement coup\u00e9, mais avec l&rsquo;avantage de durer incomparablement plus longtemps.&nbsp;<\/p>\n\n\n\n<figure class=\"wp-block-gallery has-nested-images columns-default is-cropped wp-block-gallery-1 is-layout-flex wp-block-gallery-is-layout-flex\">\n<figure class=\"wp-block-image size-large\"><img loading=\"lazy\" decoding=\"async\" width=\"542\" height=\"542\" data-id=\"52680\" src=\"https:\/\/www.interflora.fr\/blog\/wp-content\/uploads\/2025\/10\/rose-eternelle.jpg\" alt=\"Rose \u00e9ternelle\" class=\"wp-image-52680\" srcset=\"https:\/\/www.interflora.fr\/blog\/wp-content\/uploads\/2025\/10\/rose-eternelle.jpg 542w, https:\/\/www.interflora.fr\/blog\/wp-content\/uploads\/2025\/10\/rose-eternelle-300x300.jpg 300w, https:\/\/www.interflora.fr\/blog\/wp-content\/uploads\/2025\/10\/rose-eternelle-150x150.jpg 150w\" sizes=\"auto, (max-width: 542px) 100vw, 542px\" \/><\/figure>\n\n\n\n<figure class=\"wp-block-image size-full\"><img loading=\"lazy\" decoding=\"async\" width=\"500\" height=\"500\" data-id=\"57231\" src=\"https:\/\/www.interflora.fr\/blog\/wp-content\/uploads\/2026\/01\/belle-rose-eternelle.jpg\" alt=\"\" class=\"wp-image-57231\" srcset=\"https:\/\/www.interflora.fr\/blog\/wp-content\/uploads\/2026\/01\/belle-rose-eternelle.jpg 500w, https:\/\/www.interflora.fr\/blog\/wp-content\/uploads\/2026\/01\/belle-rose-eternelle-300x300.jpg 300w, https:\/\/www.interflora.fr\/blog\/wp-content\/uploads\/2026\/01\/belle-rose-eternelle-150x150.jpg 150w\" sizes=\"auto, (max-width: 500px) 100vw, 500px\" \/><\/figure>\n<\/figure>\n\n\n\n<h2 class=\"wp-block-heading\"><strong>Combien de temps dure une rose \u00e9ternelle ?<\/strong>&nbsp;<\/h2>\n\n\n\n<p>La dur\u00e9e de vie d&rsquo;une rose \u00e9ternelle varie selon plusieurs facteurs. En moyenne, vous pouvez compter sur <strong>1 \u00e0 3 ans<\/strong> pour une rose de qualit\u00e9 standard, et jusqu&rsquo;\u00e0 <strong>5 ans ou plus<\/strong> pour les roses premium conserv\u00e9es dans des conditions optimales.&nbsp;<\/p>\n\n\n\n<p>Chez Interflora, nous proposons une collection de <a href=\"https:\/\/www.interflora.fr\/c\/roses-eternelles\">roses \u00e9ternelles<\/a> soigneusement s\u00e9lectionn\u00e9es pour leur qualit\u00e9 exceptionnelle. Que vous optiez pour une <strong>rose \u00e9ternelle rose<\/strong>, une <strong>rose \u00e9ternelle rouge<\/strong> passionn\u00e9e ou une \u00e9l\u00e9gante <strong>rose \u00e9ternelle sous cloche<\/strong>, chaque cr\u00e9ation est pens\u00e9e pour traverser le temps avec gr\u00e2ce.&nbsp;<\/p>\n\n\n\n<p>Notre gamme comprend \u00e9galement la <strong>rose \u00e9ternelle avec son soliflore<\/strong> pour un effet contemporain, ainsi que la <strong>rose en or<\/strong> pour les occasions les plus prestigieuses. Ces cr\u00e9ations peuvent \u00eatre livr\u00e9es d\u00e8s aujourd&rsquo;hui ou \u00e0 la date de votre choix, m\u00eame le dimanche, pour toute commande pass\u00e9e avant 17h.&nbsp;<\/p>\n\n\n\n<figure class=\"wp-block-gallery has-nested-images columns-default is-cropped wp-block-gallery-2 is-layout-flex wp-block-gallery-is-layout-flex\">\n<figure class=\"wp-block-image size-large\"><img loading=\"lazy\" decoding=\"async\" width=\"500\" height=\"500\" data-id=\"57169\" src=\"https:\/\/www.interflora.fr\/blog\/wp-content\/uploads\/2026\/01\/roses-rouges-eternelles.jpg\" alt=\"Roses stabilis\u00e9es dans une bo\u00eete \u00e0 chapeau\" class=\"wp-image-57169\" srcset=\"https:\/\/www.interflora.fr\/blog\/wp-content\/uploads\/2026\/01\/roses-rouges-eternelles.jpg 500w, https:\/\/www.interflora.fr\/blog\/wp-content\/uploads\/2026\/01\/roses-rouges-eternelles-300x300.jpg 300w, https:\/\/www.interflora.fr\/blog\/wp-content\/uploads\/2026\/01\/roses-rouges-eternelles-150x150.jpg 150w\" sizes=\"auto, (max-width: 500px) 100vw, 500px\" \/><\/figure>\n\n\n\n<figure class=\"wp-block-image size-large\"><img loading=\"lazy\" decoding=\"async\" width=\"500\" height=\"500\" data-id=\"57168\" src=\"https:\/\/www.interflora.fr\/blog\/wp-content\/uploads\/2026\/01\/roses-stabilisees.jpg\" alt=\"Roses stabilis\u00e9es rouges dans une bo\u00eete \u00e0 chapeau\" class=\"wp-image-57168\" srcset=\"https:\/\/www.interflora.fr\/blog\/wp-content\/uploads\/2026\/01\/roses-stabilisees.jpg 500w, https:\/\/www.interflora.fr\/blog\/wp-content\/uploads\/2026\/01\/roses-stabilisees-300x300.jpg 300w, https:\/\/www.interflora.fr\/blog\/wp-content\/uploads\/2026\/01\/roses-stabilisees-150x150.jpg 150w\" sizes=\"auto, (max-width: 500px) 100vw, 500px\" \/><\/figure>\n<\/figure>\n\n\n\n<h2 class=\"wp-block-heading\"><strong>Les facteurs qui influencent la long\u00e9vit\u00e9 de votre rose \u00e9ternelle<\/strong><\/h2>\n\n\n\n<p>Plusieurs \u00e9l\u00e9ments d\u00e9terminent la dur\u00e9e de vie de votre rose \u00e9ternelle :&nbsp;<\/p>\n\n\n\n<ul class=\"wp-block-list\">\n<li><strong>La qualit\u00e9 initiale de la fleur<\/strong> : une rose cueillie \u00e0 maturit\u00e9 parfaite et stabilis\u00e9e avec soin durera plus longtemps&nbsp;<\/li>\n\n\n\n<li><strong>L&rsquo;environnement de conservation<\/strong> : temp\u00e9rature, humidit\u00e9 et exposition lumineuse jouent un r\u00f4le crucial&nbsp;<\/li>\n\n\n\n<li><strong>La manipulation<\/strong> : moins vous touchez les p\u00e9tales, mieux ils se conservent&nbsp;<\/li>\n\n\n\n<li><strong>La protection<\/strong> : une rose sous cloche sera naturellement mieux pr\u00e9serv\u00e9e qu&rsquo;une rose expos\u00e9e&nbsp;<\/li>\n<\/ul>\n\n\n\n<p>Comprendre la <a href=\"https:\/\/www.interflora.fr\/blog\/la-rose\/\">symbolique de la rose<\/a> permet \u00e9galement de choisir la couleur la plus adapt\u00e9e \u00e0 votre message, qu&rsquo;il s&rsquo;agisse d&rsquo;amour, d&rsquo;amiti\u00e9 ou de gratitude.&nbsp;<\/p>\n\n\n<div class=\"lp-produits-grid\"><div class=\"lp-produit\"><div class=\"lp-thumbnail-wrapper\"><img loading=\"lazy\" decoding=\"async\" width=\"300\" height=\"300\" src=\"https:\/\/www.interflora.fr\/blog\/wp-content\/uploads\/2025\/05\/3ER-800Wx800H-0-1-25-300x300.jpg\" class=\"attachment-medium size-medium wp-post-image\" alt=\"\" srcset=\"https:\/\/www.interflora.fr\/blog\/wp-content\/uploads\/2025\/05\/3ER-800Wx800H-0-1-25-300x300.jpg 300w, https:\/\/www.interflora.fr\/blog\/wp-content\/uploads\/2025\/05\/3ER-800Wx800H-0-1-25-150x150.jpg 150w, https:\/\/www.interflora.fr\/blog\/wp-content\/uploads\/2025\/05\/3ER-800Wx800H-0-1-25-768x768.jpg 768w, https:\/\/www.interflora.fr\/blog\/wp-content\/uploads\/2025\/05\/3ER-800Wx800H-0-1-25.jpg 800w\" sizes=\"auto, (max-width: 300px) 100vw, 300px\" \/><img decoding=\"async\" class=\"lp-badge\" src=\"https:\/\/www.interflora.fr\/blog\/wp-content\/uploads\/2025\/06\/logo-circle.png\" alt=\"Livraison rapide Interflora\"><\/div><span>Ecrin de roses<\/span><p>42.95 \u20ac<\/p><span class=\"obf-link lp-cta\" role=\"link\" tabindex=\"0\" data-b64=\"aHR0cHM6Ly93d3cuaW50ZXJmbG9yYS5mci9wL2VjcmluLWRlLXJvc2VzLzEvRlI\/dXRtX21lZGl1bT1vcmdhbmljJnV0bV9zb3VyY2U9YmxvZ19wcm9kdWN0cyZ1dG1fY2FtcGFpZ249M0VS\" data-target=\"_blank\"><svg xmlns=\"http:\/\/www.w3.org\/2000\/svg\" width=\"16\" height=\"16\" fill=\"currentColor\" class=\"bi bi-bag\" viewBox=\"0 0 16 16\"><path d=\"M8 1a2 2 0 0 1 2 2v1h2.5A1.5 1.5 0 0 1 14 5.5v8A1.5 1.5 0 0 1 12.5 15h-9A1.5 1.5 0 0 1 2 13.5v-8A1.5 1.5 0 0 1 3.5 3H6V2a2 2 0 0 1 2-1zm1 3V3a1 1 0 0 0-2 0v1h2z\"\/><\/svg>Voir le produit<\/span><p class=\"rapido\">Fleurs fra\u00eeches<\/p><\/div><div class=\"lp-produit\"><div class=\"lp-thumbnail-wrapper\"><img loading=\"lazy\" decoding=\"async\" width=\"300\" height=\"300\" src=\"https:\/\/www.interflora.fr\/blog\/wp-content\/uploads\/2026\/04\/3REP-800Wx800H-0-1-300x300.jpg\" class=\"attachment-medium size-medium wp-post-image\" alt=\"\" srcset=\"https:\/\/www.interflora.fr\/blog\/wp-content\/uploads\/2026\/04\/3REP-800Wx800H-0-1-300x300.jpg 300w, https:\/\/www.interflora.fr\/blog\/wp-content\/uploads\/2026\/04\/3REP-800Wx800H-0-1-150x150.jpg 150w, https:\/\/www.interflora.fr\/blog\/wp-content\/uploads\/2026\/04\/3REP-800Wx800H-0-1-768x768.jpg 768w, https:\/\/www.interflora.fr\/blog\/wp-content\/uploads\/2026\/04\/3REP-800Wx800H-0-1.jpg 800w\" sizes=\"auto, (max-width: 300px) 100vw, 300px\" \/><img decoding=\"async\" class=\"lp-badge\" src=\"https:\/\/www.interflora.fr\/blog\/wp-content\/uploads\/2025\/06\/logo-circle.png\" alt=\"Livraison rapide Interflora\"><\/div><span>Composition rose \u00e9ternelle rose<\/span><p>36.95 \u20ac<\/p><span class=\"obf-link lp-cta\" role=\"link\" tabindex=\"0\" data-b64=\"aHR0cHM6Ly93d3cuaW50ZXJmbG9yYS5mci9wL2NvbXBvc2l0aW9uLXJvc2UtZXRlcm5lbGxlLXJvc2UvMC9GUj91dG1fbWVkaXVtPW9yZ2FuaWMmdXRtX3NvdXJjZT1ibG9nX3Byb2R1Y3RzJnV0bV9jYW1wYWlnbj0zUkVQ\" data-target=\"_blank\"><svg xmlns=\"http:\/\/www.w3.org\/2000\/svg\" width=\"16\" height=\"16\" fill=\"currentColor\" class=\"bi bi-bag\" viewBox=\"0 0 16 16\"><path d=\"M8 1a2 2 0 0 1 2 2v1h2.5A1.5 1.5 0 0 1 14 5.5v8A1.5 1.5 0 0 1 12.5 15h-9A1.5 1.5 0 0 1 2 13.5v-8A1.5 1.5 0 0 1 3.5 3H6V2a2 2 0 0 1 2-1zm1 3V3a1 1 0 0 0-2 0v1h2z\"\/><\/svg>Voir le produit<\/span><p class=\"rapido\">Fleurs fra\u00eeches<\/p><\/div><div class=\"lp-produit\"><div class=\"lp-thumbnail-wrapper\"><img loading=\"lazy\" decoding=\"async\" width=\"300\" height=\"300\" src=\"https:\/\/www.interflora.fr\/blog\/wp-content\/uploads\/2025\/05\/1AFO-800Wx800H-0-1-25-300x300.jpg\" class=\"attachment-medium size-medium wp-post-image\" alt=\"\" srcset=\"https:\/\/www.interflora.fr\/blog\/wp-content\/uploads\/2025\/05\/1AFO-800Wx800H-0-1-25-300x300.jpg 300w, https:\/\/www.interflora.fr\/blog\/wp-content\/uploads\/2025\/05\/1AFO-800Wx800H-0-1-25-150x150.jpg 150w, https:\/\/www.interflora.fr\/blog\/wp-content\/uploads\/2025\/05\/1AFO-800Wx800H-0-1-25-768x768.jpg 768w, https:\/\/www.interflora.fr\/blog\/wp-content\/uploads\/2025\/05\/1AFO-800Wx800H-0-1-25.jpg 800w\" sizes=\"auto, (max-width: 300px) 100vw, 300px\" \/><img decoding=\"async\" class=\"lp-badge\" src=\"https:\/\/www.interflora.fr\/blog\/wp-content\/uploads\/2025\/06\/logo-circle.png\" alt=\"Livraison rapide Interflora\"><\/div><span>Grandes roses sur-mesure<\/span><p>59.95 \u20ac<\/p><span class=\"obf-link lp-cta\" role=\"link\" tabindex=\"0\" data-b64=\"aHR0cHM6Ly93d3cuaW50ZXJmbG9yYS5mci9wL3Jvc2VzLWEtbGEtZm9saWUvNi9GUj91dG1fbWVkaXVtPW9yZ2FuaWMmdXRtX3NvdXJjZT1ibG9nX3Byb2R1Y3RzJnV0bV9jYW1wYWlnbj0xQUZP\" data-target=\"_blank\"><svg xmlns=\"http:\/\/www.w3.org\/2000\/svg\" width=\"16\" height=\"16\" fill=\"currentColor\" class=\"bi bi-bag\" viewBox=\"0 0 16 16\"><path d=\"M8 1a2 2 0 0 1 2 2v1h2.5A1.5 1.5 0 0 1 14 5.5v8A1.5 1.5 0 0 1 12.5 15h-9A1.5 1.5 0 0 1 2 13.5v-8A1.5 1.5 0 0 1 3.5 3H6V2a2 2 0 0 1 2-1zm1 3V3a1 1 0 0 0-2 0v1h2z\"\/><\/svg>Voir le produit<\/span><p class=\"rapido\">Top produit<\/p><\/div><div class=\"lp-produit\"><div class=\"lp-thumbnail-wrapper\"><img loading=\"lazy\" decoding=\"async\" width=\"300\" height=\"300\" src=\"https:\/\/www.interflora.fr\/blog\/wp-content\/uploads\/2026\/04\/3RER-800Wx800H-0-1-300x300.jpg\" class=\"attachment-medium size-medium wp-post-image\" alt=\"\" srcset=\"https:\/\/www.interflora.fr\/blog\/wp-content\/uploads\/2026\/04\/3RER-800Wx800H-0-1-300x300.jpg 300w, https:\/\/www.interflora.fr\/blog\/wp-content\/uploads\/2026\/04\/3RER-800Wx800H-0-1-150x150.jpg 150w, https:\/\/www.interflora.fr\/blog\/wp-content\/uploads\/2026\/04\/3RER-800Wx800H-0-1-768x768.jpg 768w, https:\/\/www.interflora.fr\/blog\/wp-content\/uploads\/2026\/04\/3RER-800Wx800H-0-1.jpg 800w\" sizes=\"auto, (max-width: 300px) 100vw, 300px\" \/><img decoding=\"async\" class=\"lp-badge\" src=\"https:\/\/www.interflora.fr\/blog\/wp-content\/uploads\/2025\/06\/logo-circle.png\" alt=\"Livraison rapide Interflora\"><\/div><span>Composition rose \u00e9ternelle rouge<\/span><p>36.95 \u20ac<\/p><span class=\"obf-link lp-cta\" role=\"link\" tabindex=\"0\" data-b64=\"aHR0cHM6Ly93d3cuaW50ZXJmbG9yYS5mci9wL2NvbXBvc2l0aW9uLXJvc2UtZXRlcm5lbGxlLXJvdWdlLzAvRlI\/dXRtX21lZGl1bT1vcmdhbmljJnV0bV9zb3VyY2U9YmxvZ19wcm9kdWN0cyZ1dG1fY2FtcGFpZ249M1JFUg==\" data-target=\"_blank\"><svg xmlns=\"http:\/\/www.w3.org\/2000\/svg\" width=\"16\" height=\"16\" fill=\"currentColor\" class=\"bi bi-bag\" viewBox=\"0 0 16 16\"><path d=\"M8 1a2 2 0 0 1 2 2v1h2.5A1.5 1.5 0 0 1 14 5.5v8A1.5 1.5 0 0 1 12.5 15h-9A1.5 1.5 0 0 1 2 13.5v-8A1.5 1.5 0 0 1 3.5 3H6V2a2 2 0 0 1 2-1zm1 3V3a1 1 0 0 0-2 0v1h2z\"\/><\/svg>Voir le produit<\/span><p class=\"rapido\">Fleurs fra\u00eeches<\/p><\/div><\/div>\n\n\n\n<h2 class=\"wp-block-heading\"><strong>Comment entretenir sa rose \u00e9ternelle ?<\/strong><\/h2>\n\n\n\n<p>L&rsquo;entretien d&rsquo;une rose \u00e9ternelle est remarquablement simple. Voici nos conseils pour <strong>maximiser sa dur\u00e9e de vie<\/strong> :&nbsp;<\/p>\n\n\n\n<h3 class=\"wp-block-heading\"><strong>\u00c9vitez la lumi\u00e8re directe du soleil<\/strong><\/h3>\n\n\n\n<p>Les rayons UV peuvent d\u00e9colorer progressivement les pigments. Privil\u00e9giez un emplacement lumineux mais \u00e0 l&rsquo;abri des rayons directs.&nbsp;<\/p>\n\n\n\n<h3 class=\"wp-block-heading\"><strong>Maintenez-la au sec<\/strong><\/h3>\n\n\n\n<p>L&rsquo;humidit\u00e9 est l&rsquo;ennemi num\u00e9ro un des roses stabilis\u00e9es. Ne les placez jamais dans une pi\u00e8ce humide comme la salle de bain, et surtout, ne les vaporisez jamais d&rsquo;eau.&nbsp;<\/p>\n\n\n\n<h3 class=\"wp-block-heading\"><strong>D\u00e9poussi\u00e9rez d\u00e9licatement<\/strong><\/h3>\n\n\n\n<p>Un l\u00e9ger souffle d&rsquo;air frais ou un pinceau tr\u00e8s doux suffisent. N&rsquo;utilisez jamais de chiffon humide.&nbsp;<\/p>\n\n\n\n<h3 class=\"wp-block-heading\"><strong>Conservez une temp\u00e9rature stable<\/strong><\/h3>\n\n\n\n<p>L&rsquo;id\u00e9al se situe entre 18 et 22\u00b0C. \u00c9vitez les variations brutales de temp\u00e9rature et les sources de chaleur directe.&nbsp;<\/p>\n\n\n\n<p>Si vous souhaitez pr\u00e9server d&rsquo;autres fleurs, d\u00e9couvrez aussi nos techniques pour <a href=\"https:\/\/www.interflora.fr\/blog\/faire-secher-des-roses\/\">faire s\u00e9cher des roses<\/a> traditionnelles.&nbsp;<\/p>\n\n\n\n<figure class=\"wp-block-gallery has-nested-images columns-default is-cropped wp-block-gallery-3 is-layout-flex wp-block-gallery-is-layout-flex\">\n<figure class=\"wp-block-image size-full\"><img loading=\"lazy\" decoding=\"async\" width=\"500\" height=\"500\" data-id=\"57173\" src=\"https:\/\/www.interflora.fr\/blog\/wp-content\/uploads\/2026\/01\/rose-eternelle-sous-cloche.jpg\" alt=\"Rose sous cloche\" class=\"wp-image-57173\" srcset=\"https:\/\/www.interflora.fr\/blog\/wp-content\/uploads\/2026\/01\/rose-eternelle-sous-cloche.jpg 500w, https:\/\/www.interflora.fr\/blog\/wp-content\/uploads\/2026\/01\/rose-eternelle-sous-cloche-300x300.jpg 300w, https:\/\/www.interflora.fr\/blog\/wp-content\/uploads\/2026\/01\/rose-eternelle-sous-cloche-150x150.jpg 150w\" sizes=\"auto, (max-width: 500px) 100vw, 500px\" \/><\/figure>\n\n\n\n<figure class=\"wp-block-image size-full\"><img loading=\"lazy\" decoding=\"async\" width=\"500\" height=\"500\" data-id=\"57232\" src=\"https:\/\/www.interflora.fr\/blog\/wp-content\/uploads\/2026\/01\/rose-eternelle-saint-valentin.jpg\" alt=\"\" class=\"wp-image-57232\" srcset=\"https:\/\/www.interflora.fr\/blog\/wp-content\/uploads\/2026\/01\/rose-eternelle-saint-valentin.jpg 500w, https:\/\/www.interflora.fr\/blog\/wp-content\/uploads\/2026\/01\/rose-eternelle-saint-valentin-300x300.jpg 300w, https:\/\/www.interflora.fr\/blog\/wp-content\/uploads\/2026\/01\/rose-eternelle-saint-valentin-150x150.jpg 150w\" sizes=\"auto, (max-width: 500px) 100vw, 500px\" \/><\/figure>\n<\/figure>\n\n\n\n<h2 class=\"wp-block-heading\"><strong>Pourquoi choisir une rose \u00e9ternelle ?<\/strong><\/h2>\n\n\n\n<p>Au-del\u00e0 de leur long\u00e9vit\u00e9 exceptionnelle, les roses \u00e9ternelles portent une <strong>symbolique forte<\/strong>. Offrir une fleur qui dure des ann\u00e9es, c&rsquo;est transmettre un message d&rsquo;amour ou d&rsquo;affection qui r\u00e9siste \u00e0 l&rsquo;\u00e9preuve du temps.&nbsp;<\/p>\n\n\n\n<p>C&rsquo;est \u00e9galement un choix \u00e9co-responsable : contrairement aux fleurs coup\u00e9es qui n\u00e9cessitent un renouvellement r\u00e9gulier, une rose \u00e9ternelle repr\u00e9sente un investissement durable. Pour ceux qui recherchent d&rsquo;autres <a href=\"https:\/\/www.interflora.fr\/blog\/fleurs-qui-durent-saint-valentin\/\">fleurs qui durent longtemps<\/a>, c&rsquo;est une alternative id\u00e9ale.&nbsp;<\/p>\n\n\n\n<p>Enfin, ces roses constituent un <strong>\u00e9l\u00e9ment d\u00e9coratif raffin\u00e9<\/strong>. Sous cloche, dans un soliflore ou pr\u00e9sent\u00e9es dans un \u00e9crin, elles s&rsquo;int\u00e8grent harmonieusement \u00e0 tous les int\u00e9rieurs.&nbsp;<\/p>\n\n\n\n<p>Les roses \u00e9ternelles allient la beaut\u00e9 authentique des fleurs naturelles \u00e0 une durabilit\u00e9 exceptionnelle. Avec un entretien minimal, elles illumineront votre int\u00e9rieur ou celui de la personne qui vous est ch\u00e8re pendant plusieurs ann\u00e9es. <strong>Pr\u00eat \u00e0 offrir un symbole d&rsquo;amour intemporel ?<\/strong> D\u00e9couvrez notre collection et laissez-vous s\u00e9duire par ces cr\u00e9ations uniques qui r\u00e9inventent l&rsquo;art d&rsquo;offrir des fleurs.&nbsp;<\/p>\n\n\n<div class=\"lp-produits-grid\"><div class=\"lp-produit\"><div class=\"lp-thumbnail-wrapper\"><img loading=\"lazy\" decoding=\"async\" width=\"300\" height=\"300\" src=\"https:\/\/www.interflora.fr\/blog\/wp-content\/uploads\/2026\/04\/3RER-800Wx800H-0-1-300x300.jpg\" class=\"attachment-medium size-medium wp-post-image\" alt=\"\" srcset=\"https:\/\/www.interflora.fr\/blog\/wp-content\/uploads\/2026\/04\/3RER-800Wx800H-0-1-300x300.jpg 300w, https:\/\/www.interflora.fr\/blog\/wp-content\/uploads\/2026\/04\/3RER-800Wx800H-0-1-150x150.jpg 150w, https:\/\/www.interflora.fr\/blog\/wp-content\/uploads\/2026\/04\/3RER-800Wx800H-0-1-768x768.jpg 768w, https:\/\/www.interflora.fr\/blog\/wp-content\/uploads\/2026\/04\/3RER-800Wx800H-0-1.jpg 800w\" sizes=\"auto, (max-width: 300px) 100vw, 300px\" \/><img decoding=\"async\" class=\"lp-badge\" src=\"https:\/\/www.interflora.fr\/blog\/wp-content\/uploads\/2025\/06\/logo-circle.png\" alt=\"Livraison rapide Interflora\"><\/div><span>Composition rose \u00e9ternelle rouge<\/span><p>36.95 \u20ac<\/p><span class=\"obf-link lp-cta\" role=\"link\" tabindex=\"0\" data-b64=\"aHR0cHM6Ly93d3cuaW50ZXJmbG9yYS5mci9wL2NvbXBvc2l0aW9uLXJvc2UtZXRlcm5lbGxlLXJvdWdlLzAvRlI\/dXRtX21lZGl1bT1vcmdhbmljJnV0bV9zb3VyY2U9YmxvZ19wcm9kdWN0cyZ1dG1fY2FtcGFpZ249M1JFUg==\" data-target=\"_blank\"><svg xmlns=\"http:\/\/www.w3.org\/2000\/svg\" width=\"16\" height=\"16\" fill=\"currentColor\" class=\"bi bi-bag\" viewBox=\"0 0 16 16\"><path d=\"M8 1a2 2 0 0 1 2 2v1h2.5A1.5 1.5 0 0 1 14 5.5v8A1.5 1.5 0 0 1 12.5 15h-9A1.5 1.5 0 0 1 2 13.5v-8A1.5 1.5 0 0 1 3.5 3H6V2a2 2 0 0 1 2-1zm1 3V3a1 1 0 0 0-2 0v1h2z\"\/><\/svg>Voir le produit<\/span><p class=\"rapido\">Livraison rapide<\/p><\/div><div class=\"lp-produit\"><div class=\"lp-thumbnail-wrapper\"><img loading=\"lazy\" decoding=\"async\" width=\"300\" height=\"300\" src=\"https:\/\/www.interflora.fr\/blog\/wp-content\/uploads\/2025\/05\/1TEN-800Wx800H-0-1-25-300x300.jpg\" class=\"attachment-medium size-medium wp-post-image\" alt=\"\" srcset=\"https:\/\/www.interflora.fr\/blog\/wp-content\/uploads\/2025\/05\/1TEN-800Wx800H-0-1-25-300x300.jpg 300w, https:\/\/www.interflora.fr\/blog\/wp-content\/uploads\/2025\/05\/1TEN-800Wx800H-0-1-25-150x150.jpg 150w, https:\/\/www.interflora.fr\/blog\/wp-content\/uploads\/2025\/05\/1TEN-800Wx800H-0-1-25-768x768.jpg 768w, https:\/\/www.interflora.fr\/blog\/wp-content\/uploads\/2025\/05\/1TEN-800Wx800H-0-1-25.jpg 800w\" sizes=\"auto, (max-width: 300px) 100vw, 300px\" \/><img decoding=\"async\" class=\"lp-badge\" src=\"https:\/\/www.interflora.fr\/blog\/wp-content\/uploads\/2025\/06\/logo-circle.png\" alt=\"Livraison rapide Interflora\"><\/div><span>Tendresse<\/span><p>29.95 \u20ac<\/p><span class=\"obf-link lp-cta\" role=\"link\" tabindex=\"0\" data-b64=\"aHR0cHM6Ly93d3cuaW50ZXJmbG9yYS5mci9wL3RlbmRyZXNzZS8xL0ZSP3V0bV9tZWRpdW09b3JnYW5pYyZ1dG1fc291cmNlPWJsb2dfcHJvZHVjdHMmdXRtX2NhbXBhaWduPTFURU4=\" data-target=\"_blank\"><svg xmlns=\"http:\/\/www.w3.org\/2000\/svg\" width=\"16\" height=\"16\" fill=\"currentColor\" class=\"bi bi-bag\" viewBox=\"0 0 16 16\"><path d=\"M8 1a2 2 0 0 1 2 2v1h2.5A1.5 1.5 0 0 1 14 5.5v8A1.5 1.5 0 0 1 12.5 15h-9A1.5 1.5 0 0 1 2 13.5v-8A1.5 1.5 0 0 1 3.5 3H6V2a2 2 0 0 1 2-1zm1 3V3a1 1 0 0 0-2 0v1h2z\"\/><\/svg>Voir le produit<\/span><p class=\"rapido\">Top produit<\/p><\/div><div class=\"lp-produit\"><div class=\"lp-thumbnail-wrapper\"><img loading=\"lazy\" decoding=\"async\" width=\"300\" height=\"300\" src=\"https:\/\/www.interflora.fr\/blog\/wp-content\/uploads\/2026\/01\/1AA-800Wx800H-0-1-300x300.jpg\" class=\"attachment-medium size-medium wp-post-image\" alt=\"\" srcset=\"https:\/\/www.interflora.fr\/blog\/wp-content\/uploads\/2026\/01\/1AA-800Wx800H-0-1-300x300.jpg 300w, https:\/\/www.interflora.fr\/blog\/wp-content\/uploads\/2026\/01\/1AA-800Wx800H-0-1-150x150.jpg 150w, https:\/\/www.interflora.fr\/blog\/wp-content\/uploads\/2026\/01\/1AA-800Wx800H-0-1-768x768.jpg 768w, https:\/\/www.interflora.fr\/blog\/wp-content\/uploads\/2026\/01\/1AA-800Wx800H-0-1.jpg 800w\" sizes=\"auto, (max-width: 300px) 100vw, 300px\" \/><img decoding=\"async\" class=\"lp-badge\" src=\"https:\/\/www.interflora.fr\/blog\/wp-content\/uploads\/2025\/06\/logo-circle.png\" alt=\"Livraison rapide Interflora\"><\/div><span>Amour exceptionnel<\/span><p>169 \u20ac<\/p><span class=\"obf-link lp-cta\" role=\"link\" tabindex=\"0\" data-b64=\"aHR0cHM6Ly93d3cuaW50ZXJmbG9yYS5mci9wL2JvdXF1ZXQtYW1vdXItZXhjZXB0aW9ubmVsLzEvRlI\/dXRtX21lZGl1bT1vcmdhbmljJnV0bV9zb3VyY2U9YmxvZ19wcm9kdWN0cyZ1dG1fY2FtcGFpZ249MUFB\" data-target=\"_blank\"><svg xmlns=\"http:\/\/www.w3.org\/2000\/svg\" width=\"16\" height=\"16\" fill=\"currentColor\" class=\"bi bi-bag\" viewBox=\"0 0 16 16\"><path d=\"M8 1a2 2 0 0 1 2 2v1h2.5A1.5 1.5 0 0 1 14 5.5v8A1.5 1.5 0 0 1 12.5 15h-9A1.5 1.5 0 0 1 2 13.5v-8A1.5 1.5 0 0 1 3.5 3H6V2a2 2 0 0 1 2-1zm1 3V3a1 1 0 0 0-2 0v1h2z\"\/><\/svg>Voir le produit<\/span><p class=\"rapido\">Livraison rapide<\/p><\/div><div class=\"lp-produit\"><div class=\"lp-thumbnail-wrapper\"><img loading=\"lazy\" decoding=\"async\" width=\"300\" height=\"300\" src=\"https:\/\/www.interflora.fr\/blog\/wp-content\/uploads\/2025\/05\/1AFO-800Wx800H-0-1-25-300x300.jpg\" class=\"attachment-medium size-medium wp-post-image\" alt=\"\" srcset=\"https:\/\/www.interflora.fr\/blog\/wp-content\/uploads\/2025\/05\/1AFO-800Wx800H-0-1-25-300x300.jpg 300w, https:\/\/www.interflora.fr\/blog\/wp-content\/uploads\/2025\/05\/1AFO-800Wx800H-0-1-25-150x150.jpg 150w, https:\/\/www.interflora.fr\/blog\/wp-content\/uploads\/2025\/05\/1AFO-800Wx800H-0-1-25-768x768.jpg 768w, https:\/\/www.interflora.fr\/blog\/wp-content\/uploads\/2025\/05\/1AFO-800Wx800H-0-1-25.jpg 800w\" sizes=\"auto, (max-width: 300px) 100vw, 300px\" \/><img decoding=\"async\" class=\"lp-badge\" src=\"https:\/\/www.interflora.fr\/blog\/wp-content\/uploads\/2025\/06\/logo-circle.png\" alt=\"Livraison rapide Interflora\"><\/div><span>Grandes roses sur-mesure<\/span><p>59.95 \u20ac<\/p><span class=\"obf-link lp-cta\" role=\"link\" tabindex=\"0\" data-b64=\"aHR0cHM6Ly93d3cuaW50ZXJmbG9yYS5mci9wL3Jvc2VzLWEtbGEtZm9saWUvNi9GUj91dG1fbWVkaXVtPW9yZ2FuaWMmdXRtX3NvdXJjZT1ibG9nX3Byb2R1Y3RzJnV0bV9jYW1wYWlnbj0xQUZP\" data-target=\"_blank\"><svg xmlns=\"http:\/\/www.w3.org\/2000\/svg\" width=\"16\" height=\"16\" fill=\"currentColor\" class=\"bi bi-bag\" viewBox=\"0 0 16 16\"><path d=\"M8 1a2 2 0 0 1 2 2v1h2.5A1.5 1.5 0 0 1 14 5.5v8A1.5 1.5 0 0 1 12.5 15h-9A1.5 1.5 0 0 1 2 13.5v-8A1.5 1.5 0 0 1 3.5 3H6V2a2 2 0 0 1 2-1zm1 3V3a1 1 0 0 0-2 0v1h2z\"\/><\/svg>Voir le produit<\/span><p class=\"rapido\">Top produit<\/p><\/div><\/div>\n","protected":false},"excerpt":{"rendered":"<p>En r\u00e9sum\u00e9&nbsp;Les roses \u00e9ternelles durent entre 1 et 5 ans selon leur qualit\u00e9 et les conditions de conservation. Leur secret [&hellip;]<\/p>\n","protected":false},"author":11,"featured_media":57168,"comment_status":"open","ping_status":"open","sticky":false,"template":"","format":"standard","meta":{"_uag_custom_page_level_css":"","site-sidebar-layout":"default","site-content-layout":"","ast-site-content-layout":"default","site-content-style":"default","site-sidebar-style":"default","ast-global-header-display":"","ast-banner-title-visibility":"","ast-main-header-display":"","ast-hfb-above-header-display":"","ast-hfb-below-header-display":"","ast-hfb-mobile-header-display":"","site-post-title":"","ast-breadcrumbs-content":"","ast-featured-img":"","footer-sml-layout":"","ast-disable-related-posts":"","theme-transparent-header-meta":"","adv-header-id-meta":"","stick-header-meta":"","header-above-stick-meta":"","header-main-stick-meta":"","header-below-stick-meta":"","astra-migrate-meta-layouts":"default","ast-page-background-enabled":"default","ast-page-background-meta":{"desktop":{"background-color":"var(--ast-global-color-5)","background-image":"","background-repeat":"repeat","background-position":"center center","background-size":"auto","background-attachment":"scroll","background-type":"","background-media":"","overlay-type":"","overlay-color":"","overlay-opacity":"","overlay-gradient":""},"tablet":{"background-color":"","background-image":"","background-repeat":"repeat","background-position":"center center","background-size":"auto","background-attachment":"scroll","background-type":"","background-media":"","overlay-type":"","overlay-color":"","overlay-opacity":"","overlay-gradient":""},"mobile":{"background-color":"","background-image":"","background-repeat":"repeat","background-position":"center center","background-size":"auto","background-attachment":"scroll","background-type":"","background-media":"","overlay-type":"","overlay-color":"","overlay-opacity":"","overlay-gradient":""}},"ast-content-background-meta":{"desktop":{"background-color":"var(--ast-global-color-4)","background-image":"","background-repeat":"repeat","background-position":"center center","background-size":"auto","background-attachment":"scroll","background-type":"","background-media":"","overlay-type":"","overlay-color":"","overlay-opacity":"","overlay-gradient":""},"tablet":{"background-color":"var(--ast-global-color-4)","background-image":"","background-repeat":"repeat","background-position":"center center","background-size":"auto","background-attachment":"scroll","background-type":"","background-media":"","overlay-type":"","overlay-color":"","overlay-opacity":"","overlay-gradient":""},"mobile":{"background-color":"var(--ast-global-color-4)","background-image":"","background-repeat":"repeat","background-position":"center center","background-size":"auto","background-attachment":"scroll","background-type":"","background-media":"","overlay-type":"","overlay-color":"","overlay-opacity":"","overlay-gradient":""}},"footnotes":""},"categories":[183,350,471],"tags":[317],"class_list":["post-57167","post","type-post","status-publish","format-standard","has-post-thumbnail","hentry","category-fleurs","category-fleurs-interieurs","category-rose","tag-rose"],"uagb_featured_image_src":{"full":["https:\/\/www.interflora.fr\/blog\/wp-content\/uploads\/2026\/01\/roses-stabilisees.jpg",500,500,false],"thumbnail":["https:\/\/www.interflora.fr\/blog\/wp-content\/uploads\/2026\/01\/roses-stabilisees-150x150.jpg",150,150,true],"medium":["https:\/\/www.interflora.fr\/blog\/wp-content\/uploads\/2026\/01\/roses-stabilisees-300x300.jpg",300,300,true],"medium_large":["https:\/\/www.interflora.fr\/blog\/wp-content\/uploads\/2026\/01\/roses-stabilisees.jpg",500,500,false],"large":["https:\/\/www.interflora.fr\/blog\/wp-content\/uploads\/2026\/01\/roses-stabilisees.jpg",500,500,false],"1536x1536":["https:\/\/www.interflora.fr\/blog\/wp-content\/uploads\/2026\/01\/roses-stabilisees.jpg",500,500,false],"2048x2048":["https:\/\/www.interflora.fr\/blog\/wp-content\/uploads\/2026\/01\/roses-stabilisees.jpg",500,500,false]},"uagb_author_info":{"display_name":"Interflora","author_link":"https:\/\/www.interflora.fr\/blog\/author\/lisa\/"},"uagb_comment_info":0,"uagb_excerpt":"En r\u00e9sum\u00e9&nbsp;Les roses \u00e9ternelles durent entre 1 et 5 ans selon leur qualit\u00e9 et les conditions de conservation. Leur secret [&hellip;]","yoast_meta":{"title":"Dur\u00e9e des roses \u00e9ternelles et entretien | Interflora","description":"D\u00e9couvrez combien de temps durent les roses \u00e9ternelles et nos conseils d'entretien pour pr\u00e9server leur beaut\u00e9 pendant des ann\u00e9es. Guide complet Interflora."},"_links":{"self":[{"href":"https:\/\/www.interflora.fr\/blog\/wp-json\/wp\/v2\/posts\/57167","targetHints":{"allow":["GET"]}}],"collection":[{"href":"https:\/\/www.interflora.fr\/blog\/wp-json\/wp\/v2\/posts"}],"about":[{"href":"https:\/\/www.interflora.fr\/blog\/wp-json\/wp\/v2\/types\/post"}],"author":[{"embeddable":true,"href":"https:\/\/www.interflora.fr\/blog\/wp-json\/wp\/v2\/users\/11"}],"replies":[{"embeddable":true,"href":"https:\/\/www.interflora.fr\/blog\/wp-json\/wp\/v2\/comments?post=57167"}],"version-history":[{"count":2,"href":"https:\/\/www.interflora.fr\/blog\/wp-json\/wp\/v2\/posts\/57167\/revisions"}],"predecessor-version":[{"id":57307,"href":"https:\/\/www.interflora.fr\/blog\/wp-json\/wp\/v2\/posts\/57167\/revisions\/57307"}],"wp:featuredmedia":[{"embeddable":true,"href":"https:\/\/www.interflora.fr\/blog\/wp-json\/wp\/v2\/media\/57168"}],"wp:attachment":[{"href":"https:\/\/www.interflora.fr\/blog\/wp-json\/wp\/v2\/media?parent=57167"}],"wp:term":[{"taxonomy":"category","embeddable":true,"href":"https:\/\/www.interflora.fr\/blog\/wp-json\/wp\/v2\/categories?post=57167"},{"taxonomy":"post_tag","embeddable":true,"href":"https:\/\/www.interflora.fr\/blog\/wp-json\/wp\/v2\/tags?post=57167"}],"curies":[{"name":"wp","href":"https:\/\/api.w.org\/{rel}","templated":true}]}}