{"id":57162,"date":"2026-01-02T18:02:24","date_gmt":"2026-01-02T17:02:24","guid":{"rendered":"https:\/\/www.interflora.fr\/blog\/?p=57162"},"modified":"2026-01-20T15:21:51","modified_gmt":"2026-01-20T14:21:51","slug":"roses-eternelles-ou-roses-fraiches-saint-valentin","status":"publish","type":"post","link":"https:\/\/www.interflora.fr\/blog\/roses-eternelles-ou-roses-fraiches-saint-valentin\/","title":{"rendered":"Roses \u00e9ternelles ou roses fra\u00eeches : lesquelles choisir pour la Saint-Valentin ?"},"content":{"rendered":"\n<pre class=\"wp-block-verse\"><strong>En r\u00e9sum\u00e9<\/strong>&nbsp;<br>Les roses fra\u00eeches s\u00e9duisent par leur parfum envo\u00fbtant et leur beaut\u00e9 naturelle, id\u00e9ales pour c\u00e9l\u00e9brer l'instant pr\u00e9sent. Les roses \u00e9ternelles, stabilis\u00e9es pour durer des mois voire des ann\u00e9es, symbolisent un amour qui traverse le temps. Le choix d\u00e9pend du profil de votre partenaire : amateur de gestes classiques ou sensible aux cadeaux durables. Les deux options peuvent aussi se combiner pour un effet maximal.&nbsp;<\/pre>\n\n\n\n<hr class=\"wp-block-separator has-alpha-channel-opacity\"\/>\n\n\n\n<p>La Saint-Valentin approche et une question revient chaque ann\u00e9e :&nbsp;<strong>roses \u00e9ternelles ou roses fra\u00eeches<\/strong>&nbsp;pour d\u00e9clarer sa flamme ? Ce choix, loin d&rsquo;\u00eatre anodin, en dit long sur vos intentions et votre fa\u00e7on d&rsquo;aimer.&nbsp;D&rsquo;un c\u00f4t\u00e9, les roses fra\u00eeches avec leur \u00e9clat imm\u00e9diat, leurs p\u00e9tales velout\u00e9s et ce parfum qui fait chavirer les c\u0153urs. De l&rsquo;autre, les roses \u00e9ternelles qui d\u00e9fient le temps et transforment votre d\u00e9claration en souvenir permanent. Deux visions de l&rsquo;amour, deux fa\u00e7ons de toucher l&rsquo;\u00eatre aim\u00e9.&nbsp;<\/p>\n\n\n\n<p>Dans cet article, nous vous guidons pour faire le bon choix selon votre histoire, vos envies et la personnalit\u00e9 de votre moiti\u00e9. Parce qu&rsquo;offrir des roses, c&rsquo;est bien plus qu&rsquo;un simple cadeau. C&rsquo;est un message.&nbsp;<\/p>\n\n\n<div class=\"lp-produits-grid\"><div class=\"lp-produit\"><div class=\"lp-thumbnail-wrapper\"><img loading=\"lazy\" decoding=\"async\" width=\"300\" height=\"300\" src=\"https:\/\/www.interflora.fr\/blog\/wp-content\/uploads\/2025\/05\/1TEN-800Wx800H-0-1-25-300x300.jpg\" class=\"attachment-medium size-medium wp-post-image\" alt=\"\" srcset=\"https:\/\/www.interflora.fr\/blog\/wp-content\/uploads\/2025\/05\/1TEN-800Wx800H-0-1-25-300x300.jpg 300w, https:\/\/www.interflora.fr\/blog\/wp-content\/uploads\/2025\/05\/1TEN-800Wx800H-0-1-25-150x150.jpg 150w, https:\/\/www.interflora.fr\/blog\/wp-content\/uploads\/2025\/05\/1TEN-800Wx800H-0-1-25-768x768.jpg 768w, https:\/\/www.interflora.fr\/blog\/wp-content\/uploads\/2025\/05\/1TEN-800Wx800H-0-1-25.jpg 800w\" sizes=\"auto, (max-width: 300px) 100vw, 300px\" \/><img decoding=\"async\" class=\"lp-badge\" src=\"https:\/\/www.interflora.fr\/blog\/wp-content\/uploads\/2025\/06\/logo-circle.png\" alt=\"Livraison rapide Interflora\"><\/div><span>Tendresse<\/span><p>29.95 \u20ac<\/p><span class=\"obf-link lp-cta\" role=\"link\" tabindex=\"0\" data-b64=\"aHR0cHM6Ly93d3cuaW50ZXJmbG9yYS5mci9wL3RlbmRyZXNzZS8xL0ZSP3V0bV9tZWRpdW09b3JnYW5pYyZ1dG1fc291cmNlPWJsb2dfcHJvZHVjdHMmdXRtX2NhbXBhaWduPTFURU4=\" data-target=\"_blank\"><svg xmlns=\"http:\/\/www.w3.org\/2000\/svg\" width=\"16\" height=\"16\" fill=\"currentColor\" class=\"bi bi-bag\" viewBox=\"0 0 16 16\"><path d=\"M8 1a2 2 0 0 1 2 2v1h2.5A1.5 1.5 0 0 1 14 5.5v8A1.5 1.5 0 0 1 12.5 15h-9A1.5 1.5 0 0 1 2 13.5v-8A1.5 1.5 0 0 1 3.5 3H6V2a2 2 0 0 1 2-1zm1 3V3a1 1 0 0 0-2 0v1h2z\"\/><\/svg>Voir le produit<\/span><p class=\"rapido\">Top produit<\/p><\/div><div class=\"lp-produit\"><div class=\"lp-thumbnail-wrapper\"><img loading=\"lazy\" decoding=\"async\" width=\"300\" height=\"300\" src=\"https:\/\/www.interflora.fr\/blog\/wp-content\/uploads\/2025\/05\/3ER-800Wx800H-0-1-25-300x300.jpg\" class=\"attachment-medium size-medium wp-post-image\" alt=\"\" srcset=\"https:\/\/www.interflora.fr\/blog\/wp-content\/uploads\/2025\/05\/3ER-800Wx800H-0-1-25-300x300.jpg 300w, https:\/\/www.interflora.fr\/blog\/wp-content\/uploads\/2025\/05\/3ER-800Wx800H-0-1-25-150x150.jpg 150w, https:\/\/www.interflora.fr\/blog\/wp-content\/uploads\/2025\/05\/3ER-800Wx800H-0-1-25-768x768.jpg 768w, https:\/\/www.interflora.fr\/blog\/wp-content\/uploads\/2025\/05\/3ER-800Wx800H-0-1-25.jpg 800w\" sizes=\"auto, (max-width: 300px) 100vw, 300px\" \/><img decoding=\"async\" class=\"lp-badge\" src=\"https:\/\/www.interflora.fr\/blog\/wp-content\/uploads\/2025\/06\/logo-circle.png\" alt=\"Livraison rapide Interflora\"><\/div><span>Ecrin de roses<\/span><p>42.95 \u20ac<\/p><span class=\"obf-link lp-cta\" role=\"link\" tabindex=\"0\" data-b64=\"aHR0cHM6Ly93d3cuaW50ZXJmbG9yYS5mci9wL2VjcmluLWRlLXJvc2VzLzEvRlI\/dXRtX21lZGl1bT1vcmdhbmljJnV0bV9zb3VyY2U9YmxvZ19wcm9kdWN0cyZ1dG1fY2FtcGFpZ249M0VS\" data-target=\"_blank\"><svg xmlns=\"http:\/\/www.w3.org\/2000\/svg\" width=\"16\" height=\"16\" fill=\"currentColor\" class=\"bi bi-bag\" viewBox=\"0 0 16 16\"><path d=\"M8 1a2 2 0 0 1 2 2v1h2.5A1.5 1.5 0 0 1 14 5.5v8A1.5 1.5 0 0 1 12.5 15h-9A1.5 1.5 0 0 1 2 13.5v-8A1.5 1.5 0 0 1 3.5 3H6V2a2 2 0 0 1 2-1zm1 3V3a1 1 0 0 0-2 0v1h2z\"\/><\/svg>Voir le produit<\/span><p class=\"rapido\">Livraison rapide<\/p><\/div><div class=\"lp-produit\"><div class=\"lp-thumbnail-wrapper\"><img loading=\"lazy\" decoding=\"async\" width=\"300\" height=\"300\" src=\"https:\/\/www.interflora.fr\/blog\/wp-content\/uploads\/2026\/02\/BEP25LGR-800Wx800H-0-1-300x300.jpg\" class=\"attachment-medium size-medium wp-post-image\" alt=\"\" srcset=\"https:\/\/www.interflora.fr\/blog\/wp-content\/uploads\/2026\/02\/BEP25LGR-800Wx800H-0-1-300x300.jpg 300w, https:\/\/www.interflora.fr\/blog\/wp-content\/uploads\/2026\/02\/BEP25LGR-800Wx800H-0-1-150x150.jpg 150w, https:\/\/www.interflora.fr\/blog\/wp-content\/uploads\/2026\/02\/BEP25LGR-800Wx800H-0-1-768x768.jpg 768w, https:\/\/www.interflora.fr\/blog\/wp-content\/uploads\/2026\/02\/BEP25LGR-800Wx800H-0-1.jpg 800w\" sizes=\"auto, (max-width: 300px) 100vw, 300px\" \/><img decoding=\"async\" class=\"lp-badge\" src=\"https:\/\/www.interflora.fr\/blog\/wp-content\/uploads\/2025\/06\/logo-circle.png\" alt=\"Livraison rapide Interflora\"><\/div><span>Roses signature LEGO\u00ae<\/span><p>87.95 \u20ac<\/p><span class=\"obf-link lp-cta\" role=\"link\" tabindex=\"0\" data-b64=\"aHR0cHM6Ly93d3cuaW50ZXJmbG9yYS5mci9wL3Jvc2VzLXNpZ25hdHVyZS1sZWdvLzEvRlI\/dXRtX21lZGl1bT1vcmdhbmljJnV0bV9zb3VyY2U9YmxvZ19wcm9kdWN0cyZ1dG1fY2FtcGFpZ249QkVQMjVMR1I=\" data-target=\"_blank\"><svg xmlns=\"http:\/\/www.w3.org\/2000\/svg\" width=\"16\" height=\"16\" fill=\"currentColor\" class=\"bi bi-bag\" viewBox=\"0 0 16 16\"><path d=\"M8 1a2 2 0 0 1 2 2v1h2.5A1.5 1.5 0 0 1 14 5.5v8A1.5 1.5 0 0 1 12.5 15h-9A1.5 1.5 0 0 1 2 13.5v-8A1.5 1.5 0 0 1 3.5 3H6V2a2 2 0 0 1 2-1zm1 3V3a1 1 0 0 0-2 0v1h2z\"\/><\/svg>Voir le produit<\/span><p class=\"rapido\">Livraison rapide<\/p><\/div><div class=\"lp-produit\"><div class=\"lp-thumbnail-wrapper\"><img loading=\"lazy\" decoding=\"async\" width=\"300\" height=\"300\" src=\"https:\/\/www.interflora.fr\/blog\/wp-content\/uploads\/2026\/04\/3RER-800Wx800H-0-1-300x300.jpg\" class=\"attachment-medium size-medium wp-post-image\" alt=\"\" srcset=\"https:\/\/www.interflora.fr\/blog\/wp-content\/uploads\/2026\/04\/3RER-800Wx800H-0-1-300x300.jpg 300w, https:\/\/www.interflora.fr\/blog\/wp-content\/uploads\/2026\/04\/3RER-800Wx800H-0-1-150x150.jpg 150w, https:\/\/www.interflora.fr\/blog\/wp-content\/uploads\/2026\/04\/3RER-800Wx800H-0-1-768x768.jpg 768w, https:\/\/www.interflora.fr\/blog\/wp-content\/uploads\/2026\/04\/3RER-800Wx800H-0-1.jpg 800w\" sizes=\"auto, (max-width: 300px) 100vw, 300px\" \/><img decoding=\"async\" class=\"lp-badge\" src=\"https:\/\/www.interflora.fr\/blog\/wp-content\/uploads\/2025\/06\/logo-circle.png\" alt=\"Livraison rapide Interflora\"><\/div><span>Composition rose \u00e9ternelle rouge<\/span><p>36.95 \u20ac<\/p><span class=\"obf-link lp-cta\" role=\"link\" tabindex=\"0\" data-b64=\"aHR0cHM6Ly93d3cuaW50ZXJmbG9yYS5mci9wL2NvbXBvc2l0aW9uLXJvc2UtZXRlcm5lbGxlLXJvdWdlLzAvRlI\/dXRtX21lZGl1bT1vcmdhbmljJnV0bV9zb3VyY2U9YmxvZ19wcm9kdWN0cyZ1dG1fY2FtcGFpZ249M1JFUg==\" data-target=\"_blank\"><svg xmlns=\"http:\/\/www.w3.org\/2000\/svg\" width=\"16\" height=\"16\" fill=\"currentColor\" class=\"bi bi-bag\" viewBox=\"0 0 16 16\"><path d=\"M8 1a2 2 0 0 1 2 2v1h2.5A1.5 1.5 0 0 1 14 5.5v8A1.5 1.5 0 0 1 12.5 15h-9A1.5 1.5 0 0 1 2 13.5v-8A1.5 1.5 0 0 1 3.5 3H6V2a2 2 0 0 1 2-1zm1 3V3a1 1 0 0 0-2 0v1h2z\"\/><\/svg>Voir le produit<\/span><p class=\"rapido\">Livraison rapide<\/p><\/div><\/div>\n\n\n\n<h2 class=\"wp-block-heading\"><strong>La rose,&nbsp;symbole&nbsp;intemporel&nbsp;de&nbsp;l&rsquo;amour<\/strong>&nbsp;<\/h2>\n\n\n\n<p>Depuis&nbsp;des si\u00e8cles,<strong>&nbsp;la rose&nbsp;incarne&nbsp;l&rsquo;amour<\/strong>&nbsp;dans&nbsp;toutes&nbsp;ses&nbsp;dimensions. Rouge passion, rose tendresse&nbsp;ou&nbsp;blanche&nbsp;puret\u00e9&nbsp;:&nbsp;chaque&nbsp;teinte&nbsp;raconte&nbsp;une&nbsp;histoire&nbsp;diff\u00e9rente. Pour la Saint-Valentin,&nbsp;offrir&nbsp;des roses&nbsp;reste&nbsp;le&nbsp;geste&nbsp;romantique par excellence,&nbsp;celui&nbsp;qui fait&nbsp;battre&nbsp;les&nbsp;c\u0153urs&nbsp;et&nbsp;cr\u00e9e&nbsp;des souvenirs&nbsp;pr\u00e9cieux.&nbsp;<\/p>\n\n\n\n<p>Mais&nbsp;aujourd&rsquo;hui, vous&nbsp;avez&nbsp;le choix entre deux&nbsp;univers&nbsp;distincts. D&rsquo;un&nbsp;c\u00f4t\u00e9, les&nbsp;<a href=\"https:\/\/www.interflora.fr\/c\/roses\" target=\"_blank\" rel=\"noreferrer noopener\">roses<\/a>&nbsp;fra\u00eeches&nbsp;avec&nbsp;leur&nbsp;\u00e9clat naturel et&nbsp;leur&nbsp;parfum&nbsp;d\u00e9licat. De&nbsp;l&rsquo;autre, les&nbsp;<a href=\"https:\/\/www.interflora.fr\/c\/roses-eternelles\" target=\"_blank\" rel=\"noreferrer noopener\">roses \u00e9ternelles<\/a>&nbsp;qui&nbsp;d\u00e9fient&nbsp;le temps et&nbsp;conservent&nbsp;leur&nbsp;beaut\u00e9&nbsp;pendant des&nbsp;mois,&nbsp;voire&nbsp;des&nbsp;ann\u00e9es. Les deux options&nbsp;poss\u00e8dent&nbsp;leurs&nbsp;atouts&nbsp;uniques. Tout&nbsp;d\u00e9pend&nbsp;du message&nbsp;que&nbsp;vous&nbsp;souhaitez&nbsp;transmettre.&nbsp;<\/p>\n\n\n\n<p>Si vous&nbsp;souhaitez&nbsp;approfondir&nbsp;<a href=\"https:\/\/www.interflora.fr\/blog\/la-rose\/\" target=\"_blank\" rel=\"noreferrer noopener\">la symbolique de cette fleur embl\u00e9matique<\/a>, vous&nbsp;d\u00e9couvrirez&nbsp;toute la richesse de son&nbsp;langage&nbsp;amoureux.&nbsp;<\/p>\n\n\n\n<figure class=\"wp-block-image aligncenter size-large is-resized\"><img loading=\"lazy\" decoding=\"async\" width=\"1024\" height=\"576\" src=\"https:\/\/www.interflora.fr\/blog\/wp-content\/uploads\/2025\/02\/roses-rouges-femmes-1024x576.jpg\" alt=\"Roses rouges\" class=\"wp-image-57022\" style=\"width:800px\" srcset=\"https:\/\/www.interflora.fr\/blog\/wp-content\/uploads\/2025\/02\/roses-rouges-femmes-1024x576.jpg 1024w, https:\/\/www.interflora.fr\/blog\/wp-content\/uploads\/2025\/02\/roses-rouges-femmes-300x169.jpg 300w, https:\/\/www.interflora.fr\/blog\/wp-content\/uploads\/2025\/02\/roses-rouges-femmes-768x432.jpg 768w, https:\/\/www.interflora.fr\/blog\/wp-content\/uploads\/2025\/02\/roses-rouges-femmes-1536x864.jpg 1536w, https:\/\/www.interflora.fr\/blog\/wp-content\/uploads\/2025\/02\/roses-rouges-femmes.jpg 2000w\" sizes=\"auto, (max-width: 1024px) 100vw, 1024px\" \/><\/figure>\n\n\n\n<h2 class=\"wp-block-heading\"><strong>Les roses&nbsp;fra\u00eeches&nbsp;:&nbsp;l&rsquo;\u00e9clat&nbsp;de&nbsp;l&rsquo;instant&nbsp;pr\u00e9sent<\/strong>&nbsp;<\/h2>\n\n\n\n<p>Les&nbsp;roses&nbsp;fra\u00eeches&nbsp;poss\u00e8dent&nbsp;un&nbsp;charme&nbsp;incomparable. Leur texture&nbsp;velout\u00e9e,&nbsp;leurs&nbsp;p\u00e9tales&nbsp;d\u00e9licats&nbsp;et&nbsp;leur&nbsp;parfum&nbsp;subtil&nbsp;cr\u00e9ent&nbsp;une&nbsp;exp\u00e9rience&nbsp;sensorielle&nbsp;compl\u00e8te. Quand&nbsp;votre&nbsp;partenaire&nbsp;ouvre&nbsp;la&nbsp;porte&nbsp;et&nbsp;d\u00e9couvre&nbsp;un&nbsp;somptueux&nbsp;bouquet,&nbsp;l&rsquo;\u00e9motion&nbsp;est&nbsp;imm\u00e9diate.&nbsp;<\/p>\n\n\n\n<h3 class=\"wp-block-heading\"><strong>Les&nbsp;atouts&nbsp;des roses&nbsp;fra\u00eeches<\/strong><\/h3>\n\n\n\n<ul class=\"wp-block-list\">\n<li>Un&nbsp;<strong>parfum naturel<\/strong>&nbsp;qui&nbsp;embaume&nbsp;la pi\u00e8ce&nbsp;<\/li>\n<\/ul>\n\n\n\n<ul class=\"wp-block-list\">\n<li>Une&nbsp;<strong>fra\u00eecheur&nbsp;incomparable<\/strong>&nbsp;avec des&nbsp;p\u00e9tales&nbsp;gorg\u00e9s&nbsp;de vie&nbsp;<\/li>\n<\/ul>\n\n\n\n<ul class=\"wp-block-list\">\n<li>Une&nbsp;<strong>vari\u00e9t\u00e9&nbsp;infinie<\/strong>&nbsp;de&nbsp;teintes&nbsp;et&nbsp;d&rsquo;associations&nbsp;possibles&nbsp;<\/li>\n<\/ul>\n\n\n\n<ul class=\"wp-block-list\">\n<li>Un&nbsp;geste&nbsp;<strong>traditionnel&nbsp;et romantique<\/strong>&nbsp;qui ne&nbsp;d\u00e9\u00e7oit&nbsp;jamais&nbsp;<\/li>\n<\/ul>\n\n\n\n<p>Les bouquets de roses&nbsp;fra\u00eeches&nbsp;s&rsquo;adaptent&nbsp;\u00e0&nbsp;toutes&nbsp;les envies. Un bouquet&nbsp;rond&nbsp;classique,&nbsp;une&nbsp;brass\u00e9e&nbsp;g\u00e9n\u00e9reuse&nbsp;ou&nbsp;une&nbsp;composition&nbsp;\u00e9labor\u00e9e&nbsp;avec&nbsp;d&rsquo;autres&nbsp;fleurs de&nbsp;saison :&nbsp;les&nbsp;possibilit\u00e9s&nbsp;sont&nbsp;infinies. Pour un&nbsp;effet&nbsp;spectaculaire,&nbsp;misez&nbsp;sur les&nbsp;<strong>roses \u00e0&nbsp;grosses&nbsp;t\u00eates<\/strong>&nbsp;aux&nbsp;p\u00e9tales&nbsp;g\u00e9n\u00e9reux.&nbsp;<\/p>\n\n\n\n<p>Pour faire&nbsp;durer&nbsp;le plaisir,&nbsp;d\u00e9couvrez&nbsp;<a href=\"https:\/\/www.interflora.fr\/blog\/comment-entretenir-des-roses-une-fois-coupees\/\" target=\"_blank\" rel=\"noreferrer noopener\">nos conseils pour entretenir vos roses une fois coup\u00e9es<\/a>.&nbsp;<\/p>\n\n\n<div class=\"lp-produits-grid\"><div class=\"lp-produit\"><div class=\"lp-thumbnail-wrapper\"><img loading=\"lazy\" decoding=\"async\" width=\"300\" height=\"300\" src=\"https:\/\/www.interflora.fr\/blog\/wp-content\/uploads\/2025\/05\/1TEN-800Wx800H-0-1-25-300x300.jpg\" class=\"attachment-medium size-medium wp-post-image\" alt=\"\" srcset=\"https:\/\/www.interflora.fr\/blog\/wp-content\/uploads\/2025\/05\/1TEN-800Wx800H-0-1-25-300x300.jpg 300w, https:\/\/www.interflora.fr\/blog\/wp-content\/uploads\/2025\/05\/1TEN-800Wx800H-0-1-25-150x150.jpg 150w, https:\/\/www.interflora.fr\/blog\/wp-content\/uploads\/2025\/05\/1TEN-800Wx800H-0-1-25-768x768.jpg 768w, https:\/\/www.interflora.fr\/blog\/wp-content\/uploads\/2025\/05\/1TEN-800Wx800H-0-1-25.jpg 800w\" sizes=\"auto, (max-width: 300px) 100vw, 300px\" \/><img decoding=\"async\" class=\"lp-badge\" src=\"https:\/\/www.interflora.fr\/blog\/wp-content\/uploads\/2025\/06\/logo-circle.png\" alt=\"Livraison rapide Interflora\"><\/div><span>Tendresse<\/span><p>29.95 \u20ac<\/p><span class=\"obf-link lp-cta\" role=\"link\" tabindex=\"0\" data-b64=\"aHR0cHM6Ly93d3cuaW50ZXJmbG9yYS5mci9wL3RlbmRyZXNzZS8xL0ZSP3V0bV9tZWRpdW09b3JnYW5pYyZ1dG1fc291cmNlPWJsb2dfcHJvZHVjdHMmdXRtX2NhbXBhaWduPTFURU4=\" data-target=\"_blank\"><svg xmlns=\"http:\/\/www.w3.org\/2000\/svg\" width=\"16\" height=\"16\" fill=\"currentColor\" class=\"bi bi-bag\" viewBox=\"0 0 16 16\"><path d=\"M8 1a2 2 0 0 1 2 2v1h2.5A1.5 1.5 0 0 1 14 5.5v8A1.5 1.5 0 0 1 12.5 15h-9A1.5 1.5 0 0 1 2 13.5v-8A1.5 1.5 0 0 1 3.5 3H6V2a2 2 0 0 1 2-1zm1 3V3a1 1 0 0 0-2 0v1h2z\"\/><\/svg>Voir le produit<\/span><p class=\"rapido\">Livraison rapide<\/p><\/div><div class=\"lp-produit\"><div class=\"lp-thumbnail-wrapper\"><img loading=\"lazy\" decoding=\"async\" width=\"300\" height=\"300\" src=\"https:\/\/www.interflora.fr\/blog\/wp-content\/uploads\/2025\/05\/3ER-800Wx800H-0-1-25-300x300.jpg\" class=\"attachment-medium size-medium wp-post-image\" alt=\"\" srcset=\"https:\/\/www.interflora.fr\/blog\/wp-content\/uploads\/2025\/05\/3ER-800Wx800H-0-1-25-300x300.jpg 300w, https:\/\/www.interflora.fr\/blog\/wp-content\/uploads\/2025\/05\/3ER-800Wx800H-0-1-25-150x150.jpg 150w, https:\/\/www.interflora.fr\/blog\/wp-content\/uploads\/2025\/05\/3ER-800Wx800H-0-1-25-768x768.jpg 768w, https:\/\/www.interflora.fr\/blog\/wp-content\/uploads\/2025\/05\/3ER-800Wx800H-0-1-25.jpg 800w\" sizes=\"auto, (max-width: 300px) 100vw, 300px\" \/><img decoding=\"async\" class=\"lp-badge\" src=\"https:\/\/www.interflora.fr\/blog\/wp-content\/uploads\/2025\/06\/logo-circle.png\" alt=\"Livraison rapide Interflora\"><\/div><span>Ecrin de roses<\/span><p>42.95 \u20ac<\/p><span class=\"obf-link lp-cta\" role=\"link\" tabindex=\"0\" data-b64=\"aHR0cHM6Ly93d3cuaW50ZXJmbG9yYS5mci9wL2VjcmluLWRlLXJvc2VzLzEvRlI\/dXRtX21lZGl1bT1vcmdhbmljJnV0bV9zb3VyY2U9YmxvZ19wcm9kdWN0cyZ1dG1fY2FtcGFpZ249M0VS\" data-target=\"_blank\"><svg xmlns=\"http:\/\/www.w3.org\/2000\/svg\" width=\"16\" height=\"16\" fill=\"currentColor\" class=\"bi bi-bag\" viewBox=\"0 0 16 16\"><path d=\"M8 1a2 2 0 0 1 2 2v1h2.5A1.5 1.5 0 0 1 14 5.5v8A1.5 1.5 0 0 1 12.5 15h-9A1.5 1.5 0 0 1 2 13.5v-8A1.5 1.5 0 0 1 3.5 3H6V2a2 2 0 0 1 2-1zm1 3V3a1 1 0 0 0-2 0v1h2z\"\/><\/svg>Voir le produit<\/span><p class=\"rapido\">Top produit<\/p><\/div><div class=\"lp-produit\"><div class=\"lp-thumbnail-wrapper\"><img loading=\"lazy\" decoding=\"async\" width=\"300\" height=\"300\" src=\"https:\/\/www.interflora.fr\/blog\/wp-content\/uploads\/2025\/05\/1AFO-800Wx800H-0-1-25-300x300.jpg\" class=\"attachment-medium size-medium wp-post-image\" alt=\"\" srcset=\"https:\/\/www.interflora.fr\/blog\/wp-content\/uploads\/2025\/05\/1AFO-800Wx800H-0-1-25-300x300.jpg 300w, https:\/\/www.interflora.fr\/blog\/wp-content\/uploads\/2025\/05\/1AFO-800Wx800H-0-1-25-150x150.jpg 150w, https:\/\/www.interflora.fr\/blog\/wp-content\/uploads\/2025\/05\/1AFO-800Wx800H-0-1-25-768x768.jpg 768w, https:\/\/www.interflora.fr\/blog\/wp-content\/uploads\/2025\/05\/1AFO-800Wx800H-0-1-25.jpg 800w\" sizes=\"auto, (max-width: 300px) 100vw, 300px\" \/><img decoding=\"async\" class=\"lp-badge\" src=\"https:\/\/www.interflora.fr\/blog\/wp-content\/uploads\/2025\/06\/logo-circle.png\" alt=\"Livraison rapide Interflora\"><\/div><span>Grandes roses sur-mesure<\/span><p>59.95 \u20ac<\/p><span class=\"obf-link lp-cta\" role=\"link\" tabindex=\"0\" data-b64=\"aHR0cHM6Ly93d3cuaW50ZXJmbG9yYS5mci9wL3Jvc2VzLWEtbGEtZm9saWUvNi9GUj91dG1fbWVkaXVtPW9yZ2FuaWMmdXRtX3NvdXJjZT1ibG9nX3Byb2R1Y3RzJnV0bV9jYW1wYWlnbj0xQUZP\" data-target=\"_blank\"><svg xmlns=\"http:\/\/www.w3.org\/2000\/svg\" width=\"16\" height=\"16\" fill=\"currentColor\" class=\"bi bi-bag\" viewBox=\"0 0 16 16\"><path d=\"M8 1a2 2 0 0 1 2 2v1h2.5A1.5 1.5 0 0 1 14 5.5v8A1.5 1.5 0 0 1 12.5 15h-9A1.5 1.5 0 0 1 2 13.5v-8A1.5 1.5 0 0 1 3.5 3H6V2a2 2 0 0 1 2-1zm1 3V3a1 1 0 0 0-2 0v1h2z\"\/><\/svg>Voir le produit<\/span><p class=\"rapido\">Top produit<\/p><\/div><div class=\"lp-produit\"><div class=\"lp-thumbnail-wrapper\"><img loading=\"lazy\" decoding=\"async\" width=\"300\" height=\"300\" src=\"https:\/\/www.interflora.fr\/blog\/wp-content\/uploads\/2026\/04\/3REP-800Wx800H-0-1-300x300.jpg\" class=\"attachment-medium size-medium wp-post-image\" alt=\"\" srcset=\"https:\/\/www.interflora.fr\/blog\/wp-content\/uploads\/2026\/04\/3REP-800Wx800H-0-1-300x300.jpg 300w, https:\/\/www.interflora.fr\/blog\/wp-content\/uploads\/2026\/04\/3REP-800Wx800H-0-1-150x150.jpg 150w, https:\/\/www.interflora.fr\/blog\/wp-content\/uploads\/2026\/04\/3REP-800Wx800H-0-1-768x768.jpg 768w, https:\/\/www.interflora.fr\/blog\/wp-content\/uploads\/2026\/04\/3REP-800Wx800H-0-1.jpg 800w\" sizes=\"auto, (max-width: 300px) 100vw, 300px\" \/><img decoding=\"async\" class=\"lp-badge\" src=\"https:\/\/www.interflora.fr\/blog\/wp-content\/uploads\/2025\/06\/logo-circle.png\" alt=\"Livraison rapide Interflora\"><\/div><span>Composition rose \u00e9ternelle rose<\/span><p>36.95 \u20ac<\/p><span class=\"obf-link lp-cta\" role=\"link\" tabindex=\"0\" data-b64=\"aHR0cHM6Ly93d3cuaW50ZXJmbG9yYS5mci9wL2NvbXBvc2l0aW9uLXJvc2UtZXRlcm5lbGxlLXJvc2UvMC9GUj91dG1fbWVkaXVtPW9yZ2FuaWMmdXRtX3NvdXJjZT1ibG9nX3Byb2R1Y3RzJnV0bV9jYW1wYWlnbj0zUkVQ\" data-target=\"_blank\"><svg xmlns=\"http:\/\/www.w3.org\/2000\/svg\" width=\"16\" height=\"16\" fill=\"currentColor\" class=\"bi bi-bag\" viewBox=\"0 0 16 16\"><path d=\"M8 1a2 2 0 0 1 2 2v1h2.5A1.5 1.5 0 0 1 14 5.5v8A1.5 1.5 0 0 1 12.5 15h-9A1.5 1.5 0 0 1 2 13.5v-8A1.5 1.5 0 0 1 3.5 3H6V2a2 2 0 0 1 2-1zm1 3V3a1 1 0 0 0-2 0v1h2z\"\/><\/svg>Voir le produit<\/span><p class=\"rapido\">Fleurs fra\u00eeches<\/p><\/div><\/div>\n\n\n\n<h2 class=\"wp-block-heading\"><strong>Les roses&nbsp;\u00e9ternelles&nbsp;:&nbsp;l&rsquo;amour&nbsp;qui traverse le temps<\/strong>&nbsp;<\/h2>\n\n\n\n<p>Les roses&nbsp;\u00e9ternelles&nbsp;repr\u00e9sentent&nbsp;une&nbsp;alternative&nbsp;moderne&nbsp;et&nbsp;raffin\u00e9e.&nbsp;Gr\u00e2ce&nbsp;\u00e0 un&nbsp;proc\u00e9d\u00e9&nbsp;de&nbsp;stabilisation&nbsp;naturel,&nbsp;ces&nbsp;roses&nbsp;conservent&nbsp;leur&nbsp;beaut\u00e9,&nbsp;leur&nbsp;souplesse&nbsp;et&nbsp;leur&nbsp;\u00e9clat pendant&nbsp;<strong>plusieurs&nbsp;mois,&nbsp;voire&nbsp;plusieurs&nbsp;ann\u00e9es<\/strong>. Un&nbsp;symbole&nbsp;puissant pour&nbsp;exprimer&nbsp;un amour durable.&nbsp;<\/p>\n\n\n\n<h3 class=\"wp-block-heading\"><strong>Les&nbsp;atouts&nbsp;des roses&nbsp;\u00e9ternelles<\/strong><\/h3>\n\n\n\n<ul class=\"wp-block-list\">\n<li>Une&nbsp;<strong>long\u00e9vit\u00e9&nbsp;exceptionnelle<\/strong>&nbsp;sans&nbsp;aucun&nbsp;entretien&nbsp;<\/li>\n<\/ul>\n\n\n\n<ul class=\"wp-block-list\">\n<li>Un&nbsp;<strong>cadeau&nbsp;d\u00e9coratif<\/strong>&nbsp;qui&nbsp;embellit&nbsp;l&rsquo;int\u00e9rieur&nbsp;au&nbsp;quotidien&nbsp;<\/li>\n<\/ul>\n\n\n\n<ul class=\"wp-block-list\">\n<li>Un&nbsp;<strong>souvenir tangible<\/strong>&nbsp;de&nbsp;ce&nbsp;moment romantique&nbsp;<\/li>\n<\/ul>\n\n\n\n<ul class=\"wp-block-list\">\n<li>Une&nbsp;option&nbsp;<strong>\u00e9co-responsable<\/strong>&nbsp;gr\u00e2ce \u00e0&nbsp;sa&nbsp;durabilit\u00e9&nbsp;<\/li>\n<\/ul>\n\n\n\n<p>Plusieurs&nbsp;pr\u00e9sentations&nbsp;s&rsquo;offrent&nbsp;\u00e0 vous. La&nbsp;<strong>rose&nbsp;\u00e9ternelle&nbsp;sous cloche<\/strong>&nbsp;\u00e9voque&nbsp;directement&nbsp;l&rsquo;univers&nbsp;f\u00e9\u00e9rique&nbsp;de La Belle et la B\u00eate. La&nbsp;<strong>rose&nbsp;\u00e9ternelle&nbsp;avec&nbsp;soliflore<\/strong>&nbsp;apporte&nbsp;une&nbsp;touche&nbsp;contemporaine&nbsp;et&nbsp;\u00e9pur\u00e9e. Pour un&nbsp;effet&nbsp;encore plus&nbsp;pr\u00e9cieux, la&nbsp;<strong>rose&nbsp;en&nbsp;or<\/strong>&nbsp;sublime&nbsp;ce&nbsp;cadeau&nbsp;en&nbsp;v\u00e9ritable&nbsp;bijou floral.&nbsp;<\/p>\n\n\n\n<p>Les roses&nbsp;\u00e9ternelles&nbsp;s\u00e9duisent&nbsp;particuli\u00e8rement&nbsp;les&nbsp;personnes&nbsp;sensibles&nbsp;aux&nbsp;d\u00e9tails&nbsp;et \u00e0 la&nbsp;symbolique.&nbsp;Offrir&nbsp;une&nbsp;rose qui ne fane jamais,&nbsp;c&rsquo;est&nbsp;dire :&nbsp;\u00ab Mon amour&nbsp;pour&nbsp;toi&nbsp;est&nbsp;\u00e9ternel. \u00bb Un message fort et&nbsp;m\u00e9morable.&nbsp;<br>Pour&nbsp;en&nbsp;savoir plus sur&nbsp;ce&nbsp;type de roses,&nbsp;consultez&nbsp;notre&nbsp;guide sur&nbsp;<a href=\"https:\/\/www.interflora.fr\/blog\/rose-stabilisee\/\" target=\"_blank\" rel=\"noreferrer noopener\">les roses stabilis\u00e9es<\/a>&nbsp;et&nbsp;leurs&nbsp;sp\u00e9cificit\u00e9s.&nbsp;<\/p>\n\n\n\n<figure class=\"wp-block-gallery has-nested-images columns-default is-cropped wp-block-gallery-1 is-layout-flex wp-block-gallery-is-layout-flex\">\n<figure class=\"wp-block-image size-large\"><img loading=\"lazy\" decoding=\"async\" width=\"542\" height=\"542\" data-id=\"52680\" src=\"https:\/\/www.interflora.fr\/blog\/wp-content\/uploads\/2025\/10\/rose-eternelle.jpg\" alt=\"Rose \u00e9ternelle\" class=\"wp-image-52680\" srcset=\"https:\/\/www.interflora.fr\/blog\/wp-content\/uploads\/2025\/10\/rose-eternelle.jpg 542w, https:\/\/www.interflora.fr\/blog\/wp-content\/uploads\/2025\/10\/rose-eternelle-300x300.jpg 300w, https:\/\/www.interflora.fr\/blog\/wp-content\/uploads\/2025\/10\/rose-eternelle-150x150.jpg 150w\" sizes=\"auto, (max-width: 542px) 100vw, 542px\" \/><\/figure>\n\n\n\n<figure class=\"wp-block-image size-full\"><img loading=\"lazy\" decoding=\"async\" width=\"500\" height=\"500\" data-id=\"57170\" src=\"https:\/\/www.interflora.fr\/blog\/wp-content\/uploads\/2026\/01\/roses-eternelles.jpg\" alt=\"\" class=\"wp-image-57170\" srcset=\"https:\/\/www.interflora.fr\/blog\/wp-content\/uploads\/2026\/01\/roses-eternelles.jpg 500w, https:\/\/www.interflora.fr\/blog\/wp-content\/uploads\/2026\/01\/roses-eternelles-300x300.jpg 300w, https:\/\/www.interflora.fr\/blog\/wp-content\/uploads\/2026\/01\/roses-eternelles-150x150.jpg 150w\" sizes=\"auto, (max-width: 500px) 100vw, 500px\" \/><\/figure>\n<\/figure>\n\n\n\n<h2 class=\"wp-block-heading\"><strong>Comment&nbsp;choisir&nbsp;entre les&nbsp;deux ?<\/strong>&nbsp;<\/h2>\n\n\n\n<p>Le choix entre roses&nbsp;fra\u00eeches&nbsp;et roses&nbsp;\u00e9ternelles&nbsp;d\u00e9pend&nbsp;de&nbsp;plusieurs&nbsp;crit\u00e8res.&nbsp;Posez-vous&nbsp;les&nbsp;bonnes&nbsp;questions pour&nbsp;trouver&nbsp;l&rsquo;option&nbsp;id\u00e9ale.&nbsp;<\/p>\n\n\n\n<p><strong>Optez&nbsp;pour les roses&nbsp;fra\u00eeches&nbsp;si&nbsp;:<\/strong>&nbsp;<\/p>\n\n\n\n<ul class=\"wp-block-list\">\n<li>Votre&nbsp;partenaire&nbsp;adore le parfum des fleurs&nbsp;<\/li>\n<\/ul>\n\n\n\n<ul class=\"wp-block-list\">\n<li>Vous&nbsp;privil\u00e9giez&nbsp;le&nbsp;<strong>geste&nbsp;romantique&nbsp;classique<\/strong>&nbsp;<\/li>\n<\/ul>\n\n\n\n<ul class=\"wp-block-list\">\n<li>Vous&nbsp;souhaitez&nbsp;un bouquet&nbsp;g\u00e9n\u00e9reux&nbsp;et&nbsp;spectaculaire&nbsp;<\/li>\n<\/ul>\n\n\n\n<ul class=\"wp-block-list\">\n<li>L&rsquo;\u00eatre&nbsp;aim\u00e9&nbsp;appr\u00e9cie&nbsp;les&nbsp;<strong>rituels&nbsp;de&nbsp;soin<\/strong>&nbsp;(changer&nbsp;l&rsquo;eau,&nbsp;tailler&nbsp;les tiges)&nbsp;<\/li>\n<\/ul>\n\n\n\n<p><strong>Optez&nbsp;pour les roses&nbsp;\u00e9ternelles&nbsp;si&nbsp;:<\/strong>&nbsp;<\/p>\n\n\n\n<ul class=\"wp-block-list\">\n<li>Votre&nbsp;partenaire&nbsp;aime&nbsp;les&nbsp;<strong>objets&nbsp;d\u00e9coratifs durables<\/strong>&nbsp;<\/li>\n<\/ul>\n\n\n\n<ul class=\"wp-block-list\">\n<li>Vous&nbsp;recherchez&nbsp;un&nbsp;cadeau&nbsp;<strong>original et&nbsp;surprenant<\/strong>&nbsp;<\/li>\n<\/ul>\n\n\n\n<ul class=\"wp-block-list\">\n<li>L&rsquo;\u00eatre&nbsp;aim\u00e9&nbsp;voyage&nbsp;souvent&nbsp;ou&nbsp;manque de temps pour&nbsp;l&rsquo;entretien&nbsp;<\/li>\n<\/ul>\n\n\n\n<ul class=\"wp-block-list\">\n<li>Vous&nbsp;voulez&nbsp;marquer&nbsp;une&nbsp;\u00e9tape&nbsp;importante&nbsp;dans&nbsp;votre&nbsp;relation&nbsp;<\/li>\n<\/ul>\n\n\n\n<p>Et&nbsp;pourquoi&nbsp;ne&nbsp;pas&nbsp;<strong>combiner les&nbsp;deux<\/strong>&nbsp;?&nbsp;Un bouquet de roses&nbsp;fra\u00eeches&nbsp;pour&nbsp;l&rsquo;effet&nbsp;\u00ab&nbsp;waouh&nbsp;\u00bb&nbsp;imm\u00e9diat,&nbsp;accompagn\u00e9&nbsp;d&rsquo;une&nbsp;rose&nbsp;\u00e9ternelle&nbsp;sous cloche&nbsp;comme&nbsp;souvenir durable. La&nbsp;combinaison&nbsp;parfaite&nbsp;pour toucher le&nbsp;c\u0153ur&nbsp;de&nbsp;votre&nbsp;moiti\u00e9.&nbsp;<\/p>\n\n\n\n<p>Saviez-vous&nbsp;que&nbsp;<a href=\"https:\/\/www.interflora.fr\/blog\/nombre-de-rose-signification\/\" target=\"_blank\" rel=\"noreferrer noopener\">le nombre de roses offertes<\/a>&nbsp;poss\u00e8de&nbsp;\u00e9galement&nbsp;une&nbsp;signification&nbsp;particuli\u00e8re&nbsp;? Une rose unique&nbsp;exprime&nbsp;le coup de&nbsp;foudre,&nbsp;douze&nbsp;roses&nbsp;d\u00e9clarent&nbsp;un amour&nbsp;profond.&nbsp;<\/p>\n\n\n<div class=\"lp-produits-grid\"><div class=\"lp-produit\"><div class=\"lp-thumbnail-wrapper\"><img loading=\"lazy\" decoding=\"async\" width=\"300\" height=\"300\" src=\"https:\/\/www.interflora.fr\/blog\/wp-content\/uploads\/2025\/05\/1TEN-800Wx800H-0-1-25-300x300.jpg\" class=\"attachment-medium size-medium wp-post-image\" alt=\"\" srcset=\"https:\/\/www.interflora.fr\/blog\/wp-content\/uploads\/2025\/05\/1TEN-800Wx800H-0-1-25-300x300.jpg 300w, https:\/\/www.interflora.fr\/blog\/wp-content\/uploads\/2025\/05\/1TEN-800Wx800H-0-1-25-150x150.jpg 150w, https:\/\/www.interflora.fr\/blog\/wp-content\/uploads\/2025\/05\/1TEN-800Wx800H-0-1-25-768x768.jpg 768w, https:\/\/www.interflora.fr\/blog\/wp-content\/uploads\/2025\/05\/1TEN-800Wx800H-0-1-25.jpg 800w\" sizes=\"auto, (max-width: 300px) 100vw, 300px\" \/><img decoding=\"async\" class=\"lp-badge\" src=\"https:\/\/www.interflora.fr\/blog\/wp-content\/uploads\/2025\/06\/logo-circle.png\" alt=\"Livraison rapide Interflora\"><\/div><span>Tendresse<\/span><p>29.95 \u20ac<\/p><span class=\"obf-link lp-cta\" role=\"link\" tabindex=\"0\" data-b64=\"aHR0cHM6Ly93d3cuaW50ZXJmbG9yYS5mci9wL3RlbmRyZXNzZS8xL0ZSP3V0bV9tZWRpdW09b3JnYW5pYyZ1dG1fc291cmNlPWJsb2dfcHJvZHVjdHMmdXRtX2NhbXBhaWduPTFURU4=\" data-target=\"_blank\"><svg xmlns=\"http:\/\/www.w3.org\/2000\/svg\" width=\"16\" height=\"16\" fill=\"currentColor\" class=\"bi bi-bag\" viewBox=\"0 0 16 16\"><path d=\"M8 1a2 2 0 0 1 2 2v1h2.5A1.5 1.5 0 0 1 14 5.5v8A1.5 1.5 0 0 1 12.5 15h-9A1.5 1.5 0 0 1 2 13.5v-8A1.5 1.5 0 0 1 3.5 3H6V2a2 2 0 0 1 2-1zm1 3V3a1 1 0 0 0-2 0v1h2z\"\/><\/svg>Voir le produit<\/span><p class=\"rapido\">Livraison rapide<\/p><\/div><div class=\"lp-produit\"><div class=\"lp-thumbnail-wrapper\"><img loading=\"lazy\" decoding=\"async\" width=\"300\" height=\"300\" src=\"https:\/\/www.interflora.fr\/blog\/wp-content\/uploads\/2026\/04\/3RER-800Wx800H-0-1-300x300.jpg\" class=\"attachment-medium size-medium wp-post-image\" alt=\"\" srcset=\"https:\/\/www.interflora.fr\/blog\/wp-content\/uploads\/2026\/04\/3RER-800Wx800H-0-1-300x300.jpg 300w, https:\/\/www.interflora.fr\/blog\/wp-content\/uploads\/2026\/04\/3RER-800Wx800H-0-1-150x150.jpg 150w, https:\/\/www.interflora.fr\/blog\/wp-content\/uploads\/2026\/04\/3RER-800Wx800H-0-1-768x768.jpg 768w, https:\/\/www.interflora.fr\/blog\/wp-content\/uploads\/2026\/04\/3RER-800Wx800H-0-1.jpg 800w\" sizes=\"auto, (max-width: 300px) 100vw, 300px\" \/><img decoding=\"async\" class=\"lp-badge\" src=\"https:\/\/www.interflora.fr\/blog\/wp-content\/uploads\/2025\/06\/logo-circle.png\" alt=\"Livraison rapide Interflora\"><\/div><span>Composition rose \u00e9ternelle rouge<\/span><p>36.95 \u20ac<\/p><span class=\"obf-link lp-cta\" role=\"link\" tabindex=\"0\" data-b64=\"aHR0cHM6Ly93d3cuaW50ZXJmbG9yYS5mci9wL2NvbXBvc2l0aW9uLXJvc2UtZXRlcm5lbGxlLXJvdWdlLzAvRlI\/dXRtX21lZGl1bT1vcmdhbmljJnV0bV9zb3VyY2U9YmxvZ19wcm9kdWN0cyZ1dG1fY2FtcGFpZ249M1JFUg==\" data-target=\"_blank\"><svg xmlns=\"http:\/\/www.w3.org\/2000\/svg\" width=\"16\" height=\"16\" fill=\"currentColor\" class=\"bi bi-bag\" viewBox=\"0 0 16 16\"><path d=\"M8 1a2 2 0 0 1 2 2v1h2.5A1.5 1.5 0 0 1 14 5.5v8A1.5 1.5 0 0 1 12.5 15h-9A1.5 1.5 0 0 1 2 13.5v-8A1.5 1.5 0 0 1 3.5 3H6V2a2 2 0 0 1 2-1zm1 3V3a1 1 0 0 0-2 0v1h2z\"\/><\/svg>Voir le produit<\/span><p class=\"rapido\">Fleurs fra\u00eeches<\/p><\/div><div class=\"lp-produit\"><div class=\"lp-thumbnail-wrapper\"><img loading=\"lazy\" decoding=\"async\" width=\"300\" height=\"300\" src=\"https:\/\/www.interflora.fr\/blog\/wp-content\/uploads\/2026\/01\/1AA-800Wx800H-0-1-300x300.jpg\" class=\"attachment-medium size-medium wp-post-image\" alt=\"\" srcset=\"https:\/\/www.interflora.fr\/blog\/wp-content\/uploads\/2026\/01\/1AA-800Wx800H-0-1-300x300.jpg 300w, https:\/\/www.interflora.fr\/blog\/wp-content\/uploads\/2026\/01\/1AA-800Wx800H-0-1-150x150.jpg 150w, https:\/\/www.interflora.fr\/blog\/wp-content\/uploads\/2026\/01\/1AA-800Wx800H-0-1-768x768.jpg 768w, https:\/\/www.interflora.fr\/blog\/wp-content\/uploads\/2026\/01\/1AA-800Wx800H-0-1.jpg 800w\" sizes=\"auto, (max-width: 300px) 100vw, 300px\" \/><img decoding=\"async\" class=\"lp-badge\" src=\"https:\/\/www.interflora.fr\/blog\/wp-content\/uploads\/2025\/06\/logo-circle.png\" alt=\"Livraison rapide Interflora\"><\/div><span>Amour exceptionnel<\/span><p>169 \u20ac<\/p><span class=\"obf-link lp-cta\" role=\"link\" tabindex=\"0\" data-b64=\"aHR0cHM6Ly93d3cuaW50ZXJmbG9yYS5mci9wL2JvdXF1ZXQtYW1vdXItZXhjZXB0aW9ubmVsLzEvRlI\/dXRtX21lZGl1bT1vcmdhbmljJnV0bV9zb3VyY2U9YmxvZ19wcm9kdWN0cyZ1dG1fY2FtcGFpZ249MUFB\" data-target=\"_blank\"><svg xmlns=\"http:\/\/www.w3.org\/2000\/svg\" width=\"16\" height=\"16\" fill=\"currentColor\" class=\"bi bi-bag\" viewBox=\"0 0 16 16\"><path d=\"M8 1a2 2 0 0 1 2 2v1h2.5A1.5 1.5 0 0 1 14 5.5v8A1.5 1.5 0 0 1 12.5 15h-9A1.5 1.5 0 0 1 2 13.5v-8A1.5 1.5 0 0 1 3.5 3H6V2a2 2 0 0 1 2-1zm1 3V3a1 1 0 0 0-2 0v1h2z\"\/><\/svg>Voir le produit<\/span><p class=\"rapido\">Top produit<\/p><\/div><div class=\"lp-produit\"><div class=\"lp-thumbnail-wrapper\"><img loading=\"lazy\" decoding=\"async\" width=\"300\" height=\"300\" src=\"https:\/\/www.interflora.fr\/blog\/wp-content\/uploads\/2025\/05\/3ER-800Wx800H-0-1-25-300x300.jpg\" class=\"attachment-medium size-medium wp-post-image\" alt=\"\" srcset=\"https:\/\/www.interflora.fr\/blog\/wp-content\/uploads\/2025\/05\/3ER-800Wx800H-0-1-25-300x300.jpg 300w, https:\/\/www.interflora.fr\/blog\/wp-content\/uploads\/2025\/05\/3ER-800Wx800H-0-1-25-150x150.jpg 150w, https:\/\/www.interflora.fr\/blog\/wp-content\/uploads\/2025\/05\/3ER-800Wx800H-0-1-25-768x768.jpg 768w, https:\/\/www.interflora.fr\/blog\/wp-content\/uploads\/2025\/05\/3ER-800Wx800H-0-1-25.jpg 800w\" sizes=\"auto, (max-width: 300px) 100vw, 300px\" \/><img decoding=\"async\" class=\"lp-badge\" src=\"https:\/\/www.interflora.fr\/blog\/wp-content\/uploads\/2025\/06\/logo-circle.png\" alt=\"Livraison rapide Interflora\"><\/div><span>Ecrin de roses<\/span><p>42.95 \u20ac<\/p><span class=\"obf-link lp-cta\" role=\"link\" tabindex=\"0\" data-b64=\"aHR0cHM6Ly93d3cuaW50ZXJmbG9yYS5mci9wL2VjcmluLWRlLXJvc2VzLzEvRlI\/dXRtX21lZGl1bT1vcmdhbmljJnV0bV9zb3VyY2U9YmxvZ19wcm9kdWN0cyZ1dG1fY2FtcGFpZ249M0VS\" data-target=\"_blank\"><svg xmlns=\"http:\/\/www.w3.org\/2000\/svg\" width=\"16\" height=\"16\" fill=\"currentColor\" class=\"bi bi-bag\" viewBox=\"0 0 16 16\"><path d=\"M8 1a2 2 0 0 1 2 2v1h2.5A1.5 1.5 0 0 1 14 5.5v8A1.5 1.5 0 0 1 12.5 15h-9A1.5 1.5 0 0 1 2 13.5v-8A1.5 1.5 0 0 1 3.5 3H6V2a2 2 0 0 1 2-1zm1 3V3a1 1 0 0 0-2 0v1h2z\"\/><\/svg>Voir le produit<\/span><p class=\"rapido\">Livraison rapide<\/p><\/div><\/div>\n\n\n\n<h2 class=\"wp-block-heading\"><strong>Nos conseils pour&nbsp;une&nbsp;Saint-Valentin&nbsp;r\u00e9ussie<\/strong>&nbsp;<\/h2>\n\n\n\n<p>Au-del\u00e0&nbsp;du choix des roses,&nbsp;quelques&nbsp;astuces&nbsp;rendent&nbsp;ce&nbsp;moment encore plus&nbsp;sp\u00e9cial.&nbsp;<\/p>\n\n\n\n<h3 class=\"wp-block-heading\"><strong>Personnalisez&nbsp;votre&nbsp;message<\/strong><\/h3>\n\n\n\n<p>Accompagnez&nbsp;vos&nbsp;roses d&rsquo;un mot doux&nbsp;\u00e9crit&nbsp;\u00e0 la main. Les mots&nbsp;sinc\u00e8res&nbsp;touchent&nbsp;toujours&nbsp;plus&nbsp;qu&rsquo;un&nbsp;message&nbsp;g\u00e9n\u00e9rique.&nbsp;Exprimez&nbsp;ce&nbsp;que&nbsp;vous&nbsp;ressentez&nbsp;vraiment.&nbsp;<\/p>\n\n\n\n<h3 class=\"wp-block-heading\"><strong>Choisissez&nbsp;la bonne couleur<\/strong><\/h3>\n\n\n\n<p>Le rouge&nbsp;reste&nbsp;le&nbsp;symbole&nbsp;de la passion,&nbsp;mais&nbsp;le rose&nbsp;\u00e9voque&nbsp;la tendresse et le&nbsp;blanc, la&nbsp;puret\u00e9&nbsp;des sentiments.&nbsp;Adaptez&nbsp;la&nbsp;teinte&nbsp;\u00e0&nbsp;votre&nbsp;histoire.&nbsp;<\/p>\n\n\n\n<h3 class=\"wp-block-heading\"><strong>Pensez&nbsp;\u00e0&nbsp;l&rsquo;\u00e9crin<\/strong><\/h3>\n\n\n\n<p>Les roses&nbsp;\u00e9ternelles&nbsp;se&nbsp;pr\u00e9sentent&nbsp;dans des&nbsp;\u00e9crins&nbsp;\u00e9l\u00e9gants. Pour les roses&nbsp;fra\u00eeches,&nbsp;optez&nbsp;pour un vase raffin\u00e9 qui&nbsp;prolongera&nbsp;leur&nbsp;mise&nbsp;en&nbsp;valeur.&nbsp;<\/p>\n\n\n\n<h3 class=\"wp-block-heading\"><strong>Surprenez&nbsp;avec le&nbsp;timing<\/strong><\/h3>\n\n\n\n<p>Une livraison au&nbsp;bureau ?&nbsp;Une surprise au&nbsp;r\u00e9veil&nbsp;? Le moment&nbsp;choisi&nbsp;compte&nbsp;autant&nbsp;que&nbsp;le&nbsp;cadeau&nbsp;lui-m\u00eame.&nbsp;N&rsquo;oubliez&nbsp;pas :&nbsp;commande&nbsp;avant 17h pour&nbsp;une&nbsp;livraison le jour&nbsp;m\u00eame&nbsp;ou&nbsp;\u00e0 la date&nbsp;souhait\u00e9e,&nbsp;dimanche&nbsp;compris.&nbsp;<\/p>\n\n\n\n<p>Pour&nbsp;aller&nbsp;plus loin dans&nbsp;l&rsquo;art&nbsp;d&rsquo;offrir,&nbsp;d\u00e9couvrez&nbsp;<a href=\"https:\/\/www.interflora.fr\/blog\/comment-offrir-des-roses-a-la-saint-valentin\/\" target=\"_blank\" rel=\"noreferrer noopener\">nos conseils pour offrir des roses \u00e0 la Saint-Valentin<\/a>.&nbsp;<\/p>\n\n\n\n<figure class=\"wp-block-image aligncenter size-full is-resized\"><img loading=\"lazy\" decoding=\"async\" width=\"1000\" height=\"666\" src=\"https:\/\/www.interflora.fr\/blog\/wp-content\/uploads\/2025\/01\/couple-bouquet-roses.jpg\" alt=\"Couple avec un bouquet de roses rouges\" class=\"wp-image-56943\" style=\"width:800px\" srcset=\"https:\/\/www.interflora.fr\/blog\/wp-content\/uploads\/2025\/01\/couple-bouquet-roses.jpg 1000w, https:\/\/www.interflora.fr\/blog\/wp-content\/uploads\/2025\/01\/couple-bouquet-roses-300x200.jpg 300w, https:\/\/www.interflora.fr\/blog\/wp-content\/uploads\/2025\/01\/couple-bouquet-roses-768x511.jpg 768w\" sizes=\"auto, (max-width: 1000px) 100vw, 1000px\" \/><\/figure>\n\n\n\n<h2 class=\"wp-block-heading\"><strong>Faites parler votre c\u0153ur&nbsp;avec des roses<\/strong>&nbsp;<\/h2>\n\n\n\n<p>Roses&nbsp;fra\u00eeches&nbsp;ou&nbsp;roses&nbsp;\u00e9ternelles,&nbsp;l&rsquo;essentiel&nbsp;reste&nbsp;le&nbsp;geste&nbsp;et&nbsp;l&rsquo;intention&nbsp;qui&nbsp;l&rsquo;accompagnent.&nbsp;Chaque&nbsp;option&nbsp;exprime&nbsp;l&rsquo;amour&nbsp;\u00e0&nbsp;sa&nbsp;mani\u00e8re :&nbsp;l&rsquo;une&nbsp;c\u00e9l\u00e8bre&nbsp;l&rsquo;instant&nbsp;pr\u00e9sent&nbsp;avec&nbsp;intensit\u00e9,&nbsp;l&rsquo;autre&nbsp;promet&nbsp;un sentiment qui ne&nbsp;s&rsquo;\u00e9teindra&nbsp;jamais. Quelle&nbsp;que&nbsp;soit&nbsp;votre&nbsp;d\u00e9cision, vous&nbsp;offrirez&nbsp;bien plus&nbsp;qu&rsquo;une&nbsp;simple fleur. Vous&nbsp;offrirez&nbsp;une&nbsp;\u00e9motion, un souvenir,&nbsp;une&nbsp;d\u00e9claration.&nbsp;<\/p>\n\n\n\n<p>Cette Saint-Valentin,&nbsp;osez&nbsp;dire \u00ab je&nbsp;t&rsquo;aime&nbsp;\u00bb avec des roses.&nbsp;L&rsquo;\u00eatre&nbsp;aim\u00e9&nbsp;s&rsquo;en&nbsp;souviendra.&nbsp;<\/p>\n","protected":false},"excerpt":{"rendered":"<p>En r\u00e9sum\u00e9&nbsp;Les roses fra\u00eeches s\u00e9duisent par leur parfum envo\u00fbtant et leur beaut\u00e9 naturelle, id\u00e9ales pour c\u00e9l\u00e9brer l&rsquo;instant pr\u00e9sent. Les roses [&hellip;]<\/p>\n","protected":false},"author":11,"featured_media":57195,"comment_status":"open","ping_status":"open","sticky":false,"template":"","format":"standard","meta":{"_uag_custom_page_level_css":"","site-sidebar-layout":"default","site-content-layout":"","ast-site-content-layout":"default","site-content-style":"default","site-sidebar-style":"default","ast-global-header-display":"","ast-banner-title-visibility":"","ast-main-header-display":"","ast-hfb-above-header-display":"","ast-hfb-below-header-display":"","ast-hfb-mobile-header-display":"","site-post-title":"","ast-breadcrumbs-content":"","ast-featured-img":"","footer-sml-layout":"","ast-disable-related-posts":"","theme-transparent-header-meta":"","adv-header-id-meta":"","stick-header-meta":"","header-above-stick-meta":"","header-main-stick-meta":"","header-below-stick-meta":"","astra-migrate-meta-layouts":"default","ast-page-background-enabled":"default","ast-page-background-meta":{"desktop":{"background-color":"var(--ast-global-color-5)","background-image":"","background-repeat":"repeat","background-position":"center center","background-size":"auto","background-attachment":"scroll","background-type":"","background-media":"","overlay-type":"","overlay-color":"","overlay-opacity":"","overlay-gradient":""},"tablet":{"background-color":"","background-image":"","background-repeat":"repeat","background-position":"center center","background-size":"auto","background-attachment":"scroll","background-type":"","background-media":"","overlay-type":"","overlay-color":"","overlay-opacity":"","overlay-gradient":""},"mobile":{"background-color":"","background-image":"","background-repeat":"repeat","background-position":"center center","background-size":"auto","background-attachment":"scroll","background-type":"","background-media":"","overlay-type":"","overlay-color":"","overlay-opacity":"","overlay-gradient":""}},"ast-content-background-meta":{"desktop":{"background-color":"var(--ast-global-color-4)","background-image":"","background-repeat":"repeat","background-position":"center center","background-size":"auto","background-attachment":"scroll","background-type":"","background-media":"","overlay-type":"","overlay-color":"","overlay-opacity":"","overlay-gradient":""},"tablet":{"background-color":"var(--ast-global-color-4)","background-image":"","background-repeat":"repeat","background-position":"center center","background-size":"auto","background-attachment":"scroll","background-type":"","background-media":"","overlay-type":"","overlay-color":"","overlay-opacity":"","overlay-gradient":""},"mobile":{"background-color":"var(--ast-global-color-4)","background-image":"","background-repeat":"repeat","background-position":"center center","background-size":"auto","background-attachment":"scroll","background-type":"","background-media":"","overlay-type":"","overlay-color":"","overlay-opacity":"","overlay-gradient":""}},"footnotes":""},"categories":[471,266],"tags":[317,267],"class_list":["post-57162","post","type-post","status-publish","format-standard","has-post-thumbnail","hentry","category-rose","category-saint-valentin","tag-rose","tag-saint-valentin"],"uagb_featured_image_src":{"full":["https:\/\/www.interflora.fr\/blog\/wp-content\/uploads\/2026\/01\/rose-rose.jpg",800,1200,false],"thumbnail":["https:\/\/www.interflora.fr\/blog\/wp-content\/uploads\/2026\/01\/rose-rose-150x150.jpg",150,150,true],"medium":["https:\/\/www.interflora.fr\/blog\/wp-content\/uploads\/2026\/01\/rose-rose-200x300.jpg",200,300,true],"medium_large":["https:\/\/www.interflora.fr\/blog\/wp-content\/uploads\/2026\/01\/rose-rose-768x1152.jpg",768,1152,true],"large":["https:\/\/www.interflora.fr\/blog\/wp-content\/uploads\/2026\/01\/rose-rose-683x1024.jpg",683,1024,true],"1536x1536":["https:\/\/www.interflora.fr\/blog\/wp-content\/uploads\/2026\/01\/rose-rose.jpg",800,1200,false],"2048x2048":["https:\/\/www.interflora.fr\/blog\/wp-content\/uploads\/2026\/01\/rose-rose.jpg",800,1200,false]},"uagb_author_info":{"display_name":"Interflora","author_link":"https:\/\/www.interflora.fr\/blog\/author\/lisa\/"},"uagb_comment_info":0,"uagb_excerpt":"En r\u00e9sum\u00e9&nbsp;Les roses fra\u00eeches s\u00e9duisent par leur parfum envo\u00fbtant et leur beaut\u00e9 naturelle, id\u00e9ales pour c\u00e9l\u00e9brer l'instant pr\u00e9sent. Les roses [&hellip;]","yoast_meta":{"title":"Roses \u00e9ternelles ou fra\u00eeches pour la Saint-Valentin ? | Interflora","description":"Roses \u00e9ternelles ou roses fra\u00eeches pour la Saint-Valentin ? D\u00e9couvrez nos conseils pour choisir le cadeau id\u00e9al et exprimer vos sentiments avec \u00e9l\u00e9gance."},"_links":{"self":[{"href":"https:\/\/www.interflora.fr\/blog\/wp-json\/wp\/v2\/posts\/57162","targetHints":{"allow":["GET"]}}],"collection":[{"href":"https:\/\/www.interflora.fr\/blog\/wp-json\/wp\/v2\/posts"}],"about":[{"href":"https:\/\/www.interflora.fr\/blog\/wp-json\/wp\/v2\/types\/post"}],"author":[{"embeddable":true,"href":"https:\/\/www.interflora.fr\/blog\/wp-json\/wp\/v2\/users\/11"}],"replies":[{"embeddable":true,"href":"https:\/\/www.interflora.fr\/blog\/wp-json\/wp\/v2\/comments?post=57162"}],"version-history":[{"count":3,"href":"https:\/\/www.interflora.fr\/blog\/wp-json\/wp\/v2\/posts\/57162\/revisions"}],"predecessor-version":[{"id":57306,"href":"https:\/\/www.interflora.fr\/blog\/wp-json\/wp\/v2\/posts\/57162\/revisions\/57306"}],"wp:featuredmedia":[{"embeddable":true,"href":"https:\/\/www.interflora.fr\/blog\/wp-json\/wp\/v2\/media\/57195"}],"wp:attachment":[{"href":"https:\/\/www.interflora.fr\/blog\/wp-json\/wp\/v2\/media?parent=57162"}],"wp:term":[{"taxonomy":"category","embeddable":true,"href":"https:\/\/www.interflora.fr\/blog\/wp-json\/wp\/v2\/categories?post=57162"},{"taxonomy":"post_tag","embeddable":true,"href":"https:\/\/www.interflora.fr\/blog\/wp-json\/wp\/v2\/tags?post=57162"}],"curies":[{"name":"wp","href":"https:\/\/api.w.org\/{rel}","templated":true}]}}