{"id":56678,"date":"2025-12-10T17:04:30","date_gmt":"2025-12-10T16:04:30","guid":{"rendered":"https:\/\/www.interflora.fr\/blog\/?p=56678"},"modified":"2026-03-27T16:35:00","modified_gmt":"2026-03-27T15:35:00","slug":"messages-de-remerciement","status":"publish","type":"post","link":"https:\/\/www.interflora.fr\/blog\/messages-de-remerciement\/","title":{"rendered":"Message de remerciement : nos id\u00e9es de textes pour dire merci apr\u00e8s un cadeau"},"content":{"rendered":"\n<p>Un <strong>message de remerciement cadeau<\/strong>, c\u2019est ce petit geste qui prolonge la magie d\u2019un pr\u00e9sent. Dire merci, c\u2019est lui donner de la valeur, entretenir la chaleur du moment et faire sourire \u00e0 nouveau la personne qui vous a g\u00e2t\u00e9.e. Mais trouver les mots justes n\u2019est pas toujours \u00e9vident. Trop court, le <strong>message de remerciement cadeau<\/strong> semble impersonnel, trop long, il perd de son impact. Alors, comment \u00e9crire un <strong>joli message de remerciement<\/strong> qui sonne vrai ? D\u00e9couvrez nos meilleurs conseils ainsi que des exemples de <strong>textes pour dire merci<\/strong> avec style et sinc\u00e9rit\u00e9, juste ce qu\u2019il faut pour faire mouche, sans en faire trop. \u00c0 copier sans mod\u00e9ration et \u00e0 adapter \u00e0 votre situation.<\/p>\n\n\n<div class=\"lp-produits-grid\"><div class=\"lp-produit\"><div class=\"lp-thumbnail-wrapper\"><img loading=\"lazy\" decoding=\"async\" width=\"300\" height=\"300\" src=\"https:\/\/www.interflora.fr\/blog\/wp-content\/uploads\/2025\/05\/2BFM-800Wx800H-0-1-25-300x300.jpg\" class=\"attachment-medium size-medium wp-post-image\" alt=\"\" srcset=\"https:\/\/www.interflora.fr\/blog\/wp-content\/uploads\/2025\/05\/2BFM-800Wx800H-0-1-25-300x300.jpg 300w, https:\/\/www.interflora.fr\/blog\/wp-content\/uploads\/2025\/05\/2BFM-800Wx800H-0-1-25-150x150.jpg 150w, https:\/\/www.interflora.fr\/blog\/wp-content\/uploads\/2025\/05\/2BFM-800Wx800H-0-1-25-768x768.jpg 768w, https:\/\/www.interflora.fr\/blog\/wp-content\/uploads\/2025\/05\/2BFM-800Wx800H-0-1-25.jpg 800w\" sizes=\"auto, (max-width: 300px) 100vw, 300px\" \/><img decoding=\"async\" class=\"lp-badge\" src=\"https:\/\/www.interflora.fr\/blog\/wp-content\/uploads\/2025\/06\/logo-circle.png\" alt=\"Livraison rapide Interflora\"><\/div><span>Le bouquet cr\u00e9atif du fleuriste multicolore<\/span><p>29.95 \u20ac<\/p><span class=\"obf-link lp-cta\" role=\"link\" tabindex=\"0\" data-b64=\"aHR0cHM6Ly93d3cuaW50ZXJmbG9yYS5mci9wL2JvdXF1ZXQtZmxldXJpc3RlLW11bHRpY29sb3JlLzEvRlI\/dXRtX21lZGl1bT1vcmdhbmljJnV0bV9zb3VyY2U9YmxvZ19wcm9kdWN0cyZ1dG1fY2FtcGFpZ249MkJGTQ==\" data-target=\"_blank\"><svg xmlns=\"http:\/\/www.w3.org\/2000\/svg\" width=\"16\" height=\"16\" fill=\"currentColor\" class=\"bi bi-bag\" viewBox=\"0 0 16 16\"><path d=\"M8 1a2 2 0 0 1 2 2v1h2.5A1.5 1.5 0 0 1 14 5.5v8A1.5 1.5 0 0 1 12.5 15h-9A1.5 1.5 0 0 1 2 13.5v-8A1.5 1.5 0 0 1 3.5 3H6V2a2 2 0 0 1 2-1zm1 3V3a1 1 0 0 0-2 0v1h2z\"\/><\/svg>Voir le produit<\/span><p class=\"rapido\">Top produit<\/p><\/div><div class=\"lp-produit\"><div class=\"lp-thumbnail-wrapper\"><img loading=\"lazy\" decoding=\"async\" width=\"300\" height=\"300\" src=\"https:\/\/www.interflora.fr\/blog\/wp-content\/uploads\/2025\/05\/5PFDF-800Wx800H-0-1-13-300x300.jpg\" class=\"attachment-medium size-medium wp-post-image\" alt=\"\" srcset=\"https:\/\/www.interflora.fr\/blog\/wp-content\/uploads\/2025\/05\/5PFDF-800Wx800H-0-1-13-300x300.jpg 300w, https:\/\/www.interflora.fr\/blog\/wp-content\/uploads\/2025\/05\/5PFDF-800Wx800H-0-1-13-150x150.jpg 150w, https:\/\/www.interflora.fr\/blog\/wp-content\/uploads\/2025\/05\/5PFDF-800Wx800H-0-1-13-768x768.jpg 768w, https:\/\/www.interflora.fr\/blog\/wp-content\/uploads\/2025\/05\/5PFDF-800Wx800H-0-1-13.jpg 800w\" sizes=\"auto, (max-width: 300px) 100vw, 300px\" \/><img decoding=\"async\" class=\"lp-badge\" src=\"https:\/\/www.interflora.fr\/blog\/wp-content\/uploads\/2025\/06\/logo-circle.png\" alt=\"Livraison rapide Interflora\"><\/div><span>La plante fleurie du fleuriste<\/span><p>26.95 \u20ac<\/p><span class=\"obf-link lp-cta\" role=\"link\" tabindex=\"0\" data-b64=\"aHR0cHM6Ly93d3cuaW50ZXJmbG9yYS5mci9wL2ZldGUtZ3JhbmQtbWVyZS1wbGFudGUtZmxldXJpc3RlLzEvRlI\/dXRtX21lZGl1bT1vcmdhbmljJnV0bV9zb3VyY2U9YmxvZ19wcm9kdWN0cyZ1dG1fY2FtcGFpZ249NVBGREY=\" data-target=\"_blank\"><svg xmlns=\"http:\/\/www.w3.org\/2000\/svg\" width=\"16\" height=\"16\" fill=\"currentColor\" class=\"bi bi-bag\" viewBox=\"0 0 16 16\"><path d=\"M8 1a2 2 0 0 1 2 2v1h2.5A1.5 1.5 0 0 1 14 5.5v8A1.5 1.5 0 0 1 12.5 15h-9A1.5 1.5 0 0 1 2 13.5v-8A1.5 1.5 0 0 1 3.5 3H6V2a2 2 0 0 1 2-1zm1 3V3a1 1 0 0 0-2 0v1h2z\"\/><\/svg>Voir le produit<\/span><p class=\"rapido\">Livraison rapide<\/p><\/div><div class=\"lp-produit\"><div class=\"lp-thumbnail-wrapper\"><img loading=\"lazy\" decoding=\"async\" width=\"300\" height=\"300\" src=\"https:\/\/www.interflora.fr\/blog\/wp-content\/uploads\/2025\/09\/2BFS-800Wx800H-0-1-25-300x300.jpg\" class=\"attachment-medium size-medium wp-post-image\" alt=\"\" srcset=\"https:\/\/www.interflora.fr\/blog\/wp-content\/uploads\/2025\/09\/2BFS-800Wx800H-0-1-25-300x300.jpg 300w, https:\/\/www.interflora.fr\/blog\/wp-content\/uploads\/2025\/09\/2BFS-800Wx800H-0-1-25-150x150.jpg 150w, https:\/\/www.interflora.fr\/blog\/wp-content\/uploads\/2025\/09\/2BFS-800Wx800H-0-1-25-768x768.jpg 768w, https:\/\/www.interflora.fr\/blog\/wp-content\/uploads\/2025\/09\/2BFS-800Wx800H-0-1-25.jpg 800w\" sizes=\"auto, (max-width: 300px) 100vw, 300px\" \/><img decoding=\"async\" class=\"lp-badge\" src=\"https:\/\/www.interflora.fr\/blog\/wp-content\/uploads\/2025\/06\/logo-circle.png\" alt=\"Livraison rapide Interflora\"><\/div><span>Le bouquet cr\u00e9atif du fleuriste de saison<\/span><p>36.95 \u20ac<\/p><span class=\"obf-link lp-cta\" role=\"link\" tabindex=\"0\" data-b64=\"aHR0cHM6Ly93d3cuaW50ZXJmbG9yYS5mci9wL2JvdXF1ZXQtZmxldXJpc3RlLWRlLXNhaXNvbi8xL0ZSP3V0bV9tZWRpdW09b3JnYW5pYyZ1dG1fc291cmNlPWJsb2dfcHJvZHVjdHMmdXRtX2NhbXBhaWduPTJCRlM=\" data-target=\"_blank\"><svg xmlns=\"http:\/\/www.w3.org\/2000\/svg\" width=\"16\" height=\"16\" fill=\"currentColor\" class=\"bi bi-bag\" viewBox=\"0 0 16 16\"><path d=\"M8 1a2 2 0 0 1 2 2v1h2.5A1.5 1.5 0 0 1 14 5.5v8A1.5 1.5 0 0 1 12.5 15h-9A1.5 1.5 0 0 1 2 13.5v-8A1.5 1.5 0 0 1 3.5 3H6V2a2 2 0 0 1 2-1zm1 3V3a1 1 0 0 0-2 0v1h2z\"\/><\/svg>Voir le produit<\/span><p class=\"rapido\">Livraison rapide<\/p><\/div><div class=\"lp-produit\"><div class=\"lp-thumbnail-wrapper\"><img loading=\"lazy\" decoding=\"async\" width=\"300\" height=\"300\" src=\"https:\/\/www.interflora.fr\/blog\/wp-content\/uploads\/2025\/12\/2BDT-800Wx800H-0-1-300x300.jpg\" class=\"attachment-medium size-medium wp-post-image\" alt=\"\" srcset=\"https:\/\/www.interflora.fr\/blog\/wp-content\/uploads\/2025\/12\/2BDT-800Wx800H-0-1-300x300.jpg 300w, https:\/\/www.interflora.fr\/blog\/wp-content\/uploads\/2025\/12\/2BDT-800Wx800H-0-1-150x150.jpg 150w, https:\/\/www.interflora.fr\/blog\/wp-content\/uploads\/2025\/12\/2BDT-800Wx800H-0-1-768x768.jpg 768w, https:\/\/www.interflora.fr\/blog\/wp-content\/uploads\/2025\/12\/2BDT-800Wx800H-0-1.jpg 800w\" sizes=\"auto, (max-width: 300px) 100vw, 300px\" \/><img decoding=\"async\" class=\"lp-badge\" src=\"https:\/\/www.interflora.fr\/blog\/wp-content\/uploads\/2025\/06\/logo-circle.png\" alt=\"Livraison rapide Interflora\"><\/div><span>Brass\u00e9e de tulipes multicolores<\/span><p>31.95 \u20ac<\/p><span class=\"obf-link lp-cta\" role=\"link\" tabindex=\"0\" data-b64=\"aHR0cHM6Ly93d3cuaW50ZXJmbG9yYS5mci9wL2JvdXF1ZXQtdHVsaXBlcy8xL0ZSP3V0bV9tZWRpdW09b3JnYW5pYyZ1dG1fc291cmNlPWJsb2dfcHJvZHVjdHMmdXRtX2NhbXBhaWduPTJCRFQ=\" data-target=\"_blank\"><svg xmlns=\"http:\/\/www.w3.org\/2000\/svg\" width=\"16\" height=\"16\" fill=\"currentColor\" class=\"bi bi-bag\" viewBox=\"0 0 16 16\"><path d=\"M8 1a2 2 0 0 1 2 2v1h2.5A1.5 1.5 0 0 1 14 5.5v8A1.5 1.5 0 0 1 12.5 15h-9A1.5 1.5 0 0 1 2 13.5v-8A1.5 1.5 0 0 1 3.5 3H6V2a2 2 0 0 1 2-1zm1 3V3a1 1 0 0 0-2 0v1h2z\"\/><\/svg>Voir le produit<\/span><p class=\"rapido\">Top produit<\/p><\/div><\/div>\n\n\n\n<h2 class=\"wp-block-heading\">Le message de remerciement, comme un cadeau \u00e0 destination de l\u2019offrant<\/h2>\n\n\n\n<p><strong>Dire merci pour un cadeau<\/strong>, ce n\u2019est pas qu\u2019une formule de politesse, c\u2019est un v\u00e9ritable geste du c\u0153ur. Un <strong>message de remerciement cadeau<\/strong> bien tourn\u00e9 peut illuminer en retour la journ\u00e9e de celui ou celle qui a voulu vous combler. Au plaisir d\u2019offrir et de recevoir, on ajoute celui de la reconnaissance et de la gratitude, qui les renforce tout naturellement.<\/p>\n\n\n\n<p>Envie d\u2019ajouter un geste \u00e0 vos mots ? D\u00e9couvrez nos <a href=\"https:\/\/www.interflora.fr\/c\/fleurs-remerciements\">fleurs de remerciement<\/a>, \u00e9l\u00e9gantes, d\u00e9licates et parfaites pour dire \u00ab\u00a0merci\u00a0\u00bb avec po\u00e9sie.<\/p>\n\n\n\n<h2 class=\"wp-block-heading\">Comment dire merci pour un cadeau ?&nbsp;<\/h2>\n\n\n\n<h3 class=\"wp-block-heading\">La forme au service du fond<\/h3>\n\n\n\n<p>Il existe diff\u00e9rentes fa\u00e7ons d\u2019exprimer un <strong>remerciement pour des cadeaux<\/strong>. Il vous suffit de choisir celle qui vous parle le plus ou qui correspond le mieux \u00e0 l\u2019effet souhait\u00e9.<\/p>\n\n\n\n<ul class=\"wp-block-list\">\n<li><strong>Par courrier :<\/strong> c\u2019est un ind\u00e9modable qui fait toujours un bel effet. D\u2019autant plus de nos jours o\u00f9, faute de temps, on envoie et re\u00e7oit de moins en moins de courrier. Sur un joli papier ou via une <strong>carte merci beaucoup<\/strong>, votre <strong>texte pour dire merci<\/strong> aura d\u2019autant plus d\u2019impact.<\/li>\n<\/ul>\n\n\n\n<ul class=\"wp-block-list\">\n<li><strong>Par SMS :<\/strong> c\u2019est l\u2019alternative rapide et pratique au courrier, mais en version moins personnelle.<\/li>\n<\/ul>\n\n\n\n<ul class=\"wp-block-list\">\n<li><strong>Via les r\u00e9seaux sociaux :<\/strong> particuli\u00e8rement adapt\u00e9 pour remercier plusieurs personnes en m\u00eame temps, pour un cadeau group\u00e9 par exemple. Profitez-en pour les taguer sur une photo du cadeau en situation ou de l&rsquo;\u00e9v\u00e9nement associ\u00e9 \u00e0 l\u2019offrande (f\u00eate d\u2019anniversaire, d\u00e9part en retraite\u2026).<\/li>\n<\/ul>\n\n\n\n<ul class=\"wp-block-list\">\n<li><strong>Via un cadeau :<\/strong> rien de tel qu\u2019<a href=\"https:\/\/www.interflora.fr\/c\/livraison-cadeaux\">envoyer un cadeau<\/a>\u00a0de remerciement pour exprimer directement votre gratitude ou pour accompagner votre texte. Et pourquoi pas aller jusqu\u2019au bout de l\u2019id\u00e9e en optant pour un cadeau personnalis\u00e9 avec votre texte de remerciement grav\u00e9 ou imprim\u00e9 dessus.<\/li>\n<\/ul>\n\n\n\n<p>Inspirez-vous de notre s\u00e9lection d\u2019<a href=\"https:\/\/www.interflora.fr\/blog\/idees-cadeau-remerciement\/\">id\u00e9es de cadeaux de remerciement<\/a> ou de <a href=\"https:\/\/www.interflora.fr\/blog\/cadeau-qui-fait-du-bien\/\">cadeaux qui font du bien<\/a> pour accompagner vos mots d\u2019un geste tendre.<\/p>\n\n\n\n<figure class=\"wp-block-image aligncenter size-full\"><img loading=\"lazy\" decoding=\"async\" width=\"800\" height=\"450\" src=\"https:\/\/www.interflora.fr\/blog\/wp-content\/uploads\/2024\/12\/message-joyeuses-fetes.jpg\" alt=\"Joyeuses F\u00eates\" class=\"wp-image-56346\" srcset=\"https:\/\/www.interflora.fr\/blog\/wp-content\/uploads\/2024\/12\/message-joyeuses-fetes.jpg 800w, https:\/\/www.interflora.fr\/blog\/wp-content\/uploads\/2024\/12\/message-joyeuses-fetes-300x169.jpg 300w, https:\/\/www.interflora.fr\/blog\/wp-content\/uploads\/2024\/12\/message-joyeuses-fetes-768x432.jpg 768w\" sizes=\"auto, (max-width: 800px) 100vw, 800px\" \/><\/figure>\n\n\n\n<h3 class=\"wp-block-heading\">Les erreurs \u00e0 \u00e9viter dans un texte pour dire merci \u00e0 quelqu\u2019un<\/h3>\n\n\n\n<p>M\u00eame un <strong>joli message de remerciement<\/strong> peut perdre de son charme s\u2019il sonne trop formel ou trop impersonnel. On \u00e9vitera donc les formules trop fig\u00e9es du type \u00ab\u00a0Je vous adresse mes sinc\u00e8res remerciements\u00a0\u00bb, les copier-coller de messages trouv\u00e9s en ligne sans ajouter votre touche personnelle ou les remerciements sans \u00e9motions.<\/p>\n\n\n\n<p>Privil\u00e9giez plut\u00f4t un ton naturel, le v\u00f4tre, qui sera vecteur de sinc\u00e9rit\u00e9, voire un brin d\u2019humour si la situation y est favorable. Un <strong>texte pour dire merci \u00e0 quelqu\u2019un<\/strong> doit avant tout ressembler \u00e0 la personne qui l\u2019\u00e9crit.<\/p>\n\n\n\n<p>\u00c9vitez \u00e9galement les messages trop longs et pr\u00e9f\u00e9rez plut\u00f4t un message qui va \u00e0 l\u2019essentiel. Ainsi, il ira droit au c\u0153ur et aura plus d\u2019impact.<\/p>\n\n\n\n<h2 class=\"wp-block-heading\">Nos id\u00e9es de textes de remerciement pour un cadeau pour chaque occasion<\/h2>\n\n\n\n<p>Laissez-vous inspirer par nos exemples de <strong>textes pour dire merci <\/strong>\u00e0 personnaliser en fonction de l&rsquo;\u00e9v\u00e9nement, du contexte, de la personne et du type de cadeau re\u00e7u.<\/p>\n\n\n\n<h3 class=\"wp-block-heading\">Remerciement pour un cadeau d\u2019anniversaire ou de No\u00ebl<\/h3>\n\n\n\n<pre class=\"wp-block-verse\">\"Merci pour ce cadeau si bien choisi ! Il m\u2019a fait sourire d\u00e8s l\u2019ouverture. Tu as un v\u00e9ritable talent pour viser juste.\"<\/pre>\n\n\n\n<pre class=\"wp-block-verse\">\"Votre attention m\u2019a \u00e9norm\u00e9ment touch\u00e9.e. Ce cadeau me ressemble tant qu\u2019on dirait que vous lisez dans mes pens\u00e9es !\"<\/pre>\n\n\n\n<pre class=\"wp-block-verse\">\"Un immense merci pour ton cadeau et ta pr\u00e9sence. Gr\u00e2ce \u00e0 toi, mon anniversaire a eu une saveur toute particuli\u00e8re et restera longtemps grav\u00e9 dans ma m\u00e9moire.\"<\/pre>\n\n\n\n<pre class=\"wp-block-verse\">\"Merci pour ce cadeau parfait\u2026 et merci de m'\u00e9pargner par la m\u00eame occasion de devoir faire semblant de l\u2019aimer !\"<\/pre>\n\n\n<div class=\"lp-produits-grid\"><div class=\"lp-produit\"><div class=\"lp-thumbnail-wrapper\"><img loading=\"lazy\" decoding=\"async\" width=\"300\" height=\"300\" src=\"https:\/\/www.interflora.fr\/blog\/wp-content\/uploads\/2025\/05\/2BFM-800Wx800H-0-1-25-300x300.jpg\" class=\"attachment-medium size-medium wp-post-image\" alt=\"\" srcset=\"https:\/\/www.interflora.fr\/blog\/wp-content\/uploads\/2025\/05\/2BFM-800Wx800H-0-1-25-300x300.jpg 300w, https:\/\/www.interflora.fr\/blog\/wp-content\/uploads\/2025\/05\/2BFM-800Wx800H-0-1-25-150x150.jpg 150w, https:\/\/www.interflora.fr\/blog\/wp-content\/uploads\/2025\/05\/2BFM-800Wx800H-0-1-25-768x768.jpg 768w, https:\/\/www.interflora.fr\/blog\/wp-content\/uploads\/2025\/05\/2BFM-800Wx800H-0-1-25.jpg 800w\" sizes=\"auto, (max-width: 300px) 100vw, 300px\" \/><img decoding=\"async\" class=\"lp-badge\" src=\"https:\/\/www.interflora.fr\/blog\/wp-content\/uploads\/2025\/06\/logo-circle.png\" alt=\"Livraison rapide Interflora\"><\/div><span>Le bouquet cr\u00e9atif du fleuriste multicolore<\/span><p>29.95 \u20ac<\/p><span class=\"obf-link lp-cta\" role=\"link\" tabindex=\"0\" data-b64=\"aHR0cHM6Ly93d3cuaW50ZXJmbG9yYS5mci9wL2JvdXF1ZXQtZmxldXJpc3RlLW11bHRpY29sb3JlLzEvRlI\/dXRtX21lZGl1bT1vcmdhbmljJnV0bV9zb3VyY2U9YmxvZ19wcm9kdWN0cyZ1dG1fY2FtcGFpZ249MkJGTQ==\" data-target=\"_blank\"><svg xmlns=\"http:\/\/www.w3.org\/2000\/svg\" width=\"16\" height=\"16\" fill=\"currentColor\" class=\"bi bi-bag\" viewBox=\"0 0 16 16\"><path d=\"M8 1a2 2 0 0 1 2 2v1h2.5A1.5 1.5 0 0 1 14 5.5v8A1.5 1.5 0 0 1 12.5 15h-9A1.5 1.5 0 0 1 2 13.5v-8A1.5 1.5 0 0 1 3.5 3H6V2a2 2 0 0 1 2-1zm1 3V3a1 1 0 0 0-2 0v1h2z\"\/><\/svg>Voir le produit<\/span><p class=\"rapido\">Livraison rapide<\/p><\/div><div class=\"lp-produit\"><div class=\"lp-thumbnail-wrapper\"><img loading=\"lazy\" decoding=\"async\" width=\"300\" height=\"300\" src=\"https:\/\/www.interflora.fr\/blog\/wp-content\/uploads\/2025\/09\/5PDFFDP-800Wx800H-0-1-14-300x300.jpg\" class=\"attachment-medium size-medium wp-post-image\" alt=\"\" srcset=\"https:\/\/www.interflora.fr\/blog\/wp-content\/uploads\/2025\/09\/5PDFFDP-800Wx800H-0-1-14-300x300.jpg 300w, https:\/\/www.interflora.fr\/blog\/wp-content\/uploads\/2025\/09\/5PDFFDP-800Wx800H-0-1-14-150x150.jpg 150w, https:\/\/www.interflora.fr\/blog\/wp-content\/uploads\/2025\/09\/5PDFFDP-800Wx800H-0-1-14-768x768.jpg 768w, https:\/\/www.interflora.fr\/blog\/wp-content\/uploads\/2025\/09\/5PDFFDP-800Wx800H-0-1-14.jpg 800w\" sizes=\"auto, (max-width: 300px) 100vw, 300px\" \/><img decoding=\"async\" class=\"lp-badge\" src=\"https:\/\/www.interflora.fr\/blog\/wp-content\/uploads\/2025\/06\/logo-circle.png\" alt=\"Livraison rapide Interflora\"><\/div><span>La plante verte du fleuriste<\/span><p>26.95 \u20ac<\/p><span class=\"obf-link lp-cta\" role=\"link\" tabindex=\"0\" data-b64=\"aHR0cHM6Ly93d3cuaW50ZXJmbG9yYS5mci9wL2ZldGUtZGVzLXBlcmVzLXBsYW50ZS1mbGV1cmlzdGUvMS9GUj91dG1fbWVkaXVtPW9yZ2FuaWMmdXRtX3NvdXJjZT1ibG9nX3Byb2R1Y3RzJnV0bV9jYW1wYWlnbj01UERGRkRQ\" data-target=\"_blank\"><svg xmlns=\"http:\/\/www.w3.org\/2000\/svg\" width=\"16\" height=\"16\" fill=\"currentColor\" class=\"bi bi-bag\" viewBox=\"0 0 16 16\"><path d=\"M8 1a2 2 0 0 1 2 2v1h2.5A1.5 1.5 0 0 1 14 5.5v8A1.5 1.5 0 0 1 12.5 15h-9A1.5 1.5 0 0 1 2 13.5v-8A1.5 1.5 0 0 1 3.5 3H6V2a2 2 0 0 1 2-1zm1 3V3a1 1 0 0 0-2 0v1h2z\"\/><\/svg>Voir le produit<\/span><p class=\"rapido\">Top produit<\/p><\/div><div class=\"lp-produit\"><div class=\"lp-thumbnail-wrapper\"><img loading=\"lazy\" decoding=\"async\" width=\"300\" height=\"300\" src=\"https:\/\/www.interflora.fr\/blog\/wp-content\/uploads\/2025\/05\/5PFDF-800Wx800H-0-1-13-300x300.jpg\" class=\"attachment-medium size-medium wp-post-image\" alt=\"\" srcset=\"https:\/\/www.interflora.fr\/blog\/wp-content\/uploads\/2025\/05\/5PFDF-800Wx800H-0-1-13-300x300.jpg 300w, https:\/\/www.interflora.fr\/blog\/wp-content\/uploads\/2025\/05\/5PFDF-800Wx800H-0-1-13-150x150.jpg 150w, https:\/\/www.interflora.fr\/blog\/wp-content\/uploads\/2025\/05\/5PFDF-800Wx800H-0-1-13-768x768.jpg 768w, https:\/\/www.interflora.fr\/blog\/wp-content\/uploads\/2025\/05\/5PFDF-800Wx800H-0-1-13.jpg 800w\" sizes=\"auto, (max-width: 300px) 100vw, 300px\" \/><img decoding=\"async\" class=\"lp-badge\" src=\"https:\/\/www.interflora.fr\/blog\/wp-content\/uploads\/2025\/06\/logo-circle.png\" alt=\"Livraison rapide Interflora\"><\/div><span>La plante fleurie du fleuriste<\/span><p>26.95 \u20ac<\/p><span class=\"obf-link lp-cta\" role=\"link\" tabindex=\"0\" data-b64=\"aHR0cHM6Ly93d3cuaW50ZXJmbG9yYS5mci9wL2ZldGUtZ3JhbmQtbWVyZS1wbGFudGUtZmxldXJpc3RlLzEvRlI\/dXRtX21lZGl1bT1vcmdhbmljJnV0bV9zb3VyY2U9YmxvZ19wcm9kdWN0cyZ1dG1fY2FtcGFpZ249NVBGREY=\" data-target=\"_blank\"><svg xmlns=\"http:\/\/www.w3.org\/2000\/svg\" width=\"16\" height=\"16\" fill=\"currentColor\" class=\"bi bi-bag\" viewBox=\"0 0 16 16\"><path d=\"M8 1a2 2 0 0 1 2 2v1h2.5A1.5 1.5 0 0 1 14 5.5v8A1.5 1.5 0 0 1 12.5 15h-9A1.5 1.5 0 0 1 2 13.5v-8A1.5 1.5 0 0 1 3.5 3H6V2a2 2 0 0 1 2-1zm1 3V3a1 1 0 0 0-2 0v1h2z\"\/><\/svg>Voir le produit<\/span><p class=\"rapido\">Livraison rapide<\/p><\/div><div class=\"lp-produit\"><div class=\"lp-thumbnail-wrapper\"><img loading=\"lazy\" decoding=\"async\" width=\"300\" height=\"300\" src=\"https:\/\/www.interflora.fr\/blog\/wp-content\/uploads\/2025\/12\/2BDT-800Wx800H-0-1-300x300.jpg\" class=\"attachment-medium size-medium wp-post-image\" alt=\"\" srcset=\"https:\/\/www.interflora.fr\/blog\/wp-content\/uploads\/2025\/12\/2BDT-800Wx800H-0-1-300x300.jpg 300w, https:\/\/www.interflora.fr\/blog\/wp-content\/uploads\/2025\/12\/2BDT-800Wx800H-0-1-150x150.jpg 150w, https:\/\/www.interflora.fr\/blog\/wp-content\/uploads\/2025\/12\/2BDT-800Wx800H-0-1-768x768.jpg 768w, https:\/\/www.interflora.fr\/blog\/wp-content\/uploads\/2025\/12\/2BDT-800Wx800H-0-1.jpg 800w\" sizes=\"auto, (max-width: 300px) 100vw, 300px\" \/><img decoding=\"async\" class=\"lp-badge\" src=\"https:\/\/www.interflora.fr\/blog\/wp-content\/uploads\/2025\/06\/logo-circle.png\" alt=\"Livraison rapide Interflora\"><\/div><span>Brass\u00e9e de tulipes multicolores<\/span><p>31.95 \u20ac<\/p><span class=\"obf-link lp-cta\" role=\"link\" tabindex=\"0\" data-b64=\"aHR0cHM6Ly93d3cuaW50ZXJmbG9yYS5mci9wL2JvdXF1ZXQtdHVsaXBlcy8xL0ZSP3V0bV9tZWRpdW09b3JnYW5pYyZ1dG1fc291cmNlPWJsb2dfcHJvZHVjdHMmdXRtX2NhbXBhaWduPTJCRFQ=\" data-target=\"_blank\"><svg xmlns=\"http:\/\/www.w3.org\/2000\/svg\" width=\"16\" height=\"16\" fill=\"currentColor\" class=\"bi bi-bag\" viewBox=\"0 0 16 16\"><path d=\"M8 1a2 2 0 0 1 2 2v1h2.5A1.5 1.5 0 0 1 14 5.5v8A1.5 1.5 0 0 1 12.5 15h-9A1.5 1.5 0 0 1 2 13.5v-8A1.5 1.5 0 0 1 3.5 3H6V2a2 2 0 0 1 2-1zm1 3V3a1 1 0 0 0-2 0v1h2z\"\/><\/svg>Voir le produit<\/span><p class=\"rapido\">Livraison rapide<\/p><\/div><\/div>\n\n\n\n<h3 class=\"wp-block-heading\">Remerciement pour un cadeau de naissance<\/h3>\n\n\n\n<pre class=\"wp-block-verse\">\"Merci pour ce pr\u00e9sent adorable offert \u00e0 notre petit tr\u00e9sor. Votre attention nous a profond\u00e9ment \u00e9mus.\"<\/pre>\n\n\n\n<pre class=\"wp-block-verse\">\"Votre cadeau pour la naissance de [Pr\u00e9nom] est \u00e0 la fois utile et plein de douceur. Merci d\u2019avoir pens\u00e9 \u00e0 nous avec tant de bienveillance.\"<\/pre>\n\n\n\n<pre class=\"wp-block-verse\">\"Merci pour votre d\u00e9licate attention \u00e0 l\u2019arriv\u00e9e de notre b\u00e9b\u00e9. Ce pr\u00e9sent accompagnera nos premiers souvenirs de parents.\"<\/pre>\n\n\n\n<pre class=\"wp-block-verse\">\"Votre cadeau est une vraie p\u00e9pite ! Il trouvera vite sa place dans le cocon de [Pr\u00e9nom]. Merci pour tant de tendresse.\"<\/pre>\n\n\n\n<pre class=\"wp-block-verse\">\"Un immense merci pour votre gentillesse et votre g\u00e9n\u00e9rosit\u00e9. Votre cadeau restera un souvenir pr\u00e9cieux de ces premiers jours magiques.\"<\/pre>\n\n\n\n<figure class=\"wp-block-image aligncenter size-full\"><img loading=\"lazy\" decoding=\"async\" width=\"800\" height=\"450\" src=\"https:\/\/www.interflora.fr\/blog\/wp-content\/uploads\/2025\/10\/bouquet-de-naissance.jpg\" alt=\"Bouquet de fleurs en livraison\" class=\"wp-image-52704\" srcset=\"https:\/\/www.interflora.fr\/blog\/wp-content\/uploads\/2025\/10\/bouquet-de-naissance.jpg 800w, https:\/\/www.interflora.fr\/blog\/wp-content\/uploads\/2025\/10\/bouquet-de-naissance-300x169.jpg 300w, https:\/\/www.interflora.fr\/blog\/wp-content\/uploads\/2025\/10\/bouquet-de-naissance-768x432.jpg 768w\" sizes=\"auto, (max-width: 800px) 100vw, 800px\" \/><\/figure>\n\n\n\n<h3 class=\"wp-block-heading\">Comment dit-on merci pour les cadeaux de mariage ?<\/h3>\n\n\n\n<pre class=\"wp-block-verse\">\"Cette journ\u00e9e \u00e9tait d\u00e9j\u00e0 extraordinaire, mais votre d\u00e9licate attention et votre pr\u00e9sence l'ont rendue encore plus m\u00e9morable. Merci de tout notre c\u0153ur.\"<\/pre>\n\n\n\n<pre class=\"wp-block-verse\">\"L'\u00e9motion \u00e9tait d\u00e9j\u00e0 \u00e0 son comble en cette journ\u00e9e sp\u00e9ciale, mais votre pr\u00e9sent et votre pr\u00e9sence ont ajout\u00e9 encore plus de magie \u00e0 l'\u00e9v\u00e9nement.\"<\/pre>\n\n\n\n<pre class=\"wp-block-verse\">\"Par votre pr\u00e9sence et votre g\u00e9n\u00e9rosit\u00e9, vous avez ind\u00e9niablement contribu\u00e9 \u00e0 faire de ce jour le plus beau jour de notre vie. Mille mercis !\"<\/pre>\n\n\n\n<figure class=\"wp-block-image aligncenter size-large is-resized\"><img loading=\"lazy\" decoding=\"async\" width=\"1024\" height=\"683\" src=\"https:\/\/www.interflora.fr\/blog\/wp-content\/uploads\/2025\/09\/coffret-cadeau-original-femme-1024x683.jpg\" alt=\"Femme tenant un bouquet de fleurs\" class=\"wp-image-50779\" style=\"aspect-ratio:16\/9;object-fit:cover;width:700px\" srcset=\"https:\/\/www.interflora.fr\/blog\/wp-content\/uploads\/2025\/09\/coffret-cadeau-original-femme-1024x683.jpg 1024w, https:\/\/www.interflora.fr\/blog\/wp-content\/uploads\/2025\/09\/coffret-cadeau-original-femme-300x200.jpg 300w, https:\/\/www.interflora.fr\/blog\/wp-content\/uploads\/2025\/09\/coffret-cadeau-original-femme-768x512.jpg 768w, https:\/\/www.interflora.fr\/blog\/wp-content\/uploads\/2025\/09\/coffret-cadeau-original-femme.jpg 1200w\" sizes=\"auto, (max-width: 1024px) 100vw, 1024px\" \/><\/figure>\n\n\n\n<h3 class=\"wp-block-heading\">Remerciement professionnel<\/h3>\n\n\n\n<pre class=\"wp-block-verse\">\"Je vous remercie sinc\u00e8rement pour ce joli pr\u00e9sent. Votre attention t\u00e9moigne d\u2019un grand respect professionnel.\"<\/pre>\n\n\n\n<pre class=\"wp-block-verse\">\"Merci pour ce geste qui m\u2019a beaucoup touch\u00e9e. Travailler \u00e0 vos c\u00f4t\u00e9s est un r\u00e9el plaisir au quotidien, et ce cadeau le symbolise parfaitement.\"<\/pre>\n\n\n\n<pre class=\"wp-block-verse\">\"Votre cadeau est une d\u00e9licate marque d\u2019estime. Merci pour cette attention qui donne tout son sens \u00e0 notre collaboration.\"<\/pre>\n\n\n\n<pre class=\"wp-block-verse\">\"Un grand merci pour ce cadeau qui est \u00e0 l'image de votre leadership : g\u00e9n\u00e9reux, bienveillant et pertinent.\"<\/pre>\n\n\n\n<figure class=\"wp-block-image aligncenter size-full is-resized\"><img loading=\"lazy\" decoding=\"async\" width=\"800\" height=\"450\" src=\"https:\/\/www.interflora.fr\/blog\/wp-content\/uploads\/2024\/11\/cadeau-noel-a-distance.jpg\" alt=\"Cadeau de no\u00ebl \u00e0 distance\" class=\"wp-image-56371\" style=\"width:700px\" srcset=\"https:\/\/www.interflora.fr\/blog\/wp-content\/uploads\/2024\/11\/cadeau-noel-a-distance.jpg 800w, https:\/\/www.interflora.fr\/blog\/wp-content\/uploads\/2024\/11\/cadeau-noel-a-distance-300x169.jpg 300w, https:\/\/www.interflora.fr\/blog\/wp-content\/uploads\/2024\/11\/cadeau-noel-a-distance-768x432.jpg 768w\" sizes=\"auto, (max-width: 800px) 100vw, 800px\" \/><\/figure>\n\n\n\n<h3 class=\"wp-block-heading\">Texte de remerciement pour un cadeau de d\u00e9part \u00e0 la retraite<\/h3>\n\n\n\n<pre class=\"wp-block-verse\">\"Collaborer avec vous \u00e9tait d\u00e9j\u00e0 un cadeau au quotidien. Ce joli geste pour mon d\u00e9part \u00e0 la retraite vient simplement sublimer cette belle aventure.\"<\/pre>\n\n\n\n<pre class=\"wp-block-verse\">\"Merci pour ce magnifique cadeau et votre jolie surprise ! Je promets de penser \u00e0 vous pendant mes grasses matin\u00e9es et mes apr\u00e8s-midis sans r\u00e9unions \ud83d\ude09. Travailler avec vous, c\u2019\u00e9tait d\u00e9j\u00e0 un bonheur, et vous dire au revoir avec autant de gentillesse, c\u2019est la cerise sur le g\u00e2teau de ma carri\u00e8re.\"<\/pre>\n\n\n\n<pre class=\"wp-block-verse\">\"On dit souvent que la retraite, c\u2019est le d\u00e9but d\u2019une nouvelle vie. Mais en vous quittant, je r\u00e9alise surtout combien la pr\u00e9c\u00e9dente a \u00e9t\u00e9 belle, gr\u00e2ce \u00e0 vous ! Merci pour ce cadeau plein d\u2019attention qui me rappellera toujours ces ann\u00e9es incroyables pass\u00e9es ensemble.\"<\/pre>\n\n\n\n<figure class=\"wp-block-image aligncenter size-full\"><img loading=\"lazy\" decoding=\"async\" width=\"750\" height=\"400\" src=\"https:\/\/www.interflora.fr\/blog\/wp-content\/uploads\/2025\/11\/envoyer-fleurs-noel-etranger.png\" alt=\"envoyer des fleurs de No\u00ebl \u00e0 l'\u00e9tranger\" class=\"wp-image-56588\" srcset=\"https:\/\/www.interflora.fr\/blog\/wp-content\/uploads\/2025\/11\/envoyer-fleurs-noel-etranger.png 750w, https:\/\/www.interflora.fr\/blog\/wp-content\/uploads\/2025\/11\/envoyer-fleurs-noel-etranger-300x160.png 300w\" sizes=\"auto, (max-width: 750px) 100vw, 750px\" \/><\/figure>\n\n\n\n<h3 class=\"wp-block-heading\">Mot de remerciement pour g\u00e9n\u00e9rosit\u00e9 ou soutien<\/h3>\n\n\n\n<pre class=\"wp-block-verse\">\"Votre gentillesse m\u2019a profond\u00e9ment \u00e9mu.e. Votre geste a apport\u00e9 chaleur et lumi\u00e8re \u00e0 mon quotidien. Merci du fond du c\u0153ur.\"<\/pre>\n\n\n\n<pre class=\"wp-block-verse\">\"Ta g\u00e9n\u00e9rosit\u00e9 d\u00e9passe les mots. Merci de ta pr\u00e9sence, ta bienveillance et de ton soutien sans faille. Avec toute mon amiti\u00e9.\"<\/pre>\n\n\n\n<h3 class=\"wp-block-heading\">Remerciement pour des fleurs<\/h3>\n\n\n\n<pre class=\"wp-block-verse\">\"Vos fleurs ont apport\u00e9 un souffle de fra\u00eecheur \u00e0 mon int\u00e9rieur et un \u00e9clat de bonheur dans mon c\u0153ur. Chaque regard pos\u00e9 sur elles me rappelle votre d\u00e9licatesse. Merci !\"<\/pre>\n\n\n\n<pre class=\"wp-block-verse\">\"Ces fleurs sont un v\u00e9ritable rayon de soleil et sont d'ailleurs tout \u00e0 ton image. Merci d\u2019avoir pens\u00e9 \u00e0 moi avec tant de douceur et de beaut\u00e9.\"<\/pre>\n\n\n<div class=\"lp-produits-grid\"><div class=\"lp-produit\"><div class=\"lp-thumbnail-wrapper\"><img loading=\"lazy\" decoding=\"async\" width=\"300\" height=\"300\" src=\"https:\/\/www.interflora.fr\/blog\/wp-content\/uploads\/2025\/05\/5PFDF-800Wx800H-0-1-13-300x300.jpg\" class=\"attachment-medium size-medium wp-post-image\" alt=\"\" srcset=\"https:\/\/www.interflora.fr\/blog\/wp-content\/uploads\/2025\/05\/5PFDF-800Wx800H-0-1-13-300x300.jpg 300w, https:\/\/www.interflora.fr\/blog\/wp-content\/uploads\/2025\/05\/5PFDF-800Wx800H-0-1-13-150x150.jpg 150w, https:\/\/www.interflora.fr\/blog\/wp-content\/uploads\/2025\/05\/5PFDF-800Wx800H-0-1-13-768x768.jpg 768w, https:\/\/www.interflora.fr\/blog\/wp-content\/uploads\/2025\/05\/5PFDF-800Wx800H-0-1-13.jpg 800w\" sizes=\"auto, (max-width: 300px) 100vw, 300px\" \/><img decoding=\"async\" class=\"lp-badge\" src=\"https:\/\/www.interflora.fr\/blog\/wp-content\/uploads\/2025\/06\/logo-circle.png\" alt=\"Livraison rapide Interflora\"><\/div><span>La plante fleurie du fleuriste<\/span><p>26.95 \u20ac<\/p><span class=\"obf-link lp-cta\" role=\"link\" tabindex=\"0\" data-b64=\"aHR0cHM6Ly93d3cuaW50ZXJmbG9yYS5mci9wL2ZldGUtZ3JhbmQtbWVyZS1wbGFudGUtZmxldXJpc3RlLzEvRlI\/dXRtX21lZGl1bT1vcmdhbmljJnV0bV9zb3VyY2U9YmxvZ19wcm9kdWN0cyZ1dG1fY2FtcGFpZ249NVBGREY=\" data-target=\"_blank\"><svg xmlns=\"http:\/\/www.w3.org\/2000\/svg\" width=\"16\" height=\"16\" fill=\"currentColor\" class=\"bi bi-bag\" viewBox=\"0 0 16 16\"><path d=\"M8 1a2 2 0 0 1 2 2v1h2.5A1.5 1.5 0 0 1 14 5.5v8A1.5 1.5 0 0 1 12.5 15h-9A1.5 1.5 0 0 1 2 13.5v-8A1.5 1.5 0 0 1 3.5 3H6V2a2 2 0 0 1 2-1zm1 3V3a1 1 0 0 0-2 0v1h2z\"\/><\/svg>Voir le produit<\/span><p class=\"rapido\">Livraison rapide<\/p><\/div><div class=\"lp-produit\"><div class=\"lp-thumbnail-wrapper\"><img loading=\"lazy\" decoding=\"async\" width=\"300\" height=\"300\" src=\"https:\/\/www.interflora.fr\/blog\/wp-content\/uploads\/2025\/12\/2BDT-800Wx800H-0-1-300x300.jpg\" class=\"attachment-medium size-medium wp-post-image\" alt=\"\" srcset=\"https:\/\/www.interflora.fr\/blog\/wp-content\/uploads\/2025\/12\/2BDT-800Wx800H-0-1-300x300.jpg 300w, https:\/\/www.interflora.fr\/blog\/wp-content\/uploads\/2025\/12\/2BDT-800Wx800H-0-1-150x150.jpg 150w, https:\/\/www.interflora.fr\/blog\/wp-content\/uploads\/2025\/12\/2BDT-800Wx800H-0-1-768x768.jpg 768w, https:\/\/www.interflora.fr\/blog\/wp-content\/uploads\/2025\/12\/2BDT-800Wx800H-0-1.jpg 800w\" sizes=\"auto, (max-width: 300px) 100vw, 300px\" \/><img decoding=\"async\" class=\"lp-badge\" src=\"https:\/\/www.interflora.fr\/blog\/wp-content\/uploads\/2025\/06\/logo-circle.png\" alt=\"Livraison rapide Interflora\"><\/div><span>Brass\u00e9e de tulipes multicolores<\/span><p>31.95 \u20ac<\/p><span class=\"obf-link lp-cta\" role=\"link\" tabindex=\"0\" data-b64=\"aHR0cHM6Ly93d3cuaW50ZXJmbG9yYS5mci9wL2JvdXF1ZXQtdHVsaXBlcy8xL0ZSP3V0bV9tZWRpdW09b3JnYW5pYyZ1dG1fc291cmNlPWJsb2dfcHJvZHVjdHMmdXRtX2NhbXBhaWduPTJCRFQ=\" data-target=\"_blank\"><svg xmlns=\"http:\/\/www.w3.org\/2000\/svg\" width=\"16\" height=\"16\" fill=\"currentColor\" class=\"bi bi-bag\" viewBox=\"0 0 16 16\"><path d=\"M8 1a2 2 0 0 1 2 2v1h2.5A1.5 1.5 0 0 1 14 5.5v8A1.5 1.5 0 0 1 12.5 15h-9A1.5 1.5 0 0 1 2 13.5v-8A1.5 1.5 0 0 1 3.5 3H6V2a2 2 0 0 1 2-1zm1 3V3a1 1 0 0 0-2 0v1h2z\"\/><\/svg>Voir le produit<\/span><p class=\"rapido\">Livraison rapide<\/p><\/div><div class=\"lp-produit\"><div class=\"lp-thumbnail-wrapper\"><img loading=\"lazy\" decoding=\"async\" width=\"300\" height=\"300\" src=\"https:\/\/www.interflora.fr\/blog\/wp-content\/uploads\/2025\/09\/5PDFFDP-800Wx800H-0-1-14-300x300.jpg\" class=\"attachment-medium size-medium wp-post-image\" alt=\"\" srcset=\"https:\/\/www.interflora.fr\/blog\/wp-content\/uploads\/2025\/09\/5PDFFDP-800Wx800H-0-1-14-300x300.jpg 300w, https:\/\/www.interflora.fr\/blog\/wp-content\/uploads\/2025\/09\/5PDFFDP-800Wx800H-0-1-14-150x150.jpg 150w, https:\/\/www.interflora.fr\/blog\/wp-content\/uploads\/2025\/09\/5PDFFDP-800Wx800H-0-1-14-768x768.jpg 768w, https:\/\/www.interflora.fr\/blog\/wp-content\/uploads\/2025\/09\/5PDFFDP-800Wx800H-0-1-14.jpg 800w\" sizes=\"auto, (max-width: 300px) 100vw, 300px\" \/><img decoding=\"async\" class=\"lp-badge\" src=\"https:\/\/www.interflora.fr\/blog\/wp-content\/uploads\/2025\/06\/logo-circle.png\" alt=\"Livraison rapide Interflora\"><\/div><span>La plante verte du fleuriste<\/span><p>26.95 \u20ac<\/p><span class=\"obf-link lp-cta\" role=\"link\" tabindex=\"0\" data-b64=\"aHR0cHM6Ly93d3cuaW50ZXJmbG9yYS5mci9wL2ZldGUtZGVzLXBlcmVzLXBsYW50ZS1mbGV1cmlzdGUvMS9GUj91dG1fbWVkaXVtPW9yZ2FuaWMmdXRtX3NvdXJjZT1ibG9nX3Byb2R1Y3RzJnV0bV9jYW1wYWlnbj01UERGRkRQ\" data-target=\"_blank\"><svg xmlns=\"http:\/\/www.w3.org\/2000\/svg\" width=\"16\" height=\"16\" fill=\"currentColor\" class=\"bi bi-bag\" viewBox=\"0 0 16 16\"><path d=\"M8 1a2 2 0 0 1 2 2v1h2.5A1.5 1.5 0 0 1 14 5.5v8A1.5 1.5 0 0 1 12.5 15h-9A1.5 1.5 0 0 1 2 13.5v-8A1.5 1.5 0 0 1 3.5 3H6V2a2 2 0 0 1 2-1zm1 3V3a1 1 0 0 0-2 0v1h2z\"\/><\/svg>Voir le produit<\/span><p class=\"rapido\">Fleurs fra\u00eeches<\/p><\/div><div class=\"lp-produit\"><div class=\"lp-thumbnail-wrapper\"><img loading=\"lazy\" decoding=\"async\" width=\"300\" height=\"300\" src=\"https:\/\/www.interflora.fr\/blog\/wp-content\/uploads\/2025\/05\/2BFM-800Wx800H-0-1-25-300x300.jpg\" class=\"attachment-medium size-medium wp-post-image\" alt=\"\" srcset=\"https:\/\/www.interflora.fr\/blog\/wp-content\/uploads\/2025\/05\/2BFM-800Wx800H-0-1-25-300x300.jpg 300w, https:\/\/www.interflora.fr\/blog\/wp-content\/uploads\/2025\/05\/2BFM-800Wx800H-0-1-25-150x150.jpg 150w, https:\/\/www.interflora.fr\/blog\/wp-content\/uploads\/2025\/05\/2BFM-800Wx800H-0-1-25-768x768.jpg 768w, https:\/\/www.interflora.fr\/blog\/wp-content\/uploads\/2025\/05\/2BFM-800Wx800H-0-1-25.jpg 800w\" sizes=\"auto, (max-width: 300px) 100vw, 300px\" \/><img decoding=\"async\" class=\"lp-badge\" src=\"https:\/\/www.interflora.fr\/blog\/wp-content\/uploads\/2025\/06\/logo-circle.png\" alt=\"Livraison rapide Interflora\"><\/div><span>Le bouquet cr\u00e9atif du fleuriste multicolore<\/span><p>29.95 \u20ac<\/p><span class=\"obf-link lp-cta\" role=\"link\" tabindex=\"0\" data-b64=\"aHR0cHM6Ly93d3cuaW50ZXJmbG9yYS5mci9wL2JvdXF1ZXQtZmxldXJpc3RlLW11bHRpY29sb3JlLzEvRlI\/dXRtX21lZGl1bT1vcmdhbmljJnV0bV9zb3VyY2U9YmxvZ19wcm9kdWN0cyZ1dG1fY2FtcGFpZ249MkJGTQ==\" data-target=\"_blank\"><svg xmlns=\"http:\/\/www.w3.org\/2000\/svg\" width=\"16\" height=\"16\" fill=\"currentColor\" class=\"bi bi-bag\" viewBox=\"0 0 16 16\"><path d=\"M8 1a2 2 0 0 1 2 2v1h2.5A1.5 1.5 0 0 1 14 5.5v8A1.5 1.5 0 0 1 12.5 15h-9A1.5 1.5 0 0 1 2 13.5v-8A1.5 1.5 0 0 1 3.5 3H6V2a2 2 0 0 1 2-1zm1 3V3a1 1 0 0 0-2 0v1h2z\"\/><\/svg>Voir le produit<\/span><p class=\"rapido\">Fleurs fra\u00eeches<\/p><\/div><div class=\"lp-produit\"><div class=\"lp-thumbnail-wrapper\"><img loading=\"lazy\" decoding=\"async\" width=\"300\" height=\"300\" src=\"https:\/\/www.interflora.fr\/blog\/wp-content\/uploads\/2025\/09\/2BFS-800Wx800H-0-1-25-300x300.jpg\" class=\"attachment-medium size-medium wp-post-image\" alt=\"\" srcset=\"https:\/\/www.interflora.fr\/blog\/wp-content\/uploads\/2025\/09\/2BFS-800Wx800H-0-1-25-300x300.jpg 300w, https:\/\/www.interflora.fr\/blog\/wp-content\/uploads\/2025\/09\/2BFS-800Wx800H-0-1-25-150x150.jpg 150w, https:\/\/www.interflora.fr\/blog\/wp-content\/uploads\/2025\/09\/2BFS-800Wx800H-0-1-25-768x768.jpg 768w, https:\/\/www.interflora.fr\/blog\/wp-content\/uploads\/2025\/09\/2BFS-800Wx800H-0-1-25.jpg 800w\" sizes=\"auto, (max-width: 300px) 100vw, 300px\" \/><img decoding=\"async\" class=\"lp-badge\" src=\"https:\/\/www.interflora.fr\/blog\/wp-content\/uploads\/2025\/06\/logo-circle.png\" alt=\"Livraison rapide Interflora\"><\/div><span>Le bouquet cr\u00e9atif du fleuriste de saison<\/span><p>36.95 \u20ac<\/p><span class=\"obf-link lp-cta\" role=\"link\" tabindex=\"0\" data-b64=\"aHR0cHM6Ly93d3cuaW50ZXJmbG9yYS5mci9wL2JvdXF1ZXQtZmxldXJpc3RlLWRlLXNhaXNvbi8xL0ZSP3V0bV9tZWRpdW09b3JnYW5pYyZ1dG1fc291cmNlPWJsb2dfcHJvZHVjdHMmdXRtX2NhbXBhaWduPTJCRlM=\" data-target=\"_blank\"><svg xmlns=\"http:\/\/www.w3.org\/2000\/svg\" width=\"16\" height=\"16\" fill=\"currentColor\" class=\"bi bi-bag\" viewBox=\"0 0 16 16\"><path d=\"M8 1a2 2 0 0 1 2 2v1h2.5A1.5 1.5 0 0 1 14 5.5v8A1.5 1.5 0 0 1 12.5 15h-9A1.5 1.5 0 0 1 2 13.5v-8A1.5 1.5 0 0 1 3.5 3H6V2a2 2 0 0 1 2-1zm1 3V3a1 1 0 0 0-2 0v1h2z\"\/><\/svg>Voir le produit<\/span><p class=\"rapido\">Top produit<\/p><\/div><\/div>\n","protected":false},"excerpt":{"rendered":"<p>Un message de remerciement cadeau, c\u2019est ce petit geste qui prolonge la magie d\u2019un pr\u00e9sent. Dire merci, c\u2019est lui donner [&hellip;]<\/p>\n","protected":false},"author":11,"featured_media":56346,"comment_status":"open","ping_status":"open","sticky":false,"template":"","format":"standard","meta":{"_uag_custom_page_level_css":"","site-sidebar-layout":"default","site-content-layout":"","ast-site-content-layout":"default","site-content-style":"default","site-sidebar-style":"default","ast-global-header-display":"","ast-banner-title-visibility":"","ast-main-header-display":"","ast-hfb-above-header-display":"","ast-hfb-below-header-display":"","ast-hfb-mobile-header-display":"","site-post-title":"","ast-breadcrumbs-content":"","ast-featured-img":"","footer-sml-layout":"","ast-disable-related-posts":"","theme-transparent-header-meta":"","adv-header-id-meta":"","stick-header-meta":"","header-above-stick-meta":"","header-main-stick-meta":"","header-below-stick-meta":"","astra-migrate-meta-layouts":"default","ast-page-background-enabled":"default","ast-page-background-meta":{"desktop":{"background-color":"var(--ast-global-color-5)","background-image":"","background-repeat":"repeat","background-position":"center center","background-size":"auto","background-attachment":"scroll","background-type":"","background-media":"","overlay-type":"","overlay-color":"","overlay-opacity":"","overlay-gradient":""},"tablet":{"background-color":"","background-image":"","background-repeat":"repeat","background-position":"center center","background-size":"auto","background-attachment":"scroll","background-type":"","background-media":"","overlay-type":"","overlay-color":"","overlay-opacity":"","overlay-gradient":""},"mobile":{"background-color":"","background-image":"","background-repeat":"repeat","background-position":"center center","background-size":"auto","background-attachment":"scroll","background-type":"","background-media":"","overlay-type":"","overlay-color":"","overlay-opacity":"","overlay-gradient":""}},"ast-content-background-meta":{"desktop":{"background-color":"var(--ast-global-color-4)","background-image":"","background-repeat":"repeat","background-position":"center center","background-size":"auto","background-attachment":"scroll","background-type":"","background-media":"","overlay-type":"","overlay-color":"","overlay-opacity":"","overlay-gradient":""},"tablet":{"background-color":"var(--ast-global-color-4)","background-image":"","background-repeat":"repeat","background-position":"center center","background-size":"auto","background-attachment":"scroll","background-type":"","background-media":"","overlay-type":"","overlay-color":"","overlay-opacity":"","overlay-gradient":""},"mobile":{"background-color":"var(--ast-global-color-4)","background-image":"","background-repeat":"repeat","background-position":"center center","background-size":"auto","background-attachment":"scroll","background-type":"","background-media":"","overlay-type":"","overlay-color":"","overlay-opacity":"","overlay-gradient":""}},"footnotes":""},"categories":[360,203],"tags":[190,340,486],"class_list":["post-56678","post","type-post","status-publish","format-standard","has-post-thumbnail","hentry","category-idees-cadeaux","category-noel","tag-cadeaux","tag-messages","tag-top"],"uagb_featured_image_src":{"full":["https:\/\/www.interflora.fr\/blog\/wp-content\/uploads\/2024\/12\/message-joyeuses-fetes.jpg",800,450,false],"thumbnail":["https:\/\/www.interflora.fr\/blog\/wp-content\/uploads\/2024\/12\/message-joyeuses-fetes-150x150.jpg",150,150,true],"medium":["https:\/\/www.interflora.fr\/blog\/wp-content\/uploads\/2024\/12\/message-joyeuses-fetes-300x169.jpg",300,169,true],"medium_large":["https:\/\/www.interflora.fr\/blog\/wp-content\/uploads\/2024\/12\/message-joyeuses-fetes-768x432.jpg",768,432,true],"large":["https:\/\/www.interflora.fr\/blog\/wp-content\/uploads\/2024\/12\/message-joyeuses-fetes.jpg",800,450,false],"1536x1536":["https:\/\/www.interflora.fr\/blog\/wp-content\/uploads\/2024\/12\/message-joyeuses-fetes.jpg",800,450,false],"2048x2048":["https:\/\/www.interflora.fr\/blog\/wp-content\/uploads\/2024\/12\/message-joyeuses-fetes.jpg",800,450,false]},"uagb_author_info":{"display_name":"Interflora","author_link":"https:\/\/www.interflora.fr\/blog\/author\/lisa\/"},"uagb_comment_info":1,"uagb_excerpt":"Un message de remerciement cadeau, c\u2019est ce petit geste qui prolonge la magie d\u2019un pr\u00e9sent. Dire merci, c\u2019est lui donner [&hellip;]","yoast_meta":{"title":"Nos plus beaux messages de remerciement pour un cadeau | Interflora","description":"D\u00e9couvrez nos id\u00e9es de message de remerciement pour dire merci apr\u00e8s un cadeau : textes sinc\u00e8res, \u00e9l\u00e9gants et inspirants, \u00e0 envoyer avec ou sans fleurs."},"_links":{"self":[{"href":"https:\/\/www.interflora.fr\/blog\/wp-json\/wp\/v2\/posts\/56678","targetHints":{"allow":["GET"]}}],"collection":[{"href":"https:\/\/www.interflora.fr\/blog\/wp-json\/wp\/v2\/posts"}],"about":[{"href":"https:\/\/www.interflora.fr\/blog\/wp-json\/wp\/v2\/types\/post"}],"author":[{"embeddable":true,"href":"https:\/\/www.interflora.fr\/blog\/wp-json\/wp\/v2\/users\/11"}],"replies":[{"embeddable":true,"href":"https:\/\/www.interflora.fr\/blog\/wp-json\/wp\/v2\/comments?post=56678"}],"version-history":[{"count":1,"href":"https:\/\/www.interflora.fr\/blog\/wp-json\/wp\/v2\/posts\/56678\/revisions"}],"predecessor-version":[{"id":56679,"href":"https:\/\/www.interflora.fr\/blog\/wp-json\/wp\/v2\/posts\/56678\/revisions\/56679"}],"wp:featuredmedia":[{"embeddable":true,"href":"https:\/\/www.interflora.fr\/blog\/wp-json\/wp\/v2\/media\/56346"}],"wp:attachment":[{"href":"https:\/\/www.interflora.fr\/blog\/wp-json\/wp\/v2\/media?parent=56678"}],"wp:term":[{"taxonomy":"category","embeddable":true,"href":"https:\/\/www.interflora.fr\/blog\/wp-json\/wp\/v2\/categories?post=56678"},{"taxonomy":"post_tag","embeddable":true,"href":"https:\/\/www.interflora.fr\/blog\/wp-json\/wp\/v2\/tags?post=56678"}],"curies":[{"name":"wp","href":"https:\/\/api.w.org\/{rel}","templated":true}]}}