{"id":55199,"date":"2025-11-15T15:17:04","date_gmt":"2025-11-15T14:17:04","guid":{"rendered":"https:\/\/www.interflora.fr\/blog\/?p=55199"},"modified":"2025-11-15T15:17:08","modified_gmt":"2025-11-15T14:17:08","slug":"entretien-amaryllis-floraison","status":"publish","type":"post","link":"https:\/\/www.interflora.fr\/blog\/entretien-amaryllis-floraison\/","title":{"rendered":"L\u2019entretien de l\u2019amaryllis pour une floraison spectaculaire"},"content":{"rendered":"\n<p>Incontournable plante printani\u00e8re et hivernale, les <strong>amaryllis <\/strong>offrent une <strong>floraison <\/strong>spectaculaire. Ses grandes fleurs aux couleurs \u00e9clatantes, allant du blanc au rouge en passant par les tons orang\u00e9s, et m\u00eame bicolores, illuminent toutes pi\u00e8ces o\u00f9 elles se trouvent. Mais, pour une <strong>floraison d\u2019amaryllis<\/strong> dans toute sa splendeur, encore faut-il savoir en prendre soin.&nbsp; D\u00e9couvrez l\u2019<strong>amaryllis<\/strong>, sa <strong>p\u00e9riode de floraison<\/strong>, les <strong>gestes d\u2019entretien<\/strong> \u00e0 adopter et tous nos conseils pour la voir refleurir ann\u00e9e apr\u00e8s ann\u00e9e.<\/p>\n\n\n\n<h2 class=\"wp-block-heading\">Quand fleurissent les amaryllis&nbsp;?<\/h2>\n\n\n\n<div class=\"wp-block-columns is-layout-flex wp-container-core-columns-is-layout-28f84493 wp-block-columns-is-layout-flex\">\n<div class=\"wp-block-column is-layout-flow wp-block-column-is-layout-flow\" style=\"flex-basis:66.66%\">\n<p>La p\u00e9riode de floraison naturelle des <a href=\"https:\/\/www.interflora.fr\/blog\/amaryllis\/\">amaryllis<\/a> se situe <strong>au printemps<\/strong>. Cependant, il est courant de forcer la plante \u00e0 fleurir en hiver.<\/p>\n\n\n\n<p>Les bulbes d\u2019amaryllis peuvent se planter d\u00e8s l\u2019automne, aux alentours d\u2019octobre, et jusqu\u2019au c\u0153ur de l\u2019hiver (janvier-f\u00e9vrier). C\u2019est apr\u00e8s 8 \u00e0 10 semaines de patience et de bons soins que la floraison des amaryllis arrivera. Pensez donc \u00e0 planter vos amaryllis d\u00e9but octobre pour les voir <strong>fleurir \u00e0 No\u00ebl<\/strong>. Pour une <strong>floraison printani\u00e8re<\/strong>, attendez f\u00e9vrier pour mettre vos bulbes en terre.<\/p>\n<\/div>\n\n\n\n<div class=\"wp-block-column is-vertically-aligned-center is-layout-flow wp-block-column-is-layout-flow\" style=\"flex-basis:33.33%\">\n<figure class=\"wp-block-image size-full\"><img loading=\"lazy\" decoding=\"async\" width=\"600\" height=\"600\" src=\"https:\/\/www.interflora.fr\/blog\/wp-content\/uploads\/2025\/11\/floraison-amaryllis.jpg\" alt=\"Amaryllis en fleur\" class=\"wp-image-55201\" srcset=\"https:\/\/www.interflora.fr\/blog\/wp-content\/uploads\/2025\/11\/floraison-amaryllis.jpg 600w, https:\/\/www.interflora.fr\/blog\/wp-content\/uploads\/2025\/11\/floraison-amaryllis-300x300.jpg 300w, https:\/\/www.interflora.fr\/blog\/wp-content\/uploads\/2025\/11\/floraison-amaryllis-150x150.jpg 150w\" sizes=\"auto, (max-width: 600px) 100vw, 600px\" \/><\/figure>\n<\/div>\n<\/div>\n\n\n\n<p>Une chose importante \u00e0 savoir&nbsp;: <strong>l\u2019amaryllis est une plante qui se cultive en pot<\/strong> et principalement en int\u00e9rieur. Sensible \u00e0 la temp\u00e9rature et n\u2019appr\u00e9ciant gu\u00e8re les gel\u00e9es, gardez-la dans une pi\u00e8ce lumineuse temp\u00e9r\u00e9e (autour de 20&nbsp;\u00b0C) durant l\u2019hiver. Vous pourrez la sortir sur la terrasse ou dans le jardin d\u00e8s que les temp\u00e9ratures d\u00e9passent 7-10&nbsp;\u00b0C.<\/p>\n\n\n\n<h2 class=\"wp-block-heading\">Quel entretien pour une belle floraison d\u2019amaryllis&nbsp;?<\/h2>\n\n\n\n<p>L\u2019entretien des amaryllis est plus simple qu\u2019il n\u2019y para\u00eet, mais demande de la r\u00e9gularit\u00e9. Voici les <strong>points essentiels pour une belle floraison<\/strong>&nbsp;:<\/p>\n\n\n\n<ul class=\"wp-block-list\">\n<li><strong>Plantation en pot<\/strong>&nbsp;: plantez vos bulbes dans un pot ayant des trous de drainage et rempli de terreau pour plantes d\u2019int\u00e9rieur. La partie sup\u00e9rieure du bulbe doit rester \u00e0 l\u2019air libre.<\/li>\n\n\n\n<li><strong>Lumi\u00e8re et emplacement<\/strong>&nbsp;: installez la plante pr\u00e8s d\u2019une fen\u00eatre lumineuse, sans soleil direct.<\/li>\n\n\n\n<li><strong>Arrosage<\/strong>&nbsp;: arrosez avec mod\u00e9ration. La terre doit rester l\u00e9g\u00e8rement humide, jamais d\u00e9tremp\u00e9e. R\u00e9duisez drastiquement les arrosages une fois les fleurs fan\u00e9es.<\/li>\n\n\n\n<li><strong>Engrais<\/strong>&nbsp;: d\u00e8s l\u2019apparition des tiges et jusqu\u2019\u00e0 la fanaison, apportez un engrais liquide pour plantes fleuries tous les 15 jours.<\/li>\n<\/ul>\n\n\n\n<h2 class=\"wp-block-heading\">Comment garder une amaryllis apr\u00e8s floraison\u200b&nbsp;?<\/h2>\n\n\n\n<p>Une fois la floraison de votre amaryllis termin\u00e9e, votre plante a encore de belles ann\u00e9es devant elle. Offrez-lui quelques bons soins et elle vous offrira de nouvelles floraisons.<\/p>\n\n\n\n<p><strong>Comment conserver une amaryllis&nbsp;?<\/strong> Voici les \u00e9tapes d\u2019entretien apr\u00e8s floraison&nbsp;:<\/p>\n\n\n\n<div class=\"wp-block-columns is-layout-flex wp-container-core-columns-is-layout-28f84493 wp-block-columns-is-layout-flex\">\n<div class=\"wp-block-column is-vertically-aligned-center is-layout-flow wp-block-column-is-layout-flow\" style=\"flex-basis:33.33%\">\n<figure class=\"wp-block-image size-full\"><img loading=\"lazy\" decoding=\"async\" width=\"399\" height=\"600\" src=\"https:\/\/www.interflora.fr\/blog\/wp-content\/uploads\/2025\/11\/quand-fleurissent-amaryllis.jpeg\" alt=\"Fleur d'amaryllis\" class=\"wp-image-55195\" srcset=\"https:\/\/www.interflora.fr\/blog\/wp-content\/uploads\/2025\/11\/quand-fleurissent-amaryllis.jpeg 399w, https:\/\/www.interflora.fr\/blog\/wp-content\/uploads\/2025\/11\/quand-fleurissent-amaryllis-200x300.jpeg 200w\" sizes=\"auto, (max-width: 399px) 100vw, 399px\" \/><\/figure>\n<\/div>\n\n\n\n<div class=\"wp-block-column is-layout-flow wp-block-column-is-layout-flow\" style=\"flex-basis:66.66%\">\n<ul class=\"wp-block-list\">\n<li><strong>Coupez la tige florale<\/strong> une fois qu\u2019elle a jauni \u00e0 1-2&nbsp;cm au-dessus du bulbe. Ainsi, elle ne d\u00e9pensera pas son \u00e9nergie pour produire des graines. Attention&nbsp;! Il ne faut pas couper les feuilles&nbsp;!<\/li>\n<\/ul>\n\n\n\n<ul class=\"wp-block-list\">\n<li><strong>Arrosez la plante mod\u00e9r\u00e9ment<\/strong>, mais r\u00e9guli\u00e8rement. Ajoutez un <strong>engrais \u00e9quilibr\u00e9<\/strong> une \u00e0 deux fois par mois pour pr\u00e9parer une belle floraison l\u2019ann\u00e9e suivante.<\/li>\n\n\n\n<li>Placez l\u2019amaryllis dans un <strong>endroit tr\u00e8s ensoleill\u00e9<\/strong>&nbsp;: cela d\u00e9veloppera son feuillage, qui, gr\u00e2ce \u00e0 la photosynth\u00e8se, emmagasine de l\u2019\u00e9nergie.<\/li>\n\n\n\n<li><strong>Coupez les feuilles<\/strong> une fois qu\u2019elles ont jauni et <strong>stoppez l\u2019arrosage<\/strong>&nbsp;: votre amaryllis entre en dormance pour 2-3 mois.<\/li>\n\n\n\n<li>Placez votre pot dans un <strong>endroit frais, sec et sombre<\/strong> pendant 8 \u00e0 10 semaines. Vous avez aussi la possibilit\u00e9 de sortir le bulbe de terre&nbsp;: s\u00e9chez-le, nettoyez-le d\u00e9licatement et conservez-le dans un sac en papier dans un endroit frais et sec (10-15&nbsp;\u00b0C).<\/li>\n<\/ul>\n<\/div>\n<\/div>\n\n\n\n<p>Cette p\u00e9riode de repos est essentielle&nbsp;: c\u2019est le secret pour <a href=\"https:\/\/www.interflora.fr\/blog\/faire-refleurir-amaryllis\/\">faire refleurir les amaryllis<\/a>. Vous pourrez reprendre les arrosages lorsqu\u2019une nouvelle pousse appara\u00eet.<\/p>\n\n\n\n<h2 class=\"wp-block-heading\">Est-ce qu\u2019une amaryllis peut fleurir plusieurs fois&nbsp;?<\/h2>\n\n\n\n<p>Pour le plus grand bonheur des amoureux des amaryllis, oui. Un bulbe d\u2019amaryllis peut fleurir plusieurs fois au cours de sa vie, \u00e0 condition d\u2019\u00eatre bien entretenu. Apr\u00e8s sa premi\u00e8re floraison, il entre dans une phase de repos qui lui permet de faire le plein d\u2019\u00e9nergie pour s\u2019\u00e9panouir \u00e0 nouveau l\u2019ann\u00e9e suivante.<\/p>\n\n\n\n<h2 class=\"wp-block-heading\">Comment forcer la floraison d&rsquo;un bulbe d&rsquo;amaryllis&nbsp;?<\/h2>\n\n\n\n<div class=\"wp-block-columns is-layout-flex wp-container-core-columns-is-layout-28f84493 wp-block-columns-is-layout-flex\">\n<div class=\"wp-block-column is-layout-flow wp-block-column-is-layout-flow\">\n<p>Il est possible de <strong>forcer le d\u00e9veloppement d\u2019un bulbe d\u2019amaryllis<\/strong> pour une floraison anticip\u00e9e, \u00e0 No\u00ebl, par exemple, ou d\u2019<strong>avoir une deuxi\u00e8me floraison<\/strong> quelques mois apr\u00e8s la premi\u00e8re. Mais, cela demande une bonne ma\u00eetrise du cycle de la plante&nbsp;:<\/p>\n\n\n\n<ul class=\"wp-block-list\">\n<li><strong>Phase de repos<\/strong>&nbsp;: apr\u00e8s la floraison, laissez le feuillage jaunir, puis coupez-le. Placez ensuite le bulbe dans un endroit frais (10-15&nbsp;\u00b0C), sec et sombre pendant au moins 8 semaines.<\/li>\n\n\n\n<li><strong>R\u00e9veil progressif<\/strong>&nbsp;: rempotez le bulbe dans un substrat frais et l\u00e9g\u00e8rement humide, sans trop l\u2019enfoncer (le tiers sup\u00e9rieur doit rester visible).<\/li>\n\n\n\n<li><strong>Chaleur et lumi\u00e8re<\/strong>&nbsp;: replacez le pot dans une pi\u00e8ce lumineuse et temp\u00e9r\u00e9e. Deux \u00e0 trois semaines plus tard, une nouvelle tige florale devrait appara\u00eetre.<\/li>\n<\/ul>\n<\/div>\n\n\n\n<div class=\"wp-block-column is-vertically-aligned-center is-layout-flow wp-block-column-is-layout-flow\">\n<figure class=\"wp-block-image size-full\"><img loading=\"lazy\" decoding=\"async\" width=\"600\" height=\"600\" src=\"https:\/\/www.interflora.fr\/blog\/wp-content\/uploads\/2025\/11\/comment-forcer-floraison-bulbe-amaryllis.jpg\" alt=\"Amaryllis en pot sur une table de No\u00ebl\" class=\"wp-image-55196\" srcset=\"https:\/\/www.interflora.fr\/blog\/wp-content\/uploads\/2025\/11\/comment-forcer-floraison-bulbe-amaryllis.jpg 600w, https:\/\/www.interflora.fr\/blog\/wp-content\/uploads\/2025\/11\/comment-forcer-floraison-bulbe-amaryllis-300x300.jpg 300w, https:\/\/www.interflora.fr\/blog\/wp-content\/uploads\/2025\/11\/comment-forcer-floraison-bulbe-amaryllis-150x150.jpg 150w\" sizes=\"auto, (max-width: 600px) 100vw, 600px\" \/><\/figure>\n<\/div>\n<\/div>\n\n\n\n<div style=\"height:44px\" aria-hidden=\"true\" class=\"wp-block-spacer\"><\/div>\n\n\n\n<h2 class=\"wp-block-heading\">Pourquoi mon amaryllis ne fleurit pas\u200b&nbsp;?<\/h2>\n\n\n\n<p>Aucune tige florale ne pointe le bout de son nez&nbsp;? Votre amaryllis ne produit que des feuilles&nbsp;? Plusieurs raisons peuvent expliquer ce caprice&nbsp;:<\/p>\n\n\n\n<ol class=\"wp-block-list\">\n<li><strong>Manque de lumi\u00e8re<\/strong>&nbsp;: c\u2019est la cause la plus courante. Sans lumi\u00e8re suffisante, le bulbe ne produit pas les r\u00e9serves n\u00e9cessaires \u00e0 la floraison.<\/li>\n\n\n\n<li><strong>Pas de repos hivernal<\/strong>&nbsp;: la phase de dormance est indispensable pour stimuler la prochaine floraison.<\/li>\n\n\n\n<li><strong>Engrais inadapt\u00e9<\/strong>&nbsp;: un exc\u00e8s d\u2019azote favorise les feuilles au d\u00e9triment des fleurs.<\/li>\n\n\n\n<li><strong>Arrosage excessif<\/strong>&nbsp;: un sol trop humide provoque la pourriture du bulbe. Dans ce cas, il vous faudra replanter un nouveau bulbe.<\/li>\n<\/ol>\n\n\n\n<p>Offrez-lui un cycle complet de repos et de reprise et votre amaryllis refleurira avec d\u2019autant plus de vigueur.<\/p>\n\n\n\n<p>Magnifiques en pot, les amaryllis font \u00e9galement des fleurs majestueuses en vase, <a href=\"https:\/\/www.interflora.fr\/c\/fleurs-amaryllis\">d\u00e9couvrez nos bouquets d\u2019amaryllis<\/a>&nbsp;: des cr\u00e9ations \u00e9l\u00e9gantes qui illumineront votre int\u00e9rieur.<\/p>\n\n\n\n<figure class=\"wp-block-image aligncenter size-full\"><img loading=\"lazy\" decoding=\"async\" width=\"800\" height=\"448\" src=\"https:\/\/www.interflora.fr\/blog\/wp-content\/uploads\/2025\/11\/amaryllis-floraison-periode.png\" alt=\"Bouquet d'amaryllis\" class=\"wp-image-55197\" srcset=\"https:\/\/www.interflora.fr\/blog\/wp-content\/uploads\/2025\/11\/amaryllis-floraison-periode.png 800w, https:\/\/www.interflora.fr\/blog\/wp-content\/uploads\/2025\/11\/amaryllis-floraison-periode-300x168.png 300w, https:\/\/www.interflora.fr\/blog\/wp-content\/uploads\/2025\/11\/amaryllis-floraison-periode-768x430.png 768w\" sizes=\"auto, (max-width: 800px) 100vw, 800px\" \/><\/figure>\n\n\n\n<p><\/p>\n","protected":false},"excerpt":{"rendered":"<p>Incontournable plante printani\u00e8re et hivernale, les amaryllis offrent une floraison spectaculaire. Ses grandes fleurs aux couleurs \u00e9clatantes, allant du blanc [&hellip;]<\/p>\n","protected":false},"author":9,"featured_media":55198,"comment_status":"open","ping_status":"open","sticky":false,"template":"","format":"standard","meta":{"_uag_custom_page_level_css":"","site-sidebar-layout":"default","site-content-layout":"","ast-site-content-layout":"default","site-content-style":"default","site-sidebar-style":"default","ast-global-header-display":"","ast-banner-title-visibility":"","ast-main-header-display":"","ast-hfb-above-header-display":"","ast-hfb-below-header-display":"","ast-hfb-mobile-header-display":"","site-post-title":"","ast-breadcrumbs-content":"","ast-featured-img":"","footer-sml-layout":"","ast-disable-related-posts":"","theme-transparent-header-meta":"","adv-header-id-meta":"","stick-header-meta":"","header-above-stick-meta":"","header-main-stick-meta":"","header-below-stick-meta":"","astra-migrate-meta-layouts":"default","ast-page-background-enabled":"default","ast-page-background-meta":{"desktop":{"background-color":"var(--ast-global-color-5)","background-image":"","background-repeat":"repeat","background-position":"center center","background-size":"auto","background-attachment":"scroll","background-type":"","background-media":"","overlay-type":"","overlay-color":"","overlay-opacity":"","overlay-gradient":""},"tablet":{"background-color":"","background-image":"","background-repeat":"repeat","background-position":"center center","background-size":"auto","background-attachment":"scroll","background-type":"","background-media":"","overlay-type":"","overlay-color":"","overlay-opacity":"","overlay-gradient":""},"mobile":{"background-color":"","background-image":"","background-repeat":"repeat","background-position":"center center","background-size":"auto","background-attachment":"scroll","background-type":"","background-media":"","overlay-type":"","overlay-color":"","overlay-opacity":"","overlay-gradient":""}},"ast-content-background-meta":{"desktop":{"background-color":"var(--ast-global-color-4)","background-image":"","background-repeat":"repeat","background-position":"center center","background-size":"auto","background-attachment":"scroll","background-type":"","background-media":"","overlay-type":"","overlay-color":"","overlay-opacity":"","overlay-gradient":""},"tablet":{"background-color":"var(--ast-global-color-4)","background-image":"","background-repeat":"repeat","background-position":"center center","background-size":"auto","background-attachment":"scroll","background-type":"","background-media":"","overlay-type":"","overlay-color":"","overlay-opacity":"","overlay-gradient":""},"mobile":{"background-color":"var(--ast-global-color-4)","background-image":"","background-repeat":"repeat","background-position":"center center","background-size":"auto","background-attachment":"scroll","background-type":"","background-media":"","overlay-type":"","overlay-color":"","overlay-opacity":"","overlay-gradient":""}},"footnotes":""},"categories":[183,182],"tags":[314],"class_list":["post-55199","post","type-post","status-publish","format-standard","has-post-thumbnail","hentry","category-fleurs","category-fleurs-bulbes","tag-amaryllis"],"uagb_featured_image_src":{"full":["https:\/\/www.interflora.fr\/blog\/wp-content\/uploads\/2025\/11\/amaryllis-floraison.jpeg",1200,857,false],"thumbnail":["https:\/\/www.interflora.fr\/blog\/wp-content\/uploads\/2025\/11\/amaryllis-floraison-150x150.jpeg",150,150,true],"medium":["https:\/\/www.interflora.fr\/blog\/wp-content\/uploads\/2025\/11\/amaryllis-floraison-300x214.jpeg",300,214,true],"medium_large":["https:\/\/www.interflora.fr\/blog\/wp-content\/uploads\/2025\/11\/amaryllis-floraison-768x548.jpeg",768,548,true],"large":["https:\/\/www.interflora.fr\/blog\/wp-content\/uploads\/2025\/11\/amaryllis-floraison-1024x731.jpeg",1024,731,true],"1536x1536":["https:\/\/www.interflora.fr\/blog\/wp-content\/uploads\/2025\/11\/amaryllis-floraison.jpeg",1200,857,false],"2048x2048":["https:\/\/www.interflora.fr\/blog\/wp-content\/uploads\/2025\/11\/amaryllis-floraison.jpeg",1200,857,false]},"uagb_author_info":{"display_name":"Flora","author_link":"https:\/\/www.interflora.fr\/blog\/author\/fleurdeprovence\/"},"uagb_comment_info":0,"uagb_excerpt":"Incontournable plante printani\u00e8re et hivernale, les amaryllis offrent une floraison spectaculaire. Ses grandes fleurs aux couleurs \u00e9clatantes, allant du blanc [&hellip;]","yoast_meta":{"title":"Floraison Amaryllis : quel entretien pour de belles Amaryllis ?","description":"Offrez les meilleurs soins \u00e0 votre amaryllis pour une floraison exceptionnelle avec nos conseils : entretien apr\u00e8s floraison, forcer le bulbe \u00e0 fleurir..."},"_links":{"self":[{"href":"https:\/\/www.interflora.fr\/blog\/wp-json\/wp\/v2\/posts\/55199","targetHints":{"allow":["GET"]}}],"collection":[{"href":"https:\/\/www.interflora.fr\/blog\/wp-json\/wp\/v2\/posts"}],"about":[{"href":"https:\/\/www.interflora.fr\/blog\/wp-json\/wp\/v2\/types\/post"}],"author":[{"embeddable":true,"href":"https:\/\/www.interflora.fr\/blog\/wp-json\/wp\/v2\/users\/9"}],"replies":[{"embeddable":true,"href":"https:\/\/www.interflora.fr\/blog\/wp-json\/wp\/v2\/comments?post=55199"}],"version-history":[{"count":2,"href":"https:\/\/www.interflora.fr\/blog\/wp-json\/wp\/v2\/posts\/55199\/revisions"}],"predecessor-version":[{"id":55203,"href":"https:\/\/www.interflora.fr\/blog\/wp-json\/wp\/v2\/posts\/55199\/revisions\/55203"}],"wp:featuredmedia":[{"embeddable":true,"href":"https:\/\/www.interflora.fr\/blog\/wp-json\/wp\/v2\/media\/55198"}],"wp:attachment":[{"href":"https:\/\/www.interflora.fr\/blog\/wp-json\/wp\/v2\/media?parent=55199"}],"wp:term":[{"taxonomy":"category","embeddable":true,"href":"https:\/\/www.interflora.fr\/blog\/wp-json\/wp\/v2\/categories?post=55199"},{"taxonomy":"post_tag","embeddable":true,"href":"https:\/\/www.interflora.fr\/blog\/wp-json\/wp\/v2\/tags?post=55199"}],"curies":[{"name":"wp","href":"https:\/\/api.w.org\/{rel}","templated":true}]}}