{"id":54784,"date":"2025-11-01T11:03:52","date_gmt":"2025-11-01T10:03:52","guid":{"rendered":"https:\/\/www.interflora.fr\/blog\/?p=54784"},"modified":"2025-11-18T17:19:01","modified_gmt":"2025-11-18T16:19:01","slug":"couronne-automne-diy","status":"publish","type":"post","link":"https:\/\/www.interflora.fr\/blog\/couronne-automne-diy\/","title":{"rendered":"Couronne d\u2019automne : id\u00e9es DIY pour d\u00e9corer votre porte avec des mat\u00e9riaux automnaux"},"content":{"rendered":"\n<p>Quand les feuilles se parent d\u2019orange et d\u2019or, la nature nous invite \u00e0 ralentir et \u00e0 c\u00e9l\u00e9brer sa beaut\u00e9. C\u2019est le moment parfait pour <strong>r\u00e9aliser une couronne d\u2019automne DIY<\/strong> \u00e0 suspendre \u00e0 sa porte d\u2019entr\u00e9e. Avec quelques mat\u00e9riaux naturels et un peu d\u2019imagination, votre maison s\u2019habillera des plus belles teintes de la saison. Si vous ne savez pas comment faire une <strong>couronne d\u2019automne<\/strong>, nous vous expliquons tout \u00e9tape par \u00e9tape. En prime, quelques <strong>id\u00e9es de couronnes \u00e0 reproduire<\/strong>.<\/p>\n\n\n\n<h2 class=\"wp-block-heading\">Pourquoi une couronne d\u2019automne DIY&nbsp;?<\/h2>\n\n\n\n<p>Au-del\u00e0 de sa valeur esth\u00e9tique, la couronne d\u2019automne porte une <strong>symbolique forte<\/strong>&nbsp;: le renouveau et le cycle des saisons \u00e0 l\u2019image du cycle de la vie. Fabriquer une couronne d\u2019automne\u200b, c\u2019est <strong>mettre la nature \u00e0 l\u2019honneur<\/strong>&nbsp;!<\/p>\n\n\n\n<p>De plus, c\u2019est une <strong>activit\u00e9 cr\u00e9ative et relaxante<\/strong>, id\u00e9ale \u00e0 partager en famille. Les enfants adorent confectionner des couronnes d\u2019automne avec les tr\u00e9sors ramass\u00e9s en for\u00eat ou dans le jardin. On cueille, on trie, on assemble, on rit\u2026 et on contemple fi\u00e8rement le r\u00e9sultat&nbsp;!<\/p>\n\n\n\n<p>Pour ne rien g\u00e2cher, cette d\u00e9marche est aussi <strong>\u00e9coresponsable<\/strong>&nbsp;: tout ou presque vient de la nature environnante. Pas besoin d\u2019acheter de fausses couronnes quand la nature d\u00e9pose \u00e0 nos pieds les \u00e9l\u00e9ments n\u00e9cessaires pour une couronne d\u2019automne naturelle digne de ce nom.<\/p>\n\n\n\n<h2 class=\"wp-block-heading\">Comment faire une couronne pour l\u2019automne&nbsp;?<\/h2>\n\n\n\n<h3 class=\"wp-block-heading\">Mat\u00e9riel n\u00e9cessaire<\/h3>\n\n\n\n<p>Avant de<strong> commencer votre DIY couronne d\u2019automne<\/strong>, pr\u00e9parez votre mat\u00e9riel&nbsp;:<\/p>\n\n\n\n<ul class=\"wp-block-list\">\n<li>Une base de couronne (en paille, osier, fil de fer ou mousse florale).<\/li>\n\n\n\n<li>Des feuilles d\u2019automne s\u00e9ch\u00e9es&nbsp;: \u00e9rable, ch\u00eane, platane\u2026<\/li>\n\n\n\n<li>Des \u00e9l\u00e9ments naturels&nbsp;: glands, pommes de pin, \u00e9pis de bl\u00e9, baies rouges, mini-courges.<\/li>\n\n\n\n<li>Quelques <a href=\"https:\/\/www.interflora.fr\/c\/fleurs-saison\">fleurs de saison<\/a> s\u00e9ch\u00e9es pour la touche color\u00e9e.<\/li>\n\n\n\n<li>Du fil de fer fin, de la colle chaude, et un ruban pour suspendre la couronne sur votre porte d\u2019entr\u00e9e.<\/li>\n<\/ul>\n\n\n\n<p>Astuce&nbsp;: privil\u00e9giez les fleurs et plantes automnales r\u00e9sistantes, comme les chrysanth\u00e8mes, les immortelles ou l\u2019eucalyptus. Elles conservent longtemps leurs nuances dor\u00e9es et leurs formes intactes.<\/p>\n\n\n\n<figure class=\"wp-block-image aligncenter size-full\"><img loading=\"lazy\" decoding=\"async\" width=\"800\" height=\"533\" src=\"https:\/\/www.interflora.fr\/blog\/wp-content\/uploads\/2025\/10\/faire-couronne-automne.jpeg\" alt=\"Couronne d'automne dans les tons orange accroch\u00e9e \u00e0 une porte\" class=\"wp-image-54266\" srcset=\"https:\/\/www.interflora.fr\/blog\/wp-content\/uploads\/2025\/10\/faire-couronne-automne.jpeg 800w, https:\/\/www.interflora.fr\/blog\/wp-content\/uploads\/2025\/10\/faire-couronne-automne-300x200.jpeg 300w, https:\/\/www.interflora.fr\/blog\/wp-content\/uploads\/2025\/10\/faire-couronne-automne-768x512.jpeg 768w\" sizes=\"auto, (max-width: 800px) 100vw, 800px\" \/><\/figure>\n\n\n\n<h3 class=\"wp-block-heading\">DIY pas \u00e0 pas<\/h3>\n\n\n\n<p>Voici les quelques <strong>\u00e9tapes essentielles pour r\u00e9aliser une belle couronne d\u2019automne soi-m\u00eame<\/strong>&nbsp;:<\/p>\n\n\n\n<ol class=\"wp-block-list\">\n<li>Choisissez le support qui servira de squelette \u00e0 votre couronne&nbsp;: une structure en paille pour un rendu rustique, en osier pour un aspect naturel, ou en fil de fer si vous pr\u00e9f\u00e9rez un style \u00e9pur\u00e9.<\/li>\n\n\n\n<li>Enroulez \u00e9ventuellement du ruban, de la toile de jute ou du raphia autour de la base pour la recouvrir et lui donner un fond harmonieux.<\/li>\n\n\n\n<li>Fixez une ficelle ou un crochet pour pouvoir suspendre votre cr\u00e9ation une fois termin\u00e9e.<\/li>\n\n\n\n<li>Coupez les fleurs et feuilles pour que leur taille s\u2019adapte au support (environ 5&nbsp;cm).<\/li>\n\n\n\n<li>Accrochez le fil de fer au support en l\u2019enroulant sur quelques tours.<\/li>\n\n\n\n<li>D\u00e9posez les \u00e9l\u00e9ments de d\u00e9coration sur la base et attachez-les en enroulant le fil de fer autour d\u2019eux.<\/li>\n\n\n\n<li>Faites autant de tours que vous voulez pour obtenir une couronne g\u00e9n\u00e9reuse.<\/li>\n<\/ol>\n\n\n\n<p>Conseil esth\u00e9tique&nbsp;: pour une couronne automnale r\u00e9ussie, disposez les \u00e9l\u00e9ments les plus longs au premier tour, puis ceux de taille moyenne, et enfin les plus petits en dernier.<\/p>\n\n\n\n<h2 class=\"wp-block-heading\">Quel est le meilleur feuillage pour une couronne automnale&nbsp;?<\/h2>\n\n\n\n<p>Pour r\u00e9ussir votre couronne de feuilles d&rsquo;automne, choisissez des vari\u00e9t\u00e9s robustes. Les couleurs sont aussi tr\u00e8s importantes, misez sur les tons chauds repr\u00e9sentatifs de l\u2019arri\u00e8re-saison (orange, brun) et les teintes vertes si vous voulez apporter du contraste.<\/p>\n\n\n\n<p>Parmi les incontournables :<\/p>\n\n\n\n<ul class=\"wp-block-list\">\n<li><strong>\u00c9rable&nbsp;<\/strong>: ses feuilles dentel\u00e9es prennent des teintes rouges spectaculaires.<\/li>\n\n\n\n<li><strong>Ch\u00eane&nbsp;<\/strong>: parfait pour la tenue dans le temps.<\/li>\n\n\n\n<li><strong>Eucalyptus&nbsp;<\/strong>: son feuillage gris-vert apporte douceur et fra\u00eecheur.<\/li>\n\n\n\n<li><strong>H\u00eatre&nbsp;<\/strong>: ses nuances dor\u00e9es captent merveilleusement la lumi\u00e8re.<\/li>\n<\/ul>\n\n\n\n<figure class=\"wp-block-image aligncenter size-full\"><img loading=\"lazy\" decoding=\"async\" width=\"800\" height=\"533\" src=\"https:\/\/www.interflora.fr\/blog\/wp-content\/uploads\/2025\/10\/couronne-feuille-automne.jpeg\" alt=\"Couronne de feuilles \u00e0 faire pour l'automne\" class=\"wp-image-54264\" srcset=\"https:\/\/www.interflora.fr\/blog\/wp-content\/uploads\/2025\/10\/couronne-feuille-automne.jpeg 800w, https:\/\/www.interflora.fr\/blog\/wp-content\/uploads\/2025\/10\/couronne-feuille-automne-300x200.jpeg 300w, https:\/\/www.interflora.fr\/blog\/wp-content\/uploads\/2025\/10\/couronne-feuille-automne-768x512.jpeg 768w\" sizes=\"auto, (max-width: 800px) 100vw, 800px\" \/><\/figure>\n\n\n\n<h2 class=\"wp-block-heading\">Couronne d\u2019automne \u00e0 faire soi-m\u00eame&nbsp;: 4 id\u00e9es \u00e0 reproduire<\/h2>\n\n\n\n<h3 class=\"wp-block-heading\">1 &#8211; La couronne de feuilles orang\u00e9es<\/h3>\n\n\n\n<p>Rien de plus simple, naturel et rapide \u00e0 fabriquer&nbsp;!<\/p>\n\n\n\n<p>Ramassez des feuilles d\u2019\u00e9rable ou de platane aux teintes cuivr\u00e9es. Superposez-les sur une base en osier et fixez-les avec du fil de fer. Ajoutez-y quelques plantes s\u00e9ch\u00e9es (lagurus, bl\u00e9) et des feuilles vertes de-ci de-l\u00e0 pour donner du relief \u00e0 la couronne.<\/p>\n\n\n\n<p>\u00c0 l\u2019occasion d\u2019Halloween, rien ne vous emp\u00eache d\u2019y glisser des mini citrouilles et des d\u00e9corations effrayantes&nbsp;!<\/p>\n\n\n\n<h3 class=\"wp-block-heading\">2 &#8211; La couronne de fleurs d\u2019automne\u200b<\/h3>\n\n\n\n<p>Combinez des fleurs de saison, comme les dahlias, les chrysanth\u00e8mes et les immortelles avec quelques branches d\u2019eucalyptus. R\u00e9sultat&nbsp;: une couronne de <a href=\"https:\/\/www.interflora.fr\/blog\/fleurs-automne-deco-cosy\/\">fleurs d\u2019automne<\/a> \u00e9l\u00e9gante et parfum\u00e9e, parfaite pour \u00e9gayer une entr\u00e9e ou une table.<\/p>\n\n\n\n<h3 class=\"wp-block-heading\">3 &#8211; La couronne d\u2019hortensias bleus<\/h3>\n\n\n\n<p>Envie de sortir des sentiers battus&nbsp;? Osez une couronne d\u2019automne dans des nuances de bleu et de vert&nbsp;! Disposez des fleurs d\u2019hortensia bleues, m\u00eal\u00e9es \u00e0 quelques brins de bruy\u00e8re, de chardon et de feuilles d\u2019eucalyptus. Ce m\u00e9lange apporte une touche de fra\u00eecheur et d\u2019\u00e9l\u00e9gance \u00e0 votre d\u00e9coration, tout en contrastant joliment avec les teintes orang\u00e9es de la saison.<\/p>\n\n\n\n<h3 class=\"wp-block-heading\">4 &#8211; La couronne nature chic<\/h3>\n\n\n\n<p>Misez sur des \u00e9l\u00e9ments bruts&nbsp;: branches, mousse, pommes de pin, baies et plumes. Un soup\u00e7on de dor\u00e9 ou de cuivre \u2014 apport\u00e9 par un ruban, des d\u00e9corations ou quelques feuilles peintes \u2014 sublimera l\u2019ensemble. Cette couronne automnale s\u2019accorde \u00e0 merveille avec une d\u00e9co boh\u00e8me ou minimaliste.<\/p>\n\n\n\n<h2 class=\"wp-block-heading\">Variante&nbsp;: confectionner une guirlande d\u2019automne<\/h2>\n\n\n\n<p>Si vous n\u2019avez pas envie d\u2019accrocher une couronne d\u2019automne \u00e0 votre porte, optez pour une <strong>guirlande d\u2019automne<\/strong> en guise de d\u00e9coration&nbsp;!<\/p>\n\n\n\n<p>Enfilez sur une ficelle des feuilles s\u00e9ch\u00e9es, quelques pommes de pin et de petites fleurs s\u00e9ch\u00e9es. Suspendez-la le long d\u2019une \u00e9tag\u00e8re, d\u2019une rambarde ou d\u2019une chemin\u00e9e. Une guirlande de feuilles d&rsquo;automne cr\u00e9e une atmosph\u00e8re douce et po\u00e9tique, typique de la magie de l\u2019arri\u00e8re-saison.<\/p>\n\n\n\n<p><\/p>\n","protected":false},"excerpt":{"rendered":"<p>Quand les feuilles se parent d\u2019orange et d\u2019or, la nature nous invite \u00e0 ralentir et \u00e0 c\u00e9l\u00e9brer sa beaut\u00e9. C\u2019est [&hellip;]<\/p>\n","protected":false},"author":9,"featured_media":54265,"comment_status":"open","ping_status":"open","sticky":false,"template":"","format":"standard","meta":{"_uag_custom_page_level_css":"","site-sidebar-layout":"default","site-content-layout":"","ast-site-content-layout":"default","site-content-style":"default","site-sidebar-style":"default","ast-global-header-display":"","ast-banner-title-visibility":"","ast-main-header-display":"","ast-hfb-above-header-display":"","ast-hfb-below-header-display":"","ast-hfb-mobile-header-display":"","site-post-title":"","ast-breadcrumbs-content":"","ast-featured-img":"","footer-sml-layout":"","ast-disable-related-posts":"","theme-transparent-header-meta":"","adv-header-id-meta":"","stick-header-meta":"","header-above-stick-meta":"","header-main-stick-meta":"","header-below-stick-meta":"","astra-migrate-meta-layouts":"default","ast-page-background-enabled":"default","ast-page-background-meta":{"desktop":{"background-color":"var(--ast-global-color-5)","background-image":"","background-repeat":"repeat","background-position":"center center","background-size":"auto","background-attachment":"scroll","background-type":"","background-media":"","overlay-type":"","overlay-color":"","overlay-opacity":"","overlay-gradient":""},"tablet":{"background-color":"","background-image":"","background-repeat":"repeat","background-position":"center center","background-size":"auto","background-attachment":"scroll","background-type":"","background-media":"","overlay-type":"","overlay-color":"","overlay-opacity":"","overlay-gradient":""},"mobile":{"background-color":"","background-image":"","background-repeat":"repeat","background-position":"center center","background-size":"auto","background-attachment":"scroll","background-type":"","background-media":"","overlay-type":"","overlay-color":"","overlay-opacity":"","overlay-gradient":""}},"ast-content-background-meta":{"desktop":{"background-color":"var(--ast-global-color-4)","background-image":"","background-repeat":"repeat","background-position":"center center","background-size":"auto","background-attachment":"scroll","background-type":"","background-media":"","overlay-type":"","overlay-color":"","overlay-opacity":"","overlay-gradient":""},"tablet":{"background-color":"var(--ast-global-color-4)","background-image":"","background-repeat":"repeat","background-position":"center center","background-size":"auto","background-attachment":"scroll","background-type":"","background-media":"","overlay-type":"","overlay-color":"","overlay-opacity":"","overlay-gradient":""},"mobile":{"background-color":"var(--ast-global-color-4)","background-image":"","background-repeat":"repeat","background-position":"center center","background-size":"auto","background-attachment":"scroll","background-type":"","background-media":"","overlay-type":"","overlay-color":"","overlay-opacity":"","overlay-gradient":""}},"footnotes":""},"categories":[216,215,188],"tags":[336,452],"class_list":["post-54784","post","type-post","status-publish","format-standard","has-post-thumbnail","hentry","category-automne","category-deco-amenagement","category-deco-fleurs","tag-automne","tag-couronnes"],"uagb_featured_image_src":{"full":["https:\/\/www.interflora.fr\/blog\/wp-content\/uploads\/2025\/10\/couronne-automne.jpeg",1200,800,false],"thumbnail":["https:\/\/www.interflora.fr\/blog\/wp-content\/uploads\/2025\/10\/couronne-automne-150x150.jpeg",150,150,true],"medium":["https:\/\/www.interflora.fr\/blog\/wp-content\/uploads\/2025\/10\/couronne-automne-300x200.jpeg",300,200,true],"medium_large":["https:\/\/www.interflora.fr\/blog\/wp-content\/uploads\/2025\/10\/couronne-automne-768x512.jpeg",768,512,true],"large":["https:\/\/www.interflora.fr\/blog\/wp-content\/uploads\/2025\/10\/couronne-automne-1024x683.jpeg",1024,683,true],"1536x1536":["https:\/\/www.interflora.fr\/blog\/wp-content\/uploads\/2025\/10\/couronne-automne.jpeg",1200,800,false],"2048x2048":["https:\/\/www.interflora.fr\/blog\/wp-content\/uploads\/2025\/10\/couronne-automne.jpeg",1200,800,false]},"uagb_author_info":{"display_name":"Flora","author_link":"https:\/\/www.interflora.fr\/blog\/author\/fleurdeprovence\/"},"uagb_comment_info":0,"uagb_excerpt":"Quand les feuilles se parent d\u2019orange et d\u2019or, la nature nous invite \u00e0 ralentir et \u00e0 c\u00e9l\u00e9brer sa beaut\u00e9. C\u2019est [&hellip;]","yoast_meta":{"title":"Couronne d\u2019Automne : 4 inspirations et un pas \u00e0 pas d\u00e9taill\u00e9","description":"Cr\u00e9ez une magnifique couronne d\u2019automne avec feuilles, fleurs et \u00e9l\u00e9ments naturels. Des id\u00e9es simples pour d\u00e9corer votre porte avec charme !"},"_links":{"self":[{"href":"https:\/\/www.interflora.fr\/blog\/wp-json\/wp\/v2\/posts\/54784","targetHints":{"allow":["GET"]}}],"collection":[{"href":"https:\/\/www.interflora.fr\/blog\/wp-json\/wp\/v2\/posts"}],"about":[{"href":"https:\/\/www.interflora.fr\/blog\/wp-json\/wp\/v2\/types\/post"}],"author":[{"embeddable":true,"href":"https:\/\/www.interflora.fr\/blog\/wp-json\/wp\/v2\/users\/9"}],"replies":[{"embeddable":true,"href":"https:\/\/www.interflora.fr\/blog\/wp-json\/wp\/v2\/comments?post=54784"}],"version-history":[{"count":1,"href":"https:\/\/www.interflora.fr\/blog\/wp-json\/wp\/v2\/posts\/54784\/revisions"}],"predecessor-version":[{"id":56038,"href":"https:\/\/www.interflora.fr\/blog\/wp-json\/wp\/v2\/posts\/54784\/revisions\/56038"}],"wp:featuredmedia":[{"embeddable":true,"href":"https:\/\/www.interflora.fr\/blog\/wp-json\/wp\/v2\/media\/54265"}],"wp:attachment":[{"href":"https:\/\/www.interflora.fr\/blog\/wp-json\/wp\/v2\/media?parent=54784"}],"wp:term":[{"taxonomy":"category","embeddable":true,"href":"https:\/\/www.interflora.fr\/blog\/wp-json\/wp\/v2\/categories?post=54784"},{"taxonomy":"post_tag","embeddable":true,"href":"https:\/\/www.interflora.fr\/blog\/wp-json\/wp\/v2\/tags?post=54784"}],"curies":[{"name":"wp","href":"https:\/\/api.w.org\/{rel}","templated":true}]}}