{"id":54778,"date":"2025-11-09T14:39:57","date_gmt":"2025-11-09T13:39:57","guid":{"rendered":"https:\/\/www.interflora.fr\/blog\/?p=54778"},"modified":"2025-10-31T14:49:57","modified_gmt":"2025-10-31T13:49:57","slug":"amaryllis-picotee","status":"publish","type":"post","link":"https:\/\/www.interflora.fr\/blog\/amaryllis-picotee\/","title":{"rendered":"Tout savoir sur l&rsquo;amaryllis Picotee : entretien, plantation, astuces"},"content":{"rendered":"\n<p>L\u2019<strong>amaryllis Picotee<\/strong>&nbsp;est un choix d\u2019exception pour illuminer et donner un effet sophistiqu\u00e9 \u00e0 votre int\u00e9rieur durant la saison hivernale et les f\u00eates de fin d\u2019ann\u00e9e, gr\u00e2ce \u00e0 ses p\u00e9tales blancs d\u00e9licatement soulign\u00e9s de rouge. Mais, au-del\u00e0 de son esth\u00e9tique, la Picot\u00e9e est \u00e9galement pris\u00e9e pour sa facilit\u00e9 d\u2019entretien et sa capacit\u00e9 \u00e0 refleurir, ann\u00e9e apr\u00e8s ann\u00e9e. D\u00e9couvrez tous nos conseils pour planter, entretenir et optimiser la floraison de votre amaryllis Picotee afin qu\u2019elle r\u00e9v\u00e8le tout son potentiel.<\/p>\n\n\n<div class=\"lp-produits-grid\"><div class=\"lp-produit\"><div class=\"lp-thumbnail-wrapper\"><img loading=\"lazy\" decoding=\"async\" width=\"300\" height=\"300\" src=\"https:\/\/www.interflora.fr\/blog\/wp-content\/uploads\/2025\/05\/B2LY-800Wx800H-0-1-5-300x300.jpg\" class=\"attachment-medium size-medium wp-post-image\" alt=\"\" srcset=\"https:\/\/www.interflora.fr\/blog\/wp-content\/uploads\/2025\/05\/B2LY-800Wx800H-0-1-5-300x300.jpg 300w, https:\/\/www.interflora.fr\/blog\/wp-content\/uploads\/2025\/05\/B2LY-800Wx800H-0-1-5-150x150.jpg 150w, https:\/\/www.interflora.fr\/blog\/wp-content\/uploads\/2025\/05\/B2LY-800Wx800H-0-1-5-768x768.jpg 768w, https:\/\/www.interflora.fr\/blog\/wp-content\/uploads\/2025\/05\/B2LY-800Wx800H-0-1-5.jpg 800w\" sizes=\"auto, (max-width: 300px) 100vw, 300px\" \/><img decoding=\"async\" class=\"lp-badge\" src=\"https:\/\/www.interflora.fr\/blog\/wp-content\/uploads\/2025\/06\/logo-circle.png\" alt=\"Livraison rapide Interflora\"><\/div><span>Brass\u00e9e de lys<\/span><p>33.95 \u20ac<\/p><span class=\"obf-link lp-cta\" role=\"link\" tabindex=\"0\" data-b64=\"aHR0cHM6Ly93d3cuaW50ZXJmbG9yYS5mci9wL2NhZGVhdS1icmFzc2VlLWx5cy8xL0ZSP3V0bV9tZWRpdW09b3JnYW5pYyZ1dG1fc291cmNlPWJsb2dfcHJvZHVjdHMmdXRtX2NhbXBhaWduPUIyTFk=\" data-target=\"_blank\"><svg xmlns=\"http:\/\/www.w3.org\/2000\/svg\" width=\"16\" height=\"16\" fill=\"currentColor\" class=\"bi bi-bag\" viewBox=\"0 0 16 16\"><path d=\"M8 1a2 2 0 0 1 2 2v1h2.5A1.5 1.5 0 0 1 14 5.5v8A1.5 1.5 0 0 1 12.5 15h-9A1.5 1.5 0 0 1 2 13.5v-8A1.5 1.5 0 0 1 3.5 3H6V2a2 2 0 0 1 2-1zm1 3V3a1 1 0 0 0-2 0v1h2z\"\/><\/svg>Voir le produit<\/span><p class=\"rapido\">Top produit<\/p><\/div><div class=\"lp-produit\"><div class=\"lp-thumbnail-wrapper\"><img loading=\"lazy\" decoding=\"async\" width=\"300\" height=\"300\" src=\"https:\/\/www.interflora.fr\/blog\/wp-content\/uploads\/2025\/09\/2BFS-800Wx800H-0-1-25-300x300.jpg\" class=\"attachment-medium size-medium wp-post-image\" alt=\"\" srcset=\"https:\/\/www.interflora.fr\/blog\/wp-content\/uploads\/2025\/09\/2BFS-800Wx800H-0-1-25-300x300.jpg 300w, https:\/\/www.interflora.fr\/blog\/wp-content\/uploads\/2025\/09\/2BFS-800Wx800H-0-1-25-150x150.jpg 150w, https:\/\/www.interflora.fr\/blog\/wp-content\/uploads\/2025\/09\/2BFS-800Wx800H-0-1-25-768x768.jpg 768w, https:\/\/www.interflora.fr\/blog\/wp-content\/uploads\/2025\/09\/2BFS-800Wx800H-0-1-25.jpg 800w\" sizes=\"auto, (max-width: 300px) 100vw, 300px\" \/><img decoding=\"async\" class=\"lp-badge\" src=\"https:\/\/www.interflora.fr\/blog\/wp-content\/uploads\/2025\/06\/logo-circle.png\" alt=\"Livraison rapide Interflora\"><\/div><span>Le bouquet cr\u00e9atif du fleuriste de saison<\/span><p>36.95 \u20ac<\/p><span class=\"obf-link lp-cta\" role=\"link\" tabindex=\"0\" data-b64=\"aHR0cHM6Ly93d3cuaW50ZXJmbG9yYS5mci9wL2JvdXF1ZXQtZmxldXJpc3RlLWRlLXNhaXNvbi8xL0ZSP3V0bV9tZWRpdW09b3JnYW5pYyZ1dG1fc291cmNlPWJsb2dfcHJvZHVjdHMmdXRtX2NhbXBhaWduPTJCRlM=\" data-target=\"_blank\"><svg xmlns=\"http:\/\/www.w3.org\/2000\/svg\" width=\"16\" height=\"16\" fill=\"currentColor\" class=\"bi bi-bag\" viewBox=\"0 0 16 16\"><path d=\"M8 1a2 2 0 0 1 2 2v1h2.5A1.5 1.5 0 0 1 14 5.5v8A1.5 1.5 0 0 1 12.5 15h-9A1.5 1.5 0 0 1 2 13.5v-8A1.5 1.5 0 0 1 3.5 3H6V2a2 2 0 0 1 2-1zm1 3V3a1 1 0 0 0-2 0v1h2z\"\/><\/svg>Voir le produit<\/span><p class=\"rapido\">Fleurs fra\u00eeches<\/p><\/div><div class=\"lp-produit\"><div class=\"lp-thumbnail-wrapper\"><img loading=\"lazy\" decoding=\"async\" width=\"300\" height=\"300\" src=\"https:\/\/www.interflora.fr\/blog\/wp-content\/uploads\/2025\/05\/2BFM-800Wx800H-0-1-25-300x300.jpg\" class=\"attachment-medium size-medium wp-post-image\" alt=\"\" srcset=\"https:\/\/www.interflora.fr\/blog\/wp-content\/uploads\/2025\/05\/2BFM-800Wx800H-0-1-25-300x300.jpg 300w, https:\/\/www.interflora.fr\/blog\/wp-content\/uploads\/2025\/05\/2BFM-800Wx800H-0-1-25-150x150.jpg 150w, https:\/\/www.interflora.fr\/blog\/wp-content\/uploads\/2025\/05\/2BFM-800Wx800H-0-1-25-768x768.jpg 768w, https:\/\/www.interflora.fr\/blog\/wp-content\/uploads\/2025\/05\/2BFM-800Wx800H-0-1-25.jpg 800w\" sizes=\"auto, (max-width: 300px) 100vw, 300px\" \/><img decoding=\"async\" class=\"lp-badge\" src=\"https:\/\/www.interflora.fr\/blog\/wp-content\/uploads\/2025\/06\/logo-circle.png\" alt=\"Livraison rapide Interflora\"><\/div><span>Le bouquet cr\u00e9atif du fleuriste multicolore<\/span><p>29.95 \u20ac<\/p><span class=\"obf-link lp-cta\" role=\"link\" tabindex=\"0\" data-b64=\"aHR0cHM6Ly93d3cuaW50ZXJmbG9yYS5mci9wL2JvdXF1ZXQtZmxldXJpc3RlLW11bHRpY29sb3JlLzEvRlI\/dXRtX21lZGl1bT1vcmdhbmljJnV0bV9zb3VyY2U9YmxvZ19wcm9kdWN0cyZ1dG1fY2FtcGFpZ249MkJGTQ==\" data-target=\"_blank\"><svg xmlns=\"http:\/\/www.w3.org\/2000\/svg\" width=\"16\" height=\"16\" fill=\"currentColor\" class=\"bi bi-bag\" viewBox=\"0 0 16 16\"><path d=\"M8 1a2 2 0 0 1 2 2v1h2.5A1.5 1.5 0 0 1 14 5.5v8A1.5 1.5 0 0 1 12.5 15h-9A1.5 1.5 0 0 1 2 13.5v-8A1.5 1.5 0 0 1 3.5 3H6V2a2 2 0 0 1 2-1zm1 3V3a1 1 0 0 0-2 0v1h2z\"\/><\/svg>Voir le produit<\/span><p class=\"rapido\">Top produit<\/p><\/div><div class=\"lp-produit\"><div class=\"lp-thumbnail-wrapper\"><img loading=\"lazy\" decoding=\"async\" width=\"300\" height=\"300\" src=\"https:\/\/www.interflora.fr\/blog\/wp-content\/uploads\/2025\/05\/5PFDF-800Wx800H-0-1-13-300x300.jpg\" class=\"attachment-medium size-medium wp-post-image\" alt=\"\" srcset=\"https:\/\/www.interflora.fr\/blog\/wp-content\/uploads\/2025\/05\/5PFDF-800Wx800H-0-1-13-300x300.jpg 300w, https:\/\/www.interflora.fr\/blog\/wp-content\/uploads\/2025\/05\/5PFDF-800Wx800H-0-1-13-150x150.jpg 150w, https:\/\/www.interflora.fr\/blog\/wp-content\/uploads\/2025\/05\/5PFDF-800Wx800H-0-1-13-768x768.jpg 768w, https:\/\/www.interflora.fr\/blog\/wp-content\/uploads\/2025\/05\/5PFDF-800Wx800H-0-1-13.jpg 800w\" sizes=\"auto, (max-width: 300px) 100vw, 300px\" \/><img decoding=\"async\" class=\"lp-badge\" src=\"https:\/\/www.interflora.fr\/blog\/wp-content\/uploads\/2025\/06\/logo-circle.png\" alt=\"Livraison rapide Interflora\"><\/div><span>La plante fleurie du fleuriste<\/span><p>26.95 \u20ac<\/p><span class=\"obf-link lp-cta\" role=\"link\" tabindex=\"0\" data-b64=\"aHR0cHM6Ly93d3cuaW50ZXJmbG9yYS5mci9wL2ZldGUtZ3JhbmQtbWVyZS1wbGFudGUtZmxldXJpc3RlLzEvRlI\/dXRtX21lZGl1bT1vcmdhbmljJnV0bV9zb3VyY2U9YmxvZ19wcm9kdWN0cyZ1dG1fY2FtcGFpZ249NVBGREY=\" data-target=\"_blank\"><svg xmlns=\"http:\/\/www.w3.org\/2000\/svg\" width=\"16\" height=\"16\" fill=\"currentColor\" class=\"bi bi-bag\" viewBox=\"0 0 16 16\"><path d=\"M8 1a2 2 0 0 1 2 2v1h2.5A1.5 1.5 0 0 1 14 5.5v8A1.5 1.5 0 0 1 12.5 15h-9A1.5 1.5 0 0 1 2 13.5v-8A1.5 1.5 0 0 1 3.5 3H6V2a2 2 0 0 1 2-1zm1 3V3a1 1 0 0 0-2 0v1h2z\"\/><\/svg>Voir le produit<\/span><p class=\"rapido\">Livraison rapide<\/p><\/div><\/div>\n\n\n\n<h2 class=\"wp-block-heading\">L\u2019amaryllis Picotee, le fil rouge de votre hiver<\/h2>\n\n\n\n<p>L&rsquo;<strong>amaryllis (Hippeastrum) Picot\u00e9e<\/strong>&nbsp;attire avant tout le regard gr\u00e2ce \u00e0 ses grandes fleurs blanches suspendues \u00e0 des tiges de 50 cm de haut, et dont le pourtour est bord\u00e9 d\u2019un liser\u00e9 rouge \u00e9clatant. Ce petit twist inattendu apporte une touche d&rsquo;originalit\u00e9 qui distingue cette vari\u00e9t\u00e9 d&rsquo;amaryllis des quatre-vingt autres existantes.<\/p>\n\n\n\n<p>Chaque bulbe d\u2019amaryllis Picotee peut produire 2 \u00e0 3 tiges, chacune portant plusieurs fleurs en forme de trompettes \u00e9toil\u00e9es. Leur diam\u00e8tre impressionnant de 20 cm en fait une fleur spectaculaire, d\u2019autant plus lorsqu\u2019elle est plac\u00e9e dans un environnement \u00e9pur\u00e9, qui permet de mieux appr\u00e9cier le contraste entre ses couleurs.<\/p>\n\n\n\n<p>Facile \u00e0 cultiver, l\u2019amaryllis Picotee est souvent choisie pour sa long\u00e9vit\u00e9 et sa capacit\u00e9 \u00e0 refleurir, offrant chaque ann\u00e9e une nouvelle occasion d\u2019admirer sa beaut\u00e9.<\/p>\n\n\n\n<figure class=\"wp-block-image aligncenter size-full\"><img loading=\"lazy\" decoding=\"async\" width=\"800\" height=\"531\" src=\"https:\/\/www.interflora.fr\/blog\/wp-content\/uploads\/2025\/10\/amaryllis-picotee.jpg\" alt=\"Amaryllis picotee\" class=\"wp-image-54779\" srcset=\"https:\/\/www.interflora.fr\/blog\/wp-content\/uploads\/2025\/10\/amaryllis-picotee.jpg 800w, https:\/\/www.interflora.fr\/blog\/wp-content\/uploads\/2025\/10\/amaryllis-picotee-300x199.jpg 300w, https:\/\/www.interflora.fr\/blog\/wp-content\/uploads\/2025\/10\/amaryllis-picotee-768x510.jpg 768w\" sizes=\"auto, (max-width: 800px) 100vw, 800px\" \/><\/figure>\n\n\n\n<h2 class=\"wp-block-heading\">L\u2019amaryllis Picotee : un entretien accessible aux novices<\/h2>\n\n\n\n<p>L\u2019<strong>entretien de l\u2019amaryllis Picotee<\/strong>&nbsp;est simple, mais n\u00e9cessite quelques gestes cl\u00e9s pour obtenir une floraison durable et g\u00e9n\u00e9reuse. Suivez ces conseils pour chouchouter votre plante au maximum :<\/p>\n\n\n\n<ul class=\"wp-block-list\">\n<li><strong>Emplacement lumineux<\/strong> : placez l\u2019amaryllis dans une pi\u00e8ce lumineuse, mais sans exposition directe au soleil. Un \u00e9clairage mod\u00e9r\u00e9 permet de pr\u00e9server l\u2019\u00e9clat des p\u00e9tales et d\u2019\u00e9viter que les tiges ne s\u2019allongent trop rapidement.<\/li>\n\n\n\n<li><strong>Arrosage adapt\u00e9<\/strong> : l\u2019amaryllis n\u2019aime pas les exc\u00e8s d\u2019eau. Arrosez l\u00e9g\u00e8rement une fois par semaine durant la phase de croissance, en maintenant le terreau l\u00e9g\u00e8rement humide. Une fois que les boutons floraux apparaissent, augmentez l\u00e9g\u00e8rement la fr\u00e9quence des arrosages, mais veillez \u00e0 \u00e9viter que l\u2019eau ne stagne dans le pot.<\/li>\n\n\n\n<li><strong>Temp\u00e9rature id\u00e9ale<\/strong> : les amaryllis pr\u00e9f\u00e8rent les temp\u00e9ratures comprises entre 18 et 22 degr\u00e9s. Une chaleur excessive peut acc\u00e9l\u00e9rer la floraison, mais r\u00e9duire la dur\u00e9e de vie des fleurs. Durant les mois d\u2019hiver, une pi\u00e8ce temp\u00e9r\u00e9e est donc id\u00e9ale.<\/li>\n<\/ul>\n\n\n<div class=\"lp-produits-grid\"><div class=\"lp-produit\"><div class=\"lp-thumbnail-wrapper\"><img loading=\"lazy\" decoding=\"async\" width=\"300\" height=\"300\" src=\"https:\/\/www.interflora.fr\/blog\/wp-content\/uploads\/2025\/05\/5PFDF-800Wx800H-0-1-13-300x300.jpg\" class=\"attachment-medium size-medium wp-post-image\" alt=\"\" srcset=\"https:\/\/www.interflora.fr\/blog\/wp-content\/uploads\/2025\/05\/5PFDF-800Wx800H-0-1-13-300x300.jpg 300w, https:\/\/www.interflora.fr\/blog\/wp-content\/uploads\/2025\/05\/5PFDF-800Wx800H-0-1-13-150x150.jpg 150w, https:\/\/www.interflora.fr\/blog\/wp-content\/uploads\/2025\/05\/5PFDF-800Wx800H-0-1-13-768x768.jpg 768w, https:\/\/www.interflora.fr\/blog\/wp-content\/uploads\/2025\/05\/5PFDF-800Wx800H-0-1-13.jpg 800w\" sizes=\"auto, (max-width: 300px) 100vw, 300px\" \/><img decoding=\"async\" class=\"lp-badge\" src=\"https:\/\/www.interflora.fr\/blog\/wp-content\/uploads\/2025\/06\/logo-circle.png\" alt=\"Livraison rapide Interflora\"><\/div><span>La plante fleurie du fleuriste<\/span><p>26.95 \u20ac<\/p><span class=\"obf-link lp-cta\" role=\"link\" tabindex=\"0\" data-b64=\"aHR0cHM6Ly93d3cuaW50ZXJmbG9yYS5mci9wL2ZldGUtZ3JhbmQtbWVyZS1wbGFudGUtZmxldXJpc3RlLzEvRlI\/dXRtX21lZGl1bT1vcmdhbmljJnV0bV9zb3VyY2U9YmxvZ19wcm9kdWN0cyZ1dG1fY2FtcGFpZ249NVBGREY=\" data-target=\"_blank\"><svg xmlns=\"http:\/\/www.w3.org\/2000\/svg\" width=\"16\" height=\"16\" fill=\"currentColor\" class=\"bi bi-bag\" viewBox=\"0 0 16 16\"><path d=\"M8 1a2 2 0 0 1 2 2v1h2.5A1.5 1.5 0 0 1 14 5.5v8A1.5 1.5 0 0 1 12.5 15h-9A1.5 1.5 0 0 1 2 13.5v-8A1.5 1.5 0 0 1 3.5 3H6V2a2 2 0 0 1 2-1zm1 3V3a1 1 0 0 0-2 0v1h2z\"\/><\/svg>Voir le produit<\/span><p class=\"rapido\">Top produit<\/p><\/div><div class=\"lp-produit\"><div class=\"lp-thumbnail-wrapper\"><img loading=\"lazy\" decoding=\"async\" width=\"300\" height=\"300\" src=\"https:\/\/www.interflora.fr\/blog\/wp-content\/uploads\/2025\/05\/B2LY-800Wx800H-0-1-5-300x300.jpg\" class=\"attachment-medium size-medium wp-post-image\" alt=\"\" srcset=\"https:\/\/www.interflora.fr\/blog\/wp-content\/uploads\/2025\/05\/B2LY-800Wx800H-0-1-5-300x300.jpg 300w, https:\/\/www.interflora.fr\/blog\/wp-content\/uploads\/2025\/05\/B2LY-800Wx800H-0-1-5-150x150.jpg 150w, https:\/\/www.interflora.fr\/blog\/wp-content\/uploads\/2025\/05\/B2LY-800Wx800H-0-1-5-768x768.jpg 768w, https:\/\/www.interflora.fr\/blog\/wp-content\/uploads\/2025\/05\/B2LY-800Wx800H-0-1-5.jpg 800w\" sizes=\"auto, (max-width: 300px) 100vw, 300px\" \/><img decoding=\"async\" class=\"lp-badge\" src=\"https:\/\/www.interflora.fr\/blog\/wp-content\/uploads\/2025\/06\/logo-circle.png\" alt=\"Livraison rapide Interflora\"><\/div><span>Brass\u00e9e de lys<\/span><p>33.95 \u20ac<\/p><span class=\"obf-link lp-cta\" role=\"link\" tabindex=\"0\" data-b64=\"aHR0cHM6Ly93d3cuaW50ZXJmbG9yYS5mci9wL2NhZGVhdS1icmFzc2VlLWx5cy8xL0ZSP3V0bV9tZWRpdW09b3JnYW5pYyZ1dG1fc291cmNlPWJsb2dfcHJvZHVjdHMmdXRtX2NhbXBhaWduPUIyTFk=\" data-target=\"_blank\"><svg xmlns=\"http:\/\/www.w3.org\/2000\/svg\" width=\"16\" height=\"16\" fill=\"currentColor\" class=\"bi bi-bag\" viewBox=\"0 0 16 16\"><path d=\"M8 1a2 2 0 0 1 2 2v1h2.5A1.5 1.5 0 0 1 14 5.5v8A1.5 1.5 0 0 1 12.5 15h-9A1.5 1.5 0 0 1 2 13.5v-8A1.5 1.5 0 0 1 3.5 3H6V2a2 2 0 0 1 2-1zm1 3V3a1 1 0 0 0-2 0v1h2z\"\/><\/svg>Voir le produit<\/span><p class=\"rapido\">Top produit<\/p><\/div><div class=\"lp-produit\"><div class=\"lp-thumbnail-wrapper\"><img loading=\"lazy\" decoding=\"async\" width=\"300\" height=\"300\" src=\"https:\/\/www.interflora.fr\/blog\/wp-content\/uploads\/2025\/09\/2BFS-800Wx800H-0-1-25-300x300.jpg\" class=\"attachment-medium size-medium wp-post-image\" alt=\"\" srcset=\"https:\/\/www.interflora.fr\/blog\/wp-content\/uploads\/2025\/09\/2BFS-800Wx800H-0-1-25-300x300.jpg 300w, https:\/\/www.interflora.fr\/blog\/wp-content\/uploads\/2025\/09\/2BFS-800Wx800H-0-1-25-150x150.jpg 150w, https:\/\/www.interflora.fr\/blog\/wp-content\/uploads\/2025\/09\/2BFS-800Wx800H-0-1-25-768x768.jpg 768w, https:\/\/www.interflora.fr\/blog\/wp-content\/uploads\/2025\/09\/2BFS-800Wx800H-0-1-25.jpg 800w\" sizes=\"auto, (max-width: 300px) 100vw, 300px\" \/><img decoding=\"async\" class=\"lp-badge\" src=\"https:\/\/www.interflora.fr\/blog\/wp-content\/uploads\/2025\/06\/logo-circle.png\" alt=\"Livraison rapide Interflora\"><\/div><span>Le bouquet cr\u00e9atif du fleuriste de saison<\/span><p>36.95 \u20ac<\/p><span class=\"obf-link lp-cta\" role=\"link\" tabindex=\"0\" data-b64=\"aHR0cHM6Ly93d3cuaW50ZXJmbG9yYS5mci9wL2JvdXF1ZXQtZmxldXJpc3RlLWRlLXNhaXNvbi8xL0ZSP3V0bV9tZWRpdW09b3JnYW5pYyZ1dG1fc291cmNlPWJsb2dfcHJvZHVjdHMmdXRtX2NhbXBhaWduPTJCRlM=\" data-target=\"_blank\"><svg xmlns=\"http:\/\/www.w3.org\/2000\/svg\" width=\"16\" height=\"16\" fill=\"currentColor\" class=\"bi bi-bag\" viewBox=\"0 0 16 16\"><path d=\"M8 1a2 2 0 0 1 2 2v1h2.5A1.5 1.5 0 0 1 14 5.5v8A1.5 1.5 0 0 1 12.5 15h-9A1.5 1.5 0 0 1 2 13.5v-8A1.5 1.5 0 0 1 3.5 3H6V2a2 2 0 0 1 2-1zm1 3V3a1 1 0 0 0-2 0v1h2z\"\/><\/svg>Voir le produit<\/span><p class=\"rapido\">Top produit<\/p><\/div><div class=\"lp-produit\"><div class=\"lp-thumbnail-wrapper\"><img loading=\"lazy\" decoding=\"async\" width=\"300\" height=\"300\" src=\"https:\/\/www.interflora.fr\/blog\/wp-content\/uploads\/2025\/05\/2BFM-800Wx800H-0-1-25-300x300.jpg\" class=\"attachment-medium size-medium wp-post-image\" alt=\"\" srcset=\"https:\/\/www.interflora.fr\/blog\/wp-content\/uploads\/2025\/05\/2BFM-800Wx800H-0-1-25-300x300.jpg 300w, https:\/\/www.interflora.fr\/blog\/wp-content\/uploads\/2025\/05\/2BFM-800Wx800H-0-1-25-150x150.jpg 150w, https:\/\/www.interflora.fr\/blog\/wp-content\/uploads\/2025\/05\/2BFM-800Wx800H-0-1-25-768x768.jpg 768w, https:\/\/www.interflora.fr\/blog\/wp-content\/uploads\/2025\/05\/2BFM-800Wx800H-0-1-25.jpg 800w\" sizes=\"auto, (max-width: 300px) 100vw, 300px\" \/><img decoding=\"async\" class=\"lp-badge\" src=\"https:\/\/www.interflora.fr\/blog\/wp-content\/uploads\/2025\/06\/logo-circle.png\" alt=\"Livraison rapide Interflora\"><\/div><span>Le bouquet cr\u00e9atif du fleuriste multicolore<\/span><p>29.95 \u20ac<\/p><span class=\"obf-link lp-cta\" role=\"link\" tabindex=\"0\" data-b64=\"aHR0cHM6Ly93d3cuaW50ZXJmbG9yYS5mci9wL2JvdXF1ZXQtZmxldXJpc3RlLW11bHRpY29sb3JlLzEvRlI\/dXRtX21lZGl1bT1vcmdhbmljJnV0bV9zb3VyY2U9YmxvZ19wcm9kdWN0cyZ1dG1fY2FtcGFpZ249MkJGTQ==\" data-target=\"_blank\"><svg xmlns=\"http:\/\/www.w3.org\/2000\/svg\" width=\"16\" height=\"16\" fill=\"currentColor\" class=\"bi bi-bag\" viewBox=\"0 0 16 16\"><path d=\"M8 1a2 2 0 0 1 2 2v1h2.5A1.5 1.5 0 0 1 14 5.5v8A1.5 1.5 0 0 1 12.5 15h-9A1.5 1.5 0 0 1 2 13.5v-8A1.5 1.5 0 0 1 3.5 3H6V2a2 2 0 0 1 2-1zm1 3V3a1 1 0 0 0-2 0v1h2z\"\/><\/svg>Voir le produit<\/span><p class=\"rapido\">Top produit<\/p><\/div><\/div>\n\n\n\n<h2 class=\"wp-block-heading\">Plantation de l\u2019amaryllis Picotee<\/h2>\n\n\n\n<p>La&nbsp;<strong>plantation de l\u2019amaryllis Picotee<\/strong>&nbsp;est une \u00e9tape cl\u00e9 pour obtenir une floraison abondante et bien d\u00e9velopp\u00e9e. Voici comment proc\u00e9der pas \u00e0 pas :<\/p>\n\n\n\n<ol class=\"wp-block-list\">\n<li><strong>P\u00e9riode de plantation<\/strong> : vous pouvez planter les bulbes de janvier \u00e0 avril ou d&rsquo;octobre \u00e0 d\u00e9cembre.<\/li>\n\n\n\n<li><strong>Pr\u00e9parez le bulbe<\/strong> : avant la plantation, inspectez le bulbe et assurez-vous qu\u2019il est sain. Il doit \u00eatre ferme, sans taches ni moisissures.<\/li>\n\n\n\n<li><strong>Choisissez un pot adapt\u00e9<\/strong> : un pot d\u2019un diam\u00e8tre l\u00e9g\u00e8rement sup\u00e9rieur \u00e0 celui du bulbe est id\u00e9al. Assurez-vous qu&rsquo;il comporte un trou et n&rsquo;h\u00e9sitez pas \u00e0 placer un lit de billes d&rsquo;argile au fond afin d&rsquo;\u00e9viter l&rsquo;eau stagnante qui a tendance \u00e0 pourrir les racines.<\/li>\n\n\n\n<li><strong>Terreau nutritif<\/strong> : plantez l\u2019amaryllis dans un terreau riche mais l\u00e9ger, comme du terreau pour plantes fleuries ou un m\u00e9lange terreau \/ sable ou terreau \/ terre.<\/li>\n\n\n\n<li><strong>Enterrez le bulbe<\/strong> : \u00e0 moiti\u00e9 seulement, en laissant la partie sup\u00e9rieure l\u00e9g\u00e8rement au-dessus du sol.<\/li>\n\n\n\n<li><strong>Conditions de croissance<\/strong> : placez d&rsquo;abord le pot dans un endroit chaud (autour de 20\u00b0C) et clair et arrosez peu jusqu\u2019\u00e0 l\u2019apparition des premi\u00e8res pousses. \u00c0 partir de l\u00e0, d\u00e9placez-le dans un lieu lumineux pour stimuler la floraison.<\/li>\n<\/ol>\n\n\n\n<p>Cette m\u00e9thode de plantation permet \u00e0 votre amaryllis Picotee de d\u00e9velopper ses fleurs de mani\u00e8re optimale. Une fois bien enracin\u00e9e, elle commencera \u00e0 fleurir au bout de 6 \u00e0 8 semaines.<\/p>\n\n\n\n<figure class=\"wp-block-image aligncenter size-full\"><img loading=\"lazy\" decoding=\"async\" width=\"800\" height=\"572\" src=\"https:\/\/www.interflora.fr\/blog\/wp-content\/uploads\/2025\/10\/amaryllis-blanche-picotee.jpg\" alt=\"amaryllis blanche picotee\" class=\"wp-image-54781\" srcset=\"https:\/\/www.interflora.fr\/blog\/wp-content\/uploads\/2025\/10\/amaryllis-blanche-picotee.jpg 800w, https:\/\/www.interflora.fr\/blog\/wp-content\/uploads\/2025\/10\/amaryllis-blanche-picotee-300x215.jpg 300w, https:\/\/www.interflora.fr\/blog\/wp-content\/uploads\/2025\/10\/amaryllis-blanche-picotee-768x549.jpg 768w\" sizes=\"auto, (max-width: 800px) 100vw, 800px\" \/><\/figure>\n\n\n\n<h3 class=\"wp-block-heading\">Les astuces pour une amaryllis Picotee en pleine forme<\/h3>\n\n\n\n<p>D\u00e9couvrez quelques astuces qui permettent de sublimer la beaut\u00e9 naturelle de cette plante bulbeuse :<\/p>\n\n\n\n<div class=\"wp-block-media-text is-stacked-on-mobile\"><figure class=\"wp-block-media-text__media\"><img loading=\"lazy\" decoding=\"async\" width=\"533\" height=\"800\" src=\"https:\/\/www.interflora.fr\/blog\/wp-content\/uploads\/2025\/10\/picotee.jpg\" alt=\"Bouquet amaryllis picotee\" class=\"wp-image-54780 size-full\" srcset=\"https:\/\/www.interflora.fr\/blog\/wp-content\/uploads\/2025\/10\/picotee.jpg 533w, https:\/\/www.interflora.fr\/blog\/wp-content\/uploads\/2025\/10\/picotee-200x300.jpg 200w\" sizes=\"auto, (max-width: 533px) 100vw, 533px\" \/><\/figure><div class=\"wp-block-media-text__content\">\n<ul class=\"wp-block-list\">\n<li><strong>Faites refleurir votre amaryllis <\/strong>: apr\u00e8s la floraison, lorsque les fleurs fanent, coupez les tiges florales pr\u00e8s de la base. Continuez \u00e0 arroser mod\u00e9r\u00e9ment et \u00e0 apporter de l&rsquo;engrais tous les 15 jours de sorte que les feuilles vertes continuent \u00e0 pousser et qu&rsquo;elles accumulent des nutriments et de l\u2019\u00e9nergie transmis au bulbe pour la floraison suivante. Apr\u00e8s 4 \u00e0 6 mois, installez le pot dans un endroit abrit\u00e9 pour un repos bien m\u00e9rit\u00e9 d&rsquo;environ trois mois. Une fois le feuillage compl\u00e8tement sec, taillez les feuilles fan\u00e9es et rempotez le bulbe dans un terreau frais pour un nouveau cycle de culture.<\/li>\n\n\n\n<li><strong>Tournez la plante r\u00e9guli\u00e8rement<\/strong> : pour \u00e9viter que la tige ne s\u2019incline trop vers la lumi\u00e8re, tournez le pot r\u00e9guli\u00e8rement, cela permettra d\u2019obtenir une plante \u00e9quilibr\u00e9e. Autre option possible mais moins esth\u00e9tique : soutenir ses tiges avec un tuteur.<\/li>\n\n\n\n<li><strong>Associez-la avec d\u2019autres plantes d\u2019int\u00e9rieur<\/strong> : en combinant la Picotee avec des plantes comme les jonquilles ou des cyclamens, vous cr\u00e9erez un ensemble harmonieux, qui mettra en valeur ses couleurs contrast\u00e9es.<\/li>\n<\/ul>\n<\/div><\/div>\n\n\n\n<p>Si vous souhaitez en d\u00e9couvrir davantage, consultez notre\u00a0<a href=\"https:\/\/www.interflora.fr\/blog\/amaryllis\/\">guide sur les amaryllis<\/a>. Profitez de notre service de livraison de fleurs et plantes \u00e0 domicile pour faire plaisir \u00e0 vos proches ou \u00e0 vous-m\u00eame, que ce soit pour les f\u00eates ou tout au long de l&rsquo;ann\u00e9e.<\/p>\n","protected":false},"excerpt":{"rendered":"<p>L\u2019amaryllis Picotee&nbsp;est un choix d\u2019exception pour illuminer et donner un effet sophistiqu\u00e9 \u00e0 votre int\u00e9rieur durant la saison hivernale et [&hellip;]<\/p>\n","protected":false},"author":11,"featured_media":54779,"comment_status":"open","ping_status":"open","sticky":false,"template":"","format":"standard","meta":{"_uag_custom_page_level_css":"","site-sidebar-layout":"default","site-content-layout":"","ast-site-content-layout":"default","site-content-style":"default","site-sidebar-style":"default","ast-global-header-display":"","ast-banner-title-visibility":"","ast-main-header-display":"","ast-hfb-above-header-display":"","ast-hfb-below-header-display":"","ast-hfb-mobile-header-display":"","site-post-title":"","ast-breadcrumbs-content":"","ast-featured-img":"","footer-sml-layout":"","ast-disable-related-posts":"","theme-transparent-header-meta":"","adv-header-id-meta":"","stick-header-meta":"","header-above-stick-meta":"","header-main-stick-meta":"","header-below-stick-meta":"","astra-migrate-meta-layouts":"default","ast-page-background-enabled":"default","ast-page-background-meta":{"desktop":{"background-color":"var(--ast-global-color-5)","background-image":"","background-repeat":"repeat","background-position":"center center","background-size":"auto","background-attachment":"scroll","background-type":"","background-media":"","overlay-type":"","overlay-color":"","overlay-opacity":"","overlay-gradient":""},"tablet":{"background-color":"","background-image":"","background-repeat":"repeat","background-position":"center center","background-size":"auto","background-attachment":"scroll","background-type":"","background-media":"","overlay-type":"","overlay-color":"","overlay-opacity":"","overlay-gradient":""},"mobile":{"background-color":"","background-image":"","background-repeat":"repeat","background-position":"center center","background-size":"auto","background-attachment":"scroll","background-type":"","background-media":"","overlay-type":"","overlay-color":"","overlay-opacity":"","overlay-gradient":""}},"ast-content-background-meta":{"desktop":{"background-color":"var(--ast-global-color-4)","background-image":"","background-repeat":"repeat","background-position":"center center","background-size":"auto","background-attachment":"scroll","background-type":"","background-media":"","overlay-type":"","overlay-color":"","overlay-opacity":"","overlay-gradient":""},"tablet":{"background-color":"var(--ast-global-color-4)","background-image":"","background-repeat":"repeat","background-position":"center center","background-size":"auto","background-attachment":"scroll","background-type":"","background-media":"","overlay-type":"","overlay-color":"","overlay-opacity":"","overlay-gradient":""},"mobile":{"background-color":"var(--ast-global-color-4)","background-image":"","background-repeat":"repeat","background-position":"center center","background-size":"auto","background-attachment":"scroll","background-type":"","background-media":"","overlay-type":"","overlay-color":"","overlay-opacity":"","overlay-gradient":""}},"footnotes":""},"categories":[183,182,202],"tags":[314],"class_list":["post-54778","post","type-post","status-publish","format-standard","has-post-thumbnail","hentry","category-fleurs","category-fleurs-bulbes","category-hiver","tag-amaryllis"],"uagb_featured_image_src":{"full":["https:\/\/www.interflora.fr\/blog\/wp-content\/uploads\/2025\/10\/amaryllis-picotee.jpg",800,531,false],"thumbnail":["https:\/\/www.interflora.fr\/blog\/wp-content\/uploads\/2025\/10\/amaryllis-picotee-150x150.jpg",150,150,true],"medium":["https:\/\/www.interflora.fr\/blog\/wp-content\/uploads\/2025\/10\/amaryllis-picotee-300x199.jpg",300,199,true],"medium_large":["https:\/\/www.interflora.fr\/blog\/wp-content\/uploads\/2025\/10\/amaryllis-picotee-768x510.jpg",768,510,true],"large":["https:\/\/www.interflora.fr\/blog\/wp-content\/uploads\/2025\/10\/amaryllis-picotee.jpg",800,531,false],"1536x1536":["https:\/\/www.interflora.fr\/blog\/wp-content\/uploads\/2025\/10\/amaryllis-picotee.jpg",800,531,false],"2048x2048":["https:\/\/www.interflora.fr\/blog\/wp-content\/uploads\/2025\/10\/amaryllis-picotee.jpg",800,531,false]},"uagb_author_info":{"display_name":"Interflora","author_link":"https:\/\/www.interflora.fr\/blog\/author\/lisa\/"},"uagb_comment_info":0,"uagb_excerpt":"L\u2019amaryllis Picotee&nbsp;est un choix d\u2019exception pour illuminer et donner un effet sophistiqu\u00e9 \u00e0 votre int\u00e9rieur durant la saison hivernale et [&hellip;]","yoast_meta":{"title":"Amaryllis Picotee : astuces entretien, plantation | Interflora","description":"Astuces pour planter et entretenir l'amaryllis Picotee, avec ses p\u00e9tales blancs bord\u00e9s de rouge pour un effet raffin\u00e9."},"_links":{"self":[{"href":"https:\/\/www.interflora.fr\/blog\/wp-json\/wp\/v2\/posts\/54778","targetHints":{"allow":["GET"]}}],"collection":[{"href":"https:\/\/www.interflora.fr\/blog\/wp-json\/wp\/v2\/posts"}],"about":[{"href":"https:\/\/www.interflora.fr\/blog\/wp-json\/wp\/v2\/types\/post"}],"author":[{"embeddable":true,"href":"https:\/\/www.interflora.fr\/blog\/wp-json\/wp\/v2\/users\/11"}],"replies":[{"embeddable":true,"href":"https:\/\/www.interflora.fr\/blog\/wp-json\/wp\/v2\/comments?post=54778"}],"version-history":[{"count":1,"href":"https:\/\/www.interflora.fr\/blog\/wp-json\/wp\/v2\/posts\/54778\/revisions"}],"predecessor-version":[{"id":54991,"href":"https:\/\/www.interflora.fr\/blog\/wp-json\/wp\/v2\/posts\/54778\/revisions\/54991"}],"wp:featuredmedia":[{"embeddable":true,"href":"https:\/\/www.interflora.fr\/blog\/wp-json\/wp\/v2\/media\/54779"}],"wp:attachment":[{"href":"https:\/\/www.interflora.fr\/blog\/wp-json\/wp\/v2\/media?parent=54778"}],"wp:term":[{"taxonomy":"category","embeddable":true,"href":"https:\/\/www.interflora.fr\/blog\/wp-json\/wp\/v2\/categories?post=54778"},{"taxonomy":"post_tag","embeddable":true,"href":"https:\/\/www.interflora.fr\/blog\/wp-json\/wp\/v2\/tags?post=54778"}],"curies":[{"name":"wp","href":"https:\/\/api.w.org\/{rel}","templated":true}]}}