{"id":54747,"date":"2025-11-03T11:31:43","date_gmt":"2025-11-03T10:31:43","guid":{"rendered":"https:\/\/www.interflora.fr\/blog\/?p=54747"},"modified":"2025-10-31T11:43:30","modified_gmt":"2025-10-31T10:43:30","slug":"amaryllis-white-nymph","status":"publish","type":"post","link":"https:\/\/www.interflora.fr\/blog\/amaryllis-white-nymph\/","title":{"rendered":"Tout savoir sur l&rsquo;amaryllis White nymph : entretien, plantation, astuces"},"content":{"rendered":"\n<p>L\u2019<strong>amaryllis White Nymph<\/strong>&nbsp;est une merveille de la nature, id\u00e9ale pour \u00e9gayer l\u2019hiver avec ses fleurs blanches doubles, \u00e9l\u00e9gantes et d\u00e9licates. Ses fleurs volumineuses, souvent compar\u00e9es \u00e0 des nuages de coton ou \u00e0 des flocons de neige, apportent une touche de fra\u00eecheur et de gr\u00e2ce \u00e0 tout int\u00e9rieur. \u00c0 la fois spectaculaire et facile \u00e0 entretenir, l\u2019amaryllis White Nymph est une plante parfaite pour illuminer les f\u00eates de fin d\u2019ann\u00e9e, notamment \u00e0 No\u00ebl. Cultiver cette beaut\u00e9 hivernale est accessible \u00e0 tous, que vous soyez jardinier chevronn\u00e9 ou amateur. Voici tout ce qu\u2019il faut savoir pour obtenir une floraison \u00e0 couper le souffle.<\/p>\n\n\n<div class=\"lp-produits-grid\"><div class=\"lp-produit\"><div class=\"lp-thumbnail-wrapper\"><img loading=\"lazy\" decoding=\"async\" width=\"300\" height=\"300\" src=\"https:\/\/www.interflora.fr\/blog\/wp-content\/uploads\/2025\/05\/B2LY-800Wx800H-0-1-5-300x300.jpg\" class=\"attachment-medium size-medium wp-post-image\" alt=\"\" srcset=\"https:\/\/www.interflora.fr\/blog\/wp-content\/uploads\/2025\/05\/B2LY-800Wx800H-0-1-5-300x300.jpg 300w, https:\/\/www.interflora.fr\/blog\/wp-content\/uploads\/2025\/05\/B2LY-800Wx800H-0-1-5-150x150.jpg 150w, https:\/\/www.interflora.fr\/blog\/wp-content\/uploads\/2025\/05\/B2LY-800Wx800H-0-1-5-768x768.jpg 768w, https:\/\/www.interflora.fr\/blog\/wp-content\/uploads\/2025\/05\/B2LY-800Wx800H-0-1-5.jpg 800w\" sizes=\"auto, (max-width: 300px) 100vw, 300px\" \/><img decoding=\"async\" class=\"lp-badge\" src=\"https:\/\/www.interflora.fr\/blog\/wp-content\/uploads\/2025\/06\/logo-circle.png\" alt=\"Livraison rapide Interflora\"><\/div><span>Brass\u00e9e de lys<\/span><p>33.95 \u20ac<\/p><span class=\"obf-link lp-cta\" role=\"link\" tabindex=\"0\" data-b64=\"aHR0cHM6Ly93d3cuaW50ZXJmbG9yYS5mci9wL2NhZGVhdS1icmFzc2VlLWx5cy8xL0ZSP3V0bV9tZWRpdW09b3JnYW5pYyZ1dG1fc291cmNlPWJsb2dfcHJvZHVjdHMmdXRtX2NhbXBhaWduPUIyTFk=\" data-target=\"_blank\"><svg xmlns=\"http:\/\/www.w3.org\/2000\/svg\" width=\"16\" height=\"16\" fill=\"currentColor\" class=\"bi bi-bag\" viewBox=\"0 0 16 16\"><path d=\"M8 1a2 2 0 0 1 2 2v1h2.5A1.5 1.5 0 0 1 14 5.5v8A1.5 1.5 0 0 1 12.5 15h-9A1.5 1.5 0 0 1 2 13.5v-8A1.5 1.5 0 0 1 3.5 3H6V2a2 2 0 0 1 2-1zm1 3V3a1 1 0 0 0-2 0v1h2z\"\/><\/svg>Voir le produit<\/span><p class=\"rapido\">Livraison rapide<\/p><\/div><div class=\"lp-produit\"><div class=\"lp-thumbnail-wrapper\"><img loading=\"lazy\" decoding=\"async\" width=\"300\" height=\"300\" src=\"https:\/\/www.interflora.fr\/blog\/wp-content\/uploads\/2025\/05\/2BFM-800Wx800H-0-1-25-300x300.jpg\" class=\"attachment-medium size-medium wp-post-image\" alt=\"\" srcset=\"https:\/\/www.interflora.fr\/blog\/wp-content\/uploads\/2025\/05\/2BFM-800Wx800H-0-1-25-300x300.jpg 300w, https:\/\/www.interflora.fr\/blog\/wp-content\/uploads\/2025\/05\/2BFM-800Wx800H-0-1-25-150x150.jpg 150w, https:\/\/www.interflora.fr\/blog\/wp-content\/uploads\/2025\/05\/2BFM-800Wx800H-0-1-25-768x768.jpg 768w, https:\/\/www.interflora.fr\/blog\/wp-content\/uploads\/2025\/05\/2BFM-800Wx800H-0-1-25.jpg 800w\" sizes=\"auto, (max-width: 300px) 100vw, 300px\" \/><img decoding=\"async\" class=\"lp-badge\" src=\"https:\/\/www.interflora.fr\/blog\/wp-content\/uploads\/2025\/06\/logo-circle.png\" alt=\"Livraison rapide Interflora\"><\/div><span>Le bouquet cr\u00e9atif du fleuriste multicolore<\/span><p>29.95 \u20ac<\/p><span class=\"obf-link lp-cta\" role=\"link\" tabindex=\"0\" data-b64=\"aHR0cHM6Ly93d3cuaW50ZXJmbG9yYS5mci9wL2JvdXF1ZXQtZmxldXJpc3RlLW11bHRpY29sb3JlLzEvRlI\/dXRtX21lZGl1bT1vcmdhbmljJnV0bV9zb3VyY2U9YmxvZ19wcm9kdWN0cyZ1dG1fY2FtcGFpZ249MkJGTQ==\" data-target=\"_blank\"><svg xmlns=\"http:\/\/www.w3.org\/2000\/svg\" width=\"16\" height=\"16\" fill=\"currentColor\" class=\"bi bi-bag\" viewBox=\"0 0 16 16\"><path d=\"M8 1a2 2 0 0 1 2 2v1h2.5A1.5 1.5 0 0 1 14 5.5v8A1.5 1.5 0 0 1 12.5 15h-9A1.5 1.5 0 0 1 2 13.5v-8A1.5 1.5 0 0 1 3.5 3H6V2a2 2 0 0 1 2-1zm1 3V3a1 1 0 0 0-2 0v1h2z\"\/><\/svg>Voir le produit<\/span><p class=\"rapido\">Fleurs fra\u00eeches<\/p><\/div><div class=\"lp-produit\"><div class=\"lp-thumbnail-wrapper\"><img loading=\"lazy\" decoding=\"async\" width=\"300\" height=\"300\" src=\"https:\/\/www.interflora.fr\/blog\/wp-content\/uploads\/2025\/05\/5PFDF-800Wx800H-0-1-13-300x300.jpg\" class=\"attachment-medium size-medium wp-post-image\" alt=\"\" srcset=\"https:\/\/www.interflora.fr\/blog\/wp-content\/uploads\/2025\/05\/5PFDF-800Wx800H-0-1-13-300x300.jpg 300w, https:\/\/www.interflora.fr\/blog\/wp-content\/uploads\/2025\/05\/5PFDF-800Wx800H-0-1-13-150x150.jpg 150w, https:\/\/www.interflora.fr\/blog\/wp-content\/uploads\/2025\/05\/5PFDF-800Wx800H-0-1-13-768x768.jpg 768w, https:\/\/www.interflora.fr\/blog\/wp-content\/uploads\/2025\/05\/5PFDF-800Wx800H-0-1-13.jpg 800w\" sizes=\"auto, (max-width: 300px) 100vw, 300px\" \/><img decoding=\"async\" class=\"lp-badge\" src=\"https:\/\/www.interflora.fr\/blog\/wp-content\/uploads\/2025\/06\/logo-circle.png\" alt=\"Livraison rapide Interflora\"><\/div><span>La plante fleurie du fleuriste<\/span><p>26.95 \u20ac<\/p><span class=\"obf-link lp-cta\" role=\"link\" tabindex=\"0\" data-b64=\"aHR0cHM6Ly93d3cuaW50ZXJmbG9yYS5mci9wL2ZldGUtZ3JhbmQtbWVyZS1wbGFudGUtZmxldXJpc3RlLzEvRlI\/dXRtX21lZGl1bT1vcmdhbmljJnV0bV9zb3VyY2U9YmxvZ19wcm9kdWN0cyZ1dG1fY2FtcGFpZ249NVBGREY=\" data-target=\"_blank\"><svg xmlns=\"http:\/\/www.w3.org\/2000\/svg\" width=\"16\" height=\"16\" fill=\"currentColor\" class=\"bi bi-bag\" viewBox=\"0 0 16 16\"><path d=\"M8 1a2 2 0 0 1 2 2v1h2.5A1.5 1.5 0 0 1 14 5.5v8A1.5 1.5 0 0 1 12.5 15h-9A1.5 1.5 0 0 1 2 13.5v-8A1.5 1.5 0 0 1 3.5 3H6V2a2 2 0 0 1 2-1zm1 3V3a1 1 0 0 0-2 0v1h2z\"\/><\/svg>Voir le produit<\/span><p class=\"rapido\">Top produit<\/p><\/div><div class=\"lp-produit\"><div class=\"lp-thumbnail-wrapper\"><img loading=\"lazy\" decoding=\"async\" width=\"300\" height=\"300\" src=\"https:\/\/www.interflora.fr\/blog\/wp-content\/uploads\/2025\/09\/2BFS-800Wx800H-0-1-25-300x300.jpg\" class=\"attachment-medium size-medium wp-post-image\" alt=\"\" srcset=\"https:\/\/www.interflora.fr\/blog\/wp-content\/uploads\/2025\/09\/2BFS-800Wx800H-0-1-25-300x300.jpg 300w, https:\/\/www.interflora.fr\/blog\/wp-content\/uploads\/2025\/09\/2BFS-800Wx800H-0-1-25-150x150.jpg 150w, https:\/\/www.interflora.fr\/blog\/wp-content\/uploads\/2025\/09\/2BFS-800Wx800H-0-1-25-768x768.jpg 768w, https:\/\/www.interflora.fr\/blog\/wp-content\/uploads\/2025\/09\/2BFS-800Wx800H-0-1-25.jpg 800w\" sizes=\"auto, (max-width: 300px) 100vw, 300px\" \/><img decoding=\"async\" class=\"lp-badge\" src=\"https:\/\/www.interflora.fr\/blog\/wp-content\/uploads\/2025\/06\/logo-circle.png\" alt=\"Livraison rapide Interflora\"><\/div><span>Le bouquet cr\u00e9atif du fleuriste de saison<\/span><p>36.95 \u20ac<\/p><span class=\"obf-link lp-cta\" role=\"link\" tabindex=\"0\" data-b64=\"aHR0cHM6Ly93d3cuaW50ZXJmbG9yYS5mci9wL2JvdXF1ZXQtZmxldXJpc3RlLWRlLXNhaXNvbi8xL0ZSP3V0bV9tZWRpdW09b3JnYW5pYyZ1dG1fc291cmNlPWJsb2dfcHJvZHVjdHMmdXRtX2NhbXBhaWduPTJCRlM=\" data-target=\"_blank\"><svg xmlns=\"http:\/\/www.w3.org\/2000\/svg\" width=\"16\" height=\"16\" fill=\"currentColor\" class=\"bi bi-bag\" viewBox=\"0 0 16 16\"><path d=\"M8 1a2 2 0 0 1 2 2v1h2.5A1.5 1.5 0 0 1 14 5.5v8A1.5 1.5 0 0 1 12.5 15h-9A1.5 1.5 0 0 1 2 13.5v-8A1.5 1.5 0 0 1 3.5 3H6V2a2 2 0 0 1 2-1zm1 3V3a1 1 0 0 0-2 0v1h2z\"\/><\/svg>Voir le produit<\/span><p class=\"rapido\">Fleurs fra\u00eeches<\/p><\/div><\/div>\n\n\n\n<h2 class=\"wp-block-heading\">L\u2019amaryllis White Nymph, v\u00e9ritable nymphe de l&rsquo;hiver<\/h2>\n\n\n\n<p>L&rsquo;<strong>amaryllis White Nymph<\/strong>&nbsp;appartient au genre Hippeastrum, originaire des zones tropicales d\u2019Am\u00e9rique du Sud. Contrairement aux vari\u00e9t\u00e9s classiques, elle se distingue par ses fleurs doubles, d&rsquo;un blanc pur, parfois l\u00e9g\u00e8rement iris\u00e9 de vert p\u00e2le en son centre. Sa floraison g\u00e9n\u00e9reuse peut atteindre 15 \u00e0 20 cm de diam\u00e8tre, cr\u00e9ant un effet visuel impressionnant particuli\u00e8rement appr\u00e9ciable en d\u00e9coration. Elle se cultive en pot et s\u2019\u00e9panouit en int\u00e9rieur, dans une pi\u00e8ce lumineuse, offrant un v\u00e9ritable spectacle floral qui dure plusieurs semaines.<\/p>\n\n\n\n<p>Cette plante est souvent associ\u00e9e \u00e0 la p\u00e9riode de No\u00ebl, pour la gr\u00e2ce et la puret\u00e9 qu&rsquo;elle d\u00e9gage. Elle fait d&rsquo;ailleurs son petit effet, plac\u00e9e en centre de table pour No\u00ebl ou comme cadeau v\u00e9g\u00e9tal raffin\u00e9 pour les f\u00eates de fin d&rsquo;ann\u00e9e.<\/p>\n\n\n\n<figure class=\"wp-block-image size-full\"><img loading=\"lazy\" decoding=\"async\" width=\"800\" height=\"533\" src=\"https:\/\/www.interflora.fr\/blog\/wp-content\/uploads\/2025\/10\/amaryllis-nymph.jpg\" alt=\"\" class=\"wp-image-54768\" srcset=\"https:\/\/www.interflora.fr\/blog\/wp-content\/uploads\/2025\/10\/amaryllis-nymph.jpg 800w, https:\/\/www.interflora.fr\/blog\/wp-content\/uploads\/2025\/10\/amaryllis-nymph-300x200.jpg 300w, https:\/\/www.interflora.fr\/blog\/wp-content\/uploads\/2025\/10\/amaryllis-nymph-768x512.jpg 768w\" sizes=\"auto, (max-width: 800px) 100vw, 800px\" \/><\/figure>\n\n\n\n<h2 class=\"wp-block-heading\">Entretien de l\u2019amaryllis White Nymph<\/h2>\n\n\n\n<p>Pour obtenir une floraison optimale, l&rsquo;entretien de l&rsquo;<strong>amaryllis White Nymph<\/strong>&nbsp;doit \u00eatre attentif et r\u00e9gulier. Voici quelques conseils pour vous assurer que votre plante reste en pleine forme :<\/p>\n\n\n\n<ul class=\"wp-block-list\">\n<li><strong>Exposition et temp\u00e9rature<\/strong> : installez l\u2019amaryllis dans un endroit lumineux, mais \u00e0 l&rsquo;abri des rayons directs du soleil. Une temp\u00e9rature douce comprise entre 18 \u00e0 22\u00b0C est id\u00e9ale pour cette plante tropicale.<\/li>\n\n\n\n<li><strong>Arrosage mod\u00e9r\u00e9<\/strong> : l\u2019arrosage doit \u00eatre fait avec mod\u00e9ration, car un exc\u00e8s d&rsquo;eau peut endommager les racines et freiner la floraison. Attendez simplement que la terre soit s\u00e8che avant d\u2019ajouter de l&rsquo;eau.<\/li>\n\n\n\n<li><strong>Engrais<\/strong> : durant sa croissance, il est recommand\u00e9 d&rsquo;ajouter un engrais liquide pour plantes fleuries toutes les deux semaines, afin de lui apporter tous les nutriments n\u00e9cessaires pour une floraison \u00e9clatante.<\/li>\n<\/ul>\n\n\n\n<p>Apr\u00e8s la floraison, laissez le feuillage se dess\u00e9cher naturellement. Cette \u00e9tape est cruciale pour que le bulbe emmagasine de l&rsquo;\u00e9nergie et puisse refleurir l\u2019ann\u00e9e suivante. Conservez le bulbe dans un endroit sombre et frais jusqu&rsquo;\u00e0 la prochaine saison de floraison.<\/p>\n\n\n\n<figure class=\"wp-block-image aligncenter size-full\"><img loading=\"lazy\" decoding=\"async\" width=\"800\" height=\"533\" src=\"https:\/\/www.interflora.fr\/blog\/wp-content\/uploads\/2025\/10\/amaryllis-white-nymph.jpg\" alt=\"amaryllis white nymph\" class=\"wp-image-54767\" srcset=\"https:\/\/www.interflora.fr\/blog\/wp-content\/uploads\/2025\/10\/amaryllis-white-nymph.jpg 800w, https:\/\/www.interflora.fr\/blog\/wp-content\/uploads\/2025\/10\/amaryllis-white-nymph-300x200.jpg 300w, https:\/\/www.interflora.fr\/blog\/wp-content\/uploads\/2025\/10\/amaryllis-white-nymph-768x512.jpg 768w\" sizes=\"auto, (max-width: 800px) 100vw, 800px\" \/><\/figure>\n\n\n\n<h2 class=\"wp-block-heading\">Plantation de l\u2019amaryllis White Nymph<\/h2>\n\n\n\n<p>Suivez ces quelques \u00e9tapes simples lors de la plantation de l\u2019<strong>amaryllis White Nymph<\/strong>&nbsp;afin de garantir un bon enracinement et une floraison g\u00e9n\u00e9reuse :<\/p>\n\n\n\n<ol class=\"wp-block-list\">\n<li><strong>Choisissez un pot<\/strong> <strong>assez grand et lourd<\/strong> pour soutenir le poids des fleurs. Un diam\u00e8tre de 20 cm est souvent suffisant.<\/li>\n\n\n\n<li><strong>Utilisez un substrat<\/strong> <strong>bien drain\u00e9<\/strong>, de pr\u00e9f\u00e9rence un m\u00e9lange de terreau l\u00e9ger et de sable pour \u00e9viter l\u2019humidit\u00e9 excessive.<\/li>\n\n\n\n<li><strong>Plantez le bulbe<\/strong> <strong>en laissant d\u00e9passer un tiers hors du sol<\/strong>. Tassez l\u00e9g\u00e8rement la terre autour du bulbe pour le stabiliser.<\/li>\n\n\n\n<li><strong>Arrosez l\u00e9g\u00e8rement<\/strong> apr\u00e8s la plantation, puis laissez le bulbe au sec pendant deux semaines pour favoriser l&rsquo;enracinement.<\/li>\n<\/ol>\n\n\n\n<p>\u00c0 partir de l\u00e0, suivez les \u00e9tapes d&rsquo;entretien d\u00e9crites pr\u00e9c\u00e9demment pour aider la plante \u00e0 se d\u00e9velopper. En quelques semaines, de magnifiques fleurs blanches doubles orneront votre int\u00e9rieur. Pour en profiter lors des f\u00eates de fin d&rsquo;ann\u00e9e, pensez \u00e0 les planter vers la mi-octobre.<\/p>\n\n\n<div class=\"lp-produits-grid\"><div class=\"lp-produit\"><div class=\"lp-thumbnail-wrapper\"><img loading=\"lazy\" decoding=\"async\" width=\"300\" height=\"300\" src=\"https:\/\/www.interflora.fr\/blog\/wp-content\/uploads\/2025\/09\/2BFS-800Wx800H-0-1-25-300x300.jpg\" class=\"attachment-medium size-medium wp-post-image\" alt=\"\" srcset=\"https:\/\/www.interflora.fr\/blog\/wp-content\/uploads\/2025\/09\/2BFS-800Wx800H-0-1-25-300x300.jpg 300w, https:\/\/www.interflora.fr\/blog\/wp-content\/uploads\/2025\/09\/2BFS-800Wx800H-0-1-25-150x150.jpg 150w, https:\/\/www.interflora.fr\/blog\/wp-content\/uploads\/2025\/09\/2BFS-800Wx800H-0-1-25-768x768.jpg 768w, https:\/\/www.interflora.fr\/blog\/wp-content\/uploads\/2025\/09\/2BFS-800Wx800H-0-1-25.jpg 800w\" sizes=\"auto, (max-width: 300px) 100vw, 300px\" \/><img decoding=\"async\" class=\"lp-badge\" src=\"https:\/\/www.interflora.fr\/blog\/wp-content\/uploads\/2025\/06\/logo-circle.png\" alt=\"Livraison rapide Interflora\"><\/div><span>Le bouquet cr\u00e9atif du fleuriste de saison<\/span><p>36.95 \u20ac<\/p><span class=\"obf-link lp-cta\" role=\"link\" tabindex=\"0\" data-b64=\"aHR0cHM6Ly93d3cuaW50ZXJmbG9yYS5mci9wL2JvdXF1ZXQtZmxldXJpc3RlLWRlLXNhaXNvbi8xL0ZSP3V0bV9tZWRpdW09b3JnYW5pYyZ1dG1fc291cmNlPWJsb2dfcHJvZHVjdHMmdXRtX2NhbXBhaWduPTJCRlM=\" data-target=\"_blank\"><svg xmlns=\"http:\/\/www.w3.org\/2000\/svg\" width=\"16\" height=\"16\" fill=\"currentColor\" class=\"bi bi-bag\" viewBox=\"0 0 16 16\"><path d=\"M8 1a2 2 0 0 1 2 2v1h2.5A1.5 1.5 0 0 1 14 5.5v8A1.5 1.5 0 0 1 12.5 15h-9A1.5 1.5 0 0 1 2 13.5v-8A1.5 1.5 0 0 1 3.5 3H6V2a2 2 0 0 1 2-1zm1 3V3a1 1 0 0 0-2 0v1h2z\"\/><\/svg>Voir le produit<\/span><p class=\"rapido\">Top produit<\/p><\/div><div class=\"lp-produit\"><div class=\"lp-thumbnail-wrapper\"><img loading=\"lazy\" decoding=\"async\" width=\"300\" height=\"300\" src=\"https:\/\/www.interflora.fr\/blog\/wp-content\/uploads\/2025\/05\/B2LY-800Wx800H-0-1-5-300x300.jpg\" class=\"attachment-medium size-medium wp-post-image\" alt=\"\" srcset=\"https:\/\/www.interflora.fr\/blog\/wp-content\/uploads\/2025\/05\/B2LY-800Wx800H-0-1-5-300x300.jpg 300w, https:\/\/www.interflora.fr\/blog\/wp-content\/uploads\/2025\/05\/B2LY-800Wx800H-0-1-5-150x150.jpg 150w, https:\/\/www.interflora.fr\/blog\/wp-content\/uploads\/2025\/05\/B2LY-800Wx800H-0-1-5-768x768.jpg 768w, https:\/\/www.interflora.fr\/blog\/wp-content\/uploads\/2025\/05\/B2LY-800Wx800H-0-1-5.jpg 800w\" sizes=\"auto, (max-width: 300px) 100vw, 300px\" \/><img decoding=\"async\" class=\"lp-badge\" src=\"https:\/\/www.interflora.fr\/blog\/wp-content\/uploads\/2025\/06\/logo-circle.png\" alt=\"Livraison rapide Interflora\"><\/div><span>Brass\u00e9e de lys<\/span><p>33.95 \u20ac<\/p><span class=\"obf-link lp-cta\" role=\"link\" tabindex=\"0\" data-b64=\"aHR0cHM6Ly93d3cuaW50ZXJmbG9yYS5mci9wL2NhZGVhdS1icmFzc2VlLWx5cy8xL0ZSP3V0bV9tZWRpdW09b3JnYW5pYyZ1dG1fc291cmNlPWJsb2dfcHJvZHVjdHMmdXRtX2NhbXBhaWduPUIyTFk=\" data-target=\"_blank\"><svg xmlns=\"http:\/\/www.w3.org\/2000\/svg\" width=\"16\" height=\"16\" fill=\"currentColor\" class=\"bi bi-bag\" viewBox=\"0 0 16 16\"><path d=\"M8 1a2 2 0 0 1 2 2v1h2.5A1.5 1.5 0 0 1 14 5.5v8A1.5 1.5 0 0 1 12.5 15h-9A1.5 1.5 0 0 1 2 13.5v-8A1.5 1.5 0 0 1 3.5 3H6V2a2 2 0 0 1 2-1zm1 3V3a1 1 0 0 0-2 0v1h2z\"\/><\/svg>Voir le produit<\/span><p class=\"rapido\">Livraison rapide<\/p><\/div><div class=\"lp-produit\"><div class=\"lp-thumbnail-wrapper\"><img loading=\"lazy\" decoding=\"async\" width=\"300\" height=\"300\" src=\"https:\/\/www.interflora.fr\/blog\/wp-content\/uploads\/2025\/05\/5PFDF-800Wx800H-0-1-13-300x300.jpg\" class=\"attachment-medium size-medium wp-post-image\" alt=\"\" srcset=\"https:\/\/www.interflora.fr\/blog\/wp-content\/uploads\/2025\/05\/5PFDF-800Wx800H-0-1-13-300x300.jpg 300w, https:\/\/www.interflora.fr\/blog\/wp-content\/uploads\/2025\/05\/5PFDF-800Wx800H-0-1-13-150x150.jpg 150w, https:\/\/www.interflora.fr\/blog\/wp-content\/uploads\/2025\/05\/5PFDF-800Wx800H-0-1-13-768x768.jpg 768w, https:\/\/www.interflora.fr\/blog\/wp-content\/uploads\/2025\/05\/5PFDF-800Wx800H-0-1-13.jpg 800w\" sizes=\"auto, (max-width: 300px) 100vw, 300px\" \/><img decoding=\"async\" class=\"lp-badge\" src=\"https:\/\/www.interflora.fr\/blog\/wp-content\/uploads\/2025\/06\/logo-circle.png\" alt=\"Livraison rapide Interflora\"><\/div><span>La plante fleurie du fleuriste<\/span><p>26.95 \u20ac<\/p><span class=\"obf-link lp-cta\" role=\"link\" tabindex=\"0\" data-b64=\"aHR0cHM6Ly93d3cuaW50ZXJmbG9yYS5mci9wL2ZldGUtZ3JhbmQtbWVyZS1wbGFudGUtZmxldXJpc3RlLzEvRlI\/dXRtX21lZGl1bT1vcmdhbmljJnV0bV9zb3VyY2U9YmxvZ19wcm9kdWN0cyZ1dG1fY2FtcGFpZ249NVBGREY=\" data-target=\"_blank\"><svg xmlns=\"http:\/\/www.w3.org\/2000\/svg\" width=\"16\" height=\"16\" fill=\"currentColor\" class=\"bi bi-bag\" viewBox=\"0 0 16 16\"><path d=\"M8 1a2 2 0 0 1 2 2v1h2.5A1.5 1.5 0 0 1 14 5.5v8A1.5 1.5 0 0 1 12.5 15h-9A1.5 1.5 0 0 1 2 13.5v-8A1.5 1.5 0 0 1 3.5 3H6V2a2 2 0 0 1 2-1zm1 3V3a1 1 0 0 0-2 0v1h2z\"\/><\/svg>Voir le produit<\/span><p class=\"rapido\">Livraison rapide<\/p><\/div><div class=\"lp-produit\"><div class=\"lp-thumbnail-wrapper\"><img loading=\"lazy\" decoding=\"async\" width=\"300\" height=\"300\" src=\"https:\/\/www.interflora.fr\/blog\/wp-content\/uploads\/2025\/05\/2BFM-800Wx800H-0-1-25-300x300.jpg\" class=\"attachment-medium size-medium wp-post-image\" alt=\"\" srcset=\"https:\/\/www.interflora.fr\/blog\/wp-content\/uploads\/2025\/05\/2BFM-800Wx800H-0-1-25-300x300.jpg 300w, https:\/\/www.interflora.fr\/blog\/wp-content\/uploads\/2025\/05\/2BFM-800Wx800H-0-1-25-150x150.jpg 150w, https:\/\/www.interflora.fr\/blog\/wp-content\/uploads\/2025\/05\/2BFM-800Wx800H-0-1-25-768x768.jpg 768w, https:\/\/www.interflora.fr\/blog\/wp-content\/uploads\/2025\/05\/2BFM-800Wx800H-0-1-25.jpg 800w\" sizes=\"auto, (max-width: 300px) 100vw, 300px\" \/><img decoding=\"async\" class=\"lp-badge\" src=\"https:\/\/www.interflora.fr\/blog\/wp-content\/uploads\/2025\/06\/logo-circle.png\" alt=\"Livraison rapide Interflora\"><\/div><span>Le bouquet cr\u00e9atif du fleuriste multicolore<\/span><p>29.95 \u20ac<\/p><span class=\"obf-link lp-cta\" role=\"link\" tabindex=\"0\" data-b64=\"aHR0cHM6Ly93d3cuaW50ZXJmbG9yYS5mci9wL2JvdXF1ZXQtZmxldXJpc3RlLW11bHRpY29sb3JlLzEvRlI\/dXRtX21lZGl1bT1vcmdhbmljJnV0bV9zb3VyY2U9YmxvZ19wcm9kdWN0cyZ1dG1fY2FtcGFpZ249MkJGTQ==\" data-target=\"_blank\"><svg xmlns=\"http:\/\/www.w3.org\/2000\/svg\" width=\"16\" height=\"16\" fill=\"currentColor\" class=\"bi bi-bag\" viewBox=\"0 0 16 16\"><path d=\"M8 1a2 2 0 0 1 2 2v1h2.5A1.5 1.5 0 0 1 14 5.5v8A1.5 1.5 0 0 1 12.5 15h-9A1.5 1.5 0 0 1 2 13.5v-8A1.5 1.5 0 0 1 3.5 3H6V2a2 2 0 0 1 2-1zm1 3V3a1 1 0 0 0-2 0v1h2z\"\/><\/svg>Voir le produit<\/span><p class=\"rapido\">Fleurs fra\u00eeches<\/p><\/div><\/div>\n\n\n\n<h2 class=\"wp-block-heading\">Les petits + qui font la diff\u00e9rence<\/h2>\n\n\n\n<p>Pour aller encore plus loin dans la culture de votre&nbsp;<strong>amaryllis White Nymph<\/strong>, voici quelques astuces :<\/p>\n\n\n\n<div class=\"wp-block-media-text is-stacked-on-mobile\"><figure class=\"wp-block-media-text__media\"><img loading=\"lazy\" decoding=\"async\" width=\"500\" height=\"500\" src=\"https:\/\/www.interflora.fr\/blog\/wp-content\/uploads\/2025\/10\/amaryllise-white-nymph.jpg\" alt=\"\" class=\"wp-image-54766 size-full\" srcset=\"https:\/\/www.interflora.fr\/blog\/wp-content\/uploads\/2025\/10\/amaryllise-white-nymph.jpg 500w, https:\/\/www.interflora.fr\/blog\/wp-content\/uploads\/2025\/10\/amaryllise-white-nymph-300x300.jpg 300w, https:\/\/www.interflora.fr\/blog\/wp-content\/uploads\/2025\/10\/amaryllise-white-nymph-150x150.jpg 150w\" sizes=\"auto, (max-width: 500px) 100vw, 500px\" \/><\/figure><div class=\"wp-block-media-text__content\">\n<ul class=\"wp-block-list\">\n<li><strong>Pour une plante bien dress\u00e9e<\/strong> : faites pivoter le pot d\u2019un quart de tour tous les jours, cela permettra \u00e0 la tige de pousser bien droite, \u00e9tant donn\u00e9 que cette plante a tendance \u00e0 se diriger vers la lumi\u00e8re.<\/li>\n\n\n\n<li><strong>Pr\u00e9paration pour No\u00ebl <\/strong>: ajustez la temp\u00e9rature de la pi\u00e8ce pour retarder ou acc\u00e9l\u00e9rer la floraison, et donc faire \u00e9clore votre amaryllis juste avant les f\u00eates. Une temp\u00e9rature plus fra\u00eeche ralentira la floraison, tandis qu\u2019une temp\u00e9rature plus chaude l&rsquo;acc\u00e9l\u00e8rera.<\/li>\n\n\n\n<li><strong>Utilisation comme centre de table<\/strong> : gr\u00e2ce \u00e0 sa floraison blanche et g\u00e9n\u00e9reuse, l\u2019amaryllis White Nymph peut constituer un magnifique centre de table pour No\u00ebl. Placez-la dans un joli cache-pot, entourez-la de feuillages verts ou de quelques branches de pin et de quelques bougies pour un effet encore plus festif.<\/li>\n<\/ul>\n<\/div><\/div>\n\n\n\n<p>L\u2019<strong>amaryllis White Nymph<\/strong>\u00a0s\u2019impose ainsi comme une fleur id\u00e9ale pour sublimer l\u2019hiver. N\u2019h\u00e9sitez pas \u00e0 consulter notre\u00a0<a href=\"https:\/\/www.interflora.fr\/blog\/amaryllis\/\">guide sur les amaryllis<\/a>\u00a0afin d&rsquo;en apprendre davantage sur cette plante ornementale. Et facilitez-vous les f\u00eates de fin d&rsquo;ann\u00e9e en profitant de notre service de livraison \u00e0 domicile de plantes et fleurs.<\/p>\n","protected":false},"excerpt":{"rendered":"<p>L\u2019amaryllis White Nymph&nbsp;est une merveille de la nature, id\u00e9ale pour \u00e9gayer l\u2019hiver avec ses fleurs blanches doubles, \u00e9l\u00e9gantes et d\u00e9licates. [&hellip;]<\/p>\n","protected":false},"author":11,"featured_media":54767,"comment_status":"open","ping_status":"open","sticky":false,"template":"","format":"standard","meta":{"_uag_custom_page_level_css":"","site-sidebar-layout":"default","site-content-layout":"","ast-site-content-layout":"default","site-content-style":"default","site-sidebar-style":"default","ast-global-header-display":"","ast-banner-title-visibility":"","ast-main-header-display":"","ast-hfb-above-header-display":"","ast-hfb-below-header-display":"","ast-hfb-mobile-header-display":"","site-post-title":"","ast-breadcrumbs-content":"","ast-featured-img":"","footer-sml-layout":"","ast-disable-related-posts":"","theme-transparent-header-meta":"","adv-header-id-meta":"","stick-header-meta":"","header-above-stick-meta":"","header-main-stick-meta":"","header-below-stick-meta":"","astra-migrate-meta-layouts":"default","ast-page-background-enabled":"default","ast-page-background-meta":{"desktop":{"background-color":"var(--ast-global-color-5)","background-image":"","background-repeat":"repeat","background-position":"center center","background-size":"auto","background-attachment":"scroll","background-type":"","background-media":"","overlay-type":"","overlay-color":"","overlay-opacity":"","overlay-gradient":""},"tablet":{"background-color":"","background-image":"","background-repeat":"repeat","background-position":"center center","background-size":"auto","background-attachment":"scroll","background-type":"","background-media":"","overlay-type":"","overlay-color":"","overlay-opacity":"","overlay-gradient":""},"mobile":{"background-color":"","background-image":"","background-repeat":"repeat","background-position":"center center","background-size":"auto","background-attachment":"scroll","background-type":"","background-media":"","overlay-type":"","overlay-color":"","overlay-opacity":"","overlay-gradient":""}},"ast-content-background-meta":{"desktop":{"background-color":"var(--ast-global-color-4)","background-image":"","background-repeat":"repeat","background-position":"center center","background-size":"auto","background-attachment":"scroll","background-type":"","background-media":"","overlay-type":"","overlay-color":"","overlay-opacity":"","overlay-gradient":""},"tablet":{"background-color":"var(--ast-global-color-4)","background-image":"","background-repeat":"repeat","background-position":"center center","background-size":"auto","background-attachment":"scroll","background-type":"","background-media":"","overlay-type":"","overlay-color":"","overlay-opacity":"","overlay-gradient":""},"mobile":{"background-color":"var(--ast-global-color-4)","background-image":"","background-repeat":"repeat","background-position":"center center","background-size":"auto","background-attachment":"scroll","background-type":"","background-media":"","overlay-type":"","overlay-color":"","overlay-opacity":"","overlay-gradient":""}},"footnotes":""},"categories":[183,182,202],"tags":[314],"class_list":["post-54747","post","type-post","status-publish","format-standard","has-post-thumbnail","hentry","category-fleurs","category-fleurs-bulbes","category-hiver","tag-amaryllis"],"uagb_featured_image_src":{"full":["https:\/\/www.interflora.fr\/blog\/wp-content\/uploads\/2025\/10\/amaryllis-white-nymph.jpg",800,533,false],"thumbnail":["https:\/\/www.interflora.fr\/blog\/wp-content\/uploads\/2025\/10\/amaryllis-white-nymph-150x150.jpg",150,150,true],"medium":["https:\/\/www.interflora.fr\/blog\/wp-content\/uploads\/2025\/10\/amaryllis-white-nymph-300x200.jpg",300,200,true],"medium_large":["https:\/\/www.interflora.fr\/blog\/wp-content\/uploads\/2025\/10\/amaryllis-white-nymph-768x512.jpg",768,512,true],"large":["https:\/\/www.interflora.fr\/blog\/wp-content\/uploads\/2025\/10\/amaryllis-white-nymph.jpg",800,533,false],"1536x1536":["https:\/\/www.interflora.fr\/blog\/wp-content\/uploads\/2025\/10\/amaryllis-white-nymph.jpg",800,533,false],"2048x2048":["https:\/\/www.interflora.fr\/blog\/wp-content\/uploads\/2025\/10\/amaryllis-white-nymph.jpg",800,533,false]},"uagb_author_info":{"display_name":"Interflora","author_link":"https:\/\/www.interflora.fr\/blog\/author\/lisa\/"},"uagb_comment_info":0,"uagb_excerpt":"L\u2019amaryllis White Nymph&nbsp;est une merveille de la nature, id\u00e9ale pour \u00e9gayer l\u2019hiver avec ses fleurs blanches doubles, \u00e9l\u00e9gantes et d\u00e9licates. [&hellip;]","yoast_meta":{"title":"Amaryllis White nymph : astuces entretien, plantation | Interflora","description":"Apprenez \u00e0 cultiver et entretenir l'amaryllis White Nymph pour obtenir des fleurs blanches doubles au charme d\u00e9licat."},"_links":{"self":[{"href":"https:\/\/www.interflora.fr\/blog\/wp-json\/wp\/v2\/posts\/54747","targetHints":{"allow":["GET"]}}],"collection":[{"href":"https:\/\/www.interflora.fr\/blog\/wp-json\/wp\/v2\/posts"}],"about":[{"href":"https:\/\/www.interflora.fr\/blog\/wp-json\/wp\/v2\/types\/post"}],"author":[{"embeddable":true,"href":"https:\/\/www.interflora.fr\/blog\/wp-json\/wp\/v2\/users\/11"}],"replies":[{"embeddable":true,"href":"https:\/\/www.interflora.fr\/blog\/wp-json\/wp\/v2\/comments?post=54747"}],"version-history":[{"count":0,"href":"https:\/\/www.interflora.fr\/blog\/wp-json\/wp\/v2\/posts\/54747\/revisions"}],"wp:featuredmedia":[{"embeddable":true,"href":"https:\/\/www.interflora.fr\/blog\/wp-json\/wp\/v2\/media\/54767"}],"wp:attachment":[{"href":"https:\/\/www.interflora.fr\/blog\/wp-json\/wp\/v2\/media?parent=54747"}],"wp:term":[{"taxonomy":"category","embeddable":true,"href":"https:\/\/www.interflora.fr\/blog\/wp-json\/wp\/v2\/categories?post=54747"},{"taxonomy":"post_tag","embeddable":true,"href":"https:\/\/www.interflora.fr\/blog\/wp-json\/wp\/v2\/tags?post=54747"}],"curies":[{"name":"wp","href":"https:\/\/api.w.org\/{rel}","templated":true}]}}