{"id":50643,"date":"2025-08-21T08:09:04","date_gmt":"2025-08-21T06:09:04","guid":{"rendered":"https:\/\/www.interflora.fr\/blog\/?p=50643"},"modified":"2025-08-21T08:09:05","modified_gmt":"2025-08-21T06:09:05","slug":"dipladenia-taille","status":"publish","type":"post","link":"https:\/\/www.interflora.fr\/blog\/dipladenia-taille\/","title":{"rendered":"Comment bien tailler le dipladenia ?"},"content":{"rendered":"\n<p>Le <strong>dipladenia<\/strong>, ou <strong>mandevilla<\/strong>, est une plante estivale au charme ind\u00e9niable. Ses fleurs exotiques en forme de trompette, son feuillage persistant et sa croissance rapide en font une plante de choix pour les balcons et jardins. Toutefois, la <strong>taille du dipladenia<\/strong> reste une \u00e9tape essentielle pour qu\u2019il conserve toute sa vigueur et son esth\u00e9tisme. Rassurez-vous, il n\u2019est pas n\u00e9cessaire d\u2019\u00eatre un jardinier chevronn\u00e9 pour la r\u00e9ussir. Quelques gestes simples suffisent. Alors, sans plus attendre, d\u00e9couvrez <strong>comment et quand tailler un diplad\u00e9nia.<\/strong><\/p>\n\n\n\n<figure class=\"wp-block-image aligncenter size-full\"><img loading=\"lazy\" decoding=\"async\" width=\"800\" height=\"484\" src=\"https:\/\/www.interflora.fr\/blog\/wp-content\/uploads\/2025\/08\/taille-mandevilla.jpg\" alt=\"Main tendue vers un dipladenia rose\" class=\"wp-image-50645\" srcset=\"https:\/\/www.interflora.fr\/blog\/wp-content\/uploads\/2025\/08\/taille-mandevilla.jpg 800w, https:\/\/www.interflora.fr\/blog\/wp-content\/uploads\/2025\/08\/taille-mandevilla-300x182.jpg 300w, https:\/\/www.interflora.fr\/blog\/wp-content\/uploads\/2025\/08\/taille-mandevilla-768x465.jpg 768w\" sizes=\"auto, (max-width: 800px) 100vw, 800px\" \/><\/figure>\n\n\n\n<h2 class=\"wp-block-heading\">Le dipladenia a-t-il besoin d\u2019\u00eatre taill\u00e9&nbsp;?<\/h2>\n\n\n\n<p>Le dipladenia, ou mandevilla, n\u2019a pas un besoin vital d\u2019\u00eatre taill\u00e9. Cependant, une petite coupe annuelle lui fera le plus grand bien.<\/p>\n\n\n\n<p>Tailler le dipladenia favorise sa <strong>floraison<\/strong>, stimule l\u2019apparition de <strong>nouvelles pousses<\/strong> et aide la plante \u00e0 garder une <strong>silhouette harmonieuse<\/strong>. Mais la taille permet aussi de limiter une trop grande expansion pour les cultures en int\u00e9rieur ou en pot, o\u00f9 l\u2019espace est plus restreint qu\u2019au jardin.<\/p>\n\n\n\n<p>La taille du dipladenia peut \u00eatre int\u00e9ressante \u00e9galement pour a\u00e9rer la plante et faciliter la circulation de l\u2019air entre le feuillage. Cela \u00e9vite une stagnation de l\u2019humidit\u00e9, responsable de <a href=\"https:\/\/www.interflora.fr\/blog\/dipladenia-feuilles-qui-jaunissent\/\">feuilles jaunissantes<\/a>.<\/p>\n\n\n\n<p>Enfin, une <strong>taille annuelle<\/strong> renforce la plante avant les p\u00e9riodes d\u00e9licates, comme l\u2019hivernage, et \u00e9vite que les tiges ne s\u2019emm\u00ealent ou ne deviennent trop ligneuses.<\/p>\n\n\n\n<h2 class=\"wp-block-heading\">Quand tailler le dipladenia&nbsp;?<\/h2>\n\n\n\n<p><strong>La taille d\u2019entretien se r\u00e9alise g\u00e9n\u00e9ralement \u00e0 la sortie de l\u2019hiver<\/strong>, entre f\u00e9vrier et avril selon les climats. Le bon timing pour la taille du dipladenia est une fois les risques de gel\u00e9es \u00e9cart\u00e9s et avant que la plante ne recommence \u00e0 se d\u00e9velopper. Cela permet de relancer la croissance en douceur avant la p\u00e9riode de floraison.<\/p>\n\n\n\n<p>Il est aussi possible de tailler le dipladenia avant l&rsquo;hiver, <strong>en automne, pour le faire hiverner ou simplement pour limiter son volume<\/strong>. Cette taille est notamment utile pour les plantes vigoureuses ou grimpantes, qui prennent rapidement de l\u2019ampleur.<\/p>\n\n\n\n<p>En quelques mots, retenez ceci&nbsp;: \u00e0 l\u2019automne pour le nettoyer, \u00e0 la fin de l\u2019hiver pour le dynamiser.<\/p>\n\n\n\n<figure class=\"wp-block-image aligncenter size-full\"><img loading=\"lazy\" decoding=\"async\" width=\"800\" height=\"547\" src=\"https:\/\/www.interflora.fr\/blog\/wp-content\/uploads\/2025\/08\/dipladenia-grimpant-taille.jpg\" alt=\"Dipladenia grimpant blanc contre le rebord d'une fen\u00eatre\" class=\"wp-image-50647\" srcset=\"https:\/\/www.interflora.fr\/blog\/wp-content\/uploads\/2025\/08\/dipladenia-grimpant-taille.jpg 800w, https:\/\/www.interflora.fr\/blog\/wp-content\/uploads\/2025\/08\/dipladenia-grimpant-taille-300x205.jpg 300w, https:\/\/www.interflora.fr\/blog\/wp-content\/uploads\/2025\/08\/dipladenia-grimpant-taille-768x525.jpg 768w\" sizes=\"auto, (max-width: 800px) 100vw, 800px\" \/><\/figure>\n\n\n\n<h2 class=\"wp-block-heading\">Comment tailler le dipladenia&nbsp;?<\/h2>\n\n\n\n<p><a href=\"https:\/\/www.interflora.fr\/blog\/dipladenia\/\">Le mandevilla<\/a> se taille avec un s\u00e9cateur propre et d\u00e9sinfect\u00e9. Une fois votre outil en main et vos gants enfil\u00e9s, voici les <strong>\u00e9tapes pour la taille du dipladenia<\/strong>&nbsp;:<\/p>\n\n\n\n<ul class=\"wp-block-list\">\n<li>Enlevez tout d\u2019abord les feuilles mortes \u00e0 la main, ainsi que les fleurs fan\u00e9es s\u2019il en reste, pour y voir plus clair.<\/li>\n\n\n\n<li>Coupez les tiges mortes ou ab\u00eem\u00e9es \u00e0 leur base.<\/li>\n\n\n\n<li>Raccourcissez les tiges principales d\u2019un tiers environ, en coupant juste au-dessus d\u2019un n\u0153ud (l\u00e0 o\u00f9 une feuille ou une nouvelle tige peut \u00e9merger).<\/li>\n\n\n\n<li>A\u00e9rez le centre de la plante pour laisser passer la lumi\u00e8re.<\/li>\n<\/ul>\n\n\n\n<p>Une fois taill\u00e9e, observez comment la plante r\u00e9agit. Une bonne taille du mandevilla se remarque quelques semaines plus tard&nbsp;: le feuillage devient plus dense, les tiges se ramifient et les boutons floraux se multiplient.<\/p>\n\n\n\n<h2 class=\"wp-block-heading\">Et concernant la taille du dipladenia en pot&nbsp;?<\/h2>\n\n\n\n<p>Si vous avez des <a href=\"https:\/\/www.interflora.fr\/blog\/dipladenia-en-pot\/\">dipladenias en pot<\/a>, soyez un peu plus d\u00e9licat. Leur syst\u00e8me racinaire \u00e9tant plus contraint, \u00e9vitez de les affaiblir par une taille trop s\u00e9v\u00e8re.<\/p>\n\n\n\n<p>Pensez \u00e9galement \u00e0 v\u00e9rifier si le pot est toujours adapt\u00e9. Un <strong>rempotage au d\u00e9but du printemps<\/strong> peut s\u2019av\u00e9rer n\u00e9cessaire tous les ans pour les jeunes sujets, et tous les deux, voire trois ans pour les plus matures. Profitez de ce moment pour proc\u00e9der \u00e0 sa taille.<\/p>\n\n\n\n<p>Voici <strong>comment tailler un dipladenia en pot<\/strong>&nbsp;:<\/p>\n\n\n\n<ul class=\"wp-block-list\">\n<li>Coupez en premier les branches mortes.<\/li>\n\n\n\n<li>Supprimez ensuite quelques branches secondaires pour que l\u2019\u00e9nergie de la plante se concentre sur les branches principales.<\/li>\n\n\n\n<li>Taillez les tiges pour lui donner la forme d\u00e9sir\u00e9e (en boule, en hauteur, en tige\u2026).<\/li>\n<\/ul>\n\n\n\n<figure class=\"wp-block-image aligncenter size-full\"><img loading=\"lazy\" decoding=\"async\" width=\"800\" height=\"800\" src=\"https:\/\/www.interflora.fr\/blog\/wp-content\/uploads\/2025\/08\/comment-tailler-dipladenia-en-pot.jpg\" alt=\"Dipladenia en pot sur une petite table dans un jardin\" class=\"wp-image-50648\" srcset=\"https:\/\/www.interflora.fr\/blog\/wp-content\/uploads\/2025\/08\/comment-tailler-dipladenia-en-pot.jpg 800w, https:\/\/www.interflora.fr\/blog\/wp-content\/uploads\/2025\/08\/comment-tailler-dipladenia-en-pot-300x300.jpg 300w, https:\/\/www.interflora.fr\/blog\/wp-content\/uploads\/2025\/08\/comment-tailler-dipladenia-en-pot-150x150.jpg 150w, https:\/\/www.interflora.fr\/blog\/wp-content\/uploads\/2025\/08\/comment-tailler-dipladenia-en-pot-768x768.jpg 768w\" sizes=\"auto, (max-width: 800px) 100vw, 800px\" \/><\/figure>\n\n\n\n<h2 class=\"wp-block-heading\">Le cas du dipladenia grimpant&nbsp;: taille esth\u00e9tique<\/h2>\n\n\n\n<p>Avec ses longues tiges souples, le dipladenia grimpant peut vite devenir envahissant s\u2019il n\u2019est pas guid\u00e9 et taill\u00e9. Pour<strong> l\u2019aider \u00e0 se d\u00e9velopper harmonieusement<\/strong> sur un treillis ou une rambarde, vous pouvez r\u00e9aliser une taille au d\u00e9but du printemps&nbsp;: une fois que les tiges principales sont attach\u00e9es au support, coupez les tiges trop longues ou qui partent \u00e0 l\u2019horizontale.<\/p>\n\n\n\n<p>La taille du dipladenia grimpant est certes tr\u00e8s utile pour le c\u00f4t\u00e9 esth\u00e9tique, mais il permet aussi de <strong>favoriser la floraison<\/strong> sur l\u2019ensemble de la plante.<\/p>\n","protected":false},"excerpt":{"rendered":"<p>Le dipladenia, ou mandevilla, est une plante estivale au charme ind\u00e9niable. Ses fleurs exotiques en forme de trompette, son feuillage [&hellip;]<\/p>\n","protected":false},"author":9,"featured_media":50646,"comment_status":"open","ping_status":"open","sticky":false,"template":"","format":"standard","meta":{"_uag_custom_page_level_css":"","site-sidebar-layout":"default","site-content-layout":"","ast-site-content-layout":"default","site-content-style":"default","site-sidebar-style":"default","ast-global-header-display":"","ast-banner-title-visibility":"","ast-main-header-display":"","ast-hfb-above-header-display":"","ast-hfb-below-header-display":"","ast-hfb-mobile-header-display":"","site-post-title":"","ast-breadcrumbs-content":"","ast-featured-img":"","footer-sml-layout":"","ast-disable-related-posts":"","theme-transparent-header-meta":"","adv-header-id-meta":"","stick-header-meta":"","header-above-stick-meta":"","header-main-stick-meta":"","header-below-stick-meta":"","astra-migrate-meta-layouts":"default","ast-page-background-enabled":"default","ast-page-background-meta":{"desktop":{"background-color":"var(--ast-global-color-5)","background-image":"","background-repeat":"repeat","background-position":"center center","background-size":"auto","background-attachment":"scroll","background-type":"","background-media":"","overlay-type":"","overlay-color":"","overlay-opacity":"","overlay-gradient":""},"tablet":{"background-color":"","background-image":"","background-repeat":"repeat","background-position":"center center","background-size":"auto","background-attachment":"scroll","background-type":"","background-media":"","overlay-type":"","overlay-color":"","overlay-opacity":"","overlay-gradient":""},"mobile":{"background-color":"","background-image":"","background-repeat":"repeat","background-position":"center center","background-size":"auto","background-attachment":"scroll","background-type":"","background-media":"","overlay-type":"","overlay-color":"","overlay-opacity":"","overlay-gradient":""}},"ast-content-background-meta":{"desktop":{"background-color":"var(--ast-global-color-4)","background-image":"","background-repeat":"repeat","background-position":"center center","background-size":"auto","background-attachment":"scroll","background-type":"","background-media":"","overlay-type":"","overlay-color":"","overlay-opacity":"","overlay-gradient":""},"tablet":{"background-color":"var(--ast-global-color-4)","background-image":"","background-repeat":"repeat","background-position":"center center","background-size":"auto","background-attachment":"scroll","background-type":"","background-media":"","overlay-type":"","overlay-color":"","overlay-opacity":"","overlay-gradient":""},"mobile":{"background-color":"var(--ast-global-color-4)","background-image":"","background-repeat":"repeat","background-position":"center center","background-size":"auto","background-attachment":"scroll","background-type":"","background-media":"","overlay-type":"","overlay-color":"","overlay-opacity":"","overlay-gradient":""}},"footnotes":""},"categories":[207,281],"tags":[],"class_list":["post-50643","post","type-post","status-publish","format-standard","has-post-thumbnail","hentry","category-plantes","category-plantes-fleuries"],"uagb_featured_image_src":{"full":["https:\/\/www.interflora.fr\/blog\/wp-content\/uploads\/2025\/08\/dipladenia-taille.jpg",1199,746,false],"thumbnail":["https:\/\/www.interflora.fr\/blog\/wp-content\/uploads\/2025\/08\/dipladenia-taille-150x150.jpg",150,150,true],"medium":["https:\/\/www.interflora.fr\/blog\/wp-content\/uploads\/2025\/08\/dipladenia-taille-300x187.jpg",300,187,true],"medium_large":["https:\/\/www.interflora.fr\/blog\/wp-content\/uploads\/2025\/08\/dipladenia-taille-768x478.jpg",768,478,true],"large":["https:\/\/www.interflora.fr\/blog\/wp-content\/uploads\/2025\/08\/dipladenia-taille-1024x637.jpg",1024,637,true],"1536x1536":["https:\/\/www.interflora.fr\/blog\/wp-content\/uploads\/2025\/08\/dipladenia-taille.jpg",1199,746,false],"2048x2048":["https:\/\/www.interflora.fr\/blog\/wp-content\/uploads\/2025\/08\/dipladenia-taille.jpg",1199,746,false]},"uagb_author_info":{"display_name":"Flora","author_link":"https:\/\/www.interflora.fr\/blog\/author\/fleurdeprovence\/"},"uagb_comment_info":0,"uagb_excerpt":"Le dipladenia, ou mandevilla, est une plante estivale au charme ind\u00e9niable. Ses fleurs exotiques en forme de trompette, son feuillage [&hellip;]","yoast_meta":{"title":"Taille du Dipladenia : les bons gestes pour tailler un dipladenia","description":"D\u00e9couvrez comment r\u00e9ussir la taille du dipladenia, une \u00e9tape cl\u00e9 pour obtenir une floraison g\u00e9n\u00e9reuse et ma\u00eetriser sa croissance."},"_links":{"self":[{"href":"https:\/\/www.interflora.fr\/blog\/wp-json\/wp\/v2\/posts\/50643","targetHints":{"allow":["GET"]}}],"collection":[{"href":"https:\/\/www.interflora.fr\/blog\/wp-json\/wp\/v2\/posts"}],"about":[{"href":"https:\/\/www.interflora.fr\/blog\/wp-json\/wp\/v2\/types\/post"}],"author":[{"embeddable":true,"href":"https:\/\/www.interflora.fr\/blog\/wp-json\/wp\/v2\/users\/9"}],"replies":[{"embeddable":true,"href":"https:\/\/www.interflora.fr\/blog\/wp-json\/wp\/v2\/comments?post=50643"}],"version-history":[{"count":0,"href":"https:\/\/www.interflora.fr\/blog\/wp-json\/wp\/v2\/posts\/50643\/revisions"}],"wp:featuredmedia":[{"embeddable":true,"href":"https:\/\/www.interflora.fr\/blog\/wp-json\/wp\/v2\/media\/50646"}],"wp:attachment":[{"href":"https:\/\/www.interflora.fr\/blog\/wp-json\/wp\/v2\/media?parent=50643"}],"wp:term":[{"taxonomy":"category","embeddable":true,"href":"https:\/\/www.interflora.fr\/blog\/wp-json\/wp\/v2\/categories?post=50643"},{"taxonomy":"post_tag","embeddable":true,"href":"https:\/\/www.interflora.fr\/blog\/wp-json\/wp\/v2\/tags?post=50643"}],"curies":[{"name":"wp","href":"https:\/\/api.w.org\/{rel}","templated":true}]}}