{"id":49878,"date":"2025-05-22T18:04:25","date_gmt":"2025-05-22T16:04:25","guid":{"rendered":"https:\/\/www.interflora.fr\/blog\/?p=48439"},"modified":"2025-06-24T09:47:40","modified_gmt":"2025-06-24T07:47:40","slug":"fleurs-sauvages","status":"publish","type":"post","link":"https:\/\/www.interflora.fr\/blog\/fleurs-sauvages\/","title":{"rendered":"Fleurs sauvages : les plus belles fleurs sauvages r\u00e9pandues dans la nature ou votre jardin"},"content":{"rendered":"\n<p>Les <strong>fleurs sauvages<\/strong> sont de petits tr\u00e9sors color\u00e9s que l\u2019on rencontre lors d\u2019une balade en for\u00eat, aux abords d\u2019un champ, au bord de la route ou encore dans les jardins, et qui poussent spontan\u00e9ment, comme un cadeau de la nature. Mais <strong>quelles sont ces fleurs sauvages que l\u2019on peut voir en France&nbsp;?<\/strong> Peut-on les ramasser&nbsp;? Les consommer&nbsp;? Et peut-on faire pousser ces <strong>petites fleurs sauvages<\/strong> dans son jardin&nbsp;?<\/p>\n\n\n\n<figure class=\"wp-block-image aligncenter size-full\"><img decoding=\"async\" src=\"https:\/\/www.interflora.fr\/blog\/wp-content\/uploads\/petites-fleurs-sauvages.jpg\" alt=\"Primev\u00e8res de toutes les couleurs\" class=\"wp-image-48433\"\/><\/figure>\n\n\n\n<h2 class=\"wp-block-heading\">Quelles fleurs sauvages trouve-t-on dans la nature en France&nbsp;?<\/h2>\n\n\n\n<p>La France abrite une <strong>grande diversit\u00e9 de fleurs<\/strong> gr\u00e2ce \u00e0 ses climats vari\u00e9s et ses paysages contrast\u00e9s. Des fleurs des champs aux esp\u00e8ces montagnardes, en passant par celles qui tapissent les sous-bois, les fleurs sauvages offrent \u00e0 quiconque croise leur chemin un \u00e9ventail de formes, de couleurs et de parfums.<\/p>\n\n\n\n<h3 class=\"wp-block-heading\">Quelques plantes sauvages fran\u00e7aises<\/h3>\n\n\n\n<p>Curieux de conna\u00eetre quelques <strong>esp\u00e8ces de fleurs sauvages<\/strong> que vous pourriez voir en vous promenant&nbsp;? En voici quelques-unes \u2026<\/p>\n\n\n\n<h4 class=\"wp-block-heading\">La p\u00e2querette<\/h4>\n\n\n\n<p>Incontournable des jardins et des prairies, cette petite fleur blanche au c\u0153ur jaune, bien connue de tous, fleurit presque toute l\u2019ann\u00e9e.<\/p>\n\n\n\n<h4 class=\"wp-block-heading\">Le coquelicot<\/h4>\n\n\n\n<p>Fleurs de printemps sauvages par excellence\u200b, les coquelicots sont le symbole des beaux jours. Ils colorent les champs de rouge d\u00e8s la fin avril.<\/p>\n\n\n\n<h4 class=\"wp-block-heading\">Le bleuet<\/h4>\n\n\n\n<p>Facilement reconnaissable par ses fleurs bleues, le bleuet devient de plus en plus rare dans l\u2019hexagone, mais les Fran\u00e7ais le s\u00e8ment volontiers dans leur jardin.<\/p>\n\n\n\n<figure class=\"wp-block-gallery has-nested-images columns-default is-cropped wp-block-gallery-1 is-layout-flex wp-block-gallery-is-layout-flex\">\n<figure class=\"wp-block-image size-large\"><img decoding=\"async\" data-id=\"48437\" src=\"https:\/\/www.interflora.fr\/blog\/wp-content\/uploads\/fleurs-sauvages-bleuet.jpg\" alt=\"Plusieurs bleuets sauvages\" class=\"wp-image-48437\"\/><\/figure>\n\n\n\n<figure class=\"wp-block-image size-large\"><img decoding=\"async\" data-id=\"48432\" src=\"https:\/\/www.interflora.fr\/blog\/wp-content\/uploads\/fleur-sauvage-coquelicot.jpg\" alt=\"Coquelicots dans un vase\" class=\"wp-image-48432\"\/><\/figure>\n<\/figure>\n\n\n\n<h4 class=\"wp-block-heading\">L\u2019\u00e9glantier<\/h4>\n\n\n\n<p>Cette rose sauvage aux fruits orang\u00e9s (les cynorhodons) est courante dans les haies champ\u00eatres.<\/p>\n\n\n\n<h4 class=\"wp-block-heading\">L\u2019ail des ours<\/h4>\n\n\n\n<p>Tr\u00e8s pr\u00e9sent dans les sous-bois humides, notamment en for\u00eat de Fontainebleau ou en Bretagne, l\u2019ail des ours d\u00e9gage une forte odeur d\u2019ail et forme de vastes tapis blancs au printemps.<\/p>\n\n\n\n<h4 class=\"wp-block-heading\">La violette odorante<\/h4>\n\n\n\n<p>Cette petite fleur discr\u00e8te, mais tr\u00e8s parfum\u00e9e, s\u2019\u00e9panouit \u00e0 l\u2019ombre des haies et des for\u00eats claires.<\/p>\n\n\n\n<h4 class=\"wp-block-heading\">La digitale pourpre<\/h4>\n\n\n\n<p>Spectaculaire par ses grandes hampes fleuries, elle pousse dans les clairi\u00e8res ou les lisi\u00e8res, en particulier dans l\u2019ouest de la France.<\/p>\n\n\n\n<h4 class=\"wp-block-heading\">La jacinthe des bois<\/h4>\n\n\n\n<p>La jacinthe des bois est une plante de la c\u00f4te Atlantique dont les clochettes bleues annoncent le retour du printemps.<\/p>\n\n\n\n<h4 class=\"wp-block-heading\">Le tr\u00e8fle des pr\u00e9s<\/h4>\n\n\n\n<p>Avec ses inflorescences d\u2019un joli rose violac\u00e9, il est omnipr\u00e9sent dans les prairies et tr\u00e8s appr\u00e9ci\u00e9 des abeilles.<\/p>\n\n\n\n<h4 class=\"wp-block-heading\">La mauve sylvestre<\/h4>\n\n\n\n<p>Ses grandes fleurs lavande stri\u00e9es de violet bordent souvent les chemins et les terrains vagues.<\/p>\n\n\n\n<h4 class=\"wp-block-heading\">La renou\u00e9e bistorte<\/h4>\n\n\n\n<p>Discr\u00e8te, mais \u00e9l\u00e9gante, la renou\u00e9e bistorte forme de longs \u00e9pis roses et est visible principalement dans les prairies humides.<\/p>\n\n\n\n<h4 class=\"wp-block-heading\">Le chardon commun<\/h4>\n\n\n\n<p>Plante robuste des friches et talus, le chardon se reconna\u00eet \u00e0 ses t\u00eates piquantes et mauves.<\/p>\n\n\n\n<h4 class=\"wp-block-heading\">La luzerne<\/h4>\n\n\n\n<p>Elle fait partie des fleurs sauvages vues au bord des routes, \u00e9gayant les trajets avec sa jolie couleur bleu violac\u00e9.<\/p>\n\n\n\n<h4 class=\"wp-block-heading\">La primev\u00e8re officinale<\/h4>\n\n\n\n<p>Surnomm\u00e9e \u00ab&nbsp;le coucou&nbsp;\u00bb, la primev\u00e8re annonce joliment le printemps avec ses petites fleurs jaunes en forme de clochettes.<\/p>\n\n\n\n<figure class=\"wp-block-gallery has-nested-images columns-default is-cropped wp-block-gallery-2 is-layout-flex wp-block-gallery-is-layout-flex\">\n<figure class=\"wp-block-image size-large\"><img decoding=\"async\" data-id=\"48438\" src=\"https:\/\/www.interflora.fr\/blog\/wp-content\/uploads\/fleur-sauvage-primevere.jpg\" alt=\"Primev\u00e8res vues de pr\u00e8s\" class=\"wp-image-48438\"\/><\/figure>\n\n\n\n<figure class=\"wp-block-image size-large\"><img decoding=\"async\" data-id=\"48435\" src=\"https:\/\/www.interflora.fr\/blog\/wp-content\/uploads\/fleurs-sauvages-paquerette.jpg\" alt=\"Champ de p\u00e2querettes\" class=\"wp-image-48435\"\/><\/figure>\n<\/figure>\n\n\n\n<h4 class=\"wp-block-heading\">La scabieuse colombaire<\/h4>\n\n\n\n<p>Robuste et fr\u00e9quente sur sols calcaires, la scabieuse colombaire produit de petites inflorescences lilas tr\u00e8s \u00e9l\u00e9gantes.<\/p>\n\n\n\n<h4 class=\"wp-block-heading\">L\u2019orchis pyramidal<\/h4>\n\n\n\n<p>Voici une orchid\u00e9e sauvage que l\u2019on aper\u00e7oit sur les pelouses s\u00e8ches et ensoleill\u00e9es, notamment dans le sud de la France.<\/p>\n\n\n\n<h3 class=\"wp-block-heading\">Quelle est la fleur sauvage la plus courante&nbsp;?<\/h3>\n\n\n\n<p>Parmi les fleurs sauvages les plus nombreuses en France, on retrouve notamment le <strong>pissenlit<\/strong>, la <strong>p\u00e2querette<\/strong> et l\u2019<strong>achill\u00e9e millefeuille<\/strong>. Cette derni\u00e8re, reconnaissable \u00e0 ses fleurs blanches en ombelles et \u00e0 ses feuilles tr\u00e8s d\u00e9coup\u00e9es, pousse presque partout et attire de nombreux insectes butineurs.<\/p>\n\n\n\n<h3 class=\"wp-block-heading\">Quelle est la fleur sauvage la plus rare&nbsp;?<\/h3>\n\n\n\n<p>L\u2019<strong>androsace du Dauphin\u00e9<\/strong>, r\u00e9cemment identifi\u00e9e comme esp\u00e8ce \u00e0 part enti\u00e8re, est sans doute l\u2019une des plus rares. End\u00e9mique des Alpes fran\u00e7aises, elle pousse uniquement \u00e0 tr\u00e8s haute altitude, dans des conditions extr\u00eames. <strong>Cette plante aux petites fleurs blanches est aujourd\u2019hui prot\u00e9g\u00e9e<\/strong>. La raret\u00e9 de certaines esp\u00e8ces nous rappelle combien la biodiversit\u00e9 est pr\u00e9cieuse\u2026 et fragile.<\/p>\n\n\n\n<h2 class=\"wp-block-heading\">Les fleurs sauvages sont-elles comestibles&nbsp;?<\/h2>\n\n\n\n<p>Pour certaines, oui. Il existe des <strong>fleurs sauvages non seulement comestibles mais aussi d\u00e9licieuses<\/strong>&nbsp;! Elles apportent couleur et saveur \u00e0 nos assiettes. De quoi satisfaire les sens\u2026 Alors, pourquoi s\u2019en priver&nbsp;?<\/p>\n\n\n\n<figure class=\"wp-block-image aligncenter size-full\"><img decoding=\"async\" src=\"https:\/\/www.interflora.fr\/blog\/wp-content\/uploads\/fleurs-sauvages-comestibles.jpg\" alt=\"Fleurs de violette dans une tasse\" class=\"wp-image-48434\"\/><\/figure>\n\n\n\n<p>Parmi les plus connues, on retrouve&nbsp;:<\/p>\n\n\n\n<ul class=\"wp-block-list\">\n<li><strong>L\u2019ail des ours<\/strong>&nbsp;: ses feuilles et ses fleurs au go\u00fbt aill\u00e9 se d\u00e9gustent en pesto ou en salade.<\/li>\n\n\n\n<li><strong>La violette<\/strong>&nbsp;: parfaite pour aromatiser des desserts ou des sirops.<\/li>\n\n\n\n<li><strong>Le coquelicot<\/strong>&nbsp;: ses p\u00e9tales peuvent \u00eatre utilis\u00e9s en infusion ou pour colorer des pr\u00e9parations. Effet garanti&nbsp;!<\/li>\n\n\n\n<li><strong>La fleur de pissenlit<\/strong>&nbsp;: elle se transforme en d\u00e9licieuse gel\u00e9e au go\u00fbt miell\u00e9.<\/li>\n\n\n\n<li><strong>La capucine sauvage<\/strong>&nbsp;: l\u00e9g\u00e8rement poivr\u00e9e, elle est parfaite en salade.<\/li>\n<\/ul>\n\n\n\n<p>Attention toutefois&nbsp;! <strong>Toutes les plantes sauvages ne sont pas comestibles<\/strong>, et certaines peuvent \u00eatre toxiques, comme le muguet ou le colchique. Avant toute cueillette, il est essentiel de bien identifier les esp\u00e8ces, id\u00e9alement \u00e0 l\u2019aide d\u2019un guide ou d\u2019une application sp\u00e9cialis\u00e9e.<\/p>\n\n\n\n<h2 class=\"wp-block-heading\">Peut-on cr\u00e9er un bouquet de fleurs sauvages&nbsp;?<\/h2>\n\n\n\n<p>Oui et non. La <strong>cueillette de fleurs sauvages<\/strong> est possible, mais elle reste encadr\u00e9e.<\/p>\n\n\n\n<p>Que dit la loi&nbsp;?<\/p>\n\n\n\n<p>La cueillette est autoris\u00e9e dans la nature \u00e0 condition de <strong>respecter les r\u00e8gles suivantes<\/strong>&nbsp;:<\/p>\n\n\n\n<ul class=\"wp-block-list\">\n<li>Ne pas pr\u00e9lever d\u2019esp\u00e8ces prot\u00e9g\u00e9es.<\/li>\n\n\n\n<li>Ne pas cueillir dans les parcs naturels sans autorisation.<\/li>\n\n\n\n<li>Cueillir raisonnablement&nbsp;: on recommande de ne jamais pr\u00e9lever plus d\u2019un tiers des fleurs sur un site donn\u00e9.<\/li>\n\n\n\n<li>V\u00e9rifier la r\u00e9glementation locale&nbsp;: certaines communes ou r\u00e9serves interdisent toute cueillette.<\/li>\n<\/ul>\n\n\n\n<p>Ayez le bon r\u00e9flexe&nbsp;: pour ne pas faire d\u2019erreur, renseignez-vous sur l\u2019INPN (Inventaire National du Patrimoine Naturel) ou sur le site de votre pr\u00e9fecture pour conna\u00eetre les esp\u00e8ces prot\u00e9g\u00e9es dans votre r\u00e9gion.<\/p>\n\n\n\n<p>Et si vous ne pouvez pas cr\u00e9er un bouquet de fleurs vous-m\u00eame, rien n\u2019est perdu&nbsp;! Il existe des <a href=\"https:\/\/www.interflora.fr\/c\/petits-prix\">bouquets \u00e0 petits prix<\/a> qui feront entrer la nature dans votre salon.<\/p>\n\n\n\n<figure class=\"wp-block-image aligncenter size-full\"><img decoding=\"async\" src=\"https:\/\/www.interflora.fr\/blog\/wp-content\/uploads\/bouquet-fleurs-sauvages-paquerettes.jpg\" alt=\"Bouquet de fleurs de p\u00e2querettes entour\u00e9 d'un ruban\" class=\"wp-image-48431\"\/><\/figure>\n\n\n\n<h2 class=\"wp-block-heading\">Peut-on cultiver des fleurs sauvages dans son jardin&nbsp;?<\/h2>\n\n\n\n<p>Int\u00e9grer des fleurs sauvages dans son jardin est une excellente fa\u00e7on de favoriser la biodiversit\u00e9 et cr\u00e9er un espace vivant et color\u00e9.<\/p>\n\n\n\n<p>Si vous cherchez des <strong>fleurs sauvages des jardins faciles \u00e0 cultiver<\/strong>, vous pouvez choisir, par exemple&nbsp;:<\/p>\n\n\n\n<ul class=\"wp-block-list\">\n<li>des coquelicots&nbsp;: ils appr\u00e9cient les sols pauvres et ensoleill\u00e9s.<\/li>\n\n\n\n<li>des bleuets&nbsp;: id\u00e9al pour les terrains bien drain\u00e9s.<\/li>\n\n\n\n<li>de la camomille&nbsp;: parfaite pour les zones ensoleill\u00e9es.<\/li>\n<\/ul>\n\n\n\n<p><strong>Semer des <\/strong><a href=\"https:\/\/www.interflora.fr\/blog\/fleurs-sauvages\/\"><strong>fleurs des champs<\/strong><\/a>, c\u2019est tr\u00e8s simple\u00a0:<\/p>\n\n\n\n<ul class=\"wp-block-list\">\n<li>Pr\u00e9parez le sol en le d\u00e9sherbant et en le ratissant.<\/li>\n\n\n\n<li>Semez au printemps ou \u00e0 l&rsquo;automne, selon les esp\u00e8ces.<\/li>\n\n\n\n<li>Arrosez l\u00e9g\u00e8rement jusqu&rsquo;\u00e0 la germination.<\/li>\n<\/ul>\n\n\n\n<p>Un jardin parsem\u00e9 de fleurs sauvages est non seulement esth\u00e9tique mais aussi b\u00e9n\u00e9fique pour les pollinisateurs et la faune locale. Alors, n\u2019h\u00e9sitez pas et semez&nbsp;!<\/p>\n","protected":false},"excerpt":{"rendered":"<p>Les fleurs sauvages sont de petits tr\u00e9sors color\u00e9s que l\u2019on rencontre lors d\u2019une balade en for\u00eat, aux abords d\u2019un champ, [&hellip;]<\/p>\n","protected":false},"author":1,"featured_media":48436,"comment_status":"closed","ping_status":"closed","sticky":false,"template":"","format":"standard","meta":{"_uag_custom_page_level_css":"","site-sidebar-layout":"default","site-content-layout":"","ast-site-content-layout":"default","site-content-style":"default","site-sidebar-style":"default","ast-global-header-display":"","ast-banner-title-visibility":"","ast-main-header-display":"","ast-hfb-above-header-display":"","ast-hfb-below-header-display":"","ast-hfb-mobile-header-display":"","site-post-title":"","ast-breadcrumbs-content":"","ast-featured-img":"","footer-sml-layout":"","ast-disable-related-posts":"","theme-transparent-header-meta":"","adv-header-id-meta":"","stick-header-meta":"","header-above-stick-meta":"","header-main-stick-meta":"","header-below-stick-meta":"","astra-migrate-meta-layouts":"set","ast-page-background-enabled":"default","ast-page-background-meta":{"desktop":{"background-color":"var(--ast-global-color-4)","background-image":"","background-repeat":"repeat","background-position":"center center","background-size":"auto","background-attachment":"scroll","background-type":"","background-media":"","overlay-type":"","overlay-color":"","overlay-gradient":""},"tablet":{"background-color":"","background-image":"","background-repeat":"repeat","background-position":"center center","background-size":"auto","background-attachment":"scroll","background-type":"","background-media":"","overlay-type":"","overlay-color":"","overlay-gradient":""},"mobile":{"background-color":"","background-image":"","background-repeat":"repeat","background-position":"center center","background-size":"auto","background-attachment":"scroll","background-type":"","background-media":"","overlay-type":"","overlay-color":"","overlay-gradient":""}},"ast-content-background-meta":{"desktop":{"background-color":"var(--ast-global-color-5)","background-image":"","background-repeat":"repeat","background-position":"center center","background-size":"auto","background-attachment":"scroll","background-type":"","background-media":"","overlay-type":"","overlay-color":"","overlay-gradient":""},"tablet":{"background-color":"var(--ast-global-color-5)","background-image":"","background-repeat":"repeat","background-position":"center center","background-size":"auto","background-attachment":"scroll","background-type":"","background-media":"","overlay-type":"","overlay-color":"","overlay-gradient":""},"mobile":{"background-color":"var(--ast-global-color-5)","background-image":"","background-repeat":"repeat","background-position":"center center","background-size":"auto","background-attachment":"scroll","background-type":"","background-media":"","overlay-type":"","overlay-color":"","overlay-gradient":""}},"footnotes":""},"categories":[196,183],"tags":[361],"class_list":["post-49878","post","type-post","status-publish","format-standard","has-post-thumbnail","hentry","category-fleurs-champs","category-fleurs","tag-fleurs-des-champs"],"uagb_featured_image_src":{"full":false,"thumbnail":false,"medium":false,"medium_large":false,"large":false,"1536x1536":false,"2048x2048":false},"uagb_author_info":{"display_name":"admin","author_link":"https:\/\/www.interflora.fr\/blog\/author\/admin\/"},"uagb_comment_info":0,"uagb_excerpt":"Les fleurs sauvages sont de petits tr\u00e9sors color\u00e9s que l\u2019on rencontre lors d\u2019une balade en for\u00eat, aux abords d\u2019un champ, [&hellip;]","yoast_meta":{"title":"Fleurs Sauvages : vari\u00e9t\u00e9s \u00e0 d\u00e9couvrir dans la nature fran\u00e7aise","description":"Quelles fleurs sauvages trouve-t-on en France ? Apprenez \u00e0 identifier, cueillir et cultiver les plus belles esp\u00e8ces locales dans votre jardin."},"_links":{"self":[{"href":"https:\/\/www.interflora.fr\/blog\/wp-json\/wp\/v2\/posts\/49878","targetHints":{"allow":["GET"]}}],"collection":[{"href":"https:\/\/www.interflora.fr\/blog\/wp-json\/wp\/v2\/posts"}],"about":[{"href":"https:\/\/www.interflora.fr\/blog\/wp-json\/wp\/v2\/types\/post"}],"author":[{"embeddable":true,"href":"https:\/\/www.interflora.fr\/blog\/wp-json\/wp\/v2\/users\/1"}],"replies":[{"embeddable":true,"href":"https:\/\/www.interflora.fr\/blog\/wp-json\/wp\/v2\/comments?post=49878"}],"version-history":[{"count":0,"href":"https:\/\/www.interflora.fr\/blog\/wp-json\/wp\/v2\/posts\/49878\/revisions"}],"wp:featuredmedia":[{"embeddable":true,"href":"https:\/\/www.interflora.fr\/blog\/wp-json\/"}],"wp:attachment":[{"href":"https:\/\/www.interflora.fr\/blog\/wp-json\/wp\/v2\/media?parent=49878"}],"wp:term":[{"taxonomy":"category","embeddable":true,"href":"https:\/\/www.interflora.fr\/blog\/wp-json\/wp\/v2\/categories?post=49878"},{"taxonomy":"post_tag","embeddable":true,"href":"https:\/\/www.interflora.fr\/blog\/wp-json\/wp\/v2\/tags?post=49878"}],"curies":[{"name":"wp","href":"https:\/\/api.w.org\/{rel}","templated":true}]}}