{"id":49875,"date":"2025-06-26T13:28:57","date_gmt":"2025-06-26T11:28:57","guid":{"rendered":"https:\/\/www.interflora.fr\/blog\/?p=48526"},"modified":"2025-06-26T15:42:43","modified_gmt":"2025-06-26T13:42:43","slug":"recevoir-en-exterieur-les-tendances-pour-une-table-de-jardin-elegante-et-fonctionnelle","status":"publish","type":"post","link":"https:\/\/www.interflora.fr\/blog\/recevoir-en-exterieur-les-tendances-pour-une-table-de-jardin-elegante-et-fonctionnelle\/","title":{"rendered":"Recevoir en ext\u00e9rieur : les tendances pour une table de jardin \u00e9l\u00e9gante et fonctionnelle"},"content":{"rendered":"\n<p>Les beaux jours sont l\u00e0, et avec eux revient le plaisir simple mais pr\u00e9cieux de partager un repas \u00e0 l\u2019ext\u00e9rieur. Recevoir dans son jardin ou sur sa terrasse, c\u2019est bien plus qu\u2019un simple d\u00eener : c\u2019est offrir un moment suspendu, une parenth\u00e8se conviviale et naturelle. Pour en profiter pleinement, la table devient un \u00e9l\u00e9ment central. Aujourd\u2019hui, elle se veut autant esth\u00e9tique que bien pens\u00e9e. Une <strong><a href=\"https:\/\/www.maisonsdumonde.com\/FR\/fr\/c\/tables-de-jardin-ncec914a933299e6b557802c93a8e159355e80da\">table de jardin pratique et confortable<\/a><\/strong> n\u2019est plus un luxe, mais une \u00e9vidence pour sublimer vos instants \u00e0 ciel ouvert. Certaines marques comme Maisons du Monde illustrent bien cette recherche d\u2019\u00e9quilibre entre design et fonctionnalit\u00e9 dans leurs inspirations d\u2019am\u00e9nagement ext\u00e9rieur.<\/p>\n\n\n\n<h2 class=\"wp-block-heading\">Bien choisir la mati\u00e8re et la couleur de sa table de jardin<\/h2>\n\n\n\n<figure class=\"wp-block-image alignright size-full is-resized\"><img decoding=\"async\" src=\"https:\/\/www.interflora.fr\/blog\/wp-content\/uploads\/image-1-1.jpg\" alt=\"\" class=\"wp-image-48530\" style=\"width:273px;height:auto\"\/><\/figure>\n\n\n\n<p>L\u2019\u00e9l\u00e9gance passe d\u2019abord par les mat\u00e9riaux. Pour votre table, trois grands choix dominent les tendances actuelles.<\/p>\n\n\n\n<p><strong>Le bois naturel<\/strong> s\u00e9duit toujours autant par sa chaleur et sa capacit\u00e9 \u00e0 dialoguer avec l\u2019environnement v\u00e9g\u00e9tal. Du teck \u00e0 l\u2019acacia, il s\u2019int\u00e8gre tout en douceur, apportant un cachet authentique \u00e0 votre ext\u00e9rieur. On retrouve souvent ce type d\u2019essence dans les collections de marques comme Maisons du Monde, avec des lignes sobres et des structures l\u00e9g\u00e8res. <\/p>\n\n\n\n<p><strong>Le m\u00e9tal<\/strong>, souvent sous forme d\u2019aluminium ou d\u2019acier trait\u00e9, permet des designs fins et \u00e9l\u00e9gants. Associ\u00e9 \u00e0 des plateaux en c\u00e9ramique ou en verre tremp\u00e9, il donne une note contemporaine tout en restant r\u00e9sistant aux intemp\u00e9ries.<\/p>\n\n\n\n<p><strong>Les mat\u00e9riaux composites<\/strong>, comme la r\u00e9sine tress\u00e9e ou les fibres synth\u00e9tiques, offrent une alternative durable et facile \u00e0 vivre. Parfaits si vous souhaitez une table facile d\u2019entretien sans faire de compromis sur le style.<\/p>\n\n\n\n<blockquote class=\"wp-block-quote has-background is-layout-flow wp-block-quote-is-layout-flow\" style=\"background-color:#e0d7c1\">\n<p><strong>\ud83c\udf3c<\/strong> <strong>Le conseil de Flora<\/strong><br><em>Si vous choisissez le bois, appliquez une huile protectrice d\u00e8s le d\u00e9but de saison. Non seulement cela prolonge la vie de votre mobilier, mais cela lui conserve aussi ce joli ton dor\u00e9 que l\u2019on aime tant.<\/em><\/p>\n<\/blockquote>\n\n\n\n<figure class=\"wp-block-image aligncenter size-full\"><img decoding=\"async\" src=\"https:\/\/www.interflora.fr\/blog\/wp-content\/uploads\/image-1.jpg\" alt=\"\" class=\"wp-image-48527\"\/><\/figure>\n\n\n\n<p>Pour cr\u00e9er une atmosph\u00e8re harmonieuse, les teintes naturelles sont \u00e0 privil\u00e9gier. Beige sable, gris clair, bois brut ou blanc cass\u00e9 : ces couleurs douces se fondent dans le d\u00e9cor v\u00e9g\u00e9tal et invitent \u00e0 la s\u00e9r\u00e9nit\u00e9.<\/p>\n\n\n\n<p>Les finitions <strong>mates<\/strong> ont la faveur du moment. Elles absorbent la lumi\u00e8re sans l\u2019\u00e9blouir, et donnent une impression plus chaleureuse au toucher. Vous pouvez aussi jouer sur les contrastes : un plateau en bois clair sur des pieds m\u00e9talliques noirs cr\u00e9e un \u00e9quilibre subtil entre nature et modernit\u00e9.<\/p>\n\n\n\n<p>Une belle table doit pouvoir \u00e9voluer avec vos envies. C\u2019est pourquoi les <strong>mod\u00e8les extensibles<\/strong> sont si populaires. En quelques gestes, votre table passe de 4 \u00e0 10 places, sans compromettre ni la stabilit\u00e9 ni l\u2019esth\u00e9tique.<\/p>\n\n\n\n<p>Les <strong>formes rondes<\/strong> favorisent les discussions anim\u00e9es et les \u00e9changes spontan\u00e9s, tandis que les <strong>mod\u00e8les rectangulaires<\/strong> s\u2019adaptent facilement \u00e0 diff\u00e9rents agencements. Dans les petits espaces, les <strong>tables pliantes ou demi-lunes<\/strong> permettent d\u2019optimiser chaque m\u00e8tre carr\u00e9 sans renoncer \u00e0 l\u2019\u00e9l\u00e9gance.<\/p>\n\n\n\n<h2 class=\"wp-block-heading\">Vaisselle et accessoires : l\u2019art de la mise en sc\u00e8ne<\/h2>\n\n\n\n<p>La d\u00e9coration de table participe pleinement \u00e0 l\u2019\u00e9motion d\u2019un repas en ext\u00e9rieur. Une jolie vaisselle, un textile soign\u00e9, une lumi\u00e8re tamis\u00e9e\u2026 autant de d\u00e9tails qui racontent une histoire.<\/p>\n\n\n\n<p>Le <strong>gr\u00e8s<\/strong> ou la <strong>m\u00e9lamine de qualit\u00e9<\/strong> remplacent avantageusement la porcelaine classique. Ils r\u00e9sistent mieux aux chocs et peuvent se permettre des motifs inspir\u00e9s de la nature, des textures mates, ou encore des couleurs profondes et vibrantes. Associez-les \u00e0 des <strong>verres teint\u00e9s<\/strong>, des <strong>couverts sobres mais raffin\u00e9s<\/strong>, et le tour est jou\u00e9.<\/p>\n\n\n\n<p>C\u00f4t\u00e9 linge, les <strong>nappes en lin lav\u00e9<\/strong>, les <strong>sets de table tress\u00e9s<\/strong> ou les <strong>serviettes en coton bio<\/strong> apportent du caract\u00e8re. Un joli coussin pos\u00e9 sur chaque assise transforme une simple chaise en si\u00e8ge accueillant.<\/p>\n\n\n\n<blockquote class=\"wp-block-quote has-background is-layout-flow wp-block-quote-is-layout-flow\" style=\"background-color:#e0d7c1\">\n<p>\ud83c\udf3c <strong>Le conseil de Flora<\/strong><br><em>Pensez \u00e0 accorder votre vaisselle avec l\u2019ambiance v\u00e9g\u00e9tale : des tons verts et terracotta dans un jardin fleuri, des bleus et beiges si vous \u00eates pr\u00e8s d\u2019un bassin ou d\u2019une piscine. L\u2019harmonie visuelle contribue pleinement \u00e0 l\u2019exp\u00e9rience.<\/em><\/p>\n\n\n\n<figure class=\"wp-block-image aligncenter size-full\"><img decoding=\"async\" src=\"https:\/\/www.interflora.fr\/blog\/wp-content\/uploads\/image-1.png\" alt=\"\" class=\"wp-image-48531\"\/><\/figure>\n<\/blockquote>\n\n\n\n<p>Lorsque le jour d\u00e9cline, l\u2019ambiance lumineuse prend le relais pour cr\u00e9er une atmosph\u00e8re magique. Des <strong>guirlandes LED suspendues \u00e0 une pergola<\/strong>, des <strong>bougies pos\u00e9es sur la table<\/strong>, ou des <strong>lanternes solaires<\/strong> diss\u00e9min\u00e9es dans le jardin : la lumi\u00e8re devient complice de vos soir\u00e9es.<\/p>\n\n\n\n<p>Quelques <strong>photophores<\/strong> en verre, ou m\u00eame de simples pots de yaourt recycl\u00e9s, suffisent \u00e0 diffuser une lueur douce. Ajoutez un <strong>centre de table v\u00e9g\u00e9tal<\/strong> \u2014 quelques branches d\u2019olivier, un petit bouquet de lavande \u2014 et vous obtenez une mise en sc\u00e8ne aussi simple qu\u2019\u00e9l\u00e9gante.<\/p>\n\n\n\n<p>Recevoir en ext\u00e9rieur demande aussi de penser \u00e0 la logistique. Une <strong>table facile \u00e0 nettoyer<\/strong>, avec des mat\u00e9riaux non poreux, vous fera gagner un temps pr\u00e9cieux. Les <strong>dessertes \u00e0 roulettes<\/strong>, les <strong>glaci\u00e8res dissimul\u00e9es sous la table<\/strong>, ou les <strong>rangements int\u00e9gr\u00e9s<\/strong> sont autant d\u2019astuces qui all\u00e8gent la pr\u00e9paration et laissent plus de place \u00e0 l\u2019instant pr\u00e9sent.<\/p>\n\n\n\n<figure class=\"wp-block-image aligncenter size-full is-resized\"><img decoding=\"async\" src=\"https:\/\/www.interflora.fr\/blog\/wp-content\/uploads\/image-2.jpg\" alt=\"\" class=\"wp-image-48535\" style=\"width:678px;height:auto\"\/><\/figure>\n\n\n\n<p>Certains mod\u00e8les int\u00e8grent m\u00eame des plateaux tournants ou des compartiments pour condiments : des petits plus qui changent tout quand on re\u00e7oit souvent.<\/p>\n\n\n\n<p>Enfin, votre table ne vit pas seule. Elle s\u2019ins\u00e8re dans un espace pens\u00e9 globalement : <em>mobilier d\u2019appoint, ombrage, v\u00e9g\u00e9tation, circulation fluide<\/em>. Pensez \u00e0 cr\u00e9er des zones : coin repas, espace d\u00e9tente, coin jeu\u2026 Cela permet \u00e0 chacun de trouver sa place et \u00e0 l\u2019espace de respirer.<\/p>\n\n\n\n<p>Une table bien int\u00e9gr\u00e9e, \u00e0 la fois belle, robuste et adapt\u00e9e \u00e0 vos besoins, devient alors le c\u0153ur vivant de vos \u00e9t\u00e9s. Elle rassemble, elle inspire, elle accompagne les rires et les conversations. Une promesse de beaux moments partag\u00e9s, dans un \u00e9crin de verdure.<\/p>\n","protected":false},"excerpt":{"rendered":"<p>Les beaux jours sont l\u00e0, et avec eux revient le plaisir simple mais pr\u00e9cieux de partager un repas \u00e0 l\u2019ext\u00e9rieur. [&hellip;]<\/p>\n","protected":false},"author":1,"featured_media":49910,"comment_status":"closed","ping_status":"closed","sticky":false,"template":"","format":"standard","meta":{"_uag_custom_page_level_css":"","site-sidebar-layout":"default","site-content-layout":"","ast-site-content-layout":"default","site-content-style":"default","site-sidebar-style":"default","ast-global-header-display":"","ast-banner-title-visibility":"","ast-main-header-display":"","ast-hfb-above-header-display":"","ast-hfb-below-header-display":"","ast-hfb-mobile-header-display":"","site-post-title":"","ast-breadcrumbs-content":"","ast-featured-img":"","footer-sml-layout":"","ast-disable-related-posts":"","theme-transparent-header-meta":"","adv-header-id-meta":"","stick-header-meta":"","header-above-stick-meta":"","header-main-stick-meta":"","header-below-stick-meta":"","astra-migrate-meta-layouts":"set","ast-page-background-enabled":"default","ast-page-background-meta":{"desktop":{"background-color":"var(--ast-global-color-4)","background-image":"","background-repeat":"repeat","background-position":"center center","background-size":"auto","background-attachment":"scroll","background-type":"","background-media":"","overlay-type":"","overlay-color":"","overlay-gradient":""},"tablet":{"background-color":"","background-image":"","background-repeat":"repeat","background-position":"center center","background-size":"auto","background-attachment":"scroll","background-type":"","background-media":"","overlay-type":"","overlay-color":"","overlay-gradient":""},"mobile":{"background-color":"","background-image":"","background-repeat":"repeat","background-position":"center center","background-size":"auto","background-attachment":"scroll","background-type":"","background-media":"","overlay-type":"","overlay-color":"","overlay-gradient":""}},"ast-content-background-meta":{"desktop":{"background-color":"var(--ast-global-color-5)","background-image":"","background-repeat":"repeat","background-position":"center center","background-size":"auto","background-attachment":"scroll","background-type":"","background-media":"","overlay-type":"","overlay-color":"","overlay-gradient":""},"tablet":{"background-color":"var(--ast-global-color-5)","background-image":"","background-repeat":"repeat","background-position":"center center","background-size":"auto","background-attachment":"scroll","background-type":"","background-media":"","overlay-type":"","overlay-color":"","overlay-gradient":""},"mobile":{"background-color":"var(--ast-global-color-5)","background-image":"","background-repeat":"repeat","background-position":"center center","background-size":"auto","background-attachment":"scroll","background-type":"","background-media":"","overlay-type":"","overlay-color":"","overlay-gradient":""}},"footnotes":""},"categories":[217,215,164],"tags":[],"class_list":["post-49875","post","type-post","status-publish","format-standard","has-post-thumbnail","hentry","category-conseils-jardin","category-deco-amenagement","category-actualites-interflora"],"uagb_featured_image_src":{"full":["https:\/\/www.interflora.fr\/blog\/wp-content\/uploads\/2025\/05\/image-1-1.jpg",648,660,false],"thumbnail":["https:\/\/www.interflora.fr\/blog\/wp-content\/uploads\/2025\/05\/image-1-1-150x150.jpg",150,150,true],"medium":["https:\/\/www.interflora.fr\/blog\/wp-content\/uploads\/2025\/05\/image-1-1-295x300.jpg",295,300,true],"medium_large":["https:\/\/www.interflora.fr\/blog\/wp-content\/uploads\/2025\/05\/image-1-1.jpg",648,660,false],"large":["https:\/\/www.interflora.fr\/blog\/wp-content\/uploads\/2025\/05\/image-1-1.jpg",648,660,false],"1536x1536":["https:\/\/www.interflora.fr\/blog\/wp-content\/uploads\/2025\/05\/image-1-1.jpg",648,660,false],"2048x2048":["https:\/\/www.interflora.fr\/blog\/wp-content\/uploads\/2025\/05\/image-1-1.jpg",648,660,false]},"uagb_author_info":{"display_name":"admin","author_link":"https:\/\/www.interflora.fr\/blog\/author\/admin\/"},"uagb_comment_info":0,"uagb_excerpt":"Les beaux jours sont l\u00e0, et avec eux revient le plaisir simple mais pr\u00e9cieux de partager un repas \u00e0 l\u2019ext\u00e9rieur. [&hellip;]","yoast_meta":{"title":"","description":"D\u00e9couvrez les tendances pour am\u00e9nager une table de jardin \u00e9l\u00e9gante et fonctionnelle. Mat\u00e9riaux, couleurs, accessoires : inspirez-vous pour recevoir en ext\u00e9rieur avec style et confort."},"_links":{"self":[{"href":"https:\/\/www.interflora.fr\/blog\/wp-json\/wp\/v2\/posts\/49875","targetHints":{"allow":["GET"]}}],"collection":[{"href":"https:\/\/www.interflora.fr\/blog\/wp-json\/wp\/v2\/posts"}],"about":[{"href":"https:\/\/www.interflora.fr\/blog\/wp-json\/wp\/v2\/types\/post"}],"author":[{"embeddable":true,"href":"https:\/\/www.interflora.fr\/blog\/wp-json\/wp\/v2\/users\/1"}],"replies":[{"embeddable":true,"href":"https:\/\/www.interflora.fr\/blog\/wp-json\/wp\/v2\/comments?post=49875"}],"version-history":[{"count":0,"href":"https:\/\/www.interflora.fr\/blog\/wp-json\/wp\/v2\/posts\/49875\/revisions"}],"wp:featuredmedia":[{"embeddable":true,"href":"https:\/\/www.interflora.fr\/blog\/wp-json\/wp\/v2\/media\/49910"}],"wp:attachment":[{"href":"https:\/\/www.interflora.fr\/blog\/wp-json\/wp\/v2\/media?parent=49875"}],"wp:term":[{"taxonomy":"category","embeddable":true,"href":"https:\/\/www.interflora.fr\/blog\/wp-json\/wp\/v2\/categories?post=49875"},{"taxonomy":"post_tag","embeddable":true,"href":"https:\/\/www.interflora.fr\/blog\/wp-json\/wp\/v2\/tags?post=49875"}],"curies":[{"name":"wp","href":"https:\/\/api.w.org\/{rel}","templated":true}]}}