{"id":48353,"date":"2025-05-19T15:03:02","date_gmt":"2025-05-19T13:03:02","guid":{"rendered":"https:\/\/www.interflora.fr\/blog\/?p=48353"},"modified":"2025-08-18T11:12:06","modified_gmt":"2025-08-18T09:12:06","slug":"fleurs-tendances-printemps","status":"publish","type":"post","link":"https:\/\/www.interflora.fr\/blog\/fleurs-tendances-printemps\/","title":{"rendered":"Les fleurs tendances \u00e0 adopter pour vos tenues de plage"},"content":{"rendered":"\n<p>Le printemps s\u2019est install\u00e9, les fleurs parent les jardins et l\u2019\u00e9t\u00e9 se dessine \u00e0 l\u2019horizon. Avec ce beau soleil et l\u2019air qui se r\u00e9chauffe, l\u2019envie de porter des habits fleuris et l\u00e9gers se fait de plus en plus pr\u00e9sente. Mais la question qui vous br\u00fble les l\u00e8vres est&nbsp;: quelle tenue de plage choisir et quelle fleur pour un v\u00eatement estival tendance et styl\u00e9&nbsp;?<\/p>\n\n\n\n<h2 class=\"wp-block-heading alignwide\">Une tenue de plage avec des fleurs&nbsp;: la tendance estivale<\/h2>\n\n\n\n<h3 class=\"wp-block-heading\">V\u00eatement imprim\u00e9 fleuri\u200b pour se d\u00e9tendre \u00e0 la plage<\/h3>\n\n\n\n<p>Au bord de l\u2019eau, rien de tel qu\u2019un <strong>v\u00eatement \u00e0 fleurs<\/strong> l\u00e9ger pour adopter un style \u00e0 la fois cool et solaire. Une robe portefeuille \u00e0 motifs floraux, un kimono fluide \u00e0 imprim\u00e9 fleuri, une jupe par\u00e9o style tahitien ou encore un petit short \u00e0 fleurs deviennent les compagnons r\u00eav\u00e9s pour fl\u00e2ner entre parasol et glaces \u00e0 l\u2019italienne.<\/p>\n\n\n\n<p>Pour pimper votre <a href=\"https:\/\/www.bananamoon.com\/fr\/tenue-plage\">tenue de plage<\/a>, vous pouvez aussi miser sur les accessoires fleuris&nbsp;: bijoux fantaisie \u00e0 fleurs, foulards imprim\u00e9s, sacs cabas fleuris, lunettes \u00e0 monture florale\u2026 les id\u00e9es ne manquent pas pour briller cet \u00e9t\u00e9.<\/p>\n\n\n\n<h3 class=\"wp-block-heading\">V\u00eatement \u00e0 fleurs pour \u00eatre \u00e9l\u00e9gante en soir\u00e9e<\/h3>\n\n\n\n<p>Les <strong>v\u00eatements \u00e0 fleurs<\/strong> pour femme\u200b se portent \u00e9galement lorsque le soleil d\u00e9cline, de pr\u00e9f\u00e9rence avec des imprim\u00e9s plus d\u00e9licats. Le short laisse place \u00e0 un pantalon fleuri l\u00e9g\u00e8rement transparent. Le kimono port\u00e9 simplement sur un maillot de bain en journ\u00e9e donne un coup de soleil \u00e0 une tenue satin\u00e9e en soir\u00e9e. Une combinaison \u00e0 fleurs aux tons profonds, une jupe fendue ou une robe longue fleurie sont d\u2019autres v\u00eatements parfaits pour un d\u00eener sur la plage ou une soir\u00e9e chic en terrasse.<\/p>\n\n\n\n<figure class=\"wp-block-image aligncenter size-full\"><img decoding=\"async\" src=\"https:\/\/www.interflora.fr\/blog\/wp-content\/uploads\/tenues-soirees-de-plage.jpg\" alt=\"Tenues de soir\u00e9es de plage\" class=\"wp-image-48355\"\/><\/figure>\n\n\n\n<h2 class=\"wp-block-heading alignwide\">Quels motifs de fleur choisir pour ses v\u00eatements et accessoires en \u00e9t\u00e9&nbsp;?<\/h2>\n\n\n\n<p>Toutes les fleurs \u00e0 la mode ne donnent pas le m\u00eame style \u00e0 votre tenue. En \u00e9t\u00e9, certaines s\u2019imposent plus que d&rsquo;autres pour sublimer un look estival.<\/p>\n\n\n\n<p>Les grosses fleurs exotiques, comme l\u2019hibiscus ou les orchid\u00e9es, font partie des incontournables. Les motifs de fleurs imposantes sont parfaits pour un effet vacances imm\u00e9diat. On les retrouve d\u2019ailleurs aussi dans la <a href=\"https:\/\/www.interflora.fr\/blog\/la-fleur-en-mode-homme\/\">mode fleurie masculine<\/a>.<\/p>\n\n\n\n<p>Les <strong>petites fleurs champ\u00eatres<\/strong>, elles, apportent une touche romantique et douce, id\u00e9ales pour une promenade au bord de l\u2019eau ou un brunch en bord de mer.<\/p>\n\n\n\n<p>Les <strong>imprim\u00e9s dits liberty <\/strong>(compos\u00e9s de minuscules fleurs serr\u00e9es) ont la c\u00f4te sur les blouses l\u00e9g\u00e8res, les jupes ou les robes vaporeuses.<\/p>\n\n\n\n<p>Pour une alternative aux fleurs, certains motifs s\u2019inspirent directement de la <strong>nature tropicale<\/strong>. Les grandes feuilles de palmier ou de monstera, souvent stylis\u00e9es, ajoutent une \u00e9l\u00e9gance plus sobre et contemporaine \u00e0 vos tenues estivales.<\/p>\n\n\n\n<h2 class=\"wp-block-heading alignwide\">Comment porter des v\u00eatements fleuris quand on n\u2019ose pas&nbsp;?<\/h2>\n\n\n\n<p>Les fleurs sur un v\u00eatement, c\u2019est joli, mais vous avez peur que cela soit un peu trop voyant&nbsp;? Rassurez-vous, il est tout \u00e0 fait possible de porter une tenue d\u2019\u00e9t\u00e9 fleurie sans que cela fasse too much. Il suffit d\u2019y aller par petites touches et de choisir des coloris discrets&nbsp;:<\/p>\n\n\n\n<div class=\"wp-block-media-text alignwide is-stacked-on-mobile\"><figure class=\"wp-block-media-text__media\"><img decoding=\"async\" src=\"https:\/\/www.interflora.fr\/blog\/wp-content\/uploads\/accessoire-fleuri-plage.jpg\" alt=\"\" class=\"wp-image-48356 size-full\"\/><\/figure><div class=\"wp-block-media-text__content\">\n<ul class=\"wp-block-list\">\n<li>Un <strong>petit top aux imprim\u00e9s floraux<\/strong> sobres port\u00e9 avec un bas de couleur neutre.<\/li>\n\n\n\n<li>Un <strong>v\u00eatement avec des motifs fleuris sur un fond fonc\u00e9<\/strong>&nbsp;: discret et \u00e9l\u00e9gant.<\/li>\n\n\n\n<li>Un <strong>accessoire fleuri<\/strong>\u00a0: un foulard, un sac ou encore des chaussures \u00e0 fleurs compl\u00e8tent une tenue unie \u00e0 merveille.<\/li>\n<\/ul>\n<\/div><\/div>\n\n\n\n<p><\/p>\n","protected":false},"excerpt":{"rendered":"<p>Le printemps s\u2019est install\u00e9, les fleurs parent les jardins et l\u2019\u00e9t\u00e9 se dessine \u00e0 l\u2019horizon. Avec ce beau soleil et [&hellip;]<\/p>\n","protected":false},"author":1,"featured_media":0,"comment_status":"open","ping_status":"open","sticky":false,"template":"","format":"standard","meta":{"_uag_custom_page_level_css":"","site-sidebar-layout":"default","site-content-layout":"","ast-site-content-layout":"default","site-content-style":"default","site-sidebar-style":"default","ast-global-header-display":"","ast-banner-title-visibility":"","ast-main-header-display":"","ast-hfb-above-header-display":"","ast-hfb-below-header-display":"","ast-hfb-mobile-header-display":"","site-post-title":"","ast-breadcrumbs-content":"","ast-featured-img":"","footer-sml-layout":"","ast-disable-related-posts":"","theme-transparent-header-meta":"","adv-header-id-meta":"","stick-header-meta":"","header-above-stick-meta":"","header-main-stick-meta":"","header-below-stick-meta":"","astra-migrate-meta-layouts":"set","ast-page-background-enabled":"default","ast-page-background-meta":{"desktop":{"background-color":"var(--ast-global-color-4)","background-image":"","background-repeat":"repeat","background-position":"center center","background-size":"auto","background-attachment":"scroll","background-type":"","background-media":"","overlay-type":"","overlay-color":"","overlay-gradient":""},"tablet":{"background-color":"","background-image":"","background-repeat":"repeat","background-position":"center center","background-size":"auto","background-attachment":"scroll","background-type":"","background-media":"","overlay-type":"","overlay-color":"","overlay-gradient":""},"mobile":{"background-color":"","background-image":"","background-repeat":"repeat","background-position":"center center","background-size":"auto","background-attachment":"scroll","background-type":"","background-media":"","overlay-type":"","overlay-color":"","overlay-gradient":""}},"ast-content-background-meta":{"desktop":{"background-color":"var(--ast-global-color-5)","background-image":"","background-repeat":"repeat","background-position":"center center","background-size":"auto","background-attachment":"scroll","background-type":"","background-media":"","overlay-type":"","overlay-color":"","overlay-gradient":""},"tablet":{"background-color":"var(--ast-global-color-5)","background-image":"","background-repeat":"repeat","background-position":"center center","background-size":"auto","background-attachment":"scroll","background-type":"","background-media":"","overlay-type":"","overlay-color":"","overlay-gradient":""},"mobile":{"background-color":"var(--ast-global-color-5)","background-image":"","background-repeat":"repeat","background-position":"center center","background-size":"auto","background-attachment":"scroll","background-type":"","background-media":"","overlay-type":"","overlay-color":"","overlay-gradient":""}},"footnotes":""},"categories":[183,194],"tags":[400],"class_list":["post-48353","post","type-post","status-publish","format-standard","hentry","category-fleurs","category-fleurs-et-culture","tag-vetements"],"uagb_featured_image_src":{"full":false,"thumbnail":false,"medium":false,"medium_large":false,"large":false,"1536x1536":false,"2048x2048":false},"uagb_author_info":{"display_name":"admin","author_link":"https:\/\/www.interflora.fr\/blog\/author\/admin\/"},"uagb_comment_info":0,"uagb_excerpt":"Le printemps s\u2019est install\u00e9, les fleurs parent les jardins et l\u2019\u00e9t\u00e9 se dessine \u00e0 l\u2019horizon. Avec ce beau soleil et [&hellip;]","yoast_meta":{"title":"V\u00eatement \u00e0 Fleurs : quelle tenue de plage pour un \u00e9t\u00e9 styl\u00e9 ? | Interflora","description":"Envie d\u2019un look estival fleuri ? Inspirez-vous de nos id\u00e9es pour une tenue de plage tendance : v\u00eatements \u00e0 fleurs, accessoires\u2026"},"_links":{"self":[{"href":"https:\/\/www.interflora.fr\/blog\/wp-json\/wp\/v2\/posts\/48353","targetHints":{"allow":["GET"]}}],"collection":[{"href":"https:\/\/www.interflora.fr\/blog\/wp-json\/wp\/v2\/posts"}],"about":[{"href":"https:\/\/www.interflora.fr\/blog\/wp-json\/wp\/v2\/types\/post"}],"author":[{"embeddable":true,"href":"https:\/\/www.interflora.fr\/blog\/wp-json\/wp\/v2\/users\/1"}],"replies":[{"embeddable":true,"href":"https:\/\/www.interflora.fr\/blog\/wp-json\/wp\/v2\/comments?post=48353"}],"version-history":[{"count":0,"href":"https:\/\/www.interflora.fr\/blog\/wp-json\/wp\/v2\/posts\/48353\/revisions"}],"wp:attachment":[{"href":"https:\/\/www.interflora.fr\/blog\/wp-json\/wp\/v2\/media?parent=48353"}],"wp:term":[{"taxonomy":"category","embeddable":true,"href":"https:\/\/www.interflora.fr\/blog\/wp-json\/wp\/v2\/categories?post=48353"},{"taxonomy":"post_tag","embeddable":true,"href":"https:\/\/www.interflora.fr\/blog\/wp-json\/wp\/v2\/tags?post=48353"}],"curies":[{"name":"wp","href":"https:\/\/api.w.org\/{rel}","templated":true}]}}