{"id":48287,"date":"2025-05-15T18:16:08","date_gmt":"2025-05-15T16:16:08","guid":{"rendered":"https:\/\/www.interflora.fr\/blog\/?p=48281"},"modified":"2026-03-27T10:08:20","modified_gmt":"2026-03-27T09:08:20","slug":"taille-des-pivoines","status":"publish","type":"post","link":"https:\/\/www.interflora.fr\/blog\/taille-des-pivoines\/","title":{"rendered":"Taille des pivoines : quand et comment bien tailler ses pivoines"},"content":{"rendered":"\n<p><strong>Quand et comment tailler les pivoines&nbsp;?<\/strong> <strong>Faut-il tailler les pivoines avant l&rsquo;hiver&nbsp;?<\/strong> Doit-on supprimer les <strong>fleurs fan\u00e9es<\/strong>&nbsp;? Voici quelques-unes des questions que vous vous posez s\u00fbrement si vous avez des pivoines dans votre jardin. Afin de vous aider \u00e0 bien les entretenir d\u2019une ann\u00e9e sur l\u2019autre, voici nos conseils. La <strong>taille des pivoines<\/strong> n\u2019aura plus de secrets pour vous&nbsp;!<\/p>\n\n\n\n<h2 class=\"wp-block-heading\">Faut-il tailler les pivoines&nbsp;?<\/h2>\n\n\n\n<p>Dans la grande famille des <a href=\"https:\/\/www.interflora.fr\/blog\/pivoine\/\">pivoines<\/a>, il existe deux esp\u00e8ces diff\u00e9rentes&nbsp;: les pivoines herbac\u00e9es et les pivoines arbustives. Et les deux ne demandent pas les m\u00eames soins.<\/p>\n\n\n\n<p>Les <strong>pivoines herbac\u00e9es<\/strong> disparaissent compl\u00e8tement en hiver. Pour les pr\u00e9parer \u00e0 passer la saison hivernale, \u00e9viter la prolif\u00e9ration de champignons et <a href=\"https:\/\/www.interflora.fr\/blog\/faire-fleurir-les-pivoines\/\">encourager une floraison g\u00e9n\u00e9reuse<\/a> au printemps suivant, elles doivent \u00eatre taill\u00e9es.<\/p>\n\n\n\n<p>Les <strong>pivoines arbustives<\/strong>, quant \u00e0 elles, conservent leurs tiges en hiver et n\u2019ont pas un r\u00e9el besoin d\u2019\u00eatre taill\u00e9es. Cependant, il est possible de leur faire une petite coupe pour des raisons esth\u00e9tiques ou pour qu\u2019elles s\u2019\u00e9toffent en largeur plut\u00f4t qu\u2019en hauteur. En outre, la suppression des fleurs fan\u00e9es est recommand\u00e9e pour favoriser la floraison des boutons.<\/p>\n\n\n\n<h2 class=\"wp-block-heading\">Quand couper les pivoines&nbsp;?<\/h2>\n\n\n\n<p>La <strong>taille de la pivoine herbac\u00e9e<\/strong> s\u2019effectue <strong>entre le d\u00e9but de l\u2019automne et les premiers jours de l&rsquo;hiver<\/strong> selon les r\u00e9gions. Pour ne pas vous tromper, surveillez le feuillage&nbsp;! L\u2019important est d\u2019attendre que les feuilles soient tomb\u00e9es et que la plante entre en dormance. Il est important de ne pas couper les pivoines trop t\u00f4t, car le feuillage et les tiges fl\u00e9tris sont de pr\u00e9cieux nutriments n\u00e9cessaires \u00e0 la croissance de la plante l\u2019ann\u00e9e suivante.<\/p>\n\n\n\n<p>Si vous souhaitez <strong>tailler une pivoine arbustive<\/strong>, c\u2019est g\u00e9n\u00e9ralement <strong>au d\u00e9but du printemps<\/strong> que vous devrez vous y atteler, juste avant que les bourgeons ne s\u2019ouvrent. Mais pour rappel, ce n\u2019est pas obligatoire. Nous vous recommandons d\u2019ailleurs de <strong>ne pas tailler vos pivoines arbustives chaque ann\u00e9e<\/strong> pour ne pas compromettre la floraison.<\/p>\n\n\n\n<figure class=\"wp-block-image aligncenter size-full\"><img decoding=\"async\" src=\"https:\/\/www.interflora.fr\/blog\/wp-content\/uploads\/quand-couper-pivoines.jpg\" alt=\"Pivoines roses dans un jardin\" class=\"wp-image-48283\"\/><\/figure>\n\n\n\n<h2 class=\"wp-block-heading\">Taille des pivoines, comment faire&nbsp;?<\/h2>\n\n\n\n<p>Une pivoine herbac\u00e9e et une arbustive ne se taillent pas de la m\u00eame fa\u00e7on.<\/p>\n\n\n\n<h3 class=\"wp-block-heading\">Taille d\u2019une pivoine herbac\u00e9e<\/h3>\n\n\n\n<p>Une fois le feuillage totalement fan\u00e9 et tomb\u00e9, il est temps de tailler vos pivoines.<\/p>\n\n\n\n<p><strong>Coupez toutes les tiges \u00e0 environ 5 \u00e0 10&nbsp;cm du sol<\/strong> en utilisant un s\u00e9cateur propre et bien aiguis\u00e9.<\/p>\n\n\n\n<p>Afin de prot\u00e9ger le cycle v\u00e9g\u00e9tatif, vous pouvez conserver 2 \u00e0 3 feuilles sur chaque tige. Si vous observez des champignons, coupez les parties atteintes.<\/p>\n\n\n\n<p>Ramassez les d\u00e9tritus et les feuilles mortes pour \u00e9viter la formation de champignons. Pensez \u00e0 pailler l\u00e9g\u00e8rement pour <a href=\"https:\/\/www.interflora.fr\/blog\/preparer-et-proteger-pivoines-hiver\/\">prot\u00e9ger les pivoines en hiver<\/a>.<\/p>\n\n\n\n<h3 class=\"wp-block-heading\">Taille d\u2019une pivoine arbustive<\/h3>\n\n\n\n<p>Il s&rsquo;agit principalement de supprimer les branches mortes, et les fleurs fan\u00e9es pour \u00e9viter \u00e0 la plante de monter en graine et de s\u2019\u00e9puiser inutilement.&nbsp;<\/p>\n\n\n\n<p>Un petit coup de s\u00e9cateur permet aussi de redonner une forme harmonieuse \u00e0 l&rsquo;arbuste.<\/p>\n\n\n\n<p>Comment proc\u00e9der&nbsp;? <strong>Coupez maximum \u2153 de la tige, au-dessus du premier bourgeon<\/strong>. Id\u00e9alement, la taille s\u2019effectue sur les tiges de l\u2019ann\u00e9e pr\u00e9c\u00e9dente.<\/p>\n\n\n\n<p>Si certaines parties sont malades ou gel\u00e9es, vous pouvez les couper pour ne laisser que le bois sain.<\/p>\n\n\n\n<p>Si malheureusement votre pivoine arbustive est compl\u00e8tement s\u00e8che, mieux vaut la couper \u00e0 environ 10&nbsp;cm du sol. C\u2019est la seule fa\u00e7on pour qu\u2019elle reparte de plus belle.<\/p>\n\n\n\n<p>En attendant la prochaine floraison, rien ne vous emp\u00eache de vous offrir un magnifique <a href=\"https:\/\/www.interflora.fr\/c\/bouquet-pivoines\">bouquet de pivoines<\/a>.<\/p>\n\n\n\n<figure class=\"wp-block-image aligncenter size-full\"><img decoding=\"async\" src=\"https:\/\/www.interflora.fr\/blog\/wp-content\/uploads\/faut-il-tailler-pivoines.jpg\" alt=\"Une personne tenant des fleurs de pivoines en massif\" class=\"wp-image-48284\"\/><\/figure>\n\n\n\n<h2 class=\"wp-block-heading\">Et la coupe des fleurs fan\u00e9es dans tout \u00e7a&nbsp;?<\/h2>\n\n\n\n<p>Que faire lorsque les fleurs des pivoines sont fan\u00e9es&nbsp;?<\/p>\n\n\n\n<h3 class=\"wp-block-heading\">Faut-il enlever les fleurs fan\u00e9es&nbsp;?<\/h3>\n\n\n\n<p>La r\u00e9ponse est oui. Qu\u2019il s\u2019agisse de <a href=\"https:\/\/www.interflora.fr\/blog\/pivoine\/\">pivoines en pot<\/a> ou en pleine terre, cela permet \u00e0 la plante de ne pas gaspiller son \u00e9nergie \u00e0 produire des graines. Ainsi, elle sera redirig\u00e9e vers les racines pour pr\u00e9parer la floraison suivante.<\/p>\n\n\n\n<h3 class=\"wp-block-heading\">Quand couper les pivoines fan\u00e9es&nbsp;?<\/h3>\n\n\n\n<p>Juste apr\u00e8s la floraison, <strong>d\u00e8s que les p\u00e9tales commencent \u00e0 tomber<\/strong> ou que la fleur perd de sa beaut\u00e9 et de sa vitalit\u00e9. En g\u00e9n\u00e9ral, la fin de la floraison se situe entre mai et juillet, selon le climat et les vari\u00e9t\u00e9s de pivoines.<\/p>\n\n\n\n<h3 class=\"wp-block-heading\">Comment proc\u00e9der&nbsp;?<\/h3>\n\n\n\n<p>Pour les pivoines herbac\u00e9es, avec un s\u00e9cateur propre, <strong>coupez la tige florale juste au-dessus d\u2019une feuille ou d\u2019un n\u0153ud<\/strong>, sans blesser les bourgeons latents.<\/p>\n\n\n\n<p>Pour les pivoines arbustives, <strong>coupez la fleur fan\u00e9e au niveau du p\u00e9doncule<\/strong> sans toucher \u00e0 la branche principale.<\/p>\n\n\n\n<figure class=\"wp-block-image aligncenter size-full\"><img decoding=\"async\" src=\"https:\/\/www.interflora.fr\/blog\/wp-content\/uploads\/quand-couper-pivoines-fanees.jpg\" alt=\"Fleurs de pivoines en pleine floraison\" class=\"wp-image-48285\"\/><\/figure>\n\n\n\n<h2 class=\"wp-block-heading\">Erreurs \u00e0 \u00e9viter lors de la taille des pivoines<\/h2>\n\n\n\n<p>Sans s\u2019\u00eatre renseign\u00e9 au pr\u00e9alable, certaines erreurs sont courantes. Pour assurer la sant\u00e9 et la beaut\u00e9 de vos pivoines, voici ce qu\u2019il faut \u00e9viter&nbsp;:<\/p>\n\n\n\n<ul class=\"wp-block-list\">\n<li><strong>Tailler trop t\u00f4t<\/strong>&nbsp;: attendez que les feuilles soient tomb\u00e9es et que la plante soit en dormance avant de la tailler.<\/li>\n\n\n\n<li><strong>Utiliser des outils sales<\/strong> : toujours d\u00e9sinfecter vos outils avant la taille pour \u00e9viter la propagation de maladies.<\/li>\n\n\n\n<li><strong>Laisser les d\u00e9bris sur place<\/strong>&nbsp;: ramassez tous les d\u00e9bris v\u00e9g\u00e9taux autour de la plante pour pr\u00e9venir les maladies et les parasites.<\/li>\n<\/ul>\n\n\n\n<p><strong>Trop tailler les pivoines arbustives<\/strong>&nbsp;: ces plantes n\u2019appr\u00e9cient pas les tailles trop importantes et pourraient mettre plusieurs ann\u00e9es \u00e0 se remettre d\u2019une coupe drastique. Donc, \u00e0 moins que votre pivoine ne soit s\u00e8che, ayez la main l\u00e9g\u00e8re&nbsp;!<\/p>\n","protected":false},"excerpt":{"rendered":"<p>Quand et comment tailler les pivoines&nbsp;? Faut-il tailler les pivoines avant l&rsquo;hiver&nbsp;? Doit-on supprimer les fleurs fan\u00e9es&nbsp;? Voici quelques-unes des [&hellip;]<\/p>\n","protected":false},"author":1,"featured_media":48286,"comment_status":"open","ping_status":"open","sticky":false,"template":"","format":"standard","meta":{"_uag_custom_page_level_css":"","site-sidebar-layout":"default","site-content-layout":"","ast-site-content-layout":"default","site-content-style":"default","site-sidebar-style":"default","ast-global-header-display":"","ast-banner-title-visibility":"","ast-main-header-display":"","ast-hfb-above-header-display":"","ast-hfb-below-header-display":"","ast-hfb-mobile-header-display":"","site-post-title":"","ast-breadcrumbs-content":"","ast-featured-img":"","footer-sml-layout":"","ast-disable-related-posts":"","theme-transparent-header-meta":"","adv-header-id-meta":"","stick-header-meta":"","header-above-stick-meta":"","header-main-stick-meta":"","header-below-stick-meta":"","astra-migrate-meta-layouts":"set","ast-page-background-enabled":"default","ast-page-background-meta":{"desktop":{"background-color":"var(--ast-global-color-4)","background-image":"","background-repeat":"repeat","background-position":"center center","background-size":"auto","background-attachment":"scroll","background-type":"","background-media":"","overlay-type":"","overlay-color":"","overlay-gradient":""},"tablet":{"background-color":"","background-image":"","background-repeat":"repeat","background-position":"center center","background-size":"auto","background-attachment":"scroll","background-type":"","background-media":"","overlay-type":"","overlay-color":"","overlay-gradient":""},"mobile":{"background-color":"","background-image":"","background-repeat":"repeat","background-position":"center center","background-size":"auto","background-attachment":"scroll","background-type":"","background-media":"","overlay-type":"","overlay-color":"","overlay-gradient":""}},"ast-content-background-meta":{"desktop":{"background-color":"var(--ast-global-color-5)","background-image":"","background-repeat":"repeat","background-position":"center center","background-size":"auto","background-attachment":"scroll","background-type":"","background-media":"","overlay-type":"","overlay-color":"","overlay-gradient":""},"tablet":{"background-color":"var(--ast-global-color-5)","background-image":"","background-repeat":"repeat","background-position":"center center","background-size":"auto","background-attachment":"scroll","background-type":"","background-media":"","overlay-type":"","overlay-color":"","overlay-gradient":""},"mobile":{"background-color":"var(--ast-global-color-5)","background-image":"","background-repeat":"repeat","background-position":"center center","background-size":"auto","background-attachment":"scroll","background-type":"","background-media":"","overlay-type":"","overlay-color":"","overlay-gradient":""}},"footnotes":""},"categories":[183,168,348,485],"tags":[349],"class_list":["post-48287","post","type-post","status-publish","format-standard","has-post-thumbnail","hentry","category-fleurs","category-fleurs-massifs","category-pivoine","category-top","tag-pivoine"],"uagb_featured_image_src":{"full":false,"thumbnail":false,"medium":false,"medium_large":false,"large":false,"1536x1536":false,"2048x2048":false},"uagb_author_info":{"display_name":"admin","author_link":"https:\/\/www.interflora.fr\/blog\/author\/admin\/"},"uagb_comment_info":1,"uagb_excerpt":"Quand et comment tailler les pivoines&nbsp;? Faut-il tailler les pivoines avant l&rsquo;hiver&nbsp;? Doit-on supprimer les fleurs fan\u00e9es&nbsp;? Voici quelques-unes des [&hellip;]","yoast_meta":{"title":"Taille de la Pivoine : nos conseils pour Tailler vos Pivoines","description":"Tout savoir sur la taille de la pivoine : quand tailler les pivoines, comment faire ? Ayez les bons gestes pour garantir la sant\u00e9 de vos plantes."},"_links":{"self":[{"href":"https:\/\/www.interflora.fr\/blog\/wp-json\/wp\/v2\/posts\/48287","targetHints":{"allow":["GET"]}}],"collection":[{"href":"https:\/\/www.interflora.fr\/blog\/wp-json\/wp\/v2\/posts"}],"about":[{"href":"https:\/\/www.interflora.fr\/blog\/wp-json\/wp\/v2\/types\/post"}],"author":[{"embeddable":true,"href":"https:\/\/www.interflora.fr\/blog\/wp-json\/wp\/v2\/users\/1"}],"replies":[{"embeddable":true,"href":"https:\/\/www.interflora.fr\/blog\/wp-json\/wp\/v2\/comments?post=48287"}],"version-history":[{"count":1,"href":"https:\/\/www.interflora.fr\/blog\/wp-json\/wp\/v2\/posts\/48287\/revisions"}],"predecessor-version":[{"id":58513,"href":"https:\/\/www.interflora.fr\/blog\/wp-json\/wp\/v2\/posts\/48287\/revisions\/58513"}],"wp:featuredmedia":[{"embeddable":true,"href":"https:\/\/www.interflora.fr\/blog\/wp-json\/wp\/v2\/posts\/48286"}],"wp:attachment":[{"href":"https:\/\/www.interflora.fr\/blog\/wp-json\/wp\/v2\/media?parent=48287"}],"wp:term":[{"taxonomy":"category","embeddable":true,"href":"https:\/\/www.interflora.fr\/blog\/wp-json\/wp\/v2\/categories?post=48287"},{"taxonomy":"post_tag","embeddable":true,"href":"https:\/\/www.interflora.fr\/blog\/wp-json\/wp\/v2\/tags?post=48287"}],"curies":[{"name":"wp","href":"https:\/\/api.w.org\/{rel}","templated":true}]}}