{"id":48262,"date":"2016-05-30T15:56:21","date_gmt":"2016-05-30T13:56:21","guid":{"rendered":"http:\/\/www.interflora.fr\/blog\/?p=15669"},"modified":"2025-06-24T10:00:46","modified_gmt":"2025-06-24T08:00:46","slug":"gardenia","status":"publish","type":"post","link":"https:\/\/www.interflora.fr\/blog\/gardenia\/","title":{"rendered":"Le gard\u00e9nia, f\u00e9minin et d\u00e9licat"},"content":{"rendered":"<p><strong>Fleur immacul\u00e9e associ\u00e9e \u00e0 l\u2019\u00e9l\u00e9gance f\u00e9minine et \u00e0 la profondeur des sentiments, le gard\u00e9nia s\u00e9duit par son parfum puissant de jasmin d\u00e9licatement rehauss\u00e9 de vanille. R\u00e9put\u00e9 difficile d\u2019entretien sous nos latitudes, le gard\u00e9nia est un magnifique arbuste qu\u2019il est possible de cultiver en pot comme au jardin, moyennant quelques bons gestes au quotidien.<\/strong><\/p>\n<h2>Carte d\u2019identit\u00e9 du gard\u00e9nia<\/h2>\n<p><strong>Nom<\/strong> : Gardenia Augusta.<br \/>\n<strong>Type<\/strong> : plante fleurie, arbuste.<br \/>\n<strong>Famille<\/strong> : Rubiac\u00e9es.<br \/>\n<strong>Esp\u00e8ces<\/strong> : environ 200.<br \/>\n<strong>Origine<\/strong> : Asie (Chine, Japon, Ta\u00efwan).<br \/>\n<strong>Culture<\/strong> : difficile.<br \/>\n<strong>Floraison<\/strong> : juin \u00e0 novembre. Certaines esp\u00e8ces fleurissent en hiver.<br \/>\n<strong>Hauteur<\/strong> : jusqu\u2019\u00e0 1 m en pot et 12 m dans la nature.<br \/>\n<strong>Largeur<\/strong> : jusqu\u2019\u00e0 3 m.<br \/>\n<strong>Dur\u00e9e de vie<\/strong> : jusqu\u2019\u00e0 1 an \u00e0 l\u2019int\u00e9rieur et 8 ans en ext\u00e9rieur.<\/p>\n<h2>Les caract\u00e9ristiques du gard\u00e9nia<\/h2>\n<p><img loading=\"lazy\" decoding=\"async\" class=\"alignright size-full wp-image-15672\" src=\"\/\/www.interflora.fr\/blog\/wp-content\/uploads\/2016\/05\/Gardenia-jardin.jpg\" alt=\"Gardenia jardin\" width=\"200\" height=\"298\" \/><br \/>\nLe gard\u00e9nia se caract\u00e9rise par un feuillage coriace et verniss\u00e9, dont les feuilles regroup\u00e9es par trois peuvent atteindre 15 cm de long. Cet arbuste buissonnant s\u00e9duit surtout pour sa floraison au parfum capiteux et puissant, qui \u00e9voque la vanille et le <a title=\"Le jasmin, un parfum d\u2019Orient\" href=\"https:\/\/www.interflora.fr\/blog\/culture-jasmin\/\">jasmin<\/a>. La plante produit de grandes fleurs blanches ou cr\u00e8me en forme d\u2019\u00e9toiles, qui se d\u00e9veloppent g\u00e9n\u00e9ralement entre mai et novembre.<br \/>\nCertaines esp\u00e8ces sont appr\u00e9ci\u00e9es pour leur floraison hivernale, comme le gard\u00e9nia Veitchiana. Mais la vari\u00e9t\u00e9 star du gard\u00e9nia est incontestablement le paradisiaque <a title=\"Le Tiar\u00e9 Tahiti, un parfum de paradis\" href=\"https:\/\/www.interflora.fr\/blog\/le-tiare-tahiti-un-parfum-de-paradis\/\">tiar\u00e9<\/a>, ou gardenia tahitensis, qui s\u2019offre aux voyageurs comme un cadeau de bienvenue dans les \u00eeles tropicales de Polyn\u00e9sie, notamment \u00e0 Tahiti.<\/p>\n<h2>Nos conseils d\u2019entretien du gard\u00e9nia<\/h2>\n<p>Le gard\u00e9nia est un arbuste qui se d\u00e9veloppe principalement en ext\u00e9rieur. Sa culture en pot comme plante d\u2019int\u00e9rieur est possible mais n\u00e9cessite des soins particuliers. L\u2019id\u00e9al est de pouvoir le disposer \u00e0 l\u2019ext\u00e9rieur durant l\u2019\u00e9t\u00e9 et de le r\u00e9server dans une serre chauff\u00e9e entre 12 et 16 \u00b0C en hiver.<br \/>\nLa plante appr\u00e9cie la luminosit\u00e9 mais pr\u00e9f\u00e8re l\u2019ombre aux rayons directs du soleil, surtout l\u2019\u00e9t\u00e9. Son substrat, compos\u00e9 de terreau et de terre de bruy\u00e8re, peut \u00eatre enrichi durant la croissance, une fois tous les 15 jours, avec de l\u2019engrais liquide pour plantes de terre de bruy\u00e8re ou pour <a title=\"L\u2019orchid\u00e9e Phalaenopsis\" href=\"https:\/\/www.interflora.fr\/c\/plantes\/orchidees\">orchid\u00e9es<\/a>.<br \/>\nL\u2019arrosage du gard\u00e9nia doit \u00eatre r\u00e9gulier, plusieurs fois par semaine, si possible avec de l\u2019eau non calcaire et \u00e0 temp\u00e9rature ambiante. S\u2019il est conseill\u00e9 de ne pas d\u00e9tremper le terreau, il faut veiller \u00e0 ce que l\u2019eau ne stagne pas au fond du pot, en disposant par exemple celui-ci sur un lit de gravier. Le gard\u00e9nia adore l\u2019humidit\u00e9 dans l\u2019atmosph\u00e8re, mais surtout pas \u00e0 ses pieds !<br \/>\nLe rempotage du gard\u00e9nia est possible tous les ans apr\u00e8s la p\u00e9riode de floraison et est l\u2019occasion d\u2019enrichir le terreau avec des fertilisants, algues ou fumier. Sa multiplication est en revanche tr\u00e8s difficile \u00e0 r\u00e9aliser pour un jardinier amateur et exige des techniques professionnelles.<\/p>\n<p><img loading=\"lazy\" decoding=\"async\" class=\"alignnone size-full wp-image-15673\" src=\"\/\/www.interflora.fr\/blog\/wp-content\/uploads\/2016\/05\/Gardenia-conseils.jpg\" alt=\"Gardenia conseils\" width=\"800\" height=\"562\" \/><\/p>\n<h2>Les questions les plus fr\u00e9quentes sur le gard\u00e9nia<\/h2>\n<p><strong>&#8211; O\u00f9 et quand planter un gard\u00e9nia ?<\/strong><br \/>\nLe gard\u00e9nia peut \u00eatre install\u00e9 en godet ou en conteneur au mois de mai, sans enterrer le collet et en respectant un espace d\u2019au moins un m\u00e8tre entre les plants. Il se d\u00e9veloppe en massif ou en pot\u00e9e, voire dans un grand pot \u00e0 condition d\u2019\u00eatre prot\u00e9g\u00e9 en hiver. Au jardin, le gard\u00e9nia se marie tr\u00e8s bien avec des cam\u00e9lias.<\/p>\n<p><strong>&#8211; Mon gard\u00e9nia ne fleurit pas ou perd ses fleurs, pourquoi ?<\/strong><br \/>\nLes raisons peuvent \u00eatre multiples car la plante est capricieuse. Le gard\u00e9nia doit \u00eatre prot\u00e9g\u00e9 des variations brutales de temp\u00e9rature et des courants d\u2019air, qui entra\u00eenent la chute de ses boutons floraux. Attention \u00e9galement \u00e0 l\u2019exc\u00e8s d\u2019humidit\u00e9 : ne vaporisez pas les fleurs et \u00e9vitez d\u2019installer la plante dans un bac \u00e0 r\u00e9serve d\u2019eau.<\/p>\n<p><strong>&#8211; Comment faire refleurir le gard\u00e9nia ?<\/strong><br \/>\nA l\u2019int\u00e9rieur, l\u2019op\u00e9ration est d\u00e9licate. Il est toutefois possible d\u2019induire la floraison de la plante en lui imposant une p\u00e9riode de repos durant l\u2019hiver, en l\u2019installant dans une pi\u00e8ce fra\u00eeche \u00e0 environ 10 \u00b0C et en r\u00e9duisant les arrosages.<\/p>\n<p><strong>&#8211; Le gard\u00e9nia est-il sujet aux maladies ?<\/strong><br \/>\nOui, le gard\u00e9nia est un petit \u00eatre sensible dont le principal ennemi est l\u2019exc\u00e8s d\u2019humidit\u00e9, qui terrasse tr\u00e8s rapidement la plante en pourrissant ses racines. L\u2019arbuste peut \u00e9galement \u00eatre victime des pucerons, des cochenilles et des araign\u00e9es rouges. Les premiers sympt\u00f4mes de la maladie sont l\u2019apparition de t\u00e2ches foliaires et la perte des fleurs.<\/p>\n<h2>Le gard\u00e9nia dans le langage des fleurs<\/h2>\n<p><img loading=\"lazy\" decoding=\"async\" class=\"alignright size-full wp-image-15675\" src=\"\/\/www.interflora.fr\/blog\/wp-content\/uploads\/2016\/05\/Gardenia-Fleur.jpg\" alt=\"Gardenia Fleur\" width=\"300\" height=\"199\" \/><br \/>\nAvec sa fleur parfaitement cisel\u00e9e, le gard\u00e9nia est une grande favorite des compositions florales, qui s\u2019offre comme un bijou \u00e0 l\u2019honneur de la beaut\u00e9 f\u00e9minine. On raconte d\u2019ailleurs que Soliman le Magnifique offrait chaque matin une fleur de gard\u00e9nia \u00e0 chacune des femmes de son harem afin d\u2019apaiser les tensions et les jalousies.<br \/>\nEntre <a title=\"La rose, reine des fleurs\" href=\"https:\/\/www.interflora.fr\/blog\/la-rose\/\">rose<\/a> et cam\u00e9lia, le gard\u00e9nia vante les charmes de la f\u00e9minit\u00e9 avec \u00e9l\u00e9gance et beaucoup de d\u00e9licatesse.<br \/>\nOffrir un gard\u00e9nia est une marque de bon go\u00fbt et de savoir-vivre qui se traduit par \u00ab vous \u00eates magnifique et adorable \u00bb. Selon le <a href=\"https:\/\/www.interflora.fr\/langage-des-fleurs-le-guide\" target=\"_blank\" rel=\"noopener\">langage des fleurs<\/a>, la fleur symbolise \u00e9galement l\u2019amour inavou\u00e9 et la timidit\u00e9.<\/p>\n<div class=\"encadre\">\n<div><img loading=\"lazy\" decoding=\"async\" class=\"alignright size-full wp-image-15670\" src=\"\/\/www.interflora.fr\/blog\/wp-content\/uploads\/2016\/05\/Billie-Holyday.jpg\" alt=\"Billie Holyday\" width=\"200\" height=\"300\" \/><\/p>\n<h2>Le saviez-vous ?<\/h2>\n<p>\u25cf Le nom \u00ab gard\u00e9nia \u00bb fait r\u00e9f\u00e9rence \u00e0 Alexander Garden, un botaniste am\u00e9ricain du XVIIIe si\u00e8cle.<\/p>\n<p>\u25cf En Asie du Sud-Est, d\u2019o\u00f9 il est originaire, le gard\u00e9nia est appel\u00e9 \u00ab jasmin du Cap \u00bb.<\/p>\n<p>\u25cf Bien que g\u00e9lives, quelques rares esp\u00e8ces de gard\u00e9nias peuvent r\u00e9sister \u00e0 des temp\u00e9ratures atteignant -18 \u00b0C. C\u2019est le cas du gardenia augusta grandiflora, qui est tr\u00e8s pr\u00e9sent en France.<\/p>\n<p>\u25cf Le gard\u00e9nia \u00e9tait la fleur pr\u00e9f\u00e9r\u00e9e de la couturi\u00e8re fran\u00e7aise Coco Chanel et de la chanteuse am\u00e9ricaine Billie Holiday, qui en d\u00e9corait sa chevelure.<\/p>\n<p>\u25cf \u00ab Gard\u00e9nia \u00bb est \u00e9galement le nom d\u2019une association pour la protection des esp\u00e8ces v\u00e9g\u00e9tales et d\u2019un groupe de musique de metal.<\/p>\n<\/div>\n<\/div>\n","protected":false},"excerpt":{"rendered":"<p>Fleur immacul\u00e9e associ\u00e9e \u00e0 l\u2019\u00e9l\u00e9gance f\u00e9minine et \u00e0 la profondeur des sentiments, le gard\u00e9nia s\u00e9duit par son parfum puissant de [&hellip;]<\/p>\n","protected":false},"author":1,"featured_media":15671,"comment_status":"open","ping_status":"closed","sticky":false,"template":"","format":"standard","meta":{"_uag_custom_page_level_css":"","site-sidebar-layout":"default","site-content-layout":"","ast-site-content-layout":"default","site-content-style":"default","site-sidebar-style":"default","ast-global-header-display":"","ast-banner-title-visibility":"","ast-main-header-display":"","ast-hfb-above-header-display":"","ast-hfb-below-header-display":"","ast-hfb-mobile-header-display":"","site-post-title":"","ast-breadcrumbs-content":"","ast-featured-img":"","footer-sml-layout":"","ast-disable-related-posts":"","theme-transparent-header-meta":"","adv-header-id-meta":"","stick-header-meta":"","header-above-stick-meta":"","header-main-stick-meta":"","header-below-stick-meta":"","astra-migrate-meta-layouts":"set","ast-page-background-enabled":"default","ast-page-background-meta":{"desktop":{"background-color":"var(--ast-global-color-5)","background-image":"","background-repeat":"repeat","background-position":"center center","background-size":"auto","background-attachment":"scroll","background-type":"","background-media":"","overlay-type":"","overlay-color":"","overlay-opacity":"","overlay-gradient":""},"tablet":{"background-color":"","background-image":"","background-repeat":"repeat","background-position":"center center","background-size":"auto","background-attachment":"scroll","background-type":"","background-media":"","overlay-type":"","overlay-color":"","overlay-opacity":"","overlay-gradient":""},"mobile":{"background-color":"","background-image":"","background-repeat":"repeat","background-position":"center center","background-size":"auto","background-attachment":"scroll","background-type":"","background-media":"","overlay-type":"","overlay-color":"","overlay-opacity":"","overlay-gradient":""}},"ast-content-background-meta":{"desktop":{"background-color":"var(--ast-global-color-4)","background-image":"","background-repeat":"repeat","background-position":"center center","background-size":"auto","background-attachment":"scroll","background-type":"","background-media":"","overlay-type":"","overlay-color":"","overlay-opacity":"","overlay-gradient":""},"tablet":{"background-color":"var(--ast-global-color-4)","background-image":"","background-repeat":"repeat","background-position":"center center","background-size":"auto","background-attachment":"scroll","background-type":"","background-media":"","overlay-type":"","overlay-color":"","overlay-opacity":"","overlay-gradient":""},"mobile":{"background-color":"var(--ast-global-color-4)","background-image":"","background-repeat":"repeat","background-position":"center center","background-size":"auto","background-attachment":"scroll","background-type":"","background-media":"","overlay-type":"","overlay-color":"","overlay-opacity":"","overlay-gradient":""}},"footnotes":""},"categories":[244,167],"tags":[245],"class_list":["post-48262","post","type-post","status-publish","format-standard","has-post-thumbnail","hentry","category-arbustes-ornement","category-ete","tag-gardenia"],"uagb_featured_image_src":{"full":false,"thumbnail":false,"medium":false,"medium_large":false,"large":false,"1536x1536":false,"2048x2048":false},"uagb_author_info":{"display_name":"admin","author_link":"https:\/\/www.interflora.fr\/blog\/author\/admin\/"},"uagb_comment_info":4,"uagb_excerpt":"Fleur immacul\u00e9e associ\u00e9e \u00e0 l\u2019\u00e9l\u00e9gance f\u00e9minine et \u00e0 la profondeur des sentiments, le gard\u00e9nia s\u00e9duit par son parfum puissant de [&hellip;]","yoast_meta":{"title":"","description":"Fleur immacul\u00e9e associ\u00e9e \u00e0 l\u2019\u00e9l\u00e9gance f\u00e9minine et \u00e0 la profondeur des sentiments, le gard\u00e9nia s\u00e9duit par son parfum puissant de jasmin rehauss\u00e9 de vanille."},"_links":{"self":[{"href":"https:\/\/www.interflora.fr\/blog\/wp-json\/wp\/v2\/posts\/48262","targetHints":{"allow":["GET"]}}],"collection":[{"href":"https:\/\/www.interflora.fr\/blog\/wp-json\/wp\/v2\/posts"}],"about":[{"href":"https:\/\/www.interflora.fr\/blog\/wp-json\/wp\/v2\/types\/post"}],"author":[{"embeddable":true,"href":"https:\/\/www.interflora.fr\/blog\/wp-json\/wp\/v2\/users\/1"}],"replies":[{"embeddable":true,"href":"https:\/\/www.interflora.fr\/blog\/wp-json\/wp\/v2\/comments?post=48262"}],"version-history":[{"count":0,"href":"https:\/\/www.interflora.fr\/blog\/wp-json\/wp\/v2\/posts\/48262\/revisions"}],"wp:featuredmedia":[{"embeddable":true,"href":"https:\/\/www.interflora.fr\/blog\/wp-json\/"}],"wp:attachment":[{"href":"https:\/\/www.interflora.fr\/blog\/wp-json\/wp\/v2\/media?parent=48262"}],"wp:term":[{"taxonomy":"category","embeddable":true,"href":"https:\/\/www.interflora.fr\/blog\/wp-json\/wp\/v2\/categories?post=48262"},{"taxonomy":"post_tag","embeddable":true,"href":"https:\/\/www.interflora.fr\/blog\/wp-json\/wp\/v2\/tags?post=48262"}],"curies":[{"name":"wp","href":"https:\/\/api.w.org\/{rel}","templated":true}]}}