{"id":48228,"date":"2025-05-07T06:00:00","date_gmt":"2025-05-07T04:00:00","guid":{"rendered":"https:\/\/www.interflora.fr\/blog\/?p=48228"},"modified":"2025-05-07T06:00:00","modified_gmt":"2025-05-07T04:00:00","slug":"marc-de-cafe-au-jardin-un-tresor-inattendu-pour-vos-plantes-mais-gare-aux-exceptions","status":"publish","type":"post","link":"https:\/\/www.interflora.fr\/blog\/marc-de-cafe-au-jardin-un-tresor-inattendu-pour-vos-plantes-mais-gare-aux-exceptions\/","title":{"rendered":"Marc de caf\u00e9 au jardin : un tr\u00e9sor inattendu pour vos plantes (mais gare aux exceptions !)"},"content":{"rendered":"<p><strong>Chaque matin, ce petit rituel que l&rsquo;on adore : pr\u00e9parer son caf\u00e9&#8230; puis jeter machinalement le marc \u00e0 la poubelle. Stop ! Ce r\u00e9sidu que vous jetez sans y penser repr\u00e9sente un v\u00e9ritable or brun pour votre jardin. Riche en nutriments et totalement gratuit, le marc de caf\u00e9 peut transformer votre sol et booster vos plantes. Mais attention, toutes ne l&rsquo;appr\u00e9cient pas. Certaines pourraient m\u00eame vous en vouloir s\u00e9rieusement si vous leur imposez ce traitement. D\u00e9couvrons ensemble comment utiliser cette ressource insoup\u00e7onn\u00e9e et quelles plantes tenir \u00e0 l&rsquo;\u00e9cart de ce fertilisant naturel.<\/strong><\/p>\n<h2>Les surprenants bienfaits du marc de caf\u00e9 pour votre jardin<\/h2>\n<p>Avant de vous pr\u00e9cipiter avec votre cafeti\u00e8re vers vos plantations, prenons un moment pour comprendre pourquoi ce r\u00e9sidu de votre petit-d\u00e9jeuner fait tant de bien au jardin.<\/p>\n<p>Le marc de caf\u00e9 n&rsquo;est pas un simple d\u00e9chet. Cette mati\u00e8re organique concentre des \u00e9l\u00e9ments nutritifs pr\u00e9cieux. On y trouve de l&rsquo;azote en bonne quantit\u00e9, du potassium, du phosphore, du magn\u00e9sium, et divers oligo-\u00e9l\u00e9ments. Tous ces nutriments sont lib\u00e9r\u00e9s progressivement dans le sol, nourrissant vos plantes sur la dur\u00e9e.<\/p>\n<p>Mais ce n&rsquo;est pas tout. Avez-vous remarqu\u00e9 comme le marc est appr\u00e9ci\u00e9 des vers de terre ? Ces ing\u00e9nieurs naturels du sol en raffolent et, par leur activit\u00e9, am\u00e9liorent la structure de votre terre. Un sol bien a\u00e9r\u00e9, qui retient mieux l&rsquo;eau tout en restant drain\u00e9&#8230; voil\u00e0 ce qu&rsquo;offre indirectement le marc de caf\u00e9.<\/p>\n<p>Son parfum, si agr\u00e9able pour nous, est par contre d\u00e9test\u00e9 par certains insectes nuisibles. Limaces, fourmis, pucerons&#8230; nombreux sont les ind\u00e9sirables qui pr\u00e9f\u00e8rent faire demi-tour face \u00e0 une barri\u00e8re de marc de caf\u00e9 sec. Une solution \u00e9cologique pour prot\u00e9ger vos cultures, sans recourir aux produits chimiques !<\/p>\n<p>Quand on pense qu&rsquo;on allait jeter tout \u00e7a&#8230; La prochaine fois que vous pr\u00e9parez votre expresso, regardez le marc diff\u00e9remment : c&rsquo;est un peu comme si vous pr\u00e9pariez aussi un festin pour votre jardin.<\/p>\n<h2>Comment utiliser correctement le marc de caf\u00e9 au jardin<\/h2>\n<p>Comme pour tout bon produit, la qualit\u00e9 d&rsquo;utilisation fait toute la diff\u00e9rence. Le marc de caf\u00e9 n&rsquo;\u00e9chappe pas \u00e0 cette r\u00e8gle. Mal employ\u00e9, il peut devenir contre-productif. Voici les bonnes pratiques \u00e0 adopter pour en tirer le meilleur.<\/p>\n<h3>Les diff\u00e9rentes fa\u00e7ons d&rsquo;utiliser le marc<\/h3>\n<p>En surface, m\u00e9lang\u00e9 \u00e0 la terre, incorpor\u00e9 au compost ou en infusion&#8230; le marc de caf\u00e9 s&rsquo;adapte \u00e0 plusieurs usages :<\/p>\n<ul>\n<li>En paillage l\u00e9ger : \u00e9pandez une fine couche autour de vos plantes (1 \u00e0 2 mm maximum). Plus \u00e9pais, il risquerait de former une cro\u00fbte imperm\u00e9able.<\/li>\n<li>M\u00e9lang\u00e9 \u00e0 la terre : incorporez-le directement lors des plantations ou en griffant l\u00e9g\u00e8rement la surface du sol.<\/li>\n<li>Dans le compost : le marc acc\u00e9l\u00e8re la d\u00e9composition et enrichit votre compost en nutriments.<\/li>\n<li>En infusion : faites tremper une poign\u00e9e de marc dans un litre d&rsquo;eau ti\u00e8de pendant 24h, puis utilisez ce liquide pour arroser vos plantes.<\/li>\n<\/ul>\n<h3>Les pr\u00e9cautions essentielles<\/h3>\n<p>Le marc de caf\u00e9 est acide, avec un pH g\u00e9n\u00e9ralement compris entre 4,5 et 5. Cette caract\u00e9ristique est parfaite pour les plantes acidophiles, mais peut nuire aux autres. C&rsquo;est une des raisons pour lesquelles il ne faut jamais en abuser.<\/p>\n<p>\u00c9vitez les amas compacts qui risquent de moisir. Le marc humide peut rapidement d\u00e9velopper des champignons ind\u00e9sirables. Mieux vaut le faire s\u00e9cher avant utilisation ou l&rsquo;incorporer rapidement au sol.<\/p>\n<p>Et vous, avez-vous d\u00e9j\u00e0 remarqu\u00e9 que le marc de caf\u00e9 attire les vers de terre? Ces alli\u00e9s pr\u00e9cieux du jardinier adorent cette substance et viennent la d\u00e9composer, a\u00e9rant le sol au passage. Un effet secondaire bienvenu !<\/p>\n<h2>Les 10 plantes qui d\u00e9testent le marc de caf\u00e9<\/h2>\n<p>Toutes les plantes ne r\u00e9agissent pas de la m\u00eame fa\u00e7on face au marc de caf\u00e9. Certaines vont jusqu&rsquo;\u00e0 le d\u00e9tester profond\u00e9ment. Leurs besoins sp\u00e9cifiques en termes de sol, de pH ou de nutriments les rendent incompatibles avec cet amendement.<\/p>\n<h3>Au potager, m\u00e9fiance avec ces l\u00e9gumes<\/h3>\n<p>Votre potager n&rsquo;accueillera pas uniform\u00e9ment le marc de caf\u00e9. Certains l\u00e9gumes y sont franchement allergiques :<\/p>\n<ul>\n<li><strong>Tomates<\/strong> : bien que gourmandes en nutriments, les tomates n&rsquo;appr\u00e9cient pas l&rsquo;acidit\u00e9 excessive. Le marc stimule trop leur feuillage au d\u00e9triment des fruits. Pire, il peut favoriser certaines maladies fongiques en retenant l&rsquo;humidit\u00e9 pr\u00e8s du pied.<\/li>\n<li><strong>Pois et haricots<\/strong> : ces l\u00e9gumineuses ont la particularit\u00e9 de fixer naturellement l&rsquo;azote dans le sol gr\u00e2ce \u00e0 des nodosit\u00e9s sur leurs racines. Leur ajouter de l&rsquo;azote via le marc cr\u00e9e un d\u00e9s\u00e9quilibre qui nuit \u00e0 leur fructification.<\/li>\n<li><strong>Carottes<\/strong> : comme beaucoup de l\u00e9gumes racines, les carottes pr\u00e9f\u00e8rent un sol moins riche en azote. Trop de nutriments favorise le d\u00e9veloppement du feuillage, au d\u00e9triment de la racine que nous consommons.<\/li>\n<\/ul>\n<p>J&rsquo;ai fait l&rsquo;erreur une fois d&rsquo;\u00e9pandre g\u00e9n\u00e9reusement du marc autour de mes carottes. R\u00e9sultat : de magnifiques fanes bien vertes, mais des racines minuscules et d\u00e9form\u00e9es. Une le\u00e7on \u00e0 retenir !<\/p>\n<h3>Les aromatiques m\u00e9diterran\u00e9ennes \u00e0 prot\u00e9ger<\/h3>\n<p>Les herbes aromatiques issues du bassin m\u00e9diterran\u00e9en ont des besoins tr\u00e8s sp\u00e9cifiques, g\u00e9n\u00e9ralement \u00e0 l&rsquo;oppos\u00e9 de ce qu&rsquo;offre le marc de caf\u00e9 :<\/p>\n<p><strong>Lavande<\/strong> : embl\u00e9matique des sols calcaires et secs, la lavande souffre en milieu acide. Le marc perturbe sa floraison et peut m\u00eame faire pourrir ses racines si l&rsquo;humidit\u00e9 est trop retenue.<\/p>\n<p><strong>Romarin<\/strong> : autre enfant de la M\u00e9diterran\u00e9e, le romarin pr\u00e9f\u00e8re les sols pauvres et bien drain\u00e9s. L&rsquo;humidit\u00e9 excessive que peut cr\u00e9er le marc favorise les maladies racinaires.<\/p>\n<p><strong>Thym<\/strong> : cette aromatique aime les terres l\u00e9g\u00e8res et presque arides. Un exc\u00e8s d&rsquo;azote apport\u00e9 par le marc rend son feuillage moins aromatique, plus mou et plus sensible aux maladies.<\/p>\n<h3>Les plantes ornementales sensibles<\/h3>\n<p>Du c\u00f4t\u00e9 des fleurs et plantes d\u00e9coratives, plusieurs esp\u00e8ces montrent une intol\u00e9rance au marc de caf\u00e9 :<\/p>\n<p><strong>Orchid\u00e9es<\/strong> : ces plantes d\u00e9licates ont des besoins tr\u00e8s sp\u00e9cifiques. Le marc retient trop l&rsquo;humidit\u00e9 et devient rapidement un foyer de moisissures n\u00e9fastes.<\/p>\n<p><strong>G\u00e9raniums<\/strong> : trop d&rsquo;azote bloque leur floraison. Le marc favorise une croissance v\u00e9g\u00e9tative excessive au d\u00e9triment des fleurs que l&rsquo;on recherche.<\/p>\n<p><strong>B\u00e9gonias<\/strong> : ils pr\u00e9f\u00e8rent un sol neutre ou tr\u00e8s l\u00e9g\u00e8rement acide. Un apport de marc peut cr\u00e9er un d\u00e9s\u00e9quilibre qui alt\u00e8re leur croissance.<\/p>\n<p><strong>Cactus et succulentes<\/strong> : ces plantes adapt\u00e9es aux milieux arides d\u00e9testent l&rsquo;humidit\u00e9 excessive. Le marc, qui retient l&rsquo;eau, peut provoquer un pourrissement rapide de leurs racines.<\/p>\n<h2>Les meilleures alternatives pour utiliser votre marc<\/h2>\n<p>Ne jetez pas votre marc pour autant ! Plusieurs solutions s&rsquo;offrent \u00e0 vous pour valoriser ce r\u00e9sidu sans risquer d&rsquo;endommager vos plantes sensibles.<\/p>\n<p>La plus simple reste le compostage. Incorpor\u00e9 au compost, le marc se d\u00e9compose progressivement et s&rsquo;\u00e9quilibre avec les autres mati\u00e8res. Le compost m\u00fbr pourra ensuite \u00eatre utilis\u00e9 pour toutes vos plantes, m\u00eame les plus d\u00e9licates.<\/p>\n<p>Vous pouvez aussi r\u00e9server votre marc aux plantes qui l&rsquo;adorent. Les rosiers, hortensias, framboisiers, myrtilliers, azal\u00e9es, rhododendrons et cam\u00e9lias en raffolent. Ces plantes acidophiles y trouvent un environnement id\u00e9al pour s&rsquo;\u00e9panouir.<\/p>\n<p>Une autre astuce consiste \u00e0 utiliser le marc comme r\u00e9pulsif contre les nuisibles. Dispos\u00e9 en barri\u00e8re autour de certaines plantations, il d\u00e9courage limaces et escargots sans entrer en contact direct avec les racines sensibles.<\/p>\n<p>Le marc peut aussi \u00eatre m\u00e9lang\u00e9 \u00e0 votre terreau de semis, \u00e0 condition d&rsquo;\u00eatre bien d\u00e9compos\u00e9 et utilis\u00e9 en petite quantit\u00e9. Il stimulera la germination de nombreuses graines (mais pas toutes, m\u00e9fiance avec les l\u00e9gumineuses).<\/p>\n<h2>Verdict : un alli\u00e9 \u00e0 utiliser avec discernement<\/h2>\n<p>Le marc de caf\u00e9 repr\u00e9sente une ressource pr\u00e9cieuse pour le jardinier \u00e9conome et \u00e9cologique. Gratuit, disponible quotidiennement et bourr\u00e9 de nutriments, il serait dommage de s&rsquo;en priver.<\/p>\n<p>N\u00e9anmoins, comme nous l&rsquo;avons vu, son utilisation requiert du discernement. Il ne s&rsquo;agit pas de l&rsquo;\u00e9pandre \u00e0 tout-va dans votre jardin. Chaque plante a ses propres besoins, et certaines ne supportent tout simplement pas cet amendement.<\/p>\n<p>Avant d&rsquo;enrichir votre sol avec du marc, prenez donc le temps de vous renseigner sur les pr\u00e9f\u00e9rences sp\u00e9cifiques de vos v\u00e9g\u00e9taux. Dans le doute, privil\u00e9giez toujours le compostage : le marc s&rsquo;y d\u00e9composera en douceur et profitera \u00e0 tout votre jardin sans risque.<\/p>\n<p>Et vous, utilisiez-vous d\u00e9j\u00e0 le marc de caf\u00e9 dans votre jardin ? Avez-vous remarqu\u00e9 des effets positifs ou n\u00e9gatifs sur certaines de vos plantes ? L&rsquo;exp\u00e9rience personnelle reste souvent le meilleur guide au jardin.<\/p>\n<p>Une chose est s\u00fbre : la prochaine fois que vous d\u00e9gusterez votre caf\u00e9 matinal, vous regarderez diff\u00e9remment ce r\u00e9sidu au fond de votre tasse. Ce n&rsquo;est plus un d\u00e9chet, mais une ressource. Un petit tr\u00e9sor du quotidien que la nature sait transformer en or vert.<\/p>\n","protected":false},"excerpt":{"rendered":"<p>Chaque matin, ce petit rituel que l&rsquo;on adore : pr\u00e9parer son caf\u00e9&#8230; puis jeter machinalement le marc \u00e0 la poubelle. [&hellip;]<\/p>\n","protected":false},"author":1,"featured_media":48229,"comment_status":"open","ping_status":"open","sticky":false,"template":"","format":"standard","meta":{"_uag_custom_page_level_css":"","site-sidebar-layout":"default","site-content-layout":"","ast-site-content-layout":"default","site-content-style":"default","site-sidebar-style":"default","ast-global-header-display":"","ast-banner-title-visibility":"","ast-main-header-display":"","ast-hfb-above-header-display":"","ast-hfb-below-header-display":"","ast-hfb-mobile-header-display":"","site-post-title":"","ast-breadcrumbs-content":"","ast-featured-img":"","footer-sml-layout":"","ast-disable-related-posts":"","theme-transparent-header-meta":"","adv-header-id-meta":"","stick-header-meta":"","header-above-stick-meta":"","header-main-stick-meta":"","header-below-stick-meta":"","astra-migrate-meta-layouts":"set","ast-page-background-enabled":"default","ast-page-background-meta":{"desktop":{"background-color":"var(--ast-global-color-4)","background-image":"","background-repeat":"repeat","background-position":"center center","background-size":"auto","background-attachment":"scroll","background-type":"","background-media":"","overlay-type":"","overlay-color":"","overlay-gradient":""},"tablet":{"background-color":"","background-image":"","background-repeat":"repeat","background-position":"center center","background-size":"auto","background-attachment":"scroll","background-type":"","background-media":"","overlay-type":"","overlay-color":"","overlay-gradient":""},"mobile":{"background-color":"","background-image":"","background-repeat":"repeat","background-position":"center center","background-size":"auto","background-attachment":"scroll","background-type":"","background-media":"","overlay-type":"","overlay-color":"","overlay-gradient":""}},"ast-content-background-meta":{"desktop":{"background-color":"var(--ast-global-color-5)","background-image":"","background-repeat":"repeat","background-position":"center center","background-size":"auto","background-attachment":"scroll","background-type":"","background-media":"","overlay-type":"","overlay-color":"","overlay-gradient":""},"tablet":{"background-color":"var(--ast-global-color-5)","background-image":"","background-repeat":"repeat","background-position":"center center","background-size":"auto","background-attachment":"scroll","background-type":"","background-media":"","overlay-type":"","overlay-color":"","overlay-gradient":""},"mobile":{"background-color":"var(--ast-global-color-5)","background-image":"","background-repeat":"repeat","background-position":"center center","background-size":"auto","background-attachment":"scroll","background-type":"","background-media":"","overlay-type":"","overlay-color":"","overlay-gradient":""}},"footnotes":""},"categories":[189],"tags":[],"class_list":["post-48228","post","type-post","status-publish","format-standard","has-post-thumbnail","hentry","category-jardinage"],"uagb_featured_image_src":{"full":["https:\/\/www.interflora.fr\/blog\/wp-content\/uploads\/2025\/05\/pexels-didsss-5908468.jpg",1920,1440,false],"thumbnail":["https:\/\/www.interflora.fr\/blog\/wp-content\/uploads\/2025\/05\/pexels-didsss-5908468-150x150.jpg",150,150,true],"medium":["https:\/\/www.interflora.fr\/blog\/wp-content\/uploads\/2025\/05\/pexels-didsss-5908468-300x225.jpg",300,225,true],"medium_large":["https:\/\/www.interflora.fr\/blog\/wp-content\/uploads\/2025\/05\/pexels-didsss-5908468-768x576.jpg",768,576,true],"large":["https:\/\/www.interflora.fr\/blog\/wp-content\/uploads\/2025\/05\/pexels-didsss-5908468-1024x768.jpg",1024,768,true],"1536x1536":["https:\/\/www.interflora.fr\/blog\/wp-content\/uploads\/2025\/05\/pexels-didsss-5908468-1536x1152.jpg",1536,1152,true],"2048x2048":["https:\/\/www.interflora.fr\/blog\/wp-content\/uploads\/2025\/05\/pexels-didsss-5908468.jpg",1920,1440,false]},"uagb_author_info":{"display_name":"admin","author_link":"https:\/\/www.interflora.fr\/blog\/author\/admin\/"},"uagb_comment_info":0,"uagb_excerpt":"Chaque matin, ce petit rituel que l&rsquo;on adore : pr\u00e9parer son caf\u00e9&#8230; puis jeter machinalement le marc \u00e0 la poubelle. [&hellip;]","yoast_meta":{"title":"","description":""},"_links":{"self":[{"href":"https:\/\/www.interflora.fr\/blog\/wp-json\/wp\/v2\/posts\/48228","targetHints":{"allow":["GET"]}}],"collection":[{"href":"https:\/\/www.interflora.fr\/blog\/wp-json\/wp\/v2\/posts"}],"about":[{"href":"https:\/\/www.interflora.fr\/blog\/wp-json\/wp\/v2\/types\/post"}],"author":[{"embeddable":true,"href":"https:\/\/www.interflora.fr\/blog\/wp-json\/wp\/v2\/users\/1"}],"replies":[{"embeddable":true,"href":"https:\/\/www.interflora.fr\/blog\/wp-json\/wp\/v2\/comments?post=48228"}],"version-history":[{"count":0,"href":"https:\/\/www.interflora.fr\/blog\/wp-json\/wp\/v2\/posts\/48228\/revisions"}],"wp:featuredmedia":[{"embeddable":true,"href":"https:\/\/www.interflora.fr\/blog\/wp-json\/wp\/v2\/media\/48229"}],"wp:attachment":[{"href":"https:\/\/www.interflora.fr\/blog\/wp-json\/wp\/v2\/media?parent=48228"}],"wp:term":[{"taxonomy":"category","embeddable":true,"href":"https:\/\/www.interflora.fr\/blog\/wp-json\/wp\/v2\/categories?post=48228"},{"taxonomy":"post_tag","embeddable":true,"href":"https:\/\/www.interflora.fr\/blog\/wp-json\/wp\/v2\/tags?post=48228"}],"curies":[{"name":"wp","href":"https:\/\/api.w.org\/{rel}","templated":true}]}}