{"id":47505,"date":"2026-02-12T10:46:50","date_gmt":"2026-02-12T09:46:50","guid":{"rendered":"https:\/\/www.interflora.fr\/blog\/?p=47505"},"modified":"2026-02-17T10:46:51","modified_gmt":"2026-02-17T09:46:51","slug":"citations-grand-mere","status":"publish","type":"post","link":"https:\/\/www.interflora.fr\/blog\/citations-grand-mere\/","title":{"rendered":"Citations grand-m\u00e8re : nos id\u00e9es de mots-doux pour sa mamie"},"content":{"rendered":"\n<p style=\"padding-right:var(--wp--preset--spacing--20);padding-left:var(--wp--preset--spacing--20)\">Trouver les bons mots pour exprimer tout l\u2019amour que l\u2019on porte \u00e0 sa grand-m\u00e8re n\u2019est pas toujours facile. Pourtant, quelques phrases bien choisies suffisent souvent \u00e0 illuminer sa journ\u00e9e. Que ce soit pour lui dire \u00ab\u00a0<strong>Mamie, je t&rsquo;aime<\/strong>\u00ab\u00a0, lui rendre hommage ou la faire sourire, voici une s\u00e9lection de <strong>citations grand-m\u00e8re<\/strong> tendres, dr\u00f4les et inspirantes.<\/p>\n\n\n<div class=\"lp-produits-grid\"><div class=\"lp-produit\"><div class=\"lp-thumbnail-wrapper\"><img loading=\"lazy\" decoding=\"async\" width=\"300\" height=\"300\" src=\"https:\/\/www.interflora.fr\/blog\/wp-content\/uploads\/2026\/04\/B2BDPC2-800Wx800H-0-1-300x300.jpg\" class=\"attachment-medium size-medium wp-post-image\" alt=\"\" srcset=\"https:\/\/www.interflora.fr\/blog\/wp-content\/uploads\/2026\/04\/B2BDPC2-800Wx800H-0-1-300x300.jpg 300w, https:\/\/www.interflora.fr\/blog\/wp-content\/uploads\/2026\/04\/B2BDPC2-800Wx800H-0-1-150x150.jpg 150w, https:\/\/www.interflora.fr\/blog\/wp-content\/uploads\/2026\/04\/B2BDPC2-800Wx800H-0-1-768x768.jpg 768w, https:\/\/www.interflora.fr\/blog\/wp-content\/uploads\/2026\/04\/B2BDPC2-800Wx800H-0-1.jpg 800w\" sizes=\"auto, (max-width: 300px) 100vw, 300px\" \/><img decoding=\"async\" class=\"lp-badge\" src=\"https:\/\/www.interflora.fr\/blog\/wp-content\/uploads\/2025\/06\/logo-circle.png\" alt=\"Livraison rapide Interflora\"><\/div><span>Brass\u00e9e de pivoines vari\u00e9es et ses chocolats<\/span><p>60.95 \u20ac<\/p><span class=\"obf-link lp-cta\" role=\"link\" tabindex=\"0\" data-b64=\"aHR0cHM6Ly93d3cuaW50ZXJmbG9yYS5mci9wL3Bpdm9pbmUtY2hvY29sYXQvMS9GUj91dG1fbWVkaXVtPW9yZ2FuaWMmdXRtX3NvdXJjZT1ibG9nX3Byb2R1Y3RzJnV0bV9jYW1wYWlnbj1CMkJEUEMy\" data-target=\"_blank\"><svg xmlns=\"http:\/\/www.w3.org\/2000\/svg\" width=\"16\" height=\"16\" fill=\"currentColor\" class=\"bi bi-bag\" viewBox=\"0 0 16 16\"><path d=\"M8 1a2 2 0 0 1 2 2v1h2.5A1.5 1.5 0 0 1 14 5.5v8A1.5 1.5 0 0 1 12.5 15h-9A1.5 1.5 0 0 1 2 13.5v-8A1.5 1.5 0 0 1 3.5 3H6V2a2 2 0 0 1 2-1zm1 3V3a1 1 0 0 0-2 0v1h2z\"\/><\/svg>Voir le produit<\/span><p class=\"rapido\">Livraison rapide<\/p><\/div><div class=\"lp-produit\"><div class=\"lp-thumbnail-wrapper\"><img loading=\"lazy\" decoding=\"async\" width=\"300\" height=\"300\" src=\"https:\/\/www.interflora.fr\/blog\/wp-content\/uploads\/2025\/05\/B6DIV07-800Wx800H-0-1-3-300x300.jpg\" class=\"attachment-medium size-medium wp-post-image\" alt=\"\" srcset=\"https:\/\/www.interflora.fr\/blog\/wp-content\/uploads\/2025\/05\/B6DIV07-800Wx800H-0-1-3-300x300.jpg 300w, https:\/\/www.interflora.fr\/blog\/wp-content\/uploads\/2025\/05\/B6DIV07-800Wx800H-0-1-3-150x150.jpg 150w, https:\/\/www.interflora.fr\/blog\/wp-content\/uploads\/2025\/05\/B6DIV07-800Wx800H-0-1-3-768x768.jpg 768w, https:\/\/www.interflora.fr\/blog\/wp-content\/uploads\/2025\/05\/B6DIV07-800Wx800H-0-1-3.jpg 800w\" sizes=\"auto, (max-width: 300px) 100vw, 300px\" \/><img decoding=\"async\" class=\"lp-badge\" src=\"https:\/\/www.interflora.fr\/blog\/wp-content\/uploads\/2025\/06\/logo-circle.png\" alt=\"Livraison rapide Interflora\"><\/div><span>Coffret Naissance<\/span><p>19 \u20ac<\/p><span class=\"obf-link lp-cta\" role=\"link\" tabindex=\"0\" data-b64=\"aHR0cHM6Ly93d3cuaW50ZXJmbG9yYS5mci9wL3BldGl0ZS1tZXJ2ZWlsbGUvMC9GUj91dG1fbWVkaXVtPW9yZ2FuaWMmdXRtX3NvdXJjZT1ibG9nX3Byb2R1Y3RzJnV0bV9jYW1wYWlnbj1CNkRJVjA3\" data-target=\"_blank\"><svg xmlns=\"http:\/\/www.w3.org\/2000\/svg\" width=\"16\" height=\"16\" fill=\"currentColor\" class=\"bi bi-bag\" viewBox=\"0 0 16 16\"><path d=\"M8 1a2 2 0 0 1 2 2v1h2.5A1.5 1.5 0 0 1 14 5.5v8A1.5 1.5 0 0 1 12.5 15h-9A1.5 1.5 0 0 1 2 13.5v-8A1.5 1.5 0 0 1 3.5 3H6V2a2 2 0 0 1 2-1zm1 3V3a1 1 0 0 0-2 0v1h2z\"\/><\/svg>Voir le produit<\/span><p class=\"rapido\">Livraison rapide<\/p><\/div><div class=\"lp-produit\"><div class=\"lp-thumbnail-wrapper\"><img loading=\"lazy\" decoding=\"async\" width=\"300\" height=\"300\" src=\"https:\/\/www.interflora.fr\/blog\/wp-content\/uploads\/2026\/02\/BEP25LGP-800Wx800H-0-1-300x300.jpg\" class=\"attachment-medium size-medium wp-post-image\" alt=\"\" srcset=\"https:\/\/www.interflora.fr\/blog\/wp-content\/uploads\/2026\/02\/BEP25LGP-800Wx800H-0-1-300x300.jpg 300w, https:\/\/www.interflora.fr\/blog\/wp-content\/uploads\/2026\/02\/BEP25LGP-800Wx800H-0-1-150x150.jpg 150w, https:\/\/www.interflora.fr\/blog\/wp-content\/uploads\/2026\/02\/BEP25LGP-800Wx800H-0-1-768x768.jpg 768w, https:\/\/www.interflora.fr\/blog\/wp-content\/uploads\/2026\/02\/BEP25LGP-800Wx800H-0-1.jpg 800w\" sizes=\"auto, (max-width: 300px) 100vw, 300px\" \/><img decoding=\"async\" class=\"lp-badge\" src=\"https:\/\/www.interflora.fr\/blog\/wp-content\/uploads\/2025\/06\/logo-circle.png\" alt=\"Livraison rapide Interflora\"><\/div><span>Harmonie de roses LEGO\u00ae<\/span><p>87.85 \u20ac<\/p><span class=\"obf-link lp-cta\" role=\"link\" tabindex=\"0\" data-b64=\"aHR0cHM6Ly93d3cuaW50ZXJmbG9yYS5mci9wL2hhcm1vbmllLWRlLXJvc2VzLWxlZ28vMS9GUj91dG1fbWVkaXVtPW9yZ2FuaWMmdXRtX3NvdXJjZT1ibG9nX3Byb2R1Y3RzJnV0bV9jYW1wYWlnbj1CRVAyNUxHUA==\" data-target=\"_blank\"><svg xmlns=\"http:\/\/www.w3.org\/2000\/svg\" width=\"16\" height=\"16\" fill=\"currentColor\" class=\"bi bi-bag\" viewBox=\"0 0 16 16\"><path d=\"M8 1a2 2 0 0 1 2 2v1h2.5A1.5 1.5 0 0 1 14 5.5v8A1.5 1.5 0 0 1 12.5 15h-9A1.5 1.5 0 0 1 2 13.5v-8A1.5 1.5 0 0 1 3.5 3H6V2a2 2 0 0 1 2-1zm1 3V3a1 1 0 0 0-2 0v1h2z\"\/><\/svg>Voir le produit<\/span><p class=\"rapido\">Fleurs fra\u00eeches<\/p><\/div><div class=\"lp-produit\"><div class=\"lp-thumbnail-wrapper\"><img loading=\"lazy\" decoding=\"async\" width=\"300\" height=\"300\" src=\"https:\/\/www.interflora.fr\/blog\/wp-content\/uploads\/2025\/10\/BEP09LL-800Wx800H-0-1-3-300x300.jpg\" class=\"attachment-medium size-medium wp-post-image\" alt=\"\" srcset=\"https:\/\/www.interflora.fr\/blog\/wp-content\/uploads\/2025\/10\/BEP09LL-800Wx800H-0-1-3-300x300.jpg 300w, https:\/\/www.interflora.fr\/blog\/wp-content\/uploads\/2025\/10\/BEP09LL-800Wx800H-0-1-3-150x150.jpg 150w, https:\/\/www.interflora.fr\/blog\/wp-content\/uploads\/2025\/10\/BEP09LL-800Wx800H-0-1-3-768x768.jpg 768w, https:\/\/www.interflora.fr\/blog\/wp-content\/uploads\/2025\/10\/BEP09LL-800Wx800H-0-1-3.jpg 800w\" sizes=\"auto, (max-width: 300px) 100vw, 300px\" \/><img decoding=\"async\" class=\"lp-badge\" src=\"https:\/\/www.interflora.fr\/blog\/wp-content\/uploads\/2025\/06\/logo-circle.png\" alt=\"Livraison rapide Interflora\"><\/div><span>Coffret LEGO\u00ae Lotus<\/span><p>34.95 \u20ac<\/p><span class=\"obf-link lp-cta\" role=\"link\" tabindex=\"0\" data-b64=\"aHR0cHM6Ly93d3cuaW50ZXJmbG9yYS5mci9wL2NvZmZyZXQtbGVnby1sb3R1cy8xL0ZSP3V0bV9tZWRpdW09b3JnYW5pYyZ1dG1fc291cmNlPWJsb2dfcHJvZHVjdHMmdXRtX2NhbXBhaWduPUJFUDA5TEw=\" data-target=\"_blank\"><svg xmlns=\"http:\/\/www.w3.org\/2000\/svg\" width=\"16\" height=\"16\" fill=\"currentColor\" class=\"bi bi-bag\" viewBox=\"0 0 16 16\"><path d=\"M8 1a2 2 0 0 1 2 2v1h2.5A1.5 1.5 0 0 1 14 5.5v8A1.5 1.5 0 0 1 12.5 15h-9A1.5 1.5 0 0 1 2 13.5v-8A1.5 1.5 0 0 1 3.5 3H6V2a2 2 0 0 1 2-1zm1 3V3a1 1 0 0 0-2 0v1h2z\"\/><\/svg>Voir le produit<\/span><p class=\"rapido\">Fleurs fra\u00eeches<\/p><\/div><\/div>\n\n\n\n<div style=\"height:10px\" aria-hidden=\"true\" class=\"wp-block-spacer\"><\/div>\n\n\n\n<h2 class=\"wp-block-heading alignwide\"><strong>Pourquoi offrir une belle citation \u00e0 sa grand-m\u00e8re ?<\/strong><\/h2>\n\n\n\n<p style=\"padding-top:var(--wp--preset--spacing--20);padding-bottom:var(--wp--preset--spacing--20)\">Offrir une <strong>citation grand-m\u00e8re<\/strong> est une mani\u00e8re unique de rappeler \u00e0 votre bonne-maman combien elle est pr\u00e9cieuse. Prenez le temps de lui exprimer votre amour, car ces petits mots, gliss\u00e9s avec sinc\u00e9rit\u00e9, sont des tr\u00e9sors qu&rsquo;elle gardera pour toujours dans sa m\u00e9moire. Que ce soit pour un message du quotidien ou une occasion sp\u00e9ciale comme la F\u00eate des Grands-M\u00e8res, une citation bien choisie peut la toucher en plein c\u0153ur.<\/p>\n\n\n\n<figure class=\"wp-block-gallery has-nested-images columns-default is-cropped wp-block-gallery-1 is-layout-flex wp-block-gallery-is-layout-flex\">\n<figure class=\"wp-block-image size-large\"><img decoding=\"async\" data-id=\"47523\" src=\"https:\/\/www.interflora.fr\/blog\/wp-content\/uploads\/carte-pour-dire-merci-2.jpg\" alt=\"Carte de remerciements\" class=\"wp-image-47523\"\/><\/figure>\n\n\n\n<figure class=\"wp-block-image size-large\"><img decoding=\"async\" data-id=\"47518\" src=\"https:\/\/www.interflora.fr\/blog\/wp-content\/uploads\/carte-bonne-fete-mamie-1.jpg\" alt=\"Carte pour mamie\" class=\"wp-image-47518\"\/><\/figure>\n<\/figure>\n\n\n\n<h2 class=\"wp-block-heading alignwide\"><strong>Comment offrir une citation \u00e0 sa mamie ?<\/strong><\/h2>\n\n\n\n<p style=\"padding-top:var(--wp--preset--spacing--20);padding-bottom:var(--wp--preset--spacing--20)\">Que vous souhaitiez simplement lui faire plaisir ou marquer un \u00e9v\u00e9nement sp\u00e9cial, voici quelques id\u00e9es pour lui faire parvenir ces belles citations :<\/p>\n\n\n\n<ul class=\"wp-block-list\">\n<li><strong>Dans une carte manuscrite<\/strong> : un petit texte personnel que vous aurez pris le soin d&rsquo;inscrire de votre plus belle \u00e9criture dans une jolie carte, fera fondre \u00e0 coup s\u00fbr le c\u0153ur de votre mamie.<\/li>\n<\/ul>\n\n\n\n<ul class=\"wp-block-list\">\n<li><strong>Par SMS <\/strong>: parfait pour surprendre votre grand-m\u00e8re de mani\u00e8re spontan\u00e9e dans son quotidien.&nbsp;<\/li>\n<\/ul>\n\n\n\n<ul class=\"wp-block-list\">\n<li><strong>En message audio ou vid\u00e9o<\/strong> : pour rendre votre petit mot encore plus vivant et donc plus \u00e9mouvant.<\/li>\n<\/ul>\n\n\n\n<ul class=\"wp-block-list\">\n<li><strong>Encadr\u00e9<\/strong> : une belle fa\u00e7on d&rsquo;immortaliser votre texte. Imprimez ou calligraphiez votre mot doux sur un joli papier que vous pourrez encadrer ou mettre sous-verre afin de l&rsquo;offrir \u00e0 votre m\u00e9m\u00e9 ador\u00e9e.&nbsp;<\/li>\n<\/ul>\n\n\n\n<p style=\"padding-top:0;padding-right:var(--wp--preset--spacing--20);padding-bottom:0;padding-left:var(--wp--preset--spacing--20)\">Et si vous souhaitez faire les choses en grand pour cette personne ch\u00e8re \u00e0 votre c\u0153ur, accompagnez votre message d&rsquo;un <a href=\"https:\/\/www.interflora.fr\/c\/fleurs-fete-grand-meres\">joli bouquet de fleurs sp\u00e9cial mamie<\/a>.<\/p>\n\n\n\n<div class=\"wp-block-buttons is-content-justification-center is-layout-flex wp-container-core-buttons-is-layout-a89b3969 wp-block-buttons-is-layout-flex\">\n<div class=\"wp-block-button\"><a class=\"wp-block-button__link wp-element-button\" href=\"https:\/\/www.interflora.fr\/c\/fleurs-fete-grand-meres\"><strong>Offrez une petite attention \u00e0 votre mamie<\/strong><\/a><\/div>\n<\/div>\n\n\n\n<div style=\"height:10px\" aria-hidden=\"true\" class=\"wp-block-spacer\"><\/div>\n\n\n\n<h2 class=\"wp-block-heading alignwide\"><strong>\u00catre mamie : citations qui c\u00e9l\u00e8brent les grands-m\u00e8res<\/strong><\/h2>\n\n\n\n<p style=\"padding-top:var(--wp--preset--spacing--20);padding-bottom:var(--wp--preset--spacing--20)\">Toutes les mamies sont uniques, certes. Mais elles ont en commun des qualit\u00e9s, que des \u00e9crivains et des anonymes ont su mettre en avant gr\u00e2ce \u00e0 quelques mots bien choisis.&nbsp;<\/p>\n\n\n\n<div class=\"wp-block-media-text alignwide is-stacked-on-mobile\" style=\"padding-right:var(--wp--preset--spacing--20);padding-left:var(--wp--preset--spacing--20);grid-template-columns:40% auto\"><figure class=\"wp-block-media-text__media\"><img loading=\"lazy\" decoding=\"async\" width=\"800\" height=\"450\" src=\"https:\/\/www.interflora.fr\/blog\/wp-content\/uploads\/2026\/01\/fdgm-cadeau-mamie.jpg\" alt=\"\" class=\"wp-image-57479 size-full\" srcset=\"https:\/\/www.interflora.fr\/blog\/wp-content\/uploads\/2026\/01\/fdgm-cadeau-mamie.jpg 800w, https:\/\/www.interflora.fr\/blog\/wp-content\/uploads\/2026\/01\/fdgm-cadeau-mamie-300x169.jpg 300w, https:\/\/www.interflora.fr\/blog\/wp-content\/uploads\/2026\/01\/fdgm-cadeau-mamie-768x432.jpg 768w\" sizes=\"auto, (max-width: 800px) 100vw, 800px\" \/><\/figure><div class=\"wp-block-media-text__content\">\n<ul class=\"wp-block-list\">\n<li>\u00ab\u00a0Une maman formidable donne toujours une grand-m\u00e8re exceptionnelle.\u00a0\u00bb &#8211; Jean Gastaldi<\/li>\n<\/ul>\n\n\n\n<ul class=\"wp-block-list\">\n<li>\u00ab\u00a0\u00catre mamie, c&rsquo;est regarder la beaut\u00e9 du monde danser dans les yeux de mes petits enfants.\u00a0\u00bb &#8211; Sandrine Fillassier<\/li>\n<\/ul>\n\n\n\n<ul class=\"wp-block-list\">\n<li>\u00ab\u00a0Les grands-m\u00e8res ont plus d&rsquo;influence qu&rsquo;on ne le pense sur la personnalit\u00e9 de leurs petits-enfants.\u00a0\u00bb &#8211; Robert Badinter<\/li>\n<\/ul>\n<\/div><\/div>\n\n\n\n<div style=\"height:10px\" aria-hidden=\"true\" class=\"wp-block-spacer\"><\/div>\n\n\n\n<div class=\"wp-block-media-text alignwide has-media-on-the-right is-stacked-on-mobile\" style=\"padding-right:var(--wp--preset--spacing--20);padding-left:var(--wp--preset--spacing--20);grid-template-columns:auto 40%\"><div class=\"wp-block-media-text__content\">\n<ul class=\"wp-block-list\">\n<li>\u00ab\u00a0Les enfants martyrs sont ceux qu&rsquo;on embrasse trop. Les grands-m\u00e8res sont particuli\u00e8rement recherch\u00e9es pour cette t\u00e2che de tortionnaire.\u00a0\u00bb &#8211; Henry de Montherlant<\/li>\n<\/ul>\n\n\n\n<ul class=\"wp-block-list\">\n<li>\u00ab\u00a0Une maison a besoin d&rsquo;une grand-m\u00e8re.\u00a0\u00bb &#8211; Louisa May Alcott<\/li>\n<\/ul>\n\n\n\n<ul class=\"wp-block-list\">\n<li>\u00ab\u00a0Une grand-m\u00e8re, c&rsquo;est un peu de parent, un peu de professeur et beaucoup de meilleur ami.\u00a0\u00bb &#8211; Jean Gastaldi<\/li>\n<\/ul>\n<\/div><figure class=\"wp-block-media-text__media\"><img loading=\"lazy\" decoding=\"async\" width=\"800\" height=\"450\" src=\"https:\/\/www.interflora.fr\/blog\/wp-content\/uploads\/2026\/01\/fdgm-tulipes-doubles-zoom.jpg\" alt=\"\" class=\"wp-image-57478 size-full\" srcset=\"https:\/\/www.interflora.fr\/blog\/wp-content\/uploads\/2026\/01\/fdgm-tulipes-doubles-zoom.jpg 800w, https:\/\/www.interflora.fr\/blog\/wp-content\/uploads\/2026\/01\/fdgm-tulipes-doubles-zoom-300x169.jpg 300w, https:\/\/www.interflora.fr\/blog\/wp-content\/uploads\/2026\/01\/fdgm-tulipes-doubles-zoom-768x432.jpg 768w\" sizes=\"auto, (max-width: 800px) 100vw, 800px\" \/><\/figure><\/div>\n\n\n\n<div style=\"height:10px\" aria-hidden=\"true\" class=\"wp-block-spacer\"><\/div>\n\n\n\n<div class=\"wp-block-media-text alignwide is-stacked-on-mobile\" style=\"padding-right:var(--wp--preset--spacing--20);padding-left:var(--wp--preset--spacing--20);grid-template-columns:38% auto\"><figure class=\"wp-block-media-text__media\"><img loading=\"lazy\" decoding=\"async\" width=\"800\" height=\"450\" src=\"https:\/\/www.interflora.fr\/blog\/wp-content\/uploads\/2026\/01\/fdgm-fleurs-grand-mere.jpg\" alt=\"\" class=\"wp-image-57480 size-full\" srcset=\"https:\/\/www.interflora.fr\/blog\/wp-content\/uploads\/2026\/01\/fdgm-fleurs-grand-mere.jpg 800w, https:\/\/www.interflora.fr\/blog\/wp-content\/uploads\/2026\/01\/fdgm-fleurs-grand-mere-300x169.jpg 300w, https:\/\/www.interflora.fr\/blog\/wp-content\/uploads\/2026\/01\/fdgm-fleurs-grand-mere-768x432.jpg 768w\" sizes=\"auto, (max-width: 800px) 100vw, 800px\" \/><\/figure><div class=\"wp-block-media-text__content\">\n<ul class=\"wp-block-list\">\n<li>\u00ab\u00a0Les oncles, les tantes et les cousins, c\u2019est bien. Les parents, c\u2019est \u00e0 ne pas n\u00e9gliger. Mais une grand-m\u00e8re les vaut tous !\u201d &#8211; Fanny Fern<\/li>\n<\/ul>\n\n\n\n<ul class=\"wp-block-list\">\n<li>\u00ab\u00a0Une grand-m\u00e8re est une m\u00e8re qui a une seconde chance.\u00a0\u00bb \u2013 Anonyme<\/li>\n<\/ul>\n\n\n\n<ul class=\"wp-block-list\">\n<li>\u00ab\u00a0Une mamie, c&rsquo;est un c\u0153ur en or, une m\u00e9moire remplie d&rsquo;histoires et des bras toujours ouverts.\u00a0\u00bb \u2013 Anonyme<\/li>\n<\/ul>\n<\/div><\/div>\n\n\n\n<div style=\"height:10px\" aria-hidden=\"true\" class=\"wp-block-spacer\"><\/div>\n\n\n\n<h2 class=\"wp-block-heading alignwide\"><strong>Les plus belles citations sur l&rsquo;amour d&rsquo;une grand-m\u00e8re<\/strong><\/h2>\n\n\n\n<p style=\"padding-top:0;padding-right:var(--wp--preset--spacing--20);padding-bottom:0;padding-left:var(--wp--preset--spacing--20)\">Rien n\u2019\u00e9gale l\u2019affection et la bienveillance d\u2019une mamie. Alors, rendez hommage \u00e0 sa tendresse infinie \u00e0 travers l&rsquo;une de ces <strong>citations mamie amour<\/strong> :<\/p>\n\n\n\n<div class=\"wp-block-media-text alignwide has-media-on-the-right is-stacked-on-mobile\" style=\"padding-right:var(--wp--preset--spacing--20);padding-left:var(--wp--preset--spacing--20);grid-template-columns:auto 30%\"><div class=\"wp-block-media-text__content\">\n<ul class=\"wp-block-list\">\n<li>L&rsquo;amour d&rsquo;une grand-m\u00e8re est un fil invisible qui relie les c\u0153urs \u00e0 jamais.\u00a0\u00bb<\/li>\n<\/ul>\n\n\n\n<ul class=\"wp-block-list\">\n<li>\u00ab\u00a0Il y a des m\u00e8res qui aiment sans compter, et puis il y a les mamies qui aiment encore plus.\u00a0\u00bb \u2013 Anonyme<\/li>\n<\/ul>\n\n\n\n<ul class=\"wp-block-list\">\n<li>\u00ab\u00a0L\u2019amour d\u2019une grand-m\u00e8re ne se compte pas en ann\u00e9es, mais en souvenirs et en tendres c\u00e2lins.\u00a0\u00bb<\/li>\n<\/ul>\n\n\n\n<ul class=\"wp-block-list\">\n<li>\u00ab\u00a0Un baiser de mamie, c\u2019est un rem\u00e8de magique qui gu\u00e9rit tous les petits chagrins.\u00a0\u00bb<\/li>\n<\/ul>\n\n\n\n<ul class=\"wp-block-list\">\n<li>\u00ab\u00a0Quand une mamie nous prend dans ses bras, c\u2019est un cocon de tendresse qui r\u00e9pare les c\u0153urs.\u00a0\u00bb<\/li>\n<\/ul>\n<\/div><figure class=\"wp-block-media-text__media\"><img loading=\"lazy\" decoding=\"async\" width=\"533\" height=\"800\" src=\"https:\/\/www.interflora.fr\/blog\/wp-content\/uploads\/2026\/01\/fdgm-bouquet-saison-mamie.jpg\" alt=\"\" class=\"wp-image-57460 size-full\" srcset=\"https:\/\/www.interflora.fr\/blog\/wp-content\/uploads\/2026\/01\/fdgm-bouquet-saison-mamie.jpg 533w, https:\/\/www.interflora.fr\/blog\/wp-content\/uploads\/2026\/01\/fdgm-bouquet-saison-mamie-200x300.jpg 200w\" sizes=\"auto, (max-width: 533px) 100vw, 533px\" \/><\/figure><\/div>\n\n\n\n<div style=\"height:10px\" aria-hidden=\"true\" class=\"wp-block-spacer\"><\/div>\n\n\n\n<h2 class=\"wp-block-heading alignwide\"><strong>Citations sur le bonheur d&rsquo;\u00eatre mamie<\/strong><\/h2>\n\n\n\n<p style=\"padding-right:var(--wp--preset--spacing--20);padding-left:var(--wp--preset--spacing--20)\">Toutes les mamies vous le diront : \u00eatre mamie est un cadeau de la vie. Voici des citations qui mettent des mots sur la joie que leur procure ce r\u00f4le inou\u00ef :<\/p>\n\n\n\n<div class=\"wp-block-media-text alignwide is-stacked-on-mobile\" style=\"padding-right:var(--wp--preset--spacing--20);padding-left:var(--wp--preset--spacing--20);grid-template-columns:38% auto\"><figure class=\"wp-block-media-text__media\"><img loading=\"lazy\" decoding=\"async\" width=\"800\" height=\"450\" src=\"https:\/\/www.interflora.fr\/blog\/wp-content\/uploads\/2026\/01\/fdgm-fete-des-mamies.jpg\" alt=\"\" class=\"wp-image-57477 size-full\" srcset=\"https:\/\/www.interflora.fr\/blog\/wp-content\/uploads\/2026\/01\/fdgm-fete-des-mamies.jpg 800w, https:\/\/www.interflora.fr\/blog\/wp-content\/uploads\/2026\/01\/fdgm-fete-des-mamies-300x169.jpg 300w, https:\/\/www.interflora.fr\/blog\/wp-content\/uploads\/2026\/01\/fdgm-fete-des-mamies-768x432.jpg 768w\" sizes=\"auto, (max-width: 800px) 100vw, 800px\" \/><\/figure><div class=\"wp-block-media-text__content\">\n<p>\u00ab\u00a0On ne comprend vraiment la magie de la vie qu\u2019en devenant grand-m\u00e8re.\u00a0\u00bb<\/p>\n\n\n\n<p>\u00ab\u00a0\u00catre mamie, c&rsquo;est avoir le droit d&rsquo;aimer sans limite et de g\u00e2ter sans retenue !\u00a0\u00bb<\/p>\n\n\n\n<p>\u00ab\u00a0Les petits-enfants sont les rayons de soleil qui illuminent la vie des grands-m\u00e8res.\u00a0\u00bb<\/p>\n<\/div><\/div>\n\n\n\n<div style=\"height:10px\" aria-hidden=\"true\" class=\"wp-block-spacer\"><\/div>\n\n\n\n<h2 class=\"wp-block-heading alignwide\"><strong>Citations pour dire \u00ab\u00a0Mamie, je t&rsquo;aime\u00a0\u00bb<\/strong><\/h2>\n\n\n\n<p style=\"padding-right:var(--wp--preset--spacing--20);padding-left:var(--wp--preset--spacing--20)\">Quand on aime sa mamie, il faut le lui dire \u00e0 tout prix, car c&rsquo;est le plus beau cadeau que vous puissiez lui faire. Alors voici quelques <strong>citations Mamie je t\u2019aime<\/strong> pour que vous puissiez lui clamer votre amour avec \u00e9clat :<\/p>\n\n\n\n<div class=\"wp-block-media-text alignwide has-media-on-the-right is-stacked-on-mobile is-vertically-aligned-center\" style=\"padding-right:var(--wp--preset--spacing--20);padding-left:var(--wp--preset--spacing--20);grid-template-columns:auto 30%\"><div class=\"wp-block-media-text__content\">\n<ul class=\"wp-block-list\">\n<li>\u00ab\u00a0Il y a des super-h\u00e9ros, et puis il y a toi, mamie, mon h\u00e9ro\u00efne du quotidien.\u00a0\u00bb<\/li>\n<\/ul>\n\n\n\n<ul class=\"wp-block-list\">\n<li>\u00ab\u00a0Un sourire de mamie, et tout s\u2019illumine. Mamie, je t\u2019aime !\u00a0\u00bb<\/li>\n<\/ul>\n\n\n\n<ul class=\"wp-block-list\">\n<li>\u00ab\u00a0Mamie, tu es l\u2019\u00e9toile qui illumine mes jours et le soleil qui r\u00e9chauffe mon c\u0153ur.\u00a0\u00bb<\/li>\n<\/ul>\n\n\n\n<ul class=\"wp-block-list\">\n<li style=\"padding-right:var(--wp--preset--spacing--20);padding-left:var(--wp--preset--spacing--20)\">\u00ab\u00a0Mamie, ton amour est un doux refuge, une \u00e9treinte chaleureuse o\u00f9 je me sens toujours chez moi.\u00a0\u00bb<\/li>\n<\/ul>\n\n\n\n<ul class=\"wp-block-list\">\n<li>\u00ab\u00a0Mamie, ton amour est un tr\u00e9sor inestimable qui \u00e9claire ma vie chaque jour. Je t\u2019aime infiniment.\u00a0\u00bb<\/li>\n<\/ul>\n\n\n\n<ul class=\"wp-block-list\">\n<li>\u00ab\u00a0Avoir une grand-m\u00e8re comme toi, c\u2019est un cadeau pr\u00e9cieux dont je mesure la valeur chaque jour. Je t\u2019aime plus que les mots ne peuvent le dire.\u00a0\u00bb<\/li>\n<\/ul>\n<\/div><figure class=\"wp-block-media-text__media\"><img loading=\"lazy\" decoding=\"async\" width=\"533\" height=\"800\" src=\"https:\/\/www.interflora.fr\/blog\/wp-content\/uploads\/2026\/01\/fdgm-mamie-et-petite-fille.jpg\" alt=\"\" class=\"wp-image-57494 size-full\" srcset=\"https:\/\/www.interflora.fr\/blog\/wp-content\/uploads\/2026\/01\/fdgm-mamie-et-petite-fille.jpg 533w, https:\/\/www.interflora.fr\/blog\/wp-content\/uploads\/2026\/01\/fdgm-mamie-et-petite-fille-200x300.jpg 200w\" sizes=\"auto, (max-width: 533px) 100vw, 533px\" \/><\/figure><\/div>\n\n\n\n<div style=\"height:10px\" aria-hidden=\"true\" class=\"wp-block-spacer\"><\/div>\n\n\n\n<p style=\"padding-right:var(--wp--preset--spacing--20);padding-left:var(--wp--preset--spacing--20)\">Pour aller plus loin dans votre d\u00e9claration, d\u00e9couvrez nos <a href=\"https:\/\/www.interflora.fr\/blog\/comment-dire-je-t-aime-mamie\/\">id\u00e9es et conseils pour t\u00e9moigner votre affection \u00e0 votre mamie ch\u00e9rie<\/a>.<\/p>\n\n\n<div class=\"lp-produits-grid\"><div class=\"lp-produit\"><div class=\"lp-thumbnail-wrapper\"><img loading=\"lazy\" decoding=\"async\" width=\"300\" height=\"300\" src=\"https:\/\/www.interflora.fr\/blog\/wp-content\/uploads\/2026\/02\/BEP09BL-800Wx800H-0-1-300x300.jpg\" class=\"attachment-medium size-medium wp-post-image\" alt=\"\" srcset=\"https:\/\/www.interflora.fr\/blog\/wp-content\/uploads\/2026\/02\/BEP09BL-800Wx800H-0-1-300x300.jpg 300w, https:\/\/www.interflora.fr\/blog\/wp-content\/uploads\/2026\/02\/BEP09BL-800Wx800H-0-1-150x150.jpg 150w, https:\/\/www.interflora.fr\/blog\/wp-content\/uploads\/2026\/02\/BEP09BL-800Wx800H-0-1-768x768.jpg 768w, https:\/\/www.interflora.fr\/blog\/wp-content\/uploads\/2026\/02\/BEP09BL-800Wx800H-0-1.jpg 800w\" sizes=\"auto, (max-width: 300px) 100vw, 300px\" \/><img decoding=\"async\" class=\"lp-badge\" src=\"https:\/\/www.interflora.fr\/blog\/wp-content\/uploads\/2025\/06\/logo-circle.png\" alt=\"Livraison rapide Interflora\"><\/div><span>Coffret LEGO\u00ae Bucolique<\/span><p>64.95 \u20ac<\/p><span class=\"obf-link lp-cta\" role=\"link\" tabindex=\"0\" data-b64=\"aHR0cHM6Ly93d3cuaW50ZXJmbG9yYS5mci9wL2NvZmZyZXQtbGVnby1idWNvbGlxdWUvMS9GUj91dG1fbWVkaXVtPW9yZ2FuaWMmdXRtX3NvdXJjZT1ibG9nX3Byb2R1Y3RzJnV0bV9jYW1wYWlnbj1CRVAwOUJM\" data-target=\"_blank\"><svg xmlns=\"http:\/\/www.w3.org\/2000\/svg\" width=\"16\" height=\"16\" fill=\"currentColor\" class=\"bi bi-bag\" viewBox=\"0 0 16 16\"><path d=\"M8 1a2 2 0 0 1 2 2v1h2.5A1.5 1.5 0 0 1 14 5.5v8A1.5 1.5 0 0 1 12.5 15h-9A1.5 1.5 0 0 1 2 13.5v-8A1.5 1.5 0 0 1 3.5 3H6V2a2 2 0 0 1 2-1zm1 3V3a1 1 0 0 0-2 0v1h2z\"\/><\/svg>Voir le produit<\/span><p class=\"rapido\">Fleurs fra\u00eeches<\/p><\/div><div class=\"lp-produit\"><div class=\"lp-thumbnail-wrapper\"><img loading=\"lazy\" decoding=\"async\" width=\"300\" height=\"300\" src=\"https:\/\/www.interflora.fr\/blog\/wp-content\/uploads\/2025\/05\/B6DIV02-800Wx800H-0-1-4-300x300.jpg\" class=\"attachment-medium size-medium wp-post-image\" alt=\"\" srcset=\"https:\/\/www.interflora.fr\/blog\/wp-content\/uploads\/2025\/05\/B6DIV02-800Wx800H-0-1-4-300x300.jpg 300w, https:\/\/www.interflora.fr\/blog\/wp-content\/uploads\/2025\/05\/B6DIV02-800Wx800H-0-1-4-150x150.jpg 150w, https:\/\/www.interflora.fr\/blog\/wp-content\/uploads\/2025\/05\/B6DIV02-800Wx800H-0-1-4-768x768.jpg 768w, https:\/\/www.interflora.fr\/blog\/wp-content\/uploads\/2025\/05\/B6DIV02-800Wx800H-0-1-4.jpg 800w\" sizes=\"auto, (max-width: 300px) 100vw, 300px\" \/><img decoding=\"async\" class=\"lp-badge\" src=\"https:\/\/www.interflora.fr\/blog\/wp-content\/uploads\/2025\/06\/logo-circle.png\" alt=\"Livraison rapide Interflora\"><\/div><span>Coffret Joyeux anniversaire<\/span><p>45.95 \u20ac<\/p><span class=\"obf-link lp-cta\" role=\"link\" tabindex=\"0\" data-b64=\"aHR0cHM6Ly93d3cuaW50ZXJmbG9yYS5mci9wL2wtZWxlZ2FudC8wL0ZSP3V0bV9tZWRpdW09b3JnYW5pYyZ1dG1fc291cmNlPWJsb2dfcHJvZHVjdHMmdXRtX2NhbXBhaWduPUI2RElWMDI=\" data-target=\"_blank\"><svg xmlns=\"http:\/\/www.w3.org\/2000\/svg\" width=\"16\" height=\"16\" fill=\"currentColor\" class=\"bi bi-bag\" viewBox=\"0 0 16 16\"><path d=\"M8 1a2 2 0 0 1 2 2v1h2.5A1.5 1.5 0 0 1 14 5.5v8A1.5 1.5 0 0 1 12.5 15h-9A1.5 1.5 0 0 1 2 13.5v-8A1.5 1.5 0 0 1 3.5 3H6V2a2 2 0 0 1 2-1zm1 3V3a1 1 0 0 0-2 0v1h2z\"\/><\/svg>Voir le produit<\/span><p class=\"rapido\">Fleurs fra\u00eeches<\/p><\/div><div class=\"lp-produit\"><div class=\"lp-thumbnail-wrapper\"><img decoding=\"async\" class=\"lp-badge\" src=\"https:\/\/www.interflora.fr\/blog\/wp-content\/uploads\/2025\/06\/logo-circle.png\" alt=\"Livraison rapide Interflora\"><\/div><span>LEGO &#8211; Marguerites<\/span><p>0 \u20ac<\/p><span class=\"obf-link lp-cta\" role=\"link\" tabindex=\"0\" data-b64=\"P3V0bV9tZWRpdW09b3JnYW5pYyZ1dG1fc291cmNlPWJsb2dfcHJvZHVjdHMmdXRtX2NhbXBhaWduPUFJVEYyMjg=\" data-target=\"_blank\"><svg xmlns=\"http:\/\/www.w3.org\/2000\/svg\" width=\"16\" height=\"16\" fill=\"currentColor\" class=\"bi bi-bag\" viewBox=\"0 0 16 16\"><path d=\"M8 1a2 2 0 0 1 2 2v1h2.5A1.5 1.5 0 0 1 14 5.5v8A1.5 1.5 0 0 1 12.5 15h-9A1.5 1.5 0 0 1 2 13.5v-8A1.5 1.5 0 0 1 3.5 3H6V2a2 2 0 0 1 2-1zm1 3V3a1 1 0 0 0-2 0v1h2z\"\/><\/svg>Voir le produit<\/span><p class=\"rapido\">Fleurs fra\u00eeches<\/p><\/div><div class=\"lp-produit\"><div class=\"lp-thumbnail-wrapper\"><img loading=\"lazy\" decoding=\"async\" width=\"300\" height=\"300\" src=\"https:\/\/www.interflora.fr\/blog\/wp-content\/uploads\/2026\/02\/BEP25LGR-800Wx800H-0-1-300x300.jpg\" class=\"attachment-medium size-medium wp-post-image\" alt=\"\" srcset=\"https:\/\/www.interflora.fr\/blog\/wp-content\/uploads\/2026\/02\/BEP25LGR-800Wx800H-0-1-300x300.jpg 300w, https:\/\/www.interflora.fr\/blog\/wp-content\/uploads\/2026\/02\/BEP25LGR-800Wx800H-0-1-150x150.jpg 150w, https:\/\/www.interflora.fr\/blog\/wp-content\/uploads\/2026\/02\/BEP25LGR-800Wx800H-0-1-768x768.jpg 768w, https:\/\/www.interflora.fr\/blog\/wp-content\/uploads\/2026\/02\/BEP25LGR-800Wx800H-0-1.jpg 800w\" sizes=\"auto, (max-width: 300px) 100vw, 300px\" \/><img decoding=\"async\" class=\"lp-badge\" src=\"https:\/\/www.interflora.fr\/blog\/wp-content\/uploads\/2025\/06\/logo-circle.png\" alt=\"Livraison rapide Interflora\"><\/div><span>Roses signature LEGO\u00ae<\/span><p>87.95 \u20ac<\/p><span class=\"obf-link lp-cta\" role=\"link\" tabindex=\"0\" data-b64=\"aHR0cHM6Ly93d3cuaW50ZXJmbG9yYS5mci9wL3Jvc2VzLXNpZ25hdHVyZS1sZWdvLzEvRlI\/dXRtX21lZGl1bT1vcmdhbmljJnV0bV9zb3VyY2U9YmxvZ19wcm9kdWN0cyZ1dG1fY2FtcGFpZ249QkVQMjVMR1I=\" data-target=\"_blank\"><svg xmlns=\"http:\/\/www.w3.org\/2000\/svg\" width=\"16\" height=\"16\" fill=\"currentColor\" class=\"bi bi-bag\" viewBox=\"0 0 16 16\"><path d=\"M8 1a2 2 0 0 1 2 2v1h2.5A1.5 1.5 0 0 1 14 5.5v8A1.5 1.5 0 0 1 12.5 15h-9A1.5 1.5 0 0 1 2 13.5v-8A1.5 1.5 0 0 1 3.5 3H6V2a2 2 0 0 1 2-1zm1 3V3a1 1 0 0 0-2 0v1h2z\"\/><\/svg>Voir le produit<\/span><p class=\"rapido\">Top produit<\/p><\/div><\/div>\n\n\n\n<div style=\"height:10px\" aria-hidden=\"true\" class=\"wp-block-spacer\"><\/div>\n\n\n\n<div class=\"wp-block-buttons is-content-justification-center is-layout-flex wp-container-core-buttons-is-layout-a89b3969 wp-block-buttons-is-layout-flex\">\n<div class=\"wp-block-button\"><a class=\"wp-block-button__link wp-element-button\" href=\"https:\/\/www.interflora.fr\/c\/composition-fete-grand-meres\"><strong>Compositions florales pour la f\u00eate des Grands<\/strong>&#8211;<strong>M\u00e8res<\/strong><\/a><\/div>\n<\/div>\n\n\n\n<div style=\"height:10px\" aria-hidden=\"true\" class=\"wp-block-spacer\"><\/div>\n\n\n\n<h2 class=\"wp-block-heading alignwide\"><strong>Citations grand-m\u00e8re pleines d\u2019humour<\/strong><\/h2>\n\n\n\n<div class=\"wp-block-media-text alignwide is-stacked-on-mobile\" style=\"padding-right:var(--wp--preset--spacing--20);padding-left:var(--wp--preset--spacing--20);grid-template-columns:30% auto\"><figure class=\"wp-block-media-text__media\"><img decoding=\"async\" src=\"https:\/\/www.interflora.fr\/blog\/wp-content\/uploads\/2026\/01\/fdgm-bouquet-saison.jpg\" alt=\"\" class=\"wp-image-57459 size-full\"\/><\/figure><div class=\"wp-block-media-text__content\">\n<p>\u00ab\u00a0Une grand-m\u00e8re, c\u2019est une maman qui a pris du galon et qui a toujours des bonbons en r\u00e9serve pour ses petits-enfants.\u00a0\u00bb<\/p>\n\n\n\n<p>\u00ab\u00a0Mamie dit toujours oui, sauf quand elle dit \u00ab\u00a0demande \u00e0 tes parents\u00a0\u00bb.\u00a0\u00bb<\/p>\n\n\n\n<p>\u00ab\u00a0Les mamies, c&rsquo;est comme les bonnes soupes : elles r\u00e9chauffent le c\u0153ur et donnent le sourire.\u00a0\u00bb<\/p>\n\n\n\n<p>\u00ab\u00a0Les grands-m\u00e8res sont des machines \u00e0 c\u00e2lins qui fonctionnent \u00e0 plein r\u00e9gime !\u00a0\u00bb<\/p>\n\n\n\n<p>\u00ab\u00a0Mamie, c&rsquo;est celle qui dit qu&rsquo;on exag\u00e8re avec les \u00e9crans&#8230; mais qui passe trois heures sur Candy Crush.\u00a0\u00bb<\/p>\n<\/div><\/div>\n\n\n\n<div style=\"height:10px\" aria-hidden=\"true\" class=\"wp-block-spacer\"><\/div>\n\n\n\n<h2 class=\"wp-block-heading alignwide\"><strong>Citations pour la F\u00eate des Grands-M\u00e8res<\/strong><\/h2>\n\n\n\n<p style=\"padding-right:var(--wp--preset--spacing--20);padding-left:var(--wp--preset--spacing--20)\">C\u00e9l\u00e9brez votre m\u00e9m\u00e9 ador\u00e9e avec ces <strong>citations F\u00eate des Grands-M\u00e8res<\/strong> parfaites pour l\u2019occasion :<\/p>\n\n\n\n<ul class=\"wp-block-list\">\n<li>\u00ab\u00a0Bonne F\u00eate Mamie ! Merci d&rsquo;\u00eatre cette \u00e9toile lumineuse qui guide nos vies.\u00a0\u00bb<\/li>\n<\/ul>\n\n\n\n<ul class=\"wp-block-list\">\n<li>\u00ab\u00a0Aujourd&rsquo;hui, c&rsquo;est ta journ\u00e9e mamie ! Que cette F\u00eate des Grands-M\u00e8res soit aussi douce que ton amour.\u00a0\u00bb<\/li>\n<\/ul>\n\n\n\n<ul class=\"wp-block-list\">\n<li>\u00ab\u00a0Une journ\u00e9e pour te c\u00e9l\u00e9brer, mais une vie enti\u00e8re pour t&rsquo;aimer ! Bonne F\u00eate Mamie.\u00a0\u00bb<\/li>\n<\/ul>\n\n\n\n<p style=\"padding-right:var(--wp--preset--spacing--20);padding-left:var(--wp--preset--spacing--20)\">D\u00e9couvrez d&rsquo;autres <a href=\"https:\/\/www.interflora.fr\/blog\/messages-et-sms-fete-des-grands-meres\/\">id\u00e9es de messages et SMS pour la f\u00eate des grands-m\u00e8res<\/a>.<\/p>\n\n\n\n<h2 class=\"wp-block-heading alignwide\"><strong>Dictons et proverbes de grand-m\u00e8re : la sagesse en quelques mots<\/strong><\/h2>\n\n\n\n<p style=\"padding-right:var(--wp--preset--spacing--20);padding-left:var(--wp--preset--spacing--20)\">Voici quelques <strong>dictons grand-m\u00e8re<\/strong> et <strong>proverbes grand-m\u00e8re<\/strong> inspir\u00e9s de la sagesse des grands-m\u00e8res :<\/p>\n\n\n\n<ul class=\"wp-block-list\">\n<li>\u00ab\u00a0Quand mamie dit que tout ira bien, on la croit sur parole.\u00a0\u00bb<\/li>\n<\/ul>\n\n\n\n<ul class=\"wp-block-list\">\n<li>\u00ab\u00a0C\u2019est dans les vieilles marmites qu\u2019on fait les meilleures soupes.\u00a0\u00bb<\/li>\n<\/ul>\n\n\n\n<ul class=\"wp-block-list\">\n<li>\u00ab\u00a0Les mamies ont toujours raison (m\u00eame quand elles ont tort).\u00a0\u00bb<\/li>\n<\/ul>\n\n\n\n<ul class=\"wp-block-list\">\n<li>\u00ab\u00a0Qui \u00e9coute sa grand-m\u00e8re, \u00e9vite bien des gal\u00e8res.\u00a0\u00bb<\/li>\n<\/ul>\n\n\n\n<div style=\"height:10px\" aria-hidden=\"true\" class=\"wp-block-spacer\"><\/div>\n\n\n<div class=\"lp-produits-grid\"><div class=\"lp-produit\"><div class=\"lp-thumbnail-wrapper\"><img loading=\"lazy\" decoding=\"async\" width=\"300\" height=\"300\" src=\"https:\/\/www.interflora.fr\/blog\/wp-content\/uploads\/2025\/09\/1PEPLCMA-800Wx800H-0-1-25-300x300.jpg\" class=\"attachment-medium size-medium wp-post-image\" alt=\"\" srcset=\"https:\/\/www.interflora.fr\/blog\/wp-content\/uploads\/2025\/09\/1PEPLCMA-800Wx800H-0-1-25-300x300.jpg 300w, https:\/\/www.interflora.fr\/blog\/wp-content\/uploads\/2025\/09\/1PEPLCMA-800Wx800H-0-1-25-150x150.jpg 150w, https:\/\/www.interflora.fr\/blog\/wp-content\/uploads\/2025\/09\/1PEPLCMA-800Wx800H-0-1-25-768x768.jpg 768w, https:\/\/www.interflora.fr\/blog\/wp-content\/uploads\/2025\/09\/1PEPLCMA-800Wx800H-0-1-25.jpg 800w\" sizes=\"auto, (max-width: 300px) 100vw, 300px\" \/><img decoding=\"async\" class=\"lp-badge\" src=\"https:\/\/www.interflora.fr\/blog\/wp-content\/uploads\/2025\/06\/logo-circle.png\" alt=\"Livraison rapide Interflora\"><\/div><span>Coffret cadeau<\/span><p>57.95 \u20ac<\/p><span class=\"obf-link lp-cta\" role=\"link\" tabindex=\"0\" data-b64=\"aHR0cHM6Ly93d3cuaW50ZXJmbG9yYS5mci9wL3BldGl0LXBsYWlzaXItY2FydGUtbWVzc2FnZS1jaG9jb2xhdC8xL0ZSP3V0bV9tZWRpdW09b3JnYW5pYyZ1dG1fc291cmNlPWJsb2dfcHJvZHVjdHMmdXRtX2NhbXBhaWduPTFQRVBMQ01B\" data-target=\"_blank\"><svg xmlns=\"http:\/\/www.w3.org\/2000\/svg\" width=\"16\" height=\"16\" fill=\"currentColor\" class=\"bi bi-bag\" viewBox=\"0 0 16 16\"><path d=\"M8 1a2 2 0 0 1 2 2v1h2.5A1.5 1.5 0 0 1 14 5.5v8A1.5 1.5 0 0 1 12.5 15h-9A1.5 1.5 0 0 1 2 13.5v-8A1.5 1.5 0 0 1 3.5 3H6V2a2 2 0 0 1 2-1zm1 3V3a1 1 0 0 0-2 0v1h2z\"\/><\/svg>Voir le produit<\/span><p class=\"rapido\">Livraison rapide<\/p><\/div><div class=\"lp-produit\"><div class=\"lp-thumbnail-wrapper\"><img loading=\"lazy\" decoding=\"async\" width=\"300\" height=\"300\" src=\"https:\/\/www.interflora.fr\/blog\/wp-content\/uploads\/2025\/09\/GF11-800Wx800H-0-1-300x300.jpg\" class=\"attachment-medium size-medium wp-post-image\" alt=\"\" srcset=\"https:\/\/www.interflora.fr\/blog\/wp-content\/uploads\/2025\/09\/GF11-800Wx800H-0-1-300x300.jpg 300w, https:\/\/www.interflora.fr\/blog\/wp-content\/uploads\/2025\/09\/GF11-800Wx800H-0-1-150x150.jpg 150w, https:\/\/www.interflora.fr\/blog\/wp-content\/uploads\/2025\/09\/GF11-800Wx800H-0-1-768x768.jpg 768w, https:\/\/www.interflora.fr\/blog\/wp-content\/uploads\/2025\/09\/GF11-800Wx800H-0-1.jpg 800w\" sizes=\"auto, (max-width: 300px) 100vw, 300px\" \/><img decoding=\"async\" class=\"lp-badge\" src=\"https:\/\/www.interflora.fr\/blog\/wp-content\/uploads\/2025\/06\/logo-circle.png\" alt=\"Livraison rapide Interflora\"><\/div><span>Coffret FAUCHON A l&rsquo;heure du th\u00e9<\/span><p>54.95 \u20ac<\/p><span class=\"obf-link lp-cta\" role=\"link\" tabindex=\"0\" data-b64=\"aHR0cHM6Ly93d3cuaW50ZXJmbG9yYS5mci9wL2NvZmZyZXQtYS1sLWhldXJlLWR1LXRoZS8wL0ZSP3V0bV9tZWRpdW09b3JnYW5pYyZ1dG1fc291cmNlPWJsb2dfcHJvZHVjdHMmdXRtX2NhbXBhaWduPUdGMTE=\" data-target=\"_blank\"><svg xmlns=\"http:\/\/www.w3.org\/2000\/svg\" width=\"16\" height=\"16\" fill=\"currentColor\" class=\"bi bi-bag\" viewBox=\"0 0 16 16\"><path d=\"M8 1a2 2 0 0 1 2 2v1h2.5A1.5 1.5 0 0 1 14 5.5v8A1.5 1.5 0 0 1 12.5 15h-9A1.5 1.5 0 0 1 2 13.5v-8A1.5 1.5 0 0 1 3.5 3H6V2a2 2 0 0 1 2-1zm1 3V3a1 1 0 0 0-2 0v1h2z\"\/><\/svg>Voir le produit<\/span><p class=\"rapido\">Top produit<\/p><\/div><div class=\"lp-produit\"><div class=\"lp-thumbnail-wrapper\"><img loading=\"lazy\" decoding=\"async\" width=\"300\" height=\"300\" src=\"https:\/\/www.interflora.fr\/blog\/wp-content\/uploads\/2025\/05\/B6DIV07-800Wx800H-0-1-3-300x300.jpg\" class=\"attachment-medium size-medium wp-post-image\" alt=\"\" srcset=\"https:\/\/www.interflora.fr\/blog\/wp-content\/uploads\/2025\/05\/B6DIV07-800Wx800H-0-1-3-300x300.jpg 300w, https:\/\/www.interflora.fr\/blog\/wp-content\/uploads\/2025\/05\/B6DIV07-800Wx800H-0-1-3-150x150.jpg 150w, https:\/\/www.interflora.fr\/blog\/wp-content\/uploads\/2025\/05\/B6DIV07-800Wx800H-0-1-3-768x768.jpg 768w, https:\/\/www.interflora.fr\/blog\/wp-content\/uploads\/2025\/05\/B6DIV07-800Wx800H-0-1-3.jpg 800w\" sizes=\"auto, (max-width: 300px) 100vw, 300px\" \/><img decoding=\"async\" class=\"lp-badge\" src=\"https:\/\/www.interflora.fr\/blog\/wp-content\/uploads\/2025\/06\/logo-circle.png\" alt=\"Livraison rapide Interflora\"><\/div><span>Coffret Naissance<\/span><p>19 \u20ac<\/p><span class=\"obf-link lp-cta\" role=\"link\" tabindex=\"0\" data-b64=\"aHR0cHM6Ly93d3cuaW50ZXJmbG9yYS5mci9wL3BldGl0ZS1tZXJ2ZWlsbGUvMC9GUj91dG1fbWVkaXVtPW9yZ2FuaWMmdXRtX3NvdXJjZT1ibG9nX3Byb2R1Y3RzJnV0bV9jYW1wYWlnbj1CNkRJVjA3\" data-target=\"_blank\"><svg xmlns=\"http:\/\/www.w3.org\/2000\/svg\" width=\"16\" height=\"16\" fill=\"currentColor\" class=\"bi bi-bag\" viewBox=\"0 0 16 16\"><path d=\"M8 1a2 2 0 0 1 2 2v1h2.5A1.5 1.5 0 0 1 14 5.5v8A1.5 1.5 0 0 1 12.5 15h-9A1.5 1.5 0 0 1 2 13.5v-8A1.5 1.5 0 0 1 3.5 3H6V2a2 2 0 0 1 2-1zm1 3V3a1 1 0 0 0-2 0v1h2z\"\/><\/svg>Voir le produit<\/span><p class=\"rapido\">Fleurs fra\u00eeches<\/p><\/div><div class=\"lp-produit\"><div class=\"lp-thumbnail-wrapper\"><img loading=\"lazy\" decoding=\"async\" width=\"300\" height=\"300\" src=\"https:\/\/www.interflora.fr\/blog\/wp-content\/uploads\/2025\/05\/B6DIV02-800Wx800H-0-1-4-300x300.jpg\" class=\"attachment-medium size-medium wp-post-image\" alt=\"\" srcset=\"https:\/\/www.interflora.fr\/blog\/wp-content\/uploads\/2025\/05\/B6DIV02-800Wx800H-0-1-4-300x300.jpg 300w, https:\/\/www.interflora.fr\/blog\/wp-content\/uploads\/2025\/05\/B6DIV02-800Wx800H-0-1-4-150x150.jpg 150w, https:\/\/www.interflora.fr\/blog\/wp-content\/uploads\/2025\/05\/B6DIV02-800Wx800H-0-1-4-768x768.jpg 768w, https:\/\/www.interflora.fr\/blog\/wp-content\/uploads\/2025\/05\/B6DIV02-800Wx800H-0-1-4.jpg 800w\" sizes=\"auto, (max-width: 300px) 100vw, 300px\" \/><img decoding=\"async\" class=\"lp-badge\" src=\"https:\/\/www.interflora.fr\/blog\/wp-content\/uploads\/2025\/06\/logo-circle.png\" alt=\"Livraison rapide Interflora\"><\/div><span>Coffret Joyeux anniversaire<\/span><p>45.95 \u20ac<\/p><span class=\"obf-link lp-cta\" role=\"link\" tabindex=\"0\" data-b64=\"aHR0cHM6Ly93d3cuaW50ZXJmbG9yYS5mci9wL2wtZWxlZ2FudC8wL0ZSP3V0bV9tZWRpdW09b3JnYW5pYyZ1dG1fc291cmNlPWJsb2dfcHJvZHVjdHMmdXRtX2NhbXBhaWduPUI2RElWMDI=\" data-target=\"_blank\"><svg xmlns=\"http:\/\/www.w3.org\/2000\/svg\" width=\"16\" height=\"16\" fill=\"currentColor\" class=\"bi bi-bag\" viewBox=\"0 0 16 16\"><path d=\"M8 1a2 2 0 0 1 2 2v1h2.5A1.5 1.5 0 0 1 14 5.5v8A1.5 1.5 0 0 1 12.5 15h-9A1.5 1.5 0 0 1 2 13.5v-8A1.5 1.5 0 0 1 3.5 3H6V2a2 2 0 0 1 2-1zm1 3V3a1 1 0 0 0-2 0v1h2z\"\/><\/svg>Voir le produit<\/span><p class=\"rapido\">Top produit<\/p><\/div><\/div>\n\n\n\n<div style=\"height:10px\" aria-hidden=\"true\" class=\"wp-block-spacer\"><\/div>\n\n\n\n<div class=\"wp-block-buttons is-content-justification-center is-layout-flex wp-container-core-buttons-is-layout-a89b3969 wp-block-buttons-is-layout-flex\">\n<div class=\"wp-block-button\"><a class=\"wp-block-button__link wp-element-button\" href=\"https:\/\/www.interflora.fr\/c\/plantes-fete-grand-meres\"><strong>Livraison de plantes pour la F\u00eate des Grands-M\u00e8res<\/strong><\/a><\/div>\n<\/div>\n","protected":false},"excerpt":{"rendered":"<p>Trouver les bons mots pour exprimer tout l\u2019amour que l\u2019on porte \u00e0 sa grand-m\u00e8re n\u2019est pas toujours facile. Pourtant, quelques [&hellip;]<\/p>\n","protected":false},"author":1,"featured_media":57480,"comment_status":"open","ping_status":"open","sticky":false,"template":"","format":"standard","meta":{"_uag_custom_page_level_css":"","site-sidebar-layout":"default","site-content-layout":"","ast-site-content-layout":"default","site-content-style":"default","site-sidebar-style":"default","ast-global-header-display":"","ast-banner-title-visibility":"","ast-main-header-display":"","ast-hfb-above-header-display":"","ast-hfb-below-header-display":"","ast-hfb-mobile-header-display":"","site-post-title":"","ast-breadcrumbs-content":"","ast-featured-img":"","footer-sml-layout":"","ast-disable-related-posts":"","theme-transparent-header-meta":"","adv-header-id-meta":"","stick-header-meta":"","header-above-stick-meta":"","header-main-stick-meta":"","header-below-stick-meta":"","astra-migrate-meta-layouts":"set","ast-page-background-enabled":"default","ast-page-background-meta":{"desktop":{"background-color":"var(--ast-global-color-4)","background-image":"","background-repeat":"repeat","background-position":"center center","background-size":"auto","background-attachment":"scroll","background-type":"","background-media":"","overlay-type":"","overlay-color":"","overlay-gradient":""},"tablet":{"background-color":"","background-image":"","background-repeat":"repeat","background-position":"center center","background-size":"auto","background-attachment":"scroll","background-type":"","background-media":"","overlay-type":"","overlay-color":"","overlay-gradient":""},"mobile":{"background-color":"","background-image":"","background-repeat":"repeat","background-position":"center center","background-size":"auto","background-attachment":"scroll","background-type":"","background-media":"","overlay-type":"","overlay-color":"","overlay-gradient":""}},"ast-content-background-meta":{"desktop":{"background-color":"var(--ast-global-color-5)","background-image":"","background-repeat":"repeat","background-position":"center center","background-size":"auto","background-attachment":"scroll","background-type":"","background-media":"","overlay-type":"","overlay-color":"","overlay-gradient":""},"tablet":{"background-color":"var(--ast-global-color-5)","background-image":"","background-repeat":"repeat","background-position":"center center","background-size":"auto","background-attachment":"scroll","background-type":"","background-media":"","overlay-type":"","overlay-color":"","overlay-gradient":""},"mobile":{"background-color":"var(--ast-global-color-5)","background-image":"","background-repeat":"repeat","background-position":"center center","background-size":"auto","background-attachment":"scroll","background-type":"","background-media":"","overlay-type":"","overlay-color":"","overlay-gradient":""}},"footnotes":""},"categories":[176,268],"tags":[269],"class_list":["post-47505","post","type-post","status-publish","format-standard","has-post-thumbnail","hentry","category-evenements","category-fete-des-grands-meres","tag-fete-des-grands-meres"],"uagb_featured_image_src":{"full":["https:\/\/www.interflora.fr\/blog\/wp-content\/uploads\/2026\/01\/fdgm-fleurs-grand-mere.jpg",800,450,false],"thumbnail":["https:\/\/www.interflora.fr\/blog\/wp-content\/uploads\/2026\/01\/fdgm-fleurs-grand-mere-150x150.jpg",150,150,true],"medium":["https:\/\/www.interflora.fr\/blog\/wp-content\/uploads\/2026\/01\/fdgm-fleurs-grand-mere-300x169.jpg",300,169,true],"medium_large":["https:\/\/www.interflora.fr\/blog\/wp-content\/uploads\/2026\/01\/fdgm-fleurs-grand-mere-768x432.jpg",768,432,true],"large":["https:\/\/www.interflora.fr\/blog\/wp-content\/uploads\/2026\/01\/fdgm-fleurs-grand-mere.jpg",800,450,false],"1536x1536":["https:\/\/www.interflora.fr\/blog\/wp-content\/uploads\/2026\/01\/fdgm-fleurs-grand-mere.jpg",800,450,false],"2048x2048":["https:\/\/www.interflora.fr\/blog\/wp-content\/uploads\/2026\/01\/fdgm-fleurs-grand-mere.jpg",800,450,false]},"uagb_author_info":{"display_name":"admin","author_link":"https:\/\/www.interflora.fr\/blog\/author\/admin\/"},"uagb_comment_info":0,"uagb_excerpt":"Trouver les bons mots pour exprimer tout l\u2019amour que l\u2019on porte \u00e0 sa grand-m\u00e8re n\u2019est pas toujours facile. Pourtant, quelques [&hellip;]","yoast_meta":{"title":"Citations grands-m\u00e8res : mots-doux pour sa mamie | Interflora","description":"Trouvez les mots doux parfaits pour dire \u00e0 votre mamie combien elle compte pour vous, avec ces citations touchantes"},"_links":{"self":[{"href":"https:\/\/www.interflora.fr\/blog\/wp-json\/wp\/v2\/posts\/47505","targetHints":{"allow":["GET"]}}],"collection":[{"href":"https:\/\/www.interflora.fr\/blog\/wp-json\/wp\/v2\/posts"}],"about":[{"href":"https:\/\/www.interflora.fr\/blog\/wp-json\/wp\/v2\/types\/post"}],"author":[{"embeddable":true,"href":"https:\/\/www.interflora.fr\/blog\/wp-json\/wp\/v2\/users\/1"}],"replies":[{"embeddable":true,"href":"https:\/\/www.interflora.fr\/blog\/wp-json\/wp\/v2\/comments?post=47505"}],"version-history":[{"count":1,"href":"https:\/\/www.interflora.fr\/blog\/wp-json\/wp\/v2\/posts\/47505\/revisions"}],"predecessor-version":[{"id":57599,"href":"https:\/\/www.interflora.fr\/blog\/wp-json\/wp\/v2\/posts\/47505\/revisions\/57599"}],"wp:featuredmedia":[{"embeddable":true,"href":"https:\/\/www.interflora.fr\/blog\/wp-json\/wp\/v2\/media\/57480"}],"wp:attachment":[{"href":"https:\/\/www.interflora.fr\/blog\/wp-json\/wp\/v2\/media?parent=47505"}],"wp:term":[{"taxonomy":"category","embeddable":true,"href":"https:\/\/www.interflora.fr\/blog\/wp-json\/wp\/v2\/categories?post=47505"},{"taxonomy":"post_tag","embeddable":true,"href":"https:\/\/www.interflora.fr\/blog\/wp-json\/wp\/v2\/tags?post=47505"}],"curies":[{"name":"wp","href":"https:\/\/api.w.org\/{rel}","templated":true}]}}