{"id":47471,"date":"2025-02-14T15:47:40","date_gmt":"2025-02-14T14:47:40","guid":{"rendered":"https:\/\/www.interflora.fr\/blog\/?p=47471"},"modified":"2026-01-23T15:12:16","modified_gmt":"2026-01-23T14:12:16","slug":"champs-tulipes","status":"publish","type":"post","link":"https:\/\/www.interflora.fr\/blog\/champs-tulipes\/","title":{"rendered":"Champs de tulipes aux Pays-Bas ou en France : o\u00f9 trouver des tulipes ?"},"content":{"rendered":"\n<p>D\u00e8s les premiers jours du printemps, les <strong>champs de tulipes<\/strong> offrent un spectacle \u00e0 couper le souffle. Avec leurs teintes \u00e9clatantes allant du rouge profond au jaune lumineux, ces <strong>fleurs printani\u00e8res<\/strong> attirent aussi bien les amateurs de photographie, les promeneurs curieux que les passionn\u00e9s de botanique. Si les <strong>Pays-Bas<\/strong> sont mondialement connus pour \u00eatre le <strong>pays de la tulipe<\/strong>, la France n\u2019est pas en reste et propose elle aussi de magnifiques paysages o\u00f9 la tulipe est reine. Alors, o\u00f9 trouve-t-on les plus beaux <strong>champs de tulipes aux Pays-Bas<\/strong>&nbsp;? <strong>O\u00f9 trouver des tulipes en France<\/strong>&nbsp;? On vous dit tout&nbsp;!<\/p>\n\n\n<div class=\"lp-produits-grid\"><div class=\"lp-produit\"><div class=\"lp-thumbnail-wrapper\"><img loading=\"lazy\" decoding=\"async\" width=\"300\" height=\"300\" src=\"https:\/\/www.interflora.fr\/blog\/wp-content\/uploads\/2025\/05\/B2TUL-800Wx800H-0-1-1-300x300.jpg\" class=\"attachment-medium size-medium wp-post-image\" alt=\"\" srcset=\"https:\/\/www.interflora.fr\/blog\/wp-content\/uploads\/2025\/05\/B2TUL-800Wx800H-0-1-1-300x300.jpg 300w, https:\/\/www.interflora.fr\/blog\/wp-content\/uploads\/2025\/05\/B2TUL-800Wx800H-0-1-1-150x150.jpg 150w, https:\/\/www.interflora.fr\/blog\/wp-content\/uploads\/2025\/05\/B2TUL-800Wx800H-0-1-1-768x768.jpg 768w, https:\/\/www.interflora.fr\/blog\/wp-content\/uploads\/2025\/05\/B2TUL-800Wx800H-0-1-1.jpg 800w\" sizes=\"auto, (max-width: 300px) 100vw, 300px\" \/><img decoding=\"async\" class=\"lp-badge\" src=\"https:\/\/www.interflora.fr\/blog\/wp-content\/uploads\/2025\/06\/logo-circle.png\" alt=\"Livraison rapide Interflora\"><\/div><span>Brass\u00e9e de tulipes<\/span><p>29.95 \u20ac<\/p><span class=\"obf-link lp-cta\" role=\"link\" tabindex=\"0\" data-b64=\"aHR0cHM6Ly93d3cuaW50ZXJmbG9yYS5mci9wL2JvdXF1ZXQtYnJhc3NlZS10dWxpcGUvMS9GUj91dG1fbWVkaXVtPW9yZ2FuaWMmdXRtX3NvdXJjZT1ibG9nX3Byb2R1Y3RzJnV0bV9jYW1wYWlnbj1CMlRVTA==\" data-target=\"_blank\"><svg xmlns=\"http:\/\/www.w3.org\/2000\/svg\" width=\"16\" height=\"16\" fill=\"currentColor\" class=\"bi bi-bag\" viewBox=\"0 0 16 16\"><path d=\"M8 1a2 2 0 0 1 2 2v1h2.5A1.5 1.5 0 0 1 14 5.5v8A1.5 1.5 0 0 1 12.5 15h-9A1.5 1.5 0 0 1 2 13.5v-8A1.5 1.5 0 0 1 3.5 3H6V2a2 2 0 0 1 2-1zm1 3V3a1 1 0 0 0-2 0v1h2z\"\/><\/svg>Voir le produit<\/span><p class=\"rapido\">Top produit<\/p><\/div><div class=\"lp-produit\"><div class=\"lp-thumbnail-wrapper\"><img loading=\"lazy\" decoding=\"async\" width=\"300\" height=\"300\" src=\"https:\/\/www.interflora.fr\/blog\/wp-content\/uploads\/2025\/09\/2BFS-800Wx800H-0-1-25-300x300.jpg\" class=\"attachment-medium size-medium wp-post-image\" alt=\"\" srcset=\"https:\/\/www.interflora.fr\/blog\/wp-content\/uploads\/2025\/09\/2BFS-800Wx800H-0-1-25-300x300.jpg 300w, https:\/\/www.interflora.fr\/blog\/wp-content\/uploads\/2025\/09\/2BFS-800Wx800H-0-1-25-150x150.jpg 150w, https:\/\/www.interflora.fr\/blog\/wp-content\/uploads\/2025\/09\/2BFS-800Wx800H-0-1-25-768x768.jpg 768w, https:\/\/www.interflora.fr\/blog\/wp-content\/uploads\/2025\/09\/2BFS-800Wx800H-0-1-25.jpg 800w\" sizes=\"auto, (max-width: 300px) 100vw, 300px\" \/><img decoding=\"async\" class=\"lp-badge\" src=\"https:\/\/www.interflora.fr\/blog\/wp-content\/uploads\/2025\/06\/logo-circle.png\" alt=\"Livraison rapide Interflora\"><\/div><span>Le bouquet cr\u00e9atif du fleuriste de saison<\/span><p>36.95 \u20ac<\/p><span class=\"obf-link lp-cta\" role=\"link\" tabindex=\"0\" data-b64=\"aHR0cHM6Ly93d3cuaW50ZXJmbG9yYS5mci9wL2JvdXF1ZXQtZmxldXJpc3RlLWRlLXNhaXNvbi8xL0ZSP3V0bV9tZWRpdW09b3JnYW5pYyZ1dG1fc291cmNlPWJsb2dfcHJvZHVjdHMmdXRtX2NhbXBhaWduPTJCRlM=\" data-target=\"_blank\"><svg xmlns=\"http:\/\/www.w3.org\/2000\/svg\" width=\"16\" height=\"16\" fill=\"currentColor\" class=\"bi bi-bag\" viewBox=\"0 0 16 16\"><path d=\"M8 1a2 2 0 0 1 2 2v1h2.5A1.5 1.5 0 0 1 14 5.5v8A1.5 1.5 0 0 1 12.5 15h-9A1.5 1.5 0 0 1 2 13.5v-8A1.5 1.5 0 0 1 3.5 3H6V2a2 2 0 0 1 2-1zm1 3V3a1 1 0 0 0-2 0v1h2z\"\/><\/svg>Voir le produit<\/span><p class=\"rapido\">Livraison rapide<\/p><\/div><div class=\"lp-produit\"><div class=\"lp-thumbnail-wrapper\"><img loading=\"lazy\" decoding=\"async\" width=\"300\" height=\"300\" src=\"https:\/\/www.interflora.fr\/blog\/wp-content\/uploads\/2025\/05\/STVALC2CM-800Wx800H-0-1-300x300.jpg\" class=\"attachment-medium size-medium wp-post-image\" alt=\"\" srcset=\"https:\/\/www.interflora.fr\/blog\/wp-content\/uploads\/2025\/05\/STVALC2CM-800Wx800H-0-1-300x300.jpg 300w, https:\/\/www.interflora.fr\/blog\/wp-content\/uploads\/2025\/05\/STVALC2CM-800Wx800H-0-1-150x150.jpg 150w, https:\/\/www.interflora.fr\/blog\/wp-content\/uploads\/2025\/05\/STVALC2CM-800Wx800H-0-1-768x768.jpg 768w, https:\/\/www.interflora.fr\/blog\/wp-content\/uploads\/2025\/05\/STVALC2CM-800Wx800H-0-1.jpg 800w\" sizes=\"auto, (max-width: 300px) 100vw, 300px\" \/><img decoding=\"async\" class=\"lp-badge\" src=\"https:\/\/www.interflora.fr\/blog\/wp-content\/uploads\/2025\/06\/logo-circle.png\" alt=\"Livraison rapide Interflora\"><\/div><span>Tulipes d&rsquo;amour et sa carte message<\/span><p>42.95 \u20ac<\/p><span class=\"obf-link lp-cta\" role=\"link\" tabindex=\"0\" data-b64=\"aHR0cHM6Ly93d3cuaW50ZXJmbG9yYS5mci9wL3R1bGlwZXMtZC1hbW91ci1ldC1jYXJ0ZS1tZXNzYWdlLzEvRlI\/dXRtX21lZGl1bT1vcmdhbmljJnV0bV9zb3VyY2U9YmxvZ19wcm9kdWN0cyZ1dG1fY2FtcGFpZ249U1RWQUxDMkNN\" data-target=\"_blank\"><svg xmlns=\"http:\/\/www.w3.org\/2000\/svg\" width=\"16\" height=\"16\" fill=\"currentColor\" class=\"bi bi-bag\" viewBox=\"0 0 16 16\"><path d=\"M8 1a2 2 0 0 1 2 2v1h2.5A1.5 1.5 0 0 1 14 5.5v8A1.5 1.5 0 0 1 12.5 15h-9A1.5 1.5 0 0 1 2 13.5v-8A1.5 1.5 0 0 1 3.5 3H6V2a2 2 0 0 1 2-1zm1 3V3a1 1 0 0 0-2 0v1h2z\"\/><\/svg>Voir le produit<\/span><p class=\"rapido\">Fleurs fra\u00eeches<\/p><\/div><div class=\"lp-produit\"><div class=\"lp-thumbnail-wrapper\"><img loading=\"lazy\" decoding=\"async\" width=\"300\" height=\"300\" src=\"https:\/\/www.interflora.fr\/blog\/wp-content\/uploads\/2025\/12\/2BDT-800Wx800H-0-1-300x300.jpg\" class=\"attachment-medium size-medium wp-post-image\" alt=\"\" srcset=\"https:\/\/www.interflora.fr\/blog\/wp-content\/uploads\/2025\/12\/2BDT-800Wx800H-0-1-300x300.jpg 300w, https:\/\/www.interflora.fr\/blog\/wp-content\/uploads\/2025\/12\/2BDT-800Wx800H-0-1-150x150.jpg 150w, https:\/\/www.interflora.fr\/blog\/wp-content\/uploads\/2025\/12\/2BDT-800Wx800H-0-1-768x768.jpg 768w, https:\/\/www.interflora.fr\/blog\/wp-content\/uploads\/2025\/12\/2BDT-800Wx800H-0-1.jpg 800w\" sizes=\"auto, (max-width: 300px) 100vw, 300px\" \/><img decoding=\"async\" class=\"lp-badge\" src=\"https:\/\/www.interflora.fr\/blog\/wp-content\/uploads\/2025\/06\/logo-circle.png\" alt=\"Livraison rapide Interflora\"><\/div><span>Brass\u00e9e de tulipes multicolores<\/span><p>31.95 \u20ac<\/p><span class=\"obf-link lp-cta\" role=\"link\" tabindex=\"0\" data-b64=\"aHR0cHM6Ly93d3cuaW50ZXJmbG9yYS5mci9wL2JvdXF1ZXQtdHVsaXBlcy8xL0ZSP3V0bV9tZWRpdW09b3JnYW5pYyZ1dG1fc291cmNlPWJsb2dfcHJvZHVjdHMmdXRtX2NhbXBhaWduPTJCRFQ=\" data-target=\"_blank\"><svg xmlns=\"http:\/\/www.w3.org\/2000\/svg\" width=\"16\" height=\"16\" fill=\"currentColor\" class=\"bi bi-bag\" viewBox=\"0 0 16 16\"><path d=\"M8 1a2 2 0 0 1 2 2v1h2.5A1.5 1.5 0 0 1 14 5.5v8A1.5 1.5 0 0 1 12.5 15h-9A1.5 1.5 0 0 1 2 13.5v-8A1.5 1.5 0 0 1 3.5 3H6V2a2 2 0 0 1 2-1zm1 3V3a1 1 0 0 0-2 0v1h2z\"\/><\/svg>Voir le produit<\/span><p class=\"rapido\">Livraison rapide<\/p><\/div><\/div>\n\n\n\n<h2 class=\"wp-block-heading\">Les Pays-Bas&nbsp;: le paradis des champs de tulipes<\/h2>\n\n\n\n<p>Naturellement, impossible d\u2019\u00e9voquer les tulipes sans penser aux Pays-Bas&nbsp;!<\/p>\n\n\n\n<h3 class=\"wp-block-heading\">Pourquoi les Pays-Bas sont-ils c\u00e9l\u00e8bres pour leurs tulipes&nbsp;?<\/h3>\n\n\n\n<div class=\"wp-block-media-text is-stacked-on-mobile\"><figure class=\"wp-block-media-text__media\"><img loading=\"lazy\" decoding=\"async\" width=\"1000\" height=\"666\" src=\"https:\/\/www.interflora.fr\/blog\/wp-content\/uploads\/2024\/03\/keukenhof-tulipes-2.jpeg\" alt=\"\" class=\"wp-image-57606 size-full\" srcset=\"https:\/\/www.interflora.fr\/blog\/wp-content\/uploads\/2024\/03\/keukenhof-tulipes-2.jpeg 1000w, https:\/\/www.interflora.fr\/blog\/wp-content\/uploads\/2024\/03\/keukenhof-tulipes-2-300x200.jpeg 300w, https:\/\/www.interflora.fr\/blog\/wp-content\/uploads\/2024\/03\/keukenhof-tulipes-2-768x511.jpeg 768w\" sizes=\"auto, (max-width: 1000px) 100vw, 1000px\" \/><\/figure><div class=\"wp-block-media-text__content\">\n<p>Import\u00e9e de l\u2019Empire ottoman au 16e si\u00e8cle, cette fleur a rapidement conquis le c\u0153ur des Hollandais. \u00c0 tel point qu\u2019une <strong>v\u00e9ritable tulipomanie<\/strong> s\u2019est empar\u00e9e du pays au 17e si\u00e8cle, avec des bulbes atteignant des prix d\u00e9mesur\u00e9s. Aujourd\u2019hui encore, les Pays-Bas sont les plus grands <strong>producteurs mondiaux de tulipes<\/strong> et exportent des millions de bulbes chaque ann\u00e9e.<\/p>\n\n\n\n<p>Au-del\u00e0 de l\u2019aspect \u00e9conomique, la tulipe est devenue un v\u00e9ritable <strong>symbole national<\/strong>. Chaque printemps, les <a href=\"https:\/\/www.interflora.fr\/blog\/les-tulipes-et-la-hollande\/\">champs de tulipes aux Pays-Bas<\/a> attirent des visiteurs du monde entier, \u00e9merveill\u00e9s par ces vastes \u00e9tendues color\u00e9es qui s\u2019\u00e9tendent \u00e0 perte de vue.<\/p>\n<\/div><\/div>\n\n\n\n<h3 class=\"wp-block-heading\">O\u00f9 aller voir les champs de tulipes en Hollande&nbsp;?<\/h3>\n\n\n\n<div class=\"wp-block-media-text has-media-on-the-right is-stacked-on-mobile\"><div class=\"wp-block-media-text__content\">\n<p>Si vous cherchez <strong>o\u00f9 se trouve le plus grand parc de tulipes<\/strong>, allez faire un tour au <strong>parc floral de Keukenhof<\/strong>. Il est, sans conteste, l\u2019un des endroits les plus c\u00e9l\u00e8bres et vastes pour admirer les tulipes. Situ\u00e9 \u00e0 Lisse, non loin d\u2019Amsterdam, il accueille plus de sept millions de bulbes en fleurs chaque ann\u00e9e, cr\u00e9ant un d\u00e9cor f\u00e9erique qui \u00e9merveille les visiteurs. Avec ses jolis moulins en toile de fond, les photos parlent d\u2019elles-m\u00eames&nbsp;!<\/p>\n\n\n\n<p>Pour ceux qui pr\u00e9f\u00e8rent une immersion totale au milieu des champs, la r\u00e9gion de la <strong>Bollenstreek<\/strong>, entre Haarlem et Leiden, est un passage incontournable. Un itin\u00e9raire pittoresque permet d\u2019explorer les champs de tulipes \u00e0 v\u00e9lo.<\/p>\n<\/div><figure class=\"wp-block-media-text__media\"><img decoding=\"async\" src=\"https:\/\/www.interflora.fr\/blog\/wp-content\/uploads\/ou-aller-voir-champs-tulipes-hollande.jpg\" alt=\"Champ de tulipes roses devant des moulins en Hollande\" class=\"wp-image-47467 size-full\"\/><\/figure><\/div>\n\n\n\n<p>D\u2019autres r\u00e9gions, comme la province de <strong>Flevoland <\/strong>ou le nord des Pays-Bas, offrent \u00e9galement des panoramas spectaculaires o\u00f9 les tulipes s\u2019\u00e9tendent \u00e0 perte de vue.<\/p>\n\n\n\n<h2 class=\"wp-block-heading\">Pas besoin de changer de pays&nbsp;! Voir des champs de tulipes en France<\/h2>\n\n\n\n<div class=\"wp-block-media-text is-stacked-on-mobile\"><figure class=\"wp-block-media-text__media\"><img loading=\"lazy\" decoding=\"async\" width=\"800\" height=\"533\" src=\"https:\/\/www.interflora.fr\/blog\/wp-content\/uploads\/2026\/01\/bouquet-tulipes-pales-hiver.jpg\" alt=\"\" class=\"wp-image-57481 size-full\" srcset=\"https:\/\/www.interflora.fr\/blog\/wp-content\/uploads\/2026\/01\/bouquet-tulipes-pales-hiver.jpg 800w, https:\/\/www.interflora.fr\/blog\/wp-content\/uploads\/2026\/01\/bouquet-tulipes-pales-hiver-300x200.jpg 300w, https:\/\/www.interflora.fr\/blog\/wp-content\/uploads\/2026\/01\/bouquet-tulipes-pales-hiver-768x512.jpg 768w\" sizes=\"auto, (max-width: 800px) 100vw, 800px\" \/><\/figure><div class=\"wp-block-media-text__content\">\n<p>Si les Pays-Bas sont une r\u00e9f\u00e9rence en mati\u00e8re de <a href=\"https:\/\/www.interflora.fr\/blog\/tulipe\/\">tulipes<\/a>, la France offre aussi de magnifiques \u00e9tendues color\u00e9es au printemps. Que ce soit en Bretagne, en Nouvelle-Aquitaine ou en Provence, il est possible d\u2019admirer ces fleurs embl\u00e9matiques du printemps sans quitter l\u2019Hexagone.<\/p>\n<\/div><\/div>\n\n\n\n<h3 class=\"wp-block-heading\">O\u00f9 voir des tulipes en Provence&nbsp;?<\/h3>\n\n\n\n<p>La Provence est souvent associ\u00e9e aux champs de lavande, mais au printemps, certaines zones se couvrent de magnifiques tulipes qui appr\u00e9cient tout particuli\u00e8rement le climat proven\u00e7al. Alors, si vous \u00eates en visite dans le coin, voici quelques endroits o\u00f9 admirer de <strong>beaux champs de tulipes<\/strong> :<\/p>\n\n\n\n<ul class=\"wp-block-list\">\n<li><strong>La Brillanne<\/strong> (Alpes-de-Haute-Provence)&nbsp;: cette commune situ\u00e9e entre Manosque et Forcalquier est connue pour ses champs de tulipes admirables en avril. La diversit\u00e9 des couleurs et l\u2019immensit\u00e9 des parcelles en font un lieu incontournable pour les amateurs de fleurs.<\/li>\n\n\n\n<li><strong>Carpentras <\/strong>(Vaucluse)&nbsp;: dans cette r\u00e9gion o\u00f9 l&rsquo;on cultive \u00e9galement la vigne et le melon, les tulipes offrent un spectacle \u00e9ph\u00e9m\u00e8re chaque ann\u00e9e, transformant temporairement les paysages en une palette de couleurs vives.<\/li>\n\n\n\n<li><strong>Jonqui\u00e8res<\/strong> (Vaucluse)&nbsp;: ce village situ\u00e9 pr\u00e8s de Orange attire de nombreux visiteurs, venus pour voir les impressionnants et c\u00e9l\u00e8bres champs de tulipes de Jonqui\u00e8res.<\/li>\n<\/ul>\n\n\n\n<div class=\"wp-block-media-text has-media-on-the-right is-stacked-on-mobile\"><div class=\"wp-block-media-text__content\">\n<p>Le climat proven\u00e7al permet une <strong>floraison pr\u00e9coce des tulipes<\/strong>, g\u00e9n\u00e9ralement entre mars et avril. Pour la petite info, les champs de tulipes dans le Vaucluse sont destin\u00e9s \u00e0 la production de bulbes qui sont ensuite envoy\u00e9s aux Pays-Bas. Ils ne restent fleuris que quelques semaines avant la r\u00e9colte, il faut donc \u00eatre rapide pour les admirer\u00a0!<\/p>\n<\/div><figure class=\"wp-block-media-text__media\"><img loading=\"lazy\" decoding=\"async\" width=\"800\" height=\"533\" src=\"https:\/\/www.interflora.fr\/blog\/wp-content\/uploads\/2026\/01\/bouquet-tulipes-rouges-hiver-sourire.jpg\" alt=\"\" class=\"wp-image-57483 size-full\" srcset=\"https:\/\/www.interflora.fr\/blog\/wp-content\/uploads\/2026\/01\/bouquet-tulipes-rouges-hiver-sourire.jpg 800w, https:\/\/www.interflora.fr\/blog\/wp-content\/uploads\/2026\/01\/bouquet-tulipes-rouges-hiver-sourire-300x200.jpg 300w, https:\/\/www.interflora.fr\/blog\/wp-content\/uploads\/2026\/01\/bouquet-tulipes-rouges-hiver-sourire-768x512.jpg 768w\" sizes=\"auto, (max-width: 800px) 100vw, 800px\" \/><\/figure><\/div>\n\n\n\n<h3 class=\"wp-block-heading\">O\u00f9 trouver des champs de tulipes en France&nbsp;?<\/h3>\n\n\n\n<p>M\u00eame si la Provence est une terre de culture id\u00e9ale pour les tulipes, vous pourrez \u00e9galement en trouver dans d\u2019autres r\u00e9gions fran\u00e7aises&nbsp;:<\/p>\n\n\n\n<ul class=\"wp-block-list\">\n<li><strong>La Pointe de la Torche<\/strong> (Bretagne)&nbsp;: situ\u00e9e dans le Finist\u00e8re, la Pointe de la Torche est un lieu embl\u00e9matique o\u00f9 les champs de tulipes s&rsquo;\u00e9tendant \u00e0 perte de vue.<\/li>\n\n\n\n<li><strong>Le ch\u00e2teau de Cheverny<\/strong> (Loir-et-Cher)&nbsp;: chaque printemps, les jardins du ch\u00e2teau de Cheverny se parent de plus de 250&nbsp;000 tulipes, offrant un d\u00e9cor royalement color\u00e9 aux visiteurs. L&rsquo;\u00e9v\u00e9nement, connu sous le nom de Printemps de Cheverny, transforme le domaine en un v\u00e9ritable tableau impressionniste.<\/li>\n\n\n\n<li><strong>Plomeur<\/strong> (Bretagne)&nbsp;: \u00e0 quelques kilom\u00e8tres de Quimper, cette petite commune abrite des champs de tulipes g\u00e9r\u00e9s par des horticulteurs locaux. Chaque ann\u00e9e, ces fleurs illuminent les paysages bretons et attirent de nombreux visiteurs.<\/li>\n<\/ul>\n\n\n\n<p><strong>Marmande<\/strong> (Nouvelle-Aquitaine)&nbsp;: des milliers de tulipes sauvages y fleurissent chaque printemps. Bien s\u00fbr, la cueillette des tulipes y est interdite&nbsp;: impossible donc de ramener un <a href=\"https:\/\/www.interflora.fr\/c\/tulipes\">bouquet de tulipes chez vous<\/a>.<\/p>\n\n\n<div class=\"lp-produits-grid\"><div class=\"lp-produit\"><div class=\"lp-thumbnail-wrapper\"><img loading=\"lazy\" decoding=\"async\" width=\"300\" height=\"300\" src=\"https:\/\/www.interflora.fr\/blog\/wp-content\/uploads\/2025\/05\/B2TUL-800Wx800H-0-1-1-300x300.jpg\" class=\"attachment-medium size-medium wp-post-image\" alt=\"\" srcset=\"https:\/\/www.interflora.fr\/blog\/wp-content\/uploads\/2025\/05\/B2TUL-800Wx800H-0-1-1-300x300.jpg 300w, https:\/\/www.interflora.fr\/blog\/wp-content\/uploads\/2025\/05\/B2TUL-800Wx800H-0-1-1-150x150.jpg 150w, https:\/\/www.interflora.fr\/blog\/wp-content\/uploads\/2025\/05\/B2TUL-800Wx800H-0-1-1-768x768.jpg 768w, https:\/\/www.interflora.fr\/blog\/wp-content\/uploads\/2025\/05\/B2TUL-800Wx800H-0-1-1.jpg 800w\" sizes=\"auto, (max-width: 300px) 100vw, 300px\" \/><img decoding=\"async\" class=\"lp-badge\" src=\"https:\/\/www.interflora.fr\/blog\/wp-content\/uploads\/2025\/06\/logo-circle.png\" alt=\"Livraison rapide Interflora\"><\/div><span>Brass\u00e9e de tulipes<\/span><p>29.95 \u20ac<\/p><span class=\"obf-link lp-cta\" role=\"link\" tabindex=\"0\" data-b64=\"aHR0cHM6Ly93d3cuaW50ZXJmbG9yYS5mci9wL2JvdXF1ZXQtYnJhc3NlZS10dWxpcGUvMS9GUj91dG1fbWVkaXVtPW9yZ2FuaWMmdXRtX3NvdXJjZT1ibG9nX3Byb2R1Y3RzJnV0bV9jYW1wYWlnbj1CMlRVTA==\" data-target=\"_blank\"><svg xmlns=\"http:\/\/www.w3.org\/2000\/svg\" width=\"16\" height=\"16\" fill=\"currentColor\" class=\"bi bi-bag\" viewBox=\"0 0 16 16\"><path d=\"M8 1a2 2 0 0 1 2 2v1h2.5A1.5 1.5 0 0 1 14 5.5v8A1.5 1.5 0 0 1 12.5 15h-9A1.5 1.5 0 0 1 2 13.5v-8A1.5 1.5 0 0 1 3.5 3H6V2a2 2 0 0 1 2-1zm1 3V3a1 1 0 0 0-2 0v1h2z\"\/><\/svg>Voir le produit<\/span><p class=\"rapido\">Livraison rapide<\/p><\/div><div class=\"lp-produit\"><div class=\"lp-thumbnail-wrapper\"><img loading=\"lazy\" decoding=\"async\" width=\"300\" height=\"300\" src=\"https:\/\/www.interflora.fr\/blog\/wp-content\/uploads\/2025\/12\/2BDT-800Wx800H-0-1-300x300.jpg\" class=\"attachment-medium size-medium wp-post-image\" alt=\"\" srcset=\"https:\/\/www.interflora.fr\/blog\/wp-content\/uploads\/2025\/12\/2BDT-800Wx800H-0-1-300x300.jpg 300w, https:\/\/www.interflora.fr\/blog\/wp-content\/uploads\/2025\/12\/2BDT-800Wx800H-0-1-150x150.jpg 150w, https:\/\/www.interflora.fr\/blog\/wp-content\/uploads\/2025\/12\/2BDT-800Wx800H-0-1-768x768.jpg 768w, https:\/\/www.interflora.fr\/blog\/wp-content\/uploads\/2025\/12\/2BDT-800Wx800H-0-1.jpg 800w\" sizes=\"auto, (max-width: 300px) 100vw, 300px\" \/><img decoding=\"async\" class=\"lp-badge\" src=\"https:\/\/www.interflora.fr\/blog\/wp-content\/uploads\/2025\/06\/logo-circle.png\" alt=\"Livraison rapide Interflora\"><\/div><span>Brass\u00e9e de tulipes multicolores<\/span><p>31.95 \u20ac<\/p><span class=\"obf-link lp-cta\" role=\"link\" tabindex=\"0\" data-b64=\"aHR0cHM6Ly93d3cuaW50ZXJmbG9yYS5mci9wL2JvdXF1ZXQtdHVsaXBlcy8xL0ZSP3V0bV9tZWRpdW09b3JnYW5pYyZ1dG1fc291cmNlPWJsb2dfcHJvZHVjdHMmdXRtX2NhbXBhaWduPTJCRFQ=\" data-target=\"_blank\"><svg xmlns=\"http:\/\/www.w3.org\/2000\/svg\" width=\"16\" height=\"16\" fill=\"currentColor\" class=\"bi bi-bag\" viewBox=\"0 0 16 16\"><path d=\"M8 1a2 2 0 0 1 2 2v1h2.5A1.5 1.5 0 0 1 14 5.5v8A1.5 1.5 0 0 1 12.5 15h-9A1.5 1.5 0 0 1 2 13.5v-8A1.5 1.5 0 0 1 3.5 3H6V2a2 2 0 0 1 2-1zm1 3V3a1 1 0 0 0-2 0v1h2z\"\/><\/svg>Voir le produit<\/span><p class=\"rapido\">Livraison rapide<\/p><\/div><div class=\"lp-produit\"><div class=\"lp-thumbnail-wrapper\"><img loading=\"lazy\" decoding=\"async\" width=\"300\" height=\"300\" src=\"https:\/\/www.interflora.fr\/blog\/wp-content\/uploads\/2025\/05\/STVALC2CM-800Wx800H-0-1-300x300.jpg\" class=\"attachment-medium size-medium wp-post-image\" alt=\"\" srcset=\"https:\/\/www.interflora.fr\/blog\/wp-content\/uploads\/2025\/05\/STVALC2CM-800Wx800H-0-1-300x300.jpg 300w, https:\/\/www.interflora.fr\/blog\/wp-content\/uploads\/2025\/05\/STVALC2CM-800Wx800H-0-1-150x150.jpg 150w, https:\/\/www.interflora.fr\/blog\/wp-content\/uploads\/2025\/05\/STVALC2CM-800Wx800H-0-1-768x768.jpg 768w, https:\/\/www.interflora.fr\/blog\/wp-content\/uploads\/2025\/05\/STVALC2CM-800Wx800H-0-1.jpg 800w\" sizes=\"auto, (max-width: 300px) 100vw, 300px\" \/><img decoding=\"async\" class=\"lp-badge\" src=\"https:\/\/www.interflora.fr\/blog\/wp-content\/uploads\/2025\/06\/logo-circle.png\" alt=\"Livraison rapide Interflora\"><\/div><span>Tulipes d&rsquo;amour et sa carte message<\/span><p>42.95 \u20ac<\/p><span class=\"obf-link lp-cta\" role=\"link\" tabindex=\"0\" data-b64=\"aHR0cHM6Ly93d3cuaW50ZXJmbG9yYS5mci9wL3R1bGlwZXMtZC1hbW91ci1ldC1jYXJ0ZS1tZXNzYWdlLzEvRlI\/dXRtX21lZGl1bT1vcmdhbmljJnV0bV9zb3VyY2U9YmxvZ19wcm9kdWN0cyZ1dG1fY2FtcGFpZ249U1RWQUxDMkNN\" data-target=\"_blank\"><svg xmlns=\"http:\/\/www.w3.org\/2000\/svg\" width=\"16\" height=\"16\" fill=\"currentColor\" class=\"bi bi-bag\" viewBox=\"0 0 16 16\"><path d=\"M8 1a2 2 0 0 1 2 2v1h2.5A1.5 1.5 0 0 1 14 5.5v8A1.5 1.5 0 0 1 12.5 15h-9A1.5 1.5 0 0 1 2 13.5v-8A1.5 1.5 0 0 1 3.5 3H6V2a2 2 0 0 1 2-1zm1 3V3a1 1 0 0 0-2 0v1h2z\"\/><\/svg>Voir le produit<\/span><p class=\"rapido\">Fleurs fra\u00eeches<\/p><\/div><div class=\"lp-produit\"><div class=\"lp-thumbnail-wrapper\"><img loading=\"lazy\" decoding=\"async\" width=\"300\" height=\"300\" src=\"https:\/\/www.interflora.fr\/blog\/wp-content\/uploads\/2025\/09\/2BFS-800Wx800H-0-1-25-300x300.jpg\" class=\"attachment-medium size-medium wp-post-image\" alt=\"\" srcset=\"https:\/\/www.interflora.fr\/blog\/wp-content\/uploads\/2025\/09\/2BFS-800Wx800H-0-1-25-300x300.jpg 300w, https:\/\/www.interflora.fr\/blog\/wp-content\/uploads\/2025\/09\/2BFS-800Wx800H-0-1-25-150x150.jpg 150w, https:\/\/www.interflora.fr\/blog\/wp-content\/uploads\/2025\/09\/2BFS-800Wx800H-0-1-25-768x768.jpg 768w, https:\/\/www.interflora.fr\/blog\/wp-content\/uploads\/2025\/09\/2BFS-800Wx800H-0-1-25.jpg 800w\" sizes=\"auto, (max-width: 300px) 100vw, 300px\" \/><img decoding=\"async\" class=\"lp-badge\" src=\"https:\/\/www.interflora.fr\/blog\/wp-content\/uploads\/2025\/06\/logo-circle.png\" alt=\"Livraison rapide Interflora\"><\/div><span>Le bouquet cr\u00e9atif du fleuriste de saison<\/span><p>36.95 \u20ac<\/p><span class=\"obf-link lp-cta\" role=\"link\" tabindex=\"0\" data-b64=\"aHR0cHM6Ly93d3cuaW50ZXJmbG9yYS5mci9wL2JvdXF1ZXQtZmxldXJpc3RlLWRlLXNhaXNvbi8xL0ZSP3V0bV9tZWRpdW09b3JnYW5pYyZ1dG1fc291cmNlPWJsb2dfcHJvZHVjdHMmdXRtX2NhbXBhaWduPTJCRlM=\" data-target=\"_blank\"><svg xmlns=\"http:\/\/www.w3.org\/2000\/svg\" width=\"16\" height=\"16\" fill=\"currentColor\" class=\"bi bi-bag\" viewBox=\"0 0 16 16\"><path d=\"M8 1a2 2 0 0 1 2 2v1h2.5A1.5 1.5 0 0 1 14 5.5v8A1.5 1.5 0 0 1 12.5 15h-9A1.5 1.5 0 0 1 2 13.5v-8A1.5 1.5 0 0 1 3.5 3H6V2a2 2 0 0 1 2-1zm1 3V3a1 1 0 0 0-2 0v1h2z\"\/><\/svg>Voir le produit<\/span><p class=\"rapido\">Fleurs fra\u00eeches<\/p><\/div><\/div>\n","protected":false},"excerpt":{"rendered":"<p>D\u00e8s les premiers jours du printemps, les champs de tulipes offrent un spectacle \u00e0 couper le souffle. Avec leurs teintes [&hellip;]<\/p>\n","protected":false},"author":1,"featured_media":57615,"comment_status":"open","ping_status":"open","sticky":false,"template":"","format":"standard","meta":{"_uag_custom_page_level_css":"","site-sidebar-layout":"default","site-content-layout":"","ast-site-content-layout":"default","site-content-style":"default","site-sidebar-style":"default","ast-global-header-display":"","ast-banner-title-visibility":"","ast-main-header-display":"","ast-hfb-above-header-display":"","ast-hfb-below-header-display":"","ast-hfb-mobile-header-display":"","site-post-title":"","ast-breadcrumbs-content":"","ast-featured-img":"","footer-sml-layout":"","ast-disable-related-posts":"","theme-transparent-header-meta":"","adv-header-id-meta":"","stick-header-meta":"","header-above-stick-meta":"","header-main-stick-meta":"","header-below-stick-meta":"","astra-migrate-meta-layouts":"set","ast-page-background-enabled":"default","ast-page-background-meta":{"desktop":{"background-color":"var(--ast-global-color-4)","background-image":"","background-repeat":"repeat","background-position":"center center","background-size":"auto","background-attachment":"scroll","background-type":"","background-media":"","overlay-type":"","overlay-color":"","overlay-gradient":""},"tablet":{"background-color":"","background-image":"","background-repeat":"repeat","background-position":"center center","background-size":"auto","background-attachment":"scroll","background-type":"","background-media":"","overlay-type":"","overlay-color":"","overlay-gradient":""},"mobile":{"background-color":"","background-image":"","background-repeat":"repeat","background-position":"center center","background-size":"auto","background-attachment":"scroll","background-type":"","background-media":"","overlay-type":"","overlay-color":"","overlay-gradient":""}},"ast-content-background-meta":{"desktop":{"background-color":"var(--ast-global-color-5)","background-image":"","background-repeat":"repeat","background-position":"center center","background-size":"auto","background-attachment":"scroll","background-type":"","background-media":"","overlay-type":"","overlay-color":"","overlay-gradient":""},"tablet":{"background-color":"var(--ast-global-color-5)","background-image":"","background-repeat":"repeat","background-position":"center center","background-size":"auto","background-attachment":"scroll","background-type":"","background-media":"","overlay-type":"","overlay-color":"","overlay-gradient":""},"mobile":{"background-color":"var(--ast-global-color-5)","background-image":"","background-repeat":"repeat","background-position":"center center","background-size":"auto","background-attachment":"scroll","background-type":"","background-media":"","overlay-type":"","overlay-color":"","overlay-gradient":""}},"footnotes":""},"categories":[183,182,319],"tags":[345],"class_list":["post-47471","post","type-post","status-publish","format-standard","has-post-thumbnail","hentry","category-fleurs","category-fleurs-bulbes","category-tulipe","tag-tulipes"],"uagb_featured_image_src":{"full":["https:\/\/www.interflora.fr\/blog\/wp-content\/uploads\/2025\/02\/tulipes-hollande.png",1000,648,false],"thumbnail":["https:\/\/www.interflora.fr\/blog\/wp-content\/uploads\/2025\/02\/tulipes-hollande-150x150.png",150,150,true],"medium":["https:\/\/www.interflora.fr\/blog\/wp-content\/uploads\/2025\/02\/tulipes-hollande-300x194.png",300,194,true],"medium_large":["https:\/\/www.interflora.fr\/blog\/wp-content\/uploads\/2025\/02\/tulipes-hollande-768x498.png",768,498,true],"large":["https:\/\/www.interflora.fr\/blog\/wp-content\/uploads\/2025\/02\/tulipes-hollande.png",1000,648,false],"1536x1536":["https:\/\/www.interflora.fr\/blog\/wp-content\/uploads\/2025\/02\/tulipes-hollande.png",1000,648,false],"2048x2048":["https:\/\/www.interflora.fr\/blog\/wp-content\/uploads\/2025\/02\/tulipes-hollande.png",1000,648,false]},"uagb_author_info":{"display_name":"admin","author_link":"https:\/\/www.interflora.fr\/blog\/author\/admin\/"},"uagb_comment_info":0,"uagb_excerpt":"D\u00e8s les premiers jours du printemps, les champs de tulipes offrent un spectacle \u00e0 couper le souffle. Avec leurs teintes [&hellip;]","yoast_meta":{"title":"Champ de tulipes : France, Pays-Bas, o\u00f9 admirer les Tulipes ?","description":"Vous r\u00eavez d\u2019une balade au milieu d\u2019un champ de tulipes ? D\u00e9couvrez les plus beaux endroits en France et aux Pays-Bas."},"_links":{"self":[{"href":"https:\/\/www.interflora.fr\/blog\/wp-json\/wp\/v2\/posts\/47471","targetHints":{"allow":["GET"]}}],"collection":[{"href":"https:\/\/www.interflora.fr\/blog\/wp-json\/wp\/v2\/posts"}],"about":[{"href":"https:\/\/www.interflora.fr\/blog\/wp-json\/wp\/v2\/types\/post"}],"author":[{"embeddable":true,"href":"https:\/\/www.interflora.fr\/blog\/wp-json\/wp\/v2\/users\/1"}],"replies":[{"embeddable":true,"href":"https:\/\/www.interflora.fr\/blog\/wp-json\/wp\/v2\/comments?post=47471"}],"version-history":[{"count":1,"href":"https:\/\/www.interflora.fr\/blog\/wp-json\/wp\/v2\/posts\/47471\/revisions"}],"predecessor-version":[{"id":57617,"href":"https:\/\/www.interflora.fr\/blog\/wp-json\/wp\/v2\/posts\/47471\/revisions\/57617"}],"wp:featuredmedia":[{"embeddable":true,"href":"https:\/\/www.interflora.fr\/blog\/wp-json\/wp\/v2\/media\/57615"}],"wp:attachment":[{"href":"https:\/\/www.interflora.fr\/blog\/wp-json\/wp\/v2\/media?parent=47471"}],"wp:term":[{"taxonomy":"category","embeddable":true,"href":"https:\/\/www.interflora.fr\/blog\/wp-json\/wp\/v2\/categories?post=47471"},{"taxonomy":"post_tag","embeddable":true,"href":"https:\/\/www.interflora.fr\/blog\/wp-json\/wp\/v2\/tags?post=47471"}],"curies":[{"name":"wp","href":"https:\/\/api.w.org\/{rel}","templated":true}]}}