{"id":46168,"date":"2025-11-12T18:01:31","date_gmt":"2025-11-12T17:01:31","guid":{"rendered":"https:\/\/www.interflora.fr\/blog\/?p=46168"},"modified":"2025-11-18T18:01:33","modified_gmt":"2025-11-18T17:01:33","slug":"deco-de-table-de-noel-a-fabriquer","status":"publish","type":"post","link":"https:\/\/www.interflora.fr\/blog\/deco-de-table-de-noel-a-fabriquer\/","title":{"rendered":"Id\u00e9es de d\u00e9corations de No\u00ebl pour la table \u00e0 faire soi-m\u00eame"},"content":{"rendered":"\n<p>Et si, cette ann\u00e9e, vous apportiez une touche personnelle \u00e0 votre table de No\u00ebl ? Rien de tel que des <strong>d\u00e9corations de No\u00ebl pour la table \u00e0 faire soi-m\u00eame<\/strong> afin d&rsquo;\u00e9pater vos convives, tout en insufflant une ambiance chaleureuse et naturelle. Avec quelques mat\u00e9riaux simples et un peu de cr\u00e9ativit\u00e9, transformez votre table en un v\u00e9ritable tableau festif. Alors, par ici l&rsquo;inspiration, c&rsquo;est cadeau !<\/p>\n\n\n<div class=\"lp-produits-grid\"><div class=\"lp-produit\"><div class=\"lp-thumbnail-wrapper\"><img loading=\"lazy\" decoding=\"async\" width=\"300\" height=\"300\" src=\"https:\/\/www.interflora.fr\/blog\/wp-content\/uploads\/2025\/05\/1SEN-800Wx800H-0-1-25-300x300.jpg\" class=\"attachment-medium size-medium wp-post-image\" alt=\"\" srcset=\"https:\/\/www.interflora.fr\/blog\/wp-content\/uploads\/2025\/05\/1SEN-800Wx800H-0-1-25-300x300.jpg 300w, https:\/\/www.interflora.fr\/blog\/wp-content\/uploads\/2025\/05\/1SEN-800Wx800H-0-1-25-150x150.jpg 150w, https:\/\/www.interflora.fr\/blog\/wp-content\/uploads\/2025\/05\/1SEN-800Wx800H-0-1-25-768x768.jpg 768w, https:\/\/www.interflora.fr\/blog\/wp-content\/uploads\/2025\/05\/1SEN-800Wx800H-0-1-25.jpg 800w\" sizes=\"auto, (max-width: 300px) 100vw, 300px\" \/><img decoding=\"async\" class=\"lp-badge\" src=\"https:\/\/www.interflora.fr\/blog\/wp-content\/uploads\/2025\/06\/logo-circle.png\" alt=\"Livraison rapide Interflora\"><\/div><span>Joyeux anniversaire<\/span><p>42.95 \u20ac<\/p><span class=\"obf-link lp-cta\" role=\"link\" tabindex=\"0\" data-b64=\"aHR0cHM6Ly93d3cuaW50ZXJmbG9yYS5mci9wL3Jvc2VzLXNlbnRpbWVudC8xL0ZSP3V0bV9tZWRpdW09b3JnYW5pYyZ1dG1fc291cmNlPWJsb2dfcHJvZHVjdHMmdXRtX2NhbXBhaWduPTFTRU4=\" data-target=\"_blank\"><svg xmlns=\"http:\/\/www.w3.org\/2000\/svg\" width=\"16\" height=\"16\" fill=\"currentColor\" class=\"bi bi-bag\" viewBox=\"0 0 16 16\"><path d=\"M8 1a2 2 0 0 1 2 2v1h2.5A1.5 1.5 0 0 1 14 5.5v8A1.5 1.5 0 0 1 12.5 15h-9A1.5 1.5 0 0 1 2 13.5v-8A1.5 1.5 0 0 1 3.5 3H6V2a2 2 0 0 1 2-1zm1 3V3a1 1 0 0 0-2 0v1h2z\"\/><\/svg>Voir le produit<\/span><p class=\"rapido\">Top produit<\/p><\/div><div class=\"lp-produit\"><div class=\"lp-thumbnail-wrapper\"><img loading=\"lazy\" decoding=\"async\" width=\"300\" height=\"300\" src=\"https:\/\/www.interflora.fr\/blog\/wp-content\/uploads\/2025\/09\/2DR-800Wx800H-0-1-25-300x300.jpg\" class=\"attachment-medium size-medium wp-post-image\" alt=\"\" srcset=\"https:\/\/www.interflora.fr\/blog\/wp-content\/uploads\/2025\/09\/2DR-800Wx800H-0-1-25-300x300.jpg 300w, https:\/\/www.interflora.fr\/blog\/wp-content\/uploads\/2025\/09\/2DR-800Wx800H-0-1-25-150x150.jpg 150w, https:\/\/www.interflora.fr\/blog\/wp-content\/uploads\/2025\/09\/2DR-800Wx800H-0-1-25-768x768.jpg 768w, https:\/\/www.interflora.fr\/blog\/wp-content\/uploads\/2025\/09\/2DR-800Wx800H-0-1-25.jpg 800w\" sizes=\"auto, (max-width: 300px) 100vw, 300px\" \/><img decoding=\"async\" class=\"lp-badge\" src=\"https:\/\/www.interflora.fr\/blog\/wp-content\/uploads\/2025\/06\/logo-circle.png\" alt=\"Livraison rapide Interflora\"><\/div><span>Douce r\u00eaverie<\/span><p>39.95 \u20ac<\/p><span class=\"obf-link lp-cta\" role=\"link\" tabindex=\"0\" data-b64=\"aHR0cHM6Ly93d3cuaW50ZXJmbG9yYS5mci9wL2RvdWNlLXJldmVyaWUvMS9GUj91dG1fbWVkaXVtPW9yZ2FuaWMmdXRtX3NvdXJjZT1ibG9nX3Byb2R1Y3RzJnV0bV9jYW1wYWlnbj0yRFI=\" data-target=\"_blank\"><svg xmlns=\"http:\/\/www.w3.org\/2000\/svg\" width=\"16\" height=\"16\" fill=\"currentColor\" class=\"bi bi-bag\" viewBox=\"0 0 16 16\"><path d=\"M8 1a2 2 0 0 1 2 2v1h2.5A1.5 1.5 0 0 1 14 5.5v8A1.5 1.5 0 0 1 12.5 15h-9A1.5 1.5 0 0 1 2 13.5v-8A1.5 1.5 0 0 1 3.5 3H6V2a2 2 0 0 1 2-1zm1 3V3a1 1 0 0 0-2 0v1h2z\"\/><\/svg>Voir le produit<\/span><p class=\"rapido\">Livraison rapide<\/p><\/div><div class=\"lp-produit\"><div class=\"lp-thumbnail-wrapper\"><img loading=\"lazy\" decoding=\"async\" width=\"300\" height=\"300\" src=\"https:\/\/www.interflora.fr\/blog\/wp-content\/uploads\/2025\/09\/2DP-800Wx800H-0-1-25-300x300.jpg\" class=\"attachment-medium size-medium wp-post-image\" alt=\"\" srcset=\"https:\/\/www.interflora.fr\/blog\/wp-content\/uploads\/2025\/09\/2DP-800Wx800H-0-1-25-300x300.jpg 300w, https:\/\/www.interflora.fr\/blog\/wp-content\/uploads\/2025\/09\/2DP-800Wx800H-0-1-25-150x150.jpg 150w, https:\/\/www.interflora.fr\/blog\/wp-content\/uploads\/2025\/09\/2DP-800Wx800H-0-1-25-768x768.jpg 768w, https:\/\/www.interflora.fr\/blog\/wp-content\/uploads\/2025\/09\/2DP-800Wx800H-0-1-25.jpg 800w\" sizes=\"auto, (max-width: 300px) 100vw, 300px\" \/><img decoding=\"async\" class=\"lp-badge\" src=\"https:\/\/www.interflora.fr\/blog\/wp-content\/uploads\/2025\/06\/logo-circle.png\" alt=\"Livraison rapide Interflora\"><\/div><span>Douceur poudr\u00e9e<\/span><p>31.95 \u20ac<\/p><span class=\"obf-link lp-cta\" role=\"link\" tabindex=\"0\" data-b64=\"aHR0cHM6Ly93d3cuaW50ZXJmbG9yYS5mci9wL2RvdWNldXItcG91ZHJlZS8xL0ZSP3V0bV9tZWRpdW09b3JnYW5pYyZ1dG1fc291cmNlPWJsb2dfcHJvZHVjdHMmdXRtX2NhbXBhaWduPTJEUA==\" data-target=\"_blank\"><svg xmlns=\"http:\/\/www.w3.org\/2000\/svg\" width=\"16\" height=\"16\" fill=\"currentColor\" class=\"bi bi-bag\" viewBox=\"0 0 16 16\"><path d=\"M8 1a2 2 0 0 1 2 2v1h2.5A1.5 1.5 0 0 1 14 5.5v8A1.5 1.5 0 0 1 12.5 15h-9A1.5 1.5 0 0 1 2 13.5v-8A1.5 1.5 0 0 1 3.5 3H6V2a2 2 0 0 1 2-1zm1 3V3a1 1 0 0 0-2 0v1h2z\"\/><\/svg>Voir le produit<\/span><p class=\"rapido\">Fleurs fra\u00eeches<\/p><\/div><div class=\"lp-produit\"><div class=\"lp-thumbnail-wrapper\"><img loading=\"lazy\" decoding=\"async\" width=\"300\" height=\"300\" src=\"https:\/\/www.interflora.fr\/blog\/wp-content\/uploads\/2026\/01\/1BIFF-800Wx800H-0-1-300x300.jpg\" class=\"attachment-medium size-medium wp-post-image\" alt=\"\" srcset=\"https:\/\/www.interflora.fr\/blog\/wp-content\/uploads\/2026\/01\/1BIFF-800Wx800H-0-1-300x300.jpg 300w, https:\/\/www.interflora.fr\/blog\/wp-content\/uploads\/2026\/01\/1BIFF-800Wx800H-0-1-150x150.jpg 150w, https:\/\/www.interflora.fr\/blog\/wp-content\/uploads\/2026\/01\/1BIFF-800Wx800H-0-1-768x768.jpg 768w, https:\/\/www.interflora.fr\/blog\/wp-content\/uploads\/2026\/01\/1BIFF-800Wx800H-0-1.jpg 800w\" sizes=\"auto, (max-width: 300px) 100vw, 300px\" \/><img decoding=\"async\" class=\"lp-badge\" src=\"https:\/\/www.interflora.fr\/blog\/wp-content\/uploads\/2025\/06\/logo-circle.png\" alt=\"Livraison rapide Interflora\"><\/div><span>Mon coeur<\/span><p>39.95 \u20ac<\/p><span class=\"obf-link lp-cta\" role=\"link\" tabindex=\"0\" data-b64=\"aHR0cHM6Ly93d3cuaW50ZXJmbG9yYS5mci9wL2JvdXF1ZXQtbW9uLWNvZXVyLzEvRlI\/dXRtX21lZGl1bT1vcmdhbmljJnV0bV9zb3VyY2U9YmxvZ19wcm9kdWN0cyZ1dG1fY2FtcGFpZ249MUJJRkY=\" data-target=\"_blank\"><svg xmlns=\"http:\/\/www.w3.org\/2000\/svg\" width=\"16\" height=\"16\" fill=\"currentColor\" class=\"bi bi-bag\" viewBox=\"0 0 16 16\"><path d=\"M8 1a2 2 0 0 1 2 2v1h2.5A1.5 1.5 0 0 1 14 5.5v8A1.5 1.5 0 0 1 12.5 15h-9A1.5 1.5 0 0 1 2 13.5v-8A1.5 1.5 0 0 1 3.5 3H6V2a2 2 0 0 1 2-1zm1 3V3a1 1 0 0 0-2 0v1h2z\"\/><\/svg>Voir le produit<\/span><p class=\"rapido\">Top produit<\/p><\/div><\/div>\n\n\n\n<div style=\"height:10px\" aria-hidden=\"true\" class=\"wp-block-spacer\"><\/div>\n\n\n\n<h2 class=\"wp-block-heading alignwide\"><strong>Pourquoi opter pour une d\u00e9coration de No\u00ebl pour la table \u00e0 faire soi-m\u00eame ?<\/strong><\/h2>\n\n\n\n<p>Cr\u00e9er votre propre <strong>d\u00e9co pour table de No\u00ebl \u00e0 faire soi-m\u00eame<\/strong> est bien plus qu&rsquo;une simple activit\u00e9 manuelle. C\u2019est une exp\u00e9rience conviviale, \u00e0 partager en famille ou entre amis.<\/p>\n\n\n\n<p>De plus, en fabriquant vos propres ornements, vous avez la libert\u00e9 de choisir un style qui correspond exactement \u00e0 votre personnalit\u00e9 et \u00e0 votre th\u00e8me.<\/p>\n\n\n\n<p>Enfin, c\u2019est une d\u00e9marche \u00e9cologique et \u00e9conomique : un m\u00e9lange parfait de cr\u00e9ativit\u00e9 et de conscience. Et puis, avouons-le, c&rsquo;est toujours un sacr\u00e9 plaisir de pouvoir dire \u00ab\u00a0C&rsquo;est moi qui l&rsquo;ai fait\u00a0\u00bb !&nbsp;<\/p>\n\n\n\n<figure class=\"wp-block-image aligncenter size-full\"><img decoding=\"async\" src=\"https:\/\/www.interflora.fr\/blog\/wp-content\/uploads\/centre-de-table-de-noel-nature.jpg\" alt=\"Table de No\u00ebl d\u00e9cor\u00e9e \u00e0 la main avec des fleurs\" class=\"wp-image-46131\"\/><\/figure>\n\n\n\n<div class=\"wp-block-buttons is-content-justification-center is-layout-flex wp-container-core-buttons-is-layout-a89b3969 wp-block-buttons-is-layout-flex\">\n<div class=\"wp-block-button\"><a class=\"wp-block-button__link wp-element-button\" href=\"https:\/\/www.interflora.fr\/c\/noel-centre-de-table\"><strong>D\u00e9couvrez nos centres de table<\/strong><\/a><\/div>\n<\/div>\n\n\n\n<h2 class=\"wp-block-heading alignwide\">6 id\u00e9es d\u00e9co table de No\u00ebl \u00e0 fabriquer<\/h2>\n\n\n\n<h3 class=\"wp-block-heading alignwide\">DIY table de No\u00ebl n\u00b01 : un chemin de table nature et \u00e9l\u00e9gant<\/h3>\n\n\n\n<p><strong>Mat\u00e9riaux n\u00e9cessaires<\/strong><\/p>\n\n\n\n<ul class=\"wp-block-list\">\n<li>Des rameaux de sapin ou d\u2019eucalyptus.<\/li>\n\n\n\n<li>Des pommes de pin ramass\u00e9es en for\u00eat.<\/li>\n\n\n\n<li>Des bougies chauffe-plat dans des petits contenants en verre.<\/li>\n\n\n\n<li>Des tranches d&rsquo;orange s\u00e9ch\u00e9e<\/li>\n<\/ul>\n\n\n\n<p><strong>\u00c9tapes de r\u00e9alisation<\/strong><\/p>\n\n\n\n<ol class=\"wp-block-list\">\n<li>Placez vos rameaux dans la longueur au centre de votre table.<\/li>\n\n\n\n<li>Disposez les pommes de pin tout autour, en alternant avec les bougies.<\/li>\n\n\n\n<li>Placez des tranches d&rsquo;orange s\u00e9ch\u00e9e sur les branches pour ajouter une note acidul\u00e9e, color\u00e9e et parfum\u00e9e.<\/li>\n<\/ol>\n\n\n\n<figure class=\"wp-block-image aligncenter size-full\"><img decoding=\"async\" src=\"https:\/\/www.interflora.fr\/blog\/wp-content\/uploads\/table-de-noel-nature.jpg\" alt=\"Table de No\u00ebl avec chemin de table nature\" class=\"wp-image-46134\" style=\"aspect-ratio:16\/9;object-fit:cover\"\/><\/figure>\n\n\n\n<p>Cette <strong>d\u00e9co de table No\u00ebl nature \u00e0 faire soi-m\u00eame<\/strong> est parfaite pour cr\u00e9er une ambiance chaleureuse et authentique. Pour encore plus d\u2019id\u00e9es, consultez notre guide d\u00e9di\u00e9 \u00e0 la <a href=\"https:\/\/www.interflora.fr\/blog\/creer-centre-de-table-noel\/\">cr\u00e9ation de centres de table de No\u00ebl<\/a>.<\/p>\n\n\n\n<h3 class=\"wp-block-heading alignwide\">DIY table de No\u00ebl n\u00b02 : un sapin de No\u00ebl version bouquet pour un centre de table festif<\/h3>\n\n\n\n<p>Dans un beau vase haut et assez imposant, arrangez de grandes branches de sapin et de baies rouges. Ensuite, suspendez de jolies boules et autres d\u00e9corations de No\u00ebl aux branches, comme s&rsquo;il s&rsquo;agissait d&rsquo;un sapin de No\u00ebl.<\/p>\n\n\n\n<p>Si vous pr\u00e9f\u00e9rez une version 100% naturelle, remplacez les d\u00e9cos de No\u00ebl conventionnelles par des glands, des pommes de pin, des \u00e9toiles de badiane, des b\u00e2tons de cannelle ou des tranches d&rsquo;orange s\u00e9ch\u00e9e.<\/p>\n\n\n\n<figure class=\"wp-block-image aligncenter size-full\"><img decoding=\"async\" src=\"https:\/\/www.interflora.fr\/blog\/wp-content\/uploads\/sapin-decore-dans-un-vase.jpg\" alt=\"Table de No\u00ebl avec bouquet fait de sapin\" class=\"wp-image-46170\" style=\"aspect-ratio:16\/9;object-fit:cover\"\/><\/figure>\n\n\n\n<h3 class=\"wp-block-heading alignwide\">DIY table de No\u00ebl n\u00b03 : des marque-places gourmands et personnalis\u00e9s<\/h3>\n\n\n\n<p><strong>Mat\u00e9riaux n\u00e9cessaires<\/strong><\/p>\n\n\n\n<ul class=\"wp-block-list\">\n<li>Des biscuits de No\u00ebl faits maison ou achet\u00e9s<\/li>\n\n\n\n<li>Du gla\u00e7age blanc ou aux couleurs de No\u00ebl<\/li>\n\n\n\n<li>Un stylo de d\u00e9coration alimentaire<\/li>\n<\/ul>\n\n\n\n<p><strong>\u00c9tapes de r\u00e9alisation<\/strong><\/p>\n\n\n\n<ol class=\"wp-block-list\">\n<li>Fabriquez ou achetez des biscuits de No\u00ebl en forme d&rsquo;\u00e9toile, de sapin de No\u00ebl, de bonhomme de neige, de flocon ou autre forme dans le th\u00e8me de No\u00ebl. Vous pouvez choisir la m\u00eame forme pour tout le monde, ou varier les mod\u00e8les.<\/li>\n\n\n\n<li>D\u00e9corez-les avec un beau gla\u00e7age.<\/li>\n\n\n\n<li>Inscrivez le pr\u00e9nom de l&rsquo;un de vos convives sur un biscuit \u00e0 l&rsquo;aide du stylo alimentaire et recommencez l&rsquo;op\u00e9ration pour tous vos invit\u00e9s.<\/li>\n\n\n\n<li>Disposez les biscuits \u00e0 c\u00f4t\u00e9 des assiettes ou sur les serviettes.<\/li>\n<\/ol>\n\n\n\n<figure class=\"wp-block-image aligncenter size-full\"><img decoding=\"async\" src=\"https:\/\/www.interflora.fr\/blog\/wp-content\/uploads\/diy-table-de-noel-biscuits.jpg\" alt=\"DIY avec des biscuits de no\u00ebl pour la table\" class=\"wp-image-46172\"\/><\/figure>\n\n\n\n<p>Cette <strong>d\u00e9co de table de No\u00ebl \u00e0 faire soi-m\u00eame<\/strong> ravira petits et grands, tout en apportant une touche gourmande \u00e0 votre table.<\/p>\n\n\n\n<h3 class=\"wp-block-heading alignwide\">DIY table de No\u00ebl n\u00b04 : une guirlande v\u00e9g\u00e9tale avec des agrumes<\/h3>\n\n\n\n<p><strong>Mat\u00e9riaux n\u00e9cessaires&nbsp;<\/strong><\/p>\n\n\n\n<ul class=\"wp-block-list\">\n<li>Des rondelles d\u2019oranges s\u00e9ch\u00e9e<\/li>\n\n\n\n<li>Du fil de jute ou de nylon transparent<\/li>\n\n\n\n<li>Des petites branches de romarin<\/li>\n<\/ul>\n\n\n\n<p><strong>\u00c9tapes de r\u00e9alisation&nbsp;<\/strong><\/p>\n\n\n\n<ol class=\"wp-block-list\">\n<li>Percez les rondelles d\u2019orange et enfilez-les sur le fil, en alternant avec des branches de romarin.<\/li>\n\n\n\n<li>Disposez cette guirlande sur votre table ou suspendez-la \u00e0 votre nappe tout autour de la table.<\/li>\n<\/ol>\n\n\n\n<figure class=\"wp-block-image aligncenter size-full\"><img decoding=\"async\" src=\"https:\/\/www.interflora.fr\/blog\/wp-content\/uploads\/decoration-table-noel-agrumes.jpg\" alt=\"Guirlande avec des oranges pour la table de No\u00ebl\" class=\"wp-image-46174\" style=\"aspect-ratio:16\/9;object-fit:cover\"\/><\/figure>\n\n\n\n<p>Cette <strong>d\u00e9co de table de No\u00ebl nature<\/strong> apportera une touche parfum\u00e9e et originale \u00e0 vos festivit\u00e9s.&nbsp;<\/p>\n\n\n\n<h3 class=\"wp-block-heading alignwide\">DIY table de No\u00ebl n\u00b05 : des bougeoirs givr\u00e9s faits maison<\/h3>\n\n\n\n<p><strong>Mat\u00e9riaux n\u00e9cessaires<\/strong><\/p>\n\n\n\n<ul class=\"wp-block-list\">\n<li>Des petits pots en verre (vous pouvez recycler des pots de yaourt)<\/li>\n\n\n\n<li>De la colle blanche<\/li>\n\n\n\n<li>Du sel fin<\/li>\n\n\n\n<li>Des petites bougies chauffe-plat<\/li>\n<\/ul>\n\n\n\n<p><strong>\u00c9tapes de r\u00e9alisation<\/strong><\/p>\n\n\n\n<ol class=\"wp-block-list\">\n<li>Badigeonnez l\u2019ext\u00e9rieur de vos pots avec une fine couche de colle.<\/li>\n\n\n\n<li>Roulez les pots dans le sel pour cr\u00e9er un effet givr\u00e9.<\/li>\n\n\n\n<li>Laissez s\u00e9cher, puis ins\u00e9rez une bougie \u00e0 l\u2019int\u00e9rieur.<\/li>\n<\/ol>\n\n\n\n<figure class=\"wp-block-image aligncenter size-full\"><img decoding=\"async\" src=\"https:\/\/www.interflora.fr\/blog\/wp-content\/uploads\/bougeoirs-de-noel-diy.jpg\" alt=\"Bougeoirs givr\u00e9s faits main pour la table de No\u00ebl\" class=\"wp-image-46173\"\/><\/figure>\n\n\n\n<p>C&rsquo;est une id\u00e9e <strong>d\u00e9coration de table facile \u00e0 r\u00e9aliser<\/strong>, m\u00eame avec vos enfants, pour un r\u00e9sultat lumineux et po\u00e9tique.<\/p>\n\n\n\n<h3 class=\"wp-block-heading alignwide\">DIY table de No\u00ebl n\u00b06 : des serviettes nou\u00e9es o\u00f9 la v\u00e9g\u00e9tation s&rsquo;invite<\/h3>\n\n\n\n<p><strong>Mat\u00e9riaux n\u00e9cessaires<\/strong><\/p>\n\n\n\n<ul class=\"wp-block-list\">\n<li>Des serviettes en lin ou en coton<\/li>\n\n\n\n<li>Des petites branches de sapin et des baies de houx<\/li>\n<\/ul>\n\n\n\n<p><strong>\u00c9tapes de r\u00e9alisation<\/strong><\/p>\n\n\n\n<ol class=\"wp-block-list\">\n<li>D\u00e9pliez les serviettes, puis faites un n\u0153ud au milieu.<\/li>\n\n\n\n<li>Glissez une petite branche de sapin surmont\u00e9e de baies rouges dans le n\u0153ud.<\/li>\n\n\n\n<li>Disposez votre serviette ainsi agr\u00e9ment\u00e9e \u00e0 la verticale sur chaque assiette en les arrangeant joliment.<\/li>\n<\/ol>\n\n\n\n<figure class=\"wp-block-image aligncenter size-full\"><img decoding=\"async\" src=\"https:\/\/www.interflora.fr\/blog\/wp-content\/uploads\/serviettes-decoration-vegetale.jpg\" alt=\"DIY serviettes de no\u00ebl d\u00e9cor\u00e9es avec du houx\" class=\"wp-image-46169\" style=\"aspect-ratio:16\/9;object-fit:cover\"\/><\/figure>\n\n\n\n<p>Cette <strong>d\u00e9co de table de No\u00ebl rapide et facile \u00e0 fabriquer<\/strong> n\u00e9cessite peu de mat\u00e9riel et magnifiera votre table en toute simplicit\u00e9. Que demander de plus ?<\/p>\n\n\n<div class=\"lp-produits-grid\"><div class=\"lp-produit\"><div class=\"lp-thumbnail-wrapper\"><img loading=\"lazy\" decoding=\"async\" width=\"300\" height=\"300\" src=\"https:\/\/www.interflora.fr\/blog\/wp-content\/uploads\/2025\/10\/2IC-800Wx800H-0-1-14-300x300.jpg\" class=\"attachment-medium size-medium wp-post-image\" alt=\"\" srcset=\"https:\/\/www.interflora.fr\/blog\/wp-content\/uploads\/2025\/10\/2IC-800Wx800H-0-1-14-300x300.jpg 300w, https:\/\/www.interflora.fr\/blog\/wp-content\/uploads\/2025\/10\/2IC-800Wx800H-0-1-14-150x150.jpg 150w, https:\/\/www.interflora.fr\/blog\/wp-content\/uploads\/2025\/10\/2IC-800Wx800H-0-1-14-768x768.jpg 768w, https:\/\/www.interflora.fr\/blog\/wp-content\/uploads\/2025\/10\/2IC-800Wx800H-0-1-14.jpg 800w\" sizes=\"auto, (max-width: 300px) 100vw, 300px\" \/><img decoding=\"async\" class=\"lp-badge\" src=\"https:\/\/www.interflora.fr\/blog\/wp-content\/uploads\/2025\/06\/logo-circle.png\" alt=\"Livraison rapide Interflora\"><\/div><span>Instant complice<\/span><p>54.95 \u20ac<\/p><span class=\"obf-link lp-cta\" role=\"link\" tabindex=\"0\" data-b64=\"aHR0cHM6Ly93d3cuaW50ZXJmbG9yYS5mci9wL2JvdXF1ZXQtaW5zdGFudC1jb21wbGljZS8xL0ZSP3V0bV9tZWRpdW09b3JnYW5pYyZ1dG1fc291cmNlPWJsb2dfcHJvZHVjdHMmdXRtX2NhbXBhaWduPTJJQw==\" data-target=\"_blank\"><svg xmlns=\"http:\/\/www.w3.org\/2000\/svg\" width=\"16\" height=\"16\" fill=\"currentColor\" class=\"bi bi-bag\" viewBox=\"0 0 16 16\"><path d=\"M8 1a2 2 0 0 1 2 2v1h2.5A1.5 1.5 0 0 1 14 5.5v8A1.5 1.5 0 0 1 12.5 15h-9A1.5 1.5 0 0 1 2 13.5v-8A1.5 1.5 0 0 1 3.5 3H6V2a2 2 0 0 1 2-1zm1 3V3a1 1 0 0 0-2 0v1h2z\"\/><\/svg>Voir le produit<\/span><p class=\"rapido\">Top produit<\/p><\/div><div class=\"lp-produit\"><div class=\"lp-thumbnail-wrapper\"><img loading=\"lazy\" decoding=\"async\" width=\"300\" height=\"300\" src=\"https:\/\/www.interflora.fr\/blog\/wp-content\/uploads\/2025\/09\/2DP-800Wx800H-0-1-25-300x300.jpg\" class=\"attachment-medium size-medium wp-post-image\" alt=\"\" srcset=\"https:\/\/www.interflora.fr\/blog\/wp-content\/uploads\/2025\/09\/2DP-800Wx800H-0-1-25-300x300.jpg 300w, https:\/\/www.interflora.fr\/blog\/wp-content\/uploads\/2025\/09\/2DP-800Wx800H-0-1-25-150x150.jpg 150w, https:\/\/www.interflora.fr\/blog\/wp-content\/uploads\/2025\/09\/2DP-800Wx800H-0-1-25-768x768.jpg 768w, https:\/\/www.interflora.fr\/blog\/wp-content\/uploads\/2025\/09\/2DP-800Wx800H-0-1-25.jpg 800w\" sizes=\"auto, (max-width: 300px) 100vw, 300px\" \/><img decoding=\"async\" class=\"lp-badge\" src=\"https:\/\/www.interflora.fr\/blog\/wp-content\/uploads\/2025\/06\/logo-circle.png\" alt=\"Livraison rapide Interflora\"><\/div><span>Douceur poudr\u00e9e<\/span><p>31.95 \u20ac<\/p><span class=\"obf-link lp-cta\" role=\"link\" tabindex=\"0\" data-b64=\"aHR0cHM6Ly93d3cuaW50ZXJmbG9yYS5mci9wL2RvdWNldXItcG91ZHJlZS8xL0ZSP3V0bV9tZWRpdW09b3JnYW5pYyZ1dG1fc291cmNlPWJsb2dfcHJvZHVjdHMmdXRtX2NhbXBhaWduPTJEUA==\" data-target=\"_blank\"><svg xmlns=\"http:\/\/www.w3.org\/2000\/svg\" width=\"16\" height=\"16\" fill=\"currentColor\" class=\"bi bi-bag\" viewBox=\"0 0 16 16\"><path d=\"M8 1a2 2 0 0 1 2 2v1h2.5A1.5 1.5 0 0 1 14 5.5v8A1.5 1.5 0 0 1 12.5 15h-9A1.5 1.5 0 0 1 2 13.5v-8A1.5 1.5 0 0 1 3.5 3H6V2a2 2 0 0 1 2-1zm1 3V3a1 1 0 0 0-2 0v1h2z\"\/><\/svg>Voir le produit<\/span><p class=\"rapido\">Livraison rapide<\/p><\/div><div class=\"lp-produit\"><div class=\"lp-thumbnail-wrapper\"><img loading=\"lazy\" decoding=\"async\" width=\"300\" height=\"300\" src=\"https:\/\/www.interflora.fr\/blog\/wp-content\/uploads\/2026\/01\/1BIFF-800Wx800H-0-1-300x300.jpg\" class=\"attachment-medium size-medium wp-post-image\" alt=\"\" srcset=\"https:\/\/www.interflora.fr\/blog\/wp-content\/uploads\/2026\/01\/1BIFF-800Wx800H-0-1-300x300.jpg 300w, https:\/\/www.interflora.fr\/blog\/wp-content\/uploads\/2026\/01\/1BIFF-800Wx800H-0-1-150x150.jpg 150w, https:\/\/www.interflora.fr\/blog\/wp-content\/uploads\/2026\/01\/1BIFF-800Wx800H-0-1-768x768.jpg 768w, https:\/\/www.interflora.fr\/blog\/wp-content\/uploads\/2026\/01\/1BIFF-800Wx800H-0-1.jpg 800w\" sizes=\"auto, (max-width: 300px) 100vw, 300px\" \/><img decoding=\"async\" class=\"lp-badge\" src=\"https:\/\/www.interflora.fr\/blog\/wp-content\/uploads\/2025\/06\/logo-circle.png\" alt=\"Livraison rapide Interflora\"><\/div><span>Mon coeur<\/span><p>39.95 \u20ac<\/p><span class=\"obf-link lp-cta\" role=\"link\" tabindex=\"0\" data-b64=\"aHR0cHM6Ly93d3cuaW50ZXJmbG9yYS5mci9wL2JvdXF1ZXQtbW9uLWNvZXVyLzEvRlI\/dXRtX21lZGl1bT1vcmdhbmljJnV0bV9zb3VyY2U9YmxvZ19wcm9kdWN0cyZ1dG1fY2FtcGFpZ249MUJJRkY=\" data-target=\"_blank\"><svg xmlns=\"http:\/\/www.w3.org\/2000\/svg\" width=\"16\" height=\"16\" fill=\"currentColor\" class=\"bi bi-bag\" viewBox=\"0 0 16 16\"><path d=\"M8 1a2 2 0 0 1 2 2v1h2.5A1.5 1.5 0 0 1 14 5.5v8A1.5 1.5 0 0 1 12.5 15h-9A1.5 1.5 0 0 1 2 13.5v-8A1.5 1.5 0 0 1 3.5 3H6V2a2 2 0 0 1 2-1zm1 3V3a1 1 0 0 0-2 0v1h2z\"\/><\/svg>Voir le produit<\/span><p class=\"rapido\">Livraison rapide<\/p><\/div><div class=\"lp-produit\"><div class=\"lp-thumbnail-wrapper\"><img loading=\"lazy\" decoding=\"async\" width=\"300\" height=\"300\" src=\"https:\/\/www.interflora.fr\/blog\/wp-content\/uploads\/2025\/05\/1SEN-800Wx800H-0-1-25-300x300.jpg\" class=\"attachment-medium size-medium wp-post-image\" alt=\"\" srcset=\"https:\/\/www.interflora.fr\/blog\/wp-content\/uploads\/2025\/05\/1SEN-800Wx800H-0-1-25-300x300.jpg 300w, https:\/\/www.interflora.fr\/blog\/wp-content\/uploads\/2025\/05\/1SEN-800Wx800H-0-1-25-150x150.jpg 150w, https:\/\/www.interflora.fr\/blog\/wp-content\/uploads\/2025\/05\/1SEN-800Wx800H-0-1-25-768x768.jpg 768w, https:\/\/www.interflora.fr\/blog\/wp-content\/uploads\/2025\/05\/1SEN-800Wx800H-0-1-25.jpg 800w\" sizes=\"auto, (max-width: 300px) 100vw, 300px\" \/><img decoding=\"async\" class=\"lp-badge\" src=\"https:\/\/www.interflora.fr\/blog\/wp-content\/uploads\/2025\/06\/logo-circle.png\" alt=\"Livraison rapide Interflora\"><\/div><span>Joyeux anniversaire<\/span><p>42.95 \u20ac<\/p><span class=\"obf-link lp-cta\" role=\"link\" tabindex=\"0\" data-b64=\"aHR0cHM6Ly93d3cuaW50ZXJmbG9yYS5mci9wL3Jvc2VzLXNlbnRpbWVudC8xL0ZSP3V0bV9tZWRpdW09b3JnYW5pYyZ1dG1fc291cmNlPWJsb2dfcHJvZHVjdHMmdXRtX2NhbXBhaWduPTFTRU4=\" data-target=\"_blank\"><svg xmlns=\"http:\/\/www.w3.org\/2000\/svg\" width=\"16\" height=\"16\" fill=\"currentColor\" class=\"bi bi-bag\" viewBox=\"0 0 16 16\"><path d=\"M8 1a2 2 0 0 1 2 2v1h2.5A1.5 1.5 0 0 1 14 5.5v8A1.5 1.5 0 0 1 12.5 15h-9A1.5 1.5 0 0 1 2 13.5v-8A1.5 1.5 0 0 1 3.5 3H6V2a2 2 0 0 1 2-1zm1 3V3a1 1 0 0 0-2 0v1h2z\"\/><\/svg>Voir le produit<\/span><p class=\"rapido\">Fleurs fra\u00eeches<\/p><\/div><\/div>\n\n\n\n<div style=\"height:10px\" aria-hidden=\"true\" class=\"wp-block-spacer\"><\/div>\n\n\n\n<h2 class=\"wp-block-heading alignwide\"><strong>Quelques astuces pour vos d\u00e9cors de table de No\u00ebl \u00e0 faire soi-m\u00eame<\/strong><\/h2>\n\n\n\n<ul class=\"wp-block-list\">\n<li><strong>Jouez avec les hauteurs<\/strong> : combinez des \u00e9l\u00e9ments bas (comme les guirlandes ou les branches) et des \u00e9l\u00e9ments hauts (bougies, vases&#8230;). Et si votre d\u00e9co de table comporte plusieurs fois le m\u00eame \u00e9l\u00e9ment, d\u00e9clinez-le en plusieurs formats : s\u00e9lectionnez par exemple des vases ou des bougies plus ou moins grands.<br><\/li>\n\n\n\n<li><strong>Misez sur une palette de couleurs limit\u00e9e<\/strong> : sauf si vous souhaitez une d\u00e9coration bariol\u00e9e, deux ou trois couleurs suffisent, surtout pour une <strong>d\u00e9co de table de No\u00ebl nature<\/strong>,cela \u00e9vite&nbsp;une surcharge visuelle.<br><\/li>\n\n\n\n<li><strong>Faites attention aux d\u00e9tails<\/strong> : repassez votre nappe avant de la placer, soignez le pliage de vos serviettes&#8230;<br><\/li>\n\n\n\n<li><strong>Recyclez et r\u00e9utilisez<\/strong> : faites encore plus preuve de cr\u00e9ativit\u00e9 en utilisant ou en d\u00e9tournant des objets du quotidien, comme des bocaux ou des chutes de tissu. Et n&rsquo;h\u00e9sitez pas \u00e0 ramasser (de mani\u00e8re responsable) des petits tr\u00e9sors dans la nature lors de vos promenades automnales.<\/li>\n<\/ul>\n\n\n\n<figure class=\"wp-block-image aligncenter size-full\"><img decoding=\"async\" src=\"https:\/\/www.interflora.fr\/blog\/wp-content\/uploads\/table-de-noel-decoree.jpg\" alt=\"Table de No\u00ebl bien d\u00e9cor\u00e9e\" class=\"wp-image-46175\" style=\"aspect-ratio:16\/9;object-fit:cover\"\/><\/figure>\n\n\n\n<p>Votre cr\u00e9ativit\u00e9 est insatiable ? Alors faites encore plus le plein d&rsquo;<a href=\"https:\/\/www.interflora.fr\/blog\/decoration-de-table-pour-noel\/\">id\u00e9es d\u00e9co de table de No\u00ebl<\/a> sur notre blog. Et pour aller plus loin dans la magie des f\u00eates, explorez notre s\u00e9lection de <a href=\"https:\/\/www.interflora.fr\/c\/noel-centre-de-table\">centres de table fleuris<\/a> et de <a href=\"https:\/\/www.interflora.fr\/c\/fleurs-noel-jour-de-l-an\">compositions de No\u00ebl<\/a> pr\u00eats \u00e0 installer qui compl\u00e8teront merveilleusement votre d\u00e9coration de f\u00eate.\u00a0<\/p>\n","protected":false},"excerpt":{"rendered":"<p>Et si, cette ann\u00e9e, vous apportiez une touche personnelle \u00e0 votre table de No\u00ebl ? Rien de tel que des [&hellip;]<\/p>\n","protected":false},"author":1,"featured_media":56046,"comment_status":"open","ping_status":"open","sticky":false,"template":"","format":"standard","meta":{"_uag_custom_page_level_css":"","site-sidebar-layout":"default","site-content-layout":"","ast-site-content-layout":"default","site-content-style":"default","site-sidebar-style":"default","ast-global-header-display":"","ast-banner-title-visibility":"","ast-main-header-display":"","ast-hfb-above-header-display":"","ast-hfb-below-header-display":"","ast-hfb-mobile-header-display":"","site-post-title":"","ast-breadcrumbs-content":"","ast-featured-img":"","footer-sml-layout":"","ast-disable-related-posts":"","theme-transparent-header-meta":"","adv-header-id-meta":"","stick-header-meta":"","header-above-stick-meta":"","header-main-stick-meta":"","header-below-stick-meta":"","astra-migrate-meta-layouts":"set","ast-page-background-enabled":"default","ast-page-background-meta":{"desktop":{"background-color":"var(--ast-global-color-4)","background-image":"","background-repeat":"repeat","background-position":"center center","background-size":"auto","background-attachment":"scroll","background-type":"","background-media":"","overlay-type":"","overlay-color":"","overlay-gradient":""},"tablet":{"background-color":"","background-image":"","background-repeat":"repeat","background-position":"center center","background-size":"auto","background-attachment":"scroll","background-type":"","background-media":"","overlay-type":"","overlay-color":"","overlay-gradient":""},"mobile":{"background-color":"","background-image":"","background-repeat":"repeat","background-position":"center center","background-size":"auto","background-attachment":"scroll","background-type":"","background-media":"","overlay-type":"","overlay-color":"","overlay-gradient":""}},"ast-content-background-meta":{"desktop":{"background-color":"var(--ast-global-color-5)","background-image":"","background-repeat":"repeat","background-position":"center center","background-size":"auto","background-attachment":"scroll","background-type":"","background-media":"","overlay-type":"","overlay-color":"","overlay-gradient":""},"tablet":{"background-color":"var(--ast-global-color-5)","background-image":"","background-repeat":"repeat","background-position":"center center","background-size":"auto","background-attachment":"scroll","background-type":"","background-media":"","overlay-type":"","overlay-color":"","overlay-gradient":""},"mobile":{"background-color":"var(--ast-global-color-5)","background-image":"","background-repeat":"repeat","background-position":"center center","background-size":"auto","background-attachment":"scroll","background-type":"","background-media":"","overlay-type":"","overlay-color":"","overlay-gradient":""}},"footnotes":""},"categories":[176,203],"tags":[342,204,310],"class_list":["post-46168","post","type-post","status-publish","format-standard","has-post-thumbnail","hentry","category-evenements","category-noel","tag-diy","tag-noel","tag-table"],"uagb_featured_image_src":{"full":["https:\/\/www.interflora.fr\/blog\/wp-content\/uploads\/2024\/12\/couronne-de-l-avent.jpg",800,450,false],"thumbnail":["https:\/\/www.interflora.fr\/blog\/wp-content\/uploads\/2024\/12\/couronne-de-l-avent-150x150.jpg",150,150,true],"medium":["https:\/\/www.interflora.fr\/blog\/wp-content\/uploads\/2024\/12\/couronne-de-l-avent-300x169.jpg",300,169,true],"medium_large":["https:\/\/www.interflora.fr\/blog\/wp-content\/uploads\/2024\/12\/couronne-de-l-avent-768x432.jpg",768,432,true],"large":["https:\/\/www.interflora.fr\/blog\/wp-content\/uploads\/2024\/12\/couronne-de-l-avent.jpg",800,450,false],"1536x1536":["https:\/\/www.interflora.fr\/blog\/wp-content\/uploads\/2024\/12\/couronne-de-l-avent.jpg",800,450,false],"2048x2048":["https:\/\/www.interflora.fr\/blog\/wp-content\/uploads\/2024\/12\/couronne-de-l-avent.jpg",800,450,false]},"uagb_author_info":{"display_name":"admin","author_link":"https:\/\/www.interflora.fr\/blog\/author\/admin\/"},"uagb_comment_info":1,"uagb_excerpt":"Et si, cette ann\u00e9e, vous apportiez une touche personnelle \u00e0 votre table de No\u00ebl ? Rien de tel que des [&hellip;]","yoast_meta":{"title":"","description":""},"_links":{"self":[{"href":"https:\/\/www.interflora.fr\/blog\/wp-json\/wp\/v2\/posts\/46168","targetHints":{"allow":["GET"]}}],"collection":[{"href":"https:\/\/www.interflora.fr\/blog\/wp-json\/wp\/v2\/posts"}],"about":[{"href":"https:\/\/www.interflora.fr\/blog\/wp-json\/wp\/v2\/types\/post"}],"author":[{"embeddable":true,"href":"https:\/\/www.interflora.fr\/blog\/wp-json\/wp\/v2\/users\/1"}],"replies":[{"embeddable":true,"href":"https:\/\/www.interflora.fr\/blog\/wp-json\/wp\/v2\/comments?post=46168"}],"version-history":[{"count":1,"href":"https:\/\/www.interflora.fr\/blog\/wp-json\/wp\/v2\/posts\/46168\/revisions"}],"predecessor-version":[{"id":56065,"href":"https:\/\/www.interflora.fr\/blog\/wp-json\/wp\/v2\/posts\/46168\/revisions\/56065"}],"wp:featuredmedia":[{"embeddable":true,"href":"https:\/\/www.interflora.fr\/blog\/wp-json\/wp\/v2\/media\/56046"}],"wp:attachment":[{"href":"https:\/\/www.interflora.fr\/blog\/wp-json\/wp\/v2\/media?parent=46168"}],"wp:term":[{"taxonomy":"category","embeddable":true,"href":"https:\/\/www.interflora.fr\/blog\/wp-json\/wp\/v2\/categories?post=46168"},{"taxonomy":"post_tag","embeddable":true,"href":"https:\/\/www.interflora.fr\/blog\/wp-json\/wp\/v2\/tags?post=46168"}],"curies":[{"name":"wp","href":"https:\/\/api.w.org\/{rel}","templated":true}]}}