{"id":46154,"date":"2025-11-08T17:23:02","date_gmt":"2025-11-08T16:23:02","guid":{"rendered":"https:\/\/www.interflora.fr\/blog\/?p=46154"},"modified":"2025-11-18T17:24:16","modified_gmt":"2025-11-18T16:24:16","slug":"couronne-de-noel-porte-ou-deco-interieure","status":"publish","type":"post","link":"https:\/\/www.interflora.fr\/blog\/couronne-de-noel-porte-ou-deco-interieure\/","title":{"rendered":"Couronne de No\u00ebl pour la porte ou d\u00e9corer : o\u00f9 et comment l&rsquo;accrocher ?"},"content":{"rendered":"\n<p>La couronne de No\u00ebl est un incontournable des f\u00eates, symbole de convivialit\u00e9 et de magie hivernale. Que vous l&rsquo;accrochiez \u00e0 votre porte d\u2019entr\u00e9e ou que vous l\u2019utilisiez comme \u00e9l\u00e9ment central de votre d\u00e9coration int\u00e9rieure, cette tradition s\u00e9culaire reste intemporelle et adaptable \u00e0 tous les styles, des plus classiques aux plus modernes. Dans cet article, nous vous donnons des astuces et des id\u00e9es pour sublimer votre <strong>couronne de No\u00ebl pour porte d&rsquo;entr\u00e9e<\/strong> ou pour la disposer dans votre maison de fa\u00e7on harmonieuse.<\/p>\n\n\n<div class=\"lp-produits-grid\"><div class=\"lp-produit\"><div class=\"lp-thumbnail-wrapper\"><img loading=\"lazy\" decoding=\"async\" width=\"300\" height=\"300\" src=\"https:\/\/www.interflora.fr\/blog\/wp-content\/uploads\/2025\/05\/3ER-800Wx800H-0-1-25-300x300.jpg\" class=\"attachment-medium size-medium wp-post-image\" alt=\"\" srcset=\"https:\/\/www.interflora.fr\/blog\/wp-content\/uploads\/2025\/05\/3ER-800Wx800H-0-1-25-300x300.jpg 300w, https:\/\/www.interflora.fr\/blog\/wp-content\/uploads\/2025\/05\/3ER-800Wx800H-0-1-25-150x150.jpg 150w, https:\/\/www.interflora.fr\/blog\/wp-content\/uploads\/2025\/05\/3ER-800Wx800H-0-1-25-768x768.jpg 768w, https:\/\/www.interflora.fr\/blog\/wp-content\/uploads\/2025\/05\/3ER-800Wx800H-0-1-25.jpg 800w\" sizes=\"auto, (max-width: 300px) 100vw, 300px\" \/><img decoding=\"async\" class=\"lp-badge\" src=\"https:\/\/www.interflora.fr\/blog\/wp-content\/uploads\/2025\/06\/logo-circle.png\" alt=\"Livraison rapide Interflora\"><\/div><span>Ecrin de roses<\/span><p>42.95 \u20ac<\/p><span class=\"obf-link lp-cta\" role=\"link\" tabindex=\"0\" data-b64=\"aHR0cHM6Ly93d3cuaW50ZXJmbG9yYS5mci9wL2VjcmluLWRlLXJvc2VzLzEvRlI\/dXRtX21lZGl1bT1vcmdhbmljJnV0bV9zb3VyY2U9YmxvZ19wcm9kdWN0cyZ1dG1fY2FtcGFpZ249M0VS\" data-target=\"_blank\"><svg xmlns=\"http:\/\/www.w3.org\/2000\/svg\" width=\"16\" height=\"16\" fill=\"currentColor\" class=\"bi bi-bag\" viewBox=\"0 0 16 16\"><path d=\"M8 1a2 2 0 0 1 2 2v1h2.5A1.5 1.5 0 0 1 14 5.5v8A1.5 1.5 0 0 1 12.5 15h-9A1.5 1.5 0 0 1 2 13.5v-8A1.5 1.5 0 0 1 3.5 3H6V2a2 2 0 0 1 2-1zm1 3V3a1 1 0 0 0-2 0v1h2z\"\/><\/svg>Voir le produit<\/span><p class=\"rapido\">Fleurs fra\u00eeches<\/p><\/div><div class=\"lp-produit\"><div class=\"lp-thumbnail-wrapper\"><img loading=\"lazy\" decoding=\"async\" width=\"300\" height=\"300\" src=\"https:\/\/www.interflora.fr\/blog\/wp-content\/uploads\/2025\/09\/3EJ-800Wx800H-0-1-25-300x300.jpg\" class=\"attachment-medium size-medium wp-post-image\" alt=\"\" srcset=\"https:\/\/www.interflora.fr\/blog\/wp-content\/uploads\/2025\/09\/3EJ-800Wx800H-0-1-25-300x300.jpg 300w, https:\/\/www.interflora.fr\/blog\/wp-content\/uploads\/2025\/09\/3EJ-800Wx800H-0-1-25-150x150.jpg 150w, https:\/\/www.interflora.fr\/blog\/wp-content\/uploads\/2025\/09\/3EJ-800Wx800H-0-1-25-768x768.jpg 768w, https:\/\/www.interflora.fr\/blog\/wp-content\/uploads\/2025\/09\/3EJ-800Wx800H-0-1-25.jpg 800w\" sizes=\"auto, (max-width: 300px) 100vw, 300px\" \/><img decoding=\"async\" class=\"lp-badge\" src=\"https:\/\/www.interflora.fr\/blog\/wp-content\/uploads\/2025\/06\/logo-circle.png\" alt=\"Livraison rapide Interflora\"><\/div><span>Eclat de joie<\/span><p>39.95 \u20ac<\/p><span class=\"obf-link lp-cta\" role=\"link\" tabindex=\"0\" data-b64=\"aHR0cHM6Ly93d3cuaW50ZXJmbG9yYS5mci9wL2VjbGF0LWRlLWpvaWUvMS9GUj91dG1fbWVkaXVtPW9yZ2FuaWMmdXRtX3NvdXJjZT1ibG9nX3Byb2R1Y3RzJnV0bV9jYW1wYWlnbj0zRUo=\" data-target=\"_blank\"><svg xmlns=\"http:\/\/www.w3.org\/2000\/svg\" width=\"16\" height=\"16\" fill=\"currentColor\" class=\"bi bi-bag\" viewBox=\"0 0 16 16\"><path d=\"M8 1a2 2 0 0 1 2 2v1h2.5A1.5 1.5 0 0 1 14 5.5v8A1.5 1.5 0 0 1 12.5 15h-9A1.5 1.5 0 0 1 2 13.5v-8A1.5 1.5 0 0 1 3.5 3H6V2a2 2 0 0 1 2-1zm1 3V3a1 1 0 0 0-2 0v1h2z\"\/><\/svg>Voir le produit<\/span><p class=\"rapido\">Fleurs fra\u00eeches<\/p><\/div><div class=\"lp-produit\"><div class=\"lp-thumbnail-wrapper\"><img loading=\"lazy\" decoding=\"async\" width=\"300\" height=\"300\" src=\"https:\/\/www.interflora.fr\/blog\/wp-content\/uploads\/2025\/05\/5COPA-800Wx800H-0-1-25-300x300.png\" class=\"attachment-medium size-medium wp-post-image\" alt=\"\" srcset=\"https:\/\/www.interflora.fr\/blog\/wp-content\/uploads\/2025\/05\/5COPA-800Wx800H-0-1-25-300x300.png 300w, https:\/\/www.interflora.fr\/blog\/wp-content\/uploads\/2025\/05\/5COPA-800Wx800H-0-1-25-150x150.png 150w, https:\/\/www.interflora.fr\/blog\/wp-content\/uploads\/2025\/05\/5COPA-800Wx800H-0-1-25-768x768.png 768w, https:\/\/www.interflora.fr\/blog\/wp-content\/uploads\/2025\/05\/5COPA-800Wx800H-0-1-25.png 800w\" sizes=\"auto, (max-width: 300px) 100vw, 300px\" \/><img decoding=\"async\" class=\"lp-badge\" src=\"https:\/\/www.interflora.fr\/blog\/wp-content\/uploads\/2025\/06\/logo-circle.png\" alt=\"Livraison rapide Interflora\"><\/div><span>Coin de paradis<\/span><p>39.95 \u20ac<\/p><span class=\"obf-link lp-cta\" role=\"link\" tabindex=\"0\" data-b64=\"aHR0cHM6Ly93d3cuaW50ZXJmbG9yYS5mci9wL2NvaW4tcGFyYWRpcy8wL0ZSP3V0bV9tZWRpdW09b3JnYW5pYyZ1dG1fc291cmNlPWJsb2dfcHJvZHVjdHMmdXRtX2NhbXBhaWduPTVDT1BB\" data-target=\"_blank\"><svg xmlns=\"http:\/\/www.w3.org\/2000\/svg\" width=\"16\" height=\"16\" fill=\"currentColor\" class=\"bi bi-bag\" viewBox=\"0 0 16 16\"><path d=\"M8 1a2 2 0 0 1 2 2v1h2.5A1.5 1.5 0 0 1 14 5.5v8A1.5 1.5 0 0 1 12.5 15h-9A1.5 1.5 0 0 1 2 13.5v-8A1.5 1.5 0 0 1 3.5 3H6V2a2 2 0 0 1 2-1zm1 3V3a1 1 0 0 0-2 0v1h2z\"\/><\/svg>Voir le produit<\/span><p class=\"rapido\">Livraison rapide<\/p><\/div><\/div>\n\n\n\n<div style=\"height:10px\" aria-hidden=\"true\" class=\"wp-block-spacer\"><\/div>\n\n\n\n<h2 class=\"wp-block-heading alignwide\"><strong>O\u00f9 accrocher des couronnes dans une maison ?<\/strong><\/h2>\n\n\n\n<h3 class=\"wp-block-heading\">1. Une couronne de No\u00ebl \u00e0 l&rsquo;ext\u00e9rieur, s<strong>ur la porte d\u2019entr\u00e9e<\/strong><\/h3>\n\n\n\n<p>Accrocher une <strong>couronne de No\u00ebl ou de l&rsquo;Avent sur la porte d\u2019entr\u00e9e <\/strong>est l\u2019emplacement le plus classique et sans doute le plus populaire. Symbole de bienvenue et de protection et joliment d\u00e9corative, elle permet d&rsquo;accueillir chaleureusement les invit\u00e9s et de les charmer avant m\u00eame qu\u2019ils ne franchissent le seuil. C&rsquo;est \u00e9galement une mani\u00e8re simple et \u00e9l\u00e9gante de montrer que votre maison est pr\u00eate \u00e0 c\u00e9l\u00e9brer les f\u00eates et de partager votre esprit festif avec vos h\u00f4tes ainsi que tous les passants.<\/p>\n\n\n\n<figure class=\"wp-block-gallery has-nested-images columns-default is-cropped wp-block-gallery-1 is-layout-flex wp-block-gallery-is-layout-flex\">\n<figure class=\"wp-block-image size-large\"><img decoding=\"async\" data-id=\"46155\" src=\"https:\/\/www.interflora.fr\/blog\/wp-content\/uploads\/couronne-de-noel-exterieur.jpg\" alt=\"Couronne de No\u00ebl \u00e0 l'ext\u00e9rieur\" class=\"wp-image-46155\"\/><\/figure>\n\n\n\n<figure class=\"wp-block-image size-large\"><img decoding=\"async\" data-id=\"46156\" src=\"https:\/\/www.interflora.fr\/blog\/wp-content\/uploads\/couronne-de-noel-porte.jpg\" alt=\"Couronne de No\u00ebl accroch\u00e9e \u00e0 la porte\" class=\"wp-image-46156\"\/><\/figure>\n<\/figure>\n\n\n\n<h3 class=\"wp-block-heading\">2. Une couronne de No\u00ebl \u00e0 l&rsquo;int\u00e9rieur de votre maison<\/h3>\n\n\n\n<p><strong>Peut-on mettre une couronne de No\u00ebl \u00e0 l\u2019int\u00e9rieur ? <\/strong>Absolument ! Il est possible d&rsquo;installer votre couronne o\u00f9 vous le souhaitez dans votre maison, il n&rsquo;y a pas de r\u00e8gle en la mati\u00e8re. Mais il est d&rsquo;usage de privil\u00e9gier les pi\u00e8ces o\u00f9 l&rsquo;on re\u00e7oit les invit\u00e9s, comme l&rsquo;entr\u00e9e, le salon ou la salle \u00e0 manger, afin qu&rsquo;elle soit visible aussi bien par les r\u00e9sidents que par les personnes de passage. Voici les endroits les plus appr\u00e9ci\u00e9s <strong>o\u00f9 mettre la couronne de No\u00ebl<\/strong> :<\/p>\n\n\n\n<h4 class=\"wp-block-heading\"><strong>Au-dessus de la chemin\u00e9e<\/strong>&nbsp;<\/h4>\n\n\n\n<p>En g\u00e9n\u00e9ral, une chemin\u00e9e est d\u00e9j\u00e0 une pi\u00e8ce ma\u00eetresse de votre int\u00e9rieur. C&rsquo;est pourquoi, il peut \u00eatre judicieux de suspendre votre <strong>couronne comme d\u00e9coration de No\u00ebl<\/strong> au-dessus du manteau de chemin\u00e9e ou de la d\u00e9poser dessus \u00e0 la verticale, afin de la rendre particuli\u00e8rement visible et ainsi d&rsquo;en profiter le plus possible. Le combo chemin\u00e9e \/ couronne de No\u00ebl est parfait pour cr\u00e9er une ambiance f\u00e9\u00e9rique.<\/p>\n\n\n\n<figure class=\"wp-block-image aligncenter size-full\"><img decoding=\"async\" src=\"https:\/\/www.interflora.fr\/blog\/wp-content\/uploads\/couronne-au-dessus-de-la-cheminee.jpg\" alt=\"Couronne de no\u00ebl accroch\u00e9e au dessus de la chemin\u00e9e\" class=\"wp-image-46157\"\/><\/figure>\n\n\n\n<h4 class=\"wp-block-heading\"><strong>Sur un mur<\/strong><\/h4>\n\n\n\n<p>Si vous disposez d&rsquo;un mur particuli\u00e8rement propice aux d\u00e9corations, ce sera l&rsquo;endroit id\u00e9al pour y <strong>accrocher votre couronne de No\u00ebl<\/strong>. Ce peut \u00eatre derri\u00e8re votre canap\u00e9 ou au-dessus d&rsquo;une console ou d&rsquo;un buffet. Si besoin, n&rsquo;h\u00e9sitez pas \u00e0 d\u00e9crocher l&rsquo;un de vos tableaux pour le remplacer par votre belle couronne le temps des f\u00eates de fin d&rsquo;ann\u00e9e.<\/p>\n\n\n\n<figure class=\"wp-block-image aligncenter size-full\"><img decoding=\"async\" src=\"https:\/\/www.interflora.fr\/blog\/wp-content\/uploads\/couronne-pour-deco-noel.jpg\" alt=\"Couronne de No\u00ebl accroch\u00e9e\" class=\"wp-image-45788\"\/><\/figure>\n\n\n\n<h4 class=\"wp-block-heading\"><strong>\u00c0 une fen\u00eatre<\/strong><\/h4>\n\n\n\n<p>Suspendez votre <strong>couronne de No\u00ebl maison<\/strong> \u00e0 une fen\u00eatre afin qu\u2019elle soit visible aussi bien de l\u2019int\u00e9rieur que de l\u2019ext\u00e9rieur et que tout le monde puisse profiter de cette magnifique d\u00e9coration festive. Agr\u00e9mentez-la d&rsquo;une fine guirlande en lumi\u00e8res LED afin de la rendre encore plus remarquable.<\/p>\n\n\n\n<figure class=\"wp-block-image aligncenter size-full\"><img decoding=\"async\" src=\"https:\/\/www.interflora.fr\/blog\/wp-content\/uploads\/couronne-de-noel-fenetre.jpg\" alt=\"Couronne de No\u00ebl accroch\u00e9e \u00e0 la fen\u00eatre\" class=\"wp-image-46158\"\/><\/figure>\n\n\n\n<h4 class=\"wp-block-heading\"><strong>En centre de table<\/strong><\/h4>\n\n\n\n<p>Transformez votre couronne en une <strong>couronne de table de No\u00ebl<\/strong> en y ajoutant des bougies, des fleurs fra\u00eeches, comme des poinsettias ou des jacinthes, et en la pla\u00e7ant au centre de votre table de salle \u00e0 manger. En plus de d\u00e9corer cette pi\u00e8ce en attendant No\u00ebl, elle pourra \u00e9galement faire office de centre de table \u00e9l\u00e9gant pour vos d\u00eeners de f\u00eate.<\/p>\n\n\n\n<figure class=\"wp-block-image aligncenter size-full\"><img decoding=\"async\" src=\"https:\/\/www.interflora.fr\/blog\/wp-content\/uploads\/couronne-de-noel-pour-la-table.jpg\" alt=\"Couronne de No\u00ebl centre de table\" class=\"wp-image-45789\"\/><\/figure>\n\n\n\n<p>Que vous placiez votre <strong>couronne de No\u00ebl sur la porte<\/strong> pour accueillir vos invit\u00e9s ou que vous la suspendiez dans votre salon, c&rsquo;est un \u00e9l\u00e9ment incontournable pour insuffler la magie des f\u00eates dans votre maison. Avec un peu d\u2019imagination, elle devient bien plus qu\u2019un simple accessoire, c&rsquo;est une v\u00e9ritable signature d\u00e9corative de votre style et de votre esprit festif, que ce soit une couronne de No\u00ebl fait maison ou une <a href=\"https:\/\/www.interflora.fr\/p\/couronne-de-noel\/0\/FR\">couronne de No\u00ebl pr\u00eate \u00e0 installer<\/a>.&nbsp;<\/p>\n\n\n\n<div class=\"wp-block-buttons is-content-justification-center is-layout-flex wp-container-core-buttons-is-layout-a89b3969 wp-block-buttons-is-layout-flex\">\n<div class=\"wp-block-button\"><a class=\"wp-block-button__link has-text-align-center wp-element-button\" href=\"https:\/\/www.interflora.fr\/p\/couronne-de-noel\/0\/FR\"><strong>Commandez votre couronne de No\u00ebl<\/strong><\/a><\/div>\n<\/div>\n\n\n\n<p><\/p>\n\n\n\n<h2 class=\"wp-block-heading alignwide\"><strong>Quand mettre la couronne de No\u00ebl sur la porte d&rsquo;entr\u00e9e ou ailleurs dans la maison ?<\/strong><\/h2>\n\n\n\n<p>Le moment id\u00e9al pour installer votre <strong>couronne de No\u00ebl sur la porte d\u2019entr\u00e9e<\/strong> co\u00efncide g\u00e9n\u00e9ralement avec l&rsquo;Avent, soit environ quatre semaines avant No\u00ebl et, plus pr\u00e9cis\u00e9ment, le premier dimanche apr\u00e8s le 26 novembre. Vous pouvez cependant l\u2019accrocher d\u00e8s la mi-novembre si vous souhaitez insuffler l&rsquo;esprit des f\u00eates un peu plus t\u00f4t, ou plus tard selon vos pr\u00e9f\u00e9rences. Il est ensuite d&rsquo;usage de la laisser en place jusqu\u2019\u00e0 l\u2019\u00c9piphanie, date qui marque la fin des c\u00e9l\u00e9brations.&nbsp;<\/p>\n\n\n\n<p>Envie d&rsquo;en savoir plus ? D\u00e9couvrez les <a href=\"https:\/\/www.interflora.fr\/blog\/couronne-de-l-avent-origines\/\">origines et traditions li\u00e9es \u00e0 la couronne de l&rsquo;Avent<\/a>.<\/p>\n\n\n<div class=\"lp-produits-grid\"><div class=\"lp-produit\"><div class=\"lp-thumbnail-wrapper\"><img loading=\"lazy\" decoding=\"async\" width=\"300\" height=\"300\" src=\"https:\/\/www.interflora.fr\/blog\/wp-content\/uploads\/2025\/09\/3EJ-800Wx800H-0-1-25-300x300.jpg\" class=\"attachment-medium size-medium wp-post-image\" alt=\"\" srcset=\"https:\/\/www.interflora.fr\/blog\/wp-content\/uploads\/2025\/09\/3EJ-800Wx800H-0-1-25-300x300.jpg 300w, https:\/\/www.interflora.fr\/blog\/wp-content\/uploads\/2025\/09\/3EJ-800Wx800H-0-1-25-150x150.jpg 150w, https:\/\/www.interflora.fr\/blog\/wp-content\/uploads\/2025\/09\/3EJ-800Wx800H-0-1-25-768x768.jpg 768w, https:\/\/www.interflora.fr\/blog\/wp-content\/uploads\/2025\/09\/3EJ-800Wx800H-0-1-25.jpg 800w\" sizes=\"auto, (max-width: 300px) 100vw, 300px\" \/><img decoding=\"async\" class=\"lp-badge\" src=\"https:\/\/www.interflora.fr\/blog\/wp-content\/uploads\/2025\/06\/logo-circle.png\" alt=\"Livraison rapide Interflora\"><\/div><span>Eclat de joie<\/span><p>39.95 \u20ac<\/p><span class=\"obf-link lp-cta\" role=\"link\" tabindex=\"0\" data-b64=\"aHR0cHM6Ly93d3cuaW50ZXJmbG9yYS5mci9wL2VjbGF0LWRlLWpvaWUvMS9GUj91dG1fbWVkaXVtPW9yZ2FuaWMmdXRtX3NvdXJjZT1ibG9nX3Byb2R1Y3RzJnV0bV9jYW1wYWlnbj0zRUo=\" data-target=\"_blank\"><svg xmlns=\"http:\/\/www.w3.org\/2000\/svg\" width=\"16\" height=\"16\" fill=\"currentColor\" class=\"bi bi-bag\" viewBox=\"0 0 16 16\"><path d=\"M8 1a2 2 0 0 1 2 2v1h2.5A1.5 1.5 0 0 1 14 5.5v8A1.5 1.5 0 0 1 12.5 15h-9A1.5 1.5 0 0 1 2 13.5v-8A1.5 1.5 0 0 1 3.5 3H6V2a2 2 0 0 1 2-1zm1 3V3a1 1 0 0 0-2 0v1h2z\"\/><\/svg>Voir le produit<\/span><p class=\"rapido\">Fleurs fra\u00eeches<\/p><\/div><div class=\"lp-produit\"><div class=\"lp-thumbnail-wrapper\"><img loading=\"lazy\" decoding=\"async\" width=\"300\" height=\"300\" src=\"https:\/\/www.interflora.fr\/blog\/wp-content\/uploads\/2025\/05\/3ER-800Wx800H-0-1-25-300x300.jpg\" class=\"attachment-medium size-medium wp-post-image\" alt=\"\" srcset=\"https:\/\/www.interflora.fr\/blog\/wp-content\/uploads\/2025\/05\/3ER-800Wx800H-0-1-25-300x300.jpg 300w, https:\/\/www.interflora.fr\/blog\/wp-content\/uploads\/2025\/05\/3ER-800Wx800H-0-1-25-150x150.jpg 150w, https:\/\/www.interflora.fr\/blog\/wp-content\/uploads\/2025\/05\/3ER-800Wx800H-0-1-25-768x768.jpg 768w, https:\/\/www.interflora.fr\/blog\/wp-content\/uploads\/2025\/05\/3ER-800Wx800H-0-1-25.jpg 800w\" sizes=\"auto, (max-width: 300px) 100vw, 300px\" \/><img decoding=\"async\" class=\"lp-badge\" src=\"https:\/\/www.interflora.fr\/blog\/wp-content\/uploads\/2025\/06\/logo-circle.png\" alt=\"Livraison rapide Interflora\"><\/div><span>Ecrin de roses<\/span><p>42.95 \u20ac<\/p><span class=\"obf-link lp-cta\" role=\"link\" tabindex=\"0\" data-b64=\"aHR0cHM6Ly93d3cuaW50ZXJmbG9yYS5mci9wL2VjcmluLWRlLXJvc2VzLzEvRlI\/dXRtX21lZGl1bT1vcmdhbmljJnV0bV9zb3VyY2U9YmxvZ19wcm9kdWN0cyZ1dG1fY2FtcGFpZ249M0VS\" data-target=\"_blank\"><svg xmlns=\"http:\/\/www.w3.org\/2000\/svg\" width=\"16\" height=\"16\" fill=\"currentColor\" class=\"bi bi-bag\" viewBox=\"0 0 16 16\"><path d=\"M8 1a2 2 0 0 1 2 2v1h2.5A1.5 1.5 0 0 1 14 5.5v8A1.5 1.5 0 0 1 12.5 15h-9A1.5 1.5 0 0 1 2 13.5v-8A1.5 1.5 0 0 1 3.5 3H6V2a2 2 0 0 1 2-1zm1 3V3a1 1 0 0 0-2 0v1h2z\"\/><\/svg>Voir le produit<\/span><p class=\"rapido\">Top produit<\/p><\/div><div class=\"lp-produit\"><div class=\"lp-thumbnail-wrapper\"><img loading=\"lazy\" decoding=\"async\" width=\"300\" height=\"300\" src=\"https:\/\/www.interflora.fr\/blog\/wp-content\/uploads\/2025\/05\/5COPA-800Wx800H-0-1-25-300x300.png\" class=\"attachment-medium size-medium wp-post-image\" alt=\"\" srcset=\"https:\/\/www.interflora.fr\/blog\/wp-content\/uploads\/2025\/05\/5COPA-800Wx800H-0-1-25-300x300.png 300w, https:\/\/www.interflora.fr\/blog\/wp-content\/uploads\/2025\/05\/5COPA-800Wx800H-0-1-25-150x150.png 150w, https:\/\/www.interflora.fr\/blog\/wp-content\/uploads\/2025\/05\/5COPA-800Wx800H-0-1-25-768x768.png 768w, https:\/\/www.interflora.fr\/blog\/wp-content\/uploads\/2025\/05\/5COPA-800Wx800H-0-1-25.png 800w\" sizes=\"auto, (max-width: 300px) 100vw, 300px\" \/><img decoding=\"async\" class=\"lp-badge\" src=\"https:\/\/www.interflora.fr\/blog\/wp-content\/uploads\/2025\/06\/logo-circle.png\" alt=\"Livraison rapide Interflora\"><\/div><span>Coin de paradis<\/span><p>39.95 \u20ac<\/p><span class=\"obf-link lp-cta\" role=\"link\" tabindex=\"0\" data-b64=\"aHR0cHM6Ly93d3cuaW50ZXJmbG9yYS5mci9wL2NvaW4tcGFyYWRpcy8wL0ZSP3V0bV9tZWRpdW09b3JnYW5pYyZ1dG1fc291cmNlPWJsb2dfcHJvZHVjdHMmdXRtX2NhbXBhaWduPTVDT1BB\" data-target=\"_blank\"><svg xmlns=\"http:\/\/www.w3.org\/2000\/svg\" width=\"16\" height=\"16\" fill=\"currentColor\" class=\"bi bi-bag\" viewBox=\"0 0 16 16\"><path d=\"M8 1a2 2 0 0 1 2 2v1h2.5A1.5 1.5 0 0 1 14 5.5v8A1.5 1.5 0 0 1 12.5 15h-9A1.5 1.5 0 0 1 2 13.5v-8A1.5 1.5 0 0 1 3.5 3H6V2a2 2 0 0 1 2-1zm1 3V3a1 1 0 0 0-2 0v1h2z\"\/><\/svg>Voir le produit<\/span><p class=\"rapido\">Livraison rapide<\/p><\/div><\/div>\n\n\n\n<div style=\"height:10px\" aria-hidden=\"true\" class=\"wp-block-spacer\"><\/div>\n\n\n\n<h2 class=\"wp-block-heading alignwide\"><strong>Comment fixer une couronne de No\u00ebl ?<\/strong><\/h2>\n\n\n\n<h3 class=\"wp-block-heading alignwide\">Comment faire tenir une couronne de No\u00ebl sur une porte sans avoir besoin de percer ni clouer ?<\/h3>\n\n\n\n<p>Il est vrai que si votre couronne n&rsquo;est pas trop lourde, que votre porte d&rsquo;entr\u00e9e est en bois et que vous ne craignez pas de l&rsquo;ab\u00eemer, un <strong>simple clou<\/strong> peut suffire pour accrocher votre <strong>couronne de l&rsquo;Avent sur votre porte<\/strong>, \u00e0 condition qu&rsquo;elle comporte un crochet ou une boucle au dos permettant de la suspendre.&nbsp;<\/p>\n\n\n\n<p>Mais, si vous souhaitez une solution qui n&rsquo;endommage pas votre porte et qui permet une fixation et un retrait faciles, en voici quelques-unes :<\/p>\n\n\n\n<ul class=\"wp-block-list\">\n<li><strong>Sur le heurtoir :<\/strong> si votre porte dispose d&rsquo;un heurtoir, servez-vous-en d&rsquo;appui pour suspendre votre couronne, soit directement dessus, soit par l&rsquo;interm\u00e9diaire d&rsquo;une ficelle, d&rsquo;un ruban ou de fil de p\u00eache.<\/li>\n\n\n\n<li><strong>Avec un crochet repositionnable adh\u00e9sif, magn\u00e9tique ou \u00e0 ventouse<\/strong> : cette m\u00e9thode est id\u00e9ale pour ne pas ab\u00eemer votre porte.<\/li>\n\n\n\n<li><strong>Avec un ruban<\/strong> : utilisez un ruban \u00e9l\u00e9gant fix\u00e9 solidement avec du ruban adh\u00e9sif double-face ou un crochet repositionnable \u00e0 l\u2019int\u00e9rieur de la porte et faites le descendre de l&rsquo;autre c\u00f4t\u00e9 pour maintenir la couronne \u00e0 l&rsquo;ext\u00e9rieur.<\/li>\n\n\n\n<li><strong>Avec un crochet de suspension pour couronne<\/strong> : il existe des crochets m\u00e9talliques que l&rsquo;on place sur le sommet de la porte et qui permettent de suspendre votre <strong>couronne de No\u00ebl sur la porte ext\u00e9rieure<\/strong>. Une alternative consiste \u00e0 d\u00e9tourner une pat\u00e8re de porte m\u00e9tallique avec un seul crochet. Ce type de solution n&rsquo;a que des avantages : le crochet s\u2019installe facilement, rapidement et sans outils sur la plupart des portes sans les ab\u00eemer, tout en garantissant une bonne tenue de votre couronne.<\/li>\n<\/ul>\n\n\n\n<figure class=\"wp-block-image aligncenter size-full\"><img decoding=\"async\" src=\"https:\/\/www.interflora.fr\/blog\/wp-content\/uploads\/accrocher-une-couronne-de-noel.jpg\" alt=\"Accrocher une couronne de No\u00ebl \u00e0 un mur\" class=\"wp-image-46159\"\/><\/figure>\n\n\n\n<h3 class=\"wp-block-heading alignwide\">Comment fixer une couronne de No\u00ebl sur un mur, sur une vitre ou \u00e0 une fen\u00eatre ?<\/h3>\n\n\n\n<p>Si vous souhaitez <strong>accrocher votre couronne de No\u00ebl sur l&rsquo;un de vos murs<\/strong>, vous pouvez utiliser un clou, un crochet \u00e0 vis, un crochet pour cadre photo ou tableau d\u00e9j\u00e0 existant ou utiliser un crochet repositionnable afin de ne pas laisser de traces apr\u00e8s le retrait de votre couronne. Ensuite, utilisez, selon vos pr\u00e9f\u00e9rences, du fil de p\u00eache, une fine corde en jute ou un joli ruban pour suspendre votre couronne.<\/p>\n\n\n\n<p>Si vous souhaitez <strong>accrocher votre couronne de No\u00ebl \u00e0 une vitre<\/strong>, utilisez de pr\u00e9f\u00e9rence des crochets ventouses ou des crochets translucides qui se feront plus discrets.<\/p>\n\n\n\n<p>Pour <strong>suspendre votre couronne de No\u00ebl \u00e0 une fen\u00eatre<\/strong>, rien de plus simple : accrochez un fil de p\u00eache solide \u00e0 la tringle de votre rideau d&rsquo;un c\u00f4t\u00e9 et \u00e0 la couronne de l&rsquo;autre.<\/p>\n\n\n<div class=\"lp-produits-grid\"><div class=\"lp-produit\"><div class=\"lp-thumbnail-wrapper\"><img loading=\"lazy\" decoding=\"async\" width=\"300\" height=\"300\" src=\"https:\/\/www.interflora.fr\/blog\/wp-content\/uploads\/2025\/09\/3EJ-800Wx800H-0-1-25-300x300.jpg\" class=\"attachment-medium size-medium wp-post-image\" alt=\"\" srcset=\"https:\/\/www.interflora.fr\/blog\/wp-content\/uploads\/2025\/09\/3EJ-800Wx800H-0-1-25-300x300.jpg 300w, https:\/\/www.interflora.fr\/blog\/wp-content\/uploads\/2025\/09\/3EJ-800Wx800H-0-1-25-150x150.jpg 150w, https:\/\/www.interflora.fr\/blog\/wp-content\/uploads\/2025\/09\/3EJ-800Wx800H-0-1-25-768x768.jpg 768w, https:\/\/www.interflora.fr\/blog\/wp-content\/uploads\/2025\/09\/3EJ-800Wx800H-0-1-25.jpg 800w\" sizes=\"auto, (max-width: 300px) 100vw, 300px\" \/><img decoding=\"async\" class=\"lp-badge\" src=\"https:\/\/www.interflora.fr\/blog\/wp-content\/uploads\/2025\/06\/logo-circle.png\" alt=\"Livraison rapide Interflora\"><\/div><span>Eclat de joie<\/span><p>39.95 \u20ac<\/p><span class=\"obf-link lp-cta\" role=\"link\" tabindex=\"0\" data-b64=\"aHR0cHM6Ly93d3cuaW50ZXJmbG9yYS5mci9wL2VjbGF0LWRlLWpvaWUvMS9GUj91dG1fbWVkaXVtPW9yZ2FuaWMmdXRtX3NvdXJjZT1ibG9nX3Byb2R1Y3RzJnV0bV9jYW1wYWlnbj0zRUo=\" data-target=\"_blank\"><svg xmlns=\"http:\/\/www.w3.org\/2000\/svg\" width=\"16\" height=\"16\" fill=\"currentColor\" class=\"bi bi-bag\" viewBox=\"0 0 16 16\"><path d=\"M8 1a2 2 0 0 1 2 2v1h2.5A1.5 1.5 0 0 1 14 5.5v8A1.5 1.5 0 0 1 12.5 15h-9A1.5 1.5 0 0 1 2 13.5v-8A1.5 1.5 0 0 1 3.5 3H6V2a2 2 0 0 1 2-1zm1 3V3a1 1 0 0 0-2 0v1h2z\"\/><\/svg>Voir le produit<\/span><p class=\"rapido\">Top produit<\/p><\/div><div class=\"lp-produit\"><div class=\"lp-thumbnail-wrapper\"><img loading=\"lazy\" decoding=\"async\" width=\"300\" height=\"300\" src=\"https:\/\/www.interflora.fr\/blog\/wp-content\/uploads\/2025\/05\/5COPA-800Wx800H-0-1-25-300x300.png\" class=\"attachment-medium size-medium wp-post-image\" alt=\"\" srcset=\"https:\/\/www.interflora.fr\/blog\/wp-content\/uploads\/2025\/05\/5COPA-800Wx800H-0-1-25-300x300.png 300w, https:\/\/www.interflora.fr\/blog\/wp-content\/uploads\/2025\/05\/5COPA-800Wx800H-0-1-25-150x150.png 150w, https:\/\/www.interflora.fr\/blog\/wp-content\/uploads\/2025\/05\/5COPA-800Wx800H-0-1-25-768x768.png 768w, https:\/\/www.interflora.fr\/blog\/wp-content\/uploads\/2025\/05\/5COPA-800Wx800H-0-1-25.png 800w\" sizes=\"auto, (max-width: 300px) 100vw, 300px\" \/><img decoding=\"async\" class=\"lp-badge\" src=\"https:\/\/www.interflora.fr\/blog\/wp-content\/uploads\/2025\/06\/logo-circle.png\" alt=\"Livraison rapide Interflora\"><\/div><span>Coin de paradis<\/span><p>39.95 \u20ac<\/p><span class=\"obf-link lp-cta\" role=\"link\" tabindex=\"0\" data-b64=\"aHR0cHM6Ly93d3cuaW50ZXJmbG9yYS5mci9wL2NvaW4tcGFyYWRpcy8wL0ZSP3V0bV9tZWRpdW09b3JnYW5pYyZ1dG1fc291cmNlPWJsb2dfcHJvZHVjdHMmdXRtX2NhbXBhaWduPTVDT1BB\" data-target=\"_blank\"><svg xmlns=\"http:\/\/www.w3.org\/2000\/svg\" width=\"16\" height=\"16\" fill=\"currentColor\" class=\"bi bi-bag\" viewBox=\"0 0 16 16\"><path d=\"M8 1a2 2 0 0 1 2 2v1h2.5A1.5 1.5 0 0 1 14 5.5v8A1.5 1.5 0 0 1 12.5 15h-9A1.5 1.5 0 0 1 2 13.5v-8A1.5 1.5 0 0 1 3.5 3H6V2a2 2 0 0 1 2-1zm1 3V3a1 1 0 0 0-2 0v1h2z\"\/><\/svg>Voir le produit<\/span><p class=\"rapido\">Top produit<\/p><\/div><div class=\"lp-produit\"><div class=\"lp-thumbnail-wrapper\"><img loading=\"lazy\" decoding=\"async\" width=\"300\" height=\"300\" src=\"https:\/\/www.interflora.fr\/blog\/wp-content\/uploads\/2025\/05\/3ER-800Wx800H-0-1-25-300x300.jpg\" class=\"attachment-medium size-medium wp-post-image\" alt=\"\" srcset=\"https:\/\/www.interflora.fr\/blog\/wp-content\/uploads\/2025\/05\/3ER-800Wx800H-0-1-25-300x300.jpg 300w, https:\/\/www.interflora.fr\/blog\/wp-content\/uploads\/2025\/05\/3ER-800Wx800H-0-1-25-150x150.jpg 150w, https:\/\/www.interflora.fr\/blog\/wp-content\/uploads\/2025\/05\/3ER-800Wx800H-0-1-25-768x768.jpg 768w, https:\/\/www.interflora.fr\/blog\/wp-content\/uploads\/2025\/05\/3ER-800Wx800H-0-1-25.jpg 800w\" sizes=\"auto, (max-width: 300px) 100vw, 300px\" \/><img decoding=\"async\" class=\"lp-badge\" src=\"https:\/\/www.interflora.fr\/blog\/wp-content\/uploads\/2025\/06\/logo-circle.png\" alt=\"Livraison rapide Interflora\"><\/div><span>Ecrin de roses<\/span><p>42.95 \u20ac<\/p><span class=\"obf-link lp-cta\" role=\"link\" tabindex=\"0\" data-b64=\"aHR0cHM6Ly93d3cuaW50ZXJmbG9yYS5mci9wL2VjcmluLWRlLXJvc2VzLzEvRlI\/dXRtX21lZGl1bT1vcmdhbmljJnV0bV9zb3VyY2U9YmxvZ19wcm9kdWN0cyZ1dG1fY2FtcGFpZ249M0VS\" data-target=\"_blank\"><svg xmlns=\"http:\/\/www.w3.org\/2000\/svg\" width=\"16\" height=\"16\" fill=\"currentColor\" class=\"bi bi-bag\" viewBox=\"0 0 16 16\"><path d=\"M8 1a2 2 0 0 1 2 2v1h2.5A1.5 1.5 0 0 1 14 5.5v8A1.5 1.5 0 0 1 12.5 15h-9A1.5 1.5 0 0 1 2 13.5v-8A1.5 1.5 0 0 1 3.5 3H6V2a2 2 0 0 1 2-1zm1 3V3a1 1 0 0 0-2 0v1h2z\"\/><\/svg>Voir le produit<\/span><p class=\"rapido\">Livraison rapide<\/p><\/div><\/div>\n","protected":false},"excerpt":{"rendered":"<p>La couronne de No\u00ebl est un incontournable des f\u00eates, symbole de convivialit\u00e9 et de magie hivernale. Que vous l&rsquo;accrochiez \u00e0 [&hellip;]<\/p>\n","protected":false},"author":1,"featured_media":56043,"comment_status":"open","ping_status":"open","sticky":false,"template":"","format":"standard","meta":{"_uag_custom_page_level_css":"","site-sidebar-layout":"default","site-content-layout":"","ast-site-content-layout":"default","site-content-style":"default","site-sidebar-style":"default","ast-global-header-display":"","ast-banner-title-visibility":"","ast-main-header-display":"","ast-hfb-above-header-display":"","ast-hfb-below-header-display":"","ast-hfb-mobile-header-display":"","site-post-title":"","ast-breadcrumbs-content":"","ast-featured-img":"","footer-sml-layout":"","ast-disable-related-posts":"","theme-transparent-header-meta":"","adv-header-id-meta":"","stick-header-meta":"","header-above-stick-meta":"","header-main-stick-meta":"","header-below-stick-meta":"","astra-migrate-meta-layouts":"set","ast-page-background-enabled":"default","ast-page-background-meta":{"desktop":{"background-color":"var(--ast-global-color-4)","background-image":"","background-repeat":"repeat","background-position":"center center","background-size":"auto","background-attachment":"scroll","background-type":"","background-media":"","overlay-type":"","overlay-color":"","overlay-gradient":""},"tablet":{"background-color":"","background-image":"","background-repeat":"repeat","background-position":"center center","background-size":"auto","background-attachment":"scroll","background-type":"","background-media":"","overlay-type":"","overlay-color":"","overlay-gradient":""},"mobile":{"background-color":"","background-image":"","background-repeat":"repeat","background-position":"center center","background-size":"auto","background-attachment":"scroll","background-type":"","background-media":"","overlay-type":"","overlay-color":"","overlay-gradient":""}},"ast-content-background-meta":{"desktop":{"background-color":"var(--ast-global-color-5)","background-image":"","background-repeat":"repeat","background-position":"center center","background-size":"auto","background-attachment":"scroll","background-type":"","background-media":"","overlay-type":"","overlay-color":"","overlay-gradient":""},"tablet":{"background-color":"var(--ast-global-color-5)","background-image":"","background-repeat":"repeat","background-position":"center center","background-size":"auto","background-attachment":"scroll","background-type":"","background-media":"","overlay-type":"","overlay-color":"","overlay-gradient":""},"mobile":{"background-color":"var(--ast-global-color-5)","background-image":"","background-repeat":"repeat","background-position":"center center","background-size":"auto","background-attachment":"scroll","background-type":"","background-media":"","overlay-type":"","overlay-color":"","overlay-gradient":""}},"footnotes":""},"categories":[176,203],"tags":[452,213,204],"class_list":["post-46154","post","type-post","status-publish","format-standard","has-post-thumbnail","hentry","category-evenements","category-noel","tag-couronnes","tag-deco","tag-noel"],"uagb_featured_image_src":{"full":["https:\/\/www.interflora.fr\/blog\/wp-content\/uploads\/2024\/12\/couronne-de-noel-porte.png",750,400,false],"thumbnail":["https:\/\/www.interflora.fr\/blog\/wp-content\/uploads\/2024\/12\/couronne-de-noel-porte-150x150.png",150,150,true],"medium":["https:\/\/www.interflora.fr\/blog\/wp-content\/uploads\/2024\/12\/couronne-de-noel-porte-300x160.png",300,160,true],"medium_large":["https:\/\/www.interflora.fr\/blog\/wp-content\/uploads\/2024\/12\/couronne-de-noel-porte.png",750,400,false],"large":["https:\/\/www.interflora.fr\/blog\/wp-content\/uploads\/2024\/12\/couronne-de-noel-porte.png",750,400,false],"1536x1536":["https:\/\/www.interflora.fr\/blog\/wp-content\/uploads\/2024\/12\/couronne-de-noel-porte.png",750,400,false],"2048x2048":["https:\/\/www.interflora.fr\/blog\/wp-content\/uploads\/2024\/12\/couronne-de-noel-porte.png",750,400,false]},"uagb_author_info":{"display_name":"admin","author_link":"https:\/\/www.interflora.fr\/blog\/author\/admin\/"},"uagb_comment_info":1,"uagb_excerpt":"La couronne de No\u00ebl est un incontournable des f\u00eates, symbole de convivialit\u00e9 et de magie hivernale. Que vous l&rsquo;accrochiez \u00e0 [&hellip;]","yoast_meta":{"title":"Couronne de no\u00ebl pour la porte : o\u00f9 et comment l'accrocher? Interflora","description":"Retrouvez nos conseils pour accrocher votre couronne de no\u00ebl sur la porte ou l'utiliser dans votre d\u00e9coration d'int\u00e9rieur pour no\u00ebl"},"_links":{"self":[{"href":"https:\/\/www.interflora.fr\/blog\/wp-json\/wp\/v2\/posts\/46154","targetHints":{"allow":["GET"]}}],"collection":[{"href":"https:\/\/www.interflora.fr\/blog\/wp-json\/wp\/v2\/posts"}],"about":[{"href":"https:\/\/www.interflora.fr\/blog\/wp-json\/wp\/v2\/types\/post"}],"author":[{"embeddable":true,"href":"https:\/\/www.interflora.fr\/blog\/wp-json\/wp\/v2\/users\/1"}],"replies":[{"embeddable":true,"href":"https:\/\/www.interflora.fr\/blog\/wp-json\/wp\/v2\/comments?post=46154"}],"version-history":[{"count":2,"href":"https:\/\/www.interflora.fr\/blog\/wp-json\/wp\/v2\/posts\/46154\/revisions"}],"predecessor-version":[{"id":56044,"href":"https:\/\/www.interflora.fr\/blog\/wp-json\/wp\/v2\/posts\/46154\/revisions\/56044"}],"wp:featuredmedia":[{"embeddable":true,"href":"https:\/\/www.interflora.fr\/blog\/wp-json\/wp\/v2\/media\/56043"}],"wp:attachment":[{"href":"https:\/\/www.interflora.fr\/blog\/wp-json\/wp\/v2\/media?parent=46154"}],"wp:term":[{"taxonomy":"category","embeddable":true,"href":"https:\/\/www.interflora.fr\/blog\/wp-json\/wp\/v2\/categories?post=46154"},{"taxonomy":"post_tag","embeddable":true,"href":"https:\/\/www.interflora.fr\/blog\/wp-json\/wp\/v2\/tags?post=46154"}],"curies":[{"name":"wp","href":"https:\/\/api.w.org\/{rel}","templated":true}]}}