{"id":46142,"date":"2025-11-18T17:19:37","date_gmt":"2025-11-18T16:19:37","guid":{"rendered":"https:\/\/www.interflora.fr\/blog\/?p=46142"},"modified":"2026-04-03T11:52:33","modified_gmt":"2026-04-03T09:52:33","slug":"couronne-de-l-avent-origines","status":"publish","type":"post","link":"https:\/\/www.interflora.fr\/blog\/couronne-de-l-avent-origines\/","title":{"rendered":"La couronne de l&rsquo;avent : histoire et traditions de No\u00ebl"},"content":{"rendered":"\n<p>Chaque ann\u00e9e, le quatri\u00e8me dimanche avant No\u00ebl marque le d\u00e9but de la p\u00e9riode de l&rsquo;Avent qui pr\u00e9c\u00e8de la Nativit\u00e9. La <strong>couronne de l\u2019Avent <\/strong>symbolise parfaitement cette p\u00e9riode d&rsquo;attente de quatre semaines, pendant laquelle les fid\u00e8les se pr\u00e9parent \u00e0 f\u00eater No\u00ebl, en allumant une bougie chaque dimanche de l&rsquo;Avent. Mais d&rsquo;o\u00f9 vient cette tradition ? <strong>Quel est le sens de la couronne de l&rsquo;Avent ?<\/strong> Et pourquoi comporte-t-elle <strong>4 bougies de l&rsquo;Avent<\/strong> ? Plongeons ensemble dans l\u2019univers fascinant de cette tradition venue d\u2019ailleurs, mais qui a su conqu\u00e9rir nos c\u0153urs un peu partout dans le monde.<\/p>\n\n\n<div class=\"lp-produits-grid\"><div class=\"lp-produit\"><div class=\"lp-thumbnail-wrapper\"><img loading=\"lazy\" decoding=\"async\" width=\"300\" height=\"300\" src=\"https:\/\/www.interflora.fr\/blog\/wp-content\/uploads\/2025\/09\/3EJ-800Wx800H-0-1-25-300x300.jpg\" class=\"attachment-medium size-medium wp-post-image\" alt=\"\" srcset=\"https:\/\/www.interflora.fr\/blog\/wp-content\/uploads\/2025\/09\/3EJ-800Wx800H-0-1-25-300x300.jpg 300w, https:\/\/www.interflora.fr\/blog\/wp-content\/uploads\/2025\/09\/3EJ-800Wx800H-0-1-25-150x150.jpg 150w, https:\/\/www.interflora.fr\/blog\/wp-content\/uploads\/2025\/09\/3EJ-800Wx800H-0-1-25-768x768.jpg 768w, https:\/\/www.interflora.fr\/blog\/wp-content\/uploads\/2025\/09\/3EJ-800Wx800H-0-1-25.jpg 800w\" sizes=\"auto, (max-width: 300px) 100vw, 300px\" \/><img decoding=\"async\" class=\"lp-badge\" src=\"https:\/\/www.interflora.fr\/blog\/wp-content\/uploads\/2025\/06\/logo-circle.png\" alt=\"Livraison rapide Interflora\"><\/div><span>Eclat de joie<\/span><p>39.95 \u20ac<\/p><span class=\"obf-link lp-cta\" role=\"link\" tabindex=\"0\" data-b64=\"aHR0cHM6Ly93d3cuaW50ZXJmbG9yYS5mci9wL2VjbGF0LWRlLWpvaWUvMS9GUj91dG1fbWVkaXVtPW9yZ2FuaWMmdXRtX3NvdXJjZT1ibG9nX3Byb2R1Y3RzJnV0bV9jYW1wYWlnbj0zRUo=\" data-target=\"_blank\"><svg xmlns=\"http:\/\/www.w3.org\/2000\/svg\" width=\"16\" height=\"16\" fill=\"currentColor\" class=\"bi bi-bag\" viewBox=\"0 0 16 16\"><path d=\"M8 1a2 2 0 0 1 2 2v1h2.5A1.5 1.5 0 0 1 14 5.5v8A1.5 1.5 0 0 1 12.5 15h-9A1.5 1.5 0 0 1 2 13.5v-8A1.5 1.5 0 0 1 3.5 3H6V2a2 2 0 0 1 2-1zm1 3V3a1 1 0 0 0-2 0v1h2z\"\/><\/svg>Voir le produit<\/span><p class=\"rapido\">Livraison rapide<\/p><\/div><div class=\"lp-produit\"><div class=\"lp-thumbnail-wrapper\"><img loading=\"lazy\" decoding=\"async\" width=\"300\" height=\"300\" src=\"https:\/\/www.interflora.fr\/blog\/wp-content\/uploads\/2025\/05\/5COPA-800Wx800H-0-1-25-300x300.png\" class=\"attachment-medium size-medium wp-post-image\" alt=\"\" srcset=\"https:\/\/www.interflora.fr\/blog\/wp-content\/uploads\/2025\/05\/5COPA-800Wx800H-0-1-25-300x300.png 300w, https:\/\/www.interflora.fr\/blog\/wp-content\/uploads\/2025\/05\/5COPA-800Wx800H-0-1-25-150x150.png 150w, https:\/\/www.interflora.fr\/blog\/wp-content\/uploads\/2025\/05\/5COPA-800Wx800H-0-1-25-768x768.png 768w, https:\/\/www.interflora.fr\/blog\/wp-content\/uploads\/2025\/05\/5COPA-800Wx800H-0-1-25.png 800w\" sizes=\"auto, (max-width: 300px) 100vw, 300px\" \/><img decoding=\"async\" class=\"lp-badge\" src=\"https:\/\/www.interflora.fr\/blog\/wp-content\/uploads\/2025\/06\/logo-circle.png\" alt=\"Livraison rapide Interflora\"><\/div><span>Coin de paradis<\/span><p>39.95 \u20ac<\/p><span class=\"obf-link lp-cta\" role=\"link\" tabindex=\"0\" data-b64=\"aHR0cHM6Ly93d3cuaW50ZXJmbG9yYS5mci9wL2NvaW4tcGFyYWRpcy8wL0ZSP3V0bV9tZWRpdW09b3JnYW5pYyZ1dG1fc291cmNlPWJsb2dfcHJvZHVjdHMmdXRtX2NhbXBhaWduPTVDT1BB\" data-target=\"_blank\"><svg xmlns=\"http:\/\/www.w3.org\/2000\/svg\" width=\"16\" height=\"16\" fill=\"currentColor\" class=\"bi bi-bag\" viewBox=\"0 0 16 16\"><path d=\"M8 1a2 2 0 0 1 2 2v1h2.5A1.5 1.5 0 0 1 14 5.5v8A1.5 1.5 0 0 1 12.5 15h-9A1.5 1.5 0 0 1 2 13.5v-8A1.5 1.5 0 0 1 3.5 3H6V2a2 2 0 0 1 2-1zm1 3V3a1 1 0 0 0-2 0v1h2z\"\/><\/svg>Voir le produit<\/span><p class=\"rapido\">Livraison rapide<\/p><\/div><div class=\"lp-produit\"><div class=\"lp-thumbnail-wrapper\"><img loading=\"lazy\" decoding=\"async\" width=\"300\" height=\"300\" src=\"https:\/\/www.interflora.fr\/blog\/wp-content\/uploads\/2025\/05\/3ER-800Wx800H-0-1-25-300x300.jpg\" class=\"attachment-medium size-medium wp-post-image\" alt=\"\" srcset=\"https:\/\/www.interflora.fr\/blog\/wp-content\/uploads\/2025\/05\/3ER-800Wx800H-0-1-25-300x300.jpg 300w, https:\/\/www.interflora.fr\/blog\/wp-content\/uploads\/2025\/05\/3ER-800Wx800H-0-1-25-150x150.jpg 150w, https:\/\/www.interflora.fr\/blog\/wp-content\/uploads\/2025\/05\/3ER-800Wx800H-0-1-25-768x768.jpg 768w, https:\/\/www.interflora.fr\/blog\/wp-content\/uploads\/2025\/05\/3ER-800Wx800H-0-1-25.jpg 800w\" sizes=\"auto, (max-width: 300px) 100vw, 300px\" \/><img decoding=\"async\" class=\"lp-badge\" src=\"https:\/\/www.interflora.fr\/blog\/wp-content\/uploads\/2025\/06\/logo-circle.png\" alt=\"Livraison rapide Interflora\"><\/div><span>Ecrin de roses<\/span><p>42.95 \u20ac<\/p><span class=\"obf-link lp-cta\" role=\"link\" tabindex=\"0\" data-b64=\"aHR0cHM6Ly93d3cuaW50ZXJmbG9yYS5mci9wL2VjcmluLWRlLXJvc2VzLzEvRlI\/dXRtX21lZGl1bT1vcmdhbmljJnV0bV9zb3VyY2U9YmxvZ19wcm9kdWN0cyZ1dG1fY2FtcGFpZ249M0VS\" data-target=\"_blank\"><svg xmlns=\"http:\/\/www.w3.org\/2000\/svg\" width=\"16\" height=\"16\" fill=\"currentColor\" class=\"bi bi-bag\" viewBox=\"0 0 16 16\"><path d=\"M8 1a2 2 0 0 1 2 2v1h2.5A1.5 1.5 0 0 1 14 5.5v8A1.5 1.5 0 0 1 12.5 15h-9A1.5 1.5 0 0 1 2 13.5v-8A1.5 1.5 0 0 1 3.5 3H6V2a2 2 0 0 1 2-1zm1 3V3a1 1 0 0 0-2 0v1h2z\"\/><\/svg>Voir le produit<\/span><p class=\"rapido\">Fleurs fra\u00eeches<\/p><\/div><\/div>\n\n\n\n<div style=\"height:10px\" aria-hidden=\"true\" class=\"wp-block-spacer\"><\/div>\n\n\n\n<h2 class=\"wp-block-heading alignwide\"><strong>Quelle est l\u2019origine de la couronne de l\u2019Avent\u202f?<\/strong><\/h2>\n\n\n\n<p>Au tout d\u00e9but, la <strong>couronne de No\u00ebl <\/strong>est une coutume pa\u00efenne qui trouve son origine au temps des Romains. Il s&rsquo;agissait alors de f\u00eater le solstice d&rsquo;hiver. Cette couronne permettait de marquer l\u2019espoir de la renaissance du soleil et de c\u00e9l\u00e9brer la Vie.<\/p>\n\n\n\n<p>Les Chr\u00e9tiens se sont ensuite inspir\u00e9s de cette f\u00eate pa\u00efenne pour les traditions de l\u2019Avent. Ainsi, au XIXe si\u00e8cle, dans le nord de l&rsquo;Allemagne, c&rsquo;est le pasteur Johann Hinrich Wichern qui serait \u00e0 l&rsquo;origine de la <strong>couronne de l&rsquo;Avent<\/strong>. Il aurait con\u00e7u une couronne pour aider les enfants de l&rsquo;orphelinat qu&rsquo;il dirigeait \u00e0 patienter jusqu\u2019\u00e0 No\u00ebl. Il s&rsquo;agissait alors d&rsquo;une roue de carrosse orn\u00e9e de 24 bougies, dont 4 grandes bougies pour les <strong>quatre dimanches de l&rsquo;Avent<\/strong> et 20 petites bougies pour les autres jours jusqu&rsquo;\u00e0 No\u00ebl. Suspendue au plafond de la salle de pri\u00e8re, elle illuminait chaque journ\u00e9e de cette p\u00e9riode festive, et elle aidait les enfants \u00e0 d\u00e9compter les jours jusqu&rsquo;\u00e0 No\u00ebl en allumant une bougie par jour.&nbsp;<\/p>\n\n\n\n<p>Peu \u00e0 peu, on a simplifi\u00e9 cette version de <strong>couronne de l&rsquo;avent allemande<\/strong> jusqu&rsquo;\u00e0 int\u00e9grer seulement les <strong>4 bougies de l\u2019Avent<\/strong>, qui repr\u00e9sentent les quatre dimanches avant No\u00ebl.<\/p>\n\n\n\n<p>Puis, cette coutume s&rsquo;est \u00e9tendue bien au-del\u00e0 de l&rsquo;Allemagne, notamment en Alsace pendant l&rsquo;entre-deux-guerres, o\u00f9 elle a adopt\u00e9 un style plus naturel, faite de branches de sapin et de pommes de pin. Cette version a donn\u00e9 naissance \u00e0 la <strong>couronne de l\u2019Avent alsacienne<\/strong>, qui allie simplicit\u00e9 et authenticit\u00e9, tout en respectant les valeurs du partage et de la famille.<\/p>\n\n\n\n<p>Aujourd&rsquo;hui, la <strong>couronne de l&rsquo;Avent<\/strong> se d\u00e9cline en de nombreuses versions, mais elle garde son r\u00f4le initial\u202f: rythmer l\u2019attente de No\u00ebl et insuffler une ambiance chaleureuse et lumineuse dans les foyers.<\/p>\n\n\n\n<figure class=\"wp-block-gallery has-nested-images columns-default is-cropped wp-block-gallery-1 is-layout-flex wp-block-gallery-is-layout-flex\">\n<figure class=\"wp-block-image size-large\"><img decoding=\"async\" data-id=\"46144\" src=\"https:\/\/www.interflora.fr\/blog\/wp-content\/uploads\/couronne-de-l-avent-bougies.jpg\" alt=\"\" class=\"wp-image-46144\"\/><\/figure>\n\n\n\n<figure class=\"wp-block-image size-large\"><img decoding=\"async\" data-id=\"46145\" src=\"https:\/\/www.interflora.fr\/blog\/wp-content\/uploads\/couronne-de-l-avent-cierges.jpg\" alt=\"Couronne de l'avent cierges\" class=\"wp-image-46145\"\/><\/figure>\n<\/figure>\n\n\n\n<div class=\"wp-block-buttons is-content-justification-center is-layout-flex wp-container-core-buttons-is-layout-a89b3969 wp-block-buttons-is-layout-flex\">\n<div class=\"wp-block-button\"><a class=\"wp-block-button__link wp-element-button\" href=\"https:\/\/www.interflora.fr\/c\/noel-centre-de-table\"><strong>Nos centres et couronnes pour No\u00ebl<\/strong><\/a><\/div>\n<\/div>\n\n\n\n<p><\/p>\n\n\n\n<h2 class=\"wp-block-heading alignwide\">Quelle est la symbolique de la couronne de l\u2019Avent\u202f?<\/h2>\n\n\n\n<h3 class=\"wp-block-heading\">La couronne de l&rsquo;avent : signification\u200b et symbolique<\/h3>\n\n\n\n<p>La <strong>couronne de l\u2019Avent<\/strong> n\u2019est pas qu\u2019un bel objet d\u00e9coratif pour les f\u00eates de fin d&rsquo;ann\u00e9e, c&rsquo;est avant tout une tradition chr\u00e9tienne s\u00e9culaire empreinte de spiritualit\u00e9 et de symbolisme.<\/p>\n\n\n\n<p>Il existe diff\u00e9rentes interpr\u00e9tations quant \u00e0 la symbolique de la couronne et de ses bougies, voici les principales :&nbsp;<\/p>\n\n\n\n<div class=\"wp-block-media-text alignwide is-stacked-on-mobile\" style=\"grid-template-columns:40% auto\"><figure class=\"wp-block-media-text__media\"><img decoding=\"async\" src=\"https:\/\/www.interflora.fr\/blog\/wp-content\/uploads\/couronne-de-l-avent-table.jpeg\" alt=\"\" class=\"wp-image-46148 size-full\"\/><\/figure><div class=\"wp-block-media-text__content\">\n<ul class=\"wp-block-list\">\n<li><strong>La forme circulaire de la couronne<\/strong> symbolise l\u2019amour \u00e9ternel de Dieu pour nous et le cycle infini de la vie via la r\u00e9surrection, mais \u00e9galement le soleil.<\/li>\n\n\n\n<li><strong>La v\u00e9g\u00e9tation verte<\/strong> symbolise la vie, elle \u00e9voque l\u2019espoir et la promesse de renouveau apr\u00e8s les rudes mois d&rsquo;hiver.<\/li>\n\n\n\n<li><strong>Les cierges<\/strong>, quant \u00e0 eux, repr\u00e9sentent la venue dans le monde de la Lumi\u00e8re, incarn\u00e9e par J\u00e9sus, le soir de No\u00ebl.<\/li>\n<\/ul>\n<\/div><\/div>\n\n\n\n<p><\/p>\n\n\n\n<p>Le mot \u00ab\u00a0Avent\u00a0\u00bb vient du latin \u00ab\u00a0adventus\u00a0\u00bb, qui signifie \u00ab\u00a0une venue, une approche, une arriv\u00e9e\u00a0\u00bb. Lorsque nous attendons des invit\u00e9s chez nous, nous allumons les lumi\u00e8res, nous anticipons leur arriv\u00e9e et les accueillons avec joie. Pendant l\u2019Avent, nous pr\u00e9parons nos maisons et nos \u00e9glises en attendant avec joie l&rsquo;arriv\u00e9e de J\u00e9sus, et la lumi\u00e8re devient plus grande \u00e0 mesure que l&rsquo;on approche du jour de No\u00ebl, le jour o\u00f9 la Lumi\u00e8re du monde na\u00eet.<\/p>\n\n\n\n<p>Ainsi, la <strong>couronne de l&rsquo;Avent<\/strong> mat\u00e9rialise cette attente joyeuse et lumineuse de la naissance du Christ qui apporte la Lumi\u00e8re dans les t\u00e9n\u00e8bres. Et, souvent <a href=\"https:\/\/www.interflora.fr\/blog\/couronne-de-noel-porte-ou-deco-interieure\/\">plac\u00e9e sur la porte d&rsquo;entr\u00e9e des foyers<\/a>, elle permet \u00e9galement d&rsquo;accueillir les invit\u00e9s chaleureusement et dans la joie.<\/p>\n\n\n\n<h3 class=\"wp-block-heading\">Les 4 dimanches de l&rsquo;avent : signification<\/h3>\n\n\n\n<p>Les <strong>4 bougies de l\u2019Avent<\/strong> repr\u00e9sentent les quatre dimanches qui pr\u00e9c\u00e8dent No\u00ebl et sont associ\u00e9es \u00e0 des notions cl\u00e9s pr\u00f4n\u00e9es par J\u00e9sus :<\/p>\n\n\n\n<ul class=\"wp-block-list\">\n<li><strong>La 1\u02b3\u1d49 bougie<\/strong>, qui correspond au 1\u1d49\u02b3 dimanche de l&rsquo;Avent, \u00e9voque <strong>l&rsquo;espoir<\/strong>. Elle nous permet d&rsquo;anticiper la naissance du Christ et de c\u00e9l\u00e9brer le d\u00e9but d&rsquo;un nouveau temps liturgique.<br><\/li>\n\n\n\n<li><strong>La 2\u1d49 bougie<\/strong>, qui correspond au 2\u1d49 dimanche de l&rsquo;Avent, repr\u00e9sente <strong>la paix<\/strong>. Il s&rsquo;agit de la paix \u00e0 venir sur Terre apr\u00e8s la division, la destruction et la dispersion du Royaume dans l&rsquo;Ancien Testament.<br><\/li>\n\n\n\n<li><strong>La 3\u1d49 bougie<\/strong>, qui correspond au 3\u1d49 dimanche de l&rsquo;Avent, le \u00ab\u00a0dimanche de Gaudete\u00a0\u00bb, qui signifie \u00ab\u00a0r\u00e9jouissez-vous\u00a0\u00bb, figure donc <strong>la joie<\/strong>. Autant celle que l&rsquo;on ressent de plus en plus \u00e0 mesure que nous approchons du jour de No\u00ebl, que celle des bergers qui se r\u00e9jouissaient d&rsquo;aller voir J\u00e9sus \u00e0 Bethl\u00e9em.<br><\/li>\n\n\n\n<li><strong>La 4\u1d49 bougie<\/strong>, qui correspond au 4\u1d49 dimanche de l&rsquo;Avent, repr\u00e9sente<strong> l\u2019amour<\/strong>. Celui de Dieu qui nous envoie son Fils pour nous.<\/li>\n<\/ul>\n\n\n<div class=\"lp-produits-grid\"><div class=\"lp-produit\"><div class=\"lp-thumbnail-wrapper\"><img loading=\"lazy\" decoding=\"async\" width=\"300\" height=\"300\" src=\"https:\/\/www.interflora.fr\/blog\/wp-content\/uploads\/2025\/09\/3EJ-800Wx800H-0-1-25-300x300.jpg\" class=\"attachment-medium size-medium wp-post-image\" alt=\"\" srcset=\"https:\/\/www.interflora.fr\/blog\/wp-content\/uploads\/2025\/09\/3EJ-800Wx800H-0-1-25-300x300.jpg 300w, https:\/\/www.interflora.fr\/blog\/wp-content\/uploads\/2025\/09\/3EJ-800Wx800H-0-1-25-150x150.jpg 150w, https:\/\/www.interflora.fr\/blog\/wp-content\/uploads\/2025\/09\/3EJ-800Wx800H-0-1-25-768x768.jpg 768w, https:\/\/www.interflora.fr\/blog\/wp-content\/uploads\/2025\/09\/3EJ-800Wx800H-0-1-25.jpg 800w\" sizes=\"auto, (max-width: 300px) 100vw, 300px\" \/><img decoding=\"async\" class=\"lp-badge\" src=\"https:\/\/www.interflora.fr\/blog\/wp-content\/uploads\/2025\/06\/logo-circle.png\" alt=\"Livraison rapide Interflora\"><\/div><span>Eclat de joie<\/span><p>39.95 \u20ac<\/p><span class=\"obf-link lp-cta\" role=\"link\" tabindex=\"0\" data-b64=\"aHR0cHM6Ly93d3cuaW50ZXJmbG9yYS5mci9wL2VjbGF0LWRlLWpvaWUvMS9GUj91dG1fbWVkaXVtPW9yZ2FuaWMmdXRtX3NvdXJjZT1ibG9nX3Byb2R1Y3RzJnV0bV9jYW1wYWlnbj0zRUo=\" data-target=\"_blank\"><svg xmlns=\"http:\/\/www.w3.org\/2000\/svg\" width=\"16\" height=\"16\" fill=\"currentColor\" class=\"bi bi-bag\" viewBox=\"0 0 16 16\"><path d=\"M8 1a2 2 0 0 1 2 2v1h2.5A1.5 1.5 0 0 1 14 5.5v8A1.5 1.5 0 0 1 12.5 15h-9A1.5 1.5 0 0 1 2 13.5v-8A1.5 1.5 0 0 1 3.5 3H6V2a2 2 0 0 1 2-1zm1 3V3a1 1 0 0 0-2 0v1h2z\"\/><\/svg>Voir le produit<\/span><p class=\"rapido\">Top produit<\/p><\/div><div class=\"lp-produit\"><div class=\"lp-thumbnail-wrapper\"><img loading=\"lazy\" decoding=\"async\" width=\"300\" height=\"300\" src=\"https:\/\/www.interflora.fr\/blog\/wp-content\/uploads\/2025\/05\/5COPA-800Wx800H-0-1-25-300x300.png\" class=\"attachment-medium size-medium wp-post-image\" alt=\"\" srcset=\"https:\/\/www.interflora.fr\/blog\/wp-content\/uploads\/2025\/05\/5COPA-800Wx800H-0-1-25-300x300.png 300w, https:\/\/www.interflora.fr\/blog\/wp-content\/uploads\/2025\/05\/5COPA-800Wx800H-0-1-25-150x150.png 150w, https:\/\/www.interflora.fr\/blog\/wp-content\/uploads\/2025\/05\/5COPA-800Wx800H-0-1-25-768x768.png 768w, https:\/\/www.interflora.fr\/blog\/wp-content\/uploads\/2025\/05\/5COPA-800Wx800H-0-1-25.png 800w\" sizes=\"auto, (max-width: 300px) 100vw, 300px\" \/><img decoding=\"async\" class=\"lp-badge\" src=\"https:\/\/www.interflora.fr\/blog\/wp-content\/uploads\/2025\/06\/logo-circle.png\" alt=\"Livraison rapide Interflora\"><\/div><span>Coin de paradis<\/span><p>39.95 \u20ac<\/p><span class=\"obf-link lp-cta\" role=\"link\" tabindex=\"0\" data-b64=\"aHR0cHM6Ly93d3cuaW50ZXJmbG9yYS5mci9wL2NvaW4tcGFyYWRpcy8wL0ZSP3V0bV9tZWRpdW09b3JnYW5pYyZ1dG1fc291cmNlPWJsb2dfcHJvZHVjdHMmdXRtX2NhbXBhaWduPTVDT1BB\" data-target=\"_blank\"><svg xmlns=\"http:\/\/www.w3.org\/2000\/svg\" width=\"16\" height=\"16\" fill=\"currentColor\" class=\"bi bi-bag\" viewBox=\"0 0 16 16\"><path d=\"M8 1a2 2 0 0 1 2 2v1h2.5A1.5 1.5 0 0 1 14 5.5v8A1.5 1.5 0 0 1 12.5 15h-9A1.5 1.5 0 0 1 2 13.5v-8A1.5 1.5 0 0 1 3.5 3H6V2a2 2 0 0 1 2-1zm1 3V3a1 1 0 0 0-2 0v1h2z\"\/><\/svg>Voir le produit<\/span><p class=\"rapido\">Top produit<\/p><\/div><div class=\"lp-produit\"><div class=\"lp-thumbnail-wrapper\"><img loading=\"lazy\" decoding=\"async\" width=\"300\" height=\"300\" src=\"https:\/\/www.interflora.fr\/blog\/wp-content\/uploads\/2025\/05\/3ER-800Wx800H-0-1-25-300x300.jpg\" class=\"attachment-medium size-medium wp-post-image\" alt=\"\" srcset=\"https:\/\/www.interflora.fr\/blog\/wp-content\/uploads\/2025\/05\/3ER-800Wx800H-0-1-25-300x300.jpg 300w, https:\/\/www.interflora.fr\/blog\/wp-content\/uploads\/2025\/05\/3ER-800Wx800H-0-1-25-150x150.jpg 150w, https:\/\/www.interflora.fr\/blog\/wp-content\/uploads\/2025\/05\/3ER-800Wx800H-0-1-25-768x768.jpg 768w, https:\/\/www.interflora.fr\/blog\/wp-content\/uploads\/2025\/05\/3ER-800Wx800H-0-1-25.jpg 800w\" sizes=\"auto, (max-width: 300px) 100vw, 300px\" \/><img decoding=\"async\" class=\"lp-badge\" src=\"https:\/\/www.interflora.fr\/blog\/wp-content\/uploads\/2025\/06\/logo-circle.png\" alt=\"Livraison rapide Interflora\"><\/div><span>Ecrin de roses<\/span><p>42.95 \u20ac<\/p><span class=\"obf-link lp-cta\" role=\"link\" tabindex=\"0\" data-b64=\"aHR0cHM6Ly93d3cuaW50ZXJmbG9yYS5mci9wL2VjcmluLWRlLXJvc2VzLzEvRlI\/dXRtX21lZGl1bT1vcmdhbmljJnV0bV9zb3VyY2U9YmxvZ19wcm9kdWN0cyZ1dG1fY2FtcGFpZ249M0VS\" data-target=\"_blank\"><svg xmlns=\"http:\/\/www.w3.org\/2000\/svg\" width=\"16\" height=\"16\" fill=\"currentColor\" class=\"bi bi-bag\" viewBox=\"0 0 16 16\"><path d=\"M8 1a2 2 0 0 1 2 2v1h2.5A1.5 1.5 0 0 1 14 5.5v8A1.5 1.5 0 0 1 12.5 15h-9A1.5 1.5 0 0 1 2 13.5v-8A1.5 1.5 0 0 1 3.5 3H6V2a2 2 0 0 1 2-1zm1 3V3a1 1 0 0 0-2 0v1h2z\"\/><\/svg>Voir le produit<\/span><p class=\"rapido\">Livraison rapide<\/p><\/div><\/div>\n\n\n\n<div style=\"height:10px\" aria-hidden=\"true\" class=\"wp-block-spacer\"><\/div>\n\n\n\n<h2 class=\"wp-block-heading alignwide\"><strong>Comment int\u00e9grer cette tradition \u00e0 vos festivit\u00e9s\u202f?<\/strong><\/h2>\n\n\n\n<h3 class=\"wp-block-heading\"><strong>Fabriquez votre couronne de l&rsquo;Avent DIY en famille<\/strong><\/h3>\n\n\n\n<p>Rien de tel qu\u2019un atelier cr\u00e9atif pour se mettre dans l\u2019esprit des f\u00eates. Procurez-vous une base en paille ou en m\u00e9tal, des branches de sapin ou de houx, et laissez libre cours \u00e0 votre imagination. Ajoutez des pommes de pin, des tranches d\u2019orange s\u00e9ch\u00e9es, des b\u00e2tons de cannelle, des baies ou des rubans rouges pour un look traditionnel. Vous pouvez m\u00eame y glisser des fleurs fra\u00eeches pour une couronne plus sophistiqu\u00e9e, plus color\u00e9e et plus vivante.<\/p>\n\n\n\n<h3 class=\"wp-block-heading\"><strong>Les 4 dimanches de l\u2019Avent, un rituel \u00e0 adopter<\/strong><\/h3>\n\n\n\n<p>On accroche sur la porte d&rsquo;entr\u00e9e ou l&rsquo;on pose sur une table la <strong>couronne de No\u00ebl<\/strong> le premier dimanche qui suit le 26 novembre. Puis, on allume une bougie tour \u00e0 tour chaque dimanche (une bougie le 1\u1d49\u02b3 dimanche de l&rsquo;Avent, deux bougies le 2\u1d49 dimanche&#8230;) afin de c\u00e9l\u00e9brer l\u2019approche de No\u00ebl.<\/p>\n\n\n\n<p>Ce rituel peut se transformer en un moment pr\u00e9cieux de partage avec vos proches. Chaque semaine, prenez un instant pour r\u00e9fl\u00e9chir \u00e0 ce que repr\u00e9sente cette p\u00e9riode\u202f: la gratitude, l\u2019espoir, et le bonheur d\u2019\u00eatre ensemble.<\/p>\n\n\n\n<figure class=\"wp-block-image aligncenter size-full\"><img decoding=\"async\" src=\"https:\/\/www.interflora.fr\/blog\/wp-content\/uploads\/creation-couronne-de-l-avent-en-famille.jpg\" alt=\"Cr\u00e9ation d'une couronne de l'avent en famille\" class=\"wp-image-46146\"\/><\/figure>\n\n\n\n<h2 class=\"wp-block-heading alignwide\"><strong>Des variations modernes de la couronne de l&rsquo;Avent inspir\u00e9es par la nature<\/strong><\/h2>\n\n\n\n<div class=\"wp-block-media-text alignwide is-stacked-on-mobile\" style=\"grid-template-columns:30% auto\"><figure class=\"wp-block-media-text__media\"><img decoding=\"async\" src=\"https:\/\/www.interflora.fr\/blog\/wp-content\/uploads\/couronne-de-noel-pour-la-table.jpg\" alt=\"\" class=\"wp-image-45789 size-full\"\/><\/figure><div class=\"wp-block-media-text__content\">\n<h3 class=\"wp-block-heading\"><strong>Couronnes traditionnelles en sapin<\/strong><\/h3>\n\n\n\n<p>Les <strong>couronnes en sapin<\/strong>, souvent orn\u00e9es de pommes de pin et de baies rouges, restent un classique intemporel. Vous pouvez les suspendre \u00e0 votre porte ou les poser sur une table pour un effet chaleureux.<\/p>\n<\/div><\/div>\n\n\n\n<p><\/p>\n\n\n\n<div class=\"wp-block-media-text alignwide is-stacked-on-mobile\" style=\"grid-template-columns:30% auto\"><figure class=\"wp-block-media-text__media\"><img decoding=\"async\" src=\"https:\/\/www.interflora.fr\/blog\/wp-content\/uploads\/couronne-de-l-avent-pour-table-noel.jpg\" alt=\"Couronne de l'avent pour table de No\u00ebl\" class=\"wp-image-46149 size-full\"\/><\/figure><div class=\"wp-block-media-text__content\">\n<h3 class=\"wp-block-heading\"><strong>Couronnes de table de No\u00ebl<\/strong><\/h3>\n\n\n\n<p>Si vous cherchez \u00e0 revisiter cette pratique, pourquoi ne pas opter pour une <strong>couronne de table de No\u00ebl<\/strong>\u202f? Int\u00e9grez des <strong>bougies de l\u2019Avent<\/strong> au centre, entour\u00e9es de fleurs fra\u00eeches comme des poinsettias, des jacinthes, ou encore des amaryllis, pour une touche florale sophistiqu\u00e9e. Cela constituera un magnifique centre de table de No\u00ebl.<\/p>\n<\/div><\/div>\n\n\n\n<p><\/p>\n\n\n\n<div class=\"wp-block-media-text alignwide is-stacked-on-mobile\" style=\"grid-template-columns:30% auto\"><figure class=\"wp-block-media-text__media\"><img decoding=\"async\" src=\"https:\/\/www.interflora.fr\/blog\/wp-content\/uploads\/couronne-de-l-avent-minimaliste.jpg\" alt=\"Couronne de l'avent minimaliste\" class=\"wp-image-46143 size-full\"\/><\/figure><div class=\"wp-block-media-text__content\">\n<h3 class=\"wp-block-heading\"><strong>Une version minimaliste et \u00e9cologique<\/strong><\/h3>\n\n\n\n<p>Les amateurs de simplicit\u00e9 pourront cr\u00e9er une couronne en branchages l\u00e9gers, comme l\u2019eucalyptus ou l&rsquo;olivier, pour un look \u00e9pur\u00e9 et dans l\u2019air du temps. Il suffira d&rsquo;ajouter quelques touches dor\u00e9es pour rappeler la magie des f\u00eates.<\/p>\n<\/div><\/div>\n\n\n\n<p><\/p>\n\n\n\n<h2 class=\"wp-block-heading alignwide\"><strong>Les couronnes de l\u2019Avent Interflora, entre tradition et modernit\u00e9<\/strong><\/h2>\n\n\n\n<div class=\"wp-block-media-text alignwide is-stacked-on-mobile\" style=\"grid-template-columns:30% auto\"><figure class=\"wp-block-media-text__media\"><img decoding=\"async\" src=\"https:\/\/www.interflora.fr\/blog\/wp-content\/uploads\/couronne-pour-deco-noel.jpg\" alt=\"\" class=\"wp-image-45788 size-full\"\/><\/figure><div class=\"wp-block-media-text__content\">\n<p>Aujourd&rsquo;hui, la <strong>couronne de l\u2019Avent<\/strong>, qu\u2019elle soit traditionnelle ou moderne, continue de symboliser l\u2019attente joyeuse de No\u00ebl ainsi que l&rsquo;hospitalit\u00e9 et devient un \u00e9l\u00e9ment incontournable de d\u00e9coration pour les f\u00eates de fin d&rsquo;ann\u00e9e.<\/p>\n\n\n\n<p>Chez Interflora, nous avons \u00e0 c\u0153ur de vous offrir des cr\u00e9ations florales qui subliment vos moments pr\u00e9cieux, notamment une <a href=\"https:\/\/www.interflora.fr\/p\/couronne-de-noel\/0\/FR\">magnifique couronne de No\u00ebl<\/a> qui ajoutera de la magie \u00e0 vos f\u00eates. Laissez-vous inspirer par notre s\u00e9lection festive, id\u00e9ale pour d\u00e9corer ou offrir un cadeau symbolique \u00e0 vos proches. Et profitez de notre service de livraison disponible \u00e9galement les 24 et 25 d\u00e9cembre.<\/p>\n<\/div><\/div>\n\n\n\n<div class=\"wp-block-buttons is-content-justification-center is-layout-flex wp-container-core-buttons-is-layout-a89b3969 wp-block-buttons-is-layout-flex\">\n<div class=\"wp-block-button\"><a class=\"wp-block-button__link wp-element-button\" href=\"https:\/\/www.interflora.fr\/p\/couronne-de-noel\/0\/FR\"><strong>Commandez votre couronne de l&rsquo;avent<\/strong><\/a><\/div>\n<\/div>\n","protected":false},"excerpt":{"rendered":"<p>Chaque ann\u00e9e, le quatri\u00e8me dimanche avant No\u00ebl marque le d\u00e9but de la p\u00e9riode de l&rsquo;Avent qui pr\u00e9c\u00e8de la Nativit\u00e9. La [&hellip;]<\/p>\n","protected":false},"author":1,"featured_media":56040,"comment_status":"open","ping_status":"open","sticky":false,"template":"","format":"standard","meta":{"_uag_custom_page_level_css":"","site-sidebar-layout":"default","site-content-layout":"","ast-site-content-layout":"default","site-content-style":"default","site-sidebar-style":"default","ast-global-header-display":"","ast-banner-title-visibility":"","ast-main-header-display":"","ast-hfb-above-header-display":"","ast-hfb-below-header-display":"","ast-hfb-mobile-header-display":"","site-post-title":"","ast-breadcrumbs-content":"","ast-featured-img":"","footer-sml-layout":"","ast-disable-related-posts":"","theme-transparent-header-meta":"","adv-header-id-meta":"","stick-header-meta":"","header-above-stick-meta":"","header-main-stick-meta":"","header-below-stick-meta":"","astra-migrate-meta-layouts":"set","ast-page-background-enabled":"default","ast-page-background-meta":{"desktop":{"background-color":"var(--ast-global-color-4)","background-image":"","background-repeat":"repeat","background-position":"center center","background-size":"auto","background-attachment":"scroll","background-type":"","background-media":"","overlay-type":"","overlay-color":"","overlay-gradient":""},"tablet":{"background-color":"","background-image":"","background-repeat":"repeat","background-position":"center center","background-size":"auto","background-attachment":"scroll","background-type":"","background-media":"","overlay-type":"","overlay-color":"","overlay-gradient":""},"mobile":{"background-color":"","background-image":"","background-repeat":"repeat","background-position":"center center","background-size":"auto","background-attachment":"scroll","background-type":"","background-media":"","overlay-type":"","overlay-color":"","overlay-gradient":""}},"ast-content-background-meta":{"desktop":{"background-color":"var(--ast-global-color-5)","background-image":"","background-repeat":"repeat","background-position":"center center","background-size":"auto","background-attachment":"scroll","background-type":"","background-media":"","overlay-type":"","overlay-color":"","overlay-gradient":""},"tablet":{"background-color":"var(--ast-global-color-5)","background-image":"","background-repeat":"repeat","background-position":"center center","background-size":"auto","background-attachment":"scroll","background-type":"","background-media":"","overlay-type":"","overlay-color":"","overlay-gradient":""},"mobile":{"background-color":"var(--ast-global-color-5)","background-image":"","background-repeat":"repeat","background-position":"center center","background-size":"auto","background-attachment":"scroll","background-type":"","background-media":"","overlay-type":"","overlay-color":"","overlay-gradient":""}},"footnotes":""},"categories":[176,203],"tags":[452,204],"class_list":["post-46142","post","type-post","status-publish","format-standard","has-post-thumbnail","hentry","category-evenements","category-noel","tag-couronnes","tag-noel"],"uagb_featured_image_src":{"full":["https:\/\/www.interflora.fr\/blog\/wp-content\/uploads\/2024\/12\/couronne-de-l-avent.jpeg",320,213,false],"thumbnail":["https:\/\/www.interflora.fr\/blog\/wp-content\/uploads\/2024\/12\/couronne-de-l-avent-150x150.jpeg",150,150,true],"medium":["https:\/\/www.interflora.fr\/blog\/wp-content\/uploads\/2024\/12\/couronne-de-l-avent-300x200.jpeg",300,200,true],"medium_large":["https:\/\/www.interflora.fr\/blog\/wp-content\/uploads\/2024\/12\/couronne-de-l-avent.jpeg",320,213,false],"large":["https:\/\/www.interflora.fr\/blog\/wp-content\/uploads\/2024\/12\/couronne-de-l-avent.jpeg",320,213,false],"1536x1536":["https:\/\/www.interflora.fr\/blog\/wp-content\/uploads\/2024\/12\/couronne-de-l-avent.jpeg",320,213,false],"2048x2048":["https:\/\/www.interflora.fr\/blog\/wp-content\/uploads\/2024\/12\/couronne-de-l-avent.jpeg",320,213,false]},"uagb_author_info":{"display_name":"admin","author_link":"https:\/\/www.interflora.fr\/blog\/author\/admin\/"},"uagb_comment_info":0,"uagb_excerpt":"Chaque ann\u00e9e, le quatri\u00e8me dimanche avant No\u00ebl marque le d\u00e9but de la p\u00e9riode de l&rsquo;Avent qui pr\u00e9c\u00e8de la Nativit\u00e9. La [&hellip;]","yoast_meta":{"title":"La couronne de l'avent : histoire et traditions de No\u00ebl | Interflora","description":"D\u00e9couvrez l'origine de la couronne de l'avent et ses traditions li\u00e9es aux festivit\u00e9s de No\u00ebl"},"_links":{"self":[{"href":"https:\/\/www.interflora.fr\/blog\/wp-json\/wp\/v2\/posts\/46142","targetHints":{"allow":["GET"]}}],"collection":[{"href":"https:\/\/www.interflora.fr\/blog\/wp-json\/wp\/v2\/posts"}],"about":[{"href":"https:\/\/www.interflora.fr\/blog\/wp-json\/wp\/v2\/types\/post"}],"author":[{"embeddable":true,"href":"https:\/\/www.interflora.fr\/blog\/wp-json\/wp\/v2\/users\/1"}],"replies":[{"embeddable":true,"href":"https:\/\/www.interflora.fr\/blog\/wp-json\/wp\/v2\/comments?post=46142"}],"version-history":[{"count":5,"href":"https:\/\/www.interflora.fr\/blog\/wp-json\/wp\/v2\/posts\/46142\/revisions"}],"predecessor-version":[{"id":58581,"href":"https:\/\/www.interflora.fr\/blog\/wp-json\/wp\/v2\/posts\/46142\/revisions\/58581"}],"wp:featuredmedia":[{"embeddable":true,"href":"https:\/\/www.interflora.fr\/blog\/wp-json\/wp\/v2\/media\/56040"}],"wp:attachment":[{"href":"https:\/\/www.interflora.fr\/blog\/wp-json\/wp\/v2\/media?parent=46142"}],"wp:term":[{"taxonomy":"category","embeddable":true,"href":"https:\/\/www.interflora.fr\/blog\/wp-json\/wp\/v2\/categories?post=46142"},{"taxonomy":"post_tag","embeddable":true,"href":"https:\/\/www.interflora.fr\/blog\/wp-json\/wp\/v2\/tags?post=46142"}],"curies":[{"name":"wp","href":"https:\/\/api.w.org\/{rel}","templated":true}]}}