{"id":45866,"date":"2025-11-21T17:11:53","date_gmt":"2025-11-21T16:11:53","guid":{"rendered":"https:\/\/www.interflora.fr\/blog\/?p=45866"},"modified":"2025-11-21T17:11:55","modified_gmt":"2025-11-21T16:11:55","slug":"idees-cadeaux-gourmands","status":"publish","type":"post","link":"https:\/\/www.interflora.fr\/blog\/idees-cadeaux-gourmands\/","title":{"rendered":"Nos id\u00e9es de cadeaux gourmands pour No\u00ebl"},"content":{"rendered":"\n<p>\u00c0 <strong>No\u00ebl<\/strong>, il existe un cadeau qui ravit toujours son destinataire&nbsp;: le <strong>cadeau gourmand<\/strong>&nbsp;! Du panier garni \u00e0 l\u2019exp\u00e9rience culinaire, les id\u00e9es ne manquent pas pour faire plaisir. Pour les amateurs de douceurs sucr\u00e9es ou les passionn\u00e9s de gastronomie, nous avons regroup\u00e9 ici nos <strong>meilleures id\u00e9es de cadeaux gourmands<\/strong>. Laissez-vous inspirer par notre s\u00e9lection de <strong>cadeaux savoureux<\/strong> qui promettent de d\u00e9licieuses f\u00eates de fin d\u2019ann\u00e9e. Avec notre s\u00e9lection, plus besoin de vous creuser la t\u00eate pour trouver une <strong>id\u00e9e de cadeau gourmand<\/strong>.<\/p>\n\n\n<div class=\"lp-produits-grid\"><div class=\"lp-produit\"><div class=\"lp-thumbnail-wrapper\"><img loading=\"lazy\" decoding=\"async\" width=\"300\" height=\"300\" src=\"https:\/\/www.interflora.fr\/blog\/wp-content\/uploads\/2025\/09\/5PDFFDP-800Wx800H-0-1-14-300x300.jpg\" class=\"attachment-medium size-medium wp-post-image\" alt=\"\" srcset=\"https:\/\/www.interflora.fr\/blog\/wp-content\/uploads\/2025\/09\/5PDFFDP-800Wx800H-0-1-14-300x300.jpg 300w, https:\/\/www.interflora.fr\/blog\/wp-content\/uploads\/2025\/09\/5PDFFDP-800Wx800H-0-1-14-150x150.jpg 150w, https:\/\/www.interflora.fr\/blog\/wp-content\/uploads\/2025\/09\/5PDFFDP-800Wx800H-0-1-14-768x768.jpg 768w, https:\/\/www.interflora.fr\/blog\/wp-content\/uploads\/2025\/09\/5PDFFDP-800Wx800H-0-1-14.jpg 800w\" sizes=\"auto, (max-width: 300px) 100vw, 300px\" \/><img decoding=\"async\" class=\"lp-badge\" src=\"https:\/\/www.interflora.fr\/blog\/wp-content\/uploads\/2025\/06\/logo-circle.png\" alt=\"Livraison rapide Interflora\"><\/div><span>La plante verte du fleuriste<\/span><p>26.95 \u20ac<\/p><span class=\"obf-link lp-cta\" role=\"link\" tabindex=\"0\" data-b64=\"aHR0cHM6Ly93d3cuaW50ZXJmbG9yYS5mci9wL2ZldGUtZGVzLXBlcmVzLXBsYW50ZS1mbGV1cmlzdGUvMS9GUj91dG1fbWVkaXVtPW9yZ2FuaWMmdXRtX3NvdXJjZT1ibG9nX3Byb2R1Y3RzJnV0bV9jYW1wYWlnbj01UERGRkRQ\" data-target=\"_blank\"><svg xmlns=\"http:\/\/www.w3.org\/2000\/svg\" width=\"16\" height=\"16\" fill=\"currentColor\" class=\"bi bi-bag\" viewBox=\"0 0 16 16\"><path d=\"M8 1a2 2 0 0 1 2 2v1h2.5A1.5 1.5 0 0 1 14 5.5v8A1.5 1.5 0 0 1 12.5 15h-9A1.5 1.5 0 0 1 2 13.5v-8A1.5 1.5 0 0 1 3.5 3H6V2a2 2 0 0 1 2-1zm1 3V3a1 1 0 0 0-2 0v1h2z\"\/><\/svg>Voir le produit<\/span><p class=\"rapido\">Fleurs fra\u00eeches<\/p><\/div><div class=\"lp-produit\"><div class=\"lp-thumbnail-wrapper\"><img loading=\"lazy\" decoding=\"async\" width=\"300\" height=\"300\" src=\"https:\/\/www.interflora.fr\/blog\/wp-content\/uploads\/2025\/09\/2BFS-800Wx800H-0-1-25-300x300.jpg\" class=\"attachment-medium size-medium wp-post-image\" alt=\"\" srcset=\"https:\/\/www.interflora.fr\/blog\/wp-content\/uploads\/2025\/09\/2BFS-800Wx800H-0-1-25-300x300.jpg 300w, https:\/\/www.interflora.fr\/blog\/wp-content\/uploads\/2025\/09\/2BFS-800Wx800H-0-1-25-150x150.jpg 150w, https:\/\/www.interflora.fr\/blog\/wp-content\/uploads\/2025\/09\/2BFS-800Wx800H-0-1-25-768x768.jpg 768w, https:\/\/www.interflora.fr\/blog\/wp-content\/uploads\/2025\/09\/2BFS-800Wx800H-0-1-25.jpg 800w\" sizes=\"auto, (max-width: 300px) 100vw, 300px\" \/><img decoding=\"async\" class=\"lp-badge\" src=\"https:\/\/www.interflora.fr\/blog\/wp-content\/uploads\/2025\/06\/logo-circle.png\" alt=\"Livraison rapide Interflora\"><\/div><span>Le bouquet cr\u00e9atif du fleuriste de saison<\/span><p>36.95 \u20ac<\/p><span class=\"obf-link lp-cta\" role=\"link\" tabindex=\"0\" data-b64=\"aHR0cHM6Ly93d3cuaW50ZXJmbG9yYS5mci9wL2JvdXF1ZXQtZmxldXJpc3RlLWRlLXNhaXNvbi8xL0ZSP3V0bV9tZWRpdW09b3JnYW5pYyZ1dG1fc291cmNlPWJsb2dfcHJvZHVjdHMmdXRtX2NhbXBhaWduPTJCRlM=\" data-target=\"_blank\"><svg xmlns=\"http:\/\/www.w3.org\/2000\/svg\" width=\"16\" height=\"16\" fill=\"currentColor\" class=\"bi bi-bag\" viewBox=\"0 0 16 16\"><path d=\"M8 1a2 2 0 0 1 2 2v1h2.5A1.5 1.5 0 0 1 14 5.5v8A1.5 1.5 0 0 1 12.5 15h-9A1.5 1.5 0 0 1 2 13.5v-8A1.5 1.5 0 0 1 3.5 3H6V2a2 2 0 0 1 2-1zm1 3V3a1 1 0 0 0-2 0v1h2z\"\/><\/svg>Voir le produit<\/span><p class=\"rapido\">Livraison rapide<\/p><\/div><div class=\"lp-produit\"><div class=\"lp-thumbnail-wrapper\"><img loading=\"lazy\" decoding=\"async\" width=\"300\" height=\"300\" src=\"https:\/\/www.interflora.fr\/blog\/wp-content\/uploads\/2025\/05\/5PFDF-800Wx800H-0-1-13-300x300.jpg\" class=\"attachment-medium size-medium wp-post-image\" alt=\"\" srcset=\"https:\/\/www.interflora.fr\/blog\/wp-content\/uploads\/2025\/05\/5PFDF-800Wx800H-0-1-13-300x300.jpg 300w, https:\/\/www.interflora.fr\/blog\/wp-content\/uploads\/2025\/05\/5PFDF-800Wx800H-0-1-13-150x150.jpg 150w, https:\/\/www.interflora.fr\/blog\/wp-content\/uploads\/2025\/05\/5PFDF-800Wx800H-0-1-13-768x768.jpg 768w, https:\/\/www.interflora.fr\/blog\/wp-content\/uploads\/2025\/05\/5PFDF-800Wx800H-0-1-13.jpg 800w\" sizes=\"auto, (max-width: 300px) 100vw, 300px\" \/><img decoding=\"async\" class=\"lp-badge\" src=\"https:\/\/www.interflora.fr\/blog\/wp-content\/uploads\/2025\/06\/logo-circle.png\" alt=\"Livraison rapide Interflora\"><\/div><span>La plante fleurie du fleuriste<\/span><p>26.95 \u20ac<\/p><span class=\"obf-link lp-cta\" role=\"link\" tabindex=\"0\" data-b64=\"aHR0cHM6Ly93d3cuaW50ZXJmbG9yYS5mci9wL2ZldGUtZ3JhbmQtbWVyZS1wbGFudGUtZmxldXJpc3RlLzEvRlI\/dXRtX21lZGl1bT1vcmdhbmljJnV0bV9zb3VyY2U9YmxvZ19wcm9kdWN0cyZ1dG1fY2FtcGFpZ249NVBGREY=\" data-target=\"_blank\"><svg xmlns=\"http:\/\/www.w3.org\/2000\/svg\" width=\"16\" height=\"16\" fill=\"currentColor\" class=\"bi bi-bag\" viewBox=\"0 0 16 16\"><path d=\"M8 1a2 2 0 0 1 2 2v1h2.5A1.5 1.5 0 0 1 14 5.5v8A1.5 1.5 0 0 1 12.5 15h-9A1.5 1.5 0 0 1 2 13.5v-8A1.5 1.5 0 0 1 3.5 3H6V2a2 2 0 0 1 2-1zm1 3V3a1 1 0 0 0-2 0v1h2z\"\/><\/svg>Voir le produit<\/span><p class=\"rapido\">Livraison rapide<\/p><\/div><div class=\"lp-produit\"><div class=\"lp-thumbnail-wrapper\"><img loading=\"lazy\" decoding=\"async\" width=\"300\" height=\"300\" src=\"https:\/\/www.interflora.fr\/blog\/wp-content\/uploads\/2025\/05\/2BFM-800Wx800H-0-1-25-300x300.jpg\" class=\"attachment-medium size-medium wp-post-image\" alt=\"\" srcset=\"https:\/\/www.interflora.fr\/blog\/wp-content\/uploads\/2025\/05\/2BFM-800Wx800H-0-1-25-300x300.jpg 300w, https:\/\/www.interflora.fr\/blog\/wp-content\/uploads\/2025\/05\/2BFM-800Wx800H-0-1-25-150x150.jpg 150w, https:\/\/www.interflora.fr\/blog\/wp-content\/uploads\/2025\/05\/2BFM-800Wx800H-0-1-25-768x768.jpg 768w, https:\/\/www.interflora.fr\/blog\/wp-content\/uploads\/2025\/05\/2BFM-800Wx800H-0-1-25.jpg 800w\" sizes=\"auto, (max-width: 300px) 100vw, 300px\" \/><img decoding=\"async\" class=\"lp-badge\" src=\"https:\/\/www.interflora.fr\/blog\/wp-content\/uploads\/2025\/06\/logo-circle.png\" alt=\"Livraison rapide Interflora\"><\/div><span>Le bouquet cr\u00e9atif du fleuriste multicolore<\/span><p>29.95 \u20ac<\/p><span class=\"obf-link lp-cta\" role=\"link\" tabindex=\"0\" data-b64=\"aHR0cHM6Ly93d3cuaW50ZXJmbG9yYS5mci9wL2JvdXF1ZXQtZmxldXJpc3RlLW11bHRpY29sb3JlLzEvRlI\/dXRtX21lZGl1bT1vcmdhbmljJnV0bV9zb3VyY2U9YmxvZ19wcm9kdWN0cyZ1dG1fY2FtcGFpZ249MkJGTQ==\" data-target=\"_blank\"><svg xmlns=\"http:\/\/www.w3.org\/2000\/svg\" width=\"16\" height=\"16\" fill=\"currentColor\" class=\"bi bi-bag\" viewBox=\"0 0 16 16\"><path d=\"M8 1a2 2 0 0 1 2 2v1h2.5A1.5 1.5 0 0 1 14 5.5v8A1.5 1.5 0 0 1 12.5 15h-9A1.5 1.5 0 0 1 2 13.5v-8A1.5 1.5 0 0 1 3.5 3H6V2a2 2 0 0 1 2-1zm1 3V3a1 1 0 0 0-2 0v1h2z\"\/><\/svg>Voir le produit<\/span><p class=\"rapido\">Fleurs fra\u00eeches<\/p><\/div><\/div>\n\n\n\n<div style=\"height:10px\" aria-hidden=\"true\" class=\"wp-block-spacer\"><\/div>\n\n\n\n<h2 class=\"wp-block-heading alignwide\">L\u2019incontournable panier garni gourmand<\/h2>\n\n\n\n<p>Les paniers garnis ont cette magie particuli\u00e8re d\u2019offrir plusieurs cadeaux en un seul. Ils permettent de composer un assortiment de gourmandises pour combler les papilles, tout en restant un classique dont on ne se lasse jamais.<\/p>\n\n\n\n<h3 class=\"wp-block-heading\">Paniers garnis traditionnels<\/h3>\n\n\n\n<p>Pour satisfaire ceux qui appr\u00e9cient la gastronomie traditionnelle, quoi de mieux que d\u2019offrir un <strong>panier garni festif aux saveurs de No\u00ebl<\/strong>&nbsp;? Foie gras, confitures, champagne, biscuits croustillants ou encore chocolats fondants, tous ces produits composent avec \u00e9l\u00e9gance et caract\u00e8re une d\u00e9licieuse id\u00e9e de cadeau gourmand\u200b.<\/p>\n\n\n\n<figure class=\"wp-block-gallery has-nested-images columns-default is-cropped wp-block-gallery-1 is-layout-flex wp-block-gallery-is-layout-flex\">\n<figure class=\"wp-block-image size-full\"><img loading=\"lazy\" decoding=\"async\" width=\"500\" height=\"500\" data-id=\"56361\" src=\"https:\/\/www.interflora.fr\/blog\/wp-content\/uploads\/2023\/10\/coffret-gourmand-de-noel.jpg\" alt=\"\" class=\"wp-image-56361\" srcset=\"https:\/\/www.interflora.fr\/blog\/wp-content\/uploads\/2023\/10\/coffret-gourmand-de-noel.jpg 500w, https:\/\/www.interflora.fr\/blog\/wp-content\/uploads\/2023\/10\/coffret-gourmand-de-noel-300x300.jpg 300w, https:\/\/www.interflora.fr\/blog\/wp-content\/uploads\/2023\/10\/coffret-gourmand-de-noel-150x150.jpg 150w\" sizes=\"auto, (max-width: 500px) 100vw, 500px\" \/><\/figure>\n\n\n\n<figure class=\"wp-block-image size-full\"><img loading=\"lazy\" decoding=\"async\" width=\"500\" height=\"500\" data-id=\"56360\" src=\"https:\/\/www.interflora.fr\/blog\/wp-content\/uploads\/2023\/10\/coffret-amateur-de-vin.jpg\" alt=\"Coffret amateur de vin\" class=\"wp-image-56360\" srcset=\"https:\/\/www.interflora.fr\/blog\/wp-content\/uploads\/2023\/10\/coffret-amateur-de-vin.jpg 500w, https:\/\/www.interflora.fr\/blog\/wp-content\/uploads\/2023\/10\/coffret-amateur-de-vin-300x300.jpg 300w, https:\/\/www.interflora.fr\/blog\/wp-content\/uploads\/2023\/10\/coffret-amateur-de-vin-150x150.jpg 150w\" sizes=\"auto, (max-width: 500px) 100vw, 500px\" \/><\/figure>\n<\/figure>\n\n\n\n<div class=\"wp-block-buttons is-content-justification-center is-layout-flex wp-container-core-buttons-is-layout-a89b3969 wp-block-buttons-is-layout-flex\">\n<div class=\"wp-block-button\"><a class=\"wp-block-button__link wp-element-button\" href=\"https:\/\/www.interflora.fr\/c\/coffrets-cadeaux-gourmands\"><strong>D\u00e9couvrez nos coffrets gourmands de No\u00ebl<\/strong><\/a><\/div>\n<\/div>\n\n\n\n<h3 class=\"wp-block-heading\">Paniers garnis originaux<\/h3>\n\n\n\n<p>Pour ceux qui aiment surprendre, <strong>le panier garni peut aussi se r\u00e9inventer avec une touche d\u2019originalit\u00e9<\/strong>. Imaginez un panier qui explore des saveurs exotiques&nbsp;: confitures de fruits tropicaux, caf\u00e9s rares, th\u00e9s parfum\u00e9s ou encore un assortiment d\u2019\u00e9pices ramenant le soleil au c\u0153ur de l\u2019hiver&nbsp;! Les aventuriers du go\u00fbt adoreront d\u00e9couvrir un univers gastronomique inattendu, qui sort des sentiers battus. Une id\u00e9e cadeau de panier gourmand qui fera voyager vos proches sans m\u00eame quitter la maison&nbsp;!<\/p>\n\n\n\n<figure class=\"wp-block-gallery has-nested-images columns-default is-cropped wp-block-gallery-2 is-layout-flex wp-block-gallery-is-layout-flex\">\n<figure class=\"wp-block-image size-large\"><a href=\"https:\/\/www.interflora.fr\/p\/coffret-a-l-heure-du-the\/0\/FR\"><img loading=\"lazy\" decoding=\"async\" width=\"500\" height=\"500\" data-id=\"52683\" src=\"https:\/\/www.interflora.fr\/blog\/wp-content\/uploads\/2025\/10\/coffret-autour-du-the.jpg\" alt=\"Coffret cadeau th\u00e9\" class=\"wp-image-52683\" srcset=\"https:\/\/www.interflora.fr\/blog\/wp-content\/uploads\/2025\/10\/coffret-autour-du-the.jpg 500w, https:\/\/www.interflora.fr\/blog\/wp-content\/uploads\/2025\/10\/coffret-autour-du-the-300x300.jpg 300w, https:\/\/www.interflora.fr\/blog\/wp-content\/uploads\/2025\/10\/coffret-autour-du-the-150x150.jpg 150w\" sizes=\"auto, (max-width: 500px) 100vw, 500px\" \/><\/a><figcaption class=\"wp-element-caption\">D\u00e9couvrez notre coffret autour du th\u00e9 pour No\u00ebl<\/figcaption><\/figure>\n\n\n\n<figure class=\"wp-block-image size-large\"><a href=\"https:\/\/www.interflora.fr\/p\/coffret-fauchon-premium-de-noel\/0\/FR\"><img loading=\"lazy\" decoding=\"async\" width=\"500\" height=\"500\" data-id=\"56367\" src=\"https:\/\/www.interflora.fr\/blog\/wp-content\/uploads\/2024\/11\/coffret-premium-noel-fauchon.jpg\" alt=\"\" class=\"wp-image-56367\" srcset=\"https:\/\/www.interflora.fr\/blog\/wp-content\/uploads\/2024\/11\/coffret-premium-noel-fauchon.jpg 500w, https:\/\/www.interflora.fr\/blog\/wp-content\/uploads\/2024\/11\/coffret-premium-noel-fauchon-300x300.jpg 300w, https:\/\/www.interflora.fr\/blog\/wp-content\/uploads\/2024\/11\/coffret-premium-noel-fauchon-150x150.jpg 150w\" sizes=\"auto, (max-width: 500px) 100vw, 500px\" \/><\/a><figcaption class=\"wp-element-caption\">Craquez pour notre coffret Fauchon Premium de No\u00ebl<\/figcaption><\/figure>\n<\/figure>\n\n\n\n<div style=\"height:10px\" aria-hidden=\"true\" class=\"wp-block-spacer\"><\/div>\n\n\n\n<p><\/p>\n\n\n\n<h2 class=\"wp-block-heading alignwide\">Les chocolats de No\u00ebl&nbsp;: l\u2019id\u00e9e cadeau gourmand traditionnel<\/h2>\n\n\n\n<p>Que seraient les f\u00eates de fin d\u2019ann\u00e9e sans chocolats&nbsp;? Noir intense, lait onctueux, pralin\u00e9 croustillant ou fondant aux \u00e9clats de caramel, le chocolat a le don de faire l\u2019unanimit\u00e9. Une <strong>bo\u00eete de chocolats d\u2019un ma\u00eetre artisan chocolatier<\/strong> pour une d\u00e9gustation raffin\u00e9e et le tour est jou\u00e9&nbsp;! Accompagnez-la d\u2019un <a href=\"https:\/\/www.interflora.fr\/c\/fleurs-cadeau\">joli bouquet de fleurs<\/a> et votre destinataire sera combl\u00e9.<\/p>\n\n\n\n<h2 class=\"wp-block-heading\">Les macarons gourmands \u00e0 souhait<\/h2>\n\n\n\n<p>Pour changer des chocolats, avez-vous pens\u00e9 aux macarons&nbsp;? Ces petites <strong>douceurs color\u00e9es et croustillantes<\/strong> sont une v\u00e9ritable invitation \u00e0 la gourmandise. Avec leurs coques l\u00e9g\u00e8res et leur c\u0153ur fondant, ils se d\u00e9clinent en une <strong>multitude de saveurs<\/strong>, du classique chocolat \u00e0 la framboise acidul\u00e9e, en passant par des ar\u00f4mes plus surprenants comme la pistache ou le caramel au beurre sal\u00e9. De quoi faire des heureux \u00e0 No\u00ebl\u2026<\/p>\n\n\n\n<figure class=\"wp-block-gallery has-nested-images columns-default is-cropped wp-block-gallery-3 is-layout-flex wp-block-gallery-is-layout-flex\">\n<figure class=\"wp-block-image size-large\"><img decoding=\"async\" data-id=\"46190\" src=\"https:\/\/www.interflora.fr\/blog\/wp-content\/uploads\/bouquet-de-chocolats-de-noel.jpg\" alt=\"Bouquet de chocolats de No\u00ebl\" class=\"wp-image-46190\"\/><\/figure>\n\n\n\n<figure class=\"wp-block-image size-large\"><img decoding=\"async\" data-id=\"46191\" src=\"https:\/\/www.interflora.fr\/blog\/wp-content\/uploads\/macarons-chocolats-louis.jpg\" alt=\"Macarons Chocolats Louis\" class=\"wp-image-46191\"\/><\/figure>\n<\/figure>\n\n\n\n<div class=\"wp-block-buttons is-content-justification-center is-layout-flex wp-container-core-buttons-is-layout-a89b3969 wp-block-buttons-is-layout-flex\">\n<div class=\"wp-block-button\"><a class=\"wp-block-button__link wp-element-button\" href=\"https:\/\/www.interflora.fr\/c\/chocolat\/chocolats-noel\"><strong>D\u00e9couvrez nos chocolats et macarons de No\u00ebl<\/strong><\/a><\/div>\n<\/div>\n\n\n\n<p><\/p>\n\n\n\n<h2 class=\"wp-block-heading alignwide\">Autres id\u00e9es cadeaux autour de la nourriture<\/h2>\n\n\n\n<p>Si vous pr\u00e9f\u00e9rez offrir une exp\u00e9rience gourmande plus compl\u00e8te, voici quatre autres id\u00e9es toujours en relation avec l\u2019art de la table.<\/p>\n\n\n\n<h3 class=\"wp-block-heading\">Atelier de cuisine<\/h3>\n\n\n\n<p><strong>Offrir un cours de cuisine<\/strong> est une id\u00e9e qui fera sensation aupr\u00e8s des gourmets de votre entourage. Ils pourront apprendre les meilleures astuces de cuisiniers, r\u00e9aliser de bons plats \u00e0 reproduire \u00e0 la maison, tout en partageant un moment convivial avec les autres participants. De la r\u00e9alisation d\u2019un repas gastronomique aux p\u00e2tisseries les plus folles, il y en a pour tous les go\u00fbts&nbsp;!<\/p>\n\n\n\n<h3 class=\"wp-block-heading\">D\u00e9gustation de vin<\/h3>\n\n\n\n<p>Pour les \u00e9picuriens aimant les grands crus ou les vins locaux, une <strong>soir\u00e9e d\u00e9gustation<\/strong> ou un <strong>stage d&rsquo;\u0153nologie<\/strong> est l\u2019occasion d\u2019\u00e9duquer son palais, d\u2019en apprendre davantage sur les c\u00e9pages, tout en passant un bon moment entre passionn\u00e9s. Certains ateliers proposent m\u00eame des accords mets et vins&nbsp;: de quoi transformer ce <a href=\"https:\/\/www.interflora.fr\/c\/cadeau-noel\">cadeau de No\u00ebl<\/a> en une exp\u00e9rience unique, parfaite pour les amateurs de vins qui veulent parfaire leur culture \u0153nologique.<\/p>\n\n\n\n<figure class=\"wp-block-image aligncenter size-full\"><a href=\"https:\/\/www.interflora.fr\/p\/coffret-amateur-de-vin\/0\/FR\"><img loading=\"lazy\" decoding=\"async\" width=\"500\" height=\"500\" src=\"https:\/\/www.interflora.fr\/blog\/wp-content\/uploads\/2023\/10\/coffret-amateur-de-vin.jpg\" alt=\"Coffret amateur de vin\" class=\"wp-image-56360\" srcset=\"https:\/\/www.interflora.fr\/blog\/wp-content\/uploads\/2023\/10\/coffret-amateur-de-vin.jpg 500w, https:\/\/www.interflora.fr\/blog\/wp-content\/uploads\/2023\/10\/coffret-amateur-de-vin-300x300.jpg 300w, https:\/\/www.interflora.fr\/blog\/wp-content\/uploads\/2023\/10\/coffret-amateur-de-vin-150x150.jpg 150w\" sizes=\"auto, (max-width: 500px) 100vw, 500px\" \/><\/a><figcaption class=\"wp-element-caption\">D\u00e9couvrez notre coffret cadeau pour les amateurs de vin<\/figcaption><\/figure>\n\n\n\n<h3 class=\"wp-block-heading\">D\u00eener dans un restaurant gastronomique<\/h3>\n\n\n\n<p>Pour les amateurs de grande cuisine, un d\u00eener dans un restaurant gastronomique est une <strong>id\u00e9e de cadeau gourmand original<\/strong> qui saura \u00eatre appr\u00e9ci\u00e9. Ce cadeau permet \u00e0 vos proches de d\u00e9couvrir des mets d\u2019exception, soigneusement pr\u00e9par\u00e9s par un chef, dans un cadre raffin\u00e9. Ce type de sortie ravira aussi bien les amateurs de cuisine fine que les curieux de nouvelles saveurs.<\/p>\n\n\n\n<div class=\"wp-block-buttons is-content-justification-center is-layout-flex wp-container-core-buttons-is-layout-a89b3969 wp-block-buttons-is-layout-flex\">\n<div class=\"wp-block-button\"><a class=\"wp-block-button__link wp-element-button\" href=\"https:\/\/www.interflora.fr\/c\/cadeau-experience\"><strong>Tous nos cadeaux exp\u00e9rience<\/strong><\/a><\/div>\n<\/div>\n\n\n\n<h3 class=\"wp-block-heading\">Box gourmande mensuelle<\/h3>\n\n\n\n<p>Pour un cadeau qui se prolonge apr\u00e8s No\u00ebl pendant plusieurs mois, connaissez-vous la box gastronomique&nbsp;? Chaque mois, une <strong>s\u00e9lection de produits artisanaux et gourmands<\/strong> est livr\u00e9e directement chez l\u2019heureux \u00e9lu. C\u2019est une fa\u00e7on de faire d\u00e9couvrir de nouvelles saveurs tout au long de l\u2019ann\u00e9e et d\u2019entretenir l\u2019esprit festif m\u00eame apr\u00e8s les f\u00eates.<\/p>\n\n\n\n<p>Pour ceux qui sont \u00e9loign\u00e9s g\u00e9ographiquement, la box gourmande est id\u00e9ale pour faire un <a href=\"https:\/\/www.interflora.fr\/blog\/cadeau-a-distance\/\">cadeau \u00e0 distance<\/a>.<\/p>\n\n\n<div class=\"lp-produits-grid\"><div class=\"lp-produit\"><div class=\"lp-thumbnail-wrapper\"><img loading=\"lazy\" decoding=\"async\" width=\"300\" height=\"300\" src=\"https:\/\/www.interflora.fr\/blog\/wp-content\/uploads\/2025\/05\/2BFM-800Wx800H-0-1-25-300x300.jpg\" class=\"attachment-medium size-medium wp-post-image\" alt=\"\" srcset=\"https:\/\/www.interflora.fr\/blog\/wp-content\/uploads\/2025\/05\/2BFM-800Wx800H-0-1-25-300x300.jpg 300w, https:\/\/www.interflora.fr\/blog\/wp-content\/uploads\/2025\/05\/2BFM-800Wx800H-0-1-25-150x150.jpg 150w, https:\/\/www.interflora.fr\/blog\/wp-content\/uploads\/2025\/05\/2BFM-800Wx800H-0-1-25-768x768.jpg 768w, https:\/\/www.interflora.fr\/blog\/wp-content\/uploads\/2025\/05\/2BFM-800Wx800H-0-1-25.jpg 800w\" sizes=\"auto, (max-width: 300px) 100vw, 300px\" \/><img decoding=\"async\" class=\"lp-badge\" src=\"https:\/\/www.interflora.fr\/blog\/wp-content\/uploads\/2025\/06\/logo-circle.png\" alt=\"Livraison rapide Interflora\"><\/div><span>Le bouquet cr\u00e9atif du fleuriste multicolore<\/span><p>29.95 \u20ac<\/p><span class=\"obf-link lp-cta\" role=\"link\" tabindex=\"0\" data-b64=\"aHR0cHM6Ly93d3cuaW50ZXJmbG9yYS5mci9wL2JvdXF1ZXQtZmxldXJpc3RlLW11bHRpY29sb3JlLzEvRlI\/dXRtX21lZGl1bT1vcmdhbmljJnV0bV9zb3VyY2U9YmxvZ19wcm9kdWN0cyZ1dG1fY2FtcGFpZ249MkJGTQ==\" data-target=\"_blank\"><svg xmlns=\"http:\/\/www.w3.org\/2000\/svg\" width=\"16\" height=\"16\" fill=\"currentColor\" class=\"bi bi-bag\" viewBox=\"0 0 16 16\"><path d=\"M8 1a2 2 0 0 1 2 2v1h2.5A1.5 1.5 0 0 1 14 5.5v8A1.5 1.5 0 0 1 12.5 15h-9A1.5 1.5 0 0 1 2 13.5v-8A1.5 1.5 0 0 1 3.5 3H6V2a2 2 0 0 1 2-1zm1 3V3a1 1 0 0 0-2 0v1h2z\"\/><\/svg>Voir le produit<\/span><p class=\"rapido\">Livraison rapide<\/p><\/div><div class=\"lp-produit\"><div class=\"lp-thumbnail-wrapper\"><img loading=\"lazy\" decoding=\"async\" width=\"300\" height=\"300\" src=\"https:\/\/www.interflora.fr\/blog\/wp-content\/uploads\/2025\/05\/5PFDF-800Wx800H-0-1-13-300x300.jpg\" class=\"attachment-medium size-medium wp-post-image\" alt=\"\" srcset=\"https:\/\/www.interflora.fr\/blog\/wp-content\/uploads\/2025\/05\/5PFDF-800Wx800H-0-1-13-300x300.jpg 300w, https:\/\/www.interflora.fr\/blog\/wp-content\/uploads\/2025\/05\/5PFDF-800Wx800H-0-1-13-150x150.jpg 150w, https:\/\/www.interflora.fr\/blog\/wp-content\/uploads\/2025\/05\/5PFDF-800Wx800H-0-1-13-768x768.jpg 768w, https:\/\/www.interflora.fr\/blog\/wp-content\/uploads\/2025\/05\/5PFDF-800Wx800H-0-1-13.jpg 800w\" sizes=\"auto, (max-width: 300px) 100vw, 300px\" \/><img decoding=\"async\" class=\"lp-badge\" src=\"https:\/\/www.interflora.fr\/blog\/wp-content\/uploads\/2025\/06\/logo-circle.png\" alt=\"Livraison rapide Interflora\"><\/div><span>La plante fleurie du fleuriste<\/span><p>26.95 \u20ac<\/p><span class=\"obf-link lp-cta\" role=\"link\" tabindex=\"0\" data-b64=\"aHR0cHM6Ly93d3cuaW50ZXJmbG9yYS5mci9wL2ZldGUtZ3JhbmQtbWVyZS1wbGFudGUtZmxldXJpc3RlLzEvRlI\/dXRtX21lZGl1bT1vcmdhbmljJnV0bV9zb3VyY2U9YmxvZ19wcm9kdWN0cyZ1dG1fY2FtcGFpZ249NVBGREY=\" data-target=\"_blank\"><svg xmlns=\"http:\/\/www.w3.org\/2000\/svg\" width=\"16\" height=\"16\" fill=\"currentColor\" class=\"bi bi-bag\" viewBox=\"0 0 16 16\"><path d=\"M8 1a2 2 0 0 1 2 2v1h2.5A1.5 1.5 0 0 1 14 5.5v8A1.5 1.5 0 0 1 12.5 15h-9A1.5 1.5 0 0 1 2 13.5v-8A1.5 1.5 0 0 1 3.5 3H6V2a2 2 0 0 1 2-1zm1 3V3a1 1 0 0 0-2 0v1h2z\"\/><\/svg>Voir le produit<\/span><p class=\"rapido\">Top produit<\/p><\/div><div class=\"lp-produit\"><div class=\"lp-thumbnail-wrapper\"><img loading=\"lazy\" decoding=\"async\" width=\"300\" height=\"300\" src=\"https:\/\/www.interflora.fr\/blog\/wp-content\/uploads\/2025\/12\/2BDT-800Wx800H-0-1-300x300.jpg\" class=\"attachment-medium size-medium wp-post-image\" alt=\"\" srcset=\"https:\/\/www.interflora.fr\/blog\/wp-content\/uploads\/2025\/12\/2BDT-800Wx800H-0-1-300x300.jpg 300w, https:\/\/www.interflora.fr\/blog\/wp-content\/uploads\/2025\/12\/2BDT-800Wx800H-0-1-150x150.jpg 150w, https:\/\/www.interflora.fr\/blog\/wp-content\/uploads\/2025\/12\/2BDT-800Wx800H-0-1-768x768.jpg 768w, https:\/\/www.interflora.fr\/blog\/wp-content\/uploads\/2025\/12\/2BDT-800Wx800H-0-1.jpg 800w\" sizes=\"auto, (max-width: 300px) 100vw, 300px\" \/><img decoding=\"async\" class=\"lp-badge\" src=\"https:\/\/www.interflora.fr\/blog\/wp-content\/uploads\/2025\/06\/logo-circle.png\" alt=\"Livraison rapide Interflora\"><\/div><span>Brass\u00e9e de tulipes multicolores<\/span><p>31.95 \u20ac<\/p><span class=\"obf-link lp-cta\" role=\"link\" tabindex=\"0\" data-b64=\"aHR0cHM6Ly93d3cuaW50ZXJmbG9yYS5mci9wL2JvdXF1ZXQtdHVsaXBlcy8xL0ZSP3V0bV9tZWRpdW09b3JnYW5pYyZ1dG1fc291cmNlPWJsb2dfcHJvZHVjdHMmdXRtX2NhbXBhaWduPTJCRFQ=\" data-target=\"_blank\"><svg xmlns=\"http:\/\/www.w3.org\/2000\/svg\" width=\"16\" height=\"16\" fill=\"currentColor\" class=\"bi bi-bag\" viewBox=\"0 0 16 16\"><path d=\"M8 1a2 2 0 0 1 2 2v1h2.5A1.5 1.5 0 0 1 14 5.5v8A1.5 1.5 0 0 1 12.5 15h-9A1.5 1.5 0 0 1 2 13.5v-8A1.5 1.5 0 0 1 3.5 3H6V2a2 2 0 0 1 2-1zm1 3V3a1 1 0 0 0-2 0v1h2z\"\/><\/svg>Voir le produit<\/span><p class=\"rapido\">Livraison rapide<\/p><\/div><div class=\"lp-produit\"><div class=\"lp-thumbnail-wrapper\"><img loading=\"lazy\" decoding=\"async\" width=\"300\" height=\"300\" src=\"https:\/\/www.interflora.fr\/blog\/wp-content\/uploads\/2025\/09\/2BFS-800Wx800H-0-1-25-300x300.jpg\" class=\"attachment-medium size-medium wp-post-image\" alt=\"\" srcset=\"https:\/\/www.interflora.fr\/blog\/wp-content\/uploads\/2025\/09\/2BFS-800Wx800H-0-1-25-300x300.jpg 300w, https:\/\/www.interflora.fr\/blog\/wp-content\/uploads\/2025\/09\/2BFS-800Wx800H-0-1-25-150x150.jpg 150w, https:\/\/www.interflora.fr\/blog\/wp-content\/uploads\/2025\/09\/2BFS-800Wx800H-0-1-25-768x768.jpg 768w, https:\/\/www.interflora.fr\/blog\/wp-content\/uploads\/2025\/09\/2BFS-800Wx800H-0-1-25.jpg 800w\" sizes=\"auto, (max-width: 300px) 100vw, 300px\" \/><img decoding=\"async\" class=\"lp-badge\" src=\"https:\/\/www.interflora.fr\/blog\/wp-content\/uploads\/2025\/06\/logo-circle.png\" alt=\"Livraison rapide Interflora\"><\/div><span>Le bouquet cr\u00e9atif du fleuriste de saison<\/span><p>36.95 \u20ac<\/p><span class=\"obf-link lp-cta\" role=\"link\" tabindex=\"0\" data-b64=\"aHR0cHM6Ly93d3cuaW50ZXJmbG9yYS5mci9wL2JvdXF1ZXQtZmxldXJpc3RlLWRlLXNhaXNvbi8xL0ZSP3V0bV9tZWRpdW09b3JnYW5pYyZ1dG1fc291cmNlPWJsb2dfcHJvZHVjdHMmdXRtX2NhbXBhaWduPTJCRlM=\" data-target=\"_blank\"><svg xmlns=\"http:\/\/www.w3.org\/2000\/svg\" width=\"16\" height=\"16\" fill=\"currentColor\" class=\"bi bi-bag\" viewBox=\"0 0 16 16\"><path d=\"M8 1a2 2 0 0 1 2 2v1h2.5A1.5 1.5 0 0 1 14 5.5v8A1.5 1.5 0 0 1 12.5 15h-9A1.5 1.5 0 0 1 2 13.5v-8A1.5 1.5 0 0 1 3.5 3H6V2a2 2 0 0 1 2-1zm1 3V3a1 1 0 0 0-2 0v1h2z\"\/><\/svg>Voir le produit<\/span><p class=\"rapido\">Livraison rapide<\/p><\/div><\/div>\n\n\n\n<div style=\"height:10px\" aria-hidden=\"true\" class=\"wp-block-spacer\"><\/div>\n\n\n\n<h2 class=\"wp-block-heading alignwide\">Comment faire un coffret cadeau gourmand pour No\u00ebl&nbsp;?<\/h2>\n\n\n\n<p>Envie de <strong>personnaliser votre panier garni de No\u00ebl<\/strong>&nbsp;? Cr\u00e9er soi-m\u00eame un coffret gourmand est une id\u00e9e parfaite pour offrir un cadeau inoubliable. Voici quelques astuces pour composer un coffret sur mesure et adapter le contenu aux go\u00fbts de la personne \u00e0 qui il est destin\u00e9.<\/p>\n\n\n\n<h3 class=\"wp-block-heading\">Choix du th\u00e8me du coffret gourmand de No\u00ebl\u200b<\/h3>\n\n\n\n<p>\u00c0 ce stade-l\u00e0, vous vous demandez peut-\u00eatre <strong>quoi mettre dans un panier garni pour No\u00ebl&nbsp;?<\/strong> Pour commencer, choisir un th\u00e8me pour le coffret fait toute la diff\u00e9rence. Pour s\u00e9lectionner les produits qui le composeront, <strong>int\u00e9ressez-vous aux go\u00fbts de la personne<\/strong> qui aura la chance de recevoir ce joli coffret cadeau de No\u00ebl gourmand\u200b \u00e0 souhait.<\/p>\n\n\n\n<ul class=\"wp-block-list\">\n<li>Adepte du tea time\u00a0? Un coffret sur le th\u00e8me du th\u00e9 sera une parfaite id\u00e9e de panier garni de No\u00ebl.<\/li>\n<\/ul>\n\n\n\n<ul class=\"wp-block-list\">\n<li>Bec sucr\u00e9\u00a0? Misez sur un assortiment de douceurs faites maison dans un coffret aux couleurs pastel comme le rose ou le bleu.<\/li>\n<\/ul>\n\n\n\n<ul class=\"wp-block-list\">\n<li>Bec sal\u00e9\u00a0? Optez pour une s\u00e9lection de produits locaux (huile d\u2019olive, p\u00e2t\u00e9 de campagne, vin r\u00e9gional..), le tout pr\u00e9sent\u00e9 dans un joli panier.<\/li>\n<\/ul>\n\n\n<div class=\"lp-produits-grid\"><div class=\"lp-produit\"><div class=\"lp-thumbnail-wrapper\"><img loading=\"lazy\" decoding=\"async\" width=\"300\" height=\"300\" src=\"https:\/\/www.interflora.fr\/blog\/wp-content\/uploads\/2025\/10\/BEP09LL-800Wx800H-0-1-3-300x300.jpg\" class=\"attachment-medium size-medium wp-post-image\" alt=\"\" srcset=\"https:\/\/www.interflora.fr\/blog\/wp-content\/uploads\/2025\/10\/BEP09LL-800Wx800H-0-1-3-300x300.jpg 300w, https:\/\/www.interflora.fr\/blog\/wp-content\/uploads\/2025\/10\/BEP09LL-800Wx800H-0-1-3-150x150.jpg 150w, https:\/\/www.interflora.fr\/blog\/wp-content\/uploads\/2025\/10\/BEP09LL-800Wx800H-0-1-3-768x768.jpg 768w, https:\/\/www.interflora.fr\/blog\/wp-content\/uploads\/2025\/10\/BEP09LL-800Wx800H-0-1-3.jpg 800w\" sizes=\"auto, (max-width: 300px) 100vw, 300px\" \/><img decoding=\"async\" class=\"lp-badge\" src=\"https:\/\/www.interflora.fr\/blog\/wp-content\/uploads\/2025\/06\/logo-circle.png\" alt=\"Livraison rapide Interflora\"><\/div><span>Coffret LEGO\u00ae Lotus<\/span><p>34.95 \u20ac<\/p><span class=\"obf-link lp-cta\" role=\"link\" tabindex=\"0\" data-b64=\"aHR0cHM6Ly93d3cuaW50ZXJmbG9yYS5mci9wL2NvZmZyZXQtbGVnby1sb3R1cy8xL0ZSP3V0bV9tZWRpdW09b3JnYW5pYyZ1dG1fc291cmNlPWJsb2dfcHJvZHVjdHMmdXRtX2NhbXBhaWduPUJFUDA5TEw=\" data-target=\"_blank\"><svg xmlns=\"http:\/\/www.w3.org\/2000\/svg\" width=\"16\" height=\"16\" fill=\"currentColor\" class=\"bi bi-bag\" viewBox=\"0 0 16 16\"><path d=\"M8 1a2 2 0 0 1 2 2v1h2.5A1.5 1.5 0 0 1 14 5.5v8A1.5 1.5 0 0 1 12.5 15h-9A1.5 1.5 0 0 1 2 13.5v-8A1.5 1.5 0 0 1 3.5 3H6V2a2 2 0 0 1 2-1zm1 3V3a1 1 0 0 0-2 0v1h2z\"\/><\/svg>Voir le produit<\/span><p class=\"rapido\">Livraison rapide<\/p><\/div><div class=\"lp-produit\"><div class=\"lp-thumbnail-wrapper\"><img loading=\"lazy\" decoding=\"async\" width=\"300\" height=\"300\" src=\"https:\/\/www.interflora.fr\/blog\/wp-content\/uploads\/2025\/05\/B6DIV02-800Wx800H-0-1-4-300x300.jpg\" class=\"attachment-medium size-medium wp-post-image\" alt=\"\" srcset=\"https:\/\/www.interflora.fr\/blog\/wp-content\/uploads\/2025\/05\/B6DIV02-800Wx800H-0-1-4-300x300.jpg 300w, https:\/\/www.interflora.fr\/blog\/wp-content\/uploads\/2025\/05\/B6DIV02-800Wx800H-0-1-4-150x150.jpg 150w, https:\/\/www.interflora.fr\/blog\/wp-content\/uploads\/2025\/05\/B6DIV02-800Wx800H-0-1-4-768x768.jpg 768w, https:\/\/www.interflora.fr\/blog\/wp-content\/uploads\/2025\/05\/B6DIV02-800Wx800H-0-1-4.jpg 800w\" sizes=\"auto, (max-width: 300px) 100vw, 300px\" \/><img decoding=\"async\" class=\"lp-badge\" src=\"https:\/\/www.interflora.fr\/blog\/wp-content\/uploads\/2025\/06\/logo-circle.png\" alt=\"Livraison rapide Interflora\"><\/div><span>Coffret Joyeux anniversaire<\/span><p>45.95 \u20ac<\/p><span class=\"obf-link lp-cta\" role=\"link\" tabindex=\"0\" data-b64=\"aHR0cHM6Ly93d3cuaW50ZXJmbG9yYS5mci9wL2wtZWxlZ2FudC8wL0ZSP3V0bV9tZWRpdW09b3JnYW5pYyZ1dG1fc291cmNlPWJsb2dfcHJvZHVjdHMmdXRtX2NhbXBhaWduPUI2RElWMDI=\" data-target=\"_blank\"><svg xmlns=\"http:\/\/www.w3.org\/2000\/svg\" width=\"16\" height=\"16\" fill=\"currentColor\" class=\"bi bi-bag\" viewBox=\"0 0 16 16\"><path d=\"M8 1a2 2 0 0 1 2 2v1h2.5A1.5 1.5 0 0 1 14 5.5v8A1.5 1.5 0 0 1 12.5 15h-9A1.5 1.5 0 0 1 2 13.5v-8A1.5 1.5 0 0 1 3.5 3H6V2a2 2 0 0 1 2-1zm1 3V3a1 1 0 0 0-2 0v1h2z\"\/><\/svg>Voir le produit<\/span><p class=\"rapido\">Top produit<\/p><\/div><div class=\"lp-produit\"><div class=\"lp-thumbnail-wrapper\"><img loading=\"lazy\" decoding=\"async\" width=\"300\" height=\"300\" src=\"https:\/\/www.interflora.fr\/blog\/wp-content\/uploads\/2025\/05\/B6DIV34-800Wx800H-0-1-3-300x300.jpg\" class=\"attachment-medium size-medium wp-post-image\" alt=\"\" srcset=\"https:\/\/www.interflora.fr\/blog\/wp-content\/uploads\/2025\/05\/B6DIV34-800Wx800H-0-1-3-300x300.jpg 300w, https:\/\/www.interflora.fr\/blog\/wp-content\/uploads\/2025\/05\/B6DIV34-800Wx800H-0-1-3-150x150.jpg 150w, https:\/\/www.interflora.fr\/blog\/wp-content\/uploads\/2025\/05\/B6DIV34-800Wx800H-0-1-3-768x768.jpg 768w, https:\/\/www.interflora.fr\/blog\/wp-content\/uploads\/2025\/05\/B6DIV34-800Wx800H-0-1-3.jpg 800w\" sizes=\"auto, (max-width: 300px) 100vw, 300px\" \/><img decoding=\"async\" class=\"lp-badge\" src=\"https:\/\/www.interflora.fr\/blog\/wp-content\/uploads\/2025\/06\/logo-circle.png\" alt=\"Livraison rapide Interflora\"><\/div><span>Coffret cadeau anniversaire plante<\/span><p>44.95 \u20ac<\/p><span class=\"obf-link lp-cta\" role=\"link\" tabindex=\"0\" data-b64=\"aHR0cHM6Ly93d3cuaW50ZXJmbG9yYS5mci9wL2wtaW5zZXBhcmFibGUvMC9GUj91dG1fbWVkaXVtPW9yZ2FuaWMmdXRtX3NvdXJjZT1ibG9nX3Byb2R1Y3RzJnV0bV9jYW1wYWlnbj1CNkRJVjM0\" data-target=\"_blank\"><svg xmlns=\"http:\/\/www.w3.org\/2000\/svg\" width=\"16\" height=\"16\" fill=\"currentColor\" class=\"bi bi-bag\" viewBox=\"0 0 16 16\"><path d=\"M8 1a2 2 0 0 1 2 2v1h2.5A1.5 1.5 0 0 1 14 5.5v8A1.5 1.5 0 0 1 12.5 15h-9A1.5 1.5 0 0 1 2 13.5v-8A1.5 1.5 0 0 1 3.5 3H6V2a2 2 0 0 1 2-1zm1 3V3a1 1 0 0 0-2 0v1h2z\"\/><\/svg>Voir le produit<\/span><p class=\"rapido\">Fleurs fra\u00eeches<\/p><\/div><div class=\"lp-produit\"><div class=\"lp-thumbnail-wrapper\"><img loading=\"lazy\" decoding=\"async\" width=\"300\" height=\"300\" src=\"https:\/\/www.interflora.fr\/blog\/wp-content\/uploads\/2026\/02\/BEP25LGR-800Wx800H-0-1-300x300.jpg\" class=\"attachment-medium size-medium wp-post-image\" alt=\"\" srcset=\"https:\/\/www.interflora.fr\/blog\/wp-content\/uploads\/2026\/02\/BEP25LGR-800Wx800H-0-1-300x300.jpg 300w, https:\/\/www.interflora.fr\/blog\/wp-content\/uploads\/2026\/02\/BEP25LGR-800Wx800H-0-1-150x150.jpg 150w, https:\/\/www.interflora.fr\/blog\/wp-content\/uploads\/2026\/02\/BEP25LGR-800Wx800H-0-1-768x768.jpg 768w, https:\/\/www.interflora.fr\/blog\/wp-content\/uploads\/2026\/02\/BEP25LGR-800Wx800H-0-1.jpg 800w\" sizes=\"auto, (max-width: 300px) 100vw, 300px\" \/><img decoding=\"async\" class=\"lp-badge\" src=\"https:\/\/www.interflora.fr\/blog\/wp-content\/uploads\/2025\/06\/logo-circle.png\" alt=\"Livraison rapide Interflora\"><\/div><span>Roses signature LEGO\u00ae<\/span><p>87.95 \u20ac<\/p><span class=\"obf-link lp-cta\" role=\"link\" tabindex=\"0\" data-b64=\"aHR0cHM6Ly93d3cuaW50ZXJmbG9yYS5mci9wL3Jvc2VzLXNpZ25hdHVyZS1sZWdvLzEvRlI\/dXRtX21lZGl1bT1vcmdhbmljJnV0bV9zb3VyY2U9YmxvZ19wcm9kdWN0cyZ1dG1fY2FtcGFpZ249QkVQMjVMR1I=\" data-target=\"_blank\"><svg xmlns=\"http:\/\/www.w3.org\/2000\/svg\" width=\"16\" height=\"16\" fill=\"currentColor\" class=\"bi bi-bag\" viewBox=\"0 0 16 16\"><path d=\"M8 1a2 2 0 0 1 2 2v1h2.5A1.5 1.5 0 0 1 14 5.5v8A1.5 1.5 0 0 1 12.5 15h-9A1.5 1.5 0 0 1 2 13.5v-8A1.5 1.5 0 0 1 3.5 3H6V2a2 2 0 0 1 2-1zm1 3V3a1 1 0 0 0-2 0v1h2z\"\/><\/svg>Voir le produit<\/span><p class=\"rapido\">Fleurs fra\u00eeches<\/p><\/div><\/div>\n\n\n\n<h3 class=\"wp-block-heading\">Choix du contenant pour le panier garni<\/h3>\n\n\n\n<p>Lorsque l\u2019on fait un cadeau, le choix du contenant est tout aussi important que le contenu. Prenez le temps de bien choisir le panier pour votre cadeau gourmand de No\u00ebl.<\/p>\n\n\n\n<p>C\u00f4t\u00e9 praticit\u00e9, un <strong>panier en osier<\/strong>, robuste et \u00e9l\u00e9gant, convient parfaitement pour un grand assortiment de produits, tandis qu\u2019une <strong>bo\u00eete m\u00e9tallique<\/strong> peut \u00eatre plus adapt\u00e9e \u00e0 un coffret de biscuits et chocolats. Et si le contenant est r\u00e9utilisable, c\u2019est encore mieux&nbsp;: une touche \u00e9cologique et pratique qui ne manquera pas d\u2019\u00eatre appr\u00e9ci\u00e9e.<\/p>\n\n\n\n<h3 class=\"wp-block-heading\">Id\u00e9e de cadeau gourmand&nbsp;: le d\u00e9tail qui change tout<\/h3>\n\n\n\n<p>La touche finale est sans doute celle qui sera la cerise sur le g\u00e2teau&nbsp;: une <strong>carte personnalis\u00e9e<\/strong>, du ruban color\u00e9 et des <strong>d\u00e9corations en rapport avec le th\u00e8me choisi<\/strong> donneront du cachet \u00e0 votre cadeau. Pour une touche festive et authentique dans le th\u00e8me de No\u00ebl, pourquoi ne pas int\u00e9grer des \u00e9l\u00e9ments naturels, comme des pommes de pin ou des brindilles de sapin&nbsp;? Bien s\u00fbr, n\u2019oubliez pas d\u2019ajouter un petit mot chaleureux et personnalis\u00e9 pour transformer ce coffret en v\u00e9ritable tr\u00e9sor.<\/p>\n\n\n\n<figure class=\"wp-block-image aligncenter size-full\"><img loading=\"lazy\" decoding=\"async\" width=\"500\" height=\"500\" src=\"https:\/\/www.interflora.fr\/blog\/wp-content\/uploads\/2024\/11\/carte-de-noel.jpg\" alt=\"\" class=\"wp-image-56368\" srcset=\"https:\/\/www.interflora.fr\/blog\/wp-content\/uploads\/2024\/11\/carte-de-noel.jpg 500w, https:\/\/www.interflora.fr\/blog\/wp-content\/uploads\/2024\/11\/carte-de-noel-300x300.jpg 300w, https:\/\/www.interflora.fr\/blog\/wp-content\/uploads\/2024\/11\/carte-de-noel-150x150.jpg 150w\" sizes=\"auto, (max-width: 500px) 100vw, 500px\" \/><\/figure>\n","protected":false},"excerpt":{"rendered":"<p>\u00c0 No\u00ebl, il existe un cadeau qui ravit toujours son destinataire&nbsp;: le cadeau gourmand&nbsp;! Du panier garni \u00e0 l\u2019exp\u00e9rience culinaire, [&hellip;]<\/p>\n","protected":false},"author":11,"featured_media":56068,"comment_status":"open","ping_status":"open","sticky":false,"template":"","format":"standard","meta":{"_uag_custom_page_level_css":"","site-sidebar-layout":"default","site-content-layout":"","ast-site-content-layout":"default","site-content-style":"default","site-sidebar-style":"default","ast-global-header-display":"","ast-banner-title-visibility":"","ast-main-header-display":"","ast-hfb-above-header-display":"","ast-hfb-below-header-display":"","ast-hfb-mobile-header-display":"","site-post-title":"","ast-breadcrumbs-content":"","ast-featured-img":"","footer-sml-layout":"","ast-disable-related-posts":"","theme-transparent-header-meta":"","adv-header-id-meta":"","stick-header-meta":"","header-above-stick-meta":"","header-main-stick-meta":"","header-below-stick-meta":"","astra-migrate-meta-layouts":"set","ast-page-background-enabled":"default","ast-page-background-meta":{"desktop":{"background-color":"var(--ast-global-color-5)","background-image":"","background-repeat":"repeat","background-position":"center center","background-size":"auto","background-attachment":"scroll","background-type":"","background-media":"","overlay-type":"","overlay-color":"","overlay-opacity":"","overlay-gradient":""},"tablet":{"background-color":"","background-image":"","background-repeat":"repeat","background-position":"center center","background-size":"auto","background-attachment":"scroll","background-type":"","background-media":"","overlay-type":"","overlay-color":"","overlay-opacity":"","overlay-gradient":""},"mobile":{"background-color":"","background-image":"","background-repeat":"repeat","background-position":"center center","background-size":"auto","background-attachment":"scroll","background-type":"","background-media":"","overlay-type":"","overlay-color":"","overlay-opacity":"","overlay-gradient":""}},"ast-content-background-meta":{"desktop":{"background-color":"var(--ast-global-color-4)","background-image":"","background-repeat":"repeat","background-position":"center center","background-size":"auto","background-attachment":"scroll","background-type":"","background-media":"","overlay-type":"","overlay-color":"","overlay-opacity":"","overlay-gradient":""},"tablet":{"background-color":"var(--ast-global-color-4)","background-image":"","background-repeat":"repeat","background-position":"center center","background-size":"auto","background-attachment":"scroll","background-type":"","background-media":"","overlay-type":"","overlay-color":"","overlay-opacity":"","overlay-gradient":""},"mobile":{"background-color":"var(--ast-global-color-4)","background-image":"","background-repeat":"repeat","background-position":"center center","background-size":"auto","background-attachment":"scroll","background-type":"","background-media":"","overlay-type":"","overlay-color":"","overlay-opacity":"","overlay-gradient":""}},"footnotes":""},"categories":[203],"tags":[190,204],"class_list":["post-45866","post","type-post","status-publish","format-standard","has-post-thumbnail","hentry","category-noel","tag-cadeaux","tag-noel"],"uagb_featured_image_src":{"full":["https:\/\/www.interflora.fr\/blog\/wp-content\/uploads\/2024\/11\/coffret-gourmand-noel.jpg",2000,1125,false],"thumbnail":["https:\/\/www.interflora.fr\/blog\/wp-content\/uploads\/2024\/11\/coffret-gourmand-noel-150x150.jpg",150,150,true],"medium":["https:\/\/www.interflora.fr\/blog\/wp-content\/uploads\/2024\/11\/coffret-gourmand-noel-300x169.jpg",300,169,true],"medium_large":["https:\/\/www.interflora.fr\/blog\/wp-content\/uploads\/2024\/11\/coffret-gourmand-noel-768x432.jpg",768,432,true],"large":["https:\/\/www.interflora.fr\/blog\/wp-content\/uploads\/2024\/11\/coffret-gourmand-noel-1024x576.jpg",1024,576,true],"1536x1536":["https:\/\/www.interflora.fr\/blog\/wp-content\/uploads\/2024\/11\/coffret-gourmand-noel-1536x864.jpg",1536,864,true],"2048x2048":["https:\/\/www.interflora.fr\/blog\/wp-content\/uploads\/2024\/11\/coffret-gourmand-noel.jpg",2000,1125,false]},"uagb_author_info":{"display_name":"Interflora","author_link":"https:\/\/www.interflora.fr\/blog\/author\/lisa\/"},"uagb_comment_info":0,"uagb_excerpt":"\u00c0 No\u00ebl, il existe un cadeau qui ravit toujours son destinataire&nbsp;: le cadeau gourmand&nbsp;! Du panier garni \u00e0 l\u2019exp\u00e9rience culinaire, [&hellip;]","yoast_meta":{"title":"Id\u00e9e Cadeau Gourmand : nos Id\u00e9es Savoureuses pour No\u00ebl","description":"Offrez un No\u00ebl savoureux avec nos id\u00e9es de cadeaux gourmands : des paniers garnis aux exp\u00e9riences gustatives, d\u00e9couvrez nos suggestions."},"_links":{"self":[{"href":"https:\/\/www.interflora.fr\/blog\/wp-json\/wp\/v2\/posts\/45866","targetHints":{"allow":["GET"]}}],"collection":[{"href":"https:\/\/www.interflora.fr\/blog\/wp-json\/wp\/v2\/posts"}],"about":[{"href":"https:\/\/www.interflora.fr\/blog\/wp-json\/wp\/v2\/types\/post"}],"author":[{"embeddable":true,"href":"https:\/\/www.interflora.fr\/blog\/wp-json\/wp\/v2\/users\/11"}],"replies":[{"embeddable":true,"href":"https:\/\/www.interflora.fr\/blog\/wp-json\/wp\/v2\/comments?post=45866"}],"version-history":[{"count":2,"href":"https:\/\/www.interflora.fr\/blog\/wp-json\/wp\/v2\/posts\/45866\/revisions"}],"predecessor-version":[{"id":56369,"href":"https:\/\/www.interflora.fr\/blog\/wp-json\/wp\/v2\/posts\/45866\/revisions\/56369"}],"wp:featuredmedia":[{"embeddable":true,"href":"https:\/\/www.interflora.fr\/blog\/wp-json\/wp\/v2\/media\/56068"}],"wp:attachment":[{"href":"https:\/\/www.interflora.fr\/blog\/wp-json\/wp\/v2\/media?parent=45866"}],"wp:term":[{"taxonomy":"category","embeddable":true,"href":"https:\/\/www.interflora.fr\/blog\/wp-json\/wp\/v2\/categories?post=45866"},{"taxonomy":"post_tag","embeddable":true,"href":"https:\/\/www.interflora.fr\/blog\/wp-json\/wp\/v2\/tags?post=45866"}],"curies":[{"name":"wp","href":"https:\/\/api.w.org\/{rel}","templated":true}]}}