{"id":45732,"date":"2024-11-01T16:34:03","date_gmt":"2024-11-01T15:34:03","guid":{"rendered":"https:\/\/www.interflora.fr\/blog\/?p=45732"},"modified":"2024-11-01T16:34:03","modified_gmt":"2024-11-01T15:34:03","slug":"fleurs-novembre","status":"publish","type":"post","link":"https:\/\/www.interflora.fr\/blog\/fleurs-novembre\/","title":{"rendered":"Les fleurs du mois de Novembre"},"content":{"rendered":"\n<p>En novembre, l\u2019automne bat son plein, et avec lui, les couleurs chatoyantes et enveloppantes qui transforment nos int\u00e9rieurs en v\u00e9ritables cocons. Et, m\u00eame s&rsquo;il s&rsquo;agit d&rsquo;un mois li\u00e9 \u00e0 l&rsquo;arriv\u00e9e de la morte-saison, notamment \u00e0 travers les diff\u00e9rentes f\u00eates fun\u00e9raires ou comm\u00e9moratives (Toussaint, f\u00eate des morts, Armistice), c\u2019est \u00e9galement un mois o\u00f9 la nature nous offre encore de magnifiques fleurs de saison. De quoi sublimer votre d\u00e9coration avec des <strong>fleurs de novembre<\/strong> qui apportent cette touche de vie et de couleur id\u00e9ales pour illuminer les journ\u00e9es qui se font plus courtes. D\u00e9couvrez <strong>quelles fleurs fleurissent en novembre<\/strong> et comment en profiter pour cr\u00e9er des bouquets automnaux uniques.<\/p>\n\n\n<div class=\"lp-produits-grid\"><div class=\"lp-produit\"><div class=\"lp-thumbnail-wrapper\"><img loading=\"lazy\" decoding=\"async\" width=\"300\" height=\"300\" src=\"https:\/\/www.interflora.fr\/blog\/wp-content\/uploads\/2025\/10\/2IC-800Wx800H-0-1-14-300x300.jpg\" class=\"attachment-medium size-medium wp-post-image\" alt=\"\" srcset=\"https:\/\/www.interflora.fr\/blog\/wp-content\/uploads\/2025\/10\/2IC-800Wx800H-0-1-14-300x300.jpg 300w, https:\/\/www.interflora.fr\/blog\/wp-content\/uploads\/2025\/10\/2IC-800Wx800H-0-1-14-150x150.jpg 150w, https:\/\/www.interflora.fr\/blog\/wp-content\/uploads\/2025\/10\/2IC-800Wx800H-0-1-14-768x768.jpg 768w, https:\/\/www.interflora.fr\/blog\/wp-content\/uploads\/2025\/10\/2IC-800Wx800H-0-1-14.jpg 800w\" sizes=\"auto, (max-width: 300px) 100vw, 300px\" \/><img decoding=\"async\" class=\"lp-badge\" src=\"https:\/\/www.interflora.fr\/blog\/wp-content\/uploads\/2025\/06\/logo-circle.png\" alt=\"Livraison rapide Interflora\"><\/div><span>Instant complice<\/span><p>54.95 \u20ac<\/p><span class=\"obf-link lp-cta\" role=\"link\" tabindex=\"0\" data-b64=\"aHR0cHM6Ly93d3cuaW50ZXJmbG9yYS5mci9wL2JvdXF1ZXQtaW5zdGFudC1jb21wbGljZS8xL0ZSP3V0bV9tZWRpdW09b3JnYW5pYyZ1dG1fc291cmNlPWJsb2dfcHJvZHVjdHMmdXRtX2NhbXBhaWduPTJJQw==\" data-target=\"_blank\"><svg xmlns=\"http:\/\/www.w3.org\/2000\/svg\" width=\"16\" height=\"16\" fill=\"currentColor\" class=\"bi bi-bag\" viewBox=\"0 0 16 16\"><path d=\"M8 1a2 2 0 0 1 2 2v1h2.5A1.5 1.5 0 0 1 14 5.5v8A1.5 1.5 0 0 1 12.5 15h-9A1.5 1.5 0 0 1 2 13.5v-8A1.5 1.5 0 0 1 3.5 3H6V2a2 2 0 0 1 2-1zm1 3V3a1 1 0 0 0-2 0v1h2z\"\/><\/svg>Voir le produit<\/span><p class=\"rapido\">Top produit<\/p><\/div><div class=\"lp-produit\"><div class=\"lp-thumbnail-wrapper\"><img loading=\"lazy\" decoding=\"async\" width=\"300\" height=\"300\" src=\"https:\/\/www.interflora.fr\/blog\/wp-content\/uploads\/2025\/12\/2BDT-800Wx800H-0-1-300x300.jpg\" class=\"attachment-medium size-medium wp-post-image\" alt=\"\" srcset=\"https:\/\/www.interflora.fr\/blog\/wp-content\/uploads\/2025\/12\/2BDT-800Wx800H-0-1-300x300.jpg 300w, https:\/\/www.interflora.fr\/blog\/wp-content\/uploads\/2025\/12\/2BDT-800Wx800H-0-1-150x150.jpg 150w, https:\/\/www.interflora.fr\/blog\/wp-content\/uploads\/2025\/12\/2BDT-800Wx800H-0-1-768x768.jpg 768w, https:\/\/www.interflora.fr\/blog\/wp-content\/uploads\/2025\/12\/2BDT-800Wx800H-0-1.jpg 800w\" sizes=\"auto, (max-width: 300px) 100vw, 300px\" \/><img decoding=\"async\" class=\"lp-badge\" src=\"https:\/\/www.interflora.fr\/blog\/wp-content\/uploads\/2025\/06\/logo-circle.png\" alt=\"Livraison rapide Interflora\"><\/div><span>Brass\u00e9e de tulipes multicolores<\/span><p>31.95 \u20ac<\/p><span class=\"obf-link lp-cta\" role=\"link\" tabindex=\"0\" data-b64=\"aHR0cHM6Ly93d3cuaW50ZXJmbG9yYS5mci9wL2JvdXF1ZXQtdHVsaXBlcy8xL0ZSP3V0bV9tZWRpdW09b3JnYW5pYyZ1dG1fc291cmNlPWJsb2dfcHJvZHVjdHMmdXRtX2NhbXBhaWduPTJCRFQ=\" data-target=\"_blank\"><svg xmlns=\"http:\/\/www.w3.org\/2000\/svg\" width=\"16\" height=\"16\" fill=\"currentColor\" class=\"bi bi-bag\" viewBox=\"0 0 16 16\"><path d=\"M8 1a2 2 0 0 1 2 2v1h2.5A1.5 1.5 0 0 1 14 5.5v8A1.5 1.5 0 0 1 12.5 15h-9A1.5 1.5 0 0 1 2 13.5v-8A1.5 1.5 0 0 1 3.5 3H6V2a2 2 0 0 1 2-1zm1 3V3a1 1 0 0 0-2 0v1h2z\"\/><\/svg>Voir le produit<\/span><p class=\"rapido\">Top produit<\/p><\/div><div class=\"lp-produit\"><div class=\"lp-thumbnail-wrapper\"><img loading=\"lazy\" decoding=\"async\" width=\"300\" height=\"300\" src=\"https:\/\/www.interflora.fr\/blog\/wp-content\/uploads\/2025\/05\/1SEN-800Wx800H-0-1-25-300x300.jpg\" class=\"attachment-medium size-medium wp-post-image\" alt=\"\" srcset=\"https:\/\/www.interflora.fr\/blog\/wp-content\/uploads\/2025\/05\/1SEN-800Wx800H-0-1-25-300x300.jpg 300w, https:\/\/www.interflora.fr\/blog\/wp-content\/uploads\/2025\/05\/1SEN-800Wx800H-0-1-25-150x150.jpg 150w, https:\/\/www.interflora.fr\/blog\/wp-content\/uploads\/2025\/05\/1SEN-800Wx800H-0-1-25-768x768.jpg 768w, https:\/\/www.interflora.fr\/blog\/wp-content\/uploads\/2025\/05\/1SEN-800Wx800H-0-1-25.jpg 800w\" sizes=\"auto, (max-width: 300px) 100vw, 300px\" \/><img decoding=\"async\" class=\"lp-badge\" src=\"https:\/\/www.interflora.fr\/blog\/wp-content\/uploads\/2025\/06\/logo-circle.png\" alt=\"Livraison rapide Interflora\"><\/div><span>Joyeux anniversaire<\/span><p>42.95 \u20ac<\/p><span class=\"obf-link lp-cta\" role=\"link\" tabindex=\"0\" data-b64=\"aHR0cHM6Ly93d3cuaW50ZXJmbG9yYS5mci9wL3Jvc2VzLXNlbnRpbWVudC8xL0ZSP3V0bV9tZWRpdW09b3JnYW5pYyZ1dG1fc291cmNlPWJsb2dfcHJvZHVjdHMmdXRtX2NhbXBhaWduPTFTRU4=\" data-target=\"_blank\"><svg xmlns=\"http:\/\/www.w3.org\/2000\/svg\" width=\"16\" height=\"16\" fill=\"currentColor\" class=\"bi bi-bag\" viewBox=\"0 0 16 16\"><path d=\"M8 1a2 2 0 0 1 2 2v1h2.5A1.5 1.5 0 0 1 14 5.5v8A1.5 1.5 0 0 1 12.5 15h-9A1.5 1.5 0 0 1 2 13.5v-8A1.5 1.5 0 0 1 3.5 3H6V2a2 2 0 0 1 2-1zm1 3V3a1 1 0 0 0-2 0v1h2z\"\/><\/svg>Voir le produit<\/span><p class=\"rapido\">Top produit<\/p><\/div><div class=\"lp-produit\"><div class=\"lp-thumbnail-wrapper\"><img loading=\"lazy\" decoding=\"async\" width=\"300\" height=\"300\" src=\"https:\/\/www.interflora.fr\/blog\/wp-content\/uploads\/2025\/05\/W2BOROMO-800Wx800H-0-1-300x300.jpg\" class=\"attachment-medium size-medium wp-post-image\" alt=\"\" srcset=\"https:\/\/www.interflora.fr\/blog\/wp-content\/uploads\/2025\/05\/W2BOROMO-800Wx800H-0-1-300x300.jpg 300w, https:\/\/www.interflora.fr\/blog\/wp-content\/uploads\/2025\/05\/W2BOROMO-800Wx800H-0-1-150x150.jpg 150w, https:\/\/www.interflora.fr\/blog\/wp-content\/uploads\/2025\/05\/W2BOROMO-800Wx800H-0-1-768x768.jpg 768w, https:\/\/www.interflora.fr\/blog\/wp-content\/uploads\/2025\/05\/W2BOROMO-800Wx800H-0-1.jpg 800w\" sizes=\"auto, (max-width: 300px) 100vw, 300px\" \/><img decoding=\"async\" class=\"lp-badge\" src=\"https:\/\/www.interflora.fr\/blog\/wp-content\/uploads\/2025\/06\/logo-circle.png\" alt=\"Livraison rapide Interflora\"><\/div><span>Bois de rose et son vase offert<\/span><p>42.95 \u20ac<\/p><span class=\"obf-link lp-cta\" role=\"link\" tabindex=\"0\" data-b64=\"aHR0cHM6Ly93d3cuaW50ZXJmbG9yYS5mci9wL2JvaXMtZGUtcm9zZS1ldC1zb24tdmFzZS1vZmZlcnQvMS9GUj91dG1fbWVkaXVtPW9yZ2FuaWMmdXRtX3NvdXJjZT1ibG9nX3Byb2R1Y3RzJnV0bV9jYW1wYWlnbj1XMkJPUk9NTw==\" data-target=\"_blank\"><svg xmlns=\"http:\/\/www.w3.org\/2000\/svg\" width=\"16\" height=\"16\" fill=\"currentColor\" class=\"bi bi-bag\" viewBox=\"0 0 16 16\"><path d=\"M8 1a2 2 0 0 1 2 2v1h2.5A1.5 1.5 0 0 1 14 5.5v8A1.5 1.5 0 0 1 12.5 15h-9A1.5 1.5 0 0 1 2 13.5v-8A1.5 1.5 0 0 1 3.5 3H6V2a2 2 0 0 1 2-1zm1 3V3a1 1 0 0 0-2 0v1h2z\"\/><\/svg>Voir le produit<\/span><p class=\"rapido\">Fleurs fra\u00eeches<\/p><\/div><\/div>\n\n\n\n<div style=\"height:10px\" aria-hidden=\"true\" class=\"wp-block-spacer\"><\/div>\n\n\n\n<h2 class=\"wp-block-heading alignwide\">Quelle est la fleur du mois de novembre ?<\/h2>\n\n\n\n<div class=\"wp-block-media-text alignwide is-stacked-on-mobile\" style=\"grid-template-columns:40% auto\"><figure class=\"wp-block-media-text__media\"><img decoding=\"async\" src=\"https:\/\/www.interflora.fr\/blog\/wp-content\/uploads\/chrysantheme-rose.jpg\" alt=\"Chrysanth\u00e8me rose\" class=\"wp-image-44988 size-full\"\/><\/figure><div class=\"wp-block-media-text__content\">\n<p>Vous vous demandez peut-\u00eatre : <strong>quelle fleur fleurit en novembre ?<\/strong> Contrairement \u00e0 ce que l\u2019on pourrait penser, plusieurs vari\u00e9t\u00e9s continuent de s\u2019\u00e9panouir \u00e0 l\u2019approche de l\u2019hiver. Parmi elles, il existe une <strong>fleur de novembre<\/strong> incontournable : le <strong>chrysanth\u00e8me<\/strong>, souvent consid\u00e9r\u00e9 comme la star des fleurs de cimeti\u00e8re.<\/p>\n\n\n\n<p>Si cette fleur est traditionnellement associ\u00e9e au souvenir des d\u00e9funts en France, elle n\u2019en reste pas moins une fleur magnifique qui se d\u00e9cline en une multitude de vari\u00e9t\u00e9s et de couleurs vives. Jaune, orange, rouge, ou encore violet, le chrysanth\u00e8me est id\u00e9al pour apporter une touche \u00e9clatante \u00e0 votre d\u00e9coration automnale. Ses p\u00e9tales abondants et sa forme g\u00e9n\u00e9reuse en font un choix parfait pour des compositions florales riches et \u00e9l\u00e9gantes.<\/p>\n\n\n\n<p>Le <strong>chrysanth\u00e8me<\/strong> est \u00e9galement tr\u00e8s appr\u00e9ci\u00e9 pour sa longue dur\u00e9e de vie. Plac\u00e9 dans un vase, il vous accompagnera durant plusieurs semaines sans perdre de son \u00e9clat. Un vrai bonheur pour profiter des <strong>fleurs en novembre<\/strong> sans craindre de les voir faner trop vite.<\/p>\n<\/div><\/div>\n\n\n\n<p><\/p>\n\n\n\n<h2 class=\"wp-block-heading alignwide\"><strong>Embellissez votre d\u00e9coration automnale gr\u00e2ce aux fleurs de novembre<\/strong><\/h2>\n\n\n\n<p>Les <strong>fleurs de saison de novembre<\/strong> ont ce petit quelque chose de r\u00e9confortant, parfait pour sublimer vos int\u00e9rieurs. Opter pour un <strong>bouquet de fleurs en novembre<\/strong> vous permet non seulement de profiter de la beaut\u00e9 de ces vari\u00e9t\u00e9s automnales, mais \u00e9galement d\u2019ajouter une touche chaleureuse \u00e0 votre d\u00e9coration.<\/p>\n\n\n\n<h3 class=\"wp-block-heading alignwide\">La bruy\u00e8re : la touche sauvage et romantique<\/h3>\n\n\n\n<p>Petite et d\u00e9licate, la bruy\u00e8re est une <strong>fleur de novembre<\/strong> qui se pla\u00eet particuli\u00e8rement dans les bouquets aux accents champ\u00eatres, notamment des bouquets de fleurs s\u00e9ch\u00e9es ou des bouquets de fleurs stabilis\u00e9es. Ses petites fleurs en grappes, souvent roses ou blanches, ajouteront une dimension sauvage et naturelle \u00e0 votre d\u00e9coration.<\/p>\n\n\n\n<p>La bruy\u00e8re s\u2019associe tr\u00e8s bien avec d\u2019autres fleurs automnales et des feuillages color\u00e9s pour cr\u00e9er des compositions qui respirent l\u2019\u00e9l\u00e9gance simple et la fra\u00eecheur des sous-bois.<\/p>\n\n\n\n<p>Pour un effet encore plus r\u00e9ussi, pensez \u00e0 m\u00e9langer la bruy\u00e8re avec des \u00e9l\u00e9ments naturels comme des branches de baies ou des c\u00f4nes de pin. Cela donnera \u00e0 votre <strong>bouquet de fleurs de novembre<\/strong> un c\u00f4t\u00e9 rustique et authentique.<\/p>\n\n\n\n<p>\u00c0 l&rsquo;instar des chrysanth\u00e8mes, la bruy\u00e8re d&rsquo;hiver en pot fait partie des plantes de cimeti\u00e8re de premier choix qui n\u00e9cessitent peu d&rsquo;entretien et qui sont r\u00e9sistantes. Leur beau feuillage persistant est \u00e9galement un atout pour orner les tombes tout au long de l&rsquo;ann\u00e9e.&nbsp;<\/p>\n\n\n\n<figure class=\"wp-block-gallery has-nested-images columns-default is-cropped wp-block-gallery-1 is-layout-flex wp-block-gallery-is-layout-flex\">\n<figure class=\"wp-block-image size-large\"><img decoding=\"async\" data-id=\"45733\" src=\"https:\/\/www.interflora.fr\/blog\/wp-content\/uploads\/bruyere-sauvage.jpg\" alt=\"Bruy\u00e8re sauvage\" class=\"wp-image-45733\"\/><\/figure>\n\n\n\n<figure class=\"wp-block-image size-large\"><img decoding=\"async\" data-id=\"45734\" src=\"https:\/\/www.interflora.fr\/blog\/wp-content\/uploads\/bruyere-en-pot.jpg\" alt=\"Bruy\u00e8re en pot\" class=\"wp-image-45734\"\/><\/figure>\n<\/figure>\n\n\n\n<p><\/p>\n\n\n\n<h3 class=\"wp-block-heading alignwide\">Les an\u00e9mones : des touches de couleur pour \u00e9gayer la saison automnale<\/h3>\n\n\n\n<p>En qu\u00eate d\u2019une fleur pleine de vitalit\u00e9 et de couleurs vives pour \u00e9clairer vos journ\u00e9es de novembre ? Les an\u00e9mones sont faites pour vous ! Ces fleurs d\u00e9licates aux p\u00e9tales soyeux fleurissent souvent \u00e0 la fin de l\u2019automne, apportant une explosion de couleurs dans vos bouquets. Du rouge \u00e9clatant au bleu profond, les an\u00e9mones se d\u00e9clinent en une vaste palette, id\u00e9ale pour cr\u00e9er des compositions pleines de pep\u2019s.<\/p>\n\n\n\n<p>Leur beaut\u00e9 fragile contraste avec la rudesse des mois plus froids, mais cela les rend encore plus pr\u00e9cieuses et inattendues dans une <strong>d\u00e9coration florale de novembre<\/strong>.<\/p>\n\n\n\n<figure class=\"wp-block-gallery has-nested-images columns-default is-cropped wp-block-gallery-2 is-layout-flex wp-block-gallery-is-layout-flex\">\n<figure class=\"wp-block-image size-large\"><img decoding=\"async\" data-id=\"45518\" src=\"https:\/\/www.interflora.fr\/blog\/wp-content\/uploads\/bouquet-d-anemones.jpg\" alt=\"Bouquet d'an\u00e9mones color\u00e9es\" class=\"wp-image-45518\"\/><\/figure>\n\n\n\n<figure class=\"wp-block-image size-large\"><img decoding=\"async\" data-id=\"45517\" src=\"https:\/\/www.interflora.fr\/blog\/wp-content\/uploads\/anemones-colorees.jpg\" alt=\"An\u00e9mones multicolores\" class=\"wp-image-45517\"\/><\/figure>\n<\/figure>\n\n\n\n<p><\/p>\n\n\n\n<h3 class=\"wp-block-heading alignwide\">L\u2019hell\u00e9bore : l&rsquo;\u00e9l\u00e9gance discr\u00e8te de l&rsquo;hiver qui approche<\/h3>\n\n\n\n<p>Surnomm\u00e9e la \u00ab\u00a0rose de No\u00ebl\u00a0\u00bb, l&rsquo;hell\u00e9bore commence souvent \u00e0 fleurir d\u00e8s novembre, apportant avec elle un parfum d&rsquo;hiver et d\u2019\u00e9l\u00e9gance. Ses p\u00e9tales d\u00e9licats dans des teintes allant du blanc pur au violet fonc\u00e9 en font une fleur d\u2019une grande subtilit\u00e9. Elle se marie parfaitement avec des feuillages d\u2019automne pour cr\u00e9er des <strong>bouquets de fleurs de novembre<\/strong> empreints de douceur et de po\u00e9sie.<\/p>\n\n\n\n<p>L&rsquo;hell\u00e9bore est \u00e9galement symbole de r\u00e9silience, une qualit\u00e9 qui fait \u00e9cho \u00e0 la nature m\u00eame de novembre : un mois charni\u00e8re, entre la fin de l\u2019automne et le d\u00e9but de l\u2019hiver.<\/p>\n\n\n\n<figure class=\"wp-block-gallery has-nested-images columns-default is-cropped wp-block-gallery-3 is-layout-flex wp-block-gallery-is-layout-flex\">\n<figure class=\"wp-block-image size-large\"><img decoding=\"async\" data-id=\"45736\" src=\"https:\/\/www.interflora.fr\/blog\/wp-content\/uploads\/Hellebore-blanche.jpg\" alt=\"Hellebore blanche\" class=\"wp-image-45736\"\/><\/figure>\n\n\n\n<figure class=\"wp-block-image size-large\"><img decoding=\"async\" data-id=\"45735\" src=\"https:\/\/www.interflora.fr\/blog\/wp-content\/uploads\/hellebore-en-pot.jpg\" alt=\"Hellebore en pot\" class=\"wp-image-45735\"\/><\/figure>\n<\/figure>\n\n\n\n<p><\/p>\n\n\n\n<h2 class=\"wp-block-heading alignwide\">Composez des bouquets uniques avec les fleurs de novembre<\/h2>\n\n\n\n<p>Maintenant que vous connaissez les vari\u00e9t\u00e9s incontournables qui fleurissent en novembre, il est temps de les int\u00e9grer dans vos bouquets pour embellir votre int\u00e9rieur.<\/p>\n\n\n\n<p>Comme pour toute composition florale, il s&rsquo;agit d&rsquo;associer de mani\u00e8re harmonieuse les diff\u00e9rentes couleurs, formes et textures pour cr\u00e9er des bouquets qui captivent le regard et apportent de la vie dans vos int\u00e9rieurs.<\/p>\n\n\n\n<p>Pour r\u00e9ussir votre d\u00e9coration florale, vous pouvez associer :<\/p>\n\n\n\n<ul class=\"wp-block-list\">\n<li>Le chrysanth\u00e8me, pour sa g\u00e9n\u00e9rosit\u00e9 et sa long\u00e9vit\u00e9<\/li>\n\n\n\n<li>L\u2019hell\u00e9bore, pour sa douceur hivernale<\/li>\n\n\n\n<li>La bruy\u00e8re, pour une touche sauvage et romantique<\/li>\n\n\n\n<li>Les an\u00e9mones, pour leur \u00e9clat<\/li>\n<\/ul>\n\n\n\n<p>Ces <strong>fleurs de novembre<\/strong> peuvent \u00eatre accompagn\u00e9es de feuillages automnaux, comme des branches d\u2019eucalyptus, des baies rouges ou encore des feuilles de ch\u00eane dor\u00e9es.<\/p>\n\n\n<div class=\"lp-produits-grid\"><div class=\"lp-produit\"><div class=\"lp-thumbnail-wrapper\"><img loading=\"lazy\" decoding=\"async\" width=\"300\" height=\"300\" src=\"https:\/\/www.interflora.fr\/blog\/wp-content\/uploads\/2026\/01\/1BIFF-800Wx800H-0-1-300x300.jpg\" class=\"attachment-medium size-medium wp-post-image\" alt=\"\" srcset=\"https:\/\/www.interflora.fr\/blog\/wp-content\/uploads\/2026\/01\/1BIFF-800Wx800H-0-1-300x300.jpg 300w, https:\/\/www.interflora.fr\/blog\/wp-content\/uploads\/2026\/01\/1BIFF-800Wx800H-0-1-150x150.jpg 150w, https:\/\/www.interflora.fr\/blog\/wp-content\/uploads\/2026\/01\/1BIFF-800Wx800H-0-1-768x768.jpg 768w, https:\/\/www.interflora.fr\/blog\/wp-content\/uploads\/2026\/01\/1BIFF-800Wx800H-0-1.jpg 800w\" sizes=\"auto, (max-width: 300px) 100vw, 300px\" \/><img decoding=\"async\" class=\"lp-badge\" src=\"https:\/\/www.interflora.fr\/blog\/wp-content\/uploads\/2025\/06\/logo-circle.png\" alt=\"Livraison rapide Interflora\"><\/div><span>Mon coeur<\/span><p>39.95 \u20ac<\/p><span class=\"obf-link lp-cta\" role=\"link\" tabindex=\"0\" data-b64=\"aHR0cHM6Ly93d3cuaW50ZXJmbG9yYS5mci9wL2JvdXF1ZXQtbW9uLWNvZXVyLzEvRlI\/dXRtX21lZGl1bT1vcmdhbmljJnV0bV9zb3VyY2U9YmxvZ19wcm9kdWN0cyZ1dG1fY2FtcGFpZ249MUJJRkY=\" data-target=\"_blank\"><svg xmlns=\"http:\/\/www.w3.org\/2000\/svg\" width=\"16\" height=\"16\" fill=\"currentColor\" class=\"bi bi-bag\" viewBox=\"0 0 16 16\"><path d=\"M8 1a2 2 0 0 1 2 2v1h2.5A1.5 1.5 0 0 1 14 5.5v8A1.5 1.5 0 0 1 12.5 15h-9A1.5 1.5 0 0 1 2 13.5v-8A1.5 1.5 0 0 1 3.5 3H6V2a2 2 0 0 1 2-1zm1 3V3a1 1 0 0 0-2 0v1h2z\"\/><\/svg>Voir le produit<\/span><p class=\"rapido\">Livraison rapide<\/p><\/div><div class=\"lp-produit\"><div class=\"lp-thumbnail-wrapper\"><img loading=\"lazy\" decoding=\"async\" width=\"300\" height=\"300\" src=\"https:\/\/www.interflora.fr\/blog\/wp-content\/uploads\/2025\/10\/2IC-800Wx800H-0-1-14-300x300.jpg\" class=\"attachment-medium size-medium wp-post-image\" alt=\"\" srcset=\"https:\/\/www.interflora.fr\/blog\/wp-content\/uploads\/2025\/10\/2IC-800Wx800H-0-1-14-300x300.jpg 300w, https:\/\/www.interflora.fr\/blog\/wp-content\/uploads\/2025\/10\/2IC-800Wx800H-0-1-14-150x150.jpg 150w, https:\/\/www.interflora.fr\/blog\/wp-content\/uploads\/2025\/10\/2IC-800Wx800H-0-1-14-768x768.jpg 768w, https:\/\/www.interflora.fr\/blog\/wp-content\/uploads\/2025\/10\/2IC-800Wx800H-0-1-14.jpg 800w\" sizes=\"auto, (max-width: 300px) 100vw, 300px\" \/><img decoding=\"async\" class=\"lp-badge\" src=\"https:\/\/www.interflora.fr\/blog\/wp-content\/uploads\/2025\/06\/logo-circle.png\" alt=\"Livraison rapide Interflora\"><\/div><span>Instant complice<\/span><p>54.95 \u20ac<\/p><span class=\"obf-link lp-cta\" role=\"link\" tabindex=\"0\" data-b64=\"aHR0cHM6Ly93d3cuaW50ZXJmbG9yYS5mci9wL2JvdXF1ZXQtaW5zdGFudC1jb21wbGljZS8xL0ZSP3V0bV9tZWRpdW09b3JnYW5pYyZ1dG1fc291cmNlPWJsb2dfcHJvZHVjdHMmdXRtX2NhbXBhaWduPTJJQw==\" data-target=\"_blank\"><svg xmlns=\"http:\/\/www.w3.org\/2000\/svg\" width=\"16\" height=\"16\" fill=\"currentColor\" class=\"bi bi-bag\" viewBox=\"0 0 16 16\"><path d=\"M8 1a2 2 0 0 1 2 2v1h2.5A1.5 1.5 0 0 1 14 5.5v8A1.5 1.5 0 0 1 12.5 15h-9A1.5 1.5 0 0 1 2 13.5v-8A1.5 1.5 0 0 1 3.5 3H6V2a2 2 0 0 1 2-1zm1 3V3a1 1 0 0 0-2 0v1h2z\"\/><\/svg>Voir le produit<\/span><p class=\"rapido\">Top produit<\/p><\/div><div class=\"lp-produit\"><div class=\"lp-thumbnail-wrapper\"><img loading=\"lazy\" decoding=\"async\" width=\"300\" height=\"300\" src=\"https:\/\/www.interflora.fr\/blog\/wp-content\/uploads\/2026\/01\/1BIU-800Wx800H-0-1-300x300.jpg\" class=\"attachment-medium size-medium wp-post-image\" alt=\"\" srcset=\"https:\/\/www.interflora.fr\/blog\/wp-content\/uploads\/2026\/01\/1BIU-800Wx800H-0-1-300x300.jpg 300w, https:\/\/www.interflora.fr\/blog\/wp-content\/uploads\/2026\/01\/1BIU-800Wx800H-0-1-150x150.jpg 150w, https:\/\/www.interflora.fr\/blog\/wp-content\/uploads\/2026\/01\/1BIU-800Wx800H-0-1-768x768.jpg 768w, https:\/\/www.interflora.fr\/blog\/wp-content\/uploads\/2026\/01\/1BIU-800Wx800H-0-1.jpg 800w\" sizes=\"auto, (max-width: 300px) 100vw, 300px\" \/><img decoding=\"async\" class=\"lp-badge\" src=\"https:\/\/www.interflora.fr\/blog\/wp-content\/uploads\/2025\/06\/logo-circle.png\" alt=\"Livraison rapide Interflora\"><\/div><span>Bisous et sa bulle d&rsquo;eau<\/span><p>41.95 \u20ac<\/p><span class=\"obf-link lp-cta\" role=\"link\" tabindex=\"0\" data-b64=\"aHR0cHM6Ly93d3cuaW50ZXJmbG9yYS5mci9wL3NhaW50LXZhbGVudGluLWplLXQtYWltZS1idWxsZS1lYXUvMS9GUj91dG1fbWVkaXVtPW9yZ2FuaWMmdXRtX3NvdXJjZT1ibG9nX3Byb2R1Y3RzJnV0bV9jYW1wYWlnbj0xQklV\" data-target=\"_blank\"><svg xmlns=\"http:\/\/www.w3.org\/2000\/svg\" width=\"16\" height=\"16\" fill=\"currentColor\" class=\"bi bi-bag\" viewBox=\"0 0 16 16\"><path d=\"M8 1a2 2 0 0 1 2 2v1h2.5A1.5 1.5 0 0 1 14 5.5v8A1.5 1.5 0 0 1 12.5 15h-9A1.5 1.5 0 0 1 2 13.5v-8A1.5 1.5 0 0 1 3.5 3H6V2a2 2 0 0 1 2-1zm1 3V3a1 1 0 0 0-2 0v1h2z\"\/><\/svg>Voir le produit<\/span><p class=\"rapido\">Fleurs fra\u00eeches<\/p><\/div><div class=\"lp-produit\"><div class=\"lp-thumbnail-wrapper\"><img loading=\"lazy\" decoding=\"async\" width=\"300\" height=\"300\" src=\"https:\/\/www.interflora.fr\/blog\/wp-content\/uploads\/2025\/05\/2TUFR-800Wx800H-0-1-25-300x300.jpg\" class=\"attachment-medium size-medium wp-post-image\" alt=\"\" srcset=\"https:\/\/www.interflora.fr\/blog\/wp-content\/uploads\/2025\/05\/2TUFR-800Wx800H-0-1-25-300x300.jpg 300w, https:\/\/www.interflora.fr\/blog\/wp-content\/uploads\/2025\/05\/2TUFR-800Wx800H-0-1-25-150x150.jpg 150w, https:\/\/www.interflora.fr\/blog\/wp-content\/uploads\/2025\/05\/2TUFR-800Wx800H-0-1-25-768x768.jpg 768w, https:\/\/www.interflora.fr\/blog\/wp-content\/uploads\/2025\/05\/2TUFR-800Wx800H-0-1-25.jpg 800w\" sizes=\"auto, (max-width: 300px) 100vw, 300px\" \/><img decoding=\"async\" class=\"lp-badge\" src=\"https:\/\/www.interflora.fr\/blog\/wp-content\/uploads\/2025\/06\/logo-circle.png\" alt=\"Livraison rapide Interflora\"><\/div><span>Tutti frutti<\/span><p>44.95 \u20ac<\/p><span class=\"obf-link lp-cta\" role=\"link\" tabindex=\"0\" data-b64=\"aHR0cHM6Ly93d3cuaW50ZXJmbG9yYS5mci9wL2JvdXF1ZXQtZmxldXJzLXR1dHRpLWZydXR0aS8xL0ZSP3V0bV9tZWRpdW09b3JnYW5pYyZ1dG1fc291cmNlPWJsb2dfcHJvZHVjdHMmdXRtX2NhbXBhaWduPTJUVUZS\" data-target=\"_blank\"><svg xmlns=\"http:\/\/www.w3.org\/2000\/svg\" width=\"16\" height=\"16\" fill=\"currentColor\" class=\"bi bi-bag\" viewBox=\"0 0 16 16\"><path d=\"M8 1a2 2 0 0 1 2 2v1h2.5A1.5 1.5 0 0 1 14 5.5v8A1.5 1.5 0 0 1 12.5 15h-9A1.5 1.5 0 0 1 2 13.5v-8A1.5 1.5 0 0 1 3.5 3H6V2a2 2 0 0 1 2-1zm1 3V3a1 1 0 0 0-2 0v1h2z\"\/><\/svg>Voir le produit<\/span><p class=\"rapido\">Top produit<\/p><\/div><\/div>\n\n\n\n<div style=\"height:10px\" aria-hidden=\"true\" class=\"wp-block-spacer\"><\/div>\n\n\n\n<h2 class=\"wp-block-heading alignwide\">Les fleurs de novembre, des alli\u00e9es pour toutes vos occasions<\/h2>\n\n\n\n<p>Que ce soit pour une simple envie de d\u00e9corer votre maison, pour offrir \u00e0 un proche ou pour habiller une tombe, les <strong>fleurs du mois de novembre<\/strong> sont parfaites pour toutes les occasions. Elles apportent cette touche de couleur et de chaleur, en parfaite harmonie avec les tonalit\u00e9s de l\u2019automne. N&rsquo;h\u00e9sitez pas \u00e0 consulter \u00e9galement nos articles sur <a href=\"https:\/\/www.interflora.fr\/blog\/fleurs-octobre\/\">les fleurs d\u2019octobre<\/a> et <a href=\"https:\/\/www.interflora.fr\/c\/fleurs-saison\">les fleurs de saison<\/a> pour prolonger cette ambiance automnale.<\/p>\n\n\n\n<p>Et pour d\u00e9couvrir d\u2019autres inspirations florales, n\u2019oubliez pas de consulter notre guide complet sur <a href=\"https:\/\/www.interflora.fr\/blog\/fleurs-dautomne\/\">les fleurs d\u2019automne<\/a>.<\/p>\n","protected":false},"excerpt":{"rendered":"<p>En novembre, l\u2019automne bat son plein, et avec lui, les couleurs chatoyantes et enveloppantes qui transforment nos int\u00e9rieurs en v\u00e9ritables [&hellip;]<\/p>\n","protected":false},"author":1,"featured_media":45737,"comment_status":"open","ping_status":"open","sticky":false,"template":"","format":"standard","meta":{"_uag_custom_page_level_css":"","site-sidebar-layout":"default","site-content-layout":"","ast-site-content-layout":"default","site-content-style":"default","site-sidebar-style":"default","ast-global-header-display":"","ast-banner-title-visibility":"","ast-main-header-display":"","ast-hfb-above-header-display":"","ast-hfb-below-header-display":"","ast-hfb-mobile-header-display":"","site-post-title":"","ast-breadcrumbs-content":"","ast-featured-img":"","footer-sml-layout":"","ast-disable-related-posts":"","theme-transparent-header-meta":"","adv-header-id-meta":"","stick-header-meta":"","header-above-stick-meta":"","header-main-stick-meta":"","header-below-stick-meta":"","astra-migrate-meta-layouts":"set","ast-page-background-enabled":"default","ast-page-background-meta":{"desktop":{"background-color":"var(--ast-global-color-5)","background-image":"","background-repeat":"repeat","background-position":"center center","background-size":"auto","background-attachment":"scroll","background-type":"","background-media":"","overlay-type":"","overlay-color":"","overlay-opacity":"","overlay-gradient":""},"tablet":{"background-color":"","background-image":"","background-repeat":"repeat","background-position":"center center","background-size":"auto","background-attachment":"scroll","background-type":"","background-media":"","overlay-type":"","overlay-color":"","overlay-opacity":"","overlay-gradient":""},"mobile":{"background-color":"","background-image":"","background-repeat":"repeat","background-position":"center center","background-size":"auto","background-attachment":"scroll","background-type":"","background-media":"","overlay-type":"","overlay-color":"","overlay-opacity":"","overlay-gradient":""}},"ast-content-background-meta":{"desktop":{"background-color":"var(--ast-global-color-4)","background-image":"","background-repeat":"repeat","background-position":"center center","background-size":"auto","background-attachment":"scroll","background-type":"","background-media":"","overlay-type":"","overlay-color":"","overlay-opacity":"","overlay-gradient":""},"tablet":{"background-color":"var(--ast-global-color-4)","background-image":"","background-repeat":"repeat","background-position":"center center","background-size":"auto","background-attachment":"scroll","background-type":"","background-media":"","overlay-type":"","overlay-color":"","overlay-opacity":"","overlay-gradient":""},"mobile":{"background-color":"var(--ast-global-color-4)","background-image":"","background-repeat":"repeat","background-position":"center center","background-size":"auto","background-attachment":"scroll","background-type":"","background-media":"","overlay-type":"","overlay-color":"","overlay-opacity":"","overlay-gradient":""}},"footnotes":""},"categories":[216,183],"tags":[336],"class_list":["post-45732","post","type-post","status-publish","format-standard","has-post-thumbnail","hentry","category-automne","category-fleurs","tag-automne"],"uagb_featured_image_src":{"full":false,"thumbnail":false,"medium":false,"medium_large":false,"large":false,"1536x1536":false,"2048x2048":false},"uagb_author_info":{"display_name":"admin","author_link":"https:\/\/www.interflora.fr\/blog\/author\/admin\/"},"uagb_comment_info":1,"uagb_excerpt":"En novembre, l\u2019automne bat son plein, et avec lui, les couleurs chatoyantes et enveloppantes qui transforment nos int\u00e9rieurs en v\u00e9ritables [&hellip;]","yoast_meta":{"title":"Fleurs de Novembre : quelles fleurs fleurissent en Novembre? | Interflora","description":"D\u00e9couvrez les fleurs qui fleurissent Novembre et embellissez votre d\u00e9coration automnale avec les fleurs de saison!"},"_links":{"self":[{"href":"https:\/\/www.interflora.fr\/blog\/wp-json\/wp\/v2\/posts\/45732","targetHints":{"allow":["GET"]}}],"collection":[{"href":"https:\/\/www.interflora.fr\/blog\/wp-json\/wp\/v2\/posts"}],"about":[{"href":"https:\/\/www.interflora.fr\/blog\/wp-json\/wp\/v2\/types\/post"}],"author":[{"embeddable":true,"href":"https:\/\/www.interflora.fr\/blog\/wp-json\/wp\/v2\/users\/1"}],"replies":[{"embeddable":true,"href":"https:\/\/www.interflora.fr\/blog\/wp-json\/wp\/v2\/comments?post=45732"}],"version-history":[{"count":0,"href":"https:\/\/www.interflora.fr\/blog\/wp-json\/wp\/v2\/posts\/45732\/revisions"}],"wp:featuredmedia":[{"embeddable":true,"href":"https:\/\/www.interflora.fr\/blog\/wp-json\/"}],"wp:attachment":[{"href":"https:\/\/www.interflora.fr\/blog\/wp-json\/wp\/v2\/media?parent=45732"}],"wp:term":[{"taxonomy":"category","embeddable":true,"href":"https:\/\/www.interflora.fr\/blog\/wp-json\/wp\/v2\/categories?post=45732"},{"taxonomy":"post_tag","embeddable":true,"href":"https:\/\/www.interflora.fr\/blog\/wp-json\/wp\/v2\/tags?post=45732"}],"curies":[{"name":"wp","href":"https:\/\/api.w.org\/{rel}","templated":true}]}}