{"id":45480,"date":"2025-10-12T16:54:52","date_gmt":"2025-10-12T14:54:52","guid":{"rendered":"https:\/\/www.interflora.fr\/blog\/?p=45480"},"modified":"2025-10-17T14:22:54","modified_gmt":"2025-10-17T12:22:54","slug":"plantes-pour-le-cimetiere-en-hiver","status":"publish","type":"post","link":"https:\/\/www.interflora.fr\/blog\/plantes-pour-le-cimetiere-en-hiver\/","title":{"rendered":"Quelles plantes choisir pour le cimeti\u00e8re en hiver ? D\u00e9couvrez nos conseils"},"content":{"rendered":"\n<p>Une <strong>plante dans un cimeti\u00e8re en hiver<\/strong> peut souffrir des conditions m\u00e9t\u00e9orologiques difficiles. Pourtant, <strong>d\u00e9poser des fleurs sur une tombe<\/strong> est un geste rendant hommage aux personnes disparues. Ce que l\u2019on souhaite, c\u2019est que ces fleurs laiss\u00e9es pour les d\u00e9funts restent belles et fleuries le plus longtemps possible, m\u00eame en notre absence, car il n\u2019est pas toujours facile de venir r\u00e9guli\u00e8rement les entretenir. Il est donc pr\u00e9f\u00e9rable de choisir une <strong>plante ou une fleur adapt\u00e9e au cimeti\u00e8re et \u00e0 l\u2019hiver.<\/strong> Elle doit avoir une symbolique forte et \u00eatre robuste. Voici donc nos conseils pour bien choisir votre <strong>fleur pour cimeti\u00e8re en hiver<\/strong>.<\/p>\n\n\n<div class=\"lp-produits-grid\"><div class=\"lp-produit\"><div class=\"lp-thumbnail-wrapper\"><img loading=\"lazy\" decoding=\"async\" width=\"300\" height=\"300\" src=\"https:\/\/www.interflora.fr\/blog\/wp-content\/uploads\/2025\/10\/6BRUY-800Wx800H-0-1-7-300x300.jpg\" class=\"attachment-medium size-medium wp-post-image\" alt=\"\" srcset=\"https:\/\/www.interflora.fr\/blog\/wp-content\/uploads\/2025\/10\/6BRUY-800Wx800H-0-1-7-300x300.jpg 300w, https:\/\/www.interflora.fr\/blog\/wp-content\/uploads\/2025\/10\/6BRUY-800Wx800H-0-1-7-150x150.jpg 150w, https:\/\/www.interflora.fr\/blog\/wp-content\/uploads\/2025\/10\/6BRUY-800Wx800H-0-1-7-768x768.jpg 768w, https:\/\/www.interflora.fr\/blog\/wp-content\/uploads\/2025\/10\/6BRUY-800Wx800H-0-1-7.jpg 800w\" sizes=\"auto, (max-width: 300px) 100vw, 300px\" \/><img decoding=\"async\" class=\"lp-badge\" src=\"https:\/\/www.interflora.fr\/blog\/wp-content\/uploads\/2025\/06\/logo-circle.png\" alt=\"Livraison rapide Interflora\"><\/div><span>Pot de bruy\u00e8re<\/span><p>22.95 \u20ac<\/p><span class=\"obf-link lp-cta\" role=\"link\" tabindex=\"0\" data-b64=\"aHR0cHM6Ly93d3cuaW50ZXJmbG9yYS5mci9wL3BvdC1kZS1icnV5ZXJlLzEvRlI\/dXRtX21lZGl1bT1vcmdhbmljJnV0bV9zb3VyY2U9YmxvZ19wcm9kdWN0cyZ1dG1fY2FtcGFpZ249NkJSVVk=\" data-target=\"_blank\"><svg xmlns=\"http:\/\/www.w3.org\/2000\/svg\" width=\"16\" height=\"16\" fill=\"currentColor\" class=\"bi bi-bag\" viewBox=\"0 0 16 16\"><path d=\"M8 1a2 2 0 0 1 2 2v1h2.5A1.5 1.5 0 0 1 14 5.5v8A1.5 1.5 0 0 1 12.5 15h-9A1.5 1.5 0 0 1 2 13.5v-8A1.5 1.5 0 0 1 3.5 3H6V2a2 2 0 0 1 2-1zm1 3V3a1 1 0 0 0-2 0v1h2z\"\/><\/svg>Voir le produit<\/span><p class=\"rapido\">Livraison rapide<\/p><\/div><div class=\"lp-produit\"><div class=\"lp-thumbnail-wrapper\"><img loading=\"lazy\" decoding=\"async\" width=\"300\" height=\"300\" src=\"https:\/\/www.interflora.fr\/blog\/wp-content\/uploads\/2025\/05\/6DCO-800Wx800H-0-1-13-300x300.jpg\" class=\"attachment-medium size-medium wp-post-image\" alt=\"\" srcset=\"https:\/\/www.interflora.fr\/blog\/wp-content\/uploads\/2025\/05\/6DCO-800Wx800H-0-1-13-300x300.jpg 300w, https:\/\/www.interflora.fr\/blog\/wp-content\/uploads\/2025\/05\/6DCO-800Wx800H-0-1-13-150x150.jpg 150w, https:\/\/www.interflora.fr\/blog\/wp-content\/uploads\/2025\/05\/6DCO-800Wx800H-0-1-13-768x768.jpg 768w, https:\/\/www.interflora.fr\/blog\/wp-content\/uploads\/2025\/05\/6DCO-800Wx800H-0-1-13.jpg 800w\" sizes=\"auto, (max-width: 300px) 100vw, 300px\" \/><img decoding=\"async\" class=\"lp-badge\" src=\"https:\/\/www.interflora.fr\/blog\/wp-content\/uploads\/2025\/06\/logo-circle.png\" alt=\"Livraison rapide Interflora\"><\/div><span>Douce compassion<\/span><p>42.95 \u20ac<\/p><span class=\"obf-link lp-cta\" role=\"link\" tabindex=\"0\" data-b64=\"aHR0cHM6Ly93d3cuaW50ZXJmbG9yYS5mci9wL2RldWlsLWNvdXBlLXBsYW50ZXMtZG91Y2UtY29tcGFzc2lvbi8xL0ZSP3V0bV9tZWRpdW09b3JnYW5pYyZ1dG1fc291cmNlPWJsb2dfcHJvZHVjdHMmdXRtX2NhbXBhaWduPTZEQ08=\" data-target=\"_blank\"><svg xmlns=\"http:\/\/www.w3.org\/2000\/svg\" width=\"16\" height=\"16\" fill=\"currentColor\" class=\"bi bi-bag\" viewBox=\"0 0 16 16\"><path d=\"M8 1a2 2 0 0 1 2 2v1h2.5A1.5 1.5 0 0 1 14 5.5v8A1.5 1.5 0 0 1 12.5 15h-9A1.5 1.5 0 0 1 2 13.5v-8A1.5 1.5 0 0 1 3.5 3H6V2a2 2 0 0 1 2-1zm1 3V3a1 1 0 0 0-2 0v1h2z\"\/><\/svg>Voir le produit<\/span><p class=\"rapido\">Top produit<\/p><\/div><div class=\"lp-produit\"><div class=\"lp-thumbnail-wrapper\"><img loading=\"lazy\" decoding=\"async\" width=\"300\" height=\"300\" src=\"https:\/\/www.interflora.fr\/blog\/wp-content\/uploads\/2025\/10\/CHRY7-800Wx800H-0-1-300x300.jpg\" class=\"attachment-medium size-medium wp-post-image\" alt=\"\" srcset=\"https:\/\/www.interflora.fr\/blog\/wp-content\/uploads\/2025\/10\/CHRY7-800Wx800H-0-1-300x300.jpg 300w, https:\/\/www.interflora.fr\/blog\/wp-content\/uploads\/2025\/10\/CHRY7-800Wx800H-0-1-150x150.jpg 150w, https:\/\/www.interflora.fr\/blog\/wp-content\/uploads\/2025\/10\/CHRY7-800Wx800H-0-1-768x768.jpg 768w, https:\/\/www.interflora.fr\/blog\/wp-content\/uploads\/2025\/10\/CHRY7-800Wx800H-0-1.jpg 800w\" sizes=\"auto, (max-width: 300px) 100vw, 300px\" \/><img decoding=\"async\" class=\"lp-badge\" src=\"https:\/\/www.interflora.fr\/blog\/wp-content\/uploads\/2025\/06\/logo-circle.png\" alt=\"Livraison rapide Interflora\"><\/div><span>Chrysanth\u00e8me mauve<\/span><p>24.95 \u20ac<\/p><span class=\"obf-link lp-cta\" role=\"link\" tabindex=\"0\" data-b64=\"aHR0cHM6Ly93d3cuaW50ZXJmbG9yYS5mci9wL2NocnlzYW50aGVtZS11bmljb2xvcmUtbS8xL0ZSP3V0bV9tZWRpdW09b3JnYW5pYyZ1dG1fc291cmNlPWJsb2dfcHJvZHVjdHMmdXRtX2NhbXBhaWduPUNIUlk3\" data-target=\"_blank\"><svg xmlns=\"http:\/\/www.w3.org\/2000\/svg\" width=\"16\" height=\"16\" fill=\"currentColor\" class=\"bi bi-bag\" viewBox=\"0 0 16 16\"><path d=\"M8 1a2 2 0 0 1 2 2v1h2.5A1.5 1.5 0 0 1 14 5.5v8A1.5 1.5 0 0 1 12.5 15h-9A1.5 1.5 0 0 1 2 13.5v-8A1.5 1.5 0 0 1 3.5 3H6V2a2 2 0 0 1 2-1zm1 3V3a1 1 0 0 0-2 0v1h2z\"\/><\/svg>Voir le produit<\/span><p class=\"rapido\">Livraison rapide<\/p><\/div><div class=\"lp-produit\"><div class=\"lp-thumbnail-wrapper\"><img loading=\"lazy\" decoding=\"async\" width=\"300\" height=\"300\" src=\"https:\/\/www.interflora.fr\/blog\/wp-content\/uploads\/2025\/10\/CHRY4-800Wx800H-0-1-300x300.jpg\" class=\"attachment-medium size-medium wp-post-image\" alt=\"\" srcset=\"https:\/\/www.interflora.fr\/blog\/wp-content\/uploads\/2025\/10\/CHRY4-800Wx800H-0-1-300x300.jpg 300w, https:\/\/www.interflora.fr\/blog\/wp-content\/uploads\/2025\/10\/CHRY4-800Wx800H-0-1-150x150.jpg 150w, https:\/\/www.interflora.fr\/blog\/wp-content\/uploads\/2025\/10\/CHRY4-800Wx800H-0-1-768x768.jpg 768w, https:\/\/www.interflora.fr\/blog\/wp-content\/uploads\/2025\/10\/CHRY4-800Wx800H-0-1.jpg 800w\" sizes=\"auto, (max-width: 300px) 100vw, 300px\" \/><img decoding=\"async\" class=\"lp-badge\" src=\"https:\/\/www.interflora.fr\/blog\/wp-content\/uploads\/2025\/06\/logo-circle.png\" alt=\"Livraison rapide Interflora\"><\/div><span>Duo de chrysanth\u00e8me multicolore<\/span><p>49.95 \u20ac<\/p><span class=\"obf-link lp-cta\" role=\"link\" tabindex=\"0\" data-b64=\"aHR0cHM6Ly93d3cuaW50ZXJmbG9yYS5mci9wL2NocnlzYW50aGVtZXMtbXVsdGljb2xvcmVzLTIvMS9GUj91dG1fbWVkaXVtPW9yZ2FuaWMmdXRtX3NvdXJjZT1ibG9nX3Byb2R1Y3RzJnV0bV9jYW1wYWlnbj1DSFJZNA==\" data-target=\"_blank\"><svg xmlns=\"http:\/\/www.w3.org\/2000\/svg\" width=\"16\" height=\"16\" fill=\"currentColor\" class=\"bi bi-bag\" viewBox=\"0 0 16 16\"><path d=\"M8 1a2 2 0 0 1 2 2v1h2.5A1.5 1.5 0 0 1 14 5.5v8A1.5 1.5 0 0 1 12.5 15h-9A1.5 1.5 0 0 1 2 13.5v-8A1.5 1.5 0 0 1 3.5 3H6V2a2 2 0 0 1 2-1zm1 3V3a1 1 0 0 0-2 0v1h2z\"\/><\/svg>Voir le produit<\/span><p class=\"rapido\">Livraison rapide<\/p><\/div><\/div>\n\n\n\n<div style=\"height:10px\" aria-hidden=\"true\" class=\"wp-block-spacer\"><\/div>\n\n\n\n<h2 class=\"wp-block-heading alignwide\">Pourquoi et comment choisir des plantes adapt\u00e9es au cimeti\u00e8re en hiver&nbsp;?<\/h2>\n\n\n\n<p>Les mois d\u2019hiver, le gel, la neige et le vent froid mettent les plantes \u00e0 rude \u00e9preuve. Mais ces conditions difficiles ne doivent aucunement vous emp\u00eacher d\u2019apporter des fleurs sur une tombe en hiver. L\u2019important est de choisir des vari\u00e9t\u00e9s adapt\u00e9es \u00e0 cette saison.<\/p>\n\n\n\n<p>Voici quatre <strong>crit\u00e8res \u00e0 prendre en compte pour bien choisir vos plantes pour cimeti\u00e8re en hiver<\/strong>.<\/p>\n\n\n\n<h3 class=\"wp-block-heading\">R\u00e9sistance au gel<\/h3>\n\n\n\n<p>Les plantes choisies doivent \u00eatre capables de supporter des temp\u00e9ratures n\u00e9gatives prolong\u00e9es. Des vari\u00e9t\u00e9s comme les pens\u00e9es, les hell\u00e9bores ou les bruy\u00e8res sont connues pour leur <strong>robustesse face aux gel\u00e9es hivernales<\/strong>.<\/p>\n\n\n\n<h3 class=\"wp-block-heading\">Entretien minimal<\/h3>\n\n\n\n<p>Il est difficile de visiter r\u00e9guli\u00e8rement les cimeti\u00e8res, surtout entre d\u00e9cembre et mars, o\u00f9 le froid et la nuit pr\u00e9coce donnent envie de rester \u00e0 la maison. Pour la tombe que vous souhaitez fleurir, privil\u00e9giez donc les <strong>plantes \u00e0 croissance lente ou qui demandent peu de taille ou d&rsquo;entretien<\/strong>, comme le buis ou le houx.<\/p>\n\n\n\n<figure class=\"wp-block-image aligncenter size-full\"><img decoding=\"async\" src=\"https:\/\/www.interflora.fr\/blog\/wp-content\/uploads\/fleur-cimetiere-hiver.jpg\" alt=\"Hellebores violettes en terre dans un cimeti\u00e8re\" class=\"wp-image-45477\"\/><\/figure>\n\n\n\n<h3 class=\"wp-block-heading\">Floraison hivernale ou feuillage d\u00e9coratif<\/h3>\n\n\n\n<p>La <strong>saisonnalit\u00e9 de la plante<\/strong> est \u00e9videmment un crit\u00e8re important. Certaines plantes, comme les cyclamens ou les hell\u00e9bores, continuent de fleurir en hiver.<\/p>\n\n\n\n<p>Si vous pr\u00e9f\u00e9rez un aspect v\u00e9g\u00e9tatif toute l&rsquo;ann\u00e9e, choisissez des plantes \u00e0 feuillage persistant qui ne perdent pas leurs feuilles pendant la saison froide.<\/p>\n\n\n\n<h3 class=\"wp-block-heading\">Symbolisme<\/h3>\n\n\n\n<p>Enfin, fleurir une tombe, c\u2019est <strong>faire passer un message au d\u00e9funt<\/strong>. Choisissez des plantes dont la symbolique correspond aux mots que vous souhaitez transmettre. Par exemple, <a href=\"https:\/\/www.interflora.fr\/c\/fleurs-toussaint-chrysanthemes\">le chrysanth\u00e8me<\/a> symbolise l\u2019immortalit\u00e9, tandis que la bruy\u00e8re repr\u00e9sente la s\u00e9r\u00e9nit\u00e9 et la protection.<\/p>\n\n\n<div class=\"lp-produits-grid\"><div class=\"lp-produit\"><div class=\"lp-thumbnail-wrapper\"><img loading=\"lazy\" decoding=\"async\" width=\"300\" height=\"300\" src=\"https:\/\/www.interflora.fr\/blog\/wp-content\/uploads\/2025\/05\/CHRY8LST-800Wx800H-0-1-300x300.jpg\" class=\"attachment-medium size-medium wp-post-image\" alt=\"\" srcset=\"https:\/\/www.interflora.fr\/blog\/wp-content\/uploads\/2025\/05\/CHRY8LST-800Wx800H-0-1-300x300.jpg 300w, https:\/\/www.interflora.fr\/blog\/wp-content\/uploads\/2025\/05\/CHRY8LST-800Wx800H-0-1-150x150.jpg 150w, https:\/\/www.interflora.fr\/blog\/wp-content\/uploads\/2025\/05\/CHRY8LST-800Wx800H-0-1-768x768.jpg 768w, https:\/\/www.interflora.fr\/blog\/wp-content\/uploads\/2025\/05\/CHRY8LST-800Wx800H-0-1.jpg 800w\" sizes=\"auto, (max-width: 300px) 100vw, 300px\" \/><img decoding=\"async\" class=\"lp-badge\" src=\"https:\/\/www.interflora.fr\/blog\/wp-content\/uploads\/2025\/06\/logo-circle.png\" alt=\"Livraison rapide Interflora\"><\/div><span>Chrysanth\u00e8me multicolore et sa livraison sur tombe<\/span><p>31.95 \u20ac<\/p><span class=\"obf-link lp-cta\" role=\"link\" tabindex=\"0\" data-b64=\"aHR0cHM6Ly93d3cuaW50ZXJmbG9yYS5mci9wL2NocnlzYW50aGVtZS1tdWx0aS1saXZyYWlzb24tdG9tYmUvMS9GUj91dG1fbWVkaXVtPW9yZ2FuaWMmdXRtX3NvdXJjZT1ibG9nX3Byb2R1Y3RzJnV0bV9jYW1wYWlnbj1DSFJZOExTVA==\" data-target=\"_blank\"><svg xmlns=\"http:\/\/www.w3.org\/2000\/svg\" width=\"16\" height=\"16\" fill=\"currentColor\" class=\"bi bi-bag\" viewBox=\"0 0 16 16\"><path d=\"M8 1a2 2 0 0 1 2 2v1h2.5A1.5 1.5 0 0 1 14 5.5v8A1.5 1.5 0 0 1 12.5 15h-9A1.5 1.5 0 0 1 2 13.5v-8A1.5 1.5 0 0 1 3.5 3H6V2a2 2 0 0 1 2-1zm1 3V3a1 1 0 0 0-2 0v1h2z\"\/><\/svg>Voir le produit<\/span><p class=\"rapido\">Top produit<\/p><\/div><div class=\"lp-produit\"><div class=\"lp-thumbnail-wrapper\"><img loading=\"lazy\" decoding=\"async\" width=\"300\" height=\"300\" src=\"https:\/\/www.interflora.fr\/blog\/wp-content\/uploads\/2025\/05\/6DCO-800Wx800H-0-1-13-300x300.jpg\" class=\"attachment-medium size-medium wp-post-image\" alt=\"\" srcset=\"https:\/\/www.interflora.fr\/blog\/wp-content\/uploads\/2025\/05\/6DCO-800Wx800H-0-1-13-300x300.jpg 300w, https:\/\/www.interflora.fr\/blog\/wp-content\/uploads\/2025\/05\/6DCO-800Wx800H-0-1-13-150x150.jpg 150w, https:\/\/www.interflora.fr\/blog\/wp-content\/uploads\/2025\/05\/6DCO-800Wx800H-0-1-13-768x768.jpg 768w, https:\/\/www.interflora.fr\/blog\/wp-content\/uploads\/2025\/05\/6DCO-800Wx800H-0-1-13.jpg 800w\" sizes=\"auto, (max-width: 300px) 100vw, 300px\" \/><img decoding=\"async\" class=\"lp-badge\" src=\"https:\/\/www.interflora.fr\/blog\/wp-content\/uploads\/2025\/06\/logo-circle.png\" alt=\"Livraison rapide Interflora\"><\/div><span>Douce compassion<\/span><p>42.95 \u20ac<\/p><span class=\"obf-link lp-cta\" role=\"link\" tabindex=\"0\" data-b64=\"aHR0cHM6Ly93d3cuaW50ZXJmbG9yYS5mci9wL2RldWlsLWNvdXBlLXBsYW50ZXMtZG91Y2UtY29tcGFzc2lvbi8xL0ZSP3V0bV9tZWRpdW09b3JnYW5pYyZ1dG1fc291cmNlPWJsb2dfcHJvZHVjdHMmdXRtX2NhbXBhaWduPTZEQ08=\" data-target=\"_blank\"><svg xmlns=\"http:\/\/www.w3.org\/2000\/svg\" width=\"16\" height=\"16\" fill=\"currentColor\" class=\"bi bi-bag\" viewBox=\"0 0 16 16\"><path d=\"M8 1a2 2 0 0 1 2 2v1h2.5A1.5 1.5 0 0 1 14 5.5v8A1.5 1.5 0 0 1 12.5 15h-9A1.5 1.5 0 0 1 2 13.5v-8A1.5 1.5 0 0 1 3.5 3H6V2a2 2 0 0 1 2-1zm1 3V3a1 1 0 0 0-2 0v1h2z\"\/><\/svg>Voir le produit<\/span><p class=\"rapido\">Livraison rapide<\/p><\/div><div class=\"lp-produit\"><div class=\"lp-thumbnail-wrapper\"><img loading=\"lazy\" decoding=\"async\" width=\"300\" height=\"300\" src=\"https:\/\/www.interflora.fr\/blog\/wp-content\/uploads\/2025\/10\/CHRY10-800Wx800H-0-1-300x300.jpg\" class=\"attachment-medium size-medium wp-post-image\" alt=\"\" srcset=\"https:\/\/www.interflora.fr\/blog\/wp-content\/uploads\/2025\/10\/CHRY10-800Wx800H-0-1-300x300.jpg 300w, https:\/\/www.interflora.fr\/blog\/wp-content\/uploads\/2025\/10\/CHRY10-800Wx800H-0-1-150x150.jpg 150w, https:\/\/www.interflora.fr\/blog\/wp-content\/uploads\/2025\/10\/CHRY10-800Wx800H-0-1-768x768.jpg 768w, https:\/\/www.interflora.fr\/blog\/wp-content\/uploads\/2025\/10\/CHRY10-800Wx800H-0-1.jpg 800w\" sizes=\"auto, (max-width: 300px) 100vw, 300px\" \/><img decoding=\"async\" class=\"lp-badge\" src=\"https:\/\/www.interflora.fr\/blog\/wp-content\/uploads\/2025\/06\/logo-circle.png\" alt=\"Livraison rapide Interflora\"><\/div><span>Chrysanth\u00e8me rouge<\/span><p>24.95 \u20ac<\/p><span class=\"obf-link lp-cta\" role=\"link\" tabindex=\"0\" data-b64=\"aHR0cHM6Ly93d3cuaW50ZXJmbG9yYS5mci9wL2NocnlzYW50aGVtZS1yb3VnZS8xL0ZSP3V0bV9tZWRpdW09b3JnYW5pYyZ1dG1fc291cmNlPWJsb2dfcHJvZHVjdHMmdXRtX2NhbXBhaWduPUNIUlkxMA==\" data-target=\"_blank\"><svg xmlns=\"http:\/\/www.w3.org\/2000\/svg\" width=\"16\" height=\"16\" fill=\"currentColor\" class=\"bi bi-bag\" viewBox=\"0 0 16 16\"><path d=\"M8 1a2 2 0 0 1 2 2v1h2.5A1.5 1.5 0 0 1 14 5.5v8A1.5 1.5 0 0 1 12.5 15h-9A1.5 1.5 0 0 1 2 13.5v-8A1.5 1.5 0 0 1 3.5 3H6V2a2 2 0 0 1 2-1zm1 3V3a1 1 0 0 0-2 0v1h2z\"\/><\/svg>Voir le produit<\/span><p class=\"rapido\">Top produit<\/p><\/div><div class=\"lp-produit\"><div class=\"lp-thumbnail-wrapper\"><img loading=\"lazy\" decoding=\"async\" width=\"300\" height=\"300\" src=\"https:\/\/www.interflora.fr\/blog\/wp-content\/uploads\/2025\/05\/W6CPF-800Wx800H-0-1-300x300.jpg\" class=\"attachment-medium size-medium wp-post-image\" alt=\"\" srcset=\"https:\/\/www.interflora.fr\/blog\/wp-content\/uploads\/2025\/05\/W6CPF-800Wx800H-0-1-300x300.jpg 300w, https:\/\/www.interflora.fr\/blog\/wp-content\/uploads\/2025\/05\/W6CPF-800Wx800H-0-1-150x150.jpg 150w, https:\/\/www.interflora.fr\/blog\/wp-content\/uploads\/2025\/05\/W6CPF-800Wx800H-0-1-768x768.jpg 768w, https:\/\/www.interflora.fr\/blog\/wp-content\/uploads\/2025\/05\/W6CPF-800Wx800H-0-1.jpg 800w\" sizes=\"auto, (max-width: 300px) 100vw, 300px\" \/><img decoding=\"async\" class=\"lp-badge\" src=\"https:\/\/www.interflora.fr\/blog\/wp-content\/uploads\/2025\/06\/logo-circle.png\" alt=\"Livraison rapide Interflora\"><\/div><span>La coupe de plantes du fleuriste<\/span><p>34.95 \u20ac<\/p><span class=\"obf-link lp-cta\" role=\"link\" tabindex=\"0\" data-b64=\"aHR0cHM6Ly93d3cuaW50ZXJmbG9yYS5mci9wL2RldWlsLWNvdXBlLXBsYW50ZXMtZmxldXJpc3RlLzEvRlI\/dXRtX21lZGl1bT1vcmdhbmljJnV0bV9zb3VyY2U9YmxvZ19wcm9kdWN0cyZ1dG1fY2FtcGFpZ249VzZDUEY=\" data-target=\"_blank\"><svg xmlns=\"http:\/\/www.w3.org\/2000\/svg\" width=\"16\" height=\"16\" fill=\"currentColor\" class=\"bi bi-bag\" viewBox=\"0 0 16 16\"><path d=\"M8 1a2 2 0 0 1 2 2v1h2.5A1.5 1.5 0 0 1 14 5.5v8A1.5 1.5 0 0 1 12.5 15h-9A1.5 1.5 0 0 1 2 13.5v-8A1.5 1.5 0 0 1 3.5 3H6V2a2 2 0 0 1 2-1zm1 3V3a1 1 0 0 0-2 0v1h2z\"\/><\/svg>Voir le produit<\/span><p class=\"rapido\">Livraison rapide<\/p><\/div><\/div>\n\n\n\n<div style=\"height:10px\" aria-hidden=\"true\" class=\"wp-block-spacer\"><\/div>\n\n\n\n<h2 class=\"wp-block-heading alignwide\">Quelles fleurs pour le cimeti\u00e8re en hiver&nbsp;?<\/h2>\n\n\n\n<p>M\u00eame en plein c\u0153ur de l\u2019hiver, certaines fleurs se d\u00e9marquent par leur capacit\u00e9 \u00e0 affronter le froid tout en conservant leur beaut\u00e9. Elles apportent r\u00e9confort et couleur dans un environnement souvent marqu\u00e9 par le deuil, la tristesse et la grisaille.<\/p>\n\n\n\n<h3 class=\"wp-block-heading\">Fleurs pour cimeti\u00e8re qui ne g\u00e8lent pas<\/h3>\n\n\n\n<p>Parmi les plus populaires, <strong>le chrysanth\u00e8me<\/strong> est une valeur s\u00fbre. Symbole d\u2019immortalit\u00e9 et d\u2019amour \u00e9ternel, il est un incontournable des <a href=\"https:\/\/www.interflora.fr\/c\/fleurs-toussaint\">fleurs de la Toussaint<\/a> et des plantes pour cimeti\u00e8re.<\/p>\n\n\n\n<p><strong>Les pens\u00e9es<\/strong> sont \u00e9galement une excellente option pour fleurir une tombe en hiver. Avec leurs couleurs vives et leur r\u00e9sistance au froid, elles sont parfaites pour affronter les premi\u00e8res gel\u00e9es tout en apportant une jolie note d&rsquo;espoir.<\/p>\n\n\n\n<p><strong>Le cyclamen<\/strong>, quant \u00e0 lui, s\u00e9duit par ses fleurs d\u00e9licates et sa robustesse face aux intemp\u00e9ries. Dans le langage des fleurs, il transmet un message de tendresse et de profond attachement.<\/p>\n\n\n\n<p>Enfin, <strong>les hell\u00e9bores<\/strong>, bien connus sous le nom de roses de No\u00ebl, sont des fleurs incontournables dans les cimeti\u00e8res gr\u00e2ce \u00e0 leur r\u00e9sistance exceptionnelle aux conditions hivernales et \u00e0 leur floraison qui d\u00e9bute en plein c\u0153ur de l\u2019hiver.<\/p>\n\n\n\n<figure class=\"wp-block-image aligncenter size-full\"><img decoding=\"async\" src=\"https:\/\/www.interflora.fr\/blog\/wp-content\/uploads\/fleurs-cimetiere-gelent-pas.jpg\" alt=\"Chrysanth\u00e8mes rouges en pot, fleurs qui ne g\u00e8lent pas en hiver\" class=\"wp-image-45478\"\/><\/figure>\n\n\n\n<h3 class=\"wp-block-heading\">Plantes pour tombe ayant besoin de peu d\u2019entretien<\/h3>\n\n\n\n<p>En hiver, entretenir les fleurs d\u00e9pos\u00e9es sur une dalle fun\u00e9raire peut se r\u00e9v\u00e9ler complexe.<\/p>\n\n\n\n<p><strong>La bruy\u00e8re d\u2019hiver<\/strong>, avec ses petites clochettes roses ou pourpres, est parfaite pour d\u00e9corer les cimeti\u00e8res. Elle se contente d&rsquo;un peu de soleil, son entretien est quasi inexistant et pourtant, elle offre une couverture v\u00e9g\u00e9tale persistante. Ni le froid ni la neige n\u2019ont raison d\u2019elle&nbsp;!<\/p>\n\n\n\n<p><strong>Les arbustes \u00e0 feuillage persistant<\/strong>, comme le buis ou le houx, sont \u00e9galement des choix populaires pour orner les tombes en saison froide. Non seulement ils n\u00e9cessitent peu d\u2019arrosage, mais leur feuillage vert fonc\u00e9 contraste joliment avec l\u2019environnement gris\u00e2tre des cimeti\u00e8res en hiver. En outre, ces plantes, que l\u2019on retrouve souvent sur les tombes, symbolisent l\u2019\u00e9ternit\u00e9 et le renouveau.<\/p>\n\n\n\n<p>Pour plus d\u2019id\u00e9es de plantes pour le cimeti\u00e8re en hiver, retrouvez notre liste de <a href=\"https:\/\/www.interflora.fr\/blog\/ces-plantes-qui-resistent-a-tout\/\">plantes particuli\u00e8rement r\u00e9sistantes<\/a>.<\/p>\n\n\n<div class=\"lp-produits-grid\"><div class=\"lp-produit\"><div class=\"lp-thumbnail-wrapper\"><img loading=\"lazy\" decoding=\"async\" width=\"300\" height=\"300\" src=\"https:\/\/www.interflora.fr\/blog\/wp-content\/uploads\/2025\/05\/6AELST-800Wx800H-0-1-13-300x300.jpg\" class=\"attachment-medium size-medium wp-post-image\" alt=\"\" srcset=\"https:\/\/www.interflora.fr\/blog\/wp-content\/uploads\/2025\/05\/6AELST-800Wx800H-0-1-13-300x300.jpg 300w, https:\/\/www.interflora.fr\/blog\/wp-content\/uploads\/2025\/05\/6AELST-800Wx800H-0-1-13-150x150.jpg 150w, https:\/\/www.interflora.fr\/blog\/wp-content\/uploads\/2025\/05\/6AELST-800Wx800H-0-1-13-768x768.jpg 768w, https:\/\/www.interflora.fr\/blog\/wp-content\/uploads\/2025\/05\/6AELST-800Wx800H-0-1-13.jpg 800w\" sizes=\"auto, (max-width: 300px) 100vw, 300px\" \/><img decoding=\"async\" class=\"lp-badge\" src=\"https:\/\/www.interflora.fr\/blog\/wp-content\/uploads\/2025\/06\/logo-circle.png\" alt=\"Livraison rapide Interflora\"><\/div><span>Amiti\u00e9 \u00e9ternelle et sa livraison sur tombe<\/span><p>64.95 \u20ac<\/p><span class=\"obf-link lp-cta\" role=\"link\" tabindex=\"0\" data-b64=\"aHR0cHM6Ly93d3cuaW50ZXJmbG9yYS5mci9wL2FtaXRpZS1ldGVybmVsbGUtZXQtbGl2cmFpc29uLXN1ci10b21iZS8xL0ZSP3V0bV9tZWRpdW09b3JnYW5pYyZ1dG1fc291cmNlPWJsb2dfcHJvZHVjdHMmdXRtX2NhbXBhaWduPTZBRUxTVA==\" data-target=\"_blank\"><svg xmlns=\"http:\/\/www.w3.org\/2000\/svg\" width=\"16\" height=\"16\" fill=\"currentColor\" class=\"bi bi-bag\" viewBox=\"0 0 16 16\"><path d=\"M8 1a2 2 0 0 1 2 2v1h2.5A1.5 1.5 0 0 1 14 5.5v8A1.5 1.5 0 0 1 12.5 15h-9A1.5 1.5 0 0 1 2 13.5v-8A1.5 1.5 0 0 1 3.5 3H6V2a2 2 0 0 1 2-1zm1 3V3a1 1 0 0 0-2 0v1h2z\"\/><\/svg>Voir le produit<\/span><p class=\"rapido\">Livraison rapide<\/p><\/div><div class=\"lp-produit\"><div class=\"lp-thumbnail-wrapper\"><img loading=\"lazy\" decoding=\"async\" width=\"300\" height=\"300\" src=\"https:\/\/www.interflora.fr\/blog\/wp-content\/uploads\/2025\/10\/CHRY12-800Wx800H-0-1-300x300.jpg\" class=\"attachment-medium size-medium wp-post-image\" alt=\"\" srcset=\"https:\/\/www.interflora.fr\/blog\/wp-content\/uploads\/2025\/10\/CHRY12-800Wx800H-0-1-300x300.jpg 300w, https:\/\/www.interflora.fr\/blog\/wp-content\/uploads\/2025\/10\/CHRY12-800Wx800H-0-1-150x150.jpg 150w, https:\/\/www.interflora.fr\/blog\/wp-content\/uploads\/2025\/10\/CHRY12-800Wx800H-0-1-768x768.jpg 768w, https:\/\/www.interflora.fr\/blog\/wp-content\/uploads\/2025\/10\/CHRY12-800Wx800H-0-1.jpg 800w\" sizes=\"auto, (max-width: 300px) 100vw, 300px\" \/><img decoding=\"async\" class=\"lp-badge\" src=\"https:\/\/www.interflora.fr\/blog\/wp-content\/uploads\/2025\/06\/logo-circle.png\" alt=\"Livraison rapide Interflora\"><\/div><span>Duo de chrysanth\u00e8mes roses<\/span><p>44.95 \u20ac<\/p><span class=\"obf-link lp-cta\" role=\"link\" tabindex=\"0\" data-b64=\"aHR0cHM6Ly93d3cuaW50ZXJmbG9yYS5mci9wL2R1by1kZS1jaHlzYW50aGVtZXMtcm9zZS8xL0ZSP3V0bV9tZWRpdW09b3JnYW5pYyZ1dG1fc291cmNlPWJsb2dfcHJvZHVjdHMmdXRtX2NhbXBhaWduPUNIUlkxMg==\" data-target=\"_blank\"><svg xmlns=\"http:\/\/www.w3.org\/2000\/svg\" width=\"16\" height=\"16\" fill=\"currentColor\" class=\"bi bi-bag\" viewBox=\"0 0 16 16\"><path d=\"M8 1a2 2 0 0 1 2 2v1h2.5A1.5 1.5 0 0 1 14 5.5v8A1.5 1.5 0 0 1 12.5 15h-9A1.5 1.5 0 0 1 2 13.5v-8A1.5 1.5 0 0 1 3.5 3H6V2a2 2 0 0 1 2-1zm1 3V3a1 1 0 0 0-2 0v1h2z\"\/><\/svg>Voir le produit<\/span><p class=\"rapido\">Livraison rapide<\/p><\/div><div class=\"lp-produit\"><div class=\"lp-thumbnail-wrapper\"><img loading=\"lazy\" decoding=\"async\" width=\"300\" height=\"300\" src=\"https:\/\/www.interflora.fr\/blog\/wp-content\/uploads\/2025\/05\/W6CPF-800Wx800H-0-1-300x300.jpg\" class=\"attachment-medium size-medium wp-post-image\" alt=\"\" srcset=\"https:\/\/www.interflora.fr\/blog\/wp-content\/uploads\/2025\/05\/W6CPF-800Wx800H-0-1-300x300.jpg 300w, https:\/\/www.interflora.fr\/blog\/wp-content\/uploads\/2025\/05\/W6CPF-800Wx800H-0-1-150x150.jpg 150w, https:\/\/www.interflora.fr\/blog\/wp-content\/uploads\/2025\/05\/W6CPF-800Wx800H-0-1-768x768.jpg 768w, https:\/\/www.interflora.fr\/blog\/wp-content\/uploads\/2025\/05\/W6CPF-800Wx800H-0-1.jpg 800w\" sizes=\"auto, (max-width: 300px) 100vw, 300px\" \/><img decoding=\"async\" class=\"lp-badge\" src=\"https:\/\/www.interflora.fr\/blog\/wp-content\/uploads\/2025\/06\/logo-circle.png\" alt=\"Livraison rapide Interflora\"><\/div><span>La coupe de plantes du fleuriste<\/span><p>34.95 \u20ac<\/p><span class=\"obf-link lp-cta\" role=\"link\" tabindex=\"0\" data-b64=\"aHR0cHM6Ly93d3cuaW50ZXJmbG9yYS5mci9wL2RldWlsLWNvdXBlLXBsYW50ZXMtZmxldXJpc3RlLzEvRlI\/dXRtX21lZGl1bT1vcmdhbmljJnV0bV9zb3VyY2U9YmxvZ19wcm9kdWN0cyZ1dG1fY2FtcGFpZ249VzZDUEY=\" data-target=\"_blank\"><svg xmlns=\"http:\/\/www.w3.org\/2000\/svg\" width=\"16\" height=\"16\" fill=\"currentColor\" class=\"bi bi-bag\" viewBox=\"0 0 16 16\"><path d=\"M8 1a2 2 0 0 1 2 2v1h2.5A1.5 1.5 0 0 1 14 5.5v8A1.5 1.5 0 0 1 12.5 15h-9A1.5 1.5 0 0 1 2 13.5v-8A1.5 1.5 0 0 1 3.5 3H6V2a2 2 0 0 1 2-1zm1 3V3a1 1 0 0 0-2 0v1h2z\"\/><\/svg>Voir le produit<\/span><p class=\"rapido\">Fleurs fra\u00eeches<\/p><\/div><div class=\"lp-produit\"><div class=\"lp-thumbnail-wrapper\"><img loading=\"lazy\" decoding=\"async\" width=\"300\" height=\"300\" src=\"https:\/\/www.interflora.fr\/blog\/wp-content\/uploads\/2025\/10\/CHRY10-800Wx800H-0-1-300x300.jpg\" class=\"attachment-medium size-medium wp-post-image\" alt=\"\" srcset=\"https:\/\/www.interflora.fr\/blog\/wp-content\/uploads\/2025\/10\/CHRY10-800Wx800H-0-1-300x300.jpg 300w, https:\/\/www.interflora.fr\/blog\/wp-content\/uploads\/2025\/10\/CHRY10-800Wx800H-0-1-150x150.jpg 150w, https:\/\/www.interflora.fr\/blog\/wp-content\/uploads\/2025\/10\/CHRY10-800Wx800H-0-1-768x768.jpg 768w, https:\/\/www.interflora.fr\/blog\/wp-content\/uploads\/2025\/10\/CHRY10-800Wx800H-0-1.jpg 800w\" sizes=\"auto, (max-width: 300px) 100vw, 300px\" \/><img decoding=\"async\" class=\"lp-badge\" src=\"https:\/\/www.interflora.fr\/blog\/wp-content\/uploads\/2025\/06\/logo-circle.png\" alt=\"Livraison rapide Interflora\"><\/div><span>Chrysanth\u00e8me rouge<\/span><p>24.95 \u20ac<\/p><span class=\"obf-link lp-cta\" role=\"link\" tabindex=\"0\" data-b64=\"aHR0cHM6Ly93d3cuaW50ZXJmbG9yYS5mci9wL2NocnlzYW50aGVtZS1yb3VnZS8xL0ZSP3V0bV9tZWRpdW09b3JnYW5pYyZ1dG1fc291cmNlPWJsb2dfcHJvZHVjdHMmdXRtX2NhbXBhaWduPUNIUlkxMA==\" data-target=\"_blank\"><svg xmlns=\"http:\/\/www.w3.org\/2000\/svg\" width=\"16\" height=\"16\" fill=\"currentColor\" class=\"bi bi-bag\" viewBox=\"0 0 16 16\"><path d=\"M8 1a2 2 0 0 1 2 2v1h2.5A1.5 1.5 0 0 1 14 5.5v8A1.5 1.5 0 0 1 12.5 15h-9A1.5 1.5 0 0 1 2 13.5v-8A1.5 1.5 0 0 1 3.5 3H6V2a2 2 0 0 1 2-1zm1 3V3a1 1 0 0 0-2 0v1h2z\"\/><\/svg>Voir le produit<\/span><p class=\"rapido\">Livraison rapide<\/p><\/div><\/div>\n\n\n\n<div style=\"height:10px\" aria-hidden=\"true\" class=\"wp-block-spacer\"><\/div>\n\n\n\n<h3 class=\"wp-block-heading\">Fleurs \u00e0 mettre au cimeti\u00e8re pour les rameaux<\/h3>\n\n\n\n<p>Traditionnellement, les Rameaux, c\u00e9l\u00e9br\u00e9s avant P\u00e2ques, sont une occasion de <strong>se r\u00e9unir en famille, d\u2019aller fleurir les tombes et d\u2019avoir une pens\u00e9e pour les proches disparus<\/strong>. Selon la date \u00e0 laquelle tombe le dimanche des Rameaux, les temp\u00e9ratures seront plus ou moins cl\u00e9mentes. En fonction de la p\u00e9riode, vous pourrez choisir&nbsp;:<\/p>\n\n\n\n<ul class=\"wp-block-list\">\n<li>des plantes particuli\u00e8rement r\u00e9sistantes, telles que le buis, les bruy\u00e8res et les pens\u00e9es&nbsp;;<\/li>\n\n\n\n<li>ou des fleurs plus printani\u00e8res, comme les jonquilles et les primev\u00e8res.<\/li>\n<\/ul>\n\n\n\n<h2 class=\"wp-block-heading alignwide\">Quelles fleurs pour un enterrement en hiver&nbsp;?<\/h2>\n\n\n\n<p>La s\u00e9lection des fleurs pour un enterrement en hiver m\u00e9rite une attention particuli\u00e8re. Elles doivent non seulement \u00eatre belles et symboliques, mais aussi capables de r\u00e9sister aux temp\u00e9ratures froides. Heureusement, certaines fleurs se distinguent par leur capacit\u00e9 \u00e0 affronter les basses temp\u00e9ratures et \u00e0 conserver leur \u00e9clat, rendant un bel hommage aux personnes d\u00e9funtes&nbsp;:<\/p>\n\n\n\n<ul class=\"wp-block-list\">\n<li><strong>Les hell\u00e9bores<\/strong>&nbsp;: ces fleurs \u00e9l\u00e9gantes fleurissent en plein hiver, souvent d\u00e8s d\u00e9cembre, et r\u00e9sistent bien aux conditions les plus rudes. Leur symbolique de renouveau et de pers\u00e9v\u00e9rance en fait un choix judicieux pour un enterrement.<\/li>\n\n\n\n<li><strong>Les chrysanth\u00e8mes<\/strong>&nbsp;: bien que traditionnellement associ\u00e9s \u00e0 la Toussaint et \u00e0 l\u2019automne, les chrysanth\u00e8mes restent une excellente option pour un enterrement en hiver. Leur robustesse face au gel et leur longue dur\u00e9e de vie en font un choix pratique, mais aussi symbolique, puisqu\u2019ils \u00e9voquent l&rsquo;immortalit\u00e9.<\/li>\n\n\n\n<li><strong>Les pens\u00e9es<\/strong>&nbsp;: ces petites fleurs color\u00e9es sont des championnes du froid. Faciles \u00e0 trouver en hiver, elles ne craignent ni la neige ni le gel et apportent une note d\u2019espoir et de r\u00e9confort.<\/li>\n\n\n\n<li><strong>Le cyclamen<\/strong>&nbsp;: tr\u00e8s populaire en saison hivernale, le cyclamen peut tol\u00e9rer les basses temp\u00e9ratures tout en offrant une floraison d\u00e9licate et durable. Ses fleurs repr\u00e9sentent l&rsquo;amour \u00e9ternel et l\u2019attachement.<\/li>\n\n\n\n<li><strong>Les bruy\u00e8res<\/strong>&nbsp;: ces plantes aux petites fleurs color\u00e9es tol\u00e9rant bien le froid sont id\u00e9ales pour les enterrements en plein hiver. De plus, la bruy\u00e8re est souvent associ\u00e9e \u00e0 la protection et \u00e0 la s\u00e9r\u00e9nit\u00e9, ce qui en fait un symbole parfait pour une c\u00e9r\u00e9monie d&rsquo;adieu.<\/li>\n<\/ul>\n\n\n\n<figure class=\"wp-block-image aligncenter size-full\"><img decoding=\"async\" src=\"https:\/\/www.interflora.fr\/blog\/wp-content\/uploads\/fleurs-enterrement-hiver.jpg\" alt=\"Hellebore blanc et son feuillage\" class=\"wp-image-45476\" style=\"aspect-ratio:3\/2;object-fit:cover\"\/><\/figure>\n\n\n\n<h2 class=\"wp-block-heading alignwide\">Conseils pour avoir de belles plantes au cimeti\u00e8re en hiver<\/h2>\n\n\n\n<p>M\u00eame une plante ou une fleur d\u2019hiver pour cimeti\u00e8re particuli\u00e8rement r\u00e9sistante appr\u00e9ciera quelques soins pour prolonger son \u00e9clat durant la saison froide. Voici quelques astuces simples \u00e0 mettre en place&nbsp;:<\/p>\n\n\n\n<ul class=\"wp-block-list\">\n<li><strong>Arrosage limit\u00e9<\/strong>&nbsp;: durant l&rsquo;hiver, l&rsquo;eau peut geler et endommager les racines des plantes. Il est donc pr\u00e9f\u00e9rable d\u2019arroser l\u00e9g\u00e8rement si la terre devient trop s\u00e8che, en \u00e9vitant les p\u00e9riodes de gel.<\/li>\n\n\n\n<li><strong>Protection contre le gel<\/strong>&nbsp;: pour les fleurs plus sensibles, installer un paillage ou un voile d\u2019hivernage autour du pot peut \u00eatre une bonne solution pour prot\u00e9ger les racines du froid.<\/li>\n\n\n\n<li><strong>Nettoyage r\u00e9gulier<\/strong>&nbsp;: \u00e0 chacune de vos visites, retirez les feuilles mortes et les fleurs fan\u00e9es. Cela permet de conserver la tombe propre et de pr\u00e9venir l\u2019apparition de moisissures ou d\u2019infections.<\/li>\n<\/ul>\n\n\n\n<p>En suivant ces conseils, m\u00eame les mois les plus froids ne seront pas un obstacle pour <a href=\"https:\/\/www.interflora.fr\/blog\/fleurs-tombe\/\">fleurir une tombe<\/a>.<\/p>\n\n\n\n<figure class=\"wp-block-image aligncenter size-full\"><img decoding=\"async\" src=\"https:\/\/www.interflora.fr\/blog\/wp-content\/uploads\/fleur-hiver-cimetiere.jpg\" alt=\"Cyclamen rose et blanc\" class=\"wp-image-45475\" style=\"aspect-ratio:3\/2;object-fit:cover\"\/><\/figure>\n\n\n<div class=\"lp-produits-grid\"><div class=\"lp-produit\"><div class=\"lp-thumbnail-wrapper\"><img loading=\"lazy\" decoding=\"async\" width=\"300\" height=\"300\" src=\"https:\/\/www.interflora.fr\/blog\/wp-content\/uploads\/2025\/05\/6SP-800Wx800H-0-1-11-300x300.jpg\" class=\"attachment-medium size-medium wp-post-image\" alt=\"\" srcset=\"https:\/\/www.interflora.fr\/blog\/wp-content\/uploads\/2025\/05\/6SP-800Wx800H-0-1-11-300x300.jpg 300w, https:\/\/www.interflora.fr\/blog\/wp-content\/uploads\/2025\/05\/6SP-800Wx800H-0-1-11-150x150.jpg 150w, https:\/\/www.interflora.fr\/blog\/wp-content\/uploads\/2025\/05\/6SP-800Wx800H-0-1-11-768x768.jpg 768w, https:\/\/www.interflora.fr\/blog\/wp-content\/uploads\/2025\/05\/6SP-800Wx800H-0-1-11.jpg 800w\" sizes=\"auto, (max-width: 300px) 100vw, 300px\" \/><img decoding=\"async\" class=\"lp-badge\" src=\"https:\/\/www.interflora.fr\/blog\/wp-content\/uploads\/2025\/06\/logo-circle.png\" alt=\"Livraison rapide Interflora\"><\/div><span>Songe du pass\u00e9<\/span><p>46.95 \u20ac<\/p><span class=\"obf-link lp-cta\" role=\"link\" tabindex=\"0\" data-b64=\"aHR0cHM6Ly93d3cuaW50ZXJmbG9yYS5mci9wL2RldWlsLWNvdXBlLXBsYW50ZXMtc29uZ2UtcGFzc2UvMS9GUj91dG1fbWVkaXVtPW9yZ2FuaWMmdXRtX3NvdXJjZT1ibG9nX3Byb2R1Y3RzJnV0bV9jYW1wYWlnbj02U1A=\" data-target=\"_blank\"><svg xmlns=\"http:\/\/www.w3.org\/2000\/svg\" width=\"16\" height=\"16\" fill=\"currentColor\" class=\"bi bi-bag\" viewBox=\"0 0 16 16\"><path d=\"M8 1a2 2 0 0 1 2 2v1h2.5A1.5 1.5 0 0 1 14 5.5v8A1.5 1.5 0 0 1 12.5 15h-9A1.5 1.5 0 0 1 2 13.5v-8A1.5 1.5 0 0 1 3.5 3H6V2a2 2 0 0 1 2-1zm1 3V3a1 1 0 0 0-2 0v1h2z\"\/><\/svg>Voir le produit<\/span><p class=\"rapido\">Livraison rapide<\/p><\/div><div class=\"lp-produit\"><div class=\"lp-thumbnail-wrapper\"><img loading=\"lazy\" decoding=\"async\" width=\"300\" height=\"300\" src=\"https:\/\/www.interflora.fr\/blog\/wp-content\/uploads\/2025\/10\/CHRY10-800Wx800H-0-1-300x300.jpg\" class=\"attachment-medium size-medium wp-post-image\" alt=\"\" srcset=\"https:\/\/www.interflora.fr\/blog\/wp-content\/uploads\/2025\/10\/CHRY10-800Wx800H-0-1-300x300.jpg 300w, https:\/\/www.interflora.fr\/blog\/wp-content\/uploads\/2025\/10\/CHRY10-800Wx800H-0-1-150x150.jpg 150w, https:\/\/www.interflora.fr\/blog\/wp-content\/uploads\/2025\/10\/CHRY10-800Wx800H-0-1-768x768.jpg 768w, https:\/\/www.interflora.fr\/blog\/wp-content\/uploads\/2025\/10\/CHRY10-800Wx800H-0-1.jpg 800w\" sizes=\"auto, (max-width: 300px) 100vw, 300px\" \/><img decoding=\"async\" class=\"lp-badge\" src=\"https:\/\/www.interflora.fr\/blog\/wp-content\/uploads\/2025\/06\/logo-circle.png\" alt=\"Livraison rapide Interflora\"><\/div><span>Chrysanth\u00e8me rouge<\/span><p>24.95 \u20ac<\/p><span class=\"obf-link lp-cta\" role=\"link\" tabindex=\"0\" data-b64=\"aHR0cHM6Ly93d3cuaW50ZXJmbG9yYS5mci9wL2NocnlzYW50aGVtZS1yb3VnZS8xL0ZSP3V0bV9tZWRpdW09b3JnYW5pYyZ1dG1fc291cmNlPWJsb2dfcHJvZHVjdHMmdXRtX2NhbXBhaWduPUNIUlkxMA==\" data-target=\"_blank\"><svg xmlns=\"http:\/\/www.w3.org\/2000\/svg\" width=\"16\" height=\"16\" fill=\"currentColor\" class=\"bi bi-bag\" viewBox=\"0 0 16 16\"><path d=\"M8 1a2 2 0 0 1 2 2v1h2.5A1.5 1.5 0 0 1 14 5.5v8A1.5 1.5 0 0 1 12.5 15h-9A1.5 1.5 0 0 1 2 13.5v-8A1.5 1.5 0 0 1 3.5 3H6V2a2 2 0 0 1 2-1zm1 3V3a1 1 0 0 0-2 0v1h2z\"\/><\/svg>Voir le produit<\/span><p class=\"rapido\">Top produit<\/p><\/div><div class=\"lp-produit\"><div class=\"lp-thumbnail-wrapper\"><img loading=\"lazy\" decoding=\"async\" width=\"300\" height=\"300\" src=\"https:\/\/www.interflora.fr\/blog\/wp-content\/uploads\/2025\/05\/CHRY6LST-800Wx800H-0-1-300x300.jpg\" class=\"attachment-medium size-medium wp-post-image\" alt=\"\" srcset=\"https:\/\/www.interflora.fr\/blog\/wp-content\/uploads\/2025\/05\/CHRY6LST-800Wx800H-0-1-300x300.jpg 300w, https:\/\/www.interflora.fr\/blog\/wp-content\/uploads\/2025\/05\/CHRY6LST-800Wx800H-0-1-150x150.jpg 150w, https:\/\/www.interflora.fr\/blog\/wp-content\/uploads\/2025\/05\/CHRY6LST-800Wx800H-0-1-768x768.jpg 768w, https:\/\/www.interflora.fr\/blog\/wp-content\/uploads\/2025\/05\/CHRY6LST-800Wx800H-0-1.jpg 800w\" sizes=\"auto, (max-width: 300px) 100vw, 300px\" \/><img decoding=\"async\" class=\"lp-badge\" src=\"https:\/\/www.interflora.fr\/blog\/wp-content\/uploads\/2025\/06\/logo-circle.png\" alt=\"Livraison rapide Interflora\"><\/div><span>Chrysanth\u00e8me rose et sa livraison sur tombe<\/span><p>29.95 \u20ac<\/p><span class=\"obf-link lp-cta\" role=\"link\" tabindex=\"0\" data-b64=\"aHR0cHM6Ly93d3cuaW50ZXJmbG9yYS5mci9wL2NocnlzYW50aGVtZS1yb3NlLWxpdnJhaXNvbi10b21iZS8yL0ZSP3V0bV9tZWRpdW09b3JnYW5pYyZ1dG1fc291cmNlPWJsb2dfcHJvZHVjdHMmdXRtX2NhbXBhaWduPUNIUlk2TFNU\" data-target=\"_blank\"><svg xmlns=\"http:\/\/www.w3.org\/2000\/svg\" width=\"16\" height=\"16\" fill=\"currentColor\" class=\"bi bi-bag\" viewBox=\"0 0 16 16\"><path d=\"M8 1a2 2 0 0 1 2 2v1h2.5A1.5 1.5 0 0 1 14 5.5v8A1.5 1.5 0 0 1 12.5 15h-9A1.5 1.5 0 0 1 2 13.5v-8A1.5 1.5 0 0 1 3.5 3H6V2a2 2 0 0 1 2-1zm1 3V3a1 1 0 0 0-2 0v1h2z\"\/><\/svg>Voir le produit<\/span><p class=\"rapido\">Fleurs fra\u00eeches<\/p><\/div><div class=\"lp-produit\"><div class=\"lp-thumbnail-wrapper\"><img loading=\"lazy\" decoding=\"async\" width=\"300\" height=\"300\" src=\"https:\/\/www.interflora.fr\/blog\/wp-content\/uploads\/2025\/05\/6DCO-800Wx800H-0-1-13-300x300.jpg\" class=\"attachment-medium size-medium wp-post-image\" alt=\"\" srcset=\"https:\/\/www.interflora.fr\/blog\/wp-content\/uploads\/2025\/05\/6DCO-800Wx800H-0-1-13-300x300.jpg 300w, https:\/\/www.interflora.fr\/blog\/wp-content\/uploads\/2025\/05\/6DCO-800Wx800H-0-1-13-150x150.jpg 150w, https:\/\/www.interflora.fr\/blog\/wp-content\/uploads\/2025\/05\/6DCO-800Wx800H-0-1-13-768x768.jpg 768w, https:\/\/www.interflora.fr\/blog\/wp-content\/uploads\/2025\/05\/6DCO-800Wx800H-0-1-13.jpg 800w\" sizes=\"auto, (max-width: 300px) 100vw, 300px\" \/><img decoding=\"async\" class=\"lp-badge\" src=\"https:\/\/www.interflora.fr\/blog\/wp-content\/uploads\/2025\/06\/logo-circle.png\" alt=\"Livraison rapide Interflora\"><\/div><span>Douce compassion<\/span><p>42.95 \u20ac<\/p><span class=\"obf-link lp-cta\" role=\"link\" tabindex=\"0\" data-b64=\"aHR0cHM6Ly93d3cuaW50ZXJmbG9yYS5mci9wL2RldWlsLWNvdXBlLXBsYW50ZXMtZG91Y2UtY29tcGFzc2lvbi8xL0ZSP3V0bV9tZWRpdW09b3JnYW5pYyZ1dG1fc291cmNlPWJsb2dfcHJvZHVjdHMmdXRtX2NhbXBhaWduPTZEQ08=\" data-target=\"_blank\"><svg xmlns=\"http:\/\/www.w3.org\/2000\/svg\" width=\"16\" height=\"16\" fill=\"currentColor\" class=\"bi bi-bag\" viewBox=\"0 0 16 16\"><path d=\"M8 1a2 2 0 0 1 2 2v1h2.5A1.5 1.5 0 0 1 14 5.5v8A1.5 1.5 0 0 1 12.5 15h-9A1.5 1.5 0 0 1 2 13.5v-8A1.5 1.5 0 0 1 3.5 3H6V2a2 2 0 0 1 2-1zm1 3V3a1 1 0 0 0-2 0v1h2z\"\/><\/svg>Voir le produit<\/span><p class=\"rapido\">Top produit<\/p><\/div><div class=\"lp-produit\"><div class=\"lp-thumbnail-wrapper\"><img loading=\"lazy\" decoding=\"async\" width=\"300\" height=\"300\" src=\"https:\/\/www.interflora.fr\/blog\/wp-content\/uploads\/2025\/10\/CHRY4-800Wx800H-0-1-300x300.jpg\" class=\"attachment-medium size-medium wp-post-image\" alt=\"\" srcset=\"https:\/\/www.interflora.fr\/blog\/wp-content\/uploads\/2025\/10\/CHRY4-800Wx800H-0-1-300x300.jpg 300w, https:\/\/www.interflora.fr\/blog\/wp-content\/uploads\/2025\/10\/CHRY4-800Wx800H-0-1-150x150.jpg 150w, https:\/\/www.interflora.fr\/blog\/wp-content\/uploads\/2025\/10\/CHRY4-800Wx800H-0-1-768x768.jpg 768w, https:\/\/www.interflora.fr\/blog\/wp-content\/uploads\/2025\/10\/CHRY4-800Wx800H-0-1.jpg 800w\" sizes=\"auto, (max-width: 300px) 100vw, 300px\" \/><img decoding=\"async\" class=\"lp-badge\" src=\"https:\/\/www.interflora.fr\/blog\/wp-content\/uploads\/2025\/06\/logo-circle.png\" alt=\"Livraison rapide Interflora\"><\/div><span>Duo de chrysanth\u00e8me multicolore<\/span><p>49.95 \u20ac<\/p><span class=\"obf-link lp-cta\" role=\"link\" tabindex=\"0\" data-b64=\"aHR0cHM6Ly93d3cuaW50ZXJmbG9yYS5mci9wL2NocnlzYW50aGVtZXMtbXVsdGljb2xvcmVzLTIvMS9GUj91dG1fbWVkaXVtPW9yZ2FuaWMmdXRtX3NvdXJjZT1ibG9nX3Byb2R1Y3RzJnV0bV9jYW1wYWlnbj1DSFJZNA==\" data-target=\"_blank\"><svg xmlns=\"http:\/\/www.w3.org\/2000\/svg\" width=\"16\" height=\"16\" fill=\"currentColor\" class=\"bi bi-bag\" viewBox=\"0 0 16 16\"><path d=\"M8 1a2 2 0 0 1 2 2v1h2.5A1.5 1.5 0 0 1 14 5.5v8A1.5 1.5 0 0 1 12.5 15h-9A1.5 1.5 0 0 1 2 13.5v-8A1.5 1.5 0 0 1 3.5 3H6V2a2 2 0 0 1 2-1zm1 3V3a1 1 0 0 0-2 0v1h2z\"\/><\/svg>Voir le produit<\/span><p class=\"rapido\">Top produit<\/p><\/div><div class=\"lp-produit\"><div class=\"lp-thumbnail-wrapper\"><img loading=\"lazy\" decoding=\"async\" width=\"300\" height=\"300\" src=\"https:\/\/www.interflora.fr\/blog\/wp-content\/uploads\/2025\/05\/6AELST-800Wx800H-0-1-13-300x300.jpg\" class=\"attachment-medium size-medium wp-post-image\" alt=\"\" srcset=\"https:\/\/www.interflora.fr\/blog\/wp-content\/uploads\/2025\/05\/6AELST-800Wx800H-0-1-13-300x300.jpg 300w, https:\/\/www.interflora.fr\/blog\/wp-content\/uploads\/2025\/05\/6AELST-800Wx800H-0-1-13-150x150.jpg 150w, https:\/\/www.interflora.fr\/blog\/wp-content\/uploads\/2025\/05\/6AELST-800Wx800H-0-1-13-768x768.jpg 768w, https:\/\/www.interflora.fr\/blog\/wp-content\/uploads\/2025\/05\/6AELST-800Wx800H-0-1-13.jpg 800w\" sizes=\"auto, (max-width: 300px) 100vw, 300px\" \/><img decoding=\"async\" class=\"lp-badge\" src=\"https:\/\/www.interflora.fr\/blog\/wp-content\/uploads\/2025\/06\/logo-circle.png\" alt=\"Livraison rapide Interflora\"><\/div><span>Amiti\u00e9 \u00e9ternelle et sa livraison sur tombe<\/span><p>64.95 \u20ac<\/p><span class=\"obf-link lp-cta\" role=\"link\" tabindex=\"0\" data-b64=\"aHR0cHM6Ly93d3cuaW50ZXJmbG9yYS5mci9wL2FtaXRpZS1ldGVybmVsbGUtZXQtbGl2cmFpc29uLXN1ci10b21iZS8xL0ZSP3V0bV9tZWRpdW09b3JnYW5pYyZ1dG1fc291cmNlPWJsb2dfcHJvZHVjdHMmdXRtX2NhbXBhaWduPTZBRUxTVA==\" data-target=\"_blank\"><svg xmlns=\"http:\/\/www.w3.org\/2000\/svg\" width=\"16\" height=\"16\" fill=\"currentColor\" class=\"bi bi-bag\" viewBox=\"0 0 16 16\"><path d=\"M8 1a2 2 0 0 1 2 2v1h2.5A1.5 1.5 0 0 1 14 5.5v8A1.5 1.5 0 0 1 12.5 15h-9A1.5 1.5 0 0 1 2 13.5v-8A1.5 1.5 0 0 1 3.5 3H6V2a2 2 0 0 1 2-1zm1 3V3a1 1 0 0 0-2 0v1h2z\"\/><\/svg>Voir le produit<\/span><p class=\"rapido\">Fleurs fra\u00eeches<\/p><\/div><div class=\"lp-produit\"><div class=\"lp-thumbnail-wrapper\"><img loading=\"lazy\" decoding=\"async\" width=\"300\" height=\"300\" src=\"https:\/\/www.interflora.fr\/blog\/wp-content\/uploads\/2025\/10\/6BRUY-800Wx800H-0-1-7-300x300.jpg\" class=\"attachment-medium size-medium wp-post-image\" alt=\"\" srcset=\"https:\/\/www.interflora.fr\/blog\/wp-content\/uploads\/2025\/10\/6BRUY-800Wx800H-0-1-7-300x300.jpg 300w, https:\/\/www.interflora.fr\/blog\/wp-content\/uploads\/2025\/10\/6BRUY-800Wx800H-0-1-7-150x150.jpg 150w, https:\/\/www.interflora.fr\/blog\/wp-content\/uploads\/2025\/10\/6BRUY-800Wx800H-0-1-7-768x768.jpg 768w, https:\/\/www.interflora.fr\/blog\/wp-content\/uploads\/2025\/10\/6BRUY-800Wx800H-0-1-7.jpg 800w\" sizes=\"auto, (max-width: 300px) 100vw, 300px\" \/><img decoding=\"async\" class=\"lp-badge\" src=\"https:\/\/www.interflora.fr\/blog\/wp-content\/uploads\/2025\/06\/logo-circle.png\" alt=\"Livraison rapide Interflora\"><\/div><span>Pot de bruy\u00e8re<\/span><p>22.95 \u20ac<\/p><span class=\"obf-link lp-cta\" role=\"link\" tabindex=\"0\" data-b64=\"aHR0cHM6Ly93d3cuaW50ZXJmbG9yYS5mci9wL3BvdC1kZS1icnV5ZXJlLzEvRlI\/dXRtX21lZGl1bT1vcmdhbmljJnV0bV9zb3VyY2U9YmxvZ19wcm9kdWN0cyZ1dG1fY2FtcGFpZ249NkJSVVk=\" data-target=\"_blank\"><svg xmlns=\"http:\/\/www.w3.org\/2000\/svg\" width=\"16\" height=\"16\" fill=\"currentColor\" class=\"bi bi-bag\" viewBox=\"0 0 16 16\"><path d=\"M8 1a2 2 0 0 1 2 2v1h2.5A1.5 1.5 0 0 1 14 5.5v8A1.5 1.5 0 0 1 12.5 15h-9A1.5 1.5 0 0 1 2 13.5v-8A1.5 1.5 0 0 1 3.5 3H6V2a2 2 0 0 1 2-1zm1 3V3a1 1 0 0 0-2 0v1h2z\"\/><\/svg>Voir le produit<\/span><p class=\"rapido\">Fleurs fra\u00eeches<\/p><\/div><div class=\"lp-produit\"><div class=\"lp-thumbnail-wrapper\"><img loading=\"lazy\" decoding=\"async\" width=\"300\" height=\"300\" src=\"https:\/\/www.interflora.fr\/blog\/wp-content\/uploads\/2025\/10\/CHRY8-800Wx800H-0-1-300x300.jpg\" class=\"attachment-medium size-medium wp-post-image\" alt=\"\" srcset=\"https:\/\/www.interflora.fr\/blog\/wp-content\/uploads\/2025\/10\/CHRY8-800Wx800H-0-1-300x300.jpg 300w, https:\/\/www.interflora.fr\/blog\/wp-content\/uploads\/2025\/10\/CHRY8-800Wx800H-0-1-150x150.jpg 150w, https:\/\/www.interflora.fr\/blog\/wp-content\/uploads\/2025\/10\/CHRY8-800Wx800H-0-1-768x768.jpg 768w, https:\/\/www.interflora.fr\/blog\/wp-content\/uploads\/2025\/10\/CHRY8-800Wx800H-0-1.jpg 800w\" sizes=\"auto, (max-width: 300px) 100vw, 300px\" \/><img decoding=\"async\" class=\"lp-badge\" src=\"https:\/\/www.interflora.fr\/blog\/wp-content\/uploads\/2025\/06\/logo-circle.png\" alt=\"Livraison rapide Interflora\"><\/div><span>Chrysanth\u00e8me multicolore<\/span><p>26.95 \u20ac<\/p><span class=\"obf-link lp-cta\" role=\"link\" tabindex=\"0\" data-b64=\"aHR0cHM6Ly93d3cuaW50ZXJmbG9yYS5mci9wL2NocnlzYW50aGVtZS1tdWx0aWNvbG9yZS0yLXRhaWxsZXMvMS9GUj91dG1fbWVkaXVtPW9yZ2FuaWMmdXRtX3NvdXJjZT1ibG9nX3Byb2R1Y3RzJnV0bV9jYW1wYWlnbj1DSFJZOA==\" data-target=\"_blank\"><svg xmlns=\"http:\/\/www.w3.org\/2000\/svg\" width=\"16\" height=\"16\" fill=\"currentColor\" class=\"bi bi-bag\" viewBox=\"0 0 16 16\"><path d=\"M8 1a2 2 0 0 1 2 2v1h2.5A1.5 1.5 0 0 1 14 5.5v8A1.5 1.5 0 0 1 12.5 15h-9A1.5 1.5 0 0 1 2 13.5v-8A1.5 1.5 0 0 1 3.5 3H6V2a2 2 0 0 1 2-1zm1 3V3a1 1 0 0 0-2 0v1h2z\"\/><\/svg>Voir le produit<\/span><p class=\"rapido\">Fleurs fra\u00eeches<\/p><\/div><\/div>\n","protected":false},"excerpt":{"rendered":"<p>Une plante dans un cimeti\u00e8re en hiver peut souffrir des conditions m\u00e9t\u00e9orologiques difficiles. Pourtant, d\u00e9poser des fleurs sur une tombe [&hellip;]<\/p>\n","protected":false},"author":1,"featured_media":52753,"comment_status":"open","ping_status":"open","sticky":false,"template":"","format":"standard","meta":{"_uag_custom_page_level_css":"","site-sidebar-layout":"default","site-content-layout":"","ast-site-content-layout":"default","site-content-style":"default","site-sidebar-style":"default","ast-global-header-display":"","ast-banner-title-visibility":"","ast-main-header-display":"","ast-hfb-above-header-display":"","ast-hfb-below-header-display":"","ast-hfb-mobile-header-display":"","site-post-title":"","ast-breadcrumbs-content":"","ast-featured-img":"","footer-sml-layout":"","ast-disable-related-posts":"","theme-transparent-header-meta":"","adv-header-id-meta":"","stick-header-meta":"","header-above-stick-meta":"","header-main-stick-meta":"","header-below-stick-meta":"","astra-migrate-meta-layouts":"set","ast-page-background-enabled":"default","ast-page-background-meta":{"desktop":{"background-color":"var(--ast-global-color-5)","background-image":"","background-repeat":"repeat","background-position":"center center","background-size":"auto","background-attachment":"scroll","background-type":"","background-media":"","overlay-type":"","overlay-color":"","overlay-opacity":"","overlay-gradient":""},"tablet":{"background-color":"","background-image":"","background-repeat":"repeat","background-position":"center center","background-size":"auto","background-attachment":"scroll","background-type":"","background-media":"","overlay-type":"","overlay-color":"","overlay-opacity":"","overlay-gradient":""},"mobile":{"background-color":"","background-image":"","background-repeat":"repeat","background-position":"center center","background-size":"auto","background-attachment":"scroll","background-type":"","background-media":"","overlay-type":"","overlay-color":"","overlay-opacity":"","overlay-gradient":""}},"ast-content-background-meta":{"desktop":{"background-color":"var(--ast-global-color-4)","background-image":"","background-repeat":"repeat","background-position":"center center","background-size":"auto","background-attachment":"scroll","background-type":"","background-media":"","overlay-type":"","overlay-color":"","overlay-opacity":"","overlay-gradient":""},"tablet":{"background-color":"var(--ast-global-color-4)","background-image":"","background-repeat":"repeat","background-position":"center center","background-size":"auto","background-attachment":"scroll","background-type":"","background-media":"","overlay-type":"","overlay-color":"","overlay-opacity":"","overlay-gradient":""},"mobile":{"background-color":"var(--ast-global-color-4)","background-image":"","background-repeat":"repeat","background-position":"center center","background-size":"auto","background-attachment":"scroll","background-type":"","background-media":"","overlay-type":"","overlay-color":"","overlay-opacity":"","overlay-gradient":""}},"footnotes":""},"categories":[263,176,202,312],"tags":[313],"class_list":["post-45480","post","type-post","status-publish","format-standard","has-post-thumbnail","hentry","category-deuil","category-evenements","category-hiver","category-toussaint","tag-toussaint"],"uagb_featured_image_src":{"full":["https:\/\/www.interflora.fr\/blog\/wp-content\/uploads\/2025\/10\/chrysanthemes-au-cimetiere.jpg",800,450,false],"thumbnail":["https:\/\/www.interflora.fr\/blog\/wp-content\/uploads\/2025\/10\/chrysanthemes-au-cimetiere-150x150.jpg",150,150,true],"medium":["https:\/\/www.interflora.fr\/blog\/wp-content\/uploads\/2025\/10\/chrysanthemes-au-cimetiere-300x169.jpg",300,169,true],"medium_large":["https:\/\/www.interflora.fr\/blog\/wp-content\/uploads\/2025\/10\/chrysanthemes-au-cimetiere-768x432.jpg",768,432,true],"large":["https:\/\/www.interflora.fr\/blog\/wp-content\/uploads\/2025\/10\/chrysanthemes-au-cimetiere.jpg",800,450,false],"1536x1536":["https:\/\/www.interflora.fr\/blog\/wp-content\/uploads\/2025\/10\/chrysanthemes-au-cimetiere.jpg",800,450,false],"2048x2048":["https:\/\/www.interflora.fr\/blog\/wp-content\/uploads\/2025\/10\/chrysanthemes-au-cimetiere.jpg",800,450,false]},"uagb_author_info":{"display_name":"admin","author_link":"https:\/\/www.interflora.fr\/blog\/author\/admin\/"},"uagb_comment_info":0,"uagb_excerpt":"Une plante dans un cimeti\u00e8re en hiver peut souffrir des conditions m\u00e9t\u00e9orologiques difficiles. Pourtant, d\u00e9poser des fleurs sur une tombe [&hellip;]","yoast_meta":{"title":"Fleurs et Plantes pour le Cimeti\u00e8re en Hiver","description":"Quelles fleurs ou plantes pour cimeti\u00e8re choisir en hiver ? D\u00e9couvrez des vari\u00e9t\u00e9s \u00e0 la fois robustes et symboliques pour une tombe fleurie en hiver."},"_links":{"self":[{"href":"https:\/\/www.interflora.fr\/blog\/wp-json\/wp\/v2\/posts\/45480","targetHints":{"allow":["GET"]}}],"collection":[{"href":"https:\/\/www.interflora.fr\/blog\/wp-json\/wp\/v2\/posts"}],"about":[{"href":"https:\/\/www.interflora.fr\/blog\/wp-json\/wp\/v2\/types\/post"}],"author":[{"embeddable":true,"href":"https:\/\/www.interflora.fr\/blog\/wp-json\/wp\/v2\/users\/1"}],"replies":[{"embeddable":true,"href":"https:\/\/www.interflora.fr\/blog\/wp-json\/wp\/v2\/comments?post=45480"}],"version-history":[{"count":0,"href":"https:\/\/www.interflora.fr\/blog\/wp-json\/wp\/v2\/posts\/45480\/revisions"}],"wp:featuredmedia":[{"embeddable":true,"href":"https:\/\/www.interflora.fr\/blog\/wp-json\/wp\/v2\/media\/52753"}],"wp:attachment":[{"href":"https:\/\/www.interflora.fr\/blog\/wp-json\/wp\/v2\/media?parent=45480"}],"wp:term":[{"taxonomy":"category","embeddable":true,"href":"https:\/\/www.interflora.fr\/blog\/wp-json\/wp\/v2\/categories?post=45480"},{"taxonomy":"post_tag","embeddable":true,"href":"https:\/\/www.interflora.fr\/blog\/wp-json\/wp\/v2\/tags?post=45480"}],"curies":[{"name":"wp","href":"https:\/\/api.w.org\/{rel}","templated":true}]}}