{"id":45450,"date":"2025-10-11T16:54:32","date_gmt":"2025-10-11T14:54:32","guid":{"rendered":"https:\/\/www.interflora.fr\/blog\/?p=45450"},"modified":"2025-10-30T10:32:44","modified_gmt":"2025-10-30T09:32:44","slug":"chrysantheme-en-pot","status":"publish","type":"post","link":"https:\/\/www.interflora.fr\/blog\/chrysantheme-en-pot\/","title":{"rendered":"Chrysanth\u00e8me en pot"},"content":{"rendered":"\n<p>Avec leurs fleurs g\u00e9n\u00e9reuses et color\u00e9es, les <strong><a href=\"https:\/\/www.interflora.fr\/c\/fleurs-toussaint-chrysanthemes\">chrysanth\u00e8mes en pot<\/a><\/strong> sont un choix populaire pour \u00e9gayer balcons, terrasses et int\u00e9rieurs. Ces plantes polyvalentes, que l\u2019on associe \u00e0 la Toussaint, apportent une touche de couleur automnale et sont appr\u00e9ci\u00e9es pour leur capacit\u00e9 \u00e0 fleurir tard dans la saison. Mais <strong>comment conserver les chrysanth\u00e8mes en pot<\/strong>&nbsp;? Comment les planter, les entretenir et surtout avoir une belle floraison tous les ans&nbsp;? Nous vous apportons ici les r\u00e9ponses aux diff\u00e9rentes questions que vous pouvez vous poser \u00e0 propos de la <strong>culture et de l\u2019entretien des chrysanth\u00e8mes en bac<\/strong>.&nbsp;<\/p>\n\n\n<div class=\"lp-produits-grid\"><div class=\"lp-produit\"><div class=\"lp-thumbnail-wrapper\"><img loading=\"lazy\" decoding=\"async\" width=\"300\" height=\"300\" src=\"https:\/\/www.interflora.fr\/blog\/wp-content\/uploads\/2025\/05\/6LSLST-800Wx800H-0-1-11-300x300.jpg\" class=\"attachment-medium size-medium wp-post-image\" alt=\"\" srcset=\"https:\/\/www.interflora.fr\/blog\/wp-content\/uploads\/2025\/05\/6LSLST-800Wx800H-0-1-11-300x300.jpg 300w, https:\/\/www.interflora.fr\/blog\/wp-content\/uploads\/2025\/05\/6LSLST-800Wx800H-0-1-11-150x150.jpg 150w, https:\/\/www.interflora.fr\/blog\/wp-content\/uploads\/2025\/05\/6LSLST-800Wx800H-0-1-11-768x768.jpg 768w, https:\/\/www.interflora.fr\/blog\/wp-content\/uploads\/2025\/05\/6LSLST-800Wx800H-0-1-11.jpg 800w\" sizes=\"auto, (max-width: 300px) 100vw, 300px\" \/><img decoding=\"async\" class=\"lp-badge\" src=\"https:\/\/www.interflora.fr\/blog\/wp-content\/uploads\/2025\/06\/logo-circle.png\" alt=\"Livraison rapide Interflora\"><\/div><span>Lumineux souvenir et sa livraison sur tombe<\/span><p>44.95 \u20ac<\/p><span class=\"obf-link lp-cta\" role=\"link\" tabindex=\"0\" data-b64=\"aHR0cHM6Ly93d3cuaW50ZXJmbG9yYS5mci9wL2x1bWluZXV4LXNvdXZlbmlyLWV0LWxpdnJhaXNvbi1zdXItdG9tYmUvMS9GUj91dG1fbWVkaXVtPW9yZ2FuaWMmdXRtX3NvdXJjZT1ibG9nX3Byb2R1Y3RzJnV0bV9jYW1wYWlnbj02TFNMU1Q=\" data-target=\"_blank\"><svg xmlns=\"http:\/\/www.w3.org\/2000\/svg\" width=\"16\" height=\"16\" fill=\"currentColor\" class=\"bi bi-bag\" viewBox=\"0 0 16 16\"><path d=\"M8 1a2 2 0 0 1 2 2v1h2.5A1.5 1.5 0 0 1 14 5.5v8A1.5 1.5 0 0 1 12.5 15h-9A1.5 1.5 0 0 1 2 13.5v-8A1.5 1.5 0 0 1 3.5 3H6V2a2 2 0 0 1 2-1zm1 3V3a1 1 0 0 0-2 0v1h2z\"\/><\/svg>Voir le produit<\/span><p class=\"rapido\">Livraison rapide<\/p><\/div><div class=\"lp-produit\"><div class=\"lp-thumbnail-wrapper\"><img loading=\"lazy\" decoding=\"async\" width=\"300\" height=\"300\" src=\"https:\/\/www.interflora.fr\/blog\/wp-content\/uploads\/2025\/10\/CHRY7-800Wx800H-0-1-300x300.jpg\" class=\"attachment-medium size-medium wp-post-image\" alt=\"\" srcset=\"https:\/\/www.interflora.fr\/blog\/wp-content\/uploads\/2025\/10\/CHRY7-800Wx800H-0-1-300x300.jpg 300w, https:\/\/www.interflora.fr\/blog\/wp-content\/uploads\/2025\/10\/CHRY7-800Wx800H-0-1-150x150.jpg 150w, https:\/\/www.interflora.fr\/blog\/wp-content\/uploads\/2025\/10\/CHRY7-800Wx800H-0-1-768x768.jpg 768w, https:\/\/www.interflora.fr\/blog\/wp-content\/uploads\/2025\/10\/CHRY7-800Wx800H-0-1.jpg 800w\" sizes=\"auto, (max-width: 300px) 100vw, 300px\" \/><img decoding=\"async\" class=\"lp-badge\" src=\"https:\/\/www.interflora.fr\/blog\/wp-content\/uploads\/2025\/06\/logo-circle.png\" alt=\"Livraison rapide Interflora\"><\/div><span>Chrysanth\u00e8me mauve<\/span><p>24.95 \u20ac<\/p><span class=\"obf-link lp-cta\" role=\"link\" tabindex=\"0\" data-b64=\"aHR0cHM6Ly93d3cuaW50ZXJmbG9yYS5mci9wL2NocnlzYW50aGVtZS11bmljb2xvcmUtbS8xL0ZSP3V0bV9tZWRpdW09b3JnYW5pYyZ1dG1fc291cmNlPWJsb2dfcHJvZHVjdHMmdXRtX2NhbXBhaWduPUNIUlk3\" data-target=\"_blank\"><svg xmlns=\"http:\/\/www.w3.org\/2000\/svg\" width=\"16\" height=\"16\" fill=\"currentColor\" class=\"bi bi-bag\" viewBox=\"0 0 16 16\"><path d=\"M8 1a2 2 0 0 1 2 2v1h2.5A1.5 1.5 0 0 1 14 5.5v8A1.5 1.5 0 0 1 12.5 15h-9A1.5 1.5 0 0 1 2 13.5v-8A1.5 1.5 0 0 1 3.5 3H6V2a2 2 0 0 1 2-1zm1 3V3a1 1 0 0 0-2 0v1h2z\"\/><\/svg>Voir le produit<\/span><p class=\"rapido\">Livraison rapide<\/p><\/div><div class=\"lp-produit\"><div class=\"lp-thumbnail-wrapper\"><img loading=\"lazy\" decoding=\"async\" width=\"300\" height=\"300\" src=\"https:\/\/www.interflora.fr\/blog\/wp-content\/uploads\/2025\/05\/6AELST-800Wx800H-0-1-13-300x300.jpg\" class=\"attachment-medium size-medium wp-post-image\" alt=\"\" srcset=\"https:\/\/www.interflora.fr\/blog\/wp-content\/uploads\/2025\/05\/6AELST-800Wx800H-0-1-13-300x300.jpg 300w, https:\/\/www.interflora.fr\/blog\/wp-content\/uploads\/2025\/05\/6AELST-800Wx800H-0-1-13-150x150.jpg 150w, https:\/\/www.interflora.fr\/blog\/wp-content\/uploads\/2025\/05\/6AELST-800Wx800H-0-1-13-768x768.jpg 768w, https:\/\/www.interflora.fr\/blog\/wp-content\/uploads\/2025\/05\/6AELST-800Wx800H-0-1-13.jpg 800w\" sizes=\"auto, (max-width: 300px) 100vw, 300px\" \/><img decoding=\"async\" class=\"lp-badge\" src=\"https:\/\/www.interflora.fr\/blog\/wp-content\/uploads\/2025\/06\/logo-circle.png\" alt=\"Livraison rapide Interflora\"><\/div><span>Amiti\u00e9 \u00e9ternelle et sa livraison sur tombe<\/span><p>64.95 \u20ac<\/p><span class=\"obf-link lp-cta\" role=\"link\" tabindex=\"0\" data-b64=\"aHR0cHM6Ly93d3cuaW50ZXJmbG9yYS5mci9wL2FtaXRpZS1ldGVybmVsbGUtZXQtbGl2cmFpc29uLXN1ci10b21iZS8xL0ZSP3V0bV9tZWRpdW09b3JnYW5pYyZ1dG1fc291cmNlPWJsb2dfcHJvZHVjdHMmdXRtX2NhbXBhaWduPTZBRUxTVA==\" data-target=\"_blank\"><svg xmlns=\"http:\/\/www.w3.org\/2000\/svg\" width=\"16\" height=\"16\" fill=\"currentColor\" class=\"bi bi-bag\" viewBox=\"0 0 16 16\"><path d=\"M8 1a2 2 0 0 1 2 2v1h2.5A1.5 1.5 0 0 1 14 5.5v8A1.5 1.5 0 0 1 12.5 15h-9A1.5 1.5 0 0 1 2 13.5v-8A1.5 1.5 0 0 1 3.5 3H6V2a2 2 0 0 1 2-1zm1 3V3a1 1 0 0 0-2 0v1h2z\"\/><\/svg>Voir le produit<\/span><p class=\"rapido\">Fleurs fra\u00eeches<\/p><\/div><div class=\"lp-produit\"><div class=\"lp-thumbnail-wrapper\"><img loading=\"lazy\" decoding=\"async\" width=\"300\" height=\"300\" src=\"https:\/\/www.interflora.fr\/blog\/wp-content\/uploads\/2025\/05\/CHRY6LST-800Wx800H-0-1-300x300.jpg\" class=\"attachment-medium size-medium wp-post-image\" alt=\"\" srcset=\"https:\/\/www.interflora.fr\/blog\/wp-content\/uploads\/2025\/05\/CHRY6LST-800Wx800H-0-1-300x300.jpg 300w, https:\/\/www.interflora.fr\/blog\/wp-content\/uploads\/2025\/05\/CHRY6LST-800Wx800H-0-1-150x150.jpg 150w, https:\/\/www.interflora.fr\/blog\/wp-content\/uploads\/2025\/05\/CHRY6LST-800Wx800H-0-1-768x768.jpg 768w, https:\/\/www.interflora.fr\/blog\/wp-content\/uploads\/2025\/05\/CHRY6LST-800Wx800H-0-1.jpg 800w\" sizes=\"auto, (max-width: 300px) 100vw, 300px\" \/><img decoding=\"async\" class=\"lp-badge\" src=\"https:\/\/www.interflora.fr\/blog\/wp-content\/uploads\/2025\/06\/logo-circle.png\" alt=\"Livraison rapide Interflora\"><\/div><span>Chrysanth\u00e8me rose et sa livraison sur tombe<\/span><p>29.95 \u20ac<\/p><span class=\"obf-link lp-cta\" role=\"link\" tabindex=\"0\" data-b64=\"aHR0cHM6Ly93d3cuaW50ZXJmbG9yYS5mci9wL2NocnlzYW50aGVtZS1yb3NlLWxpdnJhaXNvbi10b21iZS8yL0ZSP3V0bV9tZWRpdW09b3JnYW5pYyZ1dG1fc291cmNlPWJsb2dfcHJvZHVjdHMmdXRtX2NhbXBhaWduPUNIUlk2TFNU\" data-target=\"_blank\"><svg xmlns=\"http:\/\/www.w3.org\/2000\/svg\" width=\"16\" height=\"16\" fill=\"currentColor\" class=\"bi bi-bag\" viewBox=\"0 0 16 16\"><path d=\"M8 1a2 2 0 0 1 2 2v1h2.5A1.5 1.5 0 0 1 14 5.5v8A1.5 1.5 0 0 1 12.5 15h-9A1.5 1.5 0 0 1 2 13.5v-8A1.5 1.5 0 0 1 3.5 3H6V2a2 2 0 0 1 2-1zm1 3V3a1 1 0 0 0-2 0v1h2z\"\/><\/svg>Voir le produit<\/span><p class=\"rapido\">Top produit<\/p><\/div><\/div>\n\n\n\n<div style=\"height:10px\" aria-hidden=\"true\" class=\"wp-block-spacer\"><\/div>\n\n\n\n<h2 class=\"wp-block-heading alignwide\">Quand et comment planter des chrysanth\u00e8mes en pot&nbsp;?<\/h2>\n\n\n\n<p>La r\u00e9ussite de la <strong>culture des chrysanth\u00e8mes en pot<\/strong> commence par une plantation bien faite. En respectant quelques r\u00e8gles simples, vous pourrez offrir \u00e0 vos plantes les meilleures conditions pour une floraison abondante et durable.<\/p>\n\n\n\n<figure class=\"wp-block-image aligncenter size-full\"><img decoding=\"async\" src=\"https:\/\/www.interflora.fr\/blog\/wp-content\/uploads\/planter-chrysantheme-en-pot.jpg\" alt=\"Fleurs de chrysanth\u00e8me orange en gros plan\" class=\"wp-image-45459\"\/><\/figure>\n\n\n\n<h3 class=\"wp-block-heading\">Quelles sont les vari\u00e9t\u00e9s les plus adapt\u00e9es \u00e0 la culture en pot&nbsp;?<\/h3>\n\n\n\n<p>Pour une culture en pot ou en jardini\u00e8re, privil\u00e9giez les <strong>chrysanth\u00e8mes nains<\/strong>. Leur petite taille s\u2019y pr\u00eate mieux et leur floraison n\u2019en est pas moins abondante. Parmi les plus populaires, on retrouve les chrysanth\u00e8mes \u00e0 fleurs pompon, qui offrent une multitude de petites fleurs sph\u00e9riques, et les chrysanth\u00e8mes \u00e0 fleurs marguerite, appr\u00e9ci\u00e9s pour leurs grandes fleurs en forme de marguerite.<\/p>\n\n\n\n<h3 class=\"wp-block-heading\">O\u00f9 placer un chrysanth\u00e8me ?<\/h3>\n\n\n\n<p>Ces <a href=\"https:\/\/www.interflora.fr\/c\/fleurs-toussaint-chrysanthemes\">fleurs de la Toussaint<\/a> adorent la lumi\u00e8re. Pour leur bien-\u00eatre, mieux vaut donc les placer dans un <strong>endroit ensoleill\u00e9 et id\u00e9alement abrit\u00e9 du vent<\/strong>. Un balcon expos\u00e9 au sud ou \u00e0 l\u2019ouest est parfait, car il offre une lumi\u00e8re directe et une chaleur mod\u00e9r\u00e9e. \u00c0 l\u2019int\u00e9rieur, choisissez une pi\u00e8ce lumineuse, pr\u00e8s d&rsquo;une fen\u00eatre orient\u00e9e vers l\u2019est ou l\u2019ouest. Cela assurera une bonne croissance tout en \u00e9vitant de les exposer \u00e0 une chaleur excessive.<\/p>\n\n\n\n<h3 class=\"wp-block-heading\">Quand les planter&nbsp;?<\/h3>\n\n\n\n<p>Si vous ne savez pas <strong>quand mettre les chrysanth\u00e8mes en pot<\/strong>, sachez que la meilleure saison pour planter des chrysanth\u00e8mes est au <strong>printemps<\/strong>, apr\u00e8s les derni\u00e8res gel\u00e9es et avant les grosses chaleurs. Cela leur permet de s\u2019installer confortablement dans leur contenant avant que les temp\u00e9ratures ne grimpent. Vous pouvez aussi les planter \u00e0 la fin de l\u2019\u00e9t\u00e9, en septembre, voire m\u00eame jusqu\u2019en octobre-novembre selon les r\u00e9gions, pour une <strong>floraison automnale<\/strong>.<\/p>\n\n\n<div class=\"lp-produits-grid\"><div class=\"lp-produit\"><div class=\"lp-thumbnail-wrapper\"><img loading=\"lazy\" decoding=\"async\" width=\"300\" height=\"300\" src=\"https:\/\/www.interflora.fr\/blog\/wp-content\/uploads\/2025\/05\/W6CPF-800Wx800H-0-1-300x300.jpg\" class=\"attachment-medium size-medium wp-post-image\" alt=\"\" srcset=\"https:\/\/www.interflora.fr\/blog\/wp-content\/uploads\/2025\/05\/W6CPF-800Wx800H-0-1-300x300.jpg 300w, https:\/\/www.interflora.fr\/blog\/wp-content\/uploads\/2025\/05\/W6CPF-800Wx800H-0-1-150x150.jpg 150w, https:\/\/www.interflora.fr\/blog\/wp-content\/uploads\/2025\/05\/W6CPF-800Wx800H-0-1-768x768.jpg 768w, https:\/\/www.interflora.fr\/blog\/wp-content\/uploads\/2025\/05\/W6CPF-800Wx800H-0-1.jpg 800w\" sizes=\"auto, (max-width: 300px) 100vw, 300px\" \/><img decoding=\"async\" class=\"lp-badge\" src=\"https:\/\/www.interflora.fr\/blog\/wp-content\/uploads\/2025\/06\/logo-circle.png\" alt=\"Livraison rapide Interflora\"><\/div><span>La coupe de plantes du fleuriste<\/span><p>34.95 \u20ac<\/p><span class=\"obf-link lp-cta\" role=\"link\" tabindex=\"0\" data-b64=\"aHR0cHM6Ly93d3cuaW50ZXJmbG9yYS5mci9wL2RldWlsLWNvdXBlLXBsYW50ZXMtZmxldXJpc3RlLzEvRlI\/dXRtX21lZGl1bT1vcmdhbmljJnV0bV9zb3VyY2U9YmxvZ19wcm9kdWN0cyZ1dG1fY2FtcGFpZ249VzZDUEY=\" data-target=\"_blank\"><svg xmlns=\"http:\/\/www.w3.org\/2000\/svg\" width=\"16\" height=\"16\" fill=\"currentColor\" class=\"bi bi-bag\" viewBox=\"0 0 16 16\"><path d=\"M8 1a2 2 0 0 1 2 2v1h2.5A1.5 1.5 0 0 1 14 5.5v8A1.5 1.5 0 0 1 12.5 15h-9A1.5 1.5 0 0 1 2 13.5v-8A1.5 1.5 0 0 1 3.5 3H6V2a2 2 0 0 1 2-1zm1 3V3a1 1 0 0 0-2 0v1h2z\"\/><\/svg>Voir le produit<\/span><p class=\"rapido\">Fleurs fra\u00eeches<\/p><\/div><div class=\"lp-produit\"><div class=\"lp-thumbnail-wrapper\"><img loading=\"lazy\" decoding=\"async\" width=\"300\" height=\"300\" src=\"https:\/\/www.interflora.fr\/blog\/wp-content\/uploads\/2025\/05\/CHRY8LST-800Wx800H-0-1-300x300.jpg\" class=\"attachment-medium size-medium wp-post-image\" alt=\"\" srcset=\"https:\/\/www.interflora.fr\/blog\/wp-content\/uploads\/2025\/05\/CHRY8LST-800Wx800H-0-1-300x300.jpg 300w, https:\/\/www.interflora.fr\/blog\/wp-content\/uploads\/2025\/05\/CHRY8LST-800Wx800H-0-1-150x150.jpg 150w, https:\/\/www.interflora.fr\/blog\/wp-content\/uploads\/2025\/05\/CHRY8LST-800Wx800H-0-1-768x768.jpg 768w, https:\/\/www.interflora.fr\/blog\/wp-content\/uploads\/2025\/05\/CHRY8LST-800Wx800H-0-1.jpg 800w\" sizes=\"auto, (max-width: 300px) 100vw, 300px\" \/><img decoding=\"async\" class=\"lp-badge\" src=\"https:\/\/www.interflora.fr\/blog\/wp-content\/uploads\/2025\/06\/logo-circle.png\" alt=\"Livraison rapide Interflora\"><\/div><span>Chrysanth\u00e8me multicolore et sa livraison sur tombe<\/span><p>31.95 \u20ac<\/p><span class=\"obf-link lp-cta\" role=\"link\" tabindex=\"0\" data-b64=\"aHR0cHM6Ly93d3cuaW50ZXJmbG9yYS5mci9wL2NocnlzYW50aGVtZS1tdWx0aS1saXZyYWlzb24tdG9tYmUvMS9GUj91dG1fbWVkaXVtPW9yZ2FuaWMmdXRtX3NvdXJjZT1ibG9nX3Byb2R1Y3RzJnV0bV9jYW1wYWlnbj1DSFJZOExTVA==\" data-target=\"_blank\"><svg xmlns=\"http:\/\/www.w3.org\/2000\/svg\" width=\"16\" height=\"16\" fill=\"currentColor\" class=\"bi bi-bag\" viewBox=\"0 0 16 16\"><path d=\"M8 1a2 2 0 0 1 2 2v1h2.5A1.5 1.5 0 0 1 14 5.5v8A1.5 1.5 0 0 1 12.5 15h-9A1.5 1.5 0 0 1 2 13.5v-8A1.5 1.5 0 0 1 3.5 3H6V2a2 2 0 0 1 2-1zm1 3V3a1 1 0 0 0-2 0v1h2z\"\/><\/svg>Voir le produit<\/span><p class=\"rapido\">Livraison rapide<\/p><\/div><div class=\"lp-produit\"><div class=\"lp-thumbnail-wrapper\"><img loading=\"lazy\" decoding=\"async\" width=\"300\" height=\"300\" src=\"https:\/\/www.interflora.fr\/blog\/wp-content\/uploads\/2025\/10\/CHRY10-800Wx800H-0-1-300x300.jpg\" class=\"attachment-medium size-medium wp-post-image\" alt=\"\" srcset=\"https:\/\/www.interflora.fr\/blog\/wp-content\/uploads\/2025\/10\/CHRY10-800Wx800H-0-1-300x300.jpg 300w, https:\/\/www.interflora.fr\/blog\/wp-content\/uploads\/2025\/10\/CHRY10-800Wx800H-0-1-150x150.jpg 150w, https:\/\/www.interflora.fr\/blog\/wp-content\/uploads\/2025\/10\/CHRY10-800Wx800H-0-1-768x768.jpg 768w, https:\/\/www.interflora.fr\/blog\/wp-content\/uploads\/2025\/10\/CHRY10-800Wx800H-0-1.jpg 800w\" sizes=\"auto, (max-width: 300px) 100vw, 300px\" \/><img decoding=\"async\" class=\"lp-badge\" src=\"https:\/\/www.interflora.fr\/blog\/wp-content\/uploads\/2025\/06\/logo-circle.png\" alt=\"Livraison rapide Interflora\"><\/div><span>Chrysanth\u00e8me rouge<\/span><p>24.95 \u20ac<\/p><span class=\"obf-link lp-cta\" role=\"link\" tabindex=\"0\" data-b64=\"aHR0cHM6Ly93d3cuaW50ZXJmbG9yYS5mci9wL2NocnlzYW50aGVtZS1yb3VnZS8xL0ZSP3V0bV9tZWRpdW09b3JnYW5pYyZ1dG1fc291cmNlPWJsb2dfcHJvZHVjdHMmdXRtX2NhbXBhaWduPUNIUlkxMA==\" data-target=\"_blank\"><svg xmlns=\"http:\/\/www.w3.org\/2000\/svg\" width=\"16\" height=\"16\" fill=\"currentColor\" class=\"bi bi-bag\" viewBox=\"0 0 16 16\"><path d=\"M8 1a2 2 0 0 1 2 2v1h2.5A1.5 1.5 0 0 1 14 5.5v8A1.5 1.5 0 0 1 12.5 15h-9A1.5 1.5 0 0 1 2 13.5v-8A1.5 1.5 0 0 1 3.5 3H6V2a2 2 0 0 1 2-1zm1 3V3a1 1 0 0 0-2 0v1h2z\"\/><\/svg>Voir le produit<\/span><p class=\"rapido\">Livraison rapide<\/p><\/div><div class=\"lp-produit\"><div class=\"lp-thumbnail-wrapper\"><img loading=\"lazy\" decoding=\"async\" width=\"300\" height=\"300\" src=\"https:\/\/www.interflora.fr\/blog\/wp-content\/uploads\/2025\/10\/CHRY4-800Wx800H-0-1-300x300.jpg\" class=\"attachment-medium size-medium wp-post-image\" alt=\"\" srcset=\"https:\/\/www.interflora.fr\/blog\/wp-content\/uploads\/2025\/10\/CHRY4-800Wx800H-0-1-300x300.jpg 300w, https:\/\/www.interflora.fr\/blog\/wp-content\/uploads\/2025\/10\/CHRY4-800Wx800H-0-1-150x150.jpg 150w, https:\/\/www.interflora.fr\/blog\/wp-content\/uploads\/2025\/10\/CHRY4-800Wx800H-0-1-768x768.jpg 768w, https:\/\/www.interflora.fr\/blog\/wp-content\/uploads\/2025\/10\/CHRY4-800Wx800H-0-1.jpg 800w\" sizes=\"auto, (max-width: 300px) 100vw, 300px\" \/><img decoding=\"async\" class=\"lp-badge\" src=\"https:\/\/www.interflora.fr\/blog\/wp-content\/uploads\/2025\/06\/logo-circle.png\" alt=\"Livraison rapide Interflora\"><\/div><span>Duo de chrysanth\u00e8me multicolore<\/span><p>49.95 \u20ac<\/p><span class=\"obf-link lp-cta\" role=\"link\" tabindex=\"0\" data-b64=\"aHR0cHM6Ly93d3cuaW50ZXJmbG9yYS5mci9wL2NocnlzYW50aGVtZXMtbXVsdGljb2xvcmVzLTIvMS9GUj91dG1fbWVkaXVtPW9yZ2FuaWMmdXRtX3NvdXJjZT1ibG9nX3Byb2R1Y3RzJnV0bV9jYW1wYWlnbj1DSFJZNA==\" data-target=\"_blank\"><svg xmlns=\"http:\/\/www.w3.org\/2000\/svg\" width=\"16\" height=\"16\" fill=\"currentColor\" class=\"bi bi-bag\" viewBox=\"0 0 16 16\"><path d=\"M8 1a2 2 0 0 1 2 2v1h2.5A1.5 1.5 0 0 1 14 5.5v8A1.5 1.5 0 0 1 12.5 15h-9A1.5 1.5 0 0 1 2 13.5v-8A1.5 1.5 0 0 1 3.5 3H6V2a2 2 0 0 1 2-1zm1 3V3a1 1 0 0 0-2 0v1h2z\"\/><\/svg>Voir le produit<\/span><p class=\"rapido\">Livraison rapide<\/p><\/div><\/div>\n\n\n\n<div style=\"height:10px\" aria-hidden=\"true\" class=\"wp-block-spacer\"><\/div>\n\n\n\n<h3 class=\"wp-block-heading\">Quel type de contenant choisir&nbsp;?<\/h3>\n\n\n\n<p>Qui dit culture des chrysanth\u00e8mes en bac, dit forc\u00e9ment choix du contenant. Veillez \u00e0 choisir un volume adapt\u00e9 \u00e0 la plante. Un <strong>diam\u00e8tre de 30&nbsp;cm<\/strong> est id\u00e9al pour un chrysanth\u00e8me adulte. La mati\u00e8re \u00e0 privil\u00e9gier est la <strong>terre cuite<\/strong>, puisqu\u2019elle permet une bonne a\u00e9ration des racines et \u00e9vite les exc\u00e8s d\u2019humidit\u00e9. Des <strong>trous de drainage<\/strong> doivent \u00eatre pr\u00e9sents afin d\u2019emp\u00eacher la stagnation de l\u2019eau.<\/p>\n\n\n\n<h3 class=\"wp-block-heading\">Quelle terre pour un chrysanth\u00e8me en pot ?<\/h3>\n\n\n\n<p>Cette plante appr\u00e9cie un sol bien drain\u00e9 et l\u00e9g\u00e8rement acide. <strong>Un terreau universel de qualit\u00e9 m\u00e9lang\u00e9 avec un peu de sable<\/strong> (pour faciliter le drainage) convient parfaitement. Vous pouvez ajouter du compost pour enrichir le m\u00e9lange et assurer une bonne nutrition tout au long de la saison. Le drainage \u00e9tant essentiel pour \u00e9viter que les racines ne pourrissent, assurez-vous que le contenant choisi dispose de trous de drainage ou percez-les vous-m\u00eame.<\/p>\n\n\n\n<figure class=\"wp-block-image aligncenter size-full\"><img decoding=\"async\" src=\"https:\/\/www.interflora.fr\/blog\/wp-content\/uploads\/quelle-terre-chrysantheme-en-pot.jpg\" alt=\"Chrysanth\u00e8mes jaunes fleuris\" class=\"wp-image-45452\"\/><\/figure>\n\n\n\n<h3 class=\"wp-block-heading\">Comment planter un chrysanth\u00e8me en pot&nbsp;?<\/h3>\n\n\n\n<p>Voici quelques \u00e9tapes simples \u00e0 suivre lors de la plantation de votre chrysanth\u00e8me dans un bac&nbsp;:<\/p>\n\n\n\n<ul class=\"wp-block-list\">\n<li>Remplissez le fond de la jardini\u00e8re ou du contenant choisi avec des billes d&rsquo;argile pour assurer un bon drainage.<\/li>\n\n\n\n<li>Ajoutez un terreau de qualit\u00e9 (l\u00e9g\u00e8rement acide et enrichi de compost).<\/li>\n\n\n\n<li>Creusez un trou au centre et placez-y le chrysanth\u00e8me.<\/li>\n\n\n\n<li>Recouvrez les racines de terre et tassez l\u00e9g\u00e8rement.<\/li>\n\n\n\n<li>Arrosez abondamment pour bien installer le chrysanth\u00e8me.<\/li>\n<\/ul>\n\n\n\n<h2 class=\"wp-block-heading alignwide\">Quel entretien pour le chrysanth\u00e8me en pot&nbsp;?<\/h2>\n\n\n\n<p>Une fois vos chrysanth\u00e8mes bien install\u00e9s, un entretien r\u00e9gulier est la cl\u00e9 pour les maintenir en bonne sant\u00e9. De cette fa\u00e7on, vous pourrez les voir <strong>refleurir ann\u00e9e apr\u00e8s ann\u00e9e<\/strong> et appr\u00e9cier leurs <strong>belles fleurs tard dans la saison automnale<\/strong>, peut-\u00eatre m\u00eame au-del\u00e0 de la Toussaint.<\/p>\n\n\n\n<h3 class=\"wp-block-heading\">L\u2019arrosage<\/h3>\n\n\n\n<p>La question \u00ab comment arroser des chrysanth\u00e8mes en pot ? \u00bb vous br\u00fble les l\u00e8vres ? Pour r\u00e9pondre simplement \u00e0 cette question, sachez que <strong>l\u2019arrosage du chrysanth\u00e8me en pot doit \u00eatre mod\u00e9r\u00e9, mais r\u00e9gulier<\/strong>.<\/p>\n\n\n\n<p>Adaptez la quantit\u00e9 et la fr\u00e9quence d\u2019arrosage selon la p\u00e9riode de l\u2019ann\u00e9e. Pendant sa phase de croissance, gardez la terre l\u00e9g\u00e8rement humide. Arrosez d\u00e8s que la surface commence \u00e0 s\u00e9cher, mais \u00e9vitez l\u2019exc\u00e8s d\u2019eau. En \u00e9t\u00e9, augmentez la fr\u00e9quence pour compenser l\u2019\u00e9vaporation qui s\u2019acc\u00e9l\u00e8re. \u00c0 l\u2019inverse, r\u00e9duisez les arrosages en hiver pour ne pas saturer les racines.<\/p>\n\n\n\n<figure class=\"wp-block-image aligncenter size-full\"><img decoding=\"async\" src=\"https:\/\/www.interflora.fr\/blog\/wp-content\/uploads\/arrosage-chrysantheme-en-pot.jpg\" alt=\"Fleurs et bourgeons de chrysanth\u00e8mes blancs\" class=\"wp-image-45457\"\/><\/figure>\n\n\n\n<h3 class=\"wp-block-heading\">La taille<\/h3>\n\n\n\n<p>La taille des chrysanth\u00e8mes en pot est essentielle pour encourager une <strong>floraison dense et prolong\u00e9e<\/strong>. Coupez r\u00e9guli\u00e8rement les fleurs fan\u00e9es pour stimuler la production des nouvelles.<\/p>\n\n\n\n<p>Comment tailler des chrysanth\u00e8mes en pot&nbsp;? Coupez les tiges \u00e0 environ un tiers de leur longueur au d\u00e9but du printemps pour favoriser une croissance vigoureuse. N\u2019h\u00e9sitez pas \u00e0 pincer les jeunes pousses pour encourager la plante \u00e0 se ramifier.<\/p>\n\n\n\n<h3 class=\"wp-block-heading\">La fertilisation<\/h3>\n\n\n\n<p>Pour assurer une floraison abondante des chrysanth\u00e8mes, rien de tel qu\u2019une bonne fertilisation. Utilisez un <strong>engrais liquide \u00e9quilibr\u00e9<\/strong>, riche en phosphore, toutes les deux semaines pendant la p\u00e9riode de croissance. \u00c9vitez les exc\u00e8s d\u2019azote qui favorisent le d\u00e9veloppement des feuilles au d\u00e9triment des fleurs. En hiver, stoppez la fertilisation pour permettre \u00e0 la plante de se reposer.<\/p>\n\n\n<div class=\"lp-produits-grid\"><div class=\"lp-produit\"><div class=\"lp-thumbnail-wrapper\"><img loading=\"lazy\" decoding=\"async\" width=\"300\" height=\"300\" src=\"https:\/\/www.interflora.fr\/blog\/wp-content\/uploads\/2025\/05\/6SP-800Wx800H-0-1-11-300x300.jpg\" class=\"attachment-medium size-medium wp-post-image\" alt=\"\" srcset=\"https:\/\/www.interflora.fr\/blog\/wp-content\/uploads\/2025\/05\/6SP-800Wx800H-0-1-11-300x300.jpg 300w, https:\/\/www.interflora.fr\/blog\/wp-content\/uploads\/2025\/05\/6SP-800Wx800H-0-1-11-150x150.jpg 150w, https:\/\/www.interflora.fr\/blog\/wp-content\/uploads\/2025\/05\/6SP-800Wx800H-0-1-11-768x768.jpg 768w, https:\/\/www.interflora.fr\/blog\/wp-content\/uploads\/2025\/05\/6SP-800Wx800H-0-1-11.jpg 800w\" sizes=\"auto, (max-width: 300px) 100vw, 300px\" \/><img decoding=\"async\" class=\"lp-badge\" src=\"https:\/\/www.interflora.fr\/blog\/wp-content\/uploads\/2025\/06\/logo-circle.png\" alt=\"Livraison rapide Interflora\"><\/div><span>Songe du pass\u00e9<\/span><p>46.95 \u20ac<\/p><span class=\"obf-link lp-cta\" role=\"link\" tabindex=\"0\" data-b64=\"aHR0cHM6Ly93d3cuaW50ZXJmbG9yYS5mci9wL2RldWlsLWNvdXBlLXBsYW50ZXMtc29uZ2UtcGFzc2UvMS9GUj91dG1fbWVkaXVtPW9yZ2FuaWMmdXRtX3NvdXJjZT1ibG9nX3Byb2R1Y3RzJnV0bV9jYW1wYWlnbj02U1A=\" data-target=\"_blank\"><svg xmlns=\"http:\/\/www.w3.org\/2000\/svg\" width=\"16\" height=\"16\" fill=\"currentColor\" class=\"bi bi-bag\" viewBox=\"0 0 16 16\"><path d=\"M8 1a2 2 0 0 1 2 2v1h2.5A1.5 1.5 0 0 1 14 5.5v8A1.5 1.5 0 0 1 12.5 15h-9A1.5 1.5 0 0 1 2 13.5v-8A1.5 1.5 0 0 1 3.5 3H6V2a2 2 0 0 1 2-1zm1 3V3a1 1 0 0 0-2 0v1h2z\"\/><\/svg>Voir le produit<\/span><p class=\"rapido\">Livraison rapide<\/p><\/div><div class=\"lp-produit\"><div class=\"lp-thumbnail-wrapper\"><img loading=\"lazy\" decoding=\"async\" width=\"300\" height=\"300\" src=\"https:\/\/www.interflora.fr\/blog\/wp-content\/uploads\/2025\/10\/CHRY12-800Wx800H-0-1-300x300.jpg\" class=\"attachment-medium size-medium wp-post-image\" alt=\"\" srcset=\"https:\/\/www.interflora.fr\/blog\/wp-content\/uploads\/2025\/10\/CHRY12-800Wx800H-0-1-300x300.jpg 300w, https:\/\/www.interflora.fr\/blog\/wp-content\/uploads\/2025\/10\/CHRY12-800Wx800H-0-1-150x150.jpg 150w, https:\/\/www.interflora.fr\/blog\/wp-content\/uploads\/2025\/10\/CHRY12-800Wx800H-0-1-768x768.jpg 768w, https:\/\/www.interflora.fr\/blog\/wp-content\/uploads\/2025\/10\/CHRY12-800Wx800H-0-1.jpg 800w\" sizes=\"auto, (max-width: 300px) 100vw, 300px\" \/><img decoding=\"async\" class=\"lp-badge\" src=\"https:\/\/www.interflora.fr\/blog\/wp-content\/uploads\/2025\/06\/logo-circle.png\" alt=\"Livraison rapide Interflora\"><\/div><span>Duo de chrysanth\u00e8mes roses<\/span><p>44.95 \u20ac<\/p><span class=\"obf-link lp-cta\" role=\"link\" tabindex=\"0\" data-b64=\"aHR0cHM6Ly93d3cuaW50ZXJmbG9yYS5mci9wL2R1by1kZS1jaHlzYW50aGVtZXMtcm9zZS8xL0ZSP3V0bV9tZWRpdW09b3JnYW5pYyZ1dG1fc291cmNlPWJsb2dfcHJvZHVjdHMmdXRtX2NhbXBhaWduPUNIUlkxMg==\" data-target=\"_blank\"><svg xmlns=\"http:\/\/www.w3.org\/2000\/svg\" width=\"16\" height=\"16\" fill=\"currentColor\" class=\"bi bi-bag\" viewBox=\"0 0 16 16\"><path d=\"M8 1a2 2 0 0 1 2 2v1h2.5A1.5 1.5 0 0 1 14 5.5v8A1.5 1.5 0 0 1 12.5 15h-9A1.5 1.5 0 0 1 2 13.5v-8A1.5 1.5 0 0 1 3.5 3H6V2a2 2 0 0 1 2-1zm1 3V3a1 1 0 0 0-2 0v1h2z\"\/><\/svg>Voir le produit<\/span><p class=\"rapido\">Top produit<\/p><\/div><div class=\"lp-produit\"><div class=\"lp-thumbnail-wrapper\"><img loading=\"lazy\" decoding=\"async\" width=\"300\" height=\"300\" src=\"https:\/\/www.interflora.fr\/blog\/wp-content\/uploads\/2025\/05\/6AELST-800Wx800H-0-1-13-300x300.jpg\" class=\"attachment-medium size-medium wp-post-image\" alt=\"\" srcset=\"https:\/\/www.interflora.fr\/blog\/wp-content\/uploads\/2025\/05\/6AELST-800Wx800H-0-1-13-300x300.jpg 300w, https:\/\/www.interflora.fr\/blog\/wp-content\/uploads\/2025\/05\/6AELST-800Wx800H-0-1-13-150x150.jpg 150w, https:\/\/www.interflora.fr\/blog\/wp-content\/uploads\/2025\/05\/6AELST-800Wx800H-0-1-13-768x768.jpg 768w, https:\/\/www.interflora.fr\/blog\/wp-content\/uploads\/2025\/05\/6AELST-800Wx800H-0-1-13.jpg 800w\" sizes=\"auto, (max-width: 300px) 100vw, 300px\" \/><img decoding=\"async\" class=\"lp-badge\" src=\"https:\/\/www.interflora.fr\/blog\/wp-content\/uploads\/2025\/06\/logo-circle.png\" alt=\"Livraison rapide Interflora\"><\/div><span>Amiti\u00e9 \u00e9ternelle et sa livraison sur tombe<\/span><p>64.95 \u20ac<\/p><span class=\"obf-link lp-cta\" role=\"link\" tabindex=\"0\" data-b64=\"aHR0cHM6Ly93d3cuaW50ZXJmbG9yYS5mci9wL2FtaXRpZS1ldGVybmVsbGUtZXQtbGl2cmFpc29uLXN1ci10b21iZS8xL0ZSP3V0bV9tZWRpdW09b3JnYW5pYyZ1dG1fc291cmNlPWJsb2dfcHJvZHVjdHMmdXRtX2NhbXBhaWduPTZBRUxTVA==\" data-target=\"_blank\"><svg xmlns=\"http:\/\/www.w3.org\/2000\/svg\" width=\"16\" height=\"16\" fill=\"currentColor\" class=\"bi bi-bag\" viewBox=\"0 0 16 16\"><path d=\"M8 1a2 2 0 0 1 2 2v1h2.5A1.5 1.5 0 0 1 14 5.5v8A1.5 1.5 0 0 1 12.5 15h-9A1.5 1.5 0 0 1 2 13.5v-8A1.5 1.5 0 0 1 3.5 3H6V2a2 2 0 0 1 2-1zm1 3V3a1 1 0 0 0-2 0v1h2z\"\/><\/svg>Voir le produit<\/span><p class=\"rapido\">Top produit<\/p><\/div><div class=\"lp-produit\"><div class=\"lp-thumbnail-wrapper\"><img loading=\"lazy\" decoding=\"async\" width=\"300\" height=\"300\" src=\"https:\/\/www.interflora.fr\/blog\/wp-content\/uploads\/2025\/10\/CHRY10-800Wx800H-0-1-300x300.jpg\" class=\"attachment-medium size-medium wp-post-image\" alt=\"\" srcset=\"https:\/\/www.interflora.fr\/blog\/wp-content\/uploads\/2025\/10\/CHRY10-800Wx800H-0-1-300x300.jpg 300w, https:\/\/www.interflora.fr\/blog\/wp-content\/uploads\/2025\/10\/CHRY10-800Wx800H-0-1-150x150.jpg 150w, https:\/\/www.interflora.fr\/blog\/wp-content\/uploads\/2025\/10\/CHRY10-800Wx800H-0-1-768x768.jpg 768w, https:\/\/www.interflora.fr\/blog\/wp-content\/uploads\/2025\/10\/CHRY10-800Wx800H-0-1.jpg 800w\" sizes=\"auto, (max-width: 300px) 100vw, 300px\" \/><img decoding=\"async\" class=\"lp-badge\" src=\"https:\/\/www.interflora.fr\/blog\/wp-content\/uploads\/2025\/06\/logo-circle.png\" alt=\"Livraison rapide Interflora\"><\/div><span>Chrysanth\u00e8me rouge<\/span><p>24.95 \u20ac<\/p><span class=\"obf-link lp-cta\" role=\"link\" tabindex=\"0\" data-b64=\"aHR0cHM6Ly93d3cuaW50ZXJmbG9yYS5mci9wL2NocnlzYW50aGVtZS1yb3VnZS8xL0ZSP3V0bV9tZWRpdW09b3JnYW5pYyZ1dG1fc291cmNlPWJsb2dfcHJvZHVjdHMmdXRtX2NhbXBhaWduPUNIUlkxMA==\" data-target=\"_blank\"><svg xmlns=\"http:\/\/www.w3.org\/2000\/svg\" width=\"16\" height=\"16\" fill=\"currentColor\" class=\"bi bi-bag\" viewBox=\"0 0 16 16\"><path d=\"M8 1a2 2 0 0 1 2 2v1h2.5A1.5 1.5 0 0 1 14 5.5v8A1.5 1.5 0 0 1 12.5 15h-9A1.5 1.5 0 0 1 2 13.5v-8A1.5 1.5 0 0 1 3.5 3H6V2a2 2 0 0 1 2-1zm1 3V3a1 1 0 0 0-2 0v1h2z\"\/><\/svg>Voir le produit<\/span><p class=\"rapido\">Fleurs fra\u00eeches<\/p><\/div><\/div>\n\n\n\n<div style=\"height:10px\" aria-hidden=\"true\" class=\"wp-block-spacer\"><\/div>\n\n\n\n<h2 class=\"wp-block-heading alignwide\">Y a-t-il des diff\u00e9rences d\u2019entretien pour un chrysanth\u00e8me en pot en int\u00e9rieur et en ext\u00e9rieur&nbsp;?<\/h2>\n\n\n\n<p>Que vous ayez un jardin, un balcon ou aucun des deux, ne vous en faites pas, <strong>les chrysanth\u00e8mes peuvent \u00eatre cultiv\u00e9s aussi bien en int\u00e9rieur qu\u2019en ext\u00e9rieur<\/strong>. Les gestes pour vous en occuper vont simplement varier l\u00e9g\u00e8rement.<\/p>\n\n\n\n<h3 class=\"wp-block-heading\">En ext\u00e9rieur<\/h3>\n\n\n\n<p>\u00c0 l\u2019ext\u00e9rieur, les plantes b\u00e9n\u00e9ficient g\u00e9n\u00e9ralement de meilleures conditions de lumi\u00e8re et de ventilation, ce qui favorise leur croissance, mais elles sont aussi plus expos\u00e9es aux intemp\u00e9ries et aux parasites.<\/p>\n\n\n\n<p><strong>Les fortes pluies<\/strong> peuvent entra\u00eener un exc\u00e8s d&rsquo;humidit\u00e9, causant la pourriture des racines. Pour pr\u00e9venir cela, assurez-vous que le drainage est suffisant et utilisez un substrat adapt\u00e9 qui ne retient pas trop l&rsquo;eau.<\/p>\n\n\n\n<p><strong>Le vent<\/strong> peut aussi \u00eatre un probl\u00e8me, surtout pour les chrysanth\u00e8mes hauts et volumineux. Placez vos pots dans un endroit abrit\u00e9 pour \u00e9viter que les plantes ne se cassent.<\/p>\n\n\n\n<p>Enfin, surveillez <strong>les parasites<\/strong>, tels que les pucerons et les araign\u00e9es rouges, qui sont plus fr\u00e9quents en ext\u00e9rieur. Un traitement pr\u00e9ventif avec des produits naturels ou biologiques peut aider \u00e0 prot\u00e9ger vos chrysanth\u00e8mes.<\/p>\n\n\n\n<h3 class=\"wp-block-heading\">En int\u00e9rieur<\/h3>\n\n\n\n<p>Plac\u00e9s en int\u00e9rieur, les chrysanth\u00e8mes ne sont pas confront\u00e9s aux intemp\u00e9ries, mais ils peuvent souffrir d\u2019un <strong>manque de lumi\u00e8re<\/strong> et d\u2019une<strong> humidit\u00e9 insuffisante<\/strong>. Pour pallier ceci, placez-les pr\u00e8s d\u2019une fen\u00eatre orient\u00e9e \u00e0 l\u2019est ou \u00e0 l\u2019ouest pour qu\u2019ils re\u00e7oivent suffisamment de lumi\u00e8re indirecte.<\/p>\n\n\n\n<p>Assurez-vous \u00e9galement que <strong>l\u2019air<\/strong> circule bien autour des plantes pour \u00e9viter les maladies fongiques. Si l&rsquo;air de votre maison est sec, surtout en hiver avec le chauffage, utilisez un humidificateur ou vaporisez l\u00e9g\u00e8rement les plantes pour maintenir un taux d&rsquo;humidit\u00e9 ad\u00e9quat.<\/p>\n\n\n\n<p>Enfin, attention aux <strong>courants d&rsquo;air froids<\/strong> qui peuvent stresser les chrysanth\u00e8mes. \u00c9vitez de les placer pr\u00e8s des portes ou des fen\u00eatres qui s&rsquo;ouvrent fr\u00e9quemment.<\/p>\n\n\n\n<figure class=\"wp-block-image aligncenter size-full\"><img decoding=\"async\" src=\"https:\/\/www.interflora.fr\/blog\/wp-content\/uploads\/conserver-chrysantheme-en-pot.jpg\" alt=\"Plusieurs chrysanth\u00e8mes en pot\" class=\"wp-image-45454\"\/><\/figure>\n\n\n\n<h2 class=\"wp-block-heading alignwide\">Comment prot\u00e9ger le chrysanth\u00e8me en pot en hiver&nbsp;?<\/h2>\n\n\n\n<p>Dans les r\u00e9gions aux hivers particuli\u00e8rement froids, l\u2019hivernage du chrysanth\u00e8me en pot est n\u00e9cessaire. En effet, <strong>il supportera difficilement une temp\u00e9rature inf\u00e9rieure \u00e0 -5&nbsp;\u00b0C<\/strong>.<\/p>\n\n\n\n<p>Avant les premi\u00e8res gel\u00e9es, rentrez vos fleurs \u00e0 l\u2019abri, id\u00e9alement dans une pi\u00e8ce fra\u00eeche et lumineuse, comme une v\u00e9randa non chauff\u00e9e.<\/p>\n\n\n\n<p>Si pour une question de place ou de go\u00fbt vous pr\u00e9f\u00e9rez laisser vos chrysanth\u00e8mes \u00e0 l\u2019ext\u00e9rieur, entourez le bac d\u2019un <strong>voile d\u2019hivernage<\/strong> et placez-le sur une surface isolante pour prot\u00e9ger les racines du gel et r\u00e9duisez les arrosages.<\/p>\n\n\n<div class=\"lp-produits-grid\"><div class=\"lp-produit\"><div class=\"lp-thumbnail-wrapper\"><img loading=\"lazy\" decoding=\"async\" width=\"300\" height=\"300\" src=\"https:\/\/www.interflora.fr\/blog\/wp-content\/uploads\/2025\/05\/6LSLST-800Wx800H-0-1-11-300x300.jpg\" class=\"attachment-medium size-medium wp-post-image\" alt=\"\" srcset=\"https:\/\/www.interflora.fr\/blog\/wp-content\/uploads\/2025\/05\/6LSLST-800Wx800H-0-1-11-300x300.jpg 300w, https:\/\/www.interflora.fr\/blog\/wp-content\/uploads\/2025\/05\/6LSLST-800Wx800H-0-1-11-150x150.jpg 150w, https:\/\/www.interflora.fr\/blog\/wp-content\/uploads\/2025\/05\/6LSLST-800Wx800H-0-1-11-768x768.jpg 768w, https:\/\/www.interflora.fr\/blog\/wp-content\/uploads\/2025\/05\/6LSLST-800Wx800H-0-1-11.jpg 800w\" sizes=\"auto, (max-width: 300px) 100vw, 300px\" \/><img decoding=\"async\" class=\"lp-badge\" src=\"https:\/\/www.interflora.fr\/blog\/wp-content\/uploads\/2025\/06\/logo-circle.png\" alt=\"Livraison rapide Interflora\"><\/div><span>Lumineux souvenir et sa livraison sur tombe<\/span><p>44.95 \u20ac<\/p><span class=\"obf-link lp-cta\" role=\"link\" tabindex=\"0\" data-b64=\"aHR0cHM6Ly93d3cuaW50ZXJmbG9yYS5mci9wL2x1bWluZXV4LXNvdXZlbmlyLWV0LWxpdnJhaXNvbi1zdXItdG9tYmUvMS9GUj91dG1fbWVkaXVtPW9yZ2FuaWMmdXRtX3NvdXJjZT1ibG9nX3Byb2R1Y3RzJnV0bV9jYW1wYWlnbj02TFNMU1Q=\" data-target=\"_blank\"><svg xmlns=\"http:\/\/www.w3.org\/2000\/svg\" width=\"16\" height=\"16\" fill=\"currentColor\" class=\"bi bi-bag\" viewBox=\"0 0 16 16\"><path d=\"M8 1a2 2 0 0 1 2 2v1h2.5A1.5 1.5 0 0 1 14 5.5v8A1.5 1.5 0 0 1 12.5 15h-9A1.5 1.5 0 0 1 2 13.5v-8A1.5 1.5 0 0 1 3.5 3H6V2a2 2 0 0 1 2-1zm1 3V3a1 1 0 0 0-2 0v1h2z\"\/><\/svg>Voir le produit<\/span><p class=\"rapido\">Fleurs fra\u00eeches<\/p><\/div><div class=\"lp-produit\"><div class=\"lp-thumbnail-wrapper\"><img loading=\"lazy\" decoding=\"async\" width=\"300\" height=\"300\" src=\"https:\/\/www.interflora.fr\/blog\/wp-content\/uploads\/2025\/10\/CHRY7-800Wx800H-0-1-300x300.jpg\" class=\"attachment-medium size-medium wp-post-image\" alt=\"\" srcset=\"https:\/\/www.interflora.fr\/blog\/wp-content\/uploads\/2025\/10\/CHRY7-800Wx800H-0-1-300x300.jpg 300w, https:\/\/www.interflora.fr\/blog\/wp-content\/uploads\/2025\/10\/CHRY7-800Wx800H-0-1-150x150.jpg 150w, https:\/\/www.interflora.fr\/blog\/wp-content\/uploads\/2025\/10\/CHRY7-800Wx800H-0-1-768x768.jpg 768w, https:\/\/www.interflora.fr\/blog\/wp-content\/uploads\/2025\/10\/CHRY7-800Wx800H-0-1.jpg 800w\" sizes=\"auto, (max-width: 300px) 100vw, 300px\" \/><img decoding=\"async\" class=\"lp-badge\" src=\"https:\/\/www.interflora.fr\/blog\/wp-content\/uploads\/2025\/06\/logo-circle.png\" alt=\"Livraison rapide Interflora\"><\/div><span>Chrysanth\u00e8me mauve<\/span><p>24.95 \u20ac<\/p><span class=\"obf-link lp-cta\" role=\"link\" tabindex=\"0\" data-b64=\"aHR0cHM6Ly93d3cuaW50ZXJmbG9yYS5mci9wL2NocnlzYW50aGVtZS11bmljb2xvcmUtbS8xL0ZSP3V0bV9tZWRpdW09b3JnYW5pYyZ1dG1fc291cmNlPWJsb2dfcHJvZHVjdHMmdXRtX2NhbXBhaWduPUNIUlk3\" data-target=\"_blank\"><svg xmlns=\"http:\/\/www.w3.org\/2000\/svg\" width=\"16\" height=\"16\" fill=\"currentColor\" class=\"bi bi-bag\" viewBox=\"0 0 16 16\"><path d=\"M8 1a2 2 0 0 1 2 2v1h2.5A1.5 1.5 0 0 1 14 5.5v8A1.5 1.5 0 0 1 12.5 15h-9A1.5 1.5 0 0 1 2 13.5v-8A1.5 1.5 0 0 1 3.5 3H6V2a2 2 0 0 1 2-1zm1 3V3a1 1 0 0 0-2 0v1h2z\"\/><\/svg>Voir le produit<\/span><p class=\"rapido\">Livraison rapide<\/p><\/div><div class=\"lp-produit\"><div class=\"lp-thumbnail-wrapper\"><img loading=\"lazy\" decoding=\"async\" width=\"300\" height=\"300\" src=\"https:\/\/www.interflora.fr\/blog\/wp-content\/uploads\/2025\/05\/W6CPF-800Wx800H-0-1-300x300.jpg\" class=\"attachment-medium size-medium wp-post-image\" alt=\"\" srcset=\"https:\/\/www.interflora.fr\/blog\/wp-content\/uploads\/2025\/05\/W6CPF-800Wx800H-0-1-300x300.jpg 300w, https:\/\/www.interflora.fr\/blog\/wp-content\/uploads\/2025\/05\/W6CPF-800Wx800H-0-1-150x150.jpg 150w, https:\/\/www.interflora.fr\/blog\/wp-content\/uploads\/2025\/05\/W6CPF-800Wx800H-0-1-768x768.jpg 768w, https:\/\/www.interflora.fr\/blog\/wp-content\/uploads\/2025\/05\/W6CPF-800Wx800H-0-1.jpg 800w\" sizes=\"auto, (max-width: 300px) 100vw, 300px\" \/><img decoding=\"async\" class=\"lp-badge\" src=\"https:\/\/www.interflora.fr\/blog\/wp-content\/uploads\/2025\/06\/logo-circle.png\" alt=\"Livraison rapide Interflora\"><\/div><span>La coupe de plantes du fleuriste<\/span><p>34.95 \u20ac<\/p><span class=\"obf-link lp-cta\" role=\"link\" tabindex=\"0\" data-b64=\"aHR0cHM6Ly93d3cuaW50ZXJmbG9yYS5mci9wL2RldWlsLWNvdXBlLXBsYW50ZXMtZmxldXJpc3RlLzEvRlI\/dXRtX21lZGl1bT1vcmdhbmljJnV0bV9zb3VyY2U9YmxvZ19wcm9kdWN0cyZ1dG1fY2FtcGFpZ249VzZDUEY=\" data-target=\"_blank\"><svg xmlns=\"http:\/\/www.w3.org\/2000\/svg\" width=\"16\" height=\"16\" fill=\"currentColor\" class=\"bi bi-bag\" viewBox=\"0 0 16 16\"><path d=\"M8 1a2 2 0 0 1 2 2v1h2.5A1.5 1.5 0 0 1 14 5.5v8A1.5 1.5 0 0 1 12.5 15h-9A1.5 1.5 0 0 1 2 13.5v-8A1.5 1.5 0 0 1 3.5 3H6V2a2 2 0 0 1 2-1zm1 3V3a1 1 0 0 0-2 0v1h2z\"\/><\/svg>Voir le produit<\/span><p class=\"rapido\">Top produit<\/p><\/div><div class=\"lp-produit\"><div class=\"lp-thumbnail-wrapper\"><img loading=\"lazy\" decoding=\"async\" width=\"300\" height=\"300\" src=\"https:\/\/www.interflora.fr\/blog\/wp-content\/uploads\/2025\/05\/CHRY6LST-800Wx800H-0-1-300x300.jpg\" class=\"attachment-medium size-medium wp-post-image\" alt=\"\" srcset=\"https:\/\/www.interflora.fr\/blog\/wp-content\/uploads\/2025\/05\/CHRY6LST-800Wx800H-0-1-300x300.jpg 300w, https:\/\/www.interflora.fr\/blog\/wp-content\/uploads\/2025\/05\/CHRY6LST-800Wx800H-0-1-150x150.jpg 150w, https:\/\/www.interflora.fr\/blog\/wp-content\/uploads\/2025\/05\/CHRY6LST-800Wx800H-0-1-768x768.jpg 768w, https:\/\/www.interflora.fr\/blog\/wp-content\/uploads\/2025\/05\/CHRY6LST-800Wx800H-0-1.jpg 800w\" sizes=\"auto, (max-width: 300px) 100vw, 300px\" \/><img decoding=\"async\" class=\"lp-badge\" src=\"https:\/\/www.interflora.fr\/blog\/wp-content\/uploads\/2025\/06\/logo-circle.png\" alt=\"Livraison rapide Interflora\"><\/div><span>Chrysanth\u00e8me rose et sa livraison sur tombe<\/span><p>29.95 \u20ac<\/p><span class=\"obf-link lp-cta\" role=\"link\" tabindex=\"0\" data-b64=\"aHR0cHM6Ly93d3cuaW50ZXJmbG9yYS5mci9wL2NocnlzYW50aGVtZS1yb3NlLWxpdnJhaXNvbi10b21iZS8yL0ZSP3V0bV9tZWRpdW09b3JnYW5pYyZ1dG1fc291cmNlPWJsb2dfcHJvZHVjdHMmdXRtX2NhbXBhaWduPUNIUlk2TFNU\" data-target=\"_blank\"><svg xmlns=\"http:\/\/www.w3.org\/2000\/svg\" width=\"16\" height=\"16\" fill=\"currentColor\" class=\"bi bi-bag\" viewBox=\"0 0 16 16\"><path d=\"M8 1a2 2 0 0 1 2 2v1h2.5A1.5 1.5 0 0 1 14 5.5v8A1.5 1.5 0 0 1 12.5 15h-9A1.5 1.5 0 0 1 2 13.5v-8A1.5 1.5 0 0 1 3.5 3H6V2a2 2 0 0 1 2-1zm1 3V3a1 1 0 0 0-2 0v1h2z\"\/><\/svg>Voir le produit<\/span><p class=\"rapido\">Fleurs fra\u00eeches<\/p><\/div><\/div>\n\n\n\n<div style=\"height:10px\" aria-hidden=\"true\" class=\"wp-block-spacer\"><\/div>\n\n\n\n<h2 class=\"wp-block-heading alignwide\">Comment entretenir des chrysanth\u00e8mes en pot au cimeti\u00e8re&nbsp;?<\/h2>\n\n\n\n<p>Les chrysanth\u00e8mes sont souvent utilis\u00e9s pour honorer les d\u00e9funts, notamment \u00e0 la Toussaint. Comme il n\u2019est pas toujours facile de passer tous les jours au cimeti\u00e8re pour les entretenir, nous vous conseillons de privil\u00e9gier des vari\u00e9t\u00e9s r\u00e9sistantes&nbsp;:<\/p>\n\n\n\n<ul class=\"wp-block-list\">\n<li><strong>Chrysanth\u00e8me Rubellum<\/strong>&nbsp;: tr\u00e8s robuste, il r\u00e9siste bien au froid et offre une belle floraison automnale avec des fleurs roses ou jaunes.<\/li>\n\n\n\n<li><strong>Chrysanth\u00e8me Dendranthema<\/strong>&nbsp;: plante vivace, connue pour sa r\u00e9sistance aux intemp\u00e9ries, elle produit des fleurs color\u00e9es tout au long de l&rsquo;automne et tol\u00e8re bien le froid.<\/li>\n\n\n\n<li><strong>Chrysanth\u00e8me Goldmarianne<\/strong>&nbsp;: cette vari\u00e9t\u00e9 naine est id\u00e9ale pour les pots et pr\u00e9sente une excellente r\u00e9sistance aux conditions ext\u00e9rieures, notamment au vent et au froid.<\/li>\n\n\n\n<li><strong>Chrysanth\u00e8me Clara Curtis<\/strong>&nbsp;: facile \u00e0 entretenir, cette vari\u00e9t\u00e9 est particuli\u00e8rement r\u00e9sistante aux maladies et au froid, et se pare de grandes fleurs roses.<\/li>\n\n\n\n<li><strong>Chrysanth\u00e8me Sheffield Pink<\/strong>&nbsp;: tr\u00e8s rustique, il supporte bien les conditions climatiques difficiles et produit de belles fleurs rose p\u00e2le jusqu&rsquo;aux premi\u00e8res gel\u00e9es.<\/li>\n<\/ul>\n\n\n\n<p>Utilisez un paillage pour maintenir l&rsquo;humidit\u00e9 et installez des soucoupes sous les pots. Profitez de vos visites pour arroser abondamment et retirer les fleurs fan\u00e9es.<\/p>\n\n\n\n<p>En hiver, vous pouvez laisser les pots en place, mais nous vous recommandons de les prot\u00e9ger des gel\u00e9es avec un voile d&rsquo;hivernage.<\/p>\n\n\n\n<figure class=\"wp-block-image aligncenter size-full\"><img decoding=\"async\" src=\"https:\/\/www.interflora.fr\/blog\/wp-content\/uploads\/entretien-chrysantheme-en-pot.jpg\" alt=\"Fleurs de chrysanth\u00e8mes roses et jaunes\" class=\"wp-image-45455\"\/><\/figure>\n\n\n\n<h2 class=\"wp-block-heading alignwide\">Comment rempoter un chrysanth\u00e8me en pot&nbsp;?<\/h2>\n\n\n\n<p>Lorsque <strong>les racines commencent \u00e0 manquer d\u2019espace ou que le terreau est appauvri<\/strong>, le rempotage est une op\u00e9ration n\u00e9cessaire pour le bien-\u00eatre de vos chrysanth\u00e8mes.<\/p>\n\n\n\n<p>Choisissez un contenant l\u00e9g\u00e8rement plus grand et utilisez un terreau frais enrichi en nutriments. Retirez d\u00e9licatement la plante de son ancien pot, en prenant soin de ne pas endommager les racines. Placez-la au centre du nouveau, comblez avec du terreau, puis arrosez mod\u00e9r\u00e9ment pour favoriser l\u2019enracinement.<\/p>\n\n\n\n<h2 class=\"wp-block-heading alignwide\">Peut-on replanter un chrysanth\u00e8me en pot&nbsp;?<\/h2>\n\n\n\n<p>Oui, il est tout \u00e0 fait possible de replanter un chrysanth\u00e8me en pot dans le jardin, m\u00eame apr\u00e8s la floraison. Le chrysanth\u00e8me \u00e9tant une plante vivace, il peut s\u2019adapter \u00e0 une <strong>culture en pleine terre si les conditions sont favorables<\/strong>.<\/p>\n\n\n\n<p>Pour r\u00e9ussir cette transplantation, attendez la fin des gel\u00e9es et choisissez un emplacement ensoleill\u00e9 avec un sol bien drain\u00e9. Pr\u00e9parez le sol en l\u2019enrichissant de compost et plantez les chrysanth\u00e8mes en prenant soin de bien les espacer pour qu\u2019ils puissent se d\u00e9velopper. Arrosez g\u00e9n\u00e9reusement apr\u00e8s la transplantation pour favoriser l&rsquo;enracinement.<\/p>\n\n\n\n<p>Sachez qu&rsquo;il est pr\u00e9f\u00e9rable que votre chrysanth\u00e8me \u00e0 replanter ne soit pas trop jeune et vuln\u00e9rable. Attendez qu\u2019il ait bien grandi avant de le transplanter.<\/p>\n\n\n<div class=\"lp-produits-grid\"><div class=\"lp-produit\"><div class=\"lp-thumbnail-wrapper\"><img loading=\"lazy\" decoding=\"async\" width=\"300\" height=\"300\" src=\"https:\/\/www.interflora.fr\/blog\/wp-content\/uploads\/2025\/10\/6BRUY-800Wx800H-0-1-7-300x300.jpg\" class=\"attachment-medium size-medium wp-post-image\" alt=\"\" srcset=\"https:\/\/www.interflora.fr\/blog\/wp-content\/uploads\/2025\/10\/6BRUY-800Wx800H-0-1-7-300x300.jpg 300w, https:\/\/www.interflora.fr\/blog\/wp-content\/uploads\/2025\/10\/6BRUY-800Wx800H-0-1-7-150x150.jpg 150w, https:\/\/www.interflora.fr\/blog\/wp-content\/uploads\/2025\/10\/6BRUY-800Wx800H-0-1-7-768x768.jpg 768w, https:\/\/www.interflora.fr\/blog\/wp-content\/uploads\/2025\/10\/6BRUY-800Wx800H-0-1-7.jpg 800w\" sizes=\"auto, (max-width: 300px) 100vw, 300px\" \/><img decoding=\"async\" class=\"lp-badge\" src=\"https:\/\/www.interflora.fr\/blog\/wp-content\/uploads\/2025\/06\/logo-circle.png\" alt=\"Livraison rapide Interflora\"><\/div><span>Pot de bruy\u00e8re<\/span><p>22.95 \u20ac<\/p><span class=\"obf-link lp-cta\" role=\"link\" tabindex=\"0\" data-b64=\"aHR0cHM6Ly93d3cuaW50ZXJmbG9yYS5mci9wL3BvdC1kZS1icnV5ZXJlLzEvRlI\/dXRtX21lZGl1bT1vcmdhbmljJnV0bV9zb3VyY2U9YmxvZ19wcm9kdWN0cyZ1dG1fY2FtcGFpZ249NkJSVVk=\" data-target=\"_blank\"><svg xmlns=\"http:\/\/www.w3.org\/2000\/svg\" width=\"16\" height=\"16\" fill=\"currentColor\" class=\"bi bi-bag\" viewBox=\"0 0 16 16\"><path d=\"M8 1a2 2 0 0 1 2 2v1h2.5A1.5 1.5 0 0 1 14 5.5v8A1.5 1.5 0 0 1 12.5 15h-9A1.5 1.5 0 0 1 2 13.5v-8A1.5 1.5 0 0 1 3.5 3H6V2a2 2 0 0 1 2-1zm1 3V3a1 1 0 0 0-2 0v1h2z\"\/><\/svg>Voir le produit<\/span><p class=\"rapido\">Fleurs fra\u00eeches<\/p><\/div><div class=\"lp-produit\"><div class=\"lp-thumbnail-wrapper\"><img loading=\"lazy\" decoding=\"async\" width=\"300\" height=\"300\" src=\"https:\/\/www.interflora.fr\/blog\/wp-content\/uploads\/2025\/05\/W6CPF-800Wx800H-0-1-300x300.jpg\" class=\"attachment-medium size-medium wp-post-image\" alt=\"\" srcset=\"https:\/\/www.interflora.fr\/blog\/wp-content\/uploads\/2025\/05\/W6CPF-800Wx800H-0-1-300x300.jpg 300w, https:\/\/www.interflora.fr\/blog\/wp-content\/uploads\/2025\/05\/W6CPF-800Wx800H-0-1-150x150.jpg 150w, https:\/\/www.interflora.fr\/blog\/wp-content\/uploads\/2025\/05\/W6CPF-800Wx800H-0-1-768x768.jpg 768w, https:\/\/www.interflora.fr\/blog\/wp-content\/uploads\/2025\/05\/W6CPF-800Wx800H-0-1.jpg 800w\" sizes=\"auto, (max-width: 300px) 100vw, 300px\" \/><img decoding=\"async\" class=\"lp-badge\" src=\"https:\/\/www.interflora.fr\/blog\/wp-content\/uploads\/2025\/06\/logo-circle.png\" alt=\"Livraison rapide Interflora\"><\/div><span>La coupe de plantes du fleuriste<\/span><p>34.95 \u20ac<\/p><span class=\"obf-link lp-cta\" role=\"link\" tabindex=\"0\" data-b64=\"aHR0cHM6Ly93d3cuaW50ZXJmbG9yYS5mci9wL2RldWlsLWNvdXBlLXBsYW50ZXMtZmxldXJpc3RlLzEvRlI\/dXRtX21lZGl1bT1vcmdhbmljJnV0bV9zb3VyY2U9YmxvZ19wcm9kdWN0cyZ1dG1fY2FtcGFpZ249VzZDUEY=\" data-target=\"_blank\"><svg xmlns=\"http:\/\/www.w3.org\/2000\/svg\" width=\"16\" height=\"16\" fill=\"currentColor\" class=\"bi bi-bag\" viewBox=\"0 0 16 16\"><path d=\"M8 1a2 2 0 0 1 2 2v1h2.5A1.5 1.5 0 0 1 14 5.5v8A1.5 1.5 0 0 1 12.5 15h-9A1.5 1.5 0 0 1 2 13.5v-8A1.5 1.5 0 0 1 3.5 3H6V2a2 2 0 0 1 2-1zm1 3V3a1 1 0 0 0-2 0v1h2z\"\/><\/svg>Voir le produit<\/span><p class=\"rapido\">Top produit<\/p><\/div><div class=\"lp-produit\"><div class=\"lp-thumbnail-wrapper\"><img loading=\"lazy\" decoding=\"async\" width=\"300\" height=\"300\" src=\"https:\/\/www.interflora.fr\/blog\/wp-content\/uploads\/2025\/05\/CHRY6LST-800Wx800H-0-1-300x300.jpg\" class=\"attachment-medium size-medium wp-post-image\" alt=\"\" srcset=\"https:\/\/www.interflora.fr\/blog\/wp-content\/uploads\/2025\/05\/CHRY6LST-800Wx800H-0-1-300x300.jpg 300w, https:\/\/www.interflora.fr\/blog\/wp-content\/uploads\/2025\/05\/CHRY6LST-800Wx800H-0-1-150x150.jpg 150w, https:\/\/www.interflora.fr\/blog\/wp-content\/uploads\/2025\/05\/CHRY6LST-800Wx800H-0-1-768x768.jpg 768w, https:\/\/www.interflora.fr\/blog\/wp-content\/uploads\/2025\/05\/CHRY6LST-800Wx800H-0-1.jpg 800w\" sizes=\"auto, (max-width: 300px) 100vw, 300px\" \/><img decoding=\"async\" class=\"lp-badge\" src=\"https:\/\/www.interflora.fr\/blog\/wp-content\/uploads\/2025\/06\/logo-circle.png\" alt=\"Livraison rapide Interflora\"><\/div><span>Chrysanth\u00e8me rose et sa livraison sur tombe<\/span><p>29.95 \u20ac<\/p><span class=\"obf-link lp-cta\" role=\"link\" tabindex=\"0\" data-b64=\"aHR0cHM6Ly93d3cuaW50ZXJmbG9yYS5mci9wL2NocnlzYW50aGVtZS1yb3NlLWxpdnJhaXNvbi10b21iZS8yL0ZSP3V0bV9tZWRpdW09b3JnYW5pYyZ1dG1fc291cmNlPWJsb2dfcHJvZHVjdHMmdXRtX2NhbXBhaWduPUNIUlk2TFNU\" data-target=\"_blank\"><svg xmlns=\"http:\/\/www.w3.org\/2000\/svg\" width=\"16\" height=\"16\" fill=\"currentColor\" class=\"bi bi-bag\" viewBox=\"0 0 16 16\"><path d=\"M8 1a2 2 0 0 1 2 2v1h2.5A1.5 1.5 0 0 1 14 5.5v8A1.5 1.5 0 0 1 12.5 15h-9A1.5 1.5 0 0 1 2 13.5v-8A1.5 1.5 0 0 1 3.5 3H6V2a2 2 0 0 1 2-1zm1 3V3a1 1 0 0 0-2 0v1h2z\"\/><\/svg>Voir le produit<\/span><p class=\"rapido\">Top produit<\/p><\/div><div class=\"lp-produit\"><div class=\"lp-thumbnail-wrapper\"><img loading=\"lazy\" decoding=\"async\" width=\"300\" height=\"300\" src=\"https:\/\/www.interflora.fr\/blog\/wp-content\/uploads\/2025\/05\/CHRY8LST-800Wx800H-0-1-300x300.jpg\" class=\"attachment-medium size-medium wp-post-image\" alt=\"\" srcset=\"https:\/\/www.interflora.fr\/blog\/wp-content\/uploads\/2025\/05\/CHRY8LST-800Wx800H-0-1-300x300.jpg 300w, https:\/\/www.interflora.fr\/blog\/wp-content\/uploads\/2025\/05\/CHRY8LST-800Wx800H-0-1-150x150.jpg 150w, https:\/\/www.interflora.fr\/blog\/wp-content\/uploads\/2025\/05\/CHRY8LST-800Wx800H-0-1-768x768.jpg 768w, https:\/\/www.interflora.fr\/blog\/wp-content\/uploads\/2025\/05\/CHRY8LST-800Wx800H-0-1.jpg 800w\" sizes=\"auto, (max-width: 300px) 100vw, 300px\" \/><img decoding=\"async\" class=\"lp-badge\" src=\"https:\/\/www.interflora.fr\/blog\/wp-content\/uploads\/2025\/06\/logo-circle.png\" alt=\"Livraison rapide Interflora\"><\/div><span>Chrysanth\u00e8me multicolore et sa livraison sur tombe<\/span><p>31.95 \u20ac<\/p><span class=\"obf-link lp-cta\" role=\"link\" tabindex=\"0\" data-b64=\"aHR0cHM6Ly93d3cuaW50ZXJmbG9yYS5mci9wL2NocnlzYW50aGVtZS1tdWx0aS1saXZyYWlzb24tdG9tYmUvMS9GUj91dG1fbWVkaXVtPW9yZ2FuaWMmdXRtX3NvdXJjZT1ibG9nX3Byb2R1Y3RzJnV0bV9jYW1wYWlnbj1DSFJZOExTVA==\" data-target=\"_blank\"><svg xmlns=\"http:\/\/www.w3.org\/2000\/svg\" width=\"16\" height=\"16\" fill=\"currentColor\" class=\"bi bi-bag\" viewBox=\"0 0 16 16\"><path d=\"M8 1a2 2 0 0 1 2 2v1h2.5A1.5 1.5 0 0 1 14 5.5v8A1.5 1.5 0 0 1 12.5 15h-9A1.5 1.5 0 0 1 2 13.5v-8A1.5 1.5 0 0 1 3.5 3H6V2a2 2 0 0 1 2-1zm1 3V3a1 1 0 0 0-2 0v1h2z\"\/><\/svg>Voir le produit<\/span><p class=\"rapido\">Livraison rapide<\/p><\/div><\/div>\n\n\n\n<div style=\"height:10px\" aria-hidden=\"true\" class=\"wp-block-spacer\"><\/div>\n\n\n\n<h2 class=\"wp-block-heading alignwide\">Comment faire pour conserver un chrysanth\u00e8me d&rsquo;une ann\u00e9e sur l&rsquo;autre&nbsp;?<\/h2>\n\n\n\n<p>Pour garder votre <a href=\"https:\/\/www.interflora.fr\/blog\/chrysantheme\/\">chrysanth\u00e8me<\/a> au fil des ans, vous devez <strong>lui offrir des conditions optimales pendant l&rsquo;hiver et bien le nourrir au printemps<\/strong>. Nous vous recommandons de tailler les tiges \u00e0 environ 10&nbsp;cm du sol apr\u00e8s la floraison et de placer le chrysanth\u00e8me dans un endroit frais \u00e0 l\u2019abri des fortes gel\u00e9es. Reprenez les arrosages r\u00e9guliers au d\u00e9but du printemps et apportez un engrais \u00e9quilibr\u00e9 pour relancer la croissance.<\/p>\n\n\n\n<p>En suivant ces quelques conseils, vous pourrez faire refleurir vos chrysanth\u00e8mes et profiter de leur beaut\u00e9 ann\u00e9e apr\u00e8s ann\u00e9e.<\/p>\n\n\n\n<h2 class=\"wp-block-heading alignwide\">Comment faire refleurir les chrysanth\u00e8mes en pot&nbsp;?<\/h2>\n\n\n\n<p>Avec de si jolies fleurs, on a envie d\u2019en profiter le plus possible. Voici donc les points cl\u00e9s pour favoriser la floraison&nbsp;:<\/p>\n\n\n\n<ul class=\"wp-block-list\">\n<li>Taillez les fleurs d\u00e8s qu\u2019elles fanent pour stimuler la production de nouvelles fleurs.<\/li>\n\n\n\n<li>Placez le chrysanth\u00e8me dans un endroit ensoleill\u00e9, la lumi\u00e8re \u00e9tant cruciale pour la floraison.<\/li>\n\n\n\n<li>Fertilisez r\u00e9guli\u00e8rement avec un engrais riche en phosphore pendant la p\u00e9riode de croissance.<\/li>\n\n\n\n<li>R\u00e9duisez les arrosages en hiver, mais assurez un arrosage r\u00e9gulier d\u00e8s le printemps.<\/li>\n\n\n\n<li>Faites hiverner votre chrysanth\u00e8me dans un lieu frais.<\/li>\n<\/ul>\n\n\n\n<p>Maintenant que vous connaissez tous les <strong>secrets de culture des chrysanth\u00e8mes en pot<\/strong>, il ne vous reste plus qu\u2019\u00e0 sortir vos outils de jardin. Bon jardinage&nbsp;!<\/p>\n\n\n\n<figure class=\"wp-block-image aligncenter size-full\"><img decoding=\"async\" src=\"https:\/\/www.interflora.fr\/blog\/wp-content\/uploads\/faire-refleurir-chrysantheme-en-pot.jpg\" alt=\"Chrysanth\u00e8mes roses bien ouvertes en gros plan\" class=\"wp-image-45456\"\/><\/figure>\n","protected":false},"excerpt":{"rendered":"<p>Avec leurs fleurs g\u00e9n\u00e9reuses et color\u00e9es, les chrysanth\u00e8mes en pot sont un choix populaire pour \u00e9gayer balcons, terrasses et int\u00e9rieurs. [&hellip;]<\/p>\n","protected":false},"author":1,"featured_media":54145,"comment_status":"open","ping_status":"open","sticky":false,"template":"","format":"standard","meta":{"_uag_custom_page_level_css":"","site-sidebar-layout":"default","site-content-layout":"","ast-site-content-layout":"default","site-content-style":"default","site-sidebar-style":"default","ast-global-header-display":"","ast-banner-title-visibility":"","ast-main-header-display":"","ast-hfb-above-header-display":"","ast-hfb-below-header-display":"","ast-hfb-mobile-header-display":"","site-post-title":"","ast-breadcrumbs-content":"","ast-featured-img":"","footer-sml-layout":"","ast-disable-related-posts":"","theme-transparent-header-meta":"","adv-header-id-meta":"","stick-header-meta":"","header-above-stick-meta":"","header-main-stick-meta":"","header-below-stick-meta":"","astra-migrate-meta-layouts":"set","ast-page-background-enabled":"default","ast-page-background-meta":{"desktop":{"background-color":"var(--ast-global-color-5)","background-image":"","background-repeat":"repeat","background-position":"center center","background-size":"auto","background-attachment":"scroll","background-type":"","background-media":"","overlay-type":"","overlay-color":"","overlay-opacity":"","overlay-gradient":""},"tablet":{"background-color":"","background-image":"","background-repeat":"repeat","background-position":"center center","background-size":"auto","background-attachment":"scroll","background-type":"","background-media":"","overlay-type":"","overlay-color":"","overlay-opacity":"","overlay-gradient":""},"mobile":{"background-color":"","background-image":"","background-repeat":"repeat","background-position":"center center","background-size":"auto","background-attachment":"scroll","background-type":"","background-media":"","overlay-type":"","overlay-color":"","overlay-opacity":"","overlay-gradient":""}},"ast-content-background-meta":{"desktop":{"background-color":"var(--ast-global-color-4)","background-image":"","background-repeat":"repeat","background-position":"center center","background-size":"auto","background-attachment":"scroll","background-type":"","background-media":"","overlay-type":"","overlay-color":"","overlay-opacity":"","overlay-gradient":""},"tablet":{"background-color":"var(--ast-global-color-4)","background-image":"","background-repeat":"repeat","background-position":"center center","background-size":"auto","background-attachment":"scroll","background-type":"","background-media":"","overlay-type":"","overlay-color":"","overlay-opacity":"","overlay-gradient":""},"mobile":{"background-color":"var(--ast-global-color-4)","background-image":"","background-repeat":"repeat","background-position":"center center","background-size":"auto","background-attachment":"scroll","background-type":"","background-media":"","overlay-type":"","overlay-color":"","overlay-opacity":"","overlay-gradient":""}},"footnotes":""},"categories":[216,176,183,168,202,207,281,312],"tags":[335],"class_list":["post-45450","post","type-post","status-publish","format-standard","has-post-thumbnail","hentry","category-automne","category-evenements","category-fleurs","category-fleurs-massifs","category-hiver","category-plantes","category-plantes-fleuries","category-toussaint","tag-chrysantheme"],"uagb_featured_image_src":{"full":["https:\/\/www.interflora.fr\/blog\/wp-content\/uploads\/2025\/10\/chrysanthemes-en-pot.jpg",800,450,false],"thumbnail":["https:\/\/www.interflora.fr\/blog\/wp-content\/uploads\/2025\/10\/chrysanthemes-en-pot-150x150.jpg",150,150,true],"medium":["https:\/\/www.interflora.fr\/blog\/wp-content\/uploads\/2025\/10\/chrysanthemes-en-pot-300x169.jpg",300,169,true],"medium_large":["https:\/\/www.interflora.fr\/blog\/wp-content\/uploads\/2025\/10\/chrysanthemes-en-pot-768x432.jpg",768,432,true],"large":["https:\/\/www.interflora.fr\/blog\/wp-content\/uploads\/2025\/10\/chrysanthemes-en-pot.jpg",800,450,false],"1536x1536":["https:\/\/www.interflora.fr\/blog\/wp-content\/uploads\/2025\/10\/chrysanthemes-en-pot.jpg",800,450,false],"2048x2048":["https:\/\/www.interflora.fr\/blog\/wp-content\/uploads\/2025\/10\/chrysanthemes-en-pot.jpg",800,450,false]},"uagb_author_info":{"display_name":"admin","author_link":"https:\/\/www.interflora.fr\/blog\/author\/admin\/"},"uagb_comment_info":0,"uagb_excerpt":"Avec leurs fleurs g\u00e9n\u00e9reuses et color\u00e9es, les chrysanth\u00e8mes en pot sont un choix populaire pour \u00e9gayer balcons, terrasses et int\u00e9rieurs. [&hellip;]","yoast_meta":{"title":"Chrysanth\u00e8me en Pot : Guide complet pour r\u00e9ussir sa Culture","description":"Pour tout savoir sur la culture des chrysanth\u00e8mes en pot, suivez le guide : conseils d\u2019entretien, taille, hivernage, arrosage\u2026 Vous saurez tout !"},"_links":{"self":[{"href":"https:\/\/www.interflora.fr\/blog\/wp-json\/wp\/v2\/posts\/45450","targetHints":{"allow":["GET"]}}],"collection":[{"href":"https:\/\/www.interflora.fr\/blog\/wp-json\/wp\/v2\/posts"}],"about":[{"href":"https:\/\/www.interflora.fr\/blog\/wp-json\/wp\/v2\/types\/post"}],"author":[{"embeddable":true,"href":"https:\/\/www.interflora.fr\/blog\/wp-json\/wp\/v2\/users\/1"}],"replies":[{"embeddable":true,"href":"https:\/\/www.interflora.fr\/blog\/wp-json\/wp\/v2\/comments?post=45450"}],"version-history":[{"count":0,"href":"https:\/\/www.interflora.fr\/blog\/wp-json\/wp\/v2\/posts\/45450\/revisions"}],"wp:featuredmedia":[{"embeddable":true,"href":"https:\/\/www.interflora.fr\/blog\/wp-json\/wp\/v2\/media\/54145"}],"wp:attachment":[{"href":"https:\/\/www.interflora.fr\/blog\/wp-json\/wp\/v2\/media?parent=45450"}],"wp:term":[{"taxonomy":"category","embeddable":true,"href":"https:\/\/www.interflora.fr\/blog\/wp-json\/wp\/v2\/categories?post=45450"},{"taxonomy":"post_tag","embeddable":true,"href":"https:\/\/www.interflora.fr\/blog\/wp-json\/wp\/v2\/tags?post=45450"}],"curies":[{"name":"wp","href":"https:\/\/api.w.org\/{rel}","templated":true}]}}