{"id":45387,"date":"2025-10-08T16:53:19","date_gmt":"2025-10-08T14:53:19","guid":{"rendered":"https:\/\/www.interflora.fr\/blog\/?p=45387"},"modified":"2025-10-17T14:24:32","modified_gmt":"2025-10-17T12:24:32","slug":"tombes-vegetalisees","status":"publish","type":"post","link":"https:\/\/www.interflora.fr\/blog\/tombes-vegetalisees\/","title":{"rendered":"Tombes v\u00e9g\u00e9talis\u00e9es : inspirations pour des tombes v\u00e9g\u00e9talis\u00e9es uniques et durables"},"content":{"rendered":"\n<p>Cr\u00e9ez un lieu de repos unique, naturel et vivant pour un cher disparu en optant pour une <strong>tombe moderne v\u00e9g\u00e9talis\u00e9e<\/strong>. D\u00e9couvrez ce nouveau concept de s\u00e9pulture qui fait la part belle \u00e0 la nature et laissez-vous inspirer par nos id\u00e9es de <strong>tombes v\u00e9g\u00e9tales<\/strong> originales qui allient beaut\u00e9, respect et durabilit\u00e9.<\/p>\n\n\n<div class=\"lp-produits-grid\"><div class=\"lp-produit\"><div class=\"lp-thumbnail-wrapper\"><img loading=\"lazy\" decoding=\"async\" width=\"300\" height=\"300\" src=\"https:\/\/www.interflora.fr\/blog\/wp-content\/uploads\/2025\/10\/CHRY7-800Wx800H-0-1-300x300.jpg\" class=\"attachment-medium size-medium wp-post-image\" alt=\"\" srcset=\"https:\/\/www.interflora.fr\/blog\/wp-content\/uploads\/2025\/10\/CHRY7-800Wx800H-0-1-300x300.jpg 300w, https:\/\/www.interflora.fr\/blog\/wp-content\/uploads\/2025\/10\/CHRY7-800Wx800H-0-1-150x150.jpg 150w, https:\/\/www.interflora.fr\/blog\/wp-content\/uploads\/2025\/10\/CHRY7-800Wx800H-0-1-768x768.jpg 768w, https:\/\/www.interflora.fr\/blog\/wp-content\/uploads\/2025\/10\/CHRY7-800Wx800H-0-1.jpg 800w\" sizes=\"auto, (max-width: 300px) 100vw, 300px\" \/><img decoding=\"async\" class=\"lp-badge\" src=\"https:\/\/www.interflora.fr\/blog\/wp-content\/uploads\/2025\/06\/logo-circle.png\" alt=\"Livraison rapide Interflora\"><\/div><span>Chrysanth\u00e8me mauve<\/span><p>24.95 \u20ac<\/p><span class=\"obf-link lp-cta\" role=\"link\" tabindex=\"0\" data-b64=\"aHR0cHM6Ly93d3cuaW50ZXJmbG9yYS5mci9wL2NocnlzYW50aGVtZS11bmljb2xvcmUtbS8xL0ZSP3V0bV9tZWRpdW09b3JnYW5pYyZ1dG1fc291cmNlPWJsb2dfcHJvZHVjdHMmdXRtX2NhbXBhaWduPUNIUlk3\" data-target=\"_blank\"><svg xmlns=\"http:\/\/www.w3.org\/2000\/svg\" width=\"16\" height=\"16\" fill=\"currentColor\" class=\"bi bi-bag\" viewBox=\"0 0 16 16\"><path d=\"M8 1a2 2 0 0 1 2 2v1h2.5A1.5 1.5 0 0 1 14 5.5v8A1.5 1.5 0 0 1 12.5 15h-9A1.5 1.5 0 0 1 2 13.5v-8A1.5 1.5 0 0 1 3.5 3H6V2a2 2 0 0 1 2-1zm1 3V3a1 1 0 0 0-2 0v1h2z\"\/><\/svg>Voir le produit<\/span><p class=\"rapido\">Top produit<\/p><\/div><div class=\"lp-produit\"><div class=\"lp-thumbnail-wrapper\"><img loading=\"lazy\" decoding=\"async\" width=\"300\" height=\"300\" src=\"https:\/\/www.interflora.fr\/blog\/wp-content\/uploads\/2025\/05\/6AELST-800Wx800H-0-1-13-300x300.jpg\" class=\"attachment-medium size-medium wp-post-image\" alt=\"\" srcset=\"https:\/\/www.interflora.fr\/blog\/wp-content\/uploads\/2025\/05\/6AELST-800Wx800H-0-1-13-300x300.jpg 300w, https:\/\/www.interflora.fr\/blog\/wp-content\/uploads\/2025\/05\/6AELST-800Wx800H-0-1-13-150x150.jpg 150w, https:\/\/www.interflora.fr\/blog\/wp-content\/uploads\/2025\/05\/6AELST-800Wx800H-0-1-13-768x768.jpg 768w, https:\/\/www.interflora.fr\/blog\/wp-content\/uploads\/2025\/05\/6AELST-800Wx800H-0-1-13.jpg 800w\" sizes=\"auto, (max-width: 300px) 100vw, 300px\" \/><img decoding=\"async\" class=\"lp-badge\" src=\"https:\/\/www.interflora.fr\/blog\/wp-content\/uploads\/2025\/06\/logo-circle.png\" alt=\"Livraison rapide Interflora\"><\/div><span>Amiti\u00e9 \u00e9ternelle et sa livraison sur tombe<\/span><p>64.95 \u20ac<\/p><span class=\"obf-link lp-cta\" role=\"link\" tabindex=\"0\" data-b64=\"aHR0cHM6Ly93d3cuaW50ZXJmbG9yYS5mci9wL2FtaXRpZS1ldGVybmVsbGUtZXQtbGl2cmFpc29uLXN1ci10b21iZS8xL0ZSP3V0bV9tZWRpdW09b3JnYW5pYyZ1dG1fc291cmNlPWJsb2dfcHJvZHVjdHMmdXRtX2NhbXBhaWduPTZBRUxTVA==\" data-target=\"_blank\"><svg xmlns=\"http:\/\/www.w3.org\/2000\/svg\" width=\"16\" height=\"16\" fill=\"currentColor\" class=\"bi bi-bag\" viewBox=\"0 0 16 16\"><path d=\"M8 1a2 2 0 0 1 2 2v1h2.5A1.5 1.5 0 0 1 14 5.5v8A1.5 1.5 0 0 1 12.5 15h-9A1.5 1.5 0 0 1 2 13.5v-8A1.5 1.5 0 0 1 3.5 3H6V2a2 2 0 0 1 2-1zm1 3V3a1 1 0 0 0-2 0v1h2z\"\/><\/svg>Voir le produit<\/span><p class=\"rapido\">Top produit<\/p><\/div><div class=\"lp-produit\"><div class=\"lp-thumbnail-wrapper\"><img loading=\"lazy\" decoding=\"async\" width=\"300\" height=\"300\" src=\"https:\/\/www.interflora.fr\/blog\/wp-content\/uploads\/2025\/05\/6DCO-800Wx800H-0-1-13-300x300.jpg\" class=\"attachment-medium size-medium wp-post-image\" alt=\"\" srcset=\"https:\/\/www.interflora.fr\/blog\/wp-content\/uploads\/2025\/05\/6DCO-800Wx800H-0-1-13-300x300.jpg 300w, https:\/\/www.interflora.fr\/blog\/wp-content\/uploads\/2025\/05\/6DCO-800Wx800H-0-1-13-150x150.jpg 150w, https:\/\/www.interflora.fr\/blog\/wp-content\/uploads\/2025\/05\/6DCO-800Wx800H-0-1-13-768x768.jpg 768w, https:\/\/www.interflora.fr\/blog\/wp-content\/uploads\/2025\/05\/6DCO-800Wx800H-0-1-13.jpg 800w\" sizes=\"auto, (max-width: 300px) 100vw, 300px\" \/><img decoding=\"async\" class=\"lp-badge\" src=\"https:\/\/www.interflora.fr\/blog\/wp-content\/uploads\/2025\/06\/logo-circle.png\" alt=\"Livraison rapide Interflora\"><\/div><span>Douce compassion<\/span><p>42.95 \u20ac<\/p><span class=\"obf-link lp-cta\" role=\"link\" tabindex=\"0\" data-b64=\"aHR0cHM6Ly93d3cuaW50ZXJmbG9yYS5mci9wL2RldWlsLWNvdXBlLXBsYW50ZXMtZG91Y2UtY29tcGFzc2lvbi8xL0ZSP3V0bV9tZWRpdW09b3JnYW5pYyZ1dG1fc291cmNlPWJsb2dfcHJvZHVjdHMmdXRtX2NhbXBhaWduPTZEQ08=\" data-target=\"_blank\"><svg xmlns=\"http:\/\/www.w3.org\/2000\/svg\" width=\"16\" height=\"16\" fill=\"currentColor\" class=\"bi bi-bag\" viewBox=\"0 0 16 16\"><path d=\"M8 1a2 2 0 0 1 2 2v1h2.5A1.5 1.5 0 0 1 14 5.5v8A1.5 1.5 0 0 1 12.5 15h-9A1.5 1.5 0 0 1 2 13.5v-8A1.5 1.5 0 0 1 3.5 3H6V2a2 2 0 0 1 2-1zm1 3V3a1 1 0 0 0-2 0v1h2z\"\/><\/svg>Voir le produit<\/span><p class=\"rapido\">Fleurs fra\u00eeches<\/p><\/div><div class=\"lp-produit\"><div class=\"lp-thumbnail-wrapper\"><img loading=\"lazy\" decoding=\"async\" width=\"300\" height=\"300\" src=\"https:\/\/www.interflora.fr\/blog\/wp-content\/uploads\/2025\/10\/CHRY10-800Wx800H-0-1-300x300.jpg\" class=\"attachment-medium size-medium wp-post-image\" alt=\"\" srcset=\"https:\/\/www.interflora.fr\/blog\/wp-content\/uploads\/2025\/10\/CHRY10-800Wx800H-0-1-300x300.jpg 300w, https:\/\/www.interflora.fr\/blog\/wp-content\/uploads\/2025\/10\/CHRY10-800Wx800H-0-1-150x150.jpg 150w, https:\/\/www.interflora.fr\/blog\/wp-content\/uploads\/2025\/10\/CHRY10-800Wx800H-0-1-768x768.jpg 768w, https:\/\/www.interflora.fr\/blog\/wp-content\/uploads\/2025\/10\/CHRY10-800Wx800H-0-1.jpg 800w\" sizes=\"auto, (max-width: 300px) 100vw, 300px\" \/><img decoding=\"async\" class=\"lp-badge\" src=\"https:\/\/www.interflora.fr\/blog\/wp-content\/uploads\/2025\/06\/logo-circle.png\" alt=\"Livraison rapide Interflora\"><\/div><span>Chrysanth\u00e8me rouge<\/span><p>24.95 \u20ac<\/p><span class=\"obf-link lp-cta\" role=\"link\" tabindex=\"0\" data-b64=\"aHR0cHM6Ly93d3cuaW50ZXJmbG9yYS5mci9wL2NocnlzYW50aGVtZS1yb3VnZS8xL0ZSP3V0bV9tZWRpdW09b3JnYW5pYyZ1dG1fc291cmNlPWJsb2dfcHJvZHVjdHMmdXRtX2NhbXBhaWduPUNIUlkxMA==\" data-target=\"_blank\"><svg xmlns=\"http:\/\/www.w3.org\/2000\/svg\" width=\"16\" height=\"16\" fill=\"currentColor\" class=\"bi bi-bag\" viewBox=\"0 0 16 16\"><path d=\"M8 1a2 2 0 0 1 2 2v1h2.5A1.5 1.5 0 0 1 14 5.5v8A1.5 1.5 0 0 1 12.5 15h-9A1.5 1.5 0 0 1 2 13.5v-8A1.5 1.5 0 0 1 3.5 3H6V2a2 2 0 0 1 2-1zm1 3V3a1 1 0 0 0-2 0v1h2z\"\/><\/svg>Voir le produit<\/span><p class=\"rapido\">Fleurs fra\u00eeches<\/p><\/div><\/div>\n\n\n\n<div style=\"height:10px\" aria-hidden=\"true\" class=\"wp-block-spacer\"><\/div>\n\n\n\n<h2 class=\"wp-block-heading alignwide\">Les tombes v\u00e9g\u00e9talis\u00e9es, de plus en plus pl\u00e9biscit\u00e9es<\/h2>\n\n\n\n<p>Ce n&rsquo;est pas un hasard si les <strong>tombes paysag\u00e8res<\/strong> sont si populaires. En effet, les <strong>tombes v\u00e9g\u00e9talis\u00e9es<\/strong> sont une belle mani\u00e8re d&rsquo;int\u00e9grer la nature dans un lieu de repos, tout en offrant un hommage durable et apaisant au d\u00e9funt.<\/p>\n\n\n\n<h3 class=\"wp-block-heading alignwide\">La tombe v\u00e9g\u00e9talis\u00e9e, une alternative plus naturelle \u00e0 la tombe classique<\/h3>\n\n\n\n<p>Les <strong>s\u00e9pultures v\u00e9g\u00e9talis\u00e9es<\/strong> sont souvent con\u00e7ues dans une optique de respect de l&rsquo;environnement. En effet, elles peuvent inclure des plantes indig\u00e8nes qui soutiennent la biodiversit\u00e9 locale et \u00e9vitent d&rsquo;utiliser des mat\u00e9riaux polluants.<\/p>\n\n\n\n<p>De plus, en utilisant des \u00e9l\u00e9ments naturels au lieu de pierres tombales massives, la <strong>tombe v\u00e9g\u00e9talis\u00e9e<\/strong> se fond dans le paysage environnant, cr\u00e9ant une continuit\u00e9 avec la nature plut\u00f4t qu&rsquo;une rupture.<\/p>\n\n\n\n<figure class=\"wp-block-image aligncenter size-full\"><img decoding=\"async\" src=\"https:\/\/www.interflora.fr\/blog\/wp-content\/uploads\/tombe-vegetalisee.jpg\" alt=\"Tombes v\u00e9g\u00e9talis\u00e9es\" class=\"wp-image-45390\"\/><\/figure>\n\n\n\n<h3 class=\"wp-block-heading alignwide\">La tombe paysag\u00e8re, un espace \u00e0 la fois esth\u00e9tique, personnalis\u00e9 et symbolique<\/h3>\n\n\n\n<p>Les <strong>tombes naturelles<\/strong> permettent un choix de v\u00e9g\u00e9taux infini, avec des associations multiples et vari\u00e9es et que l&rsquo;on peut changer au gr\u00e9 des envies ou des saisons. De quoi personnaliser cet espace en fonction des go\u00fbts du d\u00e9funt ou de sa famille, permettant ainsi de refl\u00e9ter la personnalit\u00e9 ou les valeurs du d\u00e9funt.<\/p>\n\n\n\n<p>Gr\u00e2ce \u00e0 leur apparence plus douce et naturelle que les tombes traditionnelles, elles cr\u00e9ent un lieu de repos plus serein et moins aust\u00e8re.<\/p>\n\n\n\n<p>En int\u00e9grant des \u00e9l\u00e9ments naturels, la <strong>tombe v\u00e9g\u00e9tale<\/strong> devient un lieu qui \u00e9volue avec le temps, symbolisant le cycle de la vie et de la mort de mani\u00e8re douce et apaisante. Elle devient en quelque sorte un espace vivant pour le repos du d\u00e9funt.<\/p>\n\n\n\n<figure class=\"wp-block-image aligncenter size-full\"><img decoding=\"async\" src=\"https:\/\/www.interflora.fr\/blog\/wp-content\/uploads\/tombe-paysagere.jpg\" alt=\"Tombe paysag\u00e8re\" class=\"wp-image-45389\"\/><\/figure>\n\n\n\n<h2 class=\"wp-block-heading alignwide\">Comment v\u00e9g\u00e9taliser une tombe ?<\/h2>\n\n\n\n<p><strong>V\u00e9g\u00e9taliser une tombe<\/strong> consiste \u00e0 int\u00e9grer des \u00e9l\u00e9ments naturels, principalement des plantes, pour transformer la s\u00e9pulture en un espace vivant, apaisant et respectueux de l&rsquo;environnement. Voici les principales \u00e9tapes pour <strong>cr\u00e9er un jardin fun\u00e9raire<\/strong>&nbsp;:<\/p>\n\n\n\n<h3 class=\"wp-block-heading\">1. Respectez les<strong>&nbsp;r\u00e8gles du cimeti\u00e8re<\/strong><\/h3>\n\n\n\n<p>Renseignez-vous sur le r\u00e8glement du cimeti\u00e8re concernant les v\u00e9g\u00e9talisations, s&rsquo;il impose des restrictions par rapport au type de plantes ou aux am\u00e9nagements.<\/p>\n\n\n\n<h3 class=\"wp-block-heading\">2. <strong>Analysez le site<\/strong><\/h3>\n\n\n\n<p>Au pr\u00e9alable, mesurez la taille de la tombe afin de conna\u00eetre l&rsquo;espace allou\u00e9 pour la v\u00e9g\u00e9tation.<\/p>\n\n\n\n<p>Ensuite, comme pour toute plantation de v\u00e9g\u00e9taux, il est n\u00e9cessaire au pr\u00e9alable d&rsquo;\u00e9valuer les conditions d&rsquo;ensoleillement, de conna\u00eetre le type de sol (sableux, argileux, calcaire) et son pH et de veiller \u00e0 l&rsquo;humidit\u00e9 et au drainage du sol.<\/p>\n\n\n\n<figure class=\"wp-block-image aligncenter size-full\"><img decoding=\"async\" src=\"https:\/\/www.interflora.fr\/blog\/wp-content\/uploads\/sol-cimetiere.jpg\" alt=\"Sol au cimeti\u00e8re\" class=\"wp-image-45391\"\/><\/figure>\n\n\n\n<h3 class=\"wp-block-heading\">3. <strong>Pr\u00e9parez le sol<\/strong><\/h3>\n\n\n\n<ul class=\"wp-block-list\">\n<li><strong>Nettoyez l\u2019espace<\/strong> : retirez les mauvaises herbes, les pierres et autres d\u00e9bris, puis ameublissez le sol pour faciliter la plantation.<\/li>\n\n\n\n<li><strong>Amendez le sol<\/strong> : si n\u00e9cessaire, ajoutez du compost, du sable ou d\u2019autres amendements pour am\u00e9liorer la qualit\u00e9 du sol et favoriser la croissance des plantes.<\/li>\n<\/ul>\n\n\n\n<h3 class=\"wp-block-heading\">4. <strong>Choisissez des plantes adapt\u00e9es<\/strong><\/h3>\n\n\n\n<p>Vous pourrez ensuite choisir les v\u00e9g\u00e9taux les plus adapt\u00e9s au site et au rendu esth\u00e9tique et symbolique souhait\u00e9.<\/p>\n\n\n\n<ul class=\"wp-block-list\">\n<li><strong>Plantes vivaces<\/strong> : pratiques, ce sont des plantes qui reviennent chaque ann\u00e9e, qui n\u00e9cessitent peu d&rsquo;entretien et apportent une pr\u00e9sence durable. Optez par exemple pour ses lavandes, des heuch\u00e8res, ou des hostas.<\/li>\n\n\n\n<li><strong>Plantes couvre-sol<\/strong> : les plantes comme le sedum, les pervenches ou le lierre sont parfaites pour couvrir la surface de la tombe de mani\u00e8re uniforme et r\u00e9sistante.<\/li>\n\n\n\n<li><strong>Arbustes \u00e0 faible entretien<\/strong> : int\u00e9grer de petits arbustes comme les buis, les santolines ou les lavandes permet d&rsquo;ajouter du volume et de la structure \u00e0 la tombe.<\/li>\n\n\n\n<li><strong>Fleurs de saison<\/strong> : choisissez des plantes \u00e0 fleurs qui fleurissent \u00e0 diff\u00e9rentes saisons pour que la tombe soit toujours fleurie, comme les bulbes de tulipes au printemps, les roses en \u00e9t\u00e9, les chrysanth\u00e8mes en automne, ou les bruy\u00e8res en hiver.<\/li>\n<\/ul>\n\n\n\n<figure class=\"wp-block-image aligncenter size-large is-resized\"><img decoding=\"async\" src=\"https:\/\/www.interflora.fr\/blog\/wp-content\/uploads\/chrysantheme-multicolores-1024x683.jpg\" alt=\"Chrysanth\u00e8mes de toutes les couleurs\" class=\"wp-image-37431\" style=\"width:700px\"\/><\/figure>\n\n\n\n<h3 class=\"wp-block-heading\">5. Cr\u00e9ez <strong>un am\u00e9nagement harmonieux<\/strong><\/h3>\n\n\n\n<ul class=\"wp-block-list\">\n<li><strong>\u00c9quilibrez les hauteurs<\/strong> : pour une composition visuellement \u00e9quilibr\u00e9e, plantez les \u00e9l\u00e9ments les plus hauts \u00e0 l\u2019arri\u00e8re ou au centre, et les plus bas autour ou \u00e0 l\u2019avant.<\/li>\n\n\n\n<li><strong>Choisissez une palette de couleurs<\/strong> : s\u00e9lectionnez des plantes aux couleurs compl\u00e9mentaires, contrast\u00e9es ou ton sur ton pour cr\u00e9er une harmonie ou un effet visuel sp\u00e9cifique.<\/li>\n\n\n\n<li><strong>Ajoutez des \u00e9l\u00e9ments d\u00e9coratifs<\/strong> : int\u00e9grez des pierres, des cailloux ou des ornements discrets pour d\u00e9limiter les plantations ou ajouter une touche personnelle.<\/li>\n<\/ul>\n\n\n\n<h3 class=\"wp-block-heading\">6. <strong>Plantez les V\u00e9g\u00e9taux<\/strong><\/h3>\n\n\n\n<ul class=\"wp-block-list\">\n<li><strong>Disposez les plantes<\/strong> selon l&rsquo;am\u00e9nagement pr\u00e9vu<\/li>\n\n\n\n<li><strong>Creusez des trous <\/strong>suffisamment larges pour les racines<\/li>\n\n\n\n<li><strong>Plantez les v\u00e9g\u00e9taux<\/strong> en les espa\u00e7ant correctement pour permettre leur d\u00e9veloppement.<\/li>\n\n\n\n<li><strong>Arrosez<\/strong> g\u00e9n\u00e9reusement apr\u00e8s la plantation pour aider les plantes \u00e0 s\u2019installer.<\/li>\n<\/ul>\n\n\n\n<figure class=\"wp-block-image aligncenter size-full is-resized\"><img decoding=\"async\" src=\"https:\/\/www.interflora.fr\/blog\/wp-content\/uploads\/tombe-decorre-avec-des-vegetaux.jpg\" alt=\"Tombe avec v\u00e9g\u00e9taux\" class=\"wp-image-45392\" style=\"width:700px\"\/><\/figure>\n\n\n\n<h3 class=\"wp-block-heading\">7. <strong>Entretenez la s\u00e9pulture v\u00e9g\u00e9talis\u00e9e<\/strong><\/h3>\n\n\n\n<p>Il faut savoir qu&rsquo;une <strong>tombe paysag\u00e8re<\/strong> n\u00e9cessite un <a href=\"https:\/\/www.interflora.fr\/blog\/nettoyer-tombe\/\">entretien r\u00e9gulier<\/a>, plus qu&rsquo;une tombe classique. C&rsquo;est d&rsquo;ailleurs le principal point n\u00e9gatif qu&rsquo;on peut lui conf\u00e9rer.<\/p>\n\n\n\n<ul class=\"wp-block-list\">\n<li><strong>Arrosez r\u00e9guli\u00e8rement<\/strong>, surtout pendant les premi\u00e8res semaines apr\u00e8s la plantation, pour que les plantes s\u2019enracinent bien.<\/li>\n\n\n\n<li><strong>D\u00e9sherbez <\/strong>et enlevez les feuilles ou fleurs f\u00e2n\u00e9es<\/li>\n\n\n\n<li><strong>Taillez et entretenez les plantes et arbustes<\/strong>&nbsp;pour les maintenir en forme et encourager une floraison abondante.<\/li>\n\n\n\n<li><strong>Remplacez de mani\u00e8re saisonni\u00e8re<\/strong> les plantes qui d\u00e9p\u00e9rissent ou ne conviennent plus.<\/li>\n<\/ul>\n\n\n\n<h3 class=\"wp-block-heading\">8. <strong>Pensez \u00e0 la durabilit\u00e9<\/strong><\/h3>\n\n\n\n<ul class=\"wp-block-list\">\n<li><strong>Plantes locales<\/strong> : privil\u00e9giez les plantes indig\u00e8nes, qui sont adapt\u00e9es au climat local et n\u00e9cessitent moins d\u2019entretien.<\/li>\n\n\n\n<li><strong>Paillage<\/strong> : ajoutez une couche de paillis autour des plantes pour retenir l&rsquo;humidit\u00e9, limiter les mauvaises herbes et prot\u00e9ger le sol.<\/li>\n\n\n\n<li><strong>Arrosage automatique<\/strong> : si cela est possible, installez un syst\u00e8me d\u2019arrosage goutte-\u00e0-goutte pour garantir un arrosage r\u00e9gulier.<\/li>\n<\/ul>\n\n\n\n<figure class=\"wp-block-image aligncenter size-full\"><img decoding=\"async\" src=\"https:\/\/www.interflora.fr\/blog\/wp-content\/uploads\/tombe-vegetalisee-facile-d-entretien.jpg\" alt=\"Tombe v\u00e9g\u00e9talis\u00e9e sans entretien et durable\" class=\"wp-image-45393\"\/><\/figure>\n\n\n\n<h2 class=\"wp-block-heading alignwide\">Nos id\u00e9es de tombes naturelles<\/h2>\n\n\n\n<h3 class=\"wp-block-heading\">1. Un jardin <strong>de m\u00e9moire<\/strong><\/h3>\n\n\n\n<ul class=\"wp-block-list\">\n<li><strong>Une tombe jardin japonais<\/strong> : cr\u00e9ez une tombe propice au recueillement et \u00e0 la contemplation en concevant un mini jardin zen, v\u00e9ritable espace de m\u00e9ditation, avec des graviers blancs, des pierres arrang\u00e9es de mani\u00e8re harmonieuse, et des plantes r\u00e9sistantes comme les succulentes ou les mousses. Ajoutez des mini-bambous pour une touche asiatique apaisante et surmontez le tout d&rsquo;une st\u00e8le en ardoise. Enfin, si le site le permet, vous pouvez int\u00e9grer une mini fontaine, dont l&rsquo;eau symbolisera les \u00e9motions.<\/li>\n\n\n\n<li><strong>Jardin d\u2019herbes aromatiques<\/strong> : plantez des herbes aromatiques comme le thym, le romarin et la lavande qui, en plus de d\u00e9gager un parfum agr\u00e9able, symbolisent la continuit\u00e9 de la vie.<\/li>\n<\/ul>\n\n\n\n<h3 class=\"wp-block-heading\">2. Un couvre-sol <strong>florif\u00e8re<\/strong><\/h3>\n\n\n\n<p>Cr\u00e9ez un joli <strong>tapis v\u00e9g\u00e9tal<\/strong> avec des plantes tapissantes, telles quele sedum, les pervenches ou les campanules, qui ont l&rsquo;avantage d&rsquo;\u00eatre r\u00e9sistantes et de n\u00e9cessiter peu d&rsquo;entretien.<\/p>\n\n\n\n<h3 class=\"wp-block-heading\">3. <strong>Une tombe v\u00e9g\u00e9tale saisonni\u00e8re<\/strong><\/h3>\n\n\n\n<ul class=\"wp-block-list\">\n<li><strong>Fleurs de saison<\/strong> : plantez des fleurs qui fleurissent \u00e0 diff\u00e9rentes p\u00e9riodes de l\u2019ann\u00e9e pour que la tombe soit toujours color\u00e9e. Par exemple, des bulbes de tulipes au printemps, des roses ou des dahlias en \u00e9t\u00e9, et des bruy\u00e8res en automne.<\/li>\n\n\n\n<li><strong>Jardin des quatre saisons<\/strong> : am\u00e9nagez la tombe avec des plantes qui pr\u00e9sentent un int\u00e9r\u00eat tout au long de l\u2019ann\u00e9e, comme des crocus au printemps, des gramin\u00e9es en \u00e9t\u00e9, des chrysanth\u00e8mes en automne, et des arbustes \u00e0 baies en hiver.<\/li>\n<\/ul>\n\n\n\n<figure class=\"wp-block-image aligncenter size-full\"><img decoding=\"async\" src=\"https:\/\/www.interflora.fr\/blog\/wp-content\/uploads\/tombe-vegetale-de-saison.jpg\" alt=\"Tombe v\u00e9g\u00e9talis\u00e9e saisonni\u00e8re\" class=\"wp-image-45394\"\/><\/figure>\n\n\n\n<h3 class=\"wp-block-heading\">4. <strong>Une tombe \u00e9cologique<\/strong><\/h3>\n\n\n\n<p>Si l&rsquo;environnement \u00e9tait particuli\u00e8rement important pour le d\u00e9funt, transformez sa tombe en une petite <strong>prairie fleurie<\/strong> en semant des fleurs sauvages, des coquelicots, des marguerites et des bleuets. En plus d&rsquo;\u00eatre joli et facile d&rsquo;entretien, cela favorise la biodiversit\u00e9 et attire les insectes pollinisateurs.<\/p>\n\n\n\n<h3 class=\"wp-block-heading\">5. <strong>Un mandala v\u00e9g\u00e9tal<\/strong><\/h3>\n\n\n\n<p>Cr\u00e9er un mandala, symbole du caract\u00e8re \u00e9ph\u00e9m\u00e8re de la vie, prend tout son sens pour d\u00e9corer la tombe d&rsquo;une personne d\u00e9c\u00e9d\u00e9e. S&rsquo;offrent \u00e0 vous deux possibilit\u00e9s :<\/p>\n\n\n\n<ul class=\"wp-block-list\">\n<li>Planter plein de petites plantes de couleurs diff\u00e9rentes en formant un motif.<\/li>\n\n\n\n<li><a href=\"https:\/\/www.interflora.fr\/blog\/fleurs-tombe\/\">D\u00e9corer une tombe classique avec des fleurs<\/a>, des p\u00e9tales color\u00e9s, des feuilles et des branchages en formant un mandala.<\/li>\n<\/ul>\n\n\n<div class=\"lp-produits-grid\"><div class=\"lp-produit\"><div class=\"lp-thumbnail-wrapper\"><img loading=\"lazy\" decoding=\"async\" width=\"300\" height=\"300\" src=\"https:\/\/www.interflora.fr\/blog\/wp-content\/uploads\/2025\/10\/CHRY6-800Wx800H-0-1-300x300.jpg\" class=\"attachment-medium size-medium wp-post-image\" alt=\"Chrysanth\u00e8me rose\" srcset=\"https:\/\/www.interflora.fr\/blog\/wp-content\/uploads\/2025\/10\/CHRY6-800Wx800H-0-1-300x300.jpg 300w, https:\/\/www.interflora.fr\/blog\/wp-content\/uploads\/2025\/10\/CHRY6-800Wx800H-0-1-150x150.jpg 150w, https:\/\/www.interflora.fr\/blog\/wp-content\/uploads\/2025\/10\/CHRY6-800Wx800H-0-1-768x768.jpg 768w, https:\/\/www.interflora.fr\/blog\/wp-content\/uploads\/2025\/10\/CHRY6-800Wx800H-0-1.jpg 800w\" sizes=\"auto, (max-width: 300px) 100vw, 300px\" \/><img decoding=\"async\" class=\"lp-badge\" src=\"https:\/\/www.interflora.fr\/blog\/wp-content\/uploads\/2025\/06\/logo-circle.png\" alt=\"Livraison rapide Interflora\"><\/div><span>Chrysanth\u00e8me rose<\/span><p>24.95 \u20ac<\/p><span class=\"obf-link lp-cta\" role=\"link\" tabindex=\"0\" data-b64=\"aHR0cHM6Ly93d3cuaW50ZXJmbG9yYS5mci9wL2NocnlzYW50aGVtZS11bmljb2xvcmUtci8xL0ZSP3V0bV9tZWRpdW09b3JnYW5pYyZ1dG1fc291cmNlPWJsb2dfcHJvZHVjdHMmdXRtX2NhbXBhaWduPUNIUlk2\" data-target=\"_blank\"><svg xmlns=\"http:\/\/www.w3.org\/2000\/svg\" width=\"16\" height=\"16\" fill=\"currentColor\" class=\"bi bi-bag\" viewBox=\"0 0 16 16\"><path d=\"M8 1a2 2 0 0 1 2 2v1h2.5A1.5 1.5 0 0 1 14 5.5v8A1.5 1.5 0 0 1 12.5 15h-9A1.5 1.5 0 0 1 2 13.5v-8A1.5 1.5 0 0 1 3.5 3H6V2a2 2 0 0 1 2-1zm1 3V3a1 1 0 0 0-2 0v1h2z\"\/><\/svg>Voir le produit<\/span><p class=\"rapido\">Livraison rapide<\/p><\/div><div class=\"lp-produit\"><div class=\"lp-thumbnail-wrapper\"><img loading=\"lazy\" decoding=\"async\" width=\"300\" height=\"300\" src=\"https:\/\/www.interflora.fr\/blog\/wp-content\/uploads\/2025\/05\/6DCO-800Wx800H-0-1-13-300x300.jpg\" class=\"attachment-medium size-medium wp-post-image\" alt=\"\" srcset=\"https:\/\/www.interflora.fr\/blog\/wp-content\/uploads\/2025\/05\/6DCO-800Wx800H-0-1-13-300x300.jpg 300w, https:\/\/www.interflora.fr\/blog\/wp-content\/uploads\/2025\/05\/6DCO-800Wx800H-0-1-13-150x150.jpg 150w, https:\/\/www.interflora.fr\/blog\/wp-content\/uploads\/2025\/05\/6DCO-800Wx800H-0-1-13-768x768.jpg 768w, https:\/\/www.interflora.fr\/blog\/wp-content\/uploads\/2025\/05\/6DCO-800Wx800H-0-1-13.jpg 800w\" sizes=\"auto, (max-width: 300px) 100vw, 300px\" \/><img decoding=\"async\" class=\"lp-badge\" src=\"https:\/\/www.interflora.fr\/blog\/wp-content\/uploads\/2025\/06\/logo-circle.png\" alt=\"Livraison rapide Interflora\"><\/div><span>Douce compassion<\/span><p>42.95 \u20ac<\/p><span class=\"obf-link lp-cta\" role=\"link\" tabindex=\"0\" data-b64=\"aHR0cHM6Ly93d3cuaW50ZXJmbG9yYS5mci9wL2RldWlsLWNvdXBlLXBsYW50ZXMtZG91Y2UtY29tcGFzc2lvbi8xL0ZSP3V0bV9tZWRpdW09b3JnYW5pYyZ1dG1fc291cmNlPWJsb2dfcHJvZHVjdHMmdXRtX2NhbXBhaWduPTZEQ08=\" data-target=\"_blank\"><svg xmlns=\"http:\/\/www.w3.org\/2000\/svg\" width=\"16\" height=\"16\" fill=\"currentColor\" class=\"bi bi-bag\" viewBox=\"0 0 16 16\"><path d=\"M8 1a2 2 0 0 1 2 2v1h2.5A1.5 1.5 0 0 1 14 5.5v8A1.5 1.5 0 0 1 12.5 15h-9A1.5 1.5 0 0 1 2 13.5v-8A1.5 1.5 0 0 1 3.5 3H6V2a2 2 0 0 1 2-1zm1 3V3a1 1 0 0 0-2 0v1h2z\"\/><\/svg>Voir le produit<\/span><p class=\"rapido\">Top produit<\/p><\/div><div class=\"lp-produit\"><div class=\"lp-thumbnail-wrapper\"><img loading=\"lazy\" decoding=\"async\" width=\"300\" height=\"300\" src=\"https:\/\/www.interflora.fr\/blog\/wp-content\/uploads\/2025\/10\/6COCY-800Wx800H-0-1-7-300x300.jpg\" class=\"attachment-medium size-medium wp-post-image\" alt=\"\" srcset=\"https:\/\/www.interflora.fr\/blog\/wp-content\/uploads\/2025\/10\/6COCY-800Wx800H-0-1-7-300x300.jpg 300w, https:\/\/www.interflora.fr\/blog\/wp-content\/uploads\/2025\/10\/6COCY-800Wx800H-0-1-7-150x150.jpg 150w, https:\/\/www.interflora.fr\/blog\/wp-content\/uploads\/2025\/10\/6COCY-800Wx800H-0-1-7-768x768.jpg 768w, https:\/\/www.interflora.fr\/blog\/wp-content\/uploads\/2025\/10\/6COCY-800Wx800H-0-1-7.jpg 800w\" sizes=\"auto, (max-width: 300px) 100vw, 300px\" \/><img decoding=\"async\" class=\"lp-badge\" src=\"https:\/\/www.interflora.fr\/blog\/wp-content\/uploads\/2025\/06\/logo-circle.png\" alt=\"Livraison rapide Interflora\"><\/div><span>Composition de cyclamens<\/span><p>34.95 \u20ac<\/p><span class=\"obf-link lp-cta\" role=\"link\" tabindex=\"0\" data-b64=\"aHR0cHM6Ly93d3cuaW50ZXJmbG9yYS5mci9wL2NvbXBvc2l0aW9uLWRlLWN5Y2xhbWVucy8xL0ZSP3V0bV9tZWRpdW09b3JnYW5pYyZ1dG1fc291cmNlPWJsb2dfcHJvZHVjdHMmdXRtX2NhbXBhaWduPTZDT0NZ\" data-target=\"_blank\"><svg xmlns=\"http:\/\/www.w3.org\/2000\/svg\" width=\"16\" height=\"16\" fill=\"currentColor\" class=\"bi bi-bag\" viewBox=\"0 0 16 16\"><path d=\"M8 1a2 2 0 0 1 2 2v1h2.5A1.5 1.5 0 0 1 14 5.5v8A1.5 1.5 0 0 1 12.5 15h-9A1.5 1.5 0 0 1 2 13.5v-8A1.5 1.5 0 0 1 3.5 3H6V2a2 2 0 0 1 2-1zm1 3V3a1 1 0 0 0-2 0v1h2z\"\/><\/svg>Voir le produit<\/span><p class=\"rapido\">Fleurs fra\u00eeches<\/p><\/div><div class=\"lp-produit\"><div class=\"lp-thumbnail-wrapper\"><img loading=\"lazy\" decoding=\"async\" width=\"300\" height=\"300\" src=\"https:\/\/www.interflora.fr\/blog\/wp-content\/uploads\/2025\/05\/6SP-800Wx800H-0-1-11-300x300.jpg\" class=\"attachment-medium size-medium wp-post-image\" alt=\"\" srcset=\"https:\/\/www.interflora.fr\/blog\/wp-content\/uploads\/2025\/05\/6SP-800Wx800H-0-1-11-300x300.jpg 300w, https:\/\/www.interflora.fr\/blog\/wp-content\/uploads\/2025\/05\/6SP-800Wx800H-0-1-11-150x150.jpg 150w, https:\/\/www.interflora.fr\/blog\/wp-content\/uploads\/2025\/05\/6SP-800Wx800H-0-1-11-768x768.jpg 768w, https:\/\/www.interflora.fr\/blog\/wp-content\/uploads\/2025\/05\/6SP-800Wx800H-0-1-11.jpg 800w\" sizes=\"auto, (max-width: 300px) 100vw, 300px\" \/><img decoding=\"async\" class=\"lp-badge\" src=\"https:\/\/www.interflora.fr\/blog\/wp-content\/uploads\/2025\/06\/logo-circle.png\" alt=\"Livraison rapide Interflora\"><\/div><span>Songe du pass\u00e9<\/span><p>46.95 \u20ac<\/p><span class=\"obf-link lp-cta\" role=\"link\" tabindex=\"0\" data-b64=\"aHR0cHM6Ly93d3cuaW50ZXJmbG9yYS5mci9wL2RldWlsLWNvdXBlLXBsYW50ZXMtc29uZ2UtcGFzc2UvMS9GUj91dG1fbWVkaXVtPW9yZ2FuaWMmdXRtX3NvdXJjZT1ibG9nX3Byb2R1Y3RzJnV0bV9jYW1wYWlnbj02U1A=\" data-target=\"_blank\"><svg xmlns=\"http:\/\/www.w3.org\/2000\/svg\" width=\"16\" height=\"16\" fill=\"currentColor\" class=\"bi bi-bag\" viewBox=\"0 0 16 16\"><path d=\"M8 1a2 2 0 0 1 2 2v1h2.5A1.5 1.5 0 0 1 14 5.5v8A1.5 1.5 0 0 1 12.5 15h-9A1.5 1.5 0 0 1 2 13.5v-8A1.5 1.5 0 0 1 3.5 3H6V2a2 2 0 0 1 2-1zm1 3V3a1 1 0 0 0-2 0v1h2z\"\/><\/svg>Voir le produit<\/span><p class=\"rapido\">Fleurs fra\u00eeches<\/p><\/div><\/div>\n\n\n\n<div style=\"height:10px\" aria-hidden=\"true\" class=\"wp-block-spacer\"><\/div>\n\n\n\n<p>N&rsquo;h\u00e9sitez pas \u00e0 vous r\u00e9unir pour le r\u00e9aliser \u00e0 plusieurs, que ce soit lors des <a href=\"https:\/\/www.interflora.fr\/c\/deuil\">obs\u00e8ques<\/a> ou lors d&rsquo;une visite au cimeti\u00e8re. La cr\u00e9ation de cette tombe mandala, \u00e0 laquelle les enfants peuvent \u00e9galement participer, m\u00eale habilement approche artistique, spirituelle et communion.<\/p>\n","protected":false},"excerpt":{"rendered":"<p>Cr\u00e9ez un lieu de repos unique, naturel et vivant pour un cher disparu en optant pour une tombe moderne v\u00e9g\u00e9talis\u00e9e. [&hellip;]<\/p>\n","protected":false},"author":1,"featured_media":54150,"comment_status":"open","ping_status":"open","sticky":false,"template":"","format":"standard","meta":{"_uag_custom_page_level_css":"","site-sidebar-layout":"default","site-content-layout":"","ast-site-content-layout":"default","site-content-style":"default","site-sidebar-style":"default","ast-global-header-display":"","ast-banner-title-visibility":"","ast-main-header-display":"","ast-hfb-above-header-display":"","ast-hfb-below-header-display":"","ast-hfb-mobile-header-display":"","site-post-title":"","ast-breadcrumbs-content":"","ast-featured-img":"","footer-sml-layout":"","ast-disable-related-posts":"","theme-transparent-header-meta":"","adv-header-id-meta":"","stick-header-meta":"","header-above-stick-meta":"","header-main-stick-meta":"","header-below-stick-meta":"","astra-migrate-meta-layouts":"set","ast-page-background-enabled":"default","ast-page-background-meta":{"desktop":{"background-color":"var(--ast-global-color-5)","background-image":"","background-repeat":"repeat","background-position":"center center","background-size":"auto","background-attachment":"scroll","background-type":"","background-media":"","overlay-type":"","overlay-color":"","overlay-opacity":"","overlay-gradient":""},"tablet":{"background-color":"","background-image":"","background-repeat":"repeat","background-position":"center center","background-size":"auto","background-attachment":"scroll","background-type":"","background-media":"","overlay-type":"","overlay-color":"","overlay-opacity":"","overlay-gradient":""},"mobile":{"background-color":"","background-image":"","background-repeat":"repeat","background-position":"center center","background-size":"auto","background-attachment":"scroll","background-type":"","background-media":"","overlay-type":"","overlay-color":"","overlay-opacity":"","overlay-gradient":""}},"ast-content-background-meta":{"desktop":{"background-color":"var(--ast-global-color-4)","background-image":"","background-repeat":"repeat","background-position":"center center","background-size":"auto","background-attachment":"scroll","background-type":"","background-media":"","overlay-type":"","overlay-color":"","overlay-opacity":"","overlay-gradient":""},"tablet":{"background-color":"var(--ast-global-color-4)","background-image":"","background-repeat":"repeat","background-position":"center center","background-size":"auto","background-attachment":"scroll","background-type":"","background-media":"","overlay-type":"","overlay-color":"","overlay-opacity":"","overlay-gradient":""},"mobile":{"background-color":"var(--ast-global-color-4)","background-image":"","background-repeat":"repeat","background-position":"center center","background-size":"auto","background-attachment":"scroll","background-type":"","background-media":"","overlay-type":"","overlay-color":"","overlay-opacity":"","overlay-gradient":""}},"footnotes":""},"categories":[263,176,312],"tags":[264,313],"class_list":["post-45387","post","type-post","status-publish","format-standard","has-post-thumbnail","hentry","category-deuil","category-evenements","category-toussaint","tag-deuil","tag-toussaint"],"uagb_featured_image_src":{"full":["https:\/\/www.interflora.fr\/blog\/wp-content\/uploads\/2025\/10\/tombes-vegetalisees.jpg",800,450,false],"thumbnail":["https:\/\/www.interflora.fr\/blog\/wp-content\/uploads\/2025\/10\/tombes-vegetalisees-150x150.jpg",150,150,true],"medium":["https:\/\/www.interflora.fr\/blog\/wp-content\/uploads\/2025\/10\/tombes-vegetalisees-300x169.jpg",300,169,true],"medium_large":["https:\/\/www.interflora.fr\/blog\/wp-content\/uploads\/2025\/10\/tombes-vegetalisees-768x432.jpg",768,432,true],"large":["https:\/\/www.interflora.fr\/blog\/wp-content\/uploads\/2025\/10\/tombes-vegetalisees.jpg",800,450,false],"1536x1536":["https:\/\/www.interflora.fr\/blog\/wp-content\/uploads\/2025\/10\/tombes-vegetalisees.jpg",800,450,false],"2048x2048":["https:\/\/www.interflora.fr\/blog\/wp-content\/uploads\/2025\/10\/tombes-vegetalisees.jpg",800,450,false]},"uagb_author_info":{"display_name":"admin","author_link":"https:\/\/www.interflora.fr\/blog\/author\/admin\/"},"uagb_comment_info":0,"uagb_excerpt":"Cr\u00e9ez un lieu de repos unique, naturel et vivant pour un cher disparu en optant pour une tombe moderne v\u00e9g\u00e9talis\u00e9e. [&hellip;]","yoast_meta":{"title":"Tombes v\u00e9g\u00e9talis\u00e9es : id\u00e9es de tombes v\u00e9g\u00e9talis\u00e9es originales | Interflora","description":"D\u00e9couvrez des id\u00e9es originales pour cr\u00e9er des tombes v\u00e9g\u00e9talis\u00e9es qui allient beaut\u00e9, respect et durabilit\u00e9"},"_links":{"self":[{"href":"https:\/\/www.interflora.fr\/blog\/wp-json\/wp\/v2\/posts\/45387","targetHints":{"allow":["GET"]}}],"collection":[{"href":"https:\/\/www.interflora.fr\/blog\/wp-json\/wp\/v2\/posts"}],"about":[{"href":"https:\/\/www.interflora.fr\/blog\/wp-json\/wp\/v2\/types\/post"}],"author":[{"embeddable":true,"href":"https:\/\/www.interflora.fr\/blog\/wp-json\/wp\/v2\/users\/1"}],"replies":[{"embeddable":true,"href":"https:\/\/www.interflora.fr\/blog\/wp-json\/wp\/v2\/comments?post=45387"}],"version-history":[{"count":0,"href":"https:\/\/www.interflora.fr\/blog\/wp-json\/wp\/v2\/posts\/45387\/revisions"}],"wp:featuredmedia":[{"embeddable":true,"href":"https:\/\/www.interflora.fr\/blog\/wp-json\/wp\/v2\/media\/54150"}],"wp:attachment":[{"href":"https:\/\/www.interflora.fr\/blog\/wp-json\/wp\/v2\/media?parent=45387"}],"wp:term":[{"taxonomy":"category","embeddable":true,"href":"https:\/\/www.interflora.fr\/blog\/wp-json\/wp\/v2\/categories?post=45387"},{"taxonomy":"post_tag","embeddable":true,"href":"https:\/\/www.interflora.fr\/blog\/wp-json\/wp\/v2\/tags?post=45387"}],"curies":[{"name":"wp","href":"https:\/\/api.w.org\/{rel}","templated":true}]}}