{"id":45214,"date":"2024-08-07T15:32:09","date_gmt":"2024-08-07T13:32:09","guid":{"rendered":"https:\/\/www.interflora.fr\/blog\/?p=45214"},"modified":"2024-08-07T15:32:09","modified_gmt":"2024-08-07T13:32:09","slug":"saint-amour","status":"publish","type":"post","link":"https:\/\/www.interflora.fr\/blog\/saint-amour\/","title":{"rendered":"F\u00eate de la Saint Amour : date, histoire et id\u00e9es cadeaux"},"content":{"rendered":"\n<p>Chaque ann\u00e9e, le 9 ao\u00fbt est l\u2019occasion de c\u00e9l\u00e9brer la Saint Amour, une f\u00eate d\u00e9di\u00e9e \u00e0 l&rsquo;amour sous toutes ses formes. Peu importe que vous soyez en couple ou c\u00e9libataire, cette journ\u00e9e n\u2019est pas la f\u00eate des amoureux. La f\u00eate de la Saint Amour est l&rsquo;occasion de manifester votre affection \u00e0 tous ceux qui comptent pour vous. D\u00e9couvrez son origine, quel jour c\u00e9l\u00e9brons-nous cette f\u00eate et en prime quelques id\u00e9es cadeaux pour manifester votre amour aux personnes qui vous sont ch\u00e8res.<\/p>\n\n\n<div class=\"lp-produits-grid\"><div class=\"lp-produit\"><div class=\"lp-thumbnail-wrapper\"><img loading=\"lazy\" decoding=\"async\" width=\"300\" height=\"300\" src=\"https:\/\/www.interflora.fr\/blog\/wp-content\/uploads\/2025\/05\/W2BOROMO-800Wx800H-0-1-300x300.jpg\" class=\"attachment-medium size-medium wp-post-image\" alt=\"\" srcset=\"https:\/\/www.interflora.fr\/blog\/wp-content\/uploads\/2025\/05\/W2BOROMO-800Wx800H-0-1-300x300.jpg 300w, https:\/\/www.interflora.fr\/blog\/wp-content\/uploads\/2025\/05\/W2BOROMO-800Wx800H-0-1-150x150.jpg 150w, https:\/\/www.interflora.fr\/blog\/wp-content\/uploads\/2025\/05\/W2BOROMO-800Wx800H-0-1-768x768.jpg 768w, https:\/\/www.interflora.fr\/blog\/wp-content\/uploads\/2025\/05\/W2BOROMO-800Wx800H-0-1.jpg 800w\" sizes=\"auto, (max-width: 300px) 100vw, 300px\" \/><img decoding=\"async\" class=\"lp-badge\" src=\"https:\/\/www.interflora.fr\/blog\/wp-content\/uploads\/2025\/06\/logo-circle.png\" alt=\"Livraison rapide Interflora\"><\/div><span>Bois de rose et son vase offert<\/span><p>42.95 \u20ac<\/p><span class=\"obf-link lp-cta\" role=\"link\" tabindex=\"0\" data-b64=\"aHR0cHM6Ly93d3cuaW50ZXJmbG9yYS5mci9wL2JvaXMtZGUtcm9zZS1ldC1zb24tdmFzZS1vZmZlcnQvMS9GUj91dG1fbWVkaXVtPW9yZ2FuaWMmdXRtX3NvdXJjZT1ibG9nX3Byb2R1Y3RzJnV0bV9jYW1wYWlnbj1XMkJPUk9NTw==\" data-target=\"_blank\"><svg xmlns=\"http:\/\/www.w3.org\/2000\/svg\" width=\"16\" height=\"16\" fill=\"currentColor\" class=\"bi bi-bag\" viewBox=\"0 0 16 16\"><path d=\"M8 1a2 2 0 0 1 2 2v1h2.5A1.5 1.5 0 0 1 14 5.5v8A1.5 1.5 0 0 1 12.5 15h-9A1.5 1.5 0 0 1 2 13.5v-8A1.5 1.5 0 0 1 3.5 3H6V2a2 2 0 0 1 2-1zm1 3V3a1 1 0 0 0-2 0v1h2z\"\/><\/svg>Voir le produit<\/span><p class=\"rapido\">Livraison rapide<\/p><\/div><div class=\"lp-produit\"><div class=\"lp-thumbnail-wrapper\"><img loading=\"lazy\" decoding=\"async\" width=\"300\" height=\"300\" src=\"https:\/\/www.interflora.fr\/blog\/wp-content\/uploads\/2025\/05\/2TUFR-800Wx800H-0-1-25-300x300.jpg\" class=\"attachment-medium size-medium wp-post-image\" alt=\"\" srcset=\"https:\/\/www.interflora.fr\/blog\/wp-content\/uploads\/2025\/05\/2TUFR-800Wx800H-0-1-25-300x300.jpg 300w, https:\/\/www.interflora.fr\/blog\/wp-content\/uploads\/2025\/05\/2TUFR-800Wx800H-0-1-25-150x150.jpg 150w, https:\/\/www.interflora.fr\/blog\/wp-content\/uploads\/2025\/05\/2TUFR-800Wx800H-0-1-25-768x768.jpg 768w, https:\/\/www.interflora.fr\/blog\/wp-content\/uploads\/2025\/05\/2TUFR-800Wx800H-0-1-25.jpg 800w\" sizes=\"auto, (max-width: 300px) 100vw, 300px\" \/><img decoding=\"async\" class=\"lp-badge\" src=\"https:\/\/www.interflora.fr\/blog\/wp-content\/uploads\/2025\/06\/logo-circle.png\" alt=\"Livraison rapide Interflora\"><\/div><span>Tutti frutti<\/span><p>44.95 \u20ac<\/p><span class=\"obf-link lp-cta\" role=\"link\" tabindex=\"0\" data-b64=\"aHR0cHM6Ly93d3cuaW50ZXJmbG9yYS5mci9wL2JvdXF1ZXQtZmxldXJzLXR1dHRpLWZydXR0aS8xL0ZSP3V0bV9tZWRpdW09b3JnYW5pYyZ1dG1fc291cmNlPWJsb2dfcHJvZHVjdHMmdXRtX2NhbXBhaWduPTJUVUZS\" data-target=\"_blank\"><svg xmlns=\"http:\/\/www.w3.org\/2000\/svg\" width=\"16\" height=\"16\" fill=\"currentColor\" class=\"bi bi-bag\" viewBox=\"0 0 16 16\"><path d=\"M8 1a2 2 0 0 1 2 2v1h2.5A1.5 1.5 0 0 1 14 5.5v8A1.5 1.5 0 0 1 12.5 15h-9A1.5 1.5 0 0 1 2 13.5v-8A1.5 1.5 0 0 1 3.5 3H6V2a2 2 0 0 1 2-1zm1 3V3a1 1 0 0 0-2 0v1h2z\"\/><\/svg>Voir le produit<\/span><p class=\"rapido\">Top produit<\/p><\/div><div class=\"lp-produit\"><div class=\"lp-thumbnail-wrapper\"><img loading=\"lazy\" decoding=\"async\" width=\"300\" height=\"300\" src=\"https:\/\/www.interflora.fr\/blog\/wp-content\/uploads\/2026\/04\/3RER-800Wx800H-0-1-300x300.jpg\" class=\"attachment-medium size-medium wp-post-image\" alt=\"\" srcset=\"https:\/\/www.interflora.fr\/blog\/wp-content\/uploads\/2026\/04\/3RER-800Wx800H-0-1-300x300.jpg 300w, https:\/\/www.interflora.fr\/blog\/wp-content\/uploads\/2026\/04\/3RER-800Wx800H-0-1-150x150.jpg 150w, https:\/\/www.interflora.fr\/blog\/wp-content\/uploads\/2026\/04\/3RER-800Wx800H-0-1-768x768.jpg 768w, https:\/\/www.interflora.fr\/blog\/wp-content\/uploads\/2026\/04\/3RER-800Wx800H-0-1.jpg 800w\" sizes=\"auto, (max-width: 300px) 100vw, 300px\" \/><img decoding=\"async\" class=\"lp-badge\" src=\"https:\/\/www.interflora.fr\/blog\/wp-content\/uploads\/2025\/06\/logo-circle.png\" alt=\"Livraison rapide Interflora\"><\/div><span>Composition rose \u00e9ternelle rouge<\/span><p>36.95 \u20ac<\/p><span class=\"obf-link lp-cta\" role=\"link\" tabindex=\"0\" data-b64=\"aHR0cHM6Ly93d3cuaW50ZXJmbG9yYS5mci9wL2NvbXBvc2l0aW9uLXJvc2UtZXRlcm5lbGxlLXJvdWdlLzAvRlI\/dXRtX21lZGl1bT1vcmdhbmljJnV0bV9zb3VyY2U9YmxvZ19wcm9kdWN0cyZ1dG1fY2FtcGFpZ249M1JFUg==\" data-target=\"_blank\"><svg xmlns=\"http:\/\/www.w3.org\/2000\/svg\" width=\"16\" height=\"16\" fill=\"currentColor\" class=\"bi bi-bag\" viewBox=\"0 0 16 16\"><path d=\"M8 1a2 2 0 0 1 2 2v1h2.5A1.5 1.5 0 0 1 14 5.5v8A1.5 1.5 0 0 1 12.5 15h-9A1.5 1.5 0 0 1 2 13.5v-8A1.5 1.5 0 0 1 3.5 3H6V2a2 2 0 0 1 2-1zm1 3V3a1 1 0 0 0-2 0v1h2z\"\/><\/svg>Voir le produit<\/span><p class=\"rapido\">Livraison rapide<\/p><\/div><div class=\"lp-produit\"><div class=\"lp-thumbnail-wrapper\"><img loading=\"lazy\" decoding=\"async\" width=\"300\" height=\"300\" src=\"https:\/\/www.interflora.fr\/blog\/wp-content\/uploads\/2025\/09\/1PEPLCMA-800Wx800H-0-1-25-300x300.jpg\" class=\"attachment-medium size-medium wp-post-image\" alt=\"\" srcset=\"https:\/\/www.interflora.fr\/blog\/wp-content\/uploads\/2025\/09\/1PEPLCMA-800Wx800H-0-1-25-300x300.jpg 300w, https:\/\/www.interflora.fr\/blog\/wp-content\/uploads\/2025\/09\/1PEPLCMA-800Wx800H-0-1-25-150x150.jpg 150w, https:\/\/www.interflora.fr\/blog\/wp-content\/uploads\/2025\/09\/1PEPLCMA-800Wx800H-0-1-25-768x768.jpg 768w, https:\/\/www.interflora.fr\/blog\/wp-content\/uploads\/2025\/09\/1PEPLCMA-800Wx800H-0-1-25.jpg 800w\" sizes=\"auto, (max-width: 300px) 100vw, 300px\" \/><img decoding=\"async\" class=\"lp-badge\" src=\"https:\/\/www.interflora.fr\/blog\/wp-content\/uploads\/2025\/06\/logo-circle.png\" alt=\"Livraison rapide Interflora\"><\/div><span>Coffret cadeau<\/span><p>57.95 \u20ac<\/p><span class=\"obf-link lp-cta\" role=\"link\" tabindex=\"0\" data-b64=\"aHR0cHM6Ly93d3cuaW50ZXJmbG9yYS5mci9wL3BldGl0LXBsYWlzaXItY2FydGUtbWVzc2FnZS1jaG9jb2xhdC8xL0ZSP3V0bV9tZWRpdW09b3JnYW5pYyZ1dG1fc291cmNlPWJsb2dfcHJvZHVjdHMmdXRtX2NhbXBhaWduPTFQRVBMQ01B\" data-target=\"_blank\"><svg xmlns=\"http:\/\/www.w3.org\/2000\/svg\" width=\"16\" height=\"16\" fill=\"currentColor\" class=\"bi bi-bag\" viewBox=\"0 0 16 16\"><path d=\"M8 1a2 2 0 0 1 2 2v1h2.5A1.5 1.5 0 0 1 14 5.5v8A1.5 1.5 0 0 1 12.5 15h-9A1.5 1.5 0 0 1 2 13.5v-8A1.5 1.5 0 0 1 3.5 3H6V2a2 2 0 0 1 2-1zm1 3V3a1 1 0 0 0-2 0v1h2z\"\/><\/svg>Voir le produit<\/span><p class=\"rapido\">Livraison rapide<\/p><\/div><\/div>\n\n\n\n<div style=\"height:10px\" aria-hidden=\"true\" class=\"wp-block-spacer\"><\/div>\n\n\n\n<h2 class=\"wp-block-heading alignwide\">Qu\u2019est-ce que la f\u00eate de la Saint Amour ?<\/h2>\n\n\n\n<p>Bien que la f\u00eate Saint Amour soit bien moins connue que la Saint-Valentin, elle porte un message tout aussi puissant : celui de l&rsquo;amour d\u00e9sint\u00e9ress\u00e9 et universel.<\/p>\n\n\n\n<h3 class=\"wp-block-heading alignwide\">Quelle est l\u2019histoire de la Saint Amour ?<\/h3>\n\n\n\n<p>La Saint Amour aurait \u00e9t\u00e9 instaur\u00e9e en France en l\u2019honneur d\u2019un soldat chr\u00e9tien de Franche-Comt\u00e9 du 8e si\u00e8cle, devenu martyr, qui a consacr\u00e9 sa vie \u00e0 l&rsquo;amour et \u00e0 la bienveillance. La Saint Amour aurait \u00e9t\u00e9 introduite \u00e0 dessein dans la commune de Saint-Amour, dans le Jura, par l\u2019\u00c9glise pour remplacer des pratiques pa\u00efennes en l\u2019honneur du dieu de l\u2019amour romain, Cupidon, par des rites chr\u00e9tiens. L\u00e9gende ou r\u00e9alit\u00e9 concernant ce soldat, difficile de savoir\u2026<\/p>\n\n\n\n<p>Au fil des si\u00e8cles, cette journ\u00e9e a \u00e9volu\u00e9 pour devenir un moment privil\u00e9gi\u00e9 o\u00f9 l&rsquo;on c\u00e9l\u00e8bre non seulement l&rsquo;amour romantique, mais aussi l&rsquo;amiti\u00e9 et les liens familiaux.<\/p>\n\n\n\n<figure class=\"wp-block-image aligncenter size-large is-resized\"><img decoding=\"async\" src=\"https:\/\/www.interflora.fr\/blog\/wp-content\/uploads\/fete-saint-amour-1024x576.jpg\" alt=\"F\u00eate de la Saint Amour\" class=\"wp-image-45217\" style=\"width:800px\"\/><\/figure>\n\n\n\n<h3 class=\"wp-block-heading alignwide\">Quel est le jour de la Saint Amour ?<\/h3>\n\n\n\n<p>La date de la Saint Amour est le 9 ao\u00fbt. En cette journ\u00e9e d\u2019\u00e9t\u00e9, les amoureux, les amis et les familles sont invit\u00e9s \u00e0 exprimer leurs sentiments les plus sinc\u00e8res \u00e0 leurs proches.<\/p>\n\n\n\n<h2 class=\"wp-block-heading alignwide\">Comment souhaiter la Saint Amour ?<\/h2>\n\n\n\n<p>La f\u00eate du 9 ao\u00fbt, ou f\u00eate de la saint Amour, est c\u00e9l\u00e9br\u00e9e dans de nombreuses communes fran\u00e7aises.<\/p>\n\n\n\n<figure class=\"wp-block-image aligncenter size-full is-resized\"><img decoding=\"async\" src=\"https:\/\/www.interflora.fr\/blog\/wp-content\/uploads\/couple-amoureux-qui-s-embrasse.jpg\" alt=\"couple amoureux qui s'embrasse\" class=\"wp-image-38685\" style=\"aspect-ratio:16\/9;object-fit:cover;width:800px\"\/><\/figure>\n\n\n\n<h3 class=\"wp-block-heading alignwide\">Traditions et coutumes de la f\u00eate du 9 ao\u00fbt<\/h3>\n\n\n\n<p>Chaque commune c\u00e9l\u00e8bre le 9 ao\u00fbt \u00e0 sa mani\u00e8re, mais les festivit\u00e9s de la Saint Amour incluent g\u00e9n\u00e9ralement des processions religieuses et des messes d\u00e9di\u00e9es \u00e0 saint Amour. En soir\u00e9e, les feux d&rsquo;artifice illuminent le ciel tandis que des spectacles vari\u00e9s divertissent les foules.<\/p>\n\n\n\n<p>Un des aspects les plus appr\u00e9ci\u00e9s de cette f\u00eate est la d\u00e9gustation des vins locaux, notamment ceux de l&rsquo;appellation d&rsquo;origine contr\u00f4l\u00e9e (AOC) Saint-Amour, issus du Beaujolais en Bourgogne.<\/p>\n\n\n\n<p>Le 9 ao\u00fbt est aussi devenu une date symbolique pour c\u00e9l\u00e9brer des fian\u00e7ailles ou faire sa demande en mariage.<\/p>\n\n\n\n<h3 class=\"wp-block-heading alignwide\">Id\u00e9es cadeaux pour la Saint Amour<\/h3>\n\n\n\n<p>Pour rendre la f\u00eate de la Saint Amour encore plus m\u00e9morable, voici quelques id\u00e9es cadeaux qui feront plaisir \u00e0 coup s\u00fbr :<\/p>\n\n\n\n<ul class=\"wp-block-list\">\n<li>Fleurs et plantes : un bouquet de fleurs fra\u00eeches ou une plante en pot est toujours une attention d\u00e9licate qui montre une affection toute particuli\u00e8re \u00e0 celui ou celle qui le re\u00e7oit. Gr\u00e2ce \u00e0 la livraison de bouquets de fleurs et de plantes, la distance ne vous emp\u00eachera pas de <a href=\"https:\/\/www.interflora.fr\/c\/saint-amour\">f\u00eater la Saint Amour<\/a> comme il se doit.<\/li>\n\n\n\n<li>Cadeaux personnalis\u00e9s : un bijou grav\u00e9, une photo encadr\u00e9e ou un objet personnalis\u00e9 est id\u00e9al pour montrer que vous avez pris le temps de personnaliser votre cadeau.<\/li>\n\n\n\n<li>Exp\u00e9riences : un moment \u00e0 partager, comme un d\u00eener au restaurant, une journ\u00e9e au spa ou une activit\u00e9 en plein air manifeste l\u2019envie de partager des moments agr\u00e9ables avec une personne qui vous est ch\u00e8re. De plus, ces exp\u00e9riences cr\u00e9ent des souvenirs m\u00e9morables.<\/li>\n\n\n\n<li>Bouteille de vin : une bonne bouteille de vin AOC Saint-Amour est l\u2019occasion de montrer \u00e0 un ami ou un membre de votre famille qu\u2019il compte beaucoup pour vous.<\/li>\n\n\n\n<li>Chocolats et douceurs : une bo\u00eete de chocolats ou des p\u00e2tisseries maison raviront bien \u00e9videmment les plus gourmands.<\/li>\n<\/ul>\n\n\n<div class=\"lp-produits-grid\"><div class=\"lp-produit\"><div class=\"lp-thumbnail-wrapper\"><img loading=\"lazy\" decoding=\"async\" width=\"300\" height=\"300\" src=\"https:\/\/www.interflora.fr\/blog\/wp-content\/uploads\/2026\/01\/1BIFF-800Wx800H-0-1-300x300.jpg\" class=\"attachment-medium size-medium wp-post-image\" alt=\"\" srcset=\"https:\/\/www.interflora.fr\/blog\/wp-content\/uploads\/2026\/01\/1BIFF-800Wx800H-0-1-300x300.jpg 300w, https:\/\/www.interflora.fr\/blog\/wp-content\/uploads\/2026\/01\/1BIFF-800Wx800H-0-1-150x150.jpg 150w, https:\/\/www.interflora.fr\/blog\/wp-content\/uploads\/2026\/01\/1BIFF-800Wx800H-0-1-768x768.jpg 768w, https:\/\/www.interflora.fr\/blog\/wp-content\/uploads\/2026\/01\/1BIFF-800Wx800H-0-1.jpg 800w\" sizes=\"auto, (max-width: 300px) 100vw, 300px\" \/><img decoding=\"async\" class=\"lp-badge\" src=\"https:\/\/www.interflora.fr\/blog\/wp-content\/uploads\/2025\/06\/logo-circle.png\" alt=\"Livraison rapide Interflora\"><\/div><span>Mon coeur<\/span><p>39.95 \u20ac<\/p><span class=\"obf-link lp-cta\" role=\"link\" tabindex=\"0\" data-b64=\"aHR0cHM6Ly93d3cuaW50ZXJmbG9yYS5mci9wL2JvdXF1ZXQtbW9uLWNvZXVyLzEvRlI\/dXRtX21lZGl1bT1vcmdhbmljJnV0bV9zb3VyY2U9YmxvZ19wcm9kdWN0cyZ1dG1fY2FtcGFpZ249MUJJRkY=\" data-target=\"_blank\"><svg xmlns=\"http:\/\/www.w3.org\/2000\/svg\" width=\"16\" height=\"16\" fill=\"currentColor\" class=\"bi bi-bag\" viewBox=\"0 0 16 16\"><path d=\"M8 1a2 2 0 0 1 2 2v1h2.5A1.5 1.5 0 0 1 14 5.5v8A1.5 1.5 0 0 1 12.5 15h-9A1.5 1.5 0 0 1 2 13.5v-8A1.5 1.5 0 0 1 3.5 3H6V2a2 2 0 0 1 2-1zm1 3V3a1 1 0 0 0-2 0v1h2z\"\/><\/svg>Voir le produit<\/span><p class=\"rapido\">Livraison rapide<\/p><\/div><div class=\"lp-produit\"><div class=\"lp-thumbnail-wrapper\"><img loading=\"lazy\" decoding=\"async\" width=\"300\" height=\"300\" src=\"https:\/\/www.interflora.fr\/blog\/wp-content\/uploads\/2025\/10\/2IC-800Wx800H-0-1-14-300x300.jpg\" class=\"attachment-medium size-medium wp-post-image\" alt=\"\" srcset=\"https:\/\/www.interflora.fr\/blog\/wp-content\/uploads\/2025\/10\/2IC-800Wx800H-0-1-14-300x300.jpg 300w, https:\/\/www.interflora.fr\/blog\/wp-content\/uploads\/2025\/10\/2IC-800Wx800H-0-1-14-150x150.jpg 150w, https:\/\/www.interflora.fr\/blog\/wp-content\/uploads\/2025\/10\/2IC-800Wx800H-0-1-14-768x768.jpg 768w, https:\/\/www.interflora.fr\/blog\/wp-content\/uploads\/2025\/10\/2IC-800Wx800H-0-1-14.jpg 800w\" sizes=\"auto, (max-width: 300px) 100vw, 300px\" \/><img decoding=\"async\" class=\"lp-badge\" src=\"https:\/\/www.interflora.fr\/blog\/wp-content\/uploads\/2025\/06\/logo-circle.png\" alt=\"Livraison rapide Interflora\"><\/div><span>Instant complice<\/span><p>54.95 \u20ac<\/p><span class=\"obf-link lp-cta\" role=\"link\" tabindex=\"0\" data-b64=\"aHR0cHM6Ly93d3cuaW50ZXJmbG9yYS5mci9wL2JvdXF1ZXQtaW5zdGFudC1jb21wbGljZS8xL0ZSP3V0bV9tZWRpdW09b3JnYW5pYyZ1dG1fc291cmNlPWJsb2dfcHJvZHVjdHMmdXRtX2NhbXBhaWduPTJJQw==\" data-target=\"_blank\"><svg xmlns=\"http:\/\/www.w3.org\/2000\/svg\" width=\"16\" height=\"16\" fill=\"currentColor\" class=\"bi bi-bag\" viewBox=\"0 0 16 16\"><path d=\"M8 1a2 2 0 0 1 2 2v1h2.5A1.5 1.5 0 0 1 14 5.5v8A1.5 1.5 0 0 1 12.5 15h-9A1.5 1.5 0 0 1 2 13.5v-8A1.5 1.5 0 0 1 3.5 3H6V2a2 2 0 0 1 2-1zm1 3V3a1 1 0 0 0-2 0v1h2z\"\/><\/svg>Voir le produit<\/span><p class=\"rapido\">Livraison rapide<\/p><\/div><div class=\"lp-produit\"><div class=\"lp-thumbnail-wrapper\"><img loading=\"lazy\" decoding=\"async\" width=\"300\" height=\"300\" src=\"https:\/\/www.interflora.fr\/blog\/wp-content\/uploads\/2025\/09\/2DR-800Wx800H-0-1-25-300x300.jpg\" class=\"attachment-medium size-medium wp-post-image\" alt=\"\" srcset=\"https:\/\/www.interflora.fr\/blog\/wp-content\/uploads\/2025\/09\/2DR-800Wx800H-0-1-25-300x300.jpg 300w, https:\/\/www.interflora.fr\/blog\/wp-content\/uploads\/2025\/09\/2DR-800Wx800H-0-1-25-150x150.jpg 150w, https:\/\/www.interflora.fr\/blog\/wp-content\/uploads\/2025\/09\/2DR-800Wx800H-0-1-25-768x768.jpg 768w, https:\/\/www.interflora.fr\/blog\/wp-content\/uploads\/2025\/09\/2DR-800Wx800H-0-1-25.jpg 800w\" sizes=\"auto, (max-width: 300px) 100vw, 300px\" \/><img decoding=\"async\" class=\"lp-badge\" src=\"https:\/\/www.interflora.fr\/blog\/wp-content\/uploads\/2025\/06\/logo-circle.png\" alt=\"Livraison rapide Interflora\"><\/div><span>Douce r\u00eaverie<\/span><p>39.95 \u20ac<\/p><span class=\"obf-link lp-cta\" role=\"link\" tabindex=\"0\" data-b64=\"aHR0cHM6Ly93d3cuaW50ZXJmbG9yYS5mci9wL2RvdWNlLXJldmVyaWUvMS9GUj91dG1fbWVkaXVtPW9yZ2FuaWMmdXRtX3NvdXJjZT1ibG9nX3Byb2R1Y3RzJnV0bV9jYW1wYWlnbj0yRFI=\" data-target=\"_blank\"><svg xmlns=\"http:\/\/www.w3.org\/2000\/svg\" width=\"16\" height=\"16\" fill=\"currentColor\" class=\"bi bi-bag\" viewBox=\"0 0 16 16\"><path d=\"M8 1a2 2 0 0 1 2 2v1h2.5A1.5 1.5 0 0 1 14 5.5v8A1.5 1.5 0 0 1 12.5 15h-9A1.5 1.5 0 0 1 2 13.5v-8A1.5 1.5 0 0 1 3.5 3H6V2a2 2 0 0 1 2-1zm1 3V3a1 1 0 0 0-2 0v1h2z\"\/><\/svg>Voir le produit<\/span><p class=\"rapido\">Livraison rapide<\/p><\/div><div class=\"lp-produit\"><div class=\"lp-thumbnail-wrapper\"><img loading=\"lazy\" decoding=\"async\" width=\"300\" height=\"300\" src=\"https:\/\/www.interflora.fr\/blog\/wp-content\/uploads\/2026\/01\/1BIU-800Wx800H-0-1-300x300.jpg\" class=\"attachment-medium size-medium wp-post-image\" alt=\"\" srcset=\"https:\/\/www.interflora.fr\/blog\/wp-content\/uploads\/2026\/01\/1BIU-800Wx800H-0-1-300x300.jpg 300w, https:\/\/www.interflora.fr\/blog\/wp-content\/uploads\/2026\/01\/1BIU-800Wx800H-0-1-150x150.jpg 150w, https:\/\/www.interflora.fr\/blog\/wp-content\/uploads\/2026\/01\/1BIU-800Wx800H-0-1-768x768.jpg 768w, https:\/\/www.interflora.fr\/blog\/wp-content\/uploads\/2026\/01\/1BIU-800Wx800H-0-1.jpg 800w\" sizes=\"auto, (max-width: 300px) 100vw, 300px\" \/><img decoding=\"async\" class=\"lp-badge\" src=\"https:\/\/www.interflora.fr\/blog\/wp-content\/uploads\/2025\/06\/logo-circle.png\" alt=\"Livraison rapide Interflora\"><\/div><span>Bisous et sa bulle d&rsquo;eau<\/span><p>41.95 \u20ac<\/p><span class=\"obf-link lp-cta\" role=\"link\" tabindex=\"0\" data-b64=\"aHR0cHM6Ly93d3cuaW50ZXJmbG9yYS5mci9wL3NhaW50LXZhbGVudGluLWplLXQtYWltZS1idWxsZS1lYXUvMS9GUj91dG1fbWVkaXVtPW9yZ2FuaWMmdXRtX3NvdXJjZT1ibG9nX3Byb2R1Y3RzJnV0bV9jYW1wYWlnbj0xQklV\" data-target=\"_blank\"><svg xmlns=\"http:\/\/www.w3.org\/2000\/svg\" width=\"16\" height=\"16\" fill=\"currentColor\" class=\"bi bi-bag\" viewBox=\"0 0 16 16\"><path d=\"M8 1a2 2 0 0 1 2 2v1h2.5A1.5 1.5 0 0 1 14 5.5v8A1.5 1.5 0 0 1 12.5 15h-9A1.5 1.5 0 0 1 2 13.5v-8A1.5 1.5 0 0 1 3.5 3H6V2a2 2 0 0 1 2-1zm1 3V3a1 1 0 0 0-2 0v1h2z\"\/><\/svg>Voir le produit<\/span><p class=\"rapido\">Livraison rapide<\/p><\/div><\/div>\n\n\n\n<div style=\"height:10px\" aria-hidden=\"true\" class=\"wp-block-spacer\"><\/div>\n\n\n\n<p>Quelle que soit votre pr\u00e9f\u00e9rence, l&rsquo;important est que votre cadeau soit choisi avec amour et attention en prenant soin de prendre en compte les go\u00fbts du destinataire.<\/p>\n\n\n\n<h3 class=\"wp-block-heading alignwide\">La Saint Amour, \u00e7a devrait \u00eatre tous les jours<\/h3>\n\n\n\n<p>Il ne devrait pas y avoir de jour pr\u00e9cis pour manifester ses sentiments \u00e0 quelqu\u2019un, mais parfois, une date symbolique, telle que la f\u00eate de la Saint Amour, nous rappelle qu\u2019il est bon de dire \u00e0 nos proches combien on les aime.<\/p>\n\n\n\n<p>Que ce soit par des cadeaux, des mots doux ou des gestes attentionn\u00e9s, la Saint Amour du 9 ao\u00fbt est le jour parfait pour c\u00e9l\u00e9brer l&rsquo;amour sous toutes ses formes.<\/p>\n\n\n\n<figure class=\"wp-block-image aligncenter size-full is-resized\"><img decoding=\"async\" src=\"https:\/\/www.interflora.fr\/blog\/wp-content\/uploads\/couple-amoureux.jpg\" alt=\"couple amoureux\" class=\"wp-image-38684\" style=\"aspect-ratio:16\/9;object-fit:cover;width:800px\"\/><\/figure>\n\n\n\n<p>En cette belle journ\u00e9e d\u2019\u00e9t\u00e9, Interflora vous souhaite \u00e0 tous une bonne f\u00eate de la Saint Amour !<\/p>\n","protected":false},"excerpt":{"rendered":"<p>Chaque ann\u00e9e, le 9 ao\u00fbt est l\u2019occasion de c\u00e9l\u00e9brer la Saint Amour, une f\u00eate d\u00e9di\u00e9e \u00e0 l&rsquo;amour sous toutes ses [&hellip;]<\/p>\n","protected":false},"author":1,"featured_media":45215,"comment_status":"open","ping_status":"open","sticky":false,"template":"","format":"standard","meta":{"_uag_custom_page_level_css":"","site-sidebar-layout":"default","site-content-layout":"","ast-site-content-layout":"default","site-content-style":"default","site-sidebar-style":"default","ast-global-header-display":"","ast-banner-title-visibility":"","ast-main-header-display":"","ast-hfb-above-header-display":"","ast-hfb-below-header-display":"","ast-hfb-mobile-header-display":"","site-post-title":"","ast-breadcrumbs-content":"","ast-featured-img":"","footer-sml-layout":"","ast-disable-related-posts":"","theme-transparent-header-meta":"","adv-header-id-meta":"","stick-header-meta":"","header-above-stick-meta":"","header-main-stick-meta":"","header-below-stick-meta":"","astra-migrate-meta-layouts":"set","ast-page-background-enabled":"default","ast-page-background-meta":{"desktop":{"background-color":"var(--ast-global-color-5)","background-image":"","background-repeat":"repeat","background-position":"center center","background-size":"auto","background-attachment":"scroll","background-type":"","background-media":"","overlay-type":"","overlay-color":"","overlay-opacity":"","overlay-gradient":""},"tablet":{"background-color":"","background-image":"","background-repeat":"repeat","background-position":"center center","background-size":"auto","background-attachment":"scroll","background-type":"","background-media":"","overlay-type":"","overlay-color":"","overlay-opacity":"","overlay-gradient":""},"mobile":{"background-color":"","background-image":"","background-repeat":"repeat","background-position":"center center","background-size":"auto","background-attachment":"scroll","background-type":"","background-media":"","overlay-type":"","overlay-color":"","overlay-opacity":"","overlay-gradient":""}},"ast-content-background-meta":{"desktop":{"background-color":"var(--ast-global-color-4)","background-image":"","background-repeat":"repeat","background-position":"center center","background-size":"auto","background-attachment":"scroll","background-type":"","background-media":"","overlay-type":"","overlay-color":"","overlay-opacity":"","overlay-gradient":""},"tablet":{"background-color":"var(--ast-global-color-4)","background-image":"","background-repeat":"repeat","background-position":"center center","background-size":"auto","background-attachment":"scroll","background-type":"","background-media":"","overlay-type":"","overlay-color":"","overlay-opacity":"","overlay-gradient":""},"mobile":{"background-color":"var(--ast-global-color-4)","background-image":"","background-repeat":"repeat","background-position":"center center","background-size":"auto","background-attachment":"scroll","background-type":"","background-media":"","overlay-type":"","overlay-color":"","overlay-opacity":"","overlay-gradient":""}},"footnotes":""},"categories":[176],"tags":[333],"class_list":["post-45214","post","type-post","status-publish","format-standard","has-post-thumbnail","hentry","category-evenements","tag-saint-amour"],"uagb_featured_image_src":{"full":false,"thumbnail":false,"medium":false,"medium_large":false,"large":false,"1536x1536":false,"2048x2048":false},"uagb_author_info":{"display_name":"admin","author_link":"https:\/\/www.interflora.fr\/blog\/author\/admin\/"},"uagb_comment_info":0,"uagb_excerpt":"Chaque ann\u00e9e, le 9 ao\u00fbt est l\u2019occasion de c\u00e9l\u00e9brer la Saint Amour, une f\u00eate d\u00e9di\u00e9e \u00e0 l&rsquo;amour sous toutes ses [&hellip;]","yoast_meta":{"title":"Saint Amour, F\u00eate du 9 ao\u00fbt : C\u00e9l\u00e9brer l\u2019Amour avec ses proches","description":"Le 9 ao\u00fbt, f\u00eate de la Saint Amour, est une journ\u00e9e parfaite pour exprimer son amour. D\u00e9couvrez son histoire et des id\u00e9es cadeaux uniques."},"_links":{"self":[{"href":"https:\/\/www.interflora.fr\/blog\/wp-json\/wp\/v2\/posts\/45214","targetHints":{"allow":["GET"]}}],"collection":[{"href":"https:\/\/www.interflora.fr\/blog\/wp-json\/wp\/v2\/posts"}],"about":[{"href":"https:\/\/www.interflora.fr\/blog\/wp-json\/wp\/v2\/types\/post"}],"author":[{"embeddable":true,"href":"https:\/\/www.interflora.fr\/blog\/wp-json\/wp\/v2\/users\/1"}],"replies":[{"embeddable":true,"href":"https:\/\/www.interflora.fr\/blog\/wp-json\/wp\/v2\/comments?post=45214"}],"version-history":[{"count":0,"href":"https:\/\/www.interflora.fr\/blog\/wp-json\/wp\/v2\/posts\/45214\/revisions"}],"wp:featuredmedia":[{"embeddable":true,"href":"https:\/\/www.interflora.fr\/blog\/wp-json\/"}],"wp:attachment":[{"href":"https:\/\/www.interflora.fr\/blog\/wp-json\/wp\/v2\/media?parent=45214"}],"wp:term":[{"taxonomy":"category","embeddable":true,"href":"https:\/\/www.interflora.fr\/blog\/wp-json\/wp\/v2\/categories?post=45214"},{"taxonomy":"post_tag","embeddable":true,"href":"https:\/\/www.interflora.fr\/blog\/wp-json\/wp\/v2\/tags?post=45214"}],"curies":[{"name":"wp","href":"https:\/\/api.w.org\/{rel}","templated":true}]}}