{"id":44749,"date":"2025-06-10T12:13:42","date_gmt":"2025-06-10T10:13:42","guid":{"rendered":"https:\/\/www.interflora.fr\/blog\/?p=44749"},"modified":"2026-04-03T10:53:23","modified_gmt":"2026-04-03T08:53:23","slug":"carte-fete-des-peres","status":"publish","type":"post","link":"https:\/\/www.interflora.fr\/blog\/carte-fete-des-peres\/","title":{"rendered":"Id\u00e9es originales de cartes pour la f\u00eate des P\u00e8res"},"content":{"rendered":"\n<p>Cette ann\u00e9e, pour la f\u00eate des P\u00e8res, misez sur le simple et efficace : confectionnez votre propre <strong>carte de f\u00eate des P\u00e8res<\/strong> pour lui exprimer votre amour de fa\u00e7on unique.<\/p>\n\n\n<div class=\"lp-produits-grid\"><div class=\"lp-produit\"><div class=\"lp-thumbnail-wrapper\"><img loading=\"lazy\" decoding=\"async\" width=\"300\" height=\"300\" src=\"https:\/\/www.interflora.fr\/blog\/wp-content\/uploads\/2025\/05\/W2BOROMO-800Wx800H-0-1-300x300.jpg\" class=\"attachment-medium size-medium wp-post-image\" alt=\"\" srcset=\"https:\/\/www.interflora.fr\/blog\/wp-content\/uploads\/2025\/05\/W2BOROMO-800Wx800H-0-1-300x300.jpg 300w, https:\/\/www.interflora.fr\/blog\/wp-content\/uploads\/2025\/05\/W2BOROMO-800Wx800H-0-1-150x150.jpg 150w, https:\/\/www.interflora.fr\/blog\/wp-content\/uploads\/2025\/05\/W2BOROMO-800Wx800H-0-1-768x768.jpg 768w, https:\/\/www.interflora.fr\/blog\/wp-content\/uploads\/2025\/05\/W2BOROMO-800Wx800H-0-1.jpg 800w\" sizes=\"auto, (max-width: 300px) 100vw, 300px\" \/><img decoding=\"async\" class=\"lp-badge\" src=\"https:\/\/www.interflora.fr\/blog\/wp-content\/uploads\/2025\/06\/logo-circle.png\" alt=\"Livraison rapide Interflora\"><\/div><span>Bois de rose et son vase offert<\/span><p>42.95 \u20ac<\/p><span class=\"obf-link lp-cta\" role=\"link\" tabindex=\"0\" data-b64=\"aHR0cHM6Ly93d3cuaW50ZXJmbG9yYS5mci9wL2JvaXMtZGUtcm9zZS1ldC1zb24tdmFzZS1vZmZlcnQvMS9GUj91dG1fbWVkaXVtPW9yZ2FuaWMmdXRtX3NvdXJjZT1ibG9nX3Byb2R1Y3RzJnV0bV9jYW1wYWlnbj1XMkJPUk9NTw==\" data-target=\"_blank\"><svg xmlns=\"http:\/\/www.w3.org\/2000\/svg\" width=\"16\" height=\"16\" fill=\"currentColor\" class=\"bi bi-bag\" viewBox=\"0 0 16 16\"><path d=\"M8 1a2 2 0 0 1 2 2v1h2.5A1.5 1.5 0 0 1 14 5.5v8A1.5 1.5 0 0 1 12.5 15h-9A1.5 1.5 0 0 1 2 13.5v-8A1.5 1.5 0 0 1 3.5 3H6V2a2 2 0 0 1 2-1zm1 3V3a1 1 0 0 0-2 0v1h2z\"\/><\/svg>Voir le produit<\/span><p class=\"rapido\">Fleurs fra\u00eeches<\/p><\/div><div class=\"lp-produit\"><div class=\"lp-thumbnail-wrapper\"><img loading=\"lazy\" decoding=\"async\" width=\"300\" height=\"300\" src=\"https:\/\/www.interflora.fr\/blog\/wp-content\/uploads\/2025\/05\/2TUFR-800Wx800H-0-1-25-300x300.jpg\" class=\"attachment-medium size-medium wp-post-image\" alt=\"\" srcset=\"https:\/\/www.interflora.fr\/blog\/wp-content\/uploads\/2025\/05\/2TUFR-800Wx800H-0-1-25-300x300.jpg 300w, https:\/\/www.interflora.fr\/blog\/wp-content\/uploads\/2025\/05\/2TUFR-800Wx800H-0-1-25-150x150.jpg 150w, https:\/\/www.interflora.fr\/blog\/wp-content\/uploads\/2025\/05\/2TUFR-800Wx800H-0-1-25-768x768.jpg 768w, https:\/\/www.interflora.fr\/blog\/wp-content\/uploads\/2025\/05\/2TUFR-800Wx800H-0-1-25.jpg 800w\" sizes=\"auto, (max-width: 300px) 100vw, 300px\" \/><img decoding=\"async\" class=\"lp-badge\" src=\"https:\/\/www.interflora.fr\/blog\/wp-content\/uploads\/2025\/06\/logo-circle.png\" alt=\"Livraison rapide Interflora\"><\/div><span>Tutti frutti<\/span><p>44.95 \u20ac<\/p><span class=\"obf-link lp-cta\" role=\"link\" tabindex=\"0\" data-b64=\"aHR0cHM6Ly93d3cuaW50ZXJmbG9yYS5mci9wL2JvdXF1ZXQtZmxldXJzLXR1dHRpLWZydXR0aS8xL0ZSP3V0bV9tZWRpdW09b3JnYW5pYyZ1dG1fc291cmNlPWJsb2dfcHJvZHVjdHMmdXRtX2NhbXBhaWduPTJUVUZS\" data-target=\"_blank\"><svg xmlns=\"http:\/\/www.w3.org\/2000\/svg\" width=\"16\" height=\"16\" fill=\"currentColor\" class=\"bi bi-bag\" viewBox=\"0 0 16 16\"><path d=\"M8 1a2 2 0 0 1 2 2v1h2.5A1.5 1.5 0 0 1 14 5.5v8A1.5 1.5 0 0 1 12.5 15h-9A1.5 1.5 0 0 1 2 13.5v-8A1.5 1.5 0 0 1 3.5 3H6V2a2 2 0 0 1 2-1zm1 3V3a1 1 0 0 0-2 0v1h2z\"\/><\/svg>Voir le produit<\/span><p class=\"rapido\">Top produit<\/p><\/div><div class=\"lp-produit\"><div class=\"lp-thumbnail-wrapper\"><img loading=\"lazy\" decoding=\"async\" width=\"300\" height=\"300\" src=\"https:\/\/www.interflora.fr\/blog\/wp-content\/uploads\/2025\/05\/1AFO-800Wx800H-0-1-25-300x300.jpg\" class=\"attachment-medium size-medium wp-post-image\" alt=\"\" srcset=\"https:\/\/www.interflora.fr\/blog\/wp-content\/uploads\/2025\/05\/1AFO-800Wx800H-0-1-25-300x300.jpg 300w, https:\/\/www.interflora.fr\/blog\/wp-content\/uploads\/2025\/05\/1AFO-800Wx800H-0-1-25-150x150.jpg 150w, https:\/\/www.interflora.fr\/blog\/wp-content\/uploads\/2025\/05\/1AFO-800Wx800H-0-1-25-768x768.jpg 768w, https:\/\/www.interflora.fr\/blog\/wp-content\/uploads\/2025\/05\/1AFO-800Wx800H-0-1-25.jpg 800w\" sizes=\"auto, (max-width: 300px) 100vw, 300px\" \/><img decoding=\"async\" class=\"lp-badge\" src=\"https:\/\/www.interflora.fr\/blog\/wp-content\/uploads\/2025\/06\/logo-circle.png\" alt=\"Livraison rapide Interflora\"><\/div><span>Grandes roses sur-mesure<\/span><p>59.95 \u20ac<\/p><span class=\"obf-link lp-cta\" role=\"link\" tabindex=\"0\" data-b64=\"aHR0cHM6Ly93d3cuaW50ZXJmbG9yYS5mci9wL3Jvc2VzLWEtbGEtZm9saWUvNi9GUj91dG1fbWVkaXVtPW9yZ2FuaWMmdXRtX3NvdXJjZT1ibG9nX3Byb2R1Y3RzJnV0bV9jYW1wYWlnbj0xQUZP\" data-target=\"_blank\"><svg xmlns=\"http:\/\/www.w3.org\/2000\/svg\" width=\"16\" height=\"16\" fill=\"currentColor\" class=\"bi bi-bag\" viewBox=\"0 0 16 16\"><path d=\"M8 1a2 2 0 0 1 2 2v1h2.5A1.5 1.5 0 0 1 14 5.5v8A1.5 1.5 0 0 1 12.5 15h-9A1.5 1.5 0 0 1 2 13.5v-8A1.5 1.5 0 0 1 3.5 3H6V2a2 2 0 0 1 2-1zm1 3V3a1 1 0 0 0-2 0v1h2z\"\/><\/svg>Voir le produit<\/span><p class=\"rapido\">Livraison rapide<\/p><\/div><div class=\"lp-produit\"><div class=\"lp-thumbnail-wrapper\"><img loading=\"lazy\" decoding=\"async\" width=\"300\" height=\"300\" src=\"https:\/\/www.interflora.fr\/blog\/wp-content\/uploads\/2025\/10\/2IC-800Wx800H-0-1-14-300x300.jpg\" class=\"attachment-medium size-medium wp-post-image\" alt=\"\" srcset=\"https:\/\/www.interflora.fr\/blog\/wp-content\/uploads\/2025\/10\/2IC-800Wx800H-0-1-14-300x300.jpg 300w, https:\/\/www.interflora.fr\/blog\/wp-content\/uploads\/2025\/10\/2IC-800Wx800H-0-1-14-150x150.jpg 150w, https:\/\/www.interflora.fr\/blog\/wp-content\/uploads\/2025\/10\/2IC-800Wx800H-0-1-14-768x768.jpg 768w, https:\/\/www.interflora.fr\/blog\/wp-content\/uploads\/2025\/10\/2IC-800Wx800H-0-1-14.jpg 800w\" sizes=\"auto, (max-width: 300px) 100vw, 300px\" \/><img decoding=\"async\" class=\"lp-badge\" src=\"https:\/\/www.interflora.fr\/blog\/wp-content\/uploads\/2025\/06\/logo-circle.png\" alt=\"Livraison rapide Interflora\"><\/div><span>Instant complice<\/span><p>54.95 \u20ac<\/p><span class=\"obf-link lp-cta\" role=\"link\" tabindex=\"0\" data-b64=\"aHR0cHM6Ly93d3cuaW50ZXJmbG9yYS5mci9wL2JvdXF1ZXQtaW5zdGFudC1jb21wbGljZS8xL0ZSP3V0bV9tZWRpdW09b3JnYW5pYyZ1dG1fc291cmNlPWJsb2dfcHJvZHVjdHMmdXRtX2NhbXBhaWduPTJJQw==\" data-target=\"_blank\"><svg xmlns=\"http:\/\/www.w3.org\/2000\/svg\" width=\"16\" height=\"16\" fill=\"currentColor\" class=\"bi bi-bag\" viewBox=\"0 0 16 16\"><path d=\"M8 1a2 2 0 0 1 2 2v1h2.5A1.5 1.5 0 0 1 14 5.5v8A1.5 1.5 0 0 1 12.5 15h-9A1.5 1.5 0 0 1 2 13.5v-8A1.5 1.5 0 0 1 3.5 3H6V2a2 2 0 0 1 2-1zm1 3V3a1 1 0 0 0-2 0v1h2z\"\/><\/svg>Voir le produit<\/span><p class=\"rapido\">Fleurs fra\u00eeches<\/p><\/div><\/div>\n\n\n\n<div style=\"height:10px\" aria-hidden=\"true\" class=\"wp-block-spacer\"><\/div>\n\n\n\n<h2 class=\"wp-block-heading alignwide\">Une carte de f\u00eate des P\u00e8res \u00e0 fabriquer soi-m\u00eame, un cadeau pr\u00e9cieux pour votre papa<\/h2>\n\n\n\n<p>On n&rsquo;a qu&rsquo;un papa pour la vie. Alors, la f\u00eate des P\u00e8res est l&rsquo;occasion id\u00e9ale pour lui montrer combien on l&rsquo;aime et \u00e0 quel point il est important pour nous.<\/p>\n\n\n\n<p>Bien s\u00fbr, vous pouvez lui <a href=\"https:\/\/www.interflora.fr\/c\/fleurs-fete-des-peres\" type=\"link\" id=\"https:\/\/www.interflora.fr\/c\/fleurs-fete-des-peres\">offrir un joli cadeau<\/a> que <a href=\"https:\/\/www.interflora.fr\/blog\/fete-des-peres-nos-conseils-cadeaux\/\">vous aurez pris le soin de choisir<\/a>. Mais, pour que l&rsquo;\u00e9motion soit au maximum, pourquoi pas opter pour un cadeau fait main ? Pas la peine de quelque chose de trop compliqu\u00e9, une simple <strong>carte de f\u00eate des P\u00e8res DIY<\/strong>, accompagn\u00e9e d&rsquo;un <a href=\"https:\/\/www.interflora.fr\/blog\/messages-fete-des-peres\/\">message touchant<\/a>, lui enverra une overdose d&rsquo;amour \u00e0 coup s\u00fbr.<\/p>\n\n\n\n<p>En effet, quel plaisir de d\u00e9couvrir que son enfant, petit ou grand, a pris le temps de confectionner quelque chose rien que pour nous ! Et quoi de plus beau que recevoir un objet unique dans lequel il y a mis toute sa cr\u00e9ativit\u00e9 et que l&rsquo;on gardera en souvenir pour toujours ?<\/p>\n\n\n\n<figure class=\"wp-block-gallery has-nested-images columns-default is-cropped wp-block-gallery-1 is-layout-flex wp-block-gallery-is-layout-flex\">\n<figure class=\"wp-block-image size-large\"><img decoding=\"async\" data-id=\"44750\" src=\"https:\/\/www.interflora.fr\/blog\/wp-content\/uploads\/carte-fete-des-peres.jpg\" alt=\"Carte f\u00eate des p\u00e8res\" class=\"wp-image-44750\"\/><\/figure>\n\n\n\n<figure class=\"wp-block-image size-large\"><img decoding=\"async\" data-id=\"38722\" src=\"https:\/\/www.interflora.fr\/blog\/wp-content\/uploads\/carte-avec-coeurs.jpg\" alt=\"Carte avec des coeurs\" class=\"wp-image-38722\"\/><\/figure>\n<\/figure>\n\n\n\n<h2 class=\"wp-block-heading alignwide\">3 id\u00e9es de cartes de f\u00eate des P\u00e8res faciles \u00e0 fabriquer, m\u00eame par les plus petits<\/h2>\n\n\n\n<p>Les enfants ont ce fabuleux pouvoir de fabriquer des petits riens avec trois fois rien et qui pourtant nous bouleversent et nous touchent au plus haut point. Sans doute parce qu&rsquo;ils y mettent tout leur c\u0153ur et toute leur \u00e2me, et parce qu&rsquo;ils s&rsquo;amusent vraiment, tout simplement.<\/p>\n\n\n\n<p>Pour les id\u00e9es de <strong>cartes de f\u00eate des P\u00e8res \u00e0 fabriquer en maternelle<\/strong>, on mise plut\u00f4t sur les id\u00e9es faciles et pas trop longues \u00e0 confectionner.<\/p>\n\n\n\n<p>Le but \u00e9tant que l&rsquo;enfant puisse r\u00e9aliser lui-m\u00eame la carte de A \u00e0 Z, m\u00eame si l&rsquo;aide de sa maman ou de sa ma\u00eetresse est toujours la bienvenue. \u00c7a doit \u00eatre un plaisir pour l&rsquo;enfant, voire presque un jeu. Voici donc quelques id\u00e9es de <strong>bricolages de carte de f\u00eate des p\u00e8res<\/strong> \u00e0 r\u00e9aliser par des enfants de maternelle ou d&rsquo;\u00e9cole primaire.<\/p>\n\n\n\n<h3 class=\"wp-block-heading alignwide\">Une carte c\u0153ur montgolfi\u00e8re pleine d&rsquo;amour et de l\u00e9g\u00e8ret\u00e9 pour la f\u00eate des P\u00e8res<\/h3>\n\n\n\n<p>L&rsquo;id\u00e9e est de cr\u00e9er une carte en forme de montgolfi\u00e8re qui envoie de l&rsquo;amour \u00e0 votre papa. Le ballon est en forme de c\u0153ur en 3D et le panier de la montgolfi\u00e8re renferme le petit message pour le papa.<\/p>\n\n\n\n<p>Il suffit de d\u00e9couper et plier en deux 6 c\u0153urs dans un beau papier rouge. Superposez-les et collez-les entre eux de sorte \u00e0 fa\u00e7onner une sorte de petit livre en forme de c\u0153ur. Puis d\u00e9coupez un rectangle dans un joli papier paillet\u00e9 ou \u00e0 motifs que vous plierez en deux afin de former un livret qui d\u00e9voilera le petit mot ou le dessin de votre enfant. Enfin, liez le \u00ab\u00a0ballon\u00a0\u00bb et le \u00ab\u00a0panier\u00a0\u00bb de la montgolfi\u00e8re avec deux b\u00e2tonnets et le tour est jou\u00e9 !<\/p>\n\n\n\n<figure class=\"wp-block-image aligncenter size-full is-resized\"><img loading=\"lazy\" decoding=\"async\" width=\"800\" height=\"533\" src=\"https:\/\/www.interflora.fr\/blog\/wp-content\/uploads\/carte-collage.jpg\" alt=\"\" class=\"wp-image-42201\" style=\"aspect-ratio:16\/9;object-fit:cover;width:700px\"\/><\/figure>\n\n\n\n<h3 class=\"wp-block-heading alignwide\">Une carte de f\u00eate des P\u00e8res n\u0153ud papillon pour un papa coquet<\/h3>\n\n\n\n<p>Sur une jolie feuille, l&rsquo;enfant peut dessiner un portrait de son papa qu&rsquo;il agr\u00e9mentera d&rsquo;un n\u0153ud papillon en 3D en collant une p\u00e2te alimentaire de type farfalle pr\u00e9alablement d\u00e9cor\u00e9e avec de la peinture gouache.&nbsp;<\/p>\n\n\n\n<h3 class=\"wp-block-heading alignwide\">Une carte m\u00e9daille pour le meilleur des papas<\/h3>\n\n\n\n<p>D\u00e9cernez \u00e0 votre p\u00e8re une m\u00e9daille de super papa pour la f\u00eate des P\u00e8res. D\u00e9coupez un rond, ajoutez des rubans et compl\u00e9tez avec le titre de super papa ou de meilleur papa du monde. N&rsquo;h\u00e9sitez pas \u00e0 coller \u00e9galement des confettis sur votre carte, pour le c\u00f4t\u00e9 festif et victorieux.&nbsp;<\/p>\n\n\n\n<h2 class=\"wp-block-heading alignwide\">3 id\u00e9es de cartes de f\u00eate des P\u00e8res DIY \u00e0 fabriquer par les plus grands<\/h2>\n\n\n\n<p>Envie de marquer le coup avec une <strong>carte de f\u00eate des P\u00e8res originale<\/strong> et unique ? Rien de tel que de <strong>fabriquer soi-m\u00eame sa carte de f\u00eate des P\u00e8res<\/strong> pour surprendre votre papa et lui faire vraiment plaisir. C&rsquo;est \u00e9galement l&rsquo;occasion d&rsquo;occuper agr\u00e9ablement vos mains et d&rsquo;exprimer votre cr\u00e9ativit\u00e9.<\/p>\n\n\n\n<p>Si l&rsquo;inspiration vous manque, voici quelques id\u00e9es de <strong>cartes de f\u00eate des P\u00e8res \u00e0 faire soi-m\u00eame<\/strong> qui font leur petit effet.<\/p>\n\n\n\n<h3 class=\"wp-block-heading alignwide\">Une carte pop-up de f\u00eate des P\u00e8res pour l&rsquo;\u00e9pater<\/h3>\n\n\n\n<p>Les cartes pop-up font toujours un effet wahou, car elles permettent de passer de la 2D \u00e0 la 3D d&rsquo;un simple geste et de surprendre le destinataire.<\/p>\n\n\n\n<p>Choisissez le th\u00e8me que vous souhaitez mettre en avant, d\u00e9coupez des \u00e9l\u00e9ments qui correspondent, comme une couronne et un c\u0153ur pour une carte \u00ab\u00a0roi des papas\u00a0\u00bb, puis collez-les \u00e0 l&rsquo;int\u00e9rieur selon la technique du pop-up. Effet garanti !<\/p>\n\n\n\n<figure class=\"wp-block-image aligncenter size-full is-resized\"><img loading=\"lazy\" decoding=\"async\" width=\"1000\" height=\"667\" src=\"https:\/\/www.interflora.fr\/blog\/wp-content\/uploads\/carte-diy-fete-des-meres.jpg\" alt=\"carte DIY f\u00eate des m\u00e8res\" class=\"wp-image-44484\" style=\"aspect-ratio:16\/9;object-fit:cover;width:700px\"\/><\/figure>\n\n\n\n<h3 class=\"wp-block-heading alignwide\">Une carte de v\u0153ux en forme de cadre photo pour flatter son \u00e9go<\/h3>\n\n\n\n<p>Choisissez une photo portrait de votre papa, agrandissez-la si besoin, collez-la sur une feuille et d\u00e9corez-la avec des dessins pour la rendre amusante ou pour rendre hommage \u00e0 votre papa. Par exemple, dessinez des cheveux blonds sur un portrait de votre papa chauve pour souligner sa (presque) ressemblance avec Claude Fran\u00e7ois. Ou bien, ajoutez-lui une couronne et dites-lui qu&rsquo;il est royal \u00e0 travers un petit message. Encadrez votre \u0153uvre avec du carton ondul\u00e9 d\u00e9cor\u00e9. Ainsi, votre papa pourra afficher fi\u00e8rement sa carte de f\u00eate des P\u00e8res.<\/p>\n\n\n\n<h3 class=\"wp-block-heading alignwide\">Une carte de f\u00eate des P\u00e8res \u00e0 semer pour un papa qui aime la nature<\/h3>\n\n\n\n<p>R\u00e9veillez le c\u00f4t\u00e9 main verte de votre papa en lui confectionnant une carte \u00e0 pousser. Il suffit de cr\u00e9er du papier ensemenc\u00e9 \u00e0 partir de n&rsquo;importe quel tuto d\u00e9di\u00e9, de choisir les graines des <a href=\"https:\/\/www.interflora.fr\/c\/fleurs-fete-des-peres\">fleurs pr\u00e9f\u00e9r\u00e9es de votre papa<\/a>, de la d\u00e9corer avec des dessins et d&rsquo;y inscrire un petit message pour sa f\u00eate. Votre papa pourra ainsi la planter et voir appara\u00eetre de jolies fleurs qui symboliseront votre amour.<\/p>\n","protected":false},"excerpt":{"rendered":"<p>Cette ann\u00e9e, pour la f\u00eate des P\u00e8res, misez sur le simple et efficace : confectionnez votre propre carte de f\u00eate [&hellip;]<\/p>\n","protected":false},"author":1,"featured_media":49922,"comment_status":"open","ping_status":"open","sticky":false,"template":"","format":"standard","meta":{"_uag_custom_page_level_css":"","site-sidebar-layout":"default","site-content-layout":"","ast-site-content-layout":"default","site-content-style":"default","site-sidebar-style":"default","ast-global-header-display":"","ast-banner-title-visibility":"","ast-main-header-display":"","ast-hfb-above-header-display":"","ast-hfb-below-header-display":"","ast-hfb-mobile-header-display":"","site-post-title":"","ast-breadcrumbs-content":"","ast-featured-img":"","footer-sml-layout":"","ast-disable-related-posts":"","theme-transparent-header-meta":"","adv-header-id-meta":"","stick-header-meta":"","header-above-stick-meta":"","header-main-stick-meta":"","header-below-stick-meta":"","astra-migrate-meta-layouts":"set","ast-page-background-enabled":"default","ast-page-background-meta":{"desktop":{"background-color":"var(--ast-global-color-5)","background-image":"","background-repeat":"repeat","background-position":"center center","background-size":"auto","background-attachment":"scroll","background-type":"","background-media":"","overlay-type":"","overlay-color":"","overlay-opacity":"","overlay-gradient":""},"tablet":{"background-color":"","background-image":"","background-repeat":"repeat","background-position":"center center","background-size":"auto","background-attachment":"scroll","background-type":"","background-media":"","overlay-type":"","overlay-color":"","overlay-opacity":"","overlay-gradient":""},"mobile":{"background-color":"","background-image":"","background-repeat":"repeat","background-position":"center center","background-size":"auto","background-attachment":"scroll","background-type":"","background-media":"","overlay-type":"","overlay-color":"","overlay-opacity":"","overlay-gradient":""}},"ast-content-background-meta":{"desktop":{"background-color":"var(--ast-global-color-4)","background-image":"","background-repeat":"repeat","background-position":"center center","background-size":"auto","background-attachment":"scroll","background-type":"","background-media":"","overlay-type":"","overlay-color":"","overlay-opacity":"","overlay-gradient":""},"tablet":{"background-color":"var(--ast-global-color-4)","background-image":"","background-repeat":"repeat","background-position":"center center","background-size":"auto","background-attachment":"scroll","background-type":"","background-media":"","overlay-type":"","overlay-color":"","overlay-opacity":"","overlay-gradient":""},"mobile":{"background-color":"var(--ast-global-color-4)","background-image":"","background-repeat":"repeat","background-position":"center center","background-size":"auto","background-attachment":"scroll","background-type":"","background-media":"","overlay-type":"","overlay-color":"","overlay-opacity":"","overlay-gradient":""}},"footnotes":""},"categories":[176,286],"tags":[321],"class_list":["post-44749","post","type-post","status-publish","format-standard","has-post-thumbnail","hentry","category-evenements","category-fete-des-peres","tag-fete-des-peres"],"uagb_featured_image_src":{"full":["https:\/\/www.interflora.fr\/blog\/wp-content\/uploads\/2024\/05\/papa-et-enfant-.jpg",800,640,false],"thumbnail":["https:\/\/www.interflora.fr\/blog\/wp-content\/uploads\/2024\/05\/papa-et-enfant--150x150.jpg",150,150,true],"medium":["https:\/\/www.interflora.fr\/blog\/wp-content\/uploads\/2024\/05\/papa-et-enfant--300x240.jpg",300,240,true],"medium_large":["https:\/\/www.interflora.fr\/blog\/wp-content\/uploads\/2024\/05\/papa-et-enfant--768x614.jpg",768,614,true],"large":["https:\/\/www.interflora.fr\/blog\/wp-content\/uploads\/2024\/05\/papa-et-enfant-.jpg",800,640,false],"1536x1536":["https:\/\/www.interflora.fr\/blog\/wp-content\/uploads\/2024\/05\/papa-et-enfant-.jpg",800,640,false],"2048x2048":["https:\/\/www.interflora.fr\/blog\/wp-content\/uploads\/2024\/05\/papa-et-enfant-.jpg",800,640,false]},"uagb_author_info":{"display_name":"admin","author_link":"https:\/\/www.interflora.fr\/blog\/author\/admin\/"},"uagb_comment_info":0,"uagb_excerpt":"Cette ann\u00e9e, pour la f\u00eate des P\u00e8res, misez sur le simple et efficace : confectionnez votre propre carte de f\u00eate [&hellip;]","yoast_meta":{"title":"Id\u00e9es carte f\u00eate des p\u00e8res : nos id\u00e9es originales pour une carte de f\u00eate des p\u00e8res | Interflora","description":"D\u00e9couvrez des id\u00e9es originales de cartes pour la f\u00eate des p\u00e8res et surprenez votre papa avec une touche cr\u00e9ative et personnelle."},"_links":{"self":[{"href":"https:\/\/www.interflora.fr\/blog\/wp-json\/wp\/v2\/posts\/44749","targetHints":{"allow":["GET"]}}],"collection":[{"href":"https:\/\/www.interflora.fr\/blog\/wp-json\/wp\/v2\/posts"}],"about":[{"href":"https:\/\/www.interflora.fr\/blog\/wp-json\/wp\/v2\/types\/post"}],"author":[{"embeddable":true,"href":"https:\/\/www.interflora.fr\/blog\/wp-json\/wp\/v2\/users\/1"}],"replies":[{"embeddable":true,"href":"https:\/\/www.interflora.fr\/blog\/wp-json\/wp\/v2\/comments?post=44749"}],"version-history":[{"count":1,"href":"https:\/\/www.interflora.fr\/blog\/wp-json\/wp\/v2\/posts\/44749\/revisions"}],"predecessor-version":[{"id":58574,"href":"https:\/\/www.interflora.fr\/blog\/wp-json\/wp\/v2\/posts\/44749\/revisions\/58574"}],"wp:featuredmedia":[{"embeddable":true,"href":"https:\/\/www.interflora.fr\/blog\/wp-json\/wp\/v2\/media\/49922"}],"wp:attachment":[{"href":"https:\/\/www.interflora.fr\/blog\/wp-json\/wp\/v2\/media?parent=44749"}],"wp:term":[{"taxonomy":"category","embeddable":true,"href":"https:\/\/www.interflora.fr\/blog\/wp-json\/wp\/v2\/categories?post=44749"},{"taxonomy":"post_tag","embeddable":true,"href":"https:\/\/www.interflora.fr\/blog\/wp-json\/wp\/v2\/tags?post=44749"}],"curies":[{"name":"wp","href":"https:\/\/api.w.org\/{rel}","templated":true}]}}