{"id":44669,"date":"2025-06-10T12:26:44","date_gmt":"2025-06-10T10:26:44","guid":{"rendered":"https:\/\/www.interflora.fr\/blog\/?p=44669"},"modified":"2026-04-07T15:17:20","modified_gmt":"2026-04-07T13:17:20","slug":"plantes-fete-des-peres","status":"publish","type":"post","link":"https:\/\/www.interflora.fr\/blog\/plantes-fete-des-peres\/","title":{"rendered":"Les meilleures plantes \u00e0 offrir pour la F\u00eate des P\u00e8res"},"content":{"rendered":"\n<p>Envie de sortir des sentiers battus et d&rsquo;offrir un cadeau inattendu \u00e0 votre papa pour sa f\u00eate ? Ne cherchez plus, offrez-lui une <strong>plante pour la f\u00eate des P\u00e8res<\/strong> accompagn\u00e9e d&rsquo;<a href=\"https:\/\/www.interflora.fr\/blog\/messages-fete-des-peres\/\">un petit mot<\/a>. Succ\u00e8s garanti ! On vous explique pourquoi et quelles plantes choisir pour <a href=\"https:\/\/www.interflora.fr\/blog\/fete-des-peres-nos-conseils-cadeaux\/\">faire plaisir \u00e0 votre papounet ador\u00e9<\/a>.<\/p>\n\n\n<div class=\"lp-produits-grid\"><div class=\"lp-produit\"><div class=\"lp-thumbnail-wrapper\"><img loading=\"lazy\" decoding=\"async\" width=\"300\" height=\"300\" src=\"https:\/\/www.interflora.fr\/blog\/wp-content\/uploads\/2025\/05\/2TUFR-800Wx800H-0-1-25-300x300.jpg\" class=\"attachment-medium size-medium wp-post-image\" alt=\"\" srcset=\"https:\/\/www.interflora.fr\/blog\/wp-content\/uploads\/2025\/05\/2TUFR-800Wx800H-0-1-25-300x300.jpg 300w, https:\/\/www.interflora.fr\/blog\/wp-content\/uploads\/2025\/05\/2TUFR-800Wx800H-0-1-25-150x150.jpg 150w, https:\/\/www.interflora.fr\/blog\/wp-content\/uploads\/2025\/05\/2TUFR-800Wx800H-0-1-25-768x768.jpg 768w, https:\/\/www.interflora.fr\/blog\/wp-content\/uploads\/2025\/05\/2TUFR-800Wx800H-0-1-25.jpg 800w\" sizes=\"auto, (max-width: 300px) 100vw, 300px\" \/><img decoding=\"async\" class=\"lp-badge\" src=\"https:\/\/www.interflora.fr\/blog\/wp-content\/uploads\/2025\/06\/logo-circle.png\" alt=\"Livraison rapide Interflora\"><\/div><span>Tutti frutti<\/span><p>44.95 \u20ac<\/p><span class=\"obf-link lp-cta\" role=\"link\" tabindex=\"0\" data-b64=\"aHR0cHM6Ly93d3cuaW50ZXJmbG9yYS5mci9wL2JvdXF1ZXQtZmxldXJzLXR1dHRpLWZydXR0aS8xL0ZSP3V0bV9tZWRpdW09b3JnYW5pYyZ1dG1fc291cmNlPWJsb2dfcHJvZHVjdHMmdXRtX2NhbXBhaWduPTJUVUZS\" data-target=\"_blank\"><svg xmlns=\"http:\/\/www.w3.org\/2000\/svg\" width=\"16\" height=\"16\" fill=\"currentColor\" class=\"bi bi-bag\" viewBox=\"0 0 16 16\"><path d=\"M8 1a2 2 0 0 1 2 2v1h2.5A1.5 1.5 0 0 1 14 5.5v8A1.5 1.5 0 0 1 12.5 15h-9A1.5 1.5 0 0 1 2 13.5v-8A1.5 1.5 0 0 1 3.5 3H6V2a2 2 0 0 1 2-1zm1 3V3a1 1 0 0 0-2 0v1h2z\"\/><\/svg>Voir le produit<\/span><p class=\"rapido\">Top produit<\/p><\/div><div class=\"lp-produit\"><div class=\"lp-thumbnail-wrapper\"><img loading=\"lazy\" decoding=\"async\" width=\"300\" height=\"300\" src=\"https:\/\/www.interflora.fr\/blog\/wp-content\/uploads\/2026\/01\/1BIFF-800Wx800H-0-1-300x300.jpg\" class=\"attachment-medium size-medium wp-post-image\" alt=\"\" srcset=\"https:\/\/www.interflora.fr\/blog\/wp-content\/uploads\/2026\/01\/1BIFF-800Wx800H-0-1-300x300.jpg 300w, https:\/\/www.interflora.fr\/blog\/wp-content\/uploads\/2026\/01\/1BIFF-800Wx800H-0-1-150x150.jpg 150w, https:\/\/www.interflora.fr\/blog\/wp-content\/uploads\/2026\/01\/1BIFF-800Wx800H-0-1-768x768.jpg 768w, https:\/\/www.interflora.fr\/blog\/wp-content\/uploads\/2026\/01\/1BIFF-800Wx800H-0-1.jpg 800w\" sizes=\"auto, (max-width: 300px) 100vw, 300px\" \/><img decoding=\"async\" class=\"lp-badge\" src=\"https:\/\/www.interflora.fr\/blog\/wp-content\/uploads\/2025\/06\/logo-circle.png\" alt=\"Livraison rapide Interflora\"><\/div><span>Mon coeur<\/span><p>39.95 \u20ac<\/p><span class=\"obf-link lp-cta\" role=\"link\" tabindex=\"0\" data-b64=\"aHR0cHM6Ly93d3cuaW50ZXJmbG9yYS5mci9wL2JvdXF1ZXQtbW9uLWNvZXVyLzEvRlI\/dXRtX21lZGl1bT1vcmdhbmljJnV0bV9zb3VyY2U9YmxvZ19wcm9kdWN0cyZ1dG1fY2FtcGFpZ249MUJJRkY=\" data-target=\"_blank\"><svg xmlns=\"http:\/\/www.w3.org\/2000\/svg\" width=\"16\" height=\"16\" fill=\"currentColor\" class=\"bi bi-bag\" viewBox=\"0 0 16 16\"><path d=\"M8 1a2 2 0 0 1 2 2v1h2.5A1.5 1.5 0 0 1 14 5.5v8A1.5 1.5 0 0 1 12.5 15h-9A1.5 1.5 0 0 1 2 13.5v-8A1.5 1.5 0 0 1 3.5 3H6V2a2 2 0 0 1 2-1zm1 3V3a1 1 0 0 0-2 0v1h2z\"\/><\/svg>Voir le produit<\/span><p class=\"rapido\">Top produit<\/p><\/div><div class=\"lp-produit\"><div class=\"lp-thumbnail-wrapper\"><img loading=\"lazy\" decoding=\"async\" width=\"300\" height=\"300\" src=\"https:\/\/www.interflora.fr\/blog\/wp-content\/uploads\/2026\/04\/3RER-800Wx800H-0-1-300x300.jpg\" class=\"attachment-medium size-medium wp-post-image\" alt=\"\" srcset=\"https:\/\/www.interflora.fr\/blog\/wp-content\/uploads\/2026\/04\/3RER-800Wx800H-0-1-300x300.jpg 300w, https:\/\/www.interflora.fr\/blog\/wp-content\/uploads\/2026\/04\/3RER-800Wx800H-0-1-150x150.jpg 150w, https:\/\/www.interflora.fr\/blog\/wp-content\/uploads\/2026\/04\/3RER-800Wx800H-0-1-768x768.jpg 768w, https:\/\/www.interflora.fr\/blog\/wp-content\/uploads\/2026\/04\/3RER-800Wx800H-0-1.jpg 800w\" sizes=\"auto, (max-width: 300px) 100vw, 300px\" \/><img decoding=\"async\" class=\"lp-badge\" src=\"https:\/\/www.interflora.fr\/blog\/wp-content\/uploads\/2025\/06\/logo-circle.png\" alt=\"Livraison rapide Interflora\"><\/div><span>Composition rose \u00e9ternelle rouge<\/span><p>36.95 \u20ac<\/p><span class=\"obf-link lp-cta\" role=\"link\" tabindex=\"0\" data-b64=\"aHR0cHM6Ly93d3cuaW50ZXJmbG9yYS5mci9wL2NvbXBvc2l0aW9uLXJvc2UtZXRlcm5lbGxlLXJvdWdlLzAvRlI\/dXRtX21lZGl1bT1vcmdhbmljJnV0bV9zb3VyY2U9YmxvZ19wcm9kdWN0cyZ1dG1fY2FtcGFpZ249M1JFUg==\" data-target=\"_blank\"><svg xmlns=\"http:\/\/www.w3.org\/2000\/svg\" width=\"16\" height=\"16\" fill=\"currentColor\" class=\"bi bi-bag\" viewBox=\"0 0 16 16\"><path d=\"M8 1a2 2 0 0 1 2 2v1h2.5A1.5 1.5 0 0 1 14 5.5v8A1.5 1.5 0 0 1 12.5 15h-9A1.5 1.5 0 0 1 2 13.5v-8A1.5 1.5 0 0 1 3.5 3H6V2a2 2 0 0 1 2-1zm1 3V3a1 1 0 0 0-2 0v1h2z\"\/><\/svg>Voir le produit<\/span><p class=\"rapido\">Fleurs fra\u00eeches<\/p><\/div><div class=\"lp-produit\"><div class=\"lp-thumbnail-wrapper\"><img loading=\"lazy\" decoding=\"async\" width=\"300\" height=\"300\" src=\"https:\/\/www.interflora.fr\/blog\/wp-content\/uploads\/2025\/09\/2DR-800Wx800H-0-1-25-300x300.jpg\" class=\"attachment-medium size-medium wp-post-image\" alt=\"\" srcset=\"https:\/\/www.interflora.fr\/blog\/wp-content\/uploads\/2025\/09\/2DR-800Wx800H-0-1-25-300x300.jpg 300w, https:\/\/www.interflora.fr\/blog\/wp-content\/uploads\/2025\/09\/2DR-800Wx800H-0-1-25-150x150.jpg 150w, https:\/\/www.interflora.fr\/blog\/wp-content\/uploads\/2025\/09\/2DR-800Wx800H-0-1-25-768x768.jpg 768w, https:\/\/www.interflora.fr\/blog\/wp-content\/uploads\/2025\/09\/2DR-800Wx800H-0-1-25.jpg 800w\" sizes=\"auto, (max-width: 300px) 100vw, 300px\" \/><img decoding=\"async\" class=\"lp-badge\" src=\"https:\/\/www.interflora.fr\/blog\/wp-content\/uploads\/2025\/06\/logo-circle.png\" alt=\"Livraison rapide Interflora\"><\/div><span>Douce r\u00eaverie<\/span><p>39.95 \u20ac<\/p><span class=\"obf-link lp-cta\" role=\"link\" tabindex=\"0\" data-b64=\"aHR0cHM6Ly93d3cuaW50ZXJmbG9yYS5mci9wL2RvdWNlLXJldmVyaWUvMS9GUj91dG1fbWVkaXVtPW9yZ2FuaWMmdXRtX3NvdXJjZT1ibG9nX3Byb2R1Y3RzJnV0bV9jYW1wYWlnbj0yRFI=\" data-target=\"_blank\"><svg xmlns=\"http:\/\/www.w3.org\/2000\/svg\" width=\"16\" height=\"16\" fill=\"currentColor\" class=\"bi bi-bag\" viewBox=\"0 0 16 16\"><path d=\"M8 1a2 2 0 0 1 2 2v1h2.5A1.5 1.5 0 0 1 14 5.5v8A1.5 1.5 0 0 1 12.5 15h-9A1.5 1.5 0 0 1 2 13.5v-8A1.5 1.5 0 0 1 3.5 3H6V2a2 2 0 0 1 2-1zm1 3V3a1 1 0 0 0-2 0v1h2z\"\/><\/svg>Voir le produit<\/span><p class=\"rapido\">Fleurs fra\u00eeches<\/p><\/div><\/div>\n\n\n\n<div style=\"height:10px\" aria-hidden=\"true\" class=\"wp-block-spacer\"><\/div>\n\n\n\n<h2 class=\"wp-block-heading alignwide\">Pourquoi offrir une plante en cadeau pour la f\u00eate des P\u00e8res ?<\/h2>\n\n\n\n<h3 class=\"wp-block-heading\">Offrir une plante pour la f\u00eate des P\u00e8res, un cadeau original<\/h3>\n\n\n\n<p>Autant on pense souvent \u00e0 offrir une plante \u00e0 une femme, autant c&rsquo;est rare qu&rsquo;on le fasse pour un homme. Et pourtant, les plantes sont un cadeau extraordinaire \u00e0 bien des \u00e9gards, notamment pour la f\u00eate des P\u00e8res.<\/p>\n\n\n\n<p>Alors, saisissez cette occasion de vous d\u00e9marquer et de surprendre votre p\u00e8re. C&rsquo;est s\u00fbr, cette <strong>plante de f\u00eate des P\u00e8res<\/strong> que vous aurez choisie rien que pour lui ne le laissera pas indiff\u00e9rent.<\/p>\n\n\n\n<p>Et si vous ne pouvez pas lui offrir en personne, Interflora propose un service de livraison \u00e9galement pour les plantes. De quoi envoyer de l&rsquo;amour \u00e0 votre papa m\u00eame \u00e0 distance.<\/p>\n\n\n\n<figure class=\"wp-block-image aligncenter size-full\"><img decoding=\"async\" src=\"https:\/\/www.interflora.fr\/blog\/wp-content\/uploads\/assortiment-plantes.jpg\" alt=\"assortiment de plantes d'int\u00e9rieur\" class=\"wp-image-42166\"\/><\/figure>\n\n\n\n<h3 class=\"wp-block-heading\">Les plantes, le cadeau durable par excellence<\/h3>\n\n\n\n<p>Les plantes ont cet avantage de durer dans le temps, contrairement \u00e0 un <a href=\"https:\/\/www.interflora.fr\/c\/fleurs-fete-des-peres\">bouquet de fleurs<\/a>, aux chocolats ou au vin.<\/p>\n\n\n\n<p>D&rsquo;ailleurs, <strong>offrir une plante pour la f\u00eate des P\u00e8res<\/strong> symbolise souvent la relation solide et \u00e9ternelle entre un papa et son enfant. Quoi de plus beau comme symbole pour la f\u00eate des P\u00e8res ?<\/p>\n\n\n\n<h3 class=\"wp-block-heading\">Les plantes, un cadeau hautement symbolique<\/h3>\n\n\n\n<p>Comme nous l&rsquo;avons vu, les plantes sont symbole de durabilit\u00e9, mais \u00e9galement de croissance. De ce fait, elles transmettent un message de fid\u00e9lit\u00e9, d&rsquo;attachement et de loyaut\u00e9.<\/p>\n\n\n\n<p>Mais, au-del\u00e0 de ce symbole commun \u00e0 toutes les plantes, chaque plante poss\u00e8de sa propre signification. Ainsi, il est recommand\u00e9 de choisir, comme <strong><a href=\"https:\/\/www.interflora.fr\/c\/livraison-cadeau-fete-des-peres\">cadeau de f\u00eate des P\u00e8res<\/a>, la plante<\/strong> qui correspond au message que vous souhaitez faire passer \u00e0 votre papa.<\/p>\n\n\n\n<h3 class=\"wp-block-heading\">Les plantes, un cadeau b\u00e9n\u00e9fique sur tous les plans<\/h3>\n\n\n\n<p>C&rsquo;est connu, les plantes ont des superpouvoirs. Et au quotidien, elles procurent des bienfaits ind\u00e9niables sur notre bien-\u00eatre physique et mental. Alors offrir une <strong>plante pour un papa qui a la main verte<\/strong> est toujours une tr\u00e8s bonne id\u00e9e.<\/p>\n\n\n\n<p>En premier lieu, c&rsquo;est un cadeau esth\u00e9tique qui fait du bien \u00e0 la r\u00e9tine et qui d\u00e9core divinement n&rsquo;importe quel int\u00e9rieur ou ext\u00e9rieur.<\/p>\n\n\n\n<p>De plus, c&rsquo;est un cadeau vivant qui apporte de la couleur et de la gaiet\u00e9, ce qui fait du bien au moral.<\/p>\n\n\n\n<p>Et puis, quel bonheur de s&rsquo;occuper de quelque chose de vivant et de le voir cro\u00eetre gr\u00e2ce \u00e0 nos soins !<\/p>\n\n\n\n<p>Enfin, les plantes am\u00e9liorent la qualit\u00e9 de l&rsquo;air et produisent de l&rsquo;oxyg\u00e8ne qui est juste vital pour les \u00eatres vivants. Alors que demander de plus ?<\/p>\n\n\n\n<figure class=\"wp-block-image aligncenter size-full is-resized\"><img loading=\"lazy\" decoding=\"async\" width=\"1000\" height=\"1250\" src=\"https:\/\/www.interflora.fr\/blog\/wp-content\/uploads\/2024\/06\/homme-plante.jpg\" alt=\"\" class=\"wp-image-49943\" style=\"aspect-ratio:1;object-fit:cover;width:700px\" srcset=\"https:\/\/www.interflora.fr\/blog\/wp-content\/uploads\/2024\/06\/homme-plante.jpg 1000w, https:\/\/www.interflora.fr\/blog\/wp-content\/uploads\/2024\/06\/homme-plante-240x300.jpg 240w, https:\/\/www.interflora.fr\/blog\/wp-content\/uploads\/2024\/06\/homme-plante-819x1024.jpg 819w, https:\/\/www.interflora.fr\/blog\/wp-content\/uploads\/2024\/06\/homme-plante-768x960.jpg 768w\" sizes=\"auto, (max-width: 1000px) 100vw, 1000px\" \/><\/figure>\n\n\n\n<h2 class=\"wp-block-heading alignwide\"><strong>Quelle plante offrir \u00e0 son p\u00e8re pour la f\u00eate des P\u00e8res ?<\/strong><\/h2>\n\n\n\n<p>Bien s\u00fbr, il existe une multitude de plantes toutes aussi sublimes les unes que les autres, mais voici notre s\u00e9lection de plantes qui font toujours leur petit effet aupr\u00e8s de la gent masculine, notamment aupr\u00e8s des papas pour la f\u00eate des P\u00e8res.<\/p>\n\n\n\n<div class=\"wp-block-media-text alignwide is-stacked-on-mobile\" style=\"grid-template-columns:30% auto\"><figure class=\"wp-block-media-text__media\"><img decoding=\"async\" src=\"https:\/\/www.interflora.fr\/blog\/wp-content\/uploads\/olivier-en-pot.jpg\" alt=\"Olivier\" class=\"wp-image-44670 size-full\"\/><\/figure><div class=\"wp-block-media-text__content\">\n<h3 class=\"wp-block-heading\" id=\"toc-2\">L\u2019olivier, symbole de paix et de long\u00e9vit\u00e9<\/h3>\n\n\n\n<p>L\u2019<a href=\"https:\/\/www.interflora.fr\/p\/plante-olivier\">olivier<\/a> est l\u2019arbre m\u00e9diterran\u00e9en par excellence avec un charme intemporel. Il est particuli\u00e8rement appr\u00e9ci\u00e9 pour son esth\u00e9tique et sa durabilit\u00e9. Vous pourrez offrir un olivier \u00e0 un <strong>papa proche de la nature, \u00e0 qui la paix, la confiance et la force parlent particuli\u00e8rement<\/strong>. Votre papa devra disposer d\u2019un ext\u00e9rieur apte \u00e0 accueillir cette plante qui ne supporte ni les trop basses temp\u00e9ratures, ni les exc\u00e8s d\u2019humidit\u00e9.<\/p>\n\n\n\n<p>L\u2019entretien de l\u2019olivier est relativement simple. La taille et l\u2019apport d\u2019engrais s\u2019effectuent au printemps et la r\u00e9colte des olives a lieu en hiver. Il est cependant important de surveiller l\u2019olivier en \u00e9t\u00e9 et en automne afin de pr\u00e9venir d\u2019\u00e9ventuelles maladies et lui apporter suffisamment d\u2019eau.<\/p>\n\n\n\n<p>Le d\u00e9veloppement de l\u2019olivier est tr\u00e8s lent : la production peut mettre une dizaine d\u2019ann\u00e9es \u00e0 s\u2019installer \u2013 notamment en l\u2019absence de taille \u2013 et l\u2019arbre atteint sa pleine maturit\u00e9 \u00e0 150 ans ! Pour la f\u00eate des P\u00e8res, nous vous conseillons donc d\u2019accompagner votre olivier d&rsquo;un <a href=\"https:\/\/www.interflora.fr\/c\/chocolat\" target=\"_blank\" rel=\"noreferrer noopener\">cadeau gourmand<\/a> qu&rsquo;il pourra consommer d\u00e8s qu&rsquo;il en aura envie, comme une bouteille d\u2019huile d\u2019olive, une bouteille de vin ou des chocolats.<\/p>\n<\/div><\/div>\n\n\n\n<p><\/p>\n\n\n\n<div class=\"wp-block-media-text alignwide is-stacked-on-mobile\" style=\"grid-template-columns:30% auto\"><figure class=\"wp-block-media-text__media\"><img decoding=\"async\" src=\"https:\/\/www.interflora.fr\/blog\/wp-content\/uploads\/bonsai-carmona.jpg\" alt=\"Bonsa\u00ef\" class=\"wp-image-44634 size-full\"\/><\/figure><div class=\"wp-block-media-text__content\">\n<h3 class=\"wp-block-heading\" id=\"toc-4\">Le bonsa\u00ef, la plante de la z\u00e9nitude<\/h3>\n\n\n\n<p>Le&nbsp;<a href=\"https:\/\/www.interflora.fr\/p\/plante-bonsai\">bonsa\u00ef<\/a> est une plante d\u2019int\u00e9rieur tr\u00e8s appr\u00e9ci\u00e9e, car il reproduit la nature en miniature et transmet un sentiment de tranquillit\u00e9 et d&rsquo;\u00e9quilibre.<\/p>\n\n\n\n<p>On offrira plut\u00f4t un bonsa\u00ef \u00e0 un <strong>papa raffin\u00e9 qui aime prendre soin de lui, des autres et de tout ce qui l&rsquo;entoure<\/strong>, car il s&rsquo;agit d&rsquo;une plante qui a besoin d&rsquo;\u00eatre bichonn\u00e9e. Aussi, cette plante miniature correspond plut\u00f4t \u00e0 un homme qui passe du temps \u00e0 la maison ou au travail et qui pourra donc s&rsquo;en occuper quotidiennement.<\/p>\n\n\n\n<p>Le&nbsp;<strong>bonsa\u00ef carmona<\/strong> appr\u00e9cie la lumi\u00e8re sans contact direct avec les rayons du soleil. Son terreau doit \u00eatre bien drain\u00e9, mais son arrosage est \u00e0 temp\u00e9rer. Il aime la pulv\u00e9risation d\u2019eau pure sur ses feuilles.<\/p>\n<\/div><\/div>\n\n\n\n<p><\/p>\n\n\n\n<div class=\"wp-block-media-text alignwide is-stacked-on-mobile\" style=\"grid-template-columns:30% auto\"><figure class=\"wp-block-media-text__media\"><img decoding=\"async\" src=\"https:\/\/www.interflora.fr\/blog\/wp-content\/uploads\/calamondin.jpg\" alt=\"Calamondin\" class=\"wp-image-44635 size-full\"\/><\/figure><div class=\"wp-block-media-text__content\">\n<h3 class=\"wp-block-heading\" id=\"toc-5\">Le calamondin, l\u2019oranger d\u2019appartement<\/h3>\n\n\n\n<p>Les <strong>papas gourmets et enjou\u00e9s<\/strong> auront, quant \u00e0 eux, une pr\u00e9f\u00e9rence pour le <strong>calamondin<\/strong>, l\u2019oranger qui pousse en int\u00e9rieur ou sur le balcon. Il vous offrira des agrumes qui ressemblent \u00e0 des mandarines et un feuillage vert et touffu, pour \u00e9gayer les balcons ou les salons toute l\u2019ann\u00e9e.<\/p>\n\n\n\n<p>Originaire d\u2019Italie ou d\u2019Espagne, celui que l\u2019on surnomme \u00ab\u00a0Oranger de salon\u00a0\u00bb est fait \u00e0 la fois pour l\u2019int\u00e9rieur et l\u2019ext\u00e9rieur, m\u00eame s\u2019il vaut mieux le rentrer chez vous en p\u00e9riode de gel.<\/p>\n\n\n\n<p>En hiver, pensez \u00e0 lui r\u00e9server un espace tr\u00e8s lumineux, avec quelques heures de soleil direct par jour. Pensez \u00e0 l\u2019arroser fr\u00e9quemment et copieusement au printemps\/\u00e9t\u00e9, et en automne\/hiver, r\u00e9duisez la fr\u00e9quence \u00e0 un arrosage tous les 8 jours. Pour son bien-\u00eatre, il est important de maintenir le terreau l\u00e9g\u00e8rement humide.<\/p>\n<\/div><\/div>\n\n\n\n<p><\/p>\n\n\n\n<div class=\"wp-block-media-text alignwide is-stacked-on-mobile\" style=\"grid-template-columns:30% auto\"><figure class=\"wp-block-media-text__media\"><img decoding=\"async\" src=\"https:\/\/www.interflora.fr\/blog\/wp-content\/uploads\/cep-de-vigne.jpg\" alt=\"Pied de vigne\" class=\"wp-image-44636 size-full\"\/><\/figure><div class=\"wp-block-media-text__content\">\n<h3 class=\"wp-block-heading\" id=\"toc-6\">Le pied de vigne, symbole de gaiet\u00e9 et de cr\u00e9ativit\u00e9<\/h3>\n\n\n\n<p>Offrir un <strong>pied de vigne<\/strong> avec une bouteille de vin fera forc\u00e9ment plaisir \u00e0 un <strong>papa bon vivant<\/strong>. Cultiv\u00e9e dans un jardin, la vigne est un magnifique arbre grimpant qui nous offre son raisin quand vient la fin de l\u2019\u00e9t\u00e9. Pour une r\u00e9colte plus g\u00e9n\u00e9reuse, disposez votre vigne au printemps ou \u00e0 l\u2019automne sur un sol normal ou calcaire et dans un endroit ensoleill\u00e9. La taille annuelle de la plante est n\u00e9cessaire \u00e0 son \u00e9volution ainsi qu\u2019\u00e0 sa reproduction.<\/p>\n<\/div><\/div>\n\n\n\n<p><\/p>\n\n\n<div class=\"lp-produits-grid\"><div class=\"lp-produit\"><div class=\"lp-thumbnail-wrapper\"><img loading=\"lazy\" decoding=\"async\" width=\"300\" height=\"300\" src=\"https:\/\/www.interflora.fr\/blog\/wp-content\/uploads\/2025\/05\/2RB-800Wx800H-0-1-25-300x300.jpg\" class=\"attachment-medium size-medium wp-post-image\" alt=\"\" srcset=\"https:\/\/www.interflora.fr\/blog\/wp-content\/uploads\/2025\/05\/2RB-800Wx800H-0-1-25-300x300.jpg 300w, https:\/\/www.interflora.fr\/blog\/wp-content\/uploads\/2025\/05\/2RB-800Wx800H-0-1-25-150x150.jpg 150w, https:\/\/www.interflora.fr\/blog\/wp-content\/uploads\/2025\/05\/2RB-800Wx800H-0-1-25-768x768.jpg 768w, https:\/\/www.interflora.fr\/blog\/wp-content\/uploads\/2025\/05\/2RB-800Wx800H-0-1-25.jpg 800w\" sizes=\"auto, (max-width: 300px) 100vw, 300px\" \/><img decoding=\"async\" class=\"lp-badge\" src=\"https:\/\/www.interflora.fr\/blog\/wp-content\/uploads\/2025\/06\/logo-circle.png\" alt=\"Livraison rapide Interflora\"><\/div><span>Rosa Bella<\/span><p>49.95 \u20ac<\/p><span class=\"obf-link lp-cta\" role=\"link\" tabindex=\"0\" data-b64=\"aHR0cHM6Ly93d3cuaW50ZXJmbG9yYS5mci9wL3Jvc2EtYmVsbGEvMS9GUj91dG1fbWVkaXVtPW9yZ2FuaWMmdXRtX3NvdXJjZT1ibG9nX3Byb2R1Y3RzJnV0bV9jYW1wYWlnbj0yUkI=\" data-target=\"_blank\"><svg xmlns=\"http:\/\/www.w3.org\/2000\/svg\" width=\"16\" height=\"16\" fill=\"currentColor\" class=\"bi bi-bag\" viewBox=\"0 0 16 16\"><path d=\"M8 1a2 2 0 0 1 2 2v1h2.5A1.5 1.5 0 0 1 14 5.5v8A1.5 1.5 0 0 1 12.5 15h-9A1.5 1.5 0 0 1 2 13.5v-8A1.5 1.5 0 0 1 3.5 3H6V2a2 2 0 0 1 2-1zm1 3V3a1 1 0 0 0-2 0v1h2z\"\/><\/svg>Voir le produit<\/span><p class=\"rapido\">Fleurs fra\u00eeches<\/p><\/div><div class=\"lp-produit\"><div class=\"lp-thumbnail-wrapper\"><img loading=\"lazy\" decoding=\"async\" width=\"300\" height=\"300\" src=\"https:\/\/www.interflora.fr\/blog\/wp-content\/uploads\/2025\/09\/2DP-800Wx800H-0-1-25-300x300.jpg\" class=\"attachment-medium size-medium wp-post-image\" alt=\"\" srcset=\"https:\/\/www.interflora.fr\/blog\/wp-content\/uploads\/2025\/09\/2DP-800Wx800H-0-1-25-300x300.jpg 300w, https:\/\/www.interflora.fr\/blog\/wp-content\/uploads\/2025\/09\/2DP-800Wx800H-0-1-25-150x150.jpg 150w, https:\/\/www.interflora.fr\/blog\/wp-content\/uploads\/2025\/09\/2DP-800Wx800H-0-1-25-768x768.jpg 768w, https:\/\/www.interflora.fr\/blog\/wp-content\/uploads\/2025\/09\/2DP-800Wx800H-0-1-25.jpg 800w\" sizes=\"auto, (max-width: 300px) 100vw, 300px\" \/><img decoding=\"async\" class=\"lp-badge\" src=\"https:\/\/www.interflora.fr\/blog\/wp-content\/uploads\/2025\/06\/logo-circle.png\" alt=\"Livraison rapide Interflora\"><\/div><span>Douceur poudr\u00e9e<\/span><p>31.95 \u20ac<\/p><span class=\"obf-link lp-cta\" role=\"link\" tabindex=\"0\" data-b64=\"aHR0cHM6Ly93d3cuaW50ZXJmbG9yYS5mci9wL2RvdWNldXItcG91ZHJlZS8xL0ZSP3V0bV9tZWRpdW09b3JnYW5pYyZ1dG1fc291cmNlPWJsb2dfcHJvZHVjdHMmdXRtX2NhbXBhaWduPTJEUA==\" data-target=\"_blank\"><svg xmlns=\"http:\/\/www.w3.org\/2000\/svg\" width=\"16\" height=\"16\" fill=\"currentColor\" class=\"bi bi-bag\" viewBox=\"0 0 16 16\"><path d=\"M8 1a2 2 0 0 1 2 2v1h2.5A1.5 1.5 0 0 1 14 5.5v8A1.5 1.5 0 0 1 12.5 15h-9A1.5 1.5 0 0 1 2 13.5v-8A1.5 1.5 0 0 1 3.5 3H6V2a2 2 0 0 1 2-1zm1 3V3a1 1 0 0 0-2 0v1h2z\"\/><\/svg>Voir le produit<\/span><p class=\"rapido\">Livraison rapide<\/p><\/div><div class=\"lp-produit\"><div class=\"lp-thumbnail-wrapper\"><img loading=\"lazy\" decoding=\"async\" width=\"300\" height=\"300\" src=\"https:\/\/www.interflora.fr\/blog\/wp-content\/uploads\/2026\/04\/3RER-800Wx800H-0-1-300x300.jpg\" class=\"attachment-medium size-medium wp-post-image\" alt=\"\" srcset=\"https:\/\/www.interflora.fr\/blog\/wp-content\/uploads\/2026\/04\/3RER-800Wx800H-0-1-300x300.jpg 300w, https:\/\/www.interflora.fr\/blog\/wp-content\/uploads\/2026\/04\/3RER-800Wx800H-0-1-150x150.jpg 150w, https:\/\/www.interflora.fr\/blog\/wp-content\/uploads\/2026\/04\/3RER-800Wx800H-0-1-768x768.jpg 768w, https:\/\/www.interflora.fr\/blog\/wp-content\/uploads\/2026\/04\/3RER-800Wx800H-0-1.jpg 800w\" sizes=\"auto, (max-width: 300px) 100vw, 300px\" \/><img decoding=\"async\" class=\"lp-badge\" src=\"https:\/\/www.interflora.fr\/blog\/wp-content\/uploads\/2025\/06\/logo-circle.png\" alt=\"Livraison rapide Interflora\"><\/div><span>Composition rose \u00e9ternelle rouge<\/span><p>36.95 \u20ac<\/p><span class=\"obf-link lp-cta\" role=\"link\" tabindex=\"0\" data-b64=\"aHR0cHM6Ly93d3cuaW50ZXJmbG9yYS5mci9wL2NvbXBvc2l0aW9uLXJvc2UtZXRlcm5lbGxlLXJvdWdlLzAvRlI\/dXRtX21lZGl1bT1vcmdhbmljJnV0bV9zb3VyY2U9YmxvZ19wcm9kdWN0cyZ1dG1fY2FtcGFpZ249M1JFUg==\" data-target=\"_blank\"><svg xmlns=\"http:\/\/www.w3.org\/2000\/svg\" width=\"16\" height=\"16\" fill=\"currentColor\" class=\"bi bi-bag\" viewBox=\"0 0 16 16\"><path d=\"M8 1a2 2 0 0 1 2 2v1h2.5A1.5 1.5 0 0 1 14 5.5v8A1.5 1.5 0 0 1 12.5 15h-9A1.5 1.5 0 0 1 2 13.5v-8A1.5 1.5 0 0 1 3.5 3H6V2a2 2 0 0 1 2-1zm1 3V3a1 1 0 0 0-2 0v1h2z\"\/><\/svg>Voir le produit<\/span><p class=\"rapido\">Livraison rapide<\/p><\/div><div class=\"lp-produit\"><div class=\"lp-thumbnail-wrapper\"><img loading=\"lazy\" decoding=\"async\" width=\"300\" height=\"300\" src=\"https:\/\/www.interflora.fr\/blog\/wp-content\/uploads\/2026\/01\/1BIFF-800Wx800H-0-1-300x300.jpg\" class=\"attachment-medium size-medium wp-post-image\" alt=\"\" srcset=\"https:\/\/www.interflora.fr\/blog\/wp-content\/uploads\/2026\/01\/1BIFF-800Wx800H-0-1-300x300.jpg 300w, https:\/\/www.interflora.fr\/blog\/wp-content\/uploads\/2026\/01\/1BIFF-800Wx800H-0-1-150x150.jpg 150w, https:\/\/www.interflora.fr\/blog\/wp-content\/uploads\/2026\/01\/1BIFF-800Wx800H-0-1-768x768.jpg 768w, https:\/\/www.interflora.fr\/blog\/wp-content\/uploads\/2026\/01\/1BIFF-800Wx800H-0-1.jpg 800w\" sizes=\"auto, (max-width: 300px) 100vw, 300px\" \/><img decoding=\"async\" class=\"lp-badge\" src=\"https:\/\/www.interflora.fr\/blog\/wp-content\/uploads\/2025\/06\/logo-circle.png\" alt=\"Livraison rapide Interflora\"><\/div><span>Mon coeur<\/span><p>39.95 \u20ac<\/p><span class=\"obf-link lp-cta\" role=\"link\" tabindex=\"0\" data-b64=\"aHR0cHM6Ly93d3cuaW50ZXJmbG9yYS5mci9wL2JvdXF1ZXQtbW9uLWNvZXVyLzEvRlI\/dXRtX21lZGl1bT1vcmdhbmljJnV0bV9zb3VyY2U9YmxvZ19wcm9kdWN0cyZ1dG1fY2FtcGFpZ249MUJJRkY=\" data-target=\"_blank\"><svg xmlns=\"http:\/\/www.w3.org\/2000\/svg\" width=\"16\" height=\"16\" fill=\"currentColor\" class=\"bi bi-bag\" viewBox=\"0 0 16 16\"><path d=\"M8 1a2 2 0 0 1 2 2v1h2.5A1.5 1.5 0 0 1 14 5.5v8A1.5 1.5 0 0 1 12.5 15h-9A1.5 1.5 0 0 1 2 13.5v-8A1.5 1.5 0 0 1 3.5 3H6V2a2 2 0 0 1 2-1zm1 3V3a1 1 0 0 0-2 0v1h2z\"\/><\/svg>Voir le produit<\/span><p class=\"rapido\">Fleurs fra\u00eeches<\/p><\/div><\/div>\n","protected":false},"excerpt":{"rendered":"<p>Envie de sortir des sentiers battus et d&rsquo;offrir un cadeau inattendu \u00e0 votre papa pour sa f\u00eate ? Ne cherchez [&hellip;]<\/p>\n","protected":false},"author":1,"featured_media":49939,"comment_status":"open","ping_status":"open","sticky":false,"template":"","format":"standard","meta":{"_uag_custom_page_level_css":"","site-sidebar-layout":"default","site-content-layout":"","ast-site-content-layout":"default","site-content-style":"default","site-sidebar-style":"default","ast-global-header-display":"","ast-banner-title-visibility":"","ast-main-header-display":"","ast-hfb-above-header-display":"","ast-hfb-below-header-display":"","ast-hfb-mobile-header-display":"","site-post-title":"","ast-breadcrumbs-content":"","ast-featured-img":"","footer-sml-layout":"","ast-disable-related-posts":"","theme-transparent-header-meta":"","adv-header-id-meta":"","stick-header-meta":"","header-above-stick-meta":"","header-main-stick-meta":"","header-below-stick-meta":"","astra-migrate-meta-layouts":"set","ast-page-background-enabled":"default","ast-page-background-meta":{"desktop":{"background-color":"var(--ast-global-color-5)","background-image":"","background-repeat":"repeat","background-position":"center center","background-size":"auto","background-attachment":"scroll","background-type":"","background-media":"","overlay-type":"","overlay-color":"","overlay-opacity":"","overlay-gradient":""},"tablet":{"background-color":"","background-image":"","background-repeat":"repeat","background-position":"center center","background-size":"auto","background-attachment":"scroll","background-type":"","background-media":"","overlay-type":"","overlay-color":"","overlay-opacity":"","overlay-gradient":""},"mobile":{"background-color":"","background-image":"","background-repeat":"repeat","background-position":"center center","background-size":"auto","background-attachment":"scroll","background-type":"","background-media":"","overlay-type":"","overlay-color":"","overlay-opacity":"","overlay-gradient":""}},"ast-content-background-meta":{"desktop":{"background-color":"var(--ast-global-color-4)","background-image":"","background-repeat":"repeat","background-position":"center center","background-size":"auto","background-attachment":"scroll","background-type":"","background-media":"","overlay-type":"","overlay-color":"","overlay-opacity":"","overlay-gradient":""},"tablet":{"background-color":"var(--ast-global-color-4)","background-image":"","background-repeat":"repeat","background-position":"center center","background-size":"auto","background-attachment":"scroll","background-type":"","background-media":"","overlay-type":"","overlay-color":"","overlay-opacity":"","overlay-gradient":""},"mobile":{"background-color":"var(--ast-global-color-4)","background-image":"","background-repeat":"repeat","background-position":"center center","background-size":"auto","background-attachment":"scroll","background-type":"","background-media":"","overlay-type":"","overlay-color":"","overlay-opacity":"","overlay-gradient":""}},"footnotes":""},"categories":[176,286],"tags":[321],"class_list":["post-44669","post","type-post","status-publish","format-standard","has-post-thumbnail","hentry","category-evenements","category-fete-des-peres","tag-fete-des-peres"],"uagb_featured_image_src":{"full":["https:\/\/www.interflora.fr\/blog\/wp-content\/uploads\/2024\/06\/grandpere-enfant-1.jpg",1000,563,false],"thumbnail":["https:\/\/www.interflora.fr\/blog\/wp-content\/uploads\/2024\/06\/grandpere-enfant-1-150x150.jpg",150,150,true],"medium":["https:\/\/www.interflora.fr\/blog\/wp-content\/uploads\/2024\/06\/grandpere-enfant-1-300x169.jpg",300,169,true],"medium_large":["https:\/\/www.interflora.fr\/blog\/wp-content\/uploads\/2024\/06\/grandpere-enfant-1-768x432.jpg",768,432,true],"large":["https:\/\/www.interflora.fr\/blog\/wp-content\/uploads\/2024\/06\/grandpere-enfant-1.jpg",1000,563,false],"1536x1536":["https:\/\/www.interflora.fr\/blog\/wp-content\/uploads\/2024\/06\/grandpere-enfant-1.jpg",1000,563,false],"2048x2048":["https:\/\/www.interflora.fr\/blog\/wp-content\/uploads\/2024\/06\/grandpere-enfant-1.jpg",1000,563,false]},"uagb_author_info":{"display_name":"admin","author_link":"https:\/\/www.interflora.fr\/blog\/author\/admin\/"},"uagb_comment_info":0,"uagb_excerpt":"Envie de sortir des sentiers battus et d&rsquo;offrir un cadeau inattendu \u00e0 votre papa pour sa f\u00eate ? Ne cherchez [&hellip;]","yoast_meta":{"title":"","description":"D\u00e9couvrez notre s\u00e9lection des meilleures plantes \u00e0 offrir pour la F\u00eate des P\u00e8res et assurez-vous de lui faire un cadeau inoubliable et original!"},"_links":{"self":[{"href":"https:\/\/www.interflora.fr\/blog\/wp-json\/wp\/v2\/posts\/44669","targetHints":{"allow":["GET"]}}],"collection":[{"href":"https:\/\/www.interflora.fr\/blog\/wp-json\/wp\/v2\/posts"}],"about":[{"href":"https:\/\/www.interflora.fr\/blog\/wp-json\/wp\/v2\/types\/post"}],"author":[{"embeddable":true,"href":"https:\/\/www.interflora.fr\/blog\/wp-json\/wp\/v2\/users\/1"}],"replies":[{"embeddable":true,"href":"https:\/\/www.interflora.fr\/blog\/wp-json\/wp\/v2\/comments?post=44669"}],"version-history":[{"count":1,"href":"https:\/\/www.interflora.fr\/blog\/wp-json\/wp\/v2\/posts\/44669\/revisions"}],"predecessor-version":[{"id":58646,"href":"https:\/\/www.interflora.fr\/blog\/wp-json\/wp\/v2\/posts\/44669\/revisions\/58646"}],"wp:featuredmedia":[{"embeddable":true,"href":"https:\/\/www.interflora.fr\/blog\/wp-json\/wp\/v2\/media\/49939"}],"wp:attachment":[{"href":"https:\/\/www.interflora.fr\/blog\/wp-json\/wp\/v2\/media?parent=44669"}],"wp:term":[{"taxonomy":"category","embeddable":true,"href":"https:\/\/www.interflora.fr\/blog\/wp-json\/wp\/v2\/categories?post=44669"},{"taxonomy":"post_tag","embeddable":true,"href":"https:\/\/www.interflora.fr\/blog\/wp-json\/wp\/v2\/tags?post=44669"}],"curies":[{"name":"wp","href":"https:\/\/api.w.org\/{rel}","templated":true}]}}