{"id":44555,"date":"2025-04-14T16:22:00","date_gmt":"2025-04-14T14:22:00","guid":{"rendered":"https:\/\/www.interflora.fr\/blog\/?p=44555"},"modified":"2026-03-06T12:46:19","modified_gmt":"2026-03-06T11:46:19","slug":"faire-fleurir-les-pivoines","status":"publish","type":"post","link":"https:\/\/www.interflora.fr\/blog\/faire-fleurir-les-pivoines\/","title":{"rendered":"Comment faire fleurir les pivoines : garantir la floraison d&rsquo;une pivoine qui ne s&rsquo;ouvre pas"},"content":{"rendered":"\n<p>Somptueuse fleur au parfum enivrant, la pivoine est r\u00e9put\u00e9e robuste. Cependant, cela ne l\u2019emp\u00eache pas d\u2019avoir besoin de bonnes conditions de culture et d\u2019un bon entretien pour <strong>offrir une floraison digne de ce nom<\/strong>. Les pivoines qui ornent votre jardin ne fleurissent pas&nbsp;? Vous les chouchoutez, mais rien n\u2019y fait, <strong>les fleurs ne s\u2019ouvrent pas<\/strong>&nbsp;? Il peut \u00eatre tr\u00e8s d\u00e9cevant de <strong>voir une pivoine ne pas fleurir<\/strong> malgr\u00e9 tous les soins apport\u00e9s, c\u2019est pourquoi nous avons regroup\u00e9 ici nos meilleurs <strong>conseils pour savoir comment faire fleurir les pivoines<\/strong>.<\/p>\n\n\n<div class=\"lp-produits-grid\"><div class=\"lp-produit\"><div class=\"lp-thumbnail-wrapper\"><img loading=\"lazy\" decoding=\"async\" width=\"300\" height=\"300\" src=\"https:\/\/www.interflora.fr\/blog\/wp-content\/uploads\/2026\/04\/B2BDPC2-800Wx800H-0-1-300x300.jpg\" class=\"attachment-medium size-medium wp-post-image\" alt=\"\" srcset=\"https:\/\/www.interflora.fr\/blog\/wp-content\/uploads\/2026\/04\/B2BDPC2-800Wx800H-0-1-300x300.jpg 300w, https:\/\/www.interflora.fr\/blog\/wp-content\/uploads\/2026\/04\/B2BDPC2-800Wx800H-0-1-150x150.jpg 150w, https:\/\/www.interflora.fr\/blog\/wp-content\/uploads\/2026\/04\/B2BDPC2-800Wx800H-0-1-768x768.jpg 768w, https:\/\/www.interflora.fr\/blog\/wp-content\/uploads\/2026\/04\/B2BDPC2-800Wx800H-0-1.jpg 800w\" sizes=\"auto, (max-width: 300px) 100vw, 300px\" \/><img decoding=\"async\" class=\"lp-badge\" src=\"https:\/\/www.interflora.fr\/blog\/wp-content\/uploads\/2025\/06\/logo-circle.png\" alt=\"Livraison rapide Interflora\"><\/div><span>Brass\u00e9e de pivoines vari\u00e9es et ses chocolats<\/span><p>60.95 \u20ac<\/p><span class=\"obf-link lp-cta\" role=\"link\" tabindex=\"0\" data-b64=\"aHR0cHM6Ly93d3cuaW50ZXJmbG9yYS5mci9wL3Bpdm9pbmUtY2hvY29sYXQvMS9GUj91dG1fbWVkaXVtPW9yZ2FuaWMmdXRtX3NvdXJjZT1ibG9nX3Byb2R1Y3RzJnV0bV9jYW1wYWlnbj1CMkJEUEMy\" data-target=\"_blank\"><svg xmlns=\"http:\/\/www.w3.org\/2000\/svg\" width=\"16\" height=\"16\" fill=\"currentColor\" class=\"bi bi-bag\" viewBox=\"0 0 16 16\"><path d=\"M8 1a2 2 0 0 1 2 2v1h2.5A1.5 1.5 0 0 1 14 5.5v8A1.5 1.5 0 0 1 12.5 15h-9A1.5 1.5 0 0 1 2 13.5v-8A1.5 1.5 0 0 1 3.5 3H6V2a2 2 0 0 1 2-1zm1 3V3a1 1 0 0 0-2 0v1h2z\"\/><\/svg>Voir le produit<\/span><p class=\"rapido\">Fleurs fra\u00eeches<\/p><\/div><div class=\"lp-produit\"><div class=\"lp-thumbnail-wrapper\"><img loading=\"lazy\" decoding=\"async\" width=\"300\" height=\"300\" src=\"https:\/\/www.interflora.fr\/blog\/wp-content\/uploads\/2025\/05\/2LIB-800Wx800H-0-1-25-300x300.jpg\" class=\"attachment-medium size-medium wp-post-image\" alt=\"\" srcset=\"https:\/\/www.interflora.fr\/blog\/wp-content\/uploads\/2025\/05\/2LIB-800Wx800H-0-1-25-300x300.jpg 300w, https:\/\/www.interflora.fr\/blog\/wp-content\/uploads\/2025\/05\/2LIB-800Wx800H-0-1-25-150x150.jpg 150w, https:\/\/www.interflora.fr\/blog\/wp-content\/uploads\/2025\/05\/2LIB-800Wx800H-0-1-25-768x768.jpg 768w, https:\/\/www.interflora.fr\/blog\/wp-content\/uploads\/2025\/05\/2LIB-800Wx800H-0-1-25.jpg 800w\" sizes=\"auto, (max-width: 300px) 100vw, 300px\" \/><img decoding=\"async\" class=\"lp-badge\" src=\"https:\/\/www.interflora.fr\/blog\/wp-content\/uploads\/2025\/06\/logo-circle.png\" alt=\"Livraison rapide Interflora\"><\/div><span>Bouquet Taureau<\/span><p>47.95 \u20ac<\/p><span class=\"obf-link lp-cta\" role=\"link\" tabindex=\"0\" data-b64=\"aHR0cHM6Ly93d3cuaW50ZXJmbG9yYS5mci9wL2JvdXF1ZXQtbGliZXJ0eS8xL0ZSP3V0bV9tZWRpdW09b3JnYW5pYyZ1dG1fc291cmNlPWJsb2dfcHJvZHVjdHMmdXRtX2NhbXBhaWduPTJMSUI=\" data-target=\"_blank\"><svg xmlns=\"http:\/\/www.w3.org\/2000\/svg\" width=\"16\" height=\"16\" fill=\"currentColor\" class=\"bi bi-bag\" viewBox=\"0 0 16 16\"><path d=\"M8 1a2 2 0 0 1 2 2v1h2.5A1.5 1.5 0 0 1 14 5.5v8A1.5 1.5 0 0 1 12.5 15h-9A1.5 1.5 0 0 1 2 13.5v-8A1.5 1.5 0 0 1 3.5 3H6V2a2 2 0 0 1 2-1zm1 3V3a1 1 0 0 0-2 0v1h2z\"\/><\/svg>Voir le produit<\/span><p class=\"rapido\">Livraison rapide<\/p><\/div><div class=\"lp-produit\"><div class=\"lp-thumbnail-wrapper\"><img loading=\"lazy\" decoding=\"async\" width=\"300\" height=\"300\" src=\"https:\/\/www.interflora.fr\/blog\/wp-content\/uploads\/2025\/09\/2DP-800Wx800H-0-1-25-300x300.jpg\" class=\"attachment-medium size-medium wp-post-image\" alt=\"\" srcset=\"https:\/\/www.interflora.fr\/blog\/wp-content\/uploads\/2025\/09\/2DP-800Wx800H-0-1-25-300x300.jpg 300w, https:\/\/www.interflora.fr\/blog\/wp-content\/uploads\/2025\/09\/2DP-800Wx800H-0-1-25-150x150.jpg 150w, https:\/\/www.interflora.fr\/blog\/wp-content\/uploads\/2025\/09\/2DP-800Wx800H-0-1-25-768x768.jpg 768w, https:\/\/www.interflora.fr\/blog\/wp-content\/uploads\/2025\/09\/2DP-800Wx800H-0-1-25.jpg 800w\" sizes=\"auto, (max-width: 300px) 100vw, 300px\" \/><img decoding=\"async\" class=\"lp-badge\" src=\"https:\/\/www.interflora.fr\/blog\/wp-content\/uploads\/2025\/06\/logo-circle.png\" alt=\"Livraison rapide Interflora\"><\/div><span>Douceur poudr\u00e9e<\/span><p>31.95 \u20ac<\/p><span class=\"obf-link lp-cta\" role=\"link\" tabindex=\"0\" data-b64=\"aHR0cHM6Ly93d3cuaW50ZXJmbG9yYS5mci9wL2RvdWNldXItcG91ZHJlZS8xL0ZSP3V0bV9tZWRpdW09b3JnYW5pYyZ1dG1fc291cmNlPWJsb2dfcHJvZHVjdHMmdXRtX2NhbXBhaWduPTJEUA==\" data-target=\"_blank\"><svg xmlns=\"http:\/\/www.w3.org\/2000\/svg\" width=\"16\" height=\"16\" fill=\"currentColor\" class=\"bi bi-bag\" viewBox=\"0 0 16 16\"><path d=\"M8 1a2 2 0 0 1 2 2v1h2.5A1.5 1.5 0 0 1 14 5.5v8A1.5 1.5 0 0 1 12.5 15h-9A1.5 1.5 0 0 1 2 13.5v-8A1.5 1.5 0 0 1 3.5 3H6V2a2 2 0 0 1 2-1zm1 3V3a1 1 0 0 0-2 0v1h2z\"\/><\/svg>Voir le produit<\/span><p class=\"rapido\">Top produit<\/p><\/div><div class=\"lp-produit\"><div class=\"lp-thumbnail-wrapper\"><img loading=\"lazy\" decoding=\"async\" width=\"300\" height=\"300\" src=\"https:\/\/www.interflora.fr\/blog\/wp-content\/uploads\/2025\/05\/1SEN-800Wx800H-0-1-25-300x300.jpg\" class=\"attachment-medium size-medium wp-post-image\" alt=\"\" srcset=\"https:\/\/www.interflora.fr\/blog\/wp-content\/uploads\/2025\/05\/1SEN-800Wx800H-0-1-25-300x300.jpg 300w, https:\/\/www.interflora.fr\/blog\/wp-content\/uploads\/2025\/05\/1SEN-800Wx800H-0-1-25-150x150.jpg 150w, https:\/\/www.interflora.fr\/blog\/wp-content\/uploads\/2025\/05\/1SEN-800Wx800H-0-1-25-768x768.jpg 768w, https:\/\/www.interflora.fr\/blog\/wp-content\/uploads\/2025\/05\/1SEN-800Wx800H-0-1-25.jpg 800w\" sizes=\"auto, (max-width: 300px) 100vw, 300px\" \/><img decoding=\"async\" class=\"lp-badge\" src=\"https:\/\/www.interflora.fr\/blog\/wp-content\/uploads\/2025\/06\/logo-circle.png\" alt=\"Livraison rapide Interflora\"><\/div><span>Joyeux anniversaire<\/span><p>42.95 \u20ac<\/p><span class=\"obf-link lp-cta\" role=\"link\" tabindex=\"0\" data-b64=\"aHR0cHM6Ly93d3cuaW50ZXJmbG9yYS5mci9wL3Jvc2VzLXNlbnRpbWVudC8xL0ZSP3V0bV9tZWRpdW09b3JnYW5pYyZ1dG1fc291cmNlPWJsb2dfcHJvZHVjdHMmdXRtX2NhbXBhaWduPTFTRU4=\" data-target=\"_blank\"><svg xmlns=\"http:\/\/www.w3.org\/2000\/svg\" width=\"16\" height=\"16\" fill=\"currentColor\" class=\"bi bi-bag\" viewBox=\"0 0 16 16\"><path d=\"M8 1a2 2 0 0 1 2 2v1h2.5A1.5 1.5 0 0 1 14 5.5v8A1.5 1.5 0 0 1 12.5 15h-9A1.5 1.5 0 0 1 2 13.5v-8A1.5 1.5 0 0 1 3.5 3H6V2a2 2 0 0 1 2-1zm1 3V3a1 1 0 0 0-2 0v1h2z\"\/><\/svg>Voir le produit<\/span><p class=\"rapido\">Livraison rapide<\/p><\/div><\/div>\n\n\n\n<h2 class=\"wp-block-heading\">Pourquoi ma pivoine ne fleurit pas&nbsp;: comprendre son cycle de vie<\/h2>\n\n\n\n<p>Bien que vigoureuses, les pivoines sont des <strong>plantes d\u00e9licates<\/strong> avec un cycle de vie complexe. Comprendre ce cycle et les besoins qui en d\u00e9coulent est essentiel pour <strong>diagnostiquer les raisons de l&rsquo;absence de floraison<\/strong> dans votre jardin.<\/p>\n\n\n\n<p>Au cours de l\u2019hiver, les pivoines, aussi bien les pivoines herbac\u00e9es qu\u2019arbustives, entrent en dormance. C\u2019est une p\u00e9riode de repos o\u00f9 leur croissance est ralentie. Durant cette phase, la plante puise les ressources qui lui seront n\u00e9cessaires pour bien pousser.<\/p>\n\n\n\n<figure class=\"wp-block-image aligncenter size-full is-resized\"><img loading=\"lazy\" decoding=\"async\" width=\"800\" height=\"533\" src=\"https:\/\/www.interflora.fr\/blog\/wp-content\/uploads\/2026\/03\/nos-belles-pivoines-fete-des-meres.jpg\" alt=\"Nos belles pivoines de pr\u00e8s\" class=\"wp-image-58367\" style=\"aspect-ratio:1.500952771833133;object-fit:cover;width:600px\" srcset=\"https:\/\/www.interflora.fr\/blog\/wp-content\/uploads\/2026\/03\/nos-belles-pivoines-fete-des-meres.jpg 800w, https:\/\/www.interflora.fr\/blog\/wp-content\/uploads\/2026\/03\/nos-belles-pivoines-fete-des-meres-300x200.jpg 300w, https:\/\/www.interflora.fr\/blog\/wp-content\/uploads\/2026\/03\/nos-belles-pivoines-fete-des-meres-768x512.jpg 768w\" sizes=\"auto, (max-width: 800px) 100vw, 800px\" \/><\/figure>\n\n\n\n<p>Vient ensuite la phase de d\u00e9veloppement d\u00e8s que les temp\u00e9ratures remontent. Au d\u00e9but du printemps, les pivoines sortent de leur dormance et poussent activement. Les bourgeons commencent \u00e0 se d\u00e9velopper et \u00e0 prendre forme.<\/p>\n\n\n\n<p>Puis, le moment tant attendu de la floraison arrive. Les bourgeons s\u2019ouvrent pour r\u00e9v\u00e9ler leurs magnifiques fleurs. C\u2019est \u00e0 ce moment-l\u00e0 que, soit vous vous \u00e9merveillez, soit, si les fleurs n\u2019arrivent pas, vous ressentez une certaine frustration. Que vous souhaitiez les voir fleurir dans votre jardin ou en couper quelques-unes pour faire un <a href=\"https:\/\/www.interflora.fr\/c\/bouquet-pivoines\">joli bouquet de pivoines<\/a>, la d\u00e9ception est malheureusement l\u00e0&nbsp;!<\/p>\n\n\n\n<h2 class=\"wp-block-heading\">Pourquoi mon pied de pivoine ne donne pas de fleurs&nbsp;: les raisons d\u2019absence de floraison<\/h2>\n\n\n\n<p>Face \u00e0 une <strong>pivoine qui ne s\u2019ouvre pas<\/strong>, les jardiniers se posent de multiples questions, dont la principale est&nbsp;: qu\u2019ai-je fait de mal, pourquoi ma pivoine ne fleurit pas&nbsp;?<\/p>\n\n\n\n<h3 class=\"wp-block-heading\">Un mauvais emplacement<\/h3>\n\n\n\n<p>Pour s\u2019\u00e9panouir pleinement, la pivoine a besoin d\u2019une bonne dose de soleil chaque jour. Sans cela, les bourgeons sont incapables de continuer leur croissance pour donner de belles fleurs. En l\u2019absence d\u2019un bon ensoleillement, ils meurent avant d\u2019avoir pu colorer votre ext\u00e9rieur.<\/p>\n\n\n\n<h3 class=\"wp-block-heading\">Une plantation trop profonde<\/h3>\n\n\n\n<p>Si les bourgeons oculaires sont compl\u00e8tement recouverts de terre, la plante aura beaucoup de mal \u00e0 fleurir.<\/p>\n\n\n\n<h3 class=\"wp-block-heading\">Elle n\u2019a pas eu assez froid en hiver<\/h3>\n\n\n\n<p>Tout comme l\u2019\u00eatre humain a besoin de sommeil, la p\u00e9riode de dormance de la pivoine est tr\u00e8s importante pour qu\u2019elle se r\u00e9g\u00e9n\u00e8re et le froid participe \u00e0 sa r\u00e9g\u00e9n\u00e9ration. Si l\u2019hiver a \u00e9t\u00e9 plut\u00f4t doux, il est possible que votre plante n\u2019ait pas b\u00e9n\u00e9fici\u00e9 des conditions n\u00e9cessaires. Cela peut expliquer pourquoi votre pied de pivoine ne donne pas de fleurs.<\/p>\n\n\n\n<div class=\"wp-block-buttons is-content-justification-center is-layout-flex wp-container-core-buttons-is-layout-a89b3969 wp-block-buttons-is-layout-flex\">\n<div class=\"wp-block-button\"><a class=\"wp-block-button__link has-text-align-center wp-element-button\" href=\"https:\/\/www.interflora.fr\/c\/bouquet-pivoines\">Nos bouquets de pivoines<\/a><\/div>\n<\/div>\n\n\n\n<h3 class=\"wp-block-heading\">La plante est encore immature<\/h3>\n\n\n\n<p>Les <a href=\"https:\/\/www.interflora.fr\/blog\/pivoine\/\">pivoines fra\u00eechement plant\u00e9es<\/a> peuvent mettre quelques ann\u00e9es \u00e0 s\u2019\u00e9tablir avant de produire des fleurs. Il est courant de ne pas voir de floraison la premi\u00e8re ann\u00e9e, voire les deux premi\u00e8res ann\u00e9es apr\u00e8s la plantation.<\/p>\n\n\n\n<h3 class=\"wp-block-heading\">La pivoine a \u00e9t\u00e9 d\u00e9plac\u00e9e ou divis\u00e9e<\/h3>\n\n\n\n<p>Si vous avez divis\u00e9 une pivoine mature pour en cr\u00e9er de nouvelles, il est possible que les divisions ne fleurissent pas imm\u00e9diatement. De m\u00eame si vous avez transplant\u00e9 une pivoine. Les plantes ont besoin de temps pour s&rsquo;adapter \u00e0 leur nouvel environnement et peuvent mettre quelques saisons \u00e0 reprendre leur floraison habituelle.<\/p>\n\n\n\n<h3 class=\"wp-block-heading\">Une taille inappropri\u00e9e<\/h3>\n\n\n\n<p>Tailler des pivoines peut \u00e9galement compromettre leur floraison si ce n\u2019est pas fait \u00e0 la bonne saison ou pas de la bonne mani\u00e8re. Les feuilles sont utiles pour la photosynth\u00e8se. C\u2019est gr\u00e2ce \u00e0 ce processus naturel que l\u2019\u00e9nergie n\u00e9cessaire est emmagasin\u00e9e. Une coupe excessive du feuillage \u00e0 une mauvaise p\u00e9riode peut affaiblir la plante et r\u00e9duire sa capacit\u00e9 \u00e0 produire des fleurs l&rsquo;ann\u00e9e suivante.<\/p>\n\n\n\n<figure class=\"wp-block-image aligncenter size-full is-resized\"><img loading=\"lazy\" decoding=\"async\" width=\"800\" height=\"533\" src=\"https:\/\/www.interflora.fr\/blog\/wp-content\/uploads\/2026\/03\/nos-belles-pivoines-deco-table.jpg\" alt=\"belles pivoines roses en d\u00e9coration sur une table\" class=\"wp-image-58363\" style=\"aspect-ratio:1.500952771833133;width:600px;height:auto\" srcset=\"https:\/\/www.interflora.fr\/blog\/wp-content\/uploads\/2026\/03\/nos-belles-pivoines-deco-table.jpg 800w, https:\/\/www.interflora.fr\/blog\/wp-content\/uploads\/2026\/03\/nos-belles-pivoines-deco-table-300x200.jpg 300w, https:\/\/www.interflora.fr\/blog\/wp-content\/uploads\/2026\/03\/nos-belles-pivoines-deco-table-768x512.jpg 768w\" sizes=\"auto, (max-width: 800px) 100vw, 800px\" \/><\/figure>\n\n\n\n<h3 class=\"wp-block-heading\">Elle n\u2019a pas eu assez de nutriments<\/h3>\n\n\n\n<p>Comme nous l\u2019avons vu dans son cycle de vie, la pivoine a besoin de faire le plein de nutriments durant l\u2019hiver pour mieux fleurir au printemps. Si elle n\u2019a pas puis\u00e9 assez de ressources nutritives, elle sera dans l\u2019incapacit\u00e9 de produire ses fleurs.<\/p>\n\n\n\n<h3 class=\"wp-block-heading\">Le sol est trop riche en azote<\/h3>\n\n\n\n<p>L\u2019apport d\u2019un engrais riche en azote favorise la croissance des feuilles au d\u00e9triment des fleurs. C\u2019est une des pistes \u00e0 envisager si vous essayez de comprendre pourquoi vos pivoines ne font que des feuilles.<\/p>\n\n\n\n<h3 class=\"wp-block-heading\">La pivoine a une maladie<\/h3>\n\n\n\n<p>Certaines maladies fongiques ou attaques de ravageurs peuvent affaiblir les pivoines et inhiber leur capacit\u00e9 \u00e0 produire des fleurs. C\u2019est notamment le cas du botrytis qui fait pourrir les jeunes pousses et peut atteindre les boutons floraux.<\/p>\n\n\n<div class=\"lp-produits-grid\"><div class=\"lp-produit\"><div class=\"lp-thumbnail-wrapper\"><img loading=\"lazy\" decoding=\"async\" width=\"300\" height=\"300\" src=\"https:\/\/www.interflora.fr\/blog\/wp-content\/uploads\/2025\/05\/B2BDP-800Wx800H-0-1-300x300.jpg\" class=\"attachment-medium size-medium wp-post-image\" alt=\"\" srcset=\"https:\/\/www.interflora.fr\/blog\/wp-content\/uploads\/2025\/05\/B2BDP-800Wx800H-0-1-300x300.jpg 300w, https:\/\/www.interflora.fr\/blog\/wp-content\/uploads\/2025\/05\/B2BDP-800Wx800H-0-1-150x150.jpg 150w, https:\/\/www.interflora.fr\/blog\/wp-content\/uploads\/2025\/05\/B2BDP-800Wx800H-0-1-768x768.jpg 768w, https:\/\/www.interflora.fr\/blog\/wp-content\/uploads\/2025\/05\/B2BDP-800Wx800H-0-1.jpg 800w\" sizes=\"auto, (max-width: 300px) 100vw, 300px\" \/><img decoding=\"async\" class=\"lp-badge\" src=\"https:\/\/www.interflora.fr\/blog\/wp-content\/uploads\/2025\/06\/logo-circle.png\" alt=\"Livraison rapide Interflora\"><\/div><span>Brass\u00e9e de pivoines vari\u00e9es<\/span><p>39.95 \u20ac<\/p><span class=\"obf-link lp-cta\" role=\"link\" tabindex=\"0\" data-b64=\"aHR0cHM6Ly93d3cuaW50ZXJmbG9yYS5mci9wL2JyYXNzZWUtcGl2b2luZXMvMS9GUj91dG1fbWVkaXVtPW9yZ2FuaWMmdXRtX3NvdXJjZT1ibG9nX3Byb2R1Y3RzJnV0bV9jYW1wYWlnbj1CMkJEUA==\" data-target=\"_blank\"><svg xmlns=\"http:\/\/www.w3.org\/2000\/svg\" width=\"16\" height=\"16\" fill=\"currentColor\" class=\"bi bi-bag\" viewBox=\"0 0 16 16\"><path d=\"M8 1a2 2 0 0 1 2 2v1h2.5A1.5 1.5 0 0 1 14 5.5v8A1.5 1.5 0 0 1 12.5 15h-9A1.5 1.5 0 0 1 2 13.5v-8A1.5 1.5 0 0 1 3.5 3H6V2a2 2 0 0 1 2-1zm1 3V3a1 1 0 0 0-2 0v1h2z\"\/><\/svg>Voir le produit<\/span><p class=\"rapido\">Livraison rapide<\/p><\/div><div class=\"lp-produit\"><div class=\"lp-thumbnail-wrapper\"><img loading=\"lazy\" decoding=\"async\" width=\"300\" height=\"300\" src=\"https:\/\/www.interflora.fr\/blog\/wp-content\/uploads\/2025\/05\/2LIB-800Wx800H-0-1-25-300x300.jpg\" class=\"attachment-medium size-medium wp-post-image\" alt=\"\" srcset=\"https:\/\/www.interflora.fr\/blog\/wp-content\/uploads\/2025\/05\/2LIB-800Wx800H-0-1-25-300x300.jpg 300w, https:\/\/www.interflora.fr\/blog\/wp-content\/uploads\/2025\/05\/2LIB-800Wx800H-0-1-25-150x150.jpg 150w, https:\/\/www.interflora.fr\/blog\/wp-content\/uploads\/2025\/05\/2LIB-800Wx800H-0-1-25-768x768.jpg 768w, https:\/\/www.interflora.fr\/blog\/wp-content\/uploads\/2025\/05\/2LIB-800Wx800H-0-1-25.jpg 800w\" sizes=\"auto, (max-width: 300px) 100vw, 300px\" \/><img decoding=\"async\" class=\"lp-badge\" src=\"https:\/\/www.interflora.fr\/blog\/wp-content\/uploads\/2025\/06\/logo-circle.png\" alt=\"Livraison rapide Interflora\"><\/div><span>Bouquet Taureau<\/span><p>47.95 \u20ac<\/p><span class=\"obf-link lp-cta\" role=\"link\" tabindex=\"0\" data-b64=\"aHR0cHM6Ly93d3cuaW50ZXJmbG9yYS5mci9wL2JvdXF1ZXQtbGliZXJ0eS8xL0ZSP3V0bV9tZWRpdW09b3JnYW5pYyZ1dG1fc291cmNlPWJsb2dfcHJvZHVjdHMmdXRtX2NhbXBhaWduPTJMSUI=\" data-target=\"_blank\"><svg xmlns=\"http:\/\/www.w3.org\/2000\/svg\" width=\"16\" height=\"16\" fill=\"currentColor\" class=\"bi bi-bag\" viewBox=\"0 0 16 16\"><path d=\"M8 1a2 2 0 0 1 2 2v1h2.5A1.5 1.5 0 0 1 14 5.5v8A1.5 1.5 0 0 1 12.5 15h-9A1.5 1.5 0 0 1 2 13.5v-8A1.5 1.5 0 0 1 3.5 3H6V2a2 2 0 0 1 2-1zm1 3V3a1 1 0 0 0-2 0v1h2z\"\/><\/svg>Voir le produit<\/span><p class=\"rapido\">Top produit<\/p><\/div><div class=\"lp-produit\"><div class=\"lp-thumbnail-wrapper\"><img loading=\"lazy\" decoding=\"async\" width=\"300\" height=\"300\" src=\"https:\/\/www.interflora.fr\/blog\/wp-content\/uploads\/2025\/09\/2DP-800Wx800H-0-1-25-300x300.jpg\" class=\"attachment-medium size-medium wp-post-image\" alt=\"\" srcset=\"https:\/\/www.interflora.fr\/blog\/wp-content\/uploads\/2025\/09\/2DP-800Wx800H-0-1-25-300x300.jpg 300w, https:\/\/www.interflora.fr\/blog\/wp-content\/uploads\/2025\/09\/2DP-800Wx800H-0-1-25-150x150.jpg 150w, https:\/\/www.interflora.fr\/blog\/wp-content\/uploads\/2025\/09\/2DP-800Wx800H-0-1-25-768x768.jpg 768w, https:\/\/www.interflora.fr\/blog\/wp-content\/uploads\/2025\/09\/2DP-800Wx800H-0-1-25.jpg 800w\" sizes=\"auto, (max-width: 300px) 100vw, 300px\" \/><img decoding=\"async\" class=\"lp-badge\" src=\"https:\/\/www.interflora.fr\/blog\/wp-content\/uploads\/2025\/06\/logo-circle.png\" alt=\"Livraison rapide Interflora\"><\/div><span>Douceur poudr\u00e9e<\/span><p>31.95 \u20ac<\/p><span class=\"obf-link lp-cta\" role=\"link\" tabindex=\"0\" data-b64=\"aHR0cHM6Ly93d3cuaW50ZXJmbG9yYS5mci9wL2RvdWNldXItcG91ZHJlZS8xL0ZSP3V0bV9tZWRpdW09b3JnYW5pYyZ1dG1fc291cmNlPWJsb2dfcHJvZHVjdHMmdXRtX2NhbXBhaWduPTJEUA==\" data-target=\"_blank\"><svg xmlns=\"http:\/\/www.w3.org\/2000\/svg\" width=\"16\" height=\"16\" fill=\"currentColor\" class=\"bi bi-bag\" viewBox=\"0 0 16 16\"><path d=\"M8 1a2 2 0 0 1 2 2v1h2.5A1.5 1.5 0 0 1 14 5.5v8A1.5 1.5 0 0 1 12.5 15h-9A1.5 1.5 0 0 1 2 13.5v-8A1.5 1.5 0 0 1 3.5 3H6V2a2 2 0 0 1 2-1zm1 3V3a1 1 0 0 0-2 0v1h2z\"\/><\/svg>Voir le produit<\/span><p class=\"rapido\">Top produit<\/p><\/div><div class=\"lp-produit\"><div class=\"lp-thumbnail-wrapper\"><img loading=\"lazy\" decoding=\"async\" width=\"300\" height=\"300\" src=\"https:\/\/www.interflora.fr\/blog\/wp-content\/uploads\/2025\/05\/1SEN-800Wx800H-0-1-25-300x300.jpg\" class=\"attachment-medium size-medium wp-post-image\" alt=\"\" srcset=\"https:\/\/www.interflora.fr\/blog\/wp-content\/uploads\/2025\/05\/1SEN-800Wx800H-0-1-25-300x300.jpg 300w, https:\/\/www.interflora.fr\/blog\/wp-content\/uploads\/2025\/05\/1SEN-800Wx800H-0-1-25-150x150.jpg 150w, https:\/\/www.interflora.fr\/blog\/wp-content\/uploads\/2025\/05\/1SEN-800Wx800H-0-1-25-768x768.jpg 768w, https:\/\/www.interflora.fr\/blog\/wp-content\/uploads\/2025\/05\/1SEN-800Wx800H-0-1-25.jpg 800w\" sizes=\"auto, (max-width: 300px) 100vw, 300px\" \/><img decoding=\"async\" class=\"lp-badge\" src=\"https:\/\/www.interflora.fr\/blog\/wp-content\/uploads\/2025\/06\/logo-circle.png\" alt=\"Livraison rapide Interflora\"><\/div><span>Joyeux anniversaire<\/span><p>42.95 \u20ac<\/p><span class=\"obf-link lp-cta\" role=\"link\" tabindex=\"0\" data-b64=\"aHR0cHM6Ly93d3cuaW50ZXJmbG9yYS5mci9wL3Jvc2VzLXNlbnRpbWVudC8xL0ZSP3V0bV9tZWRpdW09b3JnYW5pYyZ1dG1fc291cmNlPWJsb2dfcHJvZHVjdHMmdXRtX2NhbXBhaWduPTFTRU4=\" data-target=\"_blank\"><svg xmlns=\"http:\/\/www.w3.org\/2000\/svg\" width=\"16\" height=\"16\" fill=\"currentColor\" class=\"bi bi-bag\" viewBox=\"0 0 16 16\"><path d=\"M8 1a2 2 0 0 1 2 2v1h2.5A1.5 1.5 0 0 1 14 5.5v8A1.5 1.5 0 0 1 12.5 15h-9A1.5 1.5 0 0 1 2 13.5v-8A1.5 1.5 0 0 1 3.5 3H6V2a2 2 0 0 1 2-1zm1 3V3a1 1 0 0 0-2 0v1h2z\"\/><\/svg>Voir le produit<\/span><p class=\"rapido\">Top produit<\/p><\/div><\/div>\n\n\n\n<h2 class=\"wp-block-heading\">Comment faire fleurir les pivoines&nbsp;: les bons gestes pour une abondante floraison<\/h2>\n\n\n\n<p>Bien que les pivoines puissent parfois \u00eatre capricieuses, il existe plusieurs gestes essentiels pour encourager leur floraison et cr\u00e9er un spectacle floral \u00e9blouissant. Voici les cl\u00e9s en r\u00e9ponse \u00e0 la fameuse question&nbsp;: <strong>comment favoriser la <\/strong><a href=\"https:\/\/www.interflora.fr\/blog\/saison-pivoine\/\"><strong>floraison des pivoines<\/strong><\/a><strong>&nbsp;?<\/strong><\/p>\n\n\n\n<h3 class=\"wp-block-heading\">Planter en surface<\/h3>\n\n\n\n<p>Lors de la <a href=\"https:\/\/www.interflora.fr\/blog\/plantation-des-pivoines\/\">plantation de pivoines<\/a>, il est important de ne pas enterrer trop profond\u00e9ment les jeunes plants. Les bourgeons ne doivent pas \u00eatre recouverts de plus de 3&nbsp;cm de terre.<\/p>\n\n\n\n<h3 class=\"wp-block-heading\">Lui laisser de la place<\/h3>\n\n\n\n<p>Les pivoines ont besoin d\u2019espace pour se d\u00e9velopper et fleurir abondamment. Faites attention \u00e0 ne pas planter des arbustes et d\u2019autres plantes trop proches.<\/p>\n\n\n\n<h3 class=\"wp-block-heading\">Apporter un engrais \u00e9quilibr\u00e9<\/h3>\n\n\n\n<p>Assurez-vous de ne pas utiliser d\u2019engrais riche en azote. Privil\u00e9giez un engrais \u00e9quilibr\u00e9, avec une quantit\u00e9 de phosphore plus \u00e9lev\u00e9e pour encourager la floraison.<\/p>\n\n\n\n<p>Il n\u2019est pas n\u00e9cessaire de surfertiliser la pivoine. Un apport d\u2019engrais deux fois par an est largement suffisant&nbsp;: une fois au d\u00e9but du printemps, avant que les nouvelles pousses n\u2019\u00e9mergent et une fois apr\u00e8s la floraison.<\/p>\n\n\n\n<h3 class=\"wp-block-heading\">Arroser avec mod\u00e9ration<\/h3>\n\n\n\n<p>Les pivoines n&rsquo;aiment pas les sols d\u00e9tremp\u00e9s. Il est inutile de les inonder d\u2019eau. Un arrosage r\u00e9gulier, mais pas excessif est id\u00e9al. Il suffit de surveiller que le sol s\u00e8che l\u00e9g\u00e8rement entre chaque arrosage.<\/p>\n\n\n\n<figure class=\"wp-block-image aligncenter size-full is-resized\"><img decoding=\"async\" src=\"https:\/\/www.interflora.fr\/blog\/wp-content\/uploads\/pourquoi-pivoine-ne-fleurit-pas.jpeg\" alt=\"Personne en train d'arroser des pivoines dans un jardin\" class=\"wp-image-44552\" style=\"aspect-ratio:1.500952771833133;width:560px;height:auto\"\/><\/figure>\n\n\n\n<h3 class=\"wp-block-heading\">Tailler les pivoines de la bonne fa\u00e7on et au bon moment<\/h3>\n\n\n\n<p>Taillez vos pivoines apr\u00e8s la floraison en enlevant les fleurs fan\u00e9es, mais \u00e9vitez de couper excessivement le feuillage, indispensable \u00e0 la r\u00e9g\u00e9n\u00e9ration des pivoines.<\/p>\n\n\n\n<h3 class=\"wp-block-heading\">Surveiller les maladies et ravageurs<\/h3>\n\n\n\n<p>Assurez-vous de surveiller attentivement vos plantes pour d\u00e9tecter tout signe de maladie ou d&rsquo;infestation et prenez les mesures appropri\u00e9es pour <a href=\"https:\/\/www.interflora.fr\/blog\/soigner-maladies-pivoines\/\">soigner vos pivoines<\/a>.<\/p>\n\n\n\n<h3 class=\"wp-block-heading\">\u00c9viter la transplantation<\/h3>\n\n\n\n<p>Si les conditions de culture ne sont pas optimales, vous n\u2019aurez pas le choix&nbsp;: manque de soleil, sol mal drain\u00e9, <em>etc.<\/em>, vous devrez trouver un nouvel endroit plus favorable \u00e0 la croissance de votre pivoine. Cependant, si son emplacement couvre ses besoins, mieux vaut vous pencher sur d\u2019autres causes que de la d\u00e9placer.<\/p>\n\n\n\n<h3 class=\"wp-block-heading\">Diviser \u00e0 l\u2019automne<\/h3>\n\n\n\n<p>Vous pr\u00e9voyez de diviser vos magnifiques pivoines pour agrandir votre espace fleuri dans votre jardin&nbsp;? Nous vous conseillons de le faire en automne, c\u2019est la p\u00e9riode la plus propice \u00e0 la division d\u2019une pivoine. Ses racines auront ainsi le temps de se d\u00e9velopper et de bien s\u2019ancrer dans le sol.<\/p>\n\n\n\n<h3 class=\"wp-block-heading\">\u00catre patient<\/h3>\n\n\n\n<p>Si votre pivoine a \u00e9t\u00e9 d\u00e9plac\u00e9e ou divis\u00e9e, ou encore si elle est encore toute jeune, patience&nbsp;! \u00c0 moins que la pivoine ait \u00e9t\u00e9 plant\u00e9e \u00e0 un endroit o\u00f9 elle ne s\u2019acclimate pas du tout, il faudra juste attendre qu\u2019elle se remette de son transfert et qu\u2019elle s\u2019adapte \u00e0 son nouvel emplacement, parfois pendant quelques ann\u00e9es.<\/p>\n\n\n\n<div style=\"height:10px\" aria-hidden=\"true\" class=\"wp-block-spacer\"><\/div>\n\n\n<div class=\"lp-produits-grid\"><div class=\"lp-produit\"><div class=\"lp-thumbnail-wrapper\"><img loading=\"lazy\" decoding=\"async\" width=\"300\" height=\"300\" src=\"https:\/\/www.interflora.fr\/blog\/wp-content\/uploads\/2025\/05\/2LIB-800Wx800H-0-1-25-300x300.jpg\" class=\"attachment-medium size-medium wp-post-image\" alt=\"\" srcset=\"https:\/\/www.interflora.fr\/blog\/wp-content\/uploads\/2025\/05\/2LIB-800Wx800H-0-1-25-300x300.jpg 300w, https:\/\/www.interflora.fr\/blog\/wp-content\/uploads\/2025\/05\/2LIB-800Wx800H-0-1-25-150x150.jpg 150w, https:\/\/www.interflora.fr\/blog\/wp-content\/uploads\/2025\/05\/2LIB-800Wx800H-0-1-25-768x768.jpg 768w, https:\/\/www.interflora.fr\/blog\/wp-content\/uploads\/2025\/05\/2LIB-800Wx800H-0-1-25.jpg 800w\" sizes=\"auto, (max-width: 300px) 100vw, 300px\" \/><img decoding=\"async\" class=\"lp-badge\" src=\"https:\/\/www.interflora.fr\/blog\/wp-content\/uploads\/2025\/06\/logo-circle.png\" alt=\"Livraison rapide Interflora\"><\/div><span>Bouquet Taureau<\/span><p>47.95 \u20ac<\/p><span class=\"obf-link lp-cta\" role=\"link\" tabindex=\"0\" data-b64=\"aHR0cHM6Ly93d3cuaW50ZXJmbG9yYS5mci9wL2JvdXF1ZXQtbGliZXJ0eS8xL0ZSP3V0bV9tZWRpdW09b3JnYW5pYyZ1dG1fc291cmNlPWJsb2dfcHJvZHVjdHMmdXRtX2NhbXBhaWduPTJMSUI=\" data-target=\"_blank\"><svg xmlns=\"http:\/\/www.w3.org\/2000\/svg\" width=\"16\" height=\"16\" fill=\"currentColor\" class=\"bi bi-bag\" viewBox=\"0 0 16 16\"><path d=\"M8 1a2 2 0 0 1 2 2v1h2.5A1.5 1.5 0 0 1 14 5.5v8A1.5 1.5 0 0 1 12.5 15h-9A1.5 1.5 0 0 1 2 13.5v-8A1.5 1.5 0 0 1 3.5 3H6V2a2 2 0 0 1 2-1zm1 3V3a1 1 0 0 0-2 0v1h2z\"\/><\/svg>Voir le produit<\/span><p class=\"rapido\">Livraison rapide<\/p><\/div><div class=\"lp-produit\"><div class=\"lp-thumbnail-wrapper\"><img loading=\"lazy\" decoding=\"async\" width=\"300\" height=\"300\" src=\"https:\/\/www.interflora.fr\/blog\/wp-content\/uploads\/2025\/09\/2DP-800Wx800H-0-1-25-300x300.jpg\" class=\"attachment-medium size-medium wp-post-image\" alt=\"\" srcset=\"https:\/\/www.interflora.fr\/blog\/wp-content\/uploads\/2025\/09\/2DP-800Wx800H-0-1-25-300x300.jpg 300w, https:\/\/www.interflora.fr\/blog\/wp-content\/uploads\/2025\/09\/2DP-800Wx800H-0-1-25-150x150.jpg 150w, https:\/\/www.interflora.fr\/blog\/wp-content\/uploads\/2025\/09\/2DP-800Wx800H-0-1-25-768x768.jpg 768w, https:\/\/www.interflora.fr\/blog\/wp-content\/uploads\/2025\/09\/2DP-800Wx800H-0-1-25.jpg 800w\" sizes=\"auto, (max-width: 300px) 100vw, 300px\" \/><img decoding=\"async\" class=\"lp-badge\" src=\"https:\/\/www.interflora.fr\/blog\/wp-content\/uploads\/2025\/06\/logo-circle.png\" alt=\"Livraison rapide Interflora\"><\/div><span>Douceur poudr\u00e9e<\/span><p>31.95 \u20ac<\/p><span class=\"obf-link lp-cta\" role=\"link\" tabindex=\"0\" data-b64=\"aHR0cHM6Ly93d3cuaW50ZXJmbG9yYS5mci9wL2RvdWNldXItcG91ZHJlZS8xL0ZSP3V0bV9tZWRpdW09b3JnYW5pYyZ1dG1fc291cmNlPWJsb2dfcHJvZHVjdHMmdXRtX2NhbXBhaWduPTJEUA==\" data-target=\"_blank\"><svg xmlns=\"http:\/\/www.w3.org\/2000\/svg\" width=\"16\" height=\"16\" fill=\"currentColor\" class=\"bi bi-bag\" viewBox=\"0 0 16 16\"><path d=\"M8 1a2 2 0 0 1 2 2v1h2.5A1.5 1.5 0 0 1 14 5.5v8A1.5 1.5 0 0 1 12.5 15h-9A1.5 1.5 0 0 1 2 13.5v-8A1.5 1.5 0 0 1 3.5 3H6V2a2 2 0 0 1 2-1zm1 3V3a1 1 0 0 0-2 0v1h2z\"\/><\/svg>Voir le produit<\/span><p class=\"rapido\">Fleurs fra\u00eeches<\/p><\/div><div class=\"lp-produit\"><div class=\"lp-thumbnail-wrapper\"><img loading=\"lazy\" decoding=\"async\" width=\"300\" height=\"300\" src=\"https:\/\/www.interflora.fr\/blog\/wp-content\/uploads\/2025\/05\/B2BDP-800Wx800H-0-1-300x300.jpg\" class=\"attachment-medium size-medium wp-post-image\" alt=\"\" srcset=\"https:\/\/www.interflora.fr\/blog\/wp-content\/uploads\/2025\/05\/B2BDP-800Wx800H-0-1-300x300.jpg 300w, https:\/\/www.interflora.fr\/blog\/wp-content\/uploads\/2025\/05\/B2BDP-800Wx800H-0-1-150x150.jpg 150w, https:\/\/www.interflora.fr\/blog\/wp-content\/uploads\/2025\/05\/B2BDP-800Wx800H-0-1-768x768.jpg 768w, https:\/\/www.interflora.fr\/blog\/wp-content\/uploads\/2025\/05\/B2BDP-800Wx800H-0-1.jpg 800w\" sizes=\"auto, (max-width: 300px) 100vw, 300px\" \/><img decoding=\"async\" class=\"lp-badge\" src=\"https:\/\/www.interflora.fr\/blog\/wp-content\/uploads\/2025\/06\/logo-circle.png\" alt=\"Livraison rapide Interflora\"><\/div><span>Brass\u00e9e de pivoines vari\u00e9es<\/span><p>39.95 \u20ac<\/p><span class=\"obf-link lp-cta\" role=\"link\" tabindex=\"0\" data-b64=\"aHR0cHM6Ly93d3cuaW50ZXJmbG9yYS5mci9wL2JyYXNzZWUtcGl2b2luZXMvMS9GUj91dG1fbWVkaXVtPW9yZ2FuaWMmdXRtX3NvdXJjZT1ibG9nX3Byb2R1Y3RzJnV0bV9jYW1wYWlnbj1CMkJEUA==\" data-target=\"_blank\"><svg xmlns=\"http:\/\/www.w3.org\/2000\/svg\" width=\"16\" height=\"16\" fill=\"currentColor\" class=\"bi bi-bag\" viewBox=\"0 0 16 16\"><path d=\"M8 1a2 2 0 0 1 2 2v1h2.5A1.5 1.5 0 0 1 14 5.5v8A1.5 1.5 0 0 1 12.5 15h-9A1.5 1.5 0 0 1 2 13.5v-8A1.5 1.5 0 0 1 3.5 3H6V2a2 2 0 0 1 2-1zm1 3V3a1 1 0 0 0-2 0v1h2z\"\/><\/svg>Voir le produit<\/span><p class=\"rapido\">Livraison rapide<\/p><\/div><div class=\"lp-produit\"><div class=\"lp-thumbnail-wrapper\"><img loading=\"lazy\" decoding=\"async\" width=\"300\" height=\"300\" src=\"https:\/\/www.interflora.fr\/blog\/wp-content\/uploads\/2026\/04\/B2BDPC2-800Wx800H-0-1-300x300.jpg\" class=\"attachment-medium size-medium wp-post-image\" alt=\"\" srcset=\"https:\/\/www.interflora.fr\/blog\/wp-content\/uploads\/2026\/04\/B2BDPC2-800Wx800H-0-1-300x300.jpg 300w, https:\/\/www.interflora.fr\/blog\/wp-content\/uploads\/2026\/04\/B2BDPC2-800Wx800H-0-1-150x150.jpg 150w, https:\/\/www.interflora.fr\/blog\/wp-content\/uploads\/2026\/04\/B2BDPC2-800Wx800H-0-1-768x768.jpg 768w, https:\/\/www.interflora.fr\/blog\/wp-content\/uploads\/2026\/04\/B2BDPC2-800Wx800H-0-1.jpg 800w\" sizes=\"auto, (max-width: 300px) 100vw, 300px\" \/><img decoding=\"async\" class=\"lp-badge\" src=\"https:\/\/www.interflora.fr\/blog\/wp-content\/uploads\/2025\/06\/logo-circle.png\" alt=\"Livraison rapide Interflora\"><\/div><span>Brass\u00e9e de pivoines vari\u00e9es et ses chocolats<\/span><p>60.95 \u20ac<\/p><span class=\"obf-link lp-cta\" role=\"link\" tabindex=\"0\" data-b64=\"aHR0cHM6Ly93d3cuaW50ZXJmbG9yYS5mci9wL3Bpdm9pbmUtY2hvY29sYXQvMS9GUj91dG1fbWVkaXVtPW9yZ2FuaWMmdXRtX3NvdXJjZT1ibG9nX3Byb2R1Y3RzJnV0bV9jYW1wYWlnbj1CMkJEUEMy\" data-target=\"_blank\"><svg xmlns=\"http:\/\/www.w3.org\/2000\/svg\" width=\"16\" height=\"16\" fill=\"currentColor\" class=\"bi bi-bag\" viewBox=\"0 0 16 16\"><path d=\"M8 1a2 2 0 0 1 2 2v1h2.5A1.5 1.5 0 0 1 14 5.5v8A1.5 1.5 0 0 1 12.5 15h-9A1.5 1.5 0 0 1 2 13.5v-8A1.5 1.5 0 0 1 3.5 3H6V2a2 2 0 0 1 2-1zm1 3V3a1 1 0 0 0-2 0v1h2z\"\/><\/svg>Voir le produit<\/span><p class=\"rapido\">Livraison rapide<\/p><\/div><\/div>\n","protected":false},"excerpt":{"rendered":"<p>Somptueuse fleur au parfum enivrant, la pivoine est r\u00e9put\u00e9e robuste. Cependant, cela ne l\u2019emp\u00eache pas d\u2019avoir besoin de bonnes conditions [&hellip;]<\/p>\n","protected":false},"author":1,"featured_media":58344,"comment_status":"open","ping_status":"open","sticky":false,"template":"","format":"standard","meta":{"_uag_custom_page_level_css":"","site-sidebar-layout":"default","site-content-layout":"","ast-site-content-layout":"default","site-content-style":"default","site-sidebar-style":"default","ast-global-header-display":"","ast-banner-title-visibility":"","ast-main-header-display":"","ast-hfb-above-header-display":"","ast-hfb-below-header-display":"","ast-hfb-mobile-header-display":"","site-post-title":"","ast-breadcrumbs-content":"","ast-featured-img":"","footer-sml-layout":"","ast-disable-related-posts":"","theme-transparent-header-meta":"","adv-header-id-meta":"","stick-header-meta":"","header-above-stick-meta":"","header-main-stick-meta":"","header-below-stick-meta":"","astra-migrate-meta-layouts":"set","ast-page-background-enabled":"default","ast-page-background-meta":{"desktop":{"background-color":"var(--ast-global-color-5)","background-image":"","background-repeat":"repeat","background-position":"center center","background-size":"auto","background-attachment":"scroll","background-type":"","background-media":"","overlay-type":"","overlay-color":"","overlay-opacity":"","overlay-gradient":""},"tablet":{"background-color":"","background-image":"","background-repeat":"repeat","background-position":"center center","background-size":"auto","background-attachment":"scroll","background-type":"","background-media":"","overlay-type":"","overlay-color":"","overlay-opacity":"","overlay-gradient":""},"mobile":{"background-color":"","background-image":"","background-repeat":"repeat","background-position":"center center","background-size":"auto","background-attachment":"scroll","background-type":"","background-media":"","overlay-type":"","overlay-color":"","overlay-opacity":"","overlay-gradient":""}},"ast-content-background-meta":{"desktop":{"background-color":"var(--ast-global-color-4)","background-image":"","background-repeat":"repeat","background-position":"center center","background-size":"auto","background-attachment":"scroll","background-type":"","background-media":"","overlay-type":"","overlay-color":"","overlay-opacity":"","overlay-gradient":""},"tablet":{"background-color":"var(--ast-global-color-4)","background-image":"","background-repeat":"repeat","background-position":"center center","background-size":"auto","background-attachment":"scroll","background-type":"","background-media":"","overlay-type":"","overlay-color":"","overlay-opacity":"","overlay-gradient":""},"mobile":{"background-color":"var(--ast-global-color-4)","background-image":"","background-repeat":"repeat","background-position":"center center","background-size":"auto","background-attachment":"scroll","background-type":"","background-media":"","overlay-type":"","overlay-color":"","overlay-opacity":"","overlay-gradient":""}},"footnotes":""},"categories":[183,168,348],"tags":[349],"class_list":["post-44555","post","type-post","status-publish","format-standard","has-post-thumbnail","hentry","category-fleurs","category-fleurs-massifs","category-pivoine","tag-pivoine"],"uagb_featured_image_src":{"full":["https:\/\/www.interflora.fr\/blog\/wp-content\/uploads\/2026\/03\/bouquet-avec-des-pivoines-deco.jpg",533,800,false],"thumbnail":["https:\/\/www.interflora.fr\/blog\/wp-content\/uploads\/2026\/03\/bouquet-avec-des-pivoines-deco-150x150.jpg",150,150,true],"medium":["https:\/\/www.interflora.fr\/blog\/wp-content\/uploads\/2026\/03\/bouquet-avec-des-pivoines-deco-200x300.jpg",200,300,true],"medium_large":["https:\/\/www.interflora.fr\/blog\/wp-content\/uploads\/2026\/03\/bouquet-avec-des-pivoines-deco.jpg",533,800,false],"large":["https:\/\/www.interflora.fr\/blog\/wp-content\/uploads\/2026\/03\/bouquet-avec-des-pivoines-deco.jpg",533,800,false],"1536x1536":["https:\/\/www.interflora.fr\/blog\/wp-content\/uploads\/2026\/03\/bouquet-avec-des-pivoines-deco.jpg",533,800,false],"2048x2048":["https:\/\/www.interflora.fr\/blog\/wp-content\/uploads\/2026\/03\/bouquet-avec-des-pivoines-deco.jpg",533,800,false]},"uagb_author_info":{"display_name":"admin","author_link":"https:\/\/www.interflora.fr\/blog\/author\/admin\/"},"uagb_comment_info":0,"uagb_excerpt":"Somptueuse fleur au parfum enivrant, la pivoine est r\u00e9put\u00e9e robuste. Cependant, cela ne l\u2019emp\u00eache pas d\u2019avoir besoin de bonnes conditions [&hellip;]","yoast_meta":{"title":"Comment faire fleurir les pivoines : garantir la floraison des pivoines | Interflora","description":"D\u00e9couvrez les astuces infaillibles pour garantir une floraison spectaculaire de vos pivoines ann\u00e9e apr\u00e8s ann\u00e9e !"},"_links":{"self":[{"href":"https:\/\/www.interflora.fr\/blog\/wp-json\/wp\/v2\/posts\/44555","targetHints":{"allow":["GET"]}}],"collection":[{"href":"https:\/\/www.interflora.fr\/blog\/wp-json\/wp\/v2\/posts"}],"about":[{"href":"https:\/\/www.interflora.fr\/blog\/wp-json\/wp\/v2\/types\/post"}],"author":[{"embeddable":true,"href":"https:\/\/www.interflora.fr\/blog\/wp-json\/wp\/v2\/users\/1"}],"replies":[{"embeddable":true,"href":"https:\/\/www.interflora.fr\/blog\/wp-json\/wp\/v2\/comments?post=44555"}],"version-history":[{"count":1,"href":"https:\/\/www.interflora.fr\/blog\/wp-json\/wp\/v2\/posts\/44555\/revisions"}],"predecessor-version":[{"id":58400,"href":"https:\/\/www.interflora.fr\/blog\/wp-json\/wp\/v2\/posts\/44555\/revisions\/58400"}],"wp:featuredmedia":[{"embeddable":true,"href":"https:\/\/www.interflora.fr\/blog\/wp-json\/wp\/v2\/media\/58344"}],"wp:attachment":[{"href":"https:\/\/www.interflora.fr\/blog\/wp-json\/wp\/v2\/media?parent=44555"}],"wp:term":[{"taxonomy":"category","embeddable":true,"href":"https:\/\/www.interflora.fr\/blog\/wp-json\/wp\/v2\/categories?post=44555"},{"taxonomy":"post_tag","embeddable":true,"href":"https:\/\/www.interflora.fr\/blog\/wp-json\/wp\/v2\/tags?post=44555"}],"curies":[{"name":"wp","href":"https:\/\/api.w.org\/{rel}","templated":true}]}}