{"id":44168,"date":"2025-04-08T10:30:00","date_gmt":"2025-04-08T08:30:00","guid":{"rendered":"https:\/\/www.interflora.fr\/blog\/?p=44168"},"modified":"2026-03-05T16:33:01","modified_gmt":"2026-03-05T15:33:01","slug":"transplanter-pivoines","status":"publish","type":"post","link":"https:\/\/www.interflora.fr\/blog\/transplanter-pivoines\/","title":{"rendered":"Transplanter ses pivoines : techniques pour d\u00e9placer ou diviser vos plans de pivoine"},"content":{"rendered":"\n<p>Vous avez tr\u00e8s certainement d\u00e9j\u00e0 entendu dire qu\u2019il ne faut pas <strong>d\u00e9terrer et replanter une pivoine<\/strong>. En effet, <strong>t<\/strong><strong>ransplanter des pivoines<\/strong> peut sembler \u00eatre une t\u00e2che simple, mais cela n\u00e9cessite en r\u00e9alit\u00e9 une certaine pr\u00e9paration et quelques pr\u00e9cautions pour assurer le succ\u00e8s de l&rsquo;op\u00e9ration. Mais ne vous en faites pas, nous vous avons pr\u00e9par\u00e9 nos meilleurs conseils pour <strong>d\u00e9placer une pivoine sans l\u2019ab\u00eemer<\/strong>. Transplantation, division, rempotage\u2026 Vous verrez, ce n\u2019est pas si compliqu\u00e9&nbsp;!<\/p>\n\n\n\n<h2 class=\"wp-block-heading\">La transplantation de la pivoine&nbsp;: est-ce difficile de d\u00e9placer une pivoine&nbsp;?<\/h2>\n\n\n\n<p>Il est vrai que <strong>transplanter une pivoine ne lui sied gu\u00e8re<\/strong>. Il faudra patienter minimum un an, souvent m\u00eame deux ou trois, apr\u00e8s une transplantation pour la voir fleurir \u00e0 nouveau.<\/p>\n\n\n\n<p>Les principales raisons sont li\u00e9es \u00e0 la fragilit\u00e9 de ses racines et \u00e0 son besoin de conditions d\u2019emplacement optimales.<\/p>\n\n\n\n<p>Pourtant, les raisons motivant \u00e0 d\u00e9placer des pivoines sont multiples&nbsp;:<\/p>\n\n\n\n<ul class=\"wp-block-list\">\n<li>L\u2019emplacement choisi initialement n\u2019est pas id\u00e9al (ensoleillement, sol\u2026).<\/li>\n\n\n\n<li>Vous d\u00e9sirez r\u00e9am\u00e9nager votre ext\u00e9rieur.<\/li>\n\n\n\n<li>Les <a href=\"https:\/\/www.interflora.fr\/blog\/pivoine\/\">pivoines en pot<\/a> se sont bien d\u00e9velopp\u00e9es et elles ont besoin de plus d\u2019espace.<\/li>\n\n\n\n<li>Vous d\u00e9m\u00e9nagez et souhaitez emporter vos magnifiques fleurs dans votre nouveau jardin.<\/li>\n\n\n\n<li>Les pivoines sont vieillissantes et ont besoin d\u2019\u00eatre stimul\u00e9es pour prolonger leur dur\u00e9e de vie.<\/li>\n<\/ul>\n\n\n\n<p>Alors, sans plus attendre, place aux conseils.<\/p>\n\n\n<div class=\"lp-produits-grid\"><div class=\"lp-produit\"><div class=\"lp-thumbnail-wrapper\"><img loading=\"lazy\" decoding=\"async\" width=\"300\" height=\"300\" src=\"https:\/\/www.interflora.fr\/blog\/wp-content\/uploads\/2025\/05\/2LIB-800Wx800H-0-1-25-300x300.jpg\" class=\"attachment-medium size-medium wp-post-image\" alt=\"\" srcset=\"https:\/\/www.interflora.fr\/blog\/wp-content\/uploads\/2025\/05\/2LIB-800Wx800H-0-1-25-300x300.jpg 300w, https:\/\/www.interflora.fr\/blog\/wp-content\/uploads\/2025\/05\/2LIB-800Wx800H-0-1-25-150x150.jpg 150w, https:\/\/www.interflora.fr\/blog\/wp-content\/uploads\/2025\/05\/2LIB-800Wx800H-0-1-25-768x768.jpg 768w, https:\/\/www.interflora.fr\/blog\/wp-content\/uploads\/2025\/05\/2LIB-800Wx800H-0-1-25.jpg 800w\" sizes=\"auto, (max-width: 300px) 100vw, 300px\" \/><img decoding=\"async\" class=\"lp-badge\" src=\"https:\/\/www.interflora.fr\/blog\/wp-content\/uploads\/2025\/06\/logo-circle.png\" alt=\"Livraison rapide Interflora\"><\/div><span>Bouquet Taureau<\/span><p>47.95 \u20ac<\/p><span class=\"obf-link lp-cta\" role=\"link\" tabindex=\"0\" data-b64=\"aHR0cHM6Ly93d3cuaW50ZXJmbG9yYS5mci9wL2JvdXF1ZXQtbGliZXJ0eS8xL0ZSP3V0bV9tZWRpdW09b3JnYW5pYyZ1dG1fc291cmNlPWJsb2dfcHJvZHVjdHMmdXRtX2NhbXBhaWduPTJMSUI=\" data-target=\"_blank\"><svg xmlns=\"http:\/\/www.w3.org\/2000\/svg\" width=\"16\" height=\"16\" fill=\"currentColor\" class=\"bi bi-bag\" viewBox=\"0 0 16 16\"><path d=\"M8 1a2 2 0 0 1 2 2v1h2.5A1.5 1.5 0 0 1 14 5.5v8A1.5 1.5 0 0 1 12.5 15h-9A1.5 1.5 0 0 1 2 13.5v-8A1.5 1.5 0 0 1 3.5 3H6V2a2 2 0 0 1 2-1zm1 3V3a1 1 0 0 0-2 0v1h2z\"\/><\/svg>Voir le produit<\/span><p class=\"rapido\">Fleurs fra\u00eeches<\/p><\/div><div class=\"lp-produit\"><div class=\"lp-thumbnail-wrapper\"><img loading=\"lazy\" decoding=\"async\" width=\"300\" height=\"300\" src=\"https:\/\/www.interflora.fr\/blog\/wp-content\/uploads\/2025\/05\/B2BDP-800Wx800H-0-1-300x300.jpg\" class=\"attachment-medium size-medium wp-post-image\" alt=\"\" srcset=\"https:\/\/www.interflora.fr\/blog\/wp-content\/uploads\/2025\/05\/B2BDP-800Wx800H-0-1-300x300.jpg 300w, https:\/\/www.interflora.fr\/blog\/wp-content\/uploads\/2025\/05\/B2BDP-800Wx800H-0-1-150x150.jpg 150w, https:\/\/www.interflora.fr\/blog\/wp-content\/uploads\/2025\/05\/B2BDP-800Wx800H-0-1-768x768.jpg 768w, https:\/\/www.interflora.fr\/blog\/wp-content\/uploads\/2025\/05\/B2BDP-800Wx800H-0-1.jpg 800w\" sizes=\"auto, (max-width: 300px) 100vw, 300px\" \/><img decoding=\"async\" class=\"lp-badge\" src=\"https:\/\/www.interflora.fr\/blog\/wp-content\/uploads\/2025\/06\/logo-circle.png\" alt=\"Livraison rapide Interflora\"><\/div><span>Brass\u00e9e de pivoines vari\u00e9es<\/span><p>39.95 \u20ac<\/p><span class=\"obf-link lp-cta\" role=\"link\" tabindex=\"0\" data-b64=\"aHR0cHM6Ly93d3cuaW50ZXJmbG9yYS5mci9wL2JyYXNzZWUtcGl2b2luZXMvMS9GUj91dG1fbWVkaXVtPW9yZ2FuaWMmdXRtX3NvdXJjZT1ibG9nX3Byb2R1Y3RzJnV0bV9jYW1wYWlnbj1CMkJEUA==\" data-target=\"_blank\"><svg xmlns=\"http:\/\/www.w3.org\/2000\/svg\" width=\"16\" height=\"16\" fill=\"currentColor\" class=\"bi bi-bag\" viewBox=\"0 0 16 16\"><path d=\"M8 1a2 2 0 0 1 2 2v1h2.5A1.5 1.5 0 0 1 14 5.5v8A1.5 1.5 0 0 1 12.5 15h-9A1.5 1.5 0 0 1 2 13.5v-8A1.5 1.5 0 0 1 3.5 3H6V2a2 2 0 0 1 2-1zm1 3V3a1 1 0 0 0-2 0v1h2z\"\/><\/svg>Voir le produit<\/span><p class=\"rapido\">Fleurs fra\u00eeches<\/p><\/div><div class=\"lp-produit\"><div class=\"lp-thumbnail-wrapper\"><img loading=\"lazy\" decoding=\"async\" width=\"300\" height=\"300\" src=\"https:\/\/www.interflora.fr\/blog\/wp-content\/uploads\/2025\/05\/1SEN-800Wx800H-0-1-25-300x300.jpg\" class=\"attachment-medium size-medium wp-post-image\" alt=\"\" srcset=\"https:\/\/www.interflora.fr\/blog\/wp-content\/uploads\/2025\/05\/1SEN-800Wx800H-0-1-25-300x300.jpg 300w, https:\/\/www.interflora.fr\/blog\/wp-content\/uploads\/2025\/05\/1SEN-800Wx800H-0-1-25-150x150.jpg 150w, https:\/\/www.interflora.fr\/blog\/wp-content\/uploads\/2025\/05\/1SEN-800Wx800H-0-1-25-768x768.jpg 768w, https:\/\/www.interflora.fr\/blog\/wp-content\/uploads\/2025\/05\/1SEN-800Wx800H-0-1-25.jpg 800w\" sizes=\"auto, (max-width: 300px) 100vw, 300px\" \/><img decoding=\"async\" class=\"lp-badge\" src=\"https:\/\/www.interflora.fr\/blog\/wp-content\/uploads\/2025\/06\/logo-circle.png\" alt=\"Livraison rapide Interflora\"><\/div><span>Joyeux anniversaire<\/span><p>42.95 \u20ac<\/p><span class=\"obf-link lp-cta\" role=\"link\" tabindex=\"0\" data-b64=\"aHR0cHM6Ly93d3cuaW50ZXJmbG9yYS5mci9wL3Jvc2VzLXNlbnRpbWVudC8xL0ZSP3V0bV9tZWRpdW09b3JnYW5pYyZ1dG1fc291cmNlPWJsb2dfcHJvZHVjdHMmdXRtX2NhbXBhaWduPTFTRU4=\" data-target=\"_blank\"><svg xmlns=\"http:\/\/www.w3.org\/2000\/svg\" width=\"16\" height=\"16\" fill=\"currentColor\" class=\"bi bi-bag\" viewBox=\"0 0 16 16\"><path d=\"M8 1a2 2 0 0 1 2 2v1h2.5A1.5 1.5 0 0 1 14 5.5v8A1.5 1.5 0 0 1 12.5 15h-9A1.5 1.5 0 0 1 2 13.5v-8A1.5 1.5 0 0 1 3.5 3H6V2a2 2 0 0 1 2-1zm1 3V3a1 1 0 0 0-2 0v1h2z\"\/><\/svg>Voir le produit<\/span><p class=\"rapido\">Livraison rapide<\/p><\/div><div class=\"lp-produit\"><div class=\"lp-thumbnail-wrapper\"><img loading=\"lazy\" decoding=\"async\" width=\"300\" height=\"300\" src=\"https:\/\/www.interflora.fr\/blog\/wp-content\/uploads\/2025\/09\/2DP-800Wx800H-0-1-25-300x300.jpg\" class=\"attachment-medium size-medium wp-post-image\" alt=\"\" srcset=\"https:\/\/www.interflora.fr\/blog\/wp-content\/uploads\/2025\/09\/2DP-800Wx800H-0-1-25-300x300.jpg 300w, https:\/\/www.interflora.fr\/blog\/wp-content\/uploads\/2025\/09\/2DP-800Wx800H-0-1-25-150x150.jpg 150w, https:\/\/www.interflora.fr\/blog\/wp-content\/uploads\/2025\/09\/2DP-800Wx800H-0-1-25-768x768.jpg 768w, https:\/\/www.interflora.fr\/blog\/wp-content\/uploads\/2025\/09\/2DP-800Wx800H-0-1-25.jpg 800w\" sizes=\"auto, (max-width: 300px) 100vw, 300px\" \/><img decoding=\"async\" class=\"lp-badge\" src=\"https:\/\/www.interflora.fr\/blog\/wp-content\/uploads\/2025\/06\/logo-circle.png\" alt=\"Livraison rapide Interflora\"><\/div><span>Douceur poudr\u00e9e<\/span><p>31.95 \u20ac<\/p><span class=\"obf-link lp-cta\" role=\"link\" tabindex=\"0\" data-b64=\"aHR0cHM6Ly93d3cuaW50ZXJmbG9yYS5mci9wL2RvdWNldXItcG91ZHJlZS8xL0ZSP3V0bV9tZWRpdW09b3JnYW5pYyZ1dG1fc291cmNlPWJsb2dfcHJvZHVjdHMmdXRtX2NhbXBhaWduPTJEUA==\" data-target=\"_blank\"><svg xmlns=\"http:\/\/www.w3.org\/2000\/svg\" width=\"16\" height=\"16\" fill=\"currentColor\" class=\"bi bi-bag\" viewBox=\"0 0 16 16\"><path d=\"M8 1a2 2 0 0 1 2 2v1h2.5A1.5 1.5 0 0 1 14 5.5v8A1.5 1.5 0 0 1 12.5 15h-9A1.5 1.5 0 0 1 2 13.5v-8A1.5 1.5 0 0 1 3.5 3H6V2a2 2 0 0 1 2-1zm1 3V3a1 1 0 0 0-2 0v1h2z\"\/><\/svg>Voir le produit<\/span><p class=\"rapido\">Fleurs fra\u00eeches<\/p><\/div><\/div>\n\n\n\n<div class=\"wp-block-buttons is-content-justification-center is-layout-flex wp-container-core-buttons-is-layout-a89b3969 wp-block-buttons-is-layout-flex\">\n<div class=\"wp-block-button\"><a class=\"wp-block-button__link has-text-align-center wp-element-button\" href=\"https:\/\/www.interflora.fr\/c\/bouquet-pivoines\">Nos bouquets de pivoines<\/a><\/div>\n<\/div>\n\n\n\n<h2 class=\"wp-block-heading\">O\u00f9 planter une pivoine&nbsp;?<\/h2>\n\n\n\n<p>L&#8217;emplacement choisi pour <a href=\"https:\/\/www.interflora.fr\/blog\/pivoine\/\">planter une pivoine<\/a> joue un r\u00f4le crucial dans sa croissance et sa floraison futures. Voici quelques consid\u00e9rations \u00e0 prendre en compte pour choisir le meilleur endroit pour vos pivoines.<\/p>\n\n\n\n<h3 class=\"wp-block-heading\">Le c\u00f4t\u00e9 esth\u00e9tique<\/h3>\n\n\n\n<p>La floraison spectaculaire des pivoines et leurs feuilles luxuriantes en font des plantes d&rsquo;ornement id\u00e9ales pour <strong>embellir les espaces ext\u00e9rieurs<\/strong>.<\/p>\n\n\n\n<p>On les retrouve g\u00e9n\u00e9ralement <strong>au bord d\u2019une all\u00e9e ou d\u2019une terrasse<\/strong>, ou <strong>en massif<\/strong>. Il faut veiller \u00e0 ce qu\u2019elles aient suffisamment de place autour d\u2019elles pour ne pas \u00eatre concurrenc\u00e9es par d\u2019autres racines de vivaces ou d\u2019arbustes. Les pivoines aiment avoir de l\u2019espace. \u00c0 sa taille maximale, elle peut occuper 2&nbsp;m\u00b2 au niveau du sol.<\/p>\n\n\n\n<p>Si elles s\u2019\u00e9panouissent au jardin, elles trouvent \u00e9galement leur place en pot. Mais attention, <strong>pour cultiver des pivoines en pot, il faut choisir des pivoines herbac\u00e9es<\/strong>&nbsp;; les pivoines arbustives ne s\u2019y plaisant pas du tout.<\/p>\n\n\n\n<figure class=\"wp-block-image aligncenter size-full is-resized\"><img loading=\"lazy\" decoding=\"async\" width=\"800\" height=\"533\" src=\"https:\/\/www.interflora.fr\/blog\/wp-content\/uploads\/2026\/03\/nos-belles-pivoines-fete-des-meres.jpg\" alt=\"Nos belles pivoines de pr\u00e8s\" class=\"wp-image-58367\" style=\"aspect-ratio:1.500982087889537;object-fit:cover;width:600px\" srcset=\"https:\/\/www.interflora.fr\/blog\/wp-content\/uploads\/2026\/03\/nos-belles-pivoines-fete-des-meres.jpg 800w, https:\/\/www.interflora.fr\/blog\/wp-content\/uploads\/2026\/03\/nos-belles-pivoines-fete-des-meres-300x200.jpg 300w, https:\/\/www.interflora.fr\/blog\/wp-content\/uploads\/2026\/03\/nos-belles-pivoines-fete-des-meres-768x512.jpg 768w\" sizes=\"auto, (max-width: 800px) 100vw, 800px\" \/><\/figure>\n\n\n\n<h3 class=\"wp-block-heading\">Les exigences de la pivoine<\/h3>\n\n\n\n<p>La pivoine a besoin de certaines conditions pour se d\u00e9velopper correctement et fleurir g\u00e9n\u00e9reusement.<\/p>\n\n\n\n<p>Le terrain doit avoir un <strong>sol bien drain\u00e9, frais et humif\u00e8re<\/strong>.<\/p>\n\n\n\n<p>L\u2019emplacement pour la <a href=\"https:\/\/www.interflora.fr\/blog\/plantation-des-pivoines\/\">plantation de pivoines<\/a> doit \u00eatre <strong>bien ensoleill\u00e9 et \u00e0 l\u2019abri du vent<\/strong>. Dans les r\u00e9gions les plus chaudes, le soleil d\u2019\u00e9t\u00e9 peut br\u00fbler les p\u00e9tales. Il vaut mieux alors choisir un endroit o\u00f9 un l\u00e9ger feuillage fera un peu d\u2019ombre aux pivoines. Ainsi elles pourront profiter du soleil sans en souffrir.<\/p>\n\n\n\n<p>Au vu de ces exigences, il est donc important de se questionner sur le choix de l\u2019emplacement d\u00e8s le d\u00e9part pour \u00e9viter d\u2019avoir \u00e0 <strong>transplanter vos pivoines<\/strong>.<\/p>\n\n\n\n<h2 class=\"wp-block-heading\">Quand et comment d\u00e9placer des pivoines&nbsp;?<\/h2>\n\n\n\n<p>Quelques conseils sur le moment opportun pour transplanter des pivoines et la mani\u00e8re de proc\u00e9der efficacement ne seront pas de trop.<\/p>\n\n\n\n<h3 class=\"wp-block-heading\">Quand transplanter des pivoines&nbsp;?<\/h3>\n\n\n\n<p><strong>Le meilleur moment pour d\u00e9placer des pivoines est g\u00e9n\u00e9ralement \u00e0 l\u2019automne<\/strong>, apr\u00e8s que la plante ait termin\u00e9 sa p\u00e9riode de floraison. \u00c0 ce stade, elle entre en dormance et est moins sensible aux perturbations caus\u00e9es par la transplantation. Cependant, si n\u00e9cessaire, vous pouvez \u00e9galement transplanter des pivoines au printemps, avant qu\u2019elles ne commencent \u00e0 pousser activement.<\/p>\n\n\n\n<figure class=\"wp-block-image aligncenter size-full is-resized\"><img loading=\"lazy\" decoding=\"async\" width=\"800\" height=\"533\" src=\"https:\/\/www.interflora.fr\/blog\/wp-content\/uploads\/2026\/03\/nos-belles-pivoines-deco-table.jpg\" alt=\"belles pivoines roses en d\u00e9coration sur une table\" class=\"wp-image-58363\" style=\"width:600px\" srcset=\"https:\/\/www.interflora.fr\/blog\/wp-content\/uploads\/2026\/03\/nos-belles-pivoines-deco-table.jpg 800w, https:\/\/www.interflora.fr\/blog\/wp-content\/uploads\/2026\/03\/nos-belles-pivoines-deco-table-300x200.jpg 300w, https:\/\/www.interflora.fr\/blog\/wp-content\/uploads\/2026\/03\/nos-belles-pivoines-deco-table-768x512.jpg 768w\" sizes=\"auto, (max-width: 800px) 100vw, 800px\" \/><\/figure>\n\n\n\n<h3 class=\"wp-block-heading\">Comment repiquer des plants de pivoines ?<\/h3>\n\n\n\n<ol class=\"wp-block-list\">\n<li>Pr\u00e9parez le sol du nouvel emplacement avant de d\u00e9terrer la pivoine&nbsp;:\n<ul class=\"wp-block-list\">\n<li>Assurez-vous que le drainage est ad\u00e9quat.<\/li>\n\n\n\n<li>Enrichissez le sol avec du compost ou du fumier bien d\u00e9compos\u00e9 si n\u00e9cessaire.<\/li>\n<\/ul>\n<\/li>\n\n\n\n<li>D\u00e9terrez-la avec pr\u00e9caution en creusant large pour ne pas endommager ses racines.<\/li>\n\n\n\n<li>D\u00e9placez la pivoine&nbsp;:\n<ul class=\"wp-block-list\">\n<li>Veillez \u00e0 conserver la motte intacte.<\/li>\n\n\n\n<li>D\u00e9posez-la \u00e0 une profondeur \u00e9quivalente \u00e0 son ancien emplacement.<\/li>\n\n\n\n<li>Comblez le trou avec un m\u00e9lange de terreau et de terre.<\/li>\n\n\n\n<li>Tassez l\u00e9g\u00e8rement pour limiter les poches d\u2019air.<\/li>\n<\/ul>\n<\/li>\n\n\n\n<li>Arrosez abondamment apr\u00e8s la transplantation pour favoriser l\u2019enracinement.<\/li>\n\n\n\n<li>Continuez \u00e0 arroser r\u00e9guli\u00e8rement durant les premi\u00e8res semaines pour l\u2019aider \u00e0 s\u2019\u00e9tablir dans son nouvel emplacement.<\/li>\n<\/ol>\n\n\n<div class=\"lp-produits-grid\"><div class=\"lp-produit\"><div class=\"lp-thumbnail-wrapper\"><img loading=\"lazy\" decoding=\"async\" width=\"300\" height=\"300\" src=\"https:\/\/www.interflora.fr\/blog\/wp-content\/uploads\/2026\/04\/B2BDPC2-800Wx800H-0-1-300x300.jpg\" class=\"attachment-medium size-medium wp-post-image\" alt=\"\" srcset=\"https:\/\/www.interflora.fr\/blog\/wp-content\/uploads\/2026\/04\/B2BDPC2-800Wx800H-0-1-300x300.jpg 300w, https:\/\/www.interflora.fr\/blog\/wp-content\/uploads\/2026\/04\/B2BDPC2-800Wx800H-0-1-150x150.jpg 150w, https:\/\/www.interflora.fr\/blog\/wp-content\/uploads\/2026\/04\/B2BDPC2-800Wx800H-0-1-768x768.jpg 768w, https:\/\/www.interflora.fr\/blog\/wp-content\/uploads\/2026\/04\/B2BDPC2-800Wx800H-0-1.jpg 800w\" sizes=\"auto, (max-width: 300px) 100vw, 300px\" \/><img decoding=\"async\" class=\"lp-badge\" src=\"https:\/\/www.interflora.fr\/blog\/wp-content\/uploads\/2025\/06\/logo-circle.png\" alt=\"Livraison rapide Interflora\"><\/div><span>Brass\u00e9e de pivoines vari\u00e9es et ses chocolats<\/span><p>60.95 \u20ac<\/p><span class=\"obf-link lp-cta\" role=\"link\" tabindex=\"0\" data-b64=\"aHR0cHM6Ly93d3cuaW50ZXJmbG9yYS5mci9wL3Bpdm9pbmUtY2hvY29sYXQvMS9GUj91dG1fbWVkaXVtPW9yZ2FuaWMmdXRtX3NvdXJjZT1ibG9nX3Byb2R1Y3RzJnV0bV9jYW1wYWlnbj1CMkJEUEMy\" data-target=\"_blank\"><svg xmlns=\"http:\/\/www.w3.org\/2000\/svg\" width=\"16\" height=\"16\" fill=\"currentColor\" class=\"bi bi-bag\" viewBox=\"0 0 16 16\"><path d=\"M8 1a2 2 0 0 1 2 2v1h2.5A1.5 1.5 0 0 1 14 5.5v8A1.5 1.5 0 0 1 12.5 15h-9A1.5 1.5 0 0 1 2 13.5v-8A1.5 1.5 0 0 1 3.5 3H6V2a2 2 0 0 1 2-1zm1 3V3a1 1 0 0 0-2 0v1h2z\"\/><\/svg>Voir le produit<\/span><p class=\"rapido\">Livraison rapide<\/p><\/div><div class=\"lp-produit\"><div class=\"lp-thumbnail-wrapper\"><img loading=\"lazy\" decoding=\"async\" width=\"300\" height=\"300\" src=\"https:\/\/www.interflora.fr\/blog\/wp-content\/uploads\/2025\/05\/B2BDP-800Wx800H-0-1-300x300.jpg\" class=\"attachment-medium size-medium wp-post-image\" alt=\"\" srcset=\"https:\/\/www.interflora.fr\/blog\/wp-content\/uploads\/2025\/05\/B2BDP-800Wx800H-0-1-300x300.jpg 300w, https:\/\/www.interflora.fr\/blog\/wp-content\/uploads\/2025\/05\/B2BDP-800Wx800H-0-1-150x150.jpg 150w, https:\/\/www.interflora.fr\/blog\/wp-content\/uploads\/2025\/05\/B2BDP-800Wx800H-0-1-768x768.jpg 768w, https:\/\/www.interflora.fr\/blog\/wp-content\/uploads\/2025\/05\/B2BDP-800Wx800H-0-1.jpg 800w\" sizes=\"auto, (max-width: 300px) 100vw, 300px\" \/><img decoding=\"async\" class=\"lp-badge\" src=\"https:\/\/www.interflora.fr\/blog\/wp-content\/uploads\/2025\/06\/logo-circle.png\" alt=\"Livraison rapide Interflora\"><\/div><span>Brass\u00e9e de pivoines vari\u00e9es<\/span><p>39.95 \u20ac<\/p><span class=\"obf-link lp-cta\" role=\"link\" tabindex=\"0\" data-b64=\"aHR0cHM6Ly93d3cuaW50ZXJmbG9yYS5mci9wL2JyYXNzZWUtcGl2b2luZXMvMS9GUj91dG1fbWVkaXVtPW9yZ2FuaWMmdXRtX3NvdXJjZT1ibG9nX3Byb2R1Y3RzJnV0bV9jYW1wYWlnbj1CMkJEUA==\" data-target=\"_blank\"><svg xmlns=\"http:\/\/www.w3.org\/2000\/svg\" width=\"16\" height=\"16\" fill=\"currentColor\" class=\"bi bi-bag\" viewBox=\"0 0 16 16\"><path d=\"M8 1a2 2 0 0 1 2 2v1h2.5A1.5 1.5 0 0 1 14 5.5v8A1.5 1.5 0 0 1 12.5 15h-9A1.5 1.5 0 0 1 2 13.5v-8A1.5 1.5 0 0 1 3.5 3H6V2a2 2 0 0 1 2-1zm1 3V3a1 1 0 0 0-2 0v1h2z\"\/><\/svg>Voir le produit<\/span><p class=\"rapido\">Fleurs fra\u00eeches<\/p><\/div><div class=\"lp-produit\"><div class=\"lp-thumbnail-wrapper\"><img loading=\"lazy\" decoding=\"async\" width=\"300\" height=\"300\" src=\"https:\/\/www.interflora.fr\/blog\/wp-content\/uploads\/2025\/09\/2DP-800Wx800H-0-1-25-300x300.jpg\" class=\"attachment-medium size-medium wp-post-image\" alt=\"\" srcset=\"https:\/\/www.interflora.fr\/blog\/wp-content\/uploads\/2025\/09\/2DP-800Wx800H-0-1-25-300x300.jpg 300w, https:\/\/www.interflora.fr\/blog\/wp-content\/uploads\/2025\/09\/2DP-800Wx800H-0-1-25-150x150.jpg 150w, https:\/\/www.interflora.fr\/blog\/wp-content\/uploads\/2025\/09\/2DP-800Wx800H-0-1-25-768x768.jpg 768w, https:\/\/www.interflora.fr\/blog\/wp-content\/uploads\/2025\/09\/2DP-800Wx800H-0-1-25.jpg 800w\" sizes=\"auto, (max-width: 300px) 100vw, 300px\" \/><img decoding=\"async\" class=\"lp-badge\" src=\"https:\/\/www.interflora.fr\/blog\/wp-content\/uploads\/2025\/06\/logo-circle.png\" alt=\"Livraison rapide Interflora\"><\/div><span>Douceur poudr\u00e9e<\/span><p>31.95 \u20ac<\/p><span class=\"obf-link lp-cta\" role=\"link\" tabindex=\"0\" data-b64=\"aHR0cHM6Ly93d3cuaW50ZXJmbG9yYS5mci9wL2RvdWNldXItcG91ZHJlZS8xL0ZSP3V0bV9tZWRpdW09b3JnYW5pYyZ1dG1fc291cmNlPWJsb2dfcHJvZHVjdHMmdXRtX2NhbXBhaWduPTJEUA==\" data-target=\"_blank\"><svg xmlns=\"http:\/\/www.w3.org\/2000\/svg\" width=\"16\" height=\"16\" fill=\"currentColor\" class=\"bi bi-bag\" viewBox=\"0 0 16 16\"><path d=\"M8 1a2 2 0 0 1 2 2v1h2.5A1.5 1.5 0 0 1 14 5.5v8A1.5 1.5 0 0 1 12.5 15h-9A1.5 1.5 0 0 1 2 13.5v-8A1.5 1.5 0 0 1 3.5 3H6V2a2 2 0 0 1 2-1zm1 3V3a1 1 0 0 0-2 0v1h2z\"\/><\/svg>Voir le produit<\/span><p class=\"rapido\">Fleurs fra\u00eeches<\/p><\/div><div class=\"lp-produit\"><div class=\"lp-thumbnail-wrapper\"><img loading=\"lazy\" decoding=\"async\" width=\"300\" height=\"300\" src=\"https:\/\/www.interflora.fr\/blog\/wp-content\/uploads\/2025\/05\/2LIB-800Wx800H-0-1-25-300x300.jpg\" class=\"attachment-medium size-medium wp-post-image\" alt=\"\" srcset=\"https:\/\/www.interflora.fr\/blog\/wp-content\/uploads\/2025\/05\/2LIB-800Wx800H-0-1-25-300x300.jpg 300w, https:\/\/www.interflora.fr\/blog\/wp-content\/uploads\/2025\/05\/2LIB-800Wx800H-0-1-25-150x150.jpg 150w, https:\/\/www.interflora.fr\/blog\/wp-content\/uploads\/2025\/05\/2LIB-800Wx800H-0-1-25-768x768.jpg 768w, https:\/\/www.interflora.fr\/blog\/wp-content\/uploads\/2025\/05\/2LIB-800Wx800H-0-1-25.jpg 800w\" sizes=\"auto, (max-width: 300px) 100vw, 300px\" \/><img decoding=\"async\" class=\"lp-badge\" src=\"https:\/\/www.interflora.fr\/blog\/wp-content\/uploads\/2025\/06\/logo-circle.png\" alt=\"Livraison rapide Interflora\"><\/div><span>Bouquet Taureau<\/span><p>47.95 \u20ac<\/p><span class=\"obf-link lp-cta\" role=\"link\" tabindex=\"0\" data-b64=\"aHR0cHM6Ly93d3cuaW50ZXJmbG9yYS5mci9wL2JvdXF1ZXQtbGliZXJ0eS8xL0ZSP3V0bV9tZWRpdW09b3JnYW5pYyZ1dG1fc291cmNlPWJsb2dfcHJvZHVjdHMmdXRtX2NhbXBhaWduPTJMSUI=\" data-target=\"_blank\"><svg xmlns=\"http:\/\/www.w3.org\/2000\/svg\" width=\"16\" height=\"16\" fill=\"currentColor\" class=\"bi bi-bag\" viewBox=\"0 0 16 16\"><path d=\"M8 1a2 2 0 0 1 2 2v1h2.5A1.5 1.5 0 0 1 14 5.5v8A1.5 1.5 0 0 1 12.5 15h-9A1.5 1.5 0 0 1 2 13.5v-8A1.5 1.5 0 0 1 3.5 3H6V2a2 2 0 0 1 2-1zm1 3V3a1 1 0 0 0-2 0v1h2z\"\/><\/svg>Voir le produit<\/span><p class=\"rapido\">Fleurs fra\u00eeches<\/p><\/div><\/div>\n\n\n\n<h2 class=\"wp-block-heading\">Quand et comment diviser les pivoines&nbsp;?<\/h2>\n\n\n\n<div class=\"wp-block-media-text has-media-on-the-right is-stacked-on-mobile\" style=\"grid-template-columns:auto 30%\"><div class=\"wp-block-media-text__content\">\n<p>Vous souhaitez diviser vos pivoines pour en faire profiter un proche, pour planter de nouveaux plants \u00e0 un autre endroit de votre jardin ou pour redonner une nouvelle jeunesse aux touffes vieillissantes\u00a0? Quelle qu\u2019en soit la raison, voici les bons gestes pour proc\u00e9der \u00e0 la division de pivoines tout en pr\u00e9servant la plante.<\/p>\n\n\n\n<h3 class=\"wp-block-heading\">Quand diviser une pivoine&nbsp;?<\/h3>\n\n\n\n<p>Tout d\u2019abord, \u00e9vitez de diviser vos pivoines pendant leur p\u00e9riode de floraison ou en plein \u00e9t\u00e9. \u00c9vitez \u00e9galement l\u2019hiver o\u00f9 <a href=\"https:\/\/www.interflora.fr\/blog\/preparer-et-proteger-pivoines-hiver\/\">les pivoines doivent \u00eatre prot\u00e9g\u00e9es du gel<\/a> et laiss\u00e9es tranquilles. Mieux vaut attendre <strong>l\u2019automne<\/strong> (entre la fin ao\u00fbt et octobre) <strong>quand la plante entre en dormance<\/strong>.<\/p>\n<\/div><figure class=\"wp-block-media-text__media\"><img loading=\"lazy\" decoding=\"async\" width=\"533\" height=\"800\" src=\"https:\/\/www.interflora.fr\/blog\/wp-content\/uploads\/2026\/03\/belles-pivoines.jpg\" alt=\"Femme tenant un bouquet de belles pivoines\" class=\"wp-image-58329 size-full\" srcset=\"https:\/\/www.interflora.fr\/blog\/wp-content\/uploads\/2026\/03\/belles-pivoines.jpg 533w, https:\/\/www.interflora.fr\/blog\/wp-content\/uploads\/2026\/03\/belles-pivoines-200x300.jpg 200w\" sizes=\"auto, (max-width: 533px) 100vw, 533px\" \/><\/figure><\/div>\n\n\n\n<h3 class=\"wp-block-heading\">Comment r\u00e9ussir la division d\u2019une pivoine&nbsp;?<\/h3>\n\n\n\n<ol class=\"wp-block-list\">\n<li>Pr\u00e9parez le nouvel emplacement en retournant et affinant la terre sur une vingtaine de centim\u00e8tres et en enrichissant le sol avec un engrais adapt\u00e9.<\/li>\n\n\n\n<li>Coupez un peu de feuillage et de tiges au niveau de la base pour y voir plus clair.<\/li>\n\n\n\n<li>Munissez-vous d\u2019une b\u00eache et plantez-la d\u2019un coup sec pour retirer une partie de la souche de la pivoine. Certaines racines seront tranch\u00e9es, c\u2019est normal.<\/li>\n\n\n\n<li>Retirez-la d\u00e9licatement du sol.<\/li>\n\n\n\n<li>Replantez la motte \u00e0 son nouvel emplacement et recouvrez de terre en prenant garde de ne pas recouvrir les bourgeons.<\/li>\n\n\n\n<li>Tassez la terre avec les mains.<\/li>\n\n\n\n<li>Arrosez g\u00e9n\u00e9reusement.<\/li>\n\n\n\n<li>Coupez chaque tige \u00e0 environ 5&nbsp;cm du sol.<\/li>\n<\/ol>\n\n\n\n<p>Si tout va bien, les fleurs devraient appara\u00eetre sous deux \u00e0 trois ans.<\/p>\n\n\n\n<h2 class=\"wp-block-heading\">Quand et comment rempoter les pivoines&nbsp;?<\/h2>\n\n\n\n<p>Votre <a href=\"https:\/\/www.interflora.fr\/blog\/pivoine\/\">pivoine en pot<\/a> manque d\u2019espace&nbsp;? Vous pr\u00e9voyez de rempoter votre fleur dans un pot plus grand&nbsp;? Suivez ces quelques conseils afin de la conserver en pleine sant\u00e9.<\/p>\n\n\n\n<h3 class=\"wp-block-heading\">Quand remporter une pivoine&nbsp;?<\/h3>\n\n\n\n<div class=\"wp-block-media-text is-stacked-on-mobile\" style=\"grid-template-columns:30% auto\"><figure class=\"wp-block-media-text__media\"><img loading=\"lazy\" decoding=\"async\" width=\"533\" height=\"800\" src=\"https:\/\/www.interflora.fr\/blog\/wp-content\/uploads\/2026\/03\/rempoter-des-pivoines.jpg\" alt=\"Homme qui rempote des pivoines\" class=\"wp-image-58371 size-full\" srcset=\"https:\/\/www.interflora.fr\/blog\/wp-content\/uploads\/2026\/03\/rempoter-des-pivoines.jpg 533w, https:\/\/www.interflora.fr\/blog\/wp-content\/uploads\/2026\/03\/rempoter-des-pivoines-200x300.jpg 200w\" sizes=\"auto, (max-width: 533px) 100vw, 533px\" \/><\/figure><div class=\"wp-block-media-text__content\">\n<p>Tout d\u2019abord, vous pouvez vous assurer qu\u2019il est temps de remporter votre pivoine en regardant sous son pot. Si <strong>des racines ressortent des trous d\u2019\u00e9vacuation<\/strong>, c\u2019est le moment de la changer de pot.<\/p>\n\n\n\n<p>Tout comme pour la division, <strong>la p\u00e9riode id\u00e9ale pour le rempotage est \u00e0 l\u2019automne<\/strong>, ou \u00e9ventuellement tout au d\u00e9but du printemps, avant le d\u00e9but de la croissance active de la plante.<\/p>\n<\/div><\/div>\n\n\n\n<h3 class=\"wp-block-heading\">Comment bien rempoter des pivoines&nbsp;?<\/h3>\n\n\n\n<ol class=\"wp-block-list\">\n<li>Choisissez un nouveau pot assez grand pour accueillir votre pivoine et lui offrir assez d\u2019espace pour la croissance de ses racines. Faites des trous de drainage au fond s\u2019il n\u2019y en a pas d\u00e9j\u00e0.<\/li>\n\n\n\n<li>Mettez des billes d\u2019argile ou du gravier pour le drainage et recouvrez d\u2019un m\u00e9lange de terre, de compost et de sable.<\/li>\n\n\n\n<li>D\u00e9terrez d\u00e9licatement la pivoine de son pot actuel et retirez l\u2019exc\u00e8s de terre autour des racines.<\/li>\n\n\n\n<li>Placez la motte dans son nouveau pot et ajoutez du terreau frais. Assurez-vous que la plante est positionn\u00e9e \u00e0 la m\u00eame profondeur qu&rsquo;auparavant et que les bourgeons sont juste au-dessus du niveau du sol.<\/li>\n\n\n\n<li>Arrosez abondamment.<\/li>\n\n\n\n<li>Continuez l\u2019arrosage pendant les premi\u00e8res semaines pour maintenir un sol humide, mais attention, pas d\u00e9tremp\u00e9.<\/li>\n<\/ol>\n\n\n\n<p>Maintenant que vous savez quand d\u00e9placer une pivoine et comment proc\u00e9der, vous \u00eates fin pr\u00eat \u00e0 remplir votre jardin de multiples pivoines, et pourquoi pas, \u00e0 couper quelques fleurs pour en faire de <a href=\"https:\/\/www.interflora.fr\/c\/bouquet-pivoines\">beaux bouquets de pivoines<\/a> pour vous ou pour offrir. Bon jardinage&nbsp;!<\/p>\n\n\n<div class=\"lp-produits-grid\"><div class=\"lp-produit\"><div class=\"lp-thumbnail-wrapper\"><img loading=\"lazy\" decoding=\"async\" width=\"300\" height=\"300\" src=\"https:\/\/www.interflora.fr\/blog\/wp-content\/uploads\/2026\/04\/B2BDPC2-800Wx800H-0-1-300x300.jpg\" class=\"attachment-medium size-medium wp-post-image\" alt=\"\" srcset=\"https:\/\/www.interflora.fr\/blog\/wp-content\/uploads\/2026\/04\/B2BDPC2-800Wx800H-0-1-300x300.jpg 300w, https:\/\/www.interflora.fr\/blog\/wp-content\/uploads\/2026\/04\/B2BDPC2-800Wx800H-0-1-150x150.jpg 150w, https:\/\/www.interflora.fr\/blog\/wp-content\/uploads\/2026\/04\/B2BDPC2-800Wx800H-0-1-768x768.jpg 768w, https:\/\/www.interflora.fr\/blog\/wp-content\/uploads\/2026\/04\/B2BDPC2-800Wx800H-0-1.jpg 800w\" sizes=\"auto, (max-width: 300px) 100vw, 300px\" \/><img decoding=\"async\" class=\"lp-badge\" src=\"https:\/\/www.interflora.fr\/blog\/wp-content\/uploads\/2025\/06\/logo-circle.png\" alt=\"Livraison rapide Interflora\"><\/div><span>Brass\u00e9e de pivoines vari\u00e9es et ses chocolats<\/span><p>60.95 \u20ac<\/p><span class=\"obf-link lp-cta\" role=\"link\" tabindex=\"0\" data-b64=\"aHR0cHM6Ly93d3cuaW50ZXJmbG9yYS5mci9wL3Bpdm9pbmUtY2hvY29sYXQvMS9GUj91dG1fbWVkaXVtPW9yZ2FuaWMmdXRtX3NvdXJjZT1ibG9nX3Byb2R1Y3RzJnV0bV9jYW1wYWlnbj1CMkJEUEMy\" data-target=\"_blank\"><svg xmlns=\"http:\/\/www.w3.org\/2000\/svg\" width=\"16\" height=\"16\" fill=\"currentColor\" class=\"bi bi-bag\" viewBox=\"0 0 16 16\"><path d=\"M8 1a2 2 0 0 1 2 2v1h2.5A1.5 1.5 0 0 1 14 5.5v8A1.5 1.5 0 0 1 12.5 15h-9A1.5 1.5 0 0 1 2 13.5v-8A1.5 1.5 0 0 1 3.5 3H6V2a2 2 0 0 1 2-1zm1 3V3a1 1 0 0 0-2 0v1h2z\"\/><\/svg>Voir le produit<\/span><p class=\"rapido\">Top produit<\/p><\/div><div class=\"lp-produit\"><div class=\"lp-thumbnail-wrapper\"><img loading=\"lazy\" decoding=\"async\" width=\"300\" height=\"300\" src=\"https:\/\/www.interflora.fr\/blog\/wp-content\/uploads\/2025\/05\/B2BDP-800Wx800H-0-1-300x300.jpg\" class=\"attachment-medium size-medium wp-post-image\" alt=\"\" srcset=\"https:\/\/www.interflora.fr\/blog\/wp-content\/uploads\/2025\/05\/B2BDP-800Wx800H-0-1-300x300.jpg 300w, https:\/\/www.interflora.fr\/blog\/wp-content\/uploads\/2025\/05\/B2BDP-800Wx800H-0-1-150x150.jpg 150w, https:\/\/www.interflora.fr\/blog\/wp-content\/uploads\/2025\/05\/B2BDP-800Wx800H-0-1-768x768.jpg 768w, https:\/\/www.interflora.fr\/blog\/wp-content\/uploads\/2025\/05\/B2BDP-800Wx800H-0-1.jpg 800w\" sizes=\"auto, (max-width: 300px) 100vw, 300px\" \/><img decoding=\"async\" class=\"lp-badge\" src=\"https:\/\/www.interflora.fr\/blog\/wp-content\/uploads\/2025\/06\/logo-circle.png\" alt=\"Livraison rapide Interflora\"><\/div><span>Brass\u00e9e de pivoines vari\u00e9es<\/span><p>39.95 \u20ac<\/p><span class=\"obf-link lp-cta\" role=\"link\" tabindex=\"0\" data-b64=\"aHR0cHM6Ly93d3cuaW50ZXJmbG9yYS5mci9wL2JyYXNzZWUtcGl2b2luZXMvMS9GUj91dG1fbWVkaXVtPW9yZ2FuaWMmdXRtX3NvdXJjZT1ibG9nX3Byb2R1Y3RzJnV0bV9jYW1wYWlnbj1CMkJEUA==\" data-target=\"_blank\"><svg xmlns=\"http:\/\/www.w3.org\/2000\/svg\" width=\"16\" height=\"16\" fill=\"currentColor\" class=\"bi bi-bag\" viewBox=\"0 0 16 16\"><path d=\"M8 1a2 2 0 0 1 2 2v1h2.5A1.5 1.5 0 0 1 14 5.5v8A1.5 1.5 0 0 1 12.5 15h-9A1.5 1.5 0 0 1 2 13.5v-8A1.5 1.5 0 0 1 3.5 3H6V2a2 2 0 0 1 2-1zm1 3V3a1 1 0 0 0-2 0v1h2z\"\/><\/svg>Voir le produit<\/span><p class=\"rapido\">Fleurs fra\u00eeches<\/p><\/div><div class=\"lp-produit\"><div class=\"lp-thumbnail-wrapper\"><img loading=\"lazy\" decoding=\"async\" width=\"300\" height=\"300\" src=\"https:\/\/www.interflora.fr\/blog\/wp-content\/uploads\/2025\/05\/2LIB-800Wx800H-0-1-25-300x300.jpg\" class=\"attachment-medium size-medium wp-post-image\" alt=\"\" srcset=\"https:\/\/www.interflora.fr\/blog\/wp-content\/uploads\/2025\/05\/2LIB-800Wx800H-0-1-25-300x300.jpg 300w, https:\/\/www.interflora.fr\/blog\/wp-content\/uploads\/2025\/05\/2LIB-800Wx800H-0-1-25-150x150.jpg 150w, https:\/\/www.interflora.fr\/blog\/wp-content\/uploads\/2025\/05\/2LIB-800Wx800H-0-1-25-768x768.jpg 768w, https:\/\/www.interflora.fr\/blog\/wp-content\/uploads\/2025\/05\/2LIB-800Wx800H-0-1-25.jpg 800w\" sizes=\"auto, (max-width: 300px) 100vw, 300px\" \/><img decoding=\"async\" class=\"lp-badge\" src=\"https:\/\/www.interflora.fr\/blog\/wp-content\/uploads\/2025\/06\/logo-circle.png\" alt=\"Livraison rapide Interflora\"><\/div><span>Bouquet Taureau<\/span><p>47.95 \u20ac<\/p><span class=\"obf-link lp-cta\" role=\"link\" tabindex=\"0\" data-b64=\"aHR0cHM6Ly93d3cuaW50ZXJmbG9yYS5mci9wL2JvdXF1ZXQtbGliZXJ0eS8xL0ZSP3V0bV9tZWRpdW09b3JnYW5pYyZ1dG1fc291cmNlPWJsb2dfcHJvZHVjdHMmdXRtX2NhbXBhaWduPTJMSUI=\" data-target=\"_blank\"><svg xmlns=\"http:\/\/www.w3.org\/2000\/svg\" width=\"16\" height=\"16\" fill=\"currentColor\" class=\"bi bi-bag\" viewBox=\"0 0 16 16\"><path d=\"M8 1a2 2 0 0 1 2 2v1h2.5A1.5 1.5 0 0 1 14 5.5v8A1.5 1.5 0 0 1 12.5 15h-9A1.5 1.5 0 0 1 2 13.5v-8A1.5 1.5 0 0 1 3.5 3H6V2a2 2 0 0 1 2-1zm1 3V3a1 1 0 0 0-2 0v1h2z\"\/><\/svg>Voir le produit<\/span><p class=\"rapido\">Fleurs fra\u00eeches<\/p><\/div><div class=\"lp-produit\"><div class=\"lp-thumbnail-wrapper\"><img loading=\"lazy\" decoding=\"async\" width=\"300\" height=\"300\" src=\"https:\/\/www.interflora.fr\/blog\/wp-content\/uploads\/2025\/05\/1SEN-800Wx800H-0-1-25-300x300.jpg\" class=\"attachment-medium size-medium wp-post-image\" alt=\"\" srcset=\"https:\/\/www.interflora.fr\/blog\/wp-content\/uploads\/2025\/05\/1SEN-800Wx800H-0-1-25-300x300.jpg 300w, https:\/\/www.interflora.fr\/blog\/wp-content\/uploads\/2025\/05\/1SEN-800Wx800H-0-1-25-150x150.jpg 150w, https:\/\/www.interflora.fr\/blog\/wp-content\/uploads\/2025\/05\/1SEN-800Wx800H-0-1-25-768x768.jpg 768w, https:\/\/www.interflora.fr\/blog\/wp-content\/uploads\/2025\/05\/1SEN-800Wx800H-0-1-25.jpg 800w\" sizes=\"auto, (max-width: 300px) 100vw, 300px\" \/><img decoding=\"async\" class=\"lp-badge\" src=\"https:\/\/www.interflora.fr\/blog\/wp-content\/uploads\/2025\/06\/logo-circle.png\" alt=\"Livraison rapide Interflora\"><\/div><span>Joyeux anniversaire<\/span><p>42.95 \u20ac<\/p><span class=\"obf-link lp-cta\" role=\"link\" tabindex=\"0\" data-b64=\"aHR0cHM6Ly93d3cuaW50ZXJmbG9yYS5mci9wL3Jvc2VzLXNlbnRpbWVudC8xL0ZSP3V0bV9tZWRpdW09b3JnYW5pYyZ1dG1fc291cmNlPWJsb2dfcHJvZHVjdHMmdXRtX2NhbXBhaWduPTFTRU4=\" data-target=\"_blank\"><svg xmlns=\"http:\/\/www.w3.org\/2000\/svg\" width=\"16\" height=\"16\" fill=\"currentColor\" class=\"bi bi-bag\" viewBox=\"0 0 16 16\"><path d=\"M8 1a2 2 0 0 1 2 2v1h2.5A1.5 1.5 0 0 1 14 5.5v8A1.5 1.5 0 0 1 12.5 15h-9A1.5 1.5 0 0 1 2 13.5v-8A1.5 1.5 0 0 1 3.5 3H6V2a2 2 0 0 1 2-1zm1 3V3a1 1 0 0 0-2 0v1h2z\"\/><\/svg>Voir le produit<\/span><p class=\"rapido\">Livraison rapide<\/p><\/div><\/div>\n\n\n\n<p><\/p>\n","protected":false},"excerpt":{"rendered":"<p>Vous avez tr\u00e8s certainement d\u00e9j\u00e0 entendu dire qu\u2019il ne faut pas d\u00e9terrer et replanter une pivoine. En effet, transplanter des [&hellip;]<\/p>\n","protected":false},"author":1,"featured_media":58371,"comment_status":"open","ping_status":"open","sticky":false,"template":"","format":"standard","meta":{"_uag_custom_page_level_css":"","site-sidebar-layout":"default","site-content-layout":"","ast-site-content-layout":"default","site-content-style":"default","site-sidebar-style":"default","ast-global-header-display":"","ast-banner-title-visibility":"","ast-main-header-display":"","ast-hfb-above-header-display":"","ast-hfb-below-header-display":"","ast-hfb-mobile-header-display":"","site-post-title":"","ast-breadcrumbs-content":"","ast-featured-img":"","footer-sml-layout":"","ast-disable-related-posts":"","theme-transparent-header-meta":"","adv-header-id-meta":"","stick-header-meta":"","header-above-stick-meta":"","header-main-stick-meta":"","header-below-stick-meta":"","astra-migrate-meta-layouts":"set","ast-page-background-enabled":"default","ast-page-background-meta":{"desktop":{"background-color":"var(--ast-global-color-5)","background-image":"","background-repeat":"repeat","background-position":"center center","background-size":"auto","background-attachment":"scroll","background-type":"","background-media":"","overlay-type":"","overlay-color":"","overlay-opacity":"","overlay-gradient":""},"tablet":{"background-color":"","background-image":"","background-repeat":"repeat","background-position":"center center","background-size":"auto","background-attachment":"scroll","background-type":"","background-media":"","overlay-type":"","overlay-color":"","overlay-opacity":"","overlay-gradient":""},"mobile":{"background-color":"","background-image":"","background-repeat":"repeat","background-position":"center center","background-size":"auto","background-attachment":"scroll","background-type":"","background-media":"","overlay-type":"","overlay-color":"","overlay-opacity":"","overlay-gradient":""}},"ast-content-background-meta":{"desktop":{"background-color":"var(--ast-global-color-4)","background-image":"","background-repeat":"repeat","background-position":"center center","background-size":"auto","background-attachment":"scroll","background-type":"","background-media":"","overlay-type":"","overlay-color":"","overlay-opacity":"","overlay-gradient":""},"tablet":{"background-color":"var(--ast-global-color-4)","background-image":"","background-repeat":"repeat","background-position":"center center","background-size":"auto","background-attachment":"scroll","background-type":"","background-media":"","overlay-type":"","overlay-color":"","overlay-opacity":"","overlay-gradient":""},"mobile":{"background-color":"var(--ast-global-color-4)","background-image":"","background-repeat":"repeat","background-position":"center center","background-size":"auto","background-attachment":"scroll","background-type":"","background-media":"","overlay-type":"","overlay-color":"","overlay-opacity":"","overlay-gradient":""}},"footnotes":""},"categories":[183,168,348],"tags":[349],"class_list":["post-44168","post","type-post","status-publish","format-standard","has-post-thumbnail","hentry","category-fleurs","category-fleurs-massifs","category-pivoine","tag-pivoine"],"uagb_featured_image_src":{"full":["https:\/\/www.interflora.fr\/blog\/wp-content\/uploads\/2026\/03\/rempoter-des-pivoines.jpg",533,800,false],"thumbnail":["https:\/\/www.interflora.fr\/blog\/wp-content\/uploads\/2026\/03\/rempoter-des-pivoines-150x150.jpg",150,150,true],"medium":["https:\/\/www.interflora.fr\/blog\/wp-content\/uploads\/2026\/03\/rempoter-des-pivoines-200x300.jpg",200,300,true],"medium_large":["https:\/\/www.interflora.fr\/blog\/wp-content\/uploads\/2026\/03\/rempoter-des-pivoines.jpg",533,800,false],"large":["https:\/\/www.interflora.fr\/blog\/wp-content\/uploads\/2026\/03\/rempoter-des-pivoines.jpg",533,800,false],"1536x1536":["https:\/\/www.interflora.fr\/blog\/wp-content\/uploads\/2026\/03\/rempoter-des-pivoines.jpg",533,800,false],"2048x2048":["https:\/\/www.interflora.fr\/blog\/wp-content\/uploads\/2026\/03\/rempoter-des-pivoines.jpg",533,800,false]},"uagb_author_info":{"display_name":"admin","author_link":"https:\/\/www.interflora.fr\/blog\/author\/admin\/"},"uagb_comment_info":0,"uagb_excerpt":"Vous avez tr\u00e8s certainement d\u00e9j\u00e0 entendu dire qu\u2019il ne faut pas d\u00e9terrer et replanter une pivoine. En effet, transplanter des [&hellip;]","yoast_meta":{"title":"Transplanter ses pivoines : d\u00e9placer, diviser vos plans de pivoine | Interflora","description":"Pour une transplantation de pivoine r\u00e9ussie, apprenez \u00e0 d\u00e9placer et diviser vos pivoines avec nos conseils pour leur assurer une croissance optimale !"},"_links":{"self":[{"href":"https:\/\/www.interflora.fr\/blog\/wp-json\/wp\/v2\/posts\/44168","targetHints":{"allow":["GET"]}}],"collection":[{"href":"https:\/\/www.interflora.fr\/blog\/wp-json\/wp\/v2\/posts"}],"about":[{"href":"https:\/\/www.interflora.fr\/blog\/wp-json\/wp\/v2\/types\/post"}],"author":[{"embeddable":true,"href":"https:\/\/www.interflora.fr\/blog\/wp-json\/wp\/v2\/users\/1"}],"replies":[{"embeddable":true,"href":"https:\/\/www.interflora.fr\/blog\/wp-json\/wp\/v2\/comments?post=44168"}],"version-history":[{"count":1,"href":"https:\/\/www.interflora.fr\/blog\/wp-json\/wp\/v2\/posts\/44168\/revisions"}],"predecessor-version":[{"id":58394,"href":"https:\/\/www.interflora.fr\/blog\/wp-json\/wp\/v2\/posts\/44168\/revisions\/58394"}],"wp:featuredmedia":[{"embeddable":true,"href":"https:\/\/www.interflora.fr\/blog\/wp-json\/wp\/v2\/media\/58371"}],"wp:attachment":[{"href":"https:\/\/www.interflora.fr\/blog\/wp-json\/wp\/v2\/media?parent=44168"}],"wp:term":[{"taxonomy":"category","embeddable":true,"href":"https:\/\/www.interflora.fr\/blog\/wp-json\/wp\/v2\/categories?post=44168"},{"taxonomy":"post_tag","embeddable":true,"href":"https:\/\/www.interflora.fr\/blog\/wp-json\/wp\/v2\/tags?post=44168"}],"curies":[{"name":"wp","href":"https:\/\/api.w.org\/{rel}","templated":true}]}}