{"id":4139,"date":"2012-07-02T17:36:38","date_gmt":"2012-07-02T15:36:38","guid":{"rendered":"http:\/\/www.interflora.fr\/blog\/?p=4139"},"modified":"2025-06-24T09:53:24","modified_gmt":"2025-06-24T07:53:24","slug":"folie-des-plantes-a-nantes","status":"publish","type":"post","link":"https:\/\/www.interflora.fr\/blog\/folie-des-plantes-a-nantes\/","title":{"rendered":"La Folie des Plantes \u00e0 Nantes"},"content":{"rendered":"<p><strong>Rendez-vous pour l\u2019un des \u00e9v\u00e9nements floraux les plus courus du Grand Ouest ! Les 8 et 9\u00a0septembre prochains, la Folie des Plantes vous accueille dans le magnifique parc du Grand Blottereau de Nantes. Et pour cette 25e \u00e9dition, les 40 000 visiteurs attendus sont convi\u00e9s \u00e0 un week-end gourmand autour du th\u00e8me \u00ab Cuisine et Jardins \u00bb&#8230;<\/strong><br \/>\n<a href=\"http:\/\/www.seve.nantes.fr\/lettre\/fetedes.htm\"><img loading=\"lazy\" decoding=\"async\" class=\"alignright size-full wp-image-4141\" style=\"margin-top: 90px;\" title=\"Folie-des-plantes1\" src=\"\/\/www.interflora.fr\/blog\/wp-content\/uploads\/2012\/08\/Folie-des-plantes1.jpg\" alt=\"Folie des Plantes 2012, &quot;Cuisine et Jardins&quot;\" width=\"300\" height=\"378\" \/><\/a><\/p>\n<h2>Le rendez-vous des amoureux des plantes<\/h2>\n<p>Organis\u00e9e chaque ann\u00e9e par le Service des Espaces Verts et de l\u2019Environnement de la ville de Nantes (SEVE), la Folie des Plantes r\u00e9unit plus de 160 exposants locaux, nationaux et internationaux, producteurs-collectionneurs de <a title=\"Ces plantes qui r\u00e9sistent\u2026 \u00e0 tout !\" href=\"https:\/\/www.interflora.fr\/c\/plantes\/plantes-tout-voir\">plantes<\/a>, associations horticoles&#8230; Le temps d\u2019un week-end anim\u00e9, ces professionnels viennent partager leur passion et leur savoir-faire. L\u2019occasion pour petits et grands de (re)d\u00e9couvrir les l\u00e9gumes d\u2019antan et de demain, et de voyager avec les <a title=\"Ces plantes qui vivent sous l\u2019eau\" href=\"https:\/\/www.interflora.fr\/c\/plantes\/plantes-tout-voir\">plantes<\/a> du monde. Cette ann\u00e9e pour le th\u00e8me de la cuisine, de nombreuses toques vous surprendront avec des saveurs uniques !<\/p>\n<p>Vous profiterez \u00e9galement du magnifique \u00e9crin de verdure qu\u2019offre le parc du Grand Blottereau. Avec ses 32 hectares, il est le plus grand parc de la ville de Nantes. Venez parcourir le monde \u00e0 travers la repr\u00e9sentation des cinq continents : jardin \u00e0 la fran\u00e7aise, rocaille m\u00e9diterran\u00e9enne, bayou am\u00e9ricain, bananeraie et jardin cor\u00e9en. C\u2019est aussi et surtout un parc exotique, renomm\u00e9 pour ses serres centenaires qui accueillent bois pr\u00e9cieux, fruitiers, \u00e9pices ainsi que des sp\u00e9cimens de baobabs, \u00e9b\u00e8nes ou tecks conduits en bonsa\u00ef.<br \/>\n<img loading=\"lazy\" decoding=\"async\" class=\"alignright size-full wp-image-4178\" style=\"margin-top: 60px;\" title=\"folie-des-plantes2\" src=\"\/\/www.interflora.fr\/blog\/wp-content\/uploads\/2012\/08\/folie-de-plantes2.jpg\" alt=\"Folie des Plantes 2012 - De nombreuses animations\" width=\"300\" height=\"225\" \/><\/p>\n<h2>De nombreuses animations<\/h2>\n<p>Durant ces deux jours, diverses animations autour du th\u00e8me \u00ab Cuisine et Jardins \u00bb sont propos\u00e9es\u00a0:<\/p>\n<p><strong>Village gourmand<\/strong><br \/>\nD\u00e9couvrez des <a title=\"L\u2019agrume, une plante survitamin\u00e9e\" href=\"https:\/\/www.interflora.fr\/blog\/lagrume-une-plante-sur-vitaminee\/\">agrumes<\/a>, cucurbitac\u00e9es, <a title=\"Les herbes de Provence\" href=\"https:\/\/www.interflora.fr\/blog\/c\/jardinage\/potager\/herbes-aromatiques\/\">plantes aromatiques<\/a> en tous genres&#8230;<br \/>\nAssistez aux d\u00e9monstrations de d\u00e9coupe de fruits et l\u00e9gumes orchestr\u00e9es par de grands chefs. Participez aux ateliers culinaires avec les associations Bien dans son assiette, et A fleur de go\u00fbt qui vous fera d\u00e9couvrir notamment les saveurs des fleurs en cuisine.<\/p>\n<p><strong>Le caf\u00e9 botanique<\/strong><br \/>\nVenez partager la passion de producteurs de fruits et l\u00e9gumes, et de chefs.<br \/>\nDe nombreuses rencontres\/d\u00e9gustations avec notamment Mr Delbard, cr\u00e9ateur de pommes et de <a title=\"La rose, reine des fleurs\" href=\"https:\/\/www.interflora.fr\/c\/roses\">roses<\/a> et pr\u00e9sident de la SNHF.<\/p>\n<p><strong>Le village solidaire<\/strong><br \/>\nUn espace d\u00e9di\u00e9 \u00e0 l&rsquo;\u00e9conomie sociale et solidaire (ESS). Un lieu d&rsquo;\u00e9changes, de vente, de sensibilisation et d&rsquo;animation. Les acteurs de l&rsquo;ESS, f\u00e9d\u00e9r\u00e9es par les Ecossolies, vous montreront comment ils font vivre une \u00e9conomie alternative, respectueuse des femmes, des hommes et de l&rsquo;environnement. De nombreux produits et services en lien avec le v\u00e9g\u00e9tal seront pr\u00e9sent\u00e9s : bijoux \u00e0 base de graines, jardinage \u00e9co-responsable, mode et bagagerie \u00e9thique, chaussures \u00e0 tannage v\u00e9g\u00e9tal&#8230;<\/p>\n<p><img loading=\"lazy\" decoding=\"async\" class=\"alignleft size-full wp-image-4187\" title=\"folie-de-plantes3\" src=\"\/\/www.interflora.fr\/blog\/wp-content\/uploads\/2012\/08\/folie-de-plantes3.jpg\" alt=\"La Folie des Plantes - Les 8 et 9 septembre 2012\" width=\"300\" height=\"225\" \/><br \/>\n<strong>Le village tropical<\/strong><br \/>\nVenez d\u00e9couvrir \u00ab l\u2019\u00e9vasion potag\u00e8re \u00bb, une installation artistique o\u00f9 les l\u00e9gumes prennent des libert\u00e9s&#8230;<br \/>\nVisitez les fameuses serres du parc de Grand Blottereau et leurs 600 esp\u00e8ces exotiques, et d\u00e9ambulez dans le potager tropical.<\/p>\n<p><strong>Le village cor\u00e9en<\/strong><br \/>\nInitiez-vous \u00e0 la c\u00e9r\u00e9monie du th\u00e9, faites connaissance avec le kimchi, \u00e9vadez-vous avec les musiques et chants traditionnels cor\u00e9ens, assistez \u00e0 une d\u00e9monstration de taekwondo et enfin d\u00e9gustez les saveurs \u00e9tonnantes de la cuisine cor\u00e9enne&#8230;<\/p>\n<p>&#8230; et bien d&rsquo;autres surprises \u00e0 d\u00e9couvrir !<\/p>\n<div class=\"encadre\">\n<div>\n<h2>Infos pratiques<\/h2>\n<p><strong>La Folie des Plantes<\/strong><br \/>\nParc du Grand Blottereau<br \/>\nBoulevard Auguste-P\u00e9neau &#8211; Quartier Doulon<br \/>\n44300 Nantes<\/p>\n<p>Les 8 et 9 septembre, de 10 \u00e0 18h<br \/>\nEntr\u00e9e gratuite<\/p>\n<\/div>\n<\/div>\n<p><em>\u00a9 SEVE, Nantes<\/em><\/p>\n","protected":false},"excerpt":{"rendered":"<p>Les 8 et 9&nbsp;septembre prochains, la Folie des Plantes vous accueille dans le magnifique parc du Grand Blottereau de Nantes. Et pour cette 25e \u00e9dition, les 40 000 visiteurs&#8230;<\/p>\n","protected":false},"author":1,"featured_media":17116,"comment_status":"open","ping_status":"closed","sticky":false,"template":"","format":"standard","meta":{"_uag_custom_page_level_css":"","site-sidebar-layout":"default","site-content-layout":"","ast-site-content-layout":"default","site-content-style":"default","site-sidebar-style":"default","ast-global-header-display":"","ast-banner-title-visibility":"","ast-main-header-display":"","ast-hfb-above-header-display":"","ast-hfb-below-header-display":"","ast-hfb-mobile-header-display":"","site-post-title":"","ast-breadcrumbs-content":"","ast-featured-img":"","footer-sml-layout":"","ast-disable-related-posts":"","theme-transparent-header-meta":"","adv-header-id-meta":"","stick-header-meta":"","header-above-stick-meta":"","header-main-stick-meta":"","header-below-stick-meta":"","astra-migrate-meta-layouts":"default","ast-page-background-enabled":"default","ast-page-background-meta":{"desktop":{"background-color":"var(--ast-global-color-5)","background-image":"","background-repeat":"repeat","background-position":"center center","background-size":"auto","background-attachment":"scroll","background-type":"","background-media":"","overlay-type":"","overlay-color":"","overlay-opacity":"","overlay-gradient":""},"tablet":{"background-color":"","background-image":"","background-repeat":"repeat","background-position":"center center","background-size":"auto","background-attachment":"scroll","background-type":"","background-media":"","overlay-type":"","overlay-color":"","overlay-opacity":"","overlay-gradient":""},"mobile":{"background-color":"","background-image":"","background-repeat":"repeat","background-position":"center center","background-size":"auto","background-attachment":"scroll","background-type":"","background-media":"","overlay-type":"","overlay-color":"","overlay-opacity":"","overlay-gradient":""}},"ast-content-background-meta":{"desktop":{"background-color":"var(--ast-global-color-4)","background-image":"","background-repeat":"repeat","background-position":"center center","background-size":"auto","background-attachment":"scroll","background-type":"","background-media":"","overlay-type":"","overlay-color":"","overlay-opacity":"","overlay-gradient":""},"tablet":{"background-color":"var(--ast-global-color-4)","background-image":"","background-repeat":"repeat","background-position":"center center","background-size":"auto","background-attachment":"scroll","background-type":"","background-media":"","overlay-type":"","overlay-color":"","overlay-opacity":"","overlay-gradient":""},"mobile":{"background-color":"var(--ast-global-color-4)","background-image":"","background-repeat":"repeat","background-position":"center center","background-size":"auto","background-attachment":"scroll","background-type":"","background-media":"","overlay-type":"","overlay-color":"","overlay-opacity":"","overlay-gradient":""}},"footnotes":""},"categories":[164],"tags":[200],"class_list":["post-4139","post","type-post","status-publish","format-standard","has-post-thumbnail","hentry","category-actualites-interflora","tag-divers"],"uagb_featured_image_src":{"full":false,"thumbnail":false,"medium":false,"medium_large":false,"large":false,"1536x1536":false,"2048x2048":false},"uagb_author_info":{"display_name":"admin","author_link":"https:\/\/www.interflora.fr\/blog\/author\/admin\/"},"uagb_comment_info":0,"uagb_excerpt":"Les 8 et 9&nbsp;septembre prochains, la Folie des Plantes vous accueille dans le magnifique parc du Grand Blottereau de Nantes. Et pour cette 25e \u00e9dition, les 40 000 visiteurs...","yoast_meta":{"title":"","description":"Les 8 et 9 septembre prochains, la Folie des Plantes vous accueille dans le magnifique parc du Grand Blottereau de Nantes."},"_links":{"self":[{"href":"https:\/\/www.interflora.fr\/blog\/wp-json\/wp\/v2\/posts\/4139","targetHints":{"allow":["GET"]}}],"collection":[{"href":"https:\/\/www.interflora.fr\/blog\/wp-json\/wp\/v2\/posts"}],"about":[{"href":"https:\/\/www.interflora.fr\/blog\/wp-json\/wp\/v2\/types\/post"}],"author":[{"embeddable":true,"href":"https:\/\/www.interflora.fr\/blog\/wp-json\/wp\/v2\/users\/1"}],"replies":[{"embeddable":true,"href":"https:\/\/www.interflora.fr\/blog\/wp-json\/wp\/v2\/comments?post=4139"}],"version-history":[{"count":0,"href":"https:\/\/www.interflora.fr\/blog\/wp-json\/wp\/v2\/posts\/4139\/revisions"}],"wp:featuredmedia":[{"embeddable":true,"href":"https:\/\/www.interflora.fr\/blog\/wp-json\/"}],"wp:attachment":[{"href":"https:\/\/www.interflora.fr\/blog\/wp-json\/wp\/v2\/media?parent=4139"}],"wp:term":[{"taxonomy":"category","embeddable":true,"href":"https:\/\/www.interflora.fr\/blog\/wp-json\/wp\/v2\/categories?post=4139"},{"taxonomy":"post_tag","embeddable":true,"href":"https:\/\/www.interflora.fr\/blog\/wp-json\/wp\/v2\/tags?post=4139"}],"curies":[{"name":"wp","href":"https:\/\/api.w.org\/{rel}","templated":true}]}}