{"id":35774,"date":"2023-07-24T10:32:08","date_gmt":"2023-07-24T08:32:08","guid":{"rendered":"https:\/\/www.interflora.fr\/blog\/?p=35774"},"modified":"2026-02-25T09:19:13","modified_gmt":"2026-02-25T08:19:13","slug":"lys-des-incas","status":"publish","type":"post","link":"https:\/\/www.interflora.fr\/blog\/lys-des-incas\/","title":{"rendered":"Lys des incas : tout savoir sur son entretien, plantation"},"content":{"rendered":"\n<p>Le <strong>lys des Incas<\/strong> est le nom que l\u2019on donne commun\u00e9ment \u00e0 l\u2019<strong>alstr\u0153m\u00e8re<\/strong>, plante fleurie \u00e0 la floraison g\u00e9n\u00e9reuse. Cultiv\u00e9s en pots ou en pleine terre, les lys des Incas sont des fleurs faciles \u00e0 vivre qui font le bonheur des jardiniers de tous niveaux&nbsp;! Les <strong>lys des Incas<\/strong> existent en une multitude de coloris, tous aussi lumineux les uns que les autres et qui ne manqueront pas d\u2019\u00e9gayer vos espaces verts ou votre int\u00e9rieur. Pr\u00eat \u00e0 <strong>planter des lys des Incas<\/strong>&nbsp;? Suivez nos conseils de jardinage.<\/p>\n\n\n<div class=\"lp-produits-grid\"><div class=\"lp-produit\"><div class=\"lp-thumbnail-wrapper\"><img loading=\"lazy\" decoding=\"async\" width=\"300\" height=\"300\" src=\"https:\/\/www.interflora.fr\/blog\/wp-content\/uploads\/2025\/10\/2IC-800Wx800H-0-1-14-300x300.jpg\" class=\"attachment-medium size-medium wp-post-image\" alt=\"\" srcset=\"https:\/\/www.interflora.fr\/blog\/wp-content\/uploads\/2025\/10\/2IC-800Wx800H-0-1-14-300x300.jpg 300w, https:\/\/www.interflora.fr\/blog\/wp-content\/uploads\/2025\/10\/2IC-800Wx800H-0-1-14-150x150.jpg 150w, https:\/\/www.interflora.fr\/blog\/wp-content\/uploads\/2025\/10\/2IC-800Wx800H-0-1-14-768x768.jpg 768w, https:\/\/www.interflora.fr\/blog\/wp-content\/uploads\/2025\/10\/2IC-800Wx800H-0-1-14.jpg 800w\" sizes=\"auto, (max-width: 300px) 100vw, 300px\" \/><img decoding=\"async\" class=\"lp-badge\" src=\"https:\/\/www.interflora.fr\/blog\/wp-content\/uploads\/2025\/06\/logo-circle.png\" alt=\"Livraison rapide Interflora\"><\/div><span>Instant complice<\/span><p>54.95 \u20ac<\/p><span class=\"obf-link lp-cta\" role=\"link\" tabindex=\"0\" data-b64=\"aHR0cHM6Ly93d3cuaW50ZXJmbG9yYS5mci9wL2JvdXF1ZXQtaW5zdGFudC1jb21wbGljZS8xL0ZSP3V0bV9tZWRpdW09b3JnYW5pYyZ1dG1fc291cmNlPWJsb2dfcHJvZHVjdHMmdXRtX2NhbXBhaWduPTJJQw==\" data-target=\"_blank\"><svg xmlns=\"http:\/\/www.w3.org\/2000\/svg\" width=\"16\" height=\"16\" fill=\"currentColor\" class=\"bi bi-bag\" viewBox=\"0 0 16 16\"><path d=\"M8 1a2 2 0 0 1 2 2v1h2.5A1.5 1.5 0 0 1 14 5.5v8A1.5 1.5 0 0 1 12.5 15h-9A1.5 1.5 0 0 1 2 13.5v-8A1.5 1.5 0 0 1 3.5 3H6V2a2 2 0 0 1 2-1zm1 3V3a1 1 0 0 0-2 0v1h2z\"\/><\/svg>Voir le produit<\/span><p class=\"rapido\">Fleurs fra\u00eeches<\/p><\/div><div class=\"lp-produit\"><div class=\"lp-thumbnail-wrapper\"><img loading=\"lazy\" decoding=\"async\" width=\"300\" height=\"300\" src=\"https:\/\/www.interflora.fr\/blog\/wp-content\/uploads\/2025\/12\/2BDT-800Wx800H-0-1-300x300.jpg\" class=\"attachment-medium size-medium wp-post-image\" alt=\"\" srcset=\"https:\/\/www.interflora.fr\/blog\/wp-content\/uploads\/2025\/12\/2BDT-800Wx800H-0-1-300x300.jpg 300w, https:\/\/www.interflora.fr\/blog\/wp-content\/uploads\/2025\/12\/2BDT-800Wx800H-0-1-150x150.jpg 150w, https:\/\/www.interflora.fr\/blog\/wp-content\/uploads\/2025\/12\/2BDT-800Wx800H-0-1-768x768.jpg 768w, https:\/\/www.interflora.fr\/blog\/wp-content\/uploads\/2025\/12\/2BDT-800Wx800H-0-1.jpg 800w\" sizes=\"auto, (max-width: 300px) 100vw, 300px\" \/><img decoding=\"async\" class=\"lp-badge\" src=\"https:\/\/www.interflora.fr\/blog\/wp-content\/uploads\/2025\/06\/logo-circle.png\" alt=\"Livraison rapide Interflora\"><\/div><span>Brass\u00e9e de tulipes multicolores<\/span><p>31.95 \u20ac<\/p><span class=\"obf-link lp-cta\" role=\"link\" tabindex=\"0\" data-b64=\"aHR0cHM6Ly93d3cuaW50ZXJmbG9yYS5mci9wL2JvdXF1ZXQtdHVsaXBlcy8xL0ZSP3V0bV9tZWRpdW09b3JnYW5pYyZ1dG1fc291cmNlPWJsb2dfcHJvZHVjdHMmdXRtX2NhbXBhaWduPTJCRFQ=\" data-target=\"_blank\"><svg xmlns=\"http:\/\/www.w3.org\/2000\/svg\" width=\"16\" height=\"16\" fill=\"currentColor\" class=\"bi bi-bag\" viewBox=\"0 0 16 16\"><path d=\"M8 1a2 2 0 0 1 2 2v1h2.5A1.5 1.5 0 0 1 14 5.5v8A1.5 1.5 0 0 1 12.5 15h-9A1.5 1.5 0 0 1 2 13.5v-8A1.5 1.5 0 0 1 3.5 3H6V2a2 2 0 0 1 2-1zm1 3V3a1 1 0 0 0-2 0v1h2z\"\/><\/svg>Voir le produit<\/span><p class=\"rapido\">Fleurs fra\u00eeches<\/p><\/div><div class=\"lp-produit\"><div class=\"lp-thumbnail-wrapper\"><img loading=\"lazy\" decoding=\"async\" width=\"300\" height=\"300\" src=\"https:\/\/www.interflora.fr\/blog\/wp-content\/uploads\/2025\/05\/B2BDP-800Wx800H-0-1-300x300.jpg\" class=\"attachment-medium size-medium wp-post-image\" alt=\"\" srcset=\"https:\/\/www.interflora.fr\/blog\/wp-content\/uploads\/2025\/05\/B2BDP-800Wx800H-0-1-300x300.jpg 300w, https:\/\/www.interflora.fr\/blog\/wp-content\/uploads\/2025\/05\/B2BDP-800Wx800H-0-1-150x150.jpg 150w, https:\/\/www.interflora.fr\/blog\/wp-content\/uploads\/2025\/05\/B2BDP-800Wx800H-0-1-768x768.jpg 768w, https:\/\/www.interflora.fr\/blog\/wp-content\/uploads\/2025\/05\/B2BDP-800Wx800H-0-1.jpg 800w\" sizes=\"auto, (max-width: 300px) 100vw, 300px\" \/><img decoding=\"async\" class=\"lp-badge\" src=\"https:\/\/www.interflora.fr\/blog\/wp-content\/uploads\/2025\/06\/logo-circle.png\" alt=\"Livraison rapide Interflora\"><\/div><span>Brass\u00e9e de pivoines vari\u00e9es<\/span><p>39.95 \u20ac<\/p><span class=\"obf-link lp-cta\" role=\"link\" tabindex=\"0\" data-b64=\"aHR0cHM6Ly93d3cuaW50ZXJmbG9yYS5mci9wL2JyYXNzZWUtcGl2b2luZXMvMS9GUj91dG1fbWVkaXVtPW9yZ2FuaWMmdXRtX3NvdXJjZT1ibG9nX3Byb2R1Y3RzJnV0bV9jYW1wYWlnbj1CMkJEUA==\" data-target=\"_blank\"><svg xmlns=\"http:\/\/www.w3.org\/2000\/svg\" width=\"16\" height=\"16\" fill=\"currentColor\" class=\"bi bi-bag\" viewBox=\"0 0 16 16\"><path d=\"M8 1a2 2 0 0 1 2 2v1h2.5A1.5 1.5 0 0 1 14 5.5v8A1.5 1.5 0 0 1 12.5 15h-9A1.5 1.5 0 0 1 2 13.5v-8A1.5 1.5 0 0 1 3.5 3H6V2a2 2 0 0 1 2-1zm1 3V3a1 1 0 0 0-2 0v1h2z\"\/><\/svg>Voir le produit<\/span><p class=\"rapido\">Livraison rapide<\/p><\/div><div class=\"lp-produit\"><div class=\"lp-thumbnail-wrapper\"><img loading=\"lazy\" decoding=\"async\" width=\"300\" height=\"300\" src=\"https:\/\/www.interflora.fr\/blog\/wp-content\/uploads\/2025\/05\/1SEN-800Wx800H-0-1-25-300x300.jpg\" class=\"attachment-medium size-medium wp-post-image\" alt=\"\" srcset=\"https:\/\/www.interflora.fr\/blog\/wp-content\/uploads\/2025\/05\/1SEN-800Wx800H-0-1-25-300x300.jpg 300w, https:\/\/www.interflora.fr\/blog\/wp-content\/uploads\/2025\/05\/1SEN-800Wx800H-0-1-25-150x150.jpg 150w, https:\/\/www.interflora.fr\/blog\/wp-content\/uploads\/2025\/05\/1SEN-800Wx800H-0-1-25-768x768.jpg 768w, https:\/\/www.interflora.fr\/blog\/wp-content\/uploads\/2025\/05\/1SEN-800Wx800H-0-1-25.jpg 800w\" sizes=\"auto, (max-width: 300px) 100vw, 300px\" \/><img decoding=\"async\" class=\"lp-badge\" src=\"https:\/\/www.interflora.fr\/blog\/wp-content\/uploads\/2025\/06\/logo-circle.png\" alt=\"Livraison rapide Interflora\"><\/div><span>Joyeux anniversaire<\/span><p>42.95 \u20ac<\/p><span class=\"obf-link lp-cta\" role=\"link\" tabindex=\"0\" data-b64=\"aHR0cHM6Ly93d3cuaW50ZXJmbG9yYS5mci9wL3Jvc2VzLXNlbnRpbWVudC8xL0ZSP3V0bV9tZWRpdW09b3JnYW5pYyZ1dG1fc291cmNlPWJsb2dfcHJvZHVjdHMmdXRtX2NhbXBhaWduPTFTRU4=\" data-target=\"_blank\"><svg xmlns=\"http:\/\/www.w3.org\/2000\/svg\" width=\"16\" height=\"16\" fill=\"currentColor\" class=\"bi bi-bag\" viewBox=\"0 0 16 16\"><path d=\"M8 1a2 2 0 0 1 2 2v1h2.5A1.5 1.5 0 0 1 14 5.5v8A1.5 1.5 0 0 1 12.5 15h-9A1.5 1.5 0 0 1 2 13.5v-8A1.5 1.5 0 0 1 3.5 3H6V2a2 2 0 0 1 2-1zm1 3V3a1 1 0 0 0-2 0v1h2z\"\/><\/svg>Voir le produit<\/span><p class=\"rapido\">Top produit<\/p><\/div><\/div>\n\n\n\n<h2 class=\"wp-block-heading\">Lys des Incas, qui es-tu&nbsp;?<\/h2>\n\n\n\n<p>L\u2019alstr\u0153m\u00e8re, ou <em>alstroemeria<\/em> en latin, est une <strong>plante herbac\u00e9e<\/strong> qui appartient \u00e0 la famille des Amaryllidac\u00e9es, faisant elle-m\u00eame partie de l\u2019ordre des Liliac\u00e9es. Aussi connue sous le nom de \u00ab\u00a0lys des Incas\u00a0\u00bb ou \u00ab\u00a0lis des Incas\u00a0\u00bb, cette jolie plante fleurie nous vient \u00e0 l\u2019origine de l\u2019Am\u00e9rique du Sud, anciennement territoire inca. Ceci explique son nom.<\/p>\n\n\n\n<figure class=\"wp-block-image aligncenter size-full\"><img loading=\"lazy\" decoding=\"async\" width=\"800\" height=\"533\" src=\"https:\/\/www.interflora.fr\/blog\/wp-content\/uploads\/2025\/07\/lys-des-incas-entretien.jpg\" alt=\"Lys des Incas rose\" class=\"wp-image-50597\" srcset=\"https:\/\/www.interflora.fr\/blog\/wp-content\/uploads\/2025\/07\/lys-des-incas-entretien.jpg 800w, https:\/\/www.interflora.fr\/blog\/wp-content\/uploads\/2025\/07\/lys-des-incas-entretien-300x200.jpg 300w, https:\/\/www.interflora.fr\/blog\/wp-content\/uploads\/2025\/07\/lys-des-incas-entretien-768x512.jpg 768w\" sizes=\"auto, (max-width: 800px) 100vw, 800px\" \/><\/figure>\n\n\n\n<h3 class=\"wp-block-heading\">Floraison de l\u2019alstr\u0153m\u00e8re<\/h3>\n\n\n\n<p>Il existe 50 vari\u00e9t\u00e9s diff\u00e9rentes de lis des Incas ainsi que de tr\u00e8s nombreux hybrides aux larges fleurs. La <strong>fleur du lys des Incas est en forme de trompette<\/strong> et peut mesurer entre 7 et 14&nbsp;cm. Les couleurs sont vari\u00e9es en passant par le jaune, l\u2019orange, le rouge, le rose et le blanc. Les fleurs sont m\u00eame parfois <strong>multicolores ou tigr\u00e9es<\/strong>.<\/p>\n\n\n\n<p>La <strong>floraison du lys des Incas<\/strong> commence \u00e0 la fin du printemps et dure jusqu\u2019aux premi\u00e8res gel\u00e9es de l\u2019automne. Eh oui\u00a0! Derri\u00e8re son allure d\u00e9licate se cache une vivace robuste, <strong>capable de fleurir pendant plusieurs mois d\u2019affil\u00e9e<\/strong>. Le feuillage, quant \u00e0 lui, est caduc. Les fines feuilles sont courb\u00e9es et lanc\u00e9ol\u00e9es, dispos\u00e9es autour d\u2019une tige \u00e9lanc\u00e9e.<\/p>\n\n\n\n<p>Les <a href=\"https:\/\/www.interflora.fr\/c\/bouquets-alstroemeria\">bouquets d&rsquo;alstroemeria<\/a> tiennent plusieurs semaines et d\u00e9coreront \u00e0 merveille votre int\u00e9rieur.&nbsp;<\/p>\n\n\n\n<p>Comme la plupart des <strong>plantes vivaces<\/strong>, l\u2019<strong>alstr\u0153m\u00e8re<\/strong> atteint sa hauteur d\u00e9finitive apr\u00e8s 2 ou 3 ans. \u00c0 maturit\u00e9, sa hauteur se situe entre 80&nbsp;cm et 1&nbsp;m.<\/p>\n\n\n\n<h3 class=\"wp-block-heading\">Culture de l\u2019alstroemeria<\/h3>\n\n\n\n<p>Facile \u00e0 cultiver, cette<strong> <\/strong>belle plante fleurie se pla\u00eet \u00e0 peu pr\u00e8s partout dans la mesure o\u00f9 vous <strong>respectez son besoin d\u2019exposition en plein soleil ou \u00e0 l\u2019ombre l\u00e9g\u00e8re<\/strong>. Elle pousse aussi bien en pot que dans un massif de fleurs ou dans les bordures d\u2019un jardin.<\/p>\n\n\n\n<p>Dans le langage des fleurs, le <a href=\"https:\/\/www.interflora.fr\/blog\/lys-des-incas\/\">lys des Incas<\/a> incarne, selon sa couleur\u00a0: la gratitude, la s\u00e9r\u00e9nit\u00e9, l\u2019amour et l\u2019amiti\u00e9\u2026<\/p>\n\n\n\n<figure class=\"wp-block-image aligncenter size-full is-resized\"><img decoding=\"async\" src=\"https:\/\/www.interflora.fr\/blog\/wp-content\/uploads\/lys-incas-jaune.jpg\" alt=\"Fleurs jaunes de lys des Incas\" class=\"wp-image-35778\" style=\"width:675px;height:447px\"\/><\/figure>\n\n\n\n<h2 class=\"wp-block-heading\">Plantation de lys des Incas&nbsp;: quand et comment les planter&nbsp;?<\/h2>\n\n\n\n<p>Tout d\u2019abord, sachez que le <strong>lys des Incas est toxique<\/strong>. En effet, il peut provoquer des allergies lorsque la peau entre en contact avec la s\u00e8ve. Pensez \u00e0 enfiler des gants pour la cultiver.<\/p>\n\n\n\n<h3 class=\"wp-block-heading\">Quand planter les alstr\u0153m\u00e8res&nbsp;?<\/h3>\n\n\n\n<p>La p\u00e9riode de plantation id\u00e9ale se situe <strong>au printemps apr\u00e8s les derni\u00e8res gel\u00e9es<\/strong>, notamment pour les r\u00e9gions au climat froid. Si vous r\u00e9sidez dans une r\u00e9gion du sud de la France, vous pouvez \u00e9galement planter vos lys des Incas \u00e0 l\u2019automne.<\/p>\n\n\n\n<h3 class=\"wp-block-heading\">Plantation en pleine terre<\/h3>\n\n\n\n<p>La plantation de vos lis des Incas doit se faire de pr\u00e9f\u00e9rence dans un sol l\u00e9ger, non calcaire, bien drain\u00e9 et riche en humus&nbsp;:<\/p>\n\n\n\n<ol class=\"wp-block-list\">\n<li>Ameublissez la terre et ajoutez-y du sable.<\/li>\n\n\n\n<li>Creusez des trous de 20&nbsp;cm de largeur et de profondeur, espac\u00e9s de 30&nbsp;cm.<\/li>\n\n\n\n<li>D\u00e9posez une premi\u00e8re couche de terre enrichie avec du terreau ou du compost au fond des trous de plantation.<\/li>\n\n\n\n<li>Placez vos bulbes et recouvrez-les de terre.<\/li>\n\n\n\n<li>Tassez bien avec vos mains et finissez avec un apport d\u2019eau g\u00e9n\u00e9reux.<\/li>\n<\/ol>\n\n\n\n<p>Le <strong>lys des Incas en pleine terre<\/strong> supporte les hivers doux. En r\u00e9gion froide, un bon paillage ou un voile d\u2019hivernage sera n\u00e9cessaire pour prot\u00e9ger les racines du gel.Au jardin, les couleurs chatoyantes et la d\u00e9licatesse de l\u2019alstroemeria font sensation. Faites-vous plaisir et int\u00e9grez vos <strong>lys des Incas dans un massif fleuri<\/strong>, une bordure que vous souhaitez structurer ou un coin du jardin \u00e0 \u00e9gayer.<\/p>\n\n\n<div class=\"lp-produits-grid\"><div class=\"lp-produit\"><div class=\"lp-thumbnail-wrapper\"><img loading=\"lazy\" decoding=\"async\" width=\"300\" height=\"300\" src=\"https:\/\/www.interflora.fr\/blog\/wp-content\/uploads\/2025\/09\/2DR-800Wx800H-0-1-25-300x300.jpg\" class=\"attachment-medium size-medium wp-post-image\" alt=\"\" srcset=\"https:\/\/www.interflora.fr\/blog\/wp-content\/uploads\/2025\/09\/2DR-800Wx800H-0-1-25-300x300.jpg 300w, https:\/\/www.interflora.fr\/blog\/wp-content\/uploads\/2025\/09\/2DR-800Wx800H-0-1-25-150x150.jpg 150w, https:\/\/www.interflora.fr\/blog\/wp-content\/uploads\/2025\/09\/2DR-800Wx800H-0-1-25-768x768.jpg 768w, https:\/\/www.interflora.fr\/blog\/wp-content\/uploads\/2025\/09\/2DR-800Wx800H-0-1-25.jpg 800w\" sizes=\"auto, (max-width: 300px) 100vw, 300px\" \/><img decoding=\"async\" class=\"lp-badge\" src=\"https:\/\/www.interflora.fr\/blog\/wp-content\/uploads\/2025\/06\/logo-circle.png\" alt=\"Livraison rapide Interflora\"><\/div><span>Douce r\u00eaverie<\/span><p>39.95 \u20ac<\/p><span class=\"obf-link lp-cta\" role=\"link\" tabindex=\"0\" data-b64=\"aHR0cHM6Ly93d3cuaW50ZXJmbG9yYS5mci9wL2RvdWNlLXJldmVyaWUvMS9GUj91dG1fbWVkaXVtPW9yZ2FuaWMmdXRtX3NvdXJjZT1ibG9nX3Byb2R1Y3RzJnV0bV9jYW1wYWlnbj0yRFI=\" data-target=\"_blank\"><svg xmlns=\"http:\/\/www.w3.org\/2000\/svg\" width=\"16\" height=\"16\" fill=\"currentColor\" class=\"bi bi-bag\" viewBox=\"0 0 16 16\"><path d=\"M8 1a2 2 0 0 1 2 2v1h2.5A1.5 1.5 0 0 1 14 5.5v8A1.5 1.5 0 0 1 12.5 15h-9A1.5 1.5 0 0 1 2 13.5v-8A1.5 1.5 0 0 1 3.5 3H6V2a2 2 0 0 1 2-1zm1 3V3a1 1 0 0 0-2 0v1h2z\"\/><\/svg>Voir le produit<\/span><p class=\"rapido\">Top produit<\/p><\/div><div class=\"lp-produit\"><div class=\"lp-thumbnail-wrapper\"><img loading=\"lazy\" decoding=\"async\" width=\"300\" height=\"300\" src=\"https:\/\/www.interflora.fr\/blog\/wp-content\/uploads\/2025\/10\/2IC-800Wx800H-0-1-14-300x300.jpg\" class=\"attachment-medium size-medium wp-post-image\" alt=\"\" srcset=\"https:\/\/www.interflora.fr\/blog\/wp-content\/uploads\/2025\/10\/2IC-800Wx800H-0-1-14-300x300.jpg 300w, https:\/\/www.interflora.fr\/blog\/wp-content\/uploads\/2025\/10\/2IC-800Wx800H-0-1-14-150x150.jpg 150w, https:\/\/www.interflora.fr\/blog\/wp-content\/uploads\/2025\/10\/2IC-800Wx800H-0-1-14-768x768.jpg 768w, https:\/\/www.interflora.fr\/blog\/wp-content\/uploads\/2025\/10\/2IC-800Wx800H-0-1-14.jpg 800w\" sizes=\"auto, (max-width: 300px) 100vw, 300px\" \/><img decoding=\"async\" class=\"lp-badge\" src=\"https:\/\/www.interflora.fr\/blog\/wp-content\/uploads\/2025\/06\/logo-circle.png\" alt=\"Livraison rapide Interflora\"><\/div><span>Instant complice<\/span><p>54.95 \u20ac<\/p><span class=\"obf-link lp-cta\" role=\"link\" tabindex=\"0\" data-b64=\"aHR0cHM6Ly93d3cuaW50ZXJmbG9yYS5mci9wL2JvdXF1ZXQtaW5zdGFudC1jb21wbGljZS8xL0ZSP3V0bV9tZWRpdW09b3JnYW5pYyZ1dG1fc291cmNlPWJsb2dfcHJvZHVjdHMmdXRtX2NhbXBhaWduPTJJQw==\" data-target=\"_blank\"><svg xmlns=\"http:\/\/www.w3.org\/2000\/svg\" width=\"16\" height=\"16\" fill=\"currentColor\" class=\"bi bi-bag\" viewBox=\"0 0 16 16\"><path d=\"M8 1a2 2 0 0 1 2 2v1h2.5A1.5 1.5 0 0 1 14 5.5v8A1.5 1.5 0 0 1 12.5 15h-9A1.5 1.5 0 0 1 2 13.5v-8A1.5 1.5 0 0 1 3.5 3H6V2a2 2 0 0 1 2-1zm1 3V3a1 1 0 0 0-2 0v1h2z\"\/><\/svg>Voir le produit<\/span><p class=\"rapido\">Livraison rapide<\/p><\/div><div class=\"lp-produit\"><div class=\"lp-thumbnail-wrapper\"><img loading=\"lazy\" decoding=\"async\" width=\"300\" height=\"300\" src=\"https:\/\/www.interflora.fr\/blog\/wp-content\/uploads\/2025\/05\/2TUFR-800Wx800H-0-1-25-300x300.jpg\" class=\"attachment-medium size-medium wp-post-image\" alt=\"\" srcset=\"https:\/\/www.interflora.fr\/blog\/wp-content\/uploads\/2025\/05\/2TUFR-800Wx800H-0-1-25-300x300.jpg 300w, https:\/\/www.interflora.fr\/blog\/wp-content\/uploads\/2025\/05\/2TUFR-800Wx800H-0-1-25-150x150.jpg 150w, https:\/\/www.interflora.fr\/blog\/wp-content\/uploads\/2025\/05\/2TUFR-800Wx800H-0-1-25-768x768.jpg 768w, https:\/\/www.interflora.fr\/blog\/wp-content\/uploads\/2025\/05\/2TUFR-800Wx800H-0-1-25.jpg 800w\" sizes=\"auto, (max-width: 300px) 100vw, 300px\" \/><img decoding=\"async\" class=\"lp-badge\" src=\"https:\/\/www.interflora.fr\/blog\/wp-content\/uploads\/2025\/06\/logo-circle.png\" alt=\"Livraison rapide Interflora\"><\/div><span>Tutti frutti<\/span><p>44.95 \u20ac<\/p><span class=\"obf-link lp-cta\" role=\"link\" tabindex=\"0\" data-b64=\"aHR0cHM6Ly93d3cuaW50ZXJmbG9yYS5mci9wL2JvdXF1ZXQtZmxldXJzLXR1dHRpLWZydXR0aS8xL0ZSP3V0bV9tZWRpdW09b3JnYW5pYyZ1dG1fc291cmNlPWJsb2dfcHJvZHVjdHMmdXRtX2NhbXBhaWduPTJUVUZS\" data-target=\"_blank\"><svg xmlns=\"http:\/\/www.w3.org\/2000\/svg\" width=\"16\" height=\"16\" fill=\"currentColor\" class=\"bi bi-bag\" viewBox=\"0 0 16 16\"><path d=\"M8 1a2 2 0 0 1 2 2v1h2.5A1.5 1.5 0 0 1 14 5.5v8A1.5 1.5 0 0 1 12.5 15h-9A1.5 1.5 0 0 1 2 13.5v-8A1.5 1.5 0 0 1 3.5 3H6V2a2 2 0 0 1 2-1zm1 3V3a1 1 0 0 0-2 0v1h2z\"\/><\/svg>Voir le produit<\/span><p class=\"rapido\">Top produit<\/p><\/div><div class=\"lp-produit\"><div class=\"lp-thumbnail-wrapper\"><img loading=\"lazy\" decoding=\"async\" width=\"300\" height=\"300\" src=\"https:\/\/www.interflora.fr\/blog\/wp-content\/uploads\/2025\/12\/2BDT-800Wx800H-0-1-300x300.jpg\" class=\"attachment-medium size-medium wp-post-image\" alt=\"\" srcset=\"https:\/\/www.interflora.fr\/blog\/wp-content\/uploads\/2025\/12\/2BDT-800Wx800H-0-1-300x300.jpg 300w, https:\/\/www.interflora.fr\/blog\/wp-content\/uploads\/2025\/12\/2BDT-800Wx800H-0-1-150x150.jpg 150w, https:\/\/www.interflora.fr\/blog\/wp-content\/uploads\/2025\/12\/2BDT-800Wx800H-0-1-768x768.jpg 768w, https:\/\/www.interflora.fr\/blog\/wp-content\/uploads\/2025\/12\/2BDT-800Wx800H-0-1.jpg 800w\" sizes=\"auto, (max-width: 300px) 100vw, 300px\" \/><img decoding=\"async\" class=\"lp-badge\" src=\"https:\/\/www.interflora.fr\/blog\/wp-content\/uploads\/2025\/06\/logo-circle.png\" alt=\"Livraison rapide Interflora\"><\/div><span>Brass\u00e9e de tulipes multicolores<\/span><p>31.95 \u20ac<\/p><span class=\"obf-link lp-cta\" role=\"link\" tabindex=\"0\" data-b64=\"aHR0cHM6Ly93d3cuaW50ZXJmbG9yYS5mci9wL2JvdXF1ZXQtdHVsaXBlcy8xL0ZSP3V0bV9tZWRpdW09b3JnYW5pYyZ1dG1fc291cmNlPWJsb2dfcHJvZHVjdHMmdXRtX2NhbXBhaWduPTJCRFQ=\" data-target=\"_blank\"><svg xmlns=\"http:\/\/www.w3.org\/2000\/svg\" width=\"16\" height=\"16\" fill=\"currentColor\" class=\"bi bi-bag\" viewBox=\"0 0 16 16\"><path d=\"M8 1a2 2 0 0 1 2 2v1h2.5A1.5 1.5 0 0 1 14 5.5v8A1.5 1.5 0 0 1 12.5 15h-9A1.5 1.5 0 0 1 2 13.5v-8A1.5 1.5 0 0 1 3.5 3H6V2a2 2 0 0 1 2-1zm1 3V3a1 1 0 0 0-2 0v1h2z\"\/><\/svg>Voir le produit<\/span><p class=\"rapido\">Livraison rapide<\/p><\/div><\/div>\n\n\n\n<figure class=\"wp-block-image aligncenter size-full is-resized\"><img decoding=\"async\" src=\"https:\/\/www.interflora.fr\/blog\/wp-content\/uploads\/lys-incas-rouge.jpg\" alt=\"Fleurs rouge\" class=\"wp-image-35780\" style=\"width:700px;height:525px\"\/><\/figure>\n\n\n\n<h3 class=\"wp-block-heading\">Plantation de l\u2019alstroemeria en pot<\/h3>\n\n\n\n<p>Il est tout \u00e0 fait possible de <strong>cultiver le lys des Incas en pot<\/strong>. Une aubaine pour celles et ceux qui ne disposent pas de jardin et qui souhaitent fleurir leur terrasse ou leur balcon&nbsp;!<\/p>\n\n\n\n<p>Choisissez un contenant d\u2019au moins 30&nbsp;cm de profondeur et 20&nbsp;cm de diam\u00e8tre, avec un bon drainage. Un m\u00e9lange de terreau riche et de sable conviendra parfaitement. Les sols sableux ou riches en humus sont parfaits pour la plantation.<\/p>\n\n\n\n<h3 class=\"wp-block-heading\">Exposition id\u00e9ale<\/h3>\n\n\n\n<p>Cette plante fleurie adore la lumi\u00e8re&nbsp;! Installez-la dans un <strong>endroit ensoleill\u00e9 ou l\u00e9g\u00e8rement ombrag\u00e9<\/strong>, \u00e0 l\u2019abri des vents forts. Une exposition plein sud avec quelques heures d\u2019ombre l\u2019apr\u00e8s-midi est id\u00e9ale pour stimuler une belle floraison sans dess\u00e9cher le feuillage.<\/p>\n\n\n\n<h2 class=\"wp-block-heading\">Entretien du lys des Incas&nbsp;: les gestes \u00e0 adopter toute l\u2019ann\u00e9e<\/h2>\n\n\n\n<p>Le lys des Incas est une plante facile \u00e0 vivre, pourvu qu\u2019on lui accorde un minimum d\u2019attention.<\/p>\n\n\n\n<h3 class=\"wp-block-heading\">Taille du lis des Incas<\/h3>\n\n\n\n<p><strong>C\u2019est apr\u00e8s la floraison que vous pourrez tailler vos lys des Incas<\/strong>. En fin de saison, coupez les tiges au ras du sol d\u00e8s qu\u2019elles commencent \u00e0 jaunir. Cela permettra \u00e0 la plante de concentrer son \u00e9nergie sur ses racines pour l\u2019hiver.<\/p>\n\n\n\n<p>En p\u00e9riode de floraison, <strong>supprimez r\u00e9guli\u00e8rement les fleurs fan\u00e9es<\/strong> pour favoriser l\u2019apparition de nouveaux boutons.<\/p>\n\n\n\n<h3 class=\"wp-block-heading\">Arrosage et fertilisation<\/h3>\n\n\n\n<p>Si vous cultivez vos lys des Incas dans le jardin, l\u2019eau de pluie suffira le plus souvent \u00e0 assurer leur arrosage. Pour les plantes dans des pots ou des jardini\u00e8res, veillez \u00e0 <strong>maintenir la terre humide<\/strong> pour garder les racines au frais. Attention toutefois \u00e0 v\u00e9rifier que l\u2019eau ne stagne pas dans la soucoupe.<\/p>\n\n\n\n<p>Du printemps \u00e0 la fin de l\u2019\u00e9t\u00e9, apportez-leur de l\u2019<strong>engrais pour plantes fleuries ou pour g\u00e9raniums<\/strong> toutes les deux semaines afin de stimuler la floraison. Vous serez r\u00e9compens\u00e9 par une belle explosion de couleurs&nbsp;!<\/p>\n\n\n\n<figure class=\"wp-block-image aligncenter size-full\"><img loading=\"lazy\" decoding=\"async\" width=\"800\" height=\"531\" src=\"https:\/\/www.interflora.fr\/blog\/wp-content\/uploads\/2025\/07\/lys-des-incas-floraison.jpeg\" alt=\"Fleur de lys des Incas en gros plan\" class=\"wp-image-50598\" srcset=\"https:\/\/www.interflora.fr\/blog\/wp-content\/uploads\/2025\/07\/lys-des-incas-floraison.jpeg 800w, https:\/\/www.interflora.fr\/blog\/wp-content\/uploads\/2025\/07\/lys-des-incas-floraison-300x199.jpeg 300w, https:\/\/www.interflora.fr\/blog\/wp-content\/uploads\/2025\/07\/lys-des-incas-floraison-768x510.jpeg 768w\" sizes=\"auto, (max-width: 800px) 100vw, 800px\" \/><\/figure>\n\n\n\n<h3 class=\"wp-block-heading\">Faut-il pailler&nbsp;?<\/h3>\n\n\n\n<p>Une fois bien install\u00e9 dans votre jardin ou en pot, le lys des Incas a simplement besoin d\u2019\u00eatre prot\u00e9g\u00e9 du froid en p\u00e9riode de gel.<\/p>\n\n\n\n<p>Pour les r\u00e9gions aux hivers rigoureux, placez un paillage au pied de vos alstr\u0153m\u00e8res afin de <strong>prot\u00e9ger les racines du gel<\/strong>. Utilisez des feuilles mortes, de la paille ou toute autre mati\u00e8re organique.<\/p>\n\n\n\n<p>En \u00e9t\u00e9, il peut aussi \u00eatre utile de pailler les pieds pour <strong>conserver l\u2019humidit\u00e9<\/strong>, surtout en cas de fortes chaleurs.<\/p>\n\n\n\n<h2 class=\"wp-block-heading\">Bouture du lys des Incas&nbsp;: comment multiplier son alstroemeria&nbsp;?<\/h2>\n\n\n\n<p>La mani\u00e8re la plus facile de multiplier vos plants est de proc\u00e9der par <strong>division de touffes<\/strong>. Cette technique se r\u00e9alise en automne ou au d\u00e9but du printemps, sur des plantes d\u00e9j\u00e0 arriv\u00e9es \u00e0 maturit\u00e9, car les jeunes sujets ont des racines plus fragiles.&nbsp;<\/p>\n\n\n\n<p>Commencez par choisir une plante qui a d\u00e9j\u00e0 3 ans. D\u00e9terrez-la enti\u00e8rement en la soulevant avec une b\u00eache. Puis, avec un couteau bien aiguis\u00e9 et d\u00e9sinfect\u00e9, s\u00e9parez les rhizomes. Vous pouvez \u00e0 pr\u00e9sent replanter chaque partie dans un trou de plantation.&nbsp;<\/p>\n\n\n\n<p>Vous avez des techniques pour la culture du lys des Incas&nbsp;? Faites-nous profiter de votre exp\u00e9rience dans les commentaires&nbsp;!<\/p>\n\n\n\n<figure class=\"wp-block-image aligncenter size-full is-resized\"><img decoding=\"async\" src=\"https:\/\/www.interflora.fr\/blog\/wp-content\/uploads\/lys-incas-jardin.jpg\" alt=\"Lys des Incas plant\u00e9 dans un jardin\" class=\"wp-image-35781\" style=\"width:599px;height:450px\"\/><\/figure>\n\n\n<div class=\"lp-produits-grid\"><div class=\"lp-produit\"><div class=\"lp-thumbnail-wrapper\"><img loading=\"lazy\" decoding=\"async\" width=\"300\" height=\"300\" src=\"https:\/\/www.interflora.fr\/blog\/wp-content\/uploads\/2025\/09\/1PEPLCMA-800Wx800H-0-1-25-300x300.jpg\" class=\"attachment-medium size-medium wp-post-image\" alt=\"\" srcset=\"https:\/\/www.interflora.fr\/blog\/wp-content\/uploads\/2025\/09\/1PEPLCMA-800Wx800H-0-1-25-300x300.jpg 300w, https:\/\/www.interflora.fr\/blog\/wp-content\/uploads\/2025\/09\/1PEPLCMA-800Wx800H-0-1-25-150x150.jpg 150w, https:\/\/www.interflora.fr\/blog\/wp-content\/uploads\/2025\/09\/1PEPLCMA-800Wx800H-0-1-25-768x768.jpg 768w, https:\/\/www.interflora.fr\/blog\/wp-content\/uploads\/2025\/09\/1PEPLCMA-800Wx800H-0-1-25.jpg 800w\" sizes=\"auto, (max-width: 300px) 100vw, 300px\" \/><img decoding=\"async\" class=\"lp-badge\" src=\"https:\/\/www.interflora.fr\/blog\/wp-content\/uploads\/2025\/06\/logo-circle.png\" alt=\"Livraison rapide Interflora\"><\/div><span>Coffret cadeau<\/span><p>57.95 \u20ac<\/p><span class=\"obf-link lp-cta\" role=\"link\" tabindex=\"0\" data-b64=\"aHR0cHM6Ly93d3cuaW50ZXJmbG9yYS5mci9wL3BldGl0LXBsYWlzaXItY2FydGUtbWVzc2FnZS1jaG9jb2xhdC8xL0ZSP3V0bV9tZWRpdW09b3JnYW5pYyZ1dG1fc291cmNlPWJsb2dfcHJvZHVjdHMmdXRtX2NhbXBhaWduPTFQRVBMQ01B\" data-target=\"_blank\"><svg xmlns=\"http:\/\/www.w3.org\/2000\/svg\" width=\"16\" height=\"16\" fill=\"currentColor\" class=\"bi bi-bag\" viewBox=\"0 0 16 16\"><path d=\"M8 1a2 2 0 0 1 2 2v1h2.5A1.5 1.5 0 0 1 14 5.5v8A1.5 1.5 0 0 1 12.5 15h-9A1.5 1.5 0 0 1 2 13.5v-8A1.5 1.5 0 0 1 3.5 3H6V2a2 2 0 0 1 2-1zm1 3V3a1 1 0 0 0-2 0v1h2z\"\/><\/svg>Voir le produit<\/span><p class=\"rapido\">Top produit<\/p><\/div><div class=\"lp-produit\"><div class=\"lp-thumbnail-wrapper\"><img loading=\"lazy\" decoding=\"async\" width=\"300\" height=\"300\" src=\"https:\/\/www.interflora.fr\/blog\/wp-content\/uploads\/2026\/01\/1BIFF-800Wx800H-0-1-300x300.jpg\" class=\"attachment-medium size-medium wp-post-image\" alt=\"\" srcset=\"https:\/\/www.interflora.fr\/blog\/wp-content\/uploads\/2026\/01\/1BIFF-800Wx800H-0-1-300x300.jpg 300w, https:\/\/www.interflora.fr\/blog\/wp-content\/uploads\/2026\/01\/1BIFF-800Wx800H-0-1-150x150.jpg 150w, https:\/\/www.interflora.fr\/blog\/wp-content\/uploads\/2026\/01\/1BIFF-800Wx800H-0-1-768x768.jpg 768w, https:\/\/www.interflora.fr\/blog\/wp-content\/uploads\/2026\/01\/1BIFF-800Wx800H-0-1.jpg 800w\" sizes=\"auto, (max-width: 300px) 100vw, 300px\" \/><img decoding=\"async\" class=\"lp-badge\" src=\"https:\/\/www.interflora.fr\/blog\/wp-content\/uploads\/2025\/06\/logo-circle.png\" alt=\"Livraison rapide Interflora\"><\/div><span>Mon coeur<\/span><p>39.95 \u20ac<\/p><span class=\"obf-link lp-cta\" role=\"link\" tabindex=\"0\" data-b64=\"aHR0cHM6Ly93d3cuaW50ZXJmbG9yYS5mci9wL2JvdXF1ZXQtbW9uLWNvZXVyLzEvRlI\/dXRtX21lZGl1bT1vcmdhbmljJnV0bV9zb3VyY2U9YmxvZ19wcm9kdWN0cyZ1dG1fY2FtcGFpZ249MUJJRkY=\" data-target=\"_blank\"><svg xmlns=\"http:\/\/www.w3.org\/2000\/svg\" width=\"16\" height=\"16\" fill=\"currentColor\" class=\"bi bi-bag\" viewBox=\"0 0 16 16\"><path d=\"M8 1a2 2 0 0 1 2 2v1h2.5A1.5 1.5 0 0 1 14 5.5v8A1.5 1.5 0 0 1 12.5 15h-9A1.5 1.5 0 0 1 2 13.5v-8A1.5 1.5 0 0 1 3.5 3H6V2a2 2 0 0 1 2-1zm1 3V3a1 1 0 0 0-2 0v1h2z\"\/><\/svg>Voir le produit<\/span><p class=\"rapido\">Top produit<\/p><\/div><div class=\"lp-produit\"><div class=\"lp-thumbnail-wrapper\"><img loading=\"lazy\" decoding=\"async\" width=\"300\" height=\"300\" src=\"https:\/\/www.interflora.fr\/blog\/wp-content\/uploads\/2026\/04\/3RER-800Wx800H-0-1-300x300.jpg\" class=\"attachment-medium size-medium wp-post-image\" alt=\"\" srcset=\"https:\/\/www.interflora.fr\/blog\/wp-content\/uploads\/2026\/04\/3RER-800Wx800H-0-1-300x300.jpg 300w, https:\/\/www.interflora.fr\/blog\/wp-content\/uploads\/2026\/04\/3RER-800Wx800H-0-1-150x150.jpg 150w, https:\/\/www.interflora.fr\/blog\/wp-content\/uploads\/2026\/04\/3RER-800Wx800H-0-1-768x768.jpg 768w, https:\/\/www.interflora.fr\/blog\/wp-content\/uploads\/2026\/04\/3RER-800Wx800H-0-1.jpg 800w\" sizes=\"auto, (max-width: 300px) 100vw, 300px\" \/><img decoding=\"async\" class=\"lp-badge\" src=\"https:\/\/www.interflora.fr\/blog\/wp-content\/uploads\/2025\/06\/logo-circle.png\" alt=\"Livraison rapide Interflora\"><\/div><span>Composition rose \u00e9ternelle rouge<\/span><p>36.95 \u20ac<\/p><span class=\"obf-link lp-cta\" role=\"link\" tabindex=\"0\" data-b64=\"aHR0cHM6Ly93d3cuaW50ZXJmbG9yYS5mci9wL2NvbXBvc2l0aW9uLXJvc2UtZXRlcm5lbGxlLXJvdWdlLzAvRlI\/dXRtX21lZGl1bT1vcmdhbmljJnV0bV9zb3VyY2U9YmxvZ19wcm9kdWN0cyZ1dG1fY2FtcGFpZ249M1JFUg==\" data-target=\"_blank\"><svg xmlns=\"http:\/\/www.w3.org\/2000\/svg\" width=\"16\" height=\"16\" fill=\"currentColor\" class=\"bi bi-bag\" viewBox=\"0 0 16 16\"><path d=\"M8 1a2 2 0 0 1 2 2v1h2.5A1.5 1.5 0 0 1 14 5.5v8A1.5 1.5 0 0 1 12.5 15h-9A1.5 1.5 0 0 1 2 13.5v-8A1.5 1.5 0 0 1 3.5 3H6V2a2 2 0 0 1 2-1zm1 3V3a1 1 0 0 0-2 0v1h2z\"\/><\/svg>Voir le produit<\/span><p class=\"rapido\">Fleurs fra\u00eeches<\/p><\/div><div class=\"lp-produit\"><div class=\"lp-thumbnail-wrapper\"><img loading=\"lazy\" decoding=\"async\" width=\"300\" height=\"300\" src=\"https:\/\/www.interflora.fr\/blog\/wp-content\/uploads\/2025\/05\/2TUFR-800Wx800H-0-1-25-300x300.jpg\" class=\"attachment-medium size-medium wp-post-image\" alt=\"\" srcset=\"https:\/\/www.interflora.fr\/blog\/wp-content\/uploads\/2025\/05\/2TUFR-800Wx800H-0-1-25-300x300.jpg 300w, https:\/\/www.interflora.fr\/blog\/wp-content\/uploads\/2025\/05\/2TUFR-800Wx800H-0-1-25-150x150.jpg 150w, https:\/\/www.interflora.fr\/blog\/wp-content\/uploads\/2025\/05\/2TUFR-800Wx800H-0-1-25-768x768.jpg 768w, https:\/\/www.interflora.fr\/blog\/wp-content\/uploads\/2025\/05\/2TUFR-800Wx800H-0-1-25.jpg 800w\" sizes=\"auto, (max-width: 300px) 100vw, 300px\" \/><img decoding=\"async\" class=\"lp-badge\" src=\"https:\/\/www.interflora.fr\/blog\/wp-content\/uploads\/2025\/06\/logo-circle.png\" alt=\"Livraison rapide Interflora\"><\/div><span>Tutti frutti<\/span><p>44.95 \u20ac<\/p><span class=\"obf-link lp-cta\" role=\"link\" tabindex=\"0\" data-b64=\"aHR0cHM6Ly93d3cuaW50ZXJmbG9yYS5mci9wL2JvdXF1ZXQtZmxldXJzLXR1dHRpLWZydXR0aS8xL0ZSP3V0bV9tZWRpdW09b3JnYW5pYyZ1dG1fc291cmNlPWJsb2dfcHJvZHVjdHMmdXRtX2NhbXBhaWduPTJUVUZS\" data-target=\"_blank\"><svg xmlns=\"http:\/\/www.w3.org\/2000\/svg\" width=\"16\" height=\"16\" fill=\"currentColor\" class=\"bi bi-bag\" viewBox=\"0 0 16 16\"><path d=\"M8 1a2 2 0 0 1 2 2v1h2.5A1.5 1.5 0 0 1 14 5.5v8A1.5 1.5 0 0 1 12.5 15h-9A1.5 1.5 0 0 1 2 13.5v-8A1.5 1.5 0 0 1 3.5 3H6V2a2 2 0 0 1 2-1zm1 3V3a1 1 0 0 0-2 0v1h2z\"\/><\/svg>Voir le produit<\/span><p class=\"rapido\">Livraison rapide<\/p><\/div><\/div>\n","protected":false},"excerpt":{"rendered":"<p>L\u2019alstroem\u00e8re que l\u2019on appelle plus commun\u00e9ment le lys des Incas est une plante fleurie \u00e0 la floraison g\u00e9n\u00e9reuse. Cultiv\u00e9s en pots ou en pleine terre, les lys sont des fleurs faciles \u00e0 vivre qui font le bonheur des jardiniers de tous niveaux ! Les lys des Incas existent en multitudes de coloris tous aussi lumineux les uns que les autres et qui ne manqueront pas d\u2019\u00e9gayer vos espaces verts ou votre int\u00e9rieur. Comment planter le lys des Incas ? Comment l\u2019entretenir et le bouturer ? Voici nos conseils de jardinage. <\/p>\n","protected":false},"author":9,"featured_media":50596,"comment_status":"open","ping_status":"open","sticky":false,"template":"","format":"standard","meta":{"_uag_custom_page_level_css":"","site-sidebar-layout":"default","site-content-layout":"","ast-site-content-layout":"default","site-content-style":"default","site-sidebar-style":"default","ast-global-header-display":"","ast-banner-title-visibility":"","ast-main-header-display":"","ast-hfb-above-header-display":"","ast-hfb-below-header-display":"","ast-hfb-mobile-header-display":"","site-post-title":"","ast-breadcrumbs-content":"","ast-featured-img":"","footer-sml-layout":"","ast-disable-related-posts":"","theme-transparent-header-meta":"","adv-header-id-meta":"","stick-header-meta":"","header-above-stick-meta":"","header-main-stick-meta":"","header-below-stick-meta":"","astra-migrate-meta-layouts":"set","ast-page-background-enabled":"default","ast-page-background-meta":{"desktop":{"background-color":"var(--ast-global-color-5)","background-image":"","background-repeat":"repeat","background-position":"center center","background-size":"auto","background-attachment":"scroll","background-type":"","background-media":"","overlay-type":"","overlay-color":"","overlay-opacity":"","overlay-gradient":""},"tablet":{"background-color":"","background-image":"","background-repeat":"repeat","background-position":"center center","background-size":"auto","background-attachment":"scroll","background-type":"","background-media":"","overlay-type":"","overlay-color":"","overlay-opacity":"","overlay-gradient":""},"mobile":{"background-color":"","background-image":"","background-repeat":"repeat","background-position":"center center","background-size":"auto","background-attachment":"scroll","background-type":"","background-media":"","overlay-type":"","overlay-color":"","overlay-opacity":"","overlay-gradient":""}},"ast-content-background-meta":{"desktop":{"background-color":"var(--ast-global-color-4)","background-image":"","background-repeat":"repeat","background-position":"center center","background-size":"auto","background-attachment":"scroll","background-type":"","background-media":"","overlay-type":"","overlay-color":"","overlay-opacity":"","overlay-gradient":""},"tablet":{"background-color":"var(--ast-global-color-4)","background-image":"","background-repeat":"repeat","background-position":"center center","background-size":"auto","background-attachment":"scroll","background-type":"","background-media":"","overlay-type":"","overlay-color":"","overlay-opacity":"","overlay-gradient":""},"mobile":{"background-color":"var(--ast-global-color-4)","background-image":"","background-repeat":"repeat","background-position":"center center","background-size":"auto","background-attachment":"scroll","background-type":"","background-media":"","overlay-type":"","overlay-color":"","overlay-opacity":"","overlay-gradient":""}},"footnotes":""},"categories":[183,168,189],"tags":[398],"class_list":["post-35774","post","type-post","status-publish","format-standard","has-post-thumbnail","hentry","category-fleurs","category-fleurs-massifs","category-jardinage","tag-alstroemeria"],"uagb_featured_image_src":{"full":["https:\/\/www.interflora.fr\/blog\/wp-content\/uploads\/2025\/07\/lys-des-incas.jpeg",1200,900,false],"thumbnail":["https:\/\/www.interflora.fr\/blog\/wp-content\/uploads\/2025\/07\/lys-des-incas-150x150.jpeg",150,150,true],"medium":["https:\/\/www.interflora.fr\/blog\/wp-content\/uploads\/2025\/07\/lys-des-incas-300x225.jpeg",300,225,true],"medium_large":["https:\/\/www.interflora.fr\/blog\/wp-content\/uploads\/2025\/07\/lys-des-incas-768x576.jpeg",768,576,true],"large":["https:\/\/www.interflora.fr\/blog\/wp-content\/uploads\/2025\/07\/lys-des-incas-1024x768.jpeg",1024,768,true],"1536x1536":["https:\/\/www.interflora.fr\/blog\/wp-content\/uploads\/2025\/07\/lys-des-incas.jpeg",1200,900,false],"2048x2048":["https:\/\/www.interflora.fr\/blog\/wp-content\/uploads\/2025\/07\/lys-des-incas.jpeg",1200,900,false]},"uagb_author_info":{"display_name":"Flora","author_link":"https:\/\/www.interflora.fr\/blog\/author\/fleurdeprovence\/"},"uagb_comment_info":0,"uagb_excerpt":"L\u2019alstroem\u00e8re que l\u2019on appelle plus commun\u00e9ment le lys des Incas est une plante fleurie \u00e0 la floraison g\u00e9n\u00e9reuse. Cultiv\u00e9s en pots ou en pleine terre, les lys sont des fleurs faciles \u00e0 vivre qui font le bonheur des jardiniers de tous niveaux ! Les lys des Incas existent en multitudes de coloris tous aussi lumineux\u2026","yoast_meta":{"title":"Lys des Incas : comment le cultiver ? | Interflora","description":"Laissez vous s\u00e9duire par le lys des Incas et sa floraison aux magnifiques couleurs ! D\u00e9couvrez nos conseils d'entretien de cette jolie plante fleurie."},"_links":{"self":[{"href":"https:\/\/www.interflora.fr\/blog\/wp-json\/wp\/v2\/posts\/35774","targetHints":{"allow":["GET"]}}],"collection":[{"href":"https:\/\/www.interflora.fr\/blog\/wp-json\/wp\/v2\/posts"}],"about":[{"href":"https:\/\/www.interflora.fr\/blog\/wp-json\/wp\/v2\/types\/post"}],"author":[{"embeddable":true,"href":"https:\/\/www.interflora.fr\/blog\/wp-json\/wp\/v2\/users\/9"}],"replies":[{"embeddable":true,"href":"https:\/\/www.interflora.fr\/blog\/wp-json\/wp\/v2\/comments?post=35774"}],"version-history":[{"count":1,"href":"https:\/\/www.interflora.fr\/blog\/wp-json\/wp\/v2\/posts\/35774\/revisions"}],"predecessor-version":[{"id":58066,"href":"https:\/\/www.interflora.fr\/blog\/wp-json\/wp\/v2\/posts\/35774\/revisions\/58066"}],"wp:featuredmedia":[{"embeddable":true,"href":"https:\/\/www.interflora.fr\/blog\/wp-json\/wp\/v2\/media\/50596"}],"wp:attachment":[{"href":"https:\/\/www.interflora.fr\/blog\/wp-json\/wp\/v2\/media?parent=35774"}],"wp:term":[{"taxonomy":"category","embeddable":true,"href":"https:\/\/www.interflora.fr\/blog\/wp-json\/wp\/v2\/categories?post=35774"},{"taxonomy":"post_tag","embeddable":true,"href":"https:\/\/www.interflora.fr\/blog\/wp-json\/wp\/v2\/tags?post=35774"}],"curies":[{"name":"wp","href":"https:\/\/api.w.org\/{rel}","templated":true}]}}