{"id":35624,"date":"2023-07-27T16:42:12","date_gmt":"2023-07-27T14:42:12","guid":{"rendered":"https:\/\/www.interflora.fr\/blog\/?p=35624"},"modified":"2023-07-27T16:42:12","modified_gmt":"2023-07-27T14:42:12","slug":"textes-faire-part-mariage-humour","status":"publish","type":"post","link":"https:\/\/www.interflora.fr\/blog\/textes-faire-part-mariage-humour\/","title":{"rendered":"9 mod\u00e8les de textes de faire-part de mariage humoristiques"},"content":{"rendered":"\n<p>Annoncez la couleur d\u00e8s l&rsquo;invitation : votre mariage ne sera ni <a href=\"https:\/\/www.interflora.fr\/blog\/textes-faire-part-mariage\/\" target=\"_blank\" rel=\"noreferrer noopener\">classique<\/a>, ni gnangnan, ni planplan. Bref, votre mariage sera \u00e0 votre image, c&rsquo;est-\u00e0-dire dr\u00f4le, amusant et plein d&rsquo;humour. Oui, je sais, \u00e7a veut dire la m\u00eame chose. Peu importe, quand on aime on ne compte pas, vrai ?<\/p>\n\n\n\n<p>Alors, pour ne pas d\u00e9stabiliser vos invit\u00e9s, envoyez-leur un faire-part de mariage qui leur mettra le sourire aux l\u00e8vres et qui les pr\u00e9parera d&#8217;embl\u00e9e \u00e0 l&rsquo;ambiance du jour J. Et si c&rsquo;est la panne s\u00e8che, m\u00eame si Monsieur est habituellement le roi de la rigolade et Madame la reine de la blague, voici quelques <strong>exemples de textes de faire-part de mariage pleins d&rsquo;humour et comiques<\/strong> \u00e0 plagier autant que vous voulez pour votre invitation aux noces. Apr\u00e8s tout, amour rime avec humour, n&rsquo;est-ce pas ?<\/p>\n\n\n<div class=\"lp-produits-grid\"><div class=\"lp-produit\"><div class=\"lp-thumbnail-wrapper\"><img loading=\"lazy\" decoding=\"async\" width=\"300\" height=\"300\" src=\"https:\/\/www.interflora.fr\/blog\/wp-content\/uploads\/2025\/05\/2RB-800Wx800H-0-1-25-300x300.jpg\" class=\"attachment-medium size-medium wp-post-image\" alt=\"\" srcset=\"https:\/\/www.interflora.fr\/blog\/wp-content\/uploads\/2025\/05\/2RB-800Wx800H-0-1-25-300x300.jpg 300w, https:\/\/www.interflora.fr\/blog\/wp-content\/uploads\/2025\/05\/2RB-800Wx800H-0-1-25-150x150.jpg 150w, https:\/\/www.interflora.fr\/blog\/wp-content\/uploads\/2025\/05\/2RB-800Wx800H-0-1-25-768x768.jpg 768w, https:\/\/www.interflora.fr\/blog\/wp-content\/uploads\/2025\/05\/2RB-800Wx800H-0-1-25.jpg 800w\" sizes=\"auto, (max-width: 300px) 100vw, 300px\" \/><img decoding=\"async\" class=\"lp-badge\" src=\"https:\/\/www.interflora.fr\/blog\/wp-content\/uploads\/2025\/06\/logo-circle.png\" alt=\"Livraison rapide Interflora\"><\/div><span>Rosa Bella<\/span><p>49.95 \u20ac<\/p><span class=\"obf-link lp-cta\" role=\"link\" tabindex=\"0\" data-b64=\"aHR0cHM6Ly93d3cuaW50ZXJmbG9yYS5mci9wL3Jvc2EtYmVsbGEvMS9GUj91dG1fbWVkaXVtPW9yZ2FuaWMmdXRtX3NvdXJjZT1ibG9nX3Byb2R1Y3RzJnV0bV9jYW1wYWlnbj0yUkI=\" data-target=\"_blank\"><svg xmlns=\"http:\/\/www.w3.org\/2000\/svg\" width=\"16\" height=\"16\" fill=\"currentColor\" class=\"bi bi-bag\" viewBox=\"0 0 16 16\"><path d=\"M8 1a2 2 0 0 1 2 2v1h2.5A1.5 1.5 0 0 1 14 5.5v8A1.5 1.5 0 0 1 12.5 15h-9A1.5 1.5 0 0 1 2 13.5v-8A1.5 1.5 0 0 1 3.5 3H6V2a2 2 0 0 1 2-1zm1 3V3a1 1 0 0 0-2 0v1h2z\"\/><\/svg>Voir le produit<\/span><p class=\"rapido\">Fleurs fra\u00eeches<\/p><\/div><div class=\"lp-produit\"><div class=\"lp-thumbnail-wrapper\"><img loading=\"lazy\" decoding=\"async\" width=\"300\" height=\"300\" src=\"https:\/\/www.interflora.fr\/blog\/wp-content\/uploads\/2025\/05\/B2BDP-800Wx800H-0-1-300x300.jpg\" class=\"attachment-medium size-medium wp-post-image\" alt=\"\" srcset=\"https:\/\/www.interflora.fr\/blog\/wp-content\/uploads\/2025\/05\/B2BDP-800Wx800H-0-1-300x300.jpg 300w, https:\/\/www.interflora.fr\/blog\/wp-content\/uploads\/2025\/05\/B2BDP-800Wx800H-0-1-150x150.jpg 150w, https:\/\/www.interflora.fr\/blog\/wp-content\/uploads\/2025\/05\/B2BDP-800Wx800H-0-1-768x768.jpg 768w, https:\/\/www.interflora.fr\/blog\/wp-content\/uploads\/2025\/05\/B2BDP-800Wx800H-0-1.jpg 800w\" sizes=\"auto, (max-width: 300px) 100vw, 300px\" \/><img decoding=\"async\" class=\"lp-badge\" src=\"https:\/\/www.interflora.fr\/blog\/wp-content\/uploads\/2025\/06\/logo-circle.png\" alt=\"Livraison rapide Interflora\"><\/div><span>Brass\u00e9e de pivoines vari\u00e9es<\/span><p>39.95 \u20ac<\/p><span class=\"obf-link lp-cta\" role=\"link\" tabindex=\"0\" data-b64=\"aHR0cHM6Ly93d3cuaW50ZXJmbG9yYS5mci9wL2JyYXNzZWUtcGl2b2luZXMvMS9GUj91dG1fbWVkaXVtPW9yZ2FuaWMmdXRtX3NvdXJjZT1ibG9nX3Byb2R1Y3RzJnV0bV9jYW1wYWlnbj1CMkJEUA==\" data-target=\"_blank\"><svg xmlns=\"http:\/\/www.w3.org\/2000\/svg\" width=\"16\" height=\"16\" fill=\"currentColor\" class=\"bi bi-bag\" viewBox=\"0 0 16 16\"><path d=\"M8 1a2 2 0 0 1 2 2v1h2.5A1.5 1.5 0 0 1 14 5.5v8A1.5 1.5 0 0 1 12.5 15h-9A1.5 1.5 0 0 1 2 13.5v-8A1.5 1.5 0 0 1 3.5 3H6V2a2 2 0 0 1 2-1zm1 3V3a1 1 0 0 0-2 0v1h2z\"\/><\/svg>Voir le produit<\/span><p class=\"rapido\">Livraison rapide<\/p><\/div><div class=\"lp-produit\"><div class=\"lp-thumbnail-wrapper\"><img loading=\"lazy\" decoding=\"async\" width=\"300\" height=\"300\" src=\"https:\/\/www.interflora.fr\/blog\/wp-content\/uploads\/2025\/09\/2DR-800Wx800H-0-1-25-300x300.jpg\" class=\"attachment-medium size-medium wp-post-image\" alt=\"\" srcset=\"https:\/\/www.interflora.fr\/blog\/wp-content\/uploads\/2025\/09\/2DR-800Wx800H-0-1-25-300x300.jpg 300w, https:\/\/www.interflora.fr\/blog\/wp-content\/uploads\/2025\/09\/2DR-800Wx800H-0-1-25-150x150.jpg 150w, https:\/\/www.interflora.fr\/blog\/wp-content\/uploads\/2025\/09\/2DR-800Wx800H-0-1-25-768x768.jpg 768w, https:\/\/www.interflora.fr\/blog\/wp-content\/uploads\/2025\/09\/2DR-800Wx800H-0-1-25.jpg 800w\" sizes=\"auto, (max-width: 300px) 100vw, 300px\" \/><img decoding=\"async\" class=\"lp-badge\" src=\"https:\/\/www.interflora.fr\/blog\/wp-content\/uploads\/2025\/06\/logo-circle.png\" alt=\"Livraison rapide Interflora\"><\/div><span>Douce r\u00eaverie<\/span><p>39.95 \u20ac<\/p><span class=\"obf-link lp-cta\" role=\"link\" tabindex=\"0\" data-b64=\"aHR0cHM6Ly93d3cuaW50ZXJmbG9yYS5mci9wL2RvdWNlLXJldmVyaWUvMS9GUj91dG1fbWVkaXVtPW9yZ2FuaWMmdXRtX3NvdXJjZT1ibG9nX3Byb2R1Y3RzJnV0bV9jYW1wYWlnbj0yRFI=\" data-target=\"_blank\"><svg xmlns=\"http:\/\/www.w3.org\/2000\/svg\" width=\"16\" height=\"16\" fill=\"currentColor\" class=\"bi bi-bag\" viewBox=\"0 0 16 16\"><path d=\"M8 1a2 2 0 0 1 2 2v1h2.5A1.5 1.5 0 0 1 14 5.5v8A1.5 1.5 0 0 1 12.5 15h-9A1.5 1.5 0 0 1 2 13.5v-8A1.5 1.5 0 0 1 3.5 3H6V2a2 2 0 0 1 2-1zm1 3V3a1 1 0 0 0-2 0v1h2z\"\/><\/svg>Voir le produit<\/span><p class=\"rapido\">Fleurs fra\u00eeches<\/p><\/div><div class=\"lp-produit\"><div class=\"lp-thumbnail-wrapper\"><img loading=\"lazy\" decoding=\"async\" width=\"300\" height=\"300\" src=\"https:\/\/www.interflora.fr\/blog\/wp-content\/uploads\/2025\/05\/1SEN-800Wx800H-0-1-25-300x300.jpg\" class=\"attachment-medium size-medium wp-post-image\" alt=\"\" srcset=\"https:\/\/www.interflora.fr\/blog\/wp-content\/uploads\/2025\/05\/1SEN-800Wx800H-0-1-25-300x300.jpg 300w, https:\/\/www.interflora.fr\/blog\/wp-content\/uploads\/2025\/05\/1SEN-800Wx800H-0-1-25-150x150.jpg 150w, https:\/\/www.interflora.fr\/blog\/wp-content\/uploads\/2025\/05\/1SEN-800Wx800H-0-1-25-768x768.jpg 768w, https:\/\/www.interflora.fr\/blog\/wp-content\/uploads\/2025\/05\/1SEN-800Wx800H-0-1-25.jpg 800w\" sizes=\"auto, (max-width: 300px) 100vw, 300px\" \/><img decoding=\"async\" class=\"lp-badge\" src=\"https:\/\/www.interflora.fr\/blog\/wp-content\/uploads\/2025\/06\/logo-circle.png\" alt=\"Livraison rapide Interflora\"><\/div><span>Joyeux anniversaire<\/span><p>42.95 \u20ac<\/p><span class=\"obf-link lp-cta\" role=\"link\" tabindex=\"0\" data-b64=\"aHR0cHM6Ly93d3cuaW50ZXJmbG9yYS5mci9wL3Jvc2VzLXNlbnRpbWVudC8xL0ZSP3V0bV9tZWRpdW09b3JnYW5pYyZ1dG1fc291cmNlPWJsb2dfcHJvZHVjdHMmdXRtX2NhbXBhaWduPTFTRU4=\" data-target=\"_blank\"><svg xmlns=\"http:\/\/www.w3.org\/2000\/svg\" width=\"16\" height=\"16\" fill=\"currentColor\" class=\"bi bi-bag\" viewBox=\"0 0 16 16\"><path d=\"M8 1a2 2 0 0 1 2 2v1h2.5A1.5 1.5 0 0 1 14 5.5v8A1.5 1.5 0 0 1 12.5 15h-9A1.5 1.5 0 0 1 2 13.5v-8A1.5 1.5 0 0 1 3.5 3H6V2a2 2 0 0 1 2-1zm1 3V3a1 1 0 0 0-2 0v1h2z\"\/><\/svg>Voir le produit<\/span><p class=\"rapido\">Livraison rapide<\/p><\/div><\/div>\n\n\n\n<h2 class=\"wp-block-heading\">Un faire-part de mariage humoristique \u00ab\u00a0Il faut le voir pour le croire\u00a0\u00bb<\/h2>\n\n\n\n<blockquote class=\"wp-block-quote is-layout-flow wp-block-quote-is-layout-flow\">\n<p>Thomas, \u00e9ternel c\u00e9libataire endurci, a enfin accept\u00e9 de se marier, qui l&rsquo;e\u00fbt cru ?<br>Soyez les t\u00e9moins de cet \u00e9v\u00e9nement historique qui fait d\u00e9j\u00e0 jaser le monde entier.<br><br>Vous \u00eates donc convi\u00e9s au mariage l\u00e9gendaire de&nbsp;<br>Caroline et Thomas<br>qui aura lieu le 1er juin 2024 \u00e0 15h30 \u00e0 la mairie de Carqueiranne.<br><br>\u00c0 l&rsquo;issue de la c\u00e9r\u00e9monie, un vin d&rsquo;honneur sera servi \u00e0 la salle des f\u00eates, afin de tous nous remettre de nos \u00e9motions.<br>Et, comme nous n&rsquo;avons pas l&rsquo;exclusivit\u00e9 du OUI, nous esp\u00e9rons recevoir le v\u00f4tre \u00e0 cette invitation avant le 31 mai.<\/p>\n<\/blockquote>\n\n\n\n<h2 class=\"wp-block-heading\">Un texte de faire-part de mariage \u00e0 l&rsquo;humour marrant&#8230; ou pas !<\/h2>\n\n\n\n<blockquote class=\"wp-block-quote is-layout-flow wp-block-quote-is-layout-flow\">\n<p>La bonne nouvelle ? Nous nous marions !<br>La mauvaise nouvelle ? Charl\u00e8ne n&rsquo;est plus disponible.&nbsp;<br>On vous laisse l&rsquo;annoncer \u00e0 Brad Pitt.<br><br>Nous vous donnons rendez-vous le samedi 25 mai 2024 \u00e0 15h \u00e0 la mairie de Correns,<br>pour c\u00e9l\u00e9brer notre union, et accessoirement consoler Brad Pitt.<br><br>Les festivit\u00e9s battront leur plein \u00e0 partir de 19h au ch\u00e2teau de Miraval.<br>H\u00e2te de vivre cette journ\u00e9e mythique \u00e0 vos c\u00f4t\u00e9s.<br><br>Charl\u00e8ne et Quentin.&nbsp;<\/p>\n<\/blockquote>\n\n\n\n<figure class=\"wp-block-image aligncenter size-full\"><img decoding=\"async\" src=\"https:\/\/www.interflora.fr\/blog\/wp-content\/uploads\/faire-part-fleuri.jpg\" alt=\"Faire-part de mariage fleuri\" class=\"wp-image-35636\"\/><\/figure>\n\n\n\n<p><\/p>\n\n\n\n<h2 class=\"wp-block-heading\">Mod\u00e8le de texte de faire-part de mariage avec jeux de mots<\/h2>\n\n\n\n<blockquote class=\"wp-block-quote is-layout-flow wp-block-quote-is-layout-flow\">\n<p>Je me marre<br>Tu te marres<br>Nous nous marions !<br><br>La c\u00e9r\u00e9monie aura lieu le 10 ao\u00fbt 2024 \u00e0 15h \u00e0 la mairie de Nantes.<br>Nous nous retrouverons ensuite sur les bords de l&rsquo;Erdre pour un ap\u00e9ritif guinguette.<br>Nous allons nous marrer !<\/p>\n<\/blockquote>\n\n\n\n<h2 class=\"wp-block-heading\">Un texte de faire-part de mariage qui conjugue le verbe aimer<\/h2>\n\n\n\n<blockquote class=\"wp-block-quote is-layout-flow wp-block-quote-is-layout-flow\">\n<p>Je t&rsquo;aime<br>Tu m&rsquo;aimes<br>Nous nous aimons<br>Et nous VOUS aimons.<br><br>C&rsquo;est pourquoi, nous esp\u00e9rons votre pr\u00e9sence \u00e0 nos c\u00f4t\u00e9s pour f\u00eater notre union<br>qui aura lieu le 13 juillet 2024 \u00e0 16h \u00e0 la mairie d&rsquo;Orl\u00e9ans,<br>puis \u00e0 17h en l&rsquo;\u00e9glise Saint-Donatien.<\/p>\n\n\n\n<p>Et si vous NOUS aimez,<br>venez partager avec nous ce moment de pur bonheur<br>ainsi que le vin d&rsquo;honneur, servi dans les jardins du Domaine de Marmogne.<\/p>\n<\/blockquote>\n\n\n<div class=\"lp-produits-grid\"><div class=\"lp-produit\"><div class=\"lp-thumbnail-wrapper\"><img loading=\"lazy\" decoding=\"async\" width=\"300\" height=\"300\" src=\"https:\/\/www.interflora.fr\/blog\/wp-content\/uploads\/2025\/05\/1AFO-800Wx800H-0-1-25-300x300.jpg\" class=\"attachment-medium size-medium wp-post-image\" alt=\"\" srcset=\"https:\/\/www.interflora.fr\/blog\/wp-content\/uploads\/2025\/05\/1AFO-800Wx800H-0-1-25-300x300.jpg 300w, https:\/\/www.interflora.fr\/blog\/wp-content\/uploads\/2025\/05\/1AFO-800Wx800H-0-1-25-150x150.jpg 150w, https:\/\/www.interflora.fr\/blog\/wp-content\/uploads\/2025\/05\/1AFO-800Wx800H-0-1-25-768x768.jpg 768w, https:\/\/www.interflora.fr\/blog\/wp-content\/uploads\/2025\/05\/1AFO-800Wx800H-0-1-25.jpg 800w\" sizes=\"auto, (max-width: 300px) 100vw, 300px\" \/><img decoding=\"async\" class=\"lp-badge\" src=\"https:\/\/www.interflora.fr\/blog\/wp-content\/uploads\/2025\/06\/logo-circle.png\" alt=\"Livraison rapide Interflora\"><\/div><span>Grandes roses sur-mesure<\/span><p>59.95 \u20ac<\/p><span class=\"obf-link lp-cta\" role=\"link\" tabindex=\"0\" data-b64=\"aHR0cHM6Ly93d3cuaW50ZXJmbG9yYS5mci9wL3Jvc2VzLWEtbGEtZm9saWUvNi9GUj91dG1fbWVkaXVtPW9yZ2FuaWMmdXRtX3NvdXJjZT1ibG9nX3Byb2R1Y3RzJnV0bV9jYW1wYWlnbj0xQUZP\" data-target=\"_blank\"><svg xmlns=\"http:\/\/www.w3.org\/2000\/svg\" width=\"16\" height=\"16\" fill=\"currentColor\" class=\"bi bi-bag\" viewBox=\"0 0 16 16\"><path d=\"M8 1a2 2 0 0 1 2 2v1h2.5A1.5 1.5 0 0 1 14 5.5v8A1.5 1.5 0 0 1 12.5 15h-9A1.5 1.5 0 0 1 2 13.5v-8A1.5 1.5 0 0 1 3.5 3H6V2a2 2 0 0 1 2-1zm1 3V3a1 1 0 0 0-2 0v1h2z\"\/><\/svg>Voir le produit<\/span><p class=\"rapido\">Top produit<\/p><\/div><div class=\"lp-produit\"><div class=\"lp-thumbnail-wrapper\"><img loading=\"lazy\" decoding=\"async\" width=\"300\" height=\"300\" src=\"https:\/\/www.interflora.fr\/blog\/wp-content\/uploads\/2026\/04\/3RER-800Wx800H-0-1-300x300.jpg\" class=\"attachment-medium size-medium wp-post-image\" alt=\"\" srcset=\"https:\/\/www.interflora.fr\/blog\/wp-content\/uploads\/2026\/04\/3RER-800Wx800H-0-1-300x300.jpg 300w, https:\/\/www.interflora.fr\/blog\/wp-content\/uploads\/2026\/04\/3RER-800Wx800H-0-1-150x150.jpg 150w, https:\/\/www.interflora.fr\/blog\/wp-content\/uploads\/2026\/04\/3RER-800Wx800H-0-1-768x768.jpg 768w, https:\/\/www.interflora.fr\/blog\/wp-content\/uploads\/2026\/04\/3RER-800Wx800H-0-1.jpg 800w\" sizes=\"auto, (max-width: 300px) 100vw, 300px\" \/><img decoding=\"async\" class=\"lp-badge\" src=\"https:\/\/www.interflora.fr\/blog\/wp-content\/uploads\/2025\/06\/logo-circle.png\" alt=\"Livraison rapide Interflora\"><\/div><span>Composition rose \u00e9ternelle rouge<\/span><p>36.95 \u20ac<\/p><span class=\"obf-link lp-cta\" role=\"link\" tabindex=\"0\" data-b64=\"aHR0cHM6Ly93d3cuaW50ZXJmbG9yYS5mci9wL2NvbXBvc2l0aW9uLXJvc2UtZXRlcm5lbGxlLXJvdWdlLzAvRlI\/dXRtX21lZGl1bT1vcmdhbmljJnV0bV9zb3VyY2U9YmxvZ19wcm9kdWN0cyZ1dG1fY2FtcGFpZ249M1JFUg==\" data-target=\"_blank\"><svg xmlns=\"http:\/\/www.w3.org\/2000\/svg\" width=\"16\" height=\"16\" fill=\"currentColor\" class=\"bi bi-bag\" viewBox=\"0 0 16 16\"><path d=\"M8 1a2 2 0 0 1 2 2v1h2.5A1.5 1.5 0 0 1 14 5.5v8A1.5 1.5 0 0 1 12.5 15h-9A1.5 1.5 0 0 1 2 13.5v-8A1.5 1.5 0 0 1 3.5 3H6V2a2 2 0 0 1 2-1zm1 3V3a1 1 0 0 0-2 0v1h2z\"\/><\/svg>Voir le produit<\/span><p class=\"rapido\">Fleurs fra\u00eeches<\/p><\/div><div class=\"lp-produit\"><div class=\"lp-thumbnail-wrapper\"><img loading=\"lazy\" decoding=\"async\" width=\"300\" height=\"300\" src=\"https:\/\/www.interflora.fr\/blog\/wp-content\/uploads\/2026\/01\/1BIU-800Wx800H-0-1-300x300.jpg\" class=\"attachment-medium size-medium wp-post-image\" alt=\"\" srcset=\"https:\/\/www.interflora.fr\/blog\/wp-content\/uploads\/2026\/01\/1BIU-800Wx800H-0-1-300x300.jpg 300w, https:\/\/www.interflora.fr\/blog\/wp-content\/uploads\/2026\/01\/1BIU-800Wx800H-0-1-150x150.jpg 150w, https:\/\/www.interflora.fr\/blog\/wp-content\/uploads\/2026\/01\/1BIU-800Wx800H-0-1-768x768.jpg 768w, https:\/\/www.interflora.fr\/blog\/wp-content\/uploads\/2026\/01\/1BIU-800Wx800H-0-1.jpg 800w\" sizes=\"auto, (max-width: 300px) 100vw, 300px\" \/><img decoding=\"async\" class=\"lp-badge\" src=\"https:\/\/www.interflora.fr\/blog\/wp-content\/uploads\/2025\/06\/logo-circle.png\" alt=\"Livraison rapide Interflora\"><\/div><span>Bisous et sa bulle d&rsquo;eau<\/span><p>41.95 \u20ac<\/p><span class=\"obf-link lp-cta\" role=\"link\" tabindex=\"0\" data-b64=\"aHR0cHM6Ly93d3cuaW50ZXJmbG9yYS5mci9wL3NhaW50LXZhbGVudGluLWplLXQtYWltZS1idWxsZS1lYXUvMS9GUj91dG1fbWVkaXVtPW9yZ2FuaWMmdXRtX3NvdXJjZT1ibG9nX3Byb2R1Y3RzJnV0bV9jYW1wYWlnbj0xQklV\" data-target=\"_blank\"><svg xmlns=\"http:\/\/www.w3.org\/2000\/svg\" width=\"16\" height=\"16\" fill=\"currentColor\" class=\"bi bi-bag\" viewBox=\"0 0 16 16\"><path d=\"M8 1a2 2 0 0 1 2 2v1h2.5A1.5 1.5 0 0 1 14 5.5v8A1.5 1.5 0 0 1 12.5 15h-9A1.5 1.5 0 0 1 2 13.5v-8A1.5 1.5 0 0 1 3.5 3H6V2a2 2 0 0 1 2-1zm1 3V3a1 1 0 0 0-2 0v1h2z\"\/><\/svg>Voir le produit<\/span><p class=\"rapido\">Livraison rapide<\/p><\/div><div class=\"lp-produit\"><div class=\"lp-thumbnail-wrapper\"><img loading=\"lazy\" decoding=\"async\" width=\"300\" height=\"300\" src=\"https:\/\/www.interflora.fr\/blog\/wp-content\/uploads\/2025\/05\/2RB-800Wx800H-0-1-25-300x300.jpg\" class=\"attachment-medium size-medium wp-post-image\" alt=\"\" srcset=\"https:\/\/www.interflora.fr\/blog\/wp-content\/uploads\/2025\/05\/2RB-800Wx800H-0-1-25-300x300.jpg 300w, https:\/\/www.interflora.fr\/blog\/wp-content\/uploads\/2025\/05\/2RB-800Wx800H-0-1-25-150x150.jpg 150w, https:\/\/www.interflora.fr\/blog\/wp-content\/uploads\/2025\/05\/2RB-800Wx800H-0-1-25-768x768.jpg 768w, https:\/\/www.interflora.fr\/blog\/wp-content\/uploads\/2025\/05\/2RB-800Wx800H-0-1-25.jpg 800w\" sizes=\"auto, (max-width: 300px) 100vw, 300px\" \/><img decoding=\"async\" class=\"lp-badge\" src=\"https:\/\/www.interflora.fr\/blog\/wp-content\/uploads\/2025\/06\/logo-circle.png\" alt=\"Livraison rapide Interflora\"><\/div><span>Rosa Bella<\/span><p>49.95 \u20ac<\/p><span class=\"obf-link lp-cta\" role=\"link\" tabindex=\"0\" data-b64=\"aHR0cHM6Ly93d3cuaW50ZXJmbG9yYS5mci9wL3Jvc2EtYmVsbGEvMS9GUj91dG1fbWVkaXVtPW9yZ2FuaWMmdXRtX3NvdXJjZT1ibG9nX3Byb2R1Y3RzJnV0bV9jYW1wYWlnbj0yUkI=\" data-target=\"_blank\"><svg xmlns=\"http:\/\/www.w3.org\/2000\/svg\" width=\"16\" height=\"16\" fill=\"currentColor\" class=\"bi bi-bag\" viewBox=\"0 0 16 16\"><path d=\"M8 1a2 2 0 0 1 2 2v1h2.5A1.5 1.5 0 0 1 14 5.5v8A1.5 1.5 0 0 1 12.5 15h-9A1.5 1.5 0 0 1 2 13.5v-8A1.5 1.5 0 0 1 3.5 3H6V2a2 2 0 0 1 2-1zm1 3V3a1 1 0 0 0-2 0v1h2z\"\/><\/svg>Voir le produit<\/span><p class=\"rapido\">Livraison rapide<\/p><\/div><\/div>\n\n\n\n<h2 class=\"wp-block-heading\">Un texte de faire-part pour un mariage en basse saison<\/h2>\n\n\n\n<blockquote class=\"wp-block-quote is-layout-flow wp-block-quote-is-layout-flow\">\n<p>Comme on dit,<br>\u00ab\u00a0Mariage pluvieux, mariage heureux\u00a0\u00bb<br><br>C&rsquo;est pourquoi, afin de mettre toutes les chances de notre c\u00f4t\u00e9,<br>nous avons d\u00e9cid\u00e9 de nous marier en octobre et en Bretagne.<br><br>Vous \u00eates donc convi\u00e9s \u00e0 notre mariage pluvieux le 19 octobre 2024 \u00e0 16h30 \u00e0 la mairie de Quimper.<br><br>Rassurez-vous, le vin d&rsquo;honneur sera servi \u00e0 l&rsquo;abri, dans la salle des f\u00eates.<br>Vous \u00eates autoris\u00e9s \u00e0 troquer vos escarpins et vos derbies contre des bottes en caoutchouc,<br>mais tenue correcte exig\u00e9e sous l&rsquo;imperm\u00e9able.<\/p>\n<\/blockquote>\n\n\n\n<h2 class=\"wp-block-heading\">Un texte de faire-part de mari\u00e9s (presque) organis\u00e9s<\/h2>\n\n\n\n<blockquote class=\"wp-block-quote is-layout-flow wp-block-quote-is-layout-flow\">\n<p>La robe, le costume, les fleurs, les alliances&#8230;<br>Tout est pr\u00eat pour le plus beau jour de notre vie.<br>Ah non, il manque l&rsquo;essentiel : vous !<br><br>Faites-nous l&rsquo;honneur d&rsquo;assister \u00e0 notre c\u00e9r\u00e9monie de mariage<br>qui aura lieu le 3 ao\u00fbt 2024 \u00e0 15h \u00e0 la mairie d&rsquo;Angers,<br>puis \u00e0 16h en l&rsquo;\u00e9glise de la Trinit\u00e9.<br><br>Nous aurons ensuite le plaisir de partager avec vous un cocktail et un repas au ch\u00e2teau de la Perri\u00e8re.<\/p>\n\n\n\n<p>R\u00e9ponse (obligatoirement positive) souhait\u00e9e avant le 30 juin.<\/p>\n\n\n\n<p>Cl\u00e9mence &amp; Julien<\/p>\n<\/blockquote>\n\n\n\n<h2 class=\"wp-block-heading\">Un texte de faire-part pour un mariage tr\u00e8s jet-set<\/h2>\n\n\n\n<blockquote class=\"wp-block-quote is-layout-flow wp-block-quote-is-layout-flow\">\n<p>\u00c9videmment, ils l&rsquo;ont d\u00e9j\u00e0 annonc\u00e9 dans les grands m\u00e9dias,<br>mais nous tenions \u00e0 vous l&rsquo;annoncer dans les r\u00e8gles de l&rsquo;art :<br><br>Nous nous marions !<br><br>Et, comme une bonne nouvelle n&rsquo;arrive jamais seule, en voici une autre :<br>Vous avez l&rsquo;immense honneur d&rsquo;\u00eatre invit\u00e9s \u00e0 notre mariage.<br><br>Au programme :&nbsp;<br>Une c\u00e9r\u00e9monie presque solennelle, le 27 juillet 2024 \u00e0 16h \u00e0 la mairie de Cannes,<br>un cocktail ultra-branch\u00e9, digne des meilleurs rooftops de NYC,<br>un d\u00eener hautement gastronomique \u00e0 la villa Octopus,<br>et une f\u00eate m\u00e9morable dont tous les tablo\u00efds parleront.<br><br>Rachel et Thom<\/p>\n<\/blockquote>\n\n\n\n<h2 class=\"wp-block-heading\">Un texte de faire-part pour un mariage qui promet<\/h2>\n\n\n\n<blockquote class=\"wp-block-quote is-layout-flow wp-block-quote-is-layout-flow\">\n<p>Si vous voulez savoir \u00e0 quoi ressemble un mix r\u00e9ussi d&rsquo;amour, de joie, de bonheur et de f\u00eate,<br>le tout en pr\u00e9sence de personnes formidables&#8230;<br><br>Rendez-vous le 20 juillet 2024<br>\u00e0 16h \u00e0 la mairie d&rsquo;Avignon pour assister au mariage de<br><br>Chlo\u00e9 et Quentin<br><br>puis \u00e0 partir de 18h au domaine de l&rsquo;Enchanteur, pour une soir\u00e9e f\u00e9\u00e9rique.<br><\/p>\n<\/blockquote>\n\n\n\n<h2 class=\"wp-block-heading\">Un texte de faire-part pour un mariage savoureux<\/h2>\n\n\n\n<blockquote class=\"wp-block-quote is-layout-flow wp-block-quote-is-layout-flow\">\n<p>Apr\u00e8s 5 ans \u00e0 vivre d&rsquo;amour et d&rsquo;eau fra\u00eeche,<br>nous avons d\u00e9cid\u00e9 de go\u00fbter au Champagne, aux petits fours et \u00e0 la pi\u00e8ce mont\u00e9e.<br><br>Soyez des n\u00f4tres pour cette journ\u00e9e m\u00e9morable.<br>Venez c\u00e9l\u00e9brer \u00e0 nos c\u00f4t\u00e9s notre union incontr\u00f4lable.<br><br>Le samedi 10 ao\u00fbt 2024 \u00e0 16h \u00e0 la mairie d&rsquo;Annecy.<br>Les festivit\u00e9s se poursuivront \u00e0 partir de 18h et jusqu&rsquo;au bout de la nuit \u00e0 l&rsquo;auberge La Grange \u00e0 Jules.<\/p>\n<\/blockquote>\n\n\n\n<p>\u00c7a y est, vous avez r\u00e9dig\u00e9 votre<strong> texte de faire-part de mariage plein d&rsquo;humour<\/strong> ? Parfait ! Par contre, s&rsquo;il y a une chose avec laquelle il ne faut pas plaisanter concernant le mariage, c&rsquo;est le choix des fleurs, qu&rsquo;elles soient fra\u00eeches ou <a href=\"https:\/\/www.interflora.fr\/blog\/fleurs-sechees-mariage\/\" target=\"_blank\" rel=\"noreferrer noopener\">s\u00e9ch\u00e9es<\/a>. Alors, faites confiance \u00e0 Interflora pour le <a href=\"https:\/\/www.interflora.fr\/c\/fleurs-mariage-invite\" target=\"_blank\" rel=\"noreferrer noopener\">bouquet de la mari\u00e9e<\/a>, le choix du <a href=\"https:\/\/www.interflora.fr\/c\/fleurs-mariage-invite\" target=\"_blank\" rel=\"noreferrer noopener\">bouquet en tant qu&rsquo;invit\u00e9<\/a>, et le <a href=\"https:\/\/www.interflora.fr\/blog\/fleurs-mariage-par-mois\/\" target=\"_blank\" rel=\"noreferrer noopener\">choix des fleurs en fonction du mois de votre mariage<\/a>.<\/p>\n\n\n\n<p>D\u00e9couvrez d&rsquo;autres id\u00e9es de <a href=\"https:\/\/www.interflora.fr\/blog\/textes-faire-part-mariage-originaux\/\" target=\"_blank\" rel=\"noreferrer noopener\">textes de faire-part de mariage originaux<\/a> et sur diff\u00e9rents th\u00e8mes (<a href=\"https:\/\/www.interflora.fr\/blog\/textes-faire-part-mariage-champetres\/\" target=\"_blank\" rel=\"noreferrer noopener\">champ\u00eatre<\/a>, <a href=\"https:\/\/www.interflora.fr\/blog\/textes-faire-part-mariage-romantiques\/\" target=\"_blank\" rel=\"noreferrer noopener\">romantique<\/a>&#8230;).<\/p>\n\n\n<div class=\"lp-produits-grid\"><div class=\"lp-produit\"><div class=\"lp-thumbnail-wrapper\"><img loading=\"lazy\" decoding=\"async\" width=\"300\" height=\"300\" src=\"https:\/\/www.interflora.fr\/blog\/wp-content\/uploads\/2025\/05\/2TUFR-800Wx800H-0-1-25-300x300.jpg\" class=\"attachment-medium size-medium wp-post-image\" alt=\"\" srcset=\"https:\/\/www.interflora.fr\/blog\/wp-content\/uploads\/2025\/05\/2TUFR-800Wx800H-0-1-25-300x300.jpg 300w, https:\/\/www.interflora.fr\/blog\/wp-content\/uploads\/2025\/05\/2TUFR-800Wx800H-0-1-25-150x150.jpg 150w, https:\/\/www.interflora.fr\/blog\/wp-content\/uploads\/2025\/05\/2TUFR-800Wx800H-0-1-25-768x768.jpg 768w, https:\/\/www.interflora.fr\/blog\/wp-content\/uploads\/2025\/05\/2TUFR-800Wx800H-0-1-25.jpg 800w\" sizes=\"auto, (max-width: 300px) 100vw, 300px\" \/><img decoding=\"async\" class=\"lp-badge\" src=\"https:\/\/www.interflora.fr\/blog\/wp-content\/uploads\/2025\/06\/logo-circle.png\" alt=\"Livraison rapide Interflora\"><\/div><span>Tutti frutti<\/span><p>44.95 \u20ac<\/p><span class=\"obf-link lp-cta\" role=\"link\" tabindex=\"0\" data-b64=\"aHR0cHM6Ly93d3cuaW50ZXJmbG9yYS5mci9wL2JvdXF1ZXQtZmxldXJzLXR1dHRpLWZydXR0aS8xL0ZSP3V0bV9tZWRpdW09b3JnYW5pYyZ1dG1fc291cmNlPWJsb2dfcHJvZHVjdHMmdXRtX2NhbXBhaWduPTJUVUZS\" data-target=\"_blank\"><svg xmlns=\"http:\/\/www.w3.org\/2000\/svg\" width=\"16\" height=\"16\" fill=\"currentColor\" class=\"bi bi-bag\" viewBox=\"0 0 16 16\"><path d=\"M8 1a2 2 0 0 1 2 2v1h2.5A1.5 1.5 0 0 1 14 5.5v8A1.5 1.5 0 0 1 12.5 15h-9A1.5 1.5 0 0 1 2 13.5v-8A1.5 1.5 0 0 1 3.5 3H6V2a2 2 0 0 1 2-1zm1 3V3a1 1 0 0 0-2 0v1h2z\"\/><\/svg>Voir le produit<\/span><p class=\"rapido\">Fleurs fra\u00eeches<\/p><\/div><div class=\"lp-produit\"><div class=\"lp-thumbnail-wrapper\"><img loading=\"lazy\" decoding=\"async\" width=\"300\" height=\"300\" src=\"https:\/\/www.interflora.fr\/blog\/wp-content\/uploads\/2026\/01\/1BIU-800Wx800H-0-1-300x300.jpg\" class=\"attachment-medium size-medium wp-post-image\" alt=\"\" srcset=\"https:\/\/www.interflora.fr\/blog\/wp-content\/uploads\/2026\/01\/1BIU-800Wx800H-0-1-300x300.jpg 300w, https:\/\/www.interflora.fr\/blog\/wp-content\/uploads\/2026\/01\/1BIU-800Wx800H-0-1-150x150.jpg 150w, https:\/\/www.interflora.fr\/blog\/wp-content\/uploads\/2026\/01\/1BIU-800Wx800H-0-1-768x768.jpg 768w, https:\/\/www.interflora.fr\/blog\/wp-content\/uploads\/2026\/01\/1BIU-800Wx800H-0-1.jpg 800w\" sizes=\"auto, (max-width: 300px) 100vw, 300px\" \/><img decoding=\"async\" class=\"lp-badge\" src=\"https:\/\/www.interflora.fr\/blog\/wp-content\/uploads\/2025\/06\/logo-circle.png\" alt=\"Livraison rapide Interflora\"><\/div><span>Bisous et sa bulle d&rsquo;eau<\/span><p>41.95 \u20ac<\/p><span class=\"obf-link lp-cta\" role=\"link\" tabindex=\"0\" data-b64=\"aHR0cHM6Ly93d3cuaW50ZXJmbG9yYS5mci9wL3NhaW50LXZhbGVudGluLWplLXQtYWltZS1idWxsZS1lYXUvMS9GUj91dG1fbWVkaXVtPW9yZ2FuaWMmdXRtX3NvdXJjZT1ibG9nX3Byb2R1Y3RzJnV0bV9jYW1wYWlnbj0xQklV\" data-target=\"_blank\"><svg xmlns=\"http:\/\/www.w3.org\/2000\/svg\" width=\"16\" height=\"16\" fill=\"currentColor\" class=\"bi bi-bag\" viewBox=\"0 0 16 16\"><path d=\"M8 1a2 2 0 0 1 2 2v1h2.5A1.5 1.5 0 0 1 14 5.5v8A1.5 1.5 0 0 1 12.5 15h-9A1.5 1.5 0 0 1 2 13.5v-8A1.5 1.5 0 0 1 3.5 3H6V2a2 2 0 0 1 2-1zm1 3V3a1 1 0 0 0-2 0v1h2z\"\/><\/svg>Voir le produit<\/span><p class=\"rapido\">Livraison rapide<\/p><\/div><div class=\"lp-produit\"><div class=\"lp-thumbnail-wrapper\"><img loading=\"lazy\" decoding=\"async\" width=\"300\" height=\"300\" src=\"https:\/\/www.interflora.fr\/blog\/wp-content\/uploads\/2025\/09\/2DP-800Wx800H-0-1-25-300x300.jpg\" class=\"attachment-medium size-medium wp-post-image\" alt=\"\" srcset=\"https:\/\/www.interflora.fr\/blog\/wp-content\/uploads\/2025\/09\/2DP-800Wx800H-0-1-25-300x300.jpg 300w, https:\/\/www.interflora.fr\/blog\/wp-content\/uploads\/2025\/09\/2DP-800Wx800H-0-1-25-150x150.jpg 150w, https:\/\/www.interflora.fr\/blog\/wp-content\/uploads\/2025\/09\/2DP-800Wx800H-0-1-25-768x768.jpg 768w, https:\/\/www.interflora.fr\/blog\/wp-content\/uploads\/2025\/09\/2DP-800Wx800H-0-1-25.jpg 800w\" sizes=\"auto, (max-width: 300px) 100vw, 300px\" \/><img decoding=\"async\" class=\"lp-badge\" src=\"https:\/\/www.interflora.fr\/blog\/wp-content\/uploads\/2025\/06\/logo-circle.png\" alt=\"Livraison rapide Interflora\"><\/div><span>Douceur poudr\u00e9e<\/span><p>31.95 \u20ac<\/p><span class=\"obf-link lp-cta\" role=\"link\" tabindex=\"0\" data-b64=\"aHR0cHM6Ly93d3cuaW50ZXJmbG9yYS5mci9wL2RvdWNldXItcG91ZHJlZS8xL0ZSP3V0bV9tZWRpdW09b3JnYW5pYyZ1dG1fc291cmNlPWJsb2dfcHJvZHVjdHMmdXRtX2NhbXBhaWduPTJEUA==\" data-target=\"_blank\"><svg xmlns=\"http:\/\/www.w3.org\/2000\/svg\" width=\"16\" height=\"16\" fill=\"currentColor\" class=\"bi bi-bag\" viewBox=\"0 0 16 16\"><path d=\"M8 1a2 2 0 0 1 2 2v1h2.5A1.5 1.5 0 0 1 14 5.5v8A1.5 1.5 0 0 1 12.5 15h-9A1.5 1.5 0 0 1 2 13.5v-8A1.5 1.5 0 0 1 3.5 3H6V2a2 2 0 0 1 2-1zm1 3V3a1 1 0 0 0-2 0v1h2z\"\/><\/svg>Voir le produit<\/span><p class=\"rapido\">Fleurs fra\u00eeches<\/p><\/div><div class=\"lp-produit\"><div class=\"lp-thumbnail-wrapper\"><img loading=\"lazy\" decoding=\"async\" width=\"300\" height=\"300\" src=\"https:\/\/www.interflora.fr\/blog\/wp-content\/uploads\/2025\/09\/2DR-800Wx800H-0-1-25-300x300.jpg\" class=\"attachment-medium size-medium wp-post-image\" alt=\"\" srcset=\"https:\/\/www.interflora.fr\/blog\/wp-content\/uploads\/2025\/09\/2DR-800Wx800H-0-1-25-300x300.jpg 300w, https:\/\/www.interflora.fr\/blog\/wp-content\/uploads\/2025\/09\/2DR-800Wx800H-0-1-25-150x150.jpg 150w, https:\/\/www.interflora.fr\/blog\/wp-content\/uploads\/2025\/09\/2DR-800Wx800H-0-1-25-768x768.jpg 768w, https:\/\/www.interflora.fr\/blog\/wp-content\/uploads\/2025\/09\/2DR-800Wx800H-0-1-25.jpg 800w\" sizes=\"auto, (max-width: 300px) 100vw, 300px\" \/><img decoding=\"async\" class=\"lp-badge\" src=\"https:\/\/www.interflora.fr\/blog\/wp-content\/uploads\/2025\/06\/logo-circle.png\" alt=\"Livraison rapide Interflora\"><\/div><span>Douce r\u00eaverie<\/span><p>39.95 \u20ac<\/p><span class=\"obf-link lp-cta\" role=\"link\" tabindex=\"0\" data-b64=\"aHR0cHM6Ly93d3cuaW50ZXJmbG9yYS5mci9wL2RvdWNlLXJldmVyaWUvMS9GUj91dG1fbWVkaXVtPW9yZ2FuaWMmdXRtX3NvdXJjZT1ibG9nX3Byb2R1Y3RzJnV0bV9jYW1wYWlnbj0yRFI=\" data-target=\"_blank\"><svg xmlns=\"http:\/\/www.w3.org\/2000\/svg\" width=\"16\" height=\"16\" fill=\"currentColor\" class=\"bi bi-bag\" viewBox=\"0 0 16 16\"><path d=\"M8 1a2 2 0 0 1 2 2v1h2.5A1.5 1.5 0 0 1 14 5.5v8A1.5 1.5 0 0 1 12.5 15h-9A1.5 1.5 0 0 1 2 13.5v-8A1.5 1.5 0 0 1 3.5 3H6V2a2 2 0 0 1 2-1zm1 3V3a1 1 0 0 0-2 0v1h2z\"\/><\/svg>Voir le produit<\/span><p class=\"rapido\">Livraison rapide<\/p><\/div><\/div>\n","protected":false},"excerpt":{"rendered":"<p>Annoncez la couleur d\u00e8s l&rsquo;invitation : votre mariage ne sera ni classique, ni gnangnan, ni planplan. Bref, votre mariage sera \u00e0 votre image, c&rsquo;est-\u00e0-dire dr\u00f4le, amusant et plein d&rsquo;humour. Oui, je sais, \u00e7a veut dire la m\u00eame chose. Peu importe, quand on aime on ne compte pas, vrai ?<\/p>\n","protected":false},"author":1,"featured_media":35635,"comment_status":"open","ping_status":"open","sticky":false,"template":"","format":"standard","meta":{"_uag_custom_page_level_css":"","site-sidebar-layout":"default","site-content-layout":"","ast-site-content-layout":"default","site-content-style":"default","site-sidebar-style":"default","ast-global-header-display":"","ast-banner-title-visibility":"","ast-main-header-display":"","ast-hfb-above-header-display":"","ast-hfb-below-header-display":"","ast-hfb-mobile-header-display":"","site-post-title":"","ast-breadcrumbs-content":"","ast-featured-img":"","footer-sml-layout":"","ast-disable-related-posts":"","theme-transparent-header-meta":"","adv-header-id-meta":"","stick-header-meta":"","header-above-stick-meta":"","header-main-stick-meta":"","header-below-stick-meta":"","astra-migrate-meta-layouts":"default","ast-page-background-enabled":"default","ast-page-background-meta":{"desktop":{"background-color":"var(--ast-global-color-5)","background-image":"","background-repeat":"repeat","background-position":"center center","background-size":"auto","background-attachment":"scroll","background-type":"","background-media":"","overlay-type":"","overlay-color":"","overlay-opacity":"","overlay-gradient":""},"tablet":{"background-color":"","background-image":"","background-repeat":"repeat","background-position":"center center","background-size":"auto","background-attachment":"scroll","background-type":"","background-media":"","overlay-type":"","overlay-color":"","overlay-opacity":"","overlay-gradient":""},"mobile":{"background-color":"","background-image":"","background-repeat":"repeat","background-position":"center center","background-size":"auto","background-attachment":"scroll","background-type":"","background-media":"","overlay-type":"","overlay-color":"","overlay-opacity":"","overlay-gradient":""}},"ast-content-background-meta":{"desktop":{"background-color":"var(--ast-global-color-4)","background-image":"","background-repeat":"repeat","background-position":"center center","background-size":"auto","background-attachment":"scroll","background-type":"","background-media":"","overlay-type":"","overlay-color":"","overlay-opacity":"","overlay-gradient":""},"tablet":{"background-color":"var(--ast-global-color-4)","background-image":"","background-repeat":"repeat","background-position":"center center","background-size":"auto","background-attachment":"scroll","background-type":"","background-media":"","overlay-type":"","overlay-color":"","overlay-opacity":"","overlay-gradient":""},"mobile":{"background-color":"var(--ast-global-color-4)","background-image":"","background-repeat":"repeat","background-position":"center center","background-size":"auto","background-attachment":"scroll","background-type":"","background-media":"","overlay-type":"","overlay-color":"","overlay-opacity":"","overlay-gradient":""}},"footnotes":""},"categories":[231],"tags":[232],"class_list":["post-35624","post","type-post","status-publish","format-standard","has-post-thumbnail","hentry","category-mariage","tag-mariage"],"uagb_featured_image_src":{"full":false,"thumbnail":false,"medium":false,"medium_large":false,"large":false,"1536x1536":false,"2048x2048":false},"uagb_author_info":{"display_name":"admin","author_link":"https:\/\/www.interflora.fr\/blog\/author\/admin\/"},"uagb_comment_info":0,"uagb_excerpt":"Annoncez la couleur d\u00e8s l'invitation : votre mariage ne sera ni classique, ni gnangnan, ni planplan. Bref, votre mariage sera \u00e0 votre image, c'est-\u00e0-dire dr\u00f4le, amusant et plein d'humour. Oui, je sais, \u00e7a veut dire la m\u00eame chose. Peu importe, quand on aime on ne compte pas, vrai ?","yoast_meta":{"title":"9 textes humoristiques pour vos faire-parts de mariage | Interflora","description":"Vous souhaitez marquer le coup pour votre mariage ? Oubliez les invitations classiques et d\u00e9couvrez nos mod\u00e8les de textes de faire-part humoristiques."},"_links":{"self":[{"href":"https:\/\/www.interflora.fr\/blog\/wp-json\/wp\/v2\/posts\/35624","targetHints":{"allow":["GET"]}}],"collection":[{"href":"https:\/\/www.interflora.fr\/blog\/wp-json\/wp\/v2\/posts"}],"about":[{"href":"https:\/\/www.interflora.fr\/blog\/wp-json\/wp\/v2\/types\/post"}],"author":[{"embeddable":true,"href":"https:\/\/www.interflora.fr\/blog\/wp-json\/wp\/v2\/users\/1"}],"replies":[{"embeddable":true,"href":"https:\/\/www.interflora.fr\/blog\/wp-json\/wp\/v2\/comments?post=35624"}],"version-history":[{"count":0,"href":"https:\/\/www.interflora.fr\/blog\/wp-json\/wp\/v2\/posts\/35624\/revisions"}],"wp:featuredmedia":[{"embeddable":true,"href":"https:\/\/www.interflora.fr\/blog\/wp-json\/"}],"wp:attachment":[{"href":"https:\/\/www.interflora.fr\/blog\/wp-json\/wp\/v2\/media?parent=35624"}],"wp:term":[{"taxonomy":"category","embeddable":true,"href":"https:\/\/www.interflora.fr\/blog\/wp-json\/wp\/v2\/categories?post=35624"},{"taxonomy":"post_tag","embeddable":true,"href":"https:\/\/www.interflora.fr\/blog\/wp-json\/wp\/v2\/tags?post=35624"}],"curies":[{"name":"wp","href":"https:\/\/api.w.org\/{rel}","templated":true}]}}