{"id":35366,"date":"2023-07-11T10:43:16","date_gmt":"2023-07-11T08:43:16","guid":{"rendered":"https:\/\/www.interflora.fr\/blog\/?p=35366"},"modified":"2026-03-27T16:31:32","modified_gmt":"2026-03-27T15:31:32","slug":"trouver-votre-fleuriste","status":"publish","type":"post","link":"https:\/\/www.interflora.fr\/blog\/trouver-votre-fleuriste\/","title":{"rendered":"Trouver le fleuriste le plus proche ?"},"content":{"rendered":"\n<p>Avez-vous une occasion sp\u00e9ciale \u00e0 c\u00e9l\u00e9brer\u00a0? Pour un anniversaire, un mariage, la Saint-Valentin ou la f\u00eate de grands-m\u00e8res, les journ\u00e9es sp\u00e9ciales que l\u2019on souhaite souligner ne manquent pas\u00a0! Et pour chaque occasion, les artisans fleuristes se tiennent pr\u00eats \u00e0 fleurir vos instants de joie. Si vous souhaitez <strong>trouver le fleuriste le plus proche<\/strong>, rien de plus facile\u00a0! Interflora est toujours \u00e0 vos c\u00f4t\u00e9s et \u00e0 la port\u00e9e d\u2019un clic de souris. Avec notre service de livraison \u00e0 domicile, vous avez acc\u00e8s \u00e0 un service local. Et ce, que vous souhaitiez <a href=\"https:\/\/www.interflora.fr\/c\/bouquet-de-fleurs\" target=\"_blank\" rel=\"noreferrer noopener\">faire livrer un bouquet<\/a> chez vous ou \u00e0 vos proches \u00e0 l\u2019autre bout de la France\u00a0!<\/p>\n\n\n<div class=\"lp-produits-grid\"><div class=\"lp-produit\"><div class=\"lp-thumbnail-wrapper\"><img loading=\"lazy\" decoding=\"async\" width=\"300\" height=\"300\" src=\"https:\/\/www.interflora.fr\/blog\/wp-content\/uploads\/2026\/01\/1BIFF-800Wx800H-0-1-300x300.jpg\" class=\"attachment-medium size-medium wp-post-image\" alt=\"\" srcset=\"https:\/\/www.interflora.fr\/blog\/wp-content\/uploads\/2026\/01\/1BIFF-800Wx800H-0-1-300x300.jpg 300w, https:\/\/www.interflora.fr\/blog\/wp-content\/uploads\/2026\/01\/1BIFF-800Wx800H-0-1-150x150.jpg 150w, https:\/\/www.interflora.fr\/blog\/wp-content\/uploads\/2026\/01\/1BIFF-800Wx800H-0-1-768x768.jpg 768w, https:\/\/www.interflora.fr\/blog\/wp-content\/uploads\/2026\/01\/1BIFF-800Wx800H-0-1.jpg 800w\" sizes=\"auto, (max-width: 300px) 100vw, 300px\" \/><img decoding=\"async\" class=\"lp-badge\" src=\"https:\/\/www.interflora.fr\/blog\/wp-content\/uploads\/2025\/06\/logo-circle.png\" alt=\"Livraison rapide Interflora\"><\/div><span>Mon coeur<\/span><p>39.95 \u20ac<\/p><span class=\"obf-link lp-cta\" role=\"link\" tabindex=\"0\" data-b64=\"aHR0cHM6Ly93d3cuaW50ZXJmbG9yYS5mci9wL2JvdXF1ZXQtbW9uLWNvZXVyLzEvRlI\/dXRtX21lZGl1bT1vcmdhbmljJnV0bV9zb3VyY2U9YmxvZ19wcm9kdWN0cyZ1dG1fY2FtcGFpZ249MUJJRkY=\" data-target=\"_blank\"><svg xmlns=\"http:\/\/www.w3.org\/2000\/svg\" width=\"16\" height=\"16\" fill=\"currentColor\" class=\"bi bi-bag\" viewBox=\"0 0 16 16\"><path d=\"M8 1a2 2 0 0 1 2 2v1h2.5A1.5 1.5 0 0 1 14 5.5v8A1.5 1.5 0 0 1 12.5 15h-9A1.5 1.5 0 0 1 2 13.5v-8A1.5 1.5 0 0 1 3.5 3H6V2a2 2 0 0 1 2-1zm1 3V3a1 1 0 0 0-2 0v1h2z\"\/><\/svg>Voir le produit<\/span><p class=\"rapido\">Fleurs fra\u00eeches<\/p><\/div><div class=\"lp-produit\"><div class=\"lp-thumbnail-wrapper\"><img loading=\"lazy\" decoding=\"async\" width=\"300\" height=\"300\" src=\"https:\/\/www.interflora.fr\/blog\/wp-content\/uploads\/2025\/05\/2RB-800Wx800H-0-1-25-300x300.jpg\" class=\"attachment-medium size-medium wp-post-image\" alt=\"\" srcset=\"https:\/\/www.interflora.fr\/blog\/wp-content\/uploads\/2025\/05\/2RB-800Wx800H-0-1-25-300x300.jpg 300w, https:\/\/www.interflora.fr\/blog\/wp-content\/uploads\/2025\/05\/2RB-800Wx800H-0-1-25-150x150.jpg 150w, https:\/\/www.interflora.fr\/blog\/wp-content\/uploads\/2025\/05\/2RB-800Wx800H-0-1-25-768x768.jpg 768w, https:\/\/www.interflora.fr\/blog\/wp-content\/uploads\/2025\/05\/2RB-800Wx800H-0-1-25.jpg 800w\" sizes=\"auto, (max-width: 300px) 100vw, 300px\" \/><img decoding=\"async\" class=\"lp-badge\" src=\"https:\/\/www.interflora.fr\/blog\/wp-content\/uploads\/2025\/06\/logo-circle.png\" alt=\"Livraison rapide Interflora\"><\/div><span>Rosa Bella<\/span><p>49.95 \u20ac<\/p><span class=\"obf-link lp-cta\" role=\"link\" tabindex=\"0\" data-b64=\"aHR0cHM6Ly93d3cuaW50ZXJmbG9yYS5mci9wL3Jvc2EtYmVsbGEvMS9GUj91dG1fbWVkaXVtPW9yZ2FuaWMmdXRtX3NvdXJjZT1ibG9nX3Byb2R1Y3RzJnV0bV9jYW1wYWlnbj0yUkI=\" data-target=\"_blank\"><svg xmlns=\"http:\/\/www.w3.org\/2000\/svg\" width=\"16\" height=\"16\" fill=\"currentColor\" class=\"bi bi-bag\" viewBox=\"0 0 16 16\"><path d=\"M8 1a2 2 0 0 1 2 2v1h2.5A1.5 1.5 0 0 1 14 5.5v8A1.5 1.5 0 0 1 12.5 15h-9A1.5 1.5 0 0 1 2 13.5v-8A1.5 1.5 0 0 1 3.5 3H6V2a2 2 0 0 1 2-1zm1 3V3a1 1 0 0 0-2 0v1h2z\"\/><\/svg>Voir le produit<\/span><p class=\"rapido\">Top produit<\/p><\/div><div class=\"lp-produit\"><div class=\"lp-thumbnail-wrapper\"><img loading=\"lazy\" decoding=\"async\" width=\"300\" height=\"300\" src=\"https:\/\/www.interflora.fr\/blog\/wp-content\/uploads\/2025\/09\/2DR-800Wx800H-0-1-25-300x300.jpg\" class=\"attachment-medium size-medium wp-post-image\" alt=\"\" srcset=\"https:\/\/www.interflora.fr\/blog\/wp-content\/uploads\/2025\/09\/2DR-800Wx800H-0-1-25-300x300.jpg 300w, https:\/\/www.interflora.fr\/blog\/wp-content\/uploads\/2025\/09\/2DR-800Wx800H-0-1-25-150x150.jpg 150w, https:\/\/www.interflora.fr\/blog\/wp-content\/uploads\/2025\/09\/2DR-800Wx800H-0-1-25-768x768.jpg 768w, https:\/\/www.interflora.fr\/blog\/wp-content\/uploads\/2025\/09\/2DR-800Wx800H-0-1-25.jpg 800w\" sizes=\"auto, (max-width: 300px) 100vw, 300px\" \/><img decoding=\"async\" class=\"lp-badge\" src=\"https:\/\/www.interflora.fr\/blog\/wp-content\/uploads\/2025\/06\/logo-circle.png\" alt=\"Livraison rapide Interflora\"><\/div><span>Douce r\u00eaverie<\/span><p>39.95 \u20ac<\/p><span class=\"obf-link lp-cta\" role=\"link\" tabindex=\"0\" data-b64=\"aHR0cHM6Ly93d3cuaW50ZXJmbG9yYS5mci9wL2RvdWNlLXJldmVyaWUvMS9GUj91dG1fbWVkaXVtPW9yZ2FuaWMmdXRtX3NvdXJjZT1ibG9nX3Byb2R1Y3RzJnV0bV9jYW1wYWlnbj0yRFI=\" data-target=\"_blank\"><svg xmlns=\"http:\/\/www.w3.org\/2000\/svg\" width=\"16\" height=\"16\" fill=\"currentColor\" class=\"bi bi-bag\" viewBox=\"0 0 16 16\"><path d=\"M8 1a2 2 0 0 1 2 2v1h2.5A1.5 1.5 0 0 1 14 5.5v8A1.5 1.5 0 0 1 12.5 15h-9A1.5 1.5 0 0 1 2 13.5v-8A1.5 1.5 0 0 1 3.5 3H6V2a2 2 0 0 1 2-1zm1 3V3a1 1 0 0 0-2 0v1h2z\"\/><\/svg>Voir le produit<\/span><p class=\"rapido\">Top produit<\/p><\/div><div class=\"lp-produit\"><div class=\"lp-thumbnail-wrapper\"><img loading=\"lazy\" decoding=\"async\" width=\"300\" height=\"300\" src=\"https:\/\/www.interflora.fr\/blog\/wp-content\/uploads\/2025\/05\/1SEN-800Wx800H-0-1-25-300x300.jpg\" class=\"attachment-medium size-medium wp-post-image\" alt=\"\" srcset=\"https:\/\/www.interflora.fr\/blog\/wp-content\/uploads\/2025\/05\/1SEN-800Wx800H-0-1-25-300x300.jpg 300w, https:\/\/www.interflora.fr\/blog\/wp-content\/uploads\/2025\/05\/1SEN-800Wx800H-0-1-25-150x150.jpg 150w, https:\/\/www.interflora.fr\/blog\/wp-content\/uploads\/2025\/05\/1SEN-800Wx800H-0-1-25-768x768.jpg 768w, https:\/\/www.interflora.fr\/blog\/wp-content\/uploads\/2025\/05\/1SEN-800Wx800H-0-1-25.jpg 800w\" sizes=\"auto, (max-width: 300px) 100vw, 300px\" \/><img decoding=\"async\" class=\"lp-badge\" src=\"https:\/\/www.interflora.fr\/blog\/wp-content\/uploads\/2025\/06\/logo-circle.png\" alt=\"Livraison rapide Interflora\"><\/div><span>Joyeux anniversaire<\/span><p>42.95 \u20ac<\/p><span class=\"obf-link lp-cta\" role=\"link\" tabindex=\"0\" data-b64=\"aHR0cHM6Ly93d3cuaW50ZXJmbG9yYS5mci9wL3Jvc2VzLXNlbnRpbWVudC8xL0ZSP3V0bV9tZWRpdW09b3JnYW5pYyZ1dG1fc291cmNlPWJsb2dfcHJvZHVjdHMmdXRtX2NhbXBhaWduPTFTRU4=\" data-target=\"_blank\"><svg xmlns=\"http:\/\/www.w3.org\/2000\/svg\" width=\"16\" height=\"16\" fill=\"currentColor\" class=\"bi bi-bag\" viewBox=\"0 0 16 16\"><path d=\"M8 1a2 2 0 0 1 2 2v1h2.5A1.5 1.5 0 0 1 14 5.5v8A1.5 1.5 0 0 1 12.5 15h-9A1.5 1.5 0 0 1 2 13.5v-8A1.5 1.5 0 0 1 3.5 3H6V2a2 2 0 0 1 2-1zm1 3V3a1 1 0 0 0-2 0v1h2z\"\/><\/svg>Voir le produit<\/span><p class=\"rapido\">Top produit<\/p><\/div><\/div>\n\n\n\n<h2 class=\"wp-block-heading\">Trouver le fleuriste le plus proche pour gagner du temps&nbsp;<\/h2>\n\n\n\n<p>Avec un r\u00e9seau de plus de <a href=\"https:\/\/www.interflora.fr\/fleuristes\" target=\"_blank\" rel=\"noreferrer noopener\">5\u00a0200 fleuristes r\u00e9partis dans toute la France<\/a>, votre artisan fleuriste Interflora reste toujours pr\u00e8s de vous. Et si vous souhaitez<strong> trouver le fleuriste le plus proche<\/strong>, c\u2019est probablement pour gagner du temps\u00a0! C\u2019est pourquoi nous vous proposons l\u2019un des meilleurs services de livraison de fleurs\u00a0: fiable, rapide et \u00e9conomique.\u00a0<\/p>\n\n\n\n<p>En quelques clics seulement, faites livrer des fleurs facilement \u00e0 partir de notre site en ligne. Une fois vos fleurs s\u00e9lectionn\u00e9es, il vous suffit de pr\u00e9ciser l\u2019adresse de livraison ainsi que vos pr\u00e9f\u00e9rences pour le jour et l\u2019heure \u00e0 laquelle elles devront \u00eatre d\u00e9livr\u00e9es.\u00a0<\/p>\n\n\n\n<figure class=\"wp-block-image aligncenter size-full is-resized\"><img loading=\"lazy\" decoding=\"async\" src=\"https:\/\/www.interflora.fr\/blog\/wp-content\/uploads\/livraison-de-fleurs.jpg\" alt=\"Fleuriste qui livre un bouquet de fleurs\" class=\"wp-image-35370\" width=\"675\" height=\"450\"\/><\/figure>\n\n\n\n<p><\/p>\n\n\n\n<p>\u00c0 partir de votre ordinateur ou de votre smartphone, vous trouverez des id\u00e9es de bouquets et aussi de cadeaux \u00e0 offrir \u00e0 ceux que vous aimez aux meilleurs prix&nbsp;! Que vous soyez chez vous, sur votre lieu de travail ou \u00e0 l\u2019ext\u00e9rieur, un<strong> fleuriste en ligne<\/strong> est le moyen le plus rapide de trouver un magnifique bouquet artisanal compos\u00e9 avec talent et passion&nbsp;!<\/p>\n\n\n\n<h2 class=\"wp-block-heading\">Les avantages de choisir la livraison de fleurs<\/h2>\n\n\n\n<div class=\"wp-block-media-text alignwide is-stacked-on-mobile\" style=\"grid-template-columns:40% auto\"><figure class=\"wp-block-media-text__media\"><img decoding=\"async\" src=\"https:\/\/www.interflora.fr\/blog\/wp-content\/uploads\/bouquet-fleuriste.jpg\" alt=\"Fleuriste pr\u00e9parant un bouquet pour une livraison\" class=\"wp-image-35371 size-full\"\/><\/figure><div class=\"wp-block-media-text__content\">\n<p>La livraison de fleurs a pour avantage de vous permettre de s\u00e9lectionner la date et l\u2019heure qui vous convient. Ce qui signifie que vous avez la libert\u00e9 de choisir le mode de livraison le plus adapt\u00e9 \u00e0 vos envies. Et en naviguant dans notre boutique en ligne, vous <strong>acc\u00e9dez \u00e0 l\u2019ensemble des cr\u00e9ations de notre r\u00e9seau de fleuristes<\/strong> Interflora. Que vous habitiez dans une grande ville telle que Paris, Lyon, Toulouse, Clermont-Ferrand ou que vous r\u00e9sidiez dans un charmant petit village, vous avez \u00e0 votre disposition la m\u00eame gamme de choix.\u00a0<\/p>\n<\/div><\/div>\n\n\n\n<p><\/p>\n\n\n\n<p>De plus, la livraison sur mesure est id\u00e9ale pour surprendre une personne qui vous est ch\u00e8re&nbsp;! En effet, vous avez la possibilit\u00e9 de choisir les horaires o\u00f9 elle sera chez elle \u00e0 coup s\u00fbr. Tout comme il est possible de lui faire livrer un beau bouquet de fleurs \u00e0 son bureau&nbsp;ou dans un autre lieu&nbsp;! Notre boutique en ligne regorge d\u2019id\u00e9es originales pour souligner une occasion sp\u00e9ciale&nbsp;et cr\u00e9er un authentique effet de surprise&nbsp;:<\/p>\n\n\n\n<ul class=\"wp-block-list\">\n<li>Bouquets de fleurs de saison<\/li>\n\n\n\n<li>Bouquets de fleurs s\u00e9ch\u00e9es&nbsp;<\/li>\n\n\n\n<li>Compositions florales&nbsp;<\/li>\n\n\n\n<li>Orchid\u00e9es<\/li>\n\n\n\n<li>Bonsa\u00efs<\/li>\n\n\n\n<li>Plantes vertes<\/li>\n\n\n\n<li>Plantes fleuries<\/li>\n<\/ul>\n\n\n\n<p>Et pour t\u00e9moigner de votre affection envers une personne d\u00e9funte, nous vous proposons \u00e9galement un service de livraison garanti \u00e0 l\u2019heure de la c\u00e9r\u00e9monie. Et puisqu\u2019il n&rsquo;est pas toujours possible de se d\u00e9placer le jour de la Toussaint, vous pouvez aussi opter pour la livraison sur tombe. Vous avez \u00e0 votre disposition un large choix de magnifiques compositions florales&nbsp;:<\/p>\n\n\n\n<ul class=\"wp-block-list\">\n<li>Raquette fun\u00e9raire&nbsp;<\/li>\n\n\n\n<li>Coussin fun\u00e9raire<\/li>\n\n\n\n<li>Couronne de fleurs<\/li>\n\n\n\n<li>Gerbe de fleurs piqu\u00e9es<\/li>\n\n\n\n<li>Jardin paysager en pot<\/li>\n\n\n\n<li>Corbeille de fleurs<\/li>\n<\/ul>\n\n\n<div class=\"lp-produits-grid\"><div class=\"lp-produit\"><div class=\"lp-thumbnail-wrapper\"><img loading=\"lazy\" decoding=\"async\" width=\"300\" height=\"300\" src=\"https:\/\/www.interflora.fr\/blog\/wp-content\/uploads\/2025\/05\/B2BDP-800Wx800H-0-1-300x300.jpg\" class=\"attachment-medium size-medium wp-post-image\" alt=\"\" srcset=\"https:\/\/www.interflora.fr\/blog\/wp-content\/uploads\/2025\/05\/B2BDP-800Wx800H-0-1-300x300.jpg 300w, https:\/\/www.interflora.fr\/blog\/wp-content\/uploads\/2025\/05\/B2BDP-800Wx800H-0-1-150x150.jpg 150w, https:\/\/www.interflora.fr\/blog\/wp-content\/uploads\/2025\/05\/B2BDP-800Wx800H-0-1-768x768.jpg 768w, https:\/\/www.interflora.fr\/blog\/wp-content\/uploads\/2025\/05\/B2BDP-800Wx800H-0-1.jpg 800w\" sizes=\"auto, (max-width: 300px) 100vw, 300px\" \/><img decoding=\"async\" class=\"lp-badge\" src=\"https:\/\/www.interflora.fr\/blog\/wp-content\/uploads\/2025\/06\/logo-circle.png\" alt=\"Livraison rapide Interflora\"><\/div><span>Brass\u00e9e de pivoines vari\u00e9es<\/span><p>39.95 \u20ac<\/p><span class=\"obf-link lp-cta\" role=\"link\" tabindex=\"0\" data-b64=\"aHR0cHM6Ly93d3cuaW50ZXJmbG9yYS5mci9wL2JyYXNzZWUtcGl2b2luZXMvMS9GUj91dG1fbWVkaXVtPW9yZ2FuaWMmdXRtX3NvdXJjZT1ibG9nX3Byb2R1Y3RzJnV0bV9jYW1wYWlnbj1CMkJEUA==\" data-target=\"_blank\"><svg xmlns=\"http:\/\/www.w3.org\/2000\/svg\" width=\"16\" height=\"16\" fill=\"currentColor\" class=\"bi bi-bag\" viewBox=\"0 0 16 16\"><path d=\"M8 1a2 2 0 0 1 2 2v1h2.5A1.5 1.5 0 0 1 14 5.5v8A1.5 1.5 0 0 1 12.5 15h-9A1.5 1.5 0 0 1 2 13.5v-8A1.5 1.5 0 0 1 3.5 3H6V2a2 2 0 0 1 2-1zm1 3V3a1 1 0 0 0-2 0v1h2z\"\/><\/svg>Voir le produit<\/span><p class=\"rapido\">Livraison rapide<\/p><\/div><div class=\"lp-produit\"><div class=\"lp-thumbnail-wrapper\"><img loading=\"lazy\" decoding=\"async\" width=\"300\" height=\"300\" src=\"https:\/\/www.interflora.fr\/blog\/wp-content\/uploads\/2025\/09\/2DR-800Wx800H-0-1-25-300x300.jpg\" class=\"attachment-medium size-medium wp-post-image\" alt=\"\" srcset=\"https:\/\/www.interflora.fr\/blog\/wp-content\/uploads\/2025\/09\/2DR-800Wx800H-0-1-25-300x300.jpg 300w, https:\/\/www.interflora.fr\/blog\/wp-content\/uploads\/2025\/09\/2DR-800Wx800H-0-1-25-150x150.jpg 150w, https:\/\/www.interflora.fr\/blog\/wp-content\/uploads\/2025\/09\/2DR-800Wx800H-0-1-25-768x768.jpg 768w, https:\/\/www.interflora.fr\/blog\/wp-content\/uploads\/2025\/09\/2DR-800Wx800H-0-1-25.jpg 800w\" sizes=\"auto, (max-width: 300px) 100vw, 300px\" \/><img decoding=\"async\" class=\"lp-badge\" src=\"https:\/\/www.interflora.fr\/blog\/wp-content\/uploads\/2025\/06\/logo-circle.png\" alt=\"Livraison rapide Interflora\"><\/div><span>Douce r\u00eaverie<\/span><p>39.95 \u20ac<\/p><span class=\"obf-link lp-cta\" role=\"link\" tabindex=\"0\" data-b64=\"aHR0cHM6Ly93d3cuaW50ZXJmbG9yYS5mci9wL2RvdWNlLXJldmVyaWUvMS9GUj91dG1fbWVkaXVtPW9yZ2FuaWMmdXRtX3NvdXJjZT1ibG9nX3Byb2R1Y3RzJnV0bV9jYW1wYWlnbj0yRFI=\" data-target=\"_blank\"><svg xmlns=\"http:\/\/www.w3.org\/2000\/svg\" width=\"16\" height=\"16\" fill=\"currentColor\" class=\"bi bi-bag\" viewBox=\"0 0 16 16\"><path d=\"M8 1a2 2 0 0 1 2 2v1h2.5A1.5 1.5 0 0 1 14 5.5v8A1.5 1.5 0 0 1 12.5 15h-9A1.5 1.5 0 0 1 2 13.5v-8A1.5 1.5 0 0 1 3.5 3H6V2a2 2 0 0 1 2-1zm1 3V3a1 1 0 0 0-2 0v1h2z\"\/><\/svg>Voir le produit<\/span><p class=\"rapido\">Top produit<\/p><\/div><div class=\"lp-produit\"><div class=\"lp-thumbnail-wrapper\"><img loading=\"lazy\" decoding=\"async\" width=\"300\" height=\"300\" src=\"https:\/\/www.interflora.fr\/blog\/wp-content\/uploads\/2026\/01\/1BIU-800Wx800H-0-1-300x300.jpg\" class=\"attachment-medium size-medium wp-post-image\" alt=\"\" srcset=\"https:\/\/www.interflora.fr\/blog\/wp-content\/uploads\/2026\/01\/1BIU-800Wx800H-0-1-300x300.jpg 300w, https:\/\/www.interflora.fr\/blog\/wp-content\/uploads\/2026\/01\/1BIU-800Wx800H-0-1-150x150.jpg 150w, https:\/\/www.interflora.fr\/blog\/wp-content\/uploads\/2026\/01\/1BIU-800Wx800H-0-1-768x768.jpg 768w, https:\/\/www.interflora.fr\/blog\/wp-content\/uploads\/2026\/01\/1BIU-800Wx800H-0-1.jpg 800w\" sizes=\"auto, (max-width: 300px) 100vw, 300px\" \/><img decoding=\"async\" class=\"lp-badge\" src=\"https:\/\/www.interflora.fr\/blog\/wp-content\/uploads\/2025\/06\/logo-circle.png\" alt=\"Livraison rapide Interflora\"><\/div><span>Bisous et sa bulle d&rsquo;eau<\/span><p>41.95 \u20ac<\/p><span class=\"obf-link lp-cta\" role=\"link\" tabindex=\"0\" data-b64=\"aHR0cHM6Ly93d3cuaW50ZXJmbG9yYS5mci9wL3NhaW50LXZhbGVudGluLWplLXQtYWltZS1idWxsZS1lYXUvMS9GUj91dG1fbWVkaXVtPW9yZ2FuaWMmdXRtX3NvdXJjZT1ibG9nX3Byb2R1Y3RzJnV0bV9jYW1wYWlnbj0xQklV\" data-target=\"_blank\"><svg xmlns=\"http:\/\/www.w3.org\/2000\/svg\" width=\"16\" height=\"16\" fill=\"currentColor\" class=\"bi bi-bag\" viewBox=\"0 0 16 16\"><path d=\"M8 1a2 2 0 0 1 2 2v1h2.5A1.5 1.5 0 0 1 14 5.5v8A1.5 1.5 0 0 1 12.5 15h-9A1.5 1.5 0 0 1 2 13.5v-8A1.5 1.5 0 0 1 3.5 3H6V2a2 2 0 0 1 2-1zm1 3V3a1 1 0 0 0-2 0v1h2z\"\/><\/svg>Voir le produit<\/span><p class=\"rapido\">Top produit<\/p><\/div><div class=\"lp-produit\"><div class=\"lp-thumbnail-wrapper\"><img loading=\"lazy\" decoding=\"async\" width=\"300\" height=\"300\" src=\"https:\/\/www.interflora.fr\/blog\/wp-content\/uploads\/2026\/01\/1BIFF-800Wx800H-0-1-300x300.jpg\" class=\"attachment-medium size-medium wp-post-image\" alt=\"\" srcset=\"https:\/\/www.interflora.fr\/blog\/wp-content\/uploads\/2026\/01\/1BIFF-800Wx800H-0-1-300x300.jpg 300w, https:\/\/www.interflora.fr\/blog\/wp-content\/uploads\/2026\/01\/1BIFF-800Wx800H-0-1-150x150.jpg 150w, https:\/\/www.interflora.fr\/blog\/wp-content\/uploads\/2026\/01\/1BIFF-800Wx800H-0-1-768x768.jpg 768w, https:\/\/www.interflora.fr\/blog\/wp-content\/uploads\/2026\/01\/1BIFF-800Wx800H-0-1.jpg 800w\" sizes=\"auto, (max-width: 300px) 100vw, 300px\" \/><img decoding=\"async\" class=\"lp-badge\" src=\"https:\/\/www.interflora.fr\/blog\/wp-content\/uploads\/2025\/06\/logo-circle.png\" alt=\"Livraison rapide Interflora\"><\/div><span>Mon coeur<\/span><p>39.95 \u20ac<\/p><span class=\"obf-link lp-cta\" role=\"link\" tabindex=\"0\" data-b64=\"aHR0cHM6Ly93d3cuaW50ZXJmbG9yYS5mci9wL2JvdXF1ZXQtbW9uLWNvZXVyLzEvRlI\/dXRtX21lZGl1bT1vcmdhbmljJnV0bV9zb3VyY2U9YmxvZ19wcm9kdWN0cyZ1dG1fY2FtcGFpZ249MUJJRkY=\" data-target=\"_blank\"><svg xmlns=\"http:\/\/www.w3.org\/2000\/svg\" width=\"16\" height=\"16\" fill=\"currentColor\" class=\"bi bi-bag\" viewBox=\"0 0 16 16\"><path d=\"M8 1a2 2 0 0 1 2 2v1h2.5A1.5 1.5 0 0 1 14 5.5v8A1.5 1.5 0 0 1 12.5 15h-9A1.5 1.5 0 0 1 2 13.5v-8A1.5 1.5 0 0 1 3.5 3H6V2a2 2 0 0 1 2-1zm1 3V3a1 1 0 0 0-2 0v1h2z\"\/><\/svg>Voir le produit<\/span><p class=\"rapido\">Top produit<\/p><\/div><\/div>\n\n\n\n<h2 class=\"wp-block-heading\">La livraison le jour m\u00eame avec votre fleuriste Interflora\u00a0<\/h2>\n\n\n\n<div class=\"wp-block-media-text alignwide has-media-on-the-right is-stacked-on-mobile\" style=\"grid-template-columns:auto 40%\"><div class=\"wp-block-media-text__content\">\n<p>Notre <strong>r\u00e9seau de 5&nbsp;200 fleuristes qualifi\u00e9s et engag\u00e9s<\/strong> se tient toujours pr\u00eat \u00e0 vous livrer, quel que soit le jour de la semaine&nbsp;! Du lundi au dimanche, et m\u00eame les jours f\u00e9ri\u00e9s. De plus, vous pouvez g\u00e9n\u00e9ralement vous faire livrer le jour m\u00eame pour une commande pass\u00e9e avant 16 h.&nbsp;<\/p>\n\n\n\n<p>Faites-nous confiance et recevez les plus belles fleurs \u00e0 l\u2019aide d\u2019un service en ligne s\u00e9curis\u00e9. Chaque bouquet ou plante est transport\u00e9 dans un emballage sur mesure qui vous assure de recevoir votre commande aussi fra\u00eeche et belle qu\u2019en boutique&nbsp;!&nbsp;<\/p>\n\n\n\n<p>Et lorsque le temps du jardinage est de retour, profitez de notre s\u00e9lection de <a href=\"https:\/\/www.interflora.fr\/c\/plantes\/plante-exterieur\" target=\"_blank\" rel=\"noreferrer noopener\">plantes d\u2019ext\u00e9rieur<\/a> pour fleurir votre balcon, votre terrasse ou votre jardin&nbsp;! Le service de livraison vous fera \u00e9conomiser du temps de d\u00e9placement. De plus, vos plantes seront transport\u00e9es bien prot\u00e9g\u00e9es et emball\u00e9es \u00e0 travers les al\u00e9as de la circulation.&nbsp;<\/p>\n<\/div><figure class=\"wp-block-media-text__media\"><img decoding=\"async\" src=\"https:\/\/www.interflora.fr\/blog\/wp-content\/uploads\/livraison-bouquet.jpg\" alt=\"Livraison d'un bouquet de fleurs\" class=\"wp-image-35375 size-full\"\/><\/figure><\/div>\n\n\n\n<p><\/p>\n\n\n\n<h2 class=\"wp-block-heading\">Avez-vous besoin de parler avec le fleuriste le plus proche&nbsp;?<\/h2>\n\n\n\n<p><strong>Interflora est votre fleuriste en ligne<\/strong>, mais nous sommes aussi \u00e0 votre \u00e9coute&nbsp;! Vous pouvez chatter avec nous du lundi au samedi de 8&nbsp;h \u00e0 19&nbsp;h et poser toutes vos questions :&nbsp;<\/p>\n\n\n\n<ul class=\"wp-block-list\">\n<li>Comment commander un bouquet en ligne&nbsp;?<\/li>\n\n\n\n<li>Comment envoyer des fleurs&nbsp;?<\/li>\n\n\n\n<li>Comment suivre votre livraison de fleurs&nbsp;?&nbsp;<\/li>\n<\/ul>\n\n\n\n<p>De nombreuses r\u00e9ponses \u00e0 vos questions se trouvent d\u00e9j\u00e0 dans la <a href=\"https:\/\/www.interflora.fr\/faq\/\" target=\"_blank\" rel=\"noreferrer noopener\">Foire aux Questions<\/a>. N\u2019h\u00e9sitez pas \u00e0 aller la consulter pour obtenir une r\u00e9ponse pr\u00e9cise en quelques secondes.\u00a0<\/p>\n\n\n\n<p>Que ce soit pour un anniversaire, un mariage, pour c\u00e9l\u00e9brer la Saint-Valentin ou agr\u00e9menter votre d\u00e9coration int\u00e9rieure, Interflora se tient \u00e0 vos c\u00f4t\u00e9s depuis 1946. Tous nos fleuristes partagent ce savoir-faire et cette passion qui vous permet d&rsquo;offrir des fleurs \u00e0 ceux que vous aimez en toute s\u00e9r\u00e9nit\u00e9.<\/p>\n\n\n<div class=\"lp-produits-grid\"><div class=\"lp-produit\"><div class=\"lp-thumbnail-wrapper\"><img loading=\"lazy\" decoding=\"async\" width=\"300\" height=\"300\" src=\"https:\/\/www.interflora.fr\/blog\/wp-content\/uploads\/2026\/04\/3RER-800Wx800H-0-1-300x300.jpg\" class=\"attachment-medium size-medium wp-post-image\" alt=\"\" srcset=\"https:\/\/www.interflora.fr\/blog\/wp-content\/uploads\/2026\/04\/3RER-800Wx800H-0-1-300x300.jpg 300w, https:\/\/www.interflora.fr\/blog\/wp-content\/uploads\/2026\/04\/3RER-800Wx800H-0-1-150x150.jpg 150w, https:\/\/www.interflora.fr\/blog\/wp-content\/uploads\/2026\/04\/3RER-800Wx800H-0-1-768x768.jpg 768w, https:\/\/www.interflora.fr\/blog\/wp-content\/uploads\/2026\/04\/3RER-800Wx800H-0-1.jpg 800w\" sizes=\"auto, (max-width: 300px) 100vw, 300px\" \/><img decoding=\"async\" class=\"lp-badge\" src=\"https:\/\/www.interflora.fr\/blog\/wp-content\/uploads\/2025\/06\/logo-circle.png\" alt=\"Livraison rapide Interflora\"><\/div><span>Composition rose \u00e9ternelle rouge<\/span><p>36.95 \u20ac<\/p><span class=\"obf-link lp-cta\" role=\"link\" tabindex=\"0\" data-b64=\"aHR0cHM6Ly93d3cuaW50ZXJmbG9yYS5mci9wL2NvbXBvc2l0aW9uLXJvc2UtZXRlcm5lbGxlLXJvdWdlLzAvRlI\/dXRtX21lZGl1bT1vcmdhbmljJnV0bV9zb3VyY2U9YmxvZ19wcm9kdWN0cyZ1dG1fY2FtcGFpZ249M1JFUg==\" data-target=\"_blank\"><svg xmlns=\"http:\/\/www.w3.org\/2000\/svg\" width=\"16\" height=\"16\" fill=\"currentColor\" class=\"bi bi-bag\" viewBox=\"0 0 16 16\"><path d=\"M8 1a2 2 0 0 1 2 2v1h2.5A1.5 1.5 0 0 1 14 5.5v8A1.5 1.5 0 0 1 12.5 15h-9A1.5 1.5 0 0 1 2 13.5v-8A1.5 1.5 0 0 1 3.5 3H6V2a2 2 0 0 1 2-1zm1 3V3a1 1 0 0 0-2 0v1h2z\"\/><\/svg>Voir le produit<\/span><p class=\"rapido\">Top produit<\/p><\/div><div class=\"lp-produit\"><div class=\"lp-thumbnail-wrapper\"><img loading=\"lazy\" decoding=\"async\" width=\"300\" height=\"300\" src=\"https:\/\/www.interflora.fr\/blog\/wp-content\/uploads\/2026\/01\/1BIFF-800Wx800H-0-1-300x300.jpg\" class=\"attachment-medium size-medium wp-post-image\" alt=\"\" srcset=\"https:\/\/www.interflora.fr\/blog\/wp-content\/uploads\/2026\/01\/1BIFF-800Wx800H-0-1-300x300.jpg 300w, https:\/\/www.interflora.fr\/blog\/wp-content\/uploads\/2026\/01\/1BIFF-800Wx800H-0-1-150x150.jpg 150w, https:\/\/www.interflora.fr\/blog\/wp-content\/uploads\/2026\/01\/1BIFF-800Wx800H-0-1-768x768.jpg 768w, https:\/\/www.interflora.fr\/blog\/wp-content\/uploads\/2026\/01\/1BIFF-800Wx800H-0-1.jpg 800w\" sizes=\"auto, (max-width: 300px) 100vw, 300px\" \/><img decoding=\"async\" class=\"lp-badge\" src=\"https:\/\/www.interflora.fr\/blog\/wp-content\/uploads\/2025\/06\/logo-circle.png\" alt=\"Livraison rapide Interflora\"><\/div><span>Mon coeur<\/span><p>39.95 \u20ac<\/p><span class=\"obf-link lp-cta\" role=\"link\" tabindex=\"0\" data-b64=\"aHR0cHM6Ly93d3cuaW50ZXJmbG9yYS5mci9wL2JvdXF1ZXQtbW9uLWNvZXVyLzEvRlI\/dXRtX21lZGl1bT1vcmdhbmljJnV0bV9zb3VyY2U9YmxvZ19wcm9kdWN0cyZ1dG1fY2FtcGFpZ249MUJJRkY=\" data-target=\"_blank\"><svg xmlns=\"http:\/\/www.w3.org\/2000\/svg\" width=\"16\" height=\"16\" fill=\"currentColor\" class=\"bi bi-bag\" viewBox=\"0 0 16 16\"><path d=\"M8 1a2 2 0 0 1 2 2v1h2.5A1.5 1.5 0 0 1 14 5.5v8A1.5 1.5 0 0 1 12.5 15h-9A1.5 1.5 0 0 1 2 13.5v-8A1.5 1.5 0 0 1 3.5 3H6V2a2 2 0 0 1 2-1zm1 3V3a1 1 0 0 0-2 0v1h2z\"\/><\/svg>Voir le produit<\/span><p class=\"rapido\">Top produit<\/p><\/div><div class=\"lp-produit\"><div class=\"lp-thumbnail-wrapper\"><img loading=\"lazy\" decoding=\"async\" width=\"300\" height=\"300\" src=\"https:\/\/www.interflora.fr\/blog\/wp-content\/uploads\/2025\/09\/1PEPLCMA-800Wx800H-0-1-25-300x300.jpg\" class=\"attachment-medium size-medium wp-post-image\" alt=\"\" srcset=\"https:\/\/www.interflora.fr\/blog\/wp-content\/uploads\/2025\/09\/1PEPLCMA-800Wx800H-0-1-25-300x300.jpg 300w, https:\/\/www.interflora.fr\/blog\/wp-content\/uploads\/2025\/09\/1PEPLCMA-800Wx800H-0-1-25-150x150.jpg 150w, https:\/\/www.interflora.fr\/blog\/wp-content\/uploads\/2025\/09\/1PEPLCMA-800Wx800H-0-1-25-768x768.jpg 768w, https:\/\/www.interflora.fr\/blog\/wp-content\/uploads\/2025\/09\/1PEPLCMA-800Wx800H-0-1-25.jpg 800w\" sizes=\"auto, (max-width: 300px) 100vw, 300px\" \/><img decoding=\"async\" class=\"lp-badge\" src=\"https:\/\/www.interflora.fr\/blog\/wp-content\/uploads\/2025\/06\/logo-circle.png\" alt=\"Livraison rapide Interflora\"><\/div><span>Coffret cadeau<\/span><p>57.95 \u20ac<\/p><span class=\"obf-link lp-cta\" role=\"link\" tabindex=\"0\" data-b64=\"aHR0cHM6Ly93d3cuaW50ZXJmbG9yYS5mci9wL3BldGl0LXBsYWlzaXItY2FydGUtbWVzc2FnZS1jaG9jb2xhdC8xL0ZSP3V0bV9tZWRpdW09b3JnYW5pYyZ1dG1fc291cmNlPWJsb2dfcHJvZHVjdHMmdXRtX2NhbXBhaWduPTFQRVBMQ01B\" data-target=\"_blank\"><svg xmlns=\"http:\/\/www.w3.org\/2000\/svg\" width=\"16\" height=\"16\" fill=\"currentColor\" class=\"bi bi-bag\" viewBox=\"0 0 16 16\"><path d=\"M8 1a2 2 0 0 1 2 2v1h2.5A1.5 1.5 0 0 1 14 5.5v8A1.5 1.5 0 0 1 12.5 15h-9A1.5 1.5 0 0 1 2 13.5v-8A1.5 1.5 0 0 1 3.5 3H6V2a2 2 0 0 1 2-1zm1 3V3a1 1 0 0 0-2 0v1h2z\"\/><\/svg>Voir le produit<\/span><p class=\"rapido\">Fleurs fra\u00eeches<\/p><\/div><div class=\"lp-produit\"><div class=\"lp-thumbnail-wrapper\"><img loading=\"lazy\" decoding=\"async\" width=\"300\" height=\"300\" src=\"https:\/\/www.interflora.fr\/blog\/wp-content\/uploads\/2025\/09\/2DR-800Wx800H-0-1-25-300x300.jpg\" class=\"attachment-medium size-medium wp-post-image\" alt=\"\" srcset=\"https:\/\/www.interflora.fr\/blog\/wp-content\/uploads\/2025\/09\/2DR-800Wx800H-0-1-25-300x300.jpg 300w, https:\/\/www.interflora.fr\/blog\/wp-content\/uploads\/2025\/09\/2DR-800Wx800H-0-1-25-150x150.jpg 150w, https:\/\/www.interflora.fr\/blog\/wp-content\/uploads\/2025\/09\/2DR-800Wx800H-0-1-25-768x768.jpg 768w, https:\/\/www.interflora.fr\/blog\/wp-content\/uploads\/2025\/09\/2DR-800Wx800H-0-1-25.jpg 800w\" sizes=\"auto, (max-width: 300px) 100vw, 300px\" \/><img decoding=\"async\" class=\"lp-badge\" src=\"https:\/\/www.interflora.fr\/blog\/wp-content\/uploads\/2025\/06\/logo-circle.png\" alt=\"Livraison rapide Interflora\"><\/div><span>Douce r\u00eaverie<\/span><p>39.95 \u20ac<\/p><span class=\"obf-link lp-cta\" role=\"link\" tabindex=\"0\" data-b64=\"aHR0cHM6Ly93d3cuaW50ZXJmbG9yYS5mci9wL2RvdWNlLXJldmVyaWUvMS9GUj91dG1fbWVkaXVtPW9yZ2FuaWMmdXRtX3NvdXJjZT1ibG9nX3Byb2R1Y3RzJnV0bV9jYW1wYWlnbj0yRFI=\" data-target=\"_blank\"><svg xmlns=\"http:\/\/www.w3.org\/2000\/svg\" width=\"16\" height=\"16\" fill=\"currentColor\" class=\"bi bi-bag\" viewBox=\"0 0 16 16\"><path d=\"M8 1a2 2 0 0 1 2 2v1h2.5A1.5 1.5 0 0 1 14 5.5v8A1.5 1.5 0 0 1 12.5 15h-9A1.5 1.5 0 0 1 2 13.5v-8A1.5 1.5 0 0 1 3.5 3H6V2a2 2 0 0 1 2-1zm1 3V3a1 1 0 0 0-2 0v1h2z\"\/><\/svg>Voir le produit<\/span><p class=\"rapido\">Livraison rapide<\/p><\/div><\/div>\n","protected":false},"excerpt":{"rendered":"<p>Avez-vous une occasion sp\u00e9ciale \u00e0 c\u00e9l\u00e9brer\u00a0? Pour un anniversaire, un mariage, la Saint-Valentin ou la f\u00eate de grands-m\u00e8res, les journ\u00e9es sp\u00e9ciales que l\u2019on souhaite souligner ne manquent pas\u00a0! Et pour chaque occasion, les artisans fleuristes se tiennent pr\u00eats \u00e0 fleurir vos instants de joie. Si vous souhaitez trouver le fleuriste le plus proche, rien de plus facile\u00a0! Interflora est toujours \u00e0 vos c\u00f4t\u00e9s et \u00e0 la port\u00e9e d\u2019un clic de souris.<\/p>\n","protected":false},"author":1,"featured_media":35367,"comment_status":"open","ping_status":"open","sticky":false,"template":"","format":"standard","meta":{"_uag_custom_page_level_css":"","site-sidebar-layout":"default","site-content-layout":"","ast-site-content-layout":"default","site-content-style":"default","site-sidebar-style":"default","ast-global-header-display":"","ast-banner-title-visibility":"","ast-main-header-display":"","ast-hfb-above-header-display":"","ast-hfb-below-header-display":"","ast-hfb-mobile-header-display":"","site-post-title":"","ast-breadcrumbs-content":"","ast-featured-img":"","footer-sml-layout":"","ast-disable-related-posts":"","theme-transparent-header-meta":"","adv-header-id-meta":"","stick-header-meta":"","header-above-stick-meta":"","header-main-stick-meta":"","header-below-stick-meta":"","astra-migrate-meta-layouts":"default","ast-page-background-enabled":"default","ast-page-background-meta":{"desktop":{"background-color":"var(--ast-global-color-5)","background-image":"","background-repeat":"repeat","background-position":"center center","background-size":"auto","background-attachment":"scroll","background-type":"","background-media":"","overlay-type":"","overlay-color":"","overlay-opacity":"","overlay-gradient":""},"tablet":{"background-color":"","background-image":"","background-repeat":"repeat","background-position":"center center","background-size":"auto","background-attachment":"scroll","background-type":"","background-media":"","overlay-type":"","overlay-color":"","overlay-opacity":"","overlay-gradient":""},"mobile":{"background-color":"","background-image":"","background-repeat":"repeat","background-position":"center center","background-size":"auto","background-attachment":"scroll","background-type":"","background-media":"","overlay-type":"","overlay-color":"","overlay-opacity":"","overlay-gradient":""}},"ast-content-background-meta":{"desktop":{"background-color":"var(--ast-global-color-4)","background-image":"","background-repeat":"repeat","background-position":"center center","background-size":"auto","background-attachment":"scroll","background-type":"","background-media":"","overlay-type":"","overlay-color":"","overlay-opacity":"","overlay-gradient":""},"tablet":{"background-color":"var(--ast-global-color-4)","background-image":"","background-repeat":"repeat","background-position":"center center","background-size":"auto","background-attachment":"scroll","background-type":"","background-media":"","overlay-type":"","overlay-color":"","overlay-opacity":"","overlay-gradient":""},"mobile":{"background-color":"var(--ast-global-color-4)","background-image":"","background-repeat":"repeat","background-position":"center center","background-size":"auto","background-attachment":"scroll","background-type":"","background-media":"","overlay-type":"","overlay-color":"","overlay-opacity":"","overlay-gradient":""}},"footnotes":""},"categories":[164],"tags":[175,484,486],"class_list":["post-35366","post","type-post","status-publish","format-standard","has-post-thumbnail","hentry","category-actualites-interflora","tag-interflora","tag-livraison","tag-top"],"uagb_featured_image_src":{"full":false,"thumbnail":false,"medium":false,"medium_large":false,"large":false,"1536x1536":false,"2048x2048":false},"uagb_author_info":{"display_name":"admin","author_link":"https:\/\/www.interflora.fr\/blog\/author\/admin\/"},"uagb_comment_info":8,"uagb_excerpt":"Avez-vous une occasion sp\u00e9ciale \u00e0 c\u00e9l\u00e9brer\u00a0? Pour un anniversaire, un mariage, la Saint-Valentin ou la f\u00eate de grands-m\u00e8res, les journ\u00e9es sp\u00e9ciales que l\u2019on souhaite souligner ne manquent pas\u00a0! Et pour chaque occasion, les artisans fleuristes se tiennent pr\u00eats \u00e0 fleurir vos instants de joie. Si vous souhaitez trouver le fleuriste le plus proche, rien de\u2026","yoast_meta":{"title":"Trouver le fleuriste le plus proche de chez soi | Interflora","description":"Pour faire livrer un bouquet chez vous ou \u00e0 un proche, trouvez le fleuriste le plus proche parmi plus de 5200 artisans du r\u00e9seau Interflora."},"_links":{"self":[{"href":"https:\/\/www.interflora.fr\/blog\/wp-json\/wp\/v2\/posts\/35366","targetHints":{"allow":["GET"]}}],"collection":[{"href":"https:\/\/www.interflora.fr\/blog\/wp-json\/wp\/v2\/posts"}],"about":[{"href":"https:\/\/www.interflora.fr\/blog\/wp-json\/wp\/v2\/types\/post"}],"author":[{"embeddable":true,"href":"https:\/\/www.interflora.fr\/blog\/wp-json\/wp\/v2\/users\/1"}],"replies":[{"embeddable":true,"href":"https:\/\/www.interflora.fr\/blog\/wp-json\/wp\/v2\/comments?post=35366"}],"version-history":[{"count":1,"href":"https:\/\/www.interflora.fr\/blog\/wp-json\/wp\/v2\/posts\/35366\/revisions"}],"predecessor-version":[{"id":58465,"href":"https:\/\/www.interflora.fr\/blog\/wp-json\/wp\/v2\/posts\/35366\/revisions\/58465"}],"wp:featuredmedia":[{"embeddable":true,"href":"https:\/\/www.interflora.fr\/blog\/wp-json\/"}],"wp:attachment":[{"href":"https:\/\/www.interflora.fr\/blog\/wp-json\/wp\/v2\/media?parent=35366"}],"wp:term":[{"taxonomy":"category","embeddable":true,"href":"https:\/\/www.interflora.fr\/blog\/wp-json\/wp\/v2\/categories?post=35366"},{"taxonomy":"post_tag","embeddable":true,"href":"https:\/\/www.interflora.fr\/blog\/wp-json\/wp\/v2\/tags?post=35366"}],"curies":[{"name":"wp","href":"https:\/\/api.w.org\/{rel}","templated":true}]}}