{"id":33899,"date":"2023-05-24T15:06:19","date_gmt":"2023-05-24T13:06:19","guid":{"rendered":"https:\/\/www.interflora.fr\/blog\/?p=33899"},"modified":"2026-04-07T16:32:14","modified_gmt":"2026-04-07T14:32:14","slug":"yucca-gloriosa","status":"publish","type":"post","link":"https:\/\/www.interflora.fr\/blog\/yucca-gloriosa\/","title":{"rendered":"Tout savoir sur le Yucca gloriosa"},"content":{"rendered":"\n<p>Dans un massif dans votre jardin le <strong>yucca gloriosa est majestueux<\/strong> et il ne vous demandera pratiquement aucun soin. Pour les jardins sans entretien ou les terrains secs, il est parfait\u00a0! Et sur une grande terrasse, il structure la d\u00e9coration et ajoute une pointe de d\u00e9paysement. Cet arbuste qui atteint une hauteur de 3 \u00e0 5\u00a0m, \u00e0 maturit\u00e9, peut aussi \u00eatre cultiv\u00e9 en pot. Un <strong>yucca gloriosa en pot <\/strong>est du plus bel effet\u00a0et il durera des ann\u00e9es\u00a0! Mais celui que l\u2019on appelle commun\u00e9ment le <strong>yucca glorieux<\/strong> poss\u00e8de d\u2019autres atouts. Et nous allons nous empresser de vous d\u00e9voiler\u00a0! Voici tous nos conseils pour <strong>entretenir un yucca gloriosa<\/strong>.\u00a0<\/p>\n\n\n<div class=\"lp-produits-grid\"><div class=\"lp-produit\"><div class=\"lp-thumbnail-wrapper\"><img loading=\"lazy\" decoding=\"async\" width=\"300\" height=\"300\" src=\"https:\/\/www.interflora.fr\/blog\/wp-content\/uploads\/2025\/05\/1SEN-800Wx800H-0-1-25-300x300.jpg\" class=\"attachment-medium size-medium wp-post-image\" alt=\"\" srcset=\"https:\/\/www.interflora.fr\/blog\/wp-content\/uploads\/2025\/05\/1SEN-800Wx800H-0-1-25-300x300.jpg 300w, https:\/\/www.interflora.fr\/blog\/wp-content\/uploads\/2025\/05\/1SEN-800Wx800H-0-1-25-150x150.jpg 150w, https:\/\/www.interflora.fr\/blog\/wp-content\/uploads\/2025\/05\/1SEN-800Wx800H-0-1-25-768x768.jpg 768w, https:\/\/www.interflora.fr\/blog\/wp-content\/uploads\/2025\/05\/1SEN-800Wx800H-0-1-25.jpg 800w\" sizes=\"auto, (max-width: 300px) 100vw, 300px\" \/><img decoding=\"async\" class=\"lp-badge\" src=\"https:\/\/www.interflora.fr\/blog\/wp-content\/uploads\/2025\/06\/logo-circle.png\" alt=\"Livraison rapide Interflora\"><\/div><span>Joyeux anniversaire<\/span><p>42.95 \u20ac<\/p><span class=\"obf-link lp-cta\" role=\"link\" tabindex=\"0\" data-b64=\"aHR0cHM6Ly93d3cuaW50ZXJmbG9yYS5mci9wL3Jvc2VzLXNlbnRpbWVudC8xL0ZSP3V0bV9tZWRpdW09b3JnYW5pYyZ1dG1fc291cmNlPWJsb2dfcHJvZHVjdHMmdXRtX2NhbXBhaWduPTFTRU4=\" data-target=\"_blank\"><svg xmlns=\"http:\/\/www.w3.org\/2000\/svg\" width=\"16\" height=\"16\" fill=\"currentColor\" class=\"bi bi-bag\" viewBox=\"0 0 16 16\"><path d=\"M8 1a2 2 0 0 1 2 2v1h2.5A1.5 1.5 0 0 1 14 5.5v8A1.5 1.5 0 0 1 12.5 15h-9A1.5 1.5 0 0 1 2 13.5v-8A1.5 1.5 0 0 1 3.5 3H6V2a2 2 0 0 1 2-1zm1 3V3a1 1 0 0 0-2 0v1h2z\"\/><\/svg>Voir le produit<\/span><p class=\"rapido\">Livraison rapide<\/p><\/div><div class=\"lp-produit\"><div class=\"lp-thumbnail-wrapper\"><img loading=\"lazy\" decoding=\"async\" width=\"300\" height=\"300\" src=\"https:\/\/www.interflora.fr\/blog\/wp-content\/uploads\/2025\/05\/B2BDP-800Wx800H-0-1-300x300.jpg\" class=\"attachment-medium size-medium wp-post-image\" alt=\"\" srcset=\"https:\/\/www.interflora.fr\/blog\/wp-content\/uploads\/2025\/05\/B2BDP-800Wx800H-0-1-300x300.jpg 300w, https:\/\/www.interflora.fr\/blog\/wp-content\/uploads\/2025\/05\/B2BDP-800Wx800H-0-1-150x150.jpg 150w, https:\/\/www.interflora.fr\/blog\/wp-content\/uploads\/2025\/05\/B2BDP-800Wx800H-0-1-768x768.jpg 768w, https:\/\/www.interflora.fr\/blog\/wp-content\/uploads\/2025\/05\/B2BDP-800Wx800H-0-1.jpg 800w\" sizes=\"auto, (max-width: 300px) 100vw, 300px\" \/><img decoding=\"async\" class=\"lp-badge\" src=\"https:\/\/www.interflora.fr\/blog\/wp-content\/uploads\/2025\/06\/logo-circle.png\" alt=\"Livraison rapide Interflora\"><\/div><span>Brass\u00e9e de pivoines vari\u00e9es<\/span><p>36.95 \u20ac<\/p><span class=\"obf-link lp-cta\" role=\"link\" tabindex=\"0\" data-b64=\"aHR0cHM6Ly93d3cuaW50ZXJmbG9yYS5mci9wL2JyYXNzZWUtcGl2b2luZXMvMS9GUj91dG1fbWVkaXVtPW9yZ2FuaWMmdXRtX3NvdXJjZT1ibG9nX3Byb2R1Y3RzJnV0bV9jYW1wYWlnbj1CMkJEUA==\" data-target=\"_blank\"><svg xmlns=\"http:\/\/www.w3.org\/2000\/svg\" width=\"16\" height=\"16\" fill=\"currentColor\" class=\"bi bi-bag\" viewBox=\"0 0 16 16\"><path d=\"M8 1a2 2 0 0 1 2 2v1h2.5A1.5 1.5 0 0 1 14 5.5v8A1.5 1.5 0 0 1 12.5 15h-9A1.5 1.5 0 0 1 2 13.5v-8A1.5 1.5 0 0 1 3.5 3H6V2a2 2 0 0 1 2-1zm1 3V3a1 1 0 0 0-2 0v1h2z\"\/><\/svg>Voir le produit<\/span><p class=\"rapido\">Top produit<\/p><\/div><div class=\"lp-produit\"><div class=\"lp-thumbnail-wrapper\"><img loading=\"lazy\" decoding=\"async\" width=\"300\" height=\"300\" src=\"https:\/\/www.interflora.fr\/blog\/wp-content\/uploads\/2025\/05\/W2BOROMO-800Wx800H-0-1-300x300.jpg\" class=\"attachment-medium size-medium wp-post-image\" alt=\"\" srcset=\"https:\/\/www.interflora.fr\/blog\/wp-content\/uploads\/2025\/05\/W2BOROMO-800Wx800H-0-1-300x300.jpg 300w, https:\/\/www.interflora.fr\/blog\/wp-content\/uploads\/2025\/05\/W2BOROMO-800Wx800H-0-1-150x150.jpg 150w, https:\/\/www.interflora.fr\/blog\/wp-content\/uploads\/2025\/05\/W2BOROMO-800Wx800H-0-1-768x768.jpg 768w, https:\/\/www.interflora.fr\/blog\/wp-content\/uploads\/2025\/05\/W2BOROMO-800Wx800H-0-1.jpg 800w\" sizes=\"auto, (max-width: 300px) 100vw, 300px\" \/><img decoding=\"async\" class=\"lp-badge\" src=\"https:\/\/www.interflora.fr\/blog\/wp-content\/uploads\/2025\/06\/logo-circle.png\" alt=\"Livraison rapide Interflora\"><\/div><span>Bois de rose et son vase offert<\/span><p>42.95 \u20ac<\/p><span class=\"obf-link lp-cta\" role=\"link\" tabindex=\"0\" data-b64=\"aHR0cHM6Ly93d3cuaW50ZXJmbG9yYS5mci9wL2JvaXMtZGUtcm9zZS1ldC1zb24tdmFzZS1vZmZlcnQvMS9GUj91dG1fbWVkaXVtPW9yZ2FuaWMmdXRtX3NvdXJjZT1ibG9nX3Byb2R1Y3RzJnV0bV9jYW1wYWlnbj1XMkJPUk9NTw==\" data-target=\"_blank\"><svg xmlns=\"http:\/\/www.w3.org\/2000\/svg\" width=\"16\" height=\"16\" fill=\"currentColor\" class=\"bi bi-bag\" viewBox=\"0 0 16 16\"><path d=\"M8 1a2 2 0 0 1 2 2v1h2.5A1.5 1.5 0 0 1 14 5.5v8A1.5 1.5 0 0 1 12.5 15h-9A1.5 1.5 0 0 1 2 13.5v-8A1.5 1.5 0 0 1 3.5 3H6V2a2 2 0 0 1 2-1zm1 3V3a1 1 0 0 0-2 0v1h2z\"\/><\/svg>Voir le produit<\/span><p class=\"rapido\">Fleurs fra\u00eeches<\/p><\/div><div class=\"lp-produit\"><div class=\"lp-thumbnail-wrapper\"><img loading=\"lazy\" decoding=\"async\" width=\"300\" height=\"300\" src=\"https:\/\/www.interflora.fr\/blog\/wp-content\/uploads\/2025\/09\/2DR-800Wx800H-0-1-25-300x300.jpg\" class=\"attachment-medium size-medium wp-post-image\" alt=\"\" srcset=\"https:\/\/www.interflora.fr\/blog\/wp-content\/uploads\/2025\/09\/2DR-800Wx800H-0-1-25-300x300.jpg 300w, https:\/\/www.interflora.fr\/blog\/wp-content\/uploads\/2025\/09\/2DR-800Wx800H-0-1-25-150x150.jpg 150w, https:\/\/www.interflora.fr\/blog\/wp-content\/uploads\/2025\/09\/2DR-800Wx800H-0-1-25-768x768.jpg 768w, https:\/\/www.interflora.fr\/blog\/wp-content\/uploads\/2025\/09\/2DR-800Wx800H-0-1-25.jpg 800w\" sizes=\"auto, (max-width: 300px) 100vw, 300px\" \/><img decoding=\"async\" class=\"lp-badge\" src=\"https:\/\/www.interflora.fr\/blog\/wp-content\/uploads\/2025\/06\/logo-circle.png\" alt=\"Livraison rapide Interflora\"><\/div><span>Douce r\u00eaverie<\/span><p>39.95 \u20ac<\/p><span class=\"obf-link lp-cta\" role=\"link\" tabindex=\"0\" data-b64=\"aHR0cHM6Ly93d3cuaW50ZXJmbG9yYS5mci9wL2RvdWNlLXJldmVyaWUvMS9GUj91dG1fbWVkaXVtPW9yZ2FuaWMmdXRtX3NvdXJjZT1ibG9nX3Byb2R1Y3RzJnV0bV9jYW1wYWlnbj0yRFI=\" data-target=\"_blank\"><svg xmlns=\"http:\/\/www.w3.org\/2000\/svg\" width=\"16\" height=\"16\" fill=\"currentColor\" class=\"bi bi-bag\" viewBox=\"0 0 16 16\"><path d=\"M8 1a2 2 0 0 1 2 2v1h2.5A1.5 1.5 0 0 1 14 5.5v8A1.5 1.5 0 0 1 12.5 15h-9A1.5 1.5 0 0 1 2 13.5v-8A1.5 1.5 0 0 1 3.5 3H6V2a2 2 0 0 1 2-1zm1 3V3a1 1 0 0 0-2 0v1h2z\"\/><\/svg>Voir le produit<\/span><p class=\"rapido\">Livraison rapide<\/p><\/div><\/div>\n\n\n\n<div style=\"height:18px\" aria-hidden=\"true\" class=\"wp-block-spacer\"><\/div>\n\n\n\n<h2 class=\"wp-block-heading\">Les caract\u00e9ristiques du yucca gloriosa<\/h2>\n\n\n\n<p>Le <strong>genre <\/strong><a href=\"https:\/\/www.interflora.fr\/c\/plantes\/yucca\" target=\"_blank\" rel=\"noreferrer noopener\"><strong>yucca<\/strong><\/a> regroupe une cinquantaine d&rsquo;esp\u00e8ces dont les caract\u00e9ristiques et la forme varient. Certains se pr\u00e9sentent sous forme de touffe g\u00e9om\u00e9trique au sol et d\u2019autres poss\u00e8dent des troncs et ont une forme d\u2019arbuste exotique.\u00a0<\/p>\n\n\n\n<p>En ce qui concerne le <strong>yucca glorieux<\/strong>,<strong> <\/strong>c\u2019est une <a href=\"https:\/\/www.interflora.fr\/c\/plantes\/plante-verte\" target=\"_blank\" rel=\"noreferrer noopener\">plante verte<\/a> qui se distingue par sa r\u00e9sistance au froid, sa belle hauteur et sa grande tol\u00e9rance \u00e0 presque tous les types de sols. Cet arbuste r\u00e9sistera avec brio aux brusques changements climatiques, ainsi qu\u2019aux conditions enneig\u00e9es autant qu\u2019aux canicules. En effet, le <strong>yucca gloriosa<\/strong> supporte des temp\u00e9ratures n\u00e9gatives allant jusqu\u2019\u00e0 -20&nbsp;\u00b0C.&nbsp;<\/p>\n\n\n\n<figure class=\"wp-block-image aligncenter size-full is-resized\"><img decoding=\"async\" src=\"https:\/\/www.interflora.fr\/blog\/wp-content\/uploads\/yucca-gloriosa.jpg\" alt=\"Un yucca gloriosa plant\u00e9 en terre\" class=\"wp-image-33939\" style=\"width:675px;height:450px\"\/><\/figure>\n\n\n\n<p><\/p>\n\n\n\n<p>La <strong>hauteur du yucca gloriosa<\/strong> peut atteindre 3&nbsp;m en pot et 5&nbsp;m en pleine terre. Et il n\u2019est pas rare qu\u2019il d\u00e9veloppe un tronc multiple. Ses feuilles sont droites et piquantes, semblables \u00e0 des dagues. Par cons\u00e9quent, mieux vaut \u00e9viter de le placer dans les lieux de passage. Le feuillage est de couleur vert fonc\u00e9.&nbsp;<\/p>\n\n\n\n<p>Apr\u00e8s environ 5 ans, le <strong>yucca gloriosa<\/strong> produit une longue hampe florale qui porte des fleurs blanches parfum\u00e9es semblables \u00e0 des clochettes.&nbsp;<\/p>\n\n\n\n<p>Il existe <strong>2 vari\u00e9t\u00e9s issues du yucca gloriosa<\/strong> qui sont moins rustiques, mais qui sont appr\u00e9ci\u00e9es pour leurs couleurs chaleureuses&nbsp;:&nbsp;&nbsp;<\/p>\n\n\n\n<ul class=\"wp-block-list\">\n<li>Le <strong>yucca gloriosa <\/strong><strong><em>variegata<\/em><\/strong><em>&nbsp;<\/em>: ses feuilles vertes sont bord\u00e9es de rayures jaunes durant les mois les plus chauds. Il r\u00e9siste \u00e0 des temp\u00e9ratures n\u00e9gatives jusqu\u2019\u00e0 -15&nbsp;\u00b0C.&nbsp;<\/li>\n\n\n\n<li>Le <strong>yucca gloriosa <\/strong><strong><em>bright star<\/em><\/strong><strong>&nbsp;<\/strong>: ses feuilles sont bleu\u00e2tres et largement margin\u00e9es de jaune. Il r\u00e9siste au froid jusqu\u2019\u00e0 -7&nbsp;\u00b0C.&nbsp;<\/li>\n<\/ul>\n\n\n\n<h2 class=\"wp-block-heading\">Origine et Histoire du yucca gloriosa<\/h2>\n\n\n\n<p>Les <strong>yuccas<\/strong> sont originaires des zones arides d\u2019Am\u00e9rique et plus particuli\u00e8rement celle se trouvant aux \u00c9tats-Unis, au Mexique, au Guatemala et \u00e0 Cuba. Seule l\u2019<strong>esp\u00e8ce yucca elephantipes<\/strong> fait exception puisqu\u2019elle provient d&rsquo;Australie.&nbsp;<\/p>\n\n\n\n<p>Le<strong>yucca gloriosa est naturalis\u00e9 en France <\/strong>o\u00f9 il pousse spontan\u00e9ment dans certaines zones c\u00f4ti\u00e8res de la r\u00e9gion atlantique. D\u2019ailleurs plusieurs vari\u00e9t\u00e9s de <strong>yuccas<\/strong> poss\u00e8dent une excellente r\u00e9sistance aux embruns, et le <strong>yucca glorieux <\/strong>en fait partie.\u00a0<\/p>\n\n\n\n<p>Dans l\u2019histoire, les <strong>yuccas<\/strong> ont d\u2019abord \u00e9t\u00e9 largement utilis\u00e9s par les peuples d\u2019Am\u00e9rique. Les <strong>feuilles des yuccas<\/strong> \u00e9taient utilis\u00e9es pour leur richesse en fibres afin de faire des cordages, des v\u00eatements, des paniers et d\u2019autres tissages. La plante entrait aussi dans la composition de produits d\u2019hygi\u00e8ne, car elle contient une bonne quantit\u00e9 de saponine qui est un agent moussant.&nbsp;<\/p>\n\n\n\n<p>Les fruits que produisent les <strong>yuccas<\/strong> dans leur milieu naturel sont comestibles. Les jeunes inflorescences peuvent \u00eatre consomm\u00e9es cuites. Le reste de la plante est toxique et ne peut \u00eatre ing\u00e9r\u00e9.&nbsp;<\/p>\n\n\n\n<p>Au 19<sup>e<\/sup> si\u00e8cle, le peintre Antoine Chazal, grand-oncle du peintre Paul Gauguin, a peint une toile c\u00e9l\u00e8bre expos\u00e9e au Mus\u00e9e du Louvre : <em>Le Yucca gloriosa<\/em>.&nbsp;<\/p>\n\n\n\n<h2 class=\"wp-block-heading\">Entretien du yucca gloriosa<\/h2>\n\n\n\n<p>L\u2019<a href=\"https:\/\/www.interflora.fr\/blog\/yucca\/\" target=\"_blank\" rel=\"noreferrer noopener\"><strong>entretien du yucca<\/strong><\/a><strong> gloriosa<\/strong> fait partie des plus simples de son genre. En effet, avec le yucca elephantipes et le yucca rigida, ils arrivent \u00e0 vivre dans tous les types de sols. Ils r\u00e9ussissent \u00e9galement \u00e0 se contenter d\u2019une exposition mi-ombrag\u00e9e. Cependant, votre <strong>yucca gloriosa<\/strong> aura une croissance plus rapide s\u2019il est expos\u00e9 au soleil et qu\u2019il dispose d\u2019un sol bien drainant.\u00a0<\/p>\n\n\n\n<figure class=\"wp-block-image aligncenter size-full is-resized\"><img decoding=\"async\" src=\"https:\/\/www.interflora.fr\/blog\/wp-content\/uploads\/yucca-gloriosa-jardin.jpg\" alt=\"Yucca gloriosa au bord d'un \u00e9tang\" class=\"wp-image-33940\" style=\"width:675px;height:450px\"\/><\/figure>\n\n\n\n<p><\/p>\n\n\n\n<h3 class=\"wp-block-heading\">Arrosage du yucca gloriosa<\/h3>\n\n\n\n<p>Le <strong>yucca gloriosa en pot<\/strong> et celui en pleine terre n\u2019ont pas les m\u00eames besoins d\u2019entretien en mati\u00e8re d\u2019arrosage. En effet, en pleine terre, l\u2019arbuste peut d\u00e9velopper ses racines plus largement pour aller chercher de l\u2019eau. C\u2019est pourquoi en p\u00e9riode de saison chaude, veillez \u00e0 arroser votre <strong>yucca glorieux en pot<\/strong> au moins 1 fois par semaine.&nbsp;<\/p>\n\n\n\n<p>Pour les <strong>yuccas<\/strong> qui sont cultiv\u00e9s dans le jardin comme <a href=\"https:\/\/www.interflora.fr\/c\/plantes\/plante-exterieur\" target=\"_blank\" rel=\"noreferrer noopener\">plantes d\u2019ext\u00e9rieur<\/a>, l\u2019arrosage est n\u00e9cessaire uniquement les 2 premi\u00e8res ann\u00e9es qui suivent la plantation. Une fois d\u00e9pass\u00e9e cette p\u00e9riode, l\u2019eau de pluie leur sera suffisante.&nbsp;<\/p>\n\n\n<div class=\"lp-produits-grid\"><div class=\"lp-produit\"><div class=\"lp-thumbnail-wrapper\"><img loading=\"lazy\" decoding=\"async\" width=\"300\" height=\"300\" src=\"https:\/\/www.interflora.fr\/blog\/wp-content\/uploads\/2025\/05\/B2BDP-800Wx800H-0-1-300x300.jpg\" class=\"attachment-medium size-medium wp-post-image\" alt=\"\" srcset=\"https:\/\/www.interflora.fr\/blog\/wp-content\/uploads\/2025\/05\/B2BDP-800Wx800H-0-1-300x300.jpg 300w, https:\/\/www.interflora.fr\/blog\/wp-content\/uploads\/2025\/05\/B2BDP-800Wx800H-0-1-150x150.jpg 150w, https:\/\/www.interflora.fr\/blog\/wp-content\/uploads\/2025\/05\/B2BDP-800Wx800H-0-1-768x768.jpg 768w, https:\/\/www.interflora.fr\/blog\/wp-content\/uploads\/2025\/05\/B2BDP-800Wx800H-0-1.jpg 800w\" sizes=\"auto, (max-width: 300px) 100vw, 300px\" \/><img decoding=\"async\" class=\"lp-badge\" src=\"https:\/\/www.interflora.fr\/blog\/wp-content\/uploads\/2025\/06\/logo-circle.png\" alt=\"Livraison rapide Interflora\"><\/div><span>Brass\u00e9e de pivoines vari\u00e9es<\/span><p>36.95 \u20ac<\/p><span class=\"obf-link lp-cta\" role=\"link\" tabindex=\"0\" data-b64=\"aHR0cHM6Ly93d3cuaW50ZXJmbG9yYS5mci9wL2JyYXNzZWUtcGl2b2luZXMvMS9GUj91dG1fbWVkaXVtPW9yZ2FuaWMmdXRtX3NvdXJjZT1ibG9nX3Byb2R1Y3RzJnV0bV9jYW1wYWlnbj1CMkJEUA==\" data-target=\"_blank\"><svg xmlns=\"http:\/\/www.w3.org\/2000\/svg\" width=\"16\" height=\"16\" fill=\"currentColor\" class=\"bi bi-bag\" viewBox=\"0 0 16 16\"><path d=\"M8 1a2 2 0 0 1 2 2v1h2.5A1.5 1.5 0 0 1 14 5.5v8A1.5 1.5 0 0 1 12.5 15h-9A1.5 1.5 0 0 1 2 13.5v-8A1.5 1.5 0 0 1 3.5 3H6V2a2 2 0 0 1 2-1zm1 3V3a1 1 0 0 0-2 0v1h2z\"\/><\/svg>Voir le produit<\/span><p class=\"rapido\">Livraison rapide<\/p><\/div><div class=\"lp-produit\"><div class=\"lp-thumbnail-wrapper\"><img loading=\"lazy\" decoding=\"async\" width=\"300\" height=\"300\" src=\"https:\/\/www.interflora.fr\/blog\/wp-content\/uploads\/2025\/05\/1AFO-800Wx800H-0-1-25-300x300.jpg\" class=\"attachment-medium size-medium wp-post-image\" alt=\"\" srcset=\"https:\/\/www.interflora.fr\/blog\/wp-content\/uploads\/2025\/05\/1AFO-800Wx800H-0-1-25-300x300.jpg 300w, https:\/\/www.interflora.fr\/blog\/wp-content\/uploads\/2025\/05\/1AFO-800Wx800H-0-1-25-150x150.jpg 150w, https:\/\/www.interflora.fr\/blog\/wp-content\/uploads\/2025\/05\/1AFO-800Wx800H-0-1-25-768x768.jpg 768w, https:\/\/www.interflora.fr\/blog\/wp-content\/uploads\/2025\/05\/1AFO-800Wx800H-0-1-25.jpg 800w\" sizes=\"auto, (max-width: 300px) 100vw, 300px\" \/><img decoding=\"async\" class=\"lp-badge\" src=\"https:\/\/www.interflora.fr\/blog\/wp-content\/uploads\/2025\/06\/logo-circle.png\" alt=\"Livraison rapide Interflora\"><\/div><span>Grandes roses sur-mesure<\/span><p>59.95 \u20ac<\/p><span class=\"obf-link lp-cta\" role=\"link\" tabindex=\"0\" data-b64=\"aHR0cHM6Ly93d3cuaW50ZXJmbG9yYS5mci9wL3Jvc2VzLWEtbGEtZm9saWUvNi9GUj91dG1fbWVkaXVtPW9yZ2FuaWMmdXRtX3NvdXJjZT1ibG9nX3Byb2R1Y3RzJnV0bV9jYW1wYWlnbj0xQUZP\" data-target=\"_blank\"><svg xmlns=\"http:\/\/www.w3.org\/2000\/svg\" width=\"16\" height=\"16\" fill=\"currentColor\" class=\"bi bi-bag\" viewBox=\"0 0 16 16\"><path d=\"M8 1a2 2 0 0 1 2 2v1h2.5A1.5 1.5 0 0 1 14 5.5v8A1.5 1.5 0 0 1 12.5 15h-9A1.5 1.5 0 0 1 2 13.5v-8A1.5 1.5 0 0 1 3.5 3H6V2a2 2 0 0 1 2-1zm1 3V3a1 1 0 0 0-2 0v1h2z\"\/><\/svg>Voir le produit<\/span><p class=\"rapido\">Fleurs fra\u00eeches<\/p><\/div><div class=\"lp-produit\"><div class=\"lp-thumbnail-wrapper\"><img loading=\"lazy\" decoding=\"async\" width=\"300\" height=\"300\" src=\"https:\/\/www.interflora.fr\/blog\/wp-content\/uploads\/2025\/09\/2DR-800Wx800H-0-1-25-300x300.jpg\" class=\"attachment-medium size-medium wp-post-image\" alt=\"\" srcset=\"https:\/\/www.interflora.fr\/blog\/wp-content\/uploads\/2025\/09\/2DR-800Wx800H-0-1-25-300x300.jpg 300w, https:\/\/www.interflora.fr\/blog\/wp-content\/uploads\/2025\/09\/2DR-800Wx800H-0-1-25-150x150.jpg 150w, https:\/\/www.interflora.fr\/blog\/wp-content\/uploads\/2025\/09\/2DR-800Wx800H-0-1-25-768x768.jpg 768w, https:\/\/www.interflora.fr\/blog\/wp-content\/uploads\/2025\/09\/2DR-800Wx800H-0-1-25.jpg 800w\" sizes=\"auto, (max-width: 300px) 100vw, 300px\" \/><img decoding=\"async\" class=\"lp-badge\" src=\"https:\/\/www.interflora.fr\/blog\/wp-content\/uploads\/2025\/06\/logo-circle.png\" alt=\"Livraison rapide Interflora\"><\/div><span>Douce r\u00eaverie<\/span><p>39.95 \u20ac<\/p><span class=\"obf-link lp-cta\" role=\"link\" tabindex=\"0\" data-b64=\"aHR0cHM6Ly93d3cuaW50ZXJmbG9yYS5mci9wL2RvdWNlLXJldmVyaWUvMS9GUj91dG1fbWVkaXVtPW9yZ2FuaWMmdXRtX3NvdXJjZT1ibG9nX3Byb2R1Y3RzJnV0bV9jYW1wYWlnbj0yRFI=\" data-target=\"_blank\"><svg xmlns=\"http:\/\/www.w3.org\/2000\/svg\" width=\"16\" height=\"16\" fill=\"currentColor\" class=\"bi bi-bag\" viewBox=\"0 0 16 16\"><path d=\"M8 1a2 2 0 0 1 2 2v1h2.5A1.5 1.5 0 0 1 14 5.5v8A1.5 1.5 0 0 1 12.5 15h-9A1.5 1.5 0 0 1 2 13.5v-8A1.5 1.5 0 0 1 3.5 3H6V2a2 2 0 0 1 2-1zm1 3V3a1 1 0 0 0-2 0v1h2z\"\/><\/svg>Voir le produit<\/span><p class=\"rapido\">Top produit<\/p><\/div><div class=\"lp-produit\"><div class=\"lp-thumbnail-wrapper\"><img loading=\"lazy\" decoding=\"async\" width=\"300\" height=\"300\" src=\"https:\/\/www.interflora.fr\/blog\/wp-content\/uploads\/2025\/05\/2TUFR-800Wx800H-0-1-25-300x300.jpg\" class=\"attachment-medium size-medium wp-post-image\" alt=\"\" srcset=\"https:\/\/www.interflora.fr\/blog\/wp-content\/uploads\/2025\/05\/2TUFR-800Wx800H-0-1-25-300x300.jpg 300w, https:\/\/www.interflora.fr\/blog\/wp-content\/uploads\/2025\/05\/2TUFR-800Wx800H-0-1-25-150x150.jpg 150w, https:\/\/www.interflora.fr\/blog\/wp-content\/uploads\/2025\/05\/2TUFR-800Wx800H-0-1-25-768x768.jpg 768w, https:\/\/www.interflora.fr\/blog\/wp-content\/uploads\/2025\/05\/2TUFR-800Wx800H-0-1-25.jpg 800w\" sizes=\"auto, (max-width: 300px) 100vw, 300px\" \/><img decoding=\"async\" class=\"lp-badge\" src=\"https:\/\/www.interflora.fr\/blog\/wp-content\/uploads\/2025\/06\/logo-circle.png\" alt=\"Livraison rapide Interflora\"><\/div><span>Tutti frutti<\/span><p>44.95 \u20ac<\/p><span class=\"obf-link lp-cta\" role=\"link\" tabindex=\"0\" data-b64=\"aHR0cHM6Ly93d3cuaW50ZXJmbG9yYS5mci9wL2JvdXF1ZXQtZmxldXJzLXR1dHRpLWZydXR0aS8xL0ZSP3V0bV9tZWRpdW09b3JnYW5pYyZ1dG1fc291cmNlPWJsb2dfcHJvZHVjdHMmdXRtX2NhbXBhaWduPTJUVUZS\" data-target=\"_blank\"><svg xmlns=\"http:\/\/www.w3.org\/2000\/svg\" width=\"16\" height=\"16\" fill=\"currentColor\" class=\"bi bi-bag\" viewBox=\"0 0 16 16\"><path d=\"M8 1a2 2 0 0 1 2 2v1h2.5A1.5 1.5 0 0 1 14 5.5v8A1.5 1.5 0 0 1 12.5 15h-9A1.5 1.5 0 0 1 2 13.5v-8A1.5 1.5 0 0 1 3.5 3H6V2a2 2 0 0 1 2-1zm1 3V3a1 1 0 0 0-2 0v1h2z\"\/><\/svg>Voir le produit<\/span><p class=\"rapido\">Livraison rapide<\/p><\/div><\/div>\n\n\n\n<div style=\"height:18px\" aria-hidden=\"true\" class=\"wp-block-spacer\"><\/div>\n\n\n\n<h3 class=\"wp-block-heading\">Bouture du yucca gloriosa<\/h3>\n\n\n\n<p>Pour r\u00e9aliser une <strong>bouture de yucca gloriosa <\/strong>votre arbuste doit d\u00e9j\u00e0 d\u00e9tenir un tronc secondaire. Chez les <strong>yuccas<\/strong>, il peut y avoir 1 \u00e0 3 troncs primaires qui partent du sol. Sur ces troncs primaires, des troncs secondaires finissent par se d\u00e9velopper avec le temps. Coupez un tronc secondaire avec une scie pr\u00e9alablement d\u00e9sinfect\u00e9e.&nbsp;<\/p>\n\n\n\n<p>Votre bouture doit mesurer environ 15&nbsp;cm de long. Nous vous conseillons de tremper son extr\u00e9mit\u00e9 dans de l\u2019hormone de bouturage afin de favoriser la formation de nouvelles racines. Pour finir, plantez votre <strong>bouture de yucca <\/strong>dans un m\u00e9lange de terreau et de sable \u00e0 parts \u00e9gales.&nbsp;<\/p>\n\n\n\n<h3 class=\"wp-block-heading\">Taille du yucca gloriosa<\/h3>\n\n\n\n<p>La<strong> taille du yucca gloriosa<\/strong> se limite \u00e0 couper la hampe florale une fois que celle-ci est enti\u00e8rement s\u00e8che. Une \u00e9tape qui prend 1&nbsp;min \u00e0 r\u00e9aliser avec un bon s\u00e9cateur&nbsp;!<\/p>\n\n\n\n<h2 class=\"wp-block-heading\">Les maladies et parasites du yucca gloriosa<\/h2>\n\n\n\n<p>Si le <strong>yucca gloriosa<\/strong> ne craint pas les maladies, il peut lui arriver d\u2019\u00eatre envahi par de petits parasites lorsque le temps est tr\u00e8s sec. Par pr\u00e9vention, n\u2019h\u00e9sitez pas \u00e0 doucher ou \u00e0 brumiser le <strong>feuillage de vos yuccas<\/strong> lors de s\u00e9cheresses prolong\u00e9es.&nbsp;<\/p>\n\n\n\n<p>En cas d\u2019apparition d\u2019acariens, tels que les cochenilles et les araign\u00e9es rouges, douchez la plante pour en \u00e9liminer le plus possible. Puis utilisez un insecticide naturel au besoin.&nbsp;<\/p>\n\n\n\n<p>Pour celles et ceux qui d\u00e9sirent en apprendre davantage sur la <strong>culture du yucca<\/strong>, nous vous invitons \u00e0 d\u00e9couvrir le charme et les caract\u00e9ristiques du <a href=\"https:\/\/www.interflora.fr\/blog\/yucca-rostrata\/\" target=\"_blank\" rel=\"noreferrer noopener\">yucca rostrata<\/a>\u00a0!<\/p>\n","protected":false},"excerpt":{"rendered":"<p>Dans un massif dans votre jardin le yucca gloriosa est majestueux et il ne vous demandera pratiquement aucun soin. Pour les jardins sans entretien ou les terrains secs, il est parfait\u00a0! Et sur une grande terrasse, il structure la d\u00e9coration et ajoute une pointe de d\u00e9paysement. Cet arbuste qui atteint une hauteur de 3 \u00e0 5\u00a0m, \u00e0 maturit\u00e9, peut aussi \u00eatre cultiv\u00e9 en pot. Un yucca gloriosa en pot est du plus bel effet\u00a0et il durera des ann\u00e9es\u00a0! Mais celui que l\u2019on appelle commun\u00e9ment le yucca glorieux poss\u00e8de d\u2019autres atouts. Et nous allons nous empresser de vous d\u00e9voiler\u00a0! Voici tous nos conseils pour entretenir un yucca gloriosa.\u00a0<\/p>\n","protected":false},"author":1,"featured_media":33941,"comment_status":"open","ping_status":"open","sticky":false,"template":"","format":"standard","meta":{"_uag_custom_page_level_css":"","site-sidebar-layout":"default","site-content-layout":"","ast-site-content-layout":"default","site-content-style":"default","site-sidebar-style":"default","ast-global-header-display":"","ast-banner-title-visibility":"","ast-main-header-display":"","ast-hfb-above-header-display":"","ast-hfb-below-header-display":"","ast-hfb-mobile-header-display":"","site-post-title":"","ast-breadcrumbs-content":"","ast-featured-img":"","footer-sml-layout":"","ast-disable-related-posts":"","theme-transparent-header-meta":"","adv-header-id-meta":"","stick-header-meta":"","header-above-stick-meta":"","header-main-stick-meta":"","header-below-stick-meta":"","astra-migrate-meta-layouts":"default","ast-page-background-enabled":"default","ast-page-background-meta":{"desktop":{"background-color":"var(--ast-global-color-5)","background-image":"","background-repeat":"repeat","background-position":"center center","background-size":"auto","background-attachment":"scroll","background-type":"","background-media":"","overlay-type":"","overlay-color":"","overlay-opacity":"","overlay-gradient":""},"tablet":{"background-color":"","background-image":"","background-repeat":"repeat","background-position":"center center","background-size":"auto","background-attachment":"scroll","background-type":"","background-media":"","overlay-type":"","overlay-color":"","overlay-opacity":"","overlay-gradient":""},"mobile":{"background-color":"","background-image":"","background-repeat":"repeat","background-position":"center center","background-size":"auto","background-attachment":"scroll","background-type":"","background-media":"","overlay-type":"","overlay-color":"","overlay-opacity":"","overlay-gradient":""}},"ast-content-background-meta":{"desktop":{"background-color":"var(--ast-global-color-4)","background-image":"","background-repeat":"repeat","background-position":"center center","background-size":"auto","background-attachment":"scroll","background-type":"","background-media":"","overlay-type":"","overlay-color":"","overlay-opacity":"","overlay-gradient":""},"tablet":{"background-color":"var(--ast-global-color-4)","background-image":"","background-repeat":"repeat","background-position":"center center","background-size":"auto","background-attachment":"scroll","background-type":"","background-media":"","overlay-type":"","overlay-color":"","overlay-opacity":"","overlay-gradient":""},"mobile":{"background-color":"var(--ast-global-color-4)","background-image":"","background-repeat":"repeat","background-position":"center center","background-size":"auto","background-attachment":"scroll","background-type":"","background-media":"","overlay-type":"","overlay-color":"","overlay-opacity":"","overlay-gradient":""}},"footnotes":""},"categories":[226],"tags":[254],"class_list":["post-33899","post","type-post","status-publish","format-standard","has-post-thumbnail","hentry","category-plantes-interieur","tag-plante-interieur"],"uagb_featured_image_src":{"full":false,"thumbnail":false,"medium":false,"medium_large":false,"large":false,"1536x1536":false,"2048x2048":false},"uagb_author_info":{"display_name":"admin","author_link":"https:\/\/www.interflora.fr\/blog\/author\/admin\/"},"uagb_comment_info":1,"uagb_excerpt":"Dans un massif dans votre jardin le yucca gloriosa est majestueux et il ne vous demandera pratiquement aucun soin. Pour les jardins sans entretien ou les terrains secs, il est parfait\u00a0! Et sur une grande terrasse, il structure la d\u00e9coration et ajoute une pointe de d\u00e9paysement. Cet arbuste qui atteint une hauteur de 3 \u00e0\u2026","yoast_meta":{"title":"Yucca gloriosa : entretien, arrosage, bouturage %%sep%% %%sitename%%","description":"Vous souhaitez savoir comment entretenir, arroser, ou tailler votre yucca gloriosa ? D\u00e9couvrez notre guide complet pour en apprendre plus."},"_links":{"self":[{"href":"https:\/\/www.interflora.fr\/blog\/wp-json\/wp\/v2\/posts\/33899","targetHints":{"allow":["GET"]}}],"collection":[{"href":"https:\/\/www.interflora.fr\/blog\/wp-json\/wp\/v2\/posts"}],"about":[{"href":"https:\/\/www.interflora.fr\/blog\/wp-json\/wp\/v2\/types\/post"}],"author":[{"embeddable":true,"href":"https:\/\/www.interflora.fr\/blog\/wp-json\/wp\/v2\/users\/1"}],"replies":[{"embeddable":true,"href":"https:\/\/www.interflora.fr\/blog\/wp-json\/wp\/v2\/comments?post=33899"}],"version-history":[{"count":3,"href":"https:\/\/www.interflora.fr\/blog\/wp-json\/wp\/v2\/posts\/33899\/revisions"}],"predecessor-version":[{"id":58663,"href":"https:\/\/www.interflora.fr\/blog\/wp-json\/wp\/v2\/posts\/33899\/revisions\/58663"}],"wp:featuredmedia":[{"embeddable":true,"href":"https:\/\/www.interflora.fr\/blog\/wp-json\/"}],"wp:attachment":[{"href":"https:\/\/www.interflora.fr\/blog\/wp-json\/wp\/v2\/media?parent=33899"}],"wp:term":[{"taxonomy":"category","embeddable":true,"href":"https:\/\/www.interflora.fr\/blog\/wp-json\/wp\/v2\/categories?post=33899"},{"taxonomy":"post_tag","embeddable":true,"href":"https:\/\/www.interflora.fr\/blog\/wp-json\/wp\/v2\/tags?post=33899"}],"curies":[{"name":"wp","href":"https:\/\/api.w.org\/{rel}","templated":true}]}}