{"id":33867,"date":"2023-05-21T15:07:22","date_gmt":"2023-05-21T13:07:22","guid":{"rendered":"https:\/\/www.interflora.fr\/blog\/?p=33867"},"modified":"2026-04-03T10:56:36","modified_gmt":"2026-04-03T08:56:36","slug":"choisir-pots-de-fleurs","status":"publish","type":"post","link":"https:\/\/www.interflora.fr\/blog\/choisir-pots-de-fleurs\/","title":{"rendered":"Comment choisir un pot de fleurs ou de plantes pour l\u2019ext\u00e9rieur\u00a0?"},"content":{"rendered":"\n<p>Les <a href=\"https:\/\/www.interflora.fr\/pot-pour-plante-verte\" target=\"_blank\" rel=\"noreferrer noopener\"><strong>pots pour les plantes<\/strong><\/a> ajoutent un aspect esth\u00e9tique ind\u00e9niable dans un am\u00e9nagement paysager, sur un balcon ou une terrasse. Toutefois, l\u2019esth\u00e9tisme n\u2019est \u00e9videmment pas le seul objectif d\u2019un <strong>pot de fleurs pour l\u2019ext\u00e9rieur<\/strong>. Les<strong> pots d\u2019ext\u00e9rieur <\/strong>ont aussi la fonction de prot\u00e9ger le plus possible les plantes de la s\u00e9cheresse et du froid. Ils doivent \u00e9galement avoir une taille adapt\u00e9e aux dimensions des plantes qu\u2019ils accueillent. Et pour finir, ils doivent durer dans le temps et \u00eatre faciles \u00e0 entretenir. Interflora fait le tour des crit\u00e8res de s\u00e9lection pour savoir comment <strong>choisir un pot de fleurs pour l\u2019ext\u00e9rieur<\/strong>.&nbsp;<\/p>\n\n\n<div class=\"lp-produits-grid\"><div class=\"lp-produit\"><div class=\"lp-thumbnail-wrapper\"><img loading=\"lazy\" decoding=\"async\" width=\"300\" height=\"300\" src=\"https:\/\/www.interflora.fr\/blog\/wp-content\/uploads\/2026\/01\/1BIU-800Wx800H-0-1-300x300.jpg\" class=\"attachment-medium size-medium wp-post-image\" alt=\"\" srcset=\"https:\/\/www.interflora.fr\/blog\/wp-content\/uploads\/2026\/01\/1BIU-800Wx800H-0-1-300x300.jpg 300w, https:\/\/www.interflora.fr\/blog\/wp-content\/uploads\/2026\/01\/1BIU-800Wx800H-0-1-150x150.jpg 150w, https:\/\/www.interflora.fr\/blog\/wp-content\/uploads\/2026\/01\/1BIU-800Wx800H-0-1-768x768.jpg 768w, https:\/\/www.interflora.fr\/blog\/wp-content\/uploads\/2026\/01\/1BIU-800Wx800H-0-1.jpg 800w\" sizes=\"auto, (max-width: 300px) 100vw, 300px\" \/><img decoding=\"async\" class=\"lp-badge\" src=\"https:\/\/www.interflora.fr\/blog\/wp-content\/uploads\/2025\/06\/logo-circle.png\" alt=\"Livraison rapide Interflora\"><\/div><span>Bisous et sa bulle d&rsquo;eau<\/span><p>41.95 \u20ac<\/p><span class=\"obf-link lp-cta\" role=\"link\" tabindex=\"0\" data-b64=\"aHR0cHM6Ly93d3cuaW50ZXJmbG9yYS5mci9wL3NhaW50LXZhbGVudGluLWplLXQtYWltZS1idWxsZS1lYXUvMS9GUj91dG1fbWVkaXVtPW9yZ2FuaWMmdXRtX3NvdXJjZT1ibG9nX3Byb2R1Y3RzJnV0bV9jYW1wYWlnbj0xQklV\" data-target=\"_blank\"><svg xmlns=\"http:\/\/www.w3.org\/2000\/svg\" width=\"16\" height=\"16\" fill=\"currentColor\" class=\"bi bi-bag\" viewBox=\"0 0 16 16\"><path d=\"M8 1a2 2 0 0 1 2 2v1h2.5A1.5 1.5 0 0 1 14 5.5v8A1.5 1.5 0 0 1 12.5 15h-9A1.5 1.5 0 0 1 2 13.5v-8A1.5 1.5 0 0 1 3.5 3H6V2a2 2 0 0 1 2-1zm1 3V3a1 1 0 0 0-2 0v1h2z\"\/><\/svg>Voir le produit<\/span><p class=\"rapido\">Top produit<\/p><\/div><div class=\"lp-produit\"><div class=\"lp-thumbnail-wrapper\"><img loading=\"lazy\" decoding=\"async\" width=\"300\" height=\"300\" src=\"https:\/\/www.interflora.fr\/blog\/wp-content\/uploads\/2025\/05\/2TUFR-800Wx800H-0-1-25-300x300.jpg\" class=\"attachment-medium size-medium wp-post-image\" alt=\"\" srcset=\"https:\/\/www.interflora.fr\/blog\/wp-content\/uploads\/2025\/05\/2TUFR-800Wx800H-0-1-25-300x300.jpg 300w, https:\/\/www.interflora.fr\/blog\/wp-content\/uploads\/2025\/05\/2TUFR-800Wx800H-0-1-25-150x150.jpg 150w, https:\/\/www.interflora.fr\/blog\/wp-content\/uploads\/2025\/05\/2TUFR-800Wx800H-0-1-25-768x768.jpg 768w, https:\/\/www.interflora.fr\/blog\/wp-content\/uploads\/2025\/05\/2TUFR-800Wx800H-0-1-25.jpg 800w\" sizes=\"auto, (max-width: 300px) 100vw, 300px\" \/><img decoding=\"async\" class=\"lp-badge\" src=\"https:\/\/www.interflora.fr\/blog\/wp-content\/uploads\/2025\/06\/logo-circle.png\" alt=\"Livraison rapide Interflora\"><\/div><span>Tutti frutti<\/span><p>44.95 \u20ac<\/p><span class=\"obf-link lp-cta\" role=\"link\" tabindex=\"0\" data-b64=\"aHR0cHM6Ly93d3cuaW50ZXJmbG9yYS5mci9wL2JvdXF1ZXQtZmxldXJzLXR1dHRpLWZydXR0aS8xL0ZSP3V0bV9tZWRpdW09b3JnYW5pYyZ1dG1fc291cmNlPWJsb2dfcHJvZHVjdHMmdXRtX2NhbXBhaWduPTJUVUZS\" data-target=\"_blank\"><svg xmlns=\"http:\/\/www.w3.org\/2000\/svg\" width=\"16\" height=\"16\" fill=\"currentColor\" class=\"bi bi-bag\" viewBox=\"0 0 16 16\"><path d=\"M8 1a2 2 0 0 1 2 2v1h2.5A1.5 1.5 0 0 1 14 5.5v8A1.5 1.5 0 0 1 12.5 15h-9A1.5 1.5 0 0 1 2 13.5v-8A1.5 1.5 0 0 1 3.5 3H6V2a2 2 0 0 1 2-1zm1 3V3a1 1 0 0 0-2 0v1h2z\"\/><\/svg>Voir le produit<\/span><p class=\"rapido\">Fleurs fra\u00eeches<\/p><\/div><div class=\"lp-produit\"><div class=\"lp-thumbnail-wrapper\"><img loading=\"lazy\" decoding=\"async\" width=\"300\" height=\"300\" src=\"https:\/\/www.interflora.fr\/blog\/wp-content\/uploads\/2025\/05\/W2BOROMO-800Wx800H-0-1-300x300.jpg\" class=\"attachment-medium size-medium wp-post-image\" alt=\"\" srcset=\"https:\/\/www.interflora.fr\/blog\/wp-content\/uploads\/2025\/05\/W2BOROMO-800Wx800H-0-1-300x300.jpg 300w, https:\/\/www.interflora.fr\/blog\/wp-content\/uploads\/2025\/05\/W2BOROMO-800Wx800H-0-1-150x150.jpg 150w, https:\/\/www.interflora.fr\/blog\/wp-content\/uploads\/2025\/05\/W2BOROMO-800Wx800H-0-1-768x768.jpg 768w, https:\/\/www.interflora.fr\/blog\/wp-content\/uploads\/2025\/05\/W2BOROMO-800Wx800H-0-1.jpg 800w\" sizes=\"auto, (max-width: 300px) 100vw, 300px\" \/><img decoding=\"async\" class=\"lp-badge\" src=\"https:\/\/www.interflora.fr\/blog\/wp-content\/uploads\/2025\/06\/logo-circle.png\" alt=\"Livraison rapide Interflora\"><\/div><span>Bois de rose et son vase offert<\/span><p>42.95 \u20ac<\/p><span class=\"obf-link lp-cta\" role=\"link\" tabindex=\"0\" data-b64=\"aHR0cHM6Ly93d3cuaW50ZXJmbG9yYS5mci9wL2JvaXMtZGUtcm9zZS1ldC1zb24tdmFzZS1vZmZlcnQvMS9GUj91dG1fbWVkaXVtPW9yZ2FuaWMmdXRtX3NvdXJjZT1ibG9nX3Byb2R1Y3RzJnV0bV9jYW1wYWlnbj1XMkJPUk9NTw==\" data-target=\"_blank\"><svg xmlns=\"http:\/\/www.w3.org\/2000\/svg\" width=\"16\" height=\"16\" fill=\"currentColor\" class=\"bi bi-bag\" viewBox=\"0 0 16 16\"><path d=\"M8 1a2 2 0 0 1 2 2v1h2.5A1.5 1.5 0 0 1 14 5.5v8A1.5 1.5 0 0 1 12.5 15h-9A1.5 1.5 0 0 1 2 13.5v-8A1.5 1.5 0 0 1 3.5 3H6V2a2 2 0 0 1 2-1zm1 3V3a1 1 0 0 0-2 0v1h2z\"\/><\/svg>Voir le produit<\/span><p class=\"rapido\">Top produit<\/p><\/div><div class=\"lp-produit\"><div class=\"lp-thumbnail-wrapper\"><img loading=\"lazy\" decoding=\"async\" width=\"300\" height=\"300\" src=\"https:\/\/www.interflora.fr\/blog\/wp-content\/uploads\/2025\/05\/1AFO-800Wx800H-0-1-25-300x300.jpg\" class=\"attachment-medium size-medium wp-post-image\" alt=\"\" srcset=\"https:\/\/www.interflora.fr\/blog\/wp-content\/uploads\/2025\/05\/1AFO-800Wx800H-0-1-25-300x300.jpg 300w, https:\/\/www.interflora.fr\/blog\/wp-content\/uploads\/2025\/05\/1AFO-800Wx800H-0-1-25-150x150.jpg 150w, https:\/\/www.interflora.fr\/blog\/wp-content\/uploads\/2025\/05\/1AFO-800Wx800H-0-1-25-768x768.jpg 768w, https:\/\/www.interflora.fr\/blog\/wp-content\/uploads\/2025\/05\/1AFO-800Wx800H-0-1-25.jpg 800w\" sizes=\"auto, (max-width: 300px) 100vw, 300px\" \/><img decoding=\"async\" class=\"lp-badge\" src=\"https:\/\/www.interflora.fr\/blog\/wp-content\/uploads\/2025\/06\/logo-circle.png\" alt=\"Livraison rapide Interflora\"><\/div><span>Grandes roses sur-mesure<\/span><p>59.95 \u20ac<\/p><span class=\"obf-link lp-cta\" role=\"link\" tabindex=\"0\" data-b64=\"aHR0cHM6Ly93d3cuaW50ZXJmbG9yYS5mci9wL3Jvc2VzLWEtbGEtZm9saWUvNi9GUj91dG1fbWVkaXVtPW9yZ2FuaWMmdXRtX3NvdXJjZT1ibG9nX3Byb2R1Y3RzJnV0bV9jYW1wYWlnbj0xQUZP\" data-target=\"_blank\"><svg xmlns=\"http:\/\/www.w3.org\/2000\/svg\" width=\"16\" height=\"16\" fill=\"currentColor\" class=\"bi bi-bag\" viewBox=\"0 0 16 16\"><path d=\"M8 1a2 2 0 0 1 2 2v1h2.5A1.5 1.5 0 0 1 14 5.5v8A1.5 1.5 0 0 1 12.5 15h-9A1.5 1.5 0 0 1 2 13.5v-8A1.5 1.5 0 0 1 3.5 3H6V2a2 2 0 0 1 2-1zm1 3V3a1 1 0 0 0-2 0v1h2z\"\/><\/svg>Voir le produit<\/span><p class=\"rapido\">Fleurs fra\u00eeches<\/p><\/div><\/div>\n\n\n\n<h2 class=\"wp-block-heading\">Comment choisir un pot de fleurs pour l\u2019ext\u00e9rieur ?<\/h2>\n\n\n\n<p>Un p<strong>ot de fleurs d\u2019ext\u00e9rieur<\/strong> ou une<strong> jardini\u00e8re <\/strong>a pour mission de permettre \u00e0 vos <a href=\"https:\/\/www.interflora.fr\/c\/plantes\/plante-verte\" target=\"_blank\" rel=\"noreferrer noopener\">plantes vertes<\/a> de s\u2019\u00e9panouir. En effet, lorsque les v\u00e9g\u00e9taux sont en pleine terre, leurs racines peuvent librement se d\u00e9velopper. De plus, le sol s&rsquo;occupe de la gestion du drainage de l\u2019eau.&nbsp;<\/p>\n\n\n\n<figure class=\"wp-block-image aligncenter size-full\"><img decoding=\"async\" src=\"https:\/\/www.interflora.fr\/blog\/wp-content\/uploads\/choisir-pot-de-fleurs.jpg\" alt=\"Pots d'argile empil\u00e9s\" class=\"wp-image-33871\"\/><\/figure>\n\n\n\n<p><\/p>\n\n\n\n<p>En hiver, les racines sont prot\u00e9g\u00e9es du gel. En \u00e9t\u00e9, celles-ci profitent de la fra\u00eecheur de la terre et elles souffrent moins des p\u00e9riodes de grande chaleur. Prot\u00e9ger, maintenir au frais et offrir assez d\u2019espace, tels sont les <strong>objectifs des pots de fleurs pour l\u2019ext\u00e9rieur<\/strong>&nbsp;! Et la premi\u00e8re caract\u00e9ristique \u00e0 consid\u00e9rer pour r\u00e9pondre \u00e0 ses objectifs est de bien calculer la<strong> taille du pot de fleurs<\/strong>.&nbsp;<\/p>\n\n\n\n<h3 class=\"wp-block-heading\">Choisir la taille d\u2019un pot de fleurs pour l\u2019ext\u00e9rieur<\/h3>\n\n\n\n<p>La<strong>taille du pot<\/strong>, d\u2019une <strong>jardini\u00e8re<\/strong> ou d\u2019un <strong>bac de culture<\/strong> d\u00e9finit la quantit\u00e9 de terre que vous pourrez mettre \u00e0 disposition de votre plante. Une plante qui se d\u00e9veloppe dans un <strong>pot de fleurs trop petit<\/strong> n\u2019aura pas assez de nutriments et d\u2019espace. \u00c0 l&rsquo;inverse, une plante qui se d\u00e9veloppe dans un <strong>trop grand pot de fleurs<\/strong> aura du mal \u00e0 se d\u00e9velopper, car les racines ne pourront pas absorber toute l\u2019humidit\u00e9 contenu dans le terreau.\u00a0<\/p>\n\n\n\n<p>C\u2019est pourquoi nous vous conseillons de privil\u00e9giez des <strong>pots de fleurs pour l\u2019ext\u00e9rieur<\/strong>&nbsp;:&nbsp;<\/p>\n\n\n\n<ul class=\"wp-block-list\">\n<li>de 20 \u00e0 30&nbsp;cm de profondeur pour les plantes \u00e0 bulbes, les plantes annuelles, les aromatiques et les petites plantes vivaces ;&nbsp;<\/li>\n\n\n\n<li>de 50&nbsp;cm de profondeur pour les grandes plantes vivaces, les petits arbustes et les plantes grimpantes ;&nbsp;<\/li>\n\n\n\n<li>de 60&nbsp;cm de profondeur au minimum pour les arbustes.<\/li>\n<\/ul>\n\n\n\n<figure class=\"wp-block-image aligncenter size-full\"><img decoding=\"async\" src=\"https:\/\/www.interflora.fr\/blog\/wp-content\/uploads\/taille-pot-exterieur.jpg\" alt=\"Fleurs d'ext\u00e9rieur dans des pots de diff\u00e9rentes tailles\" class=\"wp-image-33872\"\/><\/figure>\n\n\n\n<p>La <strong>largeur des pots <\/strong>est g\u00e9n\u00e9ralement proportionnelle \u00e0 leur profondeur. Pour les arbustes, veillez \u00e0 avoir un pot assez stable d\u2019une largeur d\u2019au moins 50\u00a0cm pour qu\u2019il r\u00e9siste \u00e0 la prise aux vents.\u00a0<\/p>\n\n\n\n<p>Les <a href=\"https:\/\/www.interflora.fr\/c\/plantes\/plante-exterieur\" target=\"_blank\" rel=\"noreferrer noopener\">plantes d\u2019ext\u00e9rieurs<\/a> se rempotent tous les 2-3 ans afin de renouveler le terreau et de leur offrir plus de places pour qu\u2019elles continuent \u00e0 grandir. Pour rempoter une plante d\u2019ext\u00e9rieur, pr\u00e9voyez un <strong>pot de fleurs<\/strong> ou une <strong>jardini\u00e8re<\/strong> aux dimensions plus grandes d\u2019un tiers environ.&nbsp;<\/p>\n\n\n\n<h3 class=\"wp-block-heading\">Choisir le mat\u00e9riau d\u2019un pot de fleurs pour l\u2019ext\u00e9rieur<\/h3>\n\n\n\n<p>Il existe un grand choix de <strong>mat\u00e9riaux pour les pots de fleurs et les cache-pots d\u2019ext\u00e9rieur<\/strong>. C\u00e9ramique, terre cuite, plastique, m\u00e9tal, bois, osier, etc. Certains mat\u00e9riaux s\u2019av\u00e8rent plus faciles d\u2019entretien que d\u2019autres.&nbsp;<\/p>\n\n\n\n<p><strong>Le pot de fleurs pour l\u2019ext\u00e9rieur en terre cuite non peinte<\/strong>&nbsp;: ils se tachent et retiennent le calcaire et les sels min\u00e9raux. Il suffit de les laver lorsque vous rempotez une plante. Notez qu\u2019un pot en terre cuite ext\u00e9rieur ne manque pas de charme&nbsp;!<\/p>\n\n\n\n<p><strong>Le pot de fleurs pour l\u2019ext\u00e9rieur en bois<\/strong>&nbsp;: ils se tachent et retiennent l\u2019humidit\u00e9. Id\u00e9alement, ils doivent \u00eatre peints ou huil\u00e9s pour \u00e9viter de pourrir.&nbsp;<\/p>\n\n\n\n<div class=\"wp-block-media-text alignwide has-media-on-the-right is-stacked-on-mobile\" style=\"grid-template-columns:auto 33%\"><div class=\"wp-block-media-text__content\">\n<p><strong>Le pot de fleurs pour l\u2019ext\u00e9rieur en m\u00e9tal&nbsp;<\/strong>: ils finissent par rouiller s\u2019ils ne sont pas vernis ou peints. Privil\u00e9giez l\u2019acier lorsque c\u2019est possible.<\/p>\n<\/div><figure class=\"wp-block-media-text__media\"><img decoding=\"async\" src=\"https:\/\/www.interflora.fr\/blog\/wp-content\/uploads\/pot-de-fleurs-metal.jpg\" alt=\"Pot de fleurs ext\u00e9rieur en m\u00e9tal\" class=\"wp-image-33874 size-full\"\/><\/figure><\/div>\n\n\n\n<p><\/p>\n\n\n\n<p><strong>Le pot de fleurs pour l\u2019ext\u00e9rieur en osier<\/strong>&nbsp;: ils se d\u00e9sagr\u00e8gent avec le temps et la seule mani\u00e8re de ralentir leur d\u00e9gradation est de les placer dans des endroits un peu abrit\u00e9s de la pluie.&nbsp;<\/p>\n\n\n\n<p>Les pots en c\u00e9ramique, en plastique et en terre cuite peinte n\u2019ont pas besoin d\u2019entretien. Les pots et les jardini\u00e8res en plastique ont de nombreux avantages&nbsp;:&nbsp;<\/p>\n\n\n\n<ul class=\"wp-block-list\">\n<li>leurs prix sont abordables m\u00eame pour de gros pots de fleurs d\u2019ext\u00e9rieur ;&nbsp;<\/li>\n\n\n\n<li>ils se d\u00e9clinent en de nombreuses couleurs ;&nbsp;<\/li>\n\n\n\n<li>ils sont l\u00e9gers et permettent de limiter le poids total des pots de fleurs sur les balcons.&nbsp;<\/li>\n<\/ul>\n\n\n\n<figure class=\"wp-block-image aligncenter size-full is-resized\"><img decoding=\"async\" src=\"https:\/\/www.interflora.fr\/blog\/wp-content\/uploads\/pots-jardinieres-plastique.jpg\" alt=\"Pots de fleurs et jardini\u00e8res en plastique pour l'ext\u00e9rieur\" class=\"wp-image-33875\" style=\"width:600px;height:450px\"\/><\/figure>\n\n\n\n<p><\/p>\n\n\n\n<p>Par contre les mati\u00e8res plastiques n\u2019\u00e9tant pas toujours de qualit\u00e9 identique, certains <strong>pots de fleurs et jardini\u00e8res <\/strong>peuvent mal vieillir et finir par casser. Toutefois, cela reste une option int\u00e9ressante qui offre de la vari\u00e9t\u00e9 quand vient le temps de choisir un <strong>grand pot de fleurs design pour l\u2019ext\u00e9rieur<\/strong>&nbsp;!&nbsp;<\/p>\n\n\n\n<p>Une fois que vous aurez choisi les dimensions et les mat\u00e9riaux de vos<strong> pots de fleurs d\u2019ext\u00e9rieur<\/strong>, libre \u00e0 vous de choisir le style&nbsp;: blanc, rouge, noir, design, avec ou sans roulettes, etc.&nbsp;<\/p>\n\n\n<div class=\"lp-produits-grid\"><div class=\"lp-produit\"><div class=\"lp-thumbnail-wrapper\"><img loading=\"lazy\" decoding=\"async\" width=\"300\" height=\"300\" src=\"https:\/\/www.interflora.fr\/blog\/wp-content\/uploads\/2025\/09\/2DR-800Wx800H-0-1-25-300x300.jpg\" class=\"attachment-medium size-medium wp-post-image\" alt=\"\" srcset=\"https:\/\/www.interflora.fr\/blog\/wp-content\/uploads\/2025\/09\/2DR-800Wx800H-0-1-25-300x300.jpg 300w, https:\/\/www.interflora.fr\/blog\/wp-content\/uploads\/2025\/09\/2DR-800Wx800H-0-1-25-150x150.jpg 150w, https:\/\/www.interflora.fr\/blog\/wp-content\/uploads\/2025\/09\/2DR-800Wx800H-0-1-25-768x768.jpg 768w, https:\/\/www.interflora.fr\/blog\/wp-content\/uploads\/2025\/09\/2DR-800Wx800H-0-1-25.jpg 800w\" sizes=\"auto, (max-width: 300px) 100vw, 300px\" \/><img decoding=\"async\" class=\"lp-badge\" src=\"https:\/\/www.interflora.fr\/blog\/wp-content\/uploads\/2025\/06\/logo-circle.png\" alt=\"Livraison rapide Interflora\"><\/div><span>Douce r\u00eaverie<\/span><p>39.95 \u20ac<\/p><span class=\"obf-link lp-cta\" role=\"link\" tabindex=\"0\" data-b64=\"aHR0cHM6Ly93d3cuaW50ZXJmbG9yYS5mci9wL2RvdWNlLXJldmVyaWUvMS9GUj91dG1fbWVkaXVtPW9yZ2FuaWMmdXRtX3NvdXJjZT1ibG9nX3Byb2R1Y3RzJnV0bV9jYW1wYWlnbj0yRFI=\" data-target=\"_blank\"><svg xmlns=\"http:\/\/www.w3.org\/2000\/svg\" width=\"16\" height=\"16\" fill=\"currentColor\" class=\"bi bi-bag\" viewBox=\"0 0 16 16\"><path d=\"M8 1a2 2 0 0 1 2 2v1h2.5A1.5 1.5 0 0 1 14 5.5v8A1.5 1.5 0 0 1 12.5 15h-9A1.5 1.5 0 0 1 2 13.5v-8A1.5 1.5 0 0 1 3.5 3H6V2a2 2 0 0 1 2-1zm1 3V3a1 1 0 0 0-2 0v1h2z\"\/><\/svg>Voir le produit<\/span><p class=\"rapido\">Top produit<\/p><\/div><div class=\"lp-produit\"><div class=\"lp-thumbnail-wrapper\"><img loading=\"lazy\" decoding=\"async\" width=\"300\" height=\"300\" src=\"https:\/\/www.interflora.fr\/blog\/wp-content\/uploads\/2025\/05\/2RB-800Wx800H-0-1-25-300x300.jpg\" class=\"attachment-medium size-medium wp-post-image\" alt=\"\" srcset=\"https:\/\/www.interflora.fr\/blog\/wp-content\/uploads\/2025\/05\/2RB-800Wx800H-0-1-25-300x300.jpg 300w, https:\/\/www.interflora.fr\/blog\/wp-content\/uploads\/2025\/05\/2RB-800Wx800H-0-1-25-150x150.jpg 150w, https:\/\/www.interflora.fr\/blog\/wp-content\/uploads\/2025\/05\/2RB-800Wx800H-0-1-25-768x768.jpg 768w, https:\/\/www.interflora.fr\/blog\/wp-content\/uploads\/2025\/05\/2RB-800Wx800H-0-1-25.jpg 800w\" sizes=\"auto, (max-width: 300px) 100vw, 300px\" \/><img decoding=\"async\" class=\"lp-badge\" src=\"https:\/\/www.interflora.fr\/blog\/wp-content\/uploads\/2025\/06\/logo-circle.png\" alt=\"Livraison rapide Interflora\"><\/div><span>Rosa Bella<\/span><p>49.95 \u20ac<\/p><span class=\"obf-link lp-cta\" role=\"link\" tabindex=\"0\" data-b64=\"aHR0cHM6Ly93d3cuaW50ZXJmbG9yYS5mci9wL3Jvc2EtYmVsbGEvMS9GUj91dG1fbWVkaXVtPW9yZ2FuaWMmdXRtX3NvdXJjZT1ibG9nX3Byb2R1Y3RzJnV0bV9jYW1wYWlnbj0yUkI=\" data-target=\"_blank\"><svg xmlns=\"http:\/\/www.w3.org\/2000\/svg\" width=\"16\" height=\"16\" fill=\"currentColor\" class=\"bi bi-bag\" viewBox=\"0 0 16 16\"><path d=\"M8 1a2 2 0 0 1 2 2v1h2.5A1.5 1.5 0 0 1 14 5.5v8A1.5 1.5 0 0 1 12.5 15h-9A1.5 1.5 0 0 1 2 13.5v-8A1.5 1.5 0 0 1 3.5 3H6V2a2 2 0 0 1 2-1zm1 3V3a1 1 0 0 0-2 0v1h2z\"\/><\/svg>Voir le produit<\/span><p class=\"rapido\">Fleurs fra\u00eeches<\/p><\/div><div class=\"lp-produit\"><div class=\"lp-thumbnail-wrapper\"><img loading=\"lazy\" decoding=\"async\" width=\"300\" height=\"300\" src=\"https:\/\/www.interflora.fr\/blog\/wp-content\/uploads\/2025\/10\/2IC-800Wx800H-0-1-14-300x300.jpg\" class=\"attachment-medium size-medium wp-post-image\" alt=\"\" srcset=\"https:\/\/www.interflora.fr\/blog\/wp-content\/uploads\/2025\/10\/2IC-800Wx800H-0-1-14-300x300.jpg 300w, https:\/\/www.interflora.fr\/blog\/wp-content\/uploads\/2025\/10\/2IC-800Wx800H-0-1-14-150x150.jpg 150w, https:\/\/www.interflora.fr\/blog\/wp-content\/uploads\/2025\/10\/2IC-800Wx800H-0-1-14-768x768.jpg 768w, https:\/\/www.interflora.fr\/blog\/wp-content\/uploads\/2025\/10\/2IC-800Wx800H-0-1-14.jpg 800w\" sizes=\"auto, (max-width: 300px) 100vw, 300px\" \/><img decoding=\"async\" class=\"lp-badge\" src=\"https:\/\/www.interflora.fr\/blog\/wp-content\/uploads\/2025\/06\/logo-circle.png\" alt=\"Livraison rapide Interflora\"><\/div><span>Instant complice<\/span><p>54.95 \u20ac<\/p><span class=\"obf-link lp-cta\" role=\"link\" tabindex=\"0\" data-b64=\"aHR0cHM6Ly93d3cuaW50ZXJmbG9yYS5mci9wL2JvdXF1ZXQtaW5zdGFudC1jb21wbGljZS8xL0ZSP3V0bV9tZWRpdW09b3JnYW5pYyZ1dG1fc291cmNlPWJsb2dfcHJvZHVjdHMmdXRtX2NhbXBhaWduPTJJQw==\" data-target=\"_blank\"><svg xmlns=\"http:\/\/www.w3.org\/2000\/svg\" width=\"16\" height=\"16\" fill=\"currentColor\" class=\"bi bi-bag\" viewBox=\"0 0 16 16\"><path d=\"M8 1a2 2 0 0 1 2 2v1h2.5A1.5 1.5 0 0 1 14 5.5v8A1.5 1.5 0 0 1 12.5 15h-9A1.5 1.5 0 0 1 2 13.5v-8A1.5 1.5 0 0 1 3.5 3H6V2a2 2 0 0 1 2-1zm1 3V3a1 1 0 0 0-2 0v1h2z\"\/><\/svg>Voir le produit<\/span><p class=\"rapido\">Top produit<\/p><\/div><div class=\"lp-produit\"><div class=\"lp-thumbnail-wrapper\"><img loading=\"lazy\" decoding=\"async\" width=\"300\" height=\"300\" src=\"https:\/\/www.interflora.fr\/blog\/wp-content\/uploads\/2026\/01\/1BIU-800Wx800H-0-1-300x300.jpg\" class=\"attachment-medium size-medium wp-post-image\" alt=\"\" srcset=\"https:\/\/www.interflora.fr\/blog\/wp-content\/uploads\/2026\/01\/1BIU-800Wx800H-0-1-300x300.jpg 300w, https:\/\/www.interflora.fr\/blog\/wp-content\/uploads\/2026\/01\/1BIU-800Wx800H-0-1-150x150.jpg 150w, https:\/\/www.interflora.fr\/blog\/wp-content\/uploads\/2026\/01\/1BIU-800Wx800H-0-1-768x768.jpg 768w, https:\/\/www.interflora.fr\/blog\/wp-content\/uploads\/2026\/01\/1BIU-800Wx800H-0-1.jpg 800w\" sizes=\"auto, (max-width: 300px) 100vw, 300px\" \/><img decoding=\"async\" class=\"lp-badge\" src=\"https:\/\/www.interflora.fr\/blog\/wp-content\/uploads\/2025\/06\/logo-circle.png\" alt=\"Livraison rapide Interflora\"><\/div><span>Bisous et sa bulle d&rsquo;eau<\/span><p>41.95 \u20ac<\/p><span class=\"obf-link lp-cta\" role=\"link\" tabindex=\"0\" data-b64=\"aHR0cHM6Ly93d3cuaW50ZXJmbG9yYS5mci9wL3NhaW50LXZhbGVudGluLWplLXQtYWltZS1idWxsZS1lYXUvMS9GUj91dG1fbWVkaXVtPW9yZ2FuaWMmdXRtX3NvdXJjZT1ibG9nX3Byb2R1Y3RzJnV0bV9jYW1wYWlnbj0xQklV\" data-target=\"_blank\"><svg xmlns=\"http:\/\/www.w3.org\/2000\/svg\" width=\"16\" height=\"16\" fill=\"currentColor\" class=\"bi bi-bag\" viewBox=\"0 0 16 16\"><path d=\"M8 1a2 2 0 0 1 2 2v1h2.5A1.5 1.5 0 0 1 14 5.5v8A1.5 1.5 0 0 1 12.5 15h-9A1.5 1.5 0 0 1 2 13.5v-8A1.5 1.5 0 0 1 3.5 3H6V2a2 2 0 0 1 2-1zm1 3V3a1 1 0 0 0-2 0v1h2z\"\/><\/svg>Voir le produit<\/span><p class=\"rapido\">Fleurs fra\u00eeches<\/p><\/div><\/div>\n\n\n\n<h2 class=\"wp-block-heading\">Quelles sont les plantes en pot id\u00e9ales pour l\u2019ext\u00e9rieur&nbsp;?<\/h2>\n\n\n\n<p>Les <a href=\"https:\/\/www.interflora.fr\/plante-exterieur-pot\" target=\"_blank\" rel=\"noreferrer noopener\">plantes d\u2019ext\u00e9rieur en pot<\/a> sont nombreuses \u00e0 pouvoir embellir <strong>les pots de fleurs et les jardini\u00e8res<\/strong>. Nous vous proposons une s\u00e9lection de plantes faciles \u00e0 vivre qui ravira tous les jardiniers m\u00eame les plus d\u00e9butants&nbsp;!<\/p>\n\n\n\n<h3 class=\"wp-block-heading\">Plantes vivaces en pot pour l\u2019ext\u00e9rieur<\/h3>\n\n\n\n<div class=\"wp-block-media-text alignwide has-media-on-the-right is-stacked-on-mobile\" style=\"grid-template-columns:auto 33%\"><div class=\"wp-block-media-text__content\">\n<p><strong>Les g\u00e9raniums<\/strong> : grands classiques des <strong>pots de fleurs d\u2019ext\u00e9rieur et des jardini\u00e8res<\/strong>, les g\u00e9raniums restent fleuris pendant de longs mois. Sur un balcon, une terrasse ou un rebord de fen\u00eatre, ils ont l&rsquo;avantage de repousser les moustiques&nbsp;!<\/p>\n<\/div><figure class=\"wp-block-media-text__media\"><img decoding=\"async\" src=\"https:\/\/www.interflora.fr\/blog\/wp-content\/uploads\/geranium.jpg\" alt=\"Pots de g\u00e9ranium en ext\u00e9rieur\" class=\"wp-image-33877 size-full\"\/><\/figure><\/div>\n\n\n\n<p><\/p>\n\n\n\n<p><strong>Le c\u0153ur-de-Marie<\/strong>&nbsp;: cette vivace fleurit 5 mois dans l\u2019ann\u00e9e. Ses fleurs d\u00e9licates et en forme de c\u0153ur peuvent arborer un coloris&nbsp;: rouge, blanc, rose ou multicolore.&nbsp;&nbsp;<\/p>\n\n\n\n<h3 class=\"wp-block-heading\">Plantes ext\u00e9rieures en pot r\u00e9sistantes au gel<\/h3>\n\n\n\n<p><strong>Les pens\u00e9es <\/strong>: elles sont id\u00e9ales pour fleurir vos jardini\u00e8res une bonne partie de l\u2019ann\u00e9e. Malgr\u00e9 son apparente d\u00e9licatesse, la pens\u00e9e est une fleur r\u00e9sistante qui apportera une touche de couleur au moindre redoux&nbsp;: jaune, orange, rouge, etc.&nbsp;<\/p>\n\n\n\n<div class=\"wp-block-media-text alignwide has-media-on-the-right is-stacked-on-mobile\" style=\"grid-template-columns:auto 20%\"><div class=\"wp-block-media-text__content\">\n<p><strong>Le yucca<\/strong>\u00a0: voici une <strong>plante \u00e0 mettre dans un grand pot ext\u00e9rieur <\/strong>afin de structurer votre jardin ou votre terrasse. Le <a href=\"https:\/\/www.interflora.fr\/blog\/yucca-exterieur\/\">yucca<\/a> est une plante originale dont de nombreuses vari\u00e9t\u00e9s r\u00e9sistent au gel comme le yucca rostrata et le yucca filamentosa.<\/p>\n<\/div><figure class=\"wp-block-media-text__media\"><img decoding=\"async\" src=\"https:\/\/www.interflora.fr\/blog\/wp-content\/uploads\/yucca-exterieur.jpg\" alt=\"\" class=\"wp-image-33878 size-full\"\/><\/figure><\/div>\n\n\n\n<p><\/p>\n\n\n\n<p>\u00c0 pr\u00e9sent, il ne vous reste plus qu\u2019\u00e0 choisir vos <strong>pots de fleurs pour l\u2019ext\u00e9rieur <\/strong>chez votre fleuriste ou dans une jardinerie&nbsp;!<\/p>\n","protected":false},"excerpt":{"rendered":"<p>Les pots pour les plantes ajoutent un aspect esth\u00e9tique ind\u00e9niable dans un am\u00e9nagement paysager, sur un balcon ou une terrasse. Toutefois, l\u2019esth\u00e9tisme n\u2019est \u00e9videmment pas le seul objectif d\u2019un pot de fleurs pour l\u2019ext\u00e9rieur. Les pots d\u2019ext\u00e9rieur ont aussi la fonction de prot\u00e9ger le plus possible les plantes de la s\u00e9cheresse et du froid. Ils doivent \u00e9galement avoir une taille adapt\u00e9e aux dimensions des plantes qu\u2019ils accueillent. Et pour finir, ils doivent durer dans le temps et \u00eatre faciles \u00e0 entretenir. Interflora fait le tour des crit\u00e8res de s\u00e9lection pour savoir comment choisir un pot de fleurs pour l\u2019ext\u00e9rieur. <\/p>\n","protected":false},"author":1,"featured_media":33869,"comment_status":"open","ping_status":"open","sticky":false,"template":"","format":"standard","meta":{"_uag_custom_page_level_css":"","site-sidebar-layout":"default","site-content-layout":"","ast-site-content-layout":"default","site-content-style":"default","site-sidebar-style":"default","ast-global-header-display":"","ast-banner-title-visibility":"","ast-main-header-display":"","ast-hfb-above-header-display":"","ast-hfb-below-header-display":"","ast-hfb-mobile-header-display":"","site-post-title":"","ast-breadcrumbs-content":"","ast-featured-img":"","footer-sml-layout":"","ast-disable-related-posts":"","theme-transparent-header-meta":"","adv-header-id-meta":"","stick-header-meta":"","header-above-stick-meta":"","header-main-stick-meta":"","header-below-stick-meta":"","astra-migrate-meta-layouts":"default","ast-page-background-enabled":"default","ast-page-background-meta":{"desktop":{"background-color":"var(--ast-global-color-5)","background-image":"","background-repeat":"repeat","background-position":"center center","background-size":"auto","background-attachment":"scroll","background-type":"","background-media":"","overlay-type":"","overlay-color":"","overlay-opacity":"","overlay-gradient":""},"tablet":{"background-color":"","background-image":"","background-repeat":"repeat","background-position":"center center","background-size":"auto","background-attachment":"scroll","background-type":"","background-media":"","overlay-type":"","overlay-color":"","overlay-opacity":"","overlay-gradient":""},"mobile":{"background-color":"","background-image":"","background-repeat":"repeat","background-position":"center center","background-size":"auto","background-attachment":"scroll","background-type":"","background-media":"","overlay-type":"","overlay-color":"","overlay-opacity":"","overlay-gradient":""}},"ast-content-background-meta":{"desktop":{"background-color":"var(--ast-global-color-4)","background-image":"","background-repeat":"repeat","background-position":"center center","background-size":"auto","background-attachment":"scroll","background-type":"","background-media":"","overlay-type":"","overlay-color":"","overlay-opacity":"","overlay-gradient":""},"tablet":{"background-color":"var(--ast-global-color-4)","background-image":"","background-repeat":"repeat","background-position":"center center","background-size":"auto","background-attachment":"scroll","background-type":"","background-media":"","overlay-type":"","overlay-color":"","overlay-opacity":"","overlay-gradient":""},"mobile":{"background-color":"var(--ast-global-color-4)","background-image":"","background-repeat":"repeat","background-position":"center center","background-size":"auto","background-attachment":"scroll","background-type":"","background-media":"","overlay-type":"","overlay-color":"","overlay-opacity":"","overlay-gradient":""}},"footnotes":""},"categories":[215],"tags":[208],"class_list":["post-33867","post","type-post","status-publish","format-standard","has-post-thumbnail","hentry","category-deco-amenagement","tag-plantes"],"uagb_featured_image_src":{"full":false,"thumbnail":false,"medium":false,"medium_large":false,"large":false,"1536x1536":false,"2048x2048":false},"uagb_author_info":{"display_name":"admin","author_link":"https:\/\/www.interflora.fr\/blog\/author\/admin\/"},"uagb_comment_info":0,"uagb_excerpt":"Les pots pour les plantes ajoutent un aspect esth\u00e9tique ind\u00e9niable dans un am\u00e9nagement paysager, sur un balcon ou une terrasse. Toutefois, l\u2019esth\u00e9tisme n\u2019est \u00e9videmment pas le seul objectif d\u2019un pot de fleurs pour l\u2019ext\u00e9rieur. Les pots d\u2019ext\u00e9rieur ont aussi la fonction de prot\u00e9ger le plus possible les plantes de la s\u00e9cheresse et du froid. Ils\u2026","yoast_meta":{"title":"Pot de fleurs ext\u00e9rieur : nos conseils pour bien choisir %%sep%% %%sitename%%","description":"Quelle taille et mat\u00e9riau pour un pot de fleurs pour l'ext\u00e9rieur ? D\u00e9couvrez nos astuces afin de bien choisir votre pot selon la plante concern\u00e9e."},"_links":{"self":[{"href":"https:\/\/www.interflora.fr\/blog\/wp-json\/wp\/v2\/posts\/33867","targetHints":{"allow":["GET"]}}],"collection":[{"href":"https:\/\/www.interflora.fr\/blog\/wp-json\/wp\/v2\/posts"}],"about":[{"href":"https:\/\/www.interflora.fr\/blog\/wp-json\/wp\/v2\/types\/post"}],"author":[{"embeddable":true,"href":"https:\/\/www.interflora.fr\/blog\/wp-json\/wp\/v2\/users\/1"}],"replies":[{"embeddable":true,"href":"https:\/\/www.interflora.fr\/blog\/wp-json\/wp\/v2\/comments?post=33867"}],"version-history":[{"count":1,"href":"https:\/\/www.interflora.fr\/blog\/wp-json\/wp\/v2\/posts\/33867\/revisions"}],"predecessor-version":[{"id":58576,"href":"https:\/\/www.interflora.fr\/blog\/wp-json\/wp\/v2\/posts\/33867\/revisions\/58576"}],"wp:featuredmedia":[{"embeddable":true,"href":"https:\/\/www.interflora.fr\/blog\/wp-json\/"}],"wp:attachment":[{"href":"https:\/\/www.interflora.fr\/blog\/wp-json\/wp\/v2\/media?parent=33867"}],"wp:term":[{"taxonomy":"category","embeddable":true,"href":"https:\/\/www.interflora.fr\/blog\/wp-json\/wp\/v2\/categories?post=33867"},{"taxonomy":"post_tag","embeddable":true,"href":"https:\/\/www.interflora.fr\/blog\/wp-json\/wp\/v2\/tags?post=33867"}],"curies":[{"name":"wp","href":"https:\/\/api.w.org\/{rel}","templated":true}]}}