{"id":33118,"date":"2025-06-10T12:34:28","date_gmt":"2025-06-10T10:34:28","guid":{"rendered":"https:\/\/www.interflora.fr\/blog\/?p=33118"},"modified":"2025-06-13T09:44:29","modified_gmt":"2025-06-13T07:44:29","slug":"dipladenia","status":"publish","type":"post","link":"https:\/\/www.interflora.fr\/blog\/dipladenia\/","title":{"rendered":"Diplad\u00e9nia : les conseils Interflora pour entretenir un diplad\u00e9nia"},"content":{"rendered":"\n<p>Le <strong>diplad\u00e9nia<\/strong> ou <strong>mandevilla<\/strong> est une <strong>belle plante d\u2019origine tropicale<\/strong> qui apporte de la vie \u00e0 n&rsquo;importe quel jardin&nbsp;! Avec ses larges <strong>fleurs exotiques<\/strong> de couleur rose, rouge ou blanche et son feuillage lustr\u00e9, le <strong>diplad\u00e9nia<\/strong> est tout simplement magnifique. C&rsquo;est un choix id\u00e9al pour toutes les personnes cherchant \u00e0 ajouter une touche d&rsquo;\u00e9l\u00e9gance et de charme \u00e0 leurs espaces verts. La <strong>culture du diplad\u00e9nia<\/strong> diff\u00e8re cependant de la plupart des <strong>plantes fleuries d\u2019ext\u00e9rieur.<\/strong> D\u00e9couvrez les meilleurs conseils sur la fa\u00e7on de r\u00e9aliser l\u2019<strong>hivernage du diplad\u00e9nia<\/strong> afin de le conserver de longues ann\u00e9es. De la plantation \u00e0 l\u2019entretien, je vous donne toutes les astuces de culture pour profiter d\u2019un <strong>mandevilla<\/strong> en pleine sant\u00e9 et \u00e0 la floraison spectaculaire&nbsp;!<\/p>\n\n\n\n<h2 class=\"wp-block-heading\">Le diplad\u00e9nia&nbsp;: les caract\u00e9ristiques de cette plante grimpante tropicale<\/h2>\n\n\n\n<p>Le <strong>diplad\u00e9nia<\/strong> est aussi souvent appel\u00e9 le <strong>mandevilla<\/strong>. Cette <strong>plante grimpante<\/strong> est originaire du Br\u00e9sil et elle appartient \u00e0 la famille des apocynac\u00e9es. Tout comme le laurier-rose, qui fait partie de la m\u00eame famille, le <strong>diplad\u00e9nia<\/strong> est cultiv\u00e9 en tant que <strong>plante d\u2019ornement<\/strong>.&nbsp;<\/p>\n\n\n\n<p>Sa floraison g\u00e9n\u00e9reuse laisse \u00e9clore de nombreuses fleurs au ton de rose, de rouge ou de blanc selon les vari\u00e9t\u00e9s. La <strong>p\u00e9riode de floraison du mandevilla<\/strong> est aussi particuli\u00e8rement longue, s&rsquo;\u00e9talant du mois de mai au mois de novembre. Avec son feuillage persistant et brillant, ce sont l\u00e0 les principaux attraits de cette <strong>belle plante tropicale volubile<\/strong>.&nbsp;<\/p>\n\n\n\n<figure class=\"wp-block-image aligncenter size-large is-resized is-style-rounded\"><img decoding=\"async\" src=\"https:\/\/www.interflora.fr\/blog\/wp-content\/uploads\/dipladenia-2-1024x1024.jpg\" alt=\"\" class=\"wp-image-33121\" style=\"width:322px;height:322px\"\/><\/figure>\n\n\n\n<p>Le <strong>diplad\u00e9nia<\/strong> est une <a href=\"https:\/\/www.interflora.fr\/blog\/plantes-vivaces\/\" target=\"_blank\" rel=\"noreferrer noopener\">plante vivace<\/a> dont les tiges volubiles s\u2019enroulent naturellement autour de leur support de culture. Et parce qu\u2019il ne r\u00e9siste pas \u00e0 la fra\u00eecheur hivernale, le <strong>mandevilla<\/strong> est consid\u00e9r\u00e9 comme une <strong>plante non rustique<\/strong>.<\/p>\n\n\n\n<p>Pour cette raison, il est le plus souvent cultiv\u00e9 en tant que <a href=\"https:\/\/www.interflora.fr\/blog\/fleurs-en-pot\/\" target=\"_blank\" rel=\"noreferrer noopener\">plante fleurie en pot<\/a> afin de pouvoir le rentrer \u00e0 l\u2019int\u00e9rieur en hiver. Mais d\u00e8s le retour des beaux jours, avec des temp\u00e9ratures avoisinant les 15&nbsp;\u00b0C, le <strong>diplad\u00e9nia<\/strong> agr\u00e9mente avec prestance tout jardin, terrasse et balcon&nbsp;!<\/p>\n\n\n\n<p>Notez que lorsque vous prenez soin d\u2019un <strong>diplad\u00e9nia<\/strong>, il est important de prot\u00e9ger votre peau avec des gants. Ces derniers vous prot\u00e9geront du latex irritant contenu dans les tiges de la plante. Faites \u00e9galement attention aux enfants et aux animaux de compagnie, car ce latex est toxique en cas d\u2019ingestion.&nbsp;<\/p>\n\n\n\n\n\n<div style=\"height:18px\" aria-hidden=\"true\" class=\"wp-block-spacer\"><\/div>\n\n\n\n<h2 class=\"wp-block-heading\">Origine et Histoire du diplad\u00e9nia<\/h2>\n\n\n\n<p>Le <strong>diplad\u00e9nia<\/strong> provient du Br\u00e9sil et il a mis du temps \u00e0 traverser les mers pour arriver jusqu\u2019en Europe. C\u2019est au 19<sup>e<\/sup> si\u00e8cle qu\u2019un diplomate anglais, Henry John Mandeville, rapporte des plants. Et c\u2019est ainsi que cette splendide plante fleurie prendra le nom vernaculaire de \u00ab&nbsp;mandevilla&nbsp;\u00bb.&nbsp;<\/p>\n\n\n\n<p>\u00c0 cette \u00e9poque, la vari\u00e9t\u00e9 qui est introduite par Henry John Mandeville est un <strong>diplad\u00e9nia \u00e0 fleurs blanches<\/strong>&nbsp;: le mandevilla laxa aussi appel\u00e9 le jasmin chilien. Cette vari\u00e9t\u00e9 a l\u2019avantage d\u2019\u00eatre la plus rustique, r\u00e9sistant occasionnellement \u00e0 des temp\u00e9ratures n\u00e9gatives jusqu&rsquo;\u00e0 -10&nbsp;\u00b0C.&nbsp;<\/p>\n\n\n\n<p>De nos jours, les diplad\u00e9nias sont tr\u00e8s appr\u00e9ci\u00e9s pour fleurir les jardins, les terrasses et les balcons, mais aussi les s\u00e9pultures. En effet, il n\u2019est pas rare de trouver le<strong> diplad\u00e9nia au cimeti\u00e8re<\/strong>. La fleur rouge, rose ou blanche de cette plante grimpante \u00e0 l\u2019avantage d\u2019\u00eatre particuli\u00e8rement d\u00e9corative. De plus, la <strong>floraison du diplad\u00e9nia<\/strong> s\u2019\u00e9tend sur de longs mois, ce qui explique pourquoi il conna\u00eet tant de succ\u00e8s.<\/p>\n\n\n\n<h2 class=\"wp-block-heading\">Comment planter un diplad\u00e9nia ?<\/h2>\n\n\n\n<p>La <strong>plantation du diplad\u00e9nia<\/strong> se fait le plus souvent en pot afin de pouvoir rentrer la plante \u00e0 l&rsquo;int\u00e9rieur pendant les mois d\u2019hiver. Les meilleurs moments de l\u2019ann\u00e9e pour <strong>planter un diplad\u00e9nia<\/strong> sont&nbsp;:<\/p>\n\n\n\n<ul class=\"wp-block-list\">\n<li>Le d\u00e9but du printemps au mois de mars ou avril&nbsp;<\/li>\n\n\n\n<li>Le milieu de l\u2019automne au mois d\u2019octobre ou novembre<\/li>\n<\/ul>\n\n\n\n<p>\u00c0 l\u2019achat, un <strong>diplad\u00e9nia<\/strong> est g\u00e9n\u00e9ralement d\u00e9j\u00e0 paliss\u00e9 sur un support pour que les feuilles et les fleurs de cette <strong>plante grimpante<\/strong> soient soutenues. C\u2019est pourquoi il faut proc\u00e9der d\u00e9licatement au moment de la plantation afin de ne pas ab\u00eemer les tiges.&nbsp;<\/p>\n\n\n\n<p>Choisissez un pot de fleurs d\u2019un diam\u00e8tre l\u00e9g\u00e8rement plus grand que le pot dans lequel vous avez achet\u00e9 votre <strong>plante<\/strong>. Commencez par bassiner la motte racinaire de votre <strong>diplad\u00e9nia<\/strong> dans de l\u2019eau \u00e0 temp\u00e9rature pi\u00e8ce.&nbsp;<\/p>\n\n\n\n<p>Ensuite, placez une couche de billes d\u2019argile au fond de votre pot de fleurs. Puis utilisez un terreau riche et l\u00e9ger au moment o\u00f9 vous mettez votre plante en terre. Veillez \u00e0 ne pas enterrer la motte de votre <strong>mandevilla<\/strong> \u00e0 plus d\u2019un centim\u00e8tre sous la surface de la terre.&nbsp;<\/p>\n\n\n\n<p>Finissez avec un arrosage et au besoin palissez \u00e0 nouveau votre plante si vous souhaitez changer de support. Votre <strong>plante grimpante<\/strong> aura ensuite besoin d\u2019un rempotage tous les ans au printemps.&nbsp;<\/p>\n\n\n\n<p>L\u2019<strong>exposition du diplad\u00e9nia<\/strong> a \u00e9galement une grande influence sur son d\u00e9veloppement. Une fois en pot, trouvez-lui un emplacement lumineux. Mais \u00e9vitez l\u2019exposition aux rayons directs du soleil pendant les heures de l\u2019apr\u00e8s-midi.&nbsp;<\/p>\n\n\n\n<figure class=\"wp-block-image aligncenter size-large is-resized\"><img decoding=\"async\" src=\"https:\/\/www.interflora.fr\/blog\/wp-content\/uploads\/dipladenia-1-1-1024x1024.jpg\" alt=\"\" class=\"wp-image-33122\" style=\"width:402px;height:402px\"\/><\/figure>\n\n\n\n<h2 class=\"wp-block-heading\">Comment r\u00e9ussir l\u2019entretien d\u2019un diplad\u00e9nia&nbsp;?&nbsp;<\/h2>\n\n\n\n<p>L\u2019<strong>entretien du mandevilla<\/strong> consiste principalement \u00e0 bien doser son arrosage et \u00e0 le mettre en hivernage pendant les mois les plus froids de l\u2019ann\u00e9e.&nbsp;&nbsp;&nbsp;<\/p>\n\n\n\n<h3 class=\"wp-block-heading\">Bien g\u00e9rer l\u2019arrosage du diplad\u00e9nia en fonction des saisons<\/h3>\n\n\n\n<p>L\u2019<strong>arrosage du diplad\u00e9nia<\/strong> est davantage soutenu au printemps et en \u00e9t\u00e9. Au d\u00e9but du printemps, lorsque ses tiges s\u2019allongent, arrosez g\u00e9n\u00e9reusement. Ajoutez \u00e9galement de l\u2019engrais pour g\u00e9ranium \u00e0 l\u2019eau d\u2019arrosage afin de favoriser la floraison.&nbsp;<\/p>\n\n\n\n<p>D\u00e8s que la floraison sera entam\u00e9e, vous pourrez r\u00e9duire les arrosages. En effet, le <strong>mandevilla<\/strong> supporte bien les courtes p\u00e9riodes de s\u00e9cheresse gr\u00e2ce \u00e0 ses racines tub\u00e9reuses. Laissez la motte de terre s\u2019ass\u00e9cher totalement entre deux arrosages. Ceci dans le but de favoriser la production de fleurs. Apr\u00e8s la floraison et pendant l\u2019hiver, vous pourrez r\u00e9duire les arrosages.&nbsp;<\/p>\n\n\n\n<p>Utilisez de l\u2019eau de pluie dans la mesure du possible ou de l\u2019eau pauvre en calcaire.<\/p>\n\n\n\n\n\n<h3 class=\"wp-block-heading\">Comment conserver un diplad\u00e9nia d&rsquo;une ann\u00e9e sur l&rsquo;autre&nbsp;?<\/h3>\n\n\n\n<p>Le <strong>mandevilla<\/strong> peut \u00eatre cultiv\u00e9 comme une plante annuelle et par cons\u00e9quent replanter chaque ann\u00e9e. Toutefois, si vous souhaitez le conserver plusieurs ann\u00e9es, il est important de rentrer votre <strong>mandevilla<\/strong> \u00e0 l\u2019int\u00e9rieur d\u00e8s que la temp\u00e9rature descend en dessous de 12&nbsp;\u00b0C la nuit.&nbsp;<\/p>\n\n\n\n<figure class=\"wp-block-image aligncenter size-large is-resized\"><img decoding=\"async\" src=\"https:\/\/www.interflora.fr\/blog\/wp-content\/uploads\/dipladenia-4-1024x1024.jpg\" alt=\"\" class=\"wp-image-33123\" style=\"width:462px;height:462px\"\/><\/figure>\n\n\n\n<h3 class=\"wp-block-heading\">Comment conserver un diplad\u00e9nia \u00e0 l&rsquo;int\u00e9rieur&nbsp;?<\/h3>\n\n\n\n<p>Un <strong>diplad\u00e9nia<\/strong> peut \u00eatre cultiv\u00e9 \u00e0 l\u2019int\u00e9rieur \u00e0 condition de lui r\u00e9server un emplacement lumineux et frais. Le plus souvent, il faudra une serre ou une v\u00e9randa, car dans la maison la luminosit\u00e9 et le taux d\u2019hygrom\u00e9trie sont insuffisants pour cette<strong> jolie plante tropicale<\/strong>.<\/p>\n\n\n\n<p>Les temp\u00e9ratures int\u00e9rieures devront avoisiner les 10 \u00e0 15&nbsp;\u00b0C en hiver et les 20 \u00e0 21&nbsp;\u00b0C en \u00e9t\u00e9.&nbsp;<\/p>\n\n\n\n<h3 class=\"wp-block-heading\">Comment entretenir un diplad\u00e9nia en hiver&nbsp;?&nbsp;<\/h3>\n\n\n\n<p>L\u2019<strong>hivernage du diplad\u00e9nia<\/strong> est quasi obligatoire si vous voulez conserver votre <a href=\"https:\/\/www.interflora.fr\/c\/plantes\/plante-fleurie\" target=\"_blank\" rel=\"noreferrer noopener\">plante fleurie<\/a> plusieurs ann\u00e9es. En dehors des r\u00e9gions chaudes telles que la Corse et la C\u00f4te d\u2019Azur, le <strong>mandevilla<\/strong> ne supporte pas les hivers \u00e0 l\u2019ext\u00e9rieur.&nbsp;<\/p>\n\n\n\n<p>Lorsque la temp\u00e9rature ext\u00e9rieure n&rsquo;exc\u00e8de plus 12&nbsp;\u00b0C, rentrez votre <strong>diplad\u00e9nia<\/strong> \u00e0 l\u2019int\u00e9rieur. Id\u00e9alement, vous aurez besoin d\u2019une pi\u00e8ce tr\u00e8s lumineuse o\u00f9 les temp\u00e9ratures restent fra\u00eeches (entre 13 et 16&nbsp;\u00b0C).&nbsp;<\/p>\n\n\n\n<p>Pendant la saison d\u2019hivernage, r\u00e9duisez l\u2019arrosage et arr\u00eatez tout apport d\u2019engrais. Vaporisez le feuillage de temps en temps, mais n\u2019arrosez qu\u2019une fois la surface de la terre bien dess\u00e9ch\u00e9e.&nbsp;&nbsp;<\/p>\n\n\n\n\n\n<h2 class=\"wp-block-heading\">Comment r\u00e9ussir la taille du diplad\u00e9nia&nbsp;?&nbsp;<\/h2>\n\n\n\n<p>Taillez votre <strong>diplad\u00e9nia<\/strong> au d\u00e9but du printemps pour stimuler la croissance et la floraison de votre <strong>plante grimpante<\/strong>. Au moment de tailler, je vous conseille d&rsquo;enfiler une bonne paire de gants pour prot\u00e9ger votre peau des \u00e9coulements de latex qui sortent des <strong>tiges de la plante<\/strong>.&nbsp;<\/p>\n\n\n\n<p>Commencez par couper avec un s\u00e9cateur les parties dess\u00e9ch\u00e9es ou ab\u00eem\u00e9es de la plante. Puis continuez avec une coupe l\u00e9g\u00e8re des extr\u00e9mit\u00e9s des tiges.&nbsp;<\/p>\n\n\n\n<figure class=\"wp-block-image aligncenter size-large is-resized\"><img decoding=\"async\" src=\"https:\/\/www.interflora.fr\/blog\/wp-content\/uploads\/dipladenia-3-1024x1024.jpg\" alt=\"\" class=\"wp-image-33124\" style=\"width:440px;height:440px\"\/><\/figure>\n\n\n\n<h2 class=\"wp-block-heading\">Quels sont les maladies et les parasites du diplad\u00e9nia&nbsp;?&nbsp;<\/h2>\n\n\n\n<p>Le <strong>diplad\u00e9nia<\/strong> ne craint pas les maladies tant qu\u2019il ne subit pas d\u2019exc\u00e8s d\u2019arrosage. Cependant, il est sensible \u00e0 certains parasites comme les araign\u00e9es rouges, les cochenilles et les pucerons.&nbsp;<\/p>\n\n\n\n<p>Pour pr\u00e9venir l&rsquo;apparition des araign\u00e9es rouges et des cochenilles, brumisez r\u00e9guli\u00e8rement le <strong>feuillage de votre plante<\/strong> lorsqu\u2019elle est en hivernage \u00e0 l\u2019int\u00e9rieur. Et en cas d\u2019attaque, vous pouvez <strong>doucher votre plante<\/strong>.&nbsp;<\/p>\n\n\n\n<p>Pour vous d\u00e9barrasser des pucerons qui se nourrissent de la s\u00e8ve des plantes \u00e0 l\u2019ext\u00e9rieur, arrosez vos plantes au jet d\u2019eau, puis vaporisez un m\u00e9lange d\u2019eau et de savon noir.&nbsp;<\/p>\n\n\n\n<p>En r\u00e9sum\u00e9, le <strong>diplad\u00e9nia<\/strong> ou <strong>mandevilla<\/strong> fait partie des <a href=\"https:\/\/www.interflora.fr\/c\/plantes\/plante-exterieur\" target=\"_blank\" rel=\"noreferrer noopener\">plantes d\u2019ext\u00e9rieur en pot<\/a> dont la floraison apporte beaucoup de satisfaction et de beaut\u00e9 dans tout espace ext\u00e9rieur.&nbsp;<\/p>\n\n\n","protected":false},"excerpt":{"rendered":"<p>Le diplad\u00e9nia ou mandevilla est une belle plante d\u2019origine tropicale qui apporte de la vie \u00e0 n&rsquo;importe quel jardin&nbsp;! Avec [&hellip;]<\/p>\n","protected":false},"author":1,"featured_media":49950,"comment_status":"open","ping_status":"open","sticky":false,"template":"","format":"standard","meta":{"_uag_custom_page_level_css":"","site-sidebar-layout":"default","site-content-layout":"","ast-site-content-layout":"default","site-content-style":"default","site-sidebar-style":"default","ast-global-header-display":"","ast-banner-title-visibility":"","ast-main-header-display":"","ast-hfb-above-header-display":"","ast-hfb-below-header-display":"","ast-hfb-mobile-header-display":"","site-post-title":"","ast-breadcrumbs-content":"","ast-featured-img":"","footer-sml-layout":"","ast-disable-related-posts":"","theme-transparent-header-meta":"","adv-header-id-meta":"","stick-header-meta":"","header-above-stick-meta":"","header-main-stick-meta":"","header-below-stick-meta":"","astra-migrate-meta-layouts":"default","ast-page-background-enabled":"default","ast-page-background-meta":{"desktop":{"background-color":"var(--ast-global-color-5)","background-image":"","background-repeat":"repeat","background-position":"center center","background-size":"auto","background-attachment":"scroll","background-type":"","background-media":"","overlay-type":"","overlay-color":"","overlay-opacity":"","overlay-gradient":""},"tablet":{"background-color":"","background-image":"","background-repeat":"repeat","background-position":"center center","background-size":"auto","background-attachment":"scroll","background-type":"","background-media":"","overlay-type":"","overlay-color":"","overlay-opacity":"","overlay-gradient":""},"mobile":{"background-color":"","background-image":"","background-repeat":"repeat","background-position":"center center","background-size":"auto","background-attachment":"scroll","background-type":"","background-media":"","overlay-type":"","overlay-color":"","overlay-opacity":"","overlay-gradient":""}},"ast-content-background-meta":{"desktop":{"background-color":"var(--ast-global-color-4)","background-image":"","background-repeat":"repeat","background-position":"center center","background-size":"auto","background-attachment":"scroll","background-type":"","background-media":"","overlay-type":"","overlay-color":"","overlay-opacity":"","overlay-gradient":""},"tablet":{"background-color":"var(--ast-global-color-4)","background-image":"","background-repeat":"repeat","background-position":"center center","background-size":"auto","background-attachment":"scroll","background-type":"","background-media":"","overlay-type":"","overlay-color":"","overlay-opacity":"","overlay-gradient":""},"mobile":{"background-color":"var(--ast-global-color-4)","background-image":"","background-repeat":"repeat","background-position":"center center","background-size":"auto","background-attachment":"scroll","background-type":"","background-media":"","overlay-type":"","overlay-color":"","overlay-opacity":"","overlay-gradient":""}},"footnotes":""},"categories":[281],"tags":[280],"class_list":["post-33118","post","type-post","status-publish","format-standard","has-post-thumbnail","hentry","category-plantes-fleuries","tag-dipladenia"],"uagb_featured_image_src":{"full":["https:\/\/www.interflora.fr\/blog\/wp-content\/uploads\/2023\/04\/dipladenia.jpg",800,450,false],"thumbnail":["https:\/\/www.interflora.fr\/blog\/wp-content\/uploads\/2023\/04\/dipladenia-150x150.jpg",150,150,true],"medium":["https:\/\/www.interflora.fr\/blog\/wp-content\/uploads\/2023\/04\/dipladenia-300x169.jpg",300,169,true],"medium_large":["https:\/\/www.interflora.fr\/blog\/wp-content\/uploads\/2023\/04\/dipladenia-768x432.jpg",768,432,true],"large":["https:\/\/www.interflora.fr\/blog\/wp-content\/uploads\/2023\/04\/dipladenia.jpg",800,450,false],"1536x1536":["https:\/\/www.interflora.fr\/blog\/wp-content\/uploads\/2023\/04\/dipladenia.jpg",800,450,false],"2048x2048":["https:\/\/www.interflora.fr\/blog\/wp-content\/uploads\/2023\/04\/dipladenia.jpg",800,450,false]},"uagb_author_info":{"display_name":"admin","author_link":"https:\/\/www.interflora.fr\/blog\/author\/admin\/"},"uagb_comment_info":0,"uagb_excerpt":"Le diplad\u00e9nia ou mandevilla est une belle plante d\u2019origine tropicale qui apporte de la vie \u00e0 n&rsquo;importe quel jardin&nbsp;! Avec [&hellip;]","yoast_meta":{"title":"Diplad\u00e9nia : conseils entretien, floraison, taille | Interflora","description":"Le diplad\u00e9nia est une plante remarquable, connue pour sa belle floraison. Voici nos conseils pour r\u00e9ussir son entretien et sa floraison."},"_links":{"self":[{"href":"https:\/\/www.interflora.fr\/blog\/wp-json\/wp\/v2\/posts\/33118","targetHints":{"allow":["GET"]}}],"collection":[{"href":"https:\/\/www.interflora.fr\/blog\/wp-json\/wp\/v2\/posts"}],"about":[{"href":"https:\/\/www.interflora.fr\/blog\/wp-json\/wp\/v2\/types\/post"}],"author":[{"embeddable":true,"href":"https:\/\/www.interflora.fr\/blog\/wp-json\/wp\/v2\/users\/1"}],"replies":[{"embeddable":true,"href":"https:\/\/www.interflora.fr\/blog\/wp-json\/wp\/v2\/comments?post=33118"}],"version-history":[{"count":0,"href":"https:\/\/www.interflora.fr\/blog\/wp-json\/wp\/v2\/posts\/33118\/revisions"}],"wp:featuredmedia":[{"embeddable":true,"href":"https:\/\/www.interflora.fr\/blog\/wp-json\/wp\/v2\/media\/49950"}],"wp:attachment":[{"href":"https:\/\/www.interflora.fr\/blog\/wp-json\/wp\/v2\/media?parent=33118"}],"wp:term":[{"taxonomy":"category","embeddable":true,"href":"https:\/\/www.interflora.fr\/blog\/wp-json\/wp\/v2\/categories?post=33118"},{"taxonomy":"post_tag","embeddable":true,"href":"https:\/\/www.interflora.fr\/blog\/wp-json\/wp\/v2\/tags?post=33118"}],"curies":[{"name":"wp","href":"https:\/\/api.w.org\/{rel}","templated":true}]}}