{"id":31997,"date":"2026-02-04T10:45:47","date_gmt":"2026-02-04T09:45:47","guid":{"rendered":"https:\/\/www.interflora.fr\/blog\/?p=31997"},"modified":"2026-02-17T10:45:48","modified_gmt":"2026-02-17T09:45:48","slug":"messages-et-sms-fete-des-grands-meres","status":"publish","type":"post","link":"https:\/\/www.interflora.fr\/blog\/messages-et-sms-fete-des-grands-meres\/","title":{"rendered":"30 messages et SMS courts pour la F\u00eate des Grands-m\u00e8res"},"content":{"rendered":"\n<p>Nos grands-m\u00e8res aiment les petits mots et les petites attentions. Le <strong>premier dimanche de mars<\/strong>, n\u2019oubliez pas de <strong>souhaiter une bonne f\u00eate \u00e0 vos mamies<\/strong> ! \u00c9videmment, elles m\u00e9ritent d\u2019\u00eatre g\u00e2t\u00e9es et bien entour\u00e9es toute l\u2019ann\u00e9e, mais ce jour leur est d\u00e9di\u00e9 tout sp\u00e9cialement.&nbsp;Un petit message leur fera plaisir \u00e0 coup s\u00fbr. Alors, n\u2019h\u00e9sitez pas \u00e0 attraper votre t\u00e9l\u00e9phone pour envoyer un <strong>message court pour la f\u00eate des Grands-m\u00e8res<\/strong>&nbsp;! Et parce qu\u2019il n\u2019est pas toujours facile de savoir <a href=\"https:\/\/www.interflora.fr\/blog\/comment-dire-je-t-aime-mamie\">comment dire \u00ab&nbsp;je t\u2019aime&nbsp;\u00bb \u00e0 sa mamie<\/a>, utilisez l\u2019un de nos 30&nbsp;messages et laissez parler votre c\u0153ur !<\/p>\n\n\n<div class=\"lp-produits-grid\"><div class=\"lp-produit\"><div class=\"lp-thumbnail-wrapper\"><img loading=\"lazy\" decoding=\"async\" width=\"300\" height=\"300\" src=\"https:\/\/www.interflora.fr\/blog\/wp-content\/uploads\/2025\/05\/B2CH-800Wx800H-0-1-7-300x300.jpg\" class=\"attachment-medium size-medium wp-post-image\" alt=\"\" srcset=\"https:\/\/www.interflora.fr\/blog\/wp-content\/uploads\/2025\/05\/B2CH-800Wx800H-0-1-7-300x300.jpg 300w, https:\/\/www.interflora.fr\/blog\/wp-content\/uploads\/2025\/05\/B2CH-800Wx800H-0-1-7-150x150.jpg 150w, https:\/\/www.interflora.fr\/blog\/wp-content\/uploads\/2025\/05\/B2CH-800Wx800H-0-1-7-768x768.jpg 768w, https:\/\/www.interflora.fr\/blog\/wp-content\/uploads\/2025\/05\/B2CH-800Wx800H-0-1-7.jpg 800w\" sizes=\"auto, (max-width: 300px) 100vw, 300px\" \/><img decoding=\"async\" class=\"lp-badge\" src=\"https:\/\/www.interflora.fr\/blog\/wp-content\/uploads\/2025\/06\/logo-circle.png\" alt=\"Livraison rapide Interflora\"><\/div><span>Bouquet de chocolats<\/span><p>39.95 \u20ac<\/p><span class=\"obf-link lp-cta\" role=\"link\" tabindex=\"0\" data-b64=\"aHR0cHM6Ly93d3cuaW50ZXJmbG9yYS5mci9wL2NhZGVhdS1ib3VxdWV0LWNob2NvbGF0LzAvRlI\/dXRtX21lZGl1bT1vcmdhbmljJnV0bV9zb3VyY2U9YmxvZ19wcm9kdWN0cyZ1dG1fY2FtcGFpZ249QjJDSA==\" data-target=\"_blank\"><svg xmlns=\"http:\/\/www.w3.org\/2000\/svg\" width=\"16\" height=\"16\" fill=\"currentColor\" class=\"bi bi-bag\" viewBox=\"0 0 16 16\"><path d=\"M8 1a2 2 0 0 1 2 2v1h2.5A1.5 1.5 0 0 1 14 5.5v8A1.5 1.5 0 0 1 12.5 15h-9A1.5 1.5 0 0 1 2 13.5v-8A1.5 1.5 0 0 1 3.5 3H6V2a2 2 0 0 1 2-1zm1 3V3a1 1 0 0 0-2 0v1h2z\"\/><\/svg>Voir le produit<\/span><p class=\"rapido\">Fleurs fra\u00eeches<\/p><\/div><div class=\"lp-produit\"><div class=\"lp-thumbnail-wrapper\"><img loading=\"lazy\" decoding=\"async\" width=\"300\" height=\"300\" src=\"https:\/\/www.interflora.fr\/blog\/wp-content\/uploads\/2025\/05\/3ER-800Wx800H-0-1-25-300x300.jpg\" class=\"attachment-medium size-medium wp-post-image\" alt=\"\" srcset=\"https:\/\/www.interflora.fr\/blog\/wp-content\/uploads\/2025\/05\/3ER-800Wx800H-0-1-25-300x300.jpg 300w, https:\/\/www.interflora.fr\/blog\/wp-content\/uploads\/2025\/05\/3ER-800Wx800H-0-1-25-150x150.jpg 150w, https:\/\/www.interflora.fr\/blog\/wp-content\/uploads\/2025\/05\/3ER-800Wx800H-0-1-25-768x768.jpg 768w, https:\/\/www.interflora.fr\/blog\/wp-content\/uploads\/2025\/05\/3ER-800Wx800H-0-1-25.jpg 800w\" sizes=\"auto, (max-width: 300px) 100vw, 300px\" \/><img decoding=\"async\" class=\"lp-badge\" src=\"https:\/\/www.interflora.fr\/blog\/wp-content\/uploads\/2025\/06\/logo-circle.png\" alt=\"Livraison rapide Interflora\"><\/div><span>Ecrin de roses<\/span><p>42.95 \u20ac<\/p><span class=\"obf-link lp-cta\" role=\"link\" tabindex=\"0\" data-b64=\"aHR0cHM6Ly93d3cuaW50ZXJmbG9yYS5mci9wL2VjcmluLWRlLXJvc2VzLzEvRlI\/dXRtX21lZGl1bT1vcmdhbmljJnV0bV9zb3VyY2U9YmxvZ19wcm9kdWN0cyZ1dG1fY2FtcGFpZ249M0VS\" data-target=\"_blank\"><svg xmlns=\"http:\/\/www.w3.org\/2000\/svg\" width=\"16\" height=\"16\" fill=\"currentColor\" class=\"bi bi-bag\" viewBox=\"0 0 16 16\"><path d=\"M8 1a2 2 0 0 1 2 2v1h2.5A1.5 1.5 0 0 1 14 5.5v8A1.5 1.5 0 0 1 12.5 15h-9A1.5 1.5 0 0 1 2 13.5v-8A1.5 1.5 0 0 1 3.5 3H6V2a2 2 0 0 1 2-1zm1 3V3a1 1 0 0 0-2 0v1h2z\"\/><\/svg>Voir le produit<\/span><p class=\"rapido\">Fleurs fra\u00eeches<\/p><\/div><div class=\"lp-produit\"><div class=\"lp-thumbnail-wrapper\"><img loading=\"lazy\" decoding=\"async\" width=\"300\" height=\"300\" src=\"https:\/\/www.interflora.fr\/blog\/wp-content\/uploads\/2025\/09\/1PEPLCMA-800Wx800H-0-1-25-300x300.jpg\" class=\"attachment-medium size-medium wp-post-image\" alt=\"\" srcset=\"https:\/\/www.interflora.fr\/blog\/wp-content\/uploads\/2025\/09\/1PEPLCMA-800Wx800H-0-1-25-300x300.jpg 300w, https:\/\/www.interflora.fr\/blog\/wp-content\/uploads\/2025\/09\/1PEPLCMA-800Wx800H-0-1-25-150x150.jpg 150w, https:\/\/www.interflora.fr\/blog\/wp-content\/uploads\/2025\/09\/1PEPLCMA-800Wx800H-0-1-25-768x768.jpg 768w, https:\/\/www.interflora.fr\/blog\/wp-content\/uploads\/2025\/09\/1PEPLCMA-800Wx800H-0-1-25.jpg 800w\" sizes=\"auto, (max-width: 300px) 100vw, 300px\" \/><img decoding=\"async\" class=\"lp-badge\" src=\"https:\/\/www.interflora.fr\/blog\/wp-content\/uploads\/2025\/06\/logo-circle.png\" alt=\"Livraison rapide Interflora\"><\/div><span>Coffret cadeau<\/span><p>57.95 \u20ac<\/p><span class=\"obf-link lp-cta\" role=\"link\" tabindex=\"0\" data-b64=\"aHR0cHM6Ly93d3cuaW50ZXJmbG9yYS5mci9wL3BldGl0LXBsYWlzaXItY2FydGUtbWVzc2FnZS1jaG9jb2xhdC8xL0ZSP3V0bV9tZWRpdW09b3JnYW5pYyZ1dG1fc291cmNlPWJsb2dfcHJvZHVjdHMmdXRtX2NhbXBhaWduPTFQRVBMQ01B\" data-target=\"_blank\"><svg xmlns=\"http:\/\/www.w3.org\/2000\/svg\" width=\"16\" height=\"16\" fill=\"currentColor\" class=\"bi bi-bag\" viewBox=\"0 0 16 16\"><path d=\"M8 1a2 2 0 0 1 2 2v1h2.5A1.5 1.5 0 0 1 14 5.5v8A1.5 1.5 0 0 1 12.5 15h-9A1.5 1.5 0 0 1 2 13.5v-8A1.5 1.5 0 0 1 3.5 3H6V2a2 2 0 0 1 2-1zm1 3V3a1 1 0 0 0-2 0v1h2z\"\/><\/svg>Voir le produit<\/span><p class=\"rapido\">Livraison rapide<\/p><\/div><div class=\"lp-produit\"><div class=\"lp-thumbnail-wrapper\"><img loading=\"lazy\" decoding=\"async\" width=\"300\" height=\"300\" src=\"https:\/\/www.interflora.fr\/blog\/wp-content\/uploads\/2025\/05\/B6DIV02-800Wx800H-0-1-4-300x300.jpg\" class=\"attachment-medium size-medium wp-post-image\" alt=\"\" srcset=\"https:\/\/www.interflora.fr\/blog\/wp-content\/uploads\/2025\/05\/B6DIV02-800Wx800H-0-1-4-300x300.jpg 300w, https:\/\/www.interflora.fr\/blog\/wp-content\/uploads\/2025\/05\/B6DIV02-800Wx800H-0-1-4-150x150.jpg 150w, https:\/\/www.interflora.fr\/blog\/wp-content\/uploads\/2025\/05\/B6DIV02-800Wx800H-0-1-4-768x768.jpg 768w, https:\/\/www.interflora.fr\/blog\/wp-content\/uploads\/2025\/05\/B6DIV02-800Wx800H-0-1-4.jpg 800w\" sizes=\"auto, (max-width: 300px) 100vw, 300px\" \/><img decoding=\"async\" class=\"lp-badge\" src=\"https:\/\/www.interflora.fr\/blog\/wp-content\/uploads\/2025\/06\/logo-circle.png\" alt=\"Livraison rapide Interflora\"><\/div><span>Coffret Joyeux anniversaire<\/span><p>45.95 \u20ac<\/p><span class=\"obf-link lp-cta\" role=\"link\" tabindex=\"0\" data-b64=\"aHR0cHM6Ly93d3cuaW50ZXJmbG9yYS5mci9wL2wtZWxlZ2FudC8wL0ZSP3V0bV9tZWRpdW09b3JnYW5pYyZ1dG1fc291cmNlPWJsb2dfcHJvZHVjdHMmdXRtX2NhbXBhaWduPUI2RElWMDI=\" data-target=\"_blank\"><svg xmlns=\"http:\/\/www.w3.org\/2000\/svg\" width=\"16\" height=\"16\" fill=\"currentColor\" class=\"bi bi-bag\" viewBox=\"0 0 16 16\"><path d=\"M8 1a2 2 0 0 1 2 2v1h2.5A1.5 1.5 0 0 1 14 5.5v8A1.5 1.5 0 0 1 12.5 15h-9A1.5 1.5 0 0 1 2 13.5v-8A1.5 1.5 0 0 1 3.5 3H6V2a2 2 0 0 1 2-1zm1 3V3a1 1 0 0 0-2 0v1h2z\"\/><\/svg>Voir le produit<\/span><p class=\"rapido\">Top produit<\/p><\/div><\/div>\n\n\n\n<div style=\"height:10px\" aria-hidden=\"true\" class=\"wp-block-spacer\"><\/div>\n\n\n\n<h2 class=\"wp-block-heading alignwide\">Envoyer un court SMS pour la f\u00eate des Grands-m\u00e8res<\/h2>\n\n\n\n<p>Un message est l\u2019occasion de mettre votre mamie \u00e0 l\u2019honneur en ce jour de f\u00eate. Et il n\u2019est pas forc\u00e9ment n\u00e9cessaire d\u2019\u00e9crire un long <a href=\"https:\/\/www.interflora.fr\/blog\/poemes-fete-des-grands-meres\">po\u00e8me \u00e0 votre mamie<\/a>. Quelques secondes suffisent pour envoyer un joli <strong>SMS pour la f\u00eate des Grands-m\u00e8res<\/strong> et lui transmettre votre affection&nbsp;!&nbsp;<\/p>\n\n\n\n<figure class=\"wp-block-image aligncenter size-full is-resized\"><img loading=\"lazy\" decoding=\"async\" width=\"800\" height=\"450\" src=\"https:\/\/www.interflora.fr\/blog\/wp-content\/uploads\/2026\/01\/fdgm-fleurs-grand-mere.jpg\" alt=\"\" class=\"wp-image-57480\" style=\"width:700px\" srcset=\"https:\/\/www.interflora.fr\/blog\/wp-content\/uploads\/2026\/01\/fdgm-fleurs-grand-mere.jpg 800w, https:\/\/www.interflora.fr\/blog\/wp-content\/uploads\/2026\/01\/fdgm-fleurs-grand-mere-300x169.jpg 300w, https:\/\/www.interflora.fr\/blog\/wp-content\/uploads\/2026\/01\/fdgm-fleurs-grand-mere-768x432.jpg 768w\" sizes=\"auto, (max-width: 800px) 100vw, 800px\" \/><\/figure>\n\n\n\n<h2 class=\"wp-block-heading\">Nos messages attendrissants in\u00e9dits pour votre mamie&nbsp;<\/h2>\n\n\n\n<ul class=\"wp-block-list\">\n<li>Tu es les racines de cette famille, notre lumi\u00e8re dans le noir, notre ciel \u00e9toil\u00e9 pour nous guider et celle qui donne sans compter. Joyeuse f\u00eate&nbsp;!<\/li>\n\n\n\n<li>Merci mamie pour cette place que tu gardes toujours au chaud dans ton c\u0153ur pour moi ! Bonne f\u00eate des Grands-m\u00e8res.<\/li>\n\n\n\n<li>Tu es le foyer qui r\u00e9chauffe nos c\u0153urs, un cadeau dans nos vies, merci. Profite de ce jour si particulier de l\u2019ann\u00e9e qui t&rsquo;est d\u00e9di\u00e9&nbsp;!<\/li>\n\n\n\n<li>En cette journ\u00e9e pour c\u00e9l\u00e9brer les mamies, je t\u2019envoie tout mon amour, des milliers de bisous et la promesse de te retrouver bient\u00f4t pour te serrer dans mes bras. Joyeuse f\u00eate mamie !&nbsp;&nbsp;&nbsp;<\/li>\n\n\n\n<li>Mille mercis pour toutes ces histoires, ces pansements sur mes petits genoux \u00e9corch\u00e9s et ces moments partag\u00e9s chaque ann\u00e9e. Je t\u2019embrasse tendrement en ce jour particulier qui t&rsquo;est d\u00e9di\u00e9. Bonne f\u00eate mamie !&nbsp;&nbsp;<\/li>\n\n\n\n<li>Mamie, sache que je t\u2019aime chaque seconde et je te remercie pour tout ce temps o\u00f9 tu as pris soin de moi quand j\u2019\u00e9tais enfant. Bonne f\u00eate !\u00a0<\/li>\n<\/ul>\n\n\n\n<h2 class=\"wp-block-heading\">Encore plus d&rsquo;id\u00e9es emplies de tendresse \u00e0 envoyer par SMS<\/h2>\n\n\n\n<ul class=\"wp-block-list\">\n<li>Les mamies sont le plus grand r\u00e9servoir d\u2019amour du monde ! \u00c0 la meilleure grand-m\u00e8re.&nbsp;&nbsp;<\/li>\n\n\n\n<li>J\u2019aurais pu avoir une autre mamie, mais avec toute la chance du monde, j\u2019ai pu profiter de tes bras. Je t\u2019envoie plein de bisous pour ta f\u00eate mamie.<\/li>\n\n\n\n<li>Merci mamie pour toutes ces fois o\u00f9 ta sagesse a fait la lumi\u00e8re sur la solution \u00e0 mes probl\u00e8mes. Je te souhaite une bonne f\u00eate des Grands-m\u00e8res !<\/li>\n\n\n\n<li>Il n\u2019y a pas de petits-enfants parfaits, il n\u2019y a pas de grands-parents parfaits. Mais il y a une multitude de moments parfaits que j\u2019ai partag\u00e9s avec toi mamie et que je partagerais encore ! Bonne f\u00eate Grand-m\u00e8re.&nbsp;<\/li>\n\n\n\n<li>Merci pour tout mamie, tu es la meilleure du monde ! Bonne f\u00eate des Grands-m\u00e8res.<\/li>\n\n\n\n<li>En ce jour de l\u2019ann\u00e9e, c\u2019est ta f\u00eate et \u00e7a m\u00e9rite que l\u2019on te le souhaite ! Joyeuse f\u00eate des Grands-m\u00e8res.&nbsp;<\/li>\n\n\n\n<li>Pour c\u00e9l\u00e9brer ce jour si particulier, je t\u2019envoie plein de bisous et d\u2019amour ! Bonne f\u00eate des Grands-m\u00e8res.&nbsp;<\/li>\n\n\n\n<li>Ma mamie, mon h\u00e9ro\u00efne au sourire si doux. Joyeuse f\u00eate des Grands-m\u00e8res !&nbsp;<\/li>\n\n\n\n<li>De nous deux, tu es la plus courageuse et de loin la plus g\u00e9n\u00e9reuse. Avec tout mon amour, ton petit-fils ou ta petite fille.&nbsp;&nbsp;<\/li>\n\n\n\n<li>Une grand-m\u00e8re est une personne \u00e0 admirer pendant encore de longues ann\u00e9es. Bonne f\u00eate des Grands-m\u00e8res.&nbsp;<\/li>\n\n\n\n<li>Parmi toutes les mamies du monde, je suis content(e) que tu sois la mienne ! Pleins de bisous pour la f\u00eate des Grands-m\u00e8res.&nbsp;<\/li>\n<\/ul>\n\n\n\n<figure class=\"wp-block-image aligncenter size-full is-resized\"><img loading=\"lazy\" decoding=\"async\" width=\"800\" height=\"450\" src=\"https:\/\/www.interflora.fr\/blog\/wp-content\/uploads\/2026\/01\/fdgm-cadeau-mamie.jpg\" alt=\"\" class=\"wp-image-57479\" style=\"width:700px\" srcset=\"https:\/\/www.interflora.fr\/blog\/wp-content\/uploads\/2026\/01\/fdgm-cadeau-mamie.jpg 800w, https:\/\/www.interflora.fr\/blog\/wp-content\/uploads\/2026\/01\/fdgm-cadeau-mamie-300x169.jpg 300w, https:\/\/www.interflora.fr\/blog\/wp-content\/uploads\/2026\/01\/fdgm-cadeau-mamie-768x432.jpg 768w\" sizes=\"auto, (max-width: 800px) 100vw, 800px\" \/><\/figure>\n\n\n\n<p>Ces exemples de <strong>petits messages pour la f\u00eate des Grands-m\u00e8res<\/strong> sont une cr\u00e9ation in\u00e9dite. Vous pouvez les utiliser librement pour les envoyer afin de <a href=\"https:\/\/www.interflora.fr\/blog\/comment-dire-merci-mamie\">remercier votre mamie<\/a> pour tout ce qu\u2019elle fait pour vous&nbsp;!<\/p>\n\n\n\n<h2 class=\"wp-block-heading\">Envoyer un message rigolo pour la f\u00eate des Grands-m\u00e8res<\/h2>\n\n\n\n<p>Si l\u2019humour est un trait de caract\u00e8re que vous partagez avec votre <strong>mamie<\/strong>, un petit message rigolo devrait la faire sourire !<\/p>\n\n\n\n<p>Voici nos id\u00e9es de <strong>messages humoristiques pour la f\u00eate des Grands-m\u00e8res<\/strong>&nbsp;:<\/p>\n\n\n\n<ul class=\"wp-block-list\">\n<li>Mamie, jamais tu ne vieillis, tu ne fais que prendre de la valeur. Bonne f\u00eate des grands-m\u00e8res !<\/li>\n\n\n\n<li>Merci mamie pour avoir insuffl\u00e9 en moi un peu plus de sagesse et de gourmandise ! Je t\u2019envoie plein d\u2019amour en ce jour des grands-m\u00e8res. Bonne f\u00eate !<\/li>\n\n\n\n<li>Un souhait pour ta f\u00eate : que ta journ\u00e9e soit parfaite ! Je t\u2019envoie mille bisous pour la f\u00eate des Grands-m\u00e8res.<\/li>\n\n\n\n<li>Je ne sais pas comment \u00e9crire de po\u00e8mes, mais je sais te dire que je t\u2019aime ! Bonne f\u00eate&nbsp;!&nbsp;<\/li>\n\n\n\n<li>Une grand-m\u00e8re, c\u2019est une personne avec de l\u2019argent dans les cheveux et de l\u2019or dans le c\u0153ur ! Bonne f\u00eate mamie.&nbsp;<\/li>\n\n\n\n<li>Tu ne portes peut-\u00eatre pas de cape, mais c\u2019est toi mon h\u00e9ro\u00efne ! Bonne f\u00eate grand-m\u00e8re.&nbsp;<\/li>\n\n\n\n<li>Merci mamie pour tout ton amour et les g\u00e2teaux au chocolat. Je garde tant de souvenirs de tes c\u00e2lins et de tes g\u00e2teaux au chocolat. Je te suis extr\u00eamement reconnaissant(e) pour toutes ces ann\u00e9es. Et ai-je mentionn\u00e9 tes g\u00e2teaux au chocolat ? Je t\u2019embrasse tendrement.&nbsp;<\/li>\n\n\n\n<li>Bonne f\u00eate, Mamie ! Tu sais que tu es une super mamie quand m\u00eame Google ne peut pas r\u00e9pondre \u00e0 toutes mes questions sur la vie aussi bien que toi. Bisous.<\/li>\n\n\n\n<li>Salut Mamie ! Bonne f\u00eate ! \u00c0 ton \u00e2ge, certains collectionnent des timbres, mais toi, tu collectionnes des souvenirs inoubliables avec style. Je t\u2019embrasse.&nbsp;<\/li>\n<\/ul>\n\n\n\n<figure class=\"wp-block-image aligncenter size-full is-resized\"><img loading=\"lazy\" decoding=\"async\" width=\"800\" height=\"450\" src=\"https:\/\/www.interflora.fr\/blog\/wp-content\/uploads\/2026\/01\/fdgm-tulipes-doubles-zoom.jpg\" alt=\"\" class=\"wp-image-57478\" style=\"width:700px\" srcset=\"https:\/\/www.interflora.fr\/blog\/wp-content\/uploads\/2026\/01\/fdgm-tulipes-doubles-zoom.jpg 800w, https:\/\/www.interflora.fr\/blog\/wp-content\/uploads\/2026\/01\/fdgm-tulipes-doubles-zoom-300x169.jpg 300w, https:\/\/www.interflora.fr\/blog\/wp-content\/uploads\/2026\/01\/fdgm-tulipes-doubles-zoom-768x432.jpg 768w\" sizes=\"auto, (max-width: 800px) 100vw, 800px\" \/><\/figure>\n\n\n\n<p>N\u2019h\u00e9sitez pas \u00e0 utiliser l\u2019un de ces <strong>petits mots pour la f\u00eate des Grands-m\u00e8res<\/strong> ou \u00e0 les adapter selon vos envies. Vous pouvez \u00e9galement vous en inspirer pour <a href=\"https:\/\/www.interflora.fr\/blog\/carte-bonne-fete-mamie\">\u00e9crire une carte de f\u00eate \u00e0 votre mamie<\/a>&nbsp;!<\/p>\n\n\n\n<h2 class=\"wp-block-heading\">Utiliser les citations pour la f\u00eate des Grands-m\u00e8res<\/h2>\n\n\n\n<p>Certaines personnes ont ce talent si particulier de mettre des mots sur nos sentiments et nos pens\u00e9es. <strong>Jean Gastaldi<\/strong> est un \u00e9crivain fran\u00e7ais, il est l\u2019auteur de nombreux ouvrages, dont \u00ab Le petit livre des grands-p\u00e8res et des grands-m\u00e8res \u00bb.&nbsp;<\/p>\n\n\n\n<p>Voici quelques-unes de ces <strong>citations sur les grands-m\u00e8res<\/strong> et l\u2019amour qu\u2019on leur porte :&nbsp;&nbsp;<\/p>\n\n\n\n<ul class=\"wp-block-list\">\n<li>\u00ab Une grand-m\u00e8re, c\u2019est la douceur alli\u00e9e \u00e0 l\u2019exp\u00e9rience. \u00bb<\/li>\n\n\n\n<li>\u00ab Le sourire d\u2019une grand-m\u00e8re vaut mieux que tous les pardons du monde. \u00bb<\/li>\n\n\n\n<li>\u00ab Dans les yeux malicieux de grand-m\u00e8re, il y a toute la bont\u00e9 du monde. \u00bb<\/li>\n\n\n\n<li>\u00ab Si je lui demande avec politesse, grand-m\u00e8re me r\u00e9pond avec tendresse. \u00bb<\/li>\n<\/ul>\n\n\n\n<figure class=\"wp-block-image aligncenter size-full is-resized\"><img decoding=\"async\" src=\"https:\/\/www.interflora.fr\/blog\/wp-content\/uploads\/2026\/01\/fdgm-fete-des-grands-meres-2.jpg\" alt=\"\" class=\"wp-image-57461\" style=\"width:700px\"\/><\/figure>\n\n\n\n<p>\u00c0 pr\u00e9sent, il ne vous reste plus qu\u2019\u00e0 dire \u00e0 votre <strong>mamie<\/strong> combien vous pensez \u00e0 elle. Et pour la surprendre encore plus, pourquoi ne pas lui faire livrer un <a href=\"https:\/\/www.interflora.fr\/c\/fleurs-fete-grand-meres\">bouquet de fleurs fra\u00eeches<\/a>&nbsp;?&nbsp;<\/p>\n\n\n\n<p>Messages, fleurs ou chocolats, l\u2019important est de ne pas oublier de lui porter une petite attention en ce d\u00e9but du mois de mars !<\/p>\n\n\n<div class=\"lp-produits-grid\"><div class=\"lp-produit\"><div class=\"lp-thumbnail-wrapper\"><img decoding=\"async\" class=\"lp-badge\" src=\"https:\/\/www.interflora.fr\/blog\/wp-content\/uploads\/2025\/06\/logo-circle.png\" alt=\"Livraison rapide Interflora\"><\/div><span>LEGO &#8211; Marguerites<\/span><p>0 \u20ac<\/p><span class=\"obf-link lp-cta\" role=\"link\" tabindex=\"0\" data-b64=\"P3V0bV9tZWRpdW09b3JnYW5pYyZ1dG1fc291cmNlPWJsb2dfcHJvZHVjdHMmdXRtX2NhbXBhaWduPUFJVEYyMjg=\" data-target=\"_blank\"><svg xmlns=\"http:\/\/www.w3.org\/2000\/svg\" width=\"16\" height=\"16\" fill=\"currentColor\" class=\"bi bi-bag\" viewBox=\"0 0 16 16\"><path d=\"M8 1a2 2 0 0 1 2 2v1h2.5A1.5 1.5 0 0 1 14 5.5v8A1.5 1.5 0 0 1 12.5 15h-9A1.5 1.5 0 0 1 2 13.5v-8A1.5 1.5 0 0 1 3.5 3H6V2a2 2 0 0 1 2-1zm1 3V3a1 1 0 0 0-2 0v1h2z\"\/><\/svg>Voir le produit<\/span><p class=\"rapido\">Fleurs fra\u00eeches<\/p><\/div><div class=\"lp-produit\"><div class=\"lp-thumbnail-wrapper\"><img loading=\"lazy\" decoding=\"async\" width=\"300\" height=\"300\" src=\"https:\/\/www.interflora.fr\/blog\/wp-content\/uploads\/2026\/04\/B2BDPC2-800Wx800H-0-1-300x300.jpg\" class=\"attachment-medium size-medium wp-post-image\" alt=\"\" srcset=\"https:\/\/www.interflora.fr\/blog\/wp-content\/uploads\/2026\/04\/B2BDPC2-800Wx800H-0-1-300x300.jpg 300w, https:\/\/www.interflora.fr\/blog\/wp-content\/uploads\/2026\/04\/B2BDPC2-800Wx800H-0-1-150x150.jpg 150w, https:\/\/www.interflora.fr\/blog\/wp-content\/uploads\/2026\/04\/B2BDPC2-800Wx800H-0-1-768x768.jpg 768w, https:\/\/www.interflora.fr\/blog\/wp-content\/uploads\/2026\/04\/B2BDPC2-800Wx800H-0-1.jpg 800w\" sizes=\"auto, (max-width: 300px) 100vw, 300px\" \/><img decoding=\"async\" class=\"lp-badge\" src=\"https:\/\/www.interflora.fr\/blog\/wp-content\/uploads\/2025\/06\/logo-circle.png\" alt=\"Livraison rapide Interflora\"><\/div><span>Brass\u00e9e de pivoines vari\u00e9es et ses chocolats<\/span><p>60.95 \u20ac<\/p><span class=\"obf-link lp-cta\" role=\"link\" tabindex=\"0\" data-b64=\"aHR0cHM6Ly93d3cuaW50ZXJmbG9yYS5mci9wL3Bpdm9pbmUtY2hvY29sYXQvMS9GUj91dG1fbWVkaXVtPW9yZ2FuaWMmdXRtX3NvdXJjZT1ibG9nX3Byb2R1Y3RzJnV0bV9jYW1wYWlnbj1CMkJEUEMy\" data-target=\"_blank\"><svg xmlns=\"http:\/\/www.w3.org\/2000\/svg\" width=\"16\" height=\"16\" fill=\"currentColor\" class=\"bi bi-bag\" viewBox=\"0 0 16 16\"><path d=\"M8 1a2 2 0 0 1 2 2v1h2.5A1.5 1.5 0 0 1 14 5.5v8A1.5 1.5 0 0 1 12.5 15h-9A1.5 1.5 0 0 1 2 13.5v-8A1.5 1.5 0 0 1 3.5 3H6V2a2 2 0 0 1 2-1zm1 3V3a1 1 0 0 0-2 0v1h2z\"\/><\/svg>Voir le produit<\/span><p class=\"rapido\">Livraison rapide<\/p><\/div><div class=\"lp-produit\"><div class=\"lp-thumbnail-wrapper\"><img loading=\"lazy\" decoding=\"async\" width=\"300\" height=\"300\" src=\"https:\/\/www.interflora.fr\/blog\/wp-content\/uploads\/2025\/05\/B2CH-800Wx800H-0-1-7-300x300.jpg\" class=\"attachment-medium size-medium wp-post-image\" alt=\"\" srcset=\"https:\/\/www.interflora.fr\/blog\/wp-content\/uploads\/2025\/05\/B2CH-800Wx800H-0-1-7-300x300.jpg 300w, https:\/\/www.interflora.fr\/blog\/wp-content\/uploads\/2025\/05\/B2CH-800Wx800H-0-1-7-150x150.jpg 150w, https:\/\/www.interflora.fr\/blog\/wp-content\/uploads\/2025\/05\/B2CH-800Wx800H-0-1-7-768x768.jpg 768w, https:\/\/www.interflora.fr\/blog\/wp-content\/uploads\/2025\/05\/B2CH-800Wx800H-0-1-7.jpg 800w\" sizes=\"auto, (max-width: 300px) 100vw, 300px\" \/><img decoding=\"async\" class=\"lp-badge\" src=\"https:\/\/www.interflora.fr\/blog\/wp-content\/uploads\/2025\/06\/logo-circle.png\" alt=\"Livraison rapide Interflora\"><\/div><span>Bouquet de chocolats<\/span><p>39.95 \u20ac<\/p><span class=\"obf-link lp-cta\" role=\"link\" tabindex=\"0\" data-b64=\"aHR0cHM6Ly93d3cuaW50ZXJmbG9yYS5mci9wL2NhZGVhdS1ib3VxdWV0LWNob2NvbGF0LzAvRlI\/dXRtX21lZGl1bT1vcmdhbmljJnV0bV9zb3VyY2U9YmxvZ19wcm9kdWN0cyZ1dG1fY2FtcGFpZ249QjJDSA==\" data-target=\"_blank\"><svg xmlns=\"http:\/\/www.w3.org\/2000\/svg\" width=\"16\" height=\"16\" fill=\"currentColor\" class=\"bi bi-bag\" viewBox=\"0 0 16 16\"><path d=\"M8 1a2 2 0 0 1 2 2v1h2.5A1.5 1.5 0 0 1 14 5.5v8A1.5 1.5 0 0 1 12.5 15h-9A1.5 1.5 0 0 1 2 13.5v-8A1.5 1.5 0 0 1 3.5 3H6V2a2 2 0 0 1 2-1zm1 3V3a1 1 0 0 0-2 0v1h2z\"\/><\/svg>Voir le produit<\/span><p class=\"rapido\">Livraison rapide<\/p><\/div><div class=\"lp-produit\"><div class=\"lp-thumbnail-wrapper\"><img loading=\"lazy\" decoding=\"async\" width=\"300\" height=\"300\" src=\"https:\/\/www.interflora.fr\/blog\/wp-content\/uploads\/2026\/02\/BEP09BL-800Wx800H-0-1-300x300.jpg\" class=\"attachment-medium size-medium wp-post-image\" alt=\"\" srcset=\"https:\/\/www.interflora.fr\/blog\/wp-content\/uploads\/2026\/02\/BEP09BL-800Wx800H-0-1-300x300.jpg 300w, https:\/\/www.interflora.fr\/blog\/wp-content\/uploads\/2026\/02\/BEP09BL-800Wx800H-0-1-150x150.jpg 150w, https:\/\/www.interflora.fr\/blog\/wp-content\/uploads\/2026\/02\/BEP09BL-800Wx800H-0-1-768x768.jpg 768w, https:\/\/www.interflora.fr\/blog\/wp-content\/uploads\/2026\/02\/BEP09BL-800Wx800H-0-1.jpg 800w\" sizes=\"auto, (max-width: 300px) 100vw, 300px\" \/><img decoding=\"async\" class=\"lp-badge\" src=\"https:\/\/www.interflora.fr\/blog\/wp-content\/uploads\/2025\/06\/logo-circle.png\" alt=\"Livraison rapide Interflora\"><\/div><span>Coffret LEGO\u00ae Bucolique<\/span><p>64.95 \u20ac<\/p><span class=\"obf-link lp-cta\" role=\"link\" tabindex=\"0\" data-b64=\"aHR0cHM6Ly93d3cuaW50ZXJmbG9yYS5mci9wL2NvZmZyZXQtbGVnby1idWNvbGlxdWUvMS9GUj91dG1fbWVkaXVtPW9yZ2FuaWMmdXRtX3NvdXJjZT1ibG9nX3Byb2R1Y3RzJnV0bV9jYW1wYWlnbj1CRVAwOUJM\" data-target=\"_blank\"><svg xmlns=\"http:\/\/www.w3.org\/2000\/svg\" width=\"16\" height=\"16\" fill=\"currentColor\" class=\"bi bi-bag\" viewBox=\"0 0 16 16\"><path d=\"M8 1a2 2 0 0 1 2 2v1h2.5A1.5 1.5 0 0 1 14 5.5v8A1.5 1.5 0 0 1 12.5 15h-9A1.5 1.5 0 0 1 2 13.5v-8A1.5 1.5 0 0 1 3.5 3H6V2a2 2 0 0 1 2-1zm1 3V3a1 1 0 0 0-2 0v1h2z\"\/><\/svg>Voir le produit<\/span><p class=\"rapido\">Top produit<\/p><\/div><\/div>\n\n\n\n<p><\/p>\n","protected":false},"excerpt":{"rendered":"<p>Nos grands-m\u00e8res aiment les petits mots et les petites attentions. Le premier dimanche de mars, n\u2019oubliez pas de souhaiter une [&hellip;]<\/p>\n","protected":false},"author":1,"featured_media":57592,"comment_status":"open","ping_status":"open","sticky":false,"template":"","format":"standard","meta":{"_uag_custom_page_level_css":"","site-sidebar-layout":"default","site-content-layout":"","ast-site-content-layout":"default","site-content-style":"default","site-sidebar-style":"default","ast-global-header-display":"","ast-banner-title-visibility":"","ast-main-header-display":"","ast-hfb-above-header-display":"","ast-hfb-below-header-display":"","ast-hfb-mobile-header-display":"","site-post-title":"","ast-breadcrumbs-content":"","ast-featured-img":"","footer-sml-layout":"","ast-disable-related-posts":"","theme-transparent-header-meta":"","adv-header-id-meta":"","stick-header-meta":"","header-above-stick-meta":"","header-main-stick-meta":"","header-below-stick-meta":"","astra-migrate-meta-layouts":"set","ast-page-background-enabled":"default","ast-page-background-meta":{"desktop":{"background-color":"var(--ast-global-color-5)","background-image":"","background-repeat":"repeat","background-position":"center center","background-size":"auto","background-attachment":"scroll","background-type":"","background-media":"","overlay-type":"","overlay-color":"","overlay-opacity":"","overlay-gradient":""},"tablet":{"background-color":"","background-image":"","background-repeat":"repeat","background-position":"center center","background-size":"auto","background-attachment":"scroll","background-type":"","background-media":"","overlay-type":"","overlay-color":"","overlay-opacity":"","overlay-gradient":""},"mobile":{"background-color":"","background-image":"","background-repeat":"repeat","background-position":"center center","background-size":"auto","background-attachment":"scroll","background-type":"","background-media":"","overlay-type":"","overlay-color":"","overlay-opacity":"","overlay-gradient":""}},"ast-content-background-meta":{"desktop":{"background-color":"var(--ast-global-color-4)","background-image":"","background-repeat":"repeat","background-position":"center center","background-size":"auto","background-attachment":"scroll","background-type":"","background-media":"","overlay-type":"","overlay-color":"","overlay-opacity":"","overlay-gradient":""},"tablet":{"background-color":"var(--ast-global-color-4)","background-image":"","background-repeat":"repeat","background-position":"center center","background-size":"auto","background-attachment":"scroll","background-type":"","background-media":"","overlay-type":"","overlay-color":"","overlay-opacity":"","overlay-gradient":""},"mobile":{"background-color":"var(--ast-global-color-4)","background-image":"","background-repeat":"repeat","background-position":"center center","background-size":"auto","background-attachment":"scroll","background-type":"","background-media":"","overlay-type":"","overlay-color":"","overlay-opacity":"","overlay-gradient":""}},"footnotes":""},"categories":[268,186],"tags":[269],"class_list":["post-31997","post","type-post","status-publish","format-standard","has-post-thumbnail","hentry","category-fete-des-grands-meres","category-printemps","tag-fete-des-grands-meres"],"uagb_featured_image_src":{"full":["https:\/\/www.interflora.fr\/blog\/wp-content\/uploads\/2025\/02\/messages-et-sms-fete-des-grands-meres-2-708x1024-1.jpg",708,1024,false],"thumbnail":["https:\/\/www.interflora.fr\/blog\/wp-content\/uploads\/2025\/02\/messages-et-sms-fete-des-grands-meres-2-708x1024-1-150x150.jpg",150,150,true],"medium":["https:\/\/www.interflora.fr\/blog\/wp-content\/uploads\/2025\/02\/messages-et-sms-fete-des-grands-meres-2-708x1024-1-207x300.jpg",207,300,true],"medium_large":["https:\/\/www.interflora.fr\/blog\/wp-content\/uploads\/2025\/02\/messages-et-sms-fete-des-grands-meres-2-708x1024-1.jpg",708,1024,false],"large":["https:\/\/www.interflora.fr\/blog\/wp-content\/uploads\/2025\/02\/messages-et-sms-fete-des-grands-meres-2-708x1024-1.jpg",708,1024,false],"1536x1536":["https:\/\/www.interflora.fr\/blog\/wp-content\/uploads\/2025\/02\/messages-et-sms-fete-des-grands-meres-2-708x1024-1.jpg",708,1024,false],"2048x2048":["https:\/\/www.interflora.fr\/blog\/wp-content\/uploads\/2025\/02\/messages-et-sms-fete-des-grands-meres-2-708x1024-1.jpg",708,1024,false]},"uagb_author_info":{"display_name":"admin","author_link":"https:\/\/www.interflora.fr\/blog\/author\/admin\/"},"uagb_comment_info":1,"uagb_excerpt":"Nos grands-m\u00e8res aiment les petits mots et les petites attentions. Le premier dimanche de mars, n\u2019oubliez pas de souhaiter une [&hellip;]","yoast_meta":{"title":"28 messages courts mais tendres pour la F\u00eate des grands-m\u00e8res | Interflora","description":"Souhaitez une bonne F\u00eate des grands-m\u00e8res \u00e0 votre mamie en lui envoyant un message attendrissant parmi cette s\u00e9lection."},"_links":{"self":[{"href":"https:\/\/www.interflora.fr\/blog\/wp-json\/wp\/v2\/posts\/31997","targetHints":{"allow":["GET"]}}],"collection":[{"href":"https:\/\/www.interflora.fr\/blog\/wp-json\/wp\/v2\/posts"}],"about":[{"href":"https:\/\/www.interflora.fr\/blog\/wp-json\/wp\/v2\/types\/post"}],"author":[{"embeddable":true,"href":"https:\/\/www.interflora.fr\/blog\/wp-json\/wp\/v2\/users\/1"}],"replies":[{"embeddable":true,"href":"https:\/\/www.interflora.fr\/blog\/wp-json\/wp\/v2\/comments?post=31997"}],"version-history":[{"count":1,"href":"https:\/\/www.interflora.fr\/blog\/wp-json\/wp\/v2\/posts\/31997\/revisions"}],"predecessor-version":[{"id":57593,"href":"https:\/\/www.interflora.fr\/blog\/wp-json\/wp\/v2\/posts\/31997\/revisions\/57593"}],"wp:featuredmedia":[{"embeddable":true,"href":"https:\/\/www.interflora.fr\/blog\/wp-json\/wp\/v2\/media\/57592"}],"wp:attachment":[{"href":"https:\/\/www.interflora.fr\/blog\/wp-json\/wp\/v2\/media?parent=31997"}],"wp:term":[{"taxonomy":"category","embeddable":true,"href":"https:\/\/www.interflora.fr\/blog\/wp-json\/wp\/v2\/categories?post=31997"},{"taxonomy":"post_tag","embeddable":true,"href":"https:\/\/www.interflora.fr\/blog\/wp-json\/wp\/v2\/tags?post=31997"}],"curies":[{"name":"wp","href":"https:\/\/api.w.org\/{rel}","templated":true}]}}