{"id":2752,"date":"2023-08-28T16:37:47","date_gmt":"2023-08-28T14:37:47","guid":{"rendered":"https:\/\/blog.bebloom.com\/?p=2752"},"modified":"2023-08-28T16:37:47","modified_gmt":"2023-08-28T14:37:47","slug":"culture-lavande","status":"publish","type":"post","link":"https:\/\/www.interflora.fr\/blog\/culture-lavande\/","title":{"rendered":"Fiche culture : Tout savoir sur la Lavande"},"content":{"rendered":"\n<p class=\"has-drop-cap\"><strong>La Lavande est, depuis l\u2019Antiquit\u00e9, une fleur appr\u00e9ci\u00e9e pour son parfum et ses incroyables propri\u00e9t\u00e9s m\u00e9dicinales<\/strong>. On l\u2019adore en huiles essentielles, en ballotins de tissu \u00e0 l\u2019odeur de Provence, ou tout simplement en bouquet de fleurs fra\u00eechement coup\u00e9es et de fleurs s\u00e9ch\u00e9es. Avec ses couleurs pleines d\u2019\u00e9nergie et de douceur, <strong>la Lavande donne du pep\u2019s tout en embaumant une odeur tr\u00e8s agr\u00e9able et estivale<\/strong>. Il existe plusieurs vari\u00e9t\u00e9s de lavandes, en g\u00e9n\u00e9ral tr\u00e8s faciles \u00e0 planter et entretenir. Envie de tout savoir sur cette plante-star de l\u2019\u00e9t\u00e9 ?<strong> Je vous ai concoct\u00e9 cette fiche-culture tr\u00e8s compl\u00e8te sur la Lavande !<\/strong><\/p>\n\n\n\n<figure class=\"wp-block-image aligncenter size-full\"><img decoding=\"async\" src=\"https:\/\/blog.bebloom.com\/wp-content\/uploads\/2022\/02\/champ-lavande-provence-paca.jpg\" alt=\"Champ lavande avec maison en pierre au loin\" class=\"wp-image-2761\"\/><figcaption class=\"wp-element-caption\"><em>Champs de lavande en Provence, dans la r\u00e9gion PACA<\/em><\/figcaption><\/figure>\n\n\n\n<hr class=\"wp-block-separator has-css-opacity\"\/>\n\n\n\n<div class=\"wp-block-columns is-layout-flex wp-container-core-columns-is-layout-28f84493 wp-block-columns-is-layout-flex\">\n<div class=\"wp-block-column is-layout-flow wp-block-column-is-layout-flow\" style=\"flex-basis:66.66%\">\n<h2 class=\"wp-block-heading\" id=\"identite-lavande\"><strong>Fiche d\u2019identit\u00e9 de la lavande<\/strong><\/h2>\n\n\n\n<p><strong>Rappel <\/strong>: les mots suivis de \ud83c\udf3b sont d\u00e9finis dans la colonne de droite (sur ordinateur) ou en fin d&rsquo;article (sur mobile)<\/p>\n\n\n\n<ul class=\"has-background wp-block-list\" style=\"background-color:#bb8e5f\">\n<li><strong>Nom :<\/strong> Lavande<\/li>\n\n\n\n<li><strong>Nom latin :<\/strong>&nbsp;Lavandula<\/li>\n\n\n\n<li><strong>Famille : <\/strong>Lamiaceae<\/li>\n\n\n\n<li><strong>Terre :<\/strong>&nbsp;Chaude, drain\u00e9e<\/li>\n\n\n\n<li><strong>Exposition :<\/strong> Soleil<\/li>\n\n\n\n<li><strong>Multiplication : <\/strong>Par semis, bouturage, marcottage<\/li>\n\n\n\n<li><strong>Mode de v\u00e9g\u00e9tation :<\/strong> Pots, pleine terre, rocaille<\/li>\n\n\n\n<li><strong style=\"color: initial;\">Hauteur <\/strong>: <span style=\"color: initial;\">60 cm. \u00e0 1 m.<\/span><\/li>\n\n\n\n<li><strong>Etalement et distance de plantation :<\/strong>&nbsp;30-50 cm. entre les plants<\/li>\n<\/ul>\n\n\n\n<div class=\"wp-block-columns is-layout-flex wp-container-core-columns-is-layout-28f84493 wp-block-columns-is-layout-flex\">\n<div class=\"wp-block-column is-layout-flow wp-block-column-is-layout-flow\">\n<h3 class=\"wp-block-heading has-text-align-center\" id=\"semis\">Plantation<\/h3>\n\n\n\n<figure class=\"wp-block-table calendar\"><table><tbody><tr><td class=\"has-text-align-center\" data-align=\"center\"><mark style=\"background-color:rgba(0, 0, 0, 0)\" class=\"has-inline-color has-vivid-purple-color\">J<\/mark><\/td><td class=\"has-text-align-center\" data-align=\"center\"><mark style=\"background-color:rgba(0, 0, 0, 0)\" class=\"has-inline-color has-vivid-purple-color\">F<\/mark><\/td><td class=\"has-text-align-center\" data-align=\"center\"><mark style=\"background-color:rgba(0, 0, 0, 0)\" class=\"has-inline-color has-vivid-purple-color\">M<\/mark><\/td><td class=\"has-text-align-center\" data-align=\"center\"><mark style=\"background-color:rgba(0, 0, 0, 0)\" class=\"has-inline-color has-vivid-purple-color\">A<\/mark><\/td><td class=\"has-text-align-center\" data-align=\"center\"><mark style=\"background-color:rgba(0, 0, 0, 0)\" class=\"has-inline-color has-vivid-purple-color\">M<\/mark><\/td><td class=\"has-text-align-center\" data-align=\"center\"><mark style=\"background-color:rgba(0, 0, 0, 0)\" class=\"has-inline-color has-vivid-purple-color\">J<\/mark><\/td><\/tr><tr><td class=\"has-text-align-center\" data-align=\"center\"><mark style=\"background-color:rgba(0, 0, 0, 0)\" class=\"has-inline-color has-vivid-purple-color\">J<\/mark><\/td><td class=\"has-text-align-center\" data-align=\"center\">A<\/td><td class=\"has-text-align-center\" data-align=\"center\"><mark style=\"background-color:rgba(0, 0, 0, 0)\" class=\"has-inline-color has-vivid-purple-color\">S<\/mark><\/td><td class=\"has-text-align-center\" data-align=\"center\"><mark style=\"background-color:rgba(0, 0, 0, 0)\" class=\"has-inline-color has-vivid-purple-color\">O<\/mark><\/td><td class=\"has-text-align-center\" data-align=\"center\"><mark style=\"background-color:rgba(0, 0, 0, 0)\" class=\"has-inline-color has-vivid-purple-color\">N<\/mark><\/td><td class=\"has-text-align-center\" data-align=\"center\"><mark style=\"background-color:rgba(0, 0, 0, 0)\" class=\"has-inline-color has-vivid-purple-color\">D<\/mark><\/td><\/tr><\/tbody><\/table><figcaption class=\"wp-element-caption\">Toute l&rsquo;ann\u00e9e<\/figcaption><\/figure>\n<\/div>\n\n\n\n<div class=\"wp-block-column is-layout-flow wp-block-column-is-layout-flow\">\n<h3 class=\"wp-block-heading has-text-align-center\" id=\"semis\">Floraison<\/h3>\n\n\n\n<figure class=\"wp-block-table calendar\"><table><tbody><tr><td class=\"has-text-align-center\" data-align=\"center\">J<\/td><td class=\"has-text-align-center\" data-align=\"center\">F<\/td><td class=\"has-text-align-center\" data-align=\"center\">M<\/td><td class=\"has-text-align-center\" data-align=\"center\">A<\/td><td class=\"has-text-align-center\" data-align=\"center\">M<\/td><td class=\"has-text-align-center\" data-align=\"center\"><mark style=\"background-color:rgba(0, 0, 0, 0)\" class=\"has-inline-color has-vivid-purple-color\">J<\/mark><\/td><\/tr><tr><td class=\"has-text-align-center\" data-align=\"center\"><mark style=\"background-color:rgba(0, 0, 0, 0)\" class=\"has-inline-color has-vivid-purple-color\">J<\/mark><\/td><td class=\"has-text-align-center\" data-align=\"center\"><mark style=\"background-color:rgba(0, 0, 0, 0)\" class=\"has-inline-color has-vivid-purple-color\">A<\/mark><\/td><td class=\"has-text-align-center\" data-align=\"center\"><mark style=\"background-color:rgba(0, 0, 0, 0)\" class=\"has-inline-color has-vivid-purple-color\">S<\/mark><\/td><td class=\"has-text-align-center\" data-align=\"center\">O<\/td><td class=\"has-text-align-center\" data-align=\"center\">N<\/td><td class=\"has-text-align-center\" data-align=\"center\">D<\/td><\/tr><\/tbody><\/table><figcaption class=\"wp-element-caption\">\u00c9t\u00e9<\/figcaption><\/figure>\n<\/div>\n<\/div>\n\n\n\n<h2 class=\"wp-block-heading\" id=\"culture-lavande\"><strong>Culture de la lavande<\/strong><\/h2>\n\n\n\n<p>Comment cultiver la Lavande ? \u00c0&nbsp;question simple r\u00e9ponse simple : <strong>la culture de la Lavande ne demande pratiquement aucun effort. <\/strong>L\u2019important est de<strong> bien choisir son emplacement<\/strong>, c\u2019est-\u00e0-dire un sol rocailleux, caillouteux, drain\u00e9 (\ud83c\udf3b), \u00e9ventuellement argilo-limoneux, et surtout ensoleill\u00e9. Il ne faut pas exposer les lavandes au froid, car <strong>ce ne sont pas des plantes rustiques.<\/strong><\/p>\n\n\n\n<figure class=\"wp-block-image aligncenter size-full is-resized\"><img loading=\"lazy\" decoding=\"async\" src=\"https:\/\/blog.bebloom.com\/wp-content\/uploads\/2022\/02\/lavande-abeille.jpg\" alt=\"Lavande avec abeille pos\u00e9e dessus\" class=\"wp-image-2762\" style=\"width:536px;height:357px\" width=\"536\" height=\"357\"\/><figcaption class=\"wp-element-caption\"><em>La lavande est une plante mellif\u00e8re : Elle aide la biodiversit\u00e9 et les insectes pollinisateurs<\/em><\/figcaption><\/figure>\n\n\n\n<p><strong>Comment planter de la lavande<\/strong> :<\/p>\n\n\n\n<p>De quoi avez-vous besoin pour planter de la Lavande ?&nbsp;<\/p>\n\n\n\n<ul class=\"wp-block-list\">\n<li>d\u2019un lieu ensoleill\u00e9&nbsp;<\/li>\n\n\n\n<li>d\u2019une terre bien drain\u00e9e&nbsp;<\/li>\n\n\n\n<li>de compost bien d\u00e9compos\u00e9<\/li>\n<\/ul>\n\n\n\n<p>O\u00f9 planter la lavande :<\/p>\n\n\n\n<ul class=\"wp-block-list\">\n<li>en pot, sur un balcon<\/li>\n\n\n\n<li>en pleine terre, sur un bord de chemin ou un coin rocailleux<\/li>\n<\/ul>\n\n\n\n<p>Ensuite, <strong>quand planter vos lavandes ? <\/strong>On peut planter des lavandes toute l\u2019ann\u00e9e, elles fleuriront entre la fin du printemps et la fin de l\u2019automne.<\/p>\n\n\n\n<h2 class=\"wp-block-heading\" id=\"arrosage-lavande\"><strong>Comment arroser la lavande<\/strong><\/h2>\n\n\n\n<div class=\"wp-block-columns has-background is-layout-flex wp-container-core-columns-is-layout-28f84493 wp-block-columns-is-layout-flex\" style=\"background-color:#8ebb5f\">\n<div class=\"wp-block-column is-layout-flow wp-block-column-is-layout-flow\" style=\"flex-basis:100%\">\n<p>Attention, <strong>l\u2019arrosage est LE point d\u00e9licat de la culture de la lavandula.<\/strong> Alors, \u00e0 quelle fr\u00e9quence arroser ma lavande ? C\u2019est simple :<strong> en saison humide, comme au printemps<\/strong>, laissez votre Lavande tranquillement absorber l\u2019eau emmagasin\u00e9e dans la terre pendant l\u2019hiver. <strong>Et en saison s\u00e8che<\/strong>, un arrosage tr\u00e8s limit\u00e9 suffit \u00e0 son bonheur. Petite exception \u00e0 prendre en compte :<strong> la premi\u00e8re ann\u00e9e apr\u00e8s la plantation, la Lavande peut avoir besoin d\u2019arrosages plus r\u00e9guliers<\/strong>.&nbsp;<\/p>\n\n\n\n<p>Voici aussi une astuce arrosage : <strong>bassinez (\ud83c\udf3b) bien le pied de vos lavandes avant de les replanter<\/strong>, binez bien la terre \u00e9galement, et paillez les, tout cela rendra les arrosages encore moins n\u00e9cessaires.&nbsp;<\/p>\n<\/div>\n<\/div>\n\n\n\n<h2 class=\"wp-block-heading\" id=\"entretien-et-multiplication-lavande\"><strong>Entretien et multiplication de la lavandula<\/strong><\/h2>\n\n\n\n<p>L\u2019entretien de la Lavande est l\u2019un des plus faciles du monde des plantes.<strong> Il suffit d\u2019une taille s\u00e9v\u00e8re \u00e0 la fin de la floraison.<\/strong> Si la terre est trop acide, on peut aussi l\u2019amender avec un terreau moins acide ou un compost bien d\u00e9compos\u00e9 pour la r\u00e9\u00e9quilibrer.&nbsp;<\/p>\n\n\n\n<p>Comment multiplier la Lavande ? <strong>Trois techniques s\u2019offrent au jardinier :<\/strong><\/p>\n\n\n\n<ul class=\"wp-block-list\">\n<li>le semis, en pot, sous un abri type v\u00e9randa si on plante avant les derni\u00e8res gel\u00e9es<\/li>\n\n\n\n<li>le bouturage (\ud83c\udf3b), classique, en veillant l\u00e0 encore \u00e0 ne pas exposer la plante au gel<\/li>\n\n\n\n<li>le marcottage (\ud83c\udf3b), qui permet de r\u00e9aliser de jolies rang\u00e9es de lavandula<\/li>\n<\/ul>\n\n\n\n<h2 class=\"wp-block-heading\" id=\"maladies-et-parasites-lavande\"><strong>Les maladies et parasites de la Lavandula<\/strong><\/h2>\n\n\n\n<p>L\u2019ennemi n\u00b01 de la Lavande s\u2019appelle <strong>le phytoplasme de Stolbur<\/strong>, <strong>un micro-organisme qui a d\u00e9truit une large partie de la production fran\u00e7aise \u00e0 plusieurs reprises ces derni\u00e8res ann\u00e9es<\/strong>. Le Stolbur est v\u00e9hicul\u00e9 par un insecte suceur de s\u00e8ve appel\u00e9 cicadelle (\ud83c\udf3b), contre lequel il faut agir sans d\u00e9lai quand on l\u2019identifie, notamment en br\u00fblant les parties infect\u00e9es de la plante.&nbsp;<\/p>\n\n\n\n<figure class=\"wp-block-image aligncenter size-full\"><img decoding=\"async\" src=\"https:\/\/blog.bebloom.com\/wp-content\/uploads\/2022\/02\/lavande2.jpg\" alt=\"Lavande\" class=\"wp-image-2764\"\/><figcaption class=\"wp-element-caption\"><em>Si la lavande est facile \u00e0 cultiver, son pire ennemi est le Stolbur, v\u00e9hicul\u00e9 par les cicadelles<\/em><\/figcaption><\/figure>\n\n\n\n<h2 class=\"wp-block-heading\" id=\"recolte-lavande\"><strong>R\u00e9colte de la lavandula<\/strong><\/h2>\n\n\n\n<p>Comment r\u00e9colter des lavandes ? C\u2019est une question que se pose le jardinier qui les cultive : quelle est la meilleure m\u00e9thode pour r\u00e9colter les Lavandula ? <strong>Toutes les vari\u00e9t\u00e9s peuvent \u00eatre simplement coup\u00e9es, qu\u2019il s\u2019agisse de r\u00e9aliser un bouquet ou des pr\u00e9parations m\u00e9dicinales<\/strong>. Parfois on ne pr\u00e9l\u00e8ve que les fleurs, comestibles, par exemple pour d\u00e9corer un plat.&nbsp;&nbsp;&nbsp;&nbsp;&nbsp;&nbsp;&nbsp;&nbsp;&nbsp;&nbsp;&nbsp;&nbsp;&nbsp;&nbsp;&nbsp;&nbsp;&nbsp;&nbsp;&nbsp;&nbsp;&nbsp;&nbsp;&nbsp;&nbsp;&nbsp;&nbsp;&nbsp;<\/p>\n\n\n\n<p>Mais la question principale pour le jardinier est : <strong>quand r\u00e9colter les lavandes ?&nbsp;<\/strong><\/p>\n\n\n\n<p>La r\u00e9ponse est tr\u00e8s simple, deux possibilit\u00e9s s\u2019offrent \u00e0 vous :<\/p>\n\n\n\n<ul class=\"wp-block-list\">\n<li><strong>Apr\u00e8s la floraison <\/strong>des premi\u00e8res lavandes, intenses en parfum<\/li>\n\n\n\n<li><strong>Au milieu de l\u2019\u00e9t\u00e9<\/strong>, pendant les fortes chaleurs, qui font monter la s\u00e8ve dans la tige de la lavande et la charge l\u00e0 aussi en ar\u00f4mes.&nbsp;<\/li>\n<\/ul>\n\n\n\n<p>Il est tr\u00e8s important de <strong>bien tailler vos plants pour b\u00e9n\u00e9ficier d\u2019une repousse l\u2019\u00e9t\u00e9 suivant.&nbsp;<\/strong><\/p>\n\n\n\n<p>Comment utiliser la r\u00e9colte ? <strong>On peut r\u00e9aliser des huiles essentielles, des bouquets s\u00e9ch\u00e9s, des confitures et du miel, mais aussi pr\u00e9parer des boutures<\/strong>. Le bouturage est, comme l\u2019entretien, accessible au jardinier confirm\u00e9 comme d\u00e9butant.&nbsp;<\/p>\n\n\n\n<h2 class=\"wp-block-heading\" id=\"meilleures-varietes-lavande\"><strong>Les meilleures vari\u00e9t\u00e9s de lavande \u00e0 cultiver<\/strong><\/h2>\n\n\n\n<p><strong><a href=\"https:\/\/www.interflora.fr\/blog\/culture-lavande-papillon\/\" target=\"_blank\" rel=\"noreferrer noopener\">Lavande papillon (lavandula stoechas)<\/a><\/strong> : Tr\u00e8s esth\u00e9tique avec ses bract\u00e9es au sommet de la lavande, assez haute. Id\u00e9ale pour r\u00e9ussir une belle d\u00e9coration d\u2019ext\u00e9rieur.<\/p>\n\n\n\n<figure class=\"wp-block-image aligncenter size-full is-resized\"><img loading=\"lazy\" decoding=\"async\" src=\"https:\/\/blog.bebloom.com\/wp-content\/uploads\/2022\/02\/lavande-papillon2.jpg\" alt=\"Lavande papillon\" class=\"wp-image-2745\" style=\"width:536px;height:357px\" width=\"536\" height=\"357\"\/><figcaption class=\"wp-element-caption\"><em>Lavande papillon<\/em><\/figcaption><\/figure>\n\n\n\n<p><strong><a href=\"https:\/\/www.interflora.fr\/blog\/culture-lavande-aspic\/\" target=\"_blank\" rel=\"noreferrer noopener\">Lavande aspic (lavandula latifolia \/ spica)<\/a><\/strong> : Pl\u00e9biscit\u00e9e pour ses propri\u00e9t\u00e9s en huile essentielle, l\u2019aspic poss\u00e8de aussi de belles grandes feuilles. Pousse \u00e0 l\u2019\u00e9tat naturel autour de 0 \u00e0 600 m.<\/p>\n\n\n\n<figure class=\"wp-block-image aligncenter size-full\"><img decoding=\"async\" src=\"https:\/\/blog.bebloom.com\/wp-content\/uploads\/2022\/02\/lavande-aspic.jpg\" alt=\"Lavande aspic fleurie\" class=\"wp-image-2737\"\/><figcaption class=\"wp-element-caption\"><em>Lavande aspic<\/em><\/figcaption><\/figure>\n\n\n\n<p><strong>Lavande vraie \/ officinale (lavandula angustifolia)<\/strong> : La lavandula iconique, tr\u00e8s recherch\u00e9e pour ses qualit\u00e9s m\u00e9dicinales.<\/p>\n\n\n\n<figure class=\"wp-block-image aligncenter size-full is-resized\"><img loading=\"lazy\" decoding=\"async\" src=\"https:\/\/blog.bebloom.com\/wp-content\/uploads\/2022\/02\/lavande-vraie.jpg\" alt=\"Lavande vraie\" class=\"wp-image-2774\" style=\"width:536px;height:357px\" width=\"536\" height=\"357\"\/><figcaption class=\"wp-element-caption\"><em>Lavande vraie<\/em><\/figcaption><\/figure>\n\n\n\n<p><strong>Lavande hidcote<\/strong> : Les lavandes hidcote poss\u00e8dent des fleurs tr\u00e8s fonc\u00e9es, superbes pour r\u00e9aliser des bouquets de fleurs s\u00e9ch\u00e9es.<\/p>\n\n\n\n<figure class=\"wp-block-image aligncenter size-full\"><img decoding=\"async\" src=\"https:\/\/blog.bebloom.com\/wp-content\/uploads\/2022\/02\/lavande-hidcote.jpg\" alt=\"Lavande hidcote\" class=\"wp-image-2773\"\/><figcaption class=\"wp-element-caption\"><em>Lavande hidcote<\/em><\/figcaption><\/figure>\n\n\n\n<p><strong><a href=\"https:\/\/www.interflora.fr\/blog\/culture-lavande-anglaise\/\" target=\"_blank\" rel=\"noreferrer noopener\">Lavande anglaise (lavandula dentata)<\/a><\/strong> : On adore son feuillage cr\u00e9nel\u00e9 et ses fleurs couleur lilas. La lavande anglaise n\u2019appr\u00e9cie pas l\u2019humidit\u00e9, malgr\u00e9 son nom.<\/p>\n\n\n\n<figure class=\"wp-block-image aligncenter size-full\"><img decoding=\"async\" src=\"https:\/\/blog.bebloom.com\/wp-content\/uploads\/2022\/02\/lavande-anglaise.jpg\" alt=\"Lavande anglaise\" class=\"wp-image-2647\"\/><figcaption class=\"wp-element-caption\"><em>Lavande anglaise<\/em><\/figcaption><\/figure>\n\n\n\n<p><strong>Le lavandin (lavandula x intermedia)<\/strong> : Hybride st\u00e9rile de deux lavandes, le lavandin ne peut se reproduire, en revanche il est tr\u00e8s r\u00e9sistant.<\/p>\n\n\n\n<figure class=\"wp-block-image aligncenter size-full is-resized\"><img loading=\"lazy\" decoding=\"async\" src=\"https:\/\/blog.bebloom.com\/wp-content\/uploads\/2022\/02\/lavandin.jpg\" alt=\"Lavandin\" class=\"wp-image-2772\" style=\"width:536px;height:357px\" width=\"536\" height=\"357\"\/><figcaption class=\"wp-element-caption\"><em>Lavandin<\/em><\/figcaption><\/figure>\n\n\n\n<p><strong>Lavande blanche<\/strong> : \u00c0 la fois incroyablement originale avec ses belles fleurs blanches, et tr\u00e8s recherch\u00e9e pour ses propri\u00e9t\u00e9s m\u00e9dicinales en huiles essentielles.<\/p>\n\n\n\n<figure class=\"wp-block-image aligncenter size-full\"><img decoding=\"async\" src=\"https:\/\/blog.bebloom.com\/wp-content\/uploads\/2022\/02\/lavande-blanche.jpg\" alt=\"Lavande blanche\" class=\"wp-image-2771\"\/><figcaption class=\"wp-element-caption\"><em>Lavande blanche<\/em><\/figcaption><\/figure>\n<\/div>\n\n\n\n<div class=\"wp-block-column is-layout-flow wp-block-column-is-layout-flow\" style=\"flex-basis:33.33%\">\n<hr class=\"wp-block-separator has-css-opacity is-style-default\"\/>\n\n\n\n<figure class=\"wp-block-gallery aligncenter has-nested-images columns-1 is-cropped wp-block-gallery-1 is-layout-flex wp-block-gallery-is-layout-flex\">\n<figure class=\"wp-block-image aligncenter size-full\"><img decoding=\"async\" data-id=\"2760\" src=\"https:\/\/blog.bebloom.com\/wp-content\/uploads\/2022\/02\/lavande-portrait.jpg\" alt=\"Lavande\" class=\"wp-image-2760\"\/><\/figure>\n<\/figure>\n\n\n\n<hr class=\"wp-block-separator has-css-opacity\"\/>\n\n\n\n<h2 class=\"wp-block-heading\" id=\"definitions\">D\u00e9finitions (\ud83c\udf3b)<\/h2>\n\n\n\n<div class=\"wp-block-columns vocabulaire is-layout-flex wp-container-core-columns-is-layout-28f84493 wp-block-columns-is-layout-flex\">\n<div class=\"wp-block-column vocabulaire is-layout-flow wp-block-column-is-layout-flow\">\n<h5 class=\"wp-block-heading\"><strong>Qu&rsquo;est-ce que le MARCOTTAGE ?<\/strong><\/h5>\n\n\n\n<p>Le marcottage est <strong>l\u2019un des modes de multiplication des plantes<\/strong>. Les jardiniers peuvent r\u00e9aliser des semis, des boutures, ou ils peuvent marcotter les tiges d\u2019un v\u00e9g\u00e9tal d\u00e9j\u00e0 pouss\u00e9, c\u2019est-\u00e0-dire <strong>enterrer la partie haute souple d\u2019une tige pour cr\u00e9er une nouvelle plante <\/strong>\u00e0 c\u00f4t\u00e9 de la plante originelle.&nbsp;<\/p>\n\n\n\n<h5 class=\"wp-block-heading\"><strong>Qu&rsquo;est-ce qu\u2019une plante MELLIF\u00c8RE ?<\/strong><\/h5>\n\n\n\n<p>Une plante est consid\u00e9r\u00e9e comme mellif\u00e8re<strong> lorsque ses fleurs aident les insectes pollinisateurs et les abeilles \u00e0 se procurer le nectar indispensable pour produire leur miel<\/strong>. Une fleur mellif\u00e8re comme en poss\u00e8dent&nbsp; les diff\u00e9rentes vari\u00e9t\u00e9s de lavandes est un atout tr\u00e8s utile \u00e0 la petite faune et \u00e0 la protection de la biodiversit\u00e9.<\/p>\n\n\n\n<h5 class=\"wp-block-heading\"><strong>Qu&rsquo;est-ce que les CICADELLES ?<\/strong><\/h5>\n\n\n\n<p>Parmi <strong>les plus redoutables ravageurs des lavandes<\/strong>, chaque jardinier redoute en particulier les cicadelles, <strong>ces vers suceurs qui diffusent une bact\u00e9rie appel\u00e9e Stolbur<\/strong>. Les cicadelles bloquent aussi la circulation de la s\u00e8ve dans la plante.&nbsp;<\/p>\n\n\n\n<h5 class=\"wp-block-heading\"><strong>Qu&rsquo;est-ce que le DRAINAGE ?<\/strong><\/h5>\n\n\n\n<p>Une terre bien drain\u00e9e est une <strong>terre o\u00f9 l\u2019eau peut \u00eatre \u00e9vacu\u00e9e au lieu d\u2019\u00eatre stock\u00e9e<\/strong>, au risque de provoquer une d\u00e9gradation du syst\u00e8me racinaire, voire de faire mourir la plante trop aliment\u00e9e en eau. On emploie souvent <strong>des billes d\u2019argile pour maintenir un drainage efficace<\/strong> en permanence \u00e0 la base du pot de la plante.&nbsp;<\/p>\n\n\n\n<h5 class=\"wp-block-heading\"><strong>Qu&rsquo;est-ce que le BASSINAGE&nbsp; ?<\/strong><\/h5>\n\n\n\n<p>On bassine un v\u00e9g\u00e9tal quand<strong> on l\u2019humidifie dans l\u2019eau avant de le placer dans le sol et d\u2019en recouvrir sa base<\/strong>. Ce bassinage peut \u00eatre r\u00e9alis\u00e9 en quelques secondes ou plusieurs heures selon les vari\u00e9t\u00e9s de v\u00e9g\u00e9taux utilis\u00e9s.&nbsp;<\/p>\n\n\n\n<h5 class=\"wp-block-heading\"><strong>Qu&rsquo;est-ce que le BOUTURAGE ?<\/strong><\/h5>\n\n\n\n<p>Le bouturage est l\u2019action qui consiste \u00e0 cr\u00e9er \u00e0 partir d\u2019une bouture une nouvelle plante. Le bouturage est r\u00e9alis\u00e9 en replantant une partie des branches ou des tiges d\u2019un sujet originel.<\/p>\n<\/div>\n<\/div>\n\n\n\n<h2 class=\"wp-block-heading\" id=\"le-saviez-vous\">Le saviez-vous ?<\/h2>\n\n\n\n<h3 class=\"wp-block-heading\"><strong>L\u2019histoire des Lavandula<\/strong><\/h3>\n\n\n\n<p>Les Romains appr\u00e9ciaient d\u00e9j\u00e0 cette fleur indissociable du Bassin m\u00e9diterran\u00e9en. <strong>Dans l\u2019Antiquit\u00e9 d\u00e9j\u00e0, elle servait \u00e0 parfumer des bains chauds, mais aussi \u00e0 r\u00e9aliser des huiles essentielles. <\/strong>Ces huiles essentielles sont r\u00e9put\u00e9es depuis longtemps pour leurs <strong>qualit\u00e9s contre les douleurs, les maladies de peau, les maux de t\u00eate.&nbsp;<\/strong><\/p>\n\n\n\n<p>Par la suite, d\u00e8s le Moyen-Age, on place des fleurs s\u00e9ch\u00e9es dans <strong>de petits ballots de tissus destin\u00e9s \u00e0 rafra\u00eechir et parfumer le linge, mais aussi \u00e0 tenir les parasites \u00e0 distance.<\/strong> Cette tradition perdure encore aujourd\u2019hui.&nbsp;<\/p>\n\n\n\n<p>Bien s\u00fbr, avec l\u2019essor des cosm\u00e9tiques et <strong>de la parfumerie, notamment dans la r\u00e9gion de la ville de Grasse<\/strong>, un nouvel engouement va na\u00eetre pour ces fleurs aux odeurs envo\u00fbtantes. C\u2019est ainsi devenu<strong> le symbole de toute une \u00e9conomie de la parfumerie et de toute une r\u00e9gion<\/strong>, o\u00f9 sont diss\u00e9min\u00e9s les alambics utilis\u00e9s pour distiller le parfum.&nbsp;<\/p>\n\n\n\n<p>S\u2019il s\u2019agit d\u2019une plante indig\u00e8ne en Provence et autour de la M\u00e9diterrann\u00e9e, elle s\u2019est aussi d\u00e9velopp\u00e9e ailleurs. On l\u2019a ainsi plant\u00e9e \u00e9galement dans d\u2019autres r\u00e9gions de France, <strong>comme le Querc<\/strong>y. Mais surtout, elle s\u2019est r\u00e9pandue en Europe de l\u2019Est, o\u00f9 sa production est devenue massive, notamment en Bulgarie.&nbsp;<\/p>\n\n\n\n<h3 class=\"wp-block-heading\"><strong>Langage des fleurs<\/strong><\/h3>\n\n\n\n<p>Le langage des fleurs est parfois tr\u00e8s explicite, par exemple lorsque la rose signifie l\u2019amour ou le lys la noblesse. Parfois il est plus complexe \u00e0 d\u00e9chiffrer et \u00e0 interpr\u00e9ter. C\u2019est ainsi que de nombreux penseurs, botanistes mais aussi religieux s\u2019interrogent depuis longtemps : <strong>quelle est la symbolique de la lavande ?&nbsp;<\/strong><\/p>\n\n\n\n<p>On pr\u00eate \u00e0 cette fleur extraordinaire <strong>une signification rattach\u00e9e au calme, \u00e0 l\u2019apaisement, \u00e0 la s\u00e9r\u00e9nit\u00e9<\/strong>, sans doute en raison des huiles essentielles qu\u2019elle permet de produire pour adoucir les maux de t\u00eate.&nbsp;<\/p>\n\n\n\n<p>C\u2019est \u00e9galement un<strong> symbole de sant\u00e9 et de bien-\u00eatre, toujours pour ses qualit\u00e9s m\u00e9dicinales<\/strong> mais aussi en raison de son utilisation dans les bains relaxants.&nbsp;<\/p>\n\n\n\n<p>Quelquefois, ce superbe v\u00e9g\u00e9tal est associ\u00e9 \u00e0 la bonne sant\u00e9 morale, \u00e0 la vertu, \u00e0 la bonne conduite. <strong>Ou \u00e0 l\u2019inverse, \u00e0 la volupt\u00e9, voire \u00e0 la s\u00e9duction et au plaisir physique <\/strong>: on raconte ainsi que Casanova en parfumait son papier \u00e0 lettres pour des missives enflamm\u00e9es.<\/p>\n\n\n\n<hr class=\"wp-block-separator has-css-opacity is-style-default\"\/>\n<\/div>\n<\/div>\n\n\n\n<h2 class=\"wp-block-heading\" id=\"les-petits-de-celestin\">Les petits + :<\/h2>\n\n\n\n<div class=\"wp-block-columns is-layout-flex wp-container-core-columns-is-layout-28f84493 wp-block-columns-is-layout-flex\">\n<div class=\"wp-block-column is-layout-flow wp-block-column-is-layout-flow\" style=\"flex-basis:100%\">\n<p class=\"has-background\" style=\"background-color:#5fbb5f\"><strong>La Lavandula est une plante parfaite pour d\u00e9limiter un chemin, marquer un bord de jardin ou encore bordurer un potager.<\/strong> Elle est mellif\u00e8re (\ud83c\udf3b) donc aide la biodiversit\u00e9 et les insectes pollinisateurs, mais elle \u00e9loigne aussi les pucerons de nos l\u00e9gumes. On peut ainsi<strong> l\u2019associer les yeux ferm\u00e9s avec les v\u00e9g\u00e9taux suivants :<\/strong><\/p>\n\n\n\n<ol class=\"wp-block-list\">\n<li>Sauge<\/li>\n\n\n\n<li>Thym<\/li>\n\n\n\n<li>Ysopet<\/li>\n\n\n\n<li>Rosiers<\/li>\n\n\n\n<li>Violettes<\/li>\n\n\n\n<li>Radis<\/li>\n\n\n\n<li>Choux<\/li>\n\n\n\n<li>Tomates<\/li>\n\n\n\n<li>Courgettes<\/li>\n\n\n\n<li>Santoline<\/li>\n<\/ol>\n\n\n\n<p>Bien s\u00fbr, lors de l\u2019organisation du jardin,<strong> il faut veiller \u00e0 l\u2019emplacement de chaque v\u00e9g\u00e9tal <\/strong>pour \u00e9viter que l\u2019arrosage d\u2019un l\u00e9gume ou d\u2019un plant voisin se r\u00e9v\u00e8le trop abondant pour la lavandula.<\/p>\n<\/div>\n<\/div>\n\n\n\n<p><\/p>\n\n\n\n<p>Cette fiche vous a-t-elle \u00e9t\u00e9 utile ? Si comme moi, vous adorez les lavandes, leur parfum, leurs propri\u00e9t\u00e9s m\u00e9dicinales, leurs incroyables couleurs : N\u2019h\u00e9sitez pas \u00e0 partager vos meilleures astuces sur les lavandes et \u00e0 me dire laquelle vous pr\u00e9f\u00e9rez !<\/p>\n","protected":false},"excerpt":{"rendered":"<p>La Lavande est, depuis l\u2019Antiquit\u00e9, une fleur appr\u00e9ci\u00e9e pour son parfum et ses incroyables propri\u00e9t\u00e9s m\u00e9dicinales. On l\u2019adore en huiles essentielles, en ballotins de tissu \u00e0 l\u2019odeur de Provence, ou tout simplement en bouquet de fleurs fra\u00eechement coup\u00e9es et de fleurs s\u00e9ch\u00e9es. Avec ses couleurs pleines d\u2019\u00e9nergie et de douceur, la Lavande donne du pep\u2019s tout en embaumant une odeur tr\u00e8s agr\u00e9able et estivale. Il existe plusieurs vari\u00e9t\u00e9s de lavandes, en g\u00e9n\u00e9ral tr\u00e8s faciles \u00e0 planter et entretenir. Envie de tout savoir sur cette plante-star de l\u2019\u00e9t\u00e9 ? Je vous ai concoct\u00e9 cette fiche-culture tr\u00e8s compl\u00e8te sur la Lavande !<\/p>\n","protected":false},"author":1,"featured_media":36536,"comment_status":"open","ping_status":"open","sticky":false,"template":"","format":"standard","meta":{"_uag_custom_page_level_css":"","site-sidebar-layout":"default","site-content-layout":"","ast-site-content-layout":"default","site-content-style":"default","site-sidebar-style":"default","ast-global-header-display":"","ast-banner-title-visibility":"","ast-main-header-display":"","ast-hfb-above-header-display":"","ast-hfb-below-header-display":"","ast-hfb-mobile-header-display":"","site-post-title":"","ast-breadcrumbs-content":"","ast-featured-img":"","footer-sml-layout":"","ast-disable-related-posts":"","theme-transparent-header-meta":"","adv-header-id-meta":"","stick-header-meta":"","header-above-stick-meta":"","header-main-stick-meta":"","header-below-stick-meta":"","astra-migrate-meta-layouts":"set","ast-page-background-enabled":"default","ast-page-background-meta":{"desktop":{"background-color":"var(--ast-global-color-5)","background-image":"","background-repeat":"repeat","background-position":"center center","background-size":"auto","background-attachment":"scroll","background-type":"","background-media":"","overlay-type":"","overlay-color":"","overlay-opacity":"","overlay-gradient":""},"tablet":{"background-color":"","background-image":"","background-repeat":"repeat","background-position":"center center","background-size":"auto","background-attachment":"scroll","background-type":"","background-media":"","overlay-type":"","overlay-color":"","overlay-opacity":"","overlay-gradient":""},"mobile":{"background-color":"","background-image":"","background-repeat":"repeat","background-position":"center center","background-size":"auto","background-attachment":"scroll","background-type":"","background-media":"","overlay-type":"","overlay-color":"","overlay-opacity":"","overlay-gradient":""}},"ast-content-background-meta":{"desktop":{"background-color":"var(--ast-global-color-4)","background-image":"","background-repeat":"repeat","background-position":"center center","background-size":"auto","background-attachment":"scroll","background-type":"","background-media":"","overlay-type":"","overlay-color":"","overlay-opacity":"","overlay-gradient":""},"tablet":{"background-color":"var(--ast-global-color-4)","background-image":"","background-repeat":"repeat","background-position":"center center","background-size":"auto","background-attachment":"scroll","background-type":"","background-media":"","overlay-type":"","overlay-color":"","overlay-opacity":"","overlay-gradient":""},"mobile":{"background-color":"var(--ast-global-color-4)","background-image":"","background-repeat":"repeat","background-position":"center center","background-size":"auto","background-attachment":"scroll","background-type":"","background-media":"","overlay-type":"","overlay-color":"","overlay-opacity":"","overlay-gradient":""}},"footnotes":""},"categories":[167,168],"tags":[187],"class_list":["post-2752","post","type-post","status-publish","format-standard","has-post-thumbnail","hentry","category-ete","category-fleurs-massifs","tag-lavande"],"uagb_featured_image_src":{"full":false,"thumbnail":false,"medium":false,"medium_large":false,"large":false,"1536x1536":false,"2048x2048":false},"uagb_author_info":{"display_name":"admin","author_link":"https:\/\/www.interflora.fr\/blog\/author\/admin\/"},"uagb_comment_info":0,"uagb_excerpt":"La Lavande est, depuis l\u2019Antiquit\u00e9, une fleur appr\u00e9ci\u00e9e pour son parfum et ses incroyables propri\u00e9t\u00e9s m\u00e9dicinales. On l\u2019adore en huiles essentielles, en ballotins de tissu \u00e0 l\u2019odeur de Provence, ou tout simplement en bouquet de fleurs fra\u00eechement coup\u00e9es et de fleurs s\u00e9ch\u00e9es. Avec ses couleurs pleines d\u2019\u00e9nergie et de douceur, la Lavande donne du pep\u2019s\u2026","yoast_meta":{"title":"Lavande : Comment la planter et la cultiver au jardin ? | Interflora","description":"La Lavande est un incontournable des jardins ! Les petites fleurs violettes de la lavande sont id\u00e9ales pour embaumer les massifs d\u00e8s le d\u00e9but de l'\u00e9t\u00e9. \ud83d\udc9c"},"_links":{"self":[{"href":"https:\/\/www.interflora.fr\/blog\/wp-json\/wp\/v2\/posts\/2752","targetHints":{"allow":["GET"]}}],"collection":[{"href":"https:\/\/www.interflora.fr\/blog\/wp-json\/wp\/v2\/posts"}],"about":[{"href":"https:\/\/www.interflora.fr\/blog\/wp-json\/wp\/v2\/types\/post"}],"author":[{"embeddable":true,"href":"https:\/\/www.interflora.fr\/blog\/wp-json\/wp\/v2\/users\/1"}],"replies":[{"embeddable":true,"href":"https:\/\/www.interflora.fr\/blog\/wp-json\/wp\/v2\/comments?post=2752"}],"version-history":[{"count":0,"href":"https:\/\/www.interflora.fr\/blog\/wp-json\/wp\/v2\/posts\/2752\/revisions"}],"wp:featuredmedia":[{"embeddable":true,"href":"https:\/\/www.interflora.fr\/blog\/wp-json\/"}],"wp:attachment":[{"href":"https:\/\/www.interflora.fr\/blog\/wp-json\/wp\/v2\/media?parent=2752"}],"wp:term":[{"taxonomy":"category","embeddable":true,"href":"https:\/\/www.interflora.fr\/blog\/wp-json\/wp\/v2\/categories?post=2752"},{"taxonomy":"post_tag","embeddable":true,"href":"https:\/\/www.interflora.fr\/blog\/wp-json\/wp\/v2\/tags?post=2752"}],"curies":[{"name":"wp","href":"https:\/\/api.w.org\/{rel}","templated":true}]}}