{"id":2731,"date":"2023-08-11T10:19:10","date_gmt":"2023-08-11T08:19:10","guid":{"rendered":"https:\/\/blog.bebloom.com\/?p=2731"},"modified":"2023-08-11T10:19:10","modified_gmt":"2023-08-11T08:19:10","slug":"culture-lavande-aspic","status":"publish","type":"post","link":"https:\/\/www.interflora.fr\/blog\/culture-lavande-aspic\/","title":{"rendered":"Fiche vari\u00e9t\u00e9 : Les caract\u00e9ristiques de la Lavande Aspic"},"content":{"rendered":"\n<p class=\"has-drop-cap\"><strong>La Lavande Aspic, c\u2019est le parfum et les couleurs de la Provence<\/strong>, le chant des cigales, un plaisir estival in\u00e9galable et une huile essentielle bio aux propri\u00e9t\u00e9s incroyables. La Lavandula Latifolia occupe une place \u00e0 part dans la famille des lavandes et du lavandin :<strong> Elle d\u00e9gage un parfum camphr\u00e9 reconnaissable entre mille.<\/strong> Avec ses superbes fleurs color\u00e9es et d\u00e9licates, elle fait partie des<strong> plantes ornementales mais aussi m\u00e9dicinales et excellentes pour la biodiversit\u00e9<\/strong>. Envie de placer de la Lavande Aspic au jardin ou sur un balcon ?<strong> C\u2019est simple, voici quelques astuces pour y parvenir !<\/strong><\/p>\n\n\n\n<figure class=\"wp-block-image aligncenter size-full\"><img decoding=\"async\" src=\"https:\/\/blog.bebloom.com\/wp-content\/uploads\/2022\/02\/lavandula-latifolia-sans-fleurs2.jpg\" alt=\"Lavandula latifolia, sans fleurs\" class=\"wp-image-2735\"\/><figcaption class=\"wp-element-caption\"><em>La lavandula latifolia est notamment connue pour ses bienfaits sur la peau, et est beaucoup utilis\u00e9e dans les huiles essentielles bio<\/em><\/figcaption><\/figure>\n\n\n\n<hr class=\"wp-block-separator has-css-opacity\"\/>\n\n\n\n<div class=\"wp-block-columns is-layout-flex wp-container-core-columns-is-layout-28f84493 wp-block-columns-is-layout-flex\">\n<div class=\"wp-block-column is-layout-flow wp-block-column-is-layout-flow\" style=\"flex-basis:66.66%\">\n<h2 class=\"wp-block-heading\" id=\"identite-lavande-aspic\"><strong>Fiche d\u2019identit\u00e9 de la lavande aspic<\/strong><\/h2>\n\n\n\n<p><strong>Rappel <\/strong>: les mots suivis de \ud83c\udf3b sont d\u00e9finis dans la colonne de droite (sur ordinateur) ou en fin d&rsquo;article (sur mobile)<\/p>\n\n\n\n<ul class=\"has-background wp-block-list\" style=\"background-color:#bb8e5f\">\n<li><strong>Nom :<\/strong> Lavande Aspic<\/li>\n\n\n\n<li><strong>Nom latin :<\/strong>&nbsp;Lavandula latifolia<\/li>\n\n\n\n<li><strong>Famille : <\/strong>Lamiaceae<\/li>\n\n\n\n<li><strong>Terre :<\/strong>&nbsp;Drain\u00e9e, rocheux, calcaire<\/li>\n\n\n\n<li><strong>Exposition :<\/strong> Soleil<\/li>\n\n\n\n<li><strong>Multiplication : <\/strong>Bouturage des rameaux<\/li>\n\n\n\n<li><strong>Mode de v\u00e9g\u00e9tation :<\/strong> Pleine terre, pots<\/li>\n\n\n\n<li><strong style=\"color: initial;\">Hauteur <\/strong>: <span style=\"color: initial;\">&nbsp;60 cm. \u00e0 1m.<\/span><\/li>\n\n\n\n<li><strong>Etalement et distance de plantation :<\/strong>&nbsp;30-40 cm. entre les plants<\/li>\n<\/ul>\n\n\n\n<div class=\"wp-block-columns is-layout-flex wp-container-core-columns-is-layout-28f84493 wp-block-columns-is-layout-flex\">\n<div class=\"wp-block-column is-layout-flow wp-block-column-is-layout-flow\">\n<h3 class=\"wp-block-heading has-text-align-center\" id=\"semis\">Plantation<\/h3>\n\n\n\n<figure class=\"wp-block-table calendar\"><table><tbody><tr><td class=\"has-text-align-center\" data-align=\"center\">J<\/td><td class=\"has-text-align-center\" data-align=\"center\">F<\/td><td class=\"has-text-align-center\" data-align=\"center\">M<\/td><td class=\"has-text-align-center\" data-align=\"center\">A<\/td><td class=\"has-text-align-center\" data-align=\"center\">M<\/td><td class=\"has-text-align-center\" data-align=\"center\">J<\/td><\/tr><tr><td class=\"has-text-align-center\" data-align=\"center\">J<\/td><td class=\"has-text-align-center\" data-align=\"center\">A<\/td><td class=\"has-text-align-center\" data-align=\"center\"><mark style=\"background-color:rgba(0, 0, 0, 0)\" class=\"has-inline-color has-vivid-purple-color\">S<\/mark><\/td><td class=\"has-text-align-center\" data-align=\"center\"><mark style=\"background-color:rgba(0, 0, 0, 0)\" class=\"has-inline-color has-vivid-purple-color\">O<\/mark><\/td><td class=\"has-text-align-center\" data-align=\"center\"><mark style=\"background-color:rgba(0, 0, 0, 0)\" class=\"has-inline-color has-vivid-purple-color\">N<\/mark><\/td><td class=\"has-text-align-center\" data-align=\"center\"><mark style=\"background-color:rgba(0, 0, 0, 0)\" class=\"has-inline-color has-vivid-purple-color\">D<\/mark><\/td><\/tr><\/tbody><\/table><figcaption class=\"wp-element-caption\">Automne<\/figcaption><\/figure>\n<\/div>\n\n\n\n<div class=\"wp-block-column is-layout-flow wp-block-column-is-layout-flow\">\n<h3 class=\"wp-block-heading has-text-align-center\" id=\"semis\">Floraison<\/h3>\n\n\n\n<figure class=\"wp-block-table calendar\"><table><tbody><tr><td class=\"has-text-align-center\" data-align=\"center\">J<\/td><td class=\"has-text-align-center\" data-align=\"center\">F<\/td><td class=\"has-text-align-center\" data-align=\"center\">M<\/td><td class=\"has-text-align-center\" data-align=\"center\">A<\/td><td class=\"has-text-align-center\" data-align=\"center\">M<\/td><td class=\"has-text-align-center\" data-align=\"center\"><mark style=\"background-color:rgba(0, 0, 0, 0)\" class=\"has-inline-color has-vivid-purple-color\">J<\/mark><\/td><\/tr><tr><td class=\"has-text-align-center\" data-align=\"center\"><mark style=\"background-color:rgba(0, 0, 0, 0)\" class=\"has-inline-color has-vivid-purple-color\">J<\/mark><\/td><td class=\"has-text-align-center\" data-align=\"center\"><mark style=\"background-color:rgba(0, 0, 0, 0)\" class=\"has-inline-color has-vivid-purple-color\">A<\/mark><\/td><td class=\"has-text-align-center\" data-align=\"center\">S<\/td><td class=\"has-text-align-center\" data-align=\"center\">O<\/td><td class=\"has-text-align-center\" data-align=\"center\">N<\/td><td class=\"has-text-align-center\" data-align=\"center\">D<\/td><\/tr><\/tbody><\/table><\/figure>\n<\/div>\n<\/div>\n\n\n\n<h2 class=\"wp-block-heading\" id=\"culture-lavande-aspic\"><strong>Tout savoir sur la lavande aspic<\/strong><\/h2>\n\n\n\n<p><strong>La Lavande Aspic est une plante type du Sud-Est de la France o\u00f9 elle pousse de fa\u00e7on indig\u00e8ne<\/strong>. Le plus int\u00e9ressant avec cette belle plante de 80 centim\u00e8tres \u00e0 1 m\u00e8tre de hauteur, c\u2019est <strong>son r\u00f4le dans la biodiversit\u00e9 et son utilit\u00e9 pour la faune<\/strong>, en particulier les petits animaux.&nbsp;<\/p>\n\n\n\n<p>On l\u2019appelle ainsi <strong>Lavande Aspic, non seulement parce que les serpents ont tendance \u00e0 s\u2019y abriter<\/strong>, mais aussi parce que cette plante et ses fleurs \u00e9taient r\u00e9put\u00e9es pour<strong> offrir un rem\u00e8de efficace aux morsures de serpents<\/strong>. Avec ses grandes feuilles, Lavandula Latifolia est aussi un parfait abri \u00e0 insectes, elle est mellif\u00e8re (\ud83c\udf3b) et attire les pollinisateurs.&nbsp;<\/p>\n\n\n\n<p>Cette vari\u00e9t\u00e9 de Lavandula prodigue aussi ses bienfaits aux humains, puisqu<strong>\u2019elle est utilis\u00e9e comme la lavande officinale, et sert \u00e0 fabriquer notamment des huiles essentielles bio<\/strong>. L\u2019huile essentielle de Lavande Aspic bio est tr\u00e8s r\u00e9put\u00e9e pour ses <strong>propri\u00e9t\u00e9s sur la peau<\/strong>.&nbsp;<\/p>\n\n\n\n<p>Pour aller plus loin et retrouver tous nos meilleurs trucs et astuces pour la culture et l&rsquo;entretien de vos lavandes, notamment votre Lavande Aspic, d\u00e9couvrez notre Fiche Culture : <strong>Tout savoir sur la <a href=\"https:\/\/www.interflora.fr\/blog\/culture-lavande\/\" target=\"_blank\" rel=\"noreferrer noopener\">Lavande <\/a>!<\/strong><\/p>\n\n\n\n<figure class=\"wp-block-image aligncenter size-full\"><img decoding=\"async\" src=\"https:\/\/blog.bebloom.com\/wp-content\/uploads\/2022\/02\/lavandula-latifolia-sans-fleurs.jpg\" alt=\"Lavadula latifolia sans fleurs\" class=\"wp-image-2736\"\/><figcaption class=\"wp-element-caption\"><em>En tant que plante mellif\u00e8re, la lavande aspic joue un r\u00f4le important dans la biodiversit\u00e9<\/em><\/figcaption><\/figure>\n\n\n\n<h2 class=\"wp-block-heading\" id=\"mise-en-place-lavande-aspic\"><strong>Mise en place de la lavande aspic au jardin<\/strong><\/h2>\n\n\n\n<p>Il est recommand\u00e9 de mettre en place la Lavandula latifolia apr\u00e8s les derni\u00e8res gel\u00e9es. Le semis en graines doit \u00eatre recouvert d\u2019une couche de terre pas trop \u00e9paisse, tandis que la motte de la Lavande Aspic doit \u00eatre bassin\u00e9e puis plac\u00e9e dans un trou suffisamment profond. A noter qu\u2019il est possible de multiplier la Lavande Aspic par marcottage (\ud83c\udf3b), qui est une technique assez int\u00e9ressante et originale.&nbsp;<\/p>\n\n\n\n<p>Choisissez surtout un endroit rocailleux ou caillouteux et tr\u00e8s ensoleill\u00e9: le sol doit \u00eatre bien drain\u00e9 et les arrosages peuvent \u00eatre peu fr\u00e9quents, voire limit\u00e9s aux pr\u00e9cipitations. Le meilleur emplacement est un bord de chemin, ou en limite d\u2019un carr\u00e9 potager, mais on peut aussi cultiver la lavande aspic en pot.&nbsp;<\/p>\n<\/div>\n\n\n\n<div class=\"wp-block-column is-layout-flow wp-block-column-is-layout-flow\" style=\"flex-basis:33.33%\">\n<hr class=\"wp-block-separator has-css-opacity is-style-default\"\/>\n\n\n\n<figure class=\"wp-block-gallery aligncenter has-nested-images columns-1 is-cropped wp-block-gallery-1 is-layout-flex wp-block-gallery-is-layout-flex\">\n<figure class=\"wp-block-image aligncenter size-full\"><img decoding=\"async\" data-id=\"2734\" src=\"https:\/\/blog.bebloom.com\/wp-content\/uploads\/2022\/02\/lavande-aspic-mur.jpg\" alt=\"Lavande aspic fleurie devant un mur en pierre\" class=\"wp-image-2734\"\/><\/figure>\n<\/figure>\n\n\n\n<hr class=\"wp-block-separator has-css-opacity\"\/>\n\n\n\n<h2 class=\"wp-block-heading\" id=\"definitions\">D\u00e9finitions (\ud83c\udf3b)<\/h2>\n\n\n\n<div class=\"wp-block-columns vocabulaire is-layout-flex wp-container-core-columns-is-layout-28f84493 wp-block-columns-is-layout-flex\">\n<div class=\"wp-block-column vocabulaire is-layout-flow wp-block-column-is-layout-flow\">\n<h5 class=\"wp-block-heading\" id=\"qu-est-ce-que-les-cicadelles\"><strong>Qu&rsquo;est-ce que le MARCOTTAGE ? <\/strong><\/h5>\n\n\n\n<p><strong>Le marcottage fait partie des modes de multiplication des plantes. <\/strong>On peut r\u00e9aliser des semis, des boutures, ou marcotter les tiges d\u2019une plante d\u00e9j\u00e0 pouss\u00e9e, c\u2019est-\u00e0-dire <strong>enterrer la partie sup\u00e9rieure souple d\u2019une tige pour cr\u00e9er une plante secondaire<\/strong> \u00e0 c\u00f4t\u00e9 de la plante principale.&nbsp;<\/p>\n\n\n\n<h5 class=\"wp-block-heading\" id=\"qu-est-ce-que-le-drainage\"><strong>Qu&rsquo;est-ce qu<strong>&lsquo;une plante MELLIF\u00c8RE<\/strong> ?<\/strong><\/h5>\n\n\n\n<p>Une plante est dite mellif\u00e8re <strong>lorsque ses fleurs attirent les insectes pollinisateurs et les abeilles<\/strong> qui y trouvent le nectar pr\u00e9cieux pour produire leur miel. Une plante mellif\u00e8re comme les diff\u00e9rentes vari\u00e9t\u00e9s de lavandes est un atout pr\u00e9cieux pour la biodiversit\u00e9 et la petite faune.<\/p>\n<\/div>\n<\/div>\n\n\n\n<h2 class=\"wp-block-heading\" id=\"le-saviez-vous\">Le saviez-vous ?<\/h2>\n\n\n\n<p>La Lavande Aspic est la meilleure amie\u2026 des rosiers ! <strong>En effet, c\u2019est une plante qui d\u00e9barrassera les rosiers de nuisibles comme les pucerons par exemple.<\/strong> Vous pouvez ainsi joindre l\u2019utile \u00e0 l\u2019agr\u00e9able : une solution anti-pucerons 100% naturelle et un magnifique parterre de lavande et de roses.&nbsp;<\/p>\n\n\n\n<hr class=\"wp-block-separator has-css-opacity is-style-default\"\/>\n<\/div>\n<\/div>\n\n\n\n<h2 class=\"wp-block-heading\" id=\"les-petits-de-celestin\">Les petits + :<\/h2>\n\n\n\n<div class=\"wp-block-columns is-layout-flex wp-container-core-columns-is-layout-28f84493 wp-block-columns-is-layout-flex\">\n<div class=\"wp-block-column is-layout-flow wp-block-column-is-layout-flow\">\n<p class=\"has-background\" style=\"background-color:#5fbb5f\">Voici quelques astuces tr\u00e8s simples pour obtenir <strong>le meilleur de votre Lavandula latifolia !&nbsp;<\/strong><\/p>\n\n\n\n<ul class=\"wp-block-list\">\n<li>N\u2019h\u00e9sitez pas \u00e0<strong> amender un peu la terre de votre Lavandula latifolia avec un compost bien d\u00e9compos\u00e9<\/strong>. De m\u00eame, pour am\u00e9liorer le drainage, vous pouvez biner la terre avant de planter pour la rendre plus meuble et l\u00e9g\u00e8re.&nbsp;<\/li>\n<\/ul>\n\n\n\n<ul class=\"wp-block-list\">\n<li><strong>Vous d\u00e9sirez fabriquer votre propre huile essentielle bio de Lavande aspic ? C\u2019est tout \u00e0 fait possible.<\/strong> L\u2019huile essentielle de Lavande Aspic est d\u2019ailleurs tr\u00e8s appr\u00e9ci\u00e9e, depuis des si\u00e8cles, pour les propri\u00e9t\u00e9s qu\u2019on lui pr\u00eate. C\u2019est l\u2019huile essentielle la plus utilis\u00e9e contre les maux de t\u00eate, les br\u00fblures, et m\u00eame l\u2019acn\u00e9 !<\/li>\n<\/ul>\n<\/div>\n<\/div>\n\n\n\n<p><\/p>\n\n\n\n<p>Et vous, avez-vous d\u00e9j\u00e0 respir\u00e9 le parfum exceptionnel de la Lavande Aspic ? R\u00e9alisez-vous votre propre huile essentielle bio de Lavande Aspic ? N\u2019h\u00e9sitez pas \u00e0 partager vos meilleures astuces pour obtenir une belle Lavande et vos conseils les plus pratiques !<\/p>\n","protected":false},"excerpt":{"rendered":"<p>La Lavande Aspic, c\u2019est le parfum et les couleurs de la Provence, le chant des cigales, un plaisir estival in\u00e9galable et une huile essentielle bio aux propri\u00e9t\u00e9s incroyables. La Lavandula Latifolia occupe une place \u00e0 part dans la famille des lavandes et du lavandin : Elle d\u00e9gage un parfum camphr\u00e9 reconnaissable entre mille. Avec ses superbes fleurs color\u00e9es et d\u00e9licates, elle fait partie des plantes ornementales mais aussi m\u00e9dicinales et excellentes pour la biodiversit\u00e9. Envie de placer de la Lavande Aspic au jardin ou sur un balcon ? C\u2019est simple, voici quelques astuces pour y parvenir !<\/p>\n","protected":false},"author":1,"featured_media":36543,"comment_status":"open","ping_status":"open","sticky":false,"template":"","format":"standard","meta":{"_uag_custom_page_level_css":"","site-sidebar-layout":"default","site-content-layout":"","ast-site-content-layout":"default","site-content-style":"default","site-sidebar-style":"default","ast-global-header-display":"","ast-banner-title-visibility":"","ast-main-header-display":"","ast-hfb-above-header-display":"","ast-hfb-below-header-display":"","ast-hfb-mobile-header-display":"","site-post-title":"","ast-breadcrumbs-content":"","ast-featured-img":"","footer-sml-layout":"","ast-disable-related-posts":"","theme-transparent-header-meta":"","adv-header-id-meta":"","stick-header-meta":"","header-above-stick-meta":"","header-main-stick-meta":"","header-below-stick-meta":"","astra-migrate-meta-layouts":"set","ast-page-background-enabled":"default","ast-page-background-meta":{"desktop":{"background-color":"var(--ast-global-color-5)","background-image":"","background-repeat":"repeat","background-position":"center center","background-size":"auto","background-attachment":"scroll","background-type":"","background-media":"","overlay-type":"","overlay-color":"","overlay-opacity":"","overlay-gradient":""},"tablet":{"background-color":"","background-image":"","background-repeat":"repeat","background-position":"center center","background-size":"auto","background-attachment":"scroll","background-type":"","background-media":"","overlay-type":"","overlay-color":"","overlay-opacity":"","overlay-gradient":""},"mobile":{"background-color":"","background-image":"","background-repeat":"repeat","background-position":"center center","background-size":"auto","background-attachment":"scroll","background-type":"","background-media":"","overlay-type":"","overlay-color":"","overlay-opacity":"","overlay-gradient":""}},"ast-content-background-meta":{"desktop":{"background-color":"var(--ast-global-color-4)","background-image":"","background-repeat":"repeat","background-position":"center center","background-size":"auto","background-attachment":"scroll","background-type":"","background-media":"","overlay-type":"","overlay-color":"","overlay-opacity":"","overlay-gradient":""},"tablet":{"background-color":"var(--ast-global-color-4)","background-image":"","background-repeat":"repeat","background-position":"center center","background-size":"auto","background-attachment":"scroll","background-type":"","background-media":"","overlay-type":"","overlay-color":"","overlay-opacity":"","overlay-gradient":""},"mobile":{"background-color":"var(--ast-global-color-4)","background-image":"","background-repeat":"repeat","background-position":"center center","background-size":"auto","background-attachment":"scroll","background-type":"","background-media":"","overlay-type":"","overlay-color":"","overlay-opacity":"","overlay-gradient":""}},"footnotes":""},"categories":[167,168],"tags":[187],"class_list":["post-2731","post","type-post","status-publish","format-standard","has-post-thumbnail","hentry","category-ete","category-fleurs-massifs","tag-lavande"],"uagb_featured_image_src":{"full":false,"thumbnail":false,"medium":false,"medium_large":false,"large":false,"1536x1536":false,"2048x2048":false},"uagb_author_info":{"display_name":"admin","author_link":"https:\/\/www.interflora.fr\/blog\/author\/admin\/"},"uagb_comment_info":0,"uagb_excerpt":"La Lavande Aspic, c\u2019est le parfum et les couleurs de la Provence, le chant des cigales, un plaisir estival in\u00e9galable et une huile essentielle bio aux propri\u00e9t\u00e9s incroyables. La Lavandula Latifolia occupe une place \u00e0 part dans la famille des lavandes et du lavandin : Elle d\u00e9gage un parfum camphr\u00e9 reconnaissable entre mille. Avec ses\u2026","yoast_meta":{"title":"Lavande Aspic : Cultiver une fleur pleine de vertus | Interflora","description":"La Lavande Aspic, en plus d'\u00eatre une tr\u00e8s jolie fleur odorante, est connue pour ses divers bienfaits m\u00e9dicinaux. Voici nos astuces pour la cultiver au jardin."},"_links":{"self":[{"href":"https:\/\/www.interflora.fr\/blog\/wp-json\/wp\/v2\/posts\/2731","targetHints":{"allow":["GET"]}}],"collection":[{"href":"https:\/\/www.interflora.fr\/blog\/wp-json\/wp\/v2\/posts"}],"about":[{"href":"https:\/\/www.interflora.fr\/blog\/wp-json\/wp\/v2\/types\/post"}],"author":[{"embeddable":true,"href":"https:\/\/www.interflora.fr\/blog\/wp-json\/wp\/v2\/users\/1"}],"replies":[{"embeddable":true,"href":"https:\/\/www.interflora.fr\/blog\/wp-json\/wp\/v2\/comments?post=2731"}],"version-history":[{"count":0,"href":"https:\/\/www.interflora.fr\/blog\/wp-json\/wp\/v2\/posts\/2731\/revisions"}],"wp:featuredmedia":[{"embeddable":true,"href":"https:\/\/www.interflora.fr\/blog\/wp-json\/"}],"wp:attachment":[{"href":"https:\/\/www.interflora.fr\/blog\/wp-json\/wp\/v2\/media?parent=2731"}],"wp:term":[{"taxonomy":"category","embeddable":true,"href":"https:\/\/www.interflora.fr\/blog\/wp-json\/wp\/v2\/categories?post=2731"},{"taxonomy":"post_tag","embeddable":true,"href":"https:\/\/www.interflora.fr\/blog\/wp-json\/wp\/v2\/tags?post=2731"}],"curies":[{"name":"wp","href":"https:\/\/api.w.org\/{rel}","templated":true}]}}