{"id":2482,"date":"2012-07-02T12:57:58","date_gmt":"2012-07-02T10:57:58","guid":{"rendered":"http:\/\/www.interflora.fr\/blog\/?p=2482"},"modified":"2012-07-02T12:57:58","modified_gmt":"2012-07-02T10:57:58","slug":"5-masques-du-visage-au-naturel","status":"publish","type":"post","link":"https:\/\/www.interflora.fr\/blog\/5-masques-du-visage-au-naturel\/","title":{"rendered":"5 masques du visage au naturel"},"content":{"rendered":"<p><strong>On r\u00eave toutes d\u2019une belle peau, hydrat\u00e9e, purifi\u00e9e et d\u2019un teint rayonnant&#8230; Nos amies les plantes nous l\u2019offrent ! D\u00e9couvrez cinq recettes de masque en fonction de votre type de peau, \u00e0 r\u00e9aliser \u00e0 la maison, qui vous permettront de retrouver votre peau de b\u00e9b\u00e9. A vos masques du visage, pr\u00eats&#8230; partez !<\/strong><\/p>\n<h2>Masque gommage amande et miel de lavande pour peaux normales<\/h2>\n<p><strong>Pour une peau douce<\/strong><br \/>\n<img loading=\"lazy\" decoding=\"async\" src=\"\/\/www.interflora.fr\/blog\/wp-content\/uploads\/2012\/07\/masque-visage21.jpg\" alt=\"masque amande et miel de lavande\" title=\"masque-visage2\" width=\"200\" height=\"291\" class=\"alignright size-full wp-image-2493\" \/><br \/>\nIngr\u00e9dients :<\/p>\n<ul>\n<li>3 cuill\u00e8res \u00e0 soupe de poudre d\u2019amande<\/li>\n<li>3 cuill\u00e8res \u00e0 caf\u00e9 de miel de lavande<\/li>\n<li>2 cuill\u00e8res \u00e0 soupe de yaourt entier ou de cr\u00e8me fra\u00eeche \u00e9paisse<\/li>\n<li>2 gouttes d\u2019huile essentielle de rose (facultatif)<\/li>\n<li>1 bol<\/li>\n<li>1 spatule en bois<\/li>\n<li>1 pinceau pour l\u2019application (facultatif)<\/li>\n<\/ul>\n<p>Dans un bol et \u00e0 l\u2019aide d\u2019une spatule de bois, m\u00e9langer la poudre d\u2019amande, le miel de lavande et le yaourt (ou la cr\u00e8me fra\u00eeche). Remuez \u00e9nergiquement et ajoutez \u00e9ventuellement 2 gouttes d\u2019huile essentielle de rose.<br \/>\nAppliquez cette pr\u00e9paration sur votre visage (en \u00e9vitant le contour des yeux) et votre cou pendant 20 minutes. Effectuez ensuite des mouvements circulaires sur votre peau et rincez ensuite \u00e0 l\u2019eau ti\u00e8de.<\/p>\n<div class=\"clear\"><\/div>\n<h2>Masque \u00e0 la rose pour peau mixte<\/h2>\n<p><strong>Pour un teint lumineux<\/strong><br \/>\n<img loading=\"lazy\" decoding=\"async\" src=\"\/\/www.interflora.fr\/blog\/wp-content\/uploads\/2012\/07\/masque-visage3.jpg\" alt=\"Masque \u00e0 la rose\" title=\"masque-visage3\" width=\"200\" height=\"282\" class=\"alignright size-full wp-image-2496\" style=\"margin-bottom:20px\"\/><br \/>\nIngr\u00e9dients :<\/p>\n<ul>\n<li>1 rose naturelle<\/li>\n<li>1 cuill\u00e8re \u00e0 soupe d\u2019eau de rose<\/li>\n<li>1 cuill\u00e8re \u00e0 soupe de miel<\/li>\n<li>1 cuill\u00e8re \u00e0 soupe de yaourt entier ou de cr\u00e8me fra\u00eeche \u00e9paisse<\/li>\n<li>Un bol<\/li>\n<li>Une spatule en bois<\/li>\n<li>1 pinceau pour l\u2019application (facultatif)<\/li>\n<\/ul>\n<p>Astuce : Pour confectionner l&rsquo;eau de rose, rien de plus simple : faites bouillir 1\/4 de litre d&rsquo;eau puis hors du feu, laissez infuser une poign\u00e9e de p\u00e9tales de rose pendant une vingtaine de minutes. Filtrez et mettez cette eau de rose dans un petit flacon herm\u00e9tique.<\/p>\n<p>Nettoyez les p\u00e9tales de rose \u00e0 l\u2019eau ti\u00e8de. Apr\u00e8s les avoir \u00e9goutt\u00e9es, \u00e9crasez-les dans un bol \u00e0 l\u2019aide d\u2019un pilon. Ajoutez-y l\u2019eau de rose, le yaourt (ou la cr\u00e8me) et le miel puis m\u00e9langez.<br \/>\nAppliquez la pr\u00e9paration sur votre visage en couche \u00e9paisse, en \u00e9vitant le contour des yeux. Laissez poser 15 minutes puis rincez \u00e0 l\u2019eau ti\u00e8de.<\/p>\n<div class=\"clear\"><\/div>\n<h2>Masque miel et g\u00e9ranium pour peau s\u00e8che<\/h2>\n<p><strong>Pour une peau r\u00e9hydrat\u00e9e<\/strong><br \/>\n<img loading=\"lazy\" decoding=\"async\" src=\"\/\/www.interflora.fr\/blog\/wp-content\/uploads\/2012\/07\/masque-visage4.jpg\" alt=\"Masque miel d&#039;acacia et g\u00e9ranium\" title=\"masque-visage4\" width=\"300\" height=\"200\" class=\"alignright size-full wp-image-2499\" \/><br \/>\nIngr\u00e9dients :<\/p>\n<ul>\n<li>1 cuill\u00e8re \u00e0 soupe de cr\u00e8me fra\u00eeche<\/li>\n<li>1 cuill\u00e8re \u00e0 soupe de miel d\u2019acacia<\/li>\n<li>3 gouttes d\u2019huile essentielle de g\u00e9ranium rosat<\/li>\n<li>Un bol<\/li>\n<li>Une spatule en bois<\/li>\n<li>1 pinceau pour l\u2019application (facultatif)<\/li>\n<ul>\nM\u00e9langez dans le bol la cr\u00e8me fra\u00eeche, le miel et l\u2019huile essentielle de g\u00e9ranium. Sur une peau parfaitement nettoy\u00e9e, appliquez g\u00e9n\u00e9reusement cette pr\u00e9paration. Laissez poser 20 minutes puis rincez abondamment \u00e0 l\u2019eau ti\u00e8de.<\/p>\n<div class=\"clear\"><\/div>\n<h2>Masque zone T pour peau grasse<\/h2>\n<p><img loading=\"lazy\" decoding=\"async\" src=\"\/\/www.interflora.fr\/blog\/wp-content\/uploads\/2012\/07\/masque-visage5.jpg\" alt=\"Masque zone T\" title=\"masque-visage5\" width=\"200\" height=\"275\" class=\"alignright size-full wp-image-2504\" \/><strong>Pour une peau matifi\u00e9e<\/strong><\/p>\n<p>Ingr\u00e9dients :<\/p>\n<ul>\n<li>2 cuill\u00e8res \u00e0 soupe d\u2019argile verte<\/li>\n<li>Le jus d\u2019un demi-citron<\/li>\n<li>2 gouttes d\u2019huile essentielle de menthe poivr\u00e9e<\/li>\n<li>Un bol<\/li>\n<li>Une spatule en bois<\/li>\n<li>1 pinceau pour l\u2019application (facultatif)<\/li>\n<\/ul>\n<p>M\u00e9langez dans un bol les diff\u00e9rents ingr\u00e9dients. Appliquez ensuite la pr\u00e9paration sur la zone T de votre visage (front, nez et menton). Laissez poser 15 minutes environ puis rincez \u00e0 l\u2019eau ti\u00e8de.<\/p>\n<div class=\"clear\"><\/div>\n<h2>Masque parfait pour peau grasse<\/h2>\n<p><strong>Pour une peau assainie<\/strong><br \/>\n<img loading=\"lazy\" decoding=\"async\" src=\"\/\/www.interflora.fr\/blog\/wp-content\/uploads\/2012\/07\/masque-visage6.jpg\" alt=\"masque parfait\" title=\"masque-visage6\" width=\"300\" height=\"218\" class=\"alignright size-full wp-image-2509\" style=\"margin-bottom:60px\" \/><br \/>\nIngr\u00e9dients :<\/p>\n<ul>\n<li>3 ou 4 feuilles de menthe<\/li>\n<li>2 cuill\u00e8res \u00e0 soupe d\u2019argile<\/li>\n<li>2 gouttes d\u2019huile essentielle de menthe poivr\u00e9e<\/li>\n<li>2 gouttes d\u2019huile essentielle d\u2019arbre \u00e0 th\u00e9<\/li>\n<li>Un bol<\/li>\n<li>Une spatule<\/li>\n<li>1 pinceau pour l\u2019application (facultatif)<\/li>\n<\/ul>\n<p>Pr\u00e9parez votre peau en appliquant avant le soin une serviette humide et ti\u00e8de sur votre visage durant 5 minutes.<br \/>\nLaissez infuser dans de l\u2019eau chaude les feuilles de menthe, puis filtrer la pr\u00e9paration. Ajoutez-y l\u2019argile et les huiles essentielles d\u2019arbre \u00e0 th\u00e9 et de menthe poivr\u00e9e. M\u00e9langez. Appliquez ensuite ce masque sur le visage, en \u00e9vitant le contour des yeux et de la bouche. Laissez poser environ 15 minutes puis rincez \u00e0 l\u2019eau ti\u00e8de.<\/p>\n<div class=\"clear\"><\/div>\n<div class=\"encadre\">\n<div>\n<h2>Nos conseils<\/h2>\n<ul>\n<li>Pour les masques \u00e0 base de fleurs fra\u00eeches, pensez bien \u00e0 utiliser des fleurs naturelles et non trait\u00e9es.<\/li>\n<li>Pour que les actifs puissent agir de mani\u00e8re optimale, pensez \u00e0 nettoyer parfaitement votre peau avant d\u2019appliquer votre masque.<\/li>\n<li>Apr\u00e8s votre masque, une fois votre peau rinc\u00e9e, s\u00e9chez-la en tapotant d\u00e9licatement avec une serviette. Terminez en appliquant votre soin quotidien (cr\u00e8me hydratante, lotion tonique&#8230;)<\/li>\n<li>Votre pr\u00e9paration est trop liquide ? D\u00e9coupez une compresse de gaze \u00e0 la forme de votre visage, sans oublier de faire des trous pour les yeux et la bouche. Puis posez-la d\u00e9licatement sur votre masque.<\/li>\n<\/ul>\n<\/div>\n<\/div>\n","protected":false},"excerpt":{"rendered":"<p>On r\u00eave toutes d\u2019une belle peau, hydrat\u00e9e, purifi\u00e9e et d\u2019un teint rayonnant&#8230; Nos amies les plantes nous l\u2019offrent ! D\u00e9couvrez cinq recettes de masque&#8230;<\/p>\n","protected":false},"author":1,"featured_media":37396,"comment_status":"open","ping_status":"closed","sticky":false,"template":"","format":"standard","meta":{"_uag_custom_page_level_css":"","site-sidebar-layout":"default","site-content-layout":"","ast-site-content-layout":"default","site-content-style":"default","site-sidebar-style":"default","ast-global-header-display":"","ast-banner-title-visibility":"","ast-main-header-display":"","ast-hfb-above-header-display":"","ast-hfb-below-header-display":"","ast-hfb-mobile-header-display":"","site-post-title":"","ast-breadcrumbs-content":"","ast-featured-img":"","footer-sml-layout":"","ast-disable-related-posts":"","theme-transparent-header-meta":"","adv-header-id-meta":"","stick-header-meta":"","header-above-stick-meta":"","header-main-stick-meta":"","header-below-stick-meta":"","astra-migrate-meta-layouts":"set","ast-page-background-enabled":"default","ast-page-background-meta":{"desktop":{"background-color":"var(--ast-global-color-5)","background-image":"","background-repeat":"repeat","background-position":"center center","background-size":"auto","background-attachment":"scroll","background-type":"","background-media":"","overlay-type":"","overlay-color":"","overlay-opacity":"","overlay-gradient":""},"tablet":{"background-color":"","background-image":"","background-repeat":"repeat","background-position":"center center","background-size":"auto","background-attachment":"scroll","background-type":"","background-media":"","overlay-type":"","overlay-color":"","overlay-opacity":"","overlay-gradient":""},"mobile":{"background-color":"","background-image":"","background-repeat":"repeat","background-position":"center center","background-size":"auto","background-attachment":"scroll","background-type":"","background-media":"","overlay-type":"","overlay-color":"","overlay-opacity":"","overlay-gradient":""}},"ast-content-background-meta":{"desktop":{"background-color":"var(--ast-global-color-4)","background-image":"","background-repeat":"repeat","background-position":"center center","background-size":"auto","background-attachment":"scroll","background-type":"","background-media":"","overlay-type":"","overlay-color":"","overlay-opacity":"","overlay-gradient":""},"tablet":{"background-color":"var(--ast-global-color-4)","background-image":"","background-repeat":"repeat","background-position":"center center","background-size":"auto","background-attachment":"scroll","background-type":"","background-media":"","overlay-type":"","overlay-color":"","overlay-opacity":"","overlay-gradient":""},"mobile":{"background-color":"var(--ast-global-color-4)","background-image":"","background-repeat":"repeat","background-position":"center center","background-size":"auto","background-attachment":"scroll","background-type":"","background-media":"","overlay-type":"","overlay-color":"","overlay-opacity":"","overlay-gradient":""}},"footnotes":""},"categories":[199],"tags":[198],"class_list":["post-2482","post","type-post","status-publish","format-standard","has-post-thumbnail","hentry","category-fleurs-et-cosmetiques","tag-cosmetique"],"uagb_featured_image_src":{"full":false,"thumbnail":false,"medium":false,"medium_large":false,"large":false,"1536x1536":false,"2048x2048":false},"uagb_author_info":{"display_name":"admin","author_link":"https:\/\/www.interflora.fr\/blog\/author\/admin\/"},"uagb_comment_info":1,"uagb_excerpt":"On r\u00eave toutes d\u2019une belle peau, hydrat\u00e9e, purifi\u00e9e et d\u2019un teint rayonnant... Nos amies les plantes nous l\u2019offrent ! D\u00e9couvrez cinq recettes de masque...","yoast_meta":{"title":"","description":"On r\u00eave toutes d\u2019une belle peau, hydrat\u00e9e, purifi\u00e9e et d\u2019un teint rayonnant. Les plantes nous l\u2019offrent ! D\u00e9couvrez cinq recettes de masques du visage."},"_links":{"self":[{"href":"https:\/\/www.interflora.fr\/blog\/wp-json\/wp\/v2\/posts\/2482","targetHints":{"allow":["GET"]}}],"collection":[{"href":"https:\/\/www.interflora.fr\/blog\/wp-json\/wp\/v2\/posts"}],"about":[{"href":"https:\/\/www.interflora.fr\/blog\/wp-json\/wp\/v2\/types\/post"}],"author":[{"embeddable":true,"href":"https:\/\/www.interflora.fr\/blog\/wp-json\/wp\/v2\/users\/1"}],"replies":[{"embeddable":true,"href":"https:\/\/www.interflora.fr\/blog\/wp-json\/wp\/v2\/comments?post=2482"}],"version-history":[{"count":0,"href":"https:\/\/www.interflora.fr\/blog\/wp-json\/wp\/v2\/posts\/2482\/revisions"}],"wp:featuredmedia":[{"embeddable":true,"href":"https:\/\/www.interflora.fr\/blog\/wp-json\/"}],"wp:attachment":[{"href":"https:\/\/www.interflora.fr\/blog\/wp-json\/wp\/v2\/media?parent=2482"}],"wp:term":[{"taxonomy":"category","embeddable":true,"href":"https:\/\/www.interflora.fr\/blog\/wp-json\/wp\/v2\/categories?post=2482"},{"taxonomy":"post_tag","embeddable":true,"href":"https:\/\/www.interflora.fr\/blog\/wp-json\/wp\/v2\/tags?post=2482"}],"curies":[{"name":"wp","href":"https:\/\/api.w.org\/{rel}","templated":true}]}}