{"id":20543,"date":"2022-07-01T14:50:23","date_gmt":"2022-07-01T12:50:23","guid":{"rendered":"https:\/\/www.interflora.fr\/blog\/?p=20543"},"modified":"2026-04-03T14:58:25","modified_gmt":"2026-04-03T12:58:25","slug":"fleurs-en-pot","status":"publish","type":"post","link":"https:\/\/www.interflora.fr\/blog\/fleurs-en-pot\/","title":{"rendered":"Les fleurs en pot : vari\u00e9t\u00e9s et caract\u00e9ristiques"},"content":{"rendered":"\n<p class=\"has-drop-cap\"><strong>Souhaitez-vous profiter un peu plus du charme et du parfum des fleurs&nbsp;? Les fleurs en pot sont id\u00e9ales, car elles sont particuli\u00e8rement d\u00e9coratives que ce soit \u00e0 l\u2019int\u00e9rieur de votre maison ou \u00e0 l\u2019ext\u00e9rieur. Dans votre chambre ou sur votre balcon, elles participent \u00e0 rendre l\u2019ambiance plus sereine. Et \u00e0 l\u2019arriv\u00e9e du printemps, c\u2019est toute la nature qui revit \u00e0 travers elles, vous permettant de profiter pleinement de ce qu&rsquo;elle a \u00e0 offrir. Nous vous proposons de trouver les fleurs en pot qui vous conviennent le mieux en fonction des endroits o\u00f9 vous souhaitez les placer. Pour l&rsquo;int\u00e9rieur ou l&rsquo;ext\u00e9rieur, en plein soleil ou \u00e0 la mi-ombre, dans votre jardin, votre cuisine ou votre s\u00e9jour, vous trouverez forc\u00e9ment les plantes qui s&rsquo;adapteront parfaitement \u00e0 votre style de vie&nbsp;!<\/strong><\/p>\n\n\n\n<h2 class=\"wp-block-heading\">Les fleurs en pot d\u2019int\u00e9rieur<\/h2>\n\n\n\n<p>Les <strong>vari\u00e9t\u00e9s de fleurs en pot pour l\u2019int\u00e9rieur <\/strong>sont particuli\u00e8rement adapt\u00e9es \u00e0 des temp\u00e9ratures assez douces tout au long de l\u2019ann\u00e9e. En effet, il existe de nombreux v\u00e9g\u00e9taux qui ont besoin d\u2019\u00eatre expos\u00e9s au froid de l\u2019hiver pour compl\u00e9ter leur cycle. Sous nos latitudes, les <strong>fleurs en pot <\/strong>sont principalement issues de <a href=\"https:\/\/www.interflora.fr\/c\/plantes\/plante-exotique\" target=\"_blank\" rel=\"noreferrer noopener\">plantes d\u2019origines tropicales<\/a> qui se sont adapt\u00e9es \u00e0 nos conditions de vie en int\u00e9rieur.&nbsp;<\/p>\n\n\n\n<h3 class=\"wp-block-heading\">Les fleurs en pot de plein soleil<\/h3>\n\n\n\n<p><strong>La violette du Cap<\/strong> : elle porte aussi le nom de saintpaulia. C\u2019est l\u2019une des <strong>fleurs en pot <\/strong>\u00e0 privil\u00e9gier si vous souhaitez fleurir un rebord de fen\u00eatre, car elle r\u00e9siste parfaitement aux rayons directs du soleil. Elle fait partie des vivaces tr\u00e8s florif\u00e8res qui agr\u00e9mentent \u00e0 merveille un <strong>pot de fleurs<\/strong>, un <strong>bac de culture <\/strong>ou une <strong>jardini\u00e8re<\/strong>.<\/p>\n\n\n\n<p><strong>La <\/strong><a href=\"https:\/\/www.interflora.fr\/blog\/culture-lavande\/\" target=\"_blank\" rel=\"noreferrer noopener\"><strong>lavande<\/strong> <\/a>: elle est le symbole du soleil et elle diffuse un magnifique parfum. Dans un <strong>pot<\/strong>, un <strong>bac de culture<\/strong> ou une <strong>jardini\u00e8re<\/strong>, elle se plaira sous les rayons du soleil. Elle fait partie des <strong>fleurs en pot <\/strong>qui appr\u00e9cient les s\u00e9jours sur un <strong>bord de fen\u00eatre ext\u00e9rieur<\/strong> ou un <strong>balcon<\/strong> pendant l\u2019\u00e9t\u00e9.&nbsp;<\/p>\n\n\n\n<figure class=\"wp-block-image aligncenter size-large is-resized\"><img decoding=\"async\" src=\"https:\/\/www.interflora.fr\/blog\/wp-content\/uploads\/2022\/07\/lavande-600x400.jpg\" alt=\"Lavande en pot sur un meuble en d\u00e9coration\" class=\"wp-image-20547\" style=\"width:300px;height:200px\"\/><\/figure>\n\n\n\n<p><\/p>\n\n\n\n<p><strong>Le sarracenia <\/strong>: cette plante carnivore forme des tubes dans lesquels elle capture les insectes dont elle se nourrit. Elle fait davantage partie des plantes vertes que des <strong>fleurs en pot<\/strong>, mais ces tubes color\u00e9s ressemblent \u00e0 s\u2019y m\u00e9prendre \u00e0 des fleurs venues d\u2019ailleurs&nbsp;!<\/p>\n\n\n\n<h3 class=\"wp-block-heading\">Les fleurs en pot de mi-ombre<\/h3>\n\n\n\n<p><strong>Le <a href=\"https:\/\/www.interflora.fr\/blog\/stephanotis\/\" target=\"_blank\" rel=\"noreferrer noopener\">jasmin de Madagascar<\/a><\/strong>&nbsp;: c\u2019est une plante grimpante dont le nom latin est <em>stephanotis<\/em>. Il fait partie des <strong>fleurs en pot <\/strong>qui d\u00e9gage un parfum suave et enivrant. Il est particuli\u00e8rement d\u00e9coratif sur un treillage.&nbsp;<\/p>\n\n\n\n<p><strong>Le clivia&nbsp;<\/strong>: cette plante tropicale d\u00e9voile de grandes et sublimes fleurs orange qui durent plusieurs semaines. Elle fait partie des <strong>fleurs en pot au feuillage luisant<\/strong> qui restent particuli\u00e8rement d\u00e9coratives m\u00eame en dehors de la p\u00e9riode de floraison.&nbsp;&nbsp;<\/p>\n\n\n\n<div class=\"wp-block-media-text alignwide has-media-on-the-right is-stacked-on-mobile\" style=\"grid-template-columns:auto 15%\"><div class=\"wp-block-media-text__content\">\n<p><strong>L\u2019<\/strong><a href=\"https:\/\/www.interflora.fr\/blog\/lanthurium\/\" target=\"_blank\" rel=\"noreferrer noopener\"><strong>anthurium<\/strong> <\/a>: ces <strong>fleurs en forme de gros c\u0153urs<\/strong> rouges poss\u00e8dent un long spadice jaune. Exotique et pleine de charme, celle que l\u2019on appelle la \u00ab&nbsp;langue de feu&nbsp;\u00bb est tr\u00e8s populaire parmi les <strong>fleurs en pot d\u2019int\u00e9rieur<\/strong>. Elle a l\u2019avantage de fleurir \u00e0 longueur d\u2019ann\u00e9e et elle fait partie des vivaces faciles \u00e0 entretenir.&nbsp;<\/p>\n<\/div><figure class=\"wp-block-media-text__media\"><img decoding=\"async\" src=\"https:\/\/www.interflora.fr\/blog\/wp-content\/uploads\/2016\/01\/anthurium2-400x600.jpg\" alt=\"\" class=\"wp-image-20133 size-full\"\/><\/figure><\/div>\n\n\n\n<p><\/p>\n\n\n\n<h2 class=\"wp-block-heading\">Les fleurs en pot d\u2019ext\u00e9rieur<\/h2>\n\n\n\n<p>Pour fleurir un <strong>balcon<\/strong> ou un <strong>massif<\/strong>, les<strong> fleurs en pot<\/strong> donnent du relief et permettent de structurer joliment l\u2019espace. Il existe un grand nombre de plantes fleuries adapt\u00e9es aux climats de nos r\u00e9gions. Nous vous en pr\u00e9sentons quelques-unes en fonction de leurs besoins d\u2019ensoleillement.&nbsp;<\/p>\n\n\n\n<h3 class=\"wp-block-heading\">Les fleurs en pot de plein soleil<\/h3>\n\n\n\n<div class=\"wp-block-media-text alignwide has-media-on-the-right is-stacked-on-mobile is-image-fill-element\"><div class=\"wp-block-media-text__content\">\n<p><strong>Le p\u00e9tunia<\/strong>&nbsp;: en <strong>pots<\/strong> ou en <strong>jardini\u00e8res<\/strong>, il colore pendant de longs mois <strong>terrasses<\/strong> et <strong>jardins<\/strong>. Il r\u00e9siste tr\u00e8s bien \u00e0 la chaleur et \u00e0 la s\u00e9cheresse et il fleurit jusqu\u2019aux premi\u00e8res gel\u00e9es&nbsp;!<\/p>\n\n\n\n<p><strong>L&rsquo;<a href=\"https:\/\/www.interflora.fr\/c\/bouquet-hortensia\" type=\"link\" id=\"https:\/\/www.interflora.fr\/c\/bouquet-hortensia\" target=\"_blank\" rel=\"noreferrer noopener\">hortensia<\/a><\/strong>\u00a0: il existe dans presque toutes les couleurs et ses <strong>gros pompons fleuris<\/strong> reviennent en force\u00a0! Sa floraison g\u00e9n\u00e9reuse dure plusieurs mois et apporte beaucoup de ga\u00eet\u00e9 dans un <strong>jardin<\/strong> ou sur un <strong>balcon<\/strong>.<\/p>\n\n\n\n<p><strong>Le <\/strong><a href=\"https:\/\/www.interflora.fr\/blog\/chrysantheme\/\" target=\"_blank\" rel=\"noreferrer noopener\"><strong>chrysanth\u00e8me<\/strong>&nbsp;<\/a>: bien que cette fleur ait besoin de beaucoup de soleil, elle fleurit du printemps jusqu&rsquo;\u00e0 l\u2019automne. C\u2019est d\u2019ailleurs ce qui lui vaut son succ\u00e8s \u00e0 la Toussaint. En <strong>pots<\/strong> ou en <strong>bacs de culture<\/strong>, les chrysanth\u00e8mes r\u00e9chauffent \u00e0 merveille l\u2019ambiance avec leurs allures de grandes marguerites color\u00e9es.&nbsp;<\/p>\n<\/div><figure class=\"wp-block-media-text__media\"><img decoding=\"async\" src=\"https:\/\/www.interflora.fr\/blog\/wp-content\/uploads\/2022\/07\/Hortensia-fleur-edited.jpg\" alt=\"\" class=\"wp-image-20548 size-full\" style=\"object-position:50% 50%\"\/><\/figure><\/div>\n\n\n\n<p><\/p>\n\n\n\n<h3 class=\"wp-block-heading\">Les fleurs en pot de mi-ombre<\/h3>\n\n\n\n<div class=\"wp-block-media-text alignwide has-media-on-the-right is-stacked-on-mobile\" style=\"grid-template-columns:auto 20%\"><div class=\"wp-block-media-text__content\">\n<p><strong>L\u2019azal\u00e9e<\/strong> : cet<strong> arbuste \u00e0 fleurs<\/strong> se pla\u00eet tout aussi bien \u00e0 l\u2019<strong>ext\u00e9rieur <\/strong>qu\u2019\u00e0 l\u2019<strong>int\u00e9rieur<\/strong>. Il se pla\u00eet autant en<strong> pleine terre<\/strong> que dans des <strong>pots<\/strong> ou des <strong>bacs de culture<\/strong> du moment qu\u2019il n\u2019a pas \u00e0 supporter un ensoleillement pas trop intense.&nbsp;&nbsp;<\/p>\n<\/div><figure class=\"wp-block-media-text__media\"><img decoding=\"async\" src=\"https:\/\/www.interflora.fr\/blog\/wp-content\/uploads\/2022\/07\/azalee-600x400.jpg\" alt=\"Azal\u00e9e\" class=\"wp-image-20546 size-full\"\/><\/figure><\/div>\n\n\n\n<p><\/p>\n\n\n\n<p><strong>Le <\/strong><a href=\"https:\/\/www.interflora.fr\/blog\/le-cyclamen\/\" target=\"_blank\" rel=\"noreferrer noopener\"><strong>cyclamen<\/strong> <\/a>: il pousse facilement dans des <strong>pots de fleurs<\/strong> ou dans des <strong>massifs<\/strong>. Ses fleurs d\u00e9licates le plus souvent roses, violettes ou blanches poussent au sommet de longues tiges \u00e9l\u00e9gantes.&nbsp;<\/p>\n\n\n\n<p><strong>Le fuchsia<\/strong>&nbsp;: les vari\u00e9t\u00e9s retombantes sont id\u00e9ales pour d\u00e9corer un <strong>balcon<\/strong> en utilisant des <strong>jardini\u00e8res<\/strong> ou des <strong>pots en suspension<\/strong>. Ses <strong>fleurs en forme de clochettes<\/strong> poss\u00e8dent parfois plusieurs couleurs allant du blanc, au jaune et du rose au rouge.&nbsp;<\/p>\n\n\n\n<h2 class=\"wp-block-heading\">Les vari\u00e9t\u00e9s de fleurs en pot les plus faciles \u00e0 entretenir<\/h2>\n\n\n\n<p>Il existe bel et bien des <strong>vari\u00e9t\u00e9s de fleurs en pot <\/strong>qui r\u00e9sistent parfaitement aux oublis r\u00e9p\u00e9t\u00e9s d\u2019arrosage. Ce sont les alli\u00e9es des jardiniers en devenir qui n\u2019ont pas encore tout \u00e0 fait le pouce vert&nbsp;! Elles font partie de la famille des <strong>cactus<\/strong> et des <strong>succulentes<\/strong> et supportent le plein soleil, la chaleur et la s\u00e9cheresse de l\u2019air.&nbsp;<\/p>\n\n\n\n<p><strong>Le schlumbergera<\/strong> : ce cactus tropical est aussi connu sous le nom de <strong>cactus de No\u00ebl<\/strong>. Il est du plus bel effet en <strong>pot en suspension<\/strong>. Lors de sa floraison, de <strong>petites fleurs<\/strong> apparaissent \u00e0 l\u2019extr\u00e9mit\u00e9 de chacune de ses tiges.&nbsp;<\/p>\n\n\n\n<p><strong>Le kalanchoe<\/strong>&nbsp;: il se pla\u00eet aussi bien dans des <strong>pots de fleurs <\/strong>que dans des <strong>jardini\u00e8res <\/strong>dispos\u00e9es en plein soleil. Cette plante qui est originaire de Madagascar existe en une multitude de formes, de tailles et de couleurs. Un vrai cam\u00e9l\u00e9on&nbsp;!<\/p>\n","protected":false},"excerpt":{"rendered":"<p>Souhaitez-vous profiter un peu plus du charme et du parfum des fleurs\u00a0? Les fleurs en pot sont id\u00e9ales, car elles sont particuli\u00e8rement d\u00e9coratives que ce soit \u00e0 l\u2019int\u00e9rieur de votre maison ou \u00e0 l\u2019ext\u00e9rieur. Dans votre chambre ou sur votre balcon, elles participent \u00e0 rendre l\u2019ambiance plus sereine.<\/p>\n","protected":false},"author":1,"featured_media":32551,"comment_status":"open","ping_status":"closed","sticky":false,"template":"","format":"standard","meta":{"_uag_custom_page_level_css":"","site-sidebar-layout":"default","site-content-layout":"","ast-site-content-layout":"default","site-content-style":"default","site-sidebar-style":"default","ast-global-header-display":"","ast-banner-title-visibility":"","ast-main-header-display":"","ast-hfb-above-header-display":"","ast-hfb-below-header-display":"","ast-hfb-mobile-header-display":"","site-post-title":"","ast-breadcrumbs-content":"","ast-featured-img":"","footer-sml-layout":"","ast-disable-related-posts":"","theme-transparent-header-meta":"","adv-header-id-meta":"","stick-header-meta":"","header-above-stick-meta":"","header-main-stick-meta":"","header-below-stick-meta":"","astra-migrate-meta-layouts":"default","ast-page-background-enabled":"default","ast-page-background-meta":{"desktop":{"background-color":"var(--ast-global-color-5)","background-image":"","background-repeat":"repeat","background-position":"center center","background-size":"auto","background-attachment":"scroll","background-type":"","background-media":"","overlay-type":"","overlay-color":"","overlay-opacity":"","overlay-gradient":""},"tablet":{"background-color":"","background-image":"","background-repeat":"repeat","background-position":"center center","background-size":"auto","background-attachment":"scroll","background-type":"","background-media":"","overlay-type":"","overlay-color":"","overlay-opacity":"","overlay-gradient":""},"mobile":{"background-color":"","background-image":"","background-repeat":"repeat","background-position":"center center","background-size":"auto","background-attachment":"scroll","background-type":"","background-media":"","overlay-type":"","overlay-color":"","overlay-opacity":"","overlay-gradient":""}},"ast-content-background-meta":{"desktop":{"background-color":"var(--ast-global-color-4)","background-image":"","background-repeat":"repeat","background-position":"center center","background-size":"auto","background-attachment":"scroll","background-type":"","background-media":"","overlay-type":"","overlay-color":"","overlay-opacity":"","overlay-gradient":""},"tablet":{"background-color":"var(--ast-global-color-4)","background-image":"","background-repeat":"repeat","background-position":"center center","background-size":"auto","background-attachment":"scroll","background-type":"","background-media":"","overlay-type":"","overlay-color":"","overlay-opacity":"","overlay-gradient":""},"mobile":{"background-color":"var(--ast-global-color-4)","background-image":"","background-repeat":"repeat","background-position":"center center","background-size":"auto","background-attachment":"scroll","background-type":"","background-media":"","overlay-type":"","overlay-color":"","overlay-opacity":"","overlay-gradient":""}},"footnotes":""},"categories":[183],"tags":[184],"class_list":["post-20543","post","type-post","status-publish","format-standard","has-post-thumbnail","hentry","category-fleurs","tag-fleurs"],"uagb_featured_image_src":{"full":false,"thumbnail":false,"medium":false,"medium_large":false,"large":false,"1536x1536":false,"2048x2048":false},"uagb_author_info":{"display_name":"admin","author_link":"https:\/\/www.interflora.fr\/blog\/author\/admin\/"},"uagb_comment_info":0,"uagb_excerpt":"Souhaitez-vous profiter un peu plus du charme et du parfum des fleurs\u00a0? Les fleurs en pot sont id\u00e9ales, car elles sont particuli\u00e8rement d\u00e9coratives que ce soit \u00e0 l\u2019int\u00e9rieur de votre maison ou \u00e0 l\u2019ext\u00e9rieur. Dans votre chambre ou sur votre balcon, elles participent \u00e0 rendre l\u2019ambiance plus sereine.","yoast_meta":{"title":"Les fleurs en pot : Vari\u00e9t\u00e9s et caract\u00e9ristiques - Interflora","description":"Fleurs en pot d'int\u00e9rieur, d'ext\u00e9rieur, d'ombre ou de soleil : on adore les plantes fleuries. D\u00e9couvrez notre s\u00e9lection pour fleurir votre jardin ou votre maison !"},"_links":{"self":[{"href":"https:\/\/www.interflora.fr\/blog\/wp-json\/wp\/v2\/posts\/20543","targetHints":{"allow":["GET"]}}],"collection":[{"href":"https:\/\/www.interflora.fr\/blog\/wp-json\/wp\/v2\/posts"}],"about":[{"href":"https:\/\/www.interflora.fr\/blog\/wp-json\/wp\/v2\/types\/post"}],"author":[{"embeddable":true,"href":"https:\/\/www.interflora.fr\/blog\/wp-json\/wp\/v2\/users\/1"}],"replies":[{"embeddable":true,"href":"https:\/\/www.interflora.fr\/blog\/wp-json\/wp\/v2\/comments?post=20543"}],"version-history":[{"count":2,"href":"https:\/\/www.interflora.fr\/blog\/wp-json\/wp\/v2\/posts\/20543\/revisions"}],"predecessor-version":[{"id":58604,"href":"https:\/\/www.interflora.fr\/blog\/wp-json\/wp\/v2\/posts\/20543\/revisions\/58604"}],"wp:featuredmedia":[{"embeddable":true,"href":"https:\/\/www.interflora.fr\/blog\/wp-json\/"}],"wp:attachment":[{"href":"https:\/\/www.interflora.fr\/blog\/wp-json\/wp\/v2\/media?parent=20543"}],"wp:term":[{"taxonomy":"category","embeddable":true,"href":"https:\/\/www.interflora.fr\/blog\/wp-json\/wp\/v2\/categories?post=20543"},{"taxonomy":"post_tag","embeddable":true,"href":"https:\/\/www.interflora.fr\/blog\/wp-json\/wp\/v2\/tags?post=20543"}],"curies":[{"name":"wp","href":"https:\/\/api.w.org\/{rel}","templated":true}]}}